{"id":1971,"date":"2024-12-20T15:45:41","date_gmt":"2024-12-20T17:45:41","guid":{"rendered":"https:\/\/portaleducacao.guarulhos.sp.gov.br\/wp_site\/museudodesenho\/?p=1971"},"modified":"2024-12-20T15:45:42","modified_gmt":"2024-12-20T17:45:42","slug":"kelvin","status":"publish","type":"post","link":"https:\/\/portaleducacao.guarulhos.sp.gov.br\/wp_site\/museudodesenho\/2024\/12\/20\/kelvin\/","title":{"rendered":"Kelvin"},"content":{"rendered":"\n<p>As coletas foram realizadas na E.P.G Manoel Rezende. Desde a coleta inicial, expliquei que eu estava realizando um curso, o quanto as produ\u00e7\u00f5es deles s\u00e3o valiosas e a necessidade de levar as produ\u00e7\u00f5es para os meus professores. Quando precisei definir o tema, a princ\u00edpio pensei em personagens, mas descartei a ideia pois, embora seja uma pr\u00e1tica que eles gostem, \u00e9 algo que eles fazem com frequ\u00eancia e espontaneamente. Fiz uma retomada do nosso percurso escolar, sobre o projeto anual da escola, sobre as tem\u00e1ticas do Agosto Ind\u00edgena, do Novembro Negro, respeito, empatia, nosso papel da sociedade. Ent\u00e3o propus que desenhassem algo que representassem este percurso. Foi ofertado e colocado \u00e0 disposi\u00e7\u00e3o folhas A3 e A4, giz de cera, l\u00e1pis de cor, canetinha, r\u00e9gua, l\u00e1pis de escrever, cola colorida. Os educandos n\u00e3o relataram dificuldade, como \u00e9 uma tem\u00e1tica que dominam, visto que o tema \u00e9 um apanhado do que foi discutido ao longo do ano letivo, percebi que foi uma atividade prazerosa. Mesmo antes da implementa\u00e7\u00e3o da rotina alfabetizadora pelo munic\u00edpio, que dentre outras coisas indica que o educando deve desenhar diariamente, a turma j\u00e1 tinha na rotina a pr\u00e1tica di\u00e1ria de desenho, seja para ilustrar a hist\u00f3ria deleite, sintetizar algo que estudamos, desenho livre ou para presentear um colega ou um familiar.<br>O desenho do educando Kelvin foi feito em folha A3, l\u00e1pis de escrever e l\u00e1pis de cor. Seu desenho representa a amizade e rela\u00e7\u00e3o de res Sequ\u00eancia did\u00e1tica Objetivo: Promover o reconhecimento e a valoriza\u00e7\u00e3o da cultura ind\u00edgena, destacando suas contribui\u00e7\u00f5es<br>para a arte e a sociedade; incentivar os alunos a apreciar e respeitar a diversidade cultural, compreendendo a import\u00e2ncia da inclus\u00e3o de diferentes perspectivas na educa\u00e7\u00e3o; estimular a sensibilidade e o entendimento art\u00edstico dos alunos, ao explorar<br>diferentes t\u00e9cnicas, estilos e tem\u00e1ticas presentes nas obras do artista ind\u00edgena; incentivar os alunos a refletirem sobre as mensagens e os contextos culturais das obras, promovendo o pensamento cr\u00edtico e a discuss\u00e3o em sala de aula.<br>Professora Aline de Souza Andrade<\/p>\n\n\n\n<p><br><\/p>\n","protected":false},"excerpt":{"rendered":"<p>As coletas foram realizadas na E.P.G Manoel Rezende. Desde a coleta inicial, expliquei que eu estava realizando um curso, o quanto as produ\u00e7\u00f5es deles s\u00e3o valiosas e a necessidade de &hellip;<\/p>\n<p class=\"read-more\"> <a class=\"\" href=\"https:\/\/portaleducacao.guarulhos.sp.gov.br\/wp_site\/museudodesenho\/2024\/12\/20\/kelvin\/\"> <span class=\"screen-reader-text\">Kelvin<\/span> Leia mais &raquo;<\/a><\/p>\n","protected":false},"author":30,"featured_media":1972,"comment_status":"open","ping_status":"open","sticky":false,"template":"","format":"standard","meta":{"_monsterinsights_skip_tracking":false,"_monsterinsights_sitenote_active":false,"_monsterinsights_sitenote_note":"","_monsterinsights_sitenote_category":0,"site-sidebar-layout":"default","site-content-layout":"default","ast-global-header-display":"","ast-main-header-display":"","ast-hfb-above-header-display":"","ast-hfb-below-header-display":"","ast-hfb-mobile-header-display":"","site-post-title":"","ast-breadcrumbs-content":"","ast-featured-img":"","footer-sml-layout":"","theme-transparent-header-meta":"","adv-header-id-meta":"","stick-header-meta":"","header-above-stick-meta":"","header-main-stick-meta":"","header-below-stick-meta":"","_expiration-date-status":"","_expiration-date":0,"_expiration-date-type":"","_expiration-date-categories":[],"_expiration-date-options":[]},"categories":[40],"tags":[],"yoast_head":"<!-- This site is optimized with the Yoast SEO plugin v19.7.1 - https:\/\/yoast.com\/wordpress\/plugins\/seo\/ -->\r\n<title>Kelvin - Museu do Desenho<\/title>\r\n<meta name=\"robots\" content=\"index, follow, max-snippet:-1, max-image-preview:large, max-video-preview:-1\" \/>\r\n<link rel=\"canonical\" href=\"https:\/\/portaleducacao.guarulhos.sp.gov.br\/wp_site\/museudodesenho\/2024\/12\/20\/kelvin\/\" \/>\r\n<meta property=\"og:locale\" content=\"pt_BR\" \/>\r\n<meta property=\"og:type\" content=\"article\" \/>\r\n<meta property=\"og:title\" content=\"Kelvin - Museu do Desenho\" \/>\r\n<meta property=\"og:description\" content=\"As coletas foram realizadas na E.P.G Manoel Rezende. Desde a coleta inicial, expliquei que eu estava realizando um curso, o quanto as produ\u00e7\u00f5es deles s\u00e3o valiosas e a necessidade de &hellip; Kelvin Leia mais &raquo;\" \/>\r\n<meta property=\"og:url\" content=\"https:\/\/portaleducacao.guarulhos.sp.gov.br\/wp_site\/museudodesenho\/2024\/12\/20\/kelvin\/\" \/>\r\n<meta property=\"og:site_name\" content=\"Museu do Desenho\" \/>\r\n<meta property=\"article:published_time\" content=\"2024-12-20T17:45:41+00:00\" \/>\r\n<meta property=\"article:modified_time\" content=\"2024-12-20T17:45:42+00:00\" \/>\r\n<meta property=\"og:image\" content=\"http:\/\/portaleducacao.guarulhos.sp.gov.br\/wp_site\/museudodesenho\/wp-content\/uploads\/sites\/27\/2024\/12\/Kelvin-scaled.jpeg\" \/>\r\n\t<meta property=\"og:image:width\" content=\"2560\" \/>\r\n\t<meta property=\"og:image:height\" content=\"1860\" \/>\r\n\t<meta property=\"og:image:type\" content=\"image\/jpeg\" \/>\r\n<meta name=\"author\" content=\"angelacms\" \/>\r\n<meta name=\"twitter:card\" content=\"summary_large_image\" \/>\r\n<meta name=\"twitter:label1\" content=\"Escrito por\" \/>\n\t<meta name=\"twitter:data1\" content=\"angelacms\" \/>\n\t<meta name=\"twitter:label2\" content=\"Est. tempo de leitura\" \/>\n\t<meta name=\"twitter:data2\" content=\"2 minutos\" \/>\r\n<script type=\"application\/ld+json\" class=\"yoast-schema-graph\">{\"@context\":\"https:\/\/schema.org\",\"@graph\":[{\"@type\":\"WebPage\",\"@id\":\"https:\/\/portaleducacao.guarulhos.sp.gov.br\/wp_site\/museudodesenho\/2024\/12\/20\/kelvin\/\",\"url\":\"https:\/\/portaleducacao.guarulhos.sp.gov.br\/wp_site\/museudodesenho\/2024\/12\/20\/kelvin\/\",\"name\":\"Kelvin - Museu do Desenho\",\"isPartOf\":{\"@id\":\"https:\/\/portaleducacao.guarulhos.sp.gov.br\/wp_site\/museudodesenho\/#website\"},\"datePublished\":\"2024-12-20T17:45:41+00:00\",\"dateModified\":\"2024-12-20T17:45:42+00:00\",\"author\":{\"@id\":\"https:\/\/portaleducacao.guarulhos.sp.gov.br\/wp_site\/museudodesenho\/#\/schema\/person\/ccaedce0fbbe86d67d78608a5ad4863b\"},\"breadcrumb\":{\"@id\":\"https:\/\/portaleducacao.guarulhos.sp.gov.br\/wp_site\/museudodesenho\/2024\/12\/20\/kelvin\/#breadcrumb\"},\"inLanguage\":\"pt-BR\",\"potentialAction\":[{\"@type\":\"ReadAction\",\"target\":[\"https:\/\/portaleducacao.guarulhos.sp.gov.br\/wp_site\/museudodesenho\/2024\/12\/20\/kelvin\/\"]}]},{\"@type\":\"BreadcrumbList\",\"@id\":\"https:\/\/portaleducacao.guarulhos.sp.gov.br\/wp_site\/museudodesenho\/2024\/12\/20\/kelvin\/#breadcrumb\",\"itemListElement\":[{\"@type\":\"ListItem\",\"position\":1,\"name\":\"In\u00edcio\",\"item\":\"https:\/\/portaleducacao.guarulhos.sp.gov.br\/wp_site\/museudodesenho\/\"},{\"@type\":\"ListItem\",\"position\":2,\"name\":\"Kelvin\"}]},{\"@type\":\"WebSite\",\"@id\":\"https:\/\/portaleducacao.guarulhos.sp.gov.br\/wp_site\/museudodesenho\/#website\",\"url\":\"https:\/\/portaleducacao.guarulhos.sp.gov.br\/wp_site\/museudodesenho\/\",\"name\":\"Museu do Desenho\",\"description\":\"Secretaria de Educa\u00e7\u00e3o\",\"potentialAction\":[{\"@type\":\"SearchAction\",\"target\":{\"@type\":\"EntryPoint\",\"urlTemplate\":\"https:\/\/portaleducacao.guarulhos.sp.gov.br\/wp_site\/museudodesenho\/?s={search_term_string}\"},\"query-input\":\"required name=search_term_string\"}],\"inLanguage\":\"pt-BR\"},{\"@type\":\"Person\",\"@id\":\"https:\/\/portaleducacao.guarulhos.sp.gov.br\/wp_site\/museudodesenho\/#\/schema\/person\/ccaedce0fbbe86d67d78608a5ad4863b\",\"name\":\"angelacms\",\"image\":{\"@type\":\"ImageObject\",\"inLanguage\":\"pt-BR\",\"@id\":\"https:\/\/portaleducacao.guarulhos.sp.gov.br\/wp_site\/museudodesenho\/#\/schema\/person\/image\/\",\"url\":\"https:\/\/secure.gravatar.com\/avatar\/20dc1c24dcac67af22074c9c7b3f5a69?s=96&d=mm&r=g\",\"contentUrl\":\"https:\/\/secure.gravatar.com\/avatar\/20dc1c24dcac67af22074c9c7b3f5a69?s=96&d=mm&r=g\",\"caption\":\"angelacms\"},\"url\":\"https:\/\/portaleducacao.guarulhos.sp.gov.br\/wp_site\/museudodesenho\/author\/angelacms\/\"}]}<\/script>\r\n<!-- \/ Yoast SEO plugin. -->","yoast_head_json":{"title":"Kelvin - Museu do Desenho","robots":{"index":"index","follow":"follow","max-snippet":"max-snippet:-1","max-image-preview":"max-image-preview:large","max-video-preview":"max-video-preview:-1"},"canonical":"https:\/\/portaleducacao.guarulhos.sp.gov.br\/wp_site\/museudodesenho\/2024\/12\/20\/kelvin\/","og_locale":"pt_BR","og_type":"article","og_title":"Kelvin - Museu do Desenho","og_description":"As coletas foram realizadas na E.P.G Manoel Rezende. Desde a coleta inicial, expliquei que eu estava realizando um curso, o quanto as produ\u00e7\u00f5es deles s\u00e3o valiosas e a necessidade de &hellip; Kelvin Leia mais &raquo;","og_url":"https:\/\/portaleducacao.guarulhos.sp.gov.br\/wp_site\/museudodesenho\/2024\/12\/20\/kelvin\/","og_site_name":"Museu do Desenho","article_published_time":"2024-12-20T17:45:41+00:00","article_modified_time":"2024-12-20T17:45:42+00:00","og_image":[{"width":2560,"height":1860,"url":"http:\/\/portaleducacao.guarulhos.sp.gov.br\/wp_site\/museudodesenho\/wp-content\/uploads\/sites\/27\/2024\/12\/Kelvin-scaled.jpeg","type":"image\/jpeg"}],"author":"angelacms","twitter_card":"summary_large_image","twitter_misc":{"Escrito por":"angelacms","Est. tempo de leitura":"2 minutos"},"schema":{"@context":"https:\/\/schema.org","@graph":[{"@type":"WebPage","@id":"https:\/\/portaleducacao.guarulhos.sp.gov.br\/wp_site\/museudodesenho\/2024\/12\/20\/kelvin\/","url":"https:\/\/portaleducacao.guarulhos.sp.gov.br\/wp_site\/museudodesenho\/2024\/12\/20\/kelvin\/","name":"Kelvin - Museu do Desenho","isPartOf":{"@id":"https:\/\/portaleducacao.guarulhos.sp.gov.br\/wp_site\/museudodesenho\/#website"},"datePublished":"2024-12-20T17:45:41+00:00","dateModified":"2024-12-20T17:45:42+00:00","author":{"@id":"https:\/\/portaleducacao.guarulhos.sp.gov.br\/wp_site\/museudodesenho\/#\/schema\/person\/ccaedce0fbbe86d67d78608a5ad4863b"},"breadcrumb":{"@id":"https:\/\/portaleducacao.guarulhos.sp.gov.br\/wp_site\/museudodesenho\/2024\/12\/20\/kelvin\/#breadcrumb"},"inLanguage":"pt-BR","potentialAction":[{"@type":"ReadAction","target":["https:\/\/portaleducacao.guarulhos.sp.gov.br\/wp_site\/museudodesenho\/2024\/12\/20\/kelvin\/"]}]},{"@type":"BreadcrumbList","@id":"https:\/\/portaleducacao.guarulhos.sp.gov.br\/wp_site\/museudodesenho\/2024\/12\/20\/kelvin\/#breadcrumb","itemListElement":[{"@type":"ListItem","position":1,"name":"In\u00edcio","item":"https:\/\/portaleducacao.guarulhos.sp.gov.br\/wp_site\/museudodesenho\/"},{"@type":"ListItem","position":2,"name":"Kelvin"}]},{"@type":"WebSite","@id":"https:\/\/portaleducacao.guarulhos.sp.gov.br\/wp_site\/museudodesenho\/#website","url":"https:\/\/portaleducacao.guarulhos.sp.gov.br\/wp_site\/museudodesenho\/","name":"Museu do Desenho","description":"Secretaria de Educa\u00e7\u00e3o","potentialAction":[{"@type":"SearchAction","target":{"@type":"EntryPoint","urlTemplate":"https:\/\/portaleducacao.guarulhos.sp.gov.br\/wp_site\/museudodesenho\/?s={search_term_string}"},"query-input":"required name=search_term_string"}],"inLanguage":"pt-BR"},{"@type":"Person","@id":"https:\/\/portaleducacao.guarulhos.sp.gov.br\/wp_site\/museudodesenho\/#\/schema\/person\/ccaedce0fbbe86d67d78608a5ad4863b","name":"angelacms","image":{"@type":"ImageObject","inLanguage":"pt-BR","@id":"https:\/\/portaleducacao.guarulhos.sp.gov.br\/wp_site\/museudodesenho\/#\/schema\/person\/image\/","url":"https:\/\/secure.gravatar.com\/avatar\/20dc1c24dcac67af22074c9c7b3f5a69?s=96&d=mm&r=g","contentUrl":"https:\/\/secure.gravatar.com\/avatar\/20dc1c24dcac67af22074c9c7b3f5a69?s=96&d=mm&r=g","caption":"angelacms"},"url":"https:\/\/portaleducacao.guarulhos.sp.gov.br\/wp_site\/museudodesenho\/author\/angelacms\/"}]}},"_links":{"self":[{"href":"https:\/\/portaleducacao.guarulhos.sp.gov.br\/wp_site\/museudodesenho\/wp-json\/wp\/v2\/posts\/1971"}],"collection":[{"href":"https:\/\/portaleducacao.guarulhos.sp.gov.br\/wp_site\/museudodesenho\/wp-json\/wp\/v2\/posts"}],"about":[{"href":"https:\/\/portaleducacao.guarulhos.sp.gov.br\/wp_site\/museudodesenho\/wp-json\/wp\/v2\/types\/post"}],"author":[{"embeddable":true,"href":"https:\/\/portaleducacao.guarulhos.sp.gov.br\/wp_site\/museudodesenho\/wp-json\/wp\/v2\/users\/30"}],"replies":[{"embeddable":true,"href":"https:\/\/portaleducacao.guarulhos.sp.gov.br\/wp_site\/museudodesenho\/wp-json\/wp\/v2\/comments?post=1971"}],"version-history":[{"count":1,"href":"https:\/\/portaleducacao.guarulhos.sp.gov.br\/wp_site\/museudodesenho\/wp-json\/wp\/v2\/posts\/1971\/revisions"}],"predecessor-version":[{"id":1973,"href":"https:\/\/portaleducacao.guarulhos.sp.gov.br\/wp_site\/museudodesenho\/wp-json\/wp\/v2\/posts\/1971\/revisions\/1973"}],"wp:featuredmedia":[{"embeddable":true,"href":"https:\/\/portaleducacao.guarulhos.sp.gov.br\/wp_site\/museudodesenho\/wp-json\/wp\/v2\/media\/1972"}],"wp:attachment":[{"href":"https:\/\/portaleducacao.guarulhos.sp.gov.br\/wp_site\/museudodesenho\/wp-json\/wp\/v2\/media?parent=1971"}],"wp:term":[{"taxonomy":"category","embeddable":true,"href":"https:\/\/portaleducacao.guarulhos.sp.gov.br\/wp_site\/museudodesenho\/wp-json\/wp\/v2\/categories?post=1971"},{"taxonomy":"post_tag","embeddable":true,"href":"https:\/\/portaleducacao.guarulhos.sp.gov.br\/wp_site\/museudodesenho\/wp-json\/wp\/v2\/tags?post=1971"}],"curies":[{"name":"wp","href":"https:\/\/api.w.org\/{rel}","templated":true}]}}