{"id":2171,"date":"2024-12-26T11:22:08","date_gmt":"2024-12-26T13:22:08","guid":{"rendered":"https:\/\/portaleducacao.guarulhos.sp.gov.br\/wp_site\/museudodesenho\/?p=2171"},"modified":"2024-12-26T11:22:09","modified_gmt":"2024-12-26T13:22:09","slug":"alice-2-anos-2","status":"publish","type":"post","link":"https:\/\/portaleducacao.guarulhos.sp.gov.br\/wp_site\/museudodesenho\/2024\/12\/26\/alice-2-anos-2\/","title":{"rendered":"Alice, 2 anos"},"content":{"rendered":"\n<p>\u201cEste desenho foi realizado com media\u00e7\u00e3o da m\u00e3e da Alice, pois estamos em ensino h\u00edbrido. Foi utilizado papel sulfite A4, l\u00e1pis 2B e giz de cera.<\/p>\n\n\n\n<p>Observa-se que Alice produziu um desenho que aproxima-se do que alguns autores citam como garatuja ordenada, onde verbaliza que pintou o arco-\u00edris e a borboleta. Nota-se que ela preocupou-se em utilizar o centro da folha sulfite e atentou-se aos detalhes de cores do arco-\u00edris, colorindo-o. Ela mostra um tra\u00e7o forte com todos os riscadores utilizados.<\/p>\n\n\n\n<p>\u00c9 poss\u00edvel observar tamb\u00e9m que Alice est\u00e1 em um momento de transi\u00e7\u00e3o no processo de cria\u00e7\u00e3o art\u00edstica, pois os c\u00edrculos s\u00e3o marcantes em seu desenho, ela est\u00e1 deixando de produzir apenas garatujas e j\u00e1 busca por formas para expressar sua criatividade. Existem ainda algumas garatujas que foram registradas no desenho, mas Alice n\u00e3o atribuiu um nome ou significado para tais.\u201d<\/p>\n\n\n\n<p><strong><em>Professora Tatiana Ramos<\/em><\/strong><\/p>\n","protected":false},"excerpt":{"rendered":"<p>\u201cEste desenho foi realizado com media\u00e7\u00e3o da m\u00e3e da Alice, pois estamos em ensino h\u00edbrido. Foi utilizado papel sulfite A4, l\u00e1pis 2B e giz de cera. Observa-se que Alice produziu &hellip;<\/p>\n<p class=\"read-more\"> <a class=\"\" href=\"https:\/\/portaleducacao.guarulhos.sp.gov.br\/wp_site\/museudodesenho\/2024\/12\/26\/alice-2-anos-2\/\"> <span class=\"screen-reader-text\">Alice, 2 anos<\/span> Leia mais &raquo;<\/a><\/p>\n","protected":false},"author":30,"featured_media":2172,"comment_status":"open","ping_status":"open","sticky":false,"template":"","format":"standard","meta":{"_monsterinsights_skip_tracking":false,"_monsterinsights_sitenote_active":false,"_monsterinsights_sitenote_note":"","_monsterinsights_sitenote_category":0,"site-sidebar-layout":"default","site-content-layout":"default","ast-global-header-display":"","ast-main-header-display":"","ast-hfb-above-header-display":"","ast-hfb-below-header-display":"","ast-hfb-mobile-header-display":"","site-post-title":"","ast-breadcrumbs-content":"","ast-featured-img":"","footer-sml-layout":"","theme-transparent-header-meta":"","adv-header-id-meta":"","stick-header-meta":"","header-above-stick-meta":"","header-main-stick-meta":"","header-below-stick-meta":"","_expiration-date-status":"","_expiration-date":0,"_expiration-date-type":"","_expiration-date-categories":[],"_expiration-date-options":[]},"categories":[30],"tags":[],"yoast_head":"<!-- This site is optimized with the Yoast SEO plugin v19.7.1 - https:\/\/yoast.com\/wordpress\/plugins\/seo\/ -->\r\n<title>Alice, 2 anos - Museu do Desenho<\/title>\r\n<meta name=\"robots\" content=\"index, follow, max-snippet:-1, max-image-preview:large, max-video-preview:-1\" \/>\r\n<link rel=\"canonical\" href=\"https:\/\/portaleducacao.guarulhos.sp.gov.br\/wp_site\/museudodesenho\/2024\/12\/26\/alice-2-anos-2\/\" \/>\r\n<meta property=\"og:locale\" content=\"pt_BR\" \/>\r\n<meta property=\"og:type\" content=\"article\" \/>\r\n<meta property=\"og:title\" content=\"Alice, 2 anos - Museu do Desenho\" \/>\r\n<meta property=\"og:description\" content=\"\u201cEste desenho foi realizado com media\u00e7\u00e3o da m\u00e3e da Alice, pois estamos em ensino h\u00edbrido. Foi utilizado papel sulfite A4, l\u00e1pis 2B e giz de cera. Observa-se que Alice produziu &hellip; Alice, 2 anos Leia mais &raquo;\" \/>\r\n<meta property=\"og:url\" content=\"https:\/\/portaleducacao.guarulhos.sp.gov.br\/wp_site\/museudodesenho\/2024\/12\/26\/alice-2-anos-2\/\" \/>\r\n<meta property=\"og:site_name\" content=\"Museu do Desenho\" \/>\r\n<meta property=\"article:published_time\" content=\"2024-12-26T13:22:08+00:00\" \/>\r\n<meta property=\"article:modified_time\" content=\"2024-12-26T13:22:09+00:00\" \/>\r\n<meta property=\"og:image\" content=\"http:\/\/portaleducacao.guarulhos.sp.gov.br\/wp_site\/museudodesenho\/wp-content\/uploads\/sites\/27\/2024\/12\/Design-sem-nome-16.jpg\" \/>\r\n\t<meta property=\"og:image:width\" content=\"768\" \/>\r\n\t<meta property=\"og:image:height\" content=\"431\" \/>\r\n\t<meta property=\"og:image:type\" content=\"image\/jpeg\" \/>\r\n<meta name=\"author\" content=\"angelacms\" \/>\r\n<meta name=\"twitter:card\" content=\"summary_large_image\" \/>\r\n<meta name=\"twitter:label1\" content=\"Escrito por\" \/>\n\t<meta name=\"twitter:data1\" content=\"angelacms\" \/>\n\t<meta name=\"twitter:label2\" content=\"Est. tempo de leitura\" \/>\n\t<meta name=\"twitter:data2\" content=\"1 minuto\" \/>\r\n<script type=\"application\/ld+json\" class=\"yoast-schema-graph\">{\"@context\":\"https:\/\/schema.org\",\"@graph\":[{\"@type\":\"WebPage\",\"@id\":\"https:\/\/portaleducacao.guarulhos.sp.gov.br\/wp_site\/museudodesenho\/2024\/12\/26\/alice-2-anos-2\/\",\"url\":\"https:\/\/portaleducacao.guarulhos.sp.gov.br\/wp_site\/museudodesenho\/2024\/12\/26\/alice-2-anos-2\/\",\"name\":\"Alice, 2 anos - Museu do Desenho\",\"isPartOf\":{\"@id\":\"https:\/\/portaleducacao.guarulhos.sp.gov.br\/wp_site\/museudodesenho\/#website\"},\"datePublished\":\"2024-12-26T13:22:08+00:00\",\"dateModified\":\"2024-12-26T13:22:09+00:00\",\"author\":{\"@id\":\"https:\/\/portaleducacao.guarulhos.sp.gov.br\/wp_site\/museudodesenho\/#\/schema\/person\/ccaedce0fbbe86d67d78608a5ad4863b\"},\"breadcrumb\":{\"@id\":\"https:\/\/portaleducacao.guarulhos.sp.gov.br\/wp_site\/museudodesenho\/2024\/12\/26\/alice-2-anos-2\/#breadcrumb\"},\"inLanguage\":\"pt-BR\",\"potentialAction\":[{\"@type\":\"ReadAction\",\"target\":[\"https:\/\/portaleducacao.guarulhos.sp.gov.br\/wp_site\/museudodesenho\/2024\/12\/26\/alice-2-anos-2\/\"]}]},{\"@type\":\"BreadcrumbList\",\"@id\":\"https:\/\/portaleducacao.guarulhos.sp.gov.br\/wp_site\/museudodesenho\/2024\/12\/26\/alice-2-anos-2\/#breadcrumb\",\"itemListElement\":[{\"@type\":\"ListItem\",\"position\":1,\"name\":\"In\u00edcio\",\"item\":\"https:\/\/portaleducacao.guarulhos.sp.gov.br\/wp_site\/museudodesenho\/\"},{\"@type\":\"ListItem\",\"position\":2,\"name\":\"Alice, 2 anos\"}]},{\"@type\":\"WebSite\",\"@id\":\"https:\/\/portaleducacao.guarulhos.sp.gov.br\/wp_site\/museudodesenho\/#website\",\"url\":\"https:\/\/portaleducacao.guarulhos.sp.gov.br\/wp_site\/museudodesenho\/\",\"name\":\"Museu do Desenho\",\"description\":\"Secretaria de Educa\u00e7\u00e3o\",\"potentialAction\":[{\"@type\":\"SearchAction\",\"target\":{\"@type\":\"EntryPoint\",\"urlTemplate\":\"https:\/\/portaleducacao.guarulhos.sp.gov.br\/wp_site\/museudodesenho\/?s={search_term_string}\"},\"query-input\":\"required name=search_term_string\"}],\"inLanguage\":\"pt-BR\"},{\"@type\":\"Person\",\"@id\":\"https:\/\/portaleducacao.guarulhos.sp.gov.br\/wp_site\/museudodesenho\/#\/schema\/person\/ccaedce0fbbe86d67d78608a5ad4863b\",\"name\":\"angelacms\",\"image\":{\"@type\":\"ImageObject\",\"inLanguage\":\"pt-BR\",\"@id\":\"https:\/\/portaleducacao.guarulhos.sp.gov.br\/wp_site\/museudodesenho\/#\/schema\/person\/image\/\",\"url\":\"https:\/\/secure.gravatar.com\/avatar\/20dc1c24dcac67af22074c9c7b3f5a69?s=96&d=mm&r=g\",\"contentUrl\":\"https:\/\/secure.gravatar.com\/avatar\/20dc1c24dcac67af22074c9c7b3f5a69?s=96&d=mm&r=g\",\"caption\":\"angelacms\"},\"url\":\"https:\/\/portaleducacao.guarulhos.sp.gov.br\/wp_site\/museudodesenho\/author\/angelacms\/\"}]}<\/script>\r\n<!-- \/ Yoast SEO plugin. -->","yoast_head_json":{"title":"Alice, 2 anos - Museu do Desenho","robots":{"index":"index","follow":"follow","max-snippet":"max-snippet:-1","max-image-preview":"max-image-preview:large","max-video-preview":"max-video-preview:-1"},"canonical":"https:\/\/portaleducacao.guarulhos.sp.gov.br\/wp_site\/museudodesenho\/2024\/12\/26\/alice-2-anos-2\/","og_locale":"pt_BR","og_type":"article","og_title":"Alice, 2 anos - Museu do Desenho","og_description":"\u201cEste desenho foi realizado com media\u00e7\u00e3o da m\u00e3e da Alice, pois estamos em ensino h\u00edbrido. Foi utilizado papel sulfite A4, l\u00e1pis 2B e giz de cera. Observa-se que Alice produziu &hellip; Alice, 2 anos Leia mais &raquo;","og_url":"https:\/\/portaleducacao.guarulhos.sp.gov.br\/wp_site\/museudodesenho\/2024\/12\/26\/alice-2-anos-2\/","og_site_name":"Museu do Desenho","article_published_time":"2024-12-26T13:22:08+00:00","article_modified_time":"2024-12-26T13:22:09+00:00","og_image":[{"width":768,"height":431,"url":"http:\/\/portaleducacao.guarulhos.sp.gov.br\/wp_site\/museudodesenho\/wp-content\/uploads\/sites\/27\/2024\/12\/Design-sem-nome-16.jpg","type":"image\/jpeg"}],"author":"angelacms","twitter_card":"summary_large_image","twitter_misc":{"Escrito por":"angelacms","Est. tempo de leitura":"1 minuto"},"schema":{"@context":"https:\/\/schema.org","@graph":[{"@type":"WebPage","@id":"https:\/\/portaleducacao.guarulhos.sp.gov.br\/wp_site\/museudodesenho\/2024\/12\/26\/alice-2-anos-2\/","url":"https:\/\/portaleducacao.guarulhos.sp.gov.br\/wp_site\/museudodesenho\/2024\/12\/26\/alice-2-anos-2\/","name":"Alice, 2 anos - Museu do Desenho","isPartOf":{"@id":"https:\/\/portaleducacao.guarulhos.sp.gov.br\/wp_site\/museudodesenho\/#website"},"datePublished":"2024-12-26T13:22:08+00:00","dateModified":"2024-12-26T13:22:09+00:00","author":{"@id":"https:\/\/portaleducacao.guarulhos.sp.gov.br\/wp_site\/museudodesenho\/#\/schema\/person\/ccaedce0fbbe86d67d78608a5ad4863b"},"breadcrumb":{"@id":"https:\/\/portaleducacao.guarulhos.sp.gov.br\/wp_site\/museudodesenho\/2024\/12\/26\/alice-2-anos-2\/#breadcrumb"},"inLanguage":"pt-BR","potentialAction":[{"@type":"ReadAction","target":["https:\/\/portaleducacao.guarulhos.sp.gov.br\/wp_site\/museudodesenho\/2024\/12\/26\/alice-2-anos-2\/"]}]},{"@type":"BreadcrumbList","@id":"https:\/\/portaleducacao.guarulhos.sp.gov.br\/wp_site\/museudodesenho\/2024\/12\/26\/alice-2-anos-2\/#breadcrumb","itemListElement":[{"@type":"ListItem","position":1,"name":"In\u00edcio","item":"https:\/\/portaleducacao.guarulhos.sp.gov.br\/wp_site\/museudodesenho\/"},{"@type":"ListItem","position":2,"name":"Alice, 2 anos"}]},{"@type":"WebSite","@id":"https:\/\/portaleducacao.guarulhos.sp.gov.br\/wp_site\/museudodesenho\/#website","url":"https:\/\/portaleducacao.guarulhos.sp.gov.br\/wp_site\/museudodesenho\/","name":"Museu do Desenho","description":"Secretaria de Educa\u00e7\u00e3o","potentialAction":[{"@type":"SearchAction","target":{"@type":"EntryPoint","urlTemplate":"https:\/\/portaleducacao.guarulhos.sp.gov.br\/wp_site\/museudodesenho\/?s={search_term_string}"},"query-input":"required name=search_term_string"}],"inLanguage":"pt-BR"},{"@type":"Person","@id":"https:\/\/portaleducacao.guarulhos.sp.gov.br\/wp_site\/museudodesenho\/#\/schema\/person\/ccaedce0fbbe86d67d78608a5ad4863b","name":"angelacms","image":{"@type":"ImageObject","inLanguage":"pt-BR","@id":"https:\/\/portaleducacao.guarulhos.sp.gov.br\/wp_site\/museudodesenho\/#\/schema\/person\/image\/","url":"https:\/\/secure.gravatar.com\/avatar\/20dc1c24dcac67af22074c9c7b3f5a69?s=96&d=mm&r=g","contentUrl":"https:\/\/secure.gravatar.com\/avatar\/20dc1c24dcac67af22074c9c7b3f5a69?s=96&d=mm&r=g","caption":"angelacms"},"url":"https:\/\/portaleducacao.guarulhos.sp.gov.br\/wp_site\/museudodesenho\/author\/angelacms\/"}]}},"_links":{"self":[{"href":"https:\/\/portaleducacao.guarulhos.sp.gov.br\/wp_site\/museudodesenho\/wp-json\/wp\/v2\/posts\/2171"}],"collection":[{"href":"https:\/\/portaleducacao.guarulhos.sp.gov.br\/wp_site\/museudodesenho\/wp-json\/wp\/v2\/posts"}],"about":[{"href":"https:\/\/portaleducacao.guarulhos.sp.gov.br\/wp_site\/museudodesenho\/wp-json\/wp\/v2\/types\/post"}],"author":[{"embeddable":true,"href":"https:\/\/portaleducacao.guarulhos.sp.gov.br\/wp_site\/museudodesenho\/wp-json\/wp\/v2\/users\/30"}],"replies":[{"embeddable":true,"href":"https:\/\/portaleducacao.guarulhos.sp.gov.br\/wp_site\/museudodesenho\/wp-json\/wp\/v2\/comments?post=2171"}],"version-history":[{"count":1,"href":"https:\/\/portaleducacao.guarulhos.sp.gov.br\/wp_site\/museudodesenho\/wp-json\/wp\/v2\/posts\/2171\/revisions"}],"predecessor-version":[{"id":2173,"href":"https:\/\/portaleducacao.guarulhos.sp.gov.br\/wp_site\/museudodesenho\/wp-json\/wp\/v2\/posts\/2171\/revisions\/2173"}],"wp:featuredmedia":[{"embeddable":true,"href":"https:\/\/portaleducacao.guarulhos.sp.gov.br\/wp_site\/museudodesenho\/wp-json\/wp\/v2\/media\/2172"}],"wp:attachment":[{"href":"https:\/\/portaleducacao.guarulhos.sp.gov.br\/wp_site\/museudodesenho\/wp-json\/wp\/v2\/media?parent=2171"}],"wp:term":[{"taxonomy":"category","embeddable":true,"href":"https:\/\/portaleducacao.guarulhos.sp.gov.br\/wp_site\/museudodesenho\/wp-json\/wp\/v2\/categories?post=2171"},{"taxonomy":"post_tag","embeddable":true,"href":"https:\/\/portaleducacao.guarulhos.sp.gov.br\/wp_site\/museudodesenho\/wp-json\/wp\/v2\/tags?post=2171"}],"curies":[{"name":"wp","href":"https:\/\/api.w.org\/{rel}","templated":true}]}}