{"id":1648,"date":"2022-07-21T16:03:06","date_gmt":"2022-07-21T19:03:06","guid":{"rendered":"https:\/\/portaleducacao.guarulhos.sp.gov.br\/wp_site\/portalbienal\/?p=1648"},"modified":"2024-10-16T12:06:09","modified_gmt":"2024-10-16T15:06:09","slug":"homenagem-a-biblioteca-mais-antiga-da-cidade-integra-a-programacao-da-2a-bienal-do-livro-de-guarulhos","status":"publish","type":"post","link":"https:\/\/portaleducacao.guarulhos.sp.gov.br\/wp_site\/portalbienal\/2022\/07\/21\/homenagem-a-biblioteca-mais-antiga-da-cidade-integra-a-programacao-da-2a-bienal-do-livro-de-guarulhos\/","title":{"rendered":"Homenagem \u00e0 biblioteca mais antiga da cidade integra a programa\u00e7\u00e3o da 2\u00aa Bienal do Livro de Guarulhos"},"content":{"rendered":"\n<p>Em 2022, a Biblioteca Monteiro Lobato, a mais antiga da cidade, completa 82 anos e parte de sua hist\u00f3ria integra uma exposi\u00e7\u00e3o em sua homenagem na 2\u00aa Bienal do Livro de Guarulhos, que acontece entre os dias 5 e&nbsp;14 de agosto&nbsp;no Internacional Eventos e contempla grande variedade de g\u00eaneros e op\u00e7\u00f5es liter\u00e1rias nos estandes das mais de 50 editoras participantes, oportunidade para muitos leitores que desejam ampliar seu acervo pessoal.<\/p>\n\n\n\n<p>Pesquisa, informa\u00e7\u00e3o e entretenimento liter\u00e1rio sempre fizeram parte do card\u00e1pio de atividades oferecidas pela Biblioteca Monteiro Lobato aos guarulhenses desde sua inaugura\u00e7\u00e3o, em&nbsp;10 de novembro&nbsp;de 1940. A exposi\u00e7\u00e3o multim\u00eddia, localizada no pavilh\u00e3o logo ap\u00f3s a entrada do Internacional Eventos, \u00e9 composta por imagens do acervo do Arquivo Hist\u00f3rico Municipal de Guarulhos e mostra breve recorte da dimens\u00e3o e da import\u00e2ncia desse espa\u00e7o ao longo de todos esses anos de funcionamento.<\/p>\n\n\n\n<p>Em meio \u00e0s fotos, salta aos olhos uma imagem a\u00e9rea da rua Jo\u00e3o Gon\u00e7alves na d\u00e9cada de 1950, na qual \u00e9 poss\u00edvel ver o cemit\u00e9rio S\u00e3o Jo\u00e3o Batista. A parte de baixo do cemit\u00e9rio foi o local escolhido para a constru\u00e7\u00e3o do novo pr\u00e9dio da biblioteca, que ficou pronto em 1968.<\/p>\n\n\n\n<p>Outra foto hist\u00f3rica \u00e9 a da funcion\u00e1ria administrativa \u00c1urea Mansur, que em 1959 era respons\u00e1vel pela administra\u00e7\u00e3o do espa\u00e7o. Naquela \u00e9poca o acervo era constitu\u00eddo por obras da literatura nacional e internacional, did\u00e1tica e cultura geral.<\/p>\n\n\n\n<p>Sem mais&nbsp;<em>spoilers<\/em>&nbsp;sobre o que os visitantes v\u00e3o conferir na exposi\u00e7\u00e3o, vale dizer que o Sistema Municipal de Bibliotecas P\u00fablicas de Guarulhos \u00e9 composto pela Biblioteca Central Monteiro Lobato e por sete bibliotecas ramais. Juntas, elas somam um acervo diversificado e com grande qualidade de obras, com mais de 197 mil livros, dos quais 85 mil encon<a><\/a>tram-se dispon\u00edveis para consulta e empr\u00e9stimo na pr\u00f3pria Monteiro Lobato.<\/p>\n\n\n\n<p>Para mais informa\u00e7\u00f5es sobre a 2\u00aa Bienal do Livro de Guarulhos acesse&nbsp;<a href=\"http:\/\/bienaldolivro.guarulhos.sp.gov.br\/\" target=\"_blank\" rel=\"noreferrer noopener\">http:\/\/bienaldolivro.guarulhos.sp.gov.br\/<\/a>.<\/p>\n\n\n\n<p><strong>Legenda da imagem<\/strong>: \u00c1urea Mansur &#8211; funcion\u00e1ria administrativa da bibliotec\u00e1ria &#8211; Foto: acervo Arquivo Hist\u00f3rico Municipal<\/p>\n","protected":false},"excerpt":{"rendered":"<p>Em 2022, a Biblioteca Monteiro Lobato, a mais antiga da cidade, completa 82 anos e parte de sua hist\u00f3ria integra uma exposi\u00e7\u00e3o em sua homenagem na 2\u00aa Bienal do Livro &hellip;<\/p>\n<p class=\"read-more\"> <a class=\"\" href=\"https:\/\/portaleducacao.guarulhos.sp.gov.br\/wp_site\/portalbienal\/2022\/07\/21\/homenagem-a-biblioteca-mais-antiga-da-cidade-integra-a-programacao-da-2a-bienal-do-livro-de-guarulhos\/\"> <span class=\"screen-reader-text\">Homenagem \u00e0 biblioteca mais antiga da cidade integra a programa\u00e7\u00e3o da 2\u00aa Bienal do Livro de Guarulhos<\/span> Leia mais &raquo;<\/a><\/p>\n","protected":false},"author":21,"featured_media":1649,"comment_status":"open","ping_status":"open","sticky":false,"template":"","format":"standard","meta":{"_monsterinsights_skip_tracking":false,"_monsterinsights_sitenote_active":false,"_monsterinsights_sitenote_note":"","_monsterinsights_sitenote_category":0,"site-sidebar-layout":"default","site-content-layout":"default","ast-global-header-display":"","ast-main-header-display":"","ast-hfb-above-header-display":"","ast-hfb-below-header-display":"","ast-hfb-mobile-header-display":"","site-post-title":"","ast-breadcrumbs-content":"","ast-featured-img":"","footer-sml-layout":"","theme-transparent-header-meta":"","adv-header-id-meta":"","stick-header-meta":"","header-above-stick-meta":"","header-main-stick-meta":"","header-below-stick-meta":"","_expiration-date-status":"","_expiration-date":0,"_expiration-date-type":"","_expiration-date-categories":[],"_expiration-date-options":[]},"categories":[42,49,1],"tags":[],"yoast_head":"<!-- This site is optimized with the Yoast SEO plugin v19.7.1 - https:\/\/yoast.com\/wordpress\/plugins\/seo\/ -->\r\n<title>Homenagem \u00e0 biblioteca mais antiga da cidade integra a programa\u00e7\u00e3o da 2\u00aa Bienal do Livro de Guarulhos - Bienal do Livro de Guarulhos - 2024<\/title>\r\n<meta name=\"robots\" content=\"index, follow, max-snippet:-1, max-image-preview:large, max-video-preview:-1\" \/>\r\n<link rel=\"canonical\" href=\"https:\/\/portaleducacao.guarulhos.sp.gov.br\/wp_site\/portalbienal\/2022\/07\/21\/homenagem-a-biblioteca-mais-antiga-da-cidade-integra-a-programacao-da-2a-bienal-do-livro-de-guarulhos\/\" \/>\r\n<meta property=\"og:locale\" content=\"pt_BR\" \/>\r\n<meta property=\"og:type\" content=\"article\" \/>\r\n<meta property=\"og:title\" content=\"Homenagem \u00e0 biblioteca mais antiga da cidade integra a programa\u00e7\u00e3o da 2\u00aa Bienal do Livro de Guarulhos - Bienal do Livro de Guarulhos - 2024\" \/>\r\n<meta property=\"og:description\" content=\"Em 2022, a Biblioteca Monteiro Lobato, a mais antiga da cidade, completa 82 anos e parte de sua hist\u00f3ria integra uma exposi\u00e7\u00e3o em sua homenagem na 2\u00aa Bienal do Livro &hellip; Homenagem \u00e0 biblioteca mais antiga da cidade integra a programa\u00e7\u00e3o da 2\u00aa Bienal do Livro de Guarulhos Leia mais &raquo;\" \/>\r\n<meta property=\"og:url\" content=\"https:\/\/portaleducacao.guarulhos.sp.gov.br\/wp_site\/portalbienal\/2022\/07\/21\/homenagem-a-biblioteca-mais-antiga-da-cidade-integra-a-programacao-da-2a-bienal-do-livro-de-guarulhos\/\" \/>\r\n<meta property=\"og:site_name\" content=\"Bienal do Livro de Guarulhos - 2024\" \/>\r\n<meta property=\"article:published_time\" content=\"2022-07-21T19:03:06+00:00\" \/>\r\n<meta property=\"article:modified_time\" content=\"2024-10-16T15:06:09+00:00\" \/>\r\n<meta property=\"og:image\" content=\"http:\/\/portaleducacao.guarulhos.sp.gov.br\/wp_site\/portalbienal\/wp-content\/uploads\/sites\/22\/2022\/07\/Aurea-Mansur-funcionaria-administrativa-da-bibliotecaria-Foto-acervo-Arquivo-Historico.jpeg\" \/>\r\n\t<meta property=\"og:image:width\" content=\"1275\" \/>\r\n\t<meta property=\"og:image:height\" content=\"898\" \/>\r\n\t<meta property=\"og:image:type\" content=\"image\/jpeg\" \/>\r\n<meta name=\"author\" content=\"danielleca\" \/>\r\n<meta name=\"twitter:card\" content=\"summary_large_image\" \/>\r\n<meta name=\"twitter:label1\" content=\"Escrito por\" \/>\n\t<meta name=\"twitter:data1\" content=\"danielleca\" \/>\n\t<meta name=\"twitter:label2\" content=\"Est. tempo de leitura\" \/>\n\t<meta name=\"twitter:data2\" content=\"2 minutos\" \/>\r\n<script type=\"application\/ld+json\" class=\"yoast-schema-graph\">{\"@context\":\"https:\/\/schema.org\",\"@graph\":[{\"@type\":\"Article\",\"@id\":\"https:\/\/portaleducacao.guarulhos.sp.gov.br\/wp_site\/portalbienal\/2022\/07\/21\/homenagem-a-biblioteca-mais-antiga-da-cidade-integra-a-programacao-da-2a-bienal-do-livro-de-guarulhos\/#article\",\"isPartOf\":{\"@id\":\"https:\/\/portaleducacao.guarulhos.sp.gov.br\/wp_site\/portalbienal\/2022\/07\/21\/homenagem-a-biblioteca-mais-antiga-da-cidade-integra-a-programacao-da-2a-bienal-do-livro-de-guarulhos\/\"},\"author\":{\"name\":\"danielleca\",\"@id\":\"https:\/\/portaleducacao.guarulhos.sp.gov.br\/wp_site\/portalbienal\/#\/schema\/person\/9a20a4be9a38c9fbe6d5fdfb9e8a9957\"},\"headline\":\"Homenagem \u00e0 biblioteca mais antiga da cidade integra a programa\u00e7\u00e3o da 2\u00aa Bienal do Livro de Guarulhos\",\"datePublished\":\"2022-07-21T19:03:06+00:00\",\"dateModified\":\"2024-10-16T15:06:09+00:00\",\"mainEntityOfPage\":{\"@id\":\"https:\/\/portaleducacao.guarulhos.sp.gov.br\/wp_site\/portalbienal\/2022\/07\/21\/homenagem-a-biblioteca-mais-antiga-da-cidade-integra-a-programacao-da-2a-bienal-do-livro-de-guarulhos\/\"},\"wordCount\":400,\"commentCount\":0,\"publisher\":{\"@id\":\"https:\/\/portaleducacao.guarulhos.sp.gov.br\/wp_site\/portalbienal\/#organization\"},\"articleSection\":[\"Bienal 2023\",\"bienal_22\"],\"inLanguage\":\"pt-BR\",\"potentialAction\":[{\"@type\":\"CommentAction\",\"name\":\"Comment\",\"target\":[\"https:\/\/portaleducacao.guarulhos.sp.gov.br\/wp_site\/portalbienal\/2022\/07\/21\/homenagem-a-biblioteca-mais-antiga-da-cidade-integra-a-programacao-da-2a-bienal-do-livro-de-guarulhos\/#respond\"]}]},{\"@type\":\"WebPage\",\"@id\":\"https:\/\/portaleducacao.guarulhos.sp.gov.br\/wp_site\/portalbienal\/2022\/07\/21\/homenagem-a-biblioteca-mais-antiga-da-cidade-integra-a-programacao-da-2a-bienal-do-livro-de-guarulhos\/\",\"url\":\"https:\/\/portaleducacao.guarulhos.sp.gov.br\/wp_site\/portalbienal\/2022\/07\/21\/homenagem-a-biblioteca-mais-antiga-da-cidade-integra-a-programacao-da-2a-bienal-do-livro-de-guarulhos\/\",\"name\":\"Homenagem \u00e0 biblioteca mais antiga da cidade integra a programa\u00e7\u00e3o da 2\u00aa Bienal do Livro de Guarulhos - Bienal do Livro de Guarulhos - 2024\",\"isPartOf\":{\"@id\":\"https:\/\/portaleducacao.guarulhos.sp.gov.br\/wp_site\/portalbienal\/#website\"},\"datePublished\":\"2022-07-21T19:03:06+00:00\",\"dateModified\":\"2024-10-16T15:06:09+00:00\",\"breadcrumb\":{\"@id\":\"https:\/\/portaleducacao.guarulhos.sp.gov.br\/wp_site\/portalbienal\/2022\/07\/21\/homenagem-a-biblioteca-mais-antiga-da-cidade-integra-a-programacao-da-2a-bienal-do-livro-de-guarulhos\/#breadcrumb\"},\"inLanguage\":\"pt-BR\",\"potentialAction\":[{\"@type\":\"ReadAction\",\"target\":[\"https:\/\/portaleducacao.guarulhos.sp.gov.br\/wp_site\/portalbienal\/2022\/07\/21\/homenagem-a-biblioteca-mais-antiga-da-cidade-integra-a-programacao-da-2a-bienal-do-livro-de-guarulhos\/\"]}]},{\"@type\":\"BreadcrumbList\",\"@id\":\"https:\/\/portaleducacao.guarulhos.sp.gov.br\/wp_site\/portalbienal\/2022\/07\/21\/homenagem-a-biblioteca-mais-antiga-da-cidade-integra-a-programacao-da-2a-bienal-do-livro-de-guarulhos\/#breadcrumb\",\"itemListElement\":[{\"@type\":\"ListItem\",\"position\":1,\"name\":\"In\u00edcio\",\"item\":\"https:\/\/portaleducacao.guarulhos.sp.gov.br\/wp_site\/portalbienal\/\"},{\"@type\":\"ListItem\",\"position\":2,\"name\":\"Homenagem \u00e0 biblioteca mais antiga da cidade integra a programa\u00e7\u00e3o da 2\u00aa Bienal do Livro de Guarulhos\"}]},{\"@type\":\"WebSite\",\"@id\":\"https:\/\/portaleducacao.guarulhos.sp.gov.br\/wp_site\/portalbienal\/#website\",\"url\":\"https:\/\/portaleducacao.guarulhos.sp.gov.br\/wp_site\/portalbienal\/\",\"name\":\"Bienal do Livro de Guarulhos - 2024\",\"description\":\"Secretaria de Educa\u00e7\u00e3o - Prefeitura de Guarulhos\",\"publisher\":{\"@id\":\"https:\/\/portaleducacao.guarulhos.sp.gov.br\/wp_site\/portalbienal\/#organization\"},\"potentialAction\":[{\"@type\":\"SearchAction\",\"target\":{\"@type\":\"EntryPoint\",\"urlTemplate\":\"https:\/\/portaleducacao.guarulhos.sp.gov.br\/wp_site\/portalbienal\/?s={search_term_string}\"},\"query-input\":\"required name=search_term_string\"}],\"inLanguage\":\"pt-BR\"},{\"@type\":\"Organization\",\"@id\":\"https:\/\/portaleducacao.guarulhos.sp.gov.br\/wp_site\/portalbienal\/#organization\",\"name\":\"Bienal do Livro de Guarulhos - 2024\",\"url\":\"https:\/\/portaleducacao.guarulhos.sp.gov.br\/wp_site\/portalbienal\/\",\"sameAs\":[],\"logo\":{\"@type\":\"ImageObject\",\"inLanguage\":\"pt-BR\",\"@id\":\"https:\/\/portaleducacao.guarulhos.sp.gov.br\/wp_site\/portalbienal\/#\/schema\/logo\/image\/\",\"url\":\"https:\/\/portaleducacao.guarulhos.sp.gov.br\/wp_site\/portalbienal\/wp-content\/uploads\/sites\/22\/2022\/07\/logo_site.jpg\",\"contentUrl\":\"https:\/\/portaleducacao.guarulhos.sp.gov.br\/wp_site\/portalbienal\/wp-content\/uploads\/sites\/22\/2022\/07\/logo_site.jpg\",\"width\":350,\"height\":100,\"caption\":\"Bienal do Livro de Guarulhos - 2024\"},\"image\":{\"@id\":\"https:\/\/portaleducacao.guarulhos.sp.gov.br\/wp_site\/portalbienal\/#\/schema\/logo\/image\/\"}},{\"@type\":\"Person\",\"@id\":\"https:\/\/portaleducacao.guarulhos.sp.gov.br\/wp_site\/portalbienal\/#\/schema\/person\/9a20a4be9a38c9fbe6d5fdfb9e8a9957\",\"name\":\"danielleca\",\"image\":{\"@type\":\"ImageObject\",\"inLanguage\":\"pt-BR\",\"@id\":\"https:\/\/portaleducacao.guarulhos.sp.gov.br\/wp_site\/portalbienal\/#\/schema\/person\/image\/\",\"url\":\"https:\/\/secure.gravatar.com\/avatar\/2ec709ad925bff508a3993319ba30fa7?s=96&d=mm&r=g\",\"contentUrl\":\"https:\/\/secure.gravatar.com\/avatar\/2ec709ad925bff508a3993319ba30fa7?s=96&d=mm&r=g\",\"caption\":\"danielleca\"},\"url\":\"https:\/\/portaleducacao.guarulhos.sp.gov.br\/wp_site\/portalbienal\/author\/danielleca\/\"}]}<\/script>\r\n<!-- \/ Yoast SEO plugin. -->","yoast_head_json":{"title":"Homenagem \u00e0 biblioteca mais antiga da cidade integra a programa\u00e7\u00e3o da 2\u00aa Bienal do Livro de Guarulhos - Bienal do Livro de Guarulhos - 2024","robots":{"index":"index","follow":"follow","max-snippet":"max-snippet:-1","max-image-preview":"max-image-preview:large","max-video-preview":"max-video-preview:-1"},"canonical":"https:\/\/portaleducacao.guarulhos.sp.gov.br\/wp_site\/portalbienal\/2022\/07\/21\/homenagem-a-biblioteca-mais-antiga-da-cidade-integra-a-programacao-da-2a-bienal-do-livro-de-guarulhos\/","og_locale":"pt_BR","og_type":"article","og_title":"Homenagem \u00e0 biblioteca mais antiga da cidade integra a programa\u00e7\u00e3o da 2\u00aa Bienal do Livro de Guarulhos - Bienal do Livro de Guarulhos - 2024","og_description":"Em 2022, a Biblioteca Monteiro Lobato, a mais antiga da cidade, completa 82 anos e parte de sua hist\u00f3ria integra uma exposi\u00e7\u00e3o em sua homenagem na 2\u00aa Bienal do Livro &hellip; Homenagem \u00e0 biblioteca mais antiga da cidade integra a programa\u00e7\u00e3o da 2\u00aa Bienal do Livro de Guarulhos Leia mais &raquo;","og_url":"https:\/\/portaleducacao.guarulhos.sp.gov.br\/wp_site\/portalbienal\/2022\/07\/21\/homenagem-a-biblioteca-mais-antiga-da-cidade-integra-a-programacao-da-2a-bienal-do-livro-de-guarulhos\/","og_site_name":"Bienal do Livro de Guarulhos - 2024","article_published_time":"2022-07-21T19:03:06+00:00","article_modified_time":"2024-10-16T15:06:09+00:00","og_image":[{"width":1275,"height":898,"url":"http:\/\/portaleducacao.guarulhos.sp.gov.br\/wp_site\/portalbienal\/wp-content\/uploads\/sites\/22\/2022\/07\/Aurea-Mansur-funcionaria-administrativa-da-bibliotecaria-Foto-acervo-Arquivo-Historico.jpeg","type":"image\/jpeg"}],"author":"danielleca","twitter_card":"summary_large_image","twitter_misc":{"Escrito por":"danielleca","Est. tempo de leitura":"2 minutos"},"schema":{"@context":"https:\/\/schema.org","@graph":[{"@type":"Article","@id":"https:\/\/portaleducacao.guarulhos.sp.gov.br\/wp_site\/portalbienal\/2022\/07\/21\/homenagem-a-biblioteca-mais-antiga-da-cidade-integra-a-programacao-da-2a-bienal-do-livro-de-guarulhos\/#article","isPartOf":{"@id":"https:\/\/portaleducacao.guarulhos.sp.gov.br\/wp_site\/portalbienal\/2022\/07\/21\/homenagem-a-biblioteca-mais-antiga-da-cidade-integra-a-programacao-da-2a-bienal-do-livro-de-guarulhos\/"},"author":{"name":"danielleca","@id":"https:\/\/portaleducacao.guarulhos.sp.gov.br\/wp_site\/portalbienal\/#\/schema\/person\/9a20a4be9a38c9fbe6d5fdfb9e8a9957"},"headline":"Homenagem \u00e0 biblioteca mais antiga da cidade integra a programa\u00e7\u00e3o da 2\u00aa Bienal do Livro de Guarulhos","datePublished":"2022-07-21T19:03:06+00:00","dateModified":"2024-10-16T15:06:09+00:00","mainEntityOfPage":{"@id":"https:\/\/portaleducacao.guarulhos.sp.gov.br\/wp_site\/portalbienal\/2022\/07\/21\/homenagem-a-biblioteca-mais-antiga-da-cidade-integra-a-programacao-da-2a-bienal-do-livro-de-guarulhos\/"},"wordCount":400,"commentCount":0,"publisher":{"@id":"https:\/\/portaleducacao.guarulhos.sp.gov.br\/wp_site\/portalbienal\/#organization"},"articleSection":["Bienal 2023","bienal_22"],"inLanguage":"pt-BR","potentialAction":[{"@type":"CommentAction","name":"Comment","target":["https:\/\/portaleducacao.guarulhos.sp.gov.br\/wp_site\/portalbienal\/2022\/07\/21\/homenagem-a-biblioteca-mais-antiga-da-cidade-integra-a-programacao-da-2a-bienal-do-livro-de-guarulhos\/#respond"]}]},{"@type":"WebPage","@id":"https:\/\/portaleducacao.guarulhos.sp.gov.br\/wp_site\/portalbienal\/2022\/07\/21\/homenagem-a-biblioteca-mais-antiga-da-cidade-integra-a-programacao-da-2a-bienal-do-livro-de-guarulhos\/","url":"https:\/\/portaleducacao.guarulhos.sp.gov.br\/wp_site\/portalbienal\/2022\/07\/21\/homenagem-a-biblioteca-mais-antiga-da-cidade-integra-a-programacao-da-2a-bienal-do-livro-de-guarulhos\/","name":"Homenagem \u00e0 biblioteca mais antiga da cidade integra a programa\u00e7\u00e3o da 2\u00aa Bienal do Livro de Guarulhos - Bienal do Livro de Guarulhos - 2024","isPartOf":{"@id":"https:\/\/portaleducacao.guarulhos.sp.gov.br\/wp_site\/portalbienal\/#website"},"datePublished":"2022-07-21T19:03:06+00:00","dateModified":"2024-10-16T15:06:09+00:00","breadcrumb":{"@id":"https:\/\/portaleducacao.guarulhos.sp.gov.br\/wp_site\/portalbienal\/2022\/07\/21\/homenagem-a-biblioteca-mais-antiga-da-cidade-integra-a-programacao-da-2a-bienal-do-livro-de-guarulhos\/#breadcrumb"},"inLanguage":"pt-BR","potentialAction":[{"@type":"ReadAction","target":["https:\/\/portaleducacao.guarulhos.sp.gov.br\/wp_site\/portalbienal\/2022\/07\/21\/homenagem-a-biblioteca-mais-antiga-da-cidade-integra-a-programacao-da-2a-bienal-do-livro-de-guarulhos\/"]}]},{"@type":"BreadcrumbList","@id":"https:\/\/portaleducacao.guarulhos.sp.gov.br\/wp_site\/portalbienal\/2022\/07\/21\/homenagem-a-biblioteca-mais-antiga-da-cidade-integra-a-programacao-da-2a-bienal-do-livro-de-guarulhos\/#breadcrumb","itemListElement":[{"@type":"ListItem","position":1,"name":"In\u00edcio","item":"https:\/\/portaleducacao.guarulhos.sp.gov.br\/wp_site\/portalbienal\/"},{"@type":"ListItem","position":2,"name":"Homenagem \u00e0 biblioteca mais antiga da cidade integra a programa\u00e7\u00e3o da 2\u00aa Bienal do Livro de Guarulhos"}]},{"@type":"WebSite","@id":"https:\/\/portaleducacao.guarulhos.sp.gov.br\/wp_site\/portalbienal\/#website","url":"https:\/\/portaleducacao.guarulhos.sp.gov.br\/wp_site\/portalbienal\/","name":"Bienal do Livro de Guarulhos - 2024","description":"Secretaria de Educa\u00e7\u00e3o - Prefeitura de Guarulhos","publisher":{"@id":"https:\/\/portaleducacao.guarulhos.sp.gov.br\/wp_site\/portalbienal\/#organization"},"potentialAction":[{"@type":"SearchAction","target":{"@type":"EntryPoint","urlTemplate":"https:\/\/portaleducacao.guarulhos.sp.gov.br\/wp_site\/portalbienal\/?s={search_term_string}"},"query-input":"required name=search_term_string"}],"inLanguage":"pt-BR"},{"@type":"Organization","@id":"https:\/\/portaleducacao.guarulhos.sp.gov.br\/wp_site\/portalbienal\/#organization","name":"Bienal do Livro de Guarulhos - 2024","url":"https:\/\/portaleducacao.guarulhos.sp.gov.br\/wp_site\/portalbienal\/","sameAs":[],"logo":{"@type":"ImageObject","inLanguage":"pt-BR","@id":"https:\/\/portaleducacao.guarulhos.sp.gov.br\/wp_site\/portalbienal\/#\/schema\/logo\/image\/","url":"https:\/\/portaleducacao.guarulhos.sp.gov.br\/wp_site\/portalbienal\/wp-content\/uploads\/sites\/22\/2022\/07\/logo_site.jpg","contentUrl":"https:\/\/portaleducacao.guarulhos.sp.gov.br\/wp_site\/portalbienal\/wp-content\/uploads\/sites\/22\/2022\/07\/logo_site.jpg","width":350,"height":100,"caption":"Bienal do Livro de Guarulhos - 2024"},"image":{"@id":"https:\/\/portaleducacao.guarulhos.sp.gov.br\/wp_site\/portalbienal\/#\/schema\/logo\/image\/"}},{"@type":"Person","@id":"https:\/\/portaleducacao.guarulhos.sp.gov.br\/wp_site\/portalbienal\/#\/schema\/person\/9a20a4be9a38c9fbe6d5fdfb9e8a9957","name":"danielleca","image":{"@type":"ImageObject","inLanguage":"pt-BR","@id":"https:\/\/portaleducacao.guarulhos.sp.gov.br\/wp_site\/portalbienal\/#\/schema\/person\/image\/","url":"https:\/\/secure.gravatar.com\/avatar\/2ec709ad925bff508a3993319ba30fa7?s=96&d=mm&r=g","contentUrl":"https:\/\/secure.gravatar.com\/avatar\/2ec709ad925bff508a3993319ba30fa7?s=96&d=mm&r=g","caption":"danielleca"},"url":"https:\/\/portaleducacao.guarulhos.sp.gov.br\/wp_site\/portalbienal\/author\/danielleca\/"}]}},"_links":{"self":[{"href":"https:\/\/portaleducacao.guarulhos.sp.gov.br\/wp_site\/portalbienal\/wp-json\/wp\/v2\/posts\/1648"}],"collection":[{"href":"https:\/\/portaleducacao.guarulhos.sp.gov.br\/wp_site\/portalbienal\/wp-json\/wp\/v2\/posts"}],"about":[{"href":"https:\/\/portaleducacao.guarulhos.sp.gov.br\/wp_site\/portalbienal\/wp-json\/wp\/v2\/types\/post"}],"author":[{"embeddable":true,"href":"https:\/\/portaleducacao.guarulhos.sp.gov.br\/wp_site\/portalbienal\/wp-json\/wp\/v2\/users\/21"}],"replies":[{"embeddable":true,"href":"https:\/\/portaleducacao.guarulhos.sp.gov.br\/wp_site\/portalbienal\/wp-json\/wp\/v2\/comments?post=1648"}],"version-history":[{"count":1,"href":"https:\/\/portaleducacao.guarulhos.sp.gov.br\/wp_site\/portalbienal\/wp-json\/wp\/v2\/posts\/1648\/revisions"}],"predecessor-version":[{"id":1650,"href":"https:\/\/portaleducacao.guarulhos.sp.gov.br\/wp_site\/portalbienal\/wp-json\/wp\/v2\/posts\/1648\/revisions\/1650"}],"wp:featuredmedia":[{"embeddable":true,"href":"https:\/\/portaleducacao.guarulhos.sp.gov.br\/wp_site\/portalbienal\/wp-json\/wp\/v2\/media\/1649"}],"wp:attachment":[{"href":"https:\/\/portaleducacao.guarulhos.sp.gov.br\/wp_site\/portalbienal\/wp-json\/wp\/v2\/media?parent=1648"}],"wp:term":[{"taxonomy":"category","embeddable":true,"href":"https:\/\/portaleducacao.guarulhos.sp.gov.br\/wp_site\/portalbienal\/wp-json\/wp\/v2\/categories?post=1648"},{"taxonomy":"post_tag","embeddable":true,"href":"https:\/\/portaleducacao.guarulhos.sp.gov.br\/wp_site\/portalbienal\/wp-json\/wp\/v2\/tags?post=1648"}],"curies":[{"name":"wp","href":"https:\/\/api.w.org\/{rel}","templated":true}]}}