{"id":1886,"date":"2022-07-26T17:14:39","date_gmt":"2022-07-26T20:14:39","guid":{"rendered":"https:\/\/portaleducacao.guarulhos.sp.gov.br\/wp_site\/portalbienal\/?p=1886"},"modified":"2024-10-16T11:23:32","modified_gmt":"2024-10-16T14:23:32","slug":"veiculos-de-imprensa-ja-podem-se-cadastrar-para-a-cobertura-da-2a-bienal-do-livro-de-guarulhos","status":"publish","type":"post","link":"https:\/\/portaleducacao.guarulhos.sp.gov.br\/wp_site\/portalbienal\/2022\/07\/26\/veiculos-de-imprensa-ja-podem-se-cadastrar-para-a-cobertura-da-2a-bienal-do-livro-de-guarulhos\/","title":{"rendered":"Ve\u00edculos de imprensa j\u00e1 podem se cadastrar para a cobertura da 2\u00aa Bienal do Livro de Guarulhos"},"content":{"rendered":"\n<p>Ve\u00edculos de imprensa e de comunica\u00e7\u00e3o j\u00e1 podem solicitar o credenciamento de seus profissionais para a cobertura da 2\u00aa Bienal do Livro de Guarulhos, que acontece entre os dias 5 e&nbsp;14 de agosto&nbsp;no Internacional Eventos.<\/p>\n\n\n\n<p>Para proceder ao credenciamento, o profissional dever\u00e1 informar a fun\u00e7\u00e3o e o ve\u00edculo no qual trabalha durante o preenchimento do formul\u00e1rio dispon\u00edvel no link\u00a0<a rel=\"noreferrer noopener\" href=\"https:\/\/forms.office.com\/r\/7REnBerbP2\" target=\"_blank\">https:\/\/forms.office.com\/r\/7REnBerbP2<\/a>.<\/p>\n\n\n\n<p>O credenciamento \u00e9 destinado a profissionais com atua\u00e7\u00e3o editorial e permite que eles representem os ve\u00edculos de imprensa durante a realiza\u00e7\u00e3o do evento.<\/p>\n\n\n\n<p>A retirada da credencial de imprensa ser\u00e1 feita a partir do dia&nbsp;5 de agosto, data de abertura da bienal, diariamente das 8h \u00e0s 17h, na sala de imprensa.&nbsp;<\/p>\n\n\n\n<p>Maior evento liter\u00e1rio e cultural da cidade, a 2\u00aa Bienal do Livro de Guarulhos \u00e9 realizada pela Prefeitura e conta com mais de 150 horas de programa\u00e7\u00e3o gratuita oferecida aos visitantes do espa\u00e7o. S\u00e3o palestras, conta\u00e7\u00e3o de hist\u00f3rias, sess\u00f5es de aut\u00f3grafos, apresenta\u00e7\u00f5es musicais, espet\u00e1culos teatrais e exposi\u00e7\u00e3o.<\/p>\n\n\n\n<p>O Internacional Eventos fica na avenida Jo\u00e3o Cavalari, 133, Vila Herm\u00ednia.<\/p>\n","protected":false},"excerpt":{"rendered":"<p>Ve\u00edculos de imprensa e de comunica\u00e7\u00e3o j\u00e1 podem solicitar o credenciamento de seus profissionais para a cobertura da 2\u00aa Bienal do Livro de Guarulhos, que acontece entre os dias 5 &hellip;<\/p>\n<p class=\"read-more\"> <a class=\"\" href=\"https:\/\/portaleducacao.guarulhos.sp.gov.br\/wp_site\/portalbienal\/2022\/07\/26\/veiculos-de-imprensa-ja-podem-se-cadastrar-para-a-cobertura-da-2a-bienal-do-livro-de-guarulhos\/\"> <span class=\"screen-reader-text\">Ve\u00edculos de imprensa j\u00e1 podem se cadastrar para a cobertura da 2\u00aa Bienal do Livro de Guarulhos<\/span> Leia mais &raquo;<\/a><\/p>\n","protected":false},"author":21,"featured_media":1887,"comment_status":"open","ping_status":"open","sticky":false,"template":"","format":"standard","meta":{"_monsterinsights_skip_tracking":false,"_monsterinsights_sitenote_active":false,"_monsterinsights_sitenote_note":"","_monsterinsights_sitenote_category":0,"site-sidebar-layout":"default","site-content-layout":"default","ast-global-header-display":"","ast-main-header-display":"","ast-hfb-above-header-display":"","ast-hfb-below-header-display":"","ast-hfb-mobile-header-display":"","site-post-title":"","ast-breadcrumbs-content":"","ast-featured-img":"","footer-sml-layout":"","theme-transparent-header-meta":"","adv-header-id-meta":"","stick-header-meta":"","header-above-stick-meta":"","header-main-stick-meta":"","header-below-stick-meta":"","_expiration-date-status":"","_expiration-date":0,"_expiration-date-type":"","_expiration-date-categories":[],"_expiration-date-options":[]},"categories":[42,49,1],"tags":[],"yoast_head":"<!-- This site is optimized with the Yoast SEO plugin v19.7.1 - https:\/\/yoast.com\/wordpress\/plugins\/seo\/ -->\r\n<title>Ve\u00edculos de imprensa j\u00e1 podem se cadastrar para a cobertura da 2\u00aa Bienal do Livro de Guarulhos - Bienal do Livro de Guarulhos - 2024<\/title>\r\n<meta name=\"robots\" content=\"index, follow, max-snippet:-1, max-image-preview:large, max-video-preview:-1\" \/>\r\n<link rel=\"canonical\" href=\"https:\/\/portaleducacao.guarulhos.sp.gov.br\/wp_site\/portalbienal\/2022\/07\/26\/veiculos-de-imprensa-ja-podem-se-cadastrar-para-a-cobertura-da-2a-bienal-do-livro-de-guarulhos\/\" \/>\r\n<meta property=\"og:locale\" content=\"pt_BR\" \/>\r\n<meta property=\"og:type\" content=\"article\" \/>\r\n<meta property=\"og:title\" content=\"Ve\u00edculos de imprensa j\u00e1 podem se cadastrar para a cobertura da 2\u00aa Bienal do Livro de Guarulhos - Bienal do Livro de Guarulhos - 2024\" \/>\r\n<meta property=\"og:description\" content=\"Ve\u00edculos de imprensa e de comunica\u00e7\u00e3o j\u00e1 podem solicitar o credenciamento de seus profissionais para a cobertura da 2\u00aa Bienal do Livro de Guarulhos, que acontece entre os dias 5 &hellip; Ve\u00edculos de imprensa j\u00e1 podem se cadastrar para a cobertura da 2\u00aa Bienal do Livro de Guarulhos Leia mais &raquo;\" \/>\r\n<meta property=\"og:url\" content=\"https:\/\/portaleducacao.guarulhos.sp.gov.br\/wp_site\/portalbienal\/2022\/07\/26\/veiculos-de-imprensa-ja-podem-se-cadastrar-para-a-cobertura-da-2a-bienal-do-livro-de-guarulhos\/\" \/>\r\n<meta property=\"og:site_name\" content=\"Bienal do Livro de Guarulhos - 2024\" \/>\r\n<meta property=\"article:published_time\" content=\"2022-07-26T20:14:39+00:00\" \/>\r\n<meta property=\"article:modified_time\" content=\"2024-10-16T14:23:32+00:00\" \/>\r\n<meta property=\"og:image\" content=\"http:\/\/portaleducacao.guarulhos.sp.gov.br\/wp_site\/portalbienal\/wp-content\/uploads\/sites\/22\/2022\/07\/credenciamento.jpeg\" \/>\r\n\t<meta property=\"og:image:width\" content=\"750\" \/>\r\n\t<meta property=\"og:image:height\" content=\"500\" \/>\r\n\t<meta property=\"og:image:type\" content=\"image\/jpeg\" \/>\r\n<meta name=\"author\" content=\"danielleca\" \/>\r\n<meta name=\"twitter:card\" content=\"summary_large_image\" \/>\r\n<meta name=\"twitter:label1\" content=\"Escrito por\" \/>\n\t<meta name=\"twitter:data1\" content=\"danielleca\" \/>\n\t<meta name=\"twitter:label2\" content=\"Est. tempo de leitura\" \/>\n\t<meta name=\"twitter:data2\" content=\"1 minuto\" \/>\r\n<script type=\"application\/ld+json\" class=\"yoast-schema-graph\">{\"@context\":\"https:\/\/schema.org\",\"@graph\":[{\"@type\":\"Article\",\"@id\":\"https:\/\/portaleducacao.guarulhos.sp.gov.br\/wp_site\/portalbienal\/2022\/07\/26\/veiculos-de-imprensa-ja-podem-se-cadastrar-para-a-cobertura-da-2a-bienal-do-livro-de-guarulhos\/#article\",\"isPartOf\":{\"@id\":\"https:\/\/portaleducacao.guarulhos.sp.gov.br\/wp_site\/portalbienal\/2022\/07\/26\/veiculos-de-imprensa-ja-podem-se-cadastrar-para-a-cobertura-da-2a-bienal-do-livro-de-guarulhos\/\"},\"author\":{\"name\":\"danielleca\",\"@id\":\"https:\/\/portaleducacao.guarulhos.sp.gov.br\/wp_site\/portalbienal\/#\/schema\/person\/9a20a4be9a38c9fbe6d5fdfb9e8a9957\"},\"headline\":\"Ve\u00edculos de imprensa j\u00e1 podem se cadastrar para a cobertura da 2\u00aa Bienal do Livro de Guarulhos\",\"datePublished\":\"2022-07-26T20:14:39+00:00\",\"dateModified\":\"2024-10-16T14:23:32+00:00\",\"mainEntityOfPage\":{\"@id\":\"https:\/\/portaleducacao.guarulhos.sp.gov.br\/wp_site\/portalbienal\/2022\/07\/26\/veiculos-de-imprensa-ja-podem-se-cadastrar-para-a-cobertura-da-2a-bienal-do-livro-de-guarulhos\/\"},\"wordCount\":223,\"commentCount\":0,\"publisher\":{\"@id\":\"https:\/\/portaleducacao.guarulhos.sp.gov.br\/wp_site\/portalbienal\/#organization\"},\"articleSection\":[\"Bienal 2023\",\"bienal_22\"],\"inLanguage\":\"pt-BR\",\"potentialAction\":[{\"@type\":\"CommentAction\",\"name\":\"Comment\",\"target\":[\"https:\/\/portaleducacao.guarulhos.sp.gov.br\/wp_site\/portalbienal\/2022\/07\/26\/veiculos-de-imprensa-ja-podem-se-cadastrar-para-a-cobertura-da-2a-bienal-do-livro-de-guarulhos\/#respond\"]}]},{\"@type\":\"WebPage\",\"@id\":\"https:\/\/portaleducacao.guarulhos.sp.gov.br\/wp_site\/portalbienal\/2022\/07\/26\/veiculos-de-imprensa-ja-podem-se-cadastrar-para-a-cobertura-da-2a-bienal-do-livro-de-guarulhos\/\",\"url\":\"https:\/\/portaleducacao.guarulhos.sp.gov.br\/wp_site\/portalbienal\/2022\/07\/26\/veiculos-de-imprensa-ja-podem-se-cadastrar-para-a-cobertura-da-2a-bienal-do-livro-de-guarulhos\/\",\"name\":\"Ve\u00edculos de imprensa j\u00e1 podem se cadastrar para a cobertura da 2\u00aa Bienal do Livro de Guarulhos - Bienal do Livro de Guarulhos - 2024\",\"isPartOf\":{\"@id\":\"https:\/\/portaleducacao.guarulhos.sp.gov.br\/wp_site\/portalbienal\/#website\"},\"datePublished\":\"2022-07-26T20:14:39+00:00\",\"dateModified\":\"2024-10-16T14:23:32+00:00\",\"breadcrumb\":{\"@id\":\"https:\/\/portaleducacao.guarulhos.sp.gov.br\/wp_site\/portalbienal\/2022\/07\/26\/veiculos-de-imprensa-ja-podem-se-cadastrar-para-a-cobertura-da-2a-bienal-do-livro-de-guarulhos\/#breadcrumb\"},\"inLanguage\":\"pt-BR\",\"potentialAction\":[{\"@type\":\"ReadAction\",\"target\":[\"https:\/\/portaleducacao.guarulhos.sp.gov.br\/wp_site\/portalbienal\/2022\/07\/26\/veiculos-de-imprensa-ja-podem-se-cadastrar-para-a-cobertura-da-2a-bienal-do-livro-de-guarulhos\/\"]}]},{\"@type\":\"BreadcrumbList\",\"@id\":\"https:\/\/portaleducacao.guarulhos.sp.gov.br\/wp_site\/portalbienal\/2022\/07\/26\/veiculos-de-imprensa-ja-podem-se-cadastrar-para-a-cobertura-da-2a-bienal-do-livro-de-guarulhos\/#breadcrumb\",\"itemListElement\":[{\"@type\":\"ListItem\",\"position\":1,\"name\":\"In\u00edcio\",\"item\":\"https:\/\/portaleducacao.guarulhos.sp.gov.br\/wp_site\/portalbienal\/\"},{\"@type\":\"ListItem\",\"position\":2,\"name\":\"Ve\u00edculos de imprensa j\u00e1 podem se cadastrar para a cobertura da 2\u00aa Bienal do Livro de Guarulhos\"}]},{\"@type\":\"WebSite\",\"@id\":\"https:\/\/portaleducacao.guarulhos.sp.gov.br\/wp_site\/portalbienal\/#website\",\"url\":\"https:\/\/portaleducacao.guarulhos.sp.gov.br\/wp_site\/portalbienal\/\",\"name\":\"Bienal do Livro de Guarulhos - 2024\",\"description\":\"Secretaria de Educa\u00e7\u00e3o - Prefeitura de Guarulhos\",\"publisher\":{\"@id\":\"https:\/\/portaleducacao.guarulhos.sp.gov.br\/wp_site\/portalbienal\/#organization\"},\"potentialAction\":[{\"@type\":\"SearchAction\",\"target\":{\"@type\":\"EntryPoint\",\"urlTemplate\":\"https:\/\/portaleducacao.guarulhos.sp.gov.br\/wp_site\/portalbienal\/?s={search_term_string}\"},\"query-input\":\"required name=search_term_string\"}],\"inLanguage\":\"pt-BR\"},{\"@type\":\"Organization\",\"@id\":\"https:\/\/portaleducacao.guarulhos.sp.gov.br\/wp_site\/portalbienal\/#organization\",\"name\":\"Bienal do Livro de Guarulhos - 2024\",\"url\":\"https:\/\/portaleducacao.guarulhos.sp.gov.br\/wp_site\/portalbienal\/\",\"sameAs\":[],\"logo\":{\"@type\":\"ImageObject\",\"inLanguage\":\"pt-BR\",\"@id\":\"https:\/\/portaleducacao.guarulhos.sp.gov.br\/wp_site\/portalbienal\/#\/schema\/logo\/image\/\",\"url\":\"https:\/\/portaleducacao.guarulhos.sp.gov.br\/wp_site\/portalbienal\/wp-content\/uploads\/sites\/22\/2022\/07\/logo_site.jpg\",\"contentUrl\":\"https:\/\/portaleducacao.guarulhos.sp.gov.br\/wp_site\/portalbienal\/wp-content\/uploads\/sites\/22\/2022\/07\/logo_site.jpg\",\"width\":350,\"height\":100,\"caption\":\"Bienal do Livro de Guarulhos - 2024\"},\"image\":{\"@id\":\"https:\/\/portaleducacao.guarulhos.sp.gov.br\/wp_site\/portalbienal\/#\/schema\/logo\/image\/\"}},{\"@type\":\"Person\",\"@id\":\"https:\/\/portaleducacao.guarulhos.sp.gov.br\/wp_site\/portalbienal\/#\/schema\/person\/9a20a4be9a38c9fbe6d5fdfb9e8a9957\",\"name\":\"danielleca\",\"image\":{\"@type\":\"ImageObject\",\"inLanguage\":\"pt-BR\",\"@id\":\"https:\/\/portaleducacao.guarulhos.sp.gov.br\/wp_site\/portalbienal\/#\/schema\/person\/image\/\",\"url\":\"https:\/\/secure.gravatar.com\/avatar\/2ec709ad925bff508a3993319ba30fa7?s=96&d=mm&r=g\",\"contentUrl\":\"https:\/\/secure.gravatar.com\/avatar\/2ec709ad925bff508a3993319ba30fa7?s=96&d=mm&r=g\",\"caption\":\"danielleca\"},\"url\":\"https:\/\/portaleducacao.guarulhos.sp.gov.br\/wp_site\/portalbienal\/author\/danielleca\/\"}]}<\/script>\r\n<!-- \/ Yoast SEO plugin. -->","yoast_head_json":{"title":"Ve\u00edculos de imprensa j\u00e1 podem se cadastrar para a cobertura da 2\u00aa Bienal do Livro de Guarulhos - Bienal do Livro de Guarulhos - 2024","robots":{"index":"index","follow":"follow","max-snippet":"max-snippet:-1","max-image-preview":"max-image-preview:large","max-video-preview":"max-video-preview:-1"},"canonical":"https:\/\/portaleducacao.guarulhos.sp.gov.br\/wp_site\/portalbienal\/2022\/07\/26\/veiculos-de-imprensa-ja-podem-se-cadastrar-para-a-cobertura-da-2a-bienal-do-livro-de-guarulhos\/","og_locale":"pt_BR","og_type":"article","og_title":"Ve\u00edculos de imprensa j\u00e1 podem se cadastrar para a cobertura da 2\u00aa Bienal do Livro de Guarulhos - Bienal do Livro de Guarulhos - 2024","og_description":"Ve\u00edculos de imprensa e de comunica\u00e7\u00e3o j\u00e1 podem solicitar o credenciamento de seus profissionais para a cobertura da 2\u00aa Bienal do Livro de Guarulhos, que acontece entre os dias 5 &hellip; Ve\u00edculos de imprensa j\u00e1 podem se cadastrar para a cobertura da 2\u00aa Bienal do Livro de Guarulhos Leia mais &raquo;","og_url":"https:\/\/portaleducacao.guarulhos.sp.gov.br\/wp_site\/portalbienal\/2022\/07\/26\/veiculos-de-imprensa-ja-podem-se-cadastrar-para-a-cobertura-da-2a-bienal-do-livro-de-guarulhos\/","og_site_name":"Bienal do Livro de Guarulhos - 2024","article_published_time":"2022-07-26T20:14:39+00:00","article_modified_time":"2024-10-16T14:23:32+00:00","og_image":[{"width":750,"height":500,"url":"http:\/\/portaleducacao.guarulhos.sp.gov.br\/wp_site\/portalbienal\/wp-content\/uploads\/sites\/22\/2022\/07\/credenciamento.jpeg","type":"image\/jpeg"}],"author":"danielleca","twitter_card":"summary_large_image","twitter_misc":{"Escrito por":"danielleca","Est. tempo de leitura":"1 minuto"},"schema":{"@context":"https:\/\/schema.org","@graph":[{"@type":"Article","@id":"https:\/\/portaleducacao.guarulhos.sp.gov.br\/wp_site\/portalbienal\/2022\/07\/26\/veiculos-de-imprensa-ja-podem-se-cadastrar-para-a-cobertura-da-2a-bienal-do-livro-de-guarulhos\/#article","isPartOf":{"@id":"https:\/\/portaleducacao.guarulhos.sp.gov.br\/wp_site\/portalbienal\/2022\/07\/26\/veiculos-de-imprensa-ja-podem-se-cadastrar-para-a-cobertura-da-2a-bienal-do-livro-de-guarulhos\/"},"author":{"name":"danielleca","@id":"https:\/\/portaleducacao.guarulhos.sp.gov.br\/wp_site\/portalbienal\/#\/schema\/person\/9a20a4be9a38c9fbe6d5fdfb9e8a9957"},"headline":"Ve\u00edculos de imprensa j\u00e1 podem se cadastrar para a cobertura da 2\u00aa Bienal do Livro de Guarulhos","datePublished":"2022-07-26T20:14:39+00:00","dateModified":"2024-10-16T14:23:32+00:00","mainEntityOfPage":{"@id":"https:\/\/portaleducacao.guarulhos.sp.gov.br\/wp_site\/portalbienal\/2022\/07\/26\/veiculos-de-imprensa-ja-podem-se-cadastrar-para-a-cobertura-da-2a-bienal-do-livro-de-guarulhos\/"},"wordCount":223,"commentCount":0,"publisher":{"@id":"https:\/\/portaleducacao.guarulhos.sp.gov.br\/wp_site\/portalbienal\/#organization"},"articleSection":["Bienal 2023","bienal_22"],"inLanguage":"pt-BR","potentialAction":[{"@type":"CommentAction","name":"Comment","target":["https:\/\/portaleducacao.guarulhos.sp.gov.br\/wp_site\/portalbienal\/2022\/07\/26\/veiculos-de-imprensa-ja-podem-se-cadastrar-para-a-cobertura-da-2a-bienal-do-livro-de-guarulhos\/#respond"]}]},{"@type":"WebPage","@id":"https:\/\/portaleducacao.guarulhos.sp.gov.br\/wp_site\/portalbienal\/2022\/07\/26\/veiculos-de-imprensa-ja-podem-se-cadastrar-para-a-cobertura-da-2a-bienal-do-livro-de-guarulhos\/","url":"https:\/\/portaleducacao.guarulhos.sp.gov.br\/wp_site\/portalbienal\/2022\/07\/26\/veiculos-de-imprensa-ja-podem-se-cadastrar-para-a-cobertura-da-2a-bienal-do-livro-de-guarulhos\/","name":"Ve\u00edculos de imprensa j\u00e1 podem se cadastrar para a cobertura da 2\u00aa Bienal do Livro de Guarulhos - Bienal do Livro de Guarulhos - 2024","isPartOf":{"@id":"https:\/\/portaleducacao.guarulhos.sp.gov.br\/wp_site\/portalbienal\/#website"},"datePublished":"2022-07-26T20:14:39+00:00","dateModified":"2024-10-16T14:23:32+00:00","breadcrumb":{"@id":"https:\/\/portaleducacao.guarulhos.sp.gov.br\/wp_site\/portalbienal\/2022\/07\/26\/veiculos-de-imprensa-ja-podem-se-cadastrar-para-a-cobertura-da-2a-bienal-do-livro-de-guarulhos\/#breadcrumb"},"inLanguage":"pt-BR","potentialAction":[{"@type":"ReadAction","target":["https:\/\/portaleducacao.guarulhos.sp.gov.br\/wp_site\/portalbienal\/2022\/07\/26\/veiculos-de-imprensa-ja-podem-se-cadastrar-para-a-cobertura-da-2a-bienal-do-livro-de-guarulhos\/"]}]},{"@type":"BreadcrumbList","@id":"https:\/\/portaleducacao.guarulhos.sp.gov.br\/wp_site\/portalbienal\/2022\/07\/26\/veiculos-de-imprensa-ja-podem-se-cadastrar-para-a-cobertura-da-2a-bienal-do-livro-de-guarulhos\/#breadcrumb","itemListElement":[{"@type":"ListItem","position":1,"name":"In\u00edcio","item":"https:\/\/portaleducacao.guarulhos.sp.gov.br\/wp_site\/portalbienal\/"},{"@type":"ListItem","position":2,"name":"Ve\u00edculos de imprensa j\u00e1 podem se cadastrar para a cobertura da 2\u00aa Bienal do Livro de Guarulhos"}]},{"@type":"WebSite","@id":"https:\/\/portaleducacao.guarulhos.sp.gov.br\/wp_site\/portalbienal\/#website","url":"https:\/\/portaleducacao.guarulhos.sp.gov.br\/wp_site\/portalbienal\/","name":"Bienal do Livro de Guarulhos - 2024","description":"Secretaria de Educa\u00e7\u00e3o - Prefeitura de Guarulhos","publisher":{"@id":"https:\/\/portaleducacao.guarulhos.sp.gov.br\/wp_site\/portalbienal\/#organization"},"potentialAction":[{"@type":"SearchAction","target":{"@type":"EntryPoint","urlTemplate":"https:\/\/portaleducacao.guarulhos.sp.gov.br\/wp_site\/portalbienal\/?s={search_term_string}"},"query-input":"required name=search_term_string"}],"inLanguage":"pt-BR"},{"@type":"Organization","@id":"https:\/\/portaleducacao.guarulhos.sp.gov.br\/wp_site\/portalbienal\/#organization","name":"Bienal do Livro de Guarulhos - 2024","url":"https:\/\/portaleducacao.guarulhos.sp.gov.br\/wp_site\/portalbienal\/","sameAs":[],"logo":{"@type":"ImageObject","inLanguage":"pt-BR","@id":"https:\/\/portaleducacao.guarulhos.sp.gov.br\/wp_site\/portalbienal\/#\/schema\/logo\/image\/","url":"https:\/\/portaleducacao.guarulhos.sp.gov.br\/wp_site\/portalbienal\/wp-content\/uploads\/sites\/22\/2022\/07\/logo_site.jpg","contentUrl":"https:\/\/portaleducacao.guarulhos.sp.gov.br\/wp_site\/portalbienal\/wp-content\/uploads\/sites\/22\/2022\/07\/logo_site.jpg","width":350,"height":100,"caption":"Bienal do Livro de Guarulhos - 2024"},"image":{"@id":"https:\/\/portaleducacao.guarulhos.sp.gov.br\/wp_site\/portalbienal\/#\/schema\/logo\/image\/"}},{"@type":"Person","@id":"https:\/\/portaleducacao.guarulhos.sp.gov.br\/wp_site\/portalbienal\/#\/schema\/person\/9a20a4be9a38c9fbe6d5fdfb9e8a9957","name":"danielleca","image":{"@type":"ImageObject","inLanguage":"pt-BR","@id":"https:\/\/portaleducacao.guarulhos.sp.gov.br\/wp_site\/portalbienal\/#\/schema\/person\/image\/","url":"https:\/\/secure.gravatar.com\/avatar\/2ec709ad925bff508a3993319ba30fa7?s=96&d=mm&r=g","contentUrl":"https:\/\/secure.gravatar.com\/avatar\/2ec709ad925bff508a3993319ba30fa7?s=96&d=mm&r=g","caption":"danielleca"},"url":"https:\/\/portaleducacao.guarulhos.sp.gov.br\/wp_site\/portalbienal\/author\/danielleca\/"}]}},"_links":{"self":[{"href":"https:\/\/portaleducacao.guarulhos.sp.gov.br\/wp_site\/portalbienal\/wp-json\/wp\/v2\/posts\/1886"}],"collection":[{"href":"https:\/\/portaleducacao.guarulhos.sp.gov.br\/wp_site\/portalbienal\/wp-json\/wp\/v2\/posts"}],"about":[{"href":"https:\/\/portaleducacao.guarulhos.sp.gov.br\/wp_site\/portalbienal\/wp-json\/wp\/v2\/types\/post"}],"author":[{"embeddable":true,"href":"https:\/\/portaleducacao.guarulhos.sp.gov.br\/wp_site\/portalbienal\/wp-json\/wp\/v2\/users\/21"}],"replies":[{"embeddable":true,"href":"https:\/\/portaleducacao.guarulhos.sp.gov.br\/wp_site\/portalbienal\/wp-json\/wp\/v2\/comments?post=1886"}],"version-history":[{"count":3,"href":"https:\/\/portaleducacao.guarulhos.sp.gov.br\/wp_site\/portalbienal\/wp-json\/wp\/v2\/posts\/1886\/revisions"}],"predecessor-version":[{"id":2580,"href":"https:\/\/portaleducacao.guarulhos.sp.gov.br\/wp_site\/portalbienal\/wp-json\/wp\/v2\/posts\/1886\/revisions\/2580"}],"wp:featuredmedia":[{"embeddable":true,"href":"https:\/\/portaleducacao.guarulhos.sp.gov.br\/wp_site\/portalbienal\/wp-json\/wp\/v2\/media\/1887"}],"wp:attachment":[{"href":"https:\/\/portaleducacao.guarulhos.sp.gov.br\/wp_site\/portalbienal\/wp-json\/wp\/v2\/media?parent=1886"}],"wp:term":[{"taxonomy":"category","embeddable":true,"href":"https:\/\/portaleducacao.guarulhos.sp.gov.br\/wp_site\/portalbienal\/wp-json\/wp\/v2\/categories?post=1886"},{"taxonomy":"post_tag","embeddable":true,"href":"https:\/\/portaleducacao.guarulhos.sp.gov.br\/wp_site\/portalbienal\/wp-json\/wp\/v2\/tags?post=1886"}],"curies":[{"name":"wp","href":"https:\/\/api.w.org\/{rel}","templated":true}]}}