{"id":1915,"date":"2022-07-27T09:16:44","date_gmt":"2022-07-27T12:16:44","guid":{"rendered":"https:\/\/portaleducacao.guarulhos.sp.gov.br\/wp_site\/portalbienal\/?p=1915"},"modified":"2024-10-16T11:23:23","modified_gmt":"2024-10-16T14:23:23","slug":"bienal-do-livro-de-guarulhos-tem-recorde-de-inscricoes-de-autores-independentes-da-cidade","status":"publish","type":"post","link":"https:\/\/portaleducacao.guarulhos.sp.gov.br\/wp_site\/portalbienal\/2022\/07\/27\/bienal-do-livro-de-guarulhos-tem-recorde-de-inscricoes-de-autores-independentes-da-cidade\/","title":{"rendered":"Bienal do Livro de Guarulhos tem recorde de inscri\u00e7\u00f5es de autores independentes da cidade"},"content":{"rendered":"\n<p>A 2\u00aa Bienal do Livro de Guarulhos registrou o credenciamento de 95 autores independentes da cidade, dentre escritores e cartunistas, interessados em divulgar, expor e vender suas obras durante o evento, que acontece entre os dias 5 e 14 de agosto, no Internacional Eventos. Na \u00faltima segunda-feira (25), data em que foi celebrado o Dia Nacional do Escritor, o alto \u00edndice de inscritos aponta para a\u00e7\u00f5es de fomento ao livro e \u00e0 leitura com grande impacto na vida dos mun\u00edcipes.<\/p>\n\n\n\n<p>O n\u00famero de credenciados para esta edi\u00e7\u00e3o \u00e9 tr\u00eas vezes maior que em 2018, quando cerca de 30 autores da cidade participaram do evento. Em 2022, chama aten\u00e7\u00e3o o credenciamento de autores de diferentes gera\u00e7\u00f5es, como Di\u00f3genes Torres de Oliveira, que acaba de completar 13 anos e lan\u00e7ou o livro <em>Contos<\/em>, e Manoel Messias Alves, de 86 anos, autor de <em>Chonta, o pecado<\/em>.<\/p>\n\n\n\n<p>Em meio aos mais experientes, h\u00e1 escritores com reconhecida trajet\u00f3ria liter\u00e1ria em Guarulhos como Guilhermina Helfstein, que em outubro do ano passado publicou o livro infantil <em>Circo Amazonas<\/em>, obra que aborda a quest\u00e3o de maus-tratos dos animais. Entre os estreantes est\u00e1 o guarulhense Tiago Harris, que \u00e9 formado em Com\u00e9rcio Exterior e Rela\u00e7\u00f5es Internacionais, atua como influenciador digital, blogueiro e \u00e9 autor do livro <em>Temos nosso pr\u00f3prio tempo<\/em>. Nas artes gr\u00e1ficas, o cartunista Fausto Bergocce traz para a Bienal do Livro sua \u00faltima obra, <em>O Cartunista e a Poetisa<\/em>, com 29 poemas da poetisa Dil\u00e9n\u00e9 Barretos e ilustra\u00e7\u00f5es de sua autoria.<\/p>\n\n\n\n<h3><strong>Fomento ao livro e \u00e0 literatura<\/strong><\/h3>\n\n\n\n<p>O aumento de mais de 216% de escritores guarulhenses inscritos na 2\u00aa Bienal do Livro de Guarulhos pode ser explicado por in\u00fameras a\u00e7\u00f5es assertivas adotadas pela administra\u00e7\u00e3o p\u00fablica no munic\u00edpio de Guarulhos. Dentre elas est\u00e1 o Pr\u00eamio Joao Ranali de Literatura, que tem como objetivo promover e divulgar a produ\u00e7\u00e3o po\u00e9tica de autores residentes em Guarulhos, de contos e cr\u00f4nicas em sua manifesta\u00e7\u00e3o escrita.<\/p>\n\n\n\n<p>Outro exemplo s\u00e3o as pol\u00edticas p\u00fablicas para fomento \u00e0 leitura nos espa\u00e7os p\u00fablicos, o que fez com que Guarulhos alcan\u00e7asse, no m\u00eas de mar\u00e7o, a marca de 15 mil pessoas que frequentaram as Bibliotecas da Educa\u00e7\u00e3o, os Centros Municipais de Incentivo \u00e0 Leitura (CMILs), os Centros de Incentivo \u00e0 Leitura (CILs) e as Salas de Leitura. Ao todo s\u00e3o 26 locais que oferecem diversas atividades gratuitas, abertas \u00e0 comunidade, com o objetivo de disseminar e promover o h\u00e1bito da leitura.<\/p>\n\n\n\n<p>Outro fator importante foi a destina\u00e7\u00e3o de recursos da Lei Aldir Blanc em 2020 e 2021 para aux\u00edlio emergencial \u00e0 classe art\u00edstica, altamente prejudicada pela pandemia da covid-19. Por meio do Fundo Municipal de Cultura de Guarulhos, o FunCultura, foram destinados recursos da Lei Aldir Blanc para publica\u00e7\u00e3o de obras como <em>Guarulhos \u2013 Olhares sobre o Trabalho e Cotidiano<\/em>, de Ivan Canoletto e Tiago Guerra, <em>Sou Fogo<\/em>, de Alex Ara\u00fajo, Rebeli\u00e3o Maromomi, de Thiago Loreto e diversos autores, <em>F\u00e9, Festas e Viola <\/em>e<em> F\u00e9, Festas e Culin\u00e1ria<\/em>, de Diego Dion\u00edsio, <em>Entre Linhas e Formas da Natureza<\/em>, livro de artistas pl\u00e1sticos do coletivo Ateli\u00ea Conex\u00f5es, <em>Mulheres Que Conheci<\/em>, de Rosa Mascarenhas, entre outras.<\/p>\n\n\n\n<p>A 2\u00aa Bienal do Livro de Guarulhos \u00e9 gratuita e acontece entre os dias 5 e 14 de agosto, de segunda a s\u00e1bado, das 10h \u00e0s 22h, domingos, das 10h \u00e0s 20h, no Internacional Eventos, na avenida Jo\u00e3o Cavalari, 133, Vila Herm\u00ednia.<\/p>\n\n\n\n<p>Para mais informa\u00e7\u00f5es sobre o evento acesse <strong><em><a href=\"http:\/\/bienaldolivro.guarulhos.sp.gov.br\" target=\"_blank\" rel=\"noreferrer noopener\">http:\/\/bienaldolivro.guarulhos.sp.gov.br<\/a><\/em><\/strong> e acompanhe o perfil <strong><em><a href=\"https:\/\/www.instagram.com\/bienaldolivrogru\/\" data-type=\"URL\" data-id=\"https:\/\/www.instagram.com\/bienaldolivrogru\/\" target=\"_blank\" rel=\"noreferrer noopener\">@bienaldolivrogru<\/a><\/em><\/strong> no Instagram.<\/p>\n\n\n\n<p>Foto: Eduardo Calabria\/SE<\/p>\n","protected":false},"excerpt":{"rendered":"<p>A 2\u00aa Bienal do Livro de Guarulhos registrou o credenciamento de 95 autores independentes da cidade, dentre escritores e cartunistas, interessados em divulgar, expor e vender suas obras durante o &hellip;<\/p>\n<p class=\"read-more\"> <a class=\"\" href=\"https:\/\/portaleducacao.guarulhos.sp.gov.br\/wp_site\/portalbienal\/2022\/07\/27\/bienal-do-livro-de-guarulhos-tem-recorde-de-inscricoes-de-autores-independentes-da-cidade\/\"> <span class=\"screen-reader-text\">Bienal do Livro de Guarulhos tem recorde de inscri\u00e7\u00f5es de autores independentes da cidade<\/span> Leia mais &raquo;<\/a><\/p>\n","protected":false},"author":21,"featured_media":1916,"comment_status":"open","ping_status":"open","sticky":false,"template":"","format":"standard","meta":{"_monsterinsights_skip_tracking":false,"_monsterinsights_sitenote_active":false,"_monsterinsights_sitenote_note":"","_monsterinsights_sitenote_category":0,"site-sidebar-layout":"default","site-content-layout":"default","ast-global-header-display":"","ast-main-header-display":"","ast-hfb-above-header-display":"","ast-hfb-below-header-display":"","ast-hfb-mobile-header-display":"","site-post-title":"","ast-breadcrumbs-content":"","ast-featured-img":"","footer-sml-layout":"","theme-transparent-header-meta":"","adv-header-id-meta":"","stick-header-meta":"","header-above-stick-meta":"","header-main-stick-meta":"","header-below-stick-meta":"","_expiration-date-status":"","_expiration-date":0,"_expiration-date-type":"","_expiration-date-categories":[],"_expiration-date-options":[]},"categories":[42,49,1],"tags":[],"yoast_head":"<!-- This site is optimized with the Yoast SEO plugin v19.7.1 - https:\/\/yoast.com\/wordpress\/plugins\/seo\/ -->\r\n<title>Bienal do Livro de Guarulhos tem recorde de inscri\u00e7\u00f5es de autores independentes da cidade - Bienal do Livro de Guarulhos - 2024<\/title>\r\n<meta name=\"robots\" content=\"index, follow, max-snippet:-1, max-image-preview:large, max-video-preview:-1\" \/>\r\n<link rel=\"canonical\" href=\"https:\/\/portaleducacao.guarulhos.sp.gov.br\/wp_site\/portalbienal\/2022\/07\/27\/bienal-do-livro-de-guarulhos-tem-recorde-de-inscricoes-de-autores-independentes-da-cidade\/\" \/>\r\n<meta property=\"og:locale\" content=\"pt_BR\" \/>\r\n<meta property=\"og:type\" content=\"article\" \/>\r\n<meta property=\"og:title\" content=\"Bienal do Livro de Guarulhos tem recorde de inscri\u00e7\u00f5es de autores independentes da cidade - Bienal do Livro de Guarulhos - 2024\" \/>\r\n<meta property=\"og:description\" content=\"A 2\u00aa Bienal do Livro de Guarulhos registrou o credenciamento de 95 autores independentes da cidade, dentre escritores e cartunistas, interessados em divulgar, expor e vender suas obras durante o &hellip; Bienal do Livro de Guarulhos tem recorde de inscri\u00e7\u00f5es de autores independentes da cidade Leia mais &raquo;\" \/>\r\n<meta property=\"og:url\" content=\"https:\/\/portaleducacao.guarulhos.sp.gov.br\/wp_site\/portalbienal\/2022\/07\/27\/bienal-do-livro-de-guarulhos-tem-recorde-de-inscricoes-de-autores-independentes-da-cidade\/\" \/>\r\n<meta property=\"og:site_name\" content=\"Bienal do Livro de Guarulhos - 2024\" \/>\r\n<meta property=\"article:published_time\" content=\"2022-07-27T12:16:44+00:00\" \/>\r\n<meta property=\"article:modified_time\" content=\"2024-10-16T14:23:23+00:00\" \/>\r\n<meta property=\"og:image\" content=\"http:\/\/portaleducacao.guarulhos.sp.gov.br\/wp_site\/portalbienal\/wp-content\/uploads\/sites\/22\/2022\/07\/Autores-independentes-Foto-Eduardo-Calabria.jpg\" \/>\r\n\t<meta property=\"og:image:width\" content=\"780\" \/>\r\n\t<meta property=\"og:image:height\" content=\"520\" \/>\r\n\t<meta property=\"og:image:type\" content=\"image\/jpeg\" \/>\r\n<meta name=\"author\" content=\"danielleca\" \/>\r\n<meta name=\"twitter:card\" content=\"summary_large_image\" \/>\r\n<meta name=\"twitter:label1\" content=\"Escrito por\" \/>\n\t<meta name=\"twitter:data1\" content=\"danielleca\" \/>\n\t<meta name=\"twitter:label2\" content=\"Est. tempo de leitura\" \/>\n\t<meta name=\"twitter:data2\" content=\"3 minutos\" \/>\r\n<script type=\"application\/ld+json\" class=\"yoast-schema-graph\">{\"@context\":\"https:\/\/schema.org\",\"@graph\":[{\"@type\":\"Article\",\"@id\":\"https:\/\/portaleducacao.guarulhos.sp.gov.br\/wp_site\/portalbienal\/2022\/07\/27\/bienal-do-livro-de-guarulhos-tem-recorde-de-inscricoes-de-autores-independentes-da-cidade\/#article\",\"isPartOf\":{\"@id\":\"https:\/\/portaleducacao.guarulhos.sp.gov.br\/wp_site\/portalbienal\/2022\/07\/27\/bienal-do-livro-de-guarulhos-tem-recorde-de-inscricoes-de-autores-independentes-da-cidade\/\"},\"author\":{\"name\":\"danielleca\",\"@id\":\"https:\/\/portaleducacao.guarulhos.sp.gov.br\/wp_site\/portalbienal\/#\/schema\/person\/9a20a4be9a38c9fbe6d5fdfb9e8a9957\"},\"headline\":\"Bienal do Livro de Guarulhos tem recorde de inscri\u00e7\u00f5es de autores independentes da cidade\",\"datePublished\":\"2022-07-27T12:16:44+00:00\",\"dateModified\":\"2024-10-16T14:23:23+00:00\",\"mainEntityOfPage\":{\"@id\":\"https:\/\/portaleducacao.guarulhos.sp.gov.br\/wp_site\/portalbienal\/2022\/07\/27\/bienal-do-livro-de-guarulhos-tem-recorde-de-inscricoes-de-autores-independentes-da-cidade\/\"},\"wordCount\":623,\"commentCount\":0,\"publisher\":{\"@id\":\"https:\/\/portaleducacao.guarulhos.sp.gov.br\/wp_site\/portalbienal\/#organization\"},\"articleSection\":[\"Bienal 2023\",\"bienal_22\"],\"inLanguage\":\"pt-BR\",\"potentialAction\":[{\"@type\":\"CommentAction\",\"name\":\"Comment\",\"target\":[\"https:\/\/portaleducacao.guarulhos.sp.gov.br\/wp_site\/portalbienal\/2022\/07\/27\/bienal-do-livro-de-guarulhos-tem-recorde-de-inscricoes-de-autores-independentes-da-cidade\/#respond\"]}]},{\"@type\":\"WebPage\",\"@id\":\"https:\/\/portaleducacao.guarulhos.sp.gov.br\/wp_site\/portalbienal\/2022\/07\/27\/bienal-do-livro-de-guarulhos-tem-recorde-de-inscricoes-de-autores-independentes-da-cidade\/\",\"url\":\"https:\/\/portaleducacao.guarulhos.sp.gov.br\/wp_site\/portalbienal\/2022\/07\/27\/bienal-do-livro-de-guarulhos-tem-recorde-de-inscricoes-de-autores-independentes-da-cidade\/\",\"name\":\"Bienal do Livro de Guarulhos tem recorde de inscri\u00e7\u00f5es de autores independentes da cidade - Bienal do Livro de Guarulhos - 2024\",\"isPartOf\":{\"@id\":\"https:\/\/portaleducacao.guarulhos.sp.gov.br\/wp_site\/portalbienal\/#website\"},\"datePublished\":\"2022-07-27T12:16:44+00:00\",\"dateModified\":\"2024-10-16T14:23:23+00:00\",\"breadcrumb\":{\"@id\":\"https:\/\/portaleducacao.guarulhos.sp.gov.br\/wp_site\/portalbienal\/2022\/07\/27\/bienal-do-livro-de-guarulhos-tem-recorde-de-inscricoes-de-autores-independentes-da-cidade\/#breadcrumb\"},\"inLanguage\":\"pt-BR\",\"potentialAction\":[{\"@type\":\"ReadAction\",\"target\":[\"https:\/\/portaleducacao.guarulhos.sp.gov.br\/wp_site\/portalbienal\/2022\/07\/27\/bienal-do-livro-de-guarulhos-tem-recorde-de-inscricoes-de-autores-independentes-da-cidade\/\"]}]},{\"@type\":\"BreadcrumbList\",\"@id\":\"https:\/\/portaleducacao.guarulhos.sp.gov.br\/wp_site\/portalbienal\/2022\/07\/27\/bienal-do-livro-de-guarulhos-tem-recorde-de-inscricoes-de-autores-independentes-da-cidade\/#breadcrumb\",\"itemListElement\":[{\"@type\":\"ListItem\",\"position\":1,\"name\":\"In\u00edcio\",\"item\":\"https:\/\/portaleducacao.guarulhos.sp.gov.br\/wp_site\/portalbienal\/\"},{\"@type\":\"ListItem\",\"position\":2,\"name\":\"Bienal do Livro de Guarulhos tem recorde de inscri\u00e7\u00f5es de autores independentes da cidade\"}]},{\"@type\":\"WebSite\",\"@id\":\"https:\/\/portaleducacao.guarulhos.sp.gov.br\/wp_site\/portalbienal\/#website\",\"url\":\"https:\/\/portaleducacao.guarulhos.sp.gov.br\/wp_site\/portalbienal\/\",\"name\":\"Bienal do Livro de Guarulhos - 2024\",\"description\":\"Secretaria de Educa\u00e7\u00e3o - Prefeitura de Guarulhos\",\"publisher\":{\"@id\":\"https:\/\/portaleducacao.guarulhos.sp.gov.br\/wp_site\/portalbienal\/#organization\"},\"potentialAction\":[{\"@type\":\"SearchAction\",\"target\":{\"@type\":\"EntryPoint\",\"urlTemplate\":\"https:\/\/portaleducacao.guarulhos.sp.gov.br\/wp_site\/portalbienal\/?s={search_term_string}\"},\"query-input\":\"required name=search_term_string\"}],\"inLanguage\":\"pt-BR\"},{\"@type\":\"Organization\",\"@id\":\"https:\/\/portaleducacao.guarulhos.sp.gov.br\/wp_site\/portalbienal\/#organization\",\"name\":\"Bienal do Livro de Guarulhos - 2024\",\"url\":\"https:\/\/portaleducacao.guarulhos.sp.gov.br\/wp_site\/portalbienal\/\",\"sameAs\":[],\"logo\":{\"@type\":\"ImageObject\",\"inLanguage\":\"pt-BR\",\"@id\":\"https:\/\/portaleducacao.guarulhos.sp.gov.br\/wp_site\/portalbienal\/#\/schema\/logo\/image\/\",\"url\":\"https:\/\/portaleducacao.guarulhos.sp.gov.br\/wp_site\/portalbienal\/wp-content\/uploads\/sites\/22\/2022\/07\/logo_site.jpg\",\"contentUrl\":\"https:\/\/portaleducacao.guarulhos.sp.gov.br\/wp_site\/portalbienal\/wp-content\/uploads\/sites\/22\/2022\/07\/logo_site.jpg\",\"width\":350,\"height\":100,\"caption\":\"Bienal do Livro de Guarulhos - 2024\"},\"image\":{\"@id\":\"https:\/\/portaleducacao.guarulhos.sp.gov.br\/wp_site\/portalbienal\/#\/schema\/logo\/image\/\"}},{\"@type\":\"Person\",\"@id\":\"https:\/\/portaleducacao.guarulhos.sp.gov.br\/wp_site\/portalbienal\/#\/schema\/person\/9a20a4be9a38c9fbe6d5fdfb9e8a9957\",\"name\":\"danielleca\",\"image\":{\"@type\":\"ImageObject\",\"inLanguage\":\"pt-BR\",\"@id\":\"https:\/\/portaleducacao.guarulhos.sp.gov.br\/wp_site\/portalbienal\/#\/schema\/person\/image\/\",\"url\":\"https:\/\/secure.gravatar.com\/avatar\/2ec709ad925bff508a3993319ba30fa7?s=96&d=mm&r=g\",\"contentUrl\":\"https:\/\/secure.gravatar.com\/avatar\/2ec709ad925bff508a3993319ba30fa7?s=96&d=mm&r=g\",\"caption\":\"danielleca\"},\"url\":\"https:\/\/portaleducacao.guarulhos.sp.gov.br\/wp_site\/portalbienal\/author\/danielleca\/\"}]}<\/script>\r\n<!-- \/ Yoast SEO plugin. -->","yoast_head_json":{"title":"Bienal do Livro de Guarulhos tem recorde de inscri\u00e7\u00f5es de autores independentes da cidade - Bienal do Livro de Guarulhos - 2024","robots":{"index":"index","follow":"follow","max-snippet":"max-snippet:-1","max-image-preview":"max-image-preview:large","max-video-preview":"max-video-preview:-1"},"canonical":"https:\/\/portaleducacao.guarulhos.sp.gov.br\/wp_site\/portalbienal\/2022\/07\/27\/bienal-do-livro-de-guarulhos-tem-recorde-de-inscricoes-de-autores-independentes-da-cidade\/","og_locale":"pt_BR","og_type":"article","og_title":"Bienal do Livro de Guarulhos tem recorde de inscri\u00e7\u00f5es de autores independentes da cidade - Bienal do Livro de Guarulhos - 2024","og_description":"A 2\u00aa Bienal do Livro de Guarulhos registrou o credenciamento de 95 autores independentes da cidade, dentre escritores e cartunistas, interessados em divulgar, expor e vender suas obras durante o &hellip; Bienal do Livro de Guarulhos tem recorde de inscri\u00e7\u00f5es de autores independentes da cidade Leia mais &raquo;","og_url":"https:\/\/portaleducacao.guarulhos.sp.gov.br\/wp_site\/portalbienal\/2022\/07\/27\/bienal-do-livro-de-guarulhos-tem-recorde-de-inscricoes-de-autores-independentes-da-cidade\/","og_site_name":"Bienal do Livro de Guarulhos - 2024","article_published_time":"2022-07-27T12:16:44+00:00","article_modified_time":"2024-10-16T14:23:23+00:00","og_image":[{"width":780,"height":520,"url":"http:\/\/portaleducacao.guarulhos.sp.gov.br\/wp_site\/portalbienal\/wp-content\/uploads\/sites\/22\/2022\/07\/Autores-independentes-Foto-Eduardo-Calabria.jpg","type":"image\/jpeg"}],"author":"danielleca","twitter_card":"summary_large_image","twitter_misc":{"Escrito por":"danielleca","Est. tempo de leitura":"3 minutos"},"schema":{"@context":"https:\/\/schema.org","@graph":[{"@type":"Article","@id":"https:\/\/portaleducacao.guarulhos.sp.gov.br\/wp_site\/portalbienal\/2022\/07\/27\/bienal-do-livro-de-guarulhos-tem-recorde-de-inscricoes-de-autores-independentes-da-cidade\/#article","isPartOf":{"@id":"https:\/\/portaleducacao.guarulhos.sp.gov.br\/wp_site\/portalbienal\/2022\/07\/27\/bienal-do-livro-de-guarulhos-tem-recorde-de-inscricoes-de-autores-independentes-da-cidade\/"},"author":{"name":"danielleca","@id":"https:\/\/portaleducacao.guarulhos.sp.gov.br\/wp_site\/portalbienal\/#\/schema\/person\/9a20a4be9a38c9fbe6d5fdfb9e8a9957"},"headline":"Bienal do Livro de Guarulhos tem recorde de inscri\u00e7\u00f5es de autores independentes da cidade","datePublished":"2022-07-27T12:16:44+00:00","dateModified":"2024-10-16T14:23:23+00:00","mainEntityOfPage":{"@id":"https:\/\/portaleducacao.guarulhos.sp.gov.br\/wp_site\/portalbienal\/2022\/07\/27\/bienal-do-livro-de-guarulhos-tem-recorde-de-inscricoes-de-autores-independentes-da-cidade\/"},"wordCount":623,"commentCount":0,"publisher":{"@id":"https:\/\/portaleducacao.guarulhos.sp.gov.br\/wp_site\/portalbienal\/#organization"},"articleSection":["Bienal 2023","bienal_22"],"inLanguage":"pt-BR","potentialAction":[{"@type":"CommentAction","name":"Comment","target":["https:\/\/portaleducacao.guarulhos.sp.gov.br\/wp_site\/portalbienal\/2022\/07\/27\/bienal-do-livro-de-guarulhos-tem-recorde-de-inscricoes-de-autores-independentes-da-cidade\/#respond"]}]},{"@type":"WebPage","@id":"https:\/\/portaleducacao.guarulhos.sp.gov.br\/wp_site\/portalbienal\/2022\/07\/27\/bienal-do-livro-de-guarulhos-tem-recorde-de-inscricoes-de-autores-independentes-da-cidade\/","url":"https:\/\/portaleducacao.guarulhos.sp.gov.br\/wp_site\/portalbienal\/2022\/07\/27\/bienal-do-livro-de-guarulhos-tem-recorde-de-inscricoes-de-autores-independentes-da-cidade\/","name":"Bienal do Livro de Guarulhos tem recorde de inscri\u00e7\u00f5es de autores independentes da cidade - Bienal do Livro de Guarulhos - 2024","isPartOf":{"@id":"https:\/\/portaleducacao.guarulhos.sp.gov.br\/wp_site\/portalbienal\/#website"},"datePublished":"2022-07-27T12:16:44+00:00","dateModified":"2024-10-16T14:23:23+00:00","breadcrumb":{"@id":"https:\/\/portaleducacao.guarulhos.sp.gov.br\/wp_site\/portalbienal\/2022\/07\/27\/bienal-do-livro-de-guarulhos-tem-recorde-de-inscricoes-de-autores-independentes-da-cidade\/#breadcrumb"},"inLanguage":"pt-BR","potentialAction":[{"@type":"ReadAction","target":["https:\/\/portaleducacao.guarulhos.sp.gov.br\/wp_site\/portalbienal\/2022\/07\/27\/bienal-do-livro-de-guarulhos-tem-recorde-de-inscricoes-de-autores-independentes-da-cidade\/"]}]},{"@type":"BreadcrumbList","@id":"https:\/\/portaleducacao.guarulhos.sp.gov.br\/wp_site\/portalbienal\/2022\/07\/27\/bienal-do-livro-de-guarulhos-tem-recorde-de-inscricoes-de-autores-independentes-da-cidade\/#breadcrumb","itemListElement":[{"@type":"ListItem","position":1,"name":"In\u00edcio","item":"https:\/\/portaleducacao.guarulhos.sp.gov.br\/wp_site\/portalbienal\/"},{"@type":"ListItem","position":2,"name":"Bienal do Livro de Guarulhos tem recorde de inscri\u00e7\u00f5es de autores independentes da cidade"}]},{"@type":"WebSite","@id":"https:\/\/portaleducacao.guarulhos.sp.gov.br\/wp_site\/portalbienal\/#website","url":"https:\/\/portaleducacao.guarulhos.sp.gov.br\/wp_site\/portalbienal\/","name":"Bienal do Livro de Guarulhos - 2024","description":"Secretaria de Educa\u00e7\u00e3o - Prefeitura de Guarulhos","publisher":{"@id":"https:\/\/portaleducacao.guarulhos.sp.gov.br\/wp_site\/portalbienal\/#organization"},"potentialAction":[{"@type":"SearchAction","target":{"@type":"EntryPoint","urlTemplate":"https:\/\/portaleducacao.guarulhos.sp.gov.br\/wp_site\/portalbienal\/?s={search_term_string}"},"query-input":"required name=search_term_string"}],"inLanguage":"pt-BR"},{"@type":"Organization","@id":"https:\/\/portaleducacao.guarulhos.sp.gov.br\/wp_site\/portalbienal\/#organization","name":"Bienal do Livro de Guarulhos - 2024","url":"https:\/\/portaleducacao.guarulhos.sp.gov.br\/wp_site\/portalbienal\/","sameAs":[],"logo":{"@type":"ImageObject","inLanguage":"pt-BR","@id":"https:\/\/portaleducacao.guarulhos.sp.gov.br\/wp_site\/portalbienal\/#\/schema\/logo\/image\/","url":"https:\/\/portaleducacao.guarulhos.sp.gov.br\/wp_site\/portalbienal\/wp-content\/uploads\/sites\/22\/2022\/07\/logo_site.jpg","contentUrl":"https:\/\/portaleducacao.guarulhos.sp.gov.br\/wp_site\/portalbienal\/wp-content\/uploads\/sites\/22\/2022\/07\/logo_site.jpg","width":350,"height":100,"caption":"Bienal do Livro de Guarulhos - 2024"},"image":{"@id":"https:\/\/portaleducacao.guarulhos.sp.gov.br\/wp_site\/portalbienal\/#\/schema\/logo\/image\/"}},{"@type":"Person","@id":"https:\/\/portaleducacao.guarulhos.sp.gov.br\/wp_site\/portalbienal\/#\/schema\/person\/9a20a4be9a38c9fbe6d5fdfb9e8a9957","name":"danielleca","image":{"@type":"ImageObject","inLanguage":"pt-BR","@id":"https:\/\/portaleducacao.guarulhos.sp.gov.br\/wp_site\/portalbienal\/#\/schema\/person\/image\/","url":"https:\/\/secure.gravatar.com\/avatar\/2ec709ad925bff508a3993319ba30fa7?s=96&d=mm&r=g","contentUrl":"https:\/\/secure.gravatar.com\/avatar\/2ec709ad925bff508a3993319ba30fa7?s=96&d=mm&r=g","caption":"danielleca"},"url":"https:\/\/portaleducacao.guarulhos.sp.gov.br\/wp_site\/portalbienal\/author\/danielleca\/"}]}},"_links":{"self":[{"href":"https:\/\/portaleducacao.guarulhos.sp.gov.br\/wp_site\/portalbienal\/wp-json\/wp\/v2\/posts\/1915"}],"collection":[{"href":"https:\/\/portaleducacao.guarulhos.sp.gov.br\/wp_site\/portalbienal\/wp-json\/wp\/v2\/posts"}],"about":[{"href":"https:\/\/portaleducacao.guarulhos.sp.gov.br\/wp_site\/portalbienal\/wp-json\/wp\/v2\/types\/post"}],"author":[{"embeddable":true,"href":"https:\/\/portaleducacao.guarulhos.sp.gov.br\/wp_site\/portalbienal\/wp-json\/wp\/v2\/users\/21"}],"replies":[{"embeddable":true,"href":"https:\/\/portaleducacao.guarulhos.sp.gov.br\/wp_site\/portalbienal\/wp-json\/wp\/v2\/comments?post=1915"}],"version-history":[{"count":4,"href":"https:\/\/portaleducacao.guarulhos.sp.gov.br\/wp_site\/portalbienal\/wp-json\/wp\/v2\/posts\/1915\/revisions"}],"predecessor-version":[{"id":1921,"href":"https:\/\/portaleducacao.guarulhos.sp.gov.br\/wp_site\/portalbienal\/wp-json\/wp\/v2\/posts\/1915\/revisions\/1921"}],"wp:featuredmedia":[{"embeddable":true,"href":"https:\/\/portaleducacao.guarulhos.sp.gov.br\/wp_site\/portalbienal\/wp-json\/wp\/v2\/media\/1916"}],"wp:attachment":[{"href":"https:\/\/portaleducacao.guarulhos.sp.gov.br\/wp_site\/portalbienal\/wp-json\/wp\/v2\/media?parent=1915"}],"wp:term":[{"taxonomy":"category","embeddable":true,"href":"https:\/\/portaleducacao.guarulhos.sp.gov.br\/wp_site\/portalbienal\/wp-json\/wp\/v2\/categories?post=1915"},{"taxonomy":"post_tag","embeddable":true,"href":"https:\/\/portaleducacao.guarulhos.sp.gov.br\/wp_site\/portalbienal\/wp-json\/wp\/v2\/tags?post=1915"}],"curies":[{"name":"wp","href":"https:\/\/api.w.org\/{rel}","templated":true}]}}