{"id":2064,"date":"2022-07-28T17:21:14","date_gmt":"2022-07-28T20:21:14","guid":{"rendered":"https:\/\/portaleducacao.guarulhos.sp.gov.br\/wp_site\/portalbienal\/?p=2064"},"modified":"2024-10-16T11:22:13","modified_gmt":"2024-10-16T14:22:13","slug":"programacao","status":"publish","type":"post","link":"https:\/\/portaleducacao.guarulhos.sp.gov.br\/wp_site\/portalbienal\/2022\/07\/28\/programacao\/","title":{"rendered":"Programa\u00e7\u00e3o Geral da Bienal do Livro de Guarulhos 2022"},"content":{"rendered":"\t\t<div data-elementor-type=\"wp-post\" data-elementor-id=\"2064\" class=\"elementor elementor-2064\">\n\t\t\t\t\t\t\t\t\t<section class=\"elementor-section elementor-top-section elementor-element elementor-element-25fdbda6 elementor-section-boxed elementor-section-height-default elementor-section-height-default\" data-id=\"25fdbda6\" data-element_type=\"section\">\n\t\t\t\t\t\t<div class=\"elementor-container elementor-column-gap-default\">\n\t\t\t\t\t<div class=\"elementor-column elementor-col-100 elementor-top-column elementor-element elementor-element-33e61c23\" data-id=\"33e61c23\" data-element_type=\"column\">\n\t\t\t<div class=\"elementor-widget-wrap elementor-element-populated\">\n\t\t\t\t\t\t\t\t<div class=\"elementor-element elementor-element-2df3e33 elementor-widget elementor-widget-text-editor\" data-id=\"2df3e33\" data-element_type=\"widget\" data-widget_type=\"text-editor.default\">\n\t\t\t\t<div class=\"elementor-widget-container\">\n\t\t\t<style>\/*! elementor - v3.12.1 - 02-04-2023 *\/\n.elementor-widget-text-editor.elementor-drop-cap-view-stacked .elementor-drop-cap{background-color:#69727d;color:<a href=\"https:\/\/portaleducacao.guarulhos.sp.gov.br\/wp_site\/portalbienal\/tag\/fff\/\">#fff<\/a>}.elementor-widget-text-editor.elementor-drop-cap-view-framed .elementor-drop-cap{color:#69727d;border:3px solid;background-color:transparent}.elementor-widget-text-editor:not(.elementor-drop-cap-view-default) .elementor-drop-cap{margin-top:8px}.elementor-widget-text-editor:not(.elementor-drop-cap-view-default) .elementor-drop-cap-letter{width:1em;height:1em}.elementor-widget-text-editor .elementor-drop-cap{float:left;text-align:center;line-height:1;font-size:50px}.elementor-widget-text-editor .elementor-drop-cap-letter{display:inline-block}<\/style>\t\t\t\t<!-- wp:heading {\"textAlign\":\"center\",\"level\":1,\"backgroundColor\":\"vivid-purple\",\"textColor\":\"white\"} -->\n<h1 class=\"has-text-align-center has-white-color has-vivid-purple-background-color has-text-color has-background\"><strong>5 de agosto, sexta<\/strong><\/h1>\n<!-- wp:paragraph -->\n<p>\u00a0<\/p>\n<!-- wp:paragraph {\"fontSize\":\"medium\"} -->\n<p class=\"has-medium-font-size\"><strong>17h: Talita Martins Salvador<\/strong><br \/>Bate-papo com a autora guarulhense: Cria\u00e7\u00e3o e publica\u00e7\u00e3o de livros no Brasil &#8211; Audit\u00f3rio Amarelo<\/p>\n<!-- \/wp:paragraph --><!-- wp:paragraph {\"fontSize\":\"medium\"} -->\n<p class=\"has-medium-font-size\"><strong>18h: Elton Soares de Oliveira<\/strong><br \/>Bate-papo com o autor guarulhense &#8211; Audit\u00f3rio Lil\u00e1s<\/p>\n<!-- \/wp:paragraph --><!-- wp:paragraph {\"fontSize\":\"medium\"} -->\n<p class=\"has-medium-font-size\"><strong>18h: Renato Queiroz Alves<\/strong><br \/>Bate-papo com o autor guarulhense sobre o livro \u201cDos corti\u00e7os \u00e0 luz\u201d &#8211; Audit\u00f3rio Amarelo<\/p>\n<!-- \/wp:paragraph --><!-- wp:paragraph {\"fontSize\":\"medium\"} -->\n<p class=\"has-medium-font-size\"><strong>19h: Marta Adriana Lopes de Oliveira<\/strong><br \/>Bate-papo com a autora guarulhense: A import\u00e2ncia dos exames preventivos do C\u00e2ncer de Mama &#8211; Audit\u00f3rio Amarelo<\/p>\n<!-- \/wp:paragraph --><!-- wp:paragraph {\"fontSize\":\"medium\"} -->\n<p class=\"has-medium-font-size\"><strong>20h: Abertura Oficial<\/strong> <br \/>Apresenta\u00e7\u00e3o da Orquestra Jovem Municipal de Guarulhos &#8211; Audit\u00f3rio Azul <img style=\"width: 5%;\" src=\"https:\/\/kitsoescola.com\/wp-content\/uploads\/2021\/03\/unnamed.png\" \/><\/p>\n<!-- \/wp:paragraph --><!-- wp:spacer -->\n<div class=\"wp-block-spacer\" style=\"height: 100px;\" aria-hidden=\"true\">\u00a0<\/div>\n<!-- \/wp:spacer --><!-- wp:heading {\"textAlign\":\"center\",\"level\":1,\"backgroundColor\":\"vivid-purple\",\"textColor\":\"white\"} -->\n<h1 class=\"has-text-align-center has-white-color has-vivid-purple-background-color has-text-color has-background\"><strong>6 de agosto, s\u00e1bado<\/strong><\/h1>\n<!-- \/wp:heading --><!-- wp:paragraph -->\n<p>\u00a0<\/p>\n<!-- \/wp:paragraph --><!-- wp:paragraph {\"style\":{\"elements\":{\"link\":{\"color\":{\"text\":\"var:preset|color|vivid-purple\"}}}},\"backgroundColor\":\"pale-cyan-blue\",\"fontSize\":\"medium\"} -->\n<p class=\"has-pale-cyan-blue-background-color has-background has-link-color has-medium-font-size\"><strong>11h: Ilan Brenman<br \/><\/strong>A import\u00e2ncia de contar e ler hist\u00f3rias na era digital. Considerado um dos principais escritores de literatura infantil do Brasil, Ilan Brenman \u00e9 autor do best-seller \u201cAt\u00e9 as princesas soltam pum\u201d &#8211; Audit\u00f3rio Azul<br \/><em><strong><a href=\"https:\/\/www.sympla.com.br\/palestra-e-sessao-de-autografos-com-ilan-brenman__1656084\" target=\"_blank\" rel=\"noreferrer noopener\">Ingresso online<\/a><\/strong><\/em><\/p>\n<!-- \/wp:paragraph --><!-- wp:paragraph {\"fontSize\":\"medium\"} -->\n<p class=\"has-medium-font-size\"><strong>11h: Majori Silva<br \/><\/strong>Conta\u00e7\u00e3o de Hist\u00f3rias e Sess\u00e3o de Aut\u00f3grafos com a autora &#8211; Audit\u00f3rio Amarelo<\/p>\n<!-- \/wp:paragraph --><!-- wp:paragraph {\"fontSize\":\"medium\"} -->\n<p class=\"has-medium-font-size\"><strong>12h: Sheila Evangelista dos Santos<br \/><\/strong>Conta\u00e7\u00e3o de Hist\u00f3rias: Folclore Brasileiro &#8211; Audit\u00f3rio Lil\u00e1s<\/p>\n<!-- \/wp:paragraph --><!-- wp:paragraph {\"fontSize\":\"medium\"} -->\n<p class=\"has-medium-font-size\"><strong>12h: Ana Carolina Lemos<br \/><\/strong>Bate-papo e Sess\u00e3o de Aut\u00f3grafos com a autora: O livro como lugar de inclus\u00e3o &#8211; Audit\u00f3rio Amarelo<\/p>\n<!-- \/wp:paragraph --><!-- wp:paragraph {\"fontSize\":\"medium\"} -->\n<p class=\"has-medium-font-size\"><strong>13h: Isabella Costa Pereira<br \/><\/strong>Bate-papo com a autora guarulhense: Mem\u00f3ria, narrativa e pertencimento &#8211; Audit\u00f3rio Lil\u00e1s<\/p>\n<!-- \/wp:paragraph --><!-- wp:paragraph {\"fontSize\":\"medium\"} -->\n<p class=\"has-medium-font-size\"><strong>13h: Natalia Batista<br \/><\/strong>Sess\u00e3o de aut\u00f3grafos e bate-papo com a autora no estande da Editora Ciranda Cultural<\/p>\n<!-- \/wp:paragraph --><!-- wp:paragraph {\"fontSize\":\"medium\"} -->\n<p class=\"has-medium-font-size\"><strong>14h: Dr.\u00aa Natasha Mascarenhas<br \/><\/strong>Bate-papo com a autora: Uma mente diferente &#8211; Audit\u00f3rio Amarelo <img style=\"width: 5%;\" src=\"https:\/\/kitsoescola.com\/wp-content\/uploads\/2021\/03\/unnamed.png\" \/><\/p>\n<!-- \/wp:paragraph --><!-- wp:paragraph {\"fontSize\":\"medium\"} -->\n<p class=\"has-medium-font-size\"><strong>14h30: Ot\u00e1vio J\u00fanior<br \/><\/strong>Sess\u00e3o de Aut\u00f3grafos com o autor &#8211; Estande da Editora Aut\u00eantica<\/p>\n<!-- \/wp:paragraph --><!-- wp:paragraph {\"fontSize\":\"medium\"} -->\n<p class=\"has-medium-font-size\"><strong>14h: Tiago e Tain\u00e1<br \/><\/strong>Apresenta\u00e7\u00e3o musical viol\u00e3o, flauta e voz &#8211; Lounge Conectividade<strong><br \/><br \/>15h: Kiusam de Oliveira<br \/><\/strong>Bate-papo e Sess\u00e3o de Aut\u00f3grafos com a autora: Representatividade na Literatura Infantil &#8211; Livro \u201cTay\u00f3 em Quadrinhos\u201d &#8211; Audit\u00f3rio Lil\u00e1s<\/p>\n<!-- \/wp:paragraph --><!-- wp:paragraph {\"fontSize\":\"medium\"} -->\n<p class=\"has-medium-font-size\"><strong>15h: Manoel Messias Alves<br \/><\/strong>Bate-papo com o autor guarulhense &#8211; Audit\u00f3rio Amarelo<\/p>\n<!-- \/wp:paragraph --><!-- wp:paragraph {\"fontSize\":\"medium\"} -->\n<p class=\"has-medium-font-size\"><strong>15h: Mario Pecand<br \/><\/strong>Sess\u00e3o de Aut\u00f3grafos com o autor: Livro \u201cBarbareco\u201d &#8211; Estande da Editora Ciranda Cultural<\/p>\n<!-- \/wp:paragraph --><!-- wp:paragraph {\"style\":{\"elements\":{\"link\":{\"color\":{\"text\":\"var:preset|color|vivid-purple\"}}}},\"backgroundColor\":\"pale-cyan-blue\",\"fontSize\":\"medium\"} -->\n<p class=\"has-pale-cyan-blue-background-color has-background has-link-color has-medium-font-size\"><strong>16h: Show da Luna, Ao Vivo! (Programa\u00e7\u00e3o Infantil)<br \/><\/strong>As personagens Luna, J\u00fapiter e Cl\u00e1udio fazem grandes descobertas nesse show repleto de can\u00e7\u00f5es, dan\u00e7a e fantasia &#8211; Audit\u00f3rio Azul<br \/><strong><em><a href=\"https:\/\/www.sympla.com.br\/apresentacao-musical-show-da-luna__1653796\" target=\"_blank\" rel=\"noreferrer noopener\">Ingresso online<\/a><\/em><\/strong><\/p>\n<!-- \/wp:paragraph --><!-- wp:paragraph {\"fontSize\":\"medium\"} -->\n<p class=\"has-medium-font-size\"><strong>17h: Francisco Roberto Bergocce Junior<br \/><\/strong>Bate-papo com o autor: Os perigos do mundo digital para as crian\u00e7as e adolescentes \u2013 Audit\u00f3rio Lil\u00e1s<\/p>\n<!-- \/wp:paragraph --><!-- wp:paragraph {\"fontSize\":\"medium\"} -->\n<p class=\"has-medium-font-size\"><strong>17h: Fam\u00edlia Brito Sales<br \/><\/strong>Bate-papo com o autor: Inclus\u00e3o Escolar e Educa\u00e7\u00e3o Especial: Saberes e Reflex\u00f5es \u2013 Audit\u00f3rio Amarelo <img style=\"width: 5%;\" src=\"https:\/\/kitsoescola.com\/wp-content\/uploads\/2021\/03\/unnamed.png\" \/><\/p>\n<!-- \/wp:paragraph --><!-- wp:paragraph {\"style\":{\"elements\":{\"link\":{\"color\":{\"text\":\"var:preset|color|vivid-purple\"}}}},\"backgroundColor\":\"pale-cyan-blue\",\"fontSize\":\"medium\"} -->\n<p class=\"has-pale-cyan-blue-background-color has-background has-link-color has-medium-font-size\"><strong>18h: S\u00e9rgio Vaz<br \/><\/strong>Literatura das Ruas. S\u00e9rgio Vaz \u00e9 poeta, escritor, agitador cultural e fundador da Cooperifa &#8211; Audit\u00f3rio Azul <img style=\"width: 5%;\" src=\"https:\/\/kitsoescola.com\/wp-content\/uploads\/2021\/03\/unnamed.png\" \/><br \/><strong><em><a href=\"https:\/\/www.sympla.com.br\/evento\/palestra-literatura-das-ruas-com-sergio-vaz\/1653801\" target=\"_blank\" rel=\"noreferrer noopener\">Ingresso online<\/a><\/em><\/strong><\/p>\n<!-- \/wp:paragraph --><!-- wp:paragraph {\"fontSize\":\"medium\"} -->\n<p class=\"has-medium-font-size\"><strong>18h: Eduardo Massami Kasse<br \/><\/strong>Bate-papo com o autor guarulhense: Crie hist\u00f3rias com a sua identidade &#8211; Audit\u00f3rio Lil\u00e1s<\/p>\n<!-- \/wp:paragraph --><!-- wp:paragraph {\"fontSize\":\"medium\"} -->\n<p class=\"has-medium-font-size\"><strong>19h: Licio de Ara\u00fajo Vale<br \/><\/strong>Bate-papo com o autor: Depress\u00e3o, tristeza e luto: identificando e apoiando pessoas na escola e na fam\u00edlia &#8211; Audit\u00f3rio Lil\u00e1s<\/p>\n<!-- \/wp:paragraph --><!-- wp:paragraph {\"fontSize\":\"medium\"} -->\n<p class=\"has-medium-font-size\"><strong>19h: W\u00e2nia Karolis<\/strong><br \/>Bate-papo com a autora &#8211; Audit\u00f3rio Amarelo<\/p>\n<!-- \/wp:paragraph --><!-- wp:paragraph {\"style\":{\"elements\":{\"link\":{\"color\":{\"text\":\"var:preset|color|vivid-purple\"}}}},\"backgroundColor\":\"pale-cyan-blue\",\"fontSize\":\"medium\"} -->\n<p class=\"has-pale-cyan-blue-background-color has-background has-link-color has-medium-font-size\"><strong>20h: Marco T\u00falio do Canal Authentic Games<br \/><\/strong>O artista e youtuber mineiro Marco T\u00falio \u00e9 o criador do Authentic Games, o maior canal do YouTube de games do pa\u00eds &#8211; Audit\u00f3rio Azul <img style=\"width: 5%;\" src=\"https:\/\/kitsoescola.com\/wp-content\/uploads\/2021\/03\/unnamed.png\" \/><br \/><strong><em><a href=\"https:\/\/www.sympla.com.br\/bate-papo-com-marco-tulio-do-canal-authentic-games__1654383\" target=\"_blank\" rel=\"noreferrer noopener\">Ingresso online<\/a><\/em><\/strong><\/p>\n<!-- \/wp:paragraph --><!-- wp:spacer -->\n<div class=\"wp-block-spacer\" style=\"height: 100px;\" aria-hidden=\"true\">\u00a0<\/div>\n<!-- \/wp:spacer --><!-- wp:heading {\"textAlign\":\"center\",\"level\":1,\"backgroundColor\":\"vivid-purple\",\"textColor\":\"white\"} -->\n<h1 class=\"has-text-align-center has-white-color has-vivid-purple-background-color has-text-color has-background\"><strong>7 de agosto, domingo<\/strong><\/h1>\n<!-- \/wp:heading --><!-- wp:paragraph -->\n<p>\u00a0<\/p>\n<!-- \/wp:paragraph --><!-- wp:paragraph {\"fontSize\":\"medium\"} -->\n<p class=\"has-medium-font-size\"><strong>10h30: Mario Cabral de Almeida<br \/><\/strong>Bate-papo com o autor guarulhense: Destrinchando o Cordel, suas m\u00e9tricas e estilo \u2013 Audit\u00f3rio Lil\u00e1s<\/p>\n<!-- \/wp:paragraph --><!-- wp:paragraph {\"style\":{\"elements\":{\"link\":{\"color\":{\"text\":\"var:preset|color|vivid-purple\"}}}},\"backgroundColor\":\"pale-cyan-blue\",\"fontSize\":\"medium\"} -->\n<p class=\"has-pale-cyan-blue-background-color has-background has-link-color has-medium-font-size\"><strong>11h: Kiara Terra<strong> (Programa\u00e7\u00e3o Infantil)<\/strong><br \/><\/strong>A contadora de hist\u00f3rias Kiara Terra atuou nos programas infantis Quintal da Cultura e Cocoric\u00f3, da TV Cultura &#8211; Audit\u00f3rio Azul<br \/><strong><em><a href=\"https:\/\/www.sympla.com.br\/evento\/contacao-de-historias-com-kiara-terra\/1654932\" target=\"_blank\" rel=\"noreferrer noopener\">Ingresso online<\/a><\/em><\/strong><\/p>\n<!-- \/wp:paragraph --><!-- wp:paragraph {\"fontSize\":\"medium\"} -->\n<p class=\"has-medium-font-size\"><strong>11h: Viviana Molero Barriga (autora guarulhense), Luc\u00e9lia Ercole Moura (presidente da ONG Deixe Viver) e Daniela de Oliveira de Souza Souto (m\u00e9dica veterin\u00e1ria)<br \/><\/strong>Mesa Tem\u00e1tica: Posse respons\u00e1vel: Das p\u00e1ginas dos livros \u00e0 pr\u00e1tica do dia a dia &#8211; Audit\u00f3rio Amarelo<\/p>\n<!-- \/wp:paragraph --><!-- wp:paragraph {\"fontSize\":\"medium\"} -->\n<p class=\"has-medium-font-size\"><strong>12h: Pen\u00e9lope Martins<br \/><\/strong>Bate-papo com a autora: Ler o mundo para salvarmos as crian\u00e7as no perigo da n\u00e3o-leitura \u2013 Audit\u00f3rio Amarelo<\/p>\n<!-- \/wp:paragraph --><!-- wp:paragraph {\"fontSize\":\"medium\"} -->\n<p class=\"has-medium-font-size\"><strong>13h: Daniel Fernandes Z\u00f3ia<br \/><\/strong>Bate-papo com o autor guarulhense &#8211; Audit\u00f3rio Lil\u00e1s<\/p>\n<!-- \/wp:paragraph --><!-- wp:paragraph {\"fontSize\":\"medium\"} -->\n<p class=\"has-medium-font-size\"><strong>13h: Di\u00f3genes Torres de Oliveira<br \/><\/strong>Bate-papo com o autor guarulhense: Contos Qu\u00e2nticos &#8211; Entre di\u00e1logos e escuta: derrubando barreiras e construindo caminhos de reflex\u00e3o &#8211; Audit\u00f3rio Amarelo<\/p>\n<!-- \/wp:paragraph --><!-- wp:paragraph {\"style\":{\"elements\":{\"link\":{\"color\":{\"text\":\"var:preset|color|vivid-purple\"}}}},\"backgroundColor\":\"pale-cyan-blue\",\"fontSize\":\"medium\"} -->\n<p class=\"has-pale-cyan-blue-background-color has-background has-link-color has-medium-font-size\"><strong>14h: Os Cirandeiros &#8211; Cia N\u00facleo<strong> (Programa\u00e7\u00e3o Infantil)<\/strong><br \/><\/strong>A apresenta\u00e7\u00e3o musical Os Cirandeiros fala sobre o brincar e aproxima as crian\u00e7as da literatura &#8211; Audit\u00f3rio Azul<br \/><strong><em><a href=\"https:\/\/www.sympla.com.br\/evento\/apresentacao-musical-os-cirandeiros-com-a-cia-nucleo\/1656255\" target=\"_blank\" rel=\"noreferrer noopener\">Ingresso online<\/a><\/em><\/strong><\/p>\n<!-- \/wp:paragraph --><!-- wp:paragraph {\"fontSize\":\"medium\"} -->\n<p class=\"has-medium-font-size\"><strong>14h: Daniel Carvalho<br \/><\/strong>Oficina de Poesia: Oficina de poesia: escrita como espa\u00e7o de inven\u00e7\u00e3o &#8211; Audit\u00f3rio Amarelo <img style=\"width: 5%;\" src=\"https:\/\/kitsoescola.com\/wp-content\/uploads\/2021\/03\/unnamed.png\" \/><\/p>\n<!-- \/wp:paragraph --><!-- wp:paragraph {\"fontSize\":\"medium\"} -->\n<p class=\"has-medium-font-size\"><strong>15h: Jo\u00e3o Gomes de S\u00e1<br \/><\/strong>Literatura de Cordel: O Cordel na sala de aula &#8211; Audit\u00f3rio Lil\u00e1s<\/p>\n<!-- \/wp:paragraph --><!-- wp:paragraph {\"fontSize\":\"medium\"} -->\n<p class=\"has-medium-font-size\"><strong>15h: Babi Dewet<br \/><\/strong>Sess\u00e3o de Aut\u00f3grafos com a autora: Livro \u201cDesventuras (quase) rom\u00e2nticas de um festival\u201d &#8211; Estande da Editora Aut\u00eantica<\/p>\n<!-- \/wp:paragraph --><!-- wp:paragraph {\"style\":{\"elements\":{\"link\":{\"color\":{\"text\":\"var:preset|color|vivid-purple\"}}}},\"backgroundColor\":\"pale-cyan-blue\",\"fontSize\":\"medium\"} -->\n<p class=\"has-pale-cyan-blue-background-color has-background has-link-color has-medium-font-size\"><strong>16h: Chico Felitti<br \/><\/strong>Rep\u00f3rter e escritor, Chico Felitti criou podcasts narrativos, atuou na Folha de S.Paulo, escreveu roteiros para a TV Globo e \u00e9 o autor dos livros A Casa, sobre Jo\u00e3o de Deus, e Mulher Maravilha, biografia de Elke Maravilha &#8211; Audit\u00f3rio Azul <img style=\"width: 5%;\" src=\"https:\/\/kitsoescola.com\/wp-content\/uploads\/2021\/03\/unnamed.png\" \/><br \/><strong><em><a href=\"https:\/\/www.sympla.com.br\/evento\/chico-felitti\/1656391\" target=\"_blank\" rel=\"noreferrer noopener\">Ingresso online<\/a><\/em><\/strong><\/p>\n<!-- \/wp:paragraph --><!-- wp:paragraph {\"fontSize\":\"medium\"} -->\n<p class=\"has-medium-font-size\"><strong>16h: Tiago Ortaet<br \/><\/strong>Bate-papo com o autor &#8211; Audit\u00f3rio Amarelo<\/p>\n<!-- \/wp:paragraph --><!-- wp:paragraph {\"fontSize\":\"medium\"} -->\n<p class=\"has-medium-font-size\"><strong>17h: Fatima Regina Gilioli<br \/><\/strong>Bate-papo com a autora guarulhense &#8211; Audit\u00f3rio Lil\u00e1s<\/p>\n<!-- \/wp:paragraph --><!-- wp:paragraph {\"fontSize\":\"medium\"} -->\n<p class=\"has-medium-font-size\"><strong>17h: Rodrigo Gabriel da Silva<br \/><\/strong>Bate-papo com o autor guarulhense: A import\u00e2ncia dos profissionais do Quadro de Apoio Escolar &#8211; Audit\u00f3rio Amarelo<\/p>\n<!-- \/wp:paragraph --><!-- wp:paragraph {\"style\":{\"elements\":{\"link\":{\"color\":{\"text\":\"var:preset|color|vivid-purple\"}}}},\"backgroundColor\":\"pale-cyan-blue\",\"fontSize\":\"medium\"} -->\n<p class=\"has-pale-cyan-blue-background-color has-background has-link-color has-medium-font-size\"><strong>18h: Oscar Schmidt<br \/><\/strong>Paix\u00e3o! Ex-jogador de basquete, Oscar Schmidt tem o recorde de maior cestinha da modalidade &#8211; Audit\u00f3rio Azul <img style=\"width: 5%;\" src=\"https:\/\/kitsoescola.com\/wp-content\/uploads\/2021\/03\/unnamed.png\" \/><br \/><strong><em><a href=\"https:\/\/www.sympla.com.br\/palestra-paixao-com-oscar-schimidt__1663516\" target=\"_blank\" rel=\"noreferrer noopener\">Ingresso online<\/a><\/em><\/strong><\/p>\n<!-- \/wp:paragraph --><!-- wp:paragraph {\"fontSize\":\"medium\"} -->\n<p class=\"has-medium-font-size\"><strong>18h: M\u00e1rcia Regina Ota<br \/><\/strong>Bate-papo com a autora guarulhense: Conectando emo\u00e7\u00f5es com a descoberta da sua can\u00e7\u00e3o interior &#8211; Audit\u00f3rio Amarelo<\/p>\n<!-- \/wp:paragraph --><!-- wp:spacer -->\n<div class=\"wp-block-spacer\" style=\"height: 100px;\" aria-hidden=\"true\">\u00a0<\/div>\n<!-- \/wp:spacer --><!-- wp:heading {\"textAlign\":\"center\",\"level\":1,\"backgroundColor\":\"vivid-purple\",\"textColor\":\"white\"} -->\n<h1 class=\"has-text-align-center has-white-color has-vivid-purple-background-color has-text-color has-background\"><strong>8 de agosto, segunda<\/strong><\/h1>\n<!-- \/wp:heading --><!-- wp:paragraph -->\n<p>\u00a0<\/p>\n<!-- \/wp:paragraph --><!-- wp:paragraph {\"fontSize\":\"medium\"} -->\n<p class=\"has-medium-font-size\"><strong>11h: Miri\u00e3 Soares dos Santos<br \/><\/strong>Lan\u00e7amento de obras com a autora guarulhense &#8211; Audit\u00f3rio Amarelo<\/p>\n<!-- \/wp:paragraph --><!-- wp:paragraph {\"fontSize\":\"medium\"} -->\n<p class=\"has-medium-font-size\"><strong>13h: Isabela Calazans Pinto<br \/><\/strong>Bate-papo com a autora guarulhense: Voc\u00ea aceita ser feliz? &#8211; Audit\u00f3rio Amarelo<\/p>\n<!-- \/wp:paragraph --><!-- wp:paragraph {\"fontSize\":\"medium\"} -->\n<p class=\"has-medium-font-size\"><strong>15h: Rog\u00e9rio Brito Correia<br \/><\/strong>Bate-papo com o autor guarulhense: A arte da poesia escrita e falada &#8211; Audit\u00f3rio Amarelo<\/p>\n<!-- \/wp:paragraph --><!-- wp:paragraph {\"fontSize\":\"medium\"} -->\n<p class=\"has-medium-font-size\"><strong>17h: Jos\u00e9 Augusto Pinheiro (membro da AGL)<br \/><\/strong>Bate-papo com o autor guarulhense: Dia ap\u00f3s dia, disciplina e gratid\u00e3o &#8211; Audit\u00f3rio Amarelo<\/p>\n<!-- \/wp:paragraph --><!-- wp:paragraph {\"style\":{\"elements\":{\"link\":{\"color\":{\"text\":\"var:preset|color|vivid-purple\"}}}},\"backgroundColor\":\"pale-cyan-blue\",\"fontSize\":\"medium\"} -->\n<p class=\"has-pale-cyan-blue-background-color has-background has-link-color has-medium-font-size\"><strong>20h: Thalita Rebou\u00e7as<br \/><\/strong>O desafio de escrever para jovens. Thalita Rebou\u00e7as \u00e9 escritora, jornalista e autora de diversos livros direcionados ao p\u00fablico infanto-juvenil \u2013 Audit\u00f3rio Azul <img style=\"width: 5%;\" src=\"https:\/\/kitsoescola.com\/wp-content\/uploads\/2021\/03\/unnamed.png\" \/><br \/><strong><em><a href=\"https:\/\/www.sympla.com.br\/palestra-o-desafio-de-escrever-para-jovens-com-thalita-reboucas__1656448\" target=\"_blank\" rel=\"noreferrer noopener\">Ingresso online<\/a><\/em><\/strong><\/p>\n<!-- \/wp:paragraph --><!-- wp:paragraph {\"fontSize\":\"medium\"} -->\n<p class=\"has-medium-font-size\"><strong>20h: Notas do Tempo<br \/><\/strong>Roda de Conversa: A produ\u00e7\u00e3o da s\u00e9rie documental que conta a hist\u00f3ria do Conservat\u00f3rio Municipal de Guarulhos \u2013 Audit\u00f3rio Amarelo<\/p>\n<!-- \/wp:paragraph --><!-- wp:spacer -->\n<div class=\"wp-block-spacer\" style=\"height: 100px;\" aria-hidden=\"true\">\u00a0<\/div>\n<!-- \/wp:spacer --><!-- wp:heading {\"textAlign\":\"center\",\"level\":1,\"backgroundColor\":\"vivid-purple\",\"textColor\":\"white\"} -->\n<h1 class=\"has-text-align-center has-white-color has-vivid-purple-background-color has-text-color has-background\"><strong>9 de agosto, ter\u00e7a<\/strong><\/h1>\n<!-- \/wp:heading --><!-- wp:paragraph -->\n<p>\u00a0<\/p>\n<!-- \/wp:paragraph --><!-- wp:paragraph {\"fontSize\":\"medium\"} -->\n<p class=\"has-medium-font-size\"><strong>11h: Elisabete da Cruz<br \/><\/strong>Bate-papo com a autora: A escrita criativa na forma\u00e7\u00e3o do leitor \u2013 Audit\u00f3rio Amarelo<\/p>\n<!-- \/wp:paragraph --><!-- wp:paragraph {\"fontSize\":\"medium\"} -->\n<p class=\"has-medium-font-size\"><strong>15h: Yve Pinheiro de Azevedo Oliveira<br \/><\/strong>Bate-papo com a autora guarulhense: Curadoria do futuro &#8211; processos em escrita criativa \u2013 Audit\u00f3rio Amarelo<\/p>\n<!-- \/wp:paragraph --><!-- wp:paragraph {\"fontSize\":\"medium\"} -->\n<p class=\"has-medium-font-size\"><strong>17h: Aura Gold (membro da AGL)<br \/><\/strong>Palestra: O empoderamento da mulher na atualidade \u2013 Audit\u00f3rio Amarelo<\/p>\n<!-- \/wp:paragraph --><!-- wp:paragraph {\"fontSize\":\"medium\"} -->\n<p class=\"has-medium-font-size\"><strong>19h: Bismael B. de Moraes (membro da AGL)<br \/><\/strong>Bate-papo com o autor guarulhense: Seguran\u00e7a P\u00fablica \u2013 Audit\u00f3rio Amarelo<\/p>\n<!-- \/wp:paragraph --><!-- wp:paragraph {\"style\":{\"elements\":{\"link\":{\"color\":{\"text\":\"var:preset|color|vivid-purple\"}}}},\"backgroundColor\":\"pale-cyan-blue\",\"fontSize\":\"medium\"} -->\n<p class=\"has-pale-cyan-blue-background-color has-background has-link-color has-medium-font-size\"><strong>20h: Iber\u00ea Then\u00f3rio (Manual do Mundo)<br \/><\/strong>Como estamos conectados \u00e0 Ci\u00eancia? Manual do Mundo \u00e9 um website especializado em conte\u00fados educativos e de entretenimento &#8211; Audit\u00f3rio Azul <img style=\"width: 5%;\" src=\"https:\/\/kitsoescola.com\/wp-content\/uploads\/2021\/03\/unnamed.png\" \/><br \/><strong><em><a href=\"https:\/\/www.instagram.com\/p\/ChBAoZ6O9HC\/?utm_source=ig_web_copy_link\" target=\"_blank\" rel=\"noreferrer noopener\">Lista de Espera! Ir ao local do evento na data da atividade com 1 hora de anteced\u00eancia e aguardar. As vagas s\u00e3o limitadas de acordo com a capacidade do audit\u00f3rio (500 pessoas)<\/a><\/em><\/strong><\/p>\n<!-- \/wp:paragraph --><!-- wp:paragraph {\"fontSize\":\"medium\"} -->\n<p class=\"has-medium-font-size\"><strong>20h: Wellington Alves da Silva<br \/><\/strong>Bate-papo com o autor guarulhense \u2013 Audit\u00f3rio Amarelo<\/p>\n<!-- \/wp:paragraph --><!-- wp:spacer -->\n<div class=\"wp-block-spacer\" style=\"height: 100px;\" aria-hidden=\"true\">\u00a0<\/div>\n<!-- \/wp:spacer --><!-- wp:heading {\"textAlign\":\"center\",\"level\":1,\"backgroundColor\":\"vivid-purple\",\"textColor\":\"white\"} -->\n<h1 class=\"has-text-align-center has-white-color has-vivid-purple-background-color has-text-color has-background\"><strong>10 de agosto, quarta<\/strong><\/h1>\n<!-- \/wp:heading --><!-- wp:paragraph -->\n<p>\u00a0<\/p>\n<!-- \/wp:paragraph --><!-- wp:paragraph {\"fontSize\":\"medium\"} -->\n<p class=\"has-medium-font-size\"><strong>09h: Lindabel Delgado Cardoso<br \/><\/strong>Bate-papo com a autora guarulhense \u2013 Audit\u00f3rio Amarelo<\/p>\n<!-- \/wp:paragraph --><!-- wp:paragraph {\"fontSize\":\"medium\"} -->\n<p class=\"has-medium-font-size\"><strong>10h: Clube do Livro para Pessoas com Defici\u00eancia Visual<br \/><\/strong>Leitura ao vivo do \u00faltimo cap\u00edtulo do livro &#8220;Fiquei cego e agora?\u201d &#8211; Audit\u00f3rio Amarelo<\/p>\n<!-- \/wp:paragraph --><!-- wp:paragraph {\"fontSize\":\"medium\"} -->\n<p class=\"has-medium-font-size\"><strong>11h: Ana Lemos<br \/><\/strong>Sess\u00e3o de Aut\u00f3grafos com a autora: Livro \u201cA fabulosa gralha gralhosa\u201d &#8211; Estande da Ciranda Cultural<\/p>\n<!-- \/wp:paragraph --><!-- wp:paragraph {\"fontSize\":\"medium\"} -->\n<p class=\"has-medium-font-size\"><strong>13h: Ana Maria Antunes de Campos<br \/><\/strong>Bate-papo com a autora guarulhense: Como publicar um livro? \u2013 Audit\u00f3rio Amarelo<\/p>\n<!-- \/wp:paragraph --><!-- wp:paragraph {\"fontSize\":\"medium\"} -->\n<p class=\"has-medium-font-size\"><strong>14h: Janu\u00e1ria Cristina Alves<\/strong><br \/>Bate-papo com a autora: <a href=\"https:\/\/portaleducacao.guarulhos.sp.gov.br\/wp_site\/portalbienal\/tag\/xofakenews\/\">#X\u00f4FakeNews<\/a>: O processo de cria\u00e7\u00e3o do livro &#8211; Dicas para combater a desinforma\u00e7\u00e3o &#8211; Audit\u00f3rio Amarelo<\/p>\n<!-- \/wp:paragraph --><!-- wp:paragraph {\"fontSize\":\"medium\"} -->\n<p class=\"has-medium-font-size\"><strong>16h: F\u00e1bio Monteiro<br \/><\/strong>Bate-papo com o autor: Ler a si, ler o outro, ler o mundo: leituras na escola \u2013 Audit\u00f3rio Amarelo<\/p>\n<!-- \/wp:paragraph --><!-- wp:paragraph {\"fontSize\":\"medium\"} -->\n<p class=\"has-medium-font-size\"><strong>17h: Jacira Longhitano<br \/><\/strong>Bate-papo com a autora guarulhense &#8211; Audit\u00f3rio Amarelo<\/p>\n<!-- \/wp:paragraph --><!-- wp:paragraph {\"fontSize\":\"medium\"} -->\n<p class=\"has-medium-font-size\"><strong>19h: Fernando Canto Berzaghi (membro da AGL)<br \/><\/strong>Bate-papo com o autor guarulhense: Terapia rima com poesia \u2013 Audit\u00f3rio Amarelo<\/p>\n<!-- \/wp:paragraph --><!-- wp:paragraph {\"style\":{\"elements\":{\"link\":{\"color\":{\"text\":\"var:preset|color|vivid-purple\"}}}},\"backgroundColor\":\"pale-cyan-blue\",\"fontSize\":\"medium\"} -->\n<p class=\"has-pale-cyan-blue-background-color has-background has-link-color has-medium-font-size\"><strong>20h: Rodrigo Fran\u00e7a<br \/><\/strong>Novas Narrativas. Rodrigo Fran\u00e7a \u00e9 articulador cultural, ator, diretor, dramaturgo, cineasta, escritor e artista pl\u00e1stico &#8211; Audit\u00f3rio Azul <img style=\"width: 5%;\" src=\"https:\/\/kitsoescola.com\/wp-content\/uploads\/2021\/03\/unnamed.png\" \/><br \/><strong><em><a href=\"https:\/\/www.sympla.com.br\/africanismo-com-rodrigo-franca__1663151\" target=\"_blank\" rel=\"noreferrer noopener\">Ingresso online<\/a><\/em><\/strong><\/p>\n<!-- \/wp:paragraph --><!-- wp:paragraph {\"fontSize\":\"medium\"} -->\n<p class=\"has-medium-font-size\"><strong>20h: Tiago Cavalcante Guerra<br \/><\/strong>Bate-papo com o autor guarulhense: Guarulhos &#8211; olhares sobre trabalho e cotidiano \u2013 Audit\u00f3rio Amarelo<\/p>\n<!-- \/wp:paragraph --><!-- wp:spacer -->\n<div class=\"wp-block-spacer\" style=\"height: 100px;\" aria-hidden=\"true\">\u00a0<\/div>\n<!-- \/wp:spacer --><!-- wp:heading {\"textAlign\":\"center\",\"level\":1,\"backgroundColor\":\"vivid-purple\",\"textColor\":\"white\"} -->\n<h1 class=\"has-text-align-center has-white-color has-vivid-purple-background-color has-text-color has-background\"><strong>11 de agosto, quinta<\/strong><\/h1>\n<!-- \/wp:heading --><!-- wp:paragraph -->\n<p>\u00a0<\/p>\n<!-- \/wp:paragraph --><!-- wp:paragraph {\"fontSize\":\"medium\"} -->\n<p class=\"has-medium-font-size\"><strong>16h: Paula Furtado<br \/><\/strong>Bate-papo com a autora: Trabalhando o socioemocional com as hist\u00f3rias &#8211; Audit\u00f3rio Amarelo<\/p>\n<!-- \/wp:paragraph --><!-- wp:paragraph {\"fontSize\":\"medium\"} -->\n<p class=\"has-medium-font-size\"><strong>19h: Wescley Tinoco Silva Leit\u00e3o<br \/><\/strong>Bate-papo com o autor guarulhense: 2021 &#8211; A capoeira e administra\u00e7\u00e3o financeira para associa\u00e7\u00f5es do Terceiro Setor &#8211; Audit\u00f3rio Amarelo<\/p>\n<!-- \/wp:paragraph --><!-- wp:paragraph {\"style\":{\"elements\":{\"link\":{\"color\":{\"text\":\"var:preset|color|vivid-purple\"}}}},\"backgroundColor\":\"pale-cyan-blue\",\"fontSize\":\"medium\"} -->\n<p class=\"has-pale-cyan-blue-background-color has-background has-link-color has-medium-font-size\"><strong>20h: Paulo Fochi<br \/><\/strong>Primeira Inf\u00e2ncia. Paulo Fochi \u00e9 refer\u00eancia nas discuss\u00f5es relacionadas a Educa\u00e7\u00e3o Infantil e Pol\u00edticas para a Inf\u00e2ncia &#8211; Audit\u00f3rio Azul<br \/><strong><em><a href=\"https:\/\/www.instagram.com\/p\/ChBAoZ6O9HC\/?utm_source=ig_web_copy_link\" target=\"_blank\" rel=\"noreferrer noopener\">Lista de Espera! Ir ao local do evento na data da atividade com 1 hora de anteced\u00eancia e aguardar. As vagas s\u00e3o limitadas de acordo com a capacidade do audit\u00f3rio (500 pessoas)<\/a><\/em><\/strong><\/p>\n<!-- \/wp:paragraph --><!-- wp:paragraph {\"fontSize\":\"medium\"} -->\n<p class=\"has-medium-font-size\"><strong>20h: Academia Guarulhense de Letras<br \/><\/strong>Sarau &#8211; Audit\u00f3rio Amarelo<\/p>\n<!-- \/wp:paragraph --><!-- wp:spacer -->\n<div class=\"wp-block-spacer\" style=\"height: 100px;\" aria-hidden=\"true\">\u00a0<\/div>\n<!-- \/wp:spacer --><!-- wp:heading {\"textAlign\":\"center\",\"level\":1,\"backgroundColor\":\"vivid-purple\",\"textColor\":\"white\"} -->\n<h1 class=\"has-text-align-center has-white-color has-vivid-purple-background-color has-text-color has-background\"><strong>12 de agosto, sexta<\/strong><\/h1>\n<!-- \/wp:heading --><!-- wp:paragraph -->\n<p>\u00a0<\/p>\n<!-- \/wp:paragraph --><!-- wp:paragraph {\"fontSize\":\"medium\"} -->\n<p class=\"has-medium-font-size\"><strong>11h: Ana Carolina Lemos<br \/><\/strong>Sess\u00e3o de Aut\u00f3grafos com a autora no estande da Editora Paulus<br \/><br \/><strong>17h: Caio Tozzi<br \/><\/strong>Bate-papo e Sess\u00e3o de Aut\u00f3grafos com o autor: O poder de transforma\u00e7\u00e3o do livro para jovens leitores &#8211; Audit\u00f3rio Amarelo<\/p>\n<!-- \/wp:paragraph --><!-- wp:paragraph {\"fontSize\":\"medium\"} -->\n<p class=\"has-medium-font-size\"><strong>18h: Priscila Martinelli Veiga<br \/><\/strong>Bate-papo com a autora guarulhense &#8211; Audit\u00f3rio Amarelo<\/p>\n<!-- \/wp:paragraph --><!-- wp:paragraph {\"fontSize\":\"medium\"} -->\n<p class=\"has-medium-font-size\"><strong>19h: Anac\u00e9lia Sipriano da Silva<br \/><\/strong>Bate-papo com a autora guarulhense: Como se tornar um escritor independente &#8211; sem custos &#8211; Audit\u00f3rio Lil\u00e1s<\/p>\n<!-- \/wp:paragraph --><!-- wp:paragraph {\"fontSize\":\"medium\"} -->\n<p class=\"has-medium-font-size\"><strong>19h: Ivo de Souza (membro da AGL)<br \/><\/strong>Bate-papo com o autor guarulhense: Cad\u00ea o Sol? &#8211; Audit\u00f3rio Amarelo<\/p>\n<!-- \/wp:paragraph --><!-- wp:paragraph {\"fontSize\":\"medium\"} -->\n<p class=\"has-medium-font-size\"><strong>19h: Babi A. Sette (Grupo Editorial Record) <br \/><\/strong>Sess\u00e3o de Aut\u00f3grafos com a autora &#8211; Lounge Conectividade<\/p>\n<!-- \/wp:paragraph --><!-- wp:paragraph {\"style\":{\"elements\":{\"link\":{\"color\":{\"text\":\"var:preset|color|vivid-purple\"}}}},\"backgroundColor\":\"pale-cyan-blue\",\"fontSize\":\"medium\"} -->\n<p class=\"has-pale-cyan-blue-background-color has-background has-link-color has-medium-font-size\"><strong>20h: Fabr\u00edcio Carpinejar<br \/><\/strong>Centavos de exist\u00eancia &#8211; como aproveitar os momentos imperfeitos. Poeta, cronista, jornalista e apresentador, Fabr\u00edcio Carpinejar \u00e9 considerado um dos principais nomes da poesia contempor\u00e2nea &#8211; Audit\u00f3rio Azul <img style=\"width: 5%;\" src=\"https:\/\/kitsoescola.com\/wp-content\/uploads\/2021\/03\/unnamed.png\" \/><br \/><strong><em><a href=\"https:\/\/www.sympla.com.br\/evento\/palestra-centavos-de-existencia\/1656544\" target=\"_blank\" rel=\"noreferrer noopener\">Ingresso online<\/a><\/em><\/strong><\/p>\n<!-- \/wp:paragraph --><!-- wp:paragraph {\"fontSize\":\"medium\"} -->\n<p class=\"has-medium-font-size\"><strong>20h: Shirlaine Aparecida Paduin<br \/><\/strong>Bate-papo com a autora guarulhense: Voc\u00ea conhece seu filho? &#8211; Audit\u00f3rio Amarelo<\/p>\n<!-- \/wp:paragraph --><!-- wp:spacer -->\n<div class=\"wp-block-spacer\" style=\"height: 100px;\" aria-hidden=\"true\">\u00a0<\/div>\n<!-- \/wp:spacer --><!-- wp:heading {\"textAlign\":\"center\",\"level\":1,\"backgroundColor\":\"vivid-purple\",\"textColor\":\"white\"} -->\n<h1 class=\"has-text-align-center has-white-color has-vivid-purple-background-color has-text-color has-background\"><strong>13 de agosto, s\u00e1bado<\/strong><\/h1>\n<!-- \/wp:heading --><!-- wp:paragraph -->\n<p>\u00a0<\/p>\n<!-- \/wp:paragraph --><!-- wp:paragraph {\"style\":{\"elements\":{\"link\":{\"color\":{\"text\":\"var:preset|color|vivid-purple\"}}}},\"backgroundColor\":\"pale-cyan-blue\",\"fontSize\":\"medium\"} -->\n<p class=\"has-pale-cyan-blue-background-color has-background has-link-color has-medium-font-size\"><strong>11h: Samuca<strong> (Programa\u00e7\u00e3o Infantil)<\/strong><br \/><\/strong>Em suas conta\u00e7\u00f5es de hist\u00f3rias, Samuca utiliza materiais recicl\u00e1veis, brincadeiras de roda e jogos cooperativos &#8211; Audit\u00f3rio Azul<br \/><strong><em><a href=\"https:\/\/www.sympla.com.br\/contacao-de-historias-com-samuca__1663219\" target=\"_blank\" rel=\"noreferrer noopener\">Ingresso online<\/a><\/em><\/strong><\/p>\n<!-- \/wp:paragraph --><!-- wp:paragraph {\"fontSize\":\"medium\"} -->\n<p class=\"has-medium-font-size\"><strong>12h: Francisco Lima Neto<br \/><\/strong>Bate-papo com o autor: O resgate de personagens hist\u00f3ricos como forma de aumentar a autoestima e representatividade da popula\u00e7\u00e3o negra &#8211; Audit\u00f3rio Amarelo<\/p>\n<!-- \/wp:paragraph --><!-- wp:paragraph {\"fontSize\":\"medium\"} -->\n<p class=\"has-medium-font-size\"><strong>13h: Heidy Lirio da Cruz<br \/><\/strong>Bate-papo com a autora guarulhense: Preven\u00e7\u00e3o \u00e0s rela\u00e7\u00f5es abusivas \u2013 Audit\u00f3rio Amarelo<\/p>\n<!-- \/wp:paragraph --><!-- wp:paragraph {\"style\":{\"elements\":{\"link\":{\"color\":{\"text\":\"var:preset|color|vivid-purple\"}}}},\"backgroundColor\":\"pale-cyan-blue\",\"fontSize\":\"medium\"} -->\n<p class=\"has-pale-cyan-blue-background-color has-background has-link-color has-medium-font-size\"><strong>14h: Carlos Ruas (canal Um S\u00e1bado Qualquer)<br \/><\/strong>Vivendo de quadrinhos. Carlos Ruas \u00e9 quadrinista e criador do Um S\u00e1bado Qualquer, Mundo Avesso e C\u00e3es e Gatos &#8211; Audit\u00f3rio Lil\u00e1s e Sess\u00e3o de Aut\u00f3grafos, \u00e0s 15h, no estande da Selecta Livros<br \/><strong><em><a href=\"https:\/\/www.sympla.com.br\/evento\/carlos-ruas-do-canal-um-sabado-qualquer\/1656498\" target=\"_blank\" rel=\"noreferrer noopener\">Ingresso online<\/a><\/em><\/strong><\/p>\n<!-- \/wp:paragraph --><!-- wp:paragraph {\"fontSize\":\"medium\"} -->\n<p class=\"has-medium-font-size\"><strong>15h: Lindy Barbosa<br \/><\/strong>Conta\u00e7\u00e3o de Hist\u00f3rias: A p\u00edlula falante &#8211; Audit\u00f3rio Amarelo<\/p>\n<!-- \/wp:paragraph --><!-- wp:paragraph {\"style\":{\"elements\":{\"link\":{\"color\":{\"text\":\"var:preset|color|vivid-purple\"}}}},\"backgroundColor\":\"pale-cyan-blue\",\"fontSize\":\"medium\"} -->\n<p class=\"has-pale-cyan-blue-background-color has-background has-link-color has-medium-font-size\"><strong>16h: F\u00e1bulas de La Fontaine<strong> (Programa\u00e7\u00e3o Infantil)<\/strong><br \/><\/strong>A pe\u00e7a teatral F\u00e1bulas de La Fontaine apresenta narrativas curtas com o objetivo de passar uma li\u00e7\u00e3o &#8211; Audit\u00f3rio Azul<br \/><strong><em><a href=\"https:\/\/www.sympla.com.br\/teatro-fabulas-de-la-fontaine---amo-educacao-e-entretenimento__1656559\" target=\"_blank\" rel=\"noreferrer noopener\">Ingresso online<\/a><\/em><\/strong><\/p>\n<!-- \/wp:paragraph --><!-- wp:paragraph {\"fontSize\":\"medium\"} -->\n<p class=\"has-medium-font-size\"><strong>16h: Karla Maria<br \/><\/strong>Bate-papo com a autora: Quando a realidade brasileira supera a fic\u00e7\u00e3o: p\u00e1ginas de jornalismo que humanizam &#8211; Audit\u00f3rio Lil\u00e1s<\/p>\n<!-- \/wp:paragraph --><!-- wp:paragraph {\"fontSize\":\"medium\"} -->\n<p class=\"has-medium-font-size\"><strong>16h: C\u00e9sar Magalh\u00e3es Borges<br \/><\/strong>Bate-papo com o autor: Poesia em trilhas de imagem e som &#8211; Audit\u00f3rio Amarelo<\/p>\n<!-- \/wp:paragraph --><!-- wp:paragraph {\"fontSize\":\"medium\"} -->\n<p class=\"has-medium-font-size\"><strong>17h: Ana Paula Bonanno<br \/><\/strong>Bate-papo com a autora guarulhense &#8211; Audit\u00f3rio Lil\u00e1s<\/p>\n<!-- \/wp:paragraph --><!-- wp:paragraph {\"style\":{\"elements\":{\"link\":{\"color\":{\"text\":\"var:preset|color|vivid-purple\"}}}},\"backgroundColor\":\"pale-cyan-blue\",\"fontSize\":\"medium\"} -->\n<p class=\"has-pale-cyan-blue-background-color has-background has-link-color has-medium-font-size\"><strong>18h: Wendel Bezerra<br \/><\/strong>Um dos dubladores mais famosos do Brasil. Entre seus principais trabalhos est\u00e3o os personagens do Goku e Bob Esponja, Pain (Naruto) e Donatello (As Tartarugas Ninjas) &#8211; Audit\u00f3rio Azul <img style=\"width: 5%;\" src=\"https:\/\/kitsoescola.com\/wp-content\/uploads\/2021\/03\/unnamed.png\" \/><br \/><strong><em><a href=\"https:\/\/www.instagram.com\/p\/ChBAoZ6O9HC\/?utm_source=ig_web_copy_link\" target=\"_blank\" rel=\"noreferrer noopener\">Lista de Espera! Ir ao local do evento na data da atividade com 1 hora de anteced\u00eancia e aguardar. As vagas s\u00e3o limitadas de acordo com a capacidade do audit\u00f3rio (500 pessoas)<\/a><\/em><\/strong><\/p>\n<!-- \/wp:paragraph --><!-- wp:paragraph {\"fontSize\":\"medium\"} -->\n<p class=\"has-medium-font-size\"><strong>18h: Leandro Rodrigues Sales Filho<br \/><\/strong>Bate-papo com o autor guarulhense: Cristianismo e literatura de fic\u00e7\u00e3o, \u00e9 poss\u00edvel? &#8211; Audit\u00f3rio Amarelo<\/p>\n<!-- \/wp:paragraph --><!-- wp:paragraph {\"fontSize\":\"medium\"} -->\n<p class=\"has-medium-font-size\"><strong>19h: <strong>Academia Guarulhense de Letras &#8211; AGL<\/strong><\/strong> <strong> <br \/><\/strong>Solenidade de posse de novos acad\u00eamicos &#8211; Audit\u00f3rio Amarelo<\/p>\n<!-- \/wp:paragraph --><!-- wp:paragraph {\"fontSize\":\"medium\"} -->\n<p class=\"has-medium-font-size\"><strong>19h30: Paulo dos Santos<br \/><\/strong>Bate-papo com o autor guarulhense: Obra po\u00e9tico-musical de Raul Seixas no cen\u00e1rio cultural brasileiro &#8211; Audit\u00f3rio Lil\u00e1s<\/p>\n<!-- \/wp:paragraph --><!-- wp:paragraph {\"style\":{\"elements\":{\"link\":{\"color\":{\"text\":\"var:preset|color|vivid-purple\"}}}},\"backgroundColor\":\"pale-cyan-blue\",\"fontSize\":\"medium\"} -->\n<p class=\"has-pale-cyan-blue-background-color has-background has-link-color has-medium-font-size\"><strong>20h: Ilana Casoy<br \/><\/strong>Autora, escritora, crimin\u00f3loga e roterista, Ilana Casoy aborda o universo da criminalidade em s\u00e9rie e os bastidores de grandes casos &#8211; Audit\u00f3rio Azul <img style=\"width: 5%;\" src=\"https:\/\/kitsoescola.com\/wp-content\/uploads\/2021\/03\/unnamed.png\" \/><br \/><strong><em><a href=\"https:\/\/www.instagram.com\/p\/ChBAoZ6O9HC\/?utm_source=ig_web_copy_link\" target=\"_blank\" rel=\"noreferrer noopener\">Lista de Espera! Ir ao local do evento na data da atividade com 1 hora de anteced\u00eancia e aguardar. As vagas s\u00e3o limitadas de acordo com a capacidade do audit\u00f3rio (500 pessoas)<\/a><\/em><\/strong><\/p>\n<!-- \/wp:paragraph --><!-- wp:spacer -->\n<div class=\"wp-block-spacer\" style=\"height: 100px;\" aria-hidden=\"true\">\u00a0<\/div>\n<!-- \/wp:spacer --><!-- wp:heading {\"textAlign\":\"center\",\"level\":1,\"backgroundColor\":\"vivid-purple\",\"textColor\":\"white\"} -->\n<h1 class=\"has-text-align-center has-white-color has-vivid-purple-background-color has-text-color has-background\"><strong>14 de agosto, domingo<\/strong><\/h1>\n<!-- \/wp:heading --><!-- wp:paragraph -->\n<p>\u00a0<\/p>\n<!-- \/wp:paragraph --><!-- wp:paragraph {\"fontSize\":\"medium\"} -->\n<p class=\"has-medium-font-size\"><strong>11h: Projeto EducaDan\u00e7a<br \/><\/strong>Apresenta\u00e7\u00e3o de Ballet: A arca de No\u00e9 &#8211; O pato &#8211; Audit\u00f3rio Azul<\/p>\n<!-- \/wp:paragraph --><!-- wp:paragraph {\"fontSize\":\"medium\"} -->\n<p class=\"has-medium-font-size\"><strong>11h e 13h: Ind\u00edgenas da Aldeia Multi\u00e9tnica Filhos Dessa Terra<br \/><\/strong>Oficina Arte e Cultura Ind\u00edgena &#8211; Conhecendo e convivendo com os Povos Ind\u00edgenas &#8211; Audit\u00f3rio Lil\u00e1s<\/p>\n<!-- \/wp:paragraph --><!-- wp:paragraph {\"fontSize\":\"medium\"} -->\n<p class=\"has-medium-font-size\"><strong>11h e 14h: Cia. Eureka \u2013 Pernacoteca<br \/><\/strong>A encantadora biblioteca sobre pernas \u2013 Lounge Conectividade<\/p>\n<!-- \/wp:paragraph --><!-- wp:paragraph {\"fontSize\":\"medium\"} -->\n<p class=\"has-medium-font-size\"><strong>11h: Felipe Castilho<br \/><\/strong>Bate-papo com o autor guarulhense: Livro \u201cOuro, Fogo &amp; Megabytes\u201d \u2013 Estande da Editora Aut\u00eantica<\/p>\n<!-- \/wp:paragraph --><!-- wp:paragraph {\"fontSize\":\"medium\"} -->\n<p class=\"has-medium-font-size\"><strong>11h: Ray Tavares<br \/><\/strong>Bate-papo com a autora: Das fanfics aos livros (Grupo Editorial Record) \u2013 Audit\u00f3rio Amarelo | Sess\u00e3o de Aut\u00f3grafos, a partir das 12h, no Lounge Conectividade<\/p>\n<!-- \/wp:paragraph --><!-- wp:paragraph {\"fontSize\":\"medium\"} -->\n<p class=\"has-medium-font-size\"><strong>13h: Celi Aparecida Pereira<br \/><\/strong>Bate-papo com a autora guarulhense: Divina separa\u00e7\u00e3o e a coleta seletiva \u2013 Audit\u00f3rio Amarelo<\/p>\n<!-- \/wp:paragraph --><!-- wp:paragraph {\"fontSize\":\"medium\"} -->\n<p class=\"has-medium-font-size\"><strong>14h: Andr\u00e9 Rodrigues, Larissa Ribeiro e Pedro Markun<br \/><\/strong>Bate-papo com o Coletivo Sabichinho: Perdas e partidas uma reflex\u00e3o sobre o ciclo da vida, do livro \u201cA morte da lagarta\u201d \u2013 Audit\u00f3rio Amarelo<\/p>\n<!-- \/wp:paragraph --><!-- wp:paragraph {\"style\":{\"elements\":{\"link\":{\"color\":{\"text\":\"var:preset|color|vivid-purple\"}}}},\"backgroundColor\":\"pale-cyan-blue\",\"fontSize\":\"medium\"} -->\n<p class=\"has-pale-cyan-blue-background-color has-background has-link-color has-medium-font-size\"><strong>15h: Daniel Munduruku e Awa Kuaray Wer\u00e1<br \/><\/strong>Roda de Conversa: Literatura e resist\u00eancia ind\u00edgena. Daniel Munduruku e Awa Kuaray Wer\u00e1 abordam as manifesta\u00e7\u00f5es da tradi\u00e7\u00e3o e cultura dos povos ind\u00edgenas por meio de suas narrativas, cantos, dan\u00e7as e artesanato \u2013 Audit\u00f3rio Lil\u00e1s<br \/><strong><em><a href=\"https:\/\/www.sympla.com.br\/daniel-munduruku-e-awa-kuaray-wera__1663239\" target=\"_blank\" rel=\"noreferrer noopener\">Ingresso online<\/a><\/em><\/strong><\/p>\n<!-- \/wp:paragraph --><!-- wp:paragraph {\"fontSize\":\"medium\"} -->\n<p class=\"has-medium-font-size\"><strong>15h: Luciene M\u00fcller<br \/><\/strong>Bate-papo com a autora: Colo invis\u00edvel &#8211; Bibliotecas salvam \u2013 Audit\u00f3rio Amarelo<\/p>\n<!-- \/wp:paragraph --><!-- wp:paragraph {\"fontSize\":\"medium\"} -->\n<p class=\"has-medium-font-size\"><strong>15h: Paola Siviero<br \/><\/strong>Sess\u00e3o de Aut\u00f3grafos com a autora: Livro \u201cO auto da Maga Josefa\u201d \u2013 Estande da Editora Aut\u00eantica<\/p>\n<!-- \/wp:paragraph --><!-- wp:paragraph {\"style\":{\"elements\":{\"link\":{\"color\":{\"text\":\"var:preset|color|vivid-purple\"}}}},\"backgroundColor\":\"pale-cyan-blue\",\"fontSize\":\"medium\"} -->\n<p class=\"has-pale-cyan-blue-background-color has-background has-link-color has-medium-font-size\"><strong>16h: Barbatuques<strong> (Programa\u00e7\u00e3o Infantil)<\/strong><br \/><\/strong>Barbatuquices. O Barbatuques promove a\u00e7\u00f5es interativas que desenvolvem a criatividade, coordena\u00e7\u00e3o psico-motora, percep\u00e7\u00e3o de si e do outro \u2013 Audit\u00f3rio Azul<br \/><strong><em><a href=\"https:\/\/www.instagram.com\/p\/ChBAoZ6O9HC\/?utm_source=ig_web_copy_link\" target=\"_blank\" rel=\"noreferrer noopener\">Lista de Espera! Ir ao local do evento na data da atividade com 1 hora de anteced\u00eancia e aguardar. As vagas s\u00e3o limitadas de acordo com a capacidade do audit\u00f3rio (500 pessoas)<\/a><\/em><\/strong><\/p>\n<!-- \/wp:paragraph --><!-- wp:paragraph {\"fontSize\":\"medium\"} -->\n<p class=\"has-medium-font-size\"><strong>16h: Luciellen Eufrasio de Carvalho Ferreira<br \/><\/strong>Bate-papo com a autora guarulhense: Pr\u00e1ticas de alfabetiza\u00e7\u00e3o com a literatura infantil a partir do letramento liter\u00e1rio &#8211; Audit\u00f3rio Amarelo<br \/><br \/><strong>17h: Felipe Chib\u00e1z Ortiz<\/strong><br \/>Bate-papo sobre &#8220;Criatividade, inova\u00e7\u00e3o e empreendedorismo nas Cidades MIL de UNESCO&#8221; &#8211; Audit\u00f3rio Lil\u00e1s<\/p>\n<!-- \/wp:paragraph --><!-- wp:paragraph {\"fontSize\":\"medium\"} -->\n<p class=\"has-medium-font-size\"><strong>17h: Bosco Maciel (membro da AGL)<br \/><\/strong>Bate-papo com o autor guarulhense: Cultura popular, um tesouro ainda desconhecido \u2013 Audit\u00f3rio Amarelo<\/p>\n<!-- \/wp:paragraph --><!-- wp:paragraph {\"style\":{\"elements\":{\"link\":{\"color\":{\"text\":\"var:preset|color|vivid-purple\"}}}},\"backgroundColor\":\"pale-cyan-blue\",\"fontSize\":\"medium\"} -->\n<p class=\"has-pale-cyan-blue-background-color has-background has-link-color has-medium-font-size\"><strong>18h: Fernanda Takai<br \/><\/strong>Fernanda Takai \u00e9 cantora, compositora, escritora e vocalista da banda mineira Pato Fu &#8211; Audit\u00f3rio Azul<br \/><strong><em><a href=\"https:\/\/www.instagram.com\/p\/ChBAoZ6O9HC\/?utm_source=ig_web_copy_link\" target=\"_blank\" rel=\"noreferrer noopener\">Lista de Espera! Ir ao local do evento na data da atividade com 1 hora de anteced\u00eancia e aguardar. As vagas s\u00e3o limitadas de acordo com a capacidade do audit\u00f3rio (500 pessoas)<\/a><\/em><\/strong><\/p>\n<!-- \/wp:paragraph -->\t\t\t\t\t\t<\/div>\n\t\t\t\t<\/div>\n\t\t\t\t\t<\/div>\n\t\t<\/div>\n\t\t\t\t\t\t\t<\/div>\n\t\t<\/section>\n\t\t\t\t\t\t\t<\/div>\n\t\t","protected":false},"excerpt":{"rendered":"<p>5 de agosto, sexta 5 de agosto, sexta \u00a0 17h: Talita Martins SalvadorBate-papo com a autora guarulhense: Cria\u00e7\u00e3o e publica\u00e7\u00e3o de livros no Brasil &#8211; Audit\u00f3rio Amarelo 18h: Elton Soares &hellip;<\/p>\n<p class=\"read-more\"> <a class=\"\" href=\"https:\/\/portaleducacao.guarulhos.sp.gov.br\/wp_site\/portalbienal\/2022\/07\/28\/programacao\/\"> <span class=\"screen-reader-text\">Programa\u00e7\u00e3o Geral da Bienal do Livro de Guarulhos 2022<\/span> Leia mais &raquo;<\/a><\/p>\n","protected":false},"author":12,"featured_media":2099,"comment_status":"closed","ping_status":"closed","sticky":true,"template":"","format":"standard","meta":{"_monsterinsights_skip_tracking":false,"_monsterinsights_sitenote_active":false,"_monsterinsights_sitenote_note":"","_monsterinsights_sitenote_category":0,"site-sidebar-layout":"default","site-content-layout":"default","ast-global-header-display":"","ast-main-header-display":"","ast-hfb-above-header-display":"","ast-hfb-below-header-display":"","ast-hfb-mobile-header-display":"","site-post-title":"","ast-breadcrumbs-content":"","ast-featured-img":"","footer-sml-layout":"","theme-transparent-header-meta":"","adv-header-id-meta":"","stick-header-meta":"","header-above-stick-meta":"","header-main-stick-meta":"","header-below-stick-meta":"","_expiration-date-status":"","_expiration-date":0,"_expiration-date-type":"","_expiration-date-categories":[],"_expiration-date-options":[]},"categories":[42,49,1],"tags":[36],"yoast_head":"<!-- This site is optimized with the Yoast SEO plugin v19.7.1 - https:\/\/yoast.com\/wordpress\/plugins\/seo\/ -->\r\n<title>Programa\u00e7\u00e3o Geral da Bienal do Livro de Guarulhos 2022 - Bienal do Livro de Guarulhos - 2024<\/title>\r\n<meta name=\"robots\" content=\"index, follow, max-snippet:-1, max-image-preview:large, max-video-preview:-1\" \/>\r\n<link rel=\"canonical\" href=\"https:\/\/portaleducacao.guarulhos.sp.gov.br\/wp_site\/portalbienal\/2022\/07\/28\/programacao\/\" \/>\r\n<meta property=\"og:locale\" content=\"pt_BR\" \/>\r\n<meta property=\"og:type\" content=\"article\" \/>\r\n<meta property=\"og:title\" content=\"Programa\u00e7\u00e3o Geral da Bienal do Livro de Guarulhos 2022 - Bienal do Livro de Guarulhos - 2024\" \/>\r\n<meta property=\"og:description\" content=\"5 de agosto, sexta 5 de agosto, sexta \u00a0 17h: Talita Martins SalvadorBate-papo com a autora guarulhense: Cria\u00e7\u00e3o e publica\u00e7\u00e3o de livros no Brasil &#8211; Audit\u00f3rio Amarelo 18h: Elton Soares &hellip; Programa\u00e7\u00e3o Geral da Bienal do Livro de Guarulhos 2022 Leia mais &raquo;\" \/>\r\n<meta property=\"og:url\" content=\"https:\/\/portaleducacao.guarulhos.sp.gov.br\/wp_site\/portalbienal\/2022\/07\/28\/programacao\/\" \/>\r\n<meta property=\"og:site_name\" content=\"Bienal do Livro de Guarulhos - 2024\" \/>\r\n<meta property=\"article:published_time\" content=\"2022-07-28T20:21:14+00:00\" \/>\r\n<meta property=\"article:modified_time\" content=\"2024-10-16T14:22:13+00:00\" \/>\r\n<meta property=\"og:image\" content=\"http:\/\/portaleducacao.guarulhos.sp.gov.br\/wp_site\/portalbienal\/wp-content\/uploads\/sites\/22\/2022\/07\/WhatsApp-Image-2022-07-28-at-21.26.49.jpeg\" \/>\r\n\t<meta property=\"og:image:width\" content=\"1280\" \/>\r\n\t<meta property=\"og:image:height\" content=\"853\" \/>\r\n\t<meta property=\"og:image:type\" content=\"image\/jpeg\" \/>\r\n<meta name=\"author\" content=\"Eduardo Calabria\" \/>\r\n<meta name=\"twitter:card\" content=\"summary_large_image\" \/>\r\n<meta name=\"twitter:label1\" content=\"Escrito por\" \/>\n\t<meta name=\"twitter:data1\" content=\"Eduardo Calabria\" \/>\n\t<meta name=\"twitter:label2\" content=\"Est. tempo de leitura\" \/>\n\t<meta name=\"twitter:data2\" content=\"13 minutos\" \/>\r\n<script type=\"application\/ld+json\" class=\"yoast-schema-graph\">{\"@context\":\"https:\/\/schema.org\",\"@graph\":[{\"@type\":\"Article\",\"@id\":\"https:\/\/portaleducacao.guarulhos.sp.gov.br\/wp_site\/portalbienal\/2022\/07\/28\/programacao\/#article\",\"isPartOf\":{\"@id\":\"https:\/\/portaleducacao.guarulhos.sp.gov.br\/wp_site\/portalbienal\/2022\/07\/28\/programacao\/\"},\"author\":{\"name\":\"Eduardo Calabria\",\"@id\":\"https:\/\/portaleducacao.guarulhos.sp.gov.br\/wp_site\/portalbienal\/#\/schema\/person\/3cd59442d86a6bd35a1cb775b093d9af\"},\"headline\":\"Programa\u00e7\u00e3o Geral da Bienal do Livro de Guarulhos 2022\",\"datePublished\":\"2022-07-28T20:21:14+00:00\",\"dateModified\":\"2024-10-16T14:22:13+00:00\",\"mainEntityOfPage\":{\"@id\":\"https:\/\/portaleducacao.guarulhos.sp.gov.br\/wp_site\/portalbienal\/2022\/07\/28\/programacao\/\"},\"wordCount\":2662,\"publisher\":{\"@id\":\"https:\/\/portaleducacao.guarulhos.sp.gov.br\/wp_site\/portalbienal\/#organization\"},\"keywords\":[\"X\u00f4FakeNews\"],\"articleSection\":[\"Bienal 2023\",\"bienal_22\"],\"inLanguage\":\"pt-BR\"},{\"@type\":\"WebPage\",\"@id\":\"https:\/\/portaleducacao.guarulhos.sp.gov.br\/wp_site\/portalbienal\/2022\/07\/28\/programacao\/\",\"url\":\"https:\/\/portaleducacao.guarulhos.sp.gov.br\/wp_site\/portalbienal\/2022\/07\/28\/programacao\/\",\"name\":\"Programa\u00e7\u00e3o Geral da Bienal do Livro de Guarulhos 2022 - Bienal do Livro de Guarulhos - 2024\",\"isPartOf\":{\"@id\":\"https:\/\/portaleducacao.guarulhos.sp.gov.br\/wp_site\/portalbienal\/#website\"},\"datePublished\":\"2022-07-28T20:21:14+00:00\",\"dateModified\":\"2024-10-16T14:22:13+00:00\",\"breadcrumb\":{\"@id\":\"https:\/\/portaleducacao.guarulhos.sp.gov.br\/wp_site\/portalbienal\/2022\/07\/28\/programacao\/#breadcrumb\"},\"inLanguage\":\"pt-BR\",\"potentialAction\":[{\"@type\":\"ReadAction\",\"target\":[\"https:\/\/portaleducacao.guarulhos.sp.gov.br\/wp_site\/portalbienal\/2022\/07\/28\/programacao\/\"]}]},{\"@type\":\"BreadcrumbList\",\"@id\":\"https:\/\/portaleducacao.guarulhos.sp.gov.br\/wp_site\/portalbienal\/2022\/07\/28\/programacao\/#breadcrumb\",\"itemListElement\":[{\"@type\":\"ListItem\",\"position\":1,\"name\":\"In\u00edcio\",\"item\":\"https:\/\/portaleducacao.guarulhos.sp.gov.br\/wp_site\/portalbienal\/\"},{\"@type\":\"ListItem\",\"position\":2,\"name\":\"Programa\u00e7\u00e3o Geral da Bienal do Livro de Guarulhos 2022\"}]},{\"@type\":\"WebSite\",\"@id\":\"https:\/\/portaleducacao.guarulhos.sp.gov.br\/wp_site\/portalbienal\/#website\",\"url\":\"https:\/\/portaleducacao.guarulhos.sp.gov.br\/wp_site\/portalbienal\/\",\"name\":\"Bienal do Livro de Guarulhos - 2024\",\"description\":\"Secretaria de Educa\u00e7\u00e3o - Prefeitura de Guarulhos\",\"publisher\":{\"@id\":\"https:\/\/portaleducacao.guarulhos.sp.gov.br\/wp_site\/portalbienal\/#organization\"},\"potentialAction\":[{\"@type\":\"SearchAction\",\"target\":{\"@type\":\"EntryPoint\",\"urlTemplate\":\"https:\/\/portaleducacao.guarulhos.sp.gov.br\/wp_site\/portalbienal\/?s={search_term_string}\"},\"query-input\":\"required name=search_term_string\"}],\"inLanguage\":\"pt-BR\"},{\"@type\":\"Organization\",\"@id\":\"https:\/\/portaleducacao.guarulhos.sp.gov.br\/wp_site\/portalbienal\/#organization\",\"name\":\"Bienal do Livro de Guarulhos - 2024\",\"url\":\"https:\/\/portaleducacao.guarulhos.sp.gov.br\/wp_site\/portalbienal\/\",\"sameAs\":[],\"logo\":{\"@type\":\"ImageObject\",\"inLanguage\":\"pt-BR\",\"@id\":\"https:\/\/portaleducacao.guarulhos.sp.gov.br\/wp_site\/portalbienal\/#\/schema\/logo\/image\/\",\"url\":\"https:\/\/portaleducacao.guarulhos.sp.gov.br\/wp_site\/portalbienal\/wp-content\/uploads\/sites\/22\/2022\/07\/logo_site.jpg\",\"contentUrl\":\"https:\/\/portaleducacao.guarulhos.sp.gov.br\/wp_site\/portalbienal\/wp-content\/uploads\/sites\/22\/2022\/07\/logo_site.jpg\",\"width\":350,\"height\":100,\"caption\":\"Bienal do Livro de Guarulhos - 2024\"},\"image\":{\"@id\":\"https:\/\/portaleducacao.guarulhos.sp.gov.br\/wp_site\/portalbienal\/#\/schema\/logo\/image\/\"}},{\"@type\":\"Person\",\"@id\":\"https:\/\/portaleducacao.guarulhos.sp.gov.br\/wp_site\/portalbienal\/#\/schema\/person\/3cd59442d86a6bd35a1cb775b093d9af\",\"name\":\"Eduardo Calabria\",\"image\":{\"@type\":\"ImageObject\",\"inLanguage\":\"pt-BR\",\"@id\":\"https:\/\/portaleducacao.guarulhos.sp.gov.br\/wp_site\/portalbienal\/#\/schema\/person\/image\/\",\"url\":\"https:\/\/secure.gravatar.com\/avatar\/8e9c65076f903828ecdd0e9fa6ab1487?s=96&d=mm&r=g\",\"contentUrl\":\"https:\/\/secure.gravatar.com\/avatar\/8e9c65076f903828ecdd0e9fa6ab1487?s=96&d=mm&r=g\",\"caption\":\"Eduardo Calabria\"},\"url\":\"https:\/\/portaleducacao.guarulhos.sp.gov.br\/wp_site\/portalbienal\/author\/eduardocm\/\"}]}<\/script>\r\n<!-- \/ Yoast SEO plugin. -->","yoast_head_json":{"title":"Programa\u00e7\u00e3o Geral da Bienal do Livro de Guarulhos 2022 - Bienal do Livro de Guarulhos - 2024","robots":{"index":"index","follow":"follow","max-snippet":"max-snippet:-1","max-image-preview":"max-image-preview:large","max-video-preview":"max-video-preview:-1"},"canonical":"https:\/\/portaleducacao.guarulhos.sp.gov.br\/wp_site\/portalbienal\/2022\/07\/28\/programacao\/","og_locale":"pt_BR","og_type":"article","og_title":"Programa\u00e7\u00e3o Geral da Bienal do Livro de Guarulhos 2022 - Bienal do Livro de Guarulhos - 2024","og_description":"5 de agosto, sexta 5 de agosto, sexta \u00a0 17h: Talita Martins SalvadorBate-papo com a autora guarulhense: Cria\u00e7\u00e3o e publica\u00e7\u00e3o de livros no Brasil &#8211; Audit\u00f3rio Amarelo 18h: Elton Soares &hellip; Programa\u00e7\u00e3o Geral da Bienal do Livro de Guarulhos 2022 Leia mais &raquo;","og_url":"https:\/\/portaleducacao.guarulhos.sp.gov.br\/wp_site\/portalbienal\/2022\/07\/28\/programacao\/","og_site_name":"Bienal do Livro de Guarulhos - 2024","article_published_time":"2022-07-28T20:21:14+00:00","article_modified_time":"2024-10-16T14:22:13+00:00","og_image":[{"width":1280,"height":853,"url":"http:\/\/portaleducacao.guarulhos.sp.gov.br\/wp_site\/portalbienal\/wp-content\/uploads\/sites\/22\/2022\/07\/WhatsApp-Image-2022-07-28-at-21.26.49.jpeg","type":"image\/jpeg"}],"author":"Eduardo Calabria","twitter_card":"summary_large_image","twitter_misc":{"Escrito por":"Eduardo Calabria","Est. tempo de leitura":"13 minutos"},"schema":{"@context":"https:\/\/schema.org","@graph":[{"@type":"Article","@id":"https:\/\/portaleducacao.guarulhos.sp.gov.br\/wp_site\/portalbienal\/2022\/07\/28\/programacao\/#article","isPartOf":{"@id":"https:\/\/portaleducacao.guarulhos.sp.gov.br\/wp_site\/portalbienal\/2022\/07\/28\/programacao\/"},"author":{"name":"Eduardo Calabria","@id":"https:\/\/portaleducacao.guarulhos.sp.gov.br\/wp_site\/portalbienal\/#\/schema\/person\/3cd59442d86a6bd35a1cb775b093d9af"},"headline":"Programa\u00e7\u00e3o Geral da Bienal do Livro de Guarulhos 2022","datePublished":"2022-07-28T20:21:14+00:00","dateModified":"2024-10-16T14:22:13+00:00","mainEntityOfPage":{"@id":"https:\/\/portaleducacao.guarulhos.sp.gov.br\/wp_site\/portalbienal\/2022\/07\/28\/programacao\/"},"wordCount":2662,"publisher":{"@id":"https:\/\/portaleducacao.guarulhos.sp.gov.br\/wp_site\/portalbienal\/#organization"},"keywords":["X\u00f4FakeNews"],"articleSection":["Bienal 2023","bienal_22"],"inLanguage":"pt-BR"},{"@type":"WebPage","@id":"https:\/\/portaleducacao.guarulhos.sp.gov.br\/wp_site\/portalbienal\/2022\/07\/28\/programacao\/","url":"https:\/\/portaleducacao.guarulhos.sp.gov.br\/wp_site\/portalbienal\/2022\/07\/28\/programacao\/","name":"Programa\u00e7\u00e3o Geral da Bienal do Livro de Guarulhos 2022 - Bienal do Livro de Guarulhos - 2024","isPartOf":{"@id":"https:\/\/portaleducacao.guarulhos.sp.gov.br\/wp_site\/portalbienal\/#website"},"datePublished":"2022-07-28T20:21:14+00:00","dateModified":"2024-10-16T14:22:13+00:00","breadcrumb":{"@id":"https:\/\/portaleducacao.guarulhos.sp.gov.br\/wp_site\/portalbienal\/2022\/07\/28\/programacao\/#breadcrumb"},"inLanguage":"pt-BR","potentialAction":[{"@type":"ReadAction","target":["https:\/\/portaleducacao.guarulhos.sp.gov.br\/wp_site\/portalbienal\/2022\/07\/28\/programacao\/"]}]},{"@type":"BreadcrumbList","@id":"https:\/\/portaleducacao.guarulhos.sp.gov.br\/wp_site\/portalbienal\/2022\/07\/28\/programacao\/#breadcrumb","itemListElement":[{"@type":"ListItem","position":1,"name":"In\u00edcio","item":"https:\/\/portaleducacao.guarulhos.sp.gov.br\/wp_site\/portalbienal\/"},{"@type":"ListItem","position":2,"name":"Programa\u00e7\u00e3o Geral da Bienal do Livro de Guarulhos 2022"}]},{"@type":"WebSite","@id":"https:\/\/portaleducacao.guarulhos.sp.gov.br\/wp_site\/portalbienal\/#website","url":"https:\/\/portaleducacao.guarulhos.sp.gov.br\/wp_site\/portalbienal\/","name":"Bienal do Livro de Guarulhos - 2024","description":"Secretaria de Educa\u00e7\u00e3o - Prefeitura de Guarulhos","publisher":{"@id":"https:\/\/portaleducacao.guarulhos.sp.gov.br\/wp_site\/portalbienal\/#organization"},"potentialAction":[{"@type":"SearchAction","target":{"@type":"EntryPoint","urlTemplate":"https:\/\/portaleducacao.guarulhos.sp.gov.br\/wp_site\/portalbienal\/?s={search_term_string}"},"query-input":"required name=search_term_string"}],"inLanguage":"pt-BR"},{"@type":"Organization","@id":"https:\/\/portaleducacao.guarulhos.sp.gov.br\/wp_site\/portalbienal\/#organization","name":"Bienal do Livro de Guarulhos - 2024","url":"https:\/\/portaleducacao.guarulhos.sp.gov.br\/wp_site\/portalbienal\/","sameAs":[],"logo":{"@type":"ImageObject","inLanguage":"pt-BR","@id":"https:\/\/portaleducacao.guarulhos.sp.gov.br\/wp_site\/portalbienal\/#\/schema\/logo\/image\/","url":"https:\/\/portaleducacao.guarulhos.sp.gov.br\/wp_site\/portalbienal\/wp-content\/uploads\/sites\/22\/2022\/07\/logo_site.jpg","contentUrl":"https:\/\/portaleducacao.guarulhos.sp.gov.br\/wp_site\/portalbienal\/wp-content\/uploads\/sites\/22\/2022\/07\/logo_site.jpg","width":350,"height":100,"caption":"Bienal do Livro de Guarulhos - 2024"},"image":{"@id":"https:\/\/portaleducacao.guarulhos.sp.gov.br\/wp_site\/portalbienal\/#\/schema\/logo\/image\/"}},{"@type":"Person","@id":"https:\/\/portaleducacao.guarulhos.sp.gov.br\/wp_site\/portalbienal\/#\/schema\/person\/3cd59442d86a6bd35a1cb775b093d9af","name":"Eduardo Calabria","image":{"@type":"ImageObject","inLanguage":"pt-BR","@id":"https:\/\/portaleducacao.guarulhos.sp.gov.br\/wp_site\/portalbienal\/#\/schema\/person\/image\/","url":"https:\/\/secure.gravatar.com\/avatar\/8e9c65076f903828ecdd0e9fa6ab1487?s=96&d=mm&r=g","contentUrl":"https:\/\/secure.gravatar.com\/avatar\/8e9c65076f903828ecdd0e9fa6ab1487?s=96&d=mm&r=g","caption":"Eduardo Calabria"},"url":"https:\/\/portaleducacao.guarulhos.sp.gov.br\/wp_site\/portalbienal\/author\/eduardocm\/"}]}},"_links":{"self":[{"href":"https:\/\/portaleducacao.guarulhos.sp.gov.br\/wp_site\/portalbienal\/wp-json\/wp\/v2\/posts\/2064"}],"collection":[{"href":"https:\/\/portaleducacao.guarulhos.sp.gov.br\/wp_site\/portalbienal\/wp-json\/wp\/v2\/posts"}],"about":[{"href":"https:\/\/portaleducacao.guarulhos.sp.gov.br\/wp_site\/portalbienal\/wp-json\/wp\/v2\/types\/post"}],"author":[{"embeddable":true,"href":"https:\/\/portaleducacao.guarulhos.sp.gov.br\/wp_site\/portalbienal\/wp-json\/wp\/v2\/users\/12"}],"replies":[{"embeddable":true,"href":"https:\/\/portaleducacao.guarulhos.sp.gov.br\/wp_site\/portalbienal\/wp-json\/wp\/v2\/comments?post=2064"}],"version-history":[{"count":83,"href":"https:\/\/portaleducacao.guarulhos.sp.gov.br\/wp_site\/portalbienal\/wp-json\/wp\/v2\/posts\/2064\/revisions"}],"predecessor-version":[{"id":2945,"href":"https:\/\/portaleducacao.guarulhos.sp.gov.br\/wp_site\/portalbienal\/wp-json\/wp\/v2\/posts\/2064\/revisions\/2945"}],"wp:featuredmedia":[{"embeddable":true,"href":"https:\/\/portaleducacao.guarulhos.sp.gov.br\/wp_site\/portalbienal\/wp-json\/wp\/v2\/media\/2099"}],"wp:attachment":[{"href":"https:\/\/portaleducacao.guarulhos.sp.gov.br\/wp_site\/portalbienal\/wp-json\/wp\/v2\/media?parent=2064"}],"wp:term":[{"taxonomy":"category","embeddable":true,"href":"https:\/\/portaleducacao.guarulhos.sp.gov.br\/wp_site\/portalbienal\/wp-json\/wp\/v2\/categories?post=2064"},{"taxonomy":"post_tag","embeddable":true,"href":"https:\/\/portaleducacao.guarulhos.sp.gov.br\/wp_site\/portalbienal\/wp-json\/wp\/v2\/tags?post=2064"}],"curies":[{"name":"wp","href":"https:\/\/api.w.org\/{rel}","templated":true}]}}