{"id":2146,"date":"2022-07-29T13:03:37","date_gmt":"2022-07-29T16:03:37","guid":{"rendered":"https:\/\/portaleducacao.guarulhos.sp.gov.br\/wp_site\/portalbienal\/?p=2146"},"modified":"2024-10-16T11:22:03","modified_gmt":"2024-10-16T14:22:03","slug":"2a-bienal-do-livro-de-guarulhos-abre-inscricoes-gratuitas-para-palestras-com-autores-nesta-sexta-feira","status":"publish","type":"post","link":"https:\/\/portaleducacao.guarulhos.sp.gov.br\/wp_site\/portalbienal\/2022\/07\/29\/2a-bienal-do-livro-de-guarulhos-abre-inscricoes-gratuitas-para-palestras-com-autores-nesta-sexta-feira\/","title":{"rendered":"2\u00aa Bienal do Livro de Guarulhos abre inscri\u00e7\u00f5es gratuitas para palestras com autores nesta sexta-feira"},"content":{"rendered":"\n<p>A partir desta sexta-feira (29), \u00e0s 19h, come\u00e7am as inscri\u00e7\u00f5es online e gratuitas&nbsp;para as palestras com autores da 2\u00aa Bienal do Livro de Guarulhos, o maior evento liter\u00e1rio da cidade. O evento, que acontece entre os dias 5 e 14 de agosto, no Internacional Eventos, traz programa\u00e7\u00e3o diversificada ao longo de dez dias de realiza\u00e7\u00e3o.&nbsp;<\/p>\n\n\n\n<p class=\"wp-elements-76145712ceadc7e53c3db439e73c1a7f has-link-color\">Os ingressos gratuitos devem ser adquiridos pela plataforma&nbsp;Sympla, no site da Bienal do Livro de Guarulhos. Para obter seu ingresso, <strong><em><a rel=\"noreferrer noopener\" href=\"https:\/\/portaleducacao.guarulhos.sp.gov.br\/wp_site\/portalbienal\/2022\/07\/28\/programacao\/\" data-type=\"URL\" data-id=\"https:\/\/portaleducacao.guarulhos.sp.gov.br\/wp_site\/portalbienal\/2022\/07\/28\/programacao\/\" target=\"_blank\">clique aqui<\/a><\/em><\/strong>. Para se inscrever \u00e9 necess\u00e1rio acessar a conta com o e-mail e senha cadastrados ou entrar com a conta no Facebook.&nbsp;Para realizar cadastro, acesse <a rel=\"noreferrer noopener\" href=\"http:\/\/www.sympla.com.br\/criar-conta\" target=\"_blank\"><em><strong>www.sympla.com.br\/criar-conta<\/strong><\/em><\/a> e preencha os dados solicitados. Ap\u00f3s recebimento de link de confirma\u00e7\u00e3o no e-mail informado, clique para ativar a conta.<\/p>\n\n\n\n<p class=\"wp-elements-72d46b8a0c8e76a2ee034187791888cb has-link-color\">Para conhecer a programa\u00e7\u00e3o completa, <a href=\"https:\/\/portaleducacao.guarulhos.sp.gov.br\/wp_site\/portalbienal\/2022\/07\/28\/programacao\/\" target=\"_blank\" rel=\"noreferrer noopener\"><strong><em>clique aqui<\/em><\/strong><\/a>. Confira abaixo a programa\u00e7\u00e3o de palestras e apresenta\u00e7\u00f5es culturais que exigem inscri\u00e7\u00e3o e acontecem no Audit\u00f3rio Azul:<\/p>\n\n\n\n<h2><strong>6 de agosto, s\u00e1bado<\/strong><\/h2>\n\n\n\n<p><\/p>\n\n\n\n<p><strong>11h: A import\u00e2ncia de contar e ler hist\u00f3rias na era digital com Ilan Brenman<br><\/strong>Link para inscri\u00e7\u00e3o: <a href=\"https:\/\/www.sympla.com.br\/evento\/palestra-e-sessao-de-autografos-com-ilan-brenman\/1656084\">https:\/\/www.sympla.com.br\/evento\/palestra-e-sessao-de-autografos-com-ilan-brenman\/1656084<\/a><\/p>\n\n\n\n<p><strong>16h: Show da Luna, Ao Vivo!<br><\/strong>Link para inscri\u00e7\u00e3o: <a href=\"https:\/\/www.sympla.com.br\/evento\/apresentacao-musical-show-da-luna\/1653796\">https:\/\/www.sympla.com.br\/evento\/apresentacao-musical-show-da-luna\/1653796<\/a><\/p>\n\n\n\n<p><strong>18h: Literatura das Ruas com S\u00e9rgio Vaz<br><\/strong>Link para inscri\u00e7\u00e3o: <a href=\"https:\/\/www.sympla.com.br\/evento\/palestra-literatura-das-ruas-com-sergio-vaz\/1653801\">https:\/\/www.sympla.com.br\/evento\/palestra-literatura-das-ruas-com-sergio-vaz\/1653801<\/a><\/p>\n\n\n\n<p><strong>20h: Bate-papo com Marco T\u00falio do canal Authentic Games<br><\/strong>Link para inscri\u00e7\u00e3o: <a href=\"https:\/\/www.sympla.com.br\/evento\/bate-papo-com-marco-tulio-do-canal-authentic-games\/1654383\">https:\/\/www.sympla.com.br\/evento\/bate-papo-com-marco-tulio-do-canal-authentic-games\/1654383<\/a> &nbsp;<\/p>\n\n\n\n<div style=\"height:100px\" aria-hidden=\"true\" class=\"wp-block-spacer\"><\/div>\n\n\n\n<h2><strong>7 de agosto (domingo)<\/strong><strong>&nbsp;<\/strong><\/h2>\n\n\n\n<p><\/p>\n\n\n\n<p><strong>11h &#8211; Kiara Terra<br><\/strong>Link para inscri\u00e7\u00e3o: <a href=\"https:\/\/www.sympla.com.br\/evento\/contacao-de-historias-com-kiara-terra\/1654932\">https:\/\/www.sympla.com.br\/evento\/contacao-de-historias-com-kiara-terra\/1654932<\/a><\/p>\n\n\n\n<p><strong>14h &#8211; Apresenta\u00e7\u00e3o Musical &#8220;Os Cirandeiros&#8221; com a Cia N\u00facleo<br><\/strong>Link para inscri\u00e7\u00e3o: <a href=\"https:\/\/www.sympla.com.br\/evento\/apresentacao-musical-os-cirandeiros-com-a-cia-nucleo\/1656255\">https:\/\/www.sympla.com.br\/evento\/apresentacao-musical-os-cirandeiros-com-a-cia-nucleo\/1656255<\/a><\/p>\n\n\n\n<p><strong>16h: Bate-papo com Chico Felitti<br><\/strong>Link para inscri\u00e7\u00e3o: <a href=\"https:\/\/www.sympla.com.br\/evento\/chico-felitti\/1656391\">https:\/\/www.sympla.com.br\/evento\/chico-felitti\/1656391<\/a><\/p>\n\n\n\n<p><strong>20h: Paix\u00e3o com Oscar Schmidt<br><\/strong>Link para inscri\u00e7\u00e3o: <a href=\"https:\/\/www.sympla.com.br\/palestra-paixao-com-oscar-schimidt__1663516\">https:\/\/www.sympla.com.br\/palestra-paixao-com-oscar-schimidt__1663516<\/a><\/p>\n\n\n\n<div style=\"height:100px\" aria-hidden=\"true\" class=\"wp-block-spacer\"><\/div>\n\n\n\n<h2><strong>8 de agosto, segunda-feira<\/strong><strong><\/strong><\/h2>\n\n\n\n<p><\/p>\n\n\n\n<p><strong>20h: O desafio de escrever para jovens com Thalita Rebou\u00e7as<br><\/strong>Link para inscri\u00e7\u00e3o: <a href=\"https:\/\/www.sympla.com.br\/evento\/palestra-o-desafio-de-escrever-para-jovens-com-thalita-reboucas\/1656448\">https:\/\/www.sympla.com.br\/evento\/palestra-o-desafio-de-escrever-para-jovens-com-thalita-reboucas\/1656448<\/a><\/p>\n\n\n\n<div style=\"height:100px\" aria-hidden=\"true\" class=\"wp-block-spacer\"><\/div>\n\n\n\n<h2><strong>9 de agosto, ter\u00e7a-feira<\/strong><strong><\/strong><\/h2>\n\n\n\n<p><\/p>\n\n\n\n<p><strong>20h: Como estamos conectados \u00e0 Ci\u00eancia? com Iber\u00ea Then\u00f3rio, do Manual do Mundo<br><\/strong>Link para inscri\u00e7\u00e3o: <a href=\"https:\/\/www.sympla.com.br\/ibere-thenorio-manual-do-mundo__1656703\">https:\/\/www.sympla.com.br\/ibere-thenorio-manual-do-mundo__1656703<\/a><\/p>\n\n\n\n<div style=\"height:100px\" aria-hidden=\"true\" class=\"wp-block-spacer\"><\/div>\n\n\n\n<h2><strong>10 de agosto, quarta-feira<\/strong><\/h2>\n\n\n\n<p><\/p>\n\n\n\n<p><strong>20h: Africanismo, com Rodrigo Fran\u00e7a<br><\/strong>Link para inscri\u00e7\u00e3o: <a href=\"https:\/\/www.sympla.com.br\/africanismo-com-rodrigo-franca__1663151\">https:\/\/www.sympla.com.br\/africanismo-com-rodrigo-franca__1663151<\/a><\/p>\n\n\n\n<div style=\"height:100px\" aria-hidden=\"true\" class=\"wp-block-spacer\"><\/div>\n\n\n\n<h2><strong>11 de agosto, quinta-feira<\/strong><strong><\/strong><\/h2>\n\n\n\n<p><\/p>\n\n\n\n<p><strong>20h: Primeira Inf\u00e2ncia com Paulo Fochi<br><\/strong>Link para inscri\u00e7\u00e3o: <a href=\"https:\/\/www.sympla.com.br\/evento\/palestra-primeira-infancia-com-paulo-fochi\/1656523\">https:\/\/www.sympla.com.br\/evento\/palestra-primeira-infancia-com-paulo-fochi\/1656523<\/a><\/p>\n\n\n\n<div style=\"height:100px\" aria-hidden=\"true\" class=\"wp-block-spacer\"><\/div>\n\n\n\n<h2><strong>12 de agosto, sexta-feira<\/strong><strong><\/strong><\/h2>\n\n\n\n<p><\/p>\n\n\n\n<p><strong>20h: Centavos de exist\u00eancia &#8211; Como aproveitar os momentos imperfeitos com Fabr\u00edcio Carpinejar<br><\/strong>Link para inscri\u00e7\u00e3o: <a href=\"https:\/\/www.sympla.com.br\/evento\/palestra-centavos-de-existencia\/1656544\">https:\/\/www.sympla.com.br\/evento\/palestra-centavos-de-existencia\/1656544<\/a><\/p>\n\n\n\n<div style=\"height:100px\" aria-hidden=\"true\" class=\"wp-block-spacer\"><\/div>\n\n\n\n<h2><strong>13 de agosto, s\u00e1bado<\/strong><\/h2>\n\n\n\n<p><\/p>\n\n\n\n<p><strong>11h: Conta\u00e7\u00e3o de hist\u00f3rias com Samuca<br><\/strong>Link para inscri\u00e7\u00e3o: <a href=\"https:\/\/www.sympla.com.br\/contacao-de-historias-com-samuca__1663219\">https:\/\/www.sympla.com.br\/contacao-de-historias-com-samuca__1663219<\/a> <\/p>\n\n\n\n<p><strong>14h: Carlos Ruas (canal Um S\u00e1bado Qualquer)<br><\/strong>Link para inscri\u00e7\u00e3o: <a href=\"https:\/\/www.sympla.com.br\/evento\/carlos-ruas-do-canal-um-sabado-qualquer\/1656498\">https:\/\/www.sympla.com.br\/evento\/carlos-ruas-do-canal-um-sabado-qualquer\/1656498<\/a><\/p>\n\n\n\n<p><strong>16h: Teatro F\u00e1bulas de La Fontaine<br><\/strong>Link para inscri\u00e7\u00e3o: <a href=\"https:\/\/www.sympla.com.br\/evento\/teatro-fabulas-de-la-fontaine-amo-educacao-e-entretenimento\/1656559\">https:\/\/www.sympla.com.br\/evento\/teatro-fabulas-de-la-fontaine-amo-educacao-e-entretenimento\/1656559<\/a><\/p>\n\n\n\n<p><strong>18h: Bate-papo com o dublador Wendel Bezerra<br><\/strong>Link para inscri\u00e7\u00e3o: <a href=\"https:\/\/www.sympla.com.br\/evento\/bate-papo-com-o-dublador-wendel-bezerra\/1656565\">https:\/\/www.sympla.com.br\/evento\/bate-papo-com-o-dublador-wendel-bezerra\/1656565<\/a><\/p>\n\n\n\n<p><strong>20h:&nbsp;Bate-papo com a autora Ilana Casoy<br><\/strong>Link para inscri\u00e7\u00e3o: <a href=\"https:\/\/www.sympla.com.br\/evento\/bate-papo-com-a-escritora-ilana-casoy\/1656571\">https:\/\/www.sympla.com.br\/evento\/bate-papo-com-a-escritora-ilana-casoy\/1656571<\/a><\/p>\n\n\n\n<div style=\"height:100px\" aria-hidden=\"true\" class=\"wp-block-spacer\"><\/div>\n\n\n\n<h2><strong>14 de agosto, domingo<\/strong><\/h2>\n\n\n\n<p><\/p>\n\n\n\n<p><strong>15h: Daniel Munduruku e Awa Kuaray Wer\u00e1 &#8211; Roda de Conversa: Literatura e resist\u00eancia ind\u00edgena<br><\/strong>Link para inscri\u00e7\u00e3o: <a href=\"https:\/\/www.sympla.com.br\/daniel-munduruku-e-awa-kuaray-wera__1663239\">https:\/\/www.sympla.com.br\/daniel-munduruku-e-awa-kuaray-wera__1663239<\/a><\/p>\n\n\n\n<p><strong>16h: Barbatuquices com Barbatuques<br><\/strong>Link para inscri\u00e7\u00e3o: <a href=\"https:\/\/www.sympla.com.br\/evento\/show-musical-barbatuquices-com-barbatuques\/1656723\">https:\/\/www.sympla.com.br\/evento\/show-musical-barbatuquices-com-barbatuques\/1656723<\/a><\/p>\n\n\n\n<p>1<strong>8h: Show musical e bate-papo com Fernanda Takai<\/strong><br>Link para inscri\u00e7\u00e3o: <a href=\"https:\/\/www.sympla.com.br\/evento\/show-musical-e-bate-papo-com-fernanda-takai\/1656727\">https:\/\/www.sympla.com.br\/evento\/show-musical-e-bate-papo-com-fernanda-takai\/1656727<\/a><\/p>\n\n\n\n<div style=\"height:100px\" aria-hidden=\"true\" class=\"wp-block-spacer\"><\/div>\n\n\n\n<p>E tem muito mais, acesse a programa\u00e7\u00e3o completa e acompanhe <a href=\"https:\/\/www.instagram.com\/bienaldolivrogru\/\">@bienaldolivrogru<\/a> no Instagram.<\/p>\n\n\n\n<p>A 2\u00aa Bienal do Livro de Guarulhos acontece entre os dias 5 e 14 de agosto, de segunda a s\u00e1bado, das 10h \u00e0s 22h, aos domingos, das 10h \u00e0s 20h, no Internacional Eventos, na avenida Jo\u00e3o Cavalari, 133, Vila Herm\u00ednia.<\/p>\n","protected":false},"excerpt":{"rendered":"<p>A partir desta sexta-feira (29), \u00e0s 19h, come\u00e7am as inscri\u00e7\u00f5es online e gratuitas&nbsp;para as palestras com autores da 2\u00aa Bienal do Livro de Guarulhos, o maior evento liter\u00e1rio da cidade. &hellip;<\/p>\n<p class=\"read-more\"> <a class=\"\" href=\"https:\/\/portaleducacao.guarulhos.sp.gov.br\/wp_site\/portalbienal\/2022\/07\/29\/2a-bienal-do-livro-de-guarulhos-abre-inscricoes-gratuitas-para-palestras-com-autores-nesta-sexta-feira\/\"> <span class=\"screen-reader-text\">2\u00aa Bienal do Livro de Guarulhos abre inscri\u00e7\u00f5es gratuitas para palestras com autores nesta sexta-feira<\/span> Leia mais &raquo;<\/a><\/p>\n","protected":false},"author":21,"featured_media":2147,"comment_status":"open","ping_status":"open","sticky":false,"template":"","format":"standard","meta":{"_monsterinsights_skip_tracking":false,"_monsterinsights_sitenote_active":false,"_monsterinsights_sitenote_note":"","_monsterinsights_sitenote_category":0,"site-sidebar-layout":"default","site-content-layout":"default","ast-global-header-display":"","ast-main-header-display":"","ast-hfb-above-header-display":"","ast-hfb-below-header-display":"","ast-hfb-mobile-header-display":"","site-post-title":"","ast-breadcrumbs-content":"","ast-featured-img":"","footer-sml-layout":"","theme-transparent-header-meta":"","adv-header-id-meta":"","stick-header-meta":"","header-above-stick-meta":"","header-main-stick-meta":"","header-below-stick-meta":"","_expiration-date-status":"","_expiration-date":0,"_expiration-date-type":"","_expiration-date-categories":[],"_expiration-date-options":[]},"categories":[42,49,1],"tags":[],"yoast_head":"<!-- This site is optimized with the Yoast SEO plugin v19.7.1 - https:\/\/yoast.com\/wordpress\/plugins\/seo\/ -->\r\n<title>2\u00aa Bienal do Livro de Guarulhos abre inscri\u00e7\u00f5es gratuitas para palestras com autores nesta sexta-feira - Bienal do Livro de Guarulhos - 2024<\/title>\r\n<meta name=\"robots\" content=\"index, follow, max-snippet:-1, max-image-preview:large, max-video-preview:-1\" \/>\r\n<link rel=\"canonical\" href=\"https:\/\/portaleducacao.guarulhos.sp.gov.br\/wp_site\/portalbienal\/2022\/07\/29\/2a-bienal-do-livro-de-guarulhos-abre-inscricoes-gratuitas-para-palestras-com-autores-nesta-sexta-feira\/\" \/>\r\n<meta property=\"og:locale\" content=\"pt_BR\" \/>\r\n<meta property=\"og:type\" content=\"article\" \/>\r\n<meta property=\"og:title\" content=\"2\u00aa Bienal do Livro de Guarulhos abre inscri\u00e7\u00f5es gratuitas para palestras com autores nesta sexta-feira - Bienal do Livro de Guarulhos - 2024\" \/>\r\n<meta property=\"og:description\" content=\"A partir desta sexta-feira (29), \u00e0s 19h, come\u00e7am as inscri\u00e7\u00f5es online e gratuitas&nbsp;para as palestras com autores da 2\u00aa Bienal do Livro de Guarulhos, o maior evento liter\u00e1rio da cidade. &hellip; 2\u00aa Bienal do Livro de Guarulhos abre inscri\u00e7\u00f5es gratuitas para palestras com autores nesta sexta-feira Leia mais &raquo;\" \/>\r\n<meta property=\"og:url\" content=\"https:\/\/portaleducacao.guarulhos.sp.gov.br\/wp_site\/portalbienal\/2022\/07\/29\/2a-bienal-do-livro-de-guarulhos-abre-inscricoes-gratuitas-para-palestras-com-autores-nesta-sexta-feira\/\" \/>\r\n<meta property=\"og:site_name\" content=\"Bienal do Livro de Guarulhos - 2024\" \/>\r\n<meta property=\"article:published_time\" content=\"2022-07-29T16:03:37+00:00\" \/>\r\n<meta property=\"article:modified_time\" content=\"2024-10-16T14:22:03+00:00\" \/>\r\n<meta property=\"og:image\" content=\"http:\/\/portaleducacao.guarulhos.sp.gov.br\/wp_site\/portalbienal\/wp-content\/uploads\/sites\/22\/2022\/07\/bienal-publico.jpg\" \/>\r\n\t<meta property=\"og:image:width\" content=\"2464\" \/>\r\n\t<meta property=\"og:image:height\" content=\"1640\" \/>\r\n\t<meta property=\"og:image:type\" content=\"image\/jpeg\" \/>\r\n<meta name=\"author\" content=\"danielleca\" \/>\r\n<meta name=\"twitter:card\" content=\"summary_large_image\" \/>\r\n<meta name=\"twitter:label1\" content=\"Escrito por\" \/>\n\t<meta name=\"twitter:data1\" content=\"danielleca\" \/>\n\t<meta name=\"twitter:label2\" content=\"Est. tempo de leitura\" \/>\n\t<meta name=\"twitter:data2\" content=\"3 minutos\" \/>\r\n<script type=\"application\/ld+json\" class=\"yoast-schema-graph\">{\"@context\":\"https:\/\/schema.org\",\"@graph\":[{\"@type\":\"Article\",\"@id\":\"https:\/\/portaleducacao.guarulhos.sp.gov.br\/wp_site\/portalbienal\/2022\/07\/29\/2a-bienal-do-livro-de-guarulhos-abre-inscricoes-gratuitas-para-palestras-com-autores-nesta-sexta-feira\/#article\",\"isPartOf\":{\"@id\":\"https:\/\/portaleducacao.guarulhos.sp.gov.br\/wp_site\/portalbienal\/2022\/07\/29\/2a-bienal-do-livro-de-guarulhos-abre-inscricoes-gratuitas-para-palestras-com-autores-nesta-sexta-feira\/\"},\"author\":{\"name\":\"danielleca\",\"@id\":\"https:\/\/portaleducacao.guarulhos.sp.gov.br\/wp_site\/portalbienal\/#\/schema\/person\/9a20a4be9a38c9fbe6d5fdfb9e8a9957\"},\"headline\":\"2\u00aa Bienal do Livro de Guarulhos abre inscri\u00e7\u00f5es gratuitas para palestras com autores nesta sexta-feira\",\"datePublished\":\"2022-07-29T16:03:37+00:00\",\"dateModified\":\"2024-10-16T14:22:03+00:00\",\"mainEntityOfPage\":{\"@id\":\"https:\/\/portaleducacao.guarulhos.sp.gov.br\/wp_site\/portalbienal\/2022\/07\/29\/2a-bienal-do-livro-de-guarulhos-abre-inscricoes-gratuitas-para-palestras-com-autores-nesta-sexta-feira\/\"},\"wordCount\":691,\"commentCount\":0,\"publisher\":{\"@id\":\"https:\/\/portaleducacao.guarulhos.sp.gov.br\/wp_site\/portalbienal\/#organization\"},\"articleSection\":[\"Bienal 2023\",\"bienal_22\"],\"inLanguage\":\"pt-BR\",\"potentialAction\":[{\"@type\":\"CommentAction\",\"name\":\"Comment\",\"target\":[\"https:\/\/portaleducacao.guarulhos.sp.gov.br\/wp_site\/portalbienal\/2022\/07\/29\/2a-bienal-do-livro-de-guarulhos-abre-inscricoes-gratuitas-para-palestras-com-autores-nesta-sexta-feira\/#respond\"]}]},{\"@type\":\"WebPage\",\"@id\":\"https:\/\/portaleducacao.guarulhos.sp.gov.br\/wp_site\/portalbienal\/2022\/07\/29\/2a-bienal-do-livro-de-guarulhos-abre-inscricoes-gratuitas-para-palestras-com-autores-nesta-sexta-feira\/\",\"url\":\"https:\/\/portaleducacao.guarulhos.sp.gov.br\/wp_site\/portalbienal\/2022\/07\/29\/2a-bienal-do-livro-de-guarulhos-abre-inscricoes-gratuitas-para-palestras-com-autores-nesta-sexta-feira\/\",\"name\":\"2\u00aa Bienal do Livro de Guarulhos abre inscri\u00e7\u00f5es gratuitas para palestras com autores nesta sexta-feira - Bienal do Livro de Guarulhos - 2024\",\"isPartOf\":{\"@id\":\"https:\/\/portaleducacao.guarulhos.sp.gov.br\/wp_site\/portalbienal\/#website\"},\"datePublished\":\"2022-07-29T16:03:37+00:00\",\"dateModified\":\"2024-10-16T14:22:03+00:00\",\"breadcrumb\":{\"@id\":\"https:\/\/portaleducacao.guarulhos.sp.gov.br\/wp_site\/portalbienal\/2022\/07\/29\/2a-bienal-do-livro-de-guarulhos-abre-inscricoes-gratuitas-para-palestras-com-autores-nesta-sexta-feira\/#breadcrumb\"},\"inLanguage\":\"pt-BR\",\"potentialAction\":[{\"@type\":\"ReadAction\",\"target\":[\"https:\/\/portaleducacao.guarulhos.sp.gov.br\/wp_site\/portalbienal\/2022\/07\/29\/2a-bienal-do-livro-de-guarulhos-abre-inscricoes-gratuitas-para-palestras-com-autores-nesta-sexta-feira\/\"]}]},{\"@type\":\"BreadcrumbList\",\"@id\":\"https:\/\/portaleducacao.guarulhos.sp.gov.br\/wp_site\/portalbienal\/2022\/07\/29\/2a-bienal-do-livro-de-guarulhos-abre-inscricoes-gratuitas-para-palestras-com-autores-nesta-sexta-feira\/#breadcrumb\",\"itemListElement\":[{\"@type\":\"ListItem\",\"position\":1,\"name\":\"In\u00edcio\",\"item\":\"https:\/\/portaleducacao.guarulhos.sp.gov.br\/wp_site\/portalbienal\/\"},{\"@type\":\"ListItem\",\"position\":2,\"name\":\"2\u00aa Bienal do Livro de Guarulhos abre inscri\u00e7\u00f5es gratuitas para palestras com autores nesta sexta-feira\"}]},{\"@type\":\"WebSite\",\"@id\":\"https:\/\/portaleducacao.guarulhos.sp.gov.br\/wp_site\/portalbienal\/#website\",\"url\":\"https:\/\/portaleducacao.guarulhos.sp.gov.br\/wp_site\/portalbienal\/\",\"name\":\"Bienal do Livro de Guarulhos - 2024\",\"description\":\"Secretaria de Educa\u00e7\u00e3o - Prefeitura de Guarulhos\",\"publisher\":{\"@id\":\"https:\/\/portaleducacao.guarulhos.sp.gov.br\/wp_site\/portalbienal\/#organization\"},\"potentialAction\":[{\"@type\":\"SearchAction\",\"target\":{\"@type\":\"EntryPoint\",\"urlTemplate\":\"https:\/\/portaleducacao.guarulhos.sp.gov.br\/wp_site\/portalbienal\/?s={search_term_string}\"},\"query-input\":\"required name=search_term_string\"}],\"inLanguage\":\"pt-BR\"},{\"@type\":\"Organization\",\"@id\":\"https:\/\/portaleducacao.guarulhos.sp.gov.br\/wp_site\/portalbienal\/#organization\",\"name\":\"Bienal do Livro de Guarulhos - 2024\",\"url\":\"https:\/\/portaleducacao.guarulhos.sp.gov.br\/wp_site\/portalbienal\/\",\"sameAs\":[],\"logo\":{\"@type\":\"ImageObject\",\"inLanguage\":\"pt-BR\",\"@id\":\"https:\/\/portaleducacao.guarulhos.sp.gov.br\/wp_site\/portalbienal\/#\/schema\/logo\/image\/\",\"url\":\"https:\/\/portaleducacao.guarulhos.sp.gov.br\/wp_site\/portalbienal\/wp-content\/uploads\/sites\/22\/2022\/07\/logo_site.jpg\",\"contentUrl\":\"https:\/\/portaleducacao.guarulhos.sp.gov.br\/wp_site\/portalbienal\/wp-content\/uploads\/sites\/22\/2022\/07\/logo_site.jpg\",\"width\":350,\"height\":100,\"caption\":\"Bienal do Livro de Guarulhos - 2024\"},\"image\":{\"@id\":\"https:\/\/portaleducacao.guarulhos.sp.gov.br\/wp_site\/portalbienal\/#\/schema\/logo\/image\/\"}},{\"@type\":\"Person\",\"@id\":\"https:\/\/portaleducacao.guarulhos.sp.gov.br\/wp_site\/portalbienal\/#\/schema\/person\/9a20a4be9a38c9fbe6d5fdfb9e8a9957\",\"name\":\"danielleca\",\"image\":{\"@type\":\"ImageObject\",\"inLanguage\":\"pt-BR\",\"@id\":\"https:\/\/portaleducacao.guarulhos.sp.gov.br\/wp_site\/portalbienal\/#\/schema\/person\/image\/\",\"url\":\"https:\/\/secure.gravatar.com\/avatar\/2ec709ad925bff508a3993319ba30fa7?s=96&d=mm&r=g\",\"contentUrl\":\"https:\/\/secure.gravatar.com\/avatar\/2ec709ad925bff508a3993319ba30fa7?s=96&d=mm&r=g\",\"caption\":\"danielleca\"},\"url\":\"https:\/\/portaleducacao.guarulhos.sp.gov.br\/wp_site\/portalbienal\/author\/danielleca\/\"}]}<\/script>\r\n<!-- \/ Yoast SEO plugin. -->","yoast_head_json":{"title":"2\u00aa Bienal do Livro de Guarulhos abre inscri\u00e7\u00f5es gratuitas para palestras com autores nesta sexta-feira - Bienal do Livro de Guarulhos - 2024","robots":{"index":"index","follow":"follow","max-snippet":"max-snippet:-1","max-image-preview":"max-image-preview:large","max-video-preview":"max-video-preview:-1"},"canonical":"https:\/\/portaleducacao.guarulhos.sp.gov.br\/wp_site\/portalbienal\/2022\/07\/29\/2a-bienal-do-livro-de-guarulhos-abre-inscricoes-gratuitas-para-palestras-com-autores-nesta-sexta-feira\/","og_locale":"pt_BR","og_type":"article","og_title":"2\u00aa Bienal do Livro de Guarulhos abre inscri\u00e7\u00f5es gratuitas para palestras com autores nesta sexta-feira - Bienal do Livro de Guarulhos - 2024","og_description":"A partir desta sexta-feira (29), \u00e0s 19h, come\u00e7am as inscri\u00e7\u00f5es online e gratuitas&nbsp;para as palestras com autores da 2\u00aa Bienal do Livro de Guarulhos, o maior evento liter\u00e1rio da cidade. &hellip; 2\u00aa Bienal do Livro de Guarulhos abre inscri\u00e7\u00f5es gratuitas para palestras com autores nesta sexta-feira Leia mais &raquo;","og_url":"https:\/\/portaleducacao.guarulhos.sp.gov.br\/wp_site\/portalbienal\/2022\/07\/29\/2a-bienal-do-livro-de-guarulhos-abre-inscricoes-gratuitas-para-palestras-com-autores-nesta-sexta-feira\/","og_site_name":"Bienal do Livro de Guarulhos - 2024","article_published_time":"2022-07-29T16:03:37+00:00","article_modified_time":"2024-10-16T14:22:03+00:00","og_image":[{"width":2464,"height":1640,"url":"http:\/\/portaleducacao.guarulhos.sp.gov.br\/wp_site\/portalbienal\/wp-content\/uploads\/sites\/22\/2022\/07\/bienal-publico.jpg","type":"image\/jpeg"}],"author":"danielleca","twitter_card":"summary_large_image","twitter_misc":{"Escrito por":"danielleca","Est. tempo de leitura":"3 minutos"},"schema":{"@context":"https:\/\/schema.org","@graph":[{"@type":"Article","@id":"https:\/\/portaleducacao.guarulhos.sp.gov.br\/wp_site\/portalbienal\/2022\/07\/29\/2a-bienal-do-livro-de-guarulhos-abre-inscricoes-gratuitas-para-palestras-com-autores-nesta-sexta-feira\/#article","isPartOf":{"@id":"https:\/\/portaleducacao.guarulhos.sp.gov.br\/wp_site\/portalbienal\/2022\/07\/29\/2a-bienal-do-livro-de-guarulhos-abre-inscricoes-gratuitas-para-palestras-com-autores-nesta-sexta-feira\/"},"author":{"name":"danielleca","@id":"https:\/\/portaleducacao.guarulhos.sp.gov.br\/wp_site\/portalbienal\/#\/schema\/person\/9a20a4be9a38c9fbe6d5fdfb9e8a9957"},"headline":"2\u00aa Bienal do Livro de Guarulhos abre inscri\u00e7\u00f5es gratuitas para palestras com autores nesta sexta-feira","datePublished":"2022-07-29T16:03:37+00:00","dateModified":"2024-10-16T14:22:03+00:00","mainEntityOfPage":{"@id":"https:\/\/portaleducacao.guarulhos.sp.gov.br\/wp_site\/portalbienal\/2022\/07\/29\/2a-bienal-do-livro-de-guarulhos-abre-inscricoes-gratuitas-para-palestras-com-autores-nesta-sexta-feira\/"},"wordCount":691,"commentCount":0,"publisher":{"@id":"https:\/\/portaleducacao.guarulhos.sp.gov.br\/wp_site\/portalbienal\/#organization"},"articleSection":["Bienal 2023","bienal_22"],"inLanguage":"pt-BR","potentialAction":[{"@type":"CommentAction","name":"Comment","target":["https:\/\/portaleducacao.guarulhos.sp.gov.br\/wp_site\/portalbienal\/2022\/07\/29\/2a-bienal-do-livro-de-guarulhos-abre-inscricoes-gratuitas-para-palestras-com-autores-nesta-sexta-feira\/#respond"]}]},{"@type":"WebPage","@id":"https:\/\/portaleducacao.guarulhos.sp.gov.br\/wp_site\/portalbienal\/2022\/07\/29\/2a-bienal-do-livro-de-guarulhos-abre-inscricoes-gratuitas-para-palestras-com-autores-nesta-sexta-feira\/","url":"https:\/\/portaleducacao.guarulhos.sp.gov.br\/wp_site\/portalbienal\/2022\/07\/29\/2a-bienal-do-livro-de-guarulhos-abre-inscricoes-gratuitas-para-palestras-com-autores-nesta-sexta-feira\/","name":"2\u00aa Bienal do Livro de Guarulhos abre inscri\u00e7\u00f5es gratuitas para palestras com autores nesta sexta-feira - Bienal do Livro de Guarulhos - 2024","isPartOf":{"@id":"https:\/\/portaleducacao.guarulhos.sp.gov.br\/wp_site\/portalbienal\/#website"},"datePublished":"2022-07-29T16:03:37+00:00","dateModified":"2024-10-16T14:22:03+00:00","breadcrumb":{"@id":"https:\/\/portaleducacao.guarulhos.sp.gov.br\/wp_site\/portalbienal\/2022\/07\/29\/2a-bienal-do-livro-de-guarulhos-abre-inscricoes-gratuitas-para-palestras-com-autores-nesta-sexta-feira\/#breadcrumb"},"inLanguage":"pt-BR","potentialAction":[{"@type":"ReadAction","target":["https:\/\/portaleducacao.guarulhos.sp.gov.br\/wp_site\/portalbienal\/2022\/07\/29\/2a-bienal-do-livro-de-guarulhos-abre-inscricoes-gratuitas-para-palestras-com-autores-nesta-sexta-feira\/"]}]},{"@type":"BreadcrumbList","@id":"https:\/\/portaleducacao.guarulhos.sp.gov.br\/wp_site\/portalbienal\/2022\/07\/29\/2a-bienal-do-livro-de-guarulhos-abre-inscricoes-gratuitas-para-palestras-com-autores-nesta-sexta-feira\/#breadcrumb","itemListElement":[{"@type":"ListItem","position":1,"name":"In\u00edcio","item":"https:\/\/portaleducacao.guarulhos.sp.gov.br\/wp_site\/portalbienal\/"},{"@type":"ListItem","position":2,"name":"2\u00aa Bienal do Livro de Guarulhos abre inscri\u00e7\u00f5es gratuitas para palestras com autores nesta sexta-feira"}]},{"@type":"WebSite","@id":"https:\/\/portaleducacao.guarulhos.sp.gov.br\/wp_site\/portalbienal\/#website","url":"https:\/\/portaleducacao.guarulhos.sp.gov.br\/wp_site\/portalbienal\/","name":"Bienal do Livro de Guarulhos - 2024","description":"Secretaria de Educa\u00e7\u00e3o - Prefeitura de Guarulhos","publisher":{"@id":"https:\/\/portaleducacao.guarulhos.sp.gov.br\/wp_site\/portalbienal\/#organization"},"potentialAction":[{"@type":"SearchAction","target":{"@type":"EntryPoint","urlTemplate":"https:\/\/portaleducacao.guarulhos.sp.gov.br\/wp_site\/portalbienal\/?s={search_term_string}"},"query-input":"required name=search_term_string"}],"inLanguage":"pt-BR"},{"@type":"Organization","@id":"https:\/\/portaleducacao.guarulhos.sp.gov.br\/wp_site\/portalbienal\/#organization","name":"Bienal do Livro de Guarulhos - 2024","url":"https:\/\/portaleducacao.guarulhos.sp.gov.br\/wp_site\/portalbienal\/","sameAs":[],"logo":{"@type":"ImageObject","inLanguage":"pt-BR","@id":"https:\/\/portaleducacao.guarulhos.sp.gov.br\/wp_site\/portalbienal\/#\/schema\/logo\/image\/","url":"https:\/\/portaleducacao.guarulhos.sp.gov.br\/wp_site\/portalbienal\/wp-content\/uploads\/sites\/22\/2022\/07\/logo_site.jpg","contentUrl":"https:\/\/portaleducacao.guarulhos.sp.gov.br\/wp_site\/portalbienal\/wp-content\/uploads\/sites\/22\/2022\/07\/logo_site.jpg","width":350,"height":100,"caption":"Bienal do Livro de Guarulhos - 2024"},"image":{"@id":"https:\/\/portaleducacao.guarulhos.sp.gov.br\/wp_site\/portalbienal\/#\/schema\/logo\/image\/"}},{"@type":"Person","@id":"https:\/\/portaleducacao.guarulhos.sp.gov.br\/wp_site\/portalbienal\/#\/schema\/person\/9a20a4be9a38c9fbe6d5fdfb9e8a9957","name":"danielleca","image":{"@type":"ImageObject","inLanguage":"pt-BR","@id":"https:\/\/portaleducacao.guarulhos.sp.gov.br\/wp_site\/portalbienal\/#\/schema\/person\/image\/","url":"https:\/\/secure.gravatar.com\/avatar\/2ec709ad925bff508a3993319ba30fa7?s=96&d=mm&r=g","contentUrl":"https:\/\/secure.gravatar.com\/avatar\/2ec709ad925bff508a3993319ba30fa7?s=96&d=mm&r=g","caption":"danielleca"},"url":"https:\/\/portaleducacao.guarulhos.sp.gov.br\/wp_site\/portalbienal\/author\/danielleca\/"}]}},"_links":{"self":[{"href":"https:\/\/portaleducacao.guarulhos.sp.gov.br\/wp_site\/portalbienal\/wp-json\/wp\/v2\/posts\/2146"}],"collection":[{"href":"https:\/\/portaleducacao.guarulhos.sp.gov.br\/wp_site\/portalbienal\/wp-json\/wp\/v2\/posts"}],"about":[{"href":"https:\/\/portaleducacao.guarulhos.sp.gov.br\/wp_site\/portalbienal\/wp-json\/wp\/v2\/types\/post"}],"author":[{"embeddable":true,"href":"https:\/\/portaleducacao.guarulhos.sp.gov.br\/wp_site\/portalbienal\/wp-json\/wp\/v2\/users\/21"}],"replies":[{"embeddable":true,"href":"https:\/\/portaleducacao.guarulhos.sp.gov.br\/wp_site\/portalbienal\/wp-json\/wp\/v2\/comments?post=2146"}],"version-history":[{"count":18,"href":"https:\/\/portaleducacao.guarulhos.sp.gov.br\/wp_site\/portalbienal\/wp-json\/wp\/v2\/posts\/2146\/revisions"}],"predecessor-version":[{"id":2698,"href":"https:\/\/portaleducacao.guarulhos.sp.gov.br\/wp_site\/portalbienal\/wp-json\/wp\/v2\/posts\/2146\/revisions\/2698"}],"wp:featuredmedia":[{"embeddable":true,"href":"https:\/\/portaleducacao.guarulhos.sp.gov.br\/wp_site\/portalbienal\/wp-json\/wp\/v2\/media\/2147"}],"wp:attachment":[{"href":"https:\/\/portaleducacao.guarulhos.sp.gov.br\/wp_site\/portalbienal\/wp-json\/wp\/v2\/media?parent=2146"}],"wp:term":[{"taxonomy":"category","embeddable":true,"href":"https:\/\/portaleducacao.guarulhos.sp.gov.br\/wp_site\/portalbienal\/wp-json\/wp\/v2\/categories?post=2146"},{"taxonomy":"post_tag","embeddable":true,"href":"https:\/\/portaleducacao.guarulhos.sp.gov.br\/wp_site\/portalbienal\/wp-json\/wp\/v2\/tags?post=2146"}],"curies":[{"name":"wp","href":"https:\/\/api.w.org\/{rel}","templated":true}]}}