{"id":2419,"date":"2022-08-01T16:39:55","date_gmt":"2022-08-01T19:39:55","guid":{"rendered":"https:\/\/portaleducacao.guarulhos.sp.gov.br\/wp_site\/portalbienal\/?p=2419"},"modified":"2024-10-16T11:16:34","modified_gmt":"2024-10-16T14:16:34","slug":"palestras-da-bienal-do-livro-de-guarulhos-tem-ingressos-online-disponiveis","status":"publish","type":"post","link":"https:\/\/portaleducacao.guarulhos.sp.gov.br\/wp_site\/portalbienal\/2022\/08\/01\/palestras-da-bienal-do-livro-de-guarulhos-tem-ingressos-online-disponiveis\/","title":{"rendered":"Palestras da Bienal do Livro de Guarulhos t\u00eam ingressos online dispon\u00edveis"},"content":{"rendered":"\n<p>J\u00e1 come\u00e7ou a contagem regressiva para a 2\u00aa Bienal do Livro de Guarulhos, o maior evento liter\u00e1rio da cidade e que acontece entre os dias 5 e&nbsp;14 de agosto&nbsp;no Internacional Eventos. A cantora e escritora Fernanda Takai (imagem), o quadrinista Carlos Ruas, o contador de hist\u00f3rias Samuca e o artista Rodrigo Fran\u00e7a s\u00e3o atra\u00e7\u00f5es confirmadas e os ingressos est\u00e3o dispon\u00edveis no site bienaldolivro.guarulhos.sp.gov.br.<\/p>\n\n\n\n<p>No dia&nbsp;10 de agosto,&nbsp;quarta, \u00e0s 20h, o articulador cultural, ator, diretor, dramaturgo, cineasta, escritor e artista pl\u00e1stico Rodrigo Fran\u00e7a apresenta o bate-papo Africanismo no Audit\u00f3rio Azul.<\/p>\n\n\n\n<p>J\u00e1 no&nbsp;s\u00e1bado&nbsp;(13), \u00e0s 11h, a programa\u00e7\u00e3o infantil no mesmo audit\u00f3rio destaca o contador de hist\u00f3rias Samuca, que utiliza materiais recicl\u00e1veis, brincadeiras de roda e jogos cooperativos.<\/p>\n\n\n\n<p>Em seguida, \u00e0s 15h, Carlos Ruas, criador do Um&nbsp;S\u00e1bado&nbsp;Qualquer, do Mundo Avesso e do C\u00e3es e Gatos, tr\u00eas universos distintos e criativos que comp\u00f5em a sua obra, apresenta o bate-papo Vivendo de Quadrinhos no estande da Selecta Livros.<\/p>\n\n\n\n<p>No&nbsp;domingo&nbsp;(14), \u00e0s 18h, encerramento da 2\u00aa Bienal do Livro de Guarulhos, acontece show musical e bate-papo com Fernanda Takai, cantora, compositora, escritora e vocalista da banda mineira Pato Fu, no Audit\u00f3rio Azul.<\/p>\n\n\n\n<p>Se o ingresso para a atra\u00e7\u00e3o escolhida j\u00e1 estiver esgotado, a organiza\u00e7\u00e3o da bienal disponibilizar\u00e1 senhas para lista de espera no dia do evento, uma hora antes da apresenta\u00e7\u00e3o.<\/p>\n\n\n\n<p>E tem muito mais. Para informa\u00e7\u00f5es complementares sobre o evento acesse\u00a0<a rel=\"noreferrer noopener\" href=\"http:\/\/bienaldolivro.guarulhos.sp.gov.br\/\" target=\"_blank\">http:\/\/bienaldolivro.guarulhos.sp.gov.br<\/a>\u00a0e acompanhe o perfil <a href=\"https:\/\/www.instagram.com\/bienaldolivrogru\/\">@bienaldolivrogru<\/a> no Instagram.<\/p>\n\n\n\n<p>A 2\u00aa Bienal do Livro de Guarulhos acontece entre os dias 5 e&nbsp;14 de agosto, de&nbsp;segunda&nbsp;a&nbsp;s\u00e1bado, das 10h \u00e0s 22h, aos domingos, das 10h \u00e0s 20h, no Internacional Eventos, na avenida Jo\u00e3o Cavalari, 133, Vila Herm\u00ednia.<\/p>\n","protected":false},"excerpt":{"rendered":"<p>J\u00e1 come\u00e7ou a contagem regressiva para a 2\u00aa Bienal do Livro de Guarulhos, o maior evento liter\u00e1rio da cidade e que acontece entre os dias 5 e&nbsp;14 de agosto&nbsp;no Internacional &hellip;<\/p>\n<p class=\"read-more\"> <a class=\"\" href=\"https:\/\/portaleducacao.guarulhos.sp.gov.br\/wp_site\/portalbienal\/2022\/08\/01\/palestras-da-bienal-do-livro-de-guarulhos-tem-ingressos-online-disponiveis\/\"> <span class=\"screen-reader-text\">Palestras da Bienal do Livro de Guarulhos t\u00eam ingressos online dispon\u00edveis<\/span> Leia mais &raquo;<\/a><\/p>\n","protected":false},"author":21,"featured_media":2420,"comment_status":"open","ping_status":"open","sticky":false,"template":"","format":"standard","meta":{"_monsterinsights_skip_tracking":false,"_monsterinsights_sitenote_active":false,"_monsterinsights_sitenote_note":"","_monsterinsights_sitenote_category":0,"site-sidebar-layout":"default","site-content-layout":"default","ast-global-header-display":"","ast-main-header-display":"","ast-hfb-above-header-display":"","ast-hfb-below-header-display":"","ast-hfb-mobile-header-display":"","site-post-title":"","ast-breadcrumbs-content":"","ast-featured-img":"","footer-sml-layout":"","theme-transparent-header-meta":"","adv-header-id-meta":"","stick-header-meta":"","header-above-stick-meta":"","header-main-stick-meta":"","header-below-stick-meta":"","_expiration-date-status":"","_expiration-date":0,"_expiration-date-type":"","_expiration-date-categories":[],"_expiration-date-options":[]},"categories":[42,46,49,1],"tags":[],"yoast_head":"<!-- This site is optimized with the Yoast SEO plugin v19.7.1 - https:\/\/yoast.com\/wordpress\/plugins\/seo\/ -->\r\n<title>Palestras da Bienal do Livro de Guarulhos t\u00eam ingressos online dispon\u00edveis - Bienal do Livro de Guarulhos - 2024<\/title>\r\n<meta name=\"robots\" content=\"index, follow, max-snippet:-1, max-image-preview:large, max-video-preview:-1\" \/>\r\n<link rel=\"canonical\" href=\"https:\/\/portaleducacao.guarulhos.sp.gov.br\/wp_site\/portalbienal\/2022\/08\/01\/palestras-da-bienal-do-livro-de-guarulhos-tem-ingressos-online-disponiveis\/\" \/>\r\n<meta property=\"og:locale\" content=\"pt_BR\" \/>\r\n<meta property=\"og:type\" content=\"article\" \/>\r\n<meta property=\"og:title\" content=\"Palestras da Bienal do Livro de Guarulhos t\u00eam ingressos online dispon\u00edveis - Bienal do Livro de Guarulhos - 2024\" \/>\r\n<meta property=\"og:description\" content=\"J\u00e1 come\u00e7ou a contagem regressiva para a 2\u00aa Bienal do Livro de Guarulhos, o maior evento liter\u00e1rio da cidade e que acontece entre os dias 5 e&nbsp;14 de agosto&nbsp;no Internacional &hellip; Palestras da Bienal do Livro de Guarulhos t\u00eam ingressos online dispon\u00edveis Leia mais &raquo;\" \/>\r\n<meta property=\"og:url\" content=\"https:\/\/portaleducacao.guarulhos.sp.gov.br\/wp_site\/portalbienal\/2022\/08\/01\/palestras-da-bienal-do-livro-de-guarulhos-tem-ingressos-online-disponiveis\/\" \/>\r\n<meta property=\"og:site_name\" content=\"Bienal do Livro de Guarulhos - 2024\" \/>\r\n<meta property=\"article:published_time\" content=\"2022-08-01T19:39:55+00:00\" \/>\r\n<meta property=\"article:modified_time\" content=\"2024-10-16T14:16:34+00:00\" \/>\r\n<meta property=\"og:image\" content=\"http:\/\/portaleducacao.guarulhos.sp.gov.br\/wp_site\/portalbienal\/wp-content\/uploads\/sites\/22\/2022\/08\/Fernanda-Takai-por-Weber-Padua-1-scaled.jpg\" \/>\r\n\t<meta property=\"og:image:width\" content=\"2560\" \/>\r\n\t<meta property=\"og:image:height\" content=\"1920\" \/>\r\n\t<meta property=\"og:image:type\" content=\"image\/jpeg\" \/>\r\n<meta name=\"author\" content=\"danielleca\" \/>\r\n<meta name=\"twitter:card\" content=\"summary_large_image\" \/>\r\n<meta name=\"twitter:label1\" content=\"Escrito por\" \/>\n\t<meta name=\"twitter:data1\" content=\"danielleca\" \/>\n\t<meta name=\"twitter:label2\" content=\"Est. tempo de leitura\" \/>\n\t<meta name=\"twitter:data2\" content=\"2 minutos\" \/>\r\n<script type=\"application\/ld+json\" class=\"yoast-schema-graph\">{\"@context\":\"https:\/\/schema.org\",\"@graph\":[{\"@type\":\"Article\",\"@id\":\"https:\/\/portaleducacao.guarulhos.sp.gov.br\/wp_site\/portalbienal\/2022\/08\/01\/palestras-da-bienal-do-livro-de-guarulhos-tem-ingressos-online-disponiveis\/#article\",\"isPartOf\":{\"@id\":\"https:\/\/portaleducacao.guarulhos.sp.gov.br\/wp_site\/portalbienal\/2022\/08\/01\/palestras-da-bienal-do-livro-de-guarulhos-tem-ingressos-online-disponiveis\/\"},\"author\":{\"name\":\"danielleca\",\"@id\":\"https:\/\/portaleducacao.guarulhos.sp.gov.br\/wp_site\/portalbienal\/#\/schema\/person\/9a20a4be9a38c9fbe6d5fdfb9e8a9957\"},\"headline\":\"Palestras da Bienal do Livro de Guarulhos t\u00eam ingressos online dispon\u00edveis\",\"datePublished\":\"2022-08-01T19:39:55+00:00\",\"dateModified\":\"2024-10-16T14:16:34+00:00\",\"mainEntityOfPage\":{\"@id\":\"https:\/\/portaleducacao.guarulhos.sp.gov.br\/wp_site\/portalbienal\/2022\/08\/01\/palestras-da-bienal-do-livro-de-guarulhos-tem-ingressos-online-disponiveis\/\"},\"wordCount\":346,\"commentCount\":0,\"publisher\":{\"@id\":\"https:\/\/portaleducacao.guarulhos.sp.gov.br\/wp_site\/portalbienal\/#organization\"},\"articleSection\":[\"Bienal 2023\",\"bienalNoticias\",\"bienal_22\"],\"inLanguage\":\"pt-BR\",\"potentialAction\":[{\"@type\":\"CommentAction\",\"name\":\"Comment\",\"target\":[\"https:\/\/portaleducacao.guarulhos.sp.gov.br\/wp_site\/portalbienal\/2022\/08\/01\/palestras-da-bienal-do-livro-de-guarulhos-tem-ingressos-online-disponiveis\/#respond\"]}]},{\"@type\":\"WebPage\",\"@id\":\"https:\/\/portaleducacao.guarulhos.sp.gov.br\/wp_site\/portalbienal\/2022\/08\/01\/palestras-da-bienal-do-livro-de-guarulhos-tem-ingressos-online-disponiveis\/\",\"url\":\"https:\/\/portaleducacao.guarulhos.sp.gov.br\/wp_site\/portalbienal\/2022\/08\/01\/palestras-da-bienal-do-livro-de-guarulhos-tem-ingressos-online-disponiveis\/\",\"name\":\"Palestras da Bienal do Livro de Guarulhos t\u00eam ingressos online dispon\u00edveis - Bienal do Livro de Guarulhos - 2024\",\"isPartOf\":{\"@id\":\"https:\/\/portaleducacao.guarulhos.sp.gov.br\/wp_site\/portalbienal\/#website\"},\"datePublished\":\"2022-08-01T19:39:55+00:00\",\"dateModified\":\"2024-10-16T14:16:34+00:00\",\"breadcrumb\":{\"@id\":\"https:\/\/portaleducacao.guarulhos.sp.gov.br\/wp_site\/portalbienal\/2022\/08\/01\/palestras-da-bienal-do-livro-de-guarulhos-tem-ingressos-online-disponiveis\/#breadcrumb\"},\"inLanguage\":\"pt-BR\",\"potentialAction\":[{\"@type\":\"ReadAction\",\"target\":[\"https:\/\/portaleducacao.guarulhos.sp.gov.br\/wp_site\/portalbienal\/2022\/08\/01\/palestras-da-bienal-do-livro-de-guarulhos-tem-ingressos-online-disponiveis\/\"]}]},{\"@type\":\"BreadcrumbList\",\"@id\":\"https:\/\/portaleducacao.guarulhos.sp.gov.br\/wp_site\/portalbienal\/2022\/08\/01\/palestras-da-bienal-do-livro-de-guarulhos-tem-ingressos-online-disponiveis\/#breadcrumb\",\"itemListElement\":[{\"@type\":\"ListItem\",\"position\":1,\"name\":\"In\u00edcio\",\"item\":\"https:\/\/portaleducacao.guarulhos.sp.gov.br\/wp_site\/portalbienal\/\"},{\"@type\":\"ListItem\",\"position\":2,\"name\":\"Palestras da Bienal do Livro de Guarulhos t\u00eam ingressos online dispon\u00edveis\"}]},{\"@type\":\"WebSite\",\"@id\":\"https:\/\/portaleducacao.guarulhos.sp.gov.br\/wp_site\/portalbienal\/#website\",\"url\":\"https:\/\/portaleducacao.guarulhos.sp.gov.br\/wp_site\/portalbienal\/\",\"name\":\"Bienal do Livro de Guarulhos - 2024\",\"description\":\"Secretaria de Educa\u00e7\u00e3o - Prefeitura de Guarulhos\",\"publisher\":{\"@id\":\"https:\/\/portaleducacao.guarulhos.sp.gov.br\/wp_site\/portalbienal\/#organization\"},\"potentialAction\":[{\"@type\":\"SearchAction\",\"target\":{\"@type\":\"EntryPoint\",\"urlTemplate\":\"https:\/\/portaleducacao.guarulhos.sp.gov.br\/wp_site\/portalbienal\/?s={search_term_string}\"},\"query-input\":\"required name=search_term_string\"}],\"inLanguage\":\"pt-BR\"},{\"@type\":\"Organization\",\"@id\":\"https:\/\/portaleducacao.guarulhos.sp.gov.br\/wp_site\/portalbienal\/#organization\",\"name\":\"Bienal do Livro de Guarulhos - 2024\",\"url\":\"https:\/\/portaleducacao.guarulhos.sp.gov.br\/wp_site\/portalbienal\/\",\"sameAs\":[],\"logo\":{\"@type\":\"ImageObject\",\"inLanguage\":\"pt-BR\",\"@id\":\"https:\/\/portaleducacao.guarulhos.sp.gov.br\/wp_site\/portalbienal\/#\/schema\/logo\/image\/\",\"url\":\"https:\/\/portaleducacao.guarulhos.sp.gov.br\/wp_site\/portalbienal\/wp-content\/uploads\/sites\/22\/2022\/07\/logo_site.jpg\",\"contentUrl\":\"https:\/\/portaleducacao.guarulhos.sp.gov.br\/wp_site\/portalbienal\/wp-content\/uploads\/sites\/22\/2022\/07\/logo_site.jpg\",\"width\":350,\"height\":100,\"caption\":\"Bienal do Livro de Guarulhos - 2024\"},\"image\":{\"@id\":\"https:\/\/portaleducacao.guarulhos.sp.gov.br\/wp_site\/portalbienal\/#\/schema\/logo\/image\/\"}},{\"@type\":\"Person\",\"@id\":\"https:\/\/portaleducacao.guarulhos.sp.gov.br\/wp_site\/portalbienal\/#\/schema\/person\/9a20a4be9a38c9fbe6d5fdfb9e8a9957\",\"name\":\"danielleca\",\"image\":{\"@type\":\"ImageObject\",\"inLanguage\":\"pt-BR\",\"@id\":\"https:\/\/portaleducacao.guarulhos.sp.gov.br\/wp_site\/portalbienal\/#\/schema\/person\/image\/\",\"url\":\"https:\/\/secure.gravatar.com\/avatar\/2ec709ad925bff508a3993319ba30fa7?s=96&d=mm&r=g\",\"contentUrl\":\"https:\/\/secure.gravatar.com\/avatar\/2ec709ad925bff508a3993319ba30fa7?s=96&d=mm&r=g\",\"caption\":\"danielleca\"},\"url\":\"https:\/\/portaleducacao.guarulhos.sp.gov.br\/wp_site\/portalbienal\/author\/danielleca\/\"}]}<\/script>\r\n<!-- \/ Yoast SEO plugin. -->","yoast_head_json":{"title":"Palestras da Bienal do Livro de Guarulhos t\u00eam ingressos online dispon\u00edveis - Bienal do Livro de Guarulhos - 2024","robots":{"index":"index","follow":"follow","max-snippet":"max-snippet:-1","max-image-preview":"max-image-preview:large","max-video-preview":"max-video-preview:-1"},"canonical":"https:\/\/portaleducacao.guarulhos.sp.gov.br\/wp_site\/portalbienal\/2022\/08\/01\/palestras-da-bienal-do-livro-de-guarulhos-tem-ingressos-online-disponiveis\/","og_locale":"pt_BR","og_type":"article","og_title":"Palestras da Bienal do Livro de Guarulhos t\u00eam ingressos online dispon\u00edveis - Bienal do Livro de Guarulhos - 2024","og_description":"J\u00e1 come\u00e7ou a contagem regressiva para a 2\u00aa Bienal do Livro de Guarulhos, o maior evento liter\u00e1rio da cidade e que acontece entre os dias 5 e&nbsp;14 de agosto&nbsp;no Internacional &hellip; Palestras da Bienal do Livro de Guarulhos t\u00eam ingressos online dispon\u00edveis Leia mais &raquo;","og_url":"https:\/\/portaleducacao.guarulhos.sp.gov.br\/wp_site\/portalbienal\/2022\/08\/01\/palestras-da-bienal-do-livro-de-guarulhos-tem-ingressos-online-disponiveis\/","og_site_name":"Bienal do Livro de Guarulhos - 2024","article_published_time":"2022-08-01T19:39:55+00:00","article_modified_time":"2024-10-16T14:16:34+00:00","og_image":[{"width":2560,"height":1920,"url":"http:\/\/portaleducacao.guarulhos.sp.gov.br\/wp_site\/portalbienal\/wp-content\/uploads\/sites\/22\/2022\/08\/Fernanda-Takai-por-Weber-Padua-1-scaled.jpg","type":"image\/jpeg"}],"author":"danielleca","twitter_card":"summary_large_image","twitter_misc":{"Escrito por":"danielleca","Est. tempo de leitura":"2 minutos"},"schema":{"@context":"https:\/\/schema.org","@graph":[{"@type":"Article","@id":"https:\/\/portaleducacao.guarulhos.sp.gov.br\/wp_site\/portalbienal\/2022\/08\/01\/palestras-da-bienal-do-livro-de-guarulhos-tem-ingressos-online-disponiveis\/#article","isPartOf":{"@id":"https:\/\/portaleducacao.guarulhos.sp.gov.br\/wp_site\/portalbienal\/2022\/08\/01\/palestras-da-bienal-do-livro-de-guarulhos-tem-ingressos-online-disponiveis\/"},"author":{"name":"danielleca","@id":"https:\/\/portaleducacao.guarulhos.sp.gov.br\/wp_site\/portalbienal\/#\/schema\/person\/9a20a4be9a38c9fbe6d5fdfb9e8a9957"},"headline":"Palestras da Bienal do Livro de Guarulhos t\u00eam ingressos online dispon\u00edveis","datePublished":"2022-08-01T19:39:55+00:00","dateModified":"2024-10-16T14:16:34+00:00","mainEntityOfPage":{"@id":"https:\/\/portaleducacao.guarulhos.sp.gov.br\/wp_site\/portalbienal\/2022\/08\/01\/palestras-da-bienal-do-livro-de-guarulhos-tem-ingressos-online-disponiveis\/"},"wordCount":346,"commentCount":0,"publisher":{"@id":"https:\/\/portaleducacao.guarulhos.sp.gov.br\/wp_site\/portalbienal\/#organization"},"articleSection":["Bienal 2023","bienalNoticias","bienal_22"],"inLanguage":"pt-BR","potentialAction":[{"@type":"CommentAction","name":"Comment","target":["https:\/\/portaleducacao.guarulhos.sp.gov.br\/wp_site\/portalbienal\/2022\/08\/01\/palestras-da-bienal-do-livro-de-guarulhos-tem-ingressos-online-disponiveis\/#respond"]}]},{"@type":"WebPage","@id":"https:\/\/portaleducacao.guarulhos.sp.gov.br\/wp_site\/portalbienal\/2022\/08\/01\/palestras-da-bienal-do-livro-de-guarulhos-tem-ingressos-online-disponiveis\/","url":"https:\/\/portaleducacao.guarulhos.sp.gov.br\/wp_site\/portalbienal\/2022\/08\/01\/palestras-da-bienal-do-livro-de-guarulhos-tem-ingressos-online-disponiveis\/","name":"Palestras da Bienal do Livro de Guarulhos t\u00eam ingressos online dispon\u00edveis - Bienal do Livro de Guarulhos - 2024","isPartOf":{"@id":"https:\/\/portaleducacao.guarulhos.sp.gov.br\/wp_site\/portalbienal\/#website"},"datePublished":"2022-08-01T19:39:55+00:00","dateModified":"2024-10-16T14:16:34+00:00","breadcrumb":{"@id":"https:\/\/portaleducacao.guarulhos.sp.gov.br\/wp_site\/portalbienal\/2022\/08\/01\/palestras-da-bienal-do-livro-de-guarulhos-tem-ingressos-online-disponiveis\/#breadcrumb"},"inLanguage":"pt-BR","potentialAction":[{"@type":"ReadAction","target":["https:\/\/portaleducacao.guarulhos.sp.gov.br\/wp_site\/portalbienal\/2022\/08\/01\/palestras-da-bienal-do-livro-de-guarulhos-tem-ingressos-online-disponiveis\/"]}]},{"@type":"BreadcrumbList","@id":"https:\/\/portaleducacao.guarulhos.sp.gov.br\/wp_site\/portalbienal\/2022\/08\/01\/palestras-da-bienal-do-livro-de-guarulhos-tem-ingressos-online-disponiveis\/#breadcrumb","itemListElement":[{"@type":"ListItem","position":1,"name":"In\u00edcio","item":"https:\/\/portaleducacao.guarulhos.sp.gov.br\/wp_site\/portalbienal\/"},{"@type":"ListItem","position":2,"name":"Palestras da Bienal do Livro de Guarulhos t\u00eam ingressos online dispon\u00edveis"}]},{"@type":"WebSite","@id":"https:\/\/portaleducacao.guarulhos.sp.gov.br\/wp_site\/portalbienal\/#website","url":"https:\/\/portaleducacao.guarulhos.sp.gov.br\/wp_site\/portalbienal\/","name":"Bienal do Livro de Guarulhos - 2024","description":"Secretaria de Educa\u00e7\u00e3o - Prefeitura de Guarulhos","publisher":{"@id":"https:\/\/portaleducacao.guarulhos.sp.gov.br\/wp_site\/portalbienal\/#organization"},"potentialAction":[{"@type":"SearchAction","target":{"@type":"EntryPoint","urlTemplate":"https:\/\/portaleducacao.guarulhos.sp.gov.br\/wp_site\/portalbienal\/?s={search_term_string}"},"query-input":"required name=search_term_string"}],"inLanguage":"pt-BR"},{"@type":"Organization","@id":"https:\/\/portaleducacao.guarulhos.sp.gov.br\/wp_site\/portalbienal\/#organization","name":"Bienal do Livro de Guarulhos - 2024","url":"https:\/\/portaleducacao.guarulhos.sp.gov.br\/wp_site\/portalbienal\/","sameAs":[],"logo":{"@type":"ImageObject","inLanguage":"pt-BR","@id":"https:\/\/portaleducacao.guarulhos.sp.gov.br\/wp_site\/portalbienal\/#\/schema\/logo\/image\/","url":"https:\/\/portaleducacao.guarulhos.sp.gov.br\/wp_site\/portalbienal\/wp-content\/uploads\/sites\/22\/2022\/07\/logo_site.jpg","contentUrl":"https:\/\/portaleducacao.guarulhos.sp.gov.br\/wp_site\/portalbienal\/wp-content\/uploads\/sites\/22\/2022\/07\/logo_site.jpg","width":350,"height":100,"caption":"Bienal do Livro de Guarulhos - 2024"},"image":{"@id":"https:\/\/portaleducacao.guarulhos.sp.gov.br\/wp_site\/portalbienal\/#\/schema\/logo\/image\/"}},{"@type":"Person","@id":"https:\/\/portaleducacao.guarulhos.sp.gov.br\/wp_site\/portalbienal\/#\/schema\/person\/9a20a4be9a38c9fbe6d5fdfb9e8a9957","name":"danielleca","image":{"@type":"ImageObject","inLanguage":"pt-BR","@id":"https:\/\/portaleducacao.guarulhos.sp.gov.br\/wp_site\/portalbienal\/#\/schema\/person\/image\/","url":"https:\/\/secure.gravatar.com\/avatar\/2ec709ad925bff508a3993319ba30fa7?s=96&d=mm&r=g","contentUrl":"https:\/\/secure.gravatar.com\/avatar\/2ec709ad925bff508a3993319ba30fa7?s=96&d=mm&r=g","caption":"danielleca"},"url":"https:\/\/portaleducacao.guarulhos.sp.gov.br\/wp_site\/portalbienal\/author\/danielleca\/"}]}},"_links":{"self":[{"href":"https:\/\/portaleducacao.guarulhos.sp.gov.br\/wp_site\/portalbienal\/wp-json\/wp\/v2\/posts\/2419"}],"collection":[{"href":"https:\/\/portaleducacao.guarulhos.sp.gov.br\/wp_site\/portalbienal\/wp-json\/wp\/v2\/posts"}],"about":[{"href":"https:\/\/portaleducacao.guarulhos.sp.gov.br\/wp_site\/portalbienal\/wp-json\/wp\/v2\/types\/post"}],"author":[{"embeddable":true,"href":"https:\/\/portaleducacao.guarulhos.sp.gov.br\/wp_site\/portalbienal\/wp-json\/wp\/v2\/users\/21"}],"replies":[{"embeddable":true,"href":"https:\/\/portaleducacao.guarulhos.sp.gov.br\/wp_site\/portalbienal\/wp-json\/wp\/v2\/comments?post=2419"}],"version-history":[{"count":1,"href":"https:\/\/portaleducacao.guarulhos.sp.gov.br\/wp_site\/portalbienal\/wp-json\/wp\/v2\/posts\/2419\/revisions"}],"predecessor-version":[{"id":2421,"href":"https:\/\/portaleducacao.guarulhos.sp.gov.br\/wp_site\/portalbienal\/wp-json\/wp\/v2\/posts\/2419\/revisions\/2421"}],"wp:featuredmedia":[{"embeddable":true,"href":"https:\/\/portaleducacao.guarulhos.sp.gov.br\/wp_site\/portalbienal\/wp-json\/wp\/v2\/media\/2420"}],"wp:attachment":[{"href":"https:\/\/portaleducacao.guarulhos.sp.gov.br\/wp_site\/portalbienal\/wp-json\/wp\/v2\/media?parent=2419"}],"wp:term":[{"taxonomy":"category","embeddable":true,"href":"https:\/\/portaleducacao.guarulhos.sp.gov.br\/wp_site\/portalbienal\/wp-json\/wp\/v2\/categories?post=2419"},{"taxonomy":"post_tag","embeddable":true,"href":"https:\/\/portaleducacao.guarulhos.sp.gov.br\/wp_site\/portalbienal\/wp-json\/wp\/v2\/tags?post=2419"}],"curies":[{"name":"wp","href":"https:\/\/api.w.org\/{rel}","templated":true}]}}