{"id":2422,"date":"2022-08-01T16:43:07","date_gmt":"2022-08-01T19:43:07","guid":{"rendered":"https:\/\/portaleducacao.guarulhos.sp.gov.br\/wp_site\/portalbienal\/?p=2422"},"modified":"2024-10-16T11:16:33","modified_gmt":"2024-10-16T14:16:33","slug":"prefeitura-amplia-o-beneficio-do-credilivro-a-todos-os-profissionais-da-educacao","status":"publish","type":"post","link":"https:\/\/portaleducacao.guarulhos.sp.gov.br\/wp_site\/portalbienal\/2022\/08\/01\/prefeitura-amplia-o-beneficio-do-credilivro-a-todos-os-profissionais-da-educacao\/","title":{"rendered":"Prefeitura amplia o benef\u00edcio do CrediLivro a todos os profissionais da Educa\u00e7\u00e3o"},"content":{"rendered":"\n<p>Servidores p\u00fablicos do quadro administrativo e operacional da rede municipal de ensino v\u00e3o receber pela primeira vez o CrediLivro, benef\u00edcio estendido a todos os profissionais envolvidos no processo educacional. O CrediLivro, de uso exclusivo na 2\u00aa edi\u00e7\u00e3o da Bienal do Livro de Guarulhos, que acontece entre os dias 5 e&nbsp;14 de agosto, teve o valor ampliado de R$ 150 para R$ 200, destinado \u00e0 compra de livros durante o evento.<\/p>\n\n\n\n<p>A iniciativa da Prefeitura de Guarulhos contempla os oito mil servidores da Educa\u00e7\u00e3o e tem como objetivo o incentivo \u00e0 pr\u00e1tica da leitura, a amplia\u00e7\u00e3o do acervo pessoal por meio da aquisi\u00e7\u00e3o de obras liter\u00e1rias e a valoriza\u00e7\u00e3o dos colaboradores.<\/p>\n\n\n\n<p>Nas edi\u00e7\u00f5es anteriores o benef\u00edcio era concedido somente a professores, diretores, vice-diretores, coordenadores pedag\u00f3gicos, supervisores e profissionais do quadro do magist\u00e9rio. Agora, os demais servidores p\u00fablicos das unidades escolares tamb\u00e9m receber\u00e3o o cart\u00e3o para a compra de livros.<\/p>\n\n\n\n<p>A decis\u00e3o fortalece o trabalho das equipes nas escolas, que atendem os alunos da rede municipal de ensino, al\u00e9m de reconhecer o apoio dos servidores nas atividades do cotidiano escolar.<\/p>\n\n\n\n<p><strong>Entrega do CrediLivro<\/strong><\/p>\n\n\n\n<p>O CrediLivro est\u00e1 dispon\u00edvel para retirada pelos diretores ou vice-diretores das escolas a partir desta segunda-feira (1\u00ba), das 8h \u00e0s 17h, e no dia&nbsp;2 de agosto, das 8h \u00e0s 12h, no t\u00e9rreo do pr\u00e9dio principal da Secretaria de Educa\u00e7\u00e3o. J\u00e1 os servidores que n\u00e3o receberem o CrediLivro na escola dever\u00e3o retir\u00e1-lo no local do evento, entre os dias 5 e&nbsp;14 de agosto, apresentando o documento de identidade. Para mais informa\u00e7\u00f5es acesse o Memorando Circular n\u00ba 36\/2022 no link&nbsp;<a href=\"https:\/\/portaleducacao.guarulhos.sp.gov.br\/siseduc\/portal\/exibir\/arquivo\/10335\/inline\/\" target=\"_blank\" rel=\"noreferrer noopener\">https:\/\/portaleducacao.guarulhos.sp.gov.br\/siseduc\/portal\/exibir\/arquivo\/10335\/inline\/<\/a>.<\/p>\n\n\n\n<p>A 2\u00aa Bienal do Livro de Guarulhos acontece entre os dias 5 e&nbsp;14 de agosto, de&nbsp;segunda&nbsp;a&nbsp;s\u00e1bado, das 10h \u00e0s 22h, aos domingos, das 10h \u00e0s 20h, no Internacional Eventos, localizado na avenida Jo\u00e3o Cavalari, 133, Vila Herm\u00ednia. Ao longo de seus dez dias de realiza\u00e7\u00e3o o evento recebe convidados especiais, milhares de alunos da rede municipal, crian\u00e7as, jovens e adultos de toda a cidade.<\/p>\n\n\n\n<p><\/p>\n","protected":false},"excerpt":{"rendered":"<p>Servidores p\u00fablicos do quadro administrativo e operacional da rede municipal de ensino v\u00e3o receber pela primeira vez o CrediLivro, benef\u00edcio estendido a todos os profissionais envolvidos no processo educacional. O &hellip;<\/p>\n<p class=\"read-more\"> <a class=\"\" href=\"https:\/\/portaleducacao.guarulhos.sp.gov.br\/wp_site\/portalbienal\/2022\/08\/01\/prefeitura-amplia-o-beneficio-do-credilivro-a-todos-os-profissionais-da-educacao\/\"> <span class=\"screen-reader-text\">Prefeitura amplia o benef\u00edcio do CrediLivro a todos os profissionais da Educa\u00e7\u00e3o<\/span> Leia mais &raquo;<\/a><\/p>\n","protected":false},"author":21,"featured_media":2423,"comment_status":"open","ping_status":"open","sticky":false,"template":"","format":"standard","meta":{"_monsterinsights_skip_tracking":false,"_monsterinsights_sitenote_active":false,"_monsterinsights_sitenote_note":"","_monsterinsights_sitenote_category":0,"site-sidebar-layout":"default","site-content-layout":"default","ast-global-header-display":"","ast-main-header-display":"","ast-hfb-above-header-display":"","ast-hfb-below-header-display":"","ast-hfb-mobile-header-display":"","site-post-title":"","ast-breadcrumbs-content":"","ast-featured-img":"","footer-sml-layout":"","theme-transparent-header-meta":"","adv-header-id-meta":"","stick-header-meta":"","header-above-stick-meta":"","header-main-stick-meta":"","header-below-stick-meta":"","_expiration-date-status":"","_expiration-date":0,"_expiration-date-type":"","_expiration-date-categories":[],"_expiration-date-options":[]},"categories":[42,46,49,1],"tags":[],"yoast_head":"<!-- This site is optimized with the Yoast SEO plugin v19.7.1 - https:\/\/yoast.com\/wordpress\/plugins\/seo\/ -->\r\n<title>Prefeitura amplia o benef\u00edcio do CrediLivro a todos os profissionais da Educa\u00e7\u00e3o - Bienal do Livro de Guarulhos - 2024<\/title>\r\n<meta name=\"robots\" content=\"index, follow, max-snippet:-1, max-image-preview:large, max-video-preview:-1\" \/>\r\n<link rel=\"canonical\" href=\"https:\/\/portaleducacao.guarulhos.sp.gov.br\/wp_site\/portalbienal\/2022\/08\/01\/prefeitura-amplia-o-beneficio-do-credilivro-a-todos-os-profissionais-da-educacao\/\" \/>\r\n<meta property=\"og:locale\" content=\"pt_BR\" \/>\r\n<meta property=\"og:type\" content=\"article\" \/>\r\n<meta property=\"og:title\" content=\"Prefeitura amplia o benef\u00edcio do CrediLivro a todos os profissionais da Educa\u00e7\u00e3o - Bienal do Livro de Guarulhos - 2024\" \/>\r\n<meta property=\"og:description\" content=\"Servidores p\u00fablicos do quadro administrativo e operacional da rede municipal de ensino v\u00e3o receber pela primeira vez o CrediLivro, benef\u00edcio estendido a todos os profissionais envolvidos no processo educacional. O &hellip; Prefeitura amplia o benef\u00edcio do CrediLivro a todos os profissionais da Educa\u00e7\u00e3o Leia mais &raquo;\" \/>\r\n<meta property=\"og:url\" content=\"https:\/\/portaleducacao.guarulhos.sp.gov.br\/wp_site\/portalbienal\/2022\/08\/01\/prefeitura-amplia-o-beneficio-do-credilivro-a-todos-os-profissionais-da-educacao\/\" \/>\r\n<meta property=\"og:site_name\" content=\"Bienal do Livro de Guarulhos - 2024\" \/>\r\n<meta property=\"article:published_time\" content=\"2022-08-01T19:43:07+00:00\" \/>\r\n<meta property=\"article:modified_time\" content=\"2024-10-16T14:16:33+00:00\" \/>\r\n<meta property=\"og:image\" content=\"http:\/\/portaleducacao.guarulhos.sp.gov.br\/wp_site\/portalbienal\/wp-content\/uploads\/sites\/22\/2022\/08\/Credlivro_.jpg\" \/>\r\n\t<meta property=\"og:image:width\" content=\"750\" \/>\r\n\t<meta property=\"og:image:height\" content=\"520\" \/>\r\n\t<meta property=\"og:image:type\" content=\"image\/jpeg\" \/>\r\n<meta name=\"author\" content=\"danielleca\" \/>\r\n<meta name=\"twitter:card\" content=\"summary_large_image\" \/>\r\n<meta name=\"twitter:label1\" content=\"Escrito por\" \/>\n\t<meta name=\"twitter:data1\" content=\"danielleca\" \/>\n\t<meta name=\"twitter:label2\" content=\"Est. tempo de leitura\" \/>\n\t<meta name=\"twitter:data2\" content=\"2 minutos\" \/>\r\n<script type=\"application\/ld+json\" class=\"yoast-schema-graph\">{\"@context\":\"https:\/\/schema.org\",\"@graph\":[{\"@type\":\"Article\",\"@id\":\"https:\/\/portaleducacao.guarulhos.sp.gov.br\/wp_site\/portalbienal\/2022\/08\/01\/prefeitura-amplia-o-beneficio-do-credilivro-a-todos-os-profissionais-da-educacao\/#article\",\"isPartOf\":{\"@id\":\"https:\/\/portaleducacao.guarulhos.sp.gov.br\/wp_site\/portalbienal\/2022\/08\/01\/prefeitura-amplia-o-beneficio-do-credilivro-a-todos-os-profissionais-da-educacao\/\"},\"author\":{\"name\":\"danielleca\",\"@id\":\"https:\/\/portaleducacao.guarulhos.sp.gov.br\/wp_site\/portalbienal\/#\/schema\/person\/9a20a4be9a38c9fbe6d5fdfb9e8a9957\"},\"headline\":\"Prefeitura amplia o benef\u00edcio do CrediLivro a todos os profissionais da Educa\u00e7\u00e3o\",\"datePublished\":\"2022-08-01T19:43:07+00:00\",\"dateModified\":\"2024-10-16T14:16:33+00:00\",\"mainEntityOfPage\":{\"@id\":\"https:\/\/portaleducacao.guarulhos.sp.gov.br\/wp_site\/portalbienal\/2022\/08\/01\/prefeitura-amplia-o-beneficio-do-credilivro-a-todos-os-profissionais-da-educacao\/\"},\"wordCount\":395,\"commentCount\":0,\"publisher\":{\"@id\":\"https:\/\/portaleducacao.guarulhos.sp.gov.br\/wp_site\/portalbienal\/#organization\"},\"articleSection\":[\"Bienal 2023\",\"bienalNoticias\",\"bienal_22\"],\"inLanguage\":\"pt-BR\",\"potentialAction\":[{\"@type\":\"CommentAction\",\"name\":\"Comment\",\"target\":[\"https:\/\/portaleducacao.guarulhos.sp.gov.br\/wp_site\/portalbienal\/2022\/08\/01\/prefeitura-amplia-o-beneficio-do-credilivro-a-todos-os-profissionais-da-educacao\/#respond\"]}]},{\"@type\":\"WebPage\",\"@id\":\"https:\/\/portaleducacao.guarulhos.sp.gov.br\/wp_site\/portalbienal\/2022\/08\/01\/prefeitura-amplia-o-beneficio-do-credilivro-a-todos-os-profissionais-da-educacao\/\",\"url\":\"https:\/\/portaleducacao.guarulhos.sp.gov.br\/wp_site\/portalbienal\/2022\/08\/01\/prefeitura-amplia-o-beneficio-do-credilivro-a-todos-os-profissionais-da-educacao\/\",\"name\":\"Prefeitura amplia o benef\u00edcio do CrediLivro a todos os profissionais da Educa\u00e7\u00e3o - Bienal do Livro de Guarulhos - 2024\",\"isPartOf\":{\"@id\":\"https:\/\/portaleducacao.guarulhos.sp.gov.br\/wp_site\/portalbienal\/#website\"},\"datePublished\":\"2022-08-01T19:43:07+00:00\",\"dateModified\":\"2024-10-16T14:16:33+00:00\",\"breadcrumb\":{\"@id\":\"https:\/\/portaleducacao.guarulhos.sp.gov.br\/wp_site\/portalbienal\/2022\/08\/01\/prefeitura-amplia-o-beneficio-do-credilivro-a-todos-os-profissionais-da-educacao\/#breadcrumb\"},\"inLanguage\":\"pt-BR\",\"potentialAction\":[{\"@type\":\"ReadAction\",\"target\":[\"https:\/\/portaleducacao.guarulhos.sp.gov.br\/wp_site\/portalbienal\/2022\/08\/01\/prefeitura-amplia-o-beneficio-do-credilivro-a-todos-os-profissionais-da-educacao\/\"]}]},{\"@type\":\"BreadcrumbList\",\"@id\":\"https:\/\/portaleducacao.guarulhos.sp.gov.br\/wp_site\/portalbienal\/2022\/08\/01\/prefeitura-amplia-o-beneficio-do-credilivro-a-todos-os-profissionais-da-educacao\/#breadcrumb\",\"itemListElement\":[{\"@type\":\"ListItem\",\"position\":1,\"name\":\"In\u00edcio\",\"item\":\"https:\/\/portaleducacao.guarulhos.sp.gov.br\/wp_site\/portalbienal\/\"},{\"@type\":\"ListItem\",\"position\":2,\"name\":\"Prefeitura amplia o benef\u00edcio do CrediLivro a todos os profissionais da Educa\u00e7\u00e3o\"}]},{\"@type\":\"WebSite\",\"@id\":\"https:\/\/portaleducacao.guarulhos.sp.gov.br\/wp_site\/portalbienal\/#website\",\"url\":\"https:\/\/portaleducacao.guarulhos.sp.gov.br\/wp_site\/portalbienal\/\",\"name\":\"Bienal do Livro de Guarulhos - 2024\",\"description\":\"Secretaria de Educa\u00e7\u00e3o - Prefeitura de Guarulhos\",\"publisher\":{\"@id\":\"https:\/\/portaleducacao.guarulhos.sp.gov.br\/wp_site\/portalbienal\/#organization\"},\"potentialAction\":[{\"@type\":\"SearchAction\",\"target\":{\"@type\":\"EntryPoint\",\"urlTemplate\":\"https:\/\/portaleducacao.guarulhos.sp.gov.br\/wp_site\/portalbienal\/?s={search_term_string}\"},\"query-input\":\"required name=search_term_string\"}],\"inLanguage\":\"pt-BR\"},{\"@type\":\"Organization\",\"@id\":\"https:\/\/portaleducacao.guarulhos.sp.gov.br\/wp_site\/portalbienal\/#organization\",\"name\":\"Bienal do Livro de Guarulhos - 2024\",\"url\":\"https:\/\/portaleducacao.guarulhos.sp.gov.br\/wp_site\/portalbienal\/\",\"sameAs\":[],\"logo\":{\"@type\":\"ImageObject\",\"inLanguage\":\"pt-BR\",\"@id\":\"https:\/\/portaleducacao.guarulhos.sp.gov.br\/wp_site\/portalbienal\/#\/schema\/logo\/image\/\",\"url\":\"https:\/\/portaleducacao.guarulhos.sp.gov.br\/wp_site\/portalbienal\/wp-content\/uploads\/sites\/22\/2022\/07\/logo_site.jpg\",\"contentUrl\":\"https:\/\/portaleducacao.guarulhos.sp.gov.br\/wp_site\/portalbienal\/wp-content\/uploads\/sites\/22\/2022\/07\/logo_site.jpg\",\"width\":350,\"height\":100,\"caption\":\"Bienal do Livro de Guarulhos - 2024\"},\"image\":{\"@id\":\"https:\/\/portaleducacao.guarulhos.sp.gov.br\/wp_site\/portalbienal\/#\/schema\/logo\/image\/\"}},{\"@type\":\"Person\",\"@id\":\"https:\/\/portaleducacao.guarulhos.sp.gov.br\/wp_site\/portalbienal\/#\/schema\/person\/9a20a4be9a38c9fbe6d5fdfb9e8a9957\",\"name\":\"danielleca\",\"image\":{\"@type\":\"ImageObject\",\"inLanguage\":\"pt-BR\",\"@id\":\"https:\/\/portaleducacao.guarulhos.sp.gov.br\/wp_site\/portalbienal\/#\/schema\/person\/image\/\",\"url\":\"https:\/\/secure.gravatar.com\/avatar\/2ec709ad925bff508a3993319ba30fa7?s=96&d=mm&r=g\",\"contentUrl\":\"https:\/\/secure.gravatar.com\/avatar\/2ec709ad925bff508a3993319ba30fa7?s=96&d=mm&r=g\",\"caption\":\"danielleca\"},\"url\":\"https:\/\/portaleducacao.guarulhos.sp.gov.br\/wp_site\/portalbienal\/author\/danielleca\/\"}]}<\/script>\r\n<!-- \/ Yoast SEO plugin. -->","yoast_head_json":{"title":"Prefeitura amplia o benef\u00edcio do CrediLivro a todos os profissionais da Educa\u00e7\u00e3o - Bienal do Livro de Guarulhos - 2024","robots":{"index":"index","follow":"follow","max-snippet":"max-snippet:-1","max-image-preview":"max-image-preview:large","max-video-preview":"max-video-preview:-1"},"canonical":"https:\/\/portaleducacao.guarulhos.sp.gov.br\/wp_site\/portalbienal\/2022\/08\/01\/prefeitura-amplia-o-beneficio-do-credilivro-a-todos-os-profissionais-da-educacao\/","og_locale":"pt_BR","og_type":"article","og_title":"Prefeitura amplia o benef\u00edcio do CrediLivro a todos os profissionais da Educa\u00e7\u00e3o - Bienal do Livro de Guarulhos - 2024","og_description":"Servidores p\u00fablicos do quadro administrativo e operacional da rede municipal de ensino v\u00e3o receber pela primeira vez o CrediLivro, benef\u00edcio estendido a todos os profissionais envolvidos no processo educacional. O &hellip; Prefeitura amplia o benef\u00edcio do CrediLivro a todos os profissionais da Educa\u00e7\u00e3o Leia mais &raquo;","og_url":"https:\/\/portaleducacao.guarulhos.sp.gov.br\/wp_site\/portalbienal\/2022\/08\/01\/prefeitura-amplia-o-beneficio-do-credilivro-a-todos-os-profissionais-da-educacao\/","og_site_name":"Bienal do Livro de Guarulhos - 2024","article_published_time":"2022-08-01T19:43:07+00:00","article_modified_time":"2024-10-16T14:16:33+00:00","og_image":[{"width":750,"height":520,"url":"http:\/\/portaleducacao.guarulhos.sp.gov.br\/wp_site\/portalbienal\/wp-content\/uploads\/sites\/22\/2022\/08\/Credlivro_.jpg","type":"image\/jpeg"}],"author":"danielleca","twitter_card":"summary_large_image","twitter_misc":{"Escrito por":"danielleca","Est. tempo de leitura":"2 minutos"},"schema":{"@context":"https:\/\/schema.org","@graph":[{"@type":"Article","@id":"https:\/\/portaleducacao.guarulhos.sp.gov.br\/wp_site\/portalbienal\/2022\/08\/01\/prefeitura-amplia-o-beneficio-do-credilivro-a-todos-os-profissionais-da-educacao\/#article","isPartOf":{"@id":"https:\/\/portaleducacao.guarulhos.sp.gov.br\/wp_site\/portalbienal\/2022\/08\/01\/prefeitura-amplia-o-beneficio-do-credilivro-a-todos-os-profissionais-da-educacao\/"},"author":{"name":"danielleca","@id":"https:\/\/portaleducacao.guarulhos.sp.gov.br\/wp_site\/portalbienal\/#\/schema\/person\/9a20a4be9a38c9fbe6d5fdfb9e8a9957"},"headline":"Prefeitura amplia o benef\u00edcio do CrediLivro a todos os profissionais da Educa\u00e7\u00e3o","datePublished":"2022-08-01T19:43:07+00:00","dateModified":"2024-10-16T14:16:33+00:00","mainEntityOfPage":{"@id":"https:\/\/portaleducacao.guarulhos.sp.gov.br\/wp_site\/portalbienal\/2022\/08\/01\/prefeitura-amplia-o-beneficio-do-credilivro-a-todos-os-profissionais-da-educacao\/"},"wordCount":395,"commentCount":0,"publisher":{"@id":"https:\/\/portaleducacao.guarulhos.sp.gov.br\/wp_site\/portalbienal\/#organization"},"articleSection":["Bienal 2023","bienalNoticias","bienal_22"],"inLanguage":"pt-BR","potentialAction":[{"@type":"CommentAction","name":"Comment","target":["https:\/\/portaleducacao.guarulhos.sp.gov.br\/wp_site\/portalbienal\/2022\/08\/01\/prefeitura-amplia-o-beneficio-do-credilivro-a-todos-os-profissionais-da-educacao\/#respond"]}]},{"@type":"WebPage","@id":"https:\/\/portaleducacao.guarulhos.sp.gov.br\/wp_site\/portalbienal\/2022\/08\/01\/prefeitura-amplia-o-beneficio-do-credilivro-a-todos-os-profissionais-da-educacao\/","url":"https:\/\/portaleducacao.guarulhos.sp.gov.br\/wp_site\/portalbienal\/2022\/08\/01\/prefeitura-amplia-o-beneficio-do-credilivro-a-todos-os-profissionais-da-educacao\/","name":"Prefeitura amplia o benef\u00edcio do CrediLivro a todos os profissionais da Educa\u00e7\u00e3o - Bienal do Livro de Guarulhos - 2024","isPartOf":{"@id":"https:\/\/portaleducacao.guarulhos.sp.gov.br\/wp_site\/portalbienal\/#website"},"datePublished":"2022-08-01T19:43:07+00:00","dateModified":"2024-10-16T14:16:33+00:00","breadcrumb":{"@id":"https:\/\/portaleducacao.guarulhos.sp.gov.br\/wp_site\/portalbienal\/2022\/08\/01\/prefeitura-amplia-o-beneficio-do-credilivro-a-todos-os-profissionais-da-educacao\/#breadcrumb"},"inLanguage":"pt-BR","potentialAction":[{"@type":"ReadAction","target":["https:\/\/portaleducacao.guarulhos.sp.gov.br\/wp_site\/portalbienal\/2022\/08\/01\/prefeitura-amplia-o-beneficio-do-credilivro-a-todos-os-profissionais-da-educacao\/"]}]},{"@type":"BreadcrumbList","@id":"https:\/\/portaleducacao.guarulhos.sp.gov.br\/wp_site\/portalbienal\/2022\/08\/01\/prefeitura-amplia-o-beneficio-do-credilivro-a-todos-os-profissionais-da-educacao\/#breadcrumb","itemListElement":[{"@type":"ListItem","position":1,"name":"In\u00edcio","item":"https:\/\/portaleducacao.guarulhos.sp.gov.br\/wp_site\/portalbienal\/"},{"@type":"ListItem","position":2,"name":"Prefeitura amplia o benef\u00edcio do CrediLivro a todos os profissionais da Educa\u00e7\u00e3o"}]},{"@type":"WebSite","@id":"https:\/\/portaleducacao.guarulhos.sp.gov.br\/wp_site\/portalbienal\/#website","url":"https:\/\/portaleducacao.guarulhos.sp.gov.br\/wp_site\/portalbienal\/","name":"Bienal do Livro de Guarulhos - 2024","description":"Secretaria de Educa\u00e7\u00e3o - Prefeitura de Guarulhos","publisher":{"@id":"https:\/\/portaleducacao.guarulhos.sp.gov.br\/wp_site\/portalbienal\/#organization"},"potentialAction":[{"@type":"SearchAction","target":{"@type":"EntryPoint","urlTemplate":"https:\/\/portaleducacao.guarulhos.sp.gov.br\/wp_site\/portalbienal\/?s={search_term_string}"},"query-input":"required name=search_term_string"}],"inLanguage":"pt-BR"},{"@type":"Organization","@id":"https:\/\/portaleducacao.guarulhos.sp.gov.br\/wp_site\/portalbienal\/#organization","name":"Bienal do Livro de Guarulhos - 2024","url":"https:\/\/portaleducacao.guarulhos.sp.gov.br\/wp_site\/portalbienal\/","sameAs":[],"logo":{"@type":"ImageObject","inLanguage":"pt-BR","@id":"https:\/\/portaleducacao.guarulhos.sp.gov.br\/wp_site\/portalbienal\/#\/schema\/logo\/image\/","url":"https:\/\/portaleducacao.guarulhos.sp.gov.br\/wp_site\/portalbienal\/wp-content\/uploads\/sites\/22\/2022\/07\/logo_site.jpg","contentUrl":"https:\/\/portaleducacao.guarulhos.sp.gov.br\/wp_site\/portalbienal\/wp-content\/uploads\/sites\/22\/2022\/07\/logo_site.jpg","width":350,"height":100,"caption":"Bienal do Livro de Guarulhos - 2024"},"image":{"@id":"https:\/\/portaleducacao.guarulhos.sp.gov.br\/wp_site\/portalbienal\/#\/schema\/logo\/image\/"}},{"@type":"Person","@id":"https:\/\/portaleducacao.guarulhos.sp.gov.br\/wp_site\/portalbienal\/#\/schema\/person\/9a20a4be9a38c9fbe6d5fdfb9e8a9957","name":"danielleca","image":{"@type":"ImageObject","inLanguage":"pt-BR","@id":"https:\/\/portaleducacao.guarulhos.sp.gov.br\/wp_site\/portalbienal\/#\/schema\/person\/image\/","url":"https:\/\/secure.gravatar.com\/avatar\/2ec709ad925bff508a3993319ba30fa7?s=96&d=mm&r=g","contentUrl":"https:\/\/secure.gravatar.com\/avatar\/2ec709ad925bff508a3993319ba30fa7?s=96&d=mm&r=g","caption":"danielleca"},"url":"https:\/\/portaleducacao.guarulhos.sp.gov.br\/wp_site\/portalbienal\/author\/danielleca\/"}]}},"_links":{"self":[{"href":"https:\/\/portaleducacao.guarulhos.sp.gov.br\/wp_site\/portalbienal\/wp-json\/wp\/v2\/posts\/2422"}],"collection":[{"href":"https:\/\/portaleducacao.guarulhos.sp.gov.br\/wp_site\/portalbienal\/wp-json\/wp\/v2\/posts"}],"about":[{"href":"https:\/\/portaleducacao.guarulhos.sp.gov.br\/wp_site\/portalbienal\/wp-json\/wp\/v2\/types\/post"}],"author":[{"embeddable":true,"href":"https:\/\/portaleducacao.guarulhos.sp.gov.br\/wp_site\/portalbienal\/wp-json\/wp\/v2\/users\/21"}],"replies":[{"embeddable":true,"href":"https:\/\/portaleducacao.guarulhos.sp.gov.br\/wp_site\/portalbienal\/wp-json\/wp\/v2\/comments?post=2422"}],"version-history":[{"count":4,"href":"https:\/\/portaleducacao.guarulhos.sp.gov.br\/wp_site\/portalbienal\/wp-json\/wp\/v2\/posts\/2422\/revisions"}],"predecessor-version":[{"id":2427,"href":"https:\/\/portaleducacao.guarulhos.sp.gov.br\/wp_site\/portalbienal\/wp-json\/wp\/v2\/posts\/2422\/revisions\/2427"}],"wp:featuredmedia":[{"embeddable":true,"href":"https:\/\/portaleducacao.guarulhos.sp.gov.br\/wp_site\/portalbienal\/wp-json\/wp\/v2\/media\/2423"}],"wp:attachment":[{"href":"https:\/\/portaleducacao.guarulhos.sp.gov.br\/wp_site\/portalbienal\/wp-json\/wp\/v2\/media?parent=2422"}],"wp:term":[{"taxonomy":"category","embeddable":true,"href":"https:\/\/portaleducacao.guarulhos.sp.gov.br\/wp_site\/portalbienal\/wp-json\/wp\/v2\/categories?post=2422"},{"taxonomy":"post_tag","embeddable":true,"href":"https:\/\/portaleducacao.guarulhos.sp.gov.br\/wp_site\/portalbienal\/wp-json\/wp\/v2\/tags?post=2422"}],"curies":[{"name":"wp","href":"https:\/\/api.w.org\/{rel}","templated":true}]}}