{"id":2670,"date":"2022-08-05T22:09:37","date_gmt":"2022-08-06T01:09:37","guid":{"rendered":"https:\/\/portaleducacao.guarulhos.sp.gov.br\/wp_site\/portalbienal\/?p=2670"},"modified":"2024-10-16T11:16:29","modified_gmt":"2024-10-16T14:16:29","slug":"espetaculo-da-orquestra-jovem-e-homenagem-a-biblioteca-monteiro-lobato-marcam-abertura-da-2a-bienal-do-livro-de-guarulhos%ef%bf%bc","status":"publish","type":"post","link":"https:\/\/portaleducacao.guarulhos.sp.gov.br\/wp_site\/portalbienal\/2022\/08\/05\/espetaculo-da-orquestra-jovem-e-homenagem-a-biblioteca-monteiro-lobato-marcam-abertura-da-2a-bienal-do-livro-de-guarulhos%ef%bf%bc\/","title":{"rendered":"Espet\u00e1culo da Orquestra Jovem e homenagem \u00e0 Biblioteca Monteiro Lobato marcam abertura da 2\u00aa Bienal do Livro de Guarulhos\ufffc"},"content":{"rendered":"\n<p>M\u00fasica e homenagem \u00e0 Biblioteca Monteiro Lobato marcaram a abertura da 2\u00aa Bienal do Livro de Guarulhos na noite da \u00faltima sexta-feira (5). No palco do Audit\u00f3rio Azul, a Orquestra Jovem Municipal de Guarulhos encantou os visitantes do Internacional Eventos com repert\u00f3rio de m\u00fasicas latino americanas, sob reg\u00eancia do maestro Emiliano Patarra. A abertura do evento, que segue at\u00e9 o dia 14 de agosto, contou com as presen\u00e7as do prefeito Guti, do vice-prefeito e secret\u00e1rio de Cultura, Professor Jesus, do secret\u00e1rio de Educa\u00e7\u00e3o, Alex Viterale, e da subsecret\u00e1ria de Educa\u00e7\u00e3o, F\u00e1bia Costa..<\/p>\n\n\n\n<p>\u201cA Bienal do Livro de Guarulhos deste ano amplia o debate sobre o papel da tecnologia e desenvolvimento educacional e prop\u00f5e encontros que conectam o p\u00fablico leitor aos seus escritores preferidos. Isso sinaliza para a\u00e7\u00f5es assertivas no campo da Educa\u00e7\u00e3o, que muito al\u00e9m de fomentar a leitura, tamb\u00e9m semeiam um futuro melhor para nossas crian\u00e7as\u201d, disse Guti.<\/p>\n\n\n\n<figure class=\"wp-block-image size-large\"><img loading=\"lazy\" width=\"1024\" height=\"680\" src=\"http:\/\/portaleducacao.guarulhos.sp.gov.br\/wp_site\/portalbienal\/wp-content\/uploads\/sites\/22\/2022\/08\/WhatsApp-Image-2022-08-05-at-21.57.52-1024x680.jpeg\" alt=\"\" class=\"wp-image-2673\" srcset=\"https:\/\/portaleducacao.guarulhos.sp.gov.br\/wp_site\/portalbienal\/wp-content\/uploads\/sites\/22\/2022\/08\/WhatsApp-Image-2022-08-05-at-21.57.52-1024x680.jpeg 1024w, https:\/\/portaleducacao.guarulhos.sp.gov.br\/wp_site\/portalbienal\/wp-content\/uploads\/sites\/22\/2022\/08\/WhatsApp-Image-2022-08-05-at-21.57.52-300x199.jpeg 300w, https:\/\/portaleducacao.guarulhos.sp.gov.br\/wp_site\/portalbienal\/wp-content\/uploads\/sites\/22\/2022\/08\/WhatsApp-Image-2022-08-05-at-21.57.52-768x510.jpeg 768w, https:\/\/portaleducacao.guarulhos.sp.gov.br\/wp_site\/portalbienal\/wp-content\/uploads\/sites\/22\/2022\/08\/WhatsApp-Image-2022-08-05-at-21.57.52.jpeg 1280w\" sizes=\"(max-width: 1024px) 100vw, 1024px\" \/><\/figure>\n\n\n\n<p>O secret\u00e1rio Alex destacou a import\u00e2ncia de estimular o gosto pela leitura desde a inf\u00e2ncia. \u201cO valor destinado aos alunos da rede municipal cadastrados na visita\u00e7\u00e3o escolar os coloca diante de situa\u00e7\u00f5es em que v\u00e3o usar a matem\u00e1tica financeira para adquirir os livros de seu interesse. Nesse espa\u00e7o, eles podem aproveitar in\u00fameras oportunidades de interagir com os livros, escritores, com os contadores de hist\u00f3rias e esse amplo universo de imagina\u00e7\u00e3o e criatividade contribui decisivamente para a amplia\u00e7\u00e3o de sua autonomia\u201d.<\/p>\n\n\n\n<p>Jesus falou do aumento de autores independentes da cidade credenciados, um total de 95, n\u00famero tr\u00eas vezes em rela\u00e7\u00e3o a 2018. \u201cEsse aumento de mais de 216% de escritores inscritos pode ser explicado por a\u00e7\u00f5es tais quais a destina\u00e7\u00e3o de recursos da Lei Aldir Blanc para aux\u00edlio emergencial da classe art\u00edstica, por meio do Fundo Municipal de Cultura de Guarulhos, o FunCultura\u201d, observou.<\/p>\n\n\n\n<p>A abertura oficial da Bienal do Livro contou ainda com homenagem \u00e0 Biblioteca Monteiro Lobato, a mais antiga da cidade, que este ano completa 82 anos. A celebra\u00e7\u00e3o motivou exposi\u00e7\u00e3o multim\u00eddia, composta por imagens do acervo do Arquivo Hist\u00f3rico Municipal de Guarulhos com breve recorte da dimens\u00e3o e import\u00e2ncia desse espa\u00e7o ao longo de todos esses anos de funcionamento.<\/p>\n\n\n\n<p>Para mais informa\u00e7\u00f5es sobre a programa\u00e7\u00e3o acesse <strong><em><a href=\"http:\/\/bienaldolivro.guarulhos.sp.gov.br\" target=\"_blank\" rel=\"noreferrer noopener\">http:\/\/bienaldolivro.guarulhos.sp.gov.br<\/a><\/em><\/strong> e acompanhe o perfil no Instagram (<strong><em><a href=\"https:\/\/www.instagram.com\/bienaldolivrogru\/\" data-type=\"URL\" data-id=\"https:\/\/www.instagram.com\/bienaldolivrogru\/\" target=\"_blank\" rel=\"noreferrer noopener\">@bienaldolivrogru<\/a><\/em><\/strong>).<\/p>\n\n\n\n<p>A 2\u00aa Bienal do Livro de Guarulhos acontece entre os dias 5 e 14 de agosto, de segunda a s\u00e1bado, das 10h \u00e0s 22h, aos domingos, das 10h \u00e0s 20h, no Internacional Eventos, que fica na avenida Jo\u00e3o Cavalari, 133, Vila Herm\u00ednia, em Guarulhos.<\/p>\n\n\n\n<p>Para garantir f\u00e1cil acesso e estacionamento aos visitantes da 2a. Bienal do Livro de Guarulhos, a Secretaria de Transportes e Mobilidade Urbana (STMU) mant\u00e9m quatro agentes e duas viaturas diariamente, das 7h \u00e0s 20h, no local. A pasta providenciou ainda dois bols\u00f5es de estacionamento, cada um com capacidade para 30 \u00f4nibus, localizados nas ruas Tenente Aviador Aur\u00e9lio Vieira e rua Professor Jos\u00e9 Munhoz, ambas pr\u00f3ximas \u00e0 entrada do evento na rua Jo\u00e3o Cavalari, 133, Vila Herm\u00ednia.<\/p>\n","protected":false},"excerpt":{"rendered":"<p>M\u00fasica e homenagem \u00e0 Biblioteca Monteiro Lobato marcaram a abertura da 2\u00aa Bienal do Livro de Guarulhos na noite da \u00faltima sexta-feira (5). No palco do Audit\u00f3rio Azul, a Orquestra &hellip;<\/p>\n<p class=\"read-more\"> <a class=\"\" href=\"https:\/\/portaleducacao.guarulhos.sp.gov.br\/wp_site\/portalbienal\/2022\/08\/05\/espetaculo-da-orquestra-jovem-e-homenagem-a-biblioteca-monteiro-lobato-marcam-abertura-da-2a-bienal-do-livro-de-guarulhos%ef%bf%bc\/\"> <span class=\"screen-reader-text\">Espet\u00e1culo da Orquestra Jovem e homenagem \u00e0 Biblioteca Monteiro Lobato marcam abertura da 2\u00aa Bienal do Livro de Guarulhos\ufffc<\/span> Leia mais &raquo;<\/a><\/p>\n","protected":false},"author":22,"featured_media":2674,"comment_status":"open","ping_status":"open","sticky":true,"template":"","format":"standard","meta":{"_monsterinsights_skip_tracking":false,"_monsterinsights_sitenote_active":false,"_monsterinsights_sitenote_note":"","_monsterinsights_sitenote_category":0,"site-sidebar-layout":"default","site-content-layout":"default","ast-global-header-display":"","ast-main-header-display":"","ast-hfb-above-header-display":"","ast-hfb-below-header-display":"","ast-hfb-mobile-header-display":"","site-post-title":"","ast-breadcrumbs-content":"","ast-featured-img":"","footer-sml-layout":"","theme-transparent-header-meta":"","adv-header-id-meta":"","stick-header-meta":"","header-above-stick-meta":"","header-main-stick-meta":"","header-below-stick-meta":"","_expiration-date-status":"","_expiration-date":0,"_expiration-date-type":"","_expiration-date-categories":[],"_expiration-date-options":[]},"categories":[42,46,49,1],"tags":[],"yoast_head":"<!-- This site is optimized with the Yoast SEO plugin v19.7.1 - https:\/\/yoast.com\/wordpress\/plugins\/seo\/ -->\r\n<title>Espet\u00e1culo da Orquestra Jovem e homenagem \u00e0 Biblioteca Monteiro Lobato marcam abertura da 2\u00aa Bienal do Livro de Guarulhos\ufffc - Bienal do Livro de Guarulhos - 2024<\/title>\r\n<meta name=\"robots\" content=\"index, follow, max-snippet:-1, max-image-preview:large, max-video-preview:-1\" \/>\r\n<link rel=\"canonical\" href=\"https:\/\/portaleducacao.guarulhos.sp.gov.br\/wp_site\/portalbienal\/2022\/08\/05\/espetaculo-da-orquestra-jovem-e-homenagem-a-biblioteca-monteiro-lobato-marcam-abertura-da-2a-bienal-do-livro-de-guarulhos\ufffc\/\" \/>\r\n<meta property=\"og:locale\" content=\"pt_BR\" \/>\r\n<meta property=\"og:type\" content=\"article\" \/>\r\n<meta property=\"og:title\" content=\"Espet\u00e1culo da Orquestra Jovem e homenagem \u00e0 Biblioteca Monteiro Lobato marcam abertura da 2\u00aa Bienal do Livro de Guarulhos\ufffc - Bienal do Livro de Guarulhos - 2024\" \/>\r\n<meta property=\"og:description\" content=\"M\u00fasica e homenagem \u00e0 Biblioteca Monteiro Lobato marcaram a abertura da 2\u00aa Bienal do Livro de Guarulhos na noite da \u00faltima sexta-feira (5). No palco do Audit\u00f3rio Azul, a Orquestra &hellip; Espet\u00e1culo da Orquestra Jovem e homenagem \u00e0 Biblioteca Monteiro Lobato marcam abertura da 2\u00aa Bienal do Livro de Guarulhos\ufffc Leia mais &raquo;\" \/>\r\n<meta property=\"og:url\" content=\"https:\/\/portaleducacao.guarulhos.sp.gov.br\/wp_site\/portalbienal\/2022\/08\/05\/espetaculo-da-orquestra-jovem-e-homenagem-a-biblioteca-monteiro-lobato-marcam-abertura-da-2a-bienal-do-livro-de-guarulhos\ufffc\/\" \/>\r\n<meta property=\"og:site_name\" content=\"Bienal do Livro de Guarulhos - 2024\" \/>\r\n<meta property=\"article:published_time\" content=\"2022-08-06T01:09:37+00:00\" \/>\r\n<meta property=\"article:modified_time\" content=\"2024-10-16T14:16:29+00:00\" \/>\r\n<meta property=\"og:image\" content=\"http:\/\/portaleducacao.guarulhos.sp.gov.br\/wp_site\/portalbienal\/wp-content\/uploads\/sites\/22\/2022\/08\/WhatsApp-Image-2022-08-05-at-21.57.54.jpeg\" \/>\r\n\t<meta property=\"og:image:width\" content=\"1280\" \/>\r\n\t<meta property=\"og:image:height\" content=\"850\" \/>\r\n\t<meta property=\"og:image:type\" content=\"image\/jpeg\" \/>\r\n<meta name=\"author\" content=\"carlamaio\" \/>\r\n<meta name=\"twitter:card\" content=\"summary_large_image\" \/>\r\n<meta name=\"twitter:label1\" content=\"Escrito por\" \/>\n\t<meta name=\"twitter:data1\" content=\"carlamaio\" \/>\n\t<meta name=\"twitter:label2\" content=\"Est. tempo de leitura\" \/>\n\t<meta name=\"twitter:data2\" content=\"3 minutos\" \/>\r\n<script type=\"application\/ld+json\" class=\"yoast-schema-graph\">{\"@context\":\"https:\/\/schema.org\",\"@graph\":[{\"@type\":\"Article\",\"@id\":\"https:\/\/portaleducacao.guarulhos.sp.gov.br\/wp_site\/portalbienal\/2022\/08\/05\/espetaculo-da-orquestra-jovem-e-homenagem-a-biblioteca-monteiro-lobato-marcam-abertura-da-2a-bienal-do-livro-de-guarulhos%ef%bf%bc\/#article\",\"isPartOf\":{\"@id\":\"https:\/\/portaleducacao.guarulhos.sp.gov.br\/wp_site\/portalbienal\/2022\/08\/05\/espetaculo-da-orquestra-jovem-e-homenagem-a-biblioteca-monteiro-lobato-marcam-abertura-da-2a-bienal-do-livro-de-guarulhos%ef%bf%bc\/\"},\"author\":{\"name\":\"carlamaio\",\"@id\":\"https:\/\/portaleducacao.guarulhos.sp.gov.br\/wp_site\/portalbienal\/#\/schema\/person\/f24570405af7200fec31e52143b1a735\"},\"headline\":\"Espet\u00e1culo da Orquestra Jovem e homenagem \u00e0 Biblioteca Monteiro Lobato marcam abertura da 2\u00aa Bienal do Livro de Guarulhos\ufffc\",\"datePublished\":\"2022-08-06T01:09:37+00:00\",\"dateModified\":\"2024-10-16T14:16:29+00:00\",\"mainEntityOfPage\":{\"@id\":\"https:\/\/portaleducacao.guarulhos.sp.gov.br\/wp_site\/portalbienal\/2022\/08\/05\/espetaculo-da-orquestra-jovem-e-homenagem-a-biblioteca-monteiro-lobato-marcam-abertura-da-2a-bienal-do-livro-de-guarulhos%ef%bf%bc\/\"},\"wordCount\":566,\"commentCount\":0,\"publisher\":{\"@id\":\"https:\/\/portaleducacao.guarulhos.sp.gov.br\/wp_site\/portalbienal\/#organization\"},\"articleSection\":[\"Bienal 2023\",\"bienalNoticias\",\"bienal_22\"],\"inLanguage\":\"pt-BR\",\"potentialAction\":[{\"@type\":\"CommentAction\",\"name\":\"Comment\",\"target\":[\"https:\/\/portaleducacao.guarulhos.sp.gov.br\/wp_site\/portalbienal\/2022\/08\/05\/espetaculo-da-orquestra-jovem-e-homenagem-a-biblioteca-monteiro-lobato-marcam-abertura-da-2a-bienal-do-livro-de-guarulhos%ef%bf%bc\/#respond\"]}]},{\"@type\":\"WebPage\",\"@id\":\"https:\/\/portaleducacao.guarulhos.sp.gov.br\/wp_site\/portalbienal\/2022\/08\/05\/espetaculo-da-orquestra-jovem-e-homenagem-a-biblioteca-monteiro-lobato-marcam-abertura-da-2a-bienal-do-livro-de-guarulhos%ef%bf%bc\/\",\"url\":\"https:\/\/portaleducacao.guarulhos.sp.gov.br\/wp_site\/portalbienal\/2022\/08\/05\/espetaculo-da-orquestra-jovem-e-homenagem-a-biblioteca-monteiro-lobato-marcam-abertura-da-2a-bienal-do-livro-de-guarulhos%ef%bf%bc\/\",\"name\":\"Espet\u00e1culo da Orquestra Jovem e homenagem \u00e0 Biblioteca Monteiro Lobato marcam abertura da 2\u00aa Bienal do Livro de Guarulhos\ufffc - Bienal do Livro de Guarulhos - 2024\",\"isPartOf\":{\"@id\":\"https:\/\/portaleducacao.guarulhos.sp.gov.br\/wp_site\/portalbienal\/#website\"},\"datePublished\":\"2022-08-06T01:09:37+00:00\",\"dateModified\":\"2024-10-16T14:16:29+00:00\",\"breadcrumb\":{\"@id\":\"https:\/\/portaleducacao.guarulhos.sp.gov.br\/wp_site\/portalbienal\/2022\/08\/05\/espetaculo-da-orquestra-jovem-e-homenagem-a-biblioteca-monteiro-lobato-marcam-abertura-da-2a-bienal-do-livro-de-guarulhos%ef%bf%bc\/#breadcrumb\"},\"inLanguage\":\"pt-BR\",\"potentialAction\":[{\"@type\":\"ReadAction\",\"target\":[\"https:\/\/portaleducacao.guarulhos.sp.gov.br\/wp_site\/portalbienal\/2022\/08\/05\/espetaculo-da-orquestra-jovem-e-homenagem-a-biblioteca-monteiro-lobato-marcam-abertura-da-2a-bienal-do-livro-de-guarulhos%ef%bf%bc\/\"]}]},{\"@type\":\"BreadcrumbList\",\"@id\":\"https:\/\/portaleducacao.guarulhos.sp.gov.br\/wp_site\/portalbienal\/2022\/08\/05\/espetaculo-da-orquestra-jovem-e-homenagem-a-biblioteca-monteiro-lobato-marcam-abertura-da-2a-bienal-do-livro-de-guarulhos%ef%bf%bc\/#breadcrumb\",\"itemListElement\":[{\"@type\":\"ListItem\",\"position\":1,\"name\":\"In\u00edcio\",\"item\":\"https:\/\/portaleducacao.guarulhos.sp.gov.br\/wp_site\/portalbienal\/\"},{\"@type\":\"ListItem\",\"position\":2,\"name\":\"Espet\u00e1culo da Orquestra Jovem e homenagem \u00e0 Biblioteca Monteiro Lobato marcam abertura da 2\u00aa Bienal do Livro de Guarulhos\ufffc\"}]},{\"@type\":\"WebSite\",\"@id\":\"https:\/\/portaleducacao.guarulhos.sp.gov.br\/wp_site\/portalbienal\/#website\",\"url\":\"https:\/\/portaleducacao.guarulhos.sp.gov.br\/wp_site\/portalbienal\/\",\"name\":\"Bienal do Livro de Guarulhos - 2024\",\"description\":\"Secretaria de Educa\u00e7\u00e3o - Prefeitura de Guarulhos\",\"publisher\":{\"@id\":\"https:\/\/portaleducacao.guarulhos.sp.gov.br\/wp_site\/portalbienal\/#organization\"},\"potentialAction\":[{\"@type\":\"SearchAction\",\"target\":{\"@type\":\"EntryPoint\",\"urlTemplate\":\"https:\/\/portaleducacao.guarulhos.sp.gov.br\/wp_site\/portalbienal\/?s={search_term_string}\"},\"query-input\":\"required name=search_term_string\"}],\"inLanguage\":\"pt-BR\"},{\"@type\":\"Organization\",\"@id\":\"https:\/\/portaleducacao.guarulhos.sp.gov.br\/wp_site\/portalbienal\/#organization\",\"name\":\"Bienal do Livro de Guarulhos - 2024\",\"url\":\"https:\/\/portaleducacao.guarulhos.sp.gov.br\/wp_site\/portalbienal\/\",\"sameAs\":[],\"logo\":{\"@type\":\"ImageObject\",\"inLanguage\":\"pt-BR\",\"@id\":\"https:\/\/portaleducacao.guarulhos.sp.gov.br\/wp_site\/portalbienal\/#\/schema\/logo\/image\/\",\"url\":\"https:\/\/portaleducacao.guarulhos.sp.gov.br\/wp_site\/portalbienal\/wp-content\/uploads\/sites\/22\/2022\/07\/logo_site.jpg\",\"contentUrl\":\"https:\/\/portaleducacao.guarulhos.sp.gov.br\/wp_site\/portalbienal\/wp-content\/uploads\/sites\/22\/2022\/07\/logo_site.jpg\",\"width\":350,\"height\":100,\"caption\":\"Bienal do Livro de Guarulhos - 2024\"},\"image\":{\"@id\":\"https:\/\/portaleducacao.guarulhos.sp.gov.br\/wp_site\/portalbienal\/#\/schema\/logo\/image\/\"}},{\"@type\":\"Person\",\"@id\":\"https:\/\/portaleducacao.guarulhos.sp.gov.br\/wp_site\/portalbienal\/#\/schema\/person\/f24570405af7200fec31e52143b1a735\",\"name\":\"carlamaio\",\"image\":{\"@type\":\"ImageObject\",\"inLanguage\":\"pt-BR\",\"@id\":\"https:\/\/portaleducacao.guarulhos.sp.gov.br\/wp_site\/portalbienal\/#\/schema\/person\/image\/\",\"url\":\"https:\/\/secure.gravatar.com\/avatar\/f1d5cb10476871f2a24b60dd8cad309e?s=96&d=mm&r=g\",\"contentUrl\":\"https:\/\/secure.gravatar.com\/avatar\/f1d5cb10476871f2a24b60dd8cad309e?s=96&d=mm&r=g\",\"caption\":\"carlamaio\"},\"url\":\"https:\/\/portaleducacao.guarulhos.sp.gov.br\/wp_site\/portalbienal\/author\/carlamaio\/\"}]}<\/script>\r\n<!-- \/ Yoast SEO plugin. -->","yoast_head_json":{"title":"Espet\u00e1culo da Orquestra Jovem e homenagem \u00e0 Biblioteca Monteiro Lobato marcam abertura da 2\u00aa Bienal do Livro de Guarulhos\ufffc - Bienal do Livro de Guarulhos - 2024","robots":{"index":"index","follow":"follow","max-snippet":"max-snippet:-1","max-image-preview":"max-image-preview:large","max-video-preview":"max-video-preview:-1"},"canonical":"https:\/\/portaleducacao.guarulhos.sp.gov.br\/wp_site\/portalbienal\/2022\/08\/05\/espetaculo-da-orquestra-jovem-e-homenagem-a-biblioteca-monteiro-lobato-marcam-abertura-da-2a-bienal-do-livro-de-guarulhos\ufffc\/","og_locale":"pt_BR","og_type":"article","og_title":"Espet\u00e1culo da Orquestra Jovem e homenagem \u00e0 Biblioteca Monteiro Lobato marcam abertura da 2\u00aa Bienal do Livro de Guarulhos\ufffc - Bienal do Livro de Guarulhos - 2024","og_description":"M\u00fasica e homenagem \u00e0 Biblioteca Monteiro Lobato marcaram a abertura da 2\u00aa Bienal do Livro de Guarulhos na noite da \u00faltima sexta-feira (5). No palco do Audit\u00f3rio Azul, a Orquestra &hellip; Espet\u00e1culo da Orquestra Jovem e homenagem \u00e0 Biblioteca Monteiro Lobato marcam abertura da 2\u00aa Bienal do Livro de Guarulhos\ufffc Leia mais &raquo;","og_url":"https:\/\/portaleducacao.guarulhos.sp.gov.br\/wp_site\/portalbienal\/2022\/08\/05\/espetaculo-da-orquestra-jovem-e-homenagem-a-biblioteca-monteiro-lobato-marcam-abertura-da-2a-bienal-do-livro-de-guarulhos\ufffc\/","og_site_name":"Bienal do Livro de Guarulhos - 2024","article_published_time":"2022-08-06T01:09:37+00:00","article_modified_time":"2024-10-16T14:16:29+00:00","og_image":[{"width":1280,"height":850,"url":"http:\/\/portaleducacao.guarulhos.sp.gov.br\/wp_site\/portalbienal\/wp-content\/uploads\/sites\/22\/2022\/08\/WhatsApp-Image-2022-08-05-at-21.57.54.jpeg","type":"image\/jpeg"}],"author":"carlamaio","twitter_card":"summary_large_image","twitter_misc":{"Escrito por":"carlamaio","Est. tempo de leitura":"3 minutos"},"schema":{"@context":"https:\/\/schema.org","@graph":[{"@type":"Article","@id":"https:\/\/portaleducacao.guarulhos.sp.gov.br\/wp_site\/portalbienal\/2022\/08\/05\/espetaculo-da-orquestra-jovem-e-homenagem-a-biblioteca-monteiro-lobato-marcam-abertura-da-2a-bienal-do-livro-de-guarulhos%ef%bf%bc\/#article","isPartOf":{"@id":"https:\/\/portaleducacao.guarulhos.sp.gov.br\/wp_site\/portalbienal\/2022\/08\/05\/espetaculo-da-orquestra-jovem-e-homenagem-a-biblioteca-monteiro-lobato-marcam-abertura-da-2a-bienal-do-livro-de-guarulhos%ef%bf%bc\/"},"author":{"name":"carlamaio","@id":"https:\/\/portaleducacao.guarulhos.sp.gov.br\/wp_site\/portalbienal\/#\/schema\/person\/f24570405af7200fec31e52143b1a735"},"headline":"Espet\u00e1culo da Orquestra Jovem e homenagem \u00e0 Biblioteca Monteiro Lobato marcam abertura da 2\u00aa Bienal do Livro de Guarulhos\ufffc","datePublished":"2022-08-06T01:09:37+00:00","dateModified":"2024-10-16T14:16:29+00:00","mainEntityOfPage":{"@id":"https:\/\/portaleducacao.guarulhos.sp.gov.br\/wp_site\/portalbienal\/2022\/08\/05\/espetaculo-da-orquestra-jovem-e-homenagem-a-biblioteca-monteiro-lobato-marcam-abertura-da-2a-bienal-do-livro-de-guarulhos%ef%bf%bc\/"},"wordCount":566,"commentCount":0,"publisher":{"@id":"https:\/\/portaleducacao.guarulhos.sp.gov.br\/wp_site\/portalbienal\/#organization"},"articleSection":["Bienal 2023","bienalNoticias","bienal_22"],"inLanguage":"pt-BR","potentialAction":[{"@type":"CommentAction","name":"Comment","target":["https:\/\/portaleducacao.guarulhos.sp.gov.br\/wp_site\/portalbienal\/2022\/08\/05\/espetaculo-da-orquestra-jovem-e-homenagem-a-biblioteca-monteiro-lobato-marcam-abertura-da-2a-bienal-do-livro-de-guarulhos%ef%bf%bc\/#respond"]}]},{"@type":"WebPage","@id":"https:\/\/portaleducacao.guarulhos.sp.gov.br\/wp_site\/portalbienal\/2022\/08\/05\/espetaculo-da-orquestra-jovem-e-homenagem-a-biblioteca-monteiro-lobato-marcam-abertura-da-2a-bienal-do-livro-de-guarulhos%ef%bf%bc\/","url":"https:\/\/portaleducacao.guarulhos.sp.gov.br\/wp_site\/portalbienal\/2022\/08\/05\/espetaculo-da-orquestra-jovem-e-homenagem-a-biblioteca-monteiro-lobato-marcam-abertura-da-2a-bienal-do-livro-de-guarulhos%ef%bf%bc\/","name":"Espet\u00e1culo da Orquestra Jovem e homenagem \u00e0 Biblioteca Monteiro Lobato marcam abertura da 2\u00aa Bienal do Livro de Guarulhos\ufffc - Bienal do Livro de Guarulhos - 2024","isPartOf":{"@id":"https:\/\/portaleducacao.guarulhos.sp.gov.br\/wp_site\/portalbienal\/#website"},"datePublished":"2022-08-06T01:09:37+00:00","dateModified":"2024-10-16T14:16:29+00:00","breadcrumb":{"@id":"https:\/\/portaleducacao.guarulhos.sp.gov.br\/wp_site\/portalbienal\/2022\/08\/05\/espetaculo-da-orquestra-jovem-e-homenagem-a-biblioteca-monteiro-lobato-marcam-abertura-da-2a-bienal-do-livro-de-guarulhos%ef%bf%bc\/#breadcrumb"},"inLanguage":"pt-BR","potentialAction":[{"@type":"ReadAction","target":["https:\/\/portaleducacao.guarulhos.sp.gov.br\/wp_site\/portalbienal\/2022\/08\/05\/espetaculo-da-orquestra-jovem-e-homenagem-a-biblioteca-monteiro-lobato-marcam-abertura-da-2a-bienal-do-livro-de-guarulhos%ef%bf%bc\/"]}]},{"@type":"BreadcrumbList","@id":"https:\/\/portaleducacao.guarulhos.sp.gov.br\/wp_site\/portalbienal\/2022\/08\/05\/espetaculo-da-orquestra-jovem-e-homenagem-a-biblioteca-monteiro-lobato-marcam-abertura-da-2a-bienal-do-livro-de-guarulhos%ef%bf%bc\/#breadcrumb","itemListElement":[{"@type":"ListItem","position":1,"name":"In\u00edcio","item":"https:\/\/portaleducacao.guarulhos.sp.gov.br\/wp_site\/portalbienal\/"},{"@type":"ListItem","position":2,"name":"Espet\u00e1culo da Orquestra Jovem e homenagem \u00e0 Biblioteca Monteiro Lobato marcam abertura da 2\u00aa Bienal do Livro de Guarulhos\ufffc"}]},{"@type":"WebSite","@id":"https:\/\/portaleducacao.guarulhos.sp.gov.br\/wp_site\/portalbienal\/#website","url":"https:\/\/portaleducacao.guarulhos.sp.gov.br\/wp_site\/portalbienal\/","name":"Bienal do Livro de Guarulhos - 2024","description":"Secretaria de Educa\u00e7\u00e3o - Prefeitura de Guarulhos","publisher":{"@id":"https:\/\/portaleducacao.guarulhos.sp.gov.br\/wp_site\/portalbienal\/#organization"},"potentialAction":[{"@type":"SearchAction","target":{"@type":"EntryPoint","urlTemplate":"https:\/\/portaleducacao.guarulhos.sp.gov.br\/wp_site\/portalbienal\/?s={search_term_string}"},"query-input":"required name=search_term_string"}],"inLanguage":"pt-BR"},{"@type":"Organization","@id":"https:\/\/portaleducacao.guarulhos.sp.gov.br\/wp_site\/portalbienal\/#organization","name":"Bienal do Livro de Guarulhos - 2024","url":"https:\/\/portaleducacao.guarulhos.sp.gov.br\/wp_site\/portalbienal\/","sameAs":[],"logo":{"@type":"ImageObject","inLanguage":"pt-BR","@id":"https:\/\/portaleducacao.guarulhos.sp.gov.br\/wp_site\/portalbienal\/#\/schema\/logo\/image\/","url":"https:\/\/portaleducacao.guarulhos.sp.gov.br\/wp_site\/portalbienal\/wp-content\/uploads\/sites\/22\/2022\/07\/logo_site.jpg","contentUrl":"https:\/\/portaleducacao.guarulhos.sp.gov.br\/wp_site\/portalbienal\/wp-content\/uploads\/sites\/22\/2022\/07\/logo_site.jpg","width":350,"height":100,"caption":"Bienal do Livro de Guarulhos - 2024"},"image":{"@id":"https:\/\/portaleducacao.guarulhos.sp.gov.br\/wp_site\/portalbienal\/#\/schema\/logo\/image\/"}},{"@type":"Person","@id":"https:\/\/portaleducacao.guarulhos.sp.gov.br\/wp_site\/portalbienal\/#\/schema\/person\/f24570405af7200fec31e52143b1a735","name":"carlamaio","image":{"@type":"ImageObject","inLanguage":"pt-BR","@id":"https:\/\/portaleducacao.guarulhos.sp.gov.br\/wp_site\/portalbienal\/#\/schema\/person\/image\/","url":"https:\/\/secure.gravatar.com\/avatar\/f1d5cb10476871f2a24b60dd8cad309e?s=96&d=mm&r=g","contentUrl":"https:\/\/secure.gravatar.com\/avatar\/f1d5cb10476871f2a24b60dd8cad309e?s=96&d=mm&r=g","caption":"carlamaio"},"url":"https:\/\/portaleducacao.guarulhos.sp.gov.br\/wp_site\/portalbienal\/author\/carlamaio\/"}]}},"_links":{"self":[{"href":"https:\/\/portaleducacao.guarulhos.sp.gov.br\/wp_site\/portalbienal\/wp-json\/wp\/v2\/posts\/2670"}],"collection":[{"href":"https:\/\/portaleducacao.guarulhos.sp.gov.br\/wp_site\/portalbienal\/wp-json\/wp\/v2\/posts"}],"about":[{"href":"https:\/\/portaleducacao.guarulhos.sp.gov.br\/wp_site\/portalbienal\/wp-json\/wp\/v2\/types\/post"}],"author":[{"embeddable":true,"href":"https:\/\/portaleducacao.guarulhos.sp.gov.br\/wp_site\/portalbienal\/wp-json\/wp\/v2\/users\/22"}],"replies":[{"embeddable":true,"href":"https:\/\/portaleducacao.guarulhos.sp.gov.br\/wp_site\/portalbienal\/wp-json\/wp\/v2\/comments?post=2670"}],"version-history":[{"count":3,"href":"https:\/\/portaleducacao.guarulhos.sp.gov.br\/wp_site\/portalbienal\/wp-json\/wp\/v2\/posts\/2670\/revisions"}],"predecessor-version":[{"id":2788,"href":"https:\/\/portaleducacao.guarulhos.sp.gov.br\/wp_site\/portalbienal\/wp-json\/wp\/v2\/posts\/2670\/revisions\/2788"}],"wp:featuredmedia":[{"embeddable":true,"href":"https:\/\/portaleducacao.guarulhos.sp.gov.br\/wp_site\/portalbienal\/wp-json\/wp\/v2\/media\/2674"}],"wp:attachment":[{"href":"https:\/\/portaleducacao.guarulhos.sp.gov.br\/wp_site\/portalbienal\/wp-json\/wp\/v2\/media?parent=2670"}],"wp:term":[{"taxonomy":"category","embeddable":true,"href":"https:\/\/portaleducacao.guarulhos.sp.gov.br\/wp_site\/portalbienal\/wp-json\/wp\/v2\/categories?post=2670"},{"taxonomy":"post_tag","embeddable":true,"href":"https:\/\/portaleducacao.guarulhos.sp.gov.br\/wp_site\/portalbienal\/wp-json\/wp\/v2\/tags?post=2670"}],"curies":[{"name":"wp","href":"https:\/\/api.w.org\/{rel}","templated":true}]}}