{"id":2912,"date":"2022-08-09T21:44:54","date_gmt":"2022-08-10T00:44:54","guid":{"rendered":"https:\/\/portaleducacao.guarulhos.sp.gov.br\/wp_site\/portalbienal\/?p=2912"},"modified":"2024-10-16T11:16:23","modified_gmt":"2024-10-16T14:16:23","slug":"manual-do-mundo-atrai-curiosos-e-fas-para-2a-bienal-do-livro-de-guarulhos","status":"publish","type":"post","link":"https:\/\/portaleducacao.guarulhos.sp.gov.br\/wp_site\/portalbienal\/2022\/08\/09\/manual-do-mundo-atrai-curiosos-e-fas-para-2a-bienal-do-livro-de-guarulhos\/","title":{"rendered":"Manual do Mundo atrai curiosos e f\u00e3s para 2\u00aa Bienal do Livro de Guarulhos"},"content":{"rendered":"\n<p>F\u00e3s e curiosos lotaram o Audit\u00f3rio Azul na noite desta ter\u00e7a-feira (9) para assistir ao bate-papo com o jornalista\u202fIber\u00ea Then\u00f3rio, um dos criadores do website\u202f Manual do Mundo. Em uma conversa bastante descontra\u00edda e cheia de carisma sobre algumas de suas descobertas e inven\u00e7\u00f5es, Iber\u00ea abordou o tema Como estamos conectados \u00e0 Ci\u00eancia?&nbsp;<\/p>\n\n\n\n<p>Iber\u00ea destacou a import\u00e2ncia que a informa\u00e7\u00e3o tem no decorrer da hist\u00f3ria, principalmente neste per\u00edodo de pandemia.&nbsp; De acordo com o youtuber, estudar ci\u00eancia \u00e9 estar sempre no lugar de desconfian\u00e7a, para justamente descobrir o que \u00e9 fato ou fake. \u201cH\u00e1 tr\u00eas coisas que criam verdadeiros escudos contra informa\u00e7\u00f5es malucas que recebemos todos os dias. Ser humilde em reconhecer quando erramos, checar a informa\u00e7\u00e3o que chega at\u00e9 n\u00f3s e ver se os dados estat\u00edsticos fazem sentido. Combater as not\u00edcias falsas e defender a ci\u00eancia \u00e9 uma ferramenta essencial neste processo\u201d, disse.<\/p>\n\n\n\n<p>No per\u00edodo da tarde, a escritora Yve de Oliveira apresentou a palestra Curadoria do futuro \u2013 processos em escrita criativa. Nesse bate-papo, a escritora guarulhense partiu de suas experi\u00eancias para falar sobre o ato de escrever. \u201cSou escriba de mim mesma, a partir da observa\u00e7\u00e3o, de uma cita\u00e7\u00e3o, do que acontece no meu corpo, de situa\u00e7\u00f5es internas e externas, na rela\u00e7\u00e3o com as pessoas, e com aten\u00e7\u00e3o ao detalhamento, da necessidade de deixar claro ao outro aquilo o que voc\u00ea quer dizer e o que voc\u00ea est\u00e1 sentindo\u201d. Em um contexto em que os g\u00eaneros poesia e not\u00edcia se diferenciam amplamente, Yve ressalta a import\u00e2ncia de criar ambienta\u00e7\u00f5es po\u00e9ticas para que o leitor de suas poesias possam mergulhar em um um todo sinest\u00e9sico.&nbsp;<\/p>\n\n\n\n<p>Durante o bate-papo Ditadura em Guarulhos, o jornalista e s\u00f3cio-propriet\u00e1rio do Portal GRU Di\u00e1rio, Wellington Alves, apresentou dados de pesquisa que resultou no livro <em>Os Anos de Chumbo em Guarulhos<\/em>, publicado em 2020, pela Editora Albatroz, com financiamento do Fundo Municipal de Cultura de Guarulhos, o Funcultura.&nbsp;<\/p>\n\n\n\n<p>Wellington apontou nomes relacionados a Guarulhos, dentre os quais o de Olavo Hanssen, irm\u00e3o do jornalista Castelo Hanssen, que teve rela\u00e7\u00e3o com o combate \u00e0 ditadura militar e foi assassinado em decorr\u00eancia de sua milit\u00e2ncia. Al\u00e9m de pessoas, Wellington tratou ainda de entidades e institui\u00e7\u00f5es monitoradas pelo regime, dentre as quais a Faculdade de Direito da FIG, Pastoral Carcer\u00e1ria, Proguaru, Santa Casa de Miseric\u00f3rdia, Associa\u00e7\u00e3o dos Servidores, Comit\u00ea do PCB, Sindicato dos Qu\u00edmicos, entre outras. Diante do acirramento do regime no p\u00f3s AI-5, Wellington falou ainda da deposi\u00e7\u00e3o do ent\u00e3o prefeito Alfredo Nader.\u00a0<\/p>\n\n\n\n<p>No Lounge Conectividade, o jornalista Roberto Samuel, da TBL Comunica\u00e7\u00e3o, recebeu amigos e admiradores para sess\u00e3o de aut\u00f3grafos do livro Artigos de Quint5, lan\u00e7ado em abril. O livro traz uma colet\u00e2nea de textos produzidos pelo autor e, durante a Bienal do Livro de Guarulhos, Roberto Samuel destacou alguns para serem interpretados pelos convidados, no palco do lounge.<\/p>\n\n\n\n<p>Para conhecer a programa\u00e7\u00e3o completa do evento, <strong><em><a href=\"https:\/\/portaleducacao.guarulhos.sp.gov.br\/wp_site\/portalbienal\/2022\/07\/28\/programacao\/\" data-type=\"URL\" data-id=\"https:\/\/portaleducacao.guarulhos.sp.gov.br\/wp_site\/portalbienal\/2022\/07\/28\/programacao\/\" target=\"_blank\" rel=\"noreferrer noopener\">clique aqui<\/a><\/em><\/strong> e acompanhe o perfil <strong><em><a href=\"https:\/\/www.instagram.com\/bienaldolivrogru\/\" data-type=\"URL\" data-id=\"https:\/\/www.instagram.com\/bienaldolivrogru\/\" target=\"_blank\" rel=\"noreferrer noopener\">@bienaldolivrogru<\/a><\/em><\/strong> no Instagram.<\/p>\n\n\n\n<p>A 2\u00aa Bienal do Livro de Guarulhos vai at\u00e9 14 de agosto, de segunda a s\u00e1bado, das 10h \u00e0s 22h, e domingo, das 10h \u00e0s 20h, no Internacional Eventos, na avenida Jo\u00e3o Cavalari, 133, Vila Herm\u00ednia.<\/p>\n","protected":false},"excerpt":{"rendered":"<p>F\u00e3s e curiosos lotaram o Audit\u00f3rio Azul na noite desta ter\u00e7a-feira (9) para assistir ao bate-papo com o jornalista\u202fIber\u00ea Then\u00f3rio, um dos criadores do website\u202f Manual do Mundo. Em uma &hellip;<\/p>\n<p class=\"read-more\"> <a class=\"\" href=\"https:\/\/portaleducacao.guarulhos.sp.gov.br\/wp_site\/portalbienal\/2022\/08\/09\/manual-do-mundo-atrai-curiosos-e-fas-para-2a-bienal-do-livro-de-guarulhos\/\"> <span class=\"screen-reader-text\">Manual do Mundo atrai curiosos e f\u00e3s para 2\u00aa Bienal do Livro de Guarulhos<\/span> Leia mais &raquo;<\/a><\/p>\n","protected":false},"author":22,"featured_media":2913,"comment_status":"open","ping_status":"open","sticky":true,"template":"","format":"standard","meta":{"_monsterinsights_skip_tracking":false,"_monsterinsights_sitenote_active":false,"_monsterinsights_sitenote_note":"","_monsterinsights_sitenote_category":0,"site-sidebar-layout":"default","site-content-layout":"default","ast-global-header-display":"","ast-main-header-display":"","ast-hfb-above-header-display":"","ast-hfb-below-header-display":"","ast-hfb-mobile-header-display":"","site-post-title":"","ast-breadcrumbs-content":"","ast-featured-img":"","footer-sml-layout":"","theme-transparent-header-meta":"","adv-header-id-meta":"","stick-header-meta":"","header-above-stick-meta":"","header-main-stick-meta":"","header-below-stick-meta":"","_expiration-date-status":"","_expiration-date":0,"_expiration-date-type":"","_expiration-date-categories":[],"_expiration-date-options":[]},"categories":[42,46,49,1],"tags":[],"yoast_head":"<!-- This site is optimized with the Yoast SEO plugin v19.7.1 - https:\/\/yoast.com\/wordpress\/plugins\/seo\/ -->\r\n<title>Manual do Mundo atrai curiosos e f\u00e3s para 2\u00aa Bienal do Livro de Guarulhos - Bienal do Livro de Guarulhos - 2024<\/title>\r\n<meta name=\"robots\" content=\"index, follow, max-snippet:-1, max-image-preview:large, max-video-preview:-1\" \/>\r\n<link rel=\"canonical\" href=\"https:\/\/portaleducacao.guarulhos.sp.gov.br\/wp_site\/portalbienal\/2022\/08\/09\/manual-do-mundo-atrai-curiosos-e-fas-para-2a-bienal-do-livro-de-guarulhos\/\" \/>\r\n<meta property=\"og:locale\" content=\"pt_BR\" \/>\r\n<meta property=\"og:type\" content=\"article\" \/>\r\n<meta property=\"og:title\" content=\"Manual do Mundo atrai curiosos e f\u00e3s para 2\u00aa Bienal do Livro de Guarulhos - Bienal do Livro de Guarulhos - 2024\" \/>\r\n<meta property=\"og:description\" content=\"F\u00e3s e curiosos lotaram o Audit\u00f3rio Azul na noite desta ter\u00e7a-feira (9) para assistir ao bate-papo com o jornalista\u202fIber\u00ea Then\u00f3rio, um dos criadores do website\u202f Manual do Mundo. Em uma &hellip; Manual do Mundo atrai curiosos e f\u00e3s para 2\u00aa Bienal do Livro de Guarulhos Leia mais &raquo;\" \/>\r\n<meta property=\"og:url\" content=\"https:\/\/portaleducacao.guarulhos.sp.gov.br\/wp_site\/portalbienal\/2022\/08\/09\/manual-do-mundo-atrai-curiosos-e-fas-para-2a-bienal-do-livro-de-guarulhos\/\" \/>\r\n<meta property=\"og:site_name\" content=\"Bienal do Livro de Guarulhos - 2024\" \/>\r\n<meta property=\"article:published_time\" content=\"2022-08-10T00:44:54+00:00\" \/>\r\n<meta property=\"article:modified_time\" content=\"2024-10-16T14:16:23+00:00\" \/>\r\n<meta property=\"og:image\" content=\"http:\/\/portaleducacao.guarulhos.sp.gov.br\/wp_site\/portalbienal\/wp-content\/uploads\/sites\/22\/2022\/08\/Manual-do-Mundo-Gezer-Amorim-2.jpg\" \/>\r\n\t<meta property=\"og:image:width\" content=\"1344\" \/>\r\n\t<meta property=\"og:image:height\" content=\"896\" \/>\r\n\t<meta property=\"og:image:type\" content=\"image\/jpeg\" \/>\r\n<meta name=\"author\" content=\"carlamaio\" \/>\r\n<meta name=\"twitter:card\" content=\"summary_large_image\" \/>\r\n<meta name=\"twitter:label1\" content=\"Escrito por\" \/>\n\t<meta name=\"twitter:data1\" content=\"carlamaio\" \/>\n\t<meta name=\"twitter:label2\" content=\"Est. tempo de leitura\" \/>\n\t<meta name=\"twitter:data2\" content=\"3 minutos\" \/>\r\n<script type=\"application\/ld+json\" class=\"yoast-schema-graph\">{\"@context\":\"https:\/\/schema.org\",\"@graph\":[{\"@type\":\"Article\",\"@id\":\"https:\/\/portaleducacao.guarulhos.sp.gov.br\/wp_site\/portalbienal\/2022\/08\/09\/manual-do-mundo-atrai-curiosos-e-fas-para-2a-bienal-do-livro-de-guarulhos\/#article\",\"isPartOf\":{\"@id\":\"https:\/\/portaleducacao.guarulhos.sp.gov.br\/wp_site\/portalbienal\/2022\/08\/09\/manual-do-mundo-atrai-curiosos-e-fas-para-2a-bienal-do-livro-de-guarulhos\/\"},\"author\":{\"name\":\"carlamaio\",\"@id\":\"https:\/\/portaleducacao.guarulhos.sp.gov.br\/wp_site\/portalbienal\/#\/schema\/person\/f24570405af7200fec31e52143b1a735\"},\"headline\":\"Manual do Mundo atrai curiosos e f\u00e3s para 2\u00aa Bienal do Livro de Guarulhos\",\"datePublished\":\"2022-08-10T00:44:54+00:00\",\"dateModified\":\"2024-10-16T14:16:23+00:00\",\"mainEntityOfPage\":{\"@id\":\"https:\/\/portaleducacao.guarulhos.sp.gov.br\/wp_site\/portalbienal\/2022\/08\/09\/manual-do-mundo-atrai-curiosos-e-fas-para-2a-bienal-do-livro-de-guarulhos\/\"},\"wordCount\":599,\"commentCount\":0,\"publisher\":{\"@id\":\"https:\/\/portaleducacao.guarulhos.sp.gov.br\/wp_site\/portalbienal\/#organization\"},\"articleSection\":[\"Bienal 2023\",\"bienalNoticias\",\"bienal_22\"],\"inLanguage\":\"pt-BR\",\"potentialAction\":[{\"@type\":\"CommentAction\",\"name\":\"Comment\",\"target\":[\"https:\/\/portaleducacao.guarulhos.sp.gov.br\/wp_site\/portalbienal\/2022\/08\/09\/manual-do-mundo-atrai-curiosos-e-fas-para-2a-bienal-do-livro-de-guarulhos\/#respond\"]}]},{\"@type\":\"WebPage\",\"@id\":\"https:\/\/portaleducacao.guarulhos.sp.gov.br\/wp_site\/portalbienal\/2022\/08\/09\/manual-do-mundo-atrai-curiosos-e-fas-para-2a-bienal-do-livro-de-guarulhos\/\",\"url\":\"https:\/\/portaleducacao.guarulhos.sp.gov.br\/wp_site\/portalbienal\/2022\/08\/09\/manual-do-mundo-atrai-curiosos-e-fas-para-2a-bienal-do-livro-de-guarulhos\/\",\"name\":\"Manual do Mundo atrai curiosos e f\u00e3s para 2\u00aa Bienal do Livro de Guarulhos - Bienal do Livro de Guarulhos - 2024\",\"isPartOf\":{\"@id\":\"https:\/\/portaleducacao.guarulhos.sp.gov.br\/wp_site\/portalbienal\/#website\"},\"datePublished\":\"2022-08-10T00:44:54+00:00\",\"dateModified\":\"2024-10-16T14:16:23+00:00\",\"breadcrumb\":{\"@id\":\"https:\/\/portaleducacao.guarulhos.sp.gov.br\/wp_site\/portalbienal\/2022\/08\/09\/manual-do-mundo-atrai-curiosos-e-fas-para-2a-bienal-do-livro-de-guarulhos\/#breadcrumb\"},\"inLanguage\":\"pt-BR\",\"potentialAction\":[{\"@type\":\"ReadAction\",\"target\":[\"https:\/\/portaleducacao.guarulhos.sp.gov.br\/wp_site\/portalbienal\/2022\/08\/09\/manual-do-mundo-atrai-curiosos-e-fas-para-2a-bienal-do-livro-de-guarulhos\/\"]}]},{\"@type\":\"BreadcrumbList\",\"@id\":\"https:\/\/portaleducacao.guarulhos.sp.gov.br\/wp_site\/portalbienal\/2022\/08\/09\/manual-do-mundo-atrai-curiosos-e-fas-para-2a-bienal-do-livro-de-guarulhos\/#breadcrumb\",\"itemListElement\":[{\"@type\":\"ListItem\",\"position\":1,\"name\":\"In\u00edcio\",\"item\":\"https:\/\/portaleducacao.guarulhos.sp.gov.br\/wp_site\/portalbienal\/\"},{\"@type\":\"ListItem\",\"position\":2,\"name\":\"Manual do Mundo atrai curiosos e f\u00e3s para 2\u00aa Bienal do Livro de Guarulhos\"}]},{\"@type\":\"WebSite\",\"@id\":\"https:\/\/portaleducacao.guarulhos.sp.gov.br\/wp_site\/portalbienal\/#website\",\"url\":\"https:\/\/portaleducacao.guarulhos.sp.gov.br\/wp_site\/portalbienal\/\",\"name\":\"Bienal do Livro de Guarulhos - 2024\",\"description\":\"Secretaria de Educa\u00e7\u00e3o - Prefeitura de Guarulhos\",\"publisher\":{\"@id\":\"https:\/\/portaleducacao.guarulhos.sp.gov.br\/wp_site\/portalbienal\/#organization\"},\"potentialAction\":[{\"@type\":\"SearchAction\",\"target\":{\"@type\":\"EntryPoint\",\"urlTemplate\":\"https:\/\/portaleducacao.guarulhos.sp.gov.br\/wp_site\/portalbienal\/?s={search_term_string}\"},\"query-input\":\"required name=search_term_string\"}],\"inLanguage\":\"pt-BR\"},{\"@type\":\"Organization\",\"@id\":\"https:\/\/portaleducacao.guarulhos.sp.gov.br\/wp_site\/portalbienal\/#organization\",\"name\":\"Bienal do Livro de Guarulhos - 2024\",\"url\":\"https:\/\/portaleducacao.guarulhos.sp.gov.br\/wp_site\/portalbienal\/\",\"sameAs\":[],\"logo\":{\"@type\":\"ImageObject\",\"inLanguage\":\"pt-BR\",\"@id\":\"https:\/\/portaleducacao.guarulhos.sp.gov.br\/wp_site\/portalbienal\/#\/schema\/logo\/image\/\",\"url\":\"https:\/\/portaleducacao.guarulhos.sp.gov.br\/wp_site\/portalbienal\/wp-content\/uploads\/sites\/22\/2022\/07\/logo_site.jpg\",\"contentUrl\":\"https:\/\/portaleducacao.guarulhos.sp.gov.br\/wp_site\/portalbienal\/wp-content\/uploads\/sites\/22\/2022\/07\/logo_site.jpg\",\"width\":350,\"height\":100,\"caption\":\"Bienal do Livro de Guarulhos - 2024\"},\"image\":{\"@id\":\"https:\/\/portaleducacao.guarulhos.sp.gov.br\/wp_site\/portalbienal\/#\/schema\/logo\/image\/\"}},{\"@type\":\"Person\",\"@id\":\"https:\/\/portaleducacao.guarulhos.sp.gov.br\/wp_site\/portalbienal\/#\/schema\/person\/f24570405af7200fec31e52143b1a735\",\"name\":\"carlamaio\",\"image\":{\"@type\":\"ImageObject\",\"inLanguage\":\"pt-BR\",\"@id\":\"https:\/\/portaleducacao.guarulhos.sp.gov.br\/wp_site\/portalbienal\/#\/schema\/person\/image\/\",\"url\":\"https:\/\/secure.gravatar.com\/avatar\/f1d5cb10476871f2a24b60dd8cad309e?s=96&d=mm&r=g\",\"contentUrl\":\"https:\/\/secure.gravatar.com\/avatar\/f1d5cb10476871f2a24b60dd8cad309e?s=96&d=mm&r=g\",\"caption\":\"carlamaio\"},\"url\":\"https:\/\/portaleducacao.guarulhos.sp.gov.br\/wp_site\/portalbienal\/author\/carlamaio\/\"}]}<\/script>\r\n<!-- \/ Yoast SEO plugin. -->","yoast_head_json":{"title":"Manual do Mundo atrai curiosos e f\u00e3s para 2\u00aa Bienal do Livro de Guarulhos - Bienal do Livro de Guarulhos - 2024","robots":{"index":"index","follow":"follow","max-snippet":"max-snippet:-1","max-image-preview":"max-image-preview:large","max-video-preview":"max-video-preview:-1"},"canonical":"https:\/\/portaleducacao.guarulhos.sp.gov.br\/wp_site\/portalbienal\/2022\/08\/09\/manual-do-mundo-atrai-curiosos-e-fas-para-2a-bienal-do-livro-de-guarulhos\/","og_locale":"pt_BR","og_type":"article","og_title":"Manual do Mundo atrai curiosos e f\u00e3s para 2\u00aa Bienal do Livro de Guarulhos - Bienal do Livro de Guarulhos - 2024","og_description":"F\u00e3s e curiosos lotaram o Audit\u00f3rio Azul na noite desta ter\u00e7a-feira (9) para assistir ao bate-papo com o jornalista\u202fIber\u00ea Then\u00f3rio, um dos criadores do website\u202f Manual do Mundo. Em uma &hellip; Manual do Mundo atrai curiosos e f\u00e3s para 2\u00aa Bienal do Livro de Guarulhos Leia mais &raquo;","og_url":"https:\/\/portaleducacao.guarulhos.sp.gov.br\/wp_site\/portalbienal\/2022\/08\/09\/manual-do-mundo-atrai-curiosos-e-fas-para-2a-bienal-do-livro-de-guarulhos\/","og_site_name":"Bienal do Livro de Guarulhos - 2024","article_published_time":"2022-08-10T00:44:54+00:00","article_modified_time":"2024-10-16T14:16:23+00:00","og_image":[{"width":1344,"height":896,"url":"http:\/\/portaleducacao.guarulhos.sp.gov.br\/wp_site\/portalbienal\/wp-content\/uploads\/sites\/22\/2022\/08\/Manual-do-Mundo-Gezer-Amorim-2.jpg","type":"image\/jpeg"}],"author":"carlamaio","twitter_card":"summary_large_image","twitter_misc":{"Escrito por":"carlamaio","Est. tempo de leitura":"3 minutos"},"schema":{"@context":"https:\/\/schema.org","@graph":[{"@type":"Article","@id":"https:\/\/portaleducacao.guarulhos.sp.gov.br\/wp_site\/portalbienal\/2022\/08\/09\/manual-do-mundo-atrai-curiosos-e-fas-para-2a-bienal-do-livro-de-guarulhos\/#article","isPartOf":{"@id":"https:\/\/portaleducacao.guarulhos.sp.gov.br\/wp_site\/portalbienal\/2022\/08\/09\/manual-do-mundo-atrai-curiosos-e-fas-para-2a-bienal-do-livro-de-guarulhos\/"},"author":{"name":"carlamaio","@id":"https:\/\/portaleducacao.guarulhos.sp.gov.br\/wp_site\/portalbienal\/#\/schema\/person\/f24570405af7200fec31e52143b1a735"},"headline":"Manual do Mundo atrai curiosos e f\u00e3s para 2\u00aa Bienal do Livro de Guarulhos","datePublished":"2022-08-10T00:44:54+00:00","dateModified":"2024-10-16T14:16:23+00:00","mainEntityOfPage":{"@id":"https:\/\/portaleducacao.guarulhos.sp.gov.br\/wp_site\/portalbienal\/2022\/08\/09\/manual-do-mundo-atrai-curiosos-e-fas-para-2a-bienal-do-livro-de-guarulhos\/"},"wordCount":599,"commentCount":0,"publisher":{"@id":"https:\/\/portaleducacao.guarulhos.sp.gov.br\/wp_site\/portalbienal\/#organization"},"articleSection":["Bienal 2023","bienalNoticias","bienal_22"],"inLanguage":"pt-BR","potentialAction":[{"@type":"CommentAction","name":"Comment","target":["https:\/\/portaleducacao.guarulhos.sp.gov.br\/wp_site\/portalbienal\/2022\/08\/09\/manual-do-mundo-atrai-curiosos-e-fas-para-2a-bienal-do-livro-de-guarulhos\/#respond"]}]},{"@type":"WebPage","@id":"https:\/\/portaleducacao.guarulhos.sp.gov.br\/wp_site\/portalbienal\/2022\/08\/09\/manual-do-mundo-atrai-curiosos-e-fas-para-2a-bienal-do-livro-de-guarulhos\/","url":"https:\/\/portaleducacao.guarulhos.sp.gov.br\/wp_site\/portalbienal\/2022\/08\/09\/manual-do-mundo-atrai-curiosos-e-fas-para-2a-bienal-do-livro-de-guarulhos\/","name":"Manual do Mundo atrai curiosos e f\u00e3s para 2\u00aa Bienal do Livro de Guarulhos - Bienal do Livro de Guarulhos - 2024","isPartOf":{"@id":"https:\/\/portaleducacao.guarulhos.sp.gov.br\/wp_site\/portalbienal\/#website"},"datePublished":"2022-08-10T00:44:54+00:00","dateModified":"2024-10-16T14:16:23+00:00","breadcrumb":{"@id":"https:\/\/portaleducacao.guarulhos.sp.gov.br\/wp_site\/portalbienal\/2022\/08\/09\/manual-do-mundo-atrai-curiosos-e-fas-para-2a-bienal-do-livro-de-guarulhos\/#breadcrumb"},"inLanguage":"pt-BR","potentialAction":[{"@type":"ReadAction","target":["https:\/\/portaleducacao.guarulhos.sp.gov.br\/wp_site\/portalbienal\/2022\/08\/09\/manual-do-mundo-atrai-curiosos-e-fas-para-2a-bienal-do-livro-de-guarulhos\/"]}]},{"@type":"BreadcrumbList","@id":"https:\/\/portaleducacao.guarulhos.sp.gov.br\/wp_site\/portalbienal\/2022\/08\/09\/manual-do-mundo-atrai-curiosos-e-fas-para-2a-bienal-do-livro-de-guarulhos\/#breadcrumb","itemListElement":[{"@type":"ListItem","position":1,"name":"In\u00edcio","item":"https:\/\/portaleducacao.guarulhos.sp.gov.br\/wp_site\/portalbienal\/"},{"@type":"ListItem","position":2,"name":"Manual do Mundo atrai curiosos e f\u00e3s para 2\u00aa Bienal do Livro de Guarulhos"}]},{"@type":"WebSite","@id":"https:\/\/portaleducacao.guarulhos.sp.gov.br\/wp_site\/portalbienal\/#website","url":"https:\/\/portaleducacao.guarulhos.sp.gov.br\/wp_site\/portalbienal\/","name":"Bienal do Livro de Guarulhos - 2024","description":"Secretaria de Educa\u00e7\u00e3o - Prefeitura de Guarulhos","publisher":{"@id":"https:\/\/portaleducacao.guarulhos.sp.gov.br\/wp_site\/portalbienal\/#organization"},"potentialAction":[{"@type":"SearchAction","target":{"@type":"EntryPoint","urlTemplate":"https:\/\/portaleducacao.guarulhos.sp.gov.br\/wp_site\/portalbienal\/?s={search_term_string}"},"query-input":"required name=search_term_string"}],"inLanguage":"pt-BR"},{"@type":"Organization","@id":"https:\/\/portaleducacao.guarulhos.sp.gov.br\/wp_site\/portalbienal\/#organization","name":"Bienal do Livro de Guarulhos - 2024","url":"https:\/\/portaleducacao.guarulhos.sp.gov.br\/wp_site\/portalbienal\/","sameAs":[],"logo":{"@type":"ImageObject","inLanguage":"pt-BR","@id":"https:\/\/portaleducacao.guarulhos.sp.gov.br\/wp_site\/portalbienal\/#\/schema\/logo\/image\/","url":"https:\/\/portaleducacao.guarulhos.sp.gov.br\/wp_site\/portalbienal\/wp-content\/uploads\/sites\/22\/2022\/07\/logo_site.jpg","contentUrl":"https:\/\/portaleducacao.guarulhos.sp.gov.br\/wp_site\/portalbienal\/wp-content\/uploads\/sites\/22\/2022\/07\/logo_site.jpg","width":350,"height":100,"caption":"Bienal do Livro de Guarulhos - 2024"},"image":{"@id":"https:\/\/portaleducacao.guarulhos.sp.gov.br\/wp_site\/portalbienal\/#\/schema\/logo\/image\/"}},{"@type":"Person","@id":"https:\/\/portaleducacao.guarulhos.sp.gov.br\/wp_site\/portalbienal\/#\/schema\/person\/f24570405af7200fec31e52143b1a735","name":"carlamaio","image":{"@type":"ImageObject","inLanguage":"pt-BR","@id":"https:\/\/portaleducacao.guarulhos.sp.gov.br\/wp_site\/portalbienal\/#\/schema\/person\/image\/","url":"https:\/\/secure.gravatar.com\/avatar\/f1d5cb10476871f2a24b60dd8cad309e?s=96&d=mm&r=g","contentUrl":"https:\/\/secure.gravatar.com\/avatar\/f1d5cb10476871f2a24b60dd8cad309e?s=96&d=mm&r=g","caption":"carlamaio"},"url":"https:\/\/portaleducacao.guarulhos.sp.gov.br\/wp_site\/portalbienal\/author\/carlamaio\/"}]}},"_links":{"self":[{"href":"https:\/\/portaleducacao.guarulhos.sp.gov.br\/wp_site\/portalbienal\/wp-json\/wp\/v2\/posts\/2912"}],"collection":[{"href":"https:\/\/portaleducacao.guarulhos.sp.gov.br\/wp_site\/portalbienal\/wp-json\/wp\/v2\/posts"}],"about":[{"href":"https:\/\/portaleducacao.guarulhos.sp.gov.br\/wp_site\/portalbienal\/wp-json\/wp\/v2\/types\/post"}],"author":[{"embeddable":true,"href":"https:\/\/portaleducacao.guarulhos.sp.gov.br\/wp_site\/portalbienal\/wp-json\/wp\/v2\/users\/22"}],"replies":[{"embeddable":true,"href":"https:\/\/portaleducacao.guarulhos.sp.gov.br\/wp_site\/portalbienal\/wp-json\/wp\/v2\/comments?post=2912"}],"version-history":[{"count":2,"href":"https:\/\/portaleducacao.guarulhos.sp.gov.br\/wp_site\/portalbienal\/wp-json\/wp\/v2\/posts\/2912\/revisions"}],"predecessor-version":[{"id":2923,"href":"https:\/\/portaleducacao.guarulhos.sp.gov.br\/wp_site\/portalbienal\/wp-json\/wp\/v2\/posts\/2912\/revisions\/2923"}],"wp:featuredmedia":[{"embeddable":true,"href":"https:\/\/portaleducacao.guarulhos.sp.gov.br\/wp_site\/portalbienal\/wp-json\/wp\/v2\/media\/2913"}],"wp:attachment":[{"href":"https:\/\/portaleducacao.guarulhos.sp.gov.br\/wp_site\/portalbienal\/wp-json\/wp\/v2\/media?parent=2912"}],"wp:term":[{"taxonomy":"category","embeddable":true,"href":"https:\/\/portaleducacao.guarulhos.sp.gov.br\/wp_site\/portalbienal\/wp-json\/wp\/v2\/categories?post=2912"},{"taxonomy":"post_tag","embeddable":true,"href":"https:\/\/portaleducacao.guarulhos.sp.gov.br\/wp_site\/portalbienal\/wp-json\/wp\/v2\/tags?post=2912"}],"curies":[{"name":"wp","href":"https:\/\/api.w.org\/{rel}","templated":true}]}}