{"id":2948,"date":"2022-08-10T21:57:35","date_gmt":"2022-08-11T00:57:35","guid":{"rendered":"https:\/\/portaleducacao.guarulhos.sp.gov.br\/wp_site\/portalbienal\/?p=2948"},"modified":"2024-10-16T14:21:59","modified_gmt":"2024-10-16T17:21:59","slug":"rodrigo-franca-fala-sobre-respeito-e-importancia-da-ancestralidade-na-2a-bienal-do-livro-de-guarulhos","status":"publish","type":"post","link":"https:\/\/portaleducacao.guarulhos.sp.gov.br\/wp_site\/portalbienal\/2022\/08\/10\/rodrigo-franca-fala-sobre-respeito-e-importancia-da-ancestralidade-na-2a-bienal-do-livro-de-guarulhos\/","title":{"rendered":"Rodrigo Fran\u00e7a fala sobre respeito e import\u00e2ncia da ancestralidade na 2\u00aa Bienal do Livro de Guarulhos"},"content":{"rendered":"\n<p>Se do lado de fora da 2\u00aa Bienal do Livro de Guarulhos o vento batia forte na noite da \u00faltima quarta-feira (10), do lado de dentro o p\u00fablico encheu de calor o Audit\u00f3rio Azul durante o bate-papo com o articulador cultural, ator, diretor, dramaturgo, cineasta, escritor e artista pl\u00e1stico Rodrigo Fran\u00e7a. Interrompido constantemente por aplausos a cada fala assertiva, Rodrigo abordou novas narrativas sobre respeito e import\u00e2ncia do conhecimento sobre sua ancestralidade.<\/p>\n\n\n\n<p>Fil\u00f3sofo pol\u00edtico e jur\u00eddico, Rodrigo atua como pesquisador, consultor e professor de direitos humanos fundamentais. \u00c9 ativista pelos direitos civis, sociais e pol\u00edticos da popula\u00e7\u00e3o negra no Brasil. Satisfeito por fazer parte de uma fam\u00edlia que compreende o recorte racial do Brasil, ele procura usar todo o conhecimento adquirido ao logo de sua carreira&nbsp; para melhorar os que vivem ao seu redor.<\/p>\n\n\n\n<p>\u201cViajei a Benin, na \u00c1frica Ocidental, com minha m\u00e3e justamente para ter uma concep\u00e7\u00e3o de arte, filosofia e sentido real da religi\u00e3o. Resolvi sair da teoria e verdadeiramente me coloquei como algu\u00e9m que quer melhorar o espa\u00e7o onde vivo. Meu olhar \u00e9 coletivo, tenho como miss\u00e3o melhorar o espa\u00e7o em que todos vivemos\u201d, disse.<\/p>\n\n\n\n<p>No Audit\u00f3rio Amarelo, o escritor de literatura infantil e coordenador pedag\u00f3gico F\u00e1bio Monteiro fez bate-papo e conta\u00e7\u00e3o de hist\u00f3rias para jovens e adultos com o tema <em>Ler a si, ler o outro, ler o mundo: leituras na escola<\/em>. Durante o encontro, o escritor pernambucano conectou suas mem\u00f3rias e hist\u00f3rias de inf\u00e2ncia, as brincadeiras com seus irm\u00e3os e conv\u00edvio com os pais, o ch\u00e3o vermelho-cinza de sua casa e o quatro sem teto, e trouxe para os participantes experi\u00eancias compartilhadas por meio da hist\u00f3ria Sert\u00e3o, da editora Paulinas, obra que conquistou o Selo Altamente Recomend\u00e1vel da biblioteca de Objetivos de Desenvolvimento Sustent\u00e1vel da ONU.&nbsp;<\/p>\n\n\n\n<p>Tiago Guerra, mestre em Hist\u00f3ria Social e Educa\u00e7\u00e3o, pesquisador e historiador de Guarulhos, e diretor-adjunto da AAPAH apresentou a obra Guarulhos \u2013 olhares sobre trabalho e cotidiano, escrito em parceria com o historiador Ivan Canoletto, falou sobre a escolha do conceito de trabalho como categoria de an\u00e1lise para revisitar a hist\u00f3ria de Guarulhos.<\/p>\n\n\n\n<p>Ao longo de todo o dia, durante a visita\u00e7\u00e3o escolar, estudantes das redes municipal, estadual e particular assistiram ao espet\u00e1culo musical <em>F\u00e1bulas de La Fontaine<\/em>. A apresenta\u00e7\u00e3o reuniu diversas narrativas curtas sobre valiosos ensinamentos de vida para as crian\u00e7as de forma l\u00fadica e criativa, como a hist\u00f3ria <em>A Galinha dos ovos de ouro<\/em>, <em>O lobo e o cordeiro<\/em>, entre outros cl\u00e1ssicos da literatura cl\u00e1ssica infantil. Os personagens trouxeram reflex\u00f5es relacionadas \u00e0s a\u00e7\u00f5es do dia a dia presentes nas rela\u00e7\u00f5es humanas, dentre elas momentos de avareza, generosidade e pregui\u00e7a.&nbsp;<\/p>\n\n\n\n<p>O musical <em>F\u00e1bulas de La Fontaine<\/em> segue na programa\u00e7\u00e3o da 2\u00aa Bienal do Livro de Guarulhos at\u00e9 o pr\u00f3ximo s\u00e1bado (13), no Audit\u00f3rio Azul. Aberta ao p\u00fablico, a \u00faltima apresenta\u00e7\u00e3o acontece \u00e0s 16h, e a inscri\u00e7\u00e3o \u00e9 gratuita pelo site <a href=\"https:\/\/portaleducacao.guarulhos.sp.gov.br\/wp_site\/portalbienal\/\">https:\/\/portaleducacao.guarulhos.sp.gov.br\/wp_site\/portalbienal\/<\/a>.<\/p>\n\n\n\n<p>Para conhecer a programa\u00e7\u00e3o completa do evento,&nbsp;<strong><em><a href=\"https:\/\/portaleducacao.guarulhos.sp.gov.br\/wp_site\/portalbienal\/2022\/07\/28\/programacao\/\" target=\"_blank\" rel=\"noreferrer noopener\">clique aqui<\/a><\/em><\/strong>&nbsp;e acompanhe o perfil&nbsp;<strong><em><a href=\"https:\/\/www.instagram.com\/bienaldolivrogru\/\" target=\"_blank\" rel=\"noreferrer noopener\">@bienaldolivrogru<\/a><\/em><\/strong>&nbsp;no Instagram.<\/p>\n\n\n\n<p>A 2\u00aa Bienal do Livro de Guarulhos vai at\u00e9 14 de agosto, de segunda a s\u00e1bado, das 10h \u00e0s 22h, e domingo, das 10h \u00e0s 20h, no Internacional Eventos, na avenida Jo\u00e3o Cavalari, 133, Vila Herm\u00ednia.<\/p>\n\n\n\n<p>Assessoria de imprensa: Secretaria de Educa\u00e7\u00e3o<\/p>\n\n\n\n<p>Data: 10 de agosto de 2022<\/p>\n","protected":false},"excerpt":{"rendered":"<p>Se do lado de fora da 2\u00aa Bienal do Livro de Guarulhos o vento batia forte na noite da \u00faltima quarta-feira (10), do lado de dentro o p\u00fablico encheu de &hellip;<\/p>\n<p class=\"read-more\"> <a class=\"\" href=\"https:\/\/portaleducacao.guarulhos.sp.gov.br\/wp_site\/portalbienal\/2022\/08\/10\/rodrigo-franca-fala-sobre-respeito-e-importancia-da-ancestralidade-na-2a-bienal-do-livro-de-guarulhos\/\"> <span class=\"screen-reader-text\">Rodrigo Fran\u00e7a fala sobre respeito e import\u00e2ncia da ancestralidade na 2\u00aa Bienal do Livro de Guarulhos<\/span> Leia mais &raquo;<\/a><\/p>\n","protected":false},"author":22,"featured_media":2949,"comment_status":"open","ping_status":"open","sticky":true,"template":"","format":"standard","meta":{"_monsterinsights_skip_tracking":false,"_monsterinsights_sitenote_active":false,"_monsterinsights_sitenote_note":"","_monsterinsights_sitenote_category":0,"site-sidebar-layout":"default","site-content-layout":"default","ast-global-header-display":"","ast-main-header-display":"","ast-hfb-above-header-display":"","ast-hfb-below-header-display":"","ast-hfb-mobile-header-display":"","site-post-title":"","ast-breadcrumbs-content":"","ast-featured-img":"","footer-sml-layout":"","theme-transparent-header-meta":"","adv-header-id-meta":"","stick-header-meta":"","header-above-stick-meta":"","header-main-stick-meta":"","header-below-stick-meta":"","_expiration-date-status":"","_expiration-date":1729704098,"_expiration-date-type":"draft","_expiration-date-categories":[],"_expiration-date-options":[]},"categories":[49],"tags":[],"yoast_head":"<!-- This site is optimized with the Yoast SEO plugin v19.7.1 - https:\/\/yoast.com\/wordpress\/plugins\/seo\/ -->\r\n<title>Rodrigo Fran\u00e7a fala sobre respeito e import\u00e2ncia da ancestralidade na 2\u00aa Bienal do Livro de Guarulhos - Bienal do Livro de Guarulhos - 2024<\/title>\r\n<meta name=\"robots\" content=\"index, follow, max-snippet:-1, max-image-preview:large, max-video-preview:-1\" \/>\r\n<link rel=\"canonical\" href=\"https:\/\/portaleducacao.guarulhos.sp.gov.br\/wp_site\/portalbienal\/2022\/08\/10\/rodrigo-franca-fala-sobre-respeito-e-importancia-da-ancestralidade-na-2a-bienal-do-livro-de-guarulhos\/\" \/>\r\n<meta property=\"og:locale\" content=\"pt_BR\" \/>\r\n<meta property=\"og:type\" content=\"article\" \/>\r\n<meta property=\"og:title\" content=\"Rodrigo Fran\u00e7a fala sobre respeito e import\u00e2ncia da ancestralidade na 2\u00aa Bienal do Livro de Guarulhos - Bienal do Livro de Guarulhos - 2024\" \/>\r\n<meta property=\"og:description\" content=\"Se do lado de fora da 2\u00aa Bienal do Livro de Guarulhos o vento batia forte na noite da \u00faltima quarta-feira (10), do lado de dentro o p\u00fablico encheu de &hellip; Rodrigo Fran\u00e7a fala sobre respeito e import\u00e2ncia da ancestralidade na 2\u00aa Bienal do Livro de Guarulhos Leia mais &raquo;\" \/>\r\n<meta property=\"og:url\" content=\"https:\/\/portaleducacao.guarulhos.sp.gov.br\/wp_site\/portalbienal\/2022\/08\/10\/rodrigo-franca-fala-sobre-respeito-e-importancia-da-ancestralidade-na-2a-bienal-do-livro-de-guarulhos\/\" \/>\r\n<meta property=\"og:site_name\" content=\"Bienal do Livro de Guarulhos - 2024\" \/>\r\n<meta property=\"article:published_time\" content=\"2022-08-11T00:57:35+00:00\" \/>\r\n<meta property=\"article:modified_time\" content=\"2024-10-16T17:21:59+00:00\" \/>\r\n<meta property=\"og:image\" content=\"http:\/\/portaleducacao.guarulhos.sp.gov.br\/wp_site\/portalbienal\/wp-content\/uploads\/sites\/22\/2022\/08\/WhatsApp-Image-2022-08-10-at-21.55.48.jpeg\" \/>\r\n\t<meta property=\"og:image:width\" content=\"1280\" \/>\r\n\t<meta property=\"og:image:height\" content=\"853\" \/>\r\n\t<meta property=\"og:image:type\" content=\"image\/jpeg\" \/>\r\n<meta name=\"author\" content=\"carlamaio\" \/>\r\n<meta name=\"twitter:card\" content=\"summary_large_image\" \/>\r\n<meta name=\"twitter:label1\" content=\"Escrito por\" \/>\n\t<meta name=\"twitter:data1\" content=\"carlamaio\" \/>\n\t<meta name=\"twitter:label2\" content=\"Est. tempo de leitura\" \/>\n\t<meta name=\"twitter:data2\" content=\"3 minutos\" \/>\r\n<script type=\"application\/ld+json\" class=\"yoast-schema-graph\">{\"@context\":\"https:\/\/schema.org\",\"@graph\":[{\"@type\":\"Article\",\"@id\":\"https:\/\/portaleducacao.guarulhos.sp.gov.br\/wp_site\/portalbienal\/2022\/08\/10\/rodrigo-franca-fala-sobre-respeito-e-importancia-da-ancestralidade-na-2a-bienal-do-livro-de-guarulhos\/#article\",\"isPartOf\":{\"@id\":\"https:\/\/portaleducacao.guarulhos.sp.gov.br\/wp_site\/portalbienal\/2022\/08\/10\/rodrigo-franca-fala-sobre-respeito-e-importancia-da-ancestralidade-na-2a-bienal-do-livro-de-guarulhos\/\"},\"author\":{\"name\":\"carlamaio\",\"@id\":\"https:\/\/portaleducacao.guarulhos.sp.gov.br\/wp_site\/portalbienal\/#\/schema\/person\/f24570405af7200fec31e52143b1a735\"},\"headline\":\"Rodrigo Fran\u00e7a fala sobre respeito e import\u00e2ncia da ancestralidade na 2\u00aa Bienal do Livro de Guarulhos\",\"datePublished\":\"2022-08-11T00:57:35+00:00\",\"dateModified\":\"2024-10-16T17:21:59+00:00\",\"mainEntityOfPage\":{\"@id\":\"https:\/\/portaleducacao.guarulhos.sp.gov.br\/wp_site\/portalbienal\/2022\/08\/10\/rodrigo-franca-fala-sobre-respeito-e-importancia-da-ancestralidade-na-2a-bienal-do-livro-de-guarulhos\/\"},\"wordCount\":640,\"commentCount\":0,\"publisher\":{\"@id\":\"https:\/\/portaleducacao.guarulhos.sp.gov.br\/wp_site\/portalbienal\/#organization\"},\"articleSection\":[\"bienal_22\"],\"inLanguage\":\"pt-BR\",\"potentialAction\":[{\"@type\":\"CommentAction\",\"name\":\"Comment\",\"target\":[\"https:\/\/portaleducacao.guarulhos.sp.gov.br\/wp_site\/portalbienal\/2022\/08\/10\/rodrigo-franca-fala-sobre-respeito-e-importancia-da-ancestralidade-na-2a-bienal-do-livro-de-guarulhos\/#respond\"]}]},{\"@type\":\"WebPage\",\"@id\":\"https:\/\/portaleducacao.guarulhos.sp.gov.br\/wp_site\/portalbienal\/2022\/08\/10\/rodrigo-franca-fala-sobre-respeito-e-importancia-da-ancestralidade-na-2a-bienal-do-livro-de-guarulhos\/\",\"url\":\"https:\/\/portaleducacao.guarulhos.sp.gov.br\/wp_site\/portalbienal\/2022\/08\/10\/rodrigo-franca-fala-sobre-respeito-e-importancia-da-ancestralidade-na-2a-bienal-do-livro-de-guarulhos\/\",\"name\":\"Rodrigo Fran\u00e7a fala sobre respeito e import\u00e2ncia da ancestralidade na 2\u00aa Bienal do Livro de Guarulhos - Bienal do Livro de Guarulhos - 2024\",\"isPartOf\":{\"@id\":\"https:\/\/portaleducacao.guarulhos.sp.gov.br\/wp_site\/portalbienal\/#website\"},\"datePublished\":\"2022-08-11T00:57:35+00:00\",\"dateModified\":\"2024-10-16T17:21:59+00:00\",\"breadcrumb\":{\"@id\":\"https:\/\/portaleducacao.guarulhos.sp.gov.br\/wp_site\/portalbienal\/2022\/08\/10\/rodrigo-franca-fala-sobre-respeito-e-importancia-da-ancestralidade-na-2a-bienal-do-livro-de-guarulhos\/#breadcrumb\"},\"inLanguage\":\"pt-BR\",\"potentialAction\":[{\"@type\":\"ReadAction\",\"target\":[\"https:\/\/portaleducacao.guarulhos.sp.gov.br\/wp_site\/portalbienal\/2022\/08\/10\/rodrigo-franca-fala-sobre-respeito-e-importancia-da-ancestralidade-na-2a-bienal-do-livro-de-guarulhos\/\"]}]},{\"@type\":\"BreadcrumbList\",\"@id\":\"https:\/\/portaleducacao.guarulhos.sp.gov.br\/wp_site\/portalbienal\/2022\/08\/10\/rodrigo-franca-fala-sobre-respeito-e-importancia-da-ancestralidade-na-2a-bienal-do-livro-de-guarulhos\/#breadcrumb\",\"itemListElement\":[{\"@type\":\"ListItem\",\"position\":1,\"name\":\"In\u00edcio\",\"item\":\"https:\/\/portaleducacao.guarulhos.sp.gov.br\/wp_site\/portalbienal\/\"},{\"@type\":\"ListItem\",\"position\":2,\"name\":\"Rodrigo Fran\u00e7a fala sobre respeito e import\u00e2ncia da ancestralidade na 2\u00aa Bienal do Livro de Guarulhos\"}]},{\"@type\":\"WebSite\",\"@id\":\"https:\/\/portaleducacao.guarulhos.sp.gov.br\/wp_site\/portalbienal\/#website\",\"url\":\"https:\/\/portaleducacao.guarulhos.sp.gov.br\/wp_site\/portalbienal\/\",\"name\":\"Bienal do Livro de Guarulhos - 2024\",\"description\":\"Secretaria de Educa\u00e7\u00e3o - Prefeitura de Guarulhos\",\"publisher\":{\"@id\":\"https:\/\/portaleducacao.guarulhos.sp.gov.br\/wp_site\/portalbienal\/#organization\"},\"potentialAction\":[{\"@type\":\"SearchAction\",\"target\":{\"@type\":\"EntryPoint\",\"urlTemplate\":\"https:\/\/portaleducacao.guarulhos.sp.gov.br\/wp_site\/portalbienal\/?s={search_term_string}\"},\"query-input\":\"required name=search_term_string\"}],\"inLanguage\":\"pt-BR\"},{\"@type\":\"Organization\",\"@id\":\"https:\/\/portaleducacao.guarulhos.sp.gov.br\/wp_site\/portalbienal\/#organization\",\"name\":\"Bienal do Livro de Guarulhos - 2024\",\"url\":\"https:\/\/portaleducacao.guarulhos.sp.gov.br\/wp_site\/portalbienal\/\",\"sameAs\":[],\"logo\":{\"@type\":\"ImageObject\",\"inLanguage\":\"pt-BR\",\"@id\":\"https:\/\/portaleducacao.guarulhos.sp.gov.br\/wp_site\/portalbienal\/#\/schema\/logo\/image\/\",\"url\":\"https:\/\/portaleducacao.guarulhos.sp.gov.br\/wp_site\/portalbienal\/wp-content\/uploads\/sites\/22\/2022\/07\/logo_site.jpg\",\"contentUrl\":\"https:\/\/portaleducacao.guarulhos.sp.gov.br\/wp_site\/portalbienal\/wp-content\/uploads\/sites\/22\/2022\/07\/logo_site.jpg\",\"width\":350,\"height\":100,\"caption\":\"Bienal do Livro de Guarulhos - 2024\"},\"image\":{\"@id\":\"https:\/\/portaleducacao.guarulhos.sp.gov.br\/wp_site\/portalbienal\/#\/schema\/logo\/image\/\"}},{\"@type\":\"Person\",\"@id\":\"https:\/\/portaleducacao.guarulhos.sp.gov.br\/wp_site\/portalbienal\/#\/schema\/person\/f24570405af7200fec31e52143b1a735\",\"name\":\"carlamaio\",\"image\":{\"@type\":\"ImageObject\",\"inLanguage\":\"pt-BR\",\"@id\":\"https:\/\/portaleducacao.guarulhos.sp.gov.br\/wp_site\/portalbienal\/#\/schema\/person\/image\/\",\"url\":\"https:\/\/secure.gravatar.com\/avatar\/f1d5cb10476871f2a24b60dd8cad309e?s=96&d=mm&r=g\",\"contentUrl\":\"https:\/\/secure.gravatar.com\/avatar\/f1d5cb10476871f2a24b60dd8cad309e?s=96&d=mm&r=g\",\"caption\":\"carlamaio\"},\"url\":\"https:\/\/portaleducacao.guarulhos.sp.gov.br\/wp_site\/portalbienal\/author\/carlamaio\/\"}]}<\/script>\r\n<!-- \/ Yoast SEO plugin. -->","yoast_head_json":{"title":"Rodrigo Fran\u00e7a fala sobre respeito e import\u00e2ncia da ancestralidade na 2\u00aa Bienal do Livro de Guarulhos - Bienal do Livro de Guarulhos - 2024","robots":{"index":"index","follow":"follow","max-snippet":"max-snippet:-1","max-image-preview":"max-image-preview:large","max-video-preview":"max-video-preview:-1"},"canonical":"https:\/\/portaleducacao.guarulhos.sp.gov.br\/wp_site\/portalbienal\/2022\/08\/10\/rodrigo-franca-fala-sobre-respeito-e-importancia-da-ancestralidade-na-2a-bienal-do-livro-de-guarulhos\/","og_locale":"pt_BR","og_type":"article","og_title":"Rodrigo Fran\u00e7a fala sobre respeito e import\u00e2ncia da ancestralidade na 2\u00aa Bienal do Livro de Guarulhos - Bienal do Livro de Guarulhos - 2024","og_description":"Se do lado de fora da 2\u00aa Bienal do Livro de Guarulhos o vento batia forte na noite da \u00faltima quarta-feira (10), do lado de dentro o p\u00fablico encheu de &hellip; Rodrigo Fran\u00e7a fala sobre respeito e import\u00e2ncia da ancestralidade na 2\u00aa Bienal do Livro de Guarulhos Leia mais &raquo;","og_url":"https:\/\/portaleducacao.guarulhos.sp.gov.br\/wp_site\/portalbienal\/2022\/08\/10\/rodrigo-franca-fala-sobre-respeito-e-importancia-da-ancestralidade-na-2a-bienal-do-livro-de-guarulhos\/","og_site_name":"Bienal do Livro de Guarulhos - 2024","article_published_time":"2022-08-11T00:57:35+00:00","article_modified_time":"2024-10-16T17:21:59+00:00","og_image":[{"width":1280,"height":853,"url":"http:\/\/portaleducacao.guarulhos.sp.gov.br\/wp_site\/portalbienal\/wp-content\/uploads\/sites\/22\/2022\/08\/WhatsApp-Image-2022-08-10-at-21.55.48.jpeg","type":"image\/jpeg"}],"author":"carlamaio","twitter_card":"summary_large_image","twitter_misc":{"Escrito por":"carlamaio","Est. tempo de leitura":"3 minutos"},"schema":{"@context":"https:\/\/schema.org","@graph":[{"@type":"Article","@id":"https:\/\/portaleducacao.guarulhos.sp.gov.br\/wp_site\/portalbienal\/2022\/08\/10\/rodrigo-franca-fala-sobre-respeito-e-importancia-da-ancestralidade-na-2a-bienal-do-livro-de-guarulhos\/#article","isPartOf":{"@id":"https:\/\/portaleducacao.guarulhos.sp.gov.br\/wp_site\/portalbienal\/2022\/08\/10\/rodrigo-franca-fala-sobre-respeito-e-importancia-da-ancestralidade-na-2a-bienal-do-livro-de-guarulhos\/"},"author":{"name":"carlamaio","@id":"https:\/\/portaleducacao.guarulhos.sp.gov.br\/wp_site\/portalbienal\/#\/schema\/person\/f24570405af7200fec31e52143b1a735"},"headline":"Rodrigo Fran\u00e7a fala sobre respeito e import\u00e2ncia da ancestralidade na 2\u00aa Bienal do Livro de Guarulhos","datePublished":"2022-08-11T00:57:35+00:00","dateModified":"2024-10-16T17:21:59+00:00","mainEntityOfPage":{"@id":"https:\/\/portaleducacao.guarulhos.sp.gov.br\/wp_site\/portalbienal\/2022\/08\/10\/rodrigo-franca-fala-sobre-respeito-e-importancia-da-ancestralidade-na-2a-bienal-do-livro-de-guarulhos\/"},"wordCount":640,"commentCount":0,"publisher":{"@id":"https:\/\/portaleducacao.guarulhos.sp.gov.br\/wp_site\/portalbienal\/#organization"},"articleSection":["bienal_22"],"inLanguage":"pt-BR","potentialAction":[{"@type":"CommentAction","name":"Comment","target":["https:\/\/portaleducacao.guarulhos.sp.gov.br\/wp_site\/portalbienal\/2022\/08\/10\/rodrigo-franca-fala-sobre-respeito-e-importancia-da-ancestralidade-na-2a-bienal-do-livro-de-guarulhos\/#respond"]}]},{"@type":"WebPage","@id":"https:\/\/portaleducacao.guarulhos.sp.gov.br\/wp_site\/portalbienal\/2022\/08\/10\/rodrigo-franca-fala-sobre-respeito-e-importancia-da-ancestralidade-na-2a-bienal-do-livro-de-guarulhos\/","url":"https:\/\/portaleducacao.guarulhos.sp.gov.br\/wp_site\/portalbienal\/2022\/08\/10\/rodrigo-franca-fala-sobre-respeito-e-importancia-da-ancestralidade-na-2a-bienal-do-livro-de-guarulhos\/","name":"Rodrigo Fran\u00e7a fala sobre respeito e import\u00e2ncia da ancestralidade na 2\u00aa Bienal do Livro de Guarulhos - Bienal do Livro de Guarulhos - 2024","isPartOf":{"@id":"https:\/\/portaleducacao.guarulhos.sp.gov.br\/wp_site\/portalbienal\/#website"},"datePublished":"2022-08-11T00:57:35+00:00","dateModified":"2024-10-16T17:21:59+00:00","breadcrumb":{"@id":"https:\/\/portaleducacao.guarulhos.sp.gov.br\/wp_site\/portalbienal\/2022\/08\/10\/rodrigo-franca-fala-sobre-respeito-e-importancia-da-ancestralidade-na-2a-bienal-do-livro-de-guarulhos\/#breadcrumb"},"inLanguage":"pt-BR","potentialAction":[{"@type":"ReadAction","target":["https:\/\/portaleducacao.guarulhos.sp.gov.br\/wp_site\/portalbienal\/2022\/08\/10\/rodrigo-franca-fala-sobre-respeito-e-importancia-da-ancestralidade-na-2a-bienal-do-livro-de-guarulhos\/"]}]},{"@type":"BreadcrumbList","@id":"https:\/\/portaleducacao.guarulhos.sp.gov.br\/wp_site\/portalbienal\/2022\/08\/10\/rodrigo-franca-fala-sobre-respeito-e-importancia-da-ancestralidade-na-2a-bienal-do-livro-de-guarulhos\/#breadcrumb","itemListElement":[{"@type":"ListItem","position":1,"name":"In\u00edcio","item":"https:\/\/portaleducacao.guarulhos.sp.gov.br\/wp_site\/portalbienal\/"},{"@type":"ListItem","position":2,"name":"Rodrigo Fran\u00e7a fala sobre respeito e import\u00e2ncia da ancestralidade na 2\u00aa Bienal do Livro de Guarulhos"}]},{"@type":"WebSite","@id":"https:\/\/portaleducacao.guarulhos.sp.gov.br\/wp_site\/portalbienal\/#website","url":"https:\/\/portaleducacao.guarulhos.sp.gov.br\/wp_site\/portalbienal\/","name":"Bienal do Livro de Guarulhos - 2024","description":"Secretaria de Educa\u00e7\u00e3o - Prefeitura de Guarulhos","publisher":{"@id":"https:\/\/portaleducacao.guarulhos.sp.gov.br\/wp_site\/portalbienal\/#organization"},"potentialAction":[{"@type":"SearchAction","target":{"@type":"EntryPoint","urlTemplate":"https:\/\/portaleducacao.guarulhos.sp.gov.br\/wp_site\/portalbienal\/?s={search_term_string}"},"query-input":"required name=search_term_string"}],"inLanguage":"pt-BR"},{"@type":"Organization","@id":"https:\/\/portaleducacao.guarulhos.sp.gov.br\/wp_site\/portalbienal\/#organization","name":"Bienal do Livro de Guarulhos - 2024","url":"https:\/\/portaleducacao.guarulhos.sp.gov.br\/wp_site\/portalbienal\/","sameAs":[],"logo":{"@type":"ImageObject","inLanguage":"pt-BR","@id":"https:\/\/portaleducacao.guarulhos.sp.gov.br\/wp_site\/portalbienal\/#\/schema\/logo\/image\/","url":"https:\/\/portaleducacao.guarulhos.sp.gov.br\/wp_site\/portalbienal\/wp-content\/uploads\/sites\/22\/2022\/07\/logo_site.jpg","contentUrl":"https:\/\/portaleducacao.guarulhos.sp.gov.br\/wp_site\/portalbienal\/wp-content\/uploads\/sites\/22\/2022\/07\/logo_site.jpg","width":350,"height":100,"caption":"Bienal do Livro de Guarulhos - 2024"},"image":{"@id":"https:\/\/portaleducacao.guarulhos.sp.gov.br\/wp_site\/portalbienal\/#\/schema\/logo\/image\/"}},{"@type":"Person","@id":"https:\/\/portaleducacao.guarulhos.sp.gov.br\/wp_site\/portalbienal\/#\/schema\/person\/f24570405af7200fec31e52143b1a735","name":"carlamaio","image":{"@type":"ImageObject","inLanguage":"pt-BR","@id":"https:\/\/portaleducacao.guarulhos.sp.gov.br\/wp_site\/portalbienal\/#\/schema\/person\/image\/","url":"https:\/\/secure.gravatar.com\/avatar\/f1d5cb10476871f2a24b60dd8cad309e?s=96&d=mm&r=g","contentUrl":"https:\/\/secure.gravatar.com\/avatar\/f1d5cb10476871f2a24b60dd8cad309e?s=96&d=mm&r=g","caption":"carlamaio"},"url":"https:\/\/portaleducacao.guarulhos.sp.gov.br\/wp_site\/portalbienal\/author\/carlamaio\/"}]}},"_links":{"self":[{"href":"https:\/\/portaleducacao.guarulhos.sp.gov.br\/wp_site\/portalbienal\/wp-json\/wp\/v2\/posts\/2948"}],"collection":[{"href":"https:\/\/portaleducacao.guarulhos.sp.gov.br\/wp_site\/portalbienal\/wp-json\/wp\/v2\/posts"}],"about":[{"href":"https:\/\/portaleducacao.guarulhos.sp.gov.br\/wp_site\/portalbienal\/wp-json\/wp\/v2\/types\/post"}],"author":[{"embeddable":true,"href":"https:\/\/portaleducacao.guarulhos.sp.gov.br\/wp_site\/portalbienal\/wp-json\/wp\/v2\/users\/22"}],"replies":[{"embeddable":true,"href":"https:\/\/portaleducacao.guarulhos.sp.gov.br\/wp_site\/portalbienal\/wp-json\/wp\/v2\/comments?post=2948"}],"version-history":[{"count":3,"href":"https:\/\/portaleducacao.guarulhos.sp.gov.br\/wp_site\/portalbienal\/wp-json\/wp\/v2\/posts\/2948\/revisions"}],"predecessor-version":[{"id":9980,"href":"https:\/\/portaleducacao.guarulhos.sp.gov.br\/wp_site\/portalbienal\/wp-json\/wp\/v2\/posts\/2948\/revisions\/9980"}],"wp:featuredmedia":[{"embeddable":true,"href":"https:\/\/portaleducacao.guarulhos.sp.gov.br\/wp_site\/portalbienal\/wp-json\/wp\/v2\/media\/2949"}],"wp:attachment":[{"href":"https:\/\/portaleducacao.guarulhos.sp.gov.br\/wp_site\/portalbienal\/wp-json\/wp\/v2\/media?parent=2948"}],"wp:term":[{"taxonomy":"category","embeddable":true,"href":"https:\/\/portaleducacao.guarulhos.sp.gov.br\/wp_site\/portalbienal\/wp-json\/wp\/v2\/categories?post=2948"},{"taxonomy":"post_tag","embeddable":true,"href":"https:\/\/portaleducacao.guarulhos.sp.gov.br\/wp_site\/portalbienal\/wp-json\/wp\/v2\/tags?post=2948"}],"curies":[{"name":"wp","href":"https:\/\/api.w.org\/{rel}","templated":true}]}}