{"id":2979,"date":"2022-08-11T21:43:11","date_gmt":"2022-08-12T00:43:11","guid":{"rendered":"https:\/\/portaleducacao.guarulhos.sp.gov.br\/wp_site\/portalbienal\/?p=2979"},"modified":"2024-10-16T11:16:21","modified_gmt":"2024-10-16T14:16:21","slug":"bienal-do-livro-de-guarulhos-promove-bate-papo-sobre-infancia-com-paulo-fochi","status":"publish","type":"post","link":"https:\/\/portaleducacao.guarulhos.sp.gov.br\/wp_site\/portalbienal\/2022\/08\/11\/bienal-do-livro-de-guarulhos-promove-bate-papo-sobre-infancia-com-paulo-fochi\/","title":{"rendered":"Bienal do Livro de Guarulhos promove bate-papo sobre inf\u00e2ncia com Paulo Fochi"},"content":{"rendered":"\n<p>Primeira Inf\u00e2ncia foi o tema do bate-papo com o doutor em Educa\u00e7\u00e3o Paulo Fochi, na noite desta quinta-feira (11), na 2\u00aa Bienal do Livro de Guarulhos. Em um encontro com p\u00fablico formado em sua maioria por professores das redes municipal, estadual e particular, Paulo Fochi abordou tem\u00e1ticas relacionadas \u00e0 educa\u00e7\u00e3o infantil e pol\u00edticas para a inf\u00e2ncia, sobretudo as relacionadas \u00e0 transforma\u00e7\u00e3o das pr\u00e1ticas pedag\u00f3gicas.<\/p>\n\n\n\n<p>Sobre o papel da curiosidade e da literatura na constru\u00e7\u00e3o do conhecimento, Fochi aponta o enorme desejo das crian\u00e7as em aprender e compreender o mundo que as cerca. Para tanto, argumenta em favor de aspectos formativos centrados na criatividade das crian\u00e7as. \u201cTodos n\u00f3s nascemos curiosos e \u00e9 essa curiosidade que mobiliza um beb\u00ea a imitar gestos e formas de falar de um adulto, \u00e9 a curiosidade que faz com que a crian\u00e7a interpele o mundo a partir dos recursos dos quais disp\u00f5e\u201d.<\/p>\n\n\n\n<p>Paulo Fochi argumentou ainda em favor da leitura de hist\u00f3rias sem nenhum outro objetivo al\u00e9m da experi\u00eancia verdadeira e \u00fanico do encontro das crian\u00e7as com a literatura.<\/p>\n\n\n\n<p>Ao longo de toda a quinta-feira, o contador de hist\u00f3rias Samuca fez a alegria dos estudantes que visitaram a 2\u00aa Bienal do Livro de Guarulhos com hist\u00f3rias e can\u00e7\u00f5es divertidas. Al\u00e9m de seu insepar\u00e1vel viol\u00e3o, Samuca utilizou instrumentos musicais feitos com materiais recicl\u00e1veis e muita improvisa\u00e7\u00e3o.<\/p>\n\n\n\n<p>Al\u00e9m de contador de hist\u00f3rias h\u00e1 mais de 15 anos, Samuca, do grupo Conta Mais Uma, \u00e9 educador e musicoterapeuta. Para ele, o resgate de princ\u00edpios e valores \u00e9 a mensagem principal da hist\u00f3ria, que aborda a quest\u00e3o familiar, de amizade e fidelidade. &#8220;A tecnologia vem para acrescentar conhecimento, mas tamb\u00e9m as pessoas t\u00eam perdido o contato olho no olho, di\u00e1logo, o contato mais pr\u00f3ximo da fam\u00edlia e dos amigos, de estar junto. \u00c9 importante resgatar de fato o que \u00e9 a nossa ess\u00eancia, essa rela\u00e7\u00e3o mais profunda&#8221;, disse.<\/p>\n\n\n\n<p>A apresenta\u00e7\u00e3o do Samuca vai at\u00e9 este s\u00e1bado (13), para o p\u00fablico infantil. A \u00faltima conta\u00e7\u00e3o de hist\u00f3ria ser\u00e1 \u00e0s 11h, no Audit\u00f3rio Azul. O ingresso \u00e9 gratuito e pode ser adquirido pelo site https:\/\/portaleducacao.guarulhos.sp.gov.br\/wp_site\/portalbienal\/.<\/p>\n\n\n\n<p>Para conhecer a programa\u00e7\u00e3o completa do evento, <strong><em><a href=\"https:\/\/portaleducacao.guarulhos.sp.gov.br\/wp_site\/portalbienal\/2022\/07\/28\/programacao\/\" data-type=\"URL\" data-id=\"https:\/\/portaleducacao.guarulhos.sp.gov.br\/wp_site\/portalbienal\/2022\/07\/28\/programacao\/\" target=\"_blank\" rel=\"noreferrer noopener\">clique aqui<\/a><\/em><\/strong> e acompanhe o perfil <strong><em><a href=\"https:\/\/www.instagram.com\/bienaldolivrogru\/\" data-type=\"URL\" data-id=\"https:\/\/www.instagram.com\/bienaldolivrogru\/\" target=\"_blank\" rel=\"noreferrer noopener\">@bienaldolivrogru<\/a><\/em><\/strong> no Instagram.<\/p>\n\n\n\n<p>A 2\u00aa Bienal do Livro de Guarulhos vai at\u00e9 14 de agosto, de segunda a s\u00e1bado, das 10h \u00e0s 22h, e domingo, das 10h \u00e0s 20h, no Internacional Eventos, na avenida Jo\u00e3o Cavalari, 133, Vila Herm\u00ednia.<\/p>\n","protected":false},"excerpt":{"rendered":"<p>Primeira Inf\u00e2ncia foi o tema do bate-papo com o doutor em Educa\u00e7\u00e3o Paulo Fochi, na noite desta quinta-feira (11), na 2\u00aa Bienal do Livro de Guarulhos. Em um encontro com &hellip;<\/p>\n<p class=\"read-more\"> <a class=\"\" href=\"https:\/\/portaleducacao.guarulhos.sp.gov.br\/wp_site\/portalbienal\/2022\/08\/11\/bienal-do-livro-de-guarulhos-promove-bate-papo-sobre-infancia-com-paulo-fochi\/\"> <span class=\"screen-reader-text\">Bienal do Livro de Guarulhos promove bate-papo sobre inf\u00e2ncia com Paulo Fochi<\/span> Leia mais &raquo;<\/a><\/p>\n","protected":false},"author":22,"featured_media":2980,"comment_status":"open","ping_status":"open","sticky":true,"template":"","format":"standard","meta":{"_monsterinsights_skip_tracking":false,"_monsterinsights_sitenote_active":false,"_monsterinsights_sitenote_note":"","_monsterinsights_sitenote_category":0,"site-sidebar-layout":"default","site-content-layout":"default","ast-global-header-display":"","ast-main-header-display":"","ast-hfb-above-header-display":"","ast-hfb-below-header-display":"","ast-hfb-mobile-header-display":"","site-post-title":"","ast-breadcrumbs-content":"","ast-featured-img":"","footer-sml-layout":"","theme-transparent-header-meta":"","adv-header-id-meta":"","stick-header-meta":"","header-above-stick-meta":"","header-main-stick-meta":"","header-below-stick-meta":"","_expiration-date-status":"","_expiration-date":0,"_expiration-date-type":"","_expiration-date-categories":[],"_expiration-date-options":[]},"categories":[42,46,49,1],"tags":[],"yoast_head":"<!-- This site is optimized with the Yoast SEO plugin v19.7.1 - https:\/\/yoast.com\/wordpress\/plugins\/seo\/ -->\r\n<title>Bienal do Livro de Guarulhos promove bate-papo sobre inf\u00e2ncia com Paulo Fochi - Bienal do Livro de Guarulhos - 2024<\/title>\r\n<meta name=\"robots\" content=\"index, follow, max-snippet:-1, max-image-preview:large, max-video-preview:-1\" \/>\r\n<link rel=\"canonical\" href=\"https:\/\/portaleducacao.guarulhos.sp.gov.br\/wp_site\/portalbienal\/2022\/08\/11\/bienal-do-livro-de-guarulhos-promove-bate-papo-sobre-infancia-com-paulo-fochi\/\" \/>\r\n<meta property=\"og:locale\" content=\"pt_BR\" \/>\r\n<meta property=\"og:type\" content=\"article\" \/>\r\n<meta property=\"og:title\" content=\"Bienal do Livro de Guarulhos promove bate-papo sobre inf\u00e2ncia com Paulo Fochi - Bienal do Livro de Guarulhos - 2024\" \/>\r\n<meta property=\"og:description\" content=\"Primeira Inf\u00e2ncia foi o tema do bate-papo com o doutor em Educa\u00e7\u00e3o Paulo Fochi, na noite desta quinta-feira (11), na 2\u00aa Bienal do Livro de Guarulhos. Em um encontro com &hellip; Bienal do Livro de Guarulhos promove bate-papo sobre inf\u00e2ncia com Paulo Fochi Leia mais &raquo;\" \/>\r\n<meta property=\"og:url\" content=\"https:\/\/portaleducacao.guarulhos.sp.gov.br\/wp_site\/portalbienal\/2022\/08\/11\/bienal-do-livro-de-guarulhos-promove-bate-papo-sobre-infancia-com-paulo-fochi\/\" \/>\r\n<meta property=\"og:site_name\" content=\"Bienal do Livro de Guarulhos - 2024\" \/>\r\n<meta property=\"article:published_time\" content=\"2022-08-12T00:43:11+00:00\" \/>\r\n<meta property=\"article:modified_time\" content=\"2024-10-16T14:16:21+00:00\" \/>\r\n<meta property=\"og:image\" content=\"http:\/\/portaleducacao.guarulhos.sp.gov.br\/wp_site\/portalbienal\/wp-content\/uploads\/sites\/22\/2022\/08\/Paulo-Fochi-1.jpeg\" \/>\r\n\t<meta property=\"og:image:width\" content=\"1280\" \/>\r\n\t<meta property=\"og:image:height\" content=\"853\" \/>\r\n\t<meta property=\"og:image:type\" content=\"image\/jpeg\" \/>\r\n<meta name=\"author\" content=\"carlamaio\" \/>\r\n<meta name=\"twitter:card\" content=\"summary_large_image\" \/>\r\n<meta name=\"twitter:label1\" content=\"Escrito por\" \/>\n\t<meta name=\"twitter:data1\" content=\"carlamaio\" \/>\n\t<meta name=\"twitter:label2\" content=\"Est. tempo de leitura\" \/>\n\t<meta name=\"twitter:data2\" content=\"2 minutos\" \/>\r\n<script type=\"application\/ld+json\" class=\"yoast-schema-graph\">{\"@context\":\"https:\/\/schema.org\",\"@graph\":[{\"@type\":\"Article\",\"@id\":\"https:\/\/portaleducacao.guarulhos.sp.gov.br\/wp_site\/portalbienal\/2022\/08\/11\/bienal-do-livro-de-guarulhos-promove-bate-papo-sobre-infancia-com-paulo-fochi\/#article\",\"isPartOf\":{\"@id\":\"https:\/\/portaleducacao.guarulhos.sp.gov.br\/wp_site\/portalbienal\/2022\/08\/11\/bienal-do-livro-de-guarulhos-promove-bate-papo-sobre-infancia-com-paulo-fochi\/\"},\"author\":{\"name\":\"carlamaio\",\"@id\":\"https:\/\/portaleducacao.guarulhos.sp.gov.br\/wp_site\/portalbienal\/#\/schema\/person\/f24570405af7200fec31e52143b1a735\"},\"headline\":\"Bienal do Livro de Guarulhos promove bate-papo sobre inf\u00e2ncia com Paulo Fochi\",\"datePublished\":\"2022-08-12T00:43:11+00:00\",\"dateModified\":\"2024-10-16T14:16:21+00:00\",\"mainEntityOfPage\":{\"@id\":\"https:\/\/portaleducacao.guarulhos.sp.gov.br\/wp_site\/portalbienal\/2022\/08\/11\/bienal-do-livro-de-guarulhos-promove-bate-papo-sobre-infancia-com-paulo-fochi\/\"},\"wordCount\":468,\"commentCount\":0,\"publisher\":{\"@id\":\"https:\/\/portaleducacao.guarulhos.sp.gov.br\/wp_site\/portalbienal\/#organization\"},\"articleSection\":[\"Bienal 2023\",\"bienalNoticias\",\"bienal_22\"],\"inLanguage\":\"pt-BR\",\"potentialAction\":[{\"@type\":\"CommentAction\",\"name\":\"Comment\",\"target\":[\"https:\/\/portaleducacao.guarulhos.sp.gov.br\/wp_site\/portalbienal\/2022\/08\/11\/bienal-do-livro-de-guarulhos-promove-bate-papo-sobre-infancia-com-paulo-fochi\/#respond\"]}]},{\"@type\":\"WebPage\",\"@id\":\"https:\/\/portaleducacao.guarulhos.sp.gov.br\/wp_site\/portalbienal\/2022\/08\/11\/bienal-do-livro-de-guarulhos-promove-bate-papo-sobre-infancia-com-paulo-fochi\/\",\"url\":\"https:\/\/portaleducacao.guarulhos.sp.gov.br\/wp_site\/portalbienal\/2022\/08\/11\/bienal-do-livro-de-guarulhos-promove-bate-papo-sobre-infancia-com-paulo-fochi\/\",\"name\":\"Bienal do Livro de Guarulhos promove bate-papo sobre inf\u00e2ncia com Paulo Fochi - Bienal do Livro de Guarulhos - 2024\",\"isPartOf\":{\"@id\":\"https:\/\/portaleducacao.guarulhos.sp.gov.br\/wp_site\/portalbienal\/#website\"},\"datePublished\":\"2022-08-12T00:43:11+00:00\",\"dateModified\":\"2024-10-16T14:16:21+00:00\",\"breadcrumb\":{\"@id\":\"https:\/\/portaleducacao.guarulhos.sp.gov.br\/wp_site\/portalbienal\/2022\/08\/11\/bienal-do-livro-de-guarulhos-promove-bate-papo-sobre-infancia-com-paulo-fochi\/#breadcrumb\"},\"inLanguage\":\"pt-BR\",\"potentialAction\":[{\"@type\":\"ReadAction\",\"target\":[\"https:\/\/portaleducacao.guarulhos.sp.gov.br\/wp_site\/portalbienal\/2022\/08\/11\/bienal-do-livro-de-guarulhos-promove-bate-papo-sobre-infancia-com-paulo-fochi\/\"]}]},{\"@type\":\"BreadcrumbList\",\"@id\":\"https:\/\/portaleducacao.guarulhos.sp.gov.br\/wp_site\/portalbienal\/2022\/08\/11\/bienal-do-livro-de-guarulhos-promove-bate-papo-sobre-infancia-com-paulo-fochi\/#breadcrumb\",\"itemListElement\":[{\"@type\":\"ListItem\",\"position\":1,\"name\":\"In\u00edcio\",\"item\":\"https:\/\/portaleducacao.guarulhos.sp.gov.br\/wp_site\/portalbienal\/\"},{\"@type\":\"ListItem\",\"position\":2,\"name\":\"Bienal do Livro de Guarulhos promove bate-papo sobre inf\u00e2ncia com Paulo Fochi\"}]},{\"@type\":\"WebSite\",\"@id\":\"https:\/\/portaleducacao.guarulhos.sp.gov.br\/wp_site\/portalbienal\/#website\",\"url\":\"https:\/\/portaleducacao.guarulhos.sp.gov.br\/wp_site\/portalbienal\/\",\"name\":\"Bienal do Livro de Guarulhos - 2024\",\"description\":\"Secretaria de Educa\u00e7\u00e3o - Prefeitura de Guarulhos\",\"publisher\":{\"@id\":\"https:\/\/portaleducacao.guarulhos.sp.gov.br\/wp_site\/portalbienal\/#organization\"},\"potentialAction\":[{\"@type\":\"SearchAction\",\"target\":{\"@type\":\"EntryPoint\",\"urlTemplate\":\"https:\/\/portaleducacao.guarulhos.sp.gov.br\/wp_site\/portalbienal\/?s={search_term_string}\"},\"query-input\":\"required name=search_term_string\"}],\"inLanguage\":\"pt-BR\"},{\"@type\":\"Organization\",\"@id\":\"https:\/\/portaleducacao.guarulhos.sp.gov.br\/wp_site\/portalbienal\/#organization\",\"name\":\"Bienal do Livro de Guarulhos - 2024\",\"url\":\"https:\/\/portaleducacao.guarulhos.sp.gov.br\/wp_site\/portalbienal\/\",\"sameAs\":[],\"logo\":{\"@type\":\"ImageObject\",\"inLanguage\":\"pt-BR\",\"@id\":\"https:\/\/portaleducacao.guarulhos.sp.gov.br\/wp_site\/portalbienal\/#\/schema\/logo\/image\/\",\"url\":\"https:\/\/portaleducacao.guarulhos.sp.gov.br\/wp_site\/portalbienal\/wp-content\/uploads\/sites\/22\/2022\/07\/logo_site.jpg\",\"contentUrl\":\"https:\/\/portaleducacao.guarulhos.sp.gov.br\/wp_site\/portalbienal\/wp-content\/uploads\/sites\/22\/2022\/07\/logo_site.jpg\",\"width\":350,\"height\":100,\"caption\":\"Bienal do Livro de Guarulhos - 2024\"},\"image\":{\"@id\":\"https:\/\/portaleducacao.guarulhos.sp.gov.br\/wp_site\/portalbienal\/#\/schema\/logo\/image\/\"}},{\"@type\":\"Person\",\"@id\":\"https:\/\/portaleducacao.guarulhos.sp.gov.br\/wp_site\/portalbienal\/#\/schema\/person\/f24570405af7200fec31e52143b1a735\",\"name\":\"carlamaio\",\"image\":{\"@type\":\"ImageObject\",\"inLanguage\":\"pt-BR\",\"@id\":\"https:\/\/portaleducacao.guarulhos.sp.gov.br\/wp_site\/portalbienal\/#\/schema\/person\/image\/\",\"url\":\"https:\/\/secure.gravatar.com\/avatar\/f1d5cb10476871f2a24b60dd8cad309e?s=96&d=mm&r=g\",\"contentUrl\":\"https:\/\/secure.gravatar.com\/avatar\/f1d5cb10476871f2a24b60dd8cad309e?s=96&d=mm&r=g\",\"caption\":\"carlamaio\"},\"url\":\"https:\/\/portaleducacao.guarulhos.sp.gov.br\/wp_site\/portalbienal\/author\/carlamaio\/\"}]}<\/script>\r\n<!-- \/ Yoast SEO plugin. -->","yoast_head_json":{"title":"Bienal do Livro de Guarulhos promove bate-papo sobre inf\u00e2ncia com Paulo Fochi - Bienal do Livro de Guarulhos - 2024","robots":{"index":"index","follow":"follow","max-snippet":"max-snippet:-1","max-image-preview":"max-image-preview:large","max-video-preview":"max-video-preview:-1"},"canonical":"https:\/\/portaleducacao.guarulhos.sp.gov.br\/wp_site\/portalbienal\/2022\/08\/11\/bienal-do-livro-de-guarulhos-promove-bate-papo-sobre-infancia-com-paulo-fochi\/","og_locale":"pt_BR","og_type":"article","og_title":"Bienal do Livro de Guarulhos promove bate-papo sobre inf\u00e2ncia com Paulo Fochi - Bienal do Livro de Guarulhos - 2024","og_description":"Primeira Inf\u00e2ncia foi o tema do bate-papo com o doutor em Educa\u00e7\u00e3o Paulo Fochi, na noite desta quinta-feira (11), na 2\u00aa Bienal do Livro de Guarulhos. Em um encontro com &hellip; Bienal do Livro de Guarulhos promove bate-papo sobre inf\u00e2ncia com Paulo Fochi Leia mais &raquo;","og_url":"https:\/\/portaleducacao.guarulhos.sp.gov.br\/wp_site\/portalbienal\/2022\/08\/11\/bienal-do-livro-de-guarulhos-promove-bate-papo-sobre-infancia-com-paulo-fochi\/","og_site_name":"Bienal do Livro de Guarulhos - 2024","article_published_time":"2022-08-12T00:43:11+00:00","article_modified_time":"2024-10-16T14:16:21+00:00","og_image":[{"width":1280,"height":853,"url":"http:\/\/portaleducacao.guarulhos.sp.gov.br\/wp_site\/portalbienal\/wp-content\/uploads\/sites\/22\/2022\/08\/Paulo-Fochi-1.jpeg","type":"image\/jpeg"}],"author":"carlamaio","twitter_card":"summary_large_image","twitter_misc":{"Escrito por":"carlamaio","Est. tempo de leitura":"2 minutos"},"schema":{"@context":"https:\/\/schema.org","@graph":[{"@type":"Article","@id":"https:\/\/portaleducacao.guarulhos.sp.gov.br\/wp_site\/portalbienal\/2022\/08\/11\/bienal-do-livro-de-guarulhos-promove-bate-papo-sobre-infancia-com-paulo-fochi\/#article","isPartOf":{"@id":"https:\/\/portaleducacao.guarulhos.sp.gov.br\/wp_site\/portalbienal\/2022\/08\/11\/bienal-do-livro-de-guarulhos-promove-bate-papo-sobre-infancia-com-paulo-fochi\/"},"author":{"name":"carlamaio","@id":"https:\/\/portaleducacao.guarulhos.sp.gov.br\/wp_site\/portalbienal\/#\/schema\/person\/f24570405af7200fec31e52143b1a735"},"headline":"Bienal do Livro de Guarulhos promove bate-papo sobre inf\u00e2ncia com Paulo Fochi","datePublished":"2022-08-12T00:43:11+00:00","dateModified":"2024-10-16T14:16:21+00:00","mainEntityOfPage":{"@id":"https:\/\/portaleducacao.guarulhos.sp.gov.br\/wp_site\/portalbienal\/2022\/08\/11\/bienal-do-livro-de-guarulhos-promove-bate-papo-sobre-infancia-com-paulo-fochi\/"},"wordCount":468,"commentCount":0,"publisher":{"@id":"https:\/\/portaleducacao.guarulhos.sp.gov.br\/wp_site\/portalbienal\/#organization"},"articleSection":["Bienal 2023","bienalNoticias","bienal_22"],"inLanguage":"pt-BR","potentialAction":[{"@type":"CommentAction","name":"Comment","target":["https:\/\/portaleducacao.guarulhos.sp.gov.br\/wp_site\/portalbienal\/2022\/08\/11\/bienal-do-livro-de-guarulhos-promove-bate-papo-sobre-infancia-com-paulo-fochi\/#respond"]}]},{"@type":"WebPage","@id":"https:\/\/portaleducacao.guarulhos.sp.gov.br\/wp_site\/portalbienal\/2022\/08\/11\/bienal-do-livro-de-guarulhos-promove-bate-papo-sobre-infancia-com-paulo-fochi\/","url":"https:\/\/portaleducacao.guarulhos.sp.gov.br\/wp_site\/portalbienal\/2022\/08\/11\/bienal-do-livro-de-guarulhos-promove-bate-papo-sobre-infancia-com-paulo-fochi\/","name":"Bienal do Livro de Guarulhos promove bate-papo sobre inf\u00e2ncia com Paulo Fochi - Bienal do Livro de Guarulhos - 2024","isPartOf":{"@id":"https:\/\/portaleducacao.guarulhos.sp.gov.br\/wp_site\/portalbienal\/#website"},"datePublished":"2022-08-12T00:43:11+00:00","dateModified":"2024-10-16T14:16:21+00:00","breadcrumb":{"@id":"https:\/\/portaleducacao.guarulhos.sp.gov.br\/wp_site\/portalbienal\/2022\/08\/11\/bienal-do-livro-de-guarulhos-promove-bate-papo-sobre-infancia-com-paulo-fochi\/#breadcrumb"},"inLanguage":"pt-BR","potentialAction":[{"@type":"ReadAction","target":["https:\/\/portaleducacao.guarulhos.sp.gov.br\/wp_site\/portalbienal\/2022\/08\/11\/bienal-do-livro-de-guarulhos-promove-bate-papo-sobre-infancia-com-paulo-fochi\/"]}]},{"@type":"BreadcrumbList","@id":"https:\/\/portaleducacao.guarulhos.sp.gov.br\/wp_site\/portalbienal\/2022\/08\/11\/bienal-do-livro-de-guarulhos-promove-bate-papo-sobre-infancia-com-paulo-fochi\/#breadcrumb","itemListElement":[{"@type":"ListItem","position":1,"name":"In\u00edcio","item":"https:\/\/portaleducacao.guarulhos.sp.gov.br\/wp_site\/portalbienal\/"},{"@type":"ListItem","position":2,"name":"Bienal do Livro de Guarulhos promove bate-papo sobre inf\u00e2ncia com Paulo Fochi"}]},{"@type":"WebSite","@id":"https:\/\/portaleducacao.guarulhos.sp.gov.br\/wp_site\/portalbienal\/#website","url":"https:\/\/portaleducacao.guarulhos.sp.gov.br\/wp_site\/portalbienal\/","name":"Bienal do Livro de Guarulhos - 2024","description":"Secretaria de Educa\u00e7\u00e3o - Prefeitura de Guarulhos","publisher":{"@id":"https:\/\/portaleducacao.guarulhos.sp.gov.br\/wp_site\/portalbienal\/#organization"},"potentialAction":[{"@type":"SearchAction","target":{"@type":"EntryPoint","urlTemplate":"https:\/\/portaleducacao.guarulhos.sp.gov.br\/wp_site\/portalbienal\/?s={search_term_string}"},"query-input":"required name=search_term_string"}],"inLanguage":"pt-BR"},{"@type":"Organization","@id":"https:\/\/portaleducacao.guarulhos.sp.gov.br\/wp_site\/portalbienal\/#organization","name":"Bienal do Livro de Guarulhos - 2024","url":"https:\/\/portaleducacao.guarulhos.sp.gov.br\/wp_site\/portalbienal\/","sameAs":[],"logo":{"@type":"ImageObject","inLanguage":"pt-BR","@id":"https:\/\/portaleducacao.guarulhos.sp.gov.br\/wp_site\/portalbienal\/#\/schema\/logo\/image\/","url":"https:\/\/portaleducacao.guarulhos.sp.gov.br\/wp_site\/portalbienal\/wp-content\/uploads\/sites\/22\/2022\/07\/logo_site.jpg","contentUrl":"https:\/\/portaleducacao.guarulhos.sp.gov.br\/wp_site\/portalbienal\/wp-content\/uploads\/sites\/22\/2022\/07\/logo_site.jpg","width":350,"height":100,"caption":"Bienal do Livro de Guarulhos - 2024"},"image":{"@id":"https:\/\/portaleducacao.guarulhos.sp.gov.br\/wp_site\/portalbienal\/#\/schema\/logo\/image\/"}},{"@type":"Person","@id":"https:\/\/portaleducacao.guarulhos.sp.gov.br\/wp_site\/portalbienal\/#\/schema\/person\/f24570405af7200fec31e52143b1a735","name":"carlamaio","image":{"@type":"ImageObject","inLanguage":"pt-BR","@id":"https:\/\/portaleducacao.guarulhos.sp.gov.br\/wp_site\/portalbienal\/#\/schema\/person\/image\/","url":"https:\/\/secure.gravatar.com\/avatar\/f1d5cb10476871f2a24b60dd8cad309e?s=96&d=mm&r=g","contentUrl":"https:\/\/secure.gravatar.com\/avatar\/f1d5cb10476871f2a24b60dd8cad309e?s=96&d=mm&r=g","caption":"carlamaio"},"url":"https:\/\/portaleducacao.guarulhos.sp.gov.br\/wp_site\/portalbienal\/author\/carlamaio\/"}]}},"_links":{"self":[{"href":"https:\/\/portaleducacao.guarulhos.sp.gov.br\/wp_site\/portalbienal\/wp-json\/wp\/v2\/posts\/2979"}],"collection":[{"href":"https:\/\/portaleducacao.guarulhos.sp.gov.br\/wp_site\/portalbienal\/wp-json\/wp\/v2\/posts"}],"about":[{"href":"https:\/\/portaleducacao.guarulhos.sp.gov.br\/wp_site\/portalbienal\/wp-json\/wp\/v2\/types\/post"}],"author":[{"embeddable":true,"href":"https:\/\/portaleducacao.guarulhos.sp.gov.br\/wp_site\/portalbienal\/wp-json\/wp\/v2\/users\/22"}],"replies":[{"embeddable":true,"href":"https:\/\/portaleducacao.guarulhos.sp.gov.br\/wp_site\/portalbienal\/wp-json\/wp\/v2\/comments?post=2979"}],"version-history":[{"count":1,"href":"https:\/\/portaleducacao.guarulhos.sp.gov.br\/wp_site\/portalbienal\/wp-json\/wp\/v2\/posts\/2979\/revisions"}],"predecessor-version":[{"id":2981,"href":"https:\/\/portaleducacao.guarulhos.sp.gov.br\/wp_site\/portalbienal\/wp-json\/wp\/v2\/posts\/2979\/revisions\/2981"}],"wp:featuredmedia":[{"embeddable":true,"href":"https:\/\/portaleducacao.guarulhos.sp.gov.br\/wp_site\/portalbienal\/wp-json\/wp\/v2\/media\/2980"}],"wp:attachment":[{"href":"https:\/\/portaleducacao.guarulhos.sp.gov.br\/wp_site\/portalbienal\/wp-json\/wp\/v2\/media?parent=2979"}],"wp:term":[{"taxonomy":"category","embeddable":true,"href":"https:\/\/portaleducacao.guarulhos.sp.gov.br\/wp_site\/portalbienal\/wp-json\/wp\/v2\/categories?post=2979"},{"taxonomy":"post_tag","embeddable":true,"href":"https:\/\/portaleducacao.guarulhos.sp.gov.br\/wp_site\/portalbienal\/wp-json\/wp\/v2\/tags?post=2979"}],"curies":[{"name":"wp","href":"https:\/\/api.w.org\/{rel}","templated":true}]}}