{"id":3035,"date":"2022-08-13T20:50:06","date_gmt":"2022-08-13T23:50:06","guid":{"rendered":"https:\/\/portaleducacao.guarulhos.sp.gov.br\/wp_site\/portalbienal\/?p=3035"},"modified":"2024-10-16T11:16:18","modified_gmt":"2024-10-16T14:16:18","slug":"bienal-do-livro-de-guarulhos-a-criminologa-ilana-casoy-e-o-dublador-wendel-bezerra-lotam-auditorio-no-penultimo-dia-do-evento","status":"publish","type":"post","link":"https:\/\/portaleducacao.guarulhos.sp.gov.br\/wp_site\/portalbienal\/2022\/08\/13\/bienal-do-livro-de-guarulhos-a-criminologa-ilana-casoy-e-o-dublador-wendel-bezerra-lotam-auditorio-no-penultimo-dia-do-evento\/","title":{"rendered":"Bienal do Livro de Guarulhos: a crimin\u00f3loga Ilana Casoy e o dublador Wendel Bezerra lotam audit\u00f3rio no pen\u00faltimo dia do evento"},"content":{"rendered":"\n<p>Wendel Bezerra, um dos dubladores mais famosos do Brasil, levou os visitantes da 2\u00aa Bienal do Livro de Guarulhos \u00e0 loucura no in\u00edcio da noite deste s\u00e1bado (13), durante bate-papo descontra\u00eddo e cheio de intera\u00e7\u00e3o no Audit\u00f3rio Amarelo. Em meio \u00e0 conversa, Wendel fez algumas de suas mais ic\u00f4nicas interpreta\u00e7\u00f5es e arrancou muitos aplausos do p\u00fablico.<\/p>\n\n\n\n<p>Al\u00e9m da dublagem, Wendel \u00e9 conhecido por seus quadrinhos, mang\u00e1s e livros. Durante o bate-papo, ele tamb\u00e9m falou do funcionamento e din\u00e2mica da dublagem, deu dicas sobre a profiss\u00e3o, falou da import\u00e2ncia da busca por uma carreira que d\u00ea satisfa\u00e7\u00e3o e do interc\u00e2mbio entre as m\u00eddias impressas.<\/p>\n\n\n\n<p>\u201cO trabalho do dublador \u00e9 essencial para que mais pessoas possam conhecer hist\u00f3rias de diferentes culturas. Indiferentemente da classe social, as pessoas t\u00eam muito interesse pela dublagem e, aos poucos, o preconceito vem diminuindo, principalmente depois que as plataformas passaram a disponibilizar conte\u00fado com essa op\u00e7\u00e3o\u201d, disse.<\/p>\n\n\n\n<p>A crimin\u00f3loga e escritora Ilana Casoy, nome da literatura de criminologia no Brasil, recebeu o p\u00fablico da Bienal do Livro para falar sobre seu trabalho de coautoria do livro Bom Dia, Ver\u00f4nica, que deu origem \u00e0 s\u00e9rie hom\u00f4nima da Netflix. Ilana tamb\u00e9m roteirizou os filmes sobre os assassinatos dos quais participou Suzane von Richthofen, A Menina que Matou os Pais e O Menino que Matou Meus Pais.<\/p>\n\n\n\n<p>Com grande repercuss\u00e3o e audi\u00eancia, seus recentes projetos trouxeram novos apreciadores para esse g\u00eanero liter\u00e1rio. Segundo Ilana, al\u00e9m de ser uma consequ\u00eancia do trabalho, a ess\u00eancia de tudo que faz \u00e9 a seriedade com quem est\u00e1 do outro lado.<\/p>\n\n\n\n<p>\u201cSucesso passa r\u00e1pido, por isso n\u00e3o \u00e9 minha base, minhas ra\u00edzes est\u00e3o no trabalho. Em cada caso que eu pego, h\u00e1 muito preparo, longas pesquisas, porque levo com extrema seriedade pois sei da responsabilidade que tenho nas m\u00e3os\u201d, comentou.<\/p>\n\n\n\n<p>Neste domingo (14), \u00e0s 18h, o encerramento da 2\u00aa Bienal do Livro de Guarulhos conta com a participa\u00e7\u00e3o da cantora, compositora, escritora e vocalista da banda mineira Pato Fu, Fernanda Takai, para falar sobre a combina\u00e7\u00e3o de m\u00fasica e literatura .<\/p>\n\n\n\n<p>Saiba tudo o que ainda vai rolar na programa\u00e7\u00e3o do evento, <strong><em><a href=\"https:\/\/portaleducacao.guarulhos.sp.gov.br\/wp_site\/portalbienal\/2022\/07\/28\/programacao\/\" data-type=\"URL\" data-id=\"https:\/\/portaleducacao.guarulhos.sp.gov.br\/wp_site\/portalbienal\/2022\/07\/28\/programacao\/\" target=\"_blank\" rel=\"noreferrer noopener\">clique aqui<\/a><\/em><\/strong> e acompanhe o perfil @bienaldolivrogru no Instagram.<\/p>\n\n\n\n<p>A 2\u00aa Bienal do Livro de Guarulhos vai at\u00e9 domingo, das 10h \u00e0s 20h, no Internacional Eventos, na avenida Jo\u00e3o Cavalari, 133, Vila Herm\u00ednia.<\/p>\n","protected":false},"excerpt":{"rendered":"<p>Wendel Bezerra, um dos dubladores mais famosos do Brasil, levou os visitantes da 2\u00aa Bienal do Livro de Guarulhos \u00e0 loucura no in\u00edcio da noite deste s\u00e1bado (13), durante bate-papo &hellip;<\/p>\n<p class=\"read-more\"> <a class=\"\" href=\"https:\/\/portaleducacao.guarulhos.sp.gov.br\/wp_site\/portalbienal\/2022\/08\/13\/bienal-do-livro-de-guarulhos-a-criminologa-ilana-casoy-e-o-dublador-wendel-bezerra-lotam-auditorio-no-penultimo-dia-do-evento\/\"> <span class=\"screen-reader-text\">Bienal do Livro de Guarulhos: a crimin\u00f3loga Ilana Casoy e o dublador Wendel Bezerra lotam audit\u00f3rio no pen\u00faltimo dia do evento<\/span> Leia mais &raquo;<\/a><\/p>\n","protected":false},"author":22,"featured_media":3036,"comment_status":"open","ping_status":"open","sticky":true,"template":"","format":"standard","meta":{"_monsterinsights_skip_tracking":false,"_monsterinsights_sitenote_active":false,"_monsterinsights_sitenote_note":"","_monsterinsights_sitenote_category":0,"site-sidebar-layout":"default","site-content-layout":"default","ast-global-header-display":"","ast-main-header-display":"","ast-hfb-above-header-display":"","ast-hfb-below-header-display":"","ast-hfb-mobile-header-display":"","site-post-title":"","ast-breadcrumbs-content":"","ast-featured-img":"","footer-sml-layout":"","theme-transparent-header-meta":"","adv-header-id-meta":"","stick-header-meta":"","header-above-stick-meta":"","header-main-stick-meta":"","header-below-stick-meta":"","_expiration-date-status":"","_expiration-date":0,"_expiration-date-type":"","_expiration-date-categories":[],"_expiration-date-options":[]},"categories":[42,46,49,1],"tags":[],"yoast_head":"<!-- This site is optimized with the Yoast SEO plugin v19.7.1 - https:\/\/yoast.com\/wordpress\/plugins\/seo\/ -->\r\n<title>Bienal do Livro de Guarulhos: a crimin\u00f3loga Ilana Casoy e o dublador Wendel Bezerra lotam audit\u00f3rio no pen\u00faltimo dia do evento - Bienal do Livro de Guarulhos - 2024<\/title>\r\n<meta name=\"robots\" content=\"index, follow, max-snippet:-1, max-image-preview:large, max-video-preview:-1\" \/>\r\n<link rel=\"canonical\" href=\"https:\/\/portaleducacao.guarulhos.sp.gov.br\/wp_site\/portalbienal\/2022\/08\/13\/bienal-do-livro-de-guarulhos-a-criminologa-ilana-casoy-e-o-dublador-wendel-bezerra-lotam-auditorio-no-penultimo-dia-do-evento\/\" \/>\r\n<meta property=\"og:locale\" content=\"pt_BR\" \/>\r\n<meta property=\"og:type\" content=\"article\" \/>\r\n<meta property=\"og:title\" content=\"Bienal do Livro de Guarulhos: a crimin\u00f3loga Ilana Casoy e o dublador Wendel Bezerra lotam audit\u00f3rio no pen\u00faltimo dia do evento - Bienal do Livro de Guarulhos - 2024\" \/>\r\n<meta property=\"og:description\" content=\"Wendel Bezerra, um dos dubladores mais famosos do Brasil, levou os visitantes da 2\u00aa Bienal do Livro de Guarulhos \u00e0 loucura no in\u00edcio da noite deste s\u00e1bado (13), durante bate-papo &hellip; Bienal do Livro de Guarulhos: a crimin\u00f3loga Ilana Casoy e o dublador Wendel Bezerra lotam audit\u00f3rio no pen\u00faltimo dia do evento Leia mais &raquo;\" \/>\r\n<meta property=\"og:url\" content=\"https:\/\/portaleducacao.guarulhos.sp.gov.br\/wp_site\/portalbienal\/2022\/08\/13\/bienal-do-livro-de-guarulhos-a-criminologa-ilana-casoy-e-o-dublador-wendel-bezerra-lotam-auditorio-no-penultimo-dia-do-evento\/\" \/>\r\n<meta property=\"og:site_name\" content=\"Bienal do Livro de Guarulhos - 2024\" \/>\r\n<meta property=\"article:published_time\" content=\"2022-08-13T23:50:06+00:00\" \/>\r\n<meta property=\"article:modified_time\" content=\"2024-10-16T14:16:18+00:00\" \/>\r\n<meta property=\"og:image\" content=\"http:\/\/portaleducacao.guarulhos.sp.gov.br\/wp_site\/portalbienal\/wp-content\/uploads\/sites\/22\/2022\/08\/WhatsApp-Image-2022-08-13-at-20.45.50.jpeg\" \/>\r\n\t<meta property=\"og:image:width\" content=\"1080\" \/>\r\n\t<meta property=\"og:image:height\" content=\"720\" \/>\r\n\t<meta property=\"og:image:type\" content=\"image\/jpeg\" \/>\r\n<meta name=\"author\" content=\"carlamaio\" \/>\r\n<meta name=\"twitter:card\" content=\"summary_large_image\" \/>\r\n<meta name=\"twitter:label1\" content=\"Escrito por\" \/>\n\t<meta name=\"twitter:data1\" content=\"carlamaio\" \/>\n\t<meta name=\"twitter:label2\" content=\"Est. tempo de leitura\" \/>\n\t<meta name=\"twitter:data2\" content=\"2 minutos\" \/>\r\n<script type=\"application\/ld+json\" class=\"yoast-schema-graph\">{\"@context\":\"https:\/\/schema.org\",\"@graph\":[{\"@type\":\"Article\",\"@id\":\"https:\/\/portaleducacao.guarulhos.sp.gov.br\/wp_site\/portalbienal\/2022\/08\/13\/bienal-do-livro-de-guarulhos-a-criminologa-ilana-casoy-e-o-dublador-wendel-bezerra-lotam-auditorio-no-penultimo-dia-do-evento\/#article\",\"isPartOf\":{\"@id\":\"https:\/\/portaleducacao.guarulhos.sp.gov.br\/wp_site\/portalbienal\/2022\/08\/13\/bienal-do-livro-de-guarulhos-a-criminologa-ilana-casoy-e-o-dublador-wendel-bezerra-lotam-auditorio-no-penultimo-dia-do-evento\/\"},\"author\":{\"name\":\"carlamaio\",\"@id\":\"https:\/\/portaleducacao.guarulhos.sp.gov.br\/wp_site\/portalbienal\/#\/schema\/person\/f24570405af7200fec31e52143b1a735\"},\"headline\":\"Bienal do Livro de Guarulhos: a crimin\u00f3loga Ilana Casoy e o dublador Wendel Bezerra lotam audit\u00f3rio no pen\u00faltimo dia do evento\",\"datePublished\":\"2022-08-13T23:50:06+00:00\",\"dateModified\":\"2024-10-16T14:16:18+00:00\",\"mainEntityOfPage\":{\"@id\":\"https:\/\/portaleducacao.guarulhos.sp.gov.br\/wp_site\/portalbienal\/2022\/08\/13\/bienal-do-livro-de-guarulhos-a-criminologa-ilana-casoy-e-o-dublador-wendel-bezerra-lotam-auditorio-no-penultimo-dia-do-evento\/\"},\"wordCount\":445,\"commentCount\":0,\"publisher\":{\"@id\":\"https:\/\/portaleducacao.guarulhos.sp.gov.br\/wp_site\/portalbienal\/#organization\"},\"articleSection\":[\"Bienal 2023\",\"bienalNoticias\",\"bienal_22\"],\"inLanguage\":\"pt-BR\",\"potentialAction\":[{\"@type\":\"CommentAction\",\"name\":\"Comment\",\"target\":[\"https:\/\/portaleducacao.guarulhos.sp.gov.br\/wp_site\/portalbienal\/2022\/08\/13\/bienal-do-livro-de-guarulhos-a-criminologa-ilana-casoy-e-o-dublador-wendel-bezerra-lotam-auditorio-no-penultimo-dia-do-evento\/#respond\"]}]},{\"@type\":\"WebPage\",\"@id\":\"https:\/\/portaleducacao.guarulhos.sp.gov.br\/wp_site\/portalbienal\/2022\/08\/13\/bienal-do-livro-de-guarulhos-a-criminologa-ilana-casoy-e-o-dublador-wendel-bezerra-lotam-auditorio-no-penultimo-dia-do-evento\/\",\"url\":\"https:\/\/portaleducacao.guarulhos.sp.gov.br\/wp_site\/portalbienal\/2022\/08\/13\/bienal-do-livro-de-guarulhos-a-criminologa-ilana-casoy-e-o-dublador-wendel-bezerra-lotam-auditorio-no-penultimo-dia-do-evento\/\",\"name\":\"Bienal do Livro de Guarulhos: a crimin\u00f3loga Ilana Casoy e o dublador Wendel Bezerra lotam audit\u00f3rio no pen\u00faltimo dia do evento - Bienal do Livro de Guarulhos - 2024\",\"isPartOf\":{\"@id\":\"https:\/\/portaleducacao.guarulhos.sp.gov.br\/wp_site\/portalbienal\/#website\"},\"datePublished\":\"2022-08-13T23:50:06+00:00\",\"dateModified\":\"2024-10-16T14:16:18+00:00\",\"breadcrumb\":{\"@id\":\"https:\/\/portaleducacao.guarulhos.sp.gov.br\/wp_site\/portalbienal\/2022\/08\/13\/bienal-do-livro-de-guarulhos-a-criminologa-ilana-casoy-e-o-dublador-wendel-bezerra-lotam-auditorio-no-penultimo-dia-do-evento\/#breadcrumb\"},\"inLanguage\":\"pt-BR\",\"potentialAction\":[{\"@type\":\"ReadAction\",\"target\":[\"https:\/\/portaleducacao.guarulhos.sp.gov.br\/wp_site\/portalbienal\/2022\/08\/13\/bienal-do-livro-de-guarulhos-a-criminologa-ilana-casoy-e-o-dublador-wendel-bezerra-lotam-auditorio-no-penultimo-dia-do-evento\/\"]}]},{\"@type\":\"BreadcrumbList\",\"@id\":\"https:\/\/portaleducacao.guarulhos.sp.gov.br\/wp_site\/portalbienal\/2022\/08\/13\/bienal-do-livro-de-guarulhos-a-criminologa-ilana-casoy-e-o-dublador-wendel-bezerra-lotam-auditorio-no-penultimo-dia-do-evento\/#breadcrumb\",\"itemListElement\":[{\"@type\":\"ListItem\",\"position\":1,\"name\":\"In\u00edcio\",\"item\":\"https:\/\/portaleducacao.guarulhos.sp.gov.br\/wp_site\/portalbienal\/\"},{\"@type\":\"ListItem\",\"position\":2,\"name\":\"Bienal do Livro de Guarulhos: a crimin\u00f3loga Ilana Casoy e o dublador Wendel Bezerra lotam audit\u00f3rio no pen\u00faltimo dia do evento\"}]},{\"@type\":\"WebSite\",\"@id\":\"https:\/\/portaleducacao.guarulhos.sp.gov.br\/wp_site\/portalbienal\/#website\",\"url\":\"https:\/\/portaleducacao.guarulhos.sp.gov.br\/wp_site\/portalbienal\/\",\"name\":\"Bienal do Livro de Guarulhos - 2024\",\"description\":\"Secretaria de Educa\u00e7\u00e3o - Prefeitura de Guarulhos\",\"publisher\":{\"@id\":\"https:\/\/portaleducacao.guarulhos.sp.gov.br\/wp_site\/portalbienal\/#organization\"},\"potentialAction\":[{\"@type\":\"SearchAction\",\"target\":{\"@type\":\"EntryPoint\",\"urlTemplate\":\"https:\/\/portaleducacao.guarulhos.sp.gov.br\/wp_site\/portalbienal\/?s={search_term_string}\"},\"query-input\":\"required name=search_term_string\"}],\"inLanguage\":\"pt-BR\"},{\"@type\":\"Organization\",\"@id\":\"https:\/\/portaleducacao.guarulhos.sp.gov.br\/wp_site\/portalbienal\/#organization\",\"name\":\"Bienal do Livro de Guarulhos - 2024\",\"url\":\"https:\/\/portaleducacao.guarulhos.sp.gov.br\/wp_site\/portalbienal\/\",\"sameAs\":[],\"logo\":{\"@type\":\"ImageObject\",\"inLanguage\":\"pt-BR\",\"@id\":\"https:\/\/portaleducacao.guarulhos.sp.gov.br\/wp_site\/portalbienal\/#\/schema\/logo\/image\/\",\"url\":\"https:\/\/portaleducacao.guarulhos.sp.gov.br\/wp_site\/portalbienal\/wp-content\/uploads\/sites\/22\/2022\/07\/logo_site.jpg\",\"contentUrl\":\"https:\/\/portaleducacao.guarulhos.sp.gov.br\/wp_site\/portalbienal\/wp-content\/uploads\/sites\/22\/2022\/07\/logo_site.jpg\",\"width\":350,\"height\":100,\"caption\":\"Bienal do Livro de Guarulhos - 2024\"},\"image\":{\"@id\":\"https:\/\/portaleducacao.guarulhos.sp.gov.br\/wp_site\/portalbienal\/#\/schema\/logo\/image\/\"}},{\"@type\":\"Person\",\"@id\":\"https:\/\/portaleducacao.guarulhos.sp.gov.br\/wp_site\/portalbienal\/#\/schema\/person\/f24570405af7200fec31e52143b1a735\",\"name\":\"carlamaio\",\"image\":{\"@type\":\"ImageObject\",\"inLanguage\":\"pt-BR\",\"@id\":\"https:\/\/portaleducacao.guarulhos.sp.gov.br\/wp_site\/portalbienal\/#\/schema\/person\/image\/\",\"url\":\"https:\/\/secure.gravatar.com\/avatar\/f1d5cb10476871f2a24b60dd8cad309e?s=96&d=mm&r=g\",\"contentUrl\":\"https:\/\/secure.gravatar.com\/avatar\/f1d5cb10476871f2a24b60dd8cad309e?s=96&d=mm&r=g\",\"caption\":\"carlamaio\"},\"url\":\"https:\/\/portaleducacao.guarulhos.sp.gov.br\/wp_site\/portalbienal\/author\/carlamaio\/\"}]}<\/script>\r\n<!-- \/ Yoast SEO plugin. -->","yoast_head_json":{"title":"Bienal do Livro de Guarulhos: a crimin\u00f3loga Ilana Casoy e o dublador Wendel Bezerra lotam audit\u00f3rio no pen\u00faltimo dia do evento - Bienal do Livro de Guarulhos - 2024","robots":{"index":"index","follow":"follow","max-snippet":"max-snippet:-1","max-image-preview":"max-image-preview:large","max-video-preview":"max-video-preview:-1"},"canonical":"https:\/\/portaleducacao.guarulhos.sp.gov.br\/wp_site\/portalbienal\/2022\/08\/13\/bienal-do-livro-de-guarulhos-a-criminologa-ilana-casoy-e-o-dublador-wendel-bezerra-lotam-auditorio-no-penultimo-dia-do-evento\/","og_locale":"pt_BR","og_type":"article","og_title":"Bienal do Livro de Guarulhos: a crimin\u00f3loga Ilana Casoy e o dublador Wendel Bezerra lotam audit\u00f3rio no pen\u00faltimo dia do evento - Bienal do Livro de Guarulhos - 2024","og_description":"Wendel Bezerra, um dos dubladores mais famosos do Brasil, levou os visitantes da 2\u00aa Bienal do Livro de Guarulhos \u00e0 loucura no in\u00edcio da noite deste s\u00e1bado (13), durante bate-papo &hellip; Bienal do Livro de Guarulhos: a crimin\u00f3loga Ilana Casoy e o dublador Wendel Bezerra lotam audit\u00f3rio no pen\u00faltimo dia do evento Leia mais &raquo;","og_url":"https:\/\/portaleducacao.guarulhos.sp.gov.br\/wp_site\/portalbienal\/2022\/08\/13\/bienal-do-livro-de-guarulhos-a-criminologa-ilana-casoy-e-o-dublador-wendel-bezerra-lotam-auditorio-no-penultimo-dia-do-evento\/","og_site_name":"Bienal do Livro de Guarulhos - 2024","article_published_time":"2022-08-13T23:50:06+00:00","article_modified_time":"2024-10-16T14:16:18+00:00","og_image":[{"width":1080,"height":720,"url":"http:\/\/portaleducacao.guarulhos.sp.gov.br\/wp_site\/portalbienal\/wp-content\/uploads\/sites\/22\/2022\/08\/WhatsApp-Image-2022-08-13-at-20.45.50.jpeg","type":"image\/jpeg"}],"author":"carlamaio","twitter_card":"summary_large_image","twitter_misc":{"Escrito por":"carlamaio","Est. tempo de leitura":"2 minutos"},"schema":{"@context":"https:\/\/schema.org","@graph":[{"@type":"Article","@id":"https:\/\/portaleducacao.guarulhos.sp.gov.br\/wp_site\/portalbienal\/2022\/08\/13\/bienal-do-livro-de-guarulhos-a-criminologa-ilana-casoy-e-o-dublador-wendel-bezerra-lotam-auditorio-no-penultimo-dia-do-evento\/#article","isPartOf":{"@id":"https:\/\/portaleducacao.guarulhos.sp.gov.br\/wp_site\/portalbienal\/2022\/08\/13\/bienal-do-livro-de-guarulhos-a-criminologa-ilana-casoy-e-o-dublador-wendel-bezerra-lotam-auditorio-no-penultimo-dia-do-evento\/"},"author":{"name":"carlamaio","@id":"https:\/\/portaleducacao.guarulhos.sp.gov.br\/wp_site\/portalbienal\/#\/schema\/person\/f24570405af7200fec31e52143b1a735"},"headline":"Bienal do Livro de Guarulhos: a crimin\u00f3loga Ilana Casoy e o dublador Wendel Bezerra lotam audit\u00f3rio no pen\u00faltimo dia do evento","datePublished":"2022-08-13T23:50:06+00:00","dateModified":"2024-10-16T14:16:18+00:00","mainEntityOfPage":{"@id":"https:\/\/portaleducacao.guarulhos.sp.gov.br\/wp_site\/portalbienal\/2022\/08\/13\/bienal-do-livro-de-guarulhos-a-criminologa-ilana-casoy-e-o-dublador-wendel-bezerra-lotam-auditorio-no-penultimo-dia-do-evento\/"},"wordCount":445,"commentCount":0,"publisher":{"@id":"https:\/\/portaleducacao.guarulhos.sp.gov.br\/wp_site\/portalbienal\/#organization"},"articleSection":["Bienal 2023","bienalNoticias","bienal_22"],"inLanguage":"pt-BR","potentialAction":[{"@type":"CommentAction","name":"Comment","target":["https:\/\/portaleducacao.guarulhos.sp.gov.br\/wp_site\/portalbienal\/2022\/08\/13\/bienal-do-livro-de-guarulhos-a-criminologa-ilana-casoy-e-o-dublador-wendel-bezerra-lotam-auditorio-no-penultimo-dia-do-evento\/#respond"]}]},{"@type":"WebPage","@id":"https:\/\/portaleducacao.guarulhos.sp.gov.br\/wp_site\/portalbienal\/2022\/08\/13\/bienal-do-livro-de-guarulhos-a-criminologa-ilana-casoy-e-o-dublador-wendel-bezerra-lotam-auditorio-no-penultimo-dia-do-evento\/","url":"https:\/\/portaleducacao.guarulhos.sp.gov.br\/wp_site\/portalbienal\/2022\/08\/13\/bienal-do-livro-de-guarulhos-a-criminologa-ilana-casoy-e-o-dublador-wendel-bezerra-lotam-auditorio-no-penultimo-dia-do-evento\/","name":"Bienal do Livro de Guarulhos: a crimin\u00f3loga Ilana Casoy e o dublador Wendel Bezerra lotam audit\u00f3rio no pen\u00faltimo dia do evento - Bienal do Livro de Guarulhos - 2024","isPartOf":{"@id":"https:\/\/portaleducacao.guarulhos.sp.gov.br\/wp_site\/portalbienal\/#website"},"datePublished":"2022-08-13T23:50:06+00:00","dateModified":"2024-10-16T14:16:18+00:00","breadcrumb":{"@id":"https:\/\/portaleducacao.guarulhos.sp.gov.br\/wp_site\/portalbienal\/2022\/08\/13\/bienal-do-livro-de-guarulhos-a-criminologa-ilana-casoy-e-o-dublador-wendel-bezerra-lotam-auditorio-no-penultimo-dia-do-evento\/#breadcrumb"},"inLanguage":"pt-BR","potentialAction":[{"@type":"ReadAction","target":["https:\/\/portaleducacao.guarulhos.sp.gov.br\/wp_site\/portalbienal\/2022\/08\/13\/bienal-do-livro-de-guarulhos-a-criminologa-ilana-casoy-e-o-dublador-wendel-bezerra-lotam-auditorio-no-penultimo-dia-do-evento\/"]}]},{"@type":"BreadcrumbList","@id":"https:\/\/portaleducacao.guarulhos.sp.gov.br\/wp_site\/portalbienal\/2022\/08\/13\/bienal-do-livro-de-guarulhos-a-criminologa-ilana-casoy-e-o-dublador-wendel-bezerra-lotam-auditorio-no-penultimo-dia-do-evento\/#breadcrumb","itemListElement":[{"@type":"ListItem","position":1,"name":"In\u00edcio","item":"https:\/\/portaleducacao.guarulhos.sp.gov.br\/wp_site\/portalbienal\/"},{"@type":"ListItem","position":2,"name":"Bienal do Livro de Guarulhos: a crimin\u00f3loga Ilana Casoy e o dublador Wendel Bezerra lotam audit\u00f3rio no pen\u00faltimo dia do evento"}]},{"@type":"WebSite","@id":"https:\/\/portaleducacao.guarulhos.sp.gov.br\/wp_site\/portalbienal\/#website","url":"https:\/\/portaleducacao.guarulhos.sp.gov.br\/wp_site\/portalbienal\/","name":"Bienal do Livro de Guarulhos - 2024","description":"Secretaria de Educa\u00e7\u00e3o - Prefeitura de Guarulhos","publisher":{"@id":"https:\/\/portaleducacao.guarulhos.sp.gov.br\/wp_site\/portalbienal\/#organization"},"potentialAction":[{"@type":"SearchAction","target":{"@type":"EntryPoint","urlTemplate":"https:\/\/portaleducacao.guarulhos.sp.gov.br\/wp_site\/portalbienal\/?s={search_term_string}"},"query-input":"required name=search_term_string"}],"inLanguage":"pt-BR"},{"@type":"Organization","@id":"https:\/\/portaleducacao.guarulhos.sp.gov.br\/wp_site\/portalbienal\/#organization","name":"Bienal do Livro de Guarulhos - 2024","url":"https:\/\/portaleducacao.guarulhos.sp.gov.br\/wp_site\/portalbienal\/","sameAs":[],"logo":{"@type":"ImageObject","inLanguage":"pt-BR","@id":"https:\/\/portaleducacao.guarulhos.sp.gov.br\/wp_site\/portalbienal\/#\/schema\/logo\/image\/","url":"https:\/\/portaleducacao.guarulhos.sp.gov.br\/wp_site\/portalbienal\/wp-content\/uploads\/sites\/22\/2022\/07\/logo_site.jpg","contentUrl":"https:\/\/portaleducacao.guarulhos.sp.gov.br\/wp_site\/portalbienal\/wp-content\/uploads\/sites\/22\/2022\/07\/logo_site.jpg","width":350,"height":100,"caption":"Bienal do Livro de Guarulhos - 2024"},"image":{"@id":"https:\/\/portaleducacao.guarulhos.sp.gov.br\/wp_site\/portalbienal\/#\/schema\/logo\/image\/"}},{"@type":"Person","@id":"https:\/\/portaleducacao.guarulhos.sp.gov.br\/wp_site\/portalbienal\/#\/schema\/person\/f24570405af7200fec31e52143b1a735","name":"carlamaio","image":{"@type":"ImageObject","inLanguage":"pt-BR","@id":"https:\/\/portaleducacao.guarulhos.sp.gov.br\/wp_site\/portalbienal\/#\/schema\/person\/image\/","url":"https:\/\/secure.gravatar.com\/avatar\/f1d5cb10476871f2a24b60dd8cad309e?s=96&d=mm&r=g","contentUrl":"https:\/\/secure.gravatar.com\/avatar\/f1d5cb10476871f2a24b60dd8cad309e?s=96&d=mm&r=g","caption":"carlamaio"},"url":"https:\/\/portaleducacao.guarulhos.sp.gov.br\/wp_site\/portalbienal\/author\/carlamaio\/"}]}},"_links":{"self":[{"href":"https:\/\/portaleducacao.guarulhos.sp.gov.br\/wp_site\/portalbienal\/wp-json\/wp\/v2\/posts\/3035"}],"collection":[{"href":"https:\/\/portaleducacao.guarulhos.sp.gov.br\/wp_site\/portalbienal\/wp-json\/wp\/v2\/posts"}],"about":[{"href":"https:\/\/portaleducacao.guarulhos.sp.gov.br\/wp_site\/portalbienal\/wp-json\/wp\/v2\/types\/post"}],"author":[{"embeddable":true,"href":"https:\/\/portaleducacao.guarulhos.sp.gov.br\/wp_site\/portalbienal\/wp-json\/wp\/v2\/users\/22"}],"replies":[{"embeddable":true,"href":"https:\/\/portaleducacao.guarulhos.sp.gov.br\/wp_site\/portalbienal\/wp-json\/wp\/v2\/comments?post=3035"}],"version-history":[{"count":1,"href":"https:\/\/portaleducacao.guarulhos.sp.gov.br\/wp_site\/portalbienal\/wp-json\/wp\/v2\/posts\/3035\/revisions"}],"predecessor-version":[{"id":3037,"href":"https:\/\/portaleducacao.guarulhos.sp.gov.br\/wp_site\/portalbienal\/wp-json\/wp\/v2\/posts\/3035\/revisions\/3037"}],"wp:featuredmedia":[{"embeddable":true,"href":"https:\/\/portaleducacao.guarulhos.sp.gov.br\/wp_site\/portalbienal\/wp-json\/wp\/v2\/media\/3036"}],"wp:attachment":[{"href":"https:\/\/portaleducacao.guarulhos.sp.gov.br\/wp_site\/portalbienal\/wp-json\/wp\/v2\/media?parent=3035"}],"wp:term":[{"taxonomy":"category","embeddable":true,"href":"https:\/\/portaleducacao.guarulhos.sp.gov.br\/wp_site\/portalbienal\/wp-json\/wp\/v2\/categories?post=3035"},{"taxonomy":"post_tag","embeddable":true,"href":"https:\/\/portaleducacao.guarulhos.sp.gov.br\/wp_site\/portalbienal\/wp-json\/wp\/v2\/tags?post=3035"}],"curies":[{"name":"wp","href":"https:\/\/api.w.org\/{rel}","templated":true}]}}