{"id":8086,"date":"2024-02-16T15:15:04","date_gmt":"2024-02-16T17:15:04","guid":{"rendered":"https:\/\/portaleducacao.guarulhos.sp.gov.br\/wp_site\/portalbienal\/?p=8086"},"modified":"2024-03-13T14:40:48","modified_gmt":"2024-03-13T17:40:48","slug":"autores-guarulhenses-devem-escolher-horario-de-participacao-na-3a-bienal-do-livro","status":"publish","type":"post","link":"https:\/\/portaleducacao.guarulhos.sp.gov.br\/wp_site\/portalbienal\/2024\/02\/16\/autores-guarulhenses-devem-escolher-horario-de-participacao-na-3a-bienal-do-livro\/","title":{"rendered":"Autores guarulhenses devem escolher hor\u00e1rio de participa\u00e7\u00e3o na 3\u00aa Bienal do Livro"},"content":{"rendered":"\n<p>Autores guarulhenses credenciados na 3\u00aa Bienal Internacional do Livro de Guarulhos t\u00eam entre os dias 20 e 26 de fevereiro para escolher o hor\u00e1rio de participa\u00e7\u00e3o no evento, espa\u00e7o exclusivo para divulga\u00e7\u00e3o, exposi\u00e7\u00e3o e venda de obras liter\u00e1rias no evento. A participa\u00e7\u00e3o se dar\u00e1 nos dias e hor\u00e1rios escolhidos no per\u00edodo de realiza\u00e7\u00e3o da Bienal, que acontece de 15 a 24 de mar\u00e7o, no Espa\u00e7o Inter.<\/p>\n\n\n\n<p>Para a escolha de hor\u00e1rios, os autores credenciados devem acessar o link <strong><a href=\"http:\/\/bit.ly\/autores_guarulhenses\" target=\"_blank\" rel=\"noreferrer noopener\">bit.ly\/autores_guarulhenses<\/a><\/strong>. <br><br>No per\u00edodo de 31 de janeiro a 7 de fevereiro, os autores guarulhenses realizaram o credenciamento e, ap\u00f3s an\u00e1lise dos documentos apresentados, todos os autores receberam e-mail com a devolutiva para sua participa\u00e7\u00e3o.<\/p>\n\n\n\n<p>Em caso de d\u00favidas, entrar em contato pelo e-mail curadoriabienal@educacao.guarulhos.sp.gov.br ou pelo telefone 2475-7317, at\u00e9 o dia 19\/02, das 8h \u00e0s 20h.<\/p>\n\n\n\n<p>Toda a programa\u00e7\u00e3o da 3\u00aa Bienal Internacional do Livro de Guarulhos \u00e9 gratuita e acontece de 15 a 24 de mar\u00e7o, de segunda a s\u00e1bado, das 10h \u00e0s 22h, e aos domingos, das 10h \u00e0s 20h, no Espa\u00e7o Inter, na Av. Jo\u00e3o Cavalari, 133, Vila Herm\u00ednia.<\/p>\n\n\n\n<p>Siga <strong><a href=\"https:\/\/www.instagram.com\/bienaldolivrogru\/\" target=\"_blank\" rel=\"noreferrer noopener\">@bienaldolivrogru<\/a><\/strong> no Instagram.<\/p>\n","protected":false},"excerpt":{"rendered":"<p>Autores guarulhenses credenciados na 3\u00aa Bienal Internacional do Livro de Guarulhos t\u00eam entre os dias 20 e 26 de fevereiro para escolher o hor\u00e1rio de participa\u00e7\u00e3o no evento, espa\u00e7o exclusivo &hellip;<\/p>\n<p class=\"read-more\"> <a class=\"\" href=\"https:\/\/portaleducacao.guarulhos.sp.gov.br\/wp_site\/portalbienal\/2024\/02\/16\/autores-guarulhenses-devem-escolher-horario-de-participacao-na-3a-bienal-do-livro\/\"> <span class=\"screen-reader-text\">Autores guarulhenses devem escolher hor\u00e1rio de participa\u00e7\u00e3o na 3\u00aa Bienal do Livro<\/span> Leia mais &raquo;<\/a><\/p>\n","protected":false},"author":22,"featured_media":8089,"comment_status":"open","ping_status":"open","sticky":false,"template":"","format":"standard","meta":{"_monsterinsights_skip_tracking":false,"_monsterinsights_sitenote_active":false,"_monsterinsights_sitenote_note":"","_monsterinsights_sitenote_category":0,"site-sidebar-layout":"default","site-content-layout":"default","ast-global-header-display":"","ast-main-header-display":"","ast-hfb-above-header-display":"","ast-hfb-below-header-display":"","ast-hfb-mobile-header-display":"","site-post-title":"","ast-breadcrumbs-content":"","ast-featured-img":"","footer-sml-layout":"","theme-transparent-header-meta":"","adv-header-id-meta":"","stick-header-meta":"","header-above-stick-meta":"","header-main-stick-meta":"","header-below-stick-meta":"","_expiration-date-status":"","_expiration-date":0,"_expiration-date-type":"","_expiration-date-categories":[],"_expiration-date-options":[]},"categories":[39,37,38,40],"tags":[],"yoast_head":"<!-- This site is optimized with the Yoast SEO plugin v19.7.1 - https:\/\/yoast.com\/wordpress\/plugins\/seo\/ -->\r\n<title>Autores guarulhenses devem escolher hor\u00e1rio de participa\u00e7\u00e3o na 3\u00aa Bienal do Livro - Bienal do Livro de Guarulhos - 2024<\/title>\r\n<meta name=\"robots\" content=\"index, follow, max-snippet:-1, max-image-preview:large, max-video-preview:-1\" \/>\r\n<link rel=\"canonical\" href=\"https:\/\/portaleducacao.guarulhos.sp.gov.br\/wp_site\/portalbienal\/2024\/02\/16\/autores-guarulhenses-devem-escolher-horario-de-participacao-na-3a-bienal-do-livro\/\" \/>\r\n<meta property=\"og:locale\" content=\"pt_BR\" \/>\r\n<meta property=\"og:type\" content=\"article\" \/>\r\n<meta property=\"og:title\" content=\"Autores guarulhenses devem escolher hor\u00e1rio de participa\u00e7\u00e3o na 3\u00aa Bienal do Livro - Bienal do Livro de Guarulhos - 2024\" \/>\r\n<meta property=\"og:description\" content=\"Autores guarulhenses credenciados na 3\u00aa Bienal Internacional do Livro de Guarulhos t\u00eam entre os dias 20 e 26 de fevereiro para escolher o hor\u00e1rio de participa\u00e7\u00e3o no evento, espa\u00e7o exclusivo &hellip; Autores guarulhenses devem escolher hor\u00e1rio de participa\u00e7\u00e3o na 3\u00aa Bienal do Livro Leia mais &raquo;\" \/>\r\n<meta property=\"og:url\" content=\"https:\/\/portaleducacao.guarulhos.sp.gov.br\/wp_site\/portalbienal\/2024\/02\/16\/autores-guarulhenses-devem-escolher-horario-de-participacao-na-3a-bienal-do-livro\/\" \/>\r\n<meta property=\"og:site_name\" content=\"Bienal do Livro de Guarulhos - 2024\" \/>\r\n<meta property=\"article:published_time\" content=\"2024-02-16T17:15:04+00:00\" \/>\r\n<meta property=\"article:modified_time\" content=\"2024-03-13T17:40:48+00:00\" \/>\r\n<meta property=\"og:image\" content=\"http:\/\/portaleducacao.guarulhos.sp.gov.br\/wp_site\/portalbienal\/wp-content\/uploads\/sites\/22\/2024\/02\/WhatsApp-Image-2024-02-16-at-14.16.16.jpeg\" \/>\r\n\t<meta property=\"og:image:width\" content=\"1600\" \/>\r\n\t<meta property=\"og:image:height\" content=\"1066\" \/>\r\n\t<meta property=\"og:image:type\" content=\"image\/jpeg\" \/>\r\n<meta name=\"author\" content=\"carlamaio\" \/>\r\n<meta name=\"twitter:card\" content=\"summary_large_image\" \/>\r\n<meta name=\"twitter:label1\" content=\"Escrito por\" \/>\n\t<meta name=\"twitter:data1\" content=\"carlamaio\" \/>\n\t<meta name=\"twitter:label2\" content=\"Est. tempo de leitura\" \/>\n\t<meta name=\"twitter:data2\" content=\"2 minutos\" \/>\r\n<script type=\"application\/ld+json\" class=\"yoast-schema-graph\">{\"@context\":\"https:\/\/schema.org\",\"@graph\":[{\"@type\":\"Article\",\"@id\":\"https:\/\/portaleducacao.guarulhos.sp.gov.br\/wp_site\/portalbienal\/2024\/02\/16\/autores-guarulhenses-devem-escolher-horario-de-participacao-na-3a-bienal-do-livro\/#article\",\"isPartOf\":{\"@id\":\"https:\/\/portaleducacao.guarulhos.sp.gov.br\/wp_site\/portalbienal\/2024\/02\/16\/autores-guarulhenses-devem-escolher-horario-de-participacao-na-3a-bienal-do-livro\/\"},\"author\":{\"name\":\"carlamaio\",\"@id\":\"https:\/\/portaleducacao.guarulhos.sp.gov.br\/wp_site\/portalbienal\/#\/schema\/person\/f24570405af7200fec31e52143b1a735\"},\"headline\":\"Autores guarulhenses devem escolher hor\u00e1rio de participa\u00e7\u00e3o na 3\u00aa Bienal do Livro\",\"datePublished\":\"2024-02-16T17:15:04+00:00\",\"dateModified\":\"2024-03-13T17:40:48+00:00\",\"mainEntityOfPage\":{\"@id\":\"https:\/\/portaleducacao.guarulhos.sp.gov.br\/wp_site\/portalbienal\/2024\/02\/16\/autores-guarulhenses-devem-escolher-horario-de-participacao-na-3a-bienal-do-livro\/\"},\"wordCount\":230,\"commentCount\":0,\"publisher\":{\"@id\":\"https:\/\/portaleducacao.guarulhos.sp.gov.br\/wp_site\/portalbienal\/#organization\"},\"articleSection\":[\"2024 Not\u00edcias\",\"2024 P\u00e1gina\",\"2024 Post\",\"Bienal 2024\"],\"inLanguage\":\"pt-BR\",\"potentialAction\":[{\"@type\":\"CommentAction\",\"name\":\"Comment\",\"target\":[\"https:\/\/portaleducacao.guarulhos.sp.gov.br\/wp_site\/portalbienal\/2024\/02\/16\/autores-guarulhenses-devem-escolher-horario-de-participacao-na-3a-bienal-do-livro\/#respond\"]}]},{\"@type\":\"WebPage\",\"@id\":\"https:\/\/portaleducacao.guarulhos.sp.gov.br\/wp_site\/portalbienal\/2024\/02\/16\/autores-guarulhenses-devem-escolher-horario-de-participacao-na-3a-bienal-do-livro\/\",\"url\":\"https:\/\/portaleducacao.guarulhos.sp.gov.br\/wp_site\/portalbienal\/2024\/02\/16\/autores-guarulhenses-devem-escolher-horario-de-participacao-na-3a-bienal-do-livro\/\",\"name\":\"Autores guarulhenses devem escolher hor\u00e1rio de participa\u00e7\u00e3o na 3\u00aa Bienal do Livro - Bienal do Livro de Guarulhos - 2024\",\"isPartOf\":{\"@id\":\"https:\/\/portaleducacao.guarulhos.sp.gov.br\/wp_site\/portalbienal\/#website\"},\"datePublished\":\"2024-02-16T17:15:04+00:00\",\"dateModified\":\"2024-03-13T17:40:48+00:00\",\"breadcrumb\":{\"@id\":\"https:\/\/portaleducacao.guarulhos.sp.gov.br\/wp_site\/portalbienal\/2024\/02\/16\/autores-guarulhenses-devem-escolher-horario-de-participacao-na-3a-bienal-do-livro\/#breadcrumb\"},\"inLanguage\":\"pt-BR\",\"potentialAction\":[{\"@type\":\"ReadAction\",\"target\":[\"https:\/\/portaleducacao.guarulhos.sp.gov.br\/wp_site\/portalbienal\/2024\/02\/16\/autores-guarulhenses-devem-escolher-horario-de-participacao-na-3a-bienal-do-livro\/\"]}]},{\"@type\":\"BreadcrumbList\",\"@id\":\"https:\/\/portaleducacao.guarulhos.sp.gov.br\/wp_site\/portalbienal\/2024\/02\/16\/autores-guarulhenses-devem-escolher-horario-de-participacao-na-3a-bienal-do-livro\/#breadcrumb\",\"itemListElement\":[{\"@type\":\"ListItem\",\"position\":1,\"name\":\"In\u00edcio\",\"item\":\"https:\/\/portaleducacao.guarulhos.sp.gov.br\/wp_site\/portalbienal\/\"},{\"@type\":\"ListItem\",\"position\":2,\"name\":\"Autores guarulhenses devem escolher hor\u00e1rio de participa\u00e7\u00e3o na 3\u00aa Bienal do Livro\"}]},{\"@type\":\"WebSite\",\"@id\":\"https:\/\/portaleducacao.guarulhos.sp.gov.br\/wp_site\/portalbienal\/#website\",\"url\":\"https:\/\/portaleducacao.guarulhos.sp.gov.br\/wp_site\/portalbienal\/\",\"name\":\"Bienal do Livro de Guarulhos - 2024\",\"description\":\"Secretaria de Educa\u00e7\u00e3o - Prefeitura de Guarulhos\",\"publisher\":{\"@id\":\"https:\/\/portaleducacao.guarulhos.sp.gov.br\/wp_site\/portalbienal\/#organization\"},\"potentialAction\":[{\"@type\":\"SearchAction\",\"target\":{\"@type\":\"EntryPoint\",\"urlTemplate\":\"https:\/\/portaleducacao.guarulhos.sp.gov.br\/wp_site\/portalbienal\/?s={search_term_string}\"},\"query-input\":\"required name=search_term_string\"}],\"inLanguage\":\"pt-BR\"},{\"@type\":\"Organization\",\"@id\":\"https:\/\/portaleducacao.guarulhos.sp.gov.br\/wp_site\/portalbienal\/#organization\",\"name\":\"Bienal do Livro de Guarulhos - 2024\",\"url\":\"https:\/\/portaleducacao.guarulhos.sp.gov.br\/wp_site\/portalbienal\/\",\"sameAs\":[],\"logo\":{\"@type\":\"ImageObject\",\"inLanguage\":\"pt-BR\",\"@id\":\"https:\/\/portaleducacao.guarulhos.sp.gov.br\/wp_site\/portalbienal\/#\/schema\/logo\/image\/\",\"url\":\"https:\/\/portaleducacao.guarulhos.sp.gov.br\/wp_site\/portalbienal\/wp-content\/uploads\/sites\/22\/2022\/07\/logo_site.jpg\",\"contentUrl\":\"https:\/\/portaleducacao.guarulhos.sp.gov.br\/wp_site\/portalbienal\/wp-content\/uploads\/sites\/22\/2022\/07\/logo_site.jpg\",\"width\":350,\"height\":100,\"caption\":\"Bienal do Livro de Guarulhos - 2024\"},\"image\":{\"@id\":\"https:\/\/portaleducacao.guarulhos.sp.gov.br\/wp_site\/portalbienal\/#\/schema\/logo\/image\/\"}},{\"@type\":\"Person\",\"@id\":\"https:\/\/portaleducacao.guarulhos.sp.gov.br\/wp_site\/portalbienal\/#\/schema\/person\/f24570405af7200fec31e52143b1a735\",\"name\":\"carlamaio\",\"image\":{\"@type\":\"ImageObject\",\"inLanguage\":\"pt-BR\",\"@id\":\"https:\/\/portaleducacao.guarulhos.sp.gov.br\/wp_site\/portalbienal\/#\/schema\/person\/image\/\",\"url\":\"https:\/\/secure.gravatar.com\/avatar\/f1d5cb10476871f2a24b60dd8cad309e?s=96&d=mm&r=g\",\"contentUrl\":\"https:\/\/secure.gravatar.com\/avatar\/f1d5cb10476871f2a24b60dd8cad309e?s=96&d=mm&r=g\",\"caption\":\"carlamaio\"},\"url\":\"https:\/\/portaleducacao.guarulhos.sp.gov.br\/wp_site\/portalbienal\/author\/carlamaio\/\"}]}<\/script>\r\n<!-- \/ Yoast SEO plugin. -->","yoast_head_json":{"title":"Autores guarulhenses devem escolher hor\u00e1rio de participa\u00e7\u00e3o na 3\u00aa Bienal do Livro - Bienal do Livro de Guarulhos - 2024","robots":{"index":"index","follow":"follow","max-snippet":"max-snippet:-1","max-image-preview":"max-image-preview:large","max-video-preview":"max-video-preview:-1"},"canonical":"https:\/\/portaleducacao.guarulhos.sp.gov.br\/wp_site\/portalbienal\/2024\/02\/16\/autores-guarulhenses-devem-escolher-horario-de-participacao-na-3a-bienal-do-livro\/","og_locale":"pt_BR","og_type":"article","og_title":"Autores guarulhenses devem escolher hor\u00e1rio de participa\u00e7\u00e3o na 3\u00aa Bienal do Livro - Bienal do Livro de Guarulhos - 2024","og_description":"Autores guarulhenses credenciados na 3\u00aa Bienal Internacional do Livro de Guarulhos t\u00eam entre os dias 20 e 26 de fevereiro para escolher o hor\u00e1rio de participa\u00e7\u00e3o no evento, espa\u00e7o exclusivo &hellip; Autores guarulhenses devem escolher hor\u00e1rio de participa\u00e7\u00e3o na 3\u00aa Bienal do Livro Leia mais &raquo;","og_url":"https:\/\/portaleducacao.guarulhos.sp.gov.br\/wp_site\/portalbienal\/2024\/02\/16\/autores-guarulhenses-devem-escolher-horario-de-participacao-na-3a-bienal-do-livro\/","og_site_name":"Bienal do Livro de Guarulhos - 2024","article_published_time":"2024-02-16T17:15:04+00:00","article_modified_time":"2024-03-13T17:40:48+00:00","og_image":[{"width":1600,"height":1066,"url":"http:\/\/portaleducacao.guarulhos.sp.gov.br\/wp_site\/portalbienal\/wp-content\/uploads\/sites\/22\/2024\/02\/WhatsApp-Image-2024-02-16-at-14.16.16.jpeg","type":"image\/jpeg"}],"author":"carlamaio","twitter_card":"summary_large_image","twitter_misc":{"Escrito por":"carlamaio","Est. tempo de leitura":"2 minutos"},"schema":{"@context":"https:\/\/schema.org","@graph":[{"@type":"Article","@id":"https:\/\/portaleducacao.guarulhos.sp.gov.br\/wp_site\/portalbienal\/2024\/02\/16\/autores-guarulhenses-devem-escolher-horario-de-participacao-na-3a-bienal-do-livro\/#article","isPartOf":{"@id":"https:\/\/portaleducacao.guarulhos.sp.gov.br\/wp_site\/portalbienal\/2024\/02\/16\/autores-guarulhenses-devem-escolher-horario-de-participacao-na-3a-bienal-do-livro\/"},"author":{"name":"carlamaio","@id":"https:\/\/portaleducacao.guarulhos.sp.gov.br\/wp_site\/portalbienal\/#\/schema\/person\/f24570405af7200fec31e52143b1a735"},"headline":"Autores guarulhenses devem escolher hor\u00e1rio de participa\u00e7\u00e3o na 3\u00aa Bienal do Livro","datePublished":"2024-02-16T17:15:04+00:00","dateModified":"2024-03-13T17:40:48+00:00","mainEntityOfPage":{"@id":"https:\/\/portaleducacao.guarulhos.sp.gov.br\/wp_site\/portalbienal\/2024\/02\/16\/autores-guarulhenses-devem-escolher-horario-de-participacao-na-3a-bienal-do-livro\/"},"wordCount":230,"commentCount":0,"publisher":{"@id":"https:\/\/portaleducacao.guarulhos.sp.gov.br\/wp_site\/portalbienal\/#organization"},"articleSection":["2024 Not\u00edcias","2024 P\u00e1gina","2024 Post","Bienal 2024"],"inLanguage":"pt-BR","potentialAction":[{"@type":"CommentAction","name":"Comment","target":["https:\/\/portaleducacao.guarulhos.sp.gov.br\/wp_site\/portalbienal\/2024\/02\/16\/autores-guarulhenses-devem-escolher-horario-de-participacao-na-3a-bienal-do-livro\/#respond"]}]},{"@type":"WebPage","@id":"https:\/\/portaleducacao.guarulhos.sp.gov.br\/wp_site\/portalbienal\/2024\/02\/16\/autores-guarulhenses-devem-escolher-horario-de-participacao-na-3a-bienal-do-livro\/","url":"https:\/\/portaleducacao.guarulhos.sp.gov.br\/wp_site\/portalbienal\/2024\/02\/16\/autores-guarulhenses-devem-escolher-horario-de-participacao-na-3a-bienal-do-livro\/","name":"Autores guarulhenses devem escolher hor\u00e1rio de participa\u00e7\u00e3o na 3\u00aa Bienal do Livro - Bienal do Livro de Guarulhos - 2024","isPartOf":{"@id":"https:\/\/portaleducacao.guarulhos.sp.gov.br\/wp_site\/portalbienal\/#website"},"datePublished":"2024-02-16T17:15:04+00:00","dateModified":"2024-03-13T17:40:48+00:00","breadcrumb":{"@id":"https:\/\/portaleducacao.guarulhos.sp.gov.br\/wp_site\/portalbienal\/2024\/02\/16\/autores-guarulhenses-devem-escolher-horario-de-participacao-na-3a-bienal-do-livro\/#breadcrumb"},"inLanguage":"pt-BR","potentialAction":[{"@type":"ReadAction","target":["https:\/\/portaleducacao.guarulhos.sp.gov.br\/wp_site\/portalbienal\/2024\/02\/16\/autores-guarulhenses-devem-escolher-horario-de-participacao-na-3a-bienal-do-livro\/"]}]},{"@type":"BreadcrumbList","@id":"https:\/\/portaleducacao.guarulhos.sp.gov.br\/wp_site\/portalbienal\/2024\/02\/16\/autores-guarulhenses-devem-escolher-horario-de-participacao-na-3a-bienal-do-livro\/#breadcrumb","itemListElement":[{"@type":"ListItem","position":1,"name":"In\u00edcio","item":"https:\/\/portaleducacao.guarulhos.sp.gov.br\/wp_site\/portalbienal\/"},{"@type":"ListItem","position":2,"name":"Autores guarulhenses devem escolher hor\u00e1rio de participa\u00e7\u00e3o na 3\u00aa Bienal do Livro"}]},{"@type":"WebSite","@id":"https:\/\/portaleducacao.guarulhos.sp.gov.br\/wp_site\/portalbienal\/#website","url":"https:\/\/portaleducacao.guarulhos.sp.gov.br\/wp_site\/portalbienal\/","name":"Bienal do Livro de Guarulhos - 2024","description":"Secretaria de Educa\u00e7\u00e3o - Prefeitura de Guarulhos","publisher":{"@id":"https:\/\/portaleducacao.guarulhos.sp.gov.br\/wp_site\/portalbienal\/#organization"},"potentialAction":[{"@type":"SearchAction","target":{"@type":"EntryPoint","urlTemplate":"https:\/\/portaleducacao.guarulhos.sp.gov.br\/wp_site\/portalbienal\/?s={search_term_string}"},"query-input":"required name=search_term_string"}],"inLanguage":"pt-BR"},{"@type":"Organization","@id":"https:\/\/portaleducacao.guarulhos.sp.gov.br\/wp_site\/portalbienal\/#organization","name":"Bienal do Livro de Guarulhos - 2024","url":"https:\/\/portaleducacao.guarulhos.sp.gov.br\/wp_site\/portalbienal\/","sameAs":[],"logo":{"@type":"ImageObject","inLanguage":"pt-BR","@id":"https:\/\/portaleducacao.guarulhos.sp.gov.br\/wp_site\/portalbienal\/#\/schema\/logo\/image\/","url":"https:\/\/portaleducacao.guarulhos.sp.gov.br\/wp_site\/portalbienal\/wp-content\/uploads\/sites\/22\/2022\/07\/logo_site.jpg","contentUrl":"https:\/\/portaleducacao.guarulhos.sp.gov.br\/wp_site\/portalbienal\/wp-content\/uploads\/sites\/22\/2022\/07\/logo_site.jpg","width":350,"height":100,"caption":"Bienal do Livro de Guarulhos - 2024"},"image":{"@id":"https:\/\/portaleducacao.guarulhos.sp.gov.br\/wp_site\/portalbienal\/#\/schema\/logo\/image\/"}},{"@type":"Person","@id":"https:\/\/portaleducacao.guarulhos.sp.gov.br\/wp_site\/portalbienal\/#\/schema\/person\/f24570405af7200fec31e52143b1a735","name":"carlamaio","image":{"@type":"ImageObject","inLanguage":"pt-BR","@id":"https:\/\/portaleducacao.guarulhos.sp.gov.br\/wp_site\/portalbienal\/#\/schema\/person\/image\/","url":"https:\/\/secure.gravatar.com\/avatar\/f1d5cb10476871f2a24b60dd8cad309e?s=96&d=mm&r=g","contentUrl":"https:\/\/secure.gravatar.com\/avatar\/f1d5cb10476871f2a24b60dd8cad309e?s=96&d=mm&r=g","caption":"carlamaio"},"url":"https:\/\/portaleducacao.guarulhos.sp.gov.br\/wp_site\/portalbienal\/author\/carlamaio\/"}]}},"_links":{"self":[{"href":"https:\/\/portaleducacao.guarulhos.sp.gov.br\/wp_site\/portalbienal\/wp-json\/wp\/v2\/posts\/8086"}],"collection":[{"href":"https:\/\/portaleducacao.guarulhos.sp.gov.br\/wp_site\/portalbienal\/wp-json\/wp\/v2\/posts"}],"about":[{"href":"https:\/\/portaleducacao.guarulhos.sp.gov.br\/wp_site\/portalbienal\/wp-json\/wp\/v2\/types\/post"}],"author":[{"embeddable":true,"href":"https:\/\/portaleducacao.guarulhos.sp.gov.br\/wp_site\/portalbienal\/wp-json\/wp\/v2\/users\/22"}],"replies":[{"embeddable":true,"href":"https:\/\/portaleducacao.guarulhos.sp.gov.br\/wp_site\/portalbienal\/wp-json\/wp\/v2\/comments?post=8086"}],"version-history":[{"count":7,"href":"https:\/\/portaleducacao.guarulhos.sp.gov.br\/wp_site\/portalbienal\/wp-json\/wp\/v2\/posts\/8086\/revisions"}],"predecessor-version":[{"id":8921,"href":"https:\/\/portaleducacao.guarulhos.sp.gov.br\/wp_site\/portalbienal\/wp-json\/wp\/v2\/posts\/8086\/revisions\/8921"}],"wp:featuredmedia":[{"embeddable":true,"href":"https:\/\/portaleducacao.guarulhos.sp.gov.br\/wp_site\/portalbienal\/wp-json\/wp\/v2\/media\/8089"}],"wp:attachment":[{"href":"https:\/\/portaleducacao.guarulhos.sp.gov.br\/wp_site\/portalbienal\/wp-json\/wp\/v2\/media?parent=8086"}],"wp:term":[{"taxonomy":"category","embeddable":true,"href":"https:\/\/portaleducacao.guarulhos.sp.gov.br\/wp_site\/portalbienal\/wp-json\/wp\/v2\/categories?post=8086"},{"taxonomy":"post_tag","embeddable":true,"href":"https:\/\/portaleducacao.guarulhos.sp.gov.br\/wp_site\/portalbienal\/wp-json\/wp\/v2\/tags?post=8086"}],"curies":[{"name":"wp","href":"https:\/\/api.w.org\/{rel}","templated":true}]}}