{"id":8200,"date":"2024-02-21T14:28:19","date_gmt":"2024-02-21T17:28:19","guid":{"rendered":"https:\/\/portaleducacao.guarulhos.sp.gov.br\/wp_site\/portalbienal\/?p=8200"},"modified":"2024-02-27T09:30:56","modified_gmt":"2024-02-27T12:30:56","slug":"8200","status":"publish","type":"post","link":"https:\/\/portaleducacao.guarulhos.sp.gov.br\/wp_site\/portalbienal\/2024\/02\/21\/8200\/","title":{"rendered":"Mario Cabral"},"content":{"rendered":"\n<p><strong>Biografia<\/strong><br>&#8220;Servidor p\u00fablico Municipal, historiador (Registro Profissional:0000157\/SP) e artista. Possui, Licenciatura Plena em Hist\u00f3ria (FIG\/UNIMESP); P\u00f3s-Gradua\u00e7\u00f5es Lato Sensu: Aperfei\u00e7oamento &#8211; Movimentos Sociais e Crises Contempor\u00e2neas (UNESP),Aperfei\u00e7oamento Profissional &#8211; Educador Social (SENAC\/SP), Aperfei\u00e7oamento em Gest\u00e3o Cultural (SESI\/SP), Especializa\u00e7\u00e3o -Educa\u00e7\u00e3o, Pol\u00edtica e Sociedade (IFSP), Especializa\u00e7\u00e3o &#8211; Educa\u00e7\u00e3o em Direitos Humanos (UFABC), MBA em Gest\u00e3o P\u00fablica (FMU);T\u00e9cnico em Museologia (ETEC\/SP); Mestrado (Stricto Sensu) &#8211; Ci\u00eancias Sociais (UNIFESP). Cursando Especializa\u00e7\u00e3o em Teologia e Ensino Religioso (PUC\/SP), 2 Licenciatura em Artes Visuais (FPA) e Doutorando em Hist\u00f3ria da Arte (UNIFESP). Pesquisa o Repente Nordestino, M\u00fasica Caipira e Poesia de Cordel, e escreve cord\u00e9is com 04 livros publicados: Cord\u00e9is Dedicados (2016\/ ISBN978.85.918042.7.6), Lamentos e Mem\u00f3rias (2018\/ISBN:978.85.918042.9.0) e as colet\u00e2neas Pr\u00eamio Literatura Guarulhense (2020\/ ISBN-978.65.990719.4.2) e Pr\u00eamio Jo\u00e3o Ranali de Literatura (2022\/ ISBN-978.65.5822.207.1). Realiza atividades em outras linguagens, sendo produtor nos filmes Orlando Alvorada e Amigos (2015), Cantoria Urbana (2016\/ CPB-B18. 004402.00000) e diretor de Tupinamb\u00e1 Subiu a Serra (2020\/ CPB -B20.001602.00000), todos com o cineasta Daniel Neves . \u00c9 ator (DRT:0047834\/SP), com trabalhos em Pe\u00e7as Teatrais, Canto Coral e Filmes desde 2009 em Guarulhos \/SP por Oficinas Culturais e Projetos Independentes. Cursou a Escola Viva de Artes C\u00eanicas de Guarulhos (ESCOLA VIVA),curso livre de Teatro (2021-2022). \u00c9 estudante no Conservat\u00f3rio Municipal de Guarulhos (CMG), de teoria musical e viola caipira. \u00c9 um dos fundadores e integrantes do selo editorial &#8220;Letras do Subsolo&#8221; ,coletivo independente de literatura em Guarulhos. Conselheiro no Conselho Municipal de Pol\u00edticas Culturais (CMPC) em 02 bi\u00eanios (2017-2019 e 2019-2021) e no Conselho Diretor do Fundo Municipal de Cultura, FUNCULTURA (2019-2021), ambos em Guarulhos. \u00c9 um dos integrantes e conselheiro fiscal da Associa\u00e7\u00e3o de Cinematografia Independente de Guarulhos (ACING) desde 2019 e atualmente \u00e9 conselheiro do Conselho Municipal de Turismo de Guarulhos (COMTUR), gest\u00e3o 2022-2024. Foi autor do projeto, que concedeu o T\u00edtulo de Cidad\u00e3o Guarulhense ao violeiro, mestre de Folia de Reis e catireiro Seu Oliveira, junto com outros proponentes em 2021.&#8221;<br><br><strong>Obra Lan\u00e7ada na Bienal<\/strong><br>&#8220;SIM, COMO EDITOR DE LIVROS. T\u00cdTULOS: 1) Sensibilidade, uma Antologia de Momentos. Autor: Francisco Grosso. 26 p\u00e1ginas- Breve sinopse: O livro \u00e9 uma homenagem p\u00f3stuma da Editora Letras do Subsolo a um grande poeta da cidade, seu Francisco Grosso, conhecido tamb\u00e9m como Seu Chiquinho, que faleceu h\u00e1 exatos tr\u00eas anos. O livro \u00e9 um compilado das poesias escolhidas pelo pr\u00f3prio poeta como as poesias mais importantes e relevantes de sua vida e de como elas est\u00e3o ligadas \u00e0s suas viv\u00eancias e experi\u00eancias por onde passava, apresentando seus trabalhos art\u00edsticos. Um ser humano de sensibilidade \u00edmpar, uma humildade fora do comum, Seu Chiquinho fazia parte de saraus, tanto dos modelos mais tradicionais, como dos mais recentes. Como um &#8220;bom velhinho&#8221; e muito simp\u00e1tico, era bem conhecido em batalhas do Slam do Prego de Guarulhos, apresentando sempre seus trabalhos com seu jeito doce e calmo, em microfone aberto. Nunca deixava de incentivar e apreciar a arte e a poesia dos mais jovens. Esse compilado das poesias do poeta, al\u00e9m de uma homenagem p\u00f3stuma, serve tamb\u00e9m como um registro para posteridade da atua\u00e7\u00e3o desse poeta aqui na cidade. Poeta que fez parte de movimentos liter\u00e1rios desde a d\u00e9cada de 80, como o Letra Viva, o Sarau do Castelo Hansen at\u00e9 as participa\u00e7\u00f5es no Slam do Prego, sob o comando de Monique Martins e Wesley D&#8217;Oeste. G\u00eanero: POESIA. ISBN( ainda em tramita\u00e7\u00e3o). 2)Mais uma dose, por favor! Autora: Maya de Andrade. 61 p\u00e1ginas. Breve Sinopse: Mayane \u00e9 uma jovem perif\u00e9rica que vislumbra nesse projeto a possibilidade de publicar seu primeiro livro, reuni\u00e3o de poesias que guardou durante anos e que agora apresenta neste projeto. Mayane \u00e9 poetisa e escritora guarulhense. Atriz, formada pela Escola Viva de Artes C\u00eanicas de Guarulhos em 2016 e Graduada em Letras\/ Portugu\u00eas (bacharelado) pela Faculdade Est\u00e1cio de S\u00e1 (2023). Tem experi\u00eancias com oficinas culturais e trabalho volunt\u00e1rio com atendimento ao p\u00fablico em projetos sociais. G\u00eanero : POESIA. ISBN: 978-65-00-49341-2.&#8221;<br><br><strong>Obras Presentes na Bienal<\/strong><br>1) Sensibilidade, uma Antologia de Momentos. Autor: Francisco Grosso. Ano 2024 )Mais uma dose, por favor! Autora: Maya de Andrade. Ano 2024<\/p>\n\n\n\n<p><\/p>\n","protected":false},"excerpt":{"rendered":"<p>Biografia&#8220;Servidor p\u00fablico Municipal, historiador (Registro Profissional:0000157\/SP) e artista. Possui, Licenciatura Plena em Hist\u00f3ria (FIG\/UNIMESP); P\u00f3s-Gradua\u00e7\u00f5es Lato Sensu: Aperfei\u00e7oamento &#8211; Movimentos Sociais e Crises Contempor\u00e2neas (UNESP),Aperfei\u00e7oamento Profissional &#8211; Educador Social (SENAC\/SP), &hellip;<\/p>\n<p class=\"read-more\"> <a class=\"\" href=\"https:\/\/portaleducacao.guarulhos.sp.gov.br\/wp_site\/portalbienal\/2024\/02\/21\/8200\/\"> <span class=\"screen-reader-text\">Mario Cabral<\/span> Leia mais &raquo;<\/a><\/p>\n","protected":false},"author":16,"featured_media":8201,"comment_status":"open","ping_status":"open","sticky":false,"template":"","format":"standard","meta":{"_monsterinsights_skip_tracking":false,"_monsterinsights_sitenote_active":false,"_monsterinsights_sitenote_note":"","_monsterinsights_sitenote_category":0,"site-sidebar-layout":"default","site-content-layout":"default","ast-global-header-display":"","ast-main-header-display":"","ast-hfb-above-header-display":"","ast-hfb-below-header-display":"","ast-hfb-mobile-header-display":"","site-post-title":"","ast-breadcrumbs-content":"","ast-featured-img":"","footer-sml-layout":"","theme-transparent-header-meta":"","adv-header-id-meta":"","stick-header-meta":"","header-above-stick-meta":"","header-main-stick-meta":"","header-below-stick-meta":"","_expiration-date-status":"","_expiration-date":1709565881,"_expiration-date-type":"draft","_expiration-date-categories":[],"_expiration-date-options":[]},"categories":[44],"tags":[],"yoast_head":"<!-- This site is optimized with the Yoast SEO plugin v19.7.1 - https:\/\/yoast.com\/wordpress\/plugins\/seo\/ -->\r\n<title>Mario Cabral - Bienal do Livro de Guarulhos - 2024<\/title>\r\n<meta name=\"robots\" content=\"index, follow, max-snippet:-1, max-image-preview:large, max-video-preview:-1\" \/>\r\n<link rel=\"canonical\" href=\"https:\/\/portaleducacao.guarulhos.sp.gov.br\/wp_site\/portalbienal\/2024\/02\/21\/8200\/\" \/>\r\n<meta property=\"og:locale\" content=\"pt_BR\" \/>\r\n<meta property=\"og:type\" content=\"article\" \/>\r\n<meta property=\"og:title\" content=\"Mario Cabral - Bienal do Livro de Guarulhos - 2024\" \/>\r\n<meta property=\"og:description\" content=\"Biografia&#8220;Servidor p\u00fablico Municipal, historiador (Registro Profissional:0000157\/SP) e artista. Possui, Licenciatura Plena em Hist\u00f3ria (FIG\/UNIMESP); P\u00f3s-Gradua\u00e7\u00f5es Lato Sensu: Aperfei\u00e7oamento &#8211; Movimentos Sociais e Crises Contempor\u00e2neas (UNESP),Aperfei\u00e7oamento Profissional &#8211; Educador Social (SENAC\/SP), &hellip; Mario Cabral Leia mais &raquo;\" \/>\r\n<meta property=\"og:url\" content=\"https:\/\/portaleducacao.guarulhos.sp.gov.br\/wp_site\/portalbienal\/2024\/02\/21\/8200\/\" \/>\r\n<meta property=\"og:site_name\" content=\"Bienal do Livro de Guarulhos - 2024\" \/>\r\n<meta property=\"article:published_time\" content=\"2024-02-21T17:28:19+00:00\" \/>\r\n<meta property=\"article:modified_time\" content=\"2024-02-27T12:30:56+00:00\" \/>\r\n<meta property=\"og:image\" content=\"http:\/\/portaleducacao.guarulhos.sp.gov.br\/wp_site\/portalbienal\/wp-content\/uploads\/sites\/22\/2024\/02\/Mario-Cabral.jpg\" \/>\r\n\t<meta property=\"og:image:width\" content=\"900\" \/>\r\n\t<meta property=\"og:image:height\" content=\"900\" \/>\r\n\t<meta property=\"og:image:type\" content=\"image\/jpeg\" \/>\r\n<meta name=\"author\" content=\"bienal\" \/>\r\n<meta name=\"twitter:card\" content=\"summary_large_image\" \/>\r\n<meta name=\"twitter:label1\" content=\"Escrito por\" \/>\n\t<meta name=\"twitter:data1\" content=\"bienal\" \/>\n\t<meta name=\"twitter:label2\" content=\"Est. tempo de leitura\" \/>\n\t<meta name=\"twitter:data2\" content=\"4 minutos\" \/>\r\n<script type=\"application\/ld+json\" class=\"yoast-schema-graph\">{\"@context\":\"https:\/\/schema.org\",\"@graph\":[{\"@type\":\"Article\",\"@id\":\"https:\/\/portaleducacao.guarulhos.sp.gov.br\/wp_site\/portalbienal\/2024\/02\/21\/8200\/#article\",\"isPartOf\":{\"@id\":\"https:\/\/portaleducacao.guarulhos.sp.gov.br\/wp_site\/portalbienal\/2024\/02\/21\/8200\/\"},\"author\":{\"name\":\"bienal\",\"@id\":\"https:\/\/portaleducacao.guarulhos.sp.gov.br\/wp_site\/portalbienal\/#\/schema\/person\/f6c143949a6552f31c04b9d44097eb74\"},\"headline\":\"Mario Cabral\",\"datePublished\":\"2024-02-21T17:28:19+00:00\",\"dateModified\":\"2024-02-27T12:30:56+00:00\",\"mainEntityOfPage\":{\"@id\":\"https:\/\/portaleducacao.guarulhos.sp.gov.br\/wp_site\/portalbienal\/2024\/02\/21\/8200\/\"},\"wordCount\":721,\"commentCount\":0,\"publisher\":{\"@id\":\"https:\/\/portaleducacao.guarulhos.sp.gov.br\/wp_site\/portalbienal\/#organization\"},\"articleSection\":[\"autorGru2024\"],\"inLanguage\":\"pt-BR\",\"potentialAction\":[{\"@type\":\"CommentAction\",\"name\":\"Comment\",\"target\":[\"https:\/\/portaleducacao.guarulhos.sp.gov.br\/wp_site\/portalbienal\/2024\/02\/21\/8200\/#respond\"]}]},{\"@type\":\"WebPage\",\"@id\":\"https:\/\/portaleducacao.guarulhos.sp.gov.br\/wp_site\/portalbienal\/2024\/02\/21\/8200\/\",\"url\":\"https:\/\/portaleducacao.guarulhos.sp.gov.br\/wp_site\/portalbienal\/2024\/02\/21\/8200\/\",\"name\":\"Mario Cabral - Bienal do Livro de Guarulhos - 2024\",\"isPartOf\":{\"@id\":\"https:\/\/portaleducacao.guarulhos.sp.gov.br\/wp_site\/portalbienal\/#website\"},\"datePublished\":\"2024-02-21T17:28:19+00:00\",\"dateModified\":\"2024-02-27T12:30:56+00:00\",\"breadcrumb\":{\"@id\":\"https:\/\/portaleducacao.guarulhos.sp.gov.br\/wp_site\/portalbienal\/2024\/02\/21\/8200\/#breadcrumb\"},\"inLanguage\":\"pt-BR\",\"potentialAction\":[{\"@type\":\"ReadAction\",\"target\":[\"https:\/\/portaleducacao.guarulhos.sp.gov.br\/wp_site\/portalbienal\/2024\/02\/21\/8200\/\"]}]},{\"@type\":\"BreadcrumbList\",\"@id\":\"https:\/\/portaleducacao.guarulhos.sp.gov.br\/wp_site\/portalbienal\/2024\/02\/21\/8200\/#breadcrumb\",\"itemListElement\":[{\"@type\":\"ListItem\",\"position\":1,\"name\":\"In\u00edcio\",\"item\":\"https:\/\/portaleducacao.guarulhos.sp.gov.br\/wp_site\/portalbienal\/\"},{\"@type\":\"ListItem\",\"position\":2,\"name\":\"Mario Cabral\"}]},{\"@type\":\"WebSite\",\"@id\":\"https:\/\/portaleducacao.guarulhos.sp.gov.br\/wp_site\/portalbienal\/#website\",\"url\":\"https:\/\/portaleducacao.guarulhos.sp.gov.br\/wp_site\/portalbienal\/\",\"name\":\"Bienal do Livro de Guarulhos - 2024\",\"description\":\"Secretaria de Educa\u00e7\u00e3o - Prefeitura de Guarulhos\",\"publisher\":{\"@id\":\"https:\/\/portaleducacao.guarulhos.sp.gov.br\/wp_site\/portalbienal\/#organization\"},\"potentialAction\":[{\"@type\":\"SearchAction\",\"target\":{\"@type\":\"EntryPoint\",\"urlTemplate\":\"https:\/\/portaleducacao.guarulhos.sp.gov.br\/wp_site\/portalbienal\/?s={search_term_string}\"},\"query-input\":\"required name=search_term_string\"}],\"inLanguage\":\"pt-BR\"},{\"@type\":\"Organization\",\"@id\":\"https:\/\/portaleducacao.guarulhos.sp.gov.br\/wp_site\/portalbienal\/#organization\",\"name\":\"Bienal do Livro de Guarulhos - 2024\",\"url\":\"https:\/\/portaleducacao.guarulhos.sp.gov.br\/wp_site\/portalbienal\/\",\"sameAs\":[],\"logo\":{\"@type\":\"ImageObject\",\"inLanguage\":\"pt-BR\",\"@id\":\"https:\/\/portaleducacao.guarulhos.sp.gov.br\/wp_site\/portalbienal\/#\/schema\/logo\/image\/\",\"url\":\"https:\/\/portaleducacao.guarulhos.sp.gov.br\/wp_site\/portalbienal\/wp-content\/uploads\/sites\/22\/2022\/07\/logo_site.jpg\",\"contentUrl\":\"https:\/\/portaleducacao.guarulhos.sp.gov.br\/wp_site\/portalbienal\/wp-content\/uploads\/sites\/22\/2022\/07\/logo_site.jpg\",\"width\":350,\"height\":100,\"caption\":\"Bienal do Livro de Guarulhos - 2024\"},\"image\":{\"@id\":\"https:\/\/portaleducacao.guarulhos.sp.gov.br\/wp_site\/portalbienal\/#\/schema\/logo\/image\/\"}},{\"@type\":\"Person\",\"@id\":\"https:\/\/portaleducacao.guarulhos.sp.gov.br\/wp_site\/portalbienal\/#\/schema\/person\/f6c143949a6552f31c04b9d44097eb74\",\"name\":\"bienal\",\"image\":{\"@type\":\"ImageObject\",\"inLanguage\":\"pt-BR\",\"@id\":\"https:\/\/portaleducacao.guarulhos.sp.gov.br\/wp_site\/portalbienal\/#\/schema\/person\/image\/\",\"url\":\"https:\/\/secure.gravatar.com\/avatar\/dbc6e930183843dc385846c81a08a16d?s=96&d=mm&r=g\",\"contentUrl\":\"https:\/\/secure.gravatar.com\/avatar\/dbc6e930183843dc385846c81a08a16d?s=96&d=mm&r=g\",\"caption\":\"bienal\"},\"url\":\"https:\/\/portaleducacao.guarulhos.sp.gov.br\/wp_site\/portalbienal\/author\/bienal\/\"}]}<\/script>\r\n<!-- \/ Yoast SEO plugin. -->","yoast_head_json":{"title":"Mario Cabral - Bienal do Livro de Guarulhos - 2024","robots":{"index":"index","follow":"follow","max-snippet":"max-snippet:-1","max-image-preview":"max-image-preview:large","max-video-preview":"max-video-preview:-1"},"canonical":"https:\/\/portaleducacao.guarulhos.sp.gov.br\/wp_site\/portalbienal\/2024\/02\/21\/8200\/","og_locale":"pt_BR","og_type":"article","og_title":"Mario Cabral - Bienal do Livro de Guarulhos - 2024","og_description":"Biografia&#8220;Servidor p\u00fablico Municipal, historiador (Registro Profissional:0000157\/SP) e artista. Possui, Licenciatura Plena em Hist\u00f3ria (FIG\/UNIMESP); P\u00f3s-Gradua\u00e7\u00f5es Lato Sensu: Aperfei\u00e7oamento &#8211; Movimentos Sociais e Crises Contempor\u00e2neas (UNESP),Aperfei\u00e7oamento Profissional &#8211; Educador Social (SENAC\/SP), &hellip; Mario Cabral Leia mais &raquo;","og_url":"https:\/\/portaleducacao.guarulhos.sp.gov.br\/wp_site\/portalbienal\/2024\/02\/21\/8200\/","og_site_name":"Bienal do Livro de Guarulhos - 2024","article_published_time":"2024-02-21T17:28:19+00:00","article_modified_time":"2024-02-27T12:30:56+00:00","og_image":[{"width":900,"height":900,"url":"http:\/\/portaleducacao.guarulhos.sp.gov.br\/wp_site\/portalbienal\/wp-content\/uploads\/sites\/22\/2024\/02\/Mario-Cabral.jpg","type":"image\/jpeg"}],"author":"bienal","twitter_card":"summary_large_image","twitter_misc":{"Escrito por":"bienal","Est. tempo de leitura":"4 minutos"},"schema":{"@context":"https:\/\/schema.org","@graph":[{"@type":"Article","@id":"https:\/\/portaleducacao.guarulhos.sp.gov.br\/wp_site\/portalbienal\/2024\/02\/21\/8200\/#article","isPartOf":{"@id":"https:\/\/portaleducacao.guarulhos.sp.gov.br\/wp_site\/portalbienal\/2024\/02\/21\/8200\/"},"author":{"name":"bienal","@id":"https:\/\/portaleducacao.guarulhos.sp.gov.br\/wp_site\/portalbienal\/#\/schema\/person\/f6c143949a6552f31c04b9d44097eb74"},"headline":"Mario Cabral","datePublished":"2024-02-21T17:28:19+00:00","dateModified":"2024-02-27T12:30:56+00:00","mainEntityOfPage":{"@id":"https:\/\/portaleducacao.guarulhos.sp.gov.br\/wp_site\/portalbienal\/2024\/02\/21\/8200\/"},"wordCount":721,"commentCount":0,"publisher":{"@id":"https:\/\/portaleducacao.guarulhos.sp.gov.br\/wp_site\/portalbienal\/#organization"},"articleSection":["autorGru2024"],"inLanguage":"pt-BR","potentialAction":[{"@type":"CommentAction","name":"Comment","target":["https:\/\/portaleducacao.guarulhos.sp.gov.br\/wp_site\/portalbienal\/2024\/02\/21\/8200\/#respond"]}]},{"@type":"WebPage","@id":"https:\/\/portaleducacao.guarulhos.sp.gov.br\/wp_site\/portalbienal\/2024\/02\/21\/8200\/","url":"https:\/\/portaleducacao.guarulhos.sp.gov.br\/wp_site\/portalbienal\/2024\/02\/21\/8200\/","name":"Mario Cabral - Bienal do Livro de Guarulhos - 2024","isPartOf":{"@id":"https:\/\/portaleducacao.guarulhos.sp.gov.br\/wp_site\/portalbienal\/#website"},"datePublished":"2024-02-21T17:28:19+00:00","dateModified":"2024-02-27T12:30:56+00:00","breadcrumb":{"@id":"https:\/\/portaleducacao.guarulhos.sp.gov.br\/wp_site\/portalbienal\/2024\/02\/21\/8200\/#breadcrumb"},"inLanguage":"pt-BR","potentialAction":[{"@type":"ReadAction","target":["https:\/\/portaleducacao.guarulhos.sp.gov.br\/wp_site\/portalbienal\/2024\/02\/21\/8200\/"]}]},{"@type":"BreadcrumbList","@id":"https:\/\/portaleducacao.guarulhos.sp.gov.br\/wp_site\/portalbienal\/2024\/02\/21\/8200\/#breadcrumb","itemListElement":[{"@type":"ListItem","position":1,"name":"In\u00edcio","item":"https:\/\/portaleducacao.guarulhos.sp.gov.br\/wp_site\/portalbienal\/"},{"@type":"ListItem","position":2,"name":"Mario Cabral"}]},{"@type":"WebSite","@id":"https:\/\/portaleducacao.guarulhos.sp.gov.br\/wp_site\/portalbienal\/#website","url":"https:\/\/portaleducacao.guarulhos.sp.gov.br\/wp_site\/portalbienal\/","name":"Bienal do Livro de Guarulhos - 2024","description":"Secretaria de Educa\u00e7\u00e3o - Prefeitura de Guarulhos","publisher":{"@id":"https:\/\/portaleducacao.guarulhos.sp.gov.br\/wp_site\/portalbienal\/#organization"},"potentialAction":[{"@type":"SearchAction","target":{"@type":"EntryPoint","urlTemplate":"https:\/\/portaleducacao.guarulhos.sp.gov.br\/wp_site\/portalbienal\/?s={search_term_string}"},"query-input":"required name=search_term_string"}],"inLanguage":"pt-BR"},{"@type":"Organization","@id":"https:\/\/portaleducacao.guarulhos.sp.gov.br\/wp_site\/portalbienal\/#organization","name":"Bienal do Livro de Guarulhos - 2024","url":"https:\/\/portaleducacao.guarulhos.sp.gov.br\/wp_site\/portalbienal\/","sameAs":[],"logo":{"@type":"ImageObject","inLanguage":"pt-BR","@id":"https:\/\/portaleducacao.guarulhos.sp.gov.br\/wp_site\/portalbienal\/#\/schema\/logo\/image\/","url":"https:\/\/portaleducacao.guarulhos.sp.gov.br\/wp_site\/portalbienal\/wp-content\/uploads\/sites\/22\/2022\/07\/logo_site.jpg","contentUrl":"https:\/\/portaleducacao.guarulhos.sp.gov.br\/wp_site\/portalbienal\/wp-content\/uploads\/sites\/22\/2022\/07\/logo_site.jpg","width":350,"height":100,"caption":"Bienal do Livro de Guarulhos - 2024"},"image":{"@id":"https:\/\/portaleducacao.guarulhos.sp.gov.br\/wp_site\/portalbienal\/#\/schema\/logo\/image\/"}},{"@type":"Person","@id":"https:\/\/portaleducacao.guarulhos.sp.gov.br\/wp_site\/portalbienal\/#\/schema\/person\/f6c143949a6552f31c04b9d44097eb74","name":"bienal","image":{"@type":"ImageObject","inLanguage":"pt-BR","@id":"https:\/\/portaleducacao.guarulhos.sp.gov.br\/wp_site\/portalbienal\/#\/schema\/person\/image\/","url":"https:\/\/secure.gravatar.com\/avatar\/dbc6e930183843dc385846c81a08a16d?s=96&d=mm&r=g","contentUrl":"https:\/\/secure.gravatar.com\/avatar\/dbc6e930183843dc385846c81a08a16d?s=96&d=mm&r=g","caption":"bienal"},"url":"https:\/\/portaleducacao.guarulhos.sp.gov.br\/wp_site\/portalbienal\/author\/bienal\/"}]}},"_links":{"self":[{"href":"https:\/\/portaleducacao.guarulhos.sp.gov.br\/wp_site\/portalbienal\/wp-json\/wp\/v2\/posts\/8200"}],"collection":[{"href":"https:\/\/portaleducacao.guarulhos.sp.gov.br\/wp_site\/portalbienal\/wp-json\/wp\/v2\/posts"}],"about":[{"href":"https:\/\/portaleducacao.guarulhos.sp.gov.br\/wp_site\/portalbienal\/wp-json\/wp\/v2\/types\/post"}],"author":[{"embeddable":true,"href":"https:\/\/portaleducacao.guarulhos.sp.gov.br\/wp_site\/portalbienal\/wp-json\/wp\/v2\/users\/16"}],"replies":[{"embeddable":true,"href":"https:\/\/portaleducacao.guarulhos.sp.gov.br\/wp_site\/portalbienal\/wp-json\/wp\/v2\/comments?post=8200"}],"version-history":[{"count":2,"href":"https:\/\/portaleducacao.guarulhos.sp.gov.br\/wp_site\/portalbienal\/wp-json\/wp\/v2\/posts\/8200\/revisions"}],"predecessor-version":[{"id":8408,"href":"https:\/\/portaleducacao.guarulhos.sp.gov.br\/wp_site\/portalbienal\/wp-json\/wp\/v2\/posts\/8200\/revisions\/8408"}],"wp:featuredmedia":[{"embeddable":true,"href":"https:\/\/portaleducacao.guarulhos.sp.gov.br\/wp_site\/portalbienal\/wp-json\/wp\/v2\/media\/8201"}],"wp:attachment":[{"href":"https:\/\/portaleducacao.guarulhos.sp.gov.br\/wp_site\/portalbienal\/wp-json\/wp\/v2\/media?parent=8200"}],"wp:term":[{"taxonomy":"category","embeddable":true,"href":"https:\/\/portaleducacao.guarulhos.sp.gov.br\/wp_site\/portalbienal\/wp-json\/wp\/v2\/categories?post=8200"},{"taxonomy":"post_tag","embeddable":true,"href":"https:\/\/portaleducacao.guarulhos.sp.gov.br\/wp_site\/portalbienal\/wp-json\/wp\/v2\/tags?post=8200"}],"curies":[{"name":"wp","href":"https:\/\/api.w.org\/{rel}","templated":true}]}}