{"id":8235,"date":"2024-02-21T15:32:25","date_gmt":"2024-02-21T18:32:25","guid":{"rendered":"https:\/\/portaleducacao.guarulhos.sp.gov.br\/wp_site\/portalbienal\/?p=8235"},"modified":"2024-02-27T09:29:49","modified_gmt":"2024-02-27T12:29:49","slug":"yve-de-oliveira","status":"publish","type":"post","link":"https:\/\/portaleducacao.guarulhos.sp.gov.br\/wp_site\/portalbienal\/2024\/02\/21\/yve-de-oliveira\/","title":{"rendered":"YVE DE OLIVEIRA"},"content":{"rendered":"\n<p><strong>Biografia<\/strong><br>Escritora guarulhense destaque do Pr\u00eamio Off Flip de Poesia 2023 e do projeto CEP 2022 do SESC Guarulhos, Yve de Oliveira \u00e9 poetisa, comunicadora h\u00e1 duas d\u00e9cadas e autora do livro Yo Voc\u00ea We &#8211; Minhas Experi\u00eancias com o Amor. Com sua poesia existencialista, a autora vem chamando a aten\u00e7\u00e3o do p\u00fablico leitor em eventos como a Bienal do Livro de Guarulhos, Festival Liter\u00e1rio de Diadema \u2013 FLID, Festival Liter\u00e1rio da UNG &#8211; FLIUNG, bem como nas colet\u00e2neas 1001 Poemas, da Editora Casa Brasileira de Livros e antologias Recome\u00e7ar e Tod@s El@s em N\u00f3s, da Quincas Editora. Diretora Criativa da LUY Editorial e Gerente Editorial na Quincas Editora, Yve acumula reconhecimento na apresenta\u00e7\u00e3o de programas, media\u00e7\u00e3o de eventos liter\u00e1rios, onde entrevistou artistas como Dado Villa Lobos, Marcelo Jeneci, Daniela Mercury, Leandro Karnal, Tico Santa Cruz, Antonio Skarmeta e na assessoria de imprensa do TEDxGuarulhos, A autora tamb\u00e9m \u00e9 Pedagoga, especialista em EduComunica\u00e7\u00e3o e vem continuamente aprofundando seus conhecimentos em cursos como Teoria U, Design Thinking, Comunica\u00e7\u00e3o Inclusiva, Comunica\u00e7\u00e3o N\u00e3o Violenta &#8211; CNV, Semi\u00f3tica e Tarot<br><br><strong>Obra Lan\u00e7ada na Bienal<\/strong><br>T\u00edtulo: An\u00edsia &#8211; Equilibrando as Tempestades Data da Publica\u00e7\u00e3o: Janeiro\/2024 Editora: Quincas Editora\/ Selo LUY Editorial Quantidade de P\u00e1ginas: 38 Sinopse: An\u00edsia era uma nuvem repleta de raios que h\u00e1 tempos vivia pesada, acreditando que a solid\u00e3o era a sua \u00fanica companhia. Um dia conhece Ant\u00f4nio, um amigo em forma de vento, que a ajuda com amorosidade, no reconhecimento de si mesma e suas emo\u00e7\u00f5es. Com uma mensagem poderosa, An\u00edsia \u00e9 uma hist\u00f3ria que mostra ao p\u00fablico infanto-juvenil, a import\u00e2ncia do autoconhecimento e da busca por ajuda quando a vida parece desafiadora demais. Em sua jornada, a personagem destaca a import\u00e2ncia das crian\u00e7as e jovens aprenderem a expressar e elaborar os sentimentos, a fim de clarificarem as suas emo\u00e7\u00f5es mal digeridas fluindo, assim, em harmonia na vida. Este livro escrito pela comunicadora Yve de Oliveira e ilustrado pelo seu filho Gustavo Luy \u00e9 ainda um convite para abrirmos o cora\u00e7\u00e3o, nos lembrando que a amizade verdadeira pode ser encontrada nos lugares mais inesperados. G\u00eanero da Obra: Infantojuvenil ISBN: 978-65-00-92310-0<br><br><strong>Obras Presentes na Bienal<br><\/strong>An\u00edsia &#8211; Equilibrando as Tempestades Data da Publica\u00e7\u00e3o: Janeiro\/2024 Editora: Quincas Editora\/ Selo LUY Editorial Quantidade de P\u00e1ginas: 38 Sinopse: An\u00edsia era uma nuvem repleta de raios que h\u00e1 tempos vivia pesada, acreditando que a solid\u00e3o era a sua \u00fanica companhia. Um dia conhece Ant\u00f4nio, um amigo em forma de vento, que a ajuda com amorosidade, no reconhecimento de si mesma e suas emo\u00e7\u00f5es. Com uma mensagem poderosa, An\u00edsia \u00e9 uma hist\u00f3ria que mostra ao p\u00fablico infanto-juvenil, a import\u00e2ncia do autoconhecimento e da busca por ajuda quando a vida parece desafiadora demais. Em sua jornada, a personagem destaca a import\u00e2ncia das crian\u00e7as e jovens aprenderem a expressar e elaborar os sentimentos, a fim de clarificarem as suas emo\u00e7\u00f5es mal digeridas fluindo, assim, em harmonia na vida. Este livro escrito pela comunicadora Yve de Oliveira e ilustrado pelo seu filho Gustavo Luy \u00e9 ainda um convite para abrirmos o cora\u00e7\u00e3o, nos lembrando que a amizade verdadeira pode ser encontrada nos lugares mais inesperados. G\u00eanero da Obra: Infantojuvenil ISBN: 978-65-00-92310-0 T\u00edtulo: Yo Voc\u00ea We &#8211; Minhas Experi\u00eancias com o Amor Data de publica\u00e7\u00e3o: 2019 Editora: Publica\u00e7\u00e3o Independente Quantidade de P\u00e1ginas: 104 Sinopse: Yo Voc\u00ea We \u00e9 o retrato da narrativa pessoal da autora Yve de Oliveira em busca da excel\u00eancia no amor rom\u00e2ntico. Uma catarse bonita e corajosa onde os versos detalham as diversas etapas que passamos quando nos dedicamos a amar e sermos amados por algu\u00e9m. \u00c9 not\u00f3rio observar a sua expectativa juvenil em alguns dos textos, principalmente nas fases iniciais dos romances, onde n\u00e3o percebia a diferen\u00e7a entre compartilhar a vida com algu\u00e9m ou viver para algu\u00e9m, na loucura de imaginar que o outro deveria estar ali o tempo todo para ela, como um salvador. Ao ler permita-se navegar em suas pr\u00f3prias mem\u00f3rias afetivas, compreendendo a import\u00e2ncia de todas as etapas. Da paix\u00e3o, ao t\u00e9dio. Da ilus\u00e3o, ao fim da rela\u00e7\u00e3o. Das aprendizagens, da import\u00e2ncia do perd\u00e3o e as curas poss\u00edveis que podemos ter quando nos permitimos elaborar criativamente as nossas experi\u00eancias. \u00c9 um livro leve e repleto de belas fotografias em preto e branco que corroboram delicadamente com os versos autobiogr\u00e1ficos da escritora. Uma narrativa po\u00e9tica que conta a hist\u00f3ria de todos n\u00f3s. G\u00eanero da Obra: Poesia ISBN: 978-85-7138-140-7 T\u00edtulo: Recome\u00e7ar &#8211; Colet\u00e2nea de Poesias Data publica\u00e7\u00e3o: 2022 Editora: Quincas Editora Quantidade de p\u00e1ginas: 37 Sinopse: Esta \u00e9 a primeira colet\u00e2nea liter\u00e1ria da Quincas Editora. Nasceram juntas, praticamente, a editora e a colet\u00e2nea. Quase no mesmo dia. Recome\u00e7ar \u00e9 a voca\u00e7\u00e3o maior do ser humano. N\u00e3o fosse assim, j\u00e1 ter\u00edamos sido extintos, tantas s\u00e3o as adversidades que enfrentamos, individual ou coletivamente. Agora mesmo, enquanto voc\u00ea l\u00ea este texto, h\u00e1 milh\u00f5es de brasileiros e brasileiras tentando recome\u00e7ar, revendo suas prioridades, descobrindo novos talentos, voltando ao ponto de partida, erguendo-se das cinzas. N\u00e3o \u00e0 toa escolhemos a f\u00eanix para nossa capa. G\u00eanero: Poesia ISBN: 978-65-998269-0-0 T\u00edtulo: Tod@s El@s em N\u00f3s Data de Publica\u00e7\u00e3o: 2023 Editora: Quincas Editora Quantidade de p\u00e1ginas: 44 Sinopse: Tod@s El@s em n\u00f3s \u00e9 uma colet\u00e2nea de 14 textos escritos por mulheres que expressam seus sentimentos e contam hist\u00f3rias sobre relacionamentos, estere\u00f3tipos, os desafios do cotidiano feminino, a solid\u00e3o, a perda e o luto. Esta \u00e9 a terceira colet\u00e2nea publicada pela Quincas Editora e est\u00e1 recheada de textos inspiradores para todas as mulheres. Venha mergulhar nas hist\u00f3rias dessas mulheres incr\u00edveis! G\u00eanero: Poesia ISBN: 978-65998269-3-1<br><br><\/p>\n","protected":false},"excerpt":{"rendered":"<p>BiografiaEscritora guarulhense destaque do Pr\u00eamio Off Flip de Poesia 2023 e do projeto CEP 2022 do SESC Guarulhos, Yve de Oliveira \u00e9 poetisa, comunicadora h\u00e1 duas d\u00e9cadas e autora do &hellip;<\/p>\n<p class=\"read-more\"> <a class=\"\" href=\"https:\/\/portaleducacao.guarulhos.sp.gov.br\/wp_site\/portalbienal\/2024\/02\/21\/yve-de-oliveira\/\"> <span class=\"screen-reader-text\">YVE DE OLIVEIRA<\/span> Leia mais &raquo;<\/a><\/p>\n","protected":false},"author":16,"featured_media":8236,"comment_status":"open","ping_status":"open","sticky":false,"template":"","format":"standard","meta":{"_monsterinsights_skip_tracking":false,"_monsterinsights_sitenote_active":false,"_monsterinsights_sitenote_note":"","_monsterinsights_sitenote_category":0,"site-sidebar-layout":"default","site-content-layout":"default","ast-global-header-display":"","ast-main-header-display":"","ast-hfb-above-header-display":"","ast-hfb-below-header-display":"","ast-hfb-mobile-header-display":"","site-post-title":"","ast-breadcrumbs-content":"","ast-featured-img":"","footer-sml-layout":"","theme-transparent-header-meta":"","adv-header-id-meta":"","stick-header-meta":"","header-above-stick-meta":"","header-main-stick-meta":"","header-below-stick-meta":"","_expiration-date-status":"","_expiration-date":1709144776,"_expiration-date-type":"draft","_expiration-date-categories":[],"_expiration-date-options":[]},"categories":[44],"tags":[],"yoast_head":"<!-- This site is optimized with the Yoast SEO plugin v19.7.1 - https:\/\/yoast.com\/wordpress\/plugins\/seo\/ -->\r\n<title>YVE DE OLIVEIRA - Bienal do Livro de Guarulhos - 2024<\/title>\r\n<meta name=\"robots\" content=\"index, follow, max-snippet:-1, max-image-preview:large, max-video-preview:-1\" \/>\r\n<link rel=\"canonical\" href=\"https:\/\/portaleducacao.guarulhos.sp.gov.br\/wp_site\/portalbienal\/2024\/02\/21\/yve-de-oliveira\/\" \/>\r\n<meta property=\"og:locale\" content=\"pt_BR\" \/>\r\n<meta property=\"og:type\" content=\"article\" \/>\r\n<meta property=\"og:title\" content=\"YVE DE OLIVEIRA - Bienal do Livro de Guarulhos - 2024\" \/>\r\n<meta property=\"og:description\" content=\"BiografiaEscritora guarulhense destaque do Pr\u00eamio Off Flip de Poesia 2023 e do projeto CEP 2022 do SESC Guarulhos, Yve de Oliveira \u00e9 poetisa, comunicadora h\u00e1 duas d\u00e9cadas e autora do &hellip; YVE DE OLIVEIRA Leia mais &raquo;\" \/>\r\n<meta property=\"og:url\" content=\"https:\/\/portaleducacao.guarulhos.sp.gov.br\/wp_site\/portalbienal\/2024\/02\/21\/yve-de-oliveira\/\" \/>\r\n<meta property=\"og:site_name\" content=\"Bienal do Livro de Guarulhos - 2024\" \/>\r\n<meta property=\"article:published_time\" content=\"2024-02-21T18:32:25+00:00\" \/>\r\n<meta property=\"article:modified_time\" content=\"2024-02-27T12:29:49+00:00\" \/>\r\n<meta property=\"og:image\" content=\"http:\/\/portaleducacao.guarulhos.sp.gov.br\/wp_site\/portalbienal\/wp-content\/uploads\/sites\/22\/2024\/02\/Yve-de-Oliveira.jpg\" \/>\r\n\t<meta property=\"og:image:width\" content=\"900\" \/>\r\n\t<meta property=\"og:image:height\" content=\"900\" \/>\r\n\t<meta property=\"og:image:type\" content=\"image\/jpeg\" \/>\r\n<meta name=\"author\" content=\"bienal\" \/>\r\n<meta name=\"twitter:card\" content=\"summary_large_image\" \/>\r\n<meta name=\"twitter:label1\" content=\"Escrito por\" \/>\n\t<meta name=\"twitter:data1\" content=\"bienal\" \/>\n\t<meta name=\"twitter:label2\" content=\"Est. tempo de leitura\" \/>\n\t<meta name=\"twitter:data2\" content=\"5 minutos\" \/>\r\n<script type=\"application\/ld+json\" class=\"yoast-schema-graph\">{\"@context\":\"https:\/\/schema.org\",\"@graph\":[{\"@type\":\"Article\",\"@id\":\"https:\/\/portaleducacao.guarulhos.sp.gov.br\/wp_site\/portalbienal\/2024\/02\/21\/yve-de-oliveira\/#article\",\"isPartOf\":{\"@id\":\"https:\/\/portaleducacao.guarulhos.sp.gov.br\/wp_site\/portalbienal\/2024\/02\/21\/yve-de-oliveira\/\"},\"author\":{\"name\":\"bienal\",\"@id\":\"https:\/\/portaleducacao.guarulhos.sp.gov.br\/wp_site\/portalbienal\/#\/schema\/person\/f6c143949a6552f31c04b9d44097eb74\"},\"headline\":\"YVE DE OLIVEIRA\",\"datePublished\":\"2024-02-21T18:32:25+00:00\",\"dateModified\":\"2024-02-27T12:29:49+00:00\",\"mainEntityOfPage\":{\"@id\":\"https:\/\/portaleducacao.guarulhos.sp.gov.br\/wp_site\/portalbienal\/2024\/02\/21\/yve-de-oliveira\/\"},\"wordCount\":1030,\"commentCount\":0,\"publisher\":{\"@id\":\"https:\/\/portaleducacao.guarulhos.sp.gov.br\/wp_site\/portalbienal\/#organization\"},\"articleSection\":[\"autorGru2024\"],\"inLanguage\":\"pt-BR\",\"potentialAction\":[{\"@type\":\"CommentAction\",\"name\":\"Comment\",\"target\":[\"https:\/\/portaleducacao.guarulhos.sp.gov.br\/wp_site\/portalbienal\/2024\/02\/21\/yve-de-oliveira\/#respond\"]}]},{\"@type\":\"WebPage\",\"@id\":\"https:\/\/portaleducacao.guarulhos.sp.gov.br\/wp_site\/portalbienal\/2024\/02\/21\/yve-de-oliveira\/\",\"url\":\"https:\/\/portaleducacao.guarulhos.sp.gov.br\/wp_site\/portalbienal\/2024\/02\/21\/yve-de-oliveira\/\",\"name\":\"YVE DE OLIVEIRA - Bienal do Livro de Guarulhos - 2024\",\"isPartOf\":{\"@id\":\"https:\/\/portaleducacao.guarulhos.sp.gov.br\/wp_site\/portalbienal\/#website\"},\"datePublished\":\"2024-02-21T18:32:25+00:00\",\"dateModified\":\"2024-02-27T12:29:49+00:00\",\"breadcrumb\":{\"@id\":\"https:\/\/portaleducacao.guarulhos.sp.gov.br\/wp_site\/portalbienal\/2024\/02\/21\/yve-de-oliveira\/#breadcrumb\"},\"inLanguage\":\"pt-BR\",\"potentialAction\":[{\"@type\":\"ReadAction\",\"target\":[\"https:\/\/portaleducacao.guarulhos.sp.gov.br\/wp_site\/portalbienal\/2024\/02\/21\/yve-de-oliveira\/\"]}]},{\"@type\":\"BreadcrumbList\",\"@id\":\"https:\/\/portaleducacao.guarulhos.sp.gov.br\/wp_site\/portalbienal\/2024\/02\/21\/yve-de-oliveira\/#breadcrumb\",\"itemListElement\":[{\"@type\":\"ListItem\",\"position\":1,\"name\":\"In\u00edcio\",\"item\":\"https:\/\/portaleducacao.guarulhos.sp.gov.br\/wp_site\/portalbienal\/\"},{\"@type\":\"ListItem\",\"position\":2,\"name\":\"YVE DE OLIVEIRA\"}]},{\"@type\":\"WebSite\",\"@id\":\"https:\/\/portaleducacao.guarulhos.sp.gov.br\/wp_site\/portalbienal\/#website\",\"url\":\"https:\/\/portaleducacao.guarulhos.sp.gov.br\/wp_site\/portalbienal\/\",\"name\":\"Bienal do Livro de Guarulhos - 2024\",\"description\":\"Secretaria de Educa\u00e7\u00e3o - Prefeitura de Guarulhos\",\"publisher\":{\"@id\":\"https:\/\/portaleducacao.guarulhos.sp.gov.br\/wp_site\/portalbienal\/#organization\"},\"potentialAction\":[{\"@type\":\"SearchAction\",\"target\":{\"@type\":\"EntryPoint\",\"urlTemplate\":\"https:\/\/portaleducacao.guarulhos.sp.gov.br\/wp_site\/portalbienal\/?s={search_term_string}\"},\"query-input\":\"required name=search_term_string\"}],\"inLanguage\":\"pt-BR\"},{\"@type\":\"Organization\",\"@id\":\"https:\/\/portaleducacao.guarulhos.sp.gov.br\/wp_site\/portalbienal\/#organization\",\"name\":\"Bienal do Livro de Guarulhos - 2024\",\"url\":\"https:\/\/portaleducacao.guarulhos.sp.gov.br\/wp_site\/portalbienal\/\",\"sameAs\":[],\"logo\":{\"@type\":\"ImageObject\",\"inLanguage\":\"pt-BR\",\"@id\":\"https:\/\/portaleducacao.guarulhos.sp.gov.br\/wp_site\/portalbienal\/#\/schema\/logo\/image\/\",\"url\":\"https:\/\/portaleducacao.guarulhos.sp.gov.br\/wp_site\/portalbienal\/wp-content\/uploads\/sites\/22\/2022\/07\/logo_site.jpg\",\"contentUrl\":\"https:\/\/portaleducacao.guarulhos.sp.gov.br\/wp_site\/portalbienal\/wp-content\/uploads\/sites\/22\/2022\/07\/logo_site.jpg\",\"width\":350,\"height\":100,\"caption\":\"Bienal do Livro de Guarulhos - 2024\"},\"image\":{\"@id\":\"https:\/\/portaleducacao.guarulhos.sp.gov.br\/wp_site\/portalbienal\/#\/schema\/logo\/image\/\"}},{\"@type\":\"Person\",\"@id\":\"https:\/\/portaleducacao.guarulhos.sp.gov.br\/wp_site\/portalbienal\/#\/schema\/person\/f6c143949a6552f31c04b9d44097eb74\",\"name\":\"bienal\",\"image\":{\"@type\":\"ImageObject\",\"inLanguage\":\"pt-BR\",\"@id\":\"https:\/\/portaleducacao.guarulhos.sp.gov.br\/wp_site\/portalbienal\/#\/schema\/person\/image\/\",\"url\":\"https:\/\/secure.gravatar.com\/avatar\/dbc6e930183843dc385846c81a08a16d?s=96&d=mm&r=g\",\"contentUrl\":\"https:\/\/secure.gravatar.com\/avatar\/dbc6e930183843dc385846c81a08a16d?s=96&d=mm&r=g\",\"caption\":\"bienal\"},\"url\":\"https:\/\/portaleducacao.guarulhos.sp.gov.br\/wp_site\/portalbienal\/author\/bienal\/\"}]}<\/script>\r\n<!-- \/ Yoast SEO plugin. -->","yoast_head_json":{"title":"YVE DE OLIVEIRA - Bienal do Livro de Guarulhos - 2024","robots":{"index":"index","follow":"follow","max-snippet":"max-snippet:-1","max-image-preview":"max-image-preview:large","max-video-preview":"max-video-preview:-1"},"canonical":"https:\/\/portaleducacao.guarulhos.sp.gov.br\/wp_site\/portalbienal\/2024\/02\/21\/yve-de-oliveira\/","og_locale":"pt_BR","og_type":"article","og_title":"YVE DE OLIVEIRA - Bienal do Livro de Guarulhos - 2024","og_description":"BiografiaEscritora guarulhense destaque do Pr\u00eamio Off Flip de Poesia 2023 e do projeto CEP 2022 do SESC Guarulhos, Yve de Oliveira \u00e9 poetisa, comunicadora h\u00e1 duas d\u00e9cadas e autora do &hellip; YVE DE OLIVEIRA Leia mais &raquo;","og_url":"https:\/\/portaleducacao.guarulhos.sp.gov.br\/wp_site\/portalbienal\/2024\/02\/21\/yve-de-oliveira\/","og_site_name":"Bienal do Livro de Guarulhos - 2024","article_published_time":"2024-02-21T18:32:25+00:00","article_modified_time":"2024-02-27T12:29:49+00:00","og_image":[{"width":900,"height":900,"url":"http:\/\/portaleducacao.guarulhos.sp.gov.br\/wp_site\/portalbienal\/wp-content\/uploads\/sites\/22\/2024\/02\/Yve-de-Oliveira.jpg","type":"image\/jpeg"}],"author":"bienal","twitter_card":"summary_large_image","twitter_misc":{"Escrito por":"bienal","Est. tempo de leitura":"5 minutos"},"schema":{"@context":"https:\/\/schema.org","@graph":[{"@type":"Article","@id":"https:\/\/portaleducacao.guarulhos.sp.gov.br\/wp_site\/portalbienal\/2024\/02\/21\/yve-de-oliveira\/#article","isPartOf":{"@id":"https:\/\/portaleducacao.guarulhos.sp.gov.br\/wp_site\/portalbienal\/2024\/02\/21\/yve-de-oliveira\/"},"author":{"name":"bienal","@id":"https:\/\/portaleducacao.guarulhos.sp.gov.br\/wp_site\/portalbienal\/#\/schema\/person\/f6c143949a6552f31c04b9d44097eb74"},"headline":"YVE DE OLIVEIRA","datePublished":"2024-02-21T18:32:25+00:00","dateModified":"2024-02-27T12:29:49+00:00","mainEntityOfPage":{"@id":"https:\/\/portaleducacao.guarulhos.sp.gov.br\/wp_site\/portalbienal\/2024\/02\/21\/yve-de-oliveira\/"},"wordCount":1030,"commentCount":0,"publisher":{"@id":"https:\/\/portaleducacao.guarulhos.sp.gov.br\/wp_site\/portalbienal\/#organization"},"articleSection":["autorGru2024"],"inLanguage":"pt-BR","potentialAction":[{"@type":"CommentAction","name":"Comment","target":["https:\/\/portaleducacao.guarulhos.sp.gov.br\/wp_site\/portalbienal\/2024\/02\/21\/yve-de-oliveira\/#respond"]}]},{"@type":"WebPage","@id":"https:\/\/portaleducacao.guarulhos.sp.gov.br\/wp_site\/portalbienal\/2024\/02\/21\/yve-de-oliveira\/","url":"https:\/\/portaleducacao.guarulhos.sp.gov.br\/wp_site\/portalbienal\/2024\/02\/21\/yve-de-oliveira\/","name":"YVE DE OLIVEIRA - Bienal do Livro de Guarulhos - 2024","isPartOf":{"@id":"https:\/\/portaleducacao.guarulhos.sp.gov.br\/wp_site\/portalbienal\/#website"},"datePublished":"2024-02-21T18:32:25+00:00","dateModified":"2024-02-27T12:29:49+00:00","breadcrumb":{"@id":"https:\/\/portaleducacao.guarulhos.sp.gov.br\/wp_site\/portalbienal\/2024\/02\/21\/yve-de-oliveira\/#breadcrumb"},"inLanguage":"pt-BR","potentialAction":[{"@type":"ReadAction","target":["https:\/\/portaleducacao.guarulhos.sp.gov.br\/wp_site\/portalbienal\/2024\/02\/21\/yve-de-oliveira\/"]}]},{"@type":"BreadcrumbList","@id":"https:\/\/portaleducacao.guarulhos.sp.gov.br\/wp_site\/portalbienal\/2024\/02\/21\/yve-de-oliveira\/#breadcrumb","itemListElement":[{"@type":"ListItem","position":1,"name":"In\u00edcio","item":"https:\/\/portaleducacao.guarulhos.sp.gov.br\/wp_site\/portalbienal\/"},{"@type":"ListItem","position":2,"name":"YVE DE OLIVEIRA"}]},{"@type":"WebSite","@id":"https:\/\/portaleducacao.guarulhos.sp.gov.br\/wp_site\/portalbienal\/#website","url":"https:\/\/portaleducacao.guarulhos.sp.gov.br\/wp_site\/portalbienal\/","name":"Bienal do Livro de Guarulhos - 2024","description":"Secretaria de Educa\u00e7\u00e3o - Prefeitura de Guarulhos","publisher":{"@id":"https:\/\/portaleducacao.guarulhos.sp.gov.br\/wp_site\/portalbienal\/#organization"},"potentialAction":[{"@type":"SearchAction","target":{"@type":"EntryPoint","urlTemplate":"https:\/\/portaleducacao.guarulhos.sp.gov.br\/wp_site\/portalbienal\/?s={search_term_string}"},"query-input":"required name=search_term_string"}],"inLanguage":"pt-BR"},{"@type":"Organization","@id":"https:\/\/portaleducacao.guarulhos.sp.gov.br\/wp_site\/portalbienal\/#organization","name":"Bienal do Livro de Guarulhos - 2024","url":"https:\/\/portaleducacao.guarulhos.sp.gov.br\/wp_site\/portalbienal\/","sameAs":[],"logo":{"@type":"ImageObject","inLanguage":"pt-BR","@id":"https:\/\/portaleducacao.guarulhos.sp.gov.br\/wp_site\/portalbienal\/#\/schema\/logo\/image\/","url":"https:\/\/portaleducacao.guarulhos.sp.gov.br\/wp_site\/portalbienal\/wp-content\/uploads\/sites\/22\/2022\/07\/logo_site.jpg","contentUrl":"https:\/\/portaleducacao.guarulhos.sp.gov.br\/wp_site\/portalbienal\/wp-content\/uploads\/sites\/22\/2022\/07\/logo_site.jpg","width":350,"height":100,"caption":"Bienal do Livro de Guarulhos - 2024"},"image":{"@id":"https:\/\/portaleducacao.guarulhos.sp.gov.br\/wp_site\/portalbienal\/#\/schema\/logo\/image\/"}},{"@type":"Person","@id":"https:\/\/portaleducacao.guarulhos.sp.gov.br\/wp_site\/portalbienal\/#\/schema\/person\/f6c143949a6552f31c04b9d44097eb74","name":"bienal","image":{"@type":"ImageObject","inLanguage":"pt-BR","@id":"https:\/\/portaleducacao.guarulhos.sp.gov.br\/wp_site\/portalbienal\/#\/schema\/person\/image\/","url":"https:\/\/secure.gravatar.com\/avatar\/dbc6e930183843dc385846c81a08a16d?s=96&d=mm&r=g","contentUrl":"https:\/\/secure.gravatar.com\/avatar\/dbc6e930183843dc385846c81a08a16d?s=96&d=mm&r=g","caption":"bienal"},"url":"https:\/\/portaleducacao.guarulhos.sp.gov.br\/wp_site\/portalbienal\/author\/bienal\/"}]}},"_links":{"self":[{"href":"https:\/\/portaleducacao.guarulhos.sp.gov.br\/wp_site\/portalbienal\/wp-json\/wp\/v2\/posts\/8235"}],"collection":[{"href":"https:\/\/portaleducacao.guarulhos.sp.gov.br\/wp_site\/portalbienal\/wp-json\/wp\/v2\/posts"}],"about":[{"href":"https:\/\/portaleducacao.guarulhos.sp.gov.br\/wp_site\/portalbienal\/wp-json\/wp\/v2\/types\/post"}],"author":[{"embeddable":true,"href":"https:\/\/portaleducacao.guarulhos.sp.gov.br\/wp_site\/portalbienal\/wp-json\/wp\/v2\/users\/16"}],"replies":[{"embeddable":true,"href":"https:\/\/portaleducacao.guarulhos.sp.gov.br\/wp_site\/portalbienal\/wp-json\/wp\/v2\/comments?post=8235"}],"version-history":[{"count":1,"href":"https:\/\/portaleducacao.guarulhos.sp.gov.br\/wp_site\/portalbienal\/wp-json\/wp\/v2\/posts\/8235\/revisions"}],"predecessor-version":[{"id":8237,"href":"https:\/\/portaleducacao.guarulhos.sp.gov.br\/wp_site\/portalbienal\/wp-json\/wp\/v2\/posts\/8235\/revisions\/8237"}],"wp:featuredmedia":[{"embeddable":true,"href":"https:\/\/portaleducacao.guarulhos.sp.gov.br\/wp_site\/portalbienal\/wp-json\/wp\/v2\/media\/8236"}],"wp:attachment":[{"href":"https:\/\/portaleducacao.guarulhos.sp.gov.br\/wp_site\/portalbienal\/wp-json\/wp\/v2\/media?parent=8235"}],"wp:term":[{"taxonomy":"category","embeddable":true,"href":"https:\/\/portaleducacao.guarulhos.sp.gov.br\/wp_site\/portalbienal\/wp-json\/wp\/v2\/categories?post=8235"},{"taxonomy":"post_tag","embeddable":true,"href":"https:\/\/portaleducacao.guarulhos.sp.gov.br\/wp_site\/portalbienal\/wp-json\/wp\/v2\/tags?post=8235"}],"curies":[{"name":"wp","href":"https:\/\/api.w.org\/{rel}","templated":true}]}}