{"id":8252,"date":"2024-02-22T11:08:32","date_gmt":"2024-02-22T14:08:32","guid":{"rendered":"https:\/\/portaleducacao.guarulhos.sp.gov.br\/wp_site\/portalbienal\/?p=8252"},"modified":"2024-02-27T09:30:38","modified_gmt":"2024-02-27T12:30:38","slug":"fabio-cardoso-dos-santos","status":"publish","type":"post","link":"https:\/\/portaleducacao.guarulhos.sp.gov.br\/wp_site\/portalbienal\/2024\/02\/22\/fabio-cardoso-dos-santos\/","title":{"rendered":"FABIO CARDOSO DOS SANTOS"},"content":{"rendered":"\n<p><strong>Biografia<\/strong><br>\u00c9 Doutor em Lingu\u00edstica Aplicada e Estudos da Linguagem pela Pontif\u00edcia Universidade Cat\u00f3lica de S\u00e3o Paulo &#8211; PUC\/SP; Mestre em Lingu\u00edstica; Graduado em Pedagogia, Letras &#8211; Portugu\u00eas Ingl\u00eas, Educa\u00e7\u00e3o Art\u00edstica &#8211; Artes Pl\u00e1sticas e Geografia. Possui Especializa\u00e7\u00e3o (Lato Sensu) em Psicopedagogia Cl\u00ednica e Institucional; em Alfabetiza\u00e7\u00e3o e Letramento e em Arte na Educa\u00e7\u00e3o; Especializa\u00e7\u00e3o em Neuropsicolingu\u00edstica na Educa\u00e7\u00e3o &#8211; Portugal. Atualmente \u00e9 Diretor na Faculdade Academus &#8211; FAAC em Guarulhos. E tamb\u00e9m \u00e9 membro titular na Academia Guarulhense de Letras &#8211; AGL, ocupando a cadeira n\u00famero 28. Coordena o curso de Pedagogia EAD na FAAC. \u00c9 membro do Conselho Editorial da Revista Dialogando Saberes. \u00c9 professor Honor\u00e1rio pela Proficoncept &#8211; pelo Instituto Portugu\u00eas do Desporto e Juventude &#8211; Portugal. Coordena o grupo de estudo &#8220;Escola, Discurso e Sociedade na perspectiva Bakhtiniana&#8221; na Faculdade Academus. \u00c9 membro do Conselho Consultivo da ABBri &#8211; Associa\u00e7\u00e3o Brasileira de Brinquedotecas. Assessora na prepara\u00e7\u00e3o de Brinquedotecas. \u00c9 Parecerista da Revista DELTA &#8211; PUC\/SP. Atua tamb\u00e9m na Capacita\u00e7\u00e3o Docente nas \u00e1reas de: Alfabetiza\u00e7\u00e3o e Letramento, Literatura Infantil, Leitura e Escrita no processo de alfabetiza\u00e7\u00e3o, Leitura dos quadrinhos que inclui: Tirinhas, Charges, Cartuns e Hist\u00f3ria em Quadrinhos &#8211; HQ, Leitura verbo visual, Leitura e An\u00e1lise de Material Did\u00e1tico, Forma\u00e7\u00e3o dos espa\u00e7os L\u00fadicos e Brinquedotecas, Neuropsicolingu\u00edstica e Psicolingu\u00edstica. Assessora diversas institui\u00e7\u00f5es nos cursos de Gradua\u00e7\u00e3o e, em espec\u00edfico, na \u00e1rea da Educa\u00e7\u00e3o e na \u00e1rea Social. \u00c9 autor de livros publicados pela Cortez Editora. O livro de Literatura Infantil &#8220;Hist\u00f3rias que a menina-serpente&#8221; contou foi selecionado em 2007 pelo PNBE\/MEC e distribu\u00eddo \u00e0s escolas p\u00fablicas de Ensino Fundamental. Em 2013, foram publicados os livros: &#8220;Alfabetizar letrando com a literatura infantil e As doceiras, ambos pela referida editora. O livro Alfabetizar Letrando com a Literatura Infantil concorreu ao Pr\u00eamio Jabuti 2014. \u00c9 tamb\u00e9m autor da WAK Editora e organizou do livro &#8220;A Conta\u00e7\u00e3o de Hist\u00f3rias como contribui\u00e7\u00e3o \u00e5 Neuroeduca\u00e7\u00e3o&#8221; em 2016. Assessora na prepara\u00e7\u00e3o de Brinquedotecas. \u00c9 tamb\u00e9m professor tutor EAD. \u00c9 editor na Miraculus Editora.<br><br><strong>Obra Lan\u00e7ada na bienal<\/strong><br>&#8220;O Reino do Seu Lobato: o come\u00e7o dos tempos O Reino do Seu Lobato: o mist\u00e9rio do Ves\u00favio Respeitando de A a Z&#8221;<br><br><strong>Obra presente na Bienal<\/strong><br>Hist\u00f3rias que a menina serpente contou; As doceiras; O pescador e o Rei; Respeitando de A a Z; O Reino do Seu Lobato: o come\u00e7o dos tempos; O Reino do Seu Lobato: o mist\u00e9rio do Ves\u00favio; Alfabetizar letrando com a literatura infantil; A literatura no caminho da hist\u00f3ria e geografia; entre outros.<\/p>\n","protected":false},"excerpt":{"rendered":"<p>Biografia\u00c9 Doutor em Lingu\u00edstica Aplicada e Estudos da Linguagem pela Pontif\u00edcia Universidade Cat\u00f3lica de S\u00e3o Paulo &#8211; PUC\/SP; Mestre em Lingu\u00edstica; Graduado em Pedagogia, Letras &#8211; Portugu\u00eas Ingl\u00eas, Educa\u00e7\u00e3o Art\u00edstica &hellip;<\/p>\n<p class=\"read-more\"> <a class=\"\" href=\"https:\/\/portaleducacao.guarulhos.sp.gov.br\/wp_site\/portalbienal\/2024\/02\/22\/fabio-cardoso-dos-santos\/\"> <span class=\"screen-reader-text\">FABIO CARDOSO DOS SANTOS<\/span> Leia mais &raquo;<\/a><\/p>\n","protected":false},"author":16,"featured_media":8254,"comment_status":"open","ping_status":"open","sticky":false,"template":"","format":"standard","meta":{"_monsterinsights_skip_tracking":false,"_monsterinsights_sitenote_active":false,"_monsterinsights_sitenote_note":"","_monsterinsights_sitenote_category":0,"site-sidebar-layout":"default","site-content-layout":"default","ast-global-header-display":"","ast-main-header-display":"","ast-hfb-above-header-display":"","ast-hfb-below-header-display":"","ast-hfb-mobile-header-display":"","site-post-title":"","ast-breadcrumbs-content":"","ast-featured-img":"","footer-sml-layout":"","theme-transparent-header-meta":"","adv-header-id-meta":"","stick-header-meta":"","header-above-stick-meta":"","header-main-stick-meta":"","header-below-stick-meta":"","_expiration-date-status":"","_expiration-date":1709215475,"_expiration-date-type":"draft","_expiration-date-categories":[],"_expiration-date-options":[]},"categories":[44],"tags":[],"yoast_head":"<!-- This site is optimized with the Yoast SEO plugin v19.7.1 - https:\/\/yoast.com\/wordpress\/plugins\/seo\/ -->\r\n<title>FABIO CARDOSO DOS SANTOS - Bienal do Livro de Guarulhos - 2024<\/title>\r\n<meta name=\"robots\" content=\"index, follow, max-snippet:-1, max-image-preview:large, max-video-preview:-1\" \/>\r\n<link rel=\"canonical\" href=\"https:\/\/portaleducacao.guarulhos.sp.gov.br\/wp_site\/portalbienal\/2024\/02\/22\/fabio-cardoso-dos-santos\/\" \/>\r\n<meta property=\"og:locale\" content=\"pt_BR\" \/>\r\n<meta property=\"og:type\" content=\"article\" \/>\r\n<meta property=\"og:title\" content=\"FABIO CARDOSO DOS SANTOS - Bienal do Livro de Guarulhos - 2024\" \/>\r\n<meta property=\"og:description\" content=\"Biografia\u00c9 Doutor em Lingu\u00edstica Aplicada e Estudos da Linguagem pela Pontif\u00edcia Universidade Cat\u00f3lica de S\u00e3o Paulo &#8211; PUC\/SP; Mestre em Lingu\u00edstica; Graduado em Pedagogia, Letras &#8211; Portugu\u00eas Ingl\u00eas, Educa\u00e7\u00e3o Art\u00edstica &hellip; FABIO CARDOSO DOS SANTOS Leia mais &raquo;\" \/>\r\n<meta property=\"og:url\" content=\"https:\/\/portaleducacao.guarulhos.sp.gov.br\/wp_site\/portalbienal\/2024\/02\/22\/fabio-cardoso-dos-santos\/\" \/>\r\n<meta property=\"og:site_name\" content=\"Bienal do Livro de Guarulhos - 2024\" \/>\r\n<meta property=\"article:published_time\" content=\"2024-02-22T14:08:32+00:00\" \/>\r\n<meta property=\"article:modified_time\" content=\"2024-02-27T12:30:38+00:00\" \/>\r\n<meta property=\"og:image\" content=\"http:\/\/portaleducacao.guarulhos.sp.gov.br\/wp_site\/portalbienal\/wp-content\/uploads\/sites\/22\/2024\/02\/fabioCardoso.jpg\" \/>\r\n\t<meta property=\"og:image:width\" content=\"900\" \/>\r\n\t<meta property=\"og:image:height\" content=\"900\" \/>\r\n\t<meta property=\"og:image:type\" content=\"image\/jpeg\" \/>\r\n<meta name=\"author\" content=\"bienal\" \/>\r\n<meta name=\"twitter:card\" content=\"summary_large_image\" \/>\r\n<meta name=\"twitter:label1\" content=\"Escrito por\" \/>\n\t<meta name=\"twitter:data1\" content=\"bienal\" \/>\n\t<meta name=\"twitter:label2\" content=\"Est. tempo de leitura\" \/>\n\t<meta name=\"twitter:data2\" content=\"3 minutos\" \/>\r\n<script type=\"application\/ld+json\" class=\"yoast-schema-graph\">{\"@context\":\"https:\/\/schema.org\",\"@graph\":[{\"@type\":\"Article\",\"@id\":\"https:\/\/portaleducacao.guarulhos.sp.gov.br\/wp_site\/portalbienal\/2024\/02\/22\/fabio-cardoso-dos-santos\/#article\",\"isPartOf\":{\"@id\":\"https:\/\/portaleducacao.guarulhos.sp.gov.br\/wp_site\/portalbienal\/2024\/02\/22\/fabio-cardoso-dos-santos\/\"},\"author\":{\"name\":\"bienal\",\"@id\":\"https:\/\/portaleducacao.guarulhos.sp.gov.br\/wp_site\/portalbienal\/#\/schema\/person\/f6c143949a6552f31c04b9d44097eb74\"},\"headline\":\"FABIO CARDOSO DOS SANTOS\",\"datePublished\":\"2024-02-22T14:08:32+00:00\",\"dateModified\":\"2024-02-27T12:30:38+00:00\",\"mainEntityOfPage\":{\"@id\":\"https:\/\/portaleducacao.guarulhos.sp.gov.br\/wp_site\/portalbienal\/2024\/02\/22\/fabio-cardoso-dos-santos\/\"},\"wordCount\":483,\"commentCount\":0,\"publisher\":{\"@id\":\"https:\/\/portaleducacao.guarulhos.sp.gov.br\/wp_site\/portalbienal\/#organization\"},\"articleSection\":[\"autorGru2024\"],\"inLanguage\":\"pt-BR\",\"potentialAction\":[{\"@type\":\"CommentAction\",\"name\":\"Comment\",\"target\":[\"https:\/\/portaleducacao.guarulhos.sp.gov.br\/wp_site\/portalbienal\/2024\/02\/22\/fabio-cardoso-dos-santos\/#respond\"]}]},{\"@type\":\"WebPage\",\"@id\":\"https:\/\/portaleducacao.guarulhos.sp.gov.br\/wp_site\/portalbienal\/2024\/02\/22\/fabio-cardoso-dos-santos\/\",\"url\":\"https:\/\/portaleducacao.guarulhos.sp.gov.br\/wp_site\/portalbienal\/2024\/02\/22\/fabio-cardoso-dos-santos\/\",\"name\":\"FABIO CARDOSO DOS SANTOS - Bienal do Livro de Guarulhos - 2024\",\"isPartOf\":{\"@id\":\"https:\/\/portaleducacao.guarulhos.sp.gov.br\/wp_site\/portalbienal\/#website\"},\"datePublished\":\"2024-02-22T14:08:32+00:00\",\"dateModified\":\"2024-02-27T12:30:38+00:00\",\"breadcrumb\":{\"@id\":\"https:\/\/portaleducacao.guarulhos.sp.gov.br\/wp_site\/portalbienal\/2024\/02\/22\/fabio-cardoso-dos-santos\/#breadcrumb\"},\"inLanguage\":\"pt-BR\",\"potentialAction\":[{\"@type\":\"ReadAction\",\"target\":[\"https:\/\/portaleducacao.guarulhos.sp.gov.br\/wp_site\/portalbienal\/2024\/02\/22\/fabio-cardoso-dos-santos\/\"]}]},{\"@type\":\"BreadcrumbList\",\"@id\":\"https:\/\/portaleducacao.guarulhos.sp.gov.br\/wp_site\/portalbienal\/2024\/02\/22\/fabio-cardoso-dos-santos\/#breadcrumb\",\"itemListElement\":[{\"@type\":\"ListItem\",\"position\":1,\"name\":\"In\u00edcio\",\"item\":\"https:\/\/portaleducacao.guarulhos.sp.gov.br\/wp_site\/portalbienal\/\"},{\"@type\":\"ListItem\",\"position\":2,\"name\":\"FABIO CARDOSO DOS SANTOS\"}]},{\"@type\":\"WebSite\",\"@id\":\"https:\/\/portaleducacao.guarulhos.sp.gov.br\/wp_site\/portalbienal\/#website\",\"url\":\"https:\/\/portaleducacao.guarulhos.sp.gov.br\/wp_site\/portalbienal\/\",\"name\":\"Bienal do Livro de Guarulhos - 2024\",\"description\":\"Secretaria de Educa\u00e7\u00e3o - Prefeitura de Guarulhos\",\"publisher\":{\"@id\":\"https:\/\/portaleducacao.guarulhos.sp.gov.br\/wp_site\/portalbienal\/#organization\"},\"potentialAction\":[{\"@type\":\"SearchAction\",\"target\":{\"@type\":\"EntryPoint\",\"urlTemplate\":\"https:\/\/portaleducacao.guarulhos.sp.gov.br\/wp_site\/portalbienal\/?s={search_term_string}\"},\"query-input\":\"required name=search_term_string\"}],\"inLanguage\":\"pt-BR\"},{\"@type\":\"Organization\",\"@id\":\"https:\/\/portaleducacao.guarulhos.sp.gov.br\/wp_site\/portalbienal\/#organization\",\"name\":\"Bienal do Livro de Guarulhos - 2024\",\"url\":\"https:\/\/portaleducacao.guarulhos.sp.gov.br\/wp_site\/portalbienal\/\",\"sameAs\":[],\"logo\":{\"@type\":\"ImageObject\",\"inLanguage\":\"pt-BR\",\"@id\":\"https:\/\/portaleducacao.guarulhos.sp.gov.br\/wp_site\/portalbienal\/#\/schema\/logo\/image\/\",\"url\":\"https:\/\/portaleducacao.guarulhos.sp.gov.br\/wp_site\/portalbienal\/wp-content\/uploads\/sites\/22\/2022\/07\/logo_site.jpg\",\"contentUrl\":\"https:\/\/portaleducacao.guarulhos.sp.gov.br\/wp_site\/portalbienal\/wp-content\/uploads\/sites\/22\/2022\/07\/logo_site.jpg\",\"width\":350,\"height\":100,\"caption\":\"Bienal do Livro de Guarulhos - 2024\"},\"image\":{\"@id\":\"https:\/\/portaleducacao.guarulhos.sp.gov.br\/wp_site\/portalbienal\/#\/schema\/logo\/image\/\"}},{\"@type\":\"Person\",\"@id\":\"https:\/\/portaleducacao.guarulhos.sp.gov.br\/wp_site\/portalbienal\/#\/schema\/person\/f6c143949a6552f31c04b9d44097eb74\",\"name\":\"bienal\",\"image\":{\"@type\":\"ImageObject\",\"inLanguage\":\"pt-BR\",\"@id\":\"https:\/\/portaleducacao.guarulhos.sp.gov.br\/wp_site\/portalbienal\/#\/schema\/person\/image\/\",\"url\":\"https:\/\/secure.gravatar.com\/avatar\/dbc6e930183843dc385846c81a08a16d?s=96&d=mm&r=g\",\"contentUrl\":\"https:\/\/secure.gravatar.com\/avatar\/dbc6e930183843dc385846c81a08a16d?s=96&d=mm&r=g\",\"caption\":\"bienal\"},\"url\":\"https:\/\/portaleducacao.guarulhos.sp.gov.br\/wp_site\/portalbienal\/author\/bienal\/\"}]}<\/script>\r\n<!-- \/ Yoast SEO plugin. -->","yoast_head_json":{"title":"FABIO CARDOSO DOS SANTOS - Bienal do Livro de Guarulhos - 2024","robots":{"index":"index","follow":"follow","max-snippet":"max-snippet:-1","max-image-preview":"max-image-preview:large","max-video-preview":"max-video-preview:-1"},"canonical":"https:\/\/portaleducacao.guarulhos.sp.gov.br\/wp_site\/portalbienal\/2024\/02\/22\/fabio-cardoso-dos-santos\/","og_locale":"pt_BR","og_type":"article","og_title":"FABIO CARDOSO DOS SANTOS - Bienal do Livro de Guarulhos - 2024","og_description":"Biografia\u00c9 Doutor em Lingu\u00edstica Aplicada e Estudos da Linguagem pela Pontif\u00edcia Universidade Cat\u00f3lica de S\u00e3o Paulo &#8211; PUC\/SP; Mestre em Lingu\u00edstica; Graduado em Pedagogia, Letras &#8211; Portugu\u00eas Ingl\u00eas, Educa\u00e7\u00e3o Art\u00edstica &hellip; FABIO CARDOSO DOS SANTOS Leia mais &raquo;","og_url":"https:\/\/portaleducacao.guarulhos.sp.gov.br\/wp_site\/portalbienal\/2024\/02\/22\/fabio-cardoso-dos-santos\/","og_site_name":"Bienal do Livro de Guarulhos - 2024","article_published_time":"2024-02-22T14:08:32+00:00","article_modified_time":"2024-02-27T12:30:38+00:00","og_image":[{"width":900,"height":900,"url":"http:\/\/portaleducacao.guarulhos.sp.gov.br\/wp_site\/portalbienal\/wp-content\/uploads\/sites\/22\/2024\/02\/fabioCardoso.jpg","type":"image\/jpeg"}],"author":"bienal","twitter_card":"summary_large_image","twitter_misc":{"Escrito por":"bienal","Est. tempo de leitura":"3 minutos"},"schema":{"@context":"https:\/\/schema.org","@graph":[{"@type":"Article","@id":"https:\/\/portaleducacao.guarulhos.sp.gov.br\/wp_site\/portalbienal\/2024\/02\/22\/fabio-cardoso-dos-santos\/#article","isPartOf":{"@id":"https:\/\/portaleducacao.guarulhos.sp.gov.br\/wp_site\/portalbienal\/2024\/02\/22\/fabio-cardoso-dos-santos\/"},"author":{"name":"bienal","@id":"https:\/\/portaleducacao.guarulhos.sp.gov.br\/wp_site\/portalbienal\/#\/schema\/person\/f6c143949a6552f31c04b9d44097eb74"},"headline":"FABIO CARDOSO DOS SANTOS","datePublished":"2024-02-22T14:08:32+00:00","dateModified":"2024-02-27T12:30:38+00:00","mainEntityOfPage":{"@id":"https:\/\/portaleducacao.guarulhos.sp.gov.br\/wp_site\/portalbienal\/2024\/02\/22\/fabio-cardoso-dos-santos\/"},"wordCount":483,"commentCount":0,"publisher":{"@id":"https:\/\/portaleducacao.guarulhos.sp.gov.br\/wp_site\/portalbienal\/#organization"},"articleSection":["autorGru2024"],"inLanguage":"pt-BR","potentialAction":[{"@type":"CommentAction","name":"Comment","target":["https:\/\/portaleducacao.guarulhos.sp.gov.br\/wp_site\/portalbienal\/2024\/02\/22\/fabio-cardoso-dos-santos\/#respond"]}]},{"@type":"WebPage","@id":"https:\/\/portaleducacao.guarulhos.sp.gov.br\/wp_site\/portalbienal\/2024\/02\/22\/fabio-cardoso-dos-santos\/","url":"https:\/\/portaleducacao.guarulhos.sp.gov.br\/wp_site\/portalbienal\/2024\/02\/22\/fabio-cardoso-dos-santos\/","name":"FABIO CARDOSO DOS SANTOS - Bienal do Livro de Guarulhos - 2024","isPartOf":{"@id":"https:\/\/portaleducacao.guarulhos.sp.gov.br\/wp_site\/portalbienal\/#website"},"datePublished":"2024-02-22T14:08:32+00:00","dateModified":"2024-02-27T12:30:38+00:00","breadcrumb":{"@id":"https:\/\/portaleducacao.guarulhos.sp.gov.br\/wp_site\/portalbienal\/2024\/02\/22\/fabio-cardoso-dos-santos\/#breadcrumb"},"inLanguage":"pt-BR","potentialAction":[{"@type":"ReadAction","target":["https:\/\/portaleducacao.guarulhos.sp.gov.br\/wp_site\/portalbienal\/2024\/02\/22\/fabio-cardoso-dos-santos\/"]}]},{"@type":"BreadcrumbList","@id":"https:\/\/portaleducacao.guarulhos.sp.gov.br\/wp_site\/portalbienal\/2024\/02\/22\/fabio-cardoso-dos-santos\/#breadcrumb","itemListElement":[{"@type":"ListItem","position":1,"name":"In\u00edcio","item":"https:\/\/portaleducacao.guarulhos.sp.gov.br\/wp_site\/portalbienal\/"},{"@type":"ListItem","position":2,"name":"FABIO CARDOSO DOS SANTOS"}]},{"@type":"WebSite","@id":"https:\/\/portaleducacao.guarulhos.sp.gov.br\/wp_site\/portalbienal\/#website","url":"https:\/\/portaleducacao.guarulhos.sp.gov.br\/wp_site\/portalbienal\/","name":"Bienal do Livro de Guarulhos - 2024","description":"Secretaria de Educa\u00e7\u00e3o - Prefeitura de Guarulhos","publisher":{"@id":"https:\/\/portaleducacao.guarulhos.sp.gov.br\/wp_site\/portalbienal\/#organization"},"potentialAction":[{"@type":"SearchAction","target":{"@type":"EntryPoint","urlTemplate":"https:\/\/portaleducacao.guarulhos.sp.gov.br\/wp_site\/portalbienal\/?s={search_term_string}"},"query-input":"required name=search_term_string"}],"inLanguage":"pt-BR"},{"@type":"Organization","@id":"https:\/\/portaleducacao.guarulhos.sp.gov.br\/wp_site\/portalbienal\/#organization","name":"Bienal do Livro de Guarulhos - 2024","url":"https:\/\/portaleducacao.guarulhos.sp.gov.br\/wp_site\/portalbienal\/","sameAs":[],"logo":{"@type":"ImageObject","inLanguage":"pt-BR","@id":"https:\/\/portaleducacao.guarulhos.sp.gov.br\/wp_site\/portalbienal\/#\/schema\/logo\/image\/","url":"https:\/\/portaleducacao.guarulhos.sp.gov.br\/wp_site\/portalbienal\/wp-content\/uploads\/sites\/22\/2022\/07\/logo_site.jpg","contentUrl":"https:\/\/portaleducacao.guarulhos.sp.gov.br\/wp_site\/portalbienal\/wp-content\/uploads\/sites\/22\/2022\/07\/logo_site.jpg","width":350,"height":100,"caption":"Bienal do Livro de Guarulhos - 2024"},"image":{"@id":"https:\/\/portaleducacao.guarulhos.sp.gov.br\/wp_site\/portalbienal\/#\/schema\/logo\/image\/"}},{"@type":"Person","@id":"https:\/\/portaleducacao.guarulhos.sp.gov.br\/wp_site\/portalbienal\/#\/schema\/person\/f6c143949a6552f31c04b9d44097eb74","name":"bienal","image":{"@type":"ImageObject","inLanguage":"pt-BR","@id":"https:\/\/portaleducacao.guarulhos.sp.gov.br\/wp_site\/portalbienal\/#\/schema\/person\/image\/","url":"https:\/\/secure.gravatar.com\/avatar\/dbc6e930183843dc385846c81a08a16d?s=96&d=mm&r=g","contentUrl":"https:\/\/secure.gravatar.com\/avatar\/dbc6e930183843dc385846c81a08a16d?s=96&d=mm&r=g","caption":"bienal"},"url":"https:\/\/portaleducacao.guarulhos.sp.gov.br\/wp_site\/portalbienal\/author\/bienal\/"}]}},"_links":{"self":[{"href":"https:\/\/portaleducacao.guarulhos.sp.gov.br\/wp_site\/portalbienal\/wp-json\/wp\/v2\/posts\/8252"}],"collection":[{"href":"https:\/\/portaleducacao.guarulhos.sp.gov.br\/wp_site\/portalbienal\/wp-json\/wp\/v2\/posts"}],"about":[{"href":"https:\/\/portaleducacao.guarulhos.sp.gov.br\/wp_site\/portalbienal\/wp-json\/wp\/v2\/types\/post"}],"author":[{"embeddable":true,"href":"https:\/\/portaleducacao.guarulhos.sp.gov.br\/wp_site\/portalbienal\/wp-json\/wp\/v2\/users\/16"}],"replies":[{"embeddable":true,"href":"https:\/\/portaleducacao.guarulhos.sp.gov.br\/wp_site\/portalbienal\/wp-json\/wp\/v2\/comments?post=8252"}],"version-history":[{"count":1,"href":"https:\/\/portaleducacao.guarulhos.sp.gov.br\/wp_site\/portalbienal\/wp-json\/wp\/v2\/posts\/8252\/revisions"}],"predecessor-version":[{"id":8255,"href":"https:\/\/portaleducacao.guarulhos.sp.gov.br\/wp_site\/portalbienal\/wp-json\/wp\/v2\/posts\/8252\/revisions\/8255"}],"wp:featuredmedia":[{"embeddable":true,"href":"https:\/\/portaleducacao.guarulhos.sp.gov.br\/wp_site\/portalbienal\/wp-json\/wp\/v2\/media\/8254"}],"wp:attachment":[{"href":"https:\/\/portaleducacao.guarulhos.sp.gov.br\/wp_site\/portalbienal\/wp-json\/wp\/v2\/media?parent=8252"}],"wp:term":[{"taxonomy":"category","embeddable":true,"href":"https:\/\/portaleducacao.guarulhos.sp.gov.br\/wp_site\/portalbienal\/wp-json\/wp\/v2\/categories?post=8252"},{"taxonomy":"post_tag","embeddable":true,"href":"https:\/\/portaleducacao.guarulhos.sp.gov.br\/wp_site\/portalbienal\/wp-json\/wp\/v2\/tags?post=8252"}],"curies":[{"name":"wp","href":"https:\/\/api.w.org\/{rel}","templated":true}]}}