{"id":8379,"date":"2024-02-26T10:42:11","date_gmt":"2024-02-26T13:42:11","guid":{"rendered":"https:\/\/portaleducacao.guarulhos.sp.gov.br\/wp_site\/portalbienal\/?p=8379"},"modified":"2024-02-27T09:59:40","modified_gmt":"2024-02-27T12:59:40","slug":"celi-pereira","status":"publish","type":"post","link":"https:\/\/portaleducacao.guarulhos.sp.gov.br\/wp_site\/portalbienal\/2024\/02\/26\/celi-pereira\/","title":{"rendered":"CELI PEREIRA"},"content":{"rendered":"\n<p><br><strong>Biografia<\/strong><br>Palestrante ODS e TedX Speaker, educadora ambiental, consultora e mentora de projetos de sustentabilidade. \u00c9 Embaixadora Lixo Zero e escritora, autora das cole\u00e7\u00f5es de livros paradid\u00e1ticos para a educa\u00e7\u00e3o infantil e anos iniciais do ensino fundamental, \u201cLixo Zero para Crian\u00e7as\u201d e \u201cTurma do Lixo Zero\u201d. Educadora da Carta da Terra, formada pelo Movimento Internacional da Carta da Terra \/Unesco\/ONU \/ Universidad de La Paz &#8211; Costa Rica.<br><br><strong>Obra Lan\u00e7ada na Bienal<br><\/strong>A Cole\u00e7\u00e3o Turma do Lixo zero &#8211; com 6 livros de 16 paginas cada e um livro com 32 pags : S\u00e3o livros paradid\u00e1ticos infantis, g\u00eanero fic\u00e7\u00e3o realidade. Editora Menos \u00e9 Mais, ISBN 978-65-999019-7-3 A cole\u00e7\u00e3o &#8220;Turma do Lixo Zero&#8221;, \u00e9 composta por sete livros paradid\u00e1ticos para educa\u00e7\u00e3o infantil e anos iniciais do ensino fundamental. Os livros da cole\u00e7\u00e3o s\u00e3o: 1) MIMI E O SEU MAM\u00c3O Baseado em fatos reais, conta a rela\u00e7\u00e3o da autora com a sua netinha, durante o lockdown da pandemia do COVID 19. Este livro visa mostrar o afeto pela natureza, contemplando as suas belezas e diversidades at\u00e9 mesmo sem sair de casa. Conhecer para preservar, esse \u00e9 o lema! 2) MACACO CACO E O METAL, O QUE TEM A VER? Macaco Caco explica de onde vem a mat\u00e9ria-prima para a fabrica\u00e7\u00e3o dos produtos e embalagens de metal, e para onde os metais v\u00e3o ap\u00f3s o uso. Visa ajudar as crian\u00e7as a entenderem a rela\u00e7\u00e3o entre o consumo e a perda de biodiversidade no Planeta, assim como a import\u00e2ncia de ter atitudes mais sustent\u00e1veis. 3) DONA ON\u00c7A E O PL\u00c1STICO, O QUE TEM A VER? Dona On\u00e7a e seus filhotes explicam de onde vem a mat\u00e9ria-prima para a fabrica\u00e7\u00e3o do pl\u00e1stico, e para onde os pl\u00e1sticos v\u00e3o ap\u00f3s o uso. Visa ajudar as crian\u00e7as a entenderem a rela\u00e7\u00e3o entre o consumo e a perda de biodiversidade no Planeta, assim como a import\u00e2ncia de ter atitudes mais sustent\u00e1veis. 4) ARARA MARA E O PAPEL, O QUE TEM A VER? Arara Mara explica de onde vem a mat\u00e9ria-prima para a fabrica\u00e7\u00e3o do papel, e para onde o papel vai ap\u00f3s o uso. Visa ajudar as crian\u00e7as a entenderem a rela\u00e7\u00e3o entre o consumo e a perda de biodiversidade no Planeta, assim como a import\u00e2ncia de ter atitudes mais sustent\u00e1veis. 5) JACAR\u00c9 ZEZ\u00c9 E O VIDRO, O QUE TEM A VER? Jacar\u00e9 Zez\u00e9 e seu amigo Man\u00e9 explicam de onde vem a mat\u00e9ria-prima para a fabrica\u00e7\u00e3o do vidro, e para onde ele vai ap\u00f3s o uso. Visa ajudar as crian\u00e7as a entenderem a rela\u00e7\u00e3o entre o consumo e a perda da biodiversidade no Planeta, assim como a import\u00e2ncia de ter atitudes mais sustent\u00e1veis. 6) O SACO PAP\u00c3O O vil\u00e3o da &#8220;Turma do Lixo Zero&#8221; \u00e9 o Saco Pap\u00e3o, que \u00e9 aquele &#8220;saco de lixo&#8221;. Ele mostrar\u00e1 que colocar os res\u00edduos juntos e misturados num \u00fanico recipiente geram s\u00e9rios problemas ambientais 7) FESTA NA FLORESTA &#8211; ATITUDES LIXO ZERO Os personagens s\u00e3o animais da fauna brasileira que d\u00e3o dicas de atitudes sustent\u00e1veis, e que inspiram a partir dos bons exemplos. S\u00e3o condutas que levam a reflex\u00e3o do consumo di\u00e1rio em casa, escola ou em eventos, que contribuem na preserva\u00e7\u00e3o da biodiversidade. O QUE \u00c9 LIXO ZERO? Lixo Zero \u00e9 um movimento em prol de uma sociedade em que encaminha os restos de alimentos para a compostagem, e os recicl\u00e1veis s\u00e3o para a coleta seletiva, gerando trabalho e renda para catadores e todos os profissionais da ind\u00fastria da reciclagem. Tamb\u00e9m \u00e9 uma ferramenta de educa\u00e7\u00e3o para a sustentabilidade, pr\u00e1tica da cidadania e engajamento nas causas ambientais. Data: Ter\u00e7as ou quintas feiras, \u00e0s 18 horas. Ou domingo \u00e0s 16 horas.<br><br><strong>Obra Presente na Bienal<\/strong><br>&#8220;Cole\u00e7\u00e3o Lixo Zero para Crian\u00e7as &#8211; com 4 livros: Editora P\u00e1ginas Falantes, Todos os livros da cole\u00e7\u00e3o s\u00e3o paradid\u00e1ticos infantis, no g\u00eanero fic\u00e7\u00e3o e realidade, com 36 p\u00e1ginas. ISBN 9786599701139. Estes livros s\u00e3o paradid\u00e1ticos, no estilo fic\u00e7\u00e3o e realidade, As hist\u00f3rias s\u00e3o enriquecidas pelo &#8220;Voc\u00ea sabia?&#8221; e &#8220;Para refletir&#8221;, trazendo informa\u00e7\u00f5es importantes e refer\u00eancias socioculturais para o leitor ampliar seu repert\u00f3rio e se aprofundar na tem\u00e1tica. \u00c9 uma ferramenta importante para pais e professores utilizarem no processo de educa\u00e7\u00e3o para a sustentabilidade. Tendo em vista a Base Nacional Comum Curricular (BNCC- homologada em 10\/12\/2017, Lei n\u00b0 13.415\/2017) no tocante ao tema meio ambiente, esta \u00e9 uma publica\u00e7\u00e3o que pode contribuir muito com o processo de ensino-aprendizagem, e implantar o projeto ESCOLA LIXO ZERO. Os livros estimulam a transdisciplinaridade e dialogam, essencialmente, com os campos de experi\u00eancia da BNCC: Linguagens, Ci\u00eancias da Natureza e Ci\u00eancias Humanas. Todos os livros apresentam quais s\u00e3o os Objetivos de Desenvolvimento Sustent\u00e1vel que eles enfocam, bem como quais s\u00e3o as metas da Agenda 2030 da ONU que atendem. 1. Ser ou n\u00e3o ser lixo zero? Eis a quest\u00e3o!, &#8211; ISBN 9786599701108 &#8211; Este livro mostra as consequ\u00eancias das atitudes de Sem No\u00e7\u00e3o, um personagem que joga lixo no ch\u00e3o. A hist\u00f3ria enfatiza o movimento da sujeira, que se locomove com rapidez das ruas para os c\u00f3rregos, entrando nos rios e chegando aos oceanos! Com a sujeira flutuando nas \u00e1guas dos mares, acontece a contamina\u00e7\u00e3o, a morte de animais e muito mais. Destinado, preferencialmente, ao ensino fundamental &#8211; o conto de fic\u00e7\u00e3o e realidade aborda a destina\u00e7\u00e3o inadequada de res\u00edduos, enfocando suas consequ\u00eancias atrav\u00e9s do olhar da fam\u00edlia Lixo Zero, que decide montar uma pe\u00e7a de teatro de fantoches para discutir o tema. O conto estimula a reflex\u00e3o a respeito da degrada\u00e7\u00e3o ambiental, experi\u00eancia lixo zero, sustentabilidade, responsabilidade socioambiental, coopera\u00e7\u00e3o e cidadania. 2. Divina Separa\u00e7\u00e3o e os Tr\u00eas Baldinhos M\u00e1gicos, ISBN 9786599701115 &#8211; Este livro paradid\u00e1tico \u00e9 no estilo fic\u00e7\u00e3o e realidade, que homenageia a Carolina Maria de Jesus por meio da personagem principal &#8211; Divina Separa\u00e7\u00e3o, que ensina os participantes de uma festa de anivers\u00e1rio a separarem res\u00edduos recicl\u00e1veis, org\u00e2nicos e rejeitos usando tr\u00eas baldinhos m\u00e1gicos. Em cinco minutos, os res\u00edduos s\u00e3o separados e guardados em um residu\u00e1rio. O conto estimula a reflex\u00e3o a respeito da import\u00e2ncia de segregar e destinar corretamente os res\u00edduos. Traz os conceitos de cooperativa, compostagem, log\u00edstica reversa, estilo de vida 3. ET: Jogar fora N\u00e3o Existe, ISBN 9786599701122 &#8211; &#8220;E.T.: Jogar fora n\u00e3o existe&#8221; \u00e9 um conto de fic\u00e7\u00e3o e realidade envolvendo di\u00e1logos entre um Extraterrestre e uma Fada protetora da M\u00e3e Natureza, que trata da destina\u00e7\u00e3o correta dos res\u00edduos recicl\u00e1veis, dos org\u00e2nicos e dos rejeitos. Enquanto a Fada ajudava o Residu\u00e1rio a suportar o peso dos res\u00edduos, ela explica ao Extraterrestre a respeito da exist\u00eancia de aterros sanit\u00e1rios, lix\u00f5es e chorume. Tudo acontece ao mesmo tempo, quando Divina Separa\u00e7\u00e3o e Janj\u00e3o transportam os res\u00edduos para a cooperativa de recicl\u00e1veis e compostagem. O Residu\u00e1rio, por sua vez, quer porque quer saber o destino final dos rejeitos. 4.Cascas Viram Hamb\u00fargueres e Tomates. ISBN 9786599701146 &#8211; Cascas viram suco, sorvete, hamb\u00farguer, adubo, tomates! O conto fant\u00e1stico tem tr\u00eas personagens protagonistas: Mirela, uma menina sapeca, a Vov\u00f3 Lili, uma mulher s\u00e1bia, e o esperto cachorrinho Tot\u00f3. O conto, cuja narrativa se inicia na cozinha da vov\u00f3, quando ela prepara uma salada de frutas, tem como principais objetivos valorizar a transmiss\u00e3o oral de saberes intergeracionais, al\u00e9m de outras quest\u00f5es espec\u00edficas como o aproveitamento integral de alimentos e a compostagem. A hist\u00f3ria estimula a reflex\u00e3o a respeito do papel da educa\u00e7\u00e3o ambiental familiar &#8211; educa\u00e7\u00e3o informal &#8211; como pr\u00e1tica de sustentabilidade, trocas culturais, coopera\u00e7\u00e3o, cidadania. Cole\u00e7\u00e3o Turma do Lixo zero &#8211; com 7 livros: S\u00e3o livros paradid\u00e1ticos infantis, g\u00eanero fic\u00e7\u00e3o realidade. ISBN 978-65-999019-7-3 1. Mimi e o Seu Mam\u00e3o, ISBN 978-65-999019-1-1 &#8211; 30 p\u00e1ginas &#8211; Baseado em fatos reais, conta a rela\u00e7\u00e3o da autora com a sua netinha, durante o lockdown da pandemia do COVID 19. Este livro visa mostrar o afeto pela natureza, contemplando as suas belezas e diversidades at\u00e9 mesmo sem sair de casa. Conhecer para preservar, esse \u00e9 o lema! 2. Macaco Caco e o Metal, o que tem a ver?, ISBN 978-65-999019-0-4 &#8211; 16 pag &#8211; Macaco Caco explica de onde vem a mat\u00e9ria-prima para a fabrica\u00e7\u00e3o dos produtos e embalagens de metal, e para onde os metais v\u00e3o ap\u00f3s o uso. Visa ajudar as crian\u00e7as a entenderem a rela\u00e7\u00e3o entre o consumo e a perda de biodiversidade no Planeta, assim como a import\u00e2ncia de ter atitudes mais sustent\u00e1veis. 3. Arara Mara e o Papel, o que tem a ver?, ISBN 978-65-999019-3-5 &#8211; 16 pag &#8211; Arara Mara explica de onde vem a mat\u00e9ria-prima para a fabrica\u00e7\u00e3o do papel, e para onde o papel vai ap\u00f3s o uso. Visa ajudar as crian\u00e7as a entenderem a rela\u00e7\u00e3o entre o consumo e a perda de biodiversidade no Planeta, assim como a import\u00e2ncia de ter atitudes mais sustent\u00e1veis. 4. Jacar\u00e9 Zez\u00e9 e o Vidro, o que tem a ver?, ISBN 978-65-999019-5-9 &#8211; 16 pag &#8211; Jacar\u00e9 Zez\u00e9 e seu amigo Man\u00e9 explicam de onde vem a mat\u00e9ria-prima para a fabrica\u00e7\u00e3o do vidro, e para onde ele vai ap\u00f3s o uso. Visa ajudar as crian\u00e7as a entenderem a rela\u00e7\u00e3o entre o consumo e a perda da biodiversidade no Planeta, assim como a import\u00e2ncia de ter atitudes mais sustent\u00e1veis. 5. Dona On\u00e7a e o Pl\u00e1stico, o que tem a ver?, ISBN 978-65-999019-4-2 &#8211; 16 pag &#8211; Dona On\u00e7a e seus filhotes explicam de onde vem a mat\u00e9ria-prima para a fabrica\u00e7\u00e3o do pl\u00e1stico, e para onde os pl\u00e1sticos v\u00e3o ap\u00f3s o uso. Visa ajudar as crian\u00e7as a entenderem a rela\u00e7\u00e3o entre o consumo e a perda de biodiversidade no Planeta, assim como a import\u00e2ncia de ter atitudes mais sustent\u00e1veis. 6. O Saco Pap\u00e3o ISBN 978-65-999019-2-8 &#8211; 16 pag &#8211; O vil\u00e3o da &#8220;Turma do Lixo Zero&#8221; \u00e9 o Saco Pap\u00e3o, que \u00e9 aquele &#8220;saco de lixo&#8221;. Ele mostrar\u00e1 que colocar os res\u00edduos juntos e misturados num \u00fanico recipiente geram s\u00e9rios problemas ambientais 7. Festa na Floresta &#8211; Atitudes Lixo Zero. ISBN 978-65-999019-6-6 &#8211; 16 pag &#8211; Os personagens s\u00e3o animais da fauna brasileira que d\u00e3o dicas de atitudes sustent\u00e1veis, e que inspiram a partir dos bons exemplos. S\u00e3o condutas que levam a reflex\u00e3o do consumo di\u00e1rio em casa, escola ou em eventos, que contribuem na preserva\u00e7\u00e3o da biodiversidade. Datas: Ter\u00e7as e Quintas ap\u00f3s as 18 horas&#8221;<\/p>\n","protected":false},"excerpt":{"rendered":"<p>BiografiaPalestrante ODS e TedX Speaker, educadora ambiental, consultora e mentora de projetos de sustentabilidade. \u00c9 Embaixadora Lixo Zero e escritora, autora das cole\u00e7\u00f5es de livros paradid\u00e1ticos para a educa\u00e7\u00e3o infantil &hellip;<\/p>\n<p class=\"read-more\"> <a class=\"\" href=\"https:\/\/portaleducacao.guarulhos.sp.gov.br\/wp_site\/portalbienal\/2024\/02\/26\/celi-pereira\/\"> <span class=\"screen-reader-text\">CELI PEREIRA<\/span> Leia mais &raquo;<\/a><\/p>\n","protected":false},"author":16,"featured_media":8380,"comment_status":"open","ping_status":"open","sticky":false,"template":"","format":"standard","meta":{"_monsterinsights_skip_tracking":false,"_monsterinsights_sitenote_active":false,"_monsterinsights_sitenote_note":"","_monsterinsights_sitenote_category":0,"site-sidebar-layout":"default","site-content-layout":"default","ast-global-header-display":"","ast-main-header-display":"","ast-hfb-above-header-display":"","ast-hfb-below-header-display":"","ast-hfb-mobile-header-display":"","site-post-title":"","ast-breadcrumbs-content":"","ast-featured-img":"","footer-sml-layout":"","theme-transparent-header-meta":"","adv-header-id-meta":"","stick-header-meta":"","header-above-stick-meta":"","header-main-stick-meta":"","header-below-stick-meta":"","_expiration-date-status":"","_expiration-date":1709559443,"_expiration-date-type":"draft","_expiration-date-categories":[],"_expiration-date-options":[]},"categories":[44],"tags":[],"yoast_head":"<!-- This site is optimized with the Yoast SEO plugin v19.7.1 - https:\/\/yoast.com\/wordpress\/plugins\/seo\/ -->\r\n<title>CELI PEREIRA - Bienal do Livro de Guarulhos - 2024<\/title>\r\n<meta name=\"robots\" content=\"index, follow, max-snippet:-1, max-image-preview:large, max-video-preview:-1\" \/>\r\n<link rel=\"canonical\" href=\"https:\/\/portaleducacao.guarulhos.sp.gov.br\/wp_site\/portalbienal\/2024\/02\/26\/celi-pereira\/\" \/>\r\n<meta property=\"og:locale\" content=\"pt_BR\" \/>\r\n<meta property=\"og:type\" content=\"article\" \/>\r\n<meta property=\"og:title\" content=\"CELI PEREIRA - Bienal do Livro de Guarulhos - 2024\" \/>\r\n<meta property=\"og:description\" content=\"BiografiaPalestrante ODS e TedX Speaker, educadora ambiental, consultora e mentora de projetos de sustentabilidade. \u00c9 Embaixadora Lixo Zero e escritora, autora das cole\u00e7\u00f5es de livros paradid\u00e1ticos para a educa\u00e7\u00e3o infantil &hellip; CELI PEREIRA Leia mais &raquo;\" \/>\r\n<meta property=\"og:url\" content=\"https:\/\/portaleducacao.guarulhos.sp.gov.br\/wp_site\/portalbienal\/2024\/02\/26\/celi-pereira\/\" \/>\r\n<meta property=\"og:site_name\" content=\"Bienal do Livro de Guarulhos - 2024\" \/>\r\n<meta property=\"article:published_time\" content=\"2024-02-26T13:42:11+00:00\" \/>\r\n<meta property=\"article:modified_time\" content=\"2024-02-27T12:59:40+00:00\" \/>\r\n<meta property=\"og:image\" content=\"http:\/\/portaleducacao.guarulhos.sp.gov.br\/wp_site\/portalbienal\/wp-content\/uploads\/sites\/22\/2024\/02\/celi.jpg\" \/>\r\n\t<meta property=\"og:image:width\" content=\"900\" \/>\r\n\t<meta property=\"og:image:height\" content=\"900\" \/>\r\n\t<meta property=\"og:image:type\" content=\"image\/jpeg\" \/>\r\n<meta name=\"author\" content=\"bienal\" \/>\r\n<meta name=\"twitter:card\" content=\"summary_large_image\" \/>\r\n<meta name=\"twitter:label1\" content=\"Escrito por\" \/>\n\t<meta name=\"twitter:data1\" content=\"bienal\" \/>\n\t<meta name=\"twitter:label2\" content=\"Est. tempo de leitura\" \/>\n\t<meta name=\"twitter:data2\" content=\"10 minutos\" \/>\r\n<script type=\"application\/ld+json\" class=\"yoast-schema-graph\">{\"@context\":\"https:\/\/schema.org\",\"@graph\":[{\"@type\":\"Article\",\"@id\":\"https:\/\/portaleducacao.guarulhos.sp.gov.br\/wp_site\/portalbienal\/2024\/02\/26\/celi-pereira\/#article\",\"isPartOf\":{\"@id\":\"https:\/\/portaleducacao.guarulhos.sp.gov.br\/wp_site\/portalbienal\/2024\/02\/26\/celi-pereira\/\"},\"author\":{\"name\":\"bienal\",\"@id\":\"https:\/\/portaleducacao.guarulhos.sp.gov.br\/wp_site\/portalbienal\/#\/schema\/person\/f6c143949a6552f31c04b9d44097eb74\"},\"headline\":\"CELI PEREIRA\",\"datePublished\":\"2024-02-26T13:42:11+00:00\",\"dateModified\":\"2024-02-27T12:59:40+00:00\",\"mainEntityOfPage\":{\"@id\":\"https:\/\/portaleducacao.guarulhos.sp.gov.br\/wp_site\/portalbienal\/2024\/02\/26\/celi-pereira\/\"},\"wordCount\":1916,\"commentCount\":0,\"publisher\":{\"@id\":\"https:\/\/portaleducacao.guarulhos.sp.gov.br\/wp_site\/portalbienal\/#organization\"},\"articleSection\":[\"autorGru2024\"],\"inLanguage\":\"pt-BR\",\"potentialAction\":[{\"@type\":\"CommentAction\",\"name\":\"Comment\",\"target\":[\"https:\/\/portaleducacao.guarulhos.sp.gov.br\/wp_site\/portalbienal\/2024\/02\/26\/celi-pereira\/#respond\"]}]},{\"@type\":\"WebPage\",\"@id\":\"https:\/\/portaleducacao.guarulhos.sp.gov.br\/wp_site\/portalbienal\/2024\/02\/26\/celi-pereira\/\",\"url\":\"https:\/\/portaleducacao.guarulhos.sp.gov.br\/wp_site\/portalbienal\/2024\/02\/26\/celi-pereira\/\",\"name\":\"CELI PEREIRA - Bienal do Livro de Guarulhos - 2024\",\"isPartOf\":{\"@id\":\"https:\/\/portaleducacao.guarulhos.sp.gov.br\/wp_site\/portalbienal\/#website\"},\"datePublished\":\"2024-02-26T13:42:11+00:00\",\"dateModified\":\"2024-02-27T12:59:40+00:00\",\"breadcrumb\":{\"@id\":\"https:\/\/portaleducacao.guarulhos.sp.gov.br\/wp_site\/portalbienal\/2024\/02\/26\/celi-pereira\/#breadcrumb\"},\"inLanguage\":\"pt-BR\",\"potentialAction\":[{\"@type\":\"ReadAction\",\"target\":[\"https:\/\/portaleducacao.guarulhos.sp.gov.br\/wp_site\/portalbienal\/2024\/02\/26\/celi-pereira\/\"]}]},{\"@type\":\"BreadcrumbList\",\"@id\":\"https:\/\/portaleducacao.guarulhos.sp.gov.br\/wp_site\/portalbienal\/2024\/02\/26\/celi-pereira\/#breadcrumb\",\"itemListElement\":[{\"@type\":\"ListItem\",\"position\":1,\"name\":\"In\u00edcio\",\"item\":\"https:\/\/portaleducacao.guarulhos.sp.gov.br\/wp_site\/portalbienal\/\"},{\"@type\":\"ListItem\",\"position\":2,\"name\":\"CELI PEREIRA\"}]},{\"@type\":\"WebSite\",\"@id\":\"https:\/\/portaleducacao.guarulhos.sp.gov.br\/wp_site\/portalbienal\/#website\",\"url\":\"https:\/\/portaleducacao.guarulhos.sp.gov.br\/wp_site\/portalbienal\/\",\"name\":\"Bienal do Livro de Guarulhos - 2024\",\"description\":\"Secretaria de Educa\u00e7\u00e3o - Prefeitura de Guarulhos\",\"publisher\":{\"@id\":\"https:\/\/portaleducacao.guarulhos.sp.gov.br\/wp_site\/portalbienal\/#organization\"},\"potentialAction\":[{\"@type\":\"SearchAction\",\"target\":{\"@type\":\"EntryPoint\",\"urlTemplate\":\"https:\/\/portaleducacao.guarulhos.sp.gov.br\/wp_site\/portalbienal\/?s={search_term_string}\"},\"query-input\":\"required name=search_term_string\"}],\"inLanguage\":\"pt-BR\"},{\"@type\":\"Organization\",\"@id\":\"https:\/\/portaleducacao.guarulhos.sp.gov.br\/wp_site\/portalbienal\/#organization\",\"name\":\"Bienal do Livro de Guarulhos - 2024\",\"url\":\"https:\/\/portaleducacao.guarulhos.sp.gov.br\/wp_site\/portalbienal\/\",\"sameAs\":[],\"logo\":{\"@type\":\"ImageObject\",\"inLanguage\":\"pt-BR\",\"@id\":\"https:\/\/portaleducacao.guarulhos.sp.gov.br\/wp_site\/portalbienal\/#\/schema\/logo\/image\/\",\"url\":\"https:\/\/portaleducacao.guarulhos.sp.gov.br\/wp_site\/portalbienal\/wp-content\/uploads\/sites\/22\/2022\/07\/logo_site.jpg\",\"contentUrl\":\"https:\/\/portaleducacao.guarulhos.sp.gov.br\/wp_site\/portalbienal\/wp-content\/uploads\/sites\/22\/2022\/07\/logo_site.jpg\",\"width\":350,\"height\":100,\"caption\":\"Bienal do Livro de Guarulhos - 2024\"},\"image\":{\"@id\":\"https:\/\/portaleducacao.guarulhos.sp.gov.br\/wp_site\/portalbienal\/#\/schema\/logo\/image\/\"}},{\"@type\":\"Person\",\"@id\":\"https:\/\/portaleducacao.guarulhos.sp.gov.br\/wp_site\/portalbienal\/#\/schema\/person\/f6c143949a6552f31c04b9d44097eb74\",\"name\":\"bienal\",\"image\":{\"@type\":\"ImageObject\",\"inLanguage\":\"pt-BR\",\"@id\":\"https:\/\/portaleducacao.guarulhos.sp.gov.br\/wp_site\/portalbienal\/#\/schema\/person\/image\/\",\"url\":\"https:\/\/secure.gravatar.com\/avatar\/dbc6e930183843dc385846c81a08a16d?s=96&d=mm&r=g\",\"contentUrl\":\"https:\/\/secure.gravatar.com\/avatar\/dbc6e930183843dc385846c81a08a16d?s=96&d=mm&r=g\",\"caption\":\"bienal\"},\"url\":\"https:\/\/portaleducacao.guarulhos.sp.gov.br\/wp_site\/portalbienal\/author\/bienal\/\"}]}<\/script>\r\n<!-- \/ Yoast SEO plugin. -->","yoast_head_json":{"title":"CELI PEREIRA - Bienal do Livro de Guarulhos - 2024","robots":{"index":"index","follow":"follow","max-snippet":"max-snippet:-1","max-image-preview":"max-image-preview:large","max-video-preview":"max-video-preview:-1"},"canonical":"https:\/\/portaleducacao.guarulhos.sp.gov.br\/wp_site\/portalbienal\/2024\/02\/26\/celi-pereira\/","og_locale":"pt_BR","og_type":"article","og_title":"CELI PEREIRA - Bienal do Livro de Guarulhos - 2024","og_description":"BiografiaPalestrante ODS e TedX Speaker, educadora ambiental, consultora e mentora de projetos de sustentabilidade. \u00c9 Embaixadora Lixo Zero e escritora, autora das cole\u00e7\u00f5es de livros paradid\u00e1ticos para a educa\u00e7\u00e3o infantil &hellip; CELI PEREIRA Leia mais &raquo;","og_url":"https:\/\/portaleducacao.guarulhos.sp.gov.br\/wp_site\/portalbienal\/2024\/02\/26\/celi-pereira\/","og_site_name":"Bienal do Livro de Guarulhos - 2024","article_published_time":"2024-02-26T13:42:11+00:00","article_modified_time":"2024-02-27T12:59:40+00:00","og_image":[{"width":900,"height":900,"url":"http:\/\/portaleducacao.guarulhos.sp.gov.br\/wp_site\/portalbienal\/wp-content\/uploads\/sites\/22\/2024\/02\/celi.jpg","type":"image\/jpeg"}],"author":"bienal","twitter_card":"summary_large_image","twitter_misc":{"Escrito por":"bienal","Est. tempo de leitura":"10 minutos"},"schema":{"@context":"https:\/\/schema.org","@graph":[{"@type":"Article","@id":"https:\/\/portaleducacao.guarulhos.sp.gov.br\/wp_site\/portalbienal\/2024\/02\/26\/celi-pereira\/#article","isPartOf":{"@id":"https:\/\/portaleducacao.guarulhos.sp.gov.br\/wp_site\/portalbienal\/2024\/02\/26\/celi-pereira\/"},"author":{"name":"bienal","@id":"https:\/\/portaleducacao.guarulhos.sp.gov.br\/wp_site\/portalbienal\/#\/schema\/person\/f6c143949a6552f31c04b9d44097eb74"},"headline":"CELI PEREIRA","datePublished":"2024-02-26T13:42:11+00:00","dateModified":"2024-02-27T12:59:40+00:00","mainEntityOfPage":{"@id":"https:\/\/portaleducacao.guarulhos.sp.gov.br\/wp_site\/portalbienal\/2024\/02\/26\/celi-pereira\/"},"wordCount":1916,"commentCount":0,"publisher":{"@id":"https:\/\/portaleducacao.guarulhos.sp.gov.br\/wp_site\/portalbienal\/#organization"},"articleSection":["autorGru2024"],"inLanguage":"pt-BR","potentialAction":[{"@type":"CommentAction","name":"Comment","target":["https:\/\/portaleducacao.guarulhos.sp.gov.br\/wp_site\/portalbienal\/2024\/02\/26\/celi-pereira\/#respond"]}]},{"@type":"WebPage","@id":"https:\/\/portaleducacao.guarulhos.sp.gov.br\/wp_site\/portalbienal\/2024\/02\/26\/celi-pereira\/","url":"https:\/\/portaleducacao.guarulhos.sp.gov.br\/wp_site\/portalbienal\/2024\/02\/26\/celi-pereira\/","name":"CELI PEREIRA - Bienal do Livro de Guarulhos - 2024","isPartOf":{"@id":"https:\/\/portaleducacao.guarulhos.sp.gov.br\/wp_site\/portalbienal\/#website"},"datePublished":"2024-02-26T13:42:11+00:00","dateModified":"2024-02-27T12:59:40+00:00","breadcrumb":{"@id":"https:\/\/portaleducacao.guarulhos.sp.gov.br\/wp_site\/portalbienal\/2024\/02\/26\/celi-pereira\/#breadcrumb"},"inLanguage":"pt-BR","potentialAction":[{"@type":"ReadAction","target":["https:\/\/portaleducacao.guarulhos.sp.gov.br\/wp_site\/portalbienal\/2024\/02\/26\/celi-pereira\/"]}]},{"@type":"BreadcrumbList","@id":"https:\/\/portaleducacao.guarulhos.sp.gov.br\/wp_site\/portalbienal\/2024\/02\/26\/celi-pereira\/#breadcrumb","itemListElement":[{"@type":"ListItem","position":1,"name":"In\u00edcio","item":"https:\/\/portaleducacao.guarulhos.sp.gov.br\/wp_site\/portalbienal\/"},{"@type":"ListItem","position":2,"name":"CELI PEREIRA"}]},{"@type":"WebSite","@id":"https:\/\/portaleducacao.guarulhos.sp.gov.br\/wp_site\/portalbienal\/#website","url":"https:\/\/portaleducacao.guarulhos.sp.gov.br\/wp_site\/portalbienal\/","name":"Bienal do Livro de Guarulhos - 2024","description":"Secretaria de Educa\u00e7\u00e3o - Prefeitura de Guarulhos","publisher":{"@id":"https:\/\/portaleducacao.guarulhos.sp.gov.br\/wp_site\/portalbienal\/#organization"},"potentialAction":[{"@type":"SearchAction","target":{"@type":"EntryPoint","urlTemplate":"https:\/\/portaleducacao.guarulhos.sp.gov.br\/wp_site\/portalbienal\/?s={search_term_string}"},"query-input":"required name=search_term_string"}],"inLanguage":"pt-BR"},{"@type":"Organization","@id":"https:\/\/portaleducacao.guarulhos.sp.gov.br\/wp_site\/portalbienal\/#organization","name":"Bienal do Livro de Guarulhos - 2024","url":"https:\/\/portaleducacao.guarulhos.sp.gov.br\/wp_site\/portalbienal\/","sameAs":[],"logo":{"@type":"ImageObject","inLanguage":"pt-BR","@id":"https:\/\/portaleducacao.guarulhos.sp.gov.br\/wp_site\/portalbienal\/#\/schema\/logo\/image\/","url":"https:\/\/portaleducacao.guarulhos.sp.gov.br\/wp_site\/portalbienal\/wp-content\/uploads\/sites\/22\/2022\/07\/logo_site.jpg","contentUrl":"https:\/\/portaleducacao.guarulhos.sp.gov.br\/wp_site\/portalbienal\/wp-content\/uploads\/sites\/22\/2022\/07\/logo_site.jpg","width":350,"height":100,"caption":"Bienal do Livro de Guarulhos - 2024"},"image":{"@id":"https:\/\/portaleducacao.guarulhos.sp.gov.br\/wp_site\/portalbienal\/#\/schema\/logo\/image\/"}},{"@type":"Person","@id":"https:\/\/portaleducacao.guarulhos.sp.gov.br\/wp_site\/portalbienal\/#\/schema\/person\/f6c143949a6552f31c04b9d44097eb74","name":"bienal","image":{"@type":"ImageObject","inLanguage":"pt-BR","@id":"https:\/\/portaleducacao.guarulhos.sp.gov.br\/wp_site\/portalbienal\/#\/schema\/person\/image\/","url":"https:\/\/secure.gravatar.com\/avatar\/dbc6e930183843dc385846c81a08a16d?s=96&d=mm&r=g","contentUrl":"https:\/\/secure.gravatar.com\/avatar\/dbc6e930183843dc385846c81a08a16d?s=96&d=mm&r=g","caption":"bienal"},"url":"https:\/\/portaleducacao.guarulhos.sp.gov.br\/wp_site\/portalbienal\/author\/bienal\/"}]}},"_links":{"self":[{"href":"https:\/\/portaleducacao.guarulhos.sp.gov.br\/wp_site\/portalbienal\/wp-json\/wp\/v2\/posts\/8379"}],"collection":[{"href":"https:\/\/portaleducacao.guarulhos.sp.gov.br\/wp_site\/portalbienal\/wp-json\/wp\/v2\/posts"}],"about":[{"href":"https:\/\/portaleducacao.guarulhos.sp.gov.br\/wp_site\/portalbienal\/wp-json\/wp\/v2\/types\/post"}],"author":[{"embeddable":true,"href":"https:\/\/portaleducacao.guarulhos.sp.gov.br\/wp_site\/portalbienal\/wp-json\/wp\/v2\/users\/16"}],"replies":[{"embeddable":true,"href":"https:\/\/portaleducacao.guarulhos.sp.gov.br\/wp_site\/portalbienal\/wp-json\/wp\/v2\/comments?post=8379"}],"version-history":[{"count":1,"href":"https:\/\/portaleducacao.guarulhos.sp.gov.br\/wp_site\/portalbienal\/wp-json\/wp\/v2\/posts\/8379\/revisions"}],"predecessor-version":[{"id":8381,"href":"https:\/\/portaleducacao.guarulhos.sp.gov.br\/wp_site\/portalbienal\/wp-json\/wp\/v2\/posts\/8379\/revisions\/8381"}],"wp:featuredmedia":[{"embeddable":true,"href":"https:\/\/portaleducacao.guarulhos.sp.gov.br\/wp_site\/portalbienal\/wp-json\/wp\/v2\/media\/8380"}],"wp:attachment":[{"href":"https:\/\/portaleducacao.guarulhos.sp.gov.br\/wp_site\/portalbienal\/wp-json\/wp\/v2\/media?parent=8379"}],"wp:term":[{"taxonomy":"category","embeddable":true,"href":"https:\/\/portaleducacao.guarulhos.sp.gov.br\/wp_site\/portalbienal\/wp-json\/wp\/v2\/categories?post=8379"},{"taxonomy":"post_tag","embeddable":true,"href":"https:\/\/portaleducacao.guarulhos.sp.gov.br\/wp_site\/portalbienal\/wp-json\/wp\/v2\/tags?post=8379"}],"curies":[{"name":"wp","href":"https:\/\/api.w.org\/{rel}","templated":true}]}}