{"id":8436,"date":"2024-02-26T13:22:09","date_gmt":"2024-02-26T16:22:09","guid":{"rendered":"https:\/\/portaleducacao.guarulhos.sp.gov.br\/wp_site\/portalbienal\/?p=8436"},"modified":"2024-02-27T09:18:51","modified_gmt":"2024-02-27T12:18:51","slug":"ronival-andrade-de-miranda","status":"publish","type":"post","link":"https:\/\/portaleducacao.guarulhos.sp.gov.br\/wp_site\/portalbienal\/2024\/02\/26\/ronival-andrade-de-miranda\/","title":{"rendered":"RONIVAL ANDRADE DE MIRANDA"},"content":{"rendered":"\n<p><strong>Biografia<\/strong><br>Nasci em Barreiras na Bahia. Com minha m\u00e3e vim para Guarulhos na d\u00e9cada de 90, estudei em escola p\u00fablica, em especial na EPG Manuel Bandeira, participei do projeto de contar hist\u00f3rias organizado por Paulino Barbosa e Daniel D&#8217;Andrea, fui arte-educador da arte de contar hist\u00f3rias e teatro na cidade de Guarulhos, contei hist\u00f3rias em in\u00fameros eventos desde 2005, participei do grupo de pesquisa hist\u00f3rica da cidade de Guarulhos com o professor Elton Soares. Lancei dois livros infantis desde 2015, e o terceiro est\u00e1 chegando, sou professor da rede municipal de educa\u00e7\u00e3o com gradua\u00e7\u00e3o em Pedagogia. O mundo dos livros, da escrita e do conhecimento \u00e9 o que me move.<br><br><strong>Obras Presentes na Bienal<br><\/strong>Luna: 2015.<br>Luna \u00e9 uma crian\u00e7a que mora no jardim alvorada em Guarulhos acorda no meio da madrugada e seu choro \u00e9 t\u00e3o forte que\u2026 : Literatura Infantil, 978-85-919833-0-8 Literatos: 2018, independente: p\u00e1ginas 18: Um casal de ratinhos que adora ler decide ir viver numa escola de Guarulhos. Um dia descobrem que ter\u00e3o 15 filhotinhos e come\u00e7am a buscar nos livros nomes para seus beb\u00eas: Literatura Infantil: ISBN 978-85-919833-1-5<\/p>\n","protected":false},"excerpt":{"rendered":"<p>BiografiaNasci em Barreiras na Bahia. Com minha m\u00e3e vim para Guarulhos na d\u00e9cada de 90, estudei em escola p\u00fablica, em especial na EPG Manuel Bandeira, participei do projeto de contar &hellip;<\/p>\n<p class=\"read-more\"> <a class=\"\" href=\"https:\/\/portaleducacao.guarulhos.sp.gov.br\/wp_site\/portalbienal\/2024\/02\/26\/ronival-andrade-de-miranda\/\"> <span class=\"screen-reader-text\">RONIVAL ANDRADE DE MIRANDA<\/span> Leia mais &raquo;<\/a><\/p>\n","protected":false},"author":16,"featured_media":8437,"comment_status":"open","ping_status":"open","sticky":false,"template":"","format":"standard","meta":{"_monsterinsights_skip_tracking":false,"_monsterinsights_sitenote_active":false,"_monsterinsights_sitenote_note":"","_monsterinsights_sitenote_category":0,"site-sidebar-layout":"default","site-content-layout":"default","ast-global-header-display":"","ast-main-header-display":"","ast-hfb-above-header-display":"","ast-hfb-below-header-display":"","ast-hfb-mobile-header-display":"","site-post-title":"","ast-breadcrumbs-content":"","ast-featured-img":"","footer-sml-layout":"","theme-transparent-header-meta":"","adv-header-id-meta":"","stick-header-meta":"","header-above-stick-meta":"","header-main-stick-meta":"","header-below-stick-meta":"","_expiration-date-status":"","_expiration-date":1709568723,"_expiration-date-type":"draft","_expiration-date-categories":[],"_expiration-date-options":[]},"categories":[44],"tags":[],"yoast_head":"<!-- This site is optimized with the Yoast SEO plugin v19.7.1 - https:\/\/yoast.com\/wordpress\/plugins\/seo\/ -->\r\n<title>RONIVAL ANDRADE DE MIRANDA - Bienal do Livro de Guarulhos - 2024<\/title>\r\n<meta name=\"robots\" content=\"index, follow, max-snippet:-1, max-image-preview:large, max-video-preview:-1\" \/>\r\n<link rel=\"canonical\" href=\"https:\/\/portaleducacao.guarulhos.sp.gov.br\/wp_site\/portalbienal\/2024\/02\/26\/ronival-andrade-de-miranda\/\" \/>\r\n<meta property=\"og:locale\" content=\"pt_BR\" \/>\r\n<meta property=\"og:type\" content=\"article\" \/>\r\n<meta property=\"og:title\" content=\"RONIVAL ANDRADE DE MIRANDA - Bienal do Livro de Guarulhos - 2024\" \/>\r\n<meta property=\"og:description\" content=\"BiografiaNasci em Barreiras na Bahia. Com minha m\u00e3e vim para Guarulhos na d\u00e9cada de 90, estudei em escola p\u00fablica, em especial na EPG Manuel Bandeira, participei do projeto de contar &hellip; RONIVAL ANDRADE DE MIRANDA Leia mais &raquo;\" \/>\r\n<meta property=\"og:url\" content=\"https:\/\/portaleducacao.guarulhos.sp.gov.br\/wp_site\/portalbienal\/2024\/02\/26\/ronival-andrade-de-miranda\/\" \/>\r\n<meta property=\"og:site_name\" content=\"Bienal do Livro de Guarulhos - 2024\" \/>\r\n<meta property=\"article:published_time\" content=\"2024-02-26T16:22:09+00:00\" \/>\r\n<meta property=\"article:modified_time\" content=\"2024-02-27T12:18:51+00:00\" \/>\r\n<meta property=\"og:image\" content=\"http:\/\/portaleducacao.guarulhos.sp.gov.br\/wp_site\/portalbienal\/wp-content\/uploads\/sites\/22\/2024\/02\/ronivalMiranda.jpg\" \/>\r\n\t<meta property=\"og:image:width\" content=\"900\" \/>\r\n\t<meta property=\"og:image:height\" content=\"900\" \/>\r\n\t<meta property=\"og:image:type\" content=\"image\/jpeg\" \/>\r\n<meta name=\"author\" content=\"bienal\" \/>\r\n<meta name=\"twitter:card\" content=\"summary_large_image\" \/>\r\n<meta name=\"twitter:label1\" content=\"Escrito por\" \/>\n\t<meta name=\"twitter:data1\" content=\"bienal\" \/>\n\t<meta name=\"twitter:label2\" content=\"Est. tempo de leitura\" \/>\n\t<meta name=\"twitter:data2\" content=\"2 minutos\" \/>\r\n<script type=\"application\/ld+json\" class=\"yoast-schema-graph\">{\"@context\":\"https:\/\/schema.org\",\"@graph\":[{\"@type\":\"Article\",\"@id\":\"https:\/\/portaleducacao.guarulhos.sp.gov.br\/wp_site\/portalbienal\/2024\/02\/26\/ronival-andrade-de-miranda\/#article\",\"isPartOf\":{\"@id\":\"https:\/\/portaleducacao.guarulhos.sp.gov.br\/wp_site\/portalbienal\/2024\/02\/26\/ronival-andrade-de-miranda\/\"},\"author\":{\"name\":\"bienal\",\"@id\":\"https:\/\/portaleducacao.guarulhos.sp.gov.br\/wp_site\/portalbienal\/#\/schema\/person\/f6c143949a6552f31c04b9d44097eb74\"},\"headline\":\"RONIVAL ANDRADE DE MIRANDA\",\"datePublished\":\"2024-02-26T16:22:09+00:00\",\"dateModified\":\"2024-02-27T12:18:51+00:00\",\"mainEntityOfPage\":{\"@id\":\"https:\/\/portaleducacao.guarulhos.sp.gov.br\/wp_site\/portalbienal\/2024\/02\/26\/ronival-andrade-de-miranda\/\"},\"wordCount\":198,\"commentCount\":0,\"publisher\":{\"@id\":\"https:\/\/portaleducacao.guarulhos.sp.gov.br\/wp_site\/portalbienal\/#organization\"},\"articleSection\":[\"autorGru2024\"],\"inLanguage\":\"pt-BR\",\"potentialAction\":[{\"@type\":\"CommentAction\",\"name\":\"Comment\",\"target\":[\"https:\/\/portaleducacao.guarulhos.sp.gov.br\/wp_site\/portalbienal\/2024\/02\/26\/ronival-andrade-de-miranda\/#respond\"]}]},{\"@type\":\"WebPage\",\"@id\":\"https:\/\/portaleducacao.guarulhos.sp.gov.br\/wp_site\/portalbienal\/2024\/02\/26\/ronival-andrade-de-miranda\/\",\"url\":\"https:\/\/portaleducacao.guarulhos.sp.gov.br\/wp_site\/portalbienal\/2024\/02\/26\/ronival-andrade-de-miranda\/\",\"name\":\"RONIVAL ANDRADE DE MIRANDA - Bienal do Livro de Guarulhos - 2024\",\"isPartOf\":{\"@id\":\"https:\/\/portaleducacao.guarulhos.sp.gov.br\/wp_site\/portalbienal\/#website\"},\"datePublished\":\"2024-02-26T16:22:09+00:00\",\"dateModified\":\"2024-02-27T12:18:51+00:00\",\"breadcrumb\":{\"@id\":\"https:\/\/portaleducacao.guarulhos.sp.gov.br\/wp_site\/portalbienal\/2024\/02\/26\/ronival-andrade-de-miranda\/#breadcrumb\"},\"inLanguage\":\"pt-BR\",\"potentialAction\":[{\"@type\":\"ReadAction\",\"target\":[\"https:\/\/portaleducacao.guarulhos.sp.gov.br\/wp_site\/portalbienal\/2024\/02\/26\/ronival-andrade-de-miranda\/\"]}]},{\"@type\":\"BreadcrumbList\",\"@id\":\"https:\/\/portaleducacao.guarulhos.sp.gov.br\/wp_site\/portalbienal\/2024\/02\/26\/ronival-andrade-de-miranda\/#breadcrumb\",\"itemListElement\":[{\"@type\":\"ListItem\",\"position\":1,\"name\":\"In\u00edcio\",\"item\":\"https:\/\/portaleducacao.guarulhos.sp.gov.br\/wp_site\/portalbienal\/\"},{\"@type\":\"ListItem\",\"position\":2,\"name\":\"RONIVAL ANDRADE DE MIRANDA\"}]},{\"@type\":\"WebSite\",\"@id\":\"https:\/\/portaleducacao.guarulhos.sp.gov.br\/wp_site\/portalbienal\/#website\",\"url\":\"https:\/\/portaleducacao.guarulhos.sp.gov.br\/wp_site\/portalbienal\/\",\"name\":\"Bienal do Livro de Guarulhos - 2024\",\"description\":\"Secretaria de Educa\u00e7\u00e3o - Prefeitura de Guarulhos\",\"publisher\":{\"@id\":\"https:\/\/portaleducacao.guarulhos.sp.gov.br\/wp_site\/portalbienal\/#organization\"},\"potentialAction\":[{\"@type\":\"SearchAction\",\"target\":{\"@type\":\"EntryPoint\",\"urlTemplate\":\"https:\/\/portaleducacao.guarulhos.sp.gov.br\/wp_site\/portalbienal\/?s={search_term_string}\"},\"query-input\":\"required name=search_term_string\"}],\"inLanguage\":\"pt-BR\"},{\"@type\":\"Organization\",\"@id\":\"https:\/\/portaleducacao.guarulhos.sp.gov.br\/wp_site\/portalbienal\/#organization\",\"name\":\"Bienal do Livro de Guarulhos - 2024\",\"url\":\"https:\/\/portaleducacao.guarulhos.sp.gov.br\/wp_site\/portalbienal\/\",\"sameAs\":[],\"logo\":{\"@type\":\"ImageObject\",\"inLanguage\":\"pt-BR\",\"@id\":\"https:\/\/portaleducacao.guarulhos.sp.gov.br\/wp_site\/portalbienal\/#\/schema\/logo\/image\/\",\"url\":\"https:\/\/portaleducacao.guarulhos.sp.gov.br\/wp_site\/portalbienal\/wp-content\/uploads\/sites\/22\/2022\/07\/logo_site.jpg\",\"contentUrl\":\"https:\/\/portaleducacao.guarulhos.sp.gov.br\/wp_site\/portalbienal\/wp-content\/uploads\/sites\/22\/2022\/07\/logo_site.jpg\",\"width\":350,\"height\":100,\"caption\":\"Bienal do Livro de Guarulhos - 2024\"},\"image\":{\"@id\":\"https:\/\/portaleducacao.guarulhos.sp.gov.br\/wp_site\/portalbienal\/#\/schema\/logo\/image\/\"}},{\"@type\":\"Person\",\"@id\":\"https:\/\/portaleducacao.guarulhos.sp.gov.br\/wp_site\/portalbienal\/#\/schema\/person\/f6c143949a6552f31c04b9d44097eb74\",\"name\":\"bienal\",\"image\":{\"@type\":\"ImageObject\",\"inLanguage\":\"pt-BR\",\"@id\":\"https:\/\/portaleducacao.guarulhos.sp.gov.br\/wp_site\/portalbienal\/#\/schema\/person\/image\/\",\"url\":\"https:\/\/secure.gravatar.com\/avatar\/dbc6e930183843dc385846c81a08a16d?s=96&d=mm&r=g\",\"contentUrl\":\"https:\/\/secure.gravatar.com\/avatar\/dbc6e930183843dc385846c81a08a16d?s=96&d=mm&r=g\",\"caption\":\"bienal\"},\"url\":\"https:\/\/portaleducacao.guarulhos.sp.gov.br\/wp_site\/portalbienal\/author\/bienal\/\"}]}<\/script>\r\n<!-- \/ Yoast SEO plugin. -->","yoast_head_json":{"title":"RONIVAL ANDRADE DE MIRANDA - Bienal do Livro de Guarulhos - 2024","robots":{"index":"index","follow":"follow","max-snippet":"max-snippet:-1","max-image-preview":"max-image-preview:large","max-video-preview":"max-video-preview:-1"},"canonical":"https:\/\/portaleducacao.guarulhos.sp.gov.br\/wp_site\/portalbienal\/2024\/02\/26\/ronival-andrade-de-miranda\/","og_locale":"pt_BR","og_type":"article","og_title":"RONIVAL ANDRADE DE MIRANDA - Bienal do Livro de Guarulhos - 2024","og_description":"BiografiaNasci em Barreiras na Bahia. Com minha m\u00e3e vim para Guarulhos na d\u00e9cada de 90, estudei em escola p\u00fablica, em especial na EPG Manuel Bandeira, participei do projeto de contar &hellip; RONIVAL ANDRADE DE MIRANDA Leia mais &raquo;","og_url":"https:\/\/portaleducacao.guarulhos.sp.gov.br\/wp_site\/portalbienal\/2024\/02\/26\/ronival-andrade-de-miranda\/","og_site_name":"Bienal do Livro de Guarulhos - 2024","article_published_time":"2024-02-26T16:22:09+00:00","article_modified_time":"2024-02-27T12:18:51+00:00","og_image":[{"width":900,"height":900,"url":"http:\/\/portaleducacao.guarulhos.sp.gov.br\/wp_site\/portalbienal\/wp-content\/uploads\/sites\/22\/2024\/02\/ronivalMiranda.jpg","type":"image\/jpeg"}],"author":"bienal","twitter_card":"summary_large_image","twitter_misc":{"Escrito por":"bienal","Est. tempo de leitura":"2 minutos"},"schema":{"@context":"https:\/\/schema.org","@graph":[{"@type":"Article","@id":"https:\/\/portaleducacao.guarulhos.sp.gov.br\/wp_site\/portalbienal\/2024\/02\/26\/ronival-andrade-de-miranda\/#article","isPartOf":{"@id":"https:\/\/portaleducacao.guarulhos.sp.gov.br\/wp_site\/portalbienal\/2024\/02\/26\/ronival-andrade-de-miranda\/"},"author":{"name":"bienal","@id":"https:\/\/portaleducacao.guarulhos.sp.gov.br\/wp_site\/portalbienal\/#\/schema\/person\/f6c143949a6552f31c04b9d44097eb74"},"headline":"RONIVAL ANDRADE DE MIRANDA","datePublished":"2024-02-26T16:22:09+00:00","dateModified":"2024-02-27T12:18:51+00:00","mainEntityOfPage":{"@id":"https:\/\/portaleducacao.guarulhos.sp.gov.br\/wp_site\/portalbienal\/2024\/02\/26\/ronival-andrade-de-miranda\/"},"wordCount":198,"commentCount":0,"publisher":{"@id":"https:\/\/portaleducacao.guarulhos.sp.gov.br\/wp_site\/portalbienal\/#organization"},"articleSection":["autorGru2024"],"inLanguage":"pt-BR","potentialAction":[{"@type":"CommentAction","name":"Comment","target":["https:\/\/portaleducacao.guarulhos.sp.gov.br\/wp_site\/portalbienal\/2024\/02\/26\/ronival-andrade-de-miranda\/#respond"]}]},{"@type":"WebPage","@id":"https:\/\/portaleducacao.guarulhos.sp.gov.br\/wp_site\/portalbienal\/2024\/02\/26\/ronival-andrade-de-miranda\/","url":"https:\/\/portaleducacao.guarulhos.sp.gov.br\/wp_site\/portalbienal\/2024\/02\/26\/ronival-andrade-de-miranda\/","name":"RONIVAL ANDRADE DE MIRANDA - Bienal do Livro de Guarulhos - 2024","isPartOf":{"@id":"https:\/\/portaleducacao.guarulhos.sp.gov.br\/wp_site\/portalbienal\/#website"},"datePublished":"2024-02-26T16:22:09+00:00","dateModified":"2024-02-27T12:18:51+00:00","breadcrumb":{"@id":"https:\/\/portaleducacao.guarulhos.sp.gov.br\/wp_site\/portalbienal\/2024\/02\/26\/ronival-andrade-de-miranda\/#breadcrumb"},"inLanguage":"pt-BR","potentialAction":[{"@type":"ReadAction","target":["https:\/\/portaleducacao.guarulhos.sp.gov.br\/wp_site\/portalbienal\/2024\/02\/26\/ronival-andrade-de-miranda\/"]}]},{"@type":"BreadcrumbList","@id":"https:\/\/portaleducacao.guarulhos.sp.gov.br\/wp_site\/portalbienal\/2024\/02\/26\/ronival-andrade-de-miranda\/#breadcrumb","itemListElement":[{"@type":"ListItem","position":1,"name":"In\u00edcio","item":"https:\/\/portaleducacao.guarulhos.sp.gov.br\/wp_site\/portalbienal\/"},{"@type":"ListItem","position":2,"name":"RONIVAL ANDRADE DE MIRANDA"}]},{"@type":"WebSite","@id":"https:\/\/portaleducacao.guarulhos.sp.gov.br\/wp_site\/portalbienal\/#website","url":"https:\/\/portaleducacao.guarulhos.sp.gov.br\/wp_site\/portalbienal\/","name":"Bienal do Livro de Guarulhos - 2024","description":"Secretaria de Educa\u00e7\u00e3o - Prefeitura de Guarulhos","publisher":{"@id":"https:\/\/portaleducacao.guarulhos.sp.gov.br\/wp_site\/portalbienal\/#organization"},"potentialAction":[{"@type":"SearchAction","target":{"@type":"EntryPoint","urlTemplate":"https:\/\/portaleducacao.guarulhos.sp.gov.br\/wp_site\/portalbienal\/?s={search_term_string}"},"query-input":"required name=search_term_string"}],"inLanguage":"pt-BR"},{"@type":"Organization","@id":"https:\/\/portaleducacao.guarulhos.sp.gov.br\/wp_site\/portalbienal\/#organization","name":"Bienal do Livro de Guarulhos - 2024","url":"https:\/\/portaleducacao.guarulhos.sp.gov.br\/wp_site\/portalbienal\/","sameAs":[],"logo":{"@type":"ImageObject","inLanguage":"pt-BR","@id":"https:\/\/portaleducacao.guarulhos.sp.gov.br\/wp_site\/portalbienal\/#\/schema\/logo\/image\/","url":"https:\/\/portaleducacao.guarulhos.sp.gov.br\/wp_site\/portalbienal\/wp-content\/uploads\/sites\/22\/2022\/07\/logo_site.jpg","contentUrl":"https:\/\/portaleducacao.guarulhos.sp.gov.br\/wp_site\/portalbienal\/wp-content\/uploads\/sites\/22\/2022\/07\/logo_site.jpg","width":350,"height":100,"caption":"Bienal do Livro de Guarulhos - 2024"},"image":{"@id":"https:\/\/portaleducacao.guarulhos.sp.gov.br\/wp_site\/portalbienal\/#\/schema\/logo\/image\/"}},{"@type":"Person","@id":"https:\/\/portaleducacao.guarulhos.sp.gov.br\/wp_site\/portalbienal\/#\/schema\/person\/f6c143949a6552f31c04b9d44097eb74","name":"bienal","image":{"@type":"ImageObject","inLanguage":"pt-BR","@id":"https:\/\/portaleducacao.guarulhos.sp.gov.br\/wp_site\/portalbienal\/#\/schema\/person\/image\/","url":"https:\/\/secure.gravatar.com\/avatar\/dbc6e930183843dc385846c81a08a16d?s=96&d=mm&r=g","contentUrl":"https:\/\/secure.gravatar.com\/avatar\/dbc6e930183843dc385846c81a08a16d?s=96&d=mm&r=g","caption":"bienal"},"url":"https:\/\/portaleducacao.guarulhos.sp.gov.br\/wp_site\/portalbienal\/author\/bienal\/"}]}},"_links":{"self":[{"href":"https:\/\/portaleducacao.guarulhos.sp.gov.br\/wp_site\/portalbienal\/wp-json\/wp\/v2\/posts\/8436"}],"collection":[{"href":"https:\/\/portaleducacao.guarulhos.sp.gov.br\/wp_site\/portalbienal\/wp-json\/wp\/v2\/posts"}],"about":[{"href":"https:\/\/portaleducacao.guarulhos.sp.gov.br\/wp_site\/portalbienal\/wp-json\/wp\/v2\/types\/post"}],"author":[{"embeddable":true,"href":"https:\/\/portaleducacao.guarulhos.sp.gov.br\/wp_site\/portalbienal\/wp-json\/wp\/v2\/users\/16"}],"replies":[{"embeddable":true,"href":"https:\/\/portaleducacao.guarulhos.sp.gov.br\/wp_site\/portalbienal\/wp-json\/wp\/v2\/comments?post=8436"}],"version-history":[{"count":1,"href":"https:\/\/portaleducacao.guarulhos.sp.gov.br\/wp_site\/portalbienal\/wp-json\/wp\/v2\/posts\/8436\/revisions"}],"predecessor-version":[{"id":8438,"href":"https:\/\/portaleducacao.guarulhos.sp.gov.br\/wp_site\/portalbienal\/wp-json\/wp\/v2\/posts\/8436\/revisions\/8438"}],"wp:featuredmedia":[{"embeddable":true,"href":"https:\/\/portaleducacao.guarulhos.sp.gov.br\/wp_site\/portalbienal\/wp-json\/wp\/v2\/media\/8437"}],"wp:attachment":[{"href":"https:\/\/portaleducacao.guarulhos.sp.gov.br\/wp_site\/portalbienal\/wp-json\/wp\/v2\/media?parent=8436"}],"wp:term":[{"taxonomy":"category","embeddable":true,"href":"https:\/\/portaleducacao.guarulhos.sp.gov.br\/wp_site\/portalbienal\/wp-json\/wp\/v2\/categories?post=8436"},{"taxonomy":"post_tag","embeddable":true,"href":"https:\/\/portaleducacao.guarulhos.sp.gov.br\/wp_site\/portalbienal\/wp-json\/wp\/v2\/tags?post=8436"}],"curies":[{"name":"wp","href":"https:\/\/api.w.org\/{rel}","templated":true}]}}