{"id":8445,"date":"2024-02-26T13:30:35","date_gmt":"2024-02-26T16:30:35","guid":{"rendered":"https:\/\/portaleducacao.guarulhos.sp.gov.br\/wp_site\/portalbienal\/?p=8445"},"modified":"2024-02-27T09:57:27","modified_gmt":"2024-02-27T12:57:27","slug":"anacelia-sipriano","status":"publish","type":"post","link":"https:\/\/portaleducacao.guarulhos.sp.gov.br\/wp_site\/portalbienal\/2024\/02\/26\/anacelia-sipriano\/","title":{"rendered":"ANAC\u00c9LIA SIPRIANO"},"content":{"rendered":"\n<p>Biografia <br>Sou a 4\u00b0 de nove filhos; professora, formada em magist\u00e9rio e pedagoga com p\u00f3s em Coordena\u00e7\u00e3o Pedag\u00f3gica. Atuo como vice-diretora na rede Municipal de Guarulhos. Um dos desejos da adolesc\u00eancia era escrever um livro, e este sonho parecia distante at\u00e9 em 2020 tive inspira\u00e7\u00e3o para iniciar e concretiz\u00e1-lo. Acredito no poder da palavra escrita. Quando escrevemos para os outros ajudamo-los a ampliarem sua vis\u00e3o sobre o assunto abordado, provocamos reflex\u00f5es, iluminamos a alma. Sou otimista, determinada e acredito que ter foco e vontade \u00e9 essencial, mas principalmente f\u00e9 no que voc\u00ea acredita<br><br><strong>Obra Lan\u00e7ada na Bienal<\/strong><br>Sim Jesus, Meu amor! testemunhos que edificam 2024, Clube de Autores. 130 p\u00e1ginas. Livro fala sobre testemunhos que surgem a partir do encontro pessoal com Jesus. Aborda possibilidades de testemunhos, que passam pelo querer, pela perseveran\u00e7a e pelo servir. Traz tamb\u00e9m alguns testemunhos impactantes de pessoas que tiveram suas vidas transformadas e contam como aconteceu. \u00c9 uma obra crist\u00e3 cat\u00f3lica. ISBN: 9786500898446<br><br><strong>Obra Presente na Bienal<br><\/strong>Sim Jesus, Meu amor! testemunhos que edificam 2024, Clube de Autores. 130 p\u00e1ginas. Livro fala sobre testemunhos que surgem a partir do encontro pessoal com Jesus. Aborda possibilidades de testemunhos, que passam pelo querer, pela perseveran\u00e7a e pelo servir. Traz tamb\u00e9m alguns testemunhos impactantes de pessoas que tiveram suas vidas transformadas e contam como aconteceu. \u00c9 uma obra crist\u00e3 cat\u00f3lica. ISBN: 9786500898446 Caminhando para a terra onde mana Leite e Mel. Estamos todos a caminho Edi\u00e7\u00e3o: (1) (2021) ISBN: 978-65-001-8170-8 N\u00famero de p\u00e1ginas: 125 T\u00f3picos: Vida Crist\u00e3, Religi\u00e3o, Ora\u00e7\u00e3o Palavras-chave: testemunho, religi\u00e3o, espiritualidade, cura, cristianismo, 5 Neste livro, a autora compartilha algumas experi\u00eancias que ajudar\u00e1 o leitor e perceber em todos os acontecimentos o agir de Deus ao se permitir vivenciar do amor que cura e deixar Deus o conduzir \u00e0 Terra onde mana Leite e Mel! Toda a leitura \u00e9 um convite a contemplar a a\u00e7\u00e3o de Deus na hist\u00f3ria de vida de cada pessoa, mesmo nas mais diversas situa\u00e7\u00f5es. A autora, uma ex-freira, que ap\u00f3s duas tentativas na vida religiosa, vivenciou o matrimonio e ap\u00f3s o t\u00e9rmino deste, passou pelo processo de nulidade. Partindo de sua experi\u00eancia faz um convite \u00e0 reflex\u00e3o e a experimentar da cura que o amor de Deus proporciona quando contemplamos nossa hist\u00f3ria com olhos de f\u00e9, na certeza de que Deus caminha conosco! Filha da Escola P\u00fablica Da sala de aula \u00e0 sala dos professores Edi\u00e7\u00e3o: (1) (2021) ISBN: 9786500345155 N\u00famero de p\u00e1ginas: 125 T\u00f3picos: Educa\u00e7\u00e3o, Did\u00e1ticos Palavras-chave: covid-19, \u2013, pandemia, 4., gestora, equipe, 3., pedag\u00f3gica, coordena\u00e7\u00e3o, 2., 1.educa\u00e7\u00e3o Esta obra tem como objetivo principal trazer um pouco do \u201cch\u00e3o da escola\u201d sob o olhar do Coordenador Pedag\u00f3gico, que precisa ser sens\u00edvel \u00e0 realidade em que est\u00e1 inserido, ser l\u00edder, encorajar e valorizar o trabalho dos professores e de toda equipe escolar. Apresenta algumas reflex\u00f5es pr\u00e1ticas do fazer pedag\u00f3gico a partir da experi\u00eancia da autora como aluna, e posteriormente como professora e Coordenadora Pedag\u00f3gica. A autora descreve experi\u00eancias significativas em sua trajet\u00f3ria e destaca a import\u00e2ncia das rela\u00e7\u00f5es afetivas no universo escolar, onde professores tem um papel fundamental em despertar sonhos e encorajar para a concretiza\u00e7\u00e3o destes. O pedag\u00f3gico \u00e9 a alma da escola, logo exige organiza\u00e7\u00e3o, dedica\u00e7\u00e3o, comprometimento, parceria e muito mais. Al\u00e9m das reflex\u00f5es que contribuir\u00e3o com o seu trabalho, voc\u00ea tamb\u00e9m encontrar\u00e1 a\u00e7\u00f5es pedag\u00f3gicas que ocorreram no cen\u00e1rio da pandemia Covid-19 no bi\u00eanio (2020-2021). Jesus Orante Ora\u00e7\u00f5es para Diversas Ocasi\u00f5es Edi\u00e7\u00e3o: (1) (2022) ISBN: 9786500495676 N\u00famero de p\u00e1ginas: 225 T\u00f3picos: Vida Crist\u00e3, Religi\u00e3o, Ora\u00e7\u00e3o Palavras-chave: pessoal, devo\u00e7\u00f5es, cristianismo, comunit\u00e1ria, 4., 3., 2., 1.ora\u00e7\u00e3o Aqui apresento um convite a olhar para Jesus, que durante sua vida p\u00fablica, em meio \u00e0 a\u00e7\u00f5es concretas, est\u00e1 a experi\u00eancia da ora\u00e7\u00e3o, seja pessoal, quando se retira ao monte para orar, seja de forma comunit\u00e1ria, quando vai ao templo; ou com os ap\u00f3stolos ao monte, ou ainda na sala do cen\u00e1culo, onde costumavam se reunir. Ao contemplarmos Jesus, veremos que sua ora\u00e7\u00e3o est\u00e1 intrinsecamente relacionada \u00e0 a\u00e7\u00e3o, que vai ao encontro com o pr\u00f3ximo. Tamb\u00e9m \u00e9 um convite \u00e0 experi\u00eancia do encontro com o Senhor atrav\u00e9s de algumas formas de ora\u00e7\u00e3o, seja de louvor, adora\u00e7\u00e3o, s\u00faplica, liberta\u00e7\u00e3o e tamb\u00e9m das ora\u00e7\u00f5es devocionais. Ora\u00e7\u00e3o que n\u00e3o nos tira da realidade, mas nos encoraja e fortalece para uma atua\u00e7\u00e3o engajada e comprometida com o Reino de Deus. Se assim n\u00e3o for, \u00e9 urgente revermos nossa experi\u00eancia de ora\u00e7\u00e3o. Esta n\u00e3o pode se encerrar em n\u00f3s mesmos, mas em uma vis\u00e3o cristol\u00f3gica, \u00e0 medida que nos aproxima do Pai, nos impulsiona para a viv\u00eancia comunit\u00e1ria e fraterna. A ora\u00e7\u00e3o \u00e9 o encontro do humano com o divino. Jesus sobe ao monte para um encontro pessoal com o Pai, e desce para um encontro pessoal com a humanidade<\/p>\n","protected":false},"excerpt":{"rendered":"<p>Biografia Sou a 4\u00b0 de nove filhos; professora, formada em magist\u00e9rio e pedagoga com p\u00f3s em Coordena\u00e7\u00e3o Pedag\u00f3gica. Atuo como vice-diretora na rede Municipal de Guarulhos. Um dos desejos da &hellip;<\/p>\n<p class=\"read-more\"> <a class=\"\" href=\"https:\/\/portaleducacao.guarulhos.sp.gov.br\/wp_site\/portalbienal\/2024\/02\/26\/anacelia-sipriano\/\"> <span class=\"screen-reader-text\">ANAC\u00c9LIA SIPRIANO<\/span> Leia mais &raquo;<\/a><\/p>\n","protected":false},"author":16,"featured_media":8446,"comment_status":"open","ping_status":"open","sticky":false,"template":"","format":"standard","meta":{"_monsterinsights_skip_tracking":false,"_monsterinsights_sitenote_active":false,"_monsterinsights_sitenote_note":"","_monsterinsights_sitenote_category":0,"site-sidebar-layout":"default","site-content-layout":"default","ast-global-header-display":"","ast-main-header-display":"","ast-hfb-above-header-display":"","ast-hfb-below-header-display":"","ast-hfb-mobile-header-display":"","site-post-title":"","ast-breadcrumbs-content":"","ast-featured-img":"","footer-sml-layout":"","theme-transparent-header-meta":"","adv-header-id-meta":"","stick-header-meta":"","header-above-stick-meta":"","header-main-stick-meta":"","header-below-stick-meta":"","_expiration-date-status":"","_expiration-date":1709569680,"_expiration-date-type":"draft","_expiration-date-categories":[],"_expiration-date-options":[]},"categories":[44],"tags":[],"yoast_head":"<!-- This site is optimized with the Yoast SEO plugin v19.7.1 - https:\/\/yoast.com\/wordpress\/plugins\/seo\/ -->\r\n<title>ANAC\u00c9LIA SIPRIANO - Bienal do Livro de Guarulhos - 2024<\/title>\r\n<meta name=\"robots\" content=\"index, follow, max-snippet:-1, max-image-preview:large, max-video-preview:-1\" \/>\r\n<link rel=\"canonical\" href=\"https:\/\/portaleducacao.guarulhos.sp.gov.br\/wp_site\/portalbienal\/2024\/02\/26\/anacelia-sipriano\/\" \/>\r\n<meta property=\"og:locale\" content=\"pt_BR\" \/>\r\n<meta property=\"og:type\" content=\"article\" \/>\r\n<meta property=\"og:title\" content=\"ANAC\u00c9LIA SIPRIANO - Bienal do Livro de Guarulhos - 2024\" \/>\r\n<meta property=\"og:description\" content=\"Biografia Sou a 4\u00b0 de nove filhos; professora, formada em magist\u00e9rio e pedagoga com p\u00f3s em Coordena\u00e7\u00e3o Pedag\u00f3gica. Atuo como vice-diretora na rede Municipal de Guarulhos. Um dos desejos da &hellip; ANAC\u00c9LIA SIPRIANO Leia mais &raquo;\" \/>\r\n<meta property=\"og:url\" content=\"https:\/\/portaleducacao.guarulhos.sp.gov.br\/wp_site\/portalbienal\/2024\/02\/26\/anacelia-sipriano\/\" \/>\r\n<meta property=\"og:site_name\" content=\"Bienal do Livro de Guarulhos - 2024\" \/>\r\n<meta property=\"article:published_time\" content=\"2024-02-26T16:30:35+00:00\" \/>\r\n<meta property=\"article:modified_time\" content=\"2024-02-27T12:57:27+00:00\" \/>\r\n<meta property=\"og:image\" content=\"http:\/\/portaleducacao.guarulhos.sp.gov.br\/wp_site\/portalbienal\/wp-content\/uploads\/sites\/22\/2024\/02\/anaceliaSipriano.png\" \/>\r\n\t<meta property=\"og:image:width\" content=\"900\" \/>\r\n\t<meta property=\"og:image:height\" content=\"900\" \/>\r\n\t<meta property=\"og:image:type\" content=\"image\/png\" \/>\r\n<meta name=\"author\" content=\"bienal\" \/>\r\n<meta name=\"twitter:card\" content=\"summary_large_image\" \/>\r\n<meta name=\"twitter:label1\" content=\"Escrito por\" \/>\n\t<meta name=\"twitter:data1\" content=\"bienal\" \/>\n\t<meta name=\"twitter:label2\" content=\"Est. tempo de leitura\" \/>\n\t<meta name=\"twitter:data2\" content=\"5 minutos\" \/>\r\n<script type=\"application\/ld+json\" class=\"yoast-schema-graph\">{\"@context\":\"https:\/\/schema.org\",\"@graph\":[{\"@type\":\"Article\",\"@id\":\"https:\/\/portaleducacao.guarulhos.sp.gov.br\/wp_site\/portalbienal\/2024\/02\/26\/anacelia-sipriano\/#article\",\"isPartOf\":{\"@id\":\"https:\/\/portaleducacao.guarulhos.sp.gov.br\/wp_site\/portalbienal\/2024\/02\/26\/anacelia-sipriano\/\"},\"author\":{\"name\":\"bienal\",\"@id\":\"https:\/\/portaleducacao.guarulhos.sp.gov.br\/wp_site\/portalbienal\/#\/schema\/person\/f6c143949a6552f31c04b9d44097eb74\"},\"headline\":\"ANAC\u00c9LIA SIPRIANO\",\"datePublished\":\"2024-02-26T16:30:35+00:00\",\"dateModified\":\"2024-02-27T12:57:27+00:00\",\"mainEntityOfPage\":{\"@id\":\"https:\/\/portaleducacao.guarulhos.sp.gov.br\/wp_site\/portalbienal\/2024\/02\/26\/anacelia-sipriano\/\"},\"wordCount\":878,\"commentCount\":0,\"publisher\":{\"@id\":\"https:\/\/portaleducacao.guarulhos.sp.gov.br\/wp_site\/portalbienal\/#organization\"},\"articleSection\":[\"autorGru2024\"],\"inLanguage\":\"pt-BR\",\"potentialAction\":[{\"@type\":\"CommentAction\",\"name\":\"Comment\",\"target\":[\"https:\/\/portaleducacao.guarulhos.sp.gov.br\/wp_site\/portalbienal\/2024\/02\/26\/anacelia-sipriano\/#respond\"]}]},{\"@type\":\"WebPage\",\"@id\":\"https:\/\/portaleducacao.guarulhos.sp.gov.br\/wp_site\/portalbienal\/2024\/02\/26\/anacelia-sipriano\/\",\"url\":\"https:\/\/portaleducacao.guarulhos.sp.gov.br\/wp_site\/portalbienal\/2024\/02\/26\/anacelia-sipriano\/\",\"name\":\"ANAC\u00c9LIA SIPRIANO - Bienal do Livro de Guarulhos - 2024\",\"isPartOf\":{\"@id\":\"https:\/\/portaleducacao.guarulhos.sp.gov.br\/wp_site\/portalbienal\/#website\"},\"datePublished\":\"2024-02-26T16:30:35+00:00\",\"dateModified\":\"2024-02-27T12:57:27+00:00\",\"breadcrumb\":{\"@id\":\"https:\/\/portaleducacao.guarulhos.sp.gov.br\/wp_site\/portalbienal\/2024\/02\/26\/anacelia-sipriano\/#breadcrumb\"},\"inLanguage\":\"pt-BR\",\"potentialAction\":[{\"@type\":\"ReadAction\",\"target\":[\"https:\/\/portaleducacao.guarulhos.sp.gov.br\/wp_site\/portalbienal\/2024\/02\/26\/anacelia-sipriano\/\"]}]},{\"@type\":\"BreadcrumbList\",\"@id\":\"https:\/\/portaleducacao.guarulhos.sp.gov.br\/wp_site\/portalbienal\/2024\/02\/26\/anacelia-sipriano\/#breadcrumb\",\"itemListElement\":[{\"@type\":\"ListItem\",\"position\":1,\"name\":\"In\u00edcio\",\"item\":\"https:\/\/portaleducacao.guarulhos.sp.gov.br\/wp_site\/portalbienal\/\"},{\"@type\":\"ListItem\",\"position\":2,\"name\":\"ANAC\u00c9LIA SIPRIANO\"}]},{\"@type\":\"WebSite\",\"@id\":\"https:\/\/portaleducacao.guarulhos.sp.gov.br\/wp_site\/portalbienal\/#website\",\"url\":\"https:\/\/portaleducacao.guarulhos.sp.gov.br\/wp_site\/portalbienal\/\",\"name\":\"Bienal do Livro de Guarulhos - 2024\",\"description\":\"Secretaria de Educa\u00e7\u00e3o - Prefeitura de Guarulhos\",\"publisher\":{\"@id\":\"https:\/\/portaleducacao.guarulhos.sp.gov.br\/wp_site\/portalbienal\/#organization\"},\"potentialAction\":[{\"@type\":\"SearchAction\",\"target\":{\"@type\":\"EntryPoint\",\"urlTemplate\":\"https:\/\/portaleducacao.guarulhos.sp.gov.br\/wp_site\/portalbienal\/?s={search_term_string}\"},\"query-input\":\"required name=search_term_string\"}],\"inLanguage\":\"pt-BR\"},{\"@type\":\"Organization\",\"@id\":\"https:\/\/portaleducacao.guarulhos.sp.gov.br\/wp_site\/portalbienal\/#organization\",\"name\":\"Bienal do Livro de Guarulhos - 2024\",\"url\":\"https:\/\/portaleducacao.guarulhos.sp.gov.br\/wp_site\/portalbienal\/\",\"sameAs\":[],\"logo\":{\"@type\":\"ImageObject\",\"inLanguage\":\"pt-BR\",\"@id\":\"https:\/\/portaleducacao.guarulhos.sp.gov.br\/wp_site\/portalbienal\/#\/schema\/logo\/image\/\",\"url\":\"https:\/\/portaleducacao.guarulhos.sp.gov.br\/wp_site\/portalbienal\/wp-content\/uploads\/sites\/22\/2022\/07\/logo_site.jpg\",\"contentUrl\":\"https:\/\/portaleducacao.guarulhos.sp.gov.br\/wp_site\/portalbienal\/wp-content\/uploads\/sites\/22\/2022\/07\/logo_site.jpg\",\"width\":350,\"height\":100,\"caption\":\"Bienal do Livro de Guarulhos - 2024\"},\"image\":{\"@id\":\"https:\/\/portaleducacao.guarulhos.sp.gov.br\/wp_site\/portalbienal\/#\/schema\/logo\/image\/\"}},{\"@type\":\"Person\",\"@id\":\"https:\/\/portaleducacao.guarulhos.sp.gov.br\/wp_site\/portalbienal\/#\/schema\/person\/f6c143949a6552f31c04b9d44097eb74\",\"name\":\"bienal\",\"image\":{\"@type\":\"ImageObject\",\"inLanguage\":\"pt-BR\",\"@id\":\"https:\/\/portaleducacao.guarulhos.sp.gov.br\/wp_site\/portalbienal\/#\/schema\/person\/image\/\",\"url\":\"https:\/\/secure.gravatar.com\/avatar\/dbc6e930183843dc385846c81a08a16d?s=96&d=mm&r=g\",\"contentUrl\":\"https:\/\/secure.gravatar.com\/avatar\/dbc6e930183843dc385846c81a08a16d?s=96&d=mm&r=g\",\"caption\":\"bienal\"},\"url\":\"https:\/\/portaleducacao.guarulhos.sp.gov.br\/wp_site\/portalbienal\/author\/bienal\/\"}]}<\/script>\r\n<!-- \/ Yoast SEO plugin. -->","yoast_head_json":{"title":"ANAC\u00c9LIA SIPRIANO - Bienal do Livro de Guarulhos - 2024","robots":{"index":"index","follow":"follow","max-snippet":"max-snippet:-1","max-image-preview":"max-image-preview:large","max-video-preview":"max-video-preview:-1"},"canonical":"https:\/\/portaleducacao.guarulhos.sp.gov.br\/wp_site\/portalbienal\/2024\/02\/26\/anacelia-sipriano\/","og_locale":"pt_BR","og_type":"article","og_title":"ANAC\u00c9LIA SIPRIANO - Bienal do Livro de Guarulhos - 2024","og_description":"Biografia Sou a 4\u00b0 de nove filhos; professora, formada em magist\u00e9rio e pedagoga com p\u00f3s em Coordena\u00e7\u00e3o Pedag\u00f3gica. Atuo como vice-diretora na rede Municipal de Guarulhos. Um dos desejos da &hellip; ANAC\u00c9LIA SIPRIANO Leia mais &raquo;","og_url":"https:\/\/portaleducacao.guarulhos.sp.gov.br\/wp_site\/portalbienal\/2024\/02\/26\/anacelia-sipriano\/","og_site_name":"Bienal do Livro de Guarulhos - 2024","article_published_time":"2024-02-26T16:30:35+00:00","article_modified_time":"2024-02-27T12:57:27+00:00","og_image":[{"width":900,"height":900,"url":"http:\/\/portaleducacao.guarulhos.sp.gov.br\/wp_site\/portalbienal\/wp-content\/uploads\/sites\/22\/2024\/02\/anaceliaSipriano.png","type":"image\/png"}],"author":"bienal","twitter_card":"summary_large_image","twitter_misc":{"Escrito por":"bienal","Est. tempo de leitura":"5 minutos"},"schema":{"@context":"https:\/\/schema.org","@graph":[{"@type":"Article","@id":"https:\/\/portaleducacao.guarulhos.sp.gov.br\/wp_site\/portalbienal\/2024\/02\/26\/anacelia-sipriano\/#article","isPartOf":{"@id":"https:\/\/portaleducacao.guarulhos.sp.gov.br\/wp_site\/portalbienal\/2024\/02\/26\/anacelia-sipriano\/"},"author":{"name":"bienal","@id":"https:\/\/portaleducacao.guarulhos.sp.gov.br\/wp_site\/portalbienal\/#\/schema\/person\/f6c143949a6552f31c04b9d44097eb74"},"headline":"ANAC\u00c9LIA SIPRIANO","datePublished":"2024-02-26T16:30:35+00:00","dateModified":"2024-02-27T12:57:27+00:00","mainEntityOfPage":{"@id":"https:\/\/portaleducacao.guarulhos.sp.gov.br\/wp_site\/portalbienal\/2024\/02\/26\/anacelia-sipriano\/"},"wordCount":878,"commentCount":0,"publisher":{"@id":"https:\/\/portaleducacao.guarulhos.sp.gov.br\/wp_site\/portalbienal\/#organization"},"articleSection":["autorGru2024"],"inLanguage":"pt-BR","potentialAction":[{"@type":"CommentAction","name":"Comment","target":["https:\/\/portaleducacao.guarulhos.sp.gov.br\/wp_site\/portalbienal\/2024\/02\/26\/anacelia-sipriano\/#respond"]}]},{"@type":"WebPage","@id":"https:\/\/portaleducacao.guarulhos.sp.gov.br\/wp_site\/portalbienal\/2024\/02\/26\/anacelia-sipriano\/","url":"https:\/\/portaleducacao.guarulhos.sp.gov.br\/wp_site\/portalbienal\/2024\/02\/26\/anacelia-sipriano\/","name":"ANAC\u00c9LIA SIPRIANO - Bienal do Livro de Guarulhos - 2024","isPartOf":{"@id":"https:\/\/portaleducacao.guarulhos.sp.gov.br\/wp_site\/portalbienal\/#website"},"datePublished":"2024-02-26T16:30:35+00:00","dateModified":"2024-02-27T12:57:27+00:00","breadcrumb":{"@id":"https:\/\/portaleducacao.guarulhos.sp.gov.br\/wp_site\/portalbienal\/2024\/02\/26\/anacelia-sipriano\/#breadcrumb"},"inLanguage":"pt-BR","potentialAction":[{"@type":"ReadAction","target":["https:\/\/portaleducacao.guarulhos.sp.gov.br\/wp_site\/portalbienal\/2024\/02\/26\/anacelia-sipriano\/"]}]},{"@type":"BreadcrumbList","@id":"https:\/\/portaleducacao.guarulhos.sp.gov.br\/wp_site\/portalbienal\/2024\/02\/26\/anacelia-sipriano\/#breadcrumb","itemListElement":[{"@type":"ListItem","position":1,"name":"In\u00edcio","item":"https:\/\/portaleducacao.guarulhos.sp.gov.br\/wp_site\/portalbienal\/"},{"@type":"ListItem","position":2,"name":"ANAC\u00c9LIA SIPRIANO"}]},{"@type":"WebSite","@id":"https:\/\/portaleducacao.guarulhos.sp.gov.br\/wp_site\/portalbienal\/#website","url":"https:\/\/portaleducacao.guarulhos.sp.gov.br\/wp_site\/portalbienal\/","name":"Bienal do Livro de Guarulhos - 2024","description":"Secretaria de Educa\u00e7\u00e3o - Prefeitura de Guarulhos","publisher":{"@id":"https:\/\/portaleducacao.guarulhos.sp.gov.br\/wp_site\/portalbienal\/#organization"},"potentialAction":[{"@type":"SearchAction","target":{"@type":"EntryPoint","urlTemplate":"https:\/\/portaleducacao.guarulhos.sp.gov.br\/wp_site\/portalbienal\/?s={search_term_string}"},"query-input":"required name=search_term_string"}],"inLanguage":"pt-BR"},{"@type":"Organization","@id":"https:\/\/portaleducacao.guarulhos.sp.gov.br\/wp_site\/portalbienal\/#organization","name":"Bienal do Livro de Guarulhos - 2024","url":"https:\/\/portaleducacao.guarulhos.sp.gov.br\/wp_site\/portalbienal\/","sameAs":[],"logo":{"@type":"ImageObject","inLanguage":"pt-BR","@id":"https:\/\/portaleducacao.guarulhos.sp.gov.br\/wp_site\/portalbienal\/#\/schema\/logo\/image\/","url":"https:\/\/portaleducacao.guarulhos.sp.gov.br\/wp_site\/portalbienal\/wp-content\/uploads\/sites\/22\/2022\/07\/logo_site.jpg","contentUrl":"https:\/\/portaleducacao.guarulhos.sp.gov.br\/wp_site\/portalbienal\/wp-content\/uploads\/sites\/22\/2022\/07\/logo_site.jpg","width":350,"height":100,"caption":"Bienal do Livro de Guarulhos - 2024"},"image":{"@id":"https:\/\/portaleducacao.guarulhos.sp.gov.br\/wp_site\/portalbienal\/#\/schema\/logo\/image\/"}},{"@type":"Person","@id":"https:\/\/portaleducacao.guarulhos.sp.gov.br\/wp_site\/portalbienal\/#\/schema\/person\/f6c143949a6552f31c04b9d44097eb74","name":"bienal","image":{"@type":"ImageObject","inLanguage":"pt-BR","@id":"https:\/\/portaleducacao.guarulhos.sp.gov.br\/wp_site\/portalbienal\/#\/schema\/person\/image\/","url":"https:\/\/secure.gravatar.com\/avatar\/dbc6e930183843dc385846c81a08a16d?s=96&d=mm&r=g","contentUrl":"https:\/\/secure.gravatar.com\/avatar\/dbc6e930183843dc385846c81a08a16d?s=96&d=mm&r=g","caption":"bienal"},"url":"https:\/\/portaleducacao.guarulhos.sp.gov.br\/wp_site\/portalbienal\/author\/bienal\/"}]}},"_links":{"self":[{"href":"https:\/\/portaleducacao.guarulhos.sp.gov.br\/wp_site\/portalbienal\/wp-json\/wp\/v2\/posts\/8445"}],"collection":[{"href":"https:\/\/portaleducacao.guarulhos.sp.gov.br\/wp_site\/portalbienal\/wp-json\/wp\/v2\/posts"}],"about":[{"href":"https:\/\/portaleducacao.guarulhos.sp.gov.br\/wp_site\/portalbienal\/wp-json\/wp\/v2\/types\/post"}],"author":[{"embeddable":true,"href":"https:\/\/portaleducacao.guarulhos.sp.gov.br\/wp_site\/portalbienal\/wp-json\/wp\/v2\/users\/16"}],"replies":[{"embeddable":true,"href":"https:\/\/portaleducacao.guarulhos.sp.gov.br\/wp_site\/portalbienal\/wp-json\/wp\/v2\/comments?post=8445"}],"version-history":[{"count":1,"href":"https:\/\/portaleducacao.guarulhos.sp.gov.br\/wp_site\/portalbienal\/wp-json\/wp\/v2\/posts\/8445\/revisions"}],"predecessor-version":[{"id":8447,"href":"https:\/\/portaleducacao.guarulhos.sp.gov.br\/wp_site\/portalbienal\/wp-json\/wp\/v2\/posts\/8445\/revisions\/8447"}],"wp:featuredmedia":[{"embeddable":true,"href":"https:\/\/portaleducacao.guarulhos.sp.gov.br\/wp_site\/portalbienal\/wp-json\/wp\/v2\/media\/8446"}],"wp:attachment":[{"href":"https:\/\/portaleducacao.guarulhos.sp.gov.br\/wp_site\/portalbienal\/wp-json\/wp\/v2\/media?parent=8445"}],"wp:term":[{"taxonomy":"category","embeddable":true,"href":"https:\/\/portaleducacao.guarulhos.sp.gov.br\/wp_site\/portalbienal\/wp-json\/wp\/v2\/categories?post=8445"},{"taxonomy":"post_tag","embeddable":true,"href":"https:\/\/portaleducacao.guarulhos.sp.gov.br\/wp_site\/portalbienal\/wp-json\/wp\/v2\/tags?post=8445"}],"curies":[{"name":"wp","href":"https:\/\/api.w.org\/{rel}","templated":true}]}}