{"id":8468,"date":"2024-02-26T15:19:29","date_gmt":"2024-02-26T18:19:29","guid":{"rendered":"https:\/\/portaleducacao.guarulhos.sp.gov.br\/wp_site\/portalbienal\/?p=8468"},"modified":"2024-02-27T09:53:53","modified_gmt":"2024-02-27T12:53:53","slug":"andreia-caires","status":"publish","type":"post","link":"https:\/\/portaleducacao.guarulhos.sp.gov.br\/wp_site\/portalbienal\/2024\/02\/26\/andreia-caires\/","title":{"rendered":"ANDREIA CAIRES"},"content":{"rendered":"\n<p><strong>Biografia<\/strong><br>Andreia Caires Rodrigues nasceu em S\u00e3o Paulo e escreve desde a adolesc\u00eancia. Seus livros: &#8220;O di\u00e1rio da borboleta azul&#8221; ( 2013 ) &#8220;As sementes que plantei&#8221; ( 2018 ) &#8220;Bichos em Poemas&#8221; ( 2020 ) Acad\u00eamica da AIL ( Academia Independente de Letras ) AILB ( Academia Internacional de letras do Brasil ) AICLAB ( Academia Internacional de Ci\u00eancias Letras e Artes de Bras\u00edlia. Participou de diversas antologias e concursos liter\u00e1rios. 1 lugar no desafio po\u00e9tico do &#8220;Cantinho do Bar Brasil&#8221; ( 2023 ) com o Poema &#8220;Cachorro de rua&#8221; e &#8220;Uma hist\u00f3ria de sucesso&#8221;c\/ Rodrigo Teixeira. Foi ativista e protetora da Causa animal entre 2009 a 2013. Tem uma p\u00e1gina de conscientiza\u00e7\u00e3o sobre os perigos e males dos Fogos de artif\u00edcio: &#8220;N\u00e3o vai ter fogos&#8221;. \u00c9 casada, crist\u00e3, artes\u00e3, empreendedora e m\u00e3e de pets<br><br><strong>Obra Lan\u00e7ada na Bienal<\/strong><br>O barulho do rio ( 2023 )<br><br><strong>Obra Presente na Bienal<\/strong><br>Todos os momentos ao lado de meu pai foram bons e especiais. Desde o dia \u201cque me entendo por gente\u201d at\u00e9 seus \u00faltimos dias de lucidez no hospital. Ele sempre me tratava da mesma forma, com carinho e respeito. Como sei que esse meu luto n\u00e3o vai passar assim t\u00e3o r\u00e1pido, arrisquei-me escrever e colocar pra fora todo o sentimento que h\u00e1 dentro de mim e, cheguei a uma conclus\u00e3o que outrora eu n\u00e3o me dava conta. Tudo o que sou hoje, toda essa minha insist\u00eancia em viver, vencer e n\u00e3o desistir dos meus sonhos devo ao meu pai. Por ter me tido como sua filha amada, ainda que errante muitas vezes mas, meu pai sempre procurou entender e amar-me acima de tudo. Sinto falta do seu abra\u00e7o, do seu jeito de falar, dos momentos que assist\u00edamos algum programa de TV e ele gargalhava numa pureza que s\u00f3 ele tinha. Fui sua \u201cFilha pr\u00f3diga\u201d certa \u00e9poca. Aquela que voltou pra casa arrependida e tive de meu pai o abra\u00e7o mais sincero de toda minha vida. Sem questionamentos, sem olhar reprovador, apenas me amou! Ent\u00e3o, sinto-me na obriga\u00e7\u00e3o de evoluir como pessoa, assim como ele era evolu\u00eddo e s\u00e1bio na sua bondade e paternidade. Travo uma batalha gigante dentro de mim para seguir em frente e, assim quem sabe ser como um rio que n\u00e3o questiona e, apenas obedece o seu curso. Editora ECB Editora Casa de Bonecas, 100 p\u00e1g. Mem\u00f3rias, cr\u00f4nicas, ISBN: 9786554801102<\/p>\n","protected":false},"excerpt":{"rendered":"<p>BiografiaAndreia Caires Rodrigues nasceu em S\u00e3o Paulo e escreve desde a adolesc\u00eancia. Seus livros: &#8220;O di\u00e1rio da borboleta azul&#8221; ( 2013 ) &#8220;As sementes que plantei&#8221; ( 2018 ) &#8220;Bichos &hellip;<\/p>\n<p class=\"read-more\"> <a class=\"\" href=\"https:\/\/portaleducacao.guarulhos.sp.gov.br\/wp_site\/portalbienal\/2024\/02\/26\/andreia-caires\/\"> <span class=\"screen-reader-text\">ANDREIA CAIRES<\/span> Leia mais &raquo;<\/a><\/p>\n","protected":false},"author":16,"featured_media":8511,"comment_status":"open","ping_status":"open","sticky":false,"template":"","format":"standard","meta":{"_monsterinsights_skip_tracking":false,"_monsterinsights_sitenote_active":false,"_monsterinsights_sitenote_note":"","_monsterinsights_sitenote_category":0,"site-sidebar-layout":"default","site-content-layout":"default","ast-global-header-display":"","ast-main-header-display":"","ast-hfb-above-header-display":"","ast-hfb-below-header-display":"","ast-hfb-mobile-header-display":"","site-post-title":"","ast-breadcrumbs-content":"","ast-featured-img":"","footer-sml-layout":"","theme-transparent-header-meta":"","adv-header-id-meta":"","stick-header-meta":"","header-above-stick-meta":"","header-main-stick-meta":"","header-below-stick-meta":"","_expiration-date-status":"","_expiration-date":1709576251,"_expiration-date-type":"draft","_expiration-date-categories":[],"_expiration-date-options":[]},"categories":[44],"tags":[],"yoast_head":"<!-- This site is optimized with the Yoast SEO plugin v19.7.1 - https:\/\/yoast.com\/wordpress\/plugins\/seo\/ -->\r\n<title>ANDREIA CAIRES - Bienal do Livro de Guarulhos - 2024<\/title>\r\n<meta name=\"robots\" content=\"index, follow, max-snippet:-1, max-image-preview:large, max-video-preview:-1\" \/>\r\n<link rel=\"canonical\" href=\"https:\/\/portaleducacao.guarulhos.sp.gov.br\/wp_site\/portalbienal\/2024\/02\/26\/andreia-caires\/\" \/>\r\n<meta property=\"og:locale\" content=\"pt_BR\" \/>\r\n<meta property=\"og:type\" content=\"article\" \/>\r\n<meta property=\"og:title\" content=\"ANDREIA CAIRES - Bienal do Livro de Guarulhos - 2024\" \/>\r\n<meta property=\"og:description\" content=\"BiografiaAndreia Caires Rodrigues nasceu em S\u00e3o Paulo e escreve desde a adolesc\u00eancia. Seus livros: &#8220;O di\u00e1rio da borboleta azul&#8221; ( 2013 ) &#8220;As sementes que plantei&#8221; ( 2018 ) &#8220;Bichos &hellip; ANDREIA CAIRES Leia mais &raquo;\" \/>\r\n<meta property=\"og:url\" content=\"https:\/\/portaleducacao.guarulhos.sp.gov.br\/wp_site\/portalbienal\/2024\/02\/26\/andreia-caires\/\" \/>\r\n<meta property=\"og:site_name\" content=\"Bienal do Livro de Guarulhos - 2024\" \/>\r\n<meta property=\"article:published_time\" content=\"2024-02-26T18:19:29+00:00\" \/>\r\n<meta property=\"article:modified_time\" content=\"2024-02-27T12:53:53+00:00\" \/>\r\n<meta property=\"og:image\" content=\"http:\/\/portaleducacao.guarulhos.sp.gov.br\/wp_site\/portalbienal\/wp-content\/uploads\/sites\/22\/2024\/02\/ANDREIA-CAIRES.jpg\" \/>\r\n\t<meta property=\"og:image:width\" content=\"424\" \/>\r\n\t<meta property=\"og:image:height\" content=\"520\" \/>\r\n\t<meta property=\"og:image:type\" content=\"image\/jpeg\" \/>\r\n<meta name=\"author\" content=\"bienal\" \/>\r\n<meta name=\"twitter:card\" content=\"summary_large_image\" \/>\r\n<meta name=\"twitter:label1\" content=\"Escrito por\" \/>\n\t<meta name=\"twitter:data1\" content=\"bienal\" \/>\n\t<meta name=\"twitter:label2\" content=\"Est. tempo de leitura\" \/>\n\t<meta name=\"twitter:data2\" content=\"3 minutos\" \/>\r\n<script type=\"application\/ld+json\" class=\"yoast-schema-graph\">{\"@context\":\"https:\/\/schema.org\",\"@graph\":[{\"@type\":\"Article\",\"@id\":\"https:\/\/portaleducacao.guarulhos.sp.gov.br\/wp_site\/portalbienal\/2024\/02\/26\/andreia-caires\/#article\",\"isPartOf\":{\"@id\":\"https:\/\/portaleducacao.guarulhos.sp.gov.br\/wp_site\/portalbienal\/2024\/02\/26\/andreia-caires\/\"},\"author\":{\"name\":\"bienal\",\"@id\":\"https:\/\/portaleducacao.guarulhos.sp.gov.br\/wp_site\/portalbienal\/#\/schema\/person\/f6c143949a6552f31c04b9d44097eb74\"},\"headline\":\"ANDREIA CAIRES\",\"datePublished\":\"2024-02-26T18:19:29+00:00\",\"dateModified\":\"2024-02-27T12:53:53+00:00\",\"mainEntityOfPage\":{\"@id\":\"https:\/\/portaleducacao.guarulhos.sp.gov.br\/wp_site\/portalbienal\/2024\/02\/26\/andreia-caires\/\"},\"wordCount\":403,\"commentCount\":0,\"publisher\":{\"@id\":\"https:\/\/portaleducacao.guarulhos.sp.gov.br\/wp_site\/portalbienal\/#organization\"},\"articleSection\":[\"autorGru2024\"],\"inLanguage\":\"pt-BR\",\"potentialAction\":[{\"@type\":\"CommentAction\",\"name\":\"Comment\",\"target\":[\"https:\/\/portaleducacao.guarulhos.sp.gov.br\/wp_site\/portalbienal\/2024\/02\/26\/andreia-caires\/#respond\"]}]},{\"@type\":\"WebPage\",\"@id\":\"https:\/\/portaleducacao.guarulhos.sp.gov.br\/wp_site\/portalbienal\/2024\/02\/26\/andreia-caires\/\",\"url\":\"https:\/\/portaleducacao.guarulhos.sp.gov.br\/wp_site\/portalbienal\/2024\/02\/26\/andreia-caires\/\",\"name\":\"ANDREIA CAIRES - Bienal do Livro de Guarulhos - 2024\",\"isPartOf\":{\"@id\":\"https:\/\/portaleducacao.guarulhos.sp.gov.br\/wp_site\/portalbienal\/#website\"},\"datePublished\":\"2024-02-26T18:19:29+00:00\",\"dateModified\":\"2024-02-27T12:53:53+00:00\",\"breadcrumb\":{\"@id\":\"https:\/\/portaleducacao.guarulhos.sp.gov.br\/wp_site\/portalbienal\/2024\/02\/26\/andreia-caires\/#breadcrumb\"},\"inLanguage\":\"pt-BR\",\"potentialAction\":[{\"@type\":\"ReadAction\",\"target\":[\"https:\/\/portaleducacao.guarulhos.sp.gov.br\/wp_site\/portalbienal\/2024\/02\/26\/andreia-caires\/\"]}]},{\"@type\":\"BreadcrumbList\",\"@id\":\"https:\/\/portaleducacao.guarulhos.sp.gov.br\/wp_site\/portalbienal\/2024\/02\/26\/andreia-caires\/#breadcrumb\",\"itemListElement\":[{\"@type\":\"ListItem\",\"position\":1,\"name\":\"In\u00edcio\",\"item\":\"https:\/\/portaleducacao.guarulhos.sp.gov.br\/wp_site\/portalbienal\/\"},{\"@type\":\"ListItem\",\"position\":2,\"name\":\"ANDREIA CAIRES\"}]},{\"@type\":\"WebSite\",\"@id\":\"https:\/\/portaleducacao.guarulhos.sp.gov.br\/wp_site\/portalbienal\/#website\",\"url\":\"https:\/\/portaleducacao.guarulhos.sp.gov.br\/wp_site\/portalbienal\/\",\"name\":\"Bienal do Livro de Guarulhos - 2024\",\"description\":\"Secretaria de Educa\u00e7\u00e3o - Prefeitura de Guarulhos\",\"publisher\":{\"@id\":\"https:\/\/portaleducacao.guarulhos.sp.gov.br\/wp_site\/portalbienal\/#organization\"},\"potentialAction\":[{\"@type\":\"SearchAction\",\"target\":{\"@type\":\"EntryPoint\",\"urlTemplate\":\"https:\/\/portaleducacao.guarulhos.sp.gov.br\/wp_site\/portalbienal\/?s={search_term_string}\"},\"query-input\":\"required name=search_term_string\"}],\"inLanguage\":\"pt-BR\"},{\"@type\":\"Organization\",\"@id\":\"https:\/\/portaleducacao.guarulhos.sp.gov.br\/wp_site\/portalbienal\/#organization\",\"name\":\"Bienal do Livro de Guarulhos - 2024\",\"url\":\"https:\/\/portaleducacao.guarulhos.sp.gov.br\/wp_site\/portalbienal\/\",\"sameAs\":[],\"logo\":{\"@type\":\"ImageObject\",\"inLanguage\":\"pt-BR\",\"@id\":\"https:\/\/portaleducacao.guarulhos.sp.gov.br\/wp_site\/portalbienal\/#\/schema\/logo\/image\/\",\"url\":\"https:\/\/portaleducacao.guarulhos.sp.gov.br\/wp_site\/portalbienal\/wp-content\/uploads\/sites\/22\/2022\/07\/logo_site.jpg\",\"contentUrl\":\"https:\/\/portaleducacao.guarulhos.sp.gov.br\/wp_site\/portalbienal\/wp-content\/uploads\/sites\/22\/2022\/07\/logo_site.jpg\",\"width\":350,\"height\":100,\"caption\":\"Bienal do Livro de Guarulhos - 2024\"},\"image\":{\"@id\":\"https:\/\/portaleducacao.guarulhos.sp.gov.br\/wp_site\/portalbienal\/#\/schema\/logo\/image\/\"}},{\"@type\":\"Person\",\"@id\":\"https:\/\/portaleducacao.guarulhos.sp.gov.br\/wp_site\/portalbienal\/#\/schema\/person\/f6c143949a6552f31c04b9d44097eb74\",\"name\":\"bienal\",\"image\":{\"@type\":\"ImageObject\",\"inLanguage\":\"pt-BR\",\"@id\":\"https:\/\/portaleducacao.guarulhos.sp.gov.br\/wp_site\/portalbienal\/#\/schema\/person\/image\/\",\"url\":\"https:\/\/secure.gravatar.com\/avatar\/dbc6e930183843dc385846c81a08a16d?s=96&d=mm&r=g\",\"contentUrl\":\"https:\/\/secure.gravatar.com\/avatar\/dbc6e930183843dc385846c81a08a16d?s=96&d=mm&r=g\",\"caption\":\"bienal\"},\"url\":\"https:\/\/portaleducacao.guarulhos.sp.gov.br\/wp_site\/portalbienal\/author\/bienal\/\"}]}<\/script>\r\n<!-- \/ Yoast SEO plugin. -->","yoast_head_json":{"title":"ANDREIA CAIRES - Bienal do Livro de Guarulhos - 2024","robots":{"index":"index","follow":"follow","max-snippet":"max-snippet:-1","max-image-preview":"max-image-preview:large","max-video-preview":"max-video-preview:-1"},"canonical":"https:\/\/portaleducacao.guarulhos.sp.gov.br\/wp_site\/portalbienal\/2024\/02\/26\/andreia-caires\/","og_locale":"pt_BR","og_type":"article","og_title":"ANDREIA CAIRES - Bienal do Livro de Guarulhos - 2024","og_description":"BiografiaAndreia Caires Rodrigues nasceu em S\u00e3o Paulo e escreve desde a adolesc\u00eancia. Seus livros: &#8220;O di\u00e1rio da borboleta azul&#8221; ( 2013 ) &#8220;As sementes que plantei&#8221; ( 2018 ) &#8220;Bichos &hellip; ANDREIA CAIRES Leia mais &raquo;","og_url":"https:\/\/portaleducacao.guarulhos.sp.gov.br\/wp_site\/portalbienal\/2024\/02\/26\/andreia-caires\/","og_site_name":"Bienal do Livro de Guarulhos - 2024","article_published_time":"2024-02-26T18:19:29+00:00","article_modified_time":"2024-02-27T12:53:53+00:00","og_image":[{"width":424,"height":520,"url":"http:\/\/portaleducacao.guarulhos.sp.gov.br\/wp_site\/portalbienal\/wp-content\/uploads\/sites\/22\/2024\/02\/ANDREIA-CAIRES.jpg","type":"image\/jpeg"}],"author":"bienal","twitter_card":"summary_large_image","twitter_misc":{"Escrito por":"bienal","Est. tempo de leitura":"3 minutos"},"schema":{"@context":"https:\/\/schema.org","@graph":[{"@type":"Article","@id":"https:\/\/portaleducacao.guarulhos.sp.gov.br\/wp_site\/portalbienal\/2024\/02\/26\/andreia-caires\/#article","isPartOf":{"@id":"https:\/\/portaleducacao.guarulhos.sp.gov.br\/wp_site\/portalbienal\/2024\/02\/26\/andreia-caires\/"},"author":{"name":"bienal","@id":"https:\/\/portaleducacao.guarulhos.sp.gov.br\/wp_site\/portalbienal\/#\/schema\/person\/f6c143949a6552f31c04b9d44097eb74"},"headline":"ANDREIA CAIRES","datePublished":"2024-02-26T18:19:29+00:00","dateModified":"2024-02-27T12:53:53+00:00","mainEntityOfPage":{"@id":"https:\/\/portaleducacao.guarulhos.sp.gov.br\/wp_site\/portalbienal\/2024\/02\/26\/andreia-caires\/"},"wordCount":403,"commentCount":0,"publisher":{"@id":"https:\/\/portaleducacao.guarulhos.sp.gov.br\/wp_site\/portalbienal\/#organization"},"articleSection":["autorGru2024"],"inLanguage":"pt-BR","potentialAction":[{"@type":"CommentAction","name":"Comment","target":["https:\/\/portaleducacao.guarulhos.sp.gov.br\/wp_site\/portalbienal\/2024\/02\/26\/andreia-caires\/#respond"]}]},{"@type":"WebPage","@id":"https:\/\/portaleducacao.guarulhos.sp.gov.br\/wp_site\/portalbienal\/2024\/02\/26\/andreia-caires\/","url":"https:\/\/portaleducacao.guarulhos.sp.gov.br\/wp_site\/portalbienal\/2024\/02\/26\/andreia-caires\/","name":"ANDREIA CAIRES - Bienal do Livro de Guarulhos - 2024","isPartOf":{"@id":"https:\/\/portaleducacao.guarulhos.sp.gov.br\/wp_site\/portalbienal\/#website"},"datePublished":"2024-02-26T18:19:29+00:00","dateModified":"2024-02-27T12:53:53+00:00","breadcrumb":{"@id":"https:\/\/portaleducacao.guarulhos.sp.gov.br\/wp_site\/portalbienal\/2024\/02\/26\/andreia-caires\/#breadcrumb"},"inLanguage":"pt-BR","potentialAction":[{"@type":"ReadAction","target":["https:\/\/portaleducacao.guarulhos.sp.gov.br\/wp_site\/portalbienal\/2024\/02\/26\/andreia-caires\/"]}]},{"@type":"BreadcrumbList","@id":"https:\/\/portaleducacao.guarulhos.sp.gov.br\/wp_site\/portalbienal\/2024\/02\/26\/andreia-caires\/#breadcrumb","itemListElement":[{"@type":"ListItem","position":1,"name":"In\u00edcio","item":"https:\/\/portaleducacao.guarulhos.sp.gov.br\/wp_site\/portalbienal\/"},{"@type":"ListItem","position":2,"name":"ANDREIA CAIRES"}]},{"@type":"WebSite","@id":"https:\/\/portaleducacao.guarulhos.sp.gov.br\/wp_site\/portalbienal\/#website","url":"https:\/\/portaleducacao.guarulhos.sp.gov.br\/wp_site\/portalbienal\/","name":"Bienal do Livro de Guarulhos - 2024","description":"Secretaria de Educa\u00e7\u00e3o - Prefeitura de Guarulhos","publisher":{"@id":"https:\/\/portaleducacao.guarulhos.sp.gov.br\/wp_site\/portalbienal\/#organization"},"potentialAction":[{"@type":"SearchAction","target":{"@type":"EntryPoint","urlTemplate":"https:\/\/portaleducacao.guarulhos.sp.gov.br\/wp_site\/portalbienal\/?s={search_term_string}"},"query-input":"required name=search_term_string"}],"inLanguage":"pt-BR"},{"@type":"Organization","@id":"https:\/\/portaleducacao.guarulhos.sp.gov.br\/wp_site\/portalbienal\/#organization","name":"Bienal do Livro de Guarulhos - 2024","url":"https:\/\/portaleducacao.guarulhos.sp.gov.br\/wp_site\/portalbienal\/","sameAs":[],"logo":{"@type":"ImageObject","inLanguage":"pt-BR","@id":"https:\/\/portaleducacao.guarulhos.sp.gov.br\/wp_site\/portalbienal\/#\/schema\/logo\/image\/","url":"https:\/\/portaleducacao.guarulhos.sp.gov.br\/wp_site\/portalbienal\/wp-content\/uploads\/sites\/22\/2022\/07\/logo_site.jpg","contentUrl":"https:\/\/portaleducacao.guarulhos.sp.gov.br\/wp_site\/portalbienal\/wp-content\/uploads\/sites\/22\/2022\/07\/logo_site.jpg","width":350,"height":100,"caption":"Bienal do Livro de Guarulhos - 2024"},"image":{"@id":"https:\/\/portaleducacao.guarulhos.sp.gov.br\/wp_site\/portalbienal\/#\/schema\/logo\/image\/"}},{"@type":"Person","@id":"https:\/\/portaleducacao.guarulhos.sp.gov.br\/wp_site\/portalbienal\/#\/schema\/person\/f6c143949a6552f31c04b9d44097eb74","name":"bienal","image":{"@type":"ImageObject","inLanguage":"pt-BR","@id":"https:\/\/portaleducacao.guarulhos.sp.gov.br\/wp_site\/portalbienal\/#\/schema\/person\/image\/","url":"https:\/\/secure.gravatar.com\/avatar\/dbc6e930183843dc385846c81a08a16d?s=96&d=mm&r=g","contentUrl":"https:\/\/secure.gravatar.com\/avatar\/dbc6e930183843dc385846c81a08a16d?s=96&d=mm&r=g","caption":"bienal"},"url":"https:\/\/portaleducacao.guarulhos.sp.gov.br\/wp_site\/portalbienal\/author\/bienal\/"}]}},"_links":{"self":[{"href":"https:\/\/portaleducacao.guarulhos.sp.gov.br\/wp_site\/portalbienal\/wp-json\/wp\/v2\/posts\/8468"}],"collection":[{"href":"https:\/\/portaleducacao.guarulhos.sp.gov.br\/wp_site\/portalbienal\/wp-json\/wp\/v2\/posts"}],"about":[{"href":"https:\/\/portaleducacao.guarulhos.sp.gov.br\/wp_site\/portalbienal\/wp-json\/wp\/v2\/types\/post"}],"author":[{"embeddable":true,"href":"https:\/\/portaleducacao.guarulhos.sp.gov.br\/wp_site\/portalbienal\/wp-json\/wp\/v2\/users\/16"}],"replies":[{"embeddable":true,"href":"https:\/\/portaleducacao.guarulhos.sp.gov.br\/wp_site\/portalbienal\/wp-json\/wp\/v2\/comments?post=8468"}],"version-history":[{"count":1,"href":"https:\/\/portaleducacao.guarulhos.sp.gov.br\/wp_site\/portalbienal\/wp-json\/wp\/v2\/posts\/8468\/revisions"}],"predecessor-version":[{"id":8469,"href":"https:\/\/portaleducacao.guarulhos.sp.gov.br\/wp_site\/portalbienal\/wp-json\/wp\/v2\/posts\/8468\/revisions\/8469"}],"wp:featuredmedia":[{"embeddable":true,"href":"https:\/\/portaleducacao.guarulhos.sp.gov.br\/wp_site\/portalbienal\/wp-json\/wp\/v2\/media\/8511"}],"wp:attachment":[{"href":"https:\/\/portaleducacao.guarulhos.sp.gov.br\/wp_site\/portalbienal\/wp-json\/wp\/v2\/media?parent=8468"}],"wp:term":[{"taxonomy":"category","embeddable":true,"href":"https:\/\/portaleducacao.guarulhos.sp.gov.br\/wp_site\/portalbienal\/wp-json\/wp\/v2\/categories?post=8468"},{"taxonomy":"post_tag","embeddable":true,"href":"https:\/\/portaleducacao.guarulhos.sp.gov.br\/wp_site\/portalbienal\/wp-json\/wp\/v2\/tags?post=8468"}],"curies":[{"name":"wp","href":"https:\/\/api.w.org\/{rel}","templated":true}]}}