{"id":8496,"date":"2024-02-26T16:25:00","date_gmt":"2024-02-26T19:25:00","guid":{"rendered":"https:\/\/portaleducacao.guarulhos.sp.gov.br\/wp_site\/portalbienal\/?p=8496"},"modified":"2024-02-27T09:10:35","modified_gmt":"2024-02-27T12:10:35","slug":"m-p-s-casaca","status":"publish","type":"post","link":"https:\/\/portaleducacao.guarulhos.sp.gov.br\/wp_site\/portalbienal\/2024\/02\/26\/m-p-s-casaca\/","title":{"rendered":"M.P.S. CASACA"},"content":{"rendered":"\n<p><strong>Biografia<\/strong><br>&#8220;Meu nome \u00e9 M.P.S. Casaca e sou o autor orgulhoso da s\u00e9rie &#8220;Cr\u00f4nicas da Evolu\u00e7\u00e3o C\u00f3smica&#8221;. Minha jornada no mundo liter\u00e1rio \u00e9 fruto de uma vida dedicada \u00e0 inova\u00e7\u00e3o e \u00e0 solu\u00e7\u00e3o de problemas. Desde a minha juventude, fui cativado pela eletr\u00f4nica, ci\u00eancia e tecnologia, o que eventualmente me levou a criar softwares educacionais e oferecer solu\u00e7\u00f5es inovadoras em sistemas de gest\u00e3o de capital humano. A paix\u00e3o pela escrita veio como uma extens\u00e3o natural da minha curiosidade incessante e do meu desejo de explorar novos mundos. A s\u00e9rie &#8220;Cr\u00f4nicas da Evolu\u00e7\u00e3o C\u00f3smica&#8221; \u00e9 mais do que um conjunto de livros; \u00e9 a materializa\u00e7\u00e3o da minha vis\u00e3o sobre a complexidade do universo e a natureza humana. Cada volume da s\u00e9rie \u00e9 uma odisseia que entrela\u00e7a mist\u00e9rios c\u00f3smicos com introspec\u00e7\u00f5es profundas sobre a vida, amizade e lealdade. Em &#8220;O Despertar da Consci\u00eancia&#8221; e &#8220;A Busca pela Unidade&#8221;, os leitores mergulham em aventuras que desafiam n\u00e3o apenas as fronteiras do espa\u00e7o, mas tamb\u00e9m as do pensamento. Estou trabalhando fervorosamente nos pr\u00f3ximos volumes, &#8220;A Ascens\u00e3o das Dimens\u00f5es&#8221; e &#8220;O Triunfo da Coexist\u00eancia&#8221;, que prometem levar essa saga a novos patamares de explora\u00e7\u00e3o e descoberta. Minha experi\u00eancia na cria\u00e7\u00e3o de solu\u00e7\u00f5es para grandes problemas reflete-se na s\u00e9rie, onde os personagens enfrentam desafios c\u00f3smicos e buscam harmonia e coopera\u00e7\u00e3o universal. \u00c9 um convite para os leitores repensarem seus pr\u00f3prios paradigmas e se inspirarem na busca por um mundo mais unido e compreensivo. Esta s\u00e9rie \u00e9 mais do que entretenimento; \u00e9 um projeto emocional que visa conectar pessoas de diferentes origens atrav\u00e9s de uma hist\u00f3ria comum que fala sobre a ess\u00eancia da humanidade e a beleza do universo. A parceria com meus leitores e colaboradores nesta jornada tem sido a maior recompensa. Juntos, estamos n\u00e3o apenas compartilhando hist\u00f3rias, mas tamb\u00e9m construindo uma comunidade que valoriza a imagina\u00e7\u00e3o, o conhecimento e a empatia.&#8221;<br><br><strong>Obra Lan\u00e7ada na Bienal<\/strong><br>Sim, terei o prazer de lan\u00e7ar uma obra especial durante a Bienal deste ano. A obra em quest\u00e3o \u00e9 &#8220;A Ascens\u00e3o das Dimens\u00f5es&#8221;, o terceiro livro da minha s\u00e9rie &#8220;Cr\u00f4nicas da Evolu\u00e7\u00e3o C\u00f3smica&#8221;. Este lan\u00e7amento representa um marco significativo na s\u00e9rie, trazendo uma narrativa ainda mais rica e envolvente. <strong>Detalhes do Lan\u00e7amento:<\/strong> &#8211; <strong>Data:<\/strong> 20 de abril de 2024. &#8211; <strong>Editora:<\/strong> Independently published. &#8211; <strong>Quantidade de P\u00e1ginas:<\/strong> 201 p\u00e1ginas. &#8211; <strong>ISBN-13:<\/strong> 997-98872666851. <strong>Sinopse Breve:<\/strong> Em &#8220;A Ascens\u00e3o das Dimens\u00f5es&#8221;, os leitores ser\u00e3o imersos em uma aventura onde o cosmos se expande e revela segredos que desafiam a imagina\u00e7\u00e3o. Nesta miss\u00e3o sem precedentes, a humanidade explora as fronteiras de dimens\u00f5es desconhecidas, entrela\u00e7ando o macro e o micro em um ballet de revela\u00e7\u00f5es \u00e9picas. Este livro \u00e9 uma odisseia que promete n\u00e3o apenas entreter, mas tamb\u00e9m inspirar reflex\u00f5es profundas sobre nossa exist\u00eancia e o universo. <strong>G\u00eanero da Obra:<\/strong> &#8211; Fic\u00e7\u00e3o Cient\u00edfica\/Fantasia. <strong>Emo\u00e7\u00e3o e Benef\u00edcio Final:<\/strong> Lan\u00e7ar &#8220;A Ascens\u00e3o das Dimens\u00f5es&#8221; na Bienal \u00e9 uma oportunidade incr\u00edvel para conectar-me com os leitores apaixonados pela s\u00e9rie e para introduzir novos leitores a este universo fascinante. Este livro \u00e9 mais do que uma hist\u00f3ria; \u00e9 um convite \u00e0 introspec\u00e7\u00e3o e ao questionamento sobre nossa pr\u00f3pria realidade. \u00c9 uma experi\u00eancia que transcende as p\u00e1ginas, provocando emo\u00e7\u00f5es e pensamentos que permanecer\u00e3o com os leitores muito depois de conclu\u00edda a leitura. Estou empolgado para compartilhar este momento com todos voc\u00eas e ansioso para ver como essa jornada c\u00f3smica ressoar\u00e1 em cada um de forma \u00fanica e especial<br><br><strong>Obra Presente na Bienal<\/strong><br>Estou verdadeiramente empolgado em apresentar a voc\u00eas um projeto que tem sido uma jornada apaixonante para mim. \u00c9 com grande prazer que compartilho as obras que estou prestes a lan\u00e7ar, obras que n\u00e3o s\u00e3o apenas livros, mas sim portais para mundos inexplorados e experi\u00eancias transformadoras. Este projeto \u00e9 um convite para mergulhar profundamente nos mist\u00e9rios do universo, na ess\u00eancia humana, e na beleza que reside na arte de colorir. <strong>&#8220;Mystical Mists: Psychedelic Portraits &amp; Landscapes for Mindful People&#8221;<\/strong> \u00e9 um livro de colorir que oferece uma experi\u00eancia \u00fanica de imers\u00e3o. Com 185 p\u00e1ginas meticulosamente desenhadas, ele \u00e9 um convite para explorar paisagens m\u00edsticas, mandalas cativantes e animais em padr\u00f5es psicod\u00e9licos. Publicado de forma independente em 30 de setembro de 2023, este livro n\u00e3o \u00e9 apenas uma obra de arte, mas uma ferramenta poderosa para aliviar o estresse, promover a mindfulness e auxiliar na redu\u00e7\u00e3o da ansiedade e sintomas de ADHD. \u00c9 uma jornada para a serenidade que promete benef\u00edcios terap\u00eauticos, al\u00e9m de aprimorar habilidades art\u00edsticas. Em sequ\u00eancia, tenho o orgulho de apresentar a s\u00e9rie &#8220;Cr\u00f4nicas da Evolu\u00e7\u00e3o C\u00f3smica&#8221;, come\u00e7ando com <strong>&#8220;O Despertar da Consci\u00eancia&#8221;<\/strong>, lan\u00e7ado em 4 de abril de 2023. Este livro \u00e9 uma odisseia que explora o cosmos e os enigmas das civiliza\u00e7\u00f5es avan\u00e7adas. Com 191 p\u00e1ginas, \u00e9 uma aventura que desafia a mente e convida \u00e0 introspec\u00e7\u00e3o. O segundo volume, <strong>&#8220;A Busca pela Unidade&#8221;<\/strong>, publicado em 14 de outubro de 2023, com 218 p\u00e1ginas, continua a saga em um universo de mist\u00e9rios e her\u00f3is em busca da ess\u00eancia da unidade, confrontando amea\u00e7as c\u00f3smicas e sombras do passado. E em breve, <strong>&#8220;A Ascens\u00e3o das Dimens\u00f5es&#8221;<\/strong>, a ser lan\u00e7ado em 20 de abril de 2024, promete expandir ainda mais o universo das &#8220;Cr\u00f4nicas da Evolu\u00e7\u00e3o C\u00f3smica&#8221; com 201 p\u00e1ginas de pura aventura e revela\u00e7\u00f5es onde macro e microcosmos se entrela\u00e7am. Cada obra foi concebida com o objetivo de n\u00e3o apenas entreter, mas tamb\u00e9m de oferecer uma experi\u00eancia profunda e enriquecedora. Atrav\u00e9s destes livros, busco proporcionar um ref\u00fagio, uma pausa na correria do dia a dia, permitindo aos leitores e artistas uma oportunidade de se reconectar com seu interior e com o vasto universo ao nosso redor. Este projeto \u00e9 uma extens\u00e3o da minha paix\u00e3o pela inova\u00e7\u00e3o, pela arte e pela busca constante de solu\u00e7\u00f5es criativas para os desafios da vida moderna. Acredito profundamente no poder transformador da leitura e da arte, capazes de nos levar a lugares nunca antes explorados, tanto externa quanto internamente. Estou ansioso para compartilhar essas obras com voc\u00eas e espero sinceramente que encontrem tanto prazer em explor\u00e1-las quanto eu encontrei ao cri\u00e1-las. Este \u00e9 mais do que um projeto; \u00e9 um convite para uma jornada de descoberta, relaxamento e inspira\u00e7\u00e3o. Juntos, vamos desbravar os mist\u00e9rios do cosmos e os labirintos da mente humana, promovendo uma experi\u00eancia verdadeiramente m\u00edstica e transformadora<br><\/p>\n","protected":false},"excerpt":{"rendered":"<p>Biografia&#8220;Meu nome \u00e9 M.P.S. Casaca e sou o autor orgulhoso da s\u00e9rie &#8220;Cr\u00f4nicas da Evolu\u00e7\u00e3o C\u00f3smica&#8221;. Minha jornada no mundo liter\u00e1rio \u00e9 fruto de uma vida dedicada \u00e0 inova\u00e7\u00e3o e &hellip;<\/p>\n<p class=\"read-more\"> <a class=\"\" href=\"https:\/\/portaleducacao.guarulhos.sp.gov.br\/wp_site\/portalbienal\/2024\/02\/26\/m-p-s-casaca\/\"> <span class=\"screen-reader-text\">M.P.S. CASACA<\/span> Leia mais &raquo;<\/a><\/p>\n","protected":false},"author":16,"featured_media":8523,"comment_status":"open","ping_status":"open","sticky":false,"template":"","format":"standard","meta":{"_monsterinsights_skip_tracking":false,"_monsterinsights_sitenote_active":false,"_monsterinsights_sitenote_note":"","_monsterinsights_sitenote_category":0,"site-sidebar-layout":"default","site-content-layout":"default","ast-global-header-display":"","ast-main-header-display":"","ast-hfb-above-header-display":"","ast-hfb-below-header-display":"","ast-hfb-mobile-header-display":"","site-post-title":"","ast-breadcrumbs-content":"","ast-featured-img":"","footer-sml-layout":"","theme-transparent-header-meta":"","adv-header-id-meta":"","stick-header-meta":"","header-above-stick-meta":"","header-main-stick-meta":"","header-below-stick-meta":"","_expiration-date-status":"","_expiration-date":1709579478,"_expiration-date-type":"draft","_expiration-date-categories":[],"_expiration-date-options":[]},"categories":[44],"tags":[],"yoast_head":"<!-- This site is optimized with the Yoast SEO plugin v19.7.1 - https:\/\/yoast.com\/wordpress\/plugins\/seo\/ -->\r\n<title>M.P.S. CASACA - Bienal do Livro de Guarulhos - 2024<\/title>\r\n<meta name=\"robots\" content=\"index, follow, max-snippet:-1, max-image-preview:large, max-video-preview:-1\" \/>\r\n<link rel=\"canonical\" href=\"https:\/\/portaleducacao.guarulhos.sp.gov.br\/wp_site\/portalbienal\/2024\/02\/26\/m-p-s-casaca\/\" \/>\r\n<meta property=\"og:locale\" content=\"pt_BR\" \/>\r\n<meta property=\"og:type\" content=\"article\" \/>\r\n<meta property=\"og:title\" content=\"M.P.S. CASACA - Bienal do Livro de Guarulhos - 2024\" \/>\r\n<meta property=\"og:description\" content=\"Biografia&#8220;Meu nome \u00e9 M.P.S. Casaca e sou o autor orgulhoso da s\u00e9rie &#8220;Cr\u00f4nicas da Evolu\u00e7\u00e3o C\u00f3smica&#8221;. Minha jornada no mundo liter\u00e1rio \u00e9 fruto de uma vida dedicada \u00e0 inova\u00e7\u00e3o e &hellip; M.P.S. CASACA Leia mais &raquo;\" \/>\r\n<meta property=\"og:url\" content=\"https:\/\/portaleducacao.guarulhos.sp.gov.br\/wp_site\/portalbienal\/2024\/02\/26\/m-p-s-casaca\/\" \/>\r\n<meta property=\"og:site_name\" content=\"Bienal do Livro de Guarulhos - 2024\" \/>\r\n<meta property=\"article:published_time\" content=\"2024-02-26T19:25:00+00:00\" \/>\r\n<meta property=\"article:modified_time\" content=\"2024-02-27T12:10:35+00:00\" \/>\r\n<meta property=\"og:image\" content=\"http:\/\/portaleducacao.guarulhos.sp.gov.br\/wp_site\/portalbienal\/wp-content\/uploads\/sites\/22\/2024\/02\/MPS-CASACA.jpeg\" \/>\r\n\t<meta property=\"og:image:width\" content=\"720\" \/>\r\n\t<meta property=\"og:image:height\" content=\"720\" \/>\r\n\t<meta property=\"og:image:type\" content=\"image\/jpeg\" \/>\r\n<meta name=\"author\" content=\"bienal\" \/>\r\n<meta name=\"twitter:card\" content=\"summary_large_image\" \/>\r\n<meta name=\"twitter:label1\" content=\"Escrito por\" \/>\n\t<meta name=\"twitter:data1\" content=\"bienal\" \/>\n\t<meta name=\"twitter:label2\" content=\"Est. tempo de leitura\" \/>\n\t<meta name=\"twitter:data2\" content=\"6 minutos\" \/>\r\n<script type=\"application\/ld+json\" class=\"yoast-schema-graph\">{\"@context\":\"https:\/\/schema.org\",\"@graph\":[{\"@type\":\"Article\",\"@id\":\"https:\/\/portaleducacao.guarulhos.sp.gov.br\/wp_site\/portalbienal\/2024\/02\/26\/m-p-s-casaca\/#article\",\"isPartOf\":{\"@id\":\"https:\/\/portaleducacao.guarulhos.sp.gov.br\/wp_site\/portalbienal\/2024\/02\/26\/m-p-s-casaca\/\"},\"author\":{\"name\":\"bienal\",\"@id\":\"https:\/\/portaleducacao.guarulhos.sp.gov.br\/wp_site\/portalbienal\/#\/schema\/person\/f6c143949a6552f31c04b9d44097eb74\"},\"headline\":\"M.P.S. CASACA\",\"datePublished\":\"2024-02-26T19:25:00+00:00\",\"dateModified\":\"2024-02-27T12:10:35+00:00\",\"mainEntityOfPage\":{\"@id\":\"https:\/\/portaleducacao.guarulhos.sp.gov.br\/wp_site\/portalbienal\/2024\/02\/26\/m-p-s-casaca\/\"},\"wordCount\":1165,\"commentCount\":0,\"publisher\":{\"@id\":\"https:\/\/portaleducacao.guarulhos.sp.gov.br\/wp_site\/portalbienal\/#organization\"},\"articleSection\":[\"autorGru2024\"],\"inLanguage\":\"pt-BR\",\"potentialAction\":[{\"@type\":\"CommentAction\",\"name\":\"Comment\",\"target\":[\"https:\/\/portaleducacao.guarulhos.sp.gov.br\/wp_site\/portalbienal\/2024\/02\/26\/m-p-s-casaca\/#respond\"]}]},{\"@type\":\"WebPage\",\"@id\":\"https:\/\/portaleducacao.guarulhos.sp.gov.br\/wp_site\/portalbienal\/2024\/02\/26\/m-p-s-casaca\/\",\"url\":\"https:\/\/portaleducacao.guarulhos.sp.gov.br\/wp_site\/portalbienal\/2024\/02\/26\/m-p-s-casaca\/\",\"name\":\"M.P.S. CASACA - Bienal do Livro de Guarulhos - 2024\",\"isPartOf\":{\"@id\":\"https:\/\/portaleducacao.guarulhos.sp.gov.br\/wp_site\/portalbienal\/#website\"},\"datePublished\":\"2024-02-26T19:25:00+00:00\",\"dateModified\":\"2024-02-27T12:10:35+00:00\",\"breadcrumb\":{\"@id\":\"https:\/\/portaleducacao.guarulhos.sp.gov.br\/wp_site\/portalbienal\/2024\/02\/26\/m-p-s-casaca\/#breadcrumb\"},\"inLanguage\":\"pt-BR\",\"potentialAction\":[{\"@type\":\"ReadAction\",\"target\":[\"https:\/\/portaleducacao.guarulhos.sp.gov.br\/wp_site\/portalbienal\/2024\/02\/26\/m-p-s-casaca\/\"]}]},{\"@type\":\"BreadcrumbList\",\"@id\":\"https:\/\/portaleducacao.guarulhos.sp.gov.br\/wp_site\/portalbienal\/2024\/02\/26\/m-p-s-casaca\/#breadcrumb\",\"itemListElement\":[{\"@type\":\"ListItem\",\"position\":1,\"name\":\"In\u00edcio\",\"item\":\"https:\/\/portaleducacao.guarulhos.sp.gov.br\/wp_site\/portalbienal\/\"},{\"@type\":\"ListItem\",\"position\":2,\"name\":\"M.P.S. CASACA\"}]},{\"@type\":\"WebSite\",\"@id\":\"https:\/\/portaleducacao.guarulhos.sp.gov.br\/wp_site\/portalbienal\/#website\",\"url\":\"https:\/\/portaleducacao.guarulhos.sp.gov.br\/wp_site\/portalbienal\/\",\"name\":\"Bienal do Livro de Guarulhos - 2024\",\"description\":\"Secretaria de Educa\u00e7\u00e3o - Prefeitura de Guarulhos\",\"publisher\":{\"@id\":\"https:\/\/portaleducacao.guarulhos.sp.gov.br\/wp_site\/portalbienal\/#organization\"},\"potentialAction\":[{\"@type\":\"SearchAction\",\"target\":{\"@type\":\"EntryPoint\",\"urlTemplate\":\"https:\/\/portaleducacao.guarulhos.sp.gov.br\/wp_site\/portalbienal\/?s={search_term_string}\"},\"query-input\":\"required name=search_term_string\"}],\"inLanguage\":\"pt-BR\"},{\"@type\":\"Organization\",\"@id\":\"https:\/\/portaleducacao.guarulhos.sp.gov.br\/wp_site\/portalbienal\/#organization\",\"name\":\"Bienal do Livro de Guarulhos - 2024\",\"url\":\"https:\/\/portaleducacao.guarulhos.sp.gov.br\/wp_site\/portalbienal\/\",\"sameAs\":[],\"logo\":{\"@type\":\"ImageObject\",\"inLanguage\":\"pt-BR\",\"@id\":\"https:\/\/portaleducacao.guarulhos.sp.gov.br\/wp_site\/portalbienal\/#\/schema\/logo\/image\/\",\"url\":\"https:\/\/portaleducacao.guarulhos.sp.gov.br\/wp_site\/portalbienal\/wp-content\/uploads\/sites\/22\/2022\/07\/logo_site.jpg\",\"contentUrl\":\"https:\/\/portaleducacao.guarulhos.sp.gov.br\/wp_site\/portalbienal\/wp-content\/uploads\/sites\/22\/2022\/07\/logo_site.jpg\",\"width\":350,\"height\":100,\"caption\":\"Bienal do Livro de Guarulhos - 2024\"},\"image\":{\"@id\":\"https:\/\/portaleducacao.guarulhos.sp.gov.br\/wp_site\/portalbienal\/#\/schema\/logo\/image\/\"}},{\"@type\":\"Person\",\"@id\":\"https:\/\/portaleducacao.guarulhos.sp.gov.br\/wp_site\/portalbienal\/#\/schema\/person\/f6c143949a6552f31c04b9d44097eb74\",\"name\":\"bienal\",\"image\":{\"@type\":\"ImageObject\",\"inLanguage\":\"pt-BR\",\"@id\":\"https:\/\/portaleducacao.guarulhos.sp.gov.br\/wp_site\/portalbienal\/#\/schema\/person\/image\/\",\"url\":\"https:\/\/secure.gravatar.com\/avatar\/dbc6e930183843dc385846c81a08a16d?s=96&d=mm&r=g\",\"contentUrl\":\"https:\/\/secure.gravatar.com\/avatar\/dbc6e930183843dc385846c81a08a16d?s=96&d=mm&r=g\",\"caption\":\"bienal\"},\"url\":\"https:\/\/portaleducacao.guarulhos.sp.gov.br\/wp_site\/portalbienal\/author\/bienal\/\"}]}<\/script>\r\n<!-- \/ Yoast SEO plugin. -->","yoast_head_json":{"title":"M.P.S. CASACA - Bienal do Livro de Guarulhos - 2024","robots":{"index":"index","follow":"follow","max-snippet":"max-snippet:-1","max-image-preview":"max-image-preview:large","max-video-preview":"max-video-preview:-1"},"canonical":"https:\/\/portaleducacao.guarulhos.sp.gov.br\/wp_site\/portalbienal\/2024\/02\/26\/m-p-s-casaca\/","og_locale":"pt_BR","og_type":"article","og_title":"M.P.S. CASACA - Bienal do Livro de Guarulhos - 2024","og_description":"Biografia&#8220;Meu nome \u00e9 M.P.S. Casaca e sou o autor orgulhoso da s\u00e9rie &#8220;Cr\u00f4nicas da Evolu\u00e7\u00e3o C\u00f3smica&#8221;. Minha jornada no mundo liter\u00e1rio \u00e9 fruto de uma vida dedicada \u00e0 inova\u00e7\u00e3o e &hellip; M.P.S. CASACA Leia mais &raquo;","og_url":"https:\/\/portaleducacao.guarulhos.sp.gov.br\/wp_site\/portalbienal\/2024\/02\/26\/m-p-s-casaca\/","og_site_name":"Bienal do Livro de Guarulhos - 2024","article_published_time":"2024-02-26T19:25:00+00:00","article_modified_time":"2024-02-27T12:10:35+00:00","og_image":[{"width":720,"height":720,"url":"http:\/\/portaleducacao.guarulhos.sp.gov.br\/wp_site\/portalbienal\/wp-content\/uploads\/sites\/22\/2024\/02\/MPS-CASACA.jpeg","type":"image\/jpeg"}],"author":"bienal","twitter_card":"summary_large_image","twitter_misc":{"Escrito por":"bienal","Est. tempo de leitura":"6 minutos"},"schema":{"@context":"https:\/\/schema.org","@graph":[{"@type":"Article","@id":"https:\/\/portaleducacao.guarulhos.sp.gov.br\/wp_site\/portalbienal\/2024\/02\/26\/m-p-s-casaca\/#article","isPartOf":{"@id":"https:\/\/portaleducacao.guarulhos.sp.gov.br\/wp_site\/portalbienal\/2024\/02\/26\/m-p-s-casaca\/"},"author":{"name":"bienal","@id":"https:\/\/portaleducacao.guarulhos.sp.gov.br\/wp_site\/portalbienal\/#\/schema\/person\/f6c143949a6552f31c04b9d44097eb74"},"headline":"M.P.S. CASACA","datePublished":"2024-02-26T19:25:00+00:00","dateModified":"2024-02-27T12:10:35+00:00","mainEntityOfPage":{"@id":"https:\/\/portaleducacao.guarulhos.sp.gov.br\/wp_site\/portalbienal\/2024\/02\/26\/m-p-s-casaca\/"},"wordCount":1165,"commentCount":0,"publisher":{"@id":"https:\/\/portaleducacao.guarulhos.sp.gov.br\/wp_site\/portalbienal\/#organization"},"articleSection":["autorGru2024"],"inLanguage":"pt-BR","potentialAction":[{"@type":"CommentAction","name":"Comment","target":["https:\/\/portaleducacao.guarulhos.sp.gov.br\/wp_site\/portalbienal\/2024\/02\/26\/m-p-s-casaca\/#respond"]}]},{"@type":"WebPage","@id":"https:\/\/portaleducacao.guarulhos.sp.gov.br\/wp_site\/portalbienal\/2024\/02\/26\/m-p-s-casaca\/","url":"https:\/\/portaleducacao.guarulhos.sp.gov.br\/wp_site\/portalbienal\/2024\/02\/26\/m-p-s-casaca\/","name":"M.P.S. CASACA - Bienal do Livro de Guarulhos - 2024","isPartOf":{"@id":"https:\/\/portaleducacao.guarulhos.sp.gov.br\/wp_site\/portalbienal\/#website"},"datePublished":"2024-02-26T19:25:00+00:00","dateModified":"2024-02-27T12:10:35+00:00","breadcrumb":{"@id":"https:\/\/portaleducacao.guarulhos.sp.gov.br\/wp_site\/portalbienal\/2024\/02\/26\/m-p-s-casaca\/#breadcrumb"},"inLanguage":"pt-BR","potentialAction":[{"@type":"ReadAction","target":["https:\/\/portaleducacao.guarulhos.sp.gov.br\/wp_site\/portalbienal\/2024\/02\/26\/m-p-s-casaca\/"]}]},{"@type":"BreadcrumbList","@id":"https:\/\/portaleducacao.guarulhos.sp.gov.br\/wp_site\/portalbienal\/2024\/02\/26\/m-p-s-casaca\/#breadcrumb","itemListElement":[{"@type":"ListItem","position":1,"name":"In\u00edcio","item":"https:\/\/portaleducacao.guarulhos.sp.gov.br\/wp_site\/portalbienal\/"},{"@type":"ListItem","position":2,"name":"M.P.S. CASACA"}]},{"@type":"WebSite","@id":"https:\/\/portaleducacao.guarulhos.sp.gov.br\/wp_site\/portalbienal\/#website","url":"https:\/\/portaleducacao.guarulhos.sp.gov.br\/wp_site\/portalbienal\/","name":"Bienal do Livro de Guarulhos - 2024","description":"Secretaria de Educa\u00e7\u00e3o - Prefeitura de Guarulhos","publisher":{"@id":"https:\/\/portaleducacao.guarulhos.sp.gov.br\/wp_site\/portalbienal\/#organization"},"potentialAction":[{"@type":"SearchAction","target":{"@type":"EntryPoint","urlTemplate":"https:\/\/portaleducacao.guarulhos.sp.gov.br\/wp_site\/portalbienal\/?s={search_term_string}"},"query-input":"required name=search_term_string"}],"inLanguage":"pt-BR"},{"@type":"Organization","@id":"https:\/\/portaleducacao.guarulhos.sp.gov.br\/wp_site\/portalbienal\/#organization","name":"Bienal do Livro de Guarulhos - 2024","url":"https:\/\/portaleducacao.guarulhos.sp.gov.br\/wp_site\/portalbienal\/","sameAs":[],"logo":{"@type":"ImageObject","inLanguage":"pt-BR","@id":"https:\/\/portaleducacao.guarulhos.sp.gov.br\/wp_site\/portalbienal\/#\/schema\/logo\/image\/","url":"https:\/\/portaleducacao.guarulhos.sp.gov.br\/wp_site\/portalbienal\/wp-content\/uploads\/sites\/22\/2022\/07\/logo_site.jpg","contentUrl":"https:\/\/portaleducacao.guarulhos.sp.gov.br\/wp_site\/portalbienal\/wp-content\/uploads\/sites\/22\/2022\/07\/logo_site.jpg","width":350,"height":100,"caption":"Bienal do Livro de Guarulhos - 2024"},"image":{"@id":"https:\/\/portaleducacao.guarulhos.sp.gov.br\/wp_site\/portalbienal\/#\/schema\/logo\/image\/"}},{"@type":"Person","@id":"https:\/\/portaleducacao.guarulhos.sp.gov.br\/wp_site\/portalbienal\/#\/schema\/person\/f6c143949a6552f31c04b9d44097eb74","name":"bienal","image":{"@type":"ImageObject","inLanguage":"pt-BR","@id":"https:\/\/portaleducacao.guarulhos.sp.gov.br\/wp_site\/portalbienal\/#\/schema\/person\/image\/","url":"https:\/\/secure.gravatar.com\/avatar\/dbc6e930183843dc385846c81a08a16d?s=96&d=mm&r=g","contentUrl":"https:\/\/secure.gravatar.com\/avatar\/dbc6e930183843dc385846c81a08a16d?s=96&d=mm&r=g","caption":"bienal"},"url":"https:\/\/portaleducacao.guarulhos.sp.gov.br\/wp_site\/portalbienal\/author\/bienal\/"}]}},"_links":{"self":[{"href":"https:\/\/portaleducacao.guarulhos.sp.gov.br\/wp_site\/portalbienal\/wp-json\/wp\/v2\/posts\/8496"}],"collection":[{"href":"https:\/\/portaleducacao.guarulhos.sp.gov.br\/wp_site\/portalbienal\/wp-json\/wp\/v2\/posts"}],"about":[{"href":"https:\/\/portaleducacao.guarulhos.sp.gov.br\/wp_site\/portalbienal\/wp-json\/wp\/v2\/types\/post"}],"author":[{"embeddable":true,"href":"https:\/\/portaleducacao.guarulhos.sp.gov.br\/wp_site\/portalbienal\/wp-json\/wp\/v2\/users\/16"}],"replies":[{"embeddable":true,"href":"https:\/\/portaleducacao.guarulhos.sp.gov.br\/wp_site\/portalbienal\/wp-json\/wp\/v2\/comments?post=8496"}],"version-history":[{"count":1,"href":"https:\/\/portaleducacao.guarulhos.sp.gov.br\/wp_site\/portalbienal\/wp-json\/wp\/v2\/posts\/8496\/revisions"}],"predecessor-version":[{"id":8497,"href":"https:\/\/portaleducacao.guarulhos.sp.gov.br\/wp_site\/portalbienal\/wp-json\/wp\/v2\/posts\/8496\/revisions\/8497"}],"wp:featuredmedia":[{"embeddable":true,"href":"https:\/\/portaleducacao.guarulhos.sp.gov.br\/wp_site\/portalbienal\/wp-json\/wp\/v2\/media\/8523"}],"wp:attachment":[{"href":"https:\/\/portaleducacao.guarulhos.sp.gov.br\/wp_site\/portalbienal\/wp-json\/wp\/v2\/media?parent=8496"}],"wp:term":[{"taxonomy":"category","embeddable":true,"href":"https:\/\/portaleducacao.guarulhos.sp.gov.br\/wp_site\/portalbienal\/wp-json\/wp\/v2\/categories?post=8496"},{"taxonomy":"post_tag","embeddable":true,"href":"https:\/\/portaleducacao.guarulhos.sp.gov.br\/wp_site\/portalbienal\/wp-json\/wp\/v2\/tags?post=8496"}],"curies":[{"name":"wp","href":"https:\/\/api.w.org\/{rel}","templated":true}]}}