{"id":8564,"date":"2024-02-27T16:25:40","date_gmt":"2024-02-27T19:25:40","guid":{"rendered":"https:\/\/portaleducacao.guarulhos.sp.gov.br\/wp_site\/portalbienal\/?p=8564"},"modified":"2024-02-27T16:25:41","modified_gmt":"2024-02-27T19:25:41","slug":"azv-do-w","status":"publish","type":"post","link":"https:\/\/portaleducacao.guarulhos.sp.gov.br\/wp_site\/portalbienal\/2024\/02\/27\/azv-do-w\/","title":{"rendered":"AZV DO W"},"content":{"rendered":"\n<p><strong>Biografia<\/strong><br>AZV do W nasceu em Santo Andr\u00e9-SP, onde viveu sua inf\u00e2ncia bem distante das Letras. Jornal para ele s\u00f3 servia para acender fogueiras, e livros eram s\u00f3 para acumular poeira. O que ele gostava mesmo era de um bom futebol de rua, soltar pipas, brincar de queimada, jogar taco, bater figurinhas, bolinha de gude, esconde-esconde\u2026 Chegou a frequentar escola, mas n\u00e3o era estudioso, quando ia era para jogar bola, trocar figurinhas, pular o muro e comer merenda. Nunca repetiu o ano, assimilava bem a mat\u00e9ria, o conte\u00fado ensinado em sala, mas escrever era um luxo. Usava o caderno em tudo: fazer avi\u00e3o, desenho, jogo da velha, origami e brincar de stop e assim escrever algo. Tudo isso mudou durante sua adolesc\u00eancia, principalmente quando seus pais resolveram mudar, para o interior de S\u00e3o Paulo, em Barra Bonita. Quando estava com 16 anos de vida, espinhas no rosto, energia de sobra e muitas ideias na cabe\u00e7a. N\u00e3o foi muito f\u00e1cil se adaptar \u00e0 nova realidade, demorou dois anos para esquecer a agita\u00e7\u00e3o da cidade grande, mas em meio \u00e0 calmaria da pequena cidade descobriu um novo mundo\u2026 O mundo das letras. Tornou-se frequentador ass\u00edduo da biblioteca na cidade, come\u00e7ou pelos cl\u00e1ssicos infantis, pois na inf\u00e2ncia nunca lera um livro sequer, apenas os resumos e question\u00e1rios no final dos livros. Come\u00e7ou a ler muito, desde J\u00falio Verne a Nietzsche, tomou gosto pela literatura e chegou a ler dois livros por semana. Muito mais do que leu em toda a sua vida, de tanto ler come\u00e7ou a escrever num caderno velho de inf\u00e2ncia chamado \u201ccaderno azul\u201d inicialmente com frases t\u00edmidas, depois com poemas, pensamentos revolucion\u00e1rios, conte\u00fados de protesto, contos inacabados, cr\u00f4nicas do cotidiano e ideias para romances\u2026 E assim foi at\u00e9 se casar, mudar para Guarulhos-SP, passar em concursos, ser funcion\u00e1rio p\u00fablico e a\u00ed n\u00e3o teve jeito e nem tempo dispon\u00edvel para escrever como gostaria, teve que se dedicar quase todo o tempo \u00e0 mulher, trabalho, filhos e acabou deixando os escritos de lado, nas gavetas da vida. Passados 20 anos, resolveu resgatar os escritos, fez novas adapta\u00e7\u00f5es, revis\u00f5es e muita digita\u00e7\u00e3o. Preparou com maior satisfa\u00e7\u00e3o, o que talvez se perdesse numa \u201ccaixa\u201d de papel\u00e3o, j\u00e1 amarelada e cheia de tra\u00e7as\u2026 Isak Daniel&#8217;s<br><br><strong>Obra Lan\u00e7ada na Bienal<\/strong><br>Pandora S\/A Data: 06\/08\/2023 P\u00e1ginas: 84 G\u00eanero: Poemas \u201cAssim como na mitologia grega a \u2018caixa de Pandora\u2019 foi aberta por curiosidade humana e os males lan\u00e7ados sobre a Terra: a disc\u00f3rdia, a inveja, a dor e todas as doen\u00e7as do corpo e da mente, mas foi fechada a tempo e restou dentro a esperan\u00e7a.\u201d Este livro \u00e9 um convite para ousar fora da \u2018caixa\u2019 \u00e9 uma colet\u00e2nea de poemas em estilo \u2018Marginal-Filos\u00f3fico-Visceral\u2019 com provoca\u00e7\u00f5es, sentimentos e reflex\u00f5es sobre o retrato de nossa sociedade atual. \u00c9 um mergulho no \u2018eu ideal\u2019 na condi\u00e7\u00e3o de ser humano errante, medroso e imperfeito que coexiste; causando esses males no mundo f\u00edsico e mental, mas consegue em meio ao \u2018caos\u2019 enxergar uma fa\u00edsca min\u00fascula, um raio de luz como sua \u00fanica esperan\u00e7a, e que o leva a nadar desesperado em busca de oxig\u00eanio, tempo, liberdade, at\u00e9 a superf\u00edcie de nosso \u201ceu real\u201d. Dr. Modefre Livro: Frederico LTDA Data: 11\/08\/2023 P\u00e1ginas: 72 G\u00eanero: Cr\u00f4nicas \u201cAssim como o nome Frederico que vem do germ\u00e2nico Frido (Paz) e Rik (Rei, Senhor) cujo significado \u00e9 \u2018Senhor ou Rei da Paz\u2019. Este livro \u00e9 um chamado para estar em \u2018paz\u2019 em meio \u00e0 \u2018guerra\u2019 social que vivemos. \u00c9 uma colet\u00e2nea de cr\u00f4nicas de humor, ironia e cr\u00edtica, repleto de fatos cotidianos que passariam despercebidos a olho nu, com experi\u00eancias vividas, criadas e mentidas. \u00c9 um passaporte para irrever\u00eancia que a arte permite, onde exp\u00f5e o lado humano do ser, do p\u00fablico ao privado. \u00c9 ser Rei! Tirar sarro da trag\u00e9dia, rir de si mesmo e dos algoritmos, at\u00e9 produzir Dopamina ou Serotonina suficientes e n\u00e3o ter de usar antidepressivos e muito menos ansiol\u00edticos. O riso \u00e9 um senhor rem\u00e9dio para ser feliz, ficar em paz consigo e com o mundo, pois n\u00e3o sairemos vivos dessa jornada chamada \u201cVida\u201d. Sr. Hemit<\/p>\n","protected":false},"excerpt":{"rendered":"<p>BiografiaAZV do W nasceu em Santo Andr\u00e9-SP, onde viveu sua inf\u00e2ncia bem distante das Letras. Jornal para ele s\u00f3 servia para acender fogueiras, e livros eram s\u00f3 para acumular poeira. &hellip;<\/p>\n<p class=\"read-more\"> <a class=\"\" href=\"https:\/\/portaleducacao.guarulhos.sp.gov.br\/wp_site\/portalbienal\/2024\/02\/27\/azv-do-w\/\"> <span class=\"screen-reader-text\">AZV DO W<\/span> Leia mais &raquo;<\/a><\/p>\n","protected":false},"author":1,"featured_media":0,"comment_status":"open","ping_status":"open","sticky":false,"template":"","format":"standard","meta":{"_monsterinsights_skip_tracking":false,"_monsterinsights_sitenote_active":false,"_monsterinsights_sitenote_note":"","_monsterinsights_sitenote_category":0,"site-sidebar-layout":"default","site-content-layout":"default","ast-global-header-display":"","ast-main-header-display":"","ast-hfb-above-header-display":"","ast-hfb-below-header-display":"","ast-hfb-mobile-header-display":"","site-post-title":"","ast-breadcrumbs-content":"","ast-featured-img":"","footer-sml-layout":"","theme-transparent-header-meta":"","adv-header-id-meta":"","stick-header-meta":"","header-above-stick-meta":"","header-main-stick-meta":"","header-below-stick-meta":"","_expiration-date-status":"","_expiration-date":1709666674,"_expiration-date-type":"draft","_expiration-date-categories":[],"_expiration-date-options":[]},"categories":[1],"tags":[],"yoast_head":"<!-- This site is optimized with the Yoast SEO plugin v19.7.1 - https:\/\/yoast.com\/wordpress\/plugins\/seo\/ -->\r\n<title>AZV DO W - Bienal do Livro de Guarulhos - 2024<\/title>\r\n<meta name=\"robots\" content=\"index, follow, max-snippet:-1, max-image-preview:large, max-video-preview:-1\" \/>\r\n<link rel=\"canonical\" href=\"https:\/\/portaleducacao.guarulhos.sp.gov.br\/wp_site\/portalbienal\/2024\/02\/27\/azv-do-w\/\" \/>\r\n<meta property=\"og:locale\" content=\"pt_BR\" \/>\r\n<meta property=\"og:type\" content=\"article\" \/>\r\n<meta property=\"og:title\" content=\"AZV DO W - Bienal do Livro de Guarulhos - 2024\" \/>\r\n<meta property=\"og:description\" content=\"BiografiaAZV do W nasceu em Santo Andr\u00e9-SP, onde viveu sua inf\u00e2ncia bem distante das Letras. Jornal para ele s\u00f3 servia para acender fogueiras, e livros eram s\u00f3 para acumular poeira. &hellip; AZV DO W Leia mais &raquo;\" \/>\r\n<meta property=\"og:url\" content=\"https:\/\/portaleducacao.guarulhos.sp.gov.br\/wp_site\/portalbienal\/2024\/02\/27\/azv-do-w\/\" \/>\r\n<meta property=\"og:site_name\" content=\"Bienal do Livro de Guarulhos - 2024\" \/>\r\n<meta property=\"article:published_time\" content=\"2024-02-27T19:25:40+00:00\" \/>\r\n<meta property=\"article:modified_time\" content=\"2024-02-27T19:25:41+00:00\" \/>\r\n<meta name=\"author\" content=\"sites\" \/>\r\n<meta name=\"twitter:card\" content=\"summary_large_image\" \/>\r\n<meta name=\"twitter:label1\" content=\"Escrito por\" \/>\n\t<meta name=\"twitter:data1\" content=\"sites\" \/>\n\t<meta name=\"twitter:label2\" content=\"Est. tempo de leitura\" \/>\n\t<meta name=\"twitter:data2\" content=\"4 minutos\" \/>\r\n<script type=\"application\/ld+json\" class=\"yoast-schema-graph\">{\"@context\":\"https:\/\/schema.org\",\"@graph\":[{\"@type\":\"Article\",\"@id\":\"https:\/\/portaleducacao.guarulhos.sp.gov.br\/wp_site\/portalbienal\/2024\/02\/27\/azv-do-w\/#article\",\"isPartOf\":{\"@id\":\"https:\/\/portaleducacao.guarulhos.sp.gov.br\/wp_site\/portalbienal\/2024\/02\/27\/azv-do-w\/\"},\"author\":{\"name\":\"sites\",\"@id\":\"https:\/\/portaleducacao.guarulhos.sp.gov.br\/wp_site\/portalbienal\/#\/schema\/person\/9d1c60216648b2e84d2544ba3ee8bb69\"},\"headline\":\"AZV DO W\",\"datePublished\":\"2024-02-27T19:25:40+00:00\",\"dateModified\":\"2024-02-27T19:25:41+00:00\",\"mainEntityOfPage\":{\"@id\":\"https:\/\/portaleducacao.guarulhos.sp.gov.br\/wp_site\/portalbienal\/2024\/02\/27\/azv-do-w\/\"},\"wordCount\":742,\"commentCount\":0,\"publisher\":{\"@id\":\"https:\/\/portaleducacao.guarulhos.sp.gov.br\/wp_site\/portalbienal\/#organization\"},\"inLanguage\":\"pt-BR\",\"potentialAction\":[{\"@type\":\"CommentAction\",\"name\":\"Comment\",\"target\":[\"https:\/\/portaleducacao.guarulhos.sp.gov.br\/wp_site\/portalbienal\/2024\/02\/27\/azv-do-w\/#respond\"]}]},{\"@type\":\"WebPage\",\"@id\":\"https:\/\/portaleducacao.guarulhos.sp.gov.br\/wp_site\/portalbienal\/2024\/02\/27\/azv-do-w\/\",\"url\":\"https:\/\/portaleducacao.guarulhos.sp.gov.br\/wp_site\/portalbienal\/2024\/02\/27\/azv-do-w\/\",\"name\":\"AZV DO W - Bienal do Livro de Guarulhos - 2024\",\"isPartOf\":{\"@id\":\"https:\/\/portaleducacao.guarulhos.sp.gov.br\/wp_site\/portalbienal\/#website\"},\"datePublished\":\"2024-02-27T19:25:40+00:00\",\"dateModified\":\"2024-02-27T19:25:41+00:00\",\"breadcrumb\":{\"@id\":\"https:\/\/portaleducacao.guarulhos.sp.gov.br\/wp_site\/portalbienal\/2024\/02\/27\/azv-do-w\/#breadcrumb\"},\"inLanguage\":\"pt-BR\",\"potentialAction\":[{\"@type\":\"ReadAction\",\"target\":[\"https:\/\/portaleducacao.guarulhos.sp.gov.br\/wp_site\/portalbienal\/2024\/02\/27\/azv-do-w\/\"]}]},{\"@type\":\"BreadcrumbList\",\"@id\":\"https:\/\/portaleducacao.guarulhos.sp.gov.br\/wp_site\/portalbienal\/2024\/02\/27\/azv-do-w\/#breadcrumb\",\"itemListElement\":[{\"@type\":\"ListItem\",\"position\":1,\"name\":\"In\u00edcio\",\"item\":\"https:\/\/portaleducacao.guarulhos.sp.gov.br\/wp_site\/portalbienal\/\"},{\"@type\":\"ListItem\",\"position\":2,\"name\":\"AZV DO W\"}]},{\"@type\":\"WebSite\",\"@id\":\"https:\/\/portaleducacao.guarulhos.sp.gov.br\/wp_site\/portalbienal\/#website\",\"url\":\"https:\/\/portaleducacao.guarulhos.sp.gov.br\/wp_site\/portalbienal\/\",\"name\":\"Bienal do Livro de Guarulhos - 2024\",\"description\":\"Secretaria de Educa\u00e7\u00e3o - Prefeitura de Guarulhos\",\"publisher\":{\"@id\":\"https:\/\/portaleducacao.guarulhos.sp.gov.br\/wp_site\/portalbienal\/#organization\"},\"potentialAction\":[{\"@type\":\"SearchAction\",\"target\":{\"@type\":\"EntryPoint\",\"urlTemplate\":\"https:\/\/portaleducacao.guarulhos.sp.gov.br\/wp_site\/portalbienal\/?s={search_term_string}\"},\"query-input\":\"required name=search_term_string\"}],\"inLanguage\":\"pt-BR\"},{\"@type\":\"Organization\",\"@id\":\"https:\/\/portaleducacao.guarulhos.sp.gov.br\/wp_site\/portalbienal\/#organization\",\"name\":\"Bienal do Livro de Guarulhos - 2024\",\"url\":\"https:\/\/portaleducacao.guarulhos.sp.gov.br\/wp_site\/portalbienal\/\",\"sameAs\":[],\"logo\":{\"@type\":\"ImageObject\",\"inLanguage\":\"pt-BR\",\"@id\":\"https:\/\/portaleducacao.guarulhos.sp.gov.br\/wp_site\/portalbienal\/#\/schema\/logo\/image\/\",\"url\":\"https:\/\/portaleducacao.guarulhos.sp.gov.br\/wp_site\/portalbienal\/wp-content\/uploads\/sites\/22\/2022\/07\/logo_site.jpg\",\"contentUrl\":\"https:\/\/portaleducacao.guarulhos.sp.gov.br\/wp_site\/portalbienal\/wp-content\/uploads\/sites\/22\/2022\/07\/logo_site.jpg\",\"width\":350,\"height\":100,\"caption\":\"Bienal do Livro de Guarulhos - 2024\"},\"image\":{\"@id\":\"https:\/\/portaleducacao.guarulhos.sp.gov.br\/wp_site\/portalbienal\/#\/schema\/logo\/image\/\"}},{\"@type\":\"Person\",\"@id\":\"https:\/\/portaleducacao.guarulhos.sp.gov.br\/wp_site\/portalbienal\/#\/schema\/person\/9d1c60216648b2e84d2544ba3ee8bb69\",\"name\":\"sites\",\"image\":{\"@type\":\"ImageObject\",\"inLanguage\":\"pt-BR\",\"@id\":\"https:\/\/portaleducacao.guarulhos.sp.gov.br\/wp_site\/portalbienal\/#\/schema\/person\/image\/\",\"url\":\"https:\/\/secure.gravatar.com\/avatar\/d320dc056d58878ea1be67e0f28bb03d?s=96&d=mm&r=g\",\"contentUrl\":\"https:\/\/secure.gravatar.com\/avatar\/d320dc056d58878ea1be67e0f28bb03d?s=96&d=mm&r=g\",\"caption\":\"sites\"},\"sameAs\":[\"http:\/\/172.16.208.47\/sites\"],\"url\":\"https:\/\/portaleducacao.guarulhos.sp.gov.br\/wp_site\/portalbienal\/author\/sites\/\"}]}<\/script>\r\n<!-- \/ Yoast SEO plugin. -->","yoast_head_json":{"title":"AZV DO W - Bienal do Livro de Guarulhos - 2024","robots":{"index":"index","follow":"follow","max-snippet":"max-snippet:-1","max-image-preview":"max-image-preview:large","max-video-preview":"max-video-preview:-1"},"canonical":"https:\/\/portaleducacao.guarulhos.sp.gov.br\/wp_site\/portalbienal\/2024\/02\/27\/azv-do-w\/","og_locale":"pt_BR","og_type":"article","og_title":"AZV DO W - Bienal do Livro de Guarulhos - 2024","og_description":"BiografiaAZV do W nasceu em Santo Andr\u00e9-SP, onde viveu sua inf\u00e2ncia bem distante das Letras. Jornal para ele s\u00f3 servia para acender fogueiras, e livros eram s\u00f3 para acumular poeira. &hellip; AZV DO W Leia mais &raquo;","og_url":"https:\/\/portaleducacao.guarulhos.sp.gov.br\/wp_site\/portalbienal\/2024\/02\/27\/azv-do-w\/","og_site_name":"Bienal do Livro de Guarulhos - 2024","article_published_time":"2024-02-27T19:25:40+00:00","article_modified_time":"2024-02-27T19:25:41+00:00","author":"sites","twitter_card":"summary_large_image","twitter_misc":{"Escrito por":"sites","Est. tempo de leitura":"4 minutos"},"schema":{"@context":"https:\/\/schema.org","@graph":[{"@type":"Article","@id":"https:\/\/portaleducacao.guarulhos.sp.gov.br\/wp_site\/portalbienal\/2024\/02\/27\/azv-do-w\/#article","isPartOf":{"@id":"https:\/\/portaleducacao.guarulhos.sp.gov.br\/wp_site\/portalbienal\/2024\/02\/27\/azv-do-w\/"},"author":{"name":"sites","@id":"https:\/\/portaleducacao.guarulhos.sp.gov.br\/wp_site\/portalbienal\/#\/schema\/person\/9d1c60216648b2e84d2544ba3ee8bb69"},"headline":"AZV DO W","datePublished":"2024-02-27T19:25:40+00:00","dateModified":"2024-02-27T19:25:41+00:00","mainEntityOfPage":{"@id":"https:\/\/portaleducacao.guarulhos.sp.gov.br\/wp_site\/portalbienal\/2024\/02\/27\/azv-do-w\/"},"wordCount":742,"commentCount":0,"publisher":{"@id":"https:\/\/portaleducacao.guarulhos.sp.gov.br\/wp_site\/portalbienal\/#organization"},"inLanguage":"pt-BR","potentialAction":[{"@type":"CommentAction","name":"Comment","target":["https:\/\/portaleducacao.guarulhos.sp.gov.br\/wp_site\/portalbienal\/2024\/02\/27\/azv-do-w\/#respond"]}]},{"@type":"WebPage","@id":"https:\/\/portaleducacao.guarulhos.sp.gov.br\/wp_site\/portalbienal\/2024\/02\/27\/azv-do-w\/","url":"https:\/\/portaleducacao.guarulhos.sp.gov.br\/wp_site\/portalbienal\/2024\/02\/27\/azv-do-w\/","name":"AZV DO W - Bienal do Livro de Guarulhos - 2024","isPartOf":{"@id":"https:\/\/portaleducacao.guarulhos.sp.gov.br\/wp_site\/portalbienal\/#website"},"datePublished":"2024-02-27T19:25:40+00:00","dateModified":"2024-02-27T19:25:41+00:00","breadcrumb":{"@id":"https:\/\/portaleducacao.guarulhos.sp.gov.br\/wp_site\/portalbienal\/2024\/02\/27\/azv-do-w\/#breadcrumb"},"inLanguage":"pt-BR","potentialAction":[{"@type":"ReadAction","target":["https:\/\/portaleducacao.guarulhos.sp.gov.br\/wp_site\/portalbienal\/2024\/02\/27\/azv-do-w\/"]}]},{"@type":"BreadcrumbList","@id":"https:\/\/portaleducacao.guarulhos.sp.gov.br\/wp_site\/portalbienal\/2024\/02\/27\/azv-do-w\/#breadcrumb","itemListElement":[{"@type":"ListItem","position":1,"name":"In\u00edcio","item":"https:\/\/portaleducacao.guarulhos.sp.gov.br\/wp_site\/portalbienal\/"},{"@type":"ListItem","position":2,"name":"AZV DO W"}]},{"@type":"WebSite","@id":"https:\/\/portaleducacao.guarulhos.sp.gov.br\/wp_site\/portalbienal\/#website","url":"https:\/\/portaleducacao.guarulhos.sp.gov.br\/wp_site\/portalbienal\/","name":"Bienal do Livro de Guarulhos - 2024","description":"Secretaria de Educa\u00e7\u00e3o - Prefeitura de Guarulhos","publisher":{"@id":"https:\/\/portaleducacao.guarulhos.sp.gov.br\/wp_site\/portalbienal\/#organization"},"potentialAction":[{"@type":"SearchAction","target":{"@type":"EntryPoint","urlTemplate":"https:\/\/portaleducacao.guarulhos.sp.gov.br\/wp_site\/portalbienal\/?s={search_term_string}"},"query-input":"required name=search_term_string"}],"inLanguage":"pt-BR"},{"@type":"Organization","@id":"https:\/\/portaleducacao.guarulhos.sp.gov.br\/wp_site\/portalbienal\/#organization","name":"Bienal do Livro de Guarulhos - 2024","url":"https:\/\/portaleducacao.guarulhos.sp.gov.br\/wp_site\/portalbienal\/","sameAs":[],"logo":{"@type":"ImageObject","inLanguage":"pt-BR","@id":"https:\/\/portaleducacao.guarulhos.sp.gov.br\/wp_site\/portalbienal\/#\/schema\/logo\/image\/","url":"https:\/\/portaleducacao.guarulhos.sp.gov.br\/wp_site\/portalbienal\/wp-content\/uploads\/sites\/22\/2022\/07\/logo_site.jpg","contentUrl":"https:\/\/portaleducacao.guarulhos.sp.gov.br\/wp_site\/portalbienal\/wp-content\/uploads\/sites\/22\/2022\/07\/logo_site.jpg","width":350,"height":100,"caption":"Bienal do Livro de Guarulhos - 2024"},"image":{"@id":"https:\/\/portaleducacao.guarulhos.sp.gov.br\/wp_site\/portalbienal\/#\/schema\/logo\/image\/"}},{"@type":"Person","@id":"https:\/\/portaleducacao.guarulhos.sp.gov.br\/wp_site\/portalbienal\/#\/schema\/person\/9d1c60216648b2e84d2544ba3ee8bb69","name":"sites","image":{"@type":"ImageObject","inLanguage":"pt-BR","@id":"https:\/\/portaleducacao.guarulhos.sp.gov.br\/wp_site\/portalbienal\/#\/schema\/person\/image\/","url":"https:\/\/secure.gravatar.com\/avatar\/d320dc056d58878ea1be67e0f28bb03d?s=96&d=mm&r=g","contentUrl":"https:\/\/secure.gravatar.com\/avatar\/d320dc056d58878ea1be67e0f28bb03d?s=96&d=mm&r=g","caption":"sites"},"sameAs":["http:\/\/172.16.208.47\/sites"],"url":"https:\/\/portaleducacao.guarulhos.sp.gov.br\/wp_site\/portalbienal\/author\/sites\/"}]}},"_links":{"self":[{"href":"https:\/\/portaleducacao.guarulhos.sp.gov.br\/wp_site\/portalbienal\/wp-json\/wp\/v2\/posts\/8564"}],"collection":[{"href":"https:\/\/portaleducacao.guarulhos.sp.gov.br\/wp_site\/portalbienal\/wp-json\/wp\/v2\/posts"}],"about":[{"href":"https:\/\/portaleducacao.guarulhos.sp.gov.br\/wp_site\/portalbienal\/wp-json\/wp\/v2\/types\/post"}],"author":[{"embeddable":true,"href":"https:\/\/portaleducacao.guarulhos.sp.gov.br\/wp_site\/portalbienal\/wp-json\/wp\/v2\/users\/1"}],"replies":[{"embeddable":true,"href":"https:\/\/portaleducacao.guarulhos.sp.gov.br\/wp_site\/portalbienal\/wp-json\/wp\/v2\/comments?post=8564"}],"version-history":[{"count":1,"href":"https:\/\/portaleducacao.guarulhos.sp.gov.br\/wp_site\/portalbienal\/wp-json\/wp\/v2\/posts\/8564\/revisions"}],"predecessor-version":[{"id":8565,"href":"https:\/\/portaleducacao.guarulhos.sp.gov.br\/wp_site\/portalbienal\/wp-json\/wp\/v2\/posts\/8564\/revisions\/8565"}],"wp:attachment":[{"href":"https:\/\/portaleducacao.guarulhos.sp.gov.br\/wp_site\/portalbienal\/wp-json\/wp\/v2\/media?parent=8564"}],"wp:term":[{"taxonomy":"category","embeddable":true,"href":"https:\/\/portaleducacao.guarulhos.sp.gov.br\/wp_site\/portalbienal\/wp-json\/wp\/v2\/categories?post=8564"},{"taxonomy":"post_tag","embeddable":true,"href":"https:\/\/portaleducacao.guarulhos.sp.gov.br\/wp_site\/portalbienal\/wp-json\/wp\/v2\/tags?post=8564"}],"curies":[{"name":"wp","href":"https:\/\/api.w.org\/{rel}","templated":true}]}}