{"id":8627,"date":"2024-03-01T11:50:33","date_gmt":"2024-03-01T14:50:33","guid":{"rendered":"https:\/\/portaleducacao.guarulhos.sp.gov.br\/wp_site\/portalbienal\/?p=8627"},"modified":"2024-03-01T14:54:07","modified_gmt":"2024-03-01T17:54:07","slug":"denise-fraga-e-miguel-falabella-sao-atracoes-confirmadas-na-3a-bienal-internacional-do-livro-de-guarulhos","status":"publish","type":"post","link":"https:\/\/portaleducacao.guarulhos.sp.gov.br\/wp_site\/portalbienal\/2024\/03\/01\/denise-fraga-e-miguel-falabella-sao-atracoes-confirmadas-na-3a-bienal-internacional-do-livro-de-guarulhos\/","title":{"rendered":"Denise Fraga e Miguel Falabella s\u00e3o atra\u00e7\u00f5es confirmadas na 3\u00aa Bienal Internacional do Livro de Guarulhos"},"content":{"rendered":"\n<p>Os atores Miguel Falabella e Denise Fraga t\u00eam sua participa\u00e7\u00e3o confirmada na 3\u00aa Bienal Internacional do Livro de Guarulhos, que nesta edi\u00e7\u00e3o apresenta o tema \u201cGuarulhos &#8211; Todo o Mundo Passa por Aqui\u201d, e acontece entre os dias 15 e 24 de mar\u00e7o, no Espa\u00e7o Inter.&nbsp;<\/p>\n\n\n\n<p>Sob reg\u00eancia dos maestros Emiliano Patarra e Kevin Camargo, a&nbsp; Orquestra GRU Sinf\u00f4nica se apresenta na abertura do evento, na sexta-feira (15), \u00e0s 20h. Na programa\u00e7\u00e3o est\u00e3o obras como As Quatro Esta\u00e7\u00f5es \u2013 Primavera, de Antonio Vivaldi, e Su\u00edte Masquerade, de Aram Khachaturian.<\/p>\n\n\n\n<p>No dia 16, s\u00e1bado, \u00e0s 16h, a Bienal recebe show do Bob Zoom, uma formiguinha alegre e divertida, que faz sucesso com suas m\u00fasicas. Ainda no s\u00e1bado, \u00e0s 20h, o ator, diretor, produtor e dramaturgo Miguel Falabella sobe ao palco do Audit\u00f3rio Azul com a palestra Viver e sonhar em voz alta.<\/p>\n\n\n\n<p>No domingo (17), \u00e0s 18h, atriz, produtora e cronista brasileira Denise Fraga apresenta a palestra Conex\u00f5es Humanas, no Audit\u00f3rio Azul.&nbsp;<\/p>\n\n\n\n<p>Maior evento liter\u00e1rio da cidade, a Bienal conta com intensa programa\u00e7\u00e3o gratuita, \u00e1rea gamer, lounge interativo, pra\u00e7a de alimenta\u00e7\u00e3o, 40 estandes e 3 audit\u00f3rios, trazendo em sua ess\u00eancia experi\u00eancias liter\u00e1rias que desconhecem fronteiras e chegam at\u00e9 n\u00f3s por meio de apresenta\u00e7\u00f5es art\u00edsticas, palestras, interven\u00e7\u00f5es liter\u00e1rias, experi\u00eancias imersivas, encontro com autores, exposi\u00e7\u00f5es e livros, muitos livros, em um universo cultural diverso, l\u00fadico e reflexivo, promovendo o gosto pela leitura e a forma\u00e7\u00e3o de leitores.<\/p>\n\n\n\n<p>Nos pr\u00f3ximos dias, toda a programa\u00e7\u00e3o da 3\u00aa Bienal Internacional do Livro de Guarulhos estar\u00e1 dispon\u00edvel em&nbsp;<strong><em><a href=\"http:\/\/bienaldolivro.guarulhos.sp.gov.br\/\" target=\"_blank\" rel=\"noreferrer noopener\">http:\/\/bienaldolivro.guarulhos.sp.gov.br<\/a><\/em><\/strong>.&nbsp;<\/p>\n\n\n\n<p>O evento \u00e9 gratuito e acontece de 15 a 24 de mar\u00e7o, de segunda a s\u00e1bado, das 10h \u00e0s 22h, e aos domingos, das 10h \u00e0s 20h, no Espa\u00e7o Inter, na Av. Jo\u00e3o Cavalari, 133, Vila Herm\u00ednia.<\/p>\n\n\n\n<p>Para mais informa\u00e7\u00f5es, siga o perfil da Bienal no Instagram&nbsp;<strong><em><a href=\"https:\/\/www.instagram.com\/bienaldolivrogru\/\" target=\"_blank\" rel=\"noreferrer noopener\">@bienaldolivrogru<\/a><\/em><\/strong>.<\/p>\n","protected":false},"excerpt":{"rendered":"<p>Os atores Miguel Falabella e Denise Fraga t\u00eam sua participa\u00e7\u00e3o confirmada na 3\u00aa Bienal Internacional do Livro de Guarulhos, que nesta edi\u00e7\u00e3o apresenta o tema \u201cGuarulhos &#8211; Todo o Mundo &hellip;<\/p>\n<p class=\"read-more\"> <a class=\"\" href=\"https:\/\/portaleducacao.guarulhos.sp.gov.br\/wp_site\/portalbienal\/2024\/03\/01\/denise-fraga-e-miguel-falabella-sao-atracoes-confirmadas-na-3a-bienal-internacional-do-livro-de-guarulhos\/\"> <span class=\"screen-reader-text\">Denise Fraga e Miguel Falabella s\u00e3o atra\u00e7\u00f5es confirmadas na 3\u00aa Bienal Internacional do Livro de Guarulhos<\/span> Leia mais &raquo;<\/a><\/p>\n","protected":false},"author":22,"featured_media":8628,"comment_status":"open","ping_status":"open","sticky":false,"template":"","format":"standard","meta":{"_monsterinsights_skip_tracking":false,"_monsterinsights_sitenote_active":false,"_monsterinsights_sitenote_note":"","_monsterinsights_sitenote_category":0,"site-sidebar-layout":"default","site-content-layout":"default","ast-global-header-display":"","ast-main-header-display":"","ast-hfb-above-header-display":"","ast-hfb-below-header-display":"","ast-hfb-mobile-header-display":"","site-post-title":"","ast-breadcrumbs-content":"","ast-featured-img":"","footer-sml-layout":"","theme-transparent-header-meta":"","adv-header-id-meta":"","stick-header-meta":"","header-above-stick-meta":"","header-main-stick-meta":"","header-below-stick-meta":"","_expiration-date-status":"","_expiration-date":1709909236,"_expiration-date-type":"draft","_expiration-date-categories":[],"_expiration-date-options":[]},"categories":[39,40],"tags":[],"yoast_head":"<!-- This site is optimized with the Yoast SEO plugin v19.7.1 - https:\/\/yoast.com\/wordpress\/plugins\/seo\/ -->\r\n<title>Denise Fraga e Miguel Falabella s\u00e3o atra\u00e7\u00f5es confirmadas na 3\u00aa Bienal Internacional do Livro de Guarulhos - Bienal do Livro de Guarulhos - 2024<\/title>\r\n<meta name=\"robots\" content=\"index, follow, max-snippet:-1, max-image-preview:large, max-video-preview:-1\" \/>\r\n<link rel=\"canonical\" href=\"https:\/\/portaleducacao.guarulhos.sp.gov.br\/wp_site\/portalbienal\/2024\/03\/01\/denise-fraga-e-miguel-falabella-sao-atracoes-confirmadas-na-3a-bienal-internacional-do-livro-de-guarulhos\/\" \/>\r\n<meta property=\"og:locale\" content=\"pt_BR\" \/>\r\n<meta property=\"og:type\" content=\"article\" \/>\r\n<meta property=\"og:title\" content=\"Denise Fraga e Miguel Falabella s\u00e3o atra\u00e7\u00f5es confirmadas na 3\u00aa Bienal Internacional do Livro de Guarulhos - Bienal do Livro de Guarulhos - 2024\" \/>\r\n<meta property=\"og:description\" content=\"Os atores Miguel Falabella e Denise Fraga t\u00eam sua participa\u00e7\u00e3o confirmada na 3\u00aa Bienal Internacional do Livro de Guarulhos, que nesta edi\u00e7\u00e3o apresenta o tema \u201cGuarulhos &#8211; Todo o Mundo &hellip; Denise Fraga e Miguel Falabella s\u00e3o atra\u00e7\u00f5es confirmadas na 3\u00aa Bienal Internacional do Livro de Guarulhos Leia mais &raquo;\" \/>\r\n<meta property=\"og:url\" content=\"https:\/\/portaleducacao.guarulhos.sp.gov.br\/wp_site\/portalbienal\/2024\/03\/01\/denise-fraga-e-miguel-falabella-sao-atracoes-confirmadas-na-3a-bienal-internacional-do-livro-de-guarulhos\/\" \/>\r\n<meta property=\"og:site_name\" content=\"Bienal do Livro de Guarulhos - 2024\" \/>\r\n<meta property=\"article:published_time\" content=\"2024-03-01T14:50:33+00:00\" \/>\r\n<meta property=\"article:modified_time\" content=\"2024-03-01T17:54:07+00:00\" \/>\r\n<meta property=\"og:image\" content=\"http:\/\/portaleducacao.guarulhos.sp.gov.br\/wp_site\/portalbienal\/wp-content\/uploads\/sites\/22\/2024\/03\/bienalDE_MI.jpeg\" \/>\r\n\t<meta property=\"og:image:width\" content=\"1600\" \/>\r\n\t<meta property=\"og:image:height\" content=\"1067\" \/>\r\n\t<meta property=\"og:image:type\" content=\"image\/jpeg\" \/>\r\n<meta name=\"author\" content=\"carlamaio\" \/>\r\n<meta name=\"twitter:card\" content=\"summary_large_image\" \/>\r\n<meta name=\"twitter:label1\" content=\"Escrito por\" \/>\n\t<meta name=\"twitter:data1\" content=\"carlamaio\" \/>\n\t<meta name=\"twitter:label2\" content=\"Est. tempo de leitura\" \/>\n\t<meta name=\"twitter:data2\" content=\"2 minutos\" \/>\r\n<script type=\"application\/ld+json\" class=\"yoast-schema-graph\">{\"@context\":\"https:\/\/schema.org\",\"@graph\":[{\"@type\":\"Article\",\"@id\":\"https:\/\/portaleducacao.guarulhos.sp.gov.br\/wp_site\/portalbienal\/2024\/03\/01\/denise-fraga-e-miguel-falabella-sao-atracoes-confirmadas-na-3a-bienal-internacional-do-livro-de-guarulhos\/#article\",\"isPartOf\":{\"@id\":\"https:\/\/portaleducacao.guarulhos.sp.gov.br\/wp_site\/portalbienal\/2024\/03\/01\/denise-fraga-e-miguel-falabella-sao-atracoes-confirmadas-na-3a-bienal-internacional-do-livro-de-guarulhos\/\"},\"author\":{\"name\":\"carlamaio\",\"@id\":\"https:\/\/portaleducacao.guarulhos.sp.gov.br\/wp_site\/portalbienal\/#\/schema\/person\/f24570405af7200fec31e52143b1a735\"},\"headline\":\"Denise Fraga e Miguel Falabella s\u00e3o atra\u00e7\u00f5es confirmadas na 3\u00aa Bienal Internacional do Livro de Guarulhos\",\"datePublished\":\"2024-03-01T14:50:33+00:00\",\"dateModified\":\"2024-03-01T17:54:07+00:00\",\"mainEntityOfPage\":{\"@id\":\"https:\/\/portaleducacao.guarulhos.sp.gov.br\/wp_site\/portalbienal\/2024\/03\/01\/denise-fraga-e-miguel-falabella-sao-atracoes-confirmadas-na-3a-bienal-internacional-do-livro-de-guarulhos\/\"},\"wordCount\":369,\"commentCount\":0,\"publisher\":{\"@id\":\"https:\/\/portaleducacao.guarulhos.sp.gov.br\/wp_site\/portalbienal\/#organization\"},\"articleSection\":[\"2024 Not\u00edcias\",\"Bienal 2024\"],\"inLanguage\":\"pt-BR\",\"potentialAction\":[{\"@type\":\"CommentAction\",\"name\":\"Comment\",\"target\":[\"https:\/\/portaleducacao.guarulhos.sp.gov.br\/wp_site\/portalbienal\/2024\/03\/01\/denise-fraga-e-miguel-falabella-sao-atracoes-confirmadas-na-3a-bienal-internacional-do-livro-de-guarulhos\/#respond\"]}]},{\"@type\":\"WebPage\",\"@id\":\"https:\/\/portaleducacao.guarulhos.sp.gov.br\/wp_site\/portalbienal\/2024\/03\/01\/denise-fraga-e-miguel-falabella-sao-atracoes-confirmadas-na-3a-bienal-internacional-do-livro-de-guarulhos\/\",\"url\":\"https:\/\/portaleducacao.guarulhos.sp.gov.br\/wp_site\/portalbienal\/2024\/03\/01\/denise-fraga-e-miguel-falabella-sao-atracoes-confirmadas-na-3a-bienal-internacional-do-livro-de-guarulhos\/\",\"name\":\"Denise Fraga e Miguel Falabella s\u00e3o atra\u00e7\u00f5es confirmadas na 3\u00aa Bienal Internacional do Livro de Guarulhos - Bienal do Livro de Guarulhos - 2024\",\"isPartOf\":{\"@id\":\"https:\/\/portaleducacao.guarulhos.sp.gov.br\/wp_site\/portalbienal\/#website\"},\"datePublished\":\"2024-03-01T14:50:33+00:00\",\"dateModified\":\"2024-03-01T17:54:07+00:00\",\"breadcrumb\":{\"@id\":\"https:\/\/portaleducacao.guarulhos.sp.gov.br\/wp_site\/portalbienal\/2024\/03\/01\/denise-fraga-e-miguel-falabella-sao-atracoes-confirmadas-na-3a-bienal-internacional-do-livro-de-guarulhos\/#breadcrumb\"},\"inLanguage\":\"pt-BR\",\"potentialAction\":[{\"@type\":\"ReadAction\",\"target\":[\"https:\/\/portaleducacao.guarulhos.sp.gov.br\/wp_site\/portalbienal\/2024\/03\/01\/denise-fraga-e-miguel-falabella-sao-atracoes-confirmadas-na-3a-bienal-internacional-do-livro-de-guarulhos\/\"]}]},{\"@type\":\"BreadcrumbList\",\"@id\":\"https:\/\/portaleducacao.guarulhos.sp.gov.br\/wp_site\/portalbienal\/2024\/03\/01\/denise-fraga-e-miguel-falabella-sao-atracoes-confirmadas-na-3a-bienal-internacional-do-livro-de-guarulhos\/#breadcrumb\",\"itemListElement\":[{\"@type\":\"ListItem\",\"position\":1,\"name\":\"In\u00edcio\",\"item\":\"https:\/\/portaleducacao.guarulhos.sp.gov.br\/wp_site\/portalbienal\/\"},{\"@type\":\"ListItem\",\"position\":2,\"name\":\"Denise Fraga e Miguel Falabella s\u00e3o atra\u00e7\u00f5es confirmadas na 3\u00aa Bienal Internacional do Livro de Guarulhos\"}]},{\"@type\":\"WebSite\",\"@id\":\"https:\/\/portaleducacao.guarulhos.sp.gov.br\/wp_site\/portalbienal\/#website\",\"url\":\"https:\/\/portaleducacao.guarulhos.sp.gov.br\/wp_site\/portalbienal\/\",\"name\":\"Bienal do Livro de Guarulhos - 2024\",\"description\":\"Secretaria de Educa\u00e7\u00e3o - Prefeitura de Guarulhos\",\"publisher\":{\"@id\":\"https:\/\/portaleducacao.guarulhos.sp.gov.br\/wp_site\/portalbienal\/#organization\"},\"potentialAction\":[{\"@type\":\"SearchAction\",\"target\":{\"@type\":\"EntryPoint\",\"urlTemplate\":\"https:\/\/portaleducacao.guarulhos.sp.gov.br\/wp_site\/portalbienal\/?s={search_term_string}\"},\"query-input\":\"required name=search_term_string\"}],\"inLanguage\":\"pt-BR\"},{\"@type\":\"Organization\",\"@id\":\"https:\/\/portaleducacao.guarulhos.sp.gov.br\/wp_site\/portalbienal\/#organization\",\"name\":\"Bienal do Livro de Guarulhos - 2024\",\"url\":\"https:\/\/portaleducacao.guarulhos.sp.gov.br\/wp_site\/portalbienal\/\",\"sameAs\":[],\"logo\":{\"@type\":\"ImageObject\",\"inLanguage\":\"pt-BR\",\"@id\":\"https:\/\/portaleducacao.guarulhos.sp.gov.br\/wp_site\/portalbienal\/#\/schema\/logo\/image\/\",\"url\":\"https:\/\/portaleducacao.guarulhos.sp.gov.br\/wp_site\/portalbienal\/wp-content\/uploads\/sites\/22\/2022\/07\/logo_site.jpg\",\"contentUrl\":\"https:\/\/portaleducacao.guarulhos.sp.gov.br\/wp_site\/portalbienal\/wp-content\/uploads\/sites\/22\/2022\/07\/logo_site.jpg\",\"width\":350,\"height\":100,\"caption\":\"Bienal do Livro de Guarulhos - 2024\"},\"image\":{\"@id\":\"https:\/\/portaleducacao.guarulhos.sp.gov.br\/wp_site\/portalbienal\/#\/schema\/logo\/image\/\"}},{\"@type\":\"Person\",\"@id\":\"https:\/\/portaleducacao.guarulhos.sp.gov.br\/wp_site\/portalbienal\/#\/schema\/person\/f24570405af7200fec31e52143b1a735\",\"name\":\"carlamaio\",\"image\":{\"@type\":\"ImageObject\",\"inLanguage\":\"pt-BR\",\"@id\":\"https:\/\/portaleducacao.guarulhos.sp.gov.br\/wp_site\/portalbienal\/#\/schema\/person\/image\/\",\"url\":\"https:\/\/secure.gravatar.com\/avatar\/f1d5cb10476871f2a24b60dd8cad309e?s=96&d=mm&r=g\",\"contentUrl\":\"https:\/\/secure.gravatar.com\/avatar\/f1d5cb10476871f2a24b60dd8cad309e?s=96&d=mm&r=g\",\"caption\":\"carlamaio\"},\"url\":\"https:\/\/portaleducacao.guarulhos.sp.gov.br\/wp_site\/portalbienal\/author\/carlamaio\/\"}]}<\/script>\r\n<!-- \/ Yoast SEO plugin. -->","yoast_head_json":{"title":"Denise Fraga e Miguel Falabella s\u00e3o atra\u00e7\u00f5es confirmadas na 3\u00aa Bienal Internacional do Livro de Guarulhos - Bienal do Livro de Guarulhos - 2024","robots":{"index":"index","follow":"follow","max-snippet":"max-snippet:-1","max-image-preview":"max-image-preview:large","max-video-preview":"max-video-preview:-1"},"canonical":"https:\/\/portaleducacao.guarulhos.sp.gov.br\/wp_site\/portalbienal\/2024\/03\/01\/denise-fraga-e-miguel-falabella-sao-atracoes-confirmadas-na-3a-bienal-internacional-do-livro-de-guarulhos\/","og_locale":"pt_BR","og_type":"article","og_title":"Denise Fraga e Miguel Falabella s\u00e3o atra\u00e7\u00f5es confirmadas na 3\u00aa Bienal Internacional do Livro de Guarulhos - Bienal do Livro de Guarulhos - 2024","og_description":"Os atores Miguel Falabella e Denise Fraga t\u00eam sua participa\u00e7\u00e3o confirmada na 3\u00aa Bienal Internacional do Livro de Guarulhos, que nesta edi\u00e7\u00e3o apresenta o tema \u201cGuarulhos &#8211; Todo o Mundo &hellip; Denise Fraga e Miguel Falabella s\u00e3o atra\u00e7\u00f5es confirmadas na 3\u00aa Bienal Internacional do Livro de Guarulhos Leia mais &raquo;","og_url":"https:\/\/portaleducacao.guarulhos.sp.gov.br\/wp_site\/portalbienal\/2024\/03\/01\/denise-fraga-e-miguel-falabella-sao-atracoes-confirmadas-na-3a-bienal-internacional-do-livro-de-guarulhos\/","og_site_name":"Bienal do Livro de Guarulhos - 2024","article_published_time":"2024-03-01T14:50:33+00:00","article_modified_time":"2024-03-01T17:54:07+00:00","og_image":[{"width":1600,"height":1067,"url":"http:\/\/portaleducacao.guarulhos.sp.gov.br\/wp_site\/portalbienal\/wp-content\/uploads\/sites\/22\/2024\/03\/bienalDE_MI.jpeg","type":"image\/jpeg"}],"author":"carlamaio","twitter_card":"summary_large_image","twitter_misc":{"Escrito por":"carlamaio","Est. tempo de leitura":"2 minutos"},"schema":{"@context":"https:\/\/schema.org","@graph":[{"@type":"Article","@id":"https:\/\/portaleducacao.guarulhos.sp.gov.br\/wp_site\/portalbienal\/2024\/03\/01\/denise-fraga-e-miguel-falabella-sao-atracoes-confirmadas-na-3a-bienal-internacional-do-livro-de-guarulhos\/#article","isPartOf":{"@id":"https:\/\/portaleducacao.guarulhos.sp.gov.br\/wp_site\/portalbienal\/2024\/03\/01\/denise-fraga-e-miguel-falabella-sao-atracoes-confirmadas-na-3a-bienal-internacional-do-livro-de-guarulhos\/"},"author":{"name":"carlamaio","@id":"https:\/\/portaleducacao.guarulhos.sp.gov.br\/wp_site\/portalbienal\/#\/schema\/person\/f24570405af7200fec31e52143b1a735"},"headline":"Denise Fraga e Miguel Falabella s\u00e3o atra\u00e7\u00f5es confirmadas na 3\u00aa Bienal Internacional do Livro de Guarulhos","datePublished":"2024-03-01T14:50:33+00:00","dateModified":"2024-03-01T17:54:07+00:00","mainEntityOfPage":{"@id":"https:\/\/portaleducacao.guarulhos.sp.gov.br\/wp_site\/portalbienal\/2024\/03\/01\/denise-fraga-e-miguel-falabella-sao-atracoes-confirmadas-na-3a-bienal-internacional-do-livro-de-guarulhos\/"},"wordCount":369,"commentCount":0,"publisher":{"@id":"https:\/\/portaleducacao.guarulhos.sp.gov.br\/wp_site\/portalbienal\/#organization"},"articleSection":["2024 Not\u00edcias","Bienal 2024"],"inLanguage":"pt-BR","potentialAction":[{"@type":"CommentAction","name":"Comment","target":["https:\/\/portaleducacao.guarulhos.sp.gov.br\/wp_site\/portalbienal\/2024\/03\/01\/denise-fraga-e-miguel-falabella-sao-atracoes-confirmadas-na-3a-bienal-internacional-do-livro-de-guarulhos\/#respond"]}]},{"@type":"WebPage","@id":"https:\/\/portaleducacao.guarulhos.sp.gov.br\/wp_site\/portalbienal\/2024\/03\/01\/denise-fraga-e-miguel-falabella-sao-atracoes-confirmadas-na-3a-bienal-internacional-do-livro-de-guarulhos\/","url":"https:\/\/portaleducacao.guarulhos.sp.gov.br\/wp_site\/portalbienal\/2024\/03\/01\/denise-fraga-e-miguel-falabella-sao-atracoes-confirmadas-na-3a-bienal-internacional-do-livro-de-guarulhos\/","name":"Denise Fraga e Miguel Falabella s\u00e3o atra\u00e7\u00f5es confirmadas na 3\u00aa Bienal Internacional do Livro de Guarulhos - Bienal do Livro de Guarulhos - 2024","isPartOf":{"@id":"https:\/\/portaleducacao.guarulhos.sp.gov.br\/wp_site\/portalbienal\/#website"},"datePublished":"2024-03-01T14:50:33+00:00","dateModified":"2024-03-01T17:54:07+00:00","breadcrumb":{"@id":"https:\/\/portaleducacao.guarulhos.sp.gov.br\/wp_site\/portalbienal\/2024\/03\/01\/denise-fraga-e-miguel-falabella-sao-atracoes-confirmadas-na-3a-bienal-internacional-do-livro-de-guarulhos\/#breadcrumb"},"inLanguage":"pt-BR","potentialAction":[{"@type":"ReadAction","target":["https:\/\/portaleducacao.guarulhos.sp.gov.br\/wp_site\/portalbienal\/2024\/03\/01\/denise-fraga-e-miguel-falabella-sao-atracoes-confirmadas-na-3a-bienal-internacional-do-livro-de-guarulhos\/"]}]},{"@type":"BreadcrumbList","@id":"https:\/\/portaleducacao.guarulhos.sp.gov.br\/wp_site\/portalbienal\/2024\/03\/01\/denise-fraga-e-miguel-falabella-sao-atracoes-confirmadas-na-3a-bienal-internacional-do-livro-de-guarulhos\/#breadcrumb","itemListElement":[{"@type":"ListItem","position":1,"name":"In\u00edcio","item":"https:\/\/portaleducacao.guarulhos.sp.gov.br\/wp_site\/portalbienal\/"},{"@type":"ListItem","position":2,"name":"Denise Fraga e Miguel Falabella s\u00e3o atra\u00e7\u00f5es confirmadas na 3\u00aa Bienal Internacional do Livro de Guarulhos"}]},{"@type":"WebSite","@id":"https:\/\/portaleducacao.guarulhos.sp.gov.br\/wp_site\/portalbienal\/#website","url":"https:\/\/portaleducacao.guarulhos.sp.gov.br\/wp_site\/portalbienal\/","name":"Bienal do Livro de Guarulhos - 2024","description":"Secretaria de Educa\u00e7\u00e3o - Prefeitura de Guarulhos","publisher":{"@id":"https:\/\/portaleducacao.guarulhos.sp.gov.br\/wp_site\/portalbienal\/#organization"},"potentialAction":[{"@type":"SearchAction","target":{"@type":"EntryPoint","urlTemplate":"https:\/\/portaleducacao.guarulhos.sp.gov.br\/wp_site\/portalbienal\/?s={search_term_string}"},"query-input":"required name=search_term_string"}],"inLanguage":"pt-BR"},{"@type":"Organization","@id":"https:\/\/portaleducacao.guarulhos.sp.gov.br\/wp_site\/portalbienal\/#organization","name":"Bienal do Livro de Guarulhos - 2024","url":"https:\/\/portaleducacao.guarulhos.sp.gov.br\/wp_site\/portalbienal\/","sameAs":[],"logo":{"@type":"ImageObject","inLanguage":"pt-BR","@id":"https:\/\/portaleducacao.guarulhos.sp.gov.br\/wp_site\/portalbienal\/#\/schema\/logo\/image\/","url":"https:\/\/portaleducacao.guarulhos.sp.gov.br\/wp_site\/portalbienal\/wp-content\/uploads\/sites\/22\/2022\/07\/logo_site.jpg","contentUrl":"https:\/\/portaleducacao.guarulhos.sp.gov.br\/wp_site\/portalbienal\/wp-content\/uploads\/sites\/22\/2022\/07\/logo_site.jpg","width":350,"height":100,"caption":"Bienal do Livro de Guarulhos - 2024"},"image":{"@id":"https:\/\/portaleducacao.guarulhos.sp.gov.br\/wp_site\/portalbienal\/#\/schema\/logo\/image\/"}},{"@type":"Person","@id":"https:\/\/portaleducacao.guarulhos.sp.gov.br\/wp_site\/portalbienal\/#\/schema\/person\/f24570405af7200fec31e52143b1a735","name":"carlamaio","image":{"@type":"ImageObject","inLanguage":"pt-BR","@id":"https:\/\/portaleducacao.guarulhos.sp.gov.br\/wp_site\/portalbienal\/#\/schema\/person\/image\/","url":"https:\/\/secure.gravatar.com\/avatar\/f1d5cb10476871f2a24b60dd8cad309e?s=96&d=mm&r=g","contentUrl":"https:\/\/secure.gravatar.com\/avatar\/f1d5cb10476871f2a24b60dd8cad309e?s=96&d=mm&r=g","caption":"carlamaio"},"url":"https:\/\/portaleducacao.guarulhos.sp.gov.br\/wp_site\/portalbienal\/author\/carlamaio\/"}]}},"_links":{"self":[{"href":"https:\/\/portaleducacao.guarulhos.sp.gov.br\/wp_site\/portalbienal\/wp-json\/wp\/v2\/posts\/8627"}],"collection":[{"href":"https:\/\/portaleducacao.guarulhos.sp.gov.br\/wp_site\/portalbienal\/wp-json\/wp\/v2\/posts"}],"about":[{"href":"https:\/\/portaleducacao.guarulhos.sp.gov.br\/wp_site\/portalbienal\/wp-json\/wp\/v2\/types\/post"}],"author":[{"embeddable":true,"href":"https:\/\/portaleducacao.guarulhos.sp.gov.br\/wp_site\/portalbienal\/wp-json\/wp\/v2\/users\/22"}],"replies":[{"embeddable":true,"href":"https:\/\/portaleducacao.guarulhos.sp.gov.br\/wp_site\/portalbienal\/wp-json\/wp\/v2\/comments?post=8627"}],"version-history":[{"count":1,"href":"https:\/\/portaleducacao.guarulhos.sp.gov.br\/wp_site\/portalbienal\/wp-json\/wp\/v2\/posts\/8627\/revisions"}],"predecessor-version":[{"id":8629,"href":"https:\/\/portaleducacao.guarulhos.sp.gov.br\/wp_site\/portalbienal\/wp-json\/wp\/v2\/posts\/8627\/revisions\/8629"}],"wp:featuredmedia":[{"embeddable":true,"href":"https:\/\/portaleducacao.guarulhos.sp.gov.br\/wp_site\/portalbienal\/wp-json\/wp\/v2\/media\/8628"}],"wp:attachment":[{"href":"https:\/\/portaleducacao.guarulhos.sp.gov.br\/wp_site\/portalbienal\/wp-json\/wp\/v2\/media?parent=8627"}],"wp:term":[{"taxonomy":"category","embeddable":true,"href":"https:\/\/portaleducacao.guarulhos.sp.gov.br\/wp_site\/portalbienal\/wp-json\/wp\/v2\/categories?post=8627"},{"taxonomy":"post_tag","embeddable":true,"href":"https:\/\/portaleducacao.guarulhos.sp.gov.br\/wp_site\/portalbienal\/wp-json\/wp\/v2\/tags?post=8627"}],"curies":[{"name":"wp","href":"https:\/\/api.w.org\/{rel}","templated":true}]}}