{"id":8672,"date":"2024-03-04T16:01:41","date_gmt":"2024-03-04T19:01:41","guid":{"rendered":"https:\/\/portaleducacao.guarulhos.sp.gov.br\/wp_site\/portalbienal\/?p=8672"},"modified":"2024-03-05T15:34:24","modified_gmt":"2024-03-05T18:34:24","slug":"prazo-para-inscricao-da-visitacao-escolar-na-bienal-do-livro-e-prorrogado-para-7-3","status":"publish","type":"post","link":"https:\/\/portaleducacao.guarulhos.sp.gov.br\/wp_site\/portalbienal\/2024\/03\/04\/prazo-para-inscricao-da-visitacao-escolar-na-bienal-do-livro-e-prorrogado-para-7-3\/","title":{"rendered":"Prazo para inscri\u00e7\u00e3o da visita\u00e7\u00e3o escolar na Bienal do Livro \u00e9 prorrogado para 7\/3"},"content":{"rendered":"\n<p>O per\u00edodo de inscri\u00e7\u00f5es para a visita\u00e7\u00e3o das escolas das redes de ensino de Guarulhos (Municipal, Estadual e Particular) \u00e0 3\u00aa Bienal Internacional do Livro de Guarulhos foi prorrogado para esta quinta-feira, dia 7, at\u00e9 \u00e0s 17h. Para o credenciamento, os gestores devem acessar o site https:\/\/bienaldolivro.guarulhos.sp.gov.br e buscar o link de Visita\u00e7\u00e3o Escolar no menu.<\/p>\n\n\n\n<p>O credenciamento e a inscri\u00e7\u00e3o s\u00e3o necess\u00e1rios somente para as escolas que atendem alunos da Educa\u00e7\u00e3o Infantil (a partir de 4 anos) e do Ensino Fundamental (1\u00ba ao 5\u00ba Ano), pois as atividades culturais ofertadas s\u00e3o indicadas para esse p\u00fablico. As escolas que atendem alunos do 6\u00ba ano em diante n\u00e3o necessitam de credenciamento.<\/p>\n\n\n\n<p>A visita\u00e7\u00e3o escolar ter\u00e1 dura\u00e7\u00e3o de aproximadamente 2 horas com in\u00fameras atra\u00e7\u00f5es divertidas e criativas, as turmas conhecer\u00e3o os espa\u00e7os da Bienal, participar\u00e3o de uma atividade cultural e dever\u00e3o estar sempre acompanhadas por seus respectivos professores e\/ou respons\u00e1veis.<\/p>\n\n\n\n<p>Os educandos das Escolas Municipais receber\u00e3o um kit para a hora do lanche e um cart\u00e3o (CrediLivro) no valor de R$ 20,00 (vinte reais), para que, com autonomia, possam escolher e adquirir os livros que desejarem.<\/p>\n\n\n\n<p>Em caso de d\u00favidas, ligue 2475-7348 ou 2475-7300, ramal 7516, ou envie e-mail para visitacaobienal@educacao.guarulhos.sp.gov.br. Toda a programa\u00e7\u00e3o \u00e9 livre, gratuita e acontece de 15 a 24 de mar\u00e7o, de segunda a s\u00e1bado, das 10h \u00e0s 22h, e aos domingos, das 10h \u00e0s 20h, no Espa\u00e7o Inter, na Av. Jo\u00e3o Cavalari, 133, Vila Herm\u00ednia.<\/p>\n","protected":false},"excerpt":{"rendered":"<p>O per\u00edodo de inscri\u00e7\u00f5es para a visita\u00e7\u00e3o das escolas das redes de ensino de Guarulhos (Municipal, Estadual e Particular) \u00e0 3\u00aa Bienal Internacional do Livro de Guarulhos foi prorrogado para &hellip;<\/p>\n<p class=\"read-more\"> <a class=\"\" href=\"https:\/\/portaleducacao.guarulhos.sp.gov.br\/wp_site\/portalbienal\/2024\/03\/04\/prazo-para-inscricao-da-visitacao-escolar-na-bienal-do-livro-e-prorrogado-para-7-3\/\"> <span class=\"screen-reader-text\">Prazo para inscri\u00e7\u00e3o da visita\u00e7\u00e3o escolar na Bienal do Livro \u00e9 prorrogado para 7\/3<\/span> Leia mais &raquo;<\/a><\/p>\n","protected":false},"author":1,"featured_media":8673,"comment_status":"open","ping_status":"open","sticky":false,"template":"","format":"standard","meta":{"_monsterinsights_skip_tracking":false,"_monsterinsights_sitenote_active":false,"_monsterinsights_sitenote_note":"","_monsterinsights_sitenote_category":0,"site-sidebar-layout":"default","site-content-layout":"default","ast-global-header-display":"","ast-main-header-display":"","ast-hfb-above-header-display":"","ast-hfb-below-header-display":"","ast-hfb-mobile-header-display":"","site-post-title":"","ast-breadcrumbs-content":"","ast-featured-img":"","footer-sml-layout":"","theme-transparent-header-meta":"","adv-header-id-meta":"","stick-header-meta":"","header-above-stick-meta":"","header-main-stick-meta":"","header-below-stick-meta":"","_expiration-date-status":"","_expiration-date":1710268432,"_expiration-date-type":"draft","_expiration-date-categories":[],"_expiration-date-options":[]},"categories":[39,38,40],"tags":[],"yoast_head":"<!-- This site is optimized with the Yoast SEO plugin v19.7.1 - https:\/\/yoast.com\/wordpress\/plugins\/seo\/ -->\r\n<title>Prazo para inscri\u00e7\u00e3o da visita\u00e7\u00e3o escolar na Bienal do Livro \u00e9 prorrogado para 7\/3 - Bienal do Livro de Guarulhos - 2024<\/title>\r\n<meta name=\"robots\" content=\"index, follow, max-snippet:-1, max-image-preview:large, max-video-preview:-1\" \/>\r\n<link rel=\"canonical\" href=\"https:\/\/portaleducacao.guarulhos.sp.gov.br\/wp_site\/portalbienal\/2024\/03\/04\/prazo-para-inscricao-da-visitacao-escolar-na-bienal-do-livro-e-prorrogado-para-7-3\/\" \/>\r\n<meta property=\"og:locale\" content=\"pt_BR\" \/>\r\n<meta property=\"og:type\" content=\"article\" \/>\r\n<meta property=\"og:title\" content=\"Prazo para inscri\u00e7\u00e3o da visita\u00e7\u00e3o escolar na Bienal do Livro \u00e9 prorrogado para 7\/3 - Bienal do Livro de Guarulhos - 2024\" \/>\r\n<meta property=\"og:description\" content=\"O per\u00edodo de inscri\u00e7\u00f5es para a visita\u00e7\u00e3o das escolas das redes de ensino de Guarulhos (Municipal, Estadual e Particular) \u00e0 3\u00aa Bienal Internacional do Livro de Guarulhos foi prorrogado para &hellip; Prazo para inscri\u00e7\u00e3o da visita\u00e7\u00e3o escolar na Bienal do Livro \u00e9 prorrogado para 7\/3 Leia mais &raquo;\" \/>\r\n<meta property=\"og:url\" content=\"https:\/\/portaleducacao.guarulhos.sp.gov.br\/wp_site\/portalbienal\/2024\/03\/04\/prazo-para-inscricao-da-visitacao-escolar-na-bienal-do-livro-e-prorrogado-para-7-3\/\" \/>\r\n<meta property=\"og:site_name\" content=\"Bienal do Livro de Guarulhos - 2024\" \/>\r\n<meta property=\"article:published_time\" content=\"2024-03-04T19:01:41+00:00\" \/>\r\n<meta property=\"article:modified_time\" content=\"2024-03-05T18:34:24+00:00\" \/>\r\n<meta property=\"og:image\" content=\"http:\/\/portaleducacao.guarulhos.sp.gov.br\/wp_site\/portalbienal\/wp-content\/uploads\/sites\/22\/2024\/03\/post1.jpeg\" \/>\r\n\t<meta property=\"og:image:width\" content=\"1600\" \/>\r\n\t<meta property=\"og:image:height\" content=\"1096\" \/>\r\n\t<meta property=\"og:image:type\" content=\"image\/jpeg\" \/>\r\n<meta name=\"author\" content=\"sites\" \/>\r\n<meta name=\"twitter:card\" content=\"summary_large_image\" \/>\r\n<meta name=\"twitter:label1\" content=\"Escrito por\" \/>\n\t<meta name=\"twitter:data1\" content=\"sites\" \/>\n\t<meta name=\"twitter:label2\" content=\"Est. tempo de leitura\" \/>\n\t<meta name=\"twitter:data2\" content=\"2 minutos\" \/>\r\n<script type=\"application\/ld+json\" class=\"yoast-schema-graph\">{\"@context\":\"https:\/\/schema.org\",\"@graph\":[{\"@type\":\"Article\",\"@id\":\"https:\/\/portaleducacao.guarulhos.sp.gov.br\/wp_site\/portalbienal\/2024\/03\/04\/prazo-para-inscricao-da-visitacao-escolar-na-bienal-do-livro-e-prorrogado-para-7-3\/#article\",\"isPartOf\":{\"@id\":\"https:\/\/portaleducacao.guarulhos.sp.gov.br\/wp_site\/portalbienal\/2024\/03\/04\/prazo-para-inscricao-da-visitacao-escolar-na-bienal-do-livro-e-prorrogado-para-7-3\/\"},\"author\":{\"name\":\"sites\",\"@id\":\"https:\/\/portaleducacao.guarulhos.sp.gov.br\/wp_site\/portalbienal\/#\/schema\/person\/9d1c60216648b2e84d2544ba3ee8bb69\"},\"headline\":\"Prazo para inscri\u00e7\u00e3o da visita\u00e7\u00e3o escolar na Bienal do Livro \u00e9 prorrogado para 7\/3\",\"datePublished\":\"2024-03-04T19:01:41+00:00\",\"dateModified\":\"2024-03-05T18:34:24+00:00\",\"mainEntityOfPage\":{\"@id\":\"https:\/\/portaleducacao.guarulhos.sp.gov.br\/wp_site\/portalbienal\/2024\/03\/04\/prazo-para-inscricao-da-visitacao-escolar-na-bienal-do-livro-e-prorrogado-para-7-3\/\"},\"wordCount\":294,\"commentCount\":0,\"publisher\":{\"@id\":\"https:\/\/portaleducacao.guarulhos.sp.gov.br\/wp_site\/portalbienal\/#organization\"},\"articleSection\":[\"2024 Not\u00edcias\",\"2024 Post\",\"Bienal 2024\"],\"inLanguage\":\"pt-BR\",\"potentialAction\":[{\"@type\":\"CommentAction\",\"name\":\"Comment\",\"target\":[\"https:\/\/portaleducacao.guarulhos.sp.gov.br\/wp_site\/portalbienal\/2024\/03\/04\/prazo-para-inscricao-da-visitacao-escolar-na-bienal-do-livro-e-prorrogado-para-7-3\/#respond\"]}]},{\"@type\":\"WebPage\",\"@id\":\"https:\/\/portaleducacao.guarulhos.sp.gov.br\/wp_site\/portalbienal\/2024\/03\/04\/prazo-para-inscricao-da-visitacao-escolar-na-bienal-do-livro-e-prorrogado-para-7-3\/\",\"url\":\"https:\/\/portaleducacao.guarulhos.sp.gov.br\/wp_site\/portalbienal\/2024\/03\/04\/prazo-para-inscricao-da-visitacao-escolar-na-bienal-do-livro-e-prorrogado-para-7-3\/\",\"name\":\"Prazo para inscri\u00e7\u00e3o da visita\u00e7\u00e3o escolar na Bienal do Livro \u00e9 prorrogado para 7\/3 - Bienal do Livro de Guarulhos - 2024\",\"isPartOf\":{\"@id\":\"https:\/\/portaleducacao.guarulhos.sp.gov.br\/wp_site\/portalbienal\/#website\"},\"datePublished\":\"2024-03-04T19:01:41+00:00\",\"dateModified\":\"2024-03-05T18:34:24+00:00\",\"breadcrumb\":{\"@id\":\"https:\/\/portaleducacao.guarulhos.sp.gov.br\/wp_site\/portalbienal\/2024\/03\/04\/prazo-para-inscricao-da-visitacao-escolar-na-bienal-do-livro-e-prorrogado-para-7-3\/#breadcrumb\"},\"inLanguage\":\"pt-BR\",\"potentialAction\":[{\"@type\":\"ReadAction\",\"target\":[\"https:\/\/portaleducacao.guarulhos.sp.gov.br\/wp_site\/portalbienal\/2024\/03\/04\/prazo-para-inscricao-da-visitacao-escolar-na-bienal-do-livro-e-prorrogado-para-7-3\/\"]}]},{\"@type\":\"BreadcrumbList\",\"@id\":\"https:\/\/portaleducacao.guarulhos.sp.gov.br\/wp_site\/portalbienal\/2024\/03\/04\/prazo-para-inscricao-da-visitacao-escolar-na-bienal-do-livro-e-prorrogado-para-7-3\/#breadcrumb\",\"itemListElement\":[{\"@type\":\"ListItem\",\"position\":1,\"name\":\"In\u00edcio\",\"item\":\"https:\/\/portaleducacao.guarulhos.sp.gov.br\/wp_site\/portalbienal\/\"},{\"@type\":\"ListItem\",\"position\":2,\"name\":\"Prazo para inscri\u00e7\u00e3o da visita\u00e7\u00e3o escolar na Bienal do Livro \u00e9 prorrogado para 7\/3\"}]},{\"@type\":\"WebSite\",\"@id\":\"https:\/\/portaleducacao.guarulhos.sp.gov.br\/wp_site\/portalbienal\/#website\",\"url\":\"https:\/\/portaleducacao.guarulhos.sp.gov.br\/wp_site\/portalbienal\/\",\"name\":\"Bienal do Livro de Guarulhos - 2024\",\"description\":\"Secretaria de Educa\u00e7\u00e3o - Prefeitura de Guarulhos\",\"publisher\":{\"@id\":\"https:\/\/portaleducacao.guarulhos.sp.gov.br\/wp_site\/portalbienal\/#organization\"},\"potentialAction\":[{\"@type\":\"SearchAction\",\"target\":{\"@type\":\"EntryPoint\",\"urlTemplate\":\"https:\/\/portaleducacao.guarulhos.sp.gov.br\/wp_site\/portalbienal\/?s={search_term_string}\"},\"query-input\":\"required name=search_term_string\"}],\"inLanguage\":\"pt-BR\"},{\"@type\":\"Organization\",\"@id\":\"https:\/\/portaleducacao.guarulhos.sp.gov.br\/wp_site\/portalbienal\/#organization\",\"name\":\"Bienal do Livro de Guarulhos - 2024\",\"url\":\"https:\/\/portaleducacao.guarulhos.sp.gov.br\/wp_site\/portalbienal\/\",\"sameAs\":[],\"logo\":{\"@type\":\"ImageObject\",\"inLanguage\":\"pt-BR\",\"@id\":\"https:\/\/portaleducacao.guarulhos.sp.gov.br\/wp_site\/portalbienal\/#\/schema\/logo\/image\/\",\"url\":\"https:\/\/portaleducacao.guarulhos.sp.gov.br\/wp_site\/portalbienal\/wp-content\/uploads\/sites\/22\/2022\/07\/logo_site.jpg\",\"contentUrl\":\"https:\/\/portaleducacao.guarulhos.sp.gov.br\/wp_site\/portalbienal\/wp-content\/uploads\/sites\/22\/2022\/07\/logo_site.jpg\",\"width\":350,\"height\":100,\"caption\":\"Bienal do Livro de Guarulhos - 2024\"},\"image\":{\"@id\":\"https:\/\/portaleducacao.guarulhos.sp.gov.br\/wp_site\/portalbienal\/#\/schema\/logo\/image\/\"}},{\"@type\":\"Person\",\"@id\":\"https:\/\/portaleducacao.guarulhos.sp.gov.br\/wp_site\/portalbienal\/#\/schema\/person\/9d1c60216648b2e84d2544ba3ee8bb69\",\"name\":\"sites\",\"image\":{\"@type\":\"ImageObject\",\"inLanguage\":\"pt-BR\",\"@id\":\"https:\/\/portaleducacao.guarulhos.sp.gov.br\/wp_site\/portalbienal\/#\/schema\/person\/image\/\",\"url\":\"https:\/\/secure.gravatar.com\/avatar\/d320dc056d58878ea1be67e0f28bb03d?s=96&d=mm&r=g\",\"contentUrl\":\"https:\/\/secure.gravatar.com\/avatar\/d320dc056d58878ea1be67e0f28bb03d?s=96&d=mm&r=g\",\"caption\":\"sites\"},\"sameAs\":[\"http:\/\/172.16.208.47\/sites\"],\"url\":\"https:\/\/portaleducacao.guarulhos.sp.gov.br\/wp_site\/portalbienal\/author\/sites\/\"}]}<\/script>\r\n<!-- \/ Yoast SEO plugin. -->","yoast_head_json":{"title":"Prazo para inscri\u00e7\u00e3o da visita\u00e7\u00e3o escolar na Bienal do Livro \u00e9 prorrogado para 7\/3 - Bienal do Livro de Guarulhos - 2024","robots":{"index":"index","follow":"follow","max-snippet":"max-snippet:-1","max-image-preview":"max-image-preview:large","max-video-preview":"max-video-preview:-1"},"canonical":"https:\/\/portaleducacao.guarulhos.sp.gov.br\/wp_site\/portalbienal\/2024\/03\/04\/prazo-para-inscricao-da-visitacao-escolar-na-bienal-do-livro-e-prorrogado-para-7-3\/","og_locale":"pt_BR","og_type":"article","og_title":"Prazo para inscri\u00e7\u00e3o da visita\u00e7\u00e3o escolar na Bienal do Livro \u00e9 prorrogado para 7\/3 - Bienal do Livro de Guarulhos - 2024","og_description":"O per\u00edodo de inscri\u00e7\u00f5es para a visita\u00e7\u00e3o das escolas das redes de ensino de Guarulhos (Municipal, Estadual e Particular) \u00e0 3\u00aa Bienal Internacional do Livro de Guarulhos foi prorrogado para &hellip; Prazo para inscri\u00e7\u00e3o da visita\u00e7\u00e3o escolar na Bienal do Livro \u00e9 prorrogado para 7\/3 Leia mais &raquo;","og_url":"https:\/\/portaleducacao.guarulhos.sp.gov.br\/wp_site\/portalbienal\/2024\/03\/04\/prazo-para-inscricao-da-visitacao-escolar-na-bienal-do-livro-e-prorrogado-para-7-3\/","og_site_name":"Bienal do Livro de Guarulhos - 2024","article_published_time":"2024-03-04T19:01:41+00:00","article_modified_time":"2024-03-05T18:34:24+00:00","og_image":[{"width":1600,"height":1096,"url":"http:\/\/portaleducacao.guarulhos.sp.gov.br\/wp_site\/portalbienal\/wp-content\/uploads\/sites\/22\/2024\/03\/post1.jpeg","type":"image\/jpeg"}],"author":"sites","twitter_card":"summary_large_image","twitter_misc":{"Escrito por":"sites","Est. tempo de leitura":"2 minutos"},"schema":{"@context":"https:\/\/schema.org","@graph":[{"@type":"Article","@id":"https:\/\/portaleducacao.guarulhos.sp.gov.br\/wp_site\/portalbienal\/2024\/03\/04\/prazo-para-inscricao-da-visitacao-escolar-na-bienal-do-livro-e-prorrogado-para-7-3\/#article","isPartOf":{"@id":"https:\/\/portaleducacao.guarulhos.sp.gov.br\/wp_site\/portalbienal\/2024\/03\/04\/prazo-para-inscricao-da-visitacao-escolar-na-bienal-do-livro-e-prorrogado-para-7-3\/"},"author":{"name":"sites","@id":"https:\/\/portaleducacao.guarulhos.sp.gov.br\/wp_site\/portalbienal\/#\/schema\/person\/9d1c60216648b2e84d2544ba3ee8bb69"},"headline":"Prazo para inscri\u00e7\u00e3o da visita\u00e7\u00e3o escolar na Bienal do Livro \u00e9 prorrogado para 7\/3","datePublished":"2024-03-04T19:01:41+00:00","dateModified":"2024-03-05T18:34:24+00:00","mainEntityOfPage":{"@id":"https:\/\/portaleducacao.guarulhos.sp.gov.br\/wp_site\/portalbienal\/2024\/03\/04\/prazo-para-inscricao-da-visitacao-escolar-na-bienal-do-livro-e-prorrogado-para-7-3\/"},"wordCount":294,"commentCount":0,"publisher":{"@id":"https:\/\/portaleducacao.guarulhos.sp.gov.br\/wp_site\/portalbienal\/#organization"},"articleSection":["2024 Not\u00edcias","2024 Post","Bienal 2024"],"inLanguage":"pt-BR","potentialAction":[{"@type":"CommentAction","name":"Comment","target":["https:\/\/portaleducacao.guarulhos.sp.gov.br\/wp_site\/portalbienal\/2024\/03\/04\/prazo-para-inscricao-da-visitacao-escolar-na-bienal-do-livro-e-prorrogado-para-7-3\/#respond"]}]},{"@type":"WebPage","@id":"https:\/\/portaleducacao.guarulhos.sp.gov.br\/wp_site\/portalbienal\/2024\/03\/04\/prazo-para-inscricao-da-visitacao-escolar-na-bienal-do-livro-e-prorrogado-para-7-3\/","url":"https:\/\/portaleducacao.guarulhos.sp.gov.br\/wp_site\/portalbienal\/2024\/03\/04\/prazo-para-inscricao-da-visitacao-escolar-na-bienal-do-livro-e-prorrogado-para-7-3\/","name":"Prazo para inscri\u00e7\u00e3o da visita\u00e7\u00e3o escolar na Bienal do Livro \u00e9 prorrogado para 7\/3 - Bienal do Livro de Guarulhos - 2024","isPartOf":{"@id":"https:\/\/portaleducacao.guarulhos.sp.gov.br\/wp_site\/portalbienal\/#website"},"datePublished":"2024-03-04T19:01:41+00:00","dateModified":"2024-03-05T18:34:24+00:00","breadcrumb":{"@id":"https:\/\/portaleducacao.guarulhos.sp.gov.br\/wp_site\/portalbienal\/2024\/03\/04\/prazo-para-inscricao-da-visitacao-escolar-na-bienal-do-livro-e-prorrogado-para-7-3\/#breadcrumb"},"inLanguage":"pt-BR","potentialAction":[{"@type":"ReadAction","target":["https:\/\/portaleducacao.guarulhos.sp.gov.br\/wp_site\/portalbienal\/2024\/03\/04\/prazo-para-inscricao-da-visitacao-escolar-na-bienal-do-livro-e-prorrogado-para-7-3\/"]}]},{"@type":"BreadcrumbList","@id":"https:\/\/portaleducacao.guarulhos.sp.gov.br\/wp_site\/portalbienal\/2024\/03\/04\/prazo-para-inscricao-da-visitacao-escolar-na-bienal-do-livro-e-prorrogado-para-7-3\/#breadcrumb","itemListElement":[{"@type":"ListItem","position":1,"name":"In\u00edcio","item":"https:\/\/portaleducacao.guarulhos.sp.gov.br\/wp_site\/portalbienal\/"},{"@type":"ListItem","position":2,"name":"Prazo para inscri\u00e7\u00e3o da visita\u00e7\u00e3o escolar na Bienal do Livro \u00e9 prorrogado para 7\/3"}]},{"@type":"WebSite","@id":"https:\/\/portaleducacao.guarulhos.sp.gov.br\/wp_site\/portalbienal\/#website","url":"https:\/\/portaleducacao.guarulhos.sp.gov.br\/wp_site\/portalbienal\/","name":"Bienal do Livro de Guarulhos - 2024","description":"Secretaria de Educa\u00e7\u00e3o - Prefeitura de Guarulhos","publisher":{"@id":"https:\/\/portaleducacao.guarulhos.sp.gov.br\/wp_site\/portalbienal\/#organization"},"potentialAction":[{"@type":"SearchAction","target":{"@type":"EntryPoint","urlTemplate":"https:\/\/portaleducacao.guarulhos.sp.gov.br\/wp_site\/portalbienal\/?s={search_term_string}"},"query-input":"required name=search_term_string"}],"inLanguage":"pt-BR"},{"@type":"Organization","@id":"https:\/\/portaleducacao.guarulhos.sp.gov.br\/wp_site\/portalbienal\/#organization","name":"Bienal do Livro de Guarulhos - 2024","url":"https:\/\/portaleducacao.guarulhos.sp.gov.br\/wp_site\/portalbienal\/","sameAs":[],"logo":{"@type":"ImageObject","inLanguage":"pt-BR","@id":"https:\/\/portaleducacao.guarulhos.sp.gov.br\/wp_site\/portalbienal\/#\/schema\/logo\/image\/","url":"https:\/\/portaleducacao.guarulhos.sp.gov.br\/wp_site\/portalbienal\/wp-content\/uploads\/sites\/22\/2022\/07\/logo_site.jpg","contentUrl":"https:\/\/portaleducacao.guarulhos.sp.gov.br\/wp_site\/portalbienal\/wp-content\/uploads\/sites\/22\/2022\/07\/logo_site.jpg","width":350,"height":100,"caption":"Bienal do Livro de Guarulhos - 2024"},"image":{"@id":"https:\/\/portaleducacao.guarulhos.sp.gov.br\/wp_site\/portalbienal\/#\/schema\/logo\/image\/"}},{"@type":"Person","@id":"https:\/\/portaleducacao.guarulhos.sp.gov.br\/wp_site\/portalbienal\/#\/schema\/person\/9d1c60216648b2e84d2544ba3ee8bb69","name":"sites","image":{"@type":"ImageObject","inLanguage":"pt-BR","@id":"https:\/\/portaleducacao.guarulhos.sp.gov.br\/wp_site\/portalbienal\/#\/schema\/person\/image\/","url":"https:\/\/secure.gravatar.com\/avatar\/d320dc056d58878ea1be67e0f28bb03d?s=96&d=mm&r=g","contentUrl":"https:\/\/secure.gravatar.com\/avatar\/d320dc056d58878ea1be67e0f28bb03d?s=96&d=mm&r=g","caption":"sites"},"sameAs":["http:\/\/172.16.208.47\/sites"],"url":"https:\/\/portaleducacao.guarulhos.sp.gov.br\/wp_site\/portalbienal\/author\/sites\/"}]}},"_links":{"self":[{"href":"https:\/\/portaleducacao.guarulhos.sp.gov.br\/wp_site\/portalbienal\/wp-json\/wp\/v2\/posts\/8672"}],"collection":[{"href":"https:\/\/portaleducacao.guarulhos.sp.gov.br\/wp_site\/portalbienal\/wp-json\/wp\/v2\/posts"}],"about":[{"href":"https:\/\/portaleducacao.guarulhos.sp.gov.br\/wp_site\/portalbienal\/wp-json\/wp\/v2\/types\/post"}],"author":[{"embeddable":true,"href":"https:\/\/portaleducacao.guarulhos.sp.gov.br\/wp_site\/portalbienal\/wp-json\/wp\/v2\/users\/1"}],"replies":[{"embeddable":true,"href":"https:\/\/portaleducacao.guarulhos.sp.gov.br\/wp_site\/portalbienal\/wp-json\/wp\/v2\/comments?post=8672"}],"version-history":[{"count":2,"href":"https:\/\/portaleducacao.guarulhos.sp.gov.br\/wp_site\/portalbienal\/wp-json\/wp\/v2\/posts\/8672\/revisions"}],"predecessor-version":[{"id":8680,"href":"https:\/\/portaleducacao.guarulhos.sp.gov.br\/wp_site\/portalbienal\/wp-json\/wp\/v2\/posts\/8672\/revisions\/8680"}],"wp:featuredmedia":[{"embeddable":true,"href":"https:\/\/portaleducacao.guarulhos.sp.gov.br\/wp_site\/portalbienal\/wp-json\/wp\/v2\/media\/8673"}],"wp:attachment":[{"href":"https:\/\/portaleducacao.guarulhos.sp.gov.br\/wp_site\/portalbienal\/wp-json\/wp\/v2\/media?parent=8672"}],"wp:term":[{"taxonomy":"category","embeddable":true,"href":"https:\/\/portaleducacao.guarulhos.sp.gov.br\/wp_site\/portalbienal\/wp-json\/wp\/v2\/categories?post=8672"},{"taxonomy":"post_tag","embeddable":true,"href":"https:\/\/portaleducacao.guarulhos.sp.gov.br\/wp_site\/portalbienal\/wp-json\/wp\/v2\/tags?post=8672"}],"curies":[{"name":"wp","href":"https:\/\/api.w.org\/{rel}","templated":true}]}}