{"id":8675,"date":"2024-03-04T16:03:26","date_gmt":"2024-03-04T19:03:26","guid":{"rendered":"https:\/\/portaleducacao.guarulhos.sp.gov.br\/wp_site\/portalbienal\/?p=8675"},"modified":"2024-03-04T16:29:32","modified_gmt":"2024-03-04T19:29:32","slug":"educacao-financeira-e-tema-de-encontro-com-eduardo-feldberg-o-primo-pobre-na-3a-bienal-do-livro","status":"publish","type":"post","link":"https:\/\/portaleducacao.guarulhos.sp.gov.br\/wp_site\/portalbienal\/2024\/03\/04\/educacao-financeira-e-tema-de-encontro-com-eduardo-feldberg-o-primo-pobre-na-3a-bienal-do-livro\/","title":{"rendered":"Educa\u00e7\u00e3o financeira \u00e9 tema de encontro com Eduardo Feldberg, o Primo Pobre, na 3\u00aa Bienal do Livro"},"content":{"rendered":"\n<p>Dicas valiosas sobre investimentos e organiza\u00e7\u00e3o financeira s\u00e3o alguns dos temas que o m\u00fasico, educador e escritor Eduardo Feldberg, conhecido como o Primo Pobre, traz para a 3\u00aa Bienal Internacional do Livro de Guarulhos, que acontece entre os dias 15 e 24 de mar\u00e7o, no Espa\u00e7o Inter.&nbsp;<\/p>\n\n\n\n<p>O bate-papo e sess\u00e3o de aut\u00f3grafos com Feldberg, autor do livro Deixe de Ser Pobre (MQNR, 2023, 256 p\u00e1ginas) acontece no dia 18 de mar\u00e7o, segunda, \u00e0s 20h, no Audit\u00f3rio Azul.<\/p>\n\n\n\n<p>A programa\u00e7\u00e3o da 3\u00aa Bienal Internacional do Livro de Guarulhos tamb\u00e9m destaca bate-papo com o contista, romancista e jornalista Ign\u00e1cio de Loyola Brand\u00e3o no s\u00e1bado (16), \u00e0s 18h, no Audit\u00f3rio Azul, com o tema Literatura e Consci\u00eancia ecol\u00f3gica para crian\u00e7as.<\/p>\n\n\n\n<p>E por falar em crian\u00e7as, a programa\u00e7\u00e3o infantil traz atra\u00e7\u00f5es especiais para agitar a crian\u00e7ada. No s\u00e1bado (16) e domingo (17), \u00e0s 11h, a Companhia AMO Entretenimento apresenta o espet\u00e1culo teatral Aventuras de Pin\u00f3quio na terra do Cordel, no Audit\u00f3rio Azul.&nbsp;<\/p>\n\n\n\n<p>No domingo (17), \u00e0s 14h, o Audit\u00f3rio Azul recebe O Show da Luna, Ao Vivo!, espet\u00e1culo repleto de can\u00e7\u00f5es, dan\u00e7a e fantasia, os personagens Luna, J\u00fapiter e Cl\u00e1udio fazem grandes descobertas.<\/p>\n\n\n\n<p>Nos pr\u00f3ximos dias, toda a programa\u00e7\u00e3o da 3\u00aa Bienal Internacional do Livro de Guarulhos e o link para retirada de ingressos estar\u00e3o dispon\u00edveis em&nbsp;<strong><em><a href=\"http:\/\/bienaldolivro.guarulhos.sp.gov.br\/\" target=\"_blank\" rel=\"noreferrer noopener\">http:\/\/bienaldolivro.guarulhos.sp.gov.br<\/a><\/em><\/strong>.&nbsp;<\/p>\n\n\n\n<p>O evento \u00e9 gratuito e acontece de 15 a 24 de mar\u00e7o, de segunda a s\u00e1bado, das 10h \u00e0s 22h, e aos domingos, das 10h \u00e0s 20h, no Espa\u00e7o Inter, na Av. Jo\u00e3o Cavalari, 133, Vila Herm\u00ednia.<\/p>\n\n\n\n<p>Para mais informa\u00e7\u00f5es, siga o perfil da Bienal no Instagram&nbsp;<strong><em><a href=\"https:\/\/www.instagram.com\/bienaldolivrogru\/\" target=\"_blank\" rel=\"noreferrer noopener\">@bienaldolivrogru<\/a><\/em><\/strong>.<\/p>\n","protected":false},"excerpt":{"rendered":"<p>Dicas valiosas sobre investimentos e organiza\u00e7\u00e3o financeira s\u00e3o alguns dos temas que o m\u00fasico, educador e escritor Eduardo Feldberg, conhecido como o Primo Pobre, traz para a 3\u00aa Bienal Internacional &hellip;<\/p>\n<p class=\"read-more\"> <a class=\"\" href=\"https:\/\/portaleducacao.guarulhos.sp.gov.br\/wp_site\/portalbienal\/2024\/03\/04\/educacao-financeira-e-tema-de-encontro-com-eduardo-feldberg-o-primo-pobre-na-3a-bienal-do-livro\/\"> <span class=\"screen-reader-text\">Educa\u00e7\u00e3o financeira \u00e9 tema de encontro com Eduardo Feldberg, o Primo Pobre, na 3\u00aa Bienal do Livro<\/span> Leia mais &raquo;<\/a><\/p>\n","protected":false},"author":1,"featured_media":8676,"comment_status":"open","ping_status":"open","sticky":false,"template":"","format":"standard","meta":{"_monsterinsights_skip_tracking":false,"_monsterinsights_sitenote_active":false,"_monsterinsights_sitenote_note":"","_monsterinsights_sitenote_category":0,"site-sidebar-layout":"default","site-content-layout":"default","ast-global-header-display":"","ast-main-header-display":"","ast-hfb-above-header-display":"","ast-hfb-below-header-display":"","ast-hfb-mobile-header-display":"","site-post-title":"","ast-breadcrumbs-content":"","ast-featured-img":"","footer-sml-layout":"","theme-transparent-header-meta":"","adv-header-id-meta":"","stick-header-meta":"","header-above-stick-meta":"","header-main-stick-meta":"","header-below-stick-meta":"","_expiration-date-status":"","_expiration-date":0,"_expiration-date-type":"","_expiration-date-categories":[],"_expiration-date-options":[]},"categories":[39,38,40],"tags":[],"yoast_head":"<!-- This site is optimized with the Yoast SEO plugin v19.7.1 - https:\/\/yoast.com\/wordpress\/plugins\/seo\/ -->\r\n<title>Educa\u00e7\u00e3o financeira \u00e9 tema de encontro com Eduardo Feldberg, o Primo Pobre, na 3\u00aa Bienal do Livro - Bienal do Livro de Guarulhos - 2024<\/title>\r\n<meta name=\"robots\" content=\"index, follow, max-snippet:-1, max-image-preview:large, max-video-preview:-1\" \/>\r\n<link rel=\"canonical\" href=\"https:\/\/portaleducacao.guarulhos.sp.gov.br\/wp_site\/portalbienal\/2024\/03\/04\/educacao-financeira-e-tema-de-encontro-com-eduardo-feldberg-o-primo-pobre-na-3a-bienal-do-livro\/\" \/>\r\n<meta property=\"og:locale\" content=\"pt_BR\" \/>\r\n<meta property=\"og:type\" content=\"article\" \/>\r\n<meta property=\"og:title\" content=\"Educa\u00e7\u00e3o financeira \u00e9 tema de encontro com Eduardo Feldberg, o Primo Pobre, na 3\u00aa Bienal do Livro - Bienal do Livro de Guarulhos - 2024\" \/>\r\n<meta property=\"og:description\" content=\"Dicas valiosas sobre investimentos e organiza\u00e7\u00e3o financeira s\u00e3o alguns dos temas que o m\u00fasico, educador e escritor Eduardo Feldberg, conhecido como o Primo Pobre, traz para a 3\u00aa Bienal Internacional &hellip; Educa\u00e7\u00e3o financeira \u00e9 tema de encontro com Eduardo Feldberg, o Primo Pobre, na 3\u00aa Bienal do Livro Leia mais &raquo;\" \/>\r\n<meta property=\"og:url\" content=\"https:\/\/portaleducacao.guarulhos.sp.gov.br\/wp_site\/portalbienal\/2024\/03\/04\/educacao-financeira-e-tema-de-encontro-com-eduardo-feldberg-o-primo-pobre-na-3a-bienal-do-livro\/\" \/>\r\n<meta property=\"og:site_name\" content=\"Bienal do Livro de Guarulhos - 2024\" \/>\r\n<meta property=\"article:published_time\" content=\"2024-03-04T19:03:26+00:00\" \/>\r\n<meta property=\"article:modified_time\" content=\"2024-03-04T19:29:32+00:00\" \/>\r\n<meta property=\"og:image\" content=\"http:\/\/portaleducacao.guarulhos.sp.gov.br\/wp_site\/portalbienal\/wp-content\/uploads\/sites\/22\/2024\/03\/primoPobre.jpg\" \/>\r\n\t<meta property=\"og:image:width\" content=\"1749\" \/>\r\n\t<meta property=\"og:image:height\" content=\"1240\" \/>\r\n\t<meta property=\"og:image:type\" content=\"image\/jpeg\" \/>\r\n<meta name=\"author\" content=\"sites\" \/>\r\n<meta name=\"twitter:card\" content=\"summary_large_image\" \/>\r\n<meta name=\"twitter:label1\" content=\"Escrito por\" \/>\n\t<meta name=\"twitter:data1\" content=\"sites\" \/>\n\t<meta name=\"twitter:label2\" content=\"Est. tempo de leitura\" \/>\n\t<meta name=\"twitter:data2\" content=\"2 minutos\" \/>\r\n<script type=\"application\/ld+json\" class=\"yoast-schema-graph\">{\"@context\":\"https:\/\/schema.org\",\"@graph\":[{\"@type\":\"Article\",\"@id\":\"https:\/\/portaleducacao.guarulhos.sp.gov.br\/wp_site\/portalbienal\/2024\/03\/04\/educacao-financeira-e-tema-de-encontro-com-eduardo-feldberg-o-primo-pobre-na-3a-bienal-do-livro\/#article\",\"isPartOf\":{\"@id\":\"https:\/\/portaleducacao.guarulhos.sp.gov.br\/wp_site\/portalbienal\/2024\/03\/04\/educacao-financeira-e-tema-de-encontro-com-eduardo-feldberg-o-primo-pobre-na-3a-bienal-do-livro\/\"},\"author\":{\"name\":\"sites\",\"@id\":\"https:\/\/portaleducacao.guarulhos.sp.gov.br\/wp_site\/portalbienal\/#\/schema\/person\/9d1c60216648b2e84d2544ba3ee8bb69\"},\"headline\":\"Educa\u00e7\u00e3o financeira \u00e9 tema de encontro com Eduardo Feldberg, o Primo Pobre, na 3\u00aa Bienal do Livro\",\"datePublished\":\"2024-03-04T19:03:26+00:00\",\"dateModified\":\"2024-03-04T19:29:32+00:00\",\"mainEntityOfPage\":{\"@id\":\"https:\/\/portaleducacao.guarulhos.sp.gov.br\/wp_site\/portalbienal\/2024\/03\/04\/educacao-financeira-e-tema-de-encontro-com-eduardo-feldberg-o-primo-pobre-na-3a-bienal-do-livro\/\"},\"wordCount\":330,\"commentCount\":0,\"publisher\":{\"@id\":\"https:\/\/portaleducacao.guarulhos.sp.gov.br\/wp_site\/portalbienal\/#organization\"},\"articleSection\":[\"2024 Not\u00edcias\",\"2024 Post\",\"Bienal 2024\"],\"inLanguage\":\"pt-BR\",\"potentialAction\":[{\"@type\":\"CommentAction\",\"name\":\"Comment\",\"target\":[\"https:\/\/portaleducacao.guarulhos.sp.gov.br\/wp_site\/portalbienal\/2024\/03\/04\/educacao-financeira-e-tema-de-encontro-com-eduardo-feldberg-o-primo-pobre-na-3a-bienal-do-livro\/#respond\"]}]},{\"@type\":\"WebPage\",\"@id\":\"https:\/\/portaleducacao.guarulhos.sp.gov.br\/wp_site\/portalbienal\/2024\/03\/04\/educacao-financeira-e-tema-de-encontro-com-eduardo-feldberg-o-primo-pobre-na-3a-bienal-do-livro\/\",\"url\":\"https:\/\/portaleducacao.guarulhos.sp.gov.br\/wp_site\/portalbienal\/2024\/03\/04\/educacao-financeira-e-tema-de-encontro-com-eduardo-feldberg-o-primo-pobre-na-3a-bienal-do-livro\/\",\"name\":\"Educa\u00e7\u00e3o financeira \u00e9 tema de encontro com Eduardo Feldberg, o Primo Pobre, na 3\u00aa Bienal do Livro - Bienal do Livro de Guarulhos - 2024\",\"isPartOf\":{\"@id\":\"https:\/\/portaleducacao.guarulhos.sp.gov.br\/wp_site\/portalbienal\/#website\"},\"datePublished\":\"2024-03-04T19:03:26+00:00\",\"dateModified\":\"2024-03-04T19:29:32+00:00\",\"breadcrumb\":{\"@id\":\"https:\/\/portaleducacao.guarulhos.sp.gov.br\/wp_site\/portalbienal\/2024\/03\/04\/educacao-financeira-e-tema-de-encontro-com-eduardo-feldberg-o-primo-pobre-na-3a-bienal-do-livro\/#breadcrumb\"},\"inLanguage\":\"pt-BR\",\"potentialAction\":[{\"@type\":\"ReadAction\",\"target\":[\"https:\/\/portaleducacao.guarulhos.sp.gov.br\/wp_site\/portalbienal\/2024\/03\/04\/educacao-financeira-e-tema-de-encontro-com-eduardo-feldberg-o-primo-pobre-na-3a-bienal-do-livro\/\"]}]},{\"@type\":\"BreadcrumbList\",\"@id\":\"https:\/\/portaleducacao.guarulhos.sp.gov.br\/wp_site\/portalbienal\/2024\/03\/04\/educacao-financeira-e-tema-de-encontro-com-eduardo-feldberg-o-primo-pobre-na-3a-bienal-do-livro\/#breadcrumb\",\"itemListElement\":[{\"@type\":\"ListItem\",\"position\":1,\"name\":\"In\u00edcio\",\"item\":\"https:\/\/portaleducacao.guarulhos.sp.gov.br\/wp_site\/portalbienal\/\"},{\"@type\":\"ListItem\",\"position\":2,\"name\":\"Educa\u00e7\u00e3o financeira \u00e9 tema de encontro com Eduardo Feldberg, o Primo Pobre, na 3\u00aa Bienal do Livro\"}]},{\"@type\":\"WebSite\",\"@id\":\"https:\/\/portaleducacao.guarulhos.sp.gov.br\/wp_site\/portalbienal\/#website\",\"url\":\"https:\/\/portaleducacao.guarulhos.sp.gov.br\/wp_site\/portalbienal\/\",\"name\":\"Bienal do Livro de Guarulhos - 2024\",\"description\":\"Secretaria de Educa\u00e7\u00e3o - Prefeitura de Guarulhos\",\"publisher\":{\"@id\":\"https:\/\/portaleducacao.guarulhos.sp.gov.br\/wp_site\/portalbienal\/#organization\"},\"potentialAction\":[{\"@type\":\"SearchAction\",\"target\":{\"@type\":\"EntryPoint\",\"urlTemplate\":\"https:\/\/portaleducacao.guarulhos.sp.gov.br\/wp_site\/portalbienal\/?s={search_term_string}\"},\"query-input\":\"required name=search_term_string\"}],\"inLanguage\":\"pt-BR\"},{\"@type\":\"Organization\",\"@id\":\"https:\/\/portaleducacao.guarulhos.sp.gov.br\/wp_site\/portalbienal\/#organization\",\"name\":\"Bienal do Livro de Guarulhos - 2024\",\"url\":\"https:\/\/portaleducacao.guarulhos.sp.gov.br\/wp_site\/portalbienal\/\",\"sameAs\":[],\"logo\":{\"@type\":\"ImageObject\",\"inLanguage\":\"pt-BR\",\"@id\":\"https:\/\/portaleducacao.guarulhos.sp.gov.br\/wp_site\/portalbienal\/#\/schema\/logo\/image\/\",\"url\":\"https:\/\/portaleducacao.guarulhos.sp.gov.br\/wp_site\/portalbienal\/wp-content\/uploads\/sites\/22\/2022\/07\/logo_site.jpg\",\"contentUrl\":\"https:\/\/portaleducacao.guarulhos.sp.gov.br\/wp_site\/portalbienal\/wp-content\/uploads\/sites\/22\/2022\/07\/logo_site.jpg\",\"width\":350,\"height\":100,\"caption\":\"Bienal do Livro de Guarulhos - 2024\"},\"image\":{\"@id\":\"https:\/\/portaleducacao.guarulhos.sp.gov.br\/wp_site\/portalbienal\/#\/schema\/logo\/image\/\"}},{\"@type\":\"Person\",\"@id\":\"https:\/\/portaleducacao.guarulhos.sp.gov.br\/wp_site\/portalbienal\/#\/schema\/person\/9d1c60216648b2e84d2544ba3ee8bb69\",\"name\":\"sites\",\"image\":{\"@type\":\"ImageObject\",\"inLanguage\":\"pt-BR\",\"@id\":\"https:\/\/portaleducacao.guarulhos.sp.gov.br\/wp_site\/portalbienal\/#\/schema\/person\/image\/\",\"url\":\"https:\/\/secure.gravatar.com\/avatar\/d320dc056d58878ea1be67e0f28bb03d?s=96&d=mm&r=g\",\"contentUrl\":\"https:\/\/secure.gravatar.com\/avatar\/d320dc056d58878ea1be67e0f28bb03d?s=96&d=mm&r=g\",\"caption\":\"sites\"},\"sameAs\":[\"http:\/\/172.16.208.47\/sites\"],\"url\":\"https:\/\/portaleducacao.guarulhos.sp.gov.br\/wp_site\/portalbienal\/author\/sites\/\"}]}<\/script>\r\n<!-- \/ Yoast SEO plugin. -->","yoast_head_json":{"title":"Educa\u00e7\u00e3o financeira \u00e9 tema de encontro com Eduardo Feldberg, o Primo Pobre, na 3\u00aa Bienal do Livro - Bienal do Livro de Guarulhos - 2024","robots":{"index":"index","follow":"follow","max-snippet":"max-snippet:-1","max-image-preview":"max-image-preview:large","max-video-preview":"max-video-preview:-1"},"canonical":"https:\/\/portaleducacao.guarulhos.sp.gov.br\/wp_site\/portalbienal\/2024\/03\/04\/educacao-financeira-e-tema-de-encontro-com-eduardo-feldberg-o-primo-pobre-na-3a-bienal-do-livro\/","og_locale":"pt_BR","og_type":"article","og_title":"Educa\u00e7\u00e3o financeira \u00e9 tema de encontro com Eduardo Feldberg, o Primo Pobre, na 3\u00aa Bienal do Livro - Bienal do Livro de Guarulhos - 2024","og_description":"Dicas valiosas sobre investimentos e organiza\u00e7\u00e3o financeira s\u00e3o alguns dos temas que o m\u00fasico, educador e escritor Eduardo Feldberg, conhecido como o Primo Pobre, traz para a 3\u00aa Bienal Internacional &hellip; Educa\u00e7\u00e3o financeira \u00e9 tema de encontro com Eduardo Feldberg, o Primo Pobre, na 3\u00aa Bienal do Livro Leia mais &raquo;","og_url":"https:\/\/portaleducacao.guarulhos.sp.gov.br\/wp_site\/portalbienal\/2024\/03\/04\/educacao-financeira-e-tema-de-encontro-com-eduardo-feldberg-o-primo-pobre-na-3a-bienal-do-livro\/","og_site_name":"Bienal do Livro de Guarulhos - 2024","article_published_time":"2024-03-04T19:03:26+00:00","article_modified_time":"2024-03-04T19:29:32+00:00","og_image":[{"width":1749,"height":1240,"url":"http:\/\/portaleducacao.guarulhos.sp.gov.br\/wp_site\/portalbienal\/wp-content\/uploads\/sites\/22\/2024\/03\/primoPobre.jpg","type":"image\/jpeg"}],"author":"sites","twitter_card":"summary_large_image","twitter_misc":{"Escrito por":"sites","Est. tempo de leitura":"2 minutos"},"schema":{"@context":"https:\/\/schema.org","@graph":[{"@type":"Article","@id":"https:\/\/portaleducacao.guarulhos.sp.gov.br\/wp_site\/portalbienal\/2024\/03\/04\/educacao-financeira-e-tema-de-encontro-com-eduardo-feldberg-o-primo-pobre-na-3a-bienal-do-livro\/#article","isPartOf":{"@id":"https:\/\/portaleducacao.guarulhos.sp.gov.br\/wp_site\/portalbienal\/2024\/03\/04\/educacao-financeira-e-tema-de-encontro-com-eduardo-feldberg-o-primo-pobre-na-3a-bienal-do-livro\/"},"author":{"name":"sites","@id":"https:\/\/portaleducacao.guarulhos.sp.gov.br\/wp_site\/portalbienal\/#\/schema\/person\/9d1c60216648b2e84d2544ba3ee8bb69"},"headline":"Educa\u00e7\u00e3o financeira \u00e9 tema de encontro com Eduardo Feldberg, o Primo Pobre, na 3\u00aa Bienal do Livro","datePublished":"2024-03-04T19:03:26+00:00","dateModified":"2024-03-04T19:29:32+00:00","mainEntityOfPage":{"@id":"https:\/\/portaleducacao.guarulhos.sp.gov.br\/wp_site\/portalbienal\/2024\/03\/04\/educacao-financeira-e-tema-de-encontro-com-eduardo-feldberg-o-primo-pobre-na-3a-bienal-do-livro\/"},"wordCount":330,"commentCount":0,"publisher":{"@id":"https:\/\/portaleducacao.guarulhos.sp.gov.br\/wp_site\/portalbienal\/#organization"},"articleSection":["2024 Not\u00edcias","2024 Post","Bienal 2024"],"inLanguage":"pt-BR","potentialAction":[{"@type":"CommentAction","name":"Comment","target":["https:\/\/portaleducacao.guarulhos.sp.gov.br\/wp_site\/portalbienal\/2024\/03\/04\/educacao-financeira-e-tema-de-encontro-com-eduardo-feldberg-o-primo-pobre-na-3a-bienal-do-livro\/#respond"]}]},{"@type":"WebPage","@id":"https:\/\/portaleducacao.guarulhos.sp.gov.br\/wp_site\/portalbienal\/2024\/03\/04\/educacao-financeira-e-tema-de-encontro-com-eduardo-feldberg-o-primo-pobre-na-3a-bienal-do-livro\/","url":"https:\/\/portaleducacao.guarulhos.sp.gov.br\/wp_site\/portalbienal\/2024\/03\/04\/educacao-financeira-e-tema-de-encontro-com-eduardo-feldberg-o-primo-pobre-na-3a-bienal-do-livro\/","name":"Educa\u00e7\u00e3o financeira \u00e9 tema de encontro com Eduardo Feldberg, o Primo Pobre, na 3\u00aa Bienal do Livro - Bienal do Livro de Guarulhos - 2024","isPartOf":{"@id":"https:\/\/portaleducacao.guarulhos.sp.gov.br\/wp_site\/portalbienal\/#website"},"datePublished":"2024-03-04T19:03:26+00:00","dateModified":"2024-03-04T19:29:32+00:00","breadcrumb":{"@id":"https:\/\/portaleducacao.guarulhos.sp.gov.br\/wp_site\/portalbienal\/2024\/03\/04\/educacao-financeira-e-tema-de-encontro-com-eduardo-feldberg-o-primo-pobre-na-3a-bienal-do-livro\/#breadcrumb"},"inLanguage":"pt-BR","potentialAction":[{"@type":"ReadAction","target":["https:\/\/portaleducacao.guarulhos.sp.gov.br\/wp_site\/portalbienal\/2024\/03\/04\/educacao-financeira-e-tema-de-encontro-com-eduardo-feldberg-o-primo-pobre-na-3a-bienal-do-livro\/"]}]},{"@type":"BreadcrumbList","@id":"https:\/\/portaleducacao.guarulhos.sp.gov.br\/wp_site\/portalbienal\/2024\/03\/04\/educacao-financeira-e-tema-de-encontro-com-eduardo-feldberg-o-primo-pobre-na-3a-bienal-do-livro\/#breadcrumb","itemListElement":[{"@type":"ListItem","position":1,"name":"In\u00edcio","item":"https:\/\/portaleducacao.guarulhos.sp.gov.br\/wp_site\/portalbienal\/"},{"@type":"ListItem","position":2,"name":"Educa\u00e7\u00e3o financeira \u00e9 tema de encontro com Eduardo Feldberg, o Primo Pobre, na 3\u00aa Bienal do Livro"}]},{"@type":"WebSite","@id":"https:\/\/portaleducacao.guarulhos.sp.gov.br\/wp_site\/portalbienal\/#website","url":"https:\/\/portaleducacao.guarulhos.sp.gov.br\/wp_site\/portalbienal\/","name":"Bienal do Livro de Guarulhos - 2024","description":"Secretaria de Educa\u00e7\u00e3o - Prefeitura de Guarulhos","publisher":{"@id":"https:\/\/portaleducacao.guarulhos.sp.gov.br\/wp_site\/portalbienal\/#organization"},"potentialAction":[{"@type":"SearchAction","target":{"@type":"EntryPoint","urlTemplate":"https:\/\/portaleducacao.guarulhos.sp.gov.br\/wp_site\/portalbienal\/?s={search_term_string}"},"query-input":"required name=search_term_string"}],"inLanguage":"pt-BR"},{"@type":"Organization","@id":"https:\/\/portaleducacao.guarulhos.sp.gov.br\/wp_site\/portalbienal\/#organization","name":"Bienal do Livro de Guarulhos - 2024","url":"https:\/\/portaleducacao.guarulhos.sp.gov.br\/wp_site\/portalbienal\/","sameAs":[],"logo":{"@type":"ImageObject","inLanguage":"pt-BR","@id":"https:\/\/portaleducacao.guarulhos.sp.gov.br\/wp_site\/portalbienal\/#\/schema\/logo\/image\/","url":"https:\/\/portaleducacao.guarulhos.sp.gov.br\/wp_site\/portalbienal\/wp-content\/uploads\/sites\/22\/2022\/07\/logo_site.jpg","contentUrl":"https:\/\/portaleducacao.guarulhos.sp.gov.br\/wp_site\/portalbienal\/wp-content\/uploads\/sites\/22\/2022\/07\/logo_site.jpg","width":350,"height":100,"caption":"Bienal do Livro de Guarulhos - 2024"},"image":{"@id":"https:\/\/portaleducacao.guarulhos.sp.gov.br\/wp_site\/portalbienal\/#\/schema\/logo\/image\/"}},{"@type":"Person","@id":"https:\/\/portaleducacao.guarulhos.sp.gov.br\/wp_site\/portalbienal\/#\/schema\/person\/9d1c60216648b2e84d2544ba3ee8bb69","name":"sites","image":{"@type":"ImageObject","inLanguage":"pt-BR","@id":"https:\/\/portaleducacao.guarulhos.sp.gov.br\/wp_site\/portalbienal\/#\/schema\/person\/image\/","url":"https:\/\/secure.gravatar.com\/avatar\/d320dc056d58878ea1be67e0f28bb03d?s=96&d=mm&r=g","contentUrl":"https:\/\/secure.gravatar.com\/avatar\/d320dc056d58878ea1be67e0f28bb03d?s=96&d=mm&r=g","caption":"sites"},"sameAs":["http:\/\/172.16.208.47\/sites"],"url":"https:\/\/portaleducacao.guarulhos.sp.gov.br\/wp_site\/portalbienal\/author\/sites\/"}]}},"_links":{"self":[{"href":"https:\/\/portaleducacao.guarulhos.sp.gov.br\/wp_site\/portalbienal\/wp-json\/wp\/v2\/posts\/8675"}],"collection":[{"href":"https:\/\/portaleducacao.guarulhos.sp.gov.br\/wp_site\/portalbienal\/wp-json\/wp\/v2\/posts"}],"about":[{"href":"https:\/\/portaleducacao.guarulhos.sp.gov.br\/wp_site\/portalbienal\/wp-json\/wp\/v2\/types\/post"}],"author":[{"embeddable":true,"href":"https:\/\/portaleducacao.guarulhos.sp.gov.br\/wp_site\/portalbienal\/wp-json\/wp\/v2\/users\/1"}],"replies":[{"embeddable":true,"href":"https:\/\/portaleducacao.guarulhos.sp.gov.br\/wp_site\/portalbienal\/wp-json\/wp\/v2\/comments?post=8675"}],"version-history":[{"count":1,"href":"https:\/\/portaleducacao.guarulhos.sp.gov.br\/wp_site\/portalbienal\/wp-json\/wp\/v2\/posts\/8675\/revisions"}],"predecessor-version":[{"id":8677,"href":"https:\/\/portaleducacao.guarulhos.sp.gov.br\/wp_site\/portalbienal\/wp-json\/wp\/v2\/posts\/8675\/revisions\/8677"}],"wp:featuredmedia":[{"embeddable":true,"href":"https:\/\/portaleducacao.guarulhos.sp.gov.br\/wp_site\/portalbienal\/wp-json\/wp\/v2\/media\/8676"}],"wp:attachment":[{"href":"https:\/\/portaleducacao.guarulhos.sp.gov.br\/wp_site\/portalbienal\/wp-json\/wp\/v2\/media?parent=8675"}],"wp:term":[{"taxonomy":"category","embeddable":true,"href":"https:\/\/portaleducacao.guarulhos.sp.gov.br\/wp_site\/portalbienal\/wp-json\/wp\/v2\/categories?post=8675"},{"taxonomy":"post_tag","embeddable":true,"href":"https:\/\/portaleducacao.guarulhos.sp.gov.br\/wp_site\/portalbienal\/wp-json\/wp\/v2\/tags?post=8675"}],"curies":[{"name":"wp","href":"https:\/\/api.w.org\/{rel}","templated":true}]}}