{"id":8698,"date":"2024-03-07T16:15:56","date_gmt":"2024-03-07T19:15:56","guid":{"rendered":"https:\/\/portaleducacao.guarulhos.sp.gov.br\/wp_site\/portalbienal\/?p=8698"},"modified":"2024-03-26T16:01:21","modified_gmt":"2024-03-26T19:01:21","slug":"programacao-geral","status":"publish","type":"post","link":"https:\/\/portaleducacao.guarulhos.sp.gov.br\/wp_site\/portalbienal\/2024\/03\/07\/programacao-geral\/","title":{"rendered":"Programa\u00e7\u00e3o Geral"},"content":{"rendered":"\n<p class=\"has-text-align-center has-ast-global-color-5-color has-vivid-purple-background-color has-text-color has-background has-large-font-size\"><strong>Dia 15, sexta<\/strong><\/p>\n\n\n\n<p><strong>17h: Livia Major<br><\/strong>Bate-papo com a autora guarulhense: \u201cMem\u00f3rias do Ref\u00fagio: O Impacto das Lembran\u00e7as Traum\u00e1ticas na Integra\u00e7\u00e3o de Refugiados\u201d \u2013 Audit\u00f3rio Verde<\/p>\n\n\n\n<p><strong>18h: Henrique Andr\u00e9<br><\/strong>Bate-papo com o autor e sess\u00e3o de aut\u00f3grafos: \u201cAfrofuturo ancestral do amanh\u00e3\u201d. A obra tem como princ\u00edpio fundante a escuta das vozes negras para um futuro inclusivo \u2013 Audit\u00f3rio Laranja<\/p>\n\n\n\n<p class=\"has-ast-global-color-4-background-color has-background\"><strong>20h: Orquestra GRU Sinf\u00f4nica<br><\/strong>Espet\u00e1culo: Projeto M\u00fasica nas Escolas \u2013 Audit\u00f3rio Azul<br><em>| Acess\u00edvel em Libras |<\/em><\/p>\n\n\n\n<p><strong>21h: Ivo de Souza \u201cPoeta dos Mares\u201d (AGL)<br><\/strong>Bate-papo com o autor e lan\u00e7amento do livro \u201cAmor visceral\u201d \u2013 Audit\u00f3rio Laranja<\/p>\n\n\n\n<p><strong>21h: Niclaudia Barros<br><\/strong>Bate-papo com a autora guarulhense: \u201cO devir-surdocego na inclus\u00e3o escolar e as poss\u00edveis linhas de fuga nas pol\u00edticas da educa\u00e7\u00e3o especial\u201d \u2013 Audit\u00f3rio Verde<\/p>\n\n\n\n<div style=\"height:100px\" aria-hidden=\"true\" class=\"wp-block-spacer\"><\/div>\n\n\n\n<p class=\"has-text-align-center has-ast-global-color-5-color has-vivid-purple-background-color has-text-color has-background has-large-font-size\"><strong>Dia 16, s\u00e1bado<\/strong><\/p>\n\n\n\n<p><strong>10h: Encontro de Clubes de Leitura: a busca pela forma\u00e7\u00e3o de adultos leitores<br><\/strong>Bate-papo com diferentes clubes de leitura atuantes na cidade. Suas trajet\u00f3rias e experi\u00eancias, crit\u00e9rios de sele\u00e7\u00e3o das obras e alguns resultados observados, considerando seus participantes \u2013 Lounge<\/p>\n\n\n\n<p class=\"has-ast-global-color-4-background-color has-background\"><strong>11h: As Aventuras de Pin\u00f3quio na Terra do Cordel<br><\/strong>Companhia AMO Entretenimento. Nesta apresenta\u00e7\u00e3o, vamos conhecer a Literatura de Cordel, suas conex\u00f5es com a cultura brasileira em dan\u00e7as, m\u00fasicas e na narrativa desse cl\u00e1ssico dos livros infanto-juvenis \u2013 Audit\u00f3rio Azul<br><em>| Participa\u00e7\u00e3o mediante Inscri\u00e7\u00e3o Online | Atividade Infantil | Acess\u00edvel em Libras |<\/em><br><a href=\"https:\/\/www.sympla.com.br\/evento\/as-aventuras-de-pinoquio-na-terra-do-cordel-3-bienal-internacional-do-livro-de-guarulhos\/2370076?share_id=copiarlink\" target=\"_blank\" rel=\"noreferrer noopener\">Ingresso gratuito online (at\u00e9 4 por pessoa\/cpf)<\/a><\/p>\n\n\n\n<p><strong>11h: Lindy Barboza<br><\/strong>Bate-papo com a autora guarulhense: \u201cContar hist\u00f3rias&#8230; Mediar leitura\u201d &#8211; Audit\u00f3rio Laranja<\/p>\n\n\n\n<p><strong>11h: Silmara da Luz Barbosa Ribeiro<br><\/strong>Bate-papo com a autora guarulhense sobre o livro \u201cMaternidade Azul Turquesa &#8211; Cuidar da m\u00e3e \u00e9 a melhor maneira de cuidar do filho\u201d \u2013 Audit\u00f3rio Verde<\/p>\n\n\n\n<p><strong>12h: Fl\u00e1via Pimenta<br><\/strong>Bate-papo e sess\u00e3o de aut\u00f3grafos com a autora do livro \u201cDad\u00e1 e o garfo m\u00e1gico\u201d \u2013 Audit\u00f3rio Verde<\/p>\n\n\n\n<p><strong>13h: Geni Nunez &#8211; Ind\u00edgena<br><\/strong>Geni Nunez \u00e9 ativista ind\u00edgena Guarani, psic\u00f3loga e escritora. Promove no livro \u201cDescolonizando afetos\u201d um repensar a exclusividade nos relacionamentos afetivos \u2013 Audit\u00f3rio Azul<\/p>\n\n\n\n<p><strong>13h: Karla Maria<\/strong> &#8211; &#8220;Mulheres reais, uma radiografia do Brasil\u201d<strong><br><\/strong>Bate-papo com a jornalista e autora do livro &#8220;Mulheres Extraordin\u00e1rias&#8221;.  \u2013 Audit\u00f3rio Laranja&nbsp;<\/p>\n\n\n\n<p><strong>14h: Stefano Volp<\/strong><br>Bate-papo com autor e sess\u00e3o de aut\u00f3grafos: \u201cOs desafios da profiss\u00e3o: como conciliar a vida de autor, roteirista e, ainda, se dedicar ao resgate de contos cl\u00e1ssicos escritos por autores negros?\u201d &#8211; Audit\u00f3rio Laranja<\/p>\n\n\n\n<p><strong>14h: Simone Rodrigues<br><\/strong>Bate-papo com a autora guarulhense: \u201cEntre Mitos e Can\u00e7\u00f5es &#8211; Explorando os Enigmas de Filha de Circe\u201d \u2013 Audit\u00f3rio Verde<br><\/p>\n\n\n\n<p><strong>15h: Felipe Macedo<br><\/strong>Bate-papo com o autor e conta\u00e7\u00e3o de hist\u00f3ria do livro \u201cAdeus Pr\u00f4\u201d \u2013 Audit\u00f3rio Laranja<\/p>\n\n\n\n<p><strong>15h: Bismael de Morais<br><\/strong>Bate-papo com o autor guarulhense: \u201cPreven\u00e7\u00e3o Criminal ou conviv\u00eancia com o crime?\u201d \u2013 Audit\u00f3rio Verde<\/p>\n\n\n\n<p class=\"has-ast-global-color-4-background-color has-background\"><strong>16h: Show do Bob Zoom \u2013 O Musical, Ao Vivo<br><\/strong>Um show repleto de m\u00fasicas animadas com a formiguinha azul e sua turma, que levam as crian\u00e7as ao divertido mundo da imagina\u00e7\u00e3o \u2013 Audit\u00f3rio Azul<br><em>| Participa\u00e7\u00e3o mediante Inscri\u00e7\u00e3o Online | Atividade Infantil | Acess\u00edvel em Libras |<\/em><br><a href=\"https:\/\/www.sympla.com.br\/evento\/show-do-bob-zoom-musical-ao-vivo-3-bienal-internacional-do-livro-de-guarulhos\/2370147?share_id=copiarlink\">Ingresso <\/a><a href=\"https:\/\/www.sympla.com.br\/evento\/show-do-bob-zoom-musical-ao-vivo-3-bienal-internacional-do-livro-de-guarulhos\/2370147?share_id=copiarlink\" target=\"_blank\" rel=\"noreferrer noopener\">gratuito online (at\u00e9 4 por pessoa\/cpf)<\/a><\/p>\n\n\n\n<p><strong>16h: Margaret Cruz&nbsp;<br><\/strong>Bate-papo com a autora guarulhense sobre o livro &#8220;Estilosa&#8221; \u2013 Audit\u00f3rio Verde<\/p>\n\n\n\n<p><strong>17h: Amanda Castanheira<br><\/strong>Bate-papo e sess\u00e3o de aut\u00f3grafos sobre o livro &#8220;Criatividade &#8211; A intelig\u00eancia se divertindo&#8221; \u2013 Audit\u00f3rio Laranja<\/p>\n\n\n\n<p><strong>17h: Vict\u00f3ria Chaves Barbosa<br><\/strong>Bate-papo com a autora guarulhense: \u201cInclus\u00e3o\u201d \u2013 Audit\u00f3rio Verde<\/p>\n\n\n\n<p class=\"has-ast-global-color-4-background-color has-background\"><strong>18h: Ign\u00e1cio de Loyola Brand\u00e3o<br><\/strong>\u201cLiteratura e consci\u00eancia ecol\u00f3gica para crian\u00e7as\u201d. \u00c9 escritor e jornalista, foi eleito para a Academia Brasileira de Letras em 2019, \u00e9 autor de vasta produ\u00e7\u00e3o liter\u00e1ria, entre romances, contos e cr\u00f4nicas \u2013 Audit\u00f3rio Azul<br><em>| Participa\u00e7\u00e3o mediante Inscri\u00e7\u00e3o Online | Atividade Infantil | Acess\u00edvel em Libras |<\/em><br><a href=\"https:\/\/www.sympla.com.br\/evento\/ignacio-de-loyola-brandao-3-bienal-internacional-do-livro-de-guarulhos\/2372213?share_id=copiarlink\" target=\"_blank\" rel=\"noreferrer noopener\">Ingresso gratuito online (at\u00e9 4 por pessoa\/cpf)<\/a><\/p>\n\n\n\n<p><strong>18h: Monaliza Galucci<br><\/strong>Bate-papo com a autora guarulhense: &#8220;As pr\u00e1ticas educativas com a literatura infantil para crian\u00e7as surdas&#8221; \u2013 Audit\u00f3rio Verde<\/p>\n\n\n\n<p><strong>19h: Alex Francisco<br><\/strong>Bate-papo com o autor guarulhense: \u201cEditoras que publicam hist\u00f3rias LGBTQIAPN+\u201d \u2013 Audit\u00f3rio Verde<\/p>\n\n\n\n<p class=\"has-ast-global-color-4-background-color has-background\"><strong>20h: Miguel Falabella<br><\/strong>\u201cViver e sonhar em voz alta\u201d. \u00c9 autor, cineasta, escritor, apresentador, dublador, dramaturgo, roteirista e diretor teatral brasileiro. \u00c9 autor de cr\u00f4nicas e livros como \u201cA Partilha\u201d, \u201cQuerido Mundo e Outras Pe\u00e7as\u201d e \u201cVivendo em Voz Alta\u201d \u2013 Audit\u00f3rio Azul&nbsp;<br><em>| Participa\u00e7\u00e3o mediante Inscri\u00e7\u00e3o Online | Acess\u00edvel em Libras |<\/em><br><a href=\"https:\/\/www.sympla.com.br\/evento\/miguel-falabella-3-bienal-internacional-do-livro-de-guarulhos\/2370118?share_id=copiarlink\" target=\"_blank\" rel=\"noreferrer noopener\">Ingresso gratuito online (1 por pessoa\/cpf)<\/a><\/p>\n\n\n\n<div style=\"height:100px\" aria-hidden=\"true\" class=\"wp-block-spacer\"><\/div>\n\n\n\n<p class=\"has-text-align-center has-ast-global-color-5-color has-vivid-purple-background-color has-text-color has-background has-large-font-size\"><strong>Dia 17, domingo<\/strong><\/p>\n\n\n\n<p class=\"has-ast-global-color-4-background-color has-background\"><strong>11h: As Aventuras de Pin\u00f3quio na Terra do Cordel<br><\/strong>Companhia AMO Entretenimento. Nesta apresenta\u00e7\u00e3o, vamos conhecer a Literatura de Cordel, suas conex\u00f5es com a cultura brasileira em dan\u00e7as, m\u00fasicas e na narrativa desse cl\u00e1ssico dos livros infanto-juvenis \u2013 Audit\u00f3rio Azul<br><em>| Participa\u00e7\u00e3o mediante Inscri\u00e7\u00e3o Online | Atividade Infantil | Acess\u00edvel em Libras |<\/em><br><a href=\"https:\/\/www.sympla.com.br\/evento\/as-aventuras-de-pinoquio-na-terra-do-cordel-3-bienal-internacional-do-livro-de-guarulhos\/2370076?share_id=copiarlink\" target=\"_blank\" rel=\"noreferrer noopener\">Ingresso gratuito online (at\u00e9 4 por pessoa\/cpf)<\/a><\/p>\n\n\n\n<p><strong>11h: Will Braga<br><\/strong>Bate-papo com o autor: \u201cFantasia com personagens negros\u201d \u2013 Audit\u00f3rio Laranja<\/p>\n\n\n\n<p><strong>13h: Marcela Calamo<br><\/strong>Bate-papo com a autora guarulhense: \u201cA import\u00e2ncia da fam\u00edlia no desenvolvimento social da crian\u00e7a com defici\u00eancia: um relato\u201d \u2013 Audit\u00f3rio Laranja&nbsp;<\/p>\n\n\n\n<p><strong>13h: Vivian Corral<br><\/strong>Bate-papo com a autora guarulhense: &#8220;Autores que Vendem Estrat\u00e9gias de Sucesso\u201d \u2013 Audit\u00f3rio Verde<\/p>\n\n\n\n<p class=\"has-ast-global-color-4-background-color has-background\"><strong>14h: O Show da Luna, Ao Vivo!<br><\/strong>Neste show repleto de can\u00e7\u00f5es, dan\u00e7a e fantasia, os personagens Luna, J\u00fapiter e Cl\u00e1udio fazem grandes descobertas \u2013 Audit\u00f3rio Azul<br><em>| Participa\u00e7\u00e3o mediante Inscri\u00e7\u00e3o Online | Atividade Infantil | Acess\u00edvel em Libras |<\/em><br><a href=\"https:\/\/www.sympla.com.br\/evento\/o-show-da-luna-ao-vivo-3-bienal-internacional-do-livro-de-guarulhos\/2372222?share_id=copiarlink\" target=\"_blank\" rel=\"noreferrer noopener\">Ingresso gratuito online (at\u00e9 4 por pessoa\/cpf)<\/a><\/p>\n\n\n\n<p><strong>14h: Jana Viscardi&nbsp;<br><\/strong>Bate-papo com a autora: \u201cEscrever sem medo\u201d \u2013 Audit\u00f3rio Laranja<\/p>\n\n\n\n<p><strong>14h: Sunny<br><\/strong>Bate-papo com o autor: \u201cLiteratura e discrimina\u00e7\u00e3o racial\u201d \u2013 Audit\u00f3rio Verde<\/p>\n\n\n\n<p><strong>15h: Miri\u00e3 Soares dos Santos<br><\/strong>Bate-papo com a autora guarulhense: \u201cDesafios dos autores de literatura infantil: construindo personagens e viagens\u201d \u2013 Audit\u00f3rio Verde<\/p>\n\n\n\n<p><strong>15h: Sunny<br><\/strong>Conta\u00e7\u00e3o de hist\u00f3ria: \u201cContos que encantam\u201d \u2013 Lounge<\/p>\n\n\n\n<p class=\"has-ast-global-color-4-background-color has-background\"><strong>16h: As Aventuras de Pin\u00f3quio na Terra do Cordel<br><\/strong>Companhia AMO Entretenimento. Nesta apresenta\u00e7\u00e3o, vamos conhecer a Literatura de Cordel, suas conex\u00f5es com a cultura brasileira em dan\u00e7as, m\u00fasicas e na narrativa desse cl\u00e1ssico dos livros infanto-juvenis \u2013 Audit\u00f3rio Azul<br><em>| Participa\u00e7\u00e3o mediante Inscri\u00e7\u00e3o Online | Atividade Infantil | Acess\u00edvel em Libras |<\/em><br><a href=\"https:\/\/www.sympla.com.br\/evento\/as-aventuras-de-pinoquio-na-terra-do-cordel-3-bienal-internacional-do-livro-de-guarulhos\/2370076?share_id=copiarlink\" target=\"_blank\" rel=\"noreferrer noopener\">Ingresso gratuito online (at\u00e9 4 por pessoa\/cpf)<\/a><\/p>\n\n\n\n<p><strong>17h: Yve de Oliveira<br><\/strong>Bate-papo com a autora guarulhense: \u201cLiteratura infantojuvenil: Uma ferramenta de autoconhecimento\u201d &#8211; Audit\u00f3rio Verde<\/p>\n\n\n\n<p><strong>17h: Alexandre Coimbra Amaral<br><\/strong>Bate-papo com o autor: \u201cToda ansiedade merece um abra\u00e7o\u201d \u2013 Audit\u00f3rio Laranja<\/p>\n\n\n\n<p class=\"has-ast-global-color-4-background-color has-background\"><strong>18h: Denise Fraga<br><\/strong>\u201cConex\u00f5es humanas\u201d. Atriz, produtora e cronista brasileira, \u00e9 colunista da revista Crescer e assinou coluna na Folha de S\u00e3o Paulo. Apresentou \u201cRetrato Falado\u201d, um dos quadros do programa \u2018Fant\u00e1stico\u2019 \u2013 Audit\u00f3rio Azul<br><em>| Participa\u00e7\u00e3o mediante Inscri\u00e7\u00e3o Online | Acess\u00edvel em Libras |<\/em><br><a href=\"https:\/\/www.sympla.com.br\/evento\/denise-fraga-3-bienal-internacional-do-livro-de-guarulhos\/2372816?share_id=copiarlink\" target=\"_blank\" rel=\"noreferrer noopener\">Ingresso gratuito online (1 por pessoa\/cpf)<\/a><\/p>\n\n\n\n<p><strong>18h Manoel Monteiro (AGL)<br><\/strong>Bate-papo com o autor e lan\u00e7amento dos livros \u201cPecado&#8221;, &#8220;Prof. Jesus&#8221; e&nbsp; &#8220;Machado de Assis &#8211; Umas f\u00e9rias&#8221;&nbsp; \u2013 Audit\u00f3rio Verde<\/p>\n\n\n\n<div style=\"height:100px\" aria-hidden=\"true\" class=\"wp-block-spacer\"><\/div>\n\n\n\n<p class=\"has-text-align-center has-ast-global-color-5-color has-vivid-purple-background-color has-text-color has-background has-large-font-size\"><strong>Dia 18, segunda<\/strong><\/p>\n\n\n\n<p class=\"has-ast-global-color-4-background-color has-background\"><strong>15h: Vicente Blanco e Salvador Cidr\u00e1s<br><\/strong>Lan\u00e7amento do livro \u201cDesenhar o Mundo &#8211; Brincar, criar, compartilhar\u201d \u2013 Lounge<br><em>| Atividade Internacional |<\/em><\/p>\n\n\n\n<p class=\"has-ast-global-color-4-background-color has-background\"><strong>15h: Isabel e \u00c1ngeles Abelleira<br><\/strong>Lan\u00e7amento do livro \u201cDocentes de Infantil &#8211; Luthiers del Futuro\u201d \u2013 Lounge<br><em>| Atividade Internacional |<\/em><\/p>\n\n\n\n<p><strong>&nbsp;17h: Francisco de Souza (AGL)<br><\/strong>Bate-papo com o autor: \u201cCastro Alves e a escravid\u00e3o preta\u201d \u2013 Audit\u00f3rio Laranja<\/p>\n\n\n\n<p><strong>18h: Bosco Maciel (AGL)<br><\/strong>Bate-papo com o autor: \u201cAriano Suassuna e o Mapa dos Tesouros Armoriais\u201d \u2013 Audit\u00f3rio Verde<\/p>\n\n\n\n<p><strong>18h: Rog\u00e9rio Brito<br><\/strong>Bate-papo com o autor guarulhense: \u201cA Arte da Poesia Escrita e Falada\u201d \u2013 Audit\u00f3rio Laranja<\/p>\n\n\n\n<p><strong>19h: Jos\u00e9 Augusto Pinheiro (AGL)<br><\/strong>Bate-papo com o autor: \u201cDia ap\u00f3s dia, disciplina e gratid\u00e3o\u201d \u2013 Audit\u00f3rio Verde&nbsp;<\/p>\n\n\n\n<p class=\"has-ast-global-color-4-background-color has-background\"><strong>20h: Eduardo Feldberg (Primo Pobre)<br><\/strong>Bate-papo sobre investimentos e organiza\u00e7\u00e3o financeira com o m\u00fasico, educador, escritor e autor do livro \u201cDeixe de ser pobre\u201d \u2013 Audit\u00f3rio Azul<br><em>| Participa\u00e7\u00e3o mediante Inscri\u00e7\u00e3o Online | Acess\u00edvel em Libras |<\/em><br><a href=\"https:\/\/www.sympla.com.br\/evento\/eduardo-feldberg-primo-pobre-3-bienal-internacional-do-livro-de-guarulhos\/2369755?share_id=copiarlink\" target=\"_blank\" rel=\"noreferrer noopener\">Ingresso gratuito online (1 por pessoa\/cpf)<\/a><\/p>\n\n\n\n<div style=\"height:100px\" aria-hidden=\"true\" class=\"wp-block-spacer\"><\/div>\n\n\n\n<p class=\"has-text-align-center has-ast-global-color-5-color has-vivid-purple-background-color has-text-color has-background has-large-font-size\"><strong>Dia 19, ter\u00e7a<\/strong><\/p>\n\n\n\n<p class=\"has-ast-global-color-4-background-color has-background\"><strong>15h30: Alejandra Dubovik e Alejandra Cippittelli&nbsp;<br><\/strong>As argentinas abordar\u00e3o o tema sobre o trabalho por projetos e far\u00e3o o lan\u00e7amento do livro &#8220;Nove Projetos &#8211; o valor do trabalho por projetos&#8221; \u2013 Audit\u00f3rio Azul<br><em>| Participa\u00e7\u00e3o mediante Inscri\u00e7\u00e3o Online | Atividade Internacional | Acess\u00edvel em Libras |<\/em><br><a href=\"https:\/\/www.sympla.com.br\/evento\/alejandra-dubovik-e-alejandra-cippitelli-3-bienal-internacional-do-livro-de-guarulhos\/2372225?share_id=copiarlink\" target=\"_blank\" rel=\"noreferrer noopener\">Ingresso gratuito online (1 por pessoa\/cpf)<\/a><\/p>\n\n\n\n<p><strong>18h30: Orquestra de Violeiros Cora\u00e7\u00e3o da Viola<br><\/strong>Show ao vivo. Violeiros da cidade de Guarulhos revivem sua pr\u00f3pria hist\u00f3ria por meio da m\u00fasica raiz da cidade e do nosso Brasil \u2013 Lounge<\/p>\n\n\n\n<p><strong>19h: Luciene M\u00fcller (AGL)<br><\/strong>Bate-papo com a autora: \u201cDireito da Literatura\u201d \u2013 Audit\u00f3rio Verde<\/p>\n\n\n\n<p class=\"has-ast-global-color-4-background-color has-background\"><strong>&nbsp;20h: Br\u00e1ulio Bessa<br><\/strong>\u201cPoesia que transforma\u201d. \u00c9 um dos maiores ativistas da cultura nordestina no pa\u00eds, escritor, poeta, cordelista e declamador \u2013 Audit\u00f3rio Azul<br><em>| Participa\u00e7\u00e3o mediante Inscri\u00e7\u00e3o Online | Acess\u00edvel em Libras |<\/em><br><a href=\"https:\/\/www.sympla.com.br\/evento\/braulio-bessa-3-bienal-internacional-do-livro-de-guarulhos\/2372249?share_id=copiarlink\" target=\"_blank\" rel=\"noreferrer noopener\">Ingresso gratuito online (1 por pessoa\/cpf)<\/a><\/p>\n\n\n\n<div style=\"height:100px\" aria-hidden=\"true\" class=\"wp-block-spacer\"><\/div>\n\n\n\n<p class=\"has-text-align-center has-ast-global-color-5-color has-vivid-purple-background-color has-text-color has-background has-large-font-size\"><strong>Dia 20, quarta<\/strong><\/p>\n\n\n\n<p><strong>17h: Aura Gold (AGL)<br><\/strong>Bate-papo com o autor: \u201cO poder da mente\u201d \u2013 Audit\u00f3rio Verde<\/p>\n\n\n\n<p><strong>18h: Mario Cabral&nbsp;<br><\/strong>Bate-papo com o autor guarulhense: \u201cO Cordel e o leque de possibilidades culturais e educativas desta arte popular\u201d \u2013 Audit\u00f3rio Laranja<\/p>\n\n\n\n<p><strong>19h: S\u00e9rgio Karagulian<\/strong><br>Bate-papo com o autor guarulhense sobre o livro \u201cO poder de Dunamis\u201c. Para que? Por que e at\u00e9 onde vai ? \u2013 Audit\u00f3rio Verde<\/p>\n\n\n\n<p class=\"has-ast-global-color-4-background-color has-background\"><strong>20h: C\u00edntia Chagas&nbsp;<br><\/strong>\u201cFalar direito e comunicar-se bem \u00e9 chiqu\u00edssimo!\u201d. \u00c9 educadora e especialista em comunica\u00e7\u00e3o \u2013 Audit\u00f3rio Azul<br><em>| Participa\u00e7\u00e3o mediante Inscri\u00e7\u00e3o Online | Acess\u00edvel em Libras |<\/em><br><a href=\"https:\/\/www.sympla.com.br\/evento\/cinthia-chagas-3-bienal-internacional-do-livro-de-guarulhos\/2372829?share_id=copiarlink\" target=\"_blank\" rel=\"noreferrer noopener\">Ingresso gratuito online (1 por pessoa\/cpf)<\/a><\/p>\n\n\n\n<p><strong>20h: Ana Carol Thom\u00e9<\/strong><br>Bate-papo com a autora: &#8220;Encontro com os quatro elementos&#8221; &#8211; Audit\u00f3rio Verde<\/p>\n\n\n\n<p><strong>21h: Francisco de Souza<br><\/strong>Bate-papo com o autor guarulhense: \u201cCastro Alves e a escravid\u00e3o preta\u201d \u2013 Audit\u00f3rio Verde<\/p>\n\n\n\n<div style=\"height:100px\" aria-hidden=\"true\" class=\"wp-block-spacer\"><\/div>\n\n\n\n<p class=\"has-text-align-center has-ast-global-color-5-color has-vivid-purple-background-color has-text-color has-background has-large-font-size\"><strong>Dia 21, quinta<\/strong><\/p>\n\n\n\n<p><strong>19h: JR Jer\u00f4nimo e Valdir Carleto (AGL)<br><\/strong>Bate-papo com os autores guarulhenses: \u201cSarau da Academia\u201d \u2013 Audit\u00f3rio Verde&nbsp;&nbsp;<\/p>\n\n\n\n<p class=\"has-ast-global-color-4-background-color has-background\"><strong>20h: Rodrigo Fran\u00e7a&nbsp;<br><\/strong>Educa\u00e7\u00e3o antirracista e lan\u00e7amento do livro \u201cO menino e sua \u00e1rvore\u201d. \u00c9 dramaturgo, ator, diretor, soci\u00f3logo e fil\u00f3sofo. Escritor dos livros \u201cO pequeno pr\u00edncipe preto\u201d e \u201cO pequeno pr\u00edncipe preto, para pequenos\u201d \u2013 Audit\u00f3rio Azul<br><em>| Participa\u00e7\u00e3o mediante Inscri\u00e7\u00e3o Online | Acess\u00edvel em Libras |<\/em><br><a href=\"https:\/\/www.sympla.com.br\/evento\/rodrigo-franca-3-bienal-internacional-do-livro-de-guarulhos\/2372276?share_id=copiarlink\" target=\"_blank\" rel=\"noreferrer noopener\">Ingresso gratuito online (1 por pessoa\/cpf)<\/a><\/p>\n\n\n\n<p><strong>21h: F\u00e1tima Gilioli (AGL)<br><\/strong>Bate-papo com a autora: \u201cAlcoolismo e beber social\u201d \u2013 Audit\u00f3rio Verde<\/p>\n\n\n\n<div style=\"height:100px\" aria-hidden=\"true\" class=\"wp-block-spacer\"><\/div>\n\n\n\n<p class=\"has-text-align-center has-ast-global-color-5-color has-vivid-purple-background-color has-text-color has-background has-large-font-size\"><strong>Dia 22, sexta<\/strong><\/p>\n\n\n\n<p><strong>18h: Marco Arroyo<br><\/strong>Bate-papo com o autor guarulhense sobre o livro \u201cCrist\u00e3os pelo Socialismo no Governo de Salvador Allende\u201d \u2013 Audit\u00f3rio Laranja<\/p>\n\n\n\n<p><strong>18h: Ant\u00f4nia Vaz (AGL)<br><\/strong>Lan\u00e7amento de livro e entrevista com apicultor: \u201cA Abelhinha que n\u00e3o sabia fazer mel\u201d \u2013 Audit\u00f3rio Verde&nbsp;<\/p>\n\n\n\n<p><strong>19h: Anacelia Sipriano da Silva<br><\/strong>Bate-papo com a autora guarulhense: \u201cSeja um escritor independente!\u201d \u2013 Audit\u00f3rio Verde<\/p>\n\n\n\n<p><strong>19h: Israel Neto <\/strong><br>Bate-papo com o autor: \u201c Afrofuturismo, Protagonismo Negro na Ficc\u00e7\u00e3o Cient\u00edfica \u2013 Audit\u00f3rio Laranja<\/p>\n\n\n\n<p class=\"has-ast-global-color-4-background-color has-background\"><strong>20h: Marcelo Duarte<br><\/strong>Jornalista e escritor. Lan\u00e7ou em 1995 o primeiro &#8220;O guia dos curiosos&#8221;, hoje uma cole\u00e7\u00e3o com dez volumes. Atualmente produz conte\u00fado curioso nas redes sociais, em @guiadoscuriosos \u2013 Audit\u00f3rio Azul<br><em>| Participa\u00e7\u00e3o mediante Inscri\u00e7\u00e3o Online | Acess\u00edvel em Libras |<\/em><br><strong>ATEN\u00c7\u00c3O! Novo lote de ingressos gratuitos dispon\u00edvel<\/strong>.<br><a href=\"https:\/\/www.sympla.com.br\/evento\/marcelo-duarte-3-bienal-internacional-do-livro-de-guarulhos\/2372287?share_id=copiarlink\" target=\"_blank\" rel=\"noreferrer noopener\">Ingresso gratuito online (2 por pessoa\/cpf)<\/a> <\/p>\n\n\n\n<div style=\"height:100px\" aria-hidden=\"true\" class=\"wp-block-spacer\"><\/div>\n\n\n\n<p class=\"has-text-align-center has-ast-global-color-5-color has-vivid-purple-background-color has-text-color has-background has-large-font-size\"><strong>Dia 23, s\u00e1bado<\/strong><\/p>\n\n\n\n<p><strong>11h: Sandra Leibhnolz<\/strong><br>Conta\u00e7\u00e3o de hist\u00f3ria com autora guarulhense:  \u201cA Girafinha Samara \u201d \u2013 Lounge<\/p>\n\n\n\n<p><strong>11h: F\u00e1bio Monteiro<br><\/strong>Bate-papo com autor sobre o livro: &#8220;Meio vermelho&#8221; \u2013 Audit\u00f3rio Verde<br>| Atividade Infantil |<\/p>\n\n\n\n<p><strong>11h: F\u00e1bio Cardoso (AGL)<br><\/strong>Bate-papo com o autor e lan\u00e7amento dos livros \u201cRespeitando de A a Z\u201d, \u201cO Reino do Seu Lobato: o come\u00e7o dos tempos\u201d e \u201cO Reino do Seu Lobato: o mist\u00e9rio do Ves\u00favio\u201d \u2013 Audit\u00f3rio Laranja&nbsp;<\/p>\n\n\n\n<p><strong>12h: Moreira Acopiara<br><\/strong>Bate-papo com o autor: \u201dCordel da sustentabilidade\u201d \u2013 Audit\u00f3rio Laranja<\/p>\n\n\n\n<p><strong>13h: Elizandra Souza<br><\/strong>Bate-papo com a autora: &#8220;Fanzine e literatura de resist\u00eancia em S\u00e3o Paulo&#8221; \u2013 Audit\u00f3rio Laranja<\/p>\n\n\n\n<p><strong>13h: Eduardo Kasse<br><\/strong>Bate-papo com o autor guarulhense: \u201cViver de escrita? Bora l\u00e1!\u201d \u2013 Audit\u00f3rio Verde<\/p>\n\n\n\n<p><strong>13h : Projeto EducaDan\u00e7a<\/strong><br>Apresenta\u00e7\u00f5es: Polonaise and Mazurka &#8211; Ballet de repert\u00f3rio Paquita &#8211; Professora Fl\u00e1via Medeiros e Vagalumes &#8211; Professora Nath\u00e1lia Macor<\/p>\n\n\n\n<p class=\"has-ast-global-color-4-background-color has-background\"><strong>13h: Camila Fremder<br><\/strong>Bate-papo com a escritora, roteirista de TV e podcaster, \u00e9 autora de cinco livros. \u201cQuibe, a formiga corajosa\u201d \u00e9 seu primeiro livro infantil e o mais recente \u201cAdulta sim, madura nem sempre\u201d \u2013 Audit\u00f3rio Azul<br><em>| Participa\u00e7\u00e3o mediante Inscri\u00e7\u00e3o Online | Atividade Infantil | Acess\u00edvel em Libras |<\/em><br><strong>ATEN\u00c7\u00c3O! Novo lote de ingressos gratuitos dispon\u00edvel<\/strong>.<br><a href=\"https:\/\/www.sympla.com.br\/evento\/camila-fremder-3-bienal-internacional-do-livro-de-guarulhos\/2372292?share_id=copiarlink\" target=\"_blank\" rel=\"noreferrer noopener\">Ingresso gratuito online (at\u00e9 4 por pessoa\/cpf)<\/a><\/p>\n\n\n\n<p><strong>14h: S\u00e9rgio Vaz<\/strong><br>Bate-papo com o autor e sess\u00e3o de aut\u00f3grafos &#8211; Audit\u00f3rio  Verde<\/p>\n\n\n\n<p><strong>15h: Marcus Vinicius<br><\/strong>Bate-papo com o autor guarulhense: \u201dBiomas: Cerrado, Mata Atl\u00e2ntica, Amazonas, Pantanal, Pampas e Caatinga\u201d \u2013 Audit\u00f3rio Verde<\/p>\n\n\n\n<p><strong>15h: Andr\u00e9a Avelar<br><\/strong>Bate-papo com a autora e sess\u00e3o de aut\u00f3grafos: \u201cConex\u00f5es humanas al\u00e9m das fronteiras\u201d \u2013 Audit\u00f3rio Laranja<\/p>\n\n\n\n<p><strong>16h: Andr\u00e9a Avelar<br><\/strong>Conta\u00e7\u00e3o de hist\u00f3ria: &#8220;O quintal de Aladim&#8221; \u2013 Audit\u00f3rio Laranja<\/p>\n\n\n\n<p><strong>16h: Tha\u00eds Pimenta<\/strong><br>Bate-papo com a autora guarulhense: \u201c Palavras que abra\u00e7am, exerc\u00edcios que conectam \u201c \u2013 Audit\u00f3rio Verde<\/p>\n\n\n\n<p class=\"has-ast-global-color-4-background-color has-background\"><strong>16h: Barbatuques<br><\/strong>\u201cBarbatuquices\u201d. Integrantes do grupo e p\u00fablico vivenciam brincadeiras musicais e descobrem seu corpo sonoro imersos no repert\u00f3rio popular \u2013 Audit\u00f3rio Azul<br><em>| Participa\u00e7\u00e3o mediante Inscri\u00e7\u00e3o Online | Atividade Infantil | Acess\u00edvel em Libras |<\/em><br><strong>ATEN\u00c7\u00c3O! Novo lote de ingressos gratuitos dispon\u00edvel a partir de 23\/3, \u00e0s 8h.<\/strong><br><a href=\"https:\/\/www.sympla.com.br\/evento\/barbatuques-3-bienal-internacional-do-livro-de-guarulhos\/2372297?share_id=copiarlink\" target=\"_blank\" rel=\"noreferrer noopener\">Ingresso gratuito online (at\u00e9 4 por pessoa\/cpf)<\/a><\/p>\n\n\n\n<p><strong>17h: Vivi e Wilson<br><\/strong>Bate-papo em Libras: \u201cCuriosidades de uma fam\u00edlia surda liter\u00e1ria\u201d \u2013 Audit\u00f3rio Laranja<br>| Acess\u00edvel em Libras |<\/p>\n\n\n\n<p><strong>17h: Janaina Tokitaka<br><\/strong>Bate-papo com a escritora, ilustradora, roteirista e autora dos livros: \u201cABCDelas\u201d, \u201cBela, a fera, e Fern\u00e3o, o belo\u201d e \u201cVov\u00f3 veio do Jap\u00e3o\u201d \u2013 Audit\u00f3rio Verde<\/p>\n\n\n\n<p><strong>17h: Cristiane Campos \u2013\u201cCRIATIVOS EDU\u201d<\/strong><br>Autora guarulhense : Teatro e Conta\u00e7\u00e3o de Hist\u00f3ria do livro Sou Rica \u2013 Lounge<\/p>\n\n\n\n<p class=\"has-ast-global-color-4-background-color has-background\"><strong>18h: Rapha Montes e Ilana Casoy<br><\/strong>Autores do livro \u201cBom dia, Ver\u00f4nica\u201d, adaptado para a Netflix como s\u00e9rie hom\u00f4nima. Raphael Montes \u00e9 advogado e escritor, conhecido por suas hist\u00f3rias de suspense, crime e terror. Ilana Casoy \u00e9 crimin\u00f3loga, roteirista e autora do best-seller &#8220;Arquivos Serial Killers: Louco ou Cruel?&#8221; e &#8220;Made in Brasil&#8221;. Ela \u00e9 host do programa &#8220;Em Nome da Justi\u00e7a, exibido no canal A&amp;E&#8221; \u2013 Audit\u00f3rio Azul<br><em>| Participa\u00e7\u00e3o mediante Inscri\u00e7\u00e3o Online | Acess\u00edvel em Libras |<\/em><br><strong>ATEN\u00c7\u00c3O! Novo lote de ingressos gratuitos dispon\u00edvel a partir de 23\/3, \u00e0s 8h.<\/strong><br><a href=\"https:\/\/www.sympla.com.br\/evento\/rapha-montes-e-illana-casoy-3-bienal-internacional-do-livro-de-guarulhos\/2372835?share_id=copiarlink\" target=\"_blank\" rel=\"noreferrer noopener\">Ingresso gratuito online (2 por pessoa\/cpf)<\/a><\/p>\n\n\n\n<p><strong>18h: Cec\u00edlia e Sandra<br><\/strong>Roda de conversa: \u201cAfinal, o que podemos te contar sobre a pessoa Surda?\u201d \u2013 Audit\u00f3rio Laranja<br>| Acess\u00edvel em Libras |<\/p>\n\n\n\n<p><strong>19h: Rode Medeiros<br><\/strong>Bate-papo com autora guarulhense: \u201cAs respostas est\u00e3o dentro de n\u00f3s\u201d \u2013 Audit\u00f3rio Verde<\/p>\n\n\n\n<p><strong>19h: Francisco Bergocce<br><\/strong>Bate-papo com o autor guarulhense: \u201cOs perigos dos aparelhos digitais para crian\u00e7as e adolescentes\u201d \u2013 Audit\u00f3rio Laranja&nbsp;<\/p>\n\n\n\n<p><strong>20h: Luciene M\u00fcller<br><\/strong>Bate-papo com a autora: \u201cColo Invis\u00edvel: O Olhar sem interesse n\u00e3o enxerga\u201d \u2013 Audit\u00f3rio Laranja<\/p>\n\n\n\n<p><strong>20h: Tiago Guerra<\/strong>&nbsp;<br>Bate-papo com o autor guarulhense: &#8220;AAPAH 15 anos: educa\u00e7\u00e3o patrimonial ou como contar hist\u00f3rias que a hist\u00f3ria n\u00e3o conta&#8221; \u2013 Audit\u00f3rio Verde<\/p>\n\n\n\n<p class=\"has-ast-global-color-4-background-color has-background\"><strong>20h30: Mayt\u00ea Carvalho<\/strong><br>Escritora best-seller dos livros \u201cPersuas\u00e3o &#8211; como utilizar a ret\u00f3rica e a comunica\u00e7\u00e3o persuasiva na sua vida pessoal e profissional\u201d e \u201cOuse argumentar\u201d apresenta a palestra: Persuas\u00e3o: como ter uma Comunica\u00e7\u00e3o Assertiva\u2013  Audit\u00f3rio Azul<br><em>| Participa\u00e7\u00e3o mediante Inscri\u00e7\u00e3o Online | Acess\u00edvel em Libras |<\/em><br><a href=\"https:\/\/www.sympla.com.br\/evento\/mayte-carvalho-3-bienal-internacional-do-livro-de-guarulhos\/2391821?share_id=copiarlink\">Ingresso gratuito online (2 por pessoa\/cpf)<\/a> <\/p>\n\n\n\n<div style=\"height:100px\" aria-hidden=\"true\" class=\"wp-block-spacer\"><\/div>\n\n\n\n<p class=\"has-text-align-center has-ast-global-color-5-color has-vivid-purple-background-color has-text-color has-background has-large-font-size\"><strong>Dia 24, domingo<\/strong><\/p>\n\n\n\n<p class=\"has-ast-global-color-4-background-color has-background\"><strong>11h: Atra\u00e7\u00e3o Surpresa &#8211; Programa\u00e7\u00e3o Infantil<br><\/strong>A 3\u00aa Bienal Internacional do Livro de Guarulhos preparou uma surpresa para este final de semana. Uma nova programa\u00e7\u00e3o infantil para toda a fam\u00edlia \u2013 Audit\u00f3rio Azul<br><em>| Participa\u00e7\u00e3o mediante Inscri\u00e7\u00e3o Online | Atividade Infantil | Acess\u00edvel em Libras |<\/em><br><strong>ATEN\u00c7\u00c3O! Novo lote de ingressos gratuitos dispon\u00edvel<\/strong>.<br><a href=\"https:\/\/www.sympla.com.br\/evento\/atividade-infantil-surpresa-3-bienal-internacional-do-livro-de-guarulhos\/2391398\">Ingresso gratuito online (at\u00e9 4 por pessoa\/cpf)<\/a><\/p>\n\n\n\n<p><strong>11h: Regi Ferreira<\/strong><br>Bate-papo com a autora e sess\u00e3o de aut\u00f3grafos do livro \u201cAstronauta\u201d \u2013 Audit\u00f3rio Verde<\/p>\n\n\n\n<p><strong>12h: Luciellen de Carvalho<\/strong><br>Bate-papo com a autora guarulhense: Literatura Infantil e a Aprendizagem Matem\u00e1tica \u2013 Audit\u00f3rio Verde<\/p>\n\n\n\n<p><strong>12h: Valdir Carleto (AGL)<br><\/strong>Teatro &#8211; Mon\u00f3logo \u201cVersos roubados\u201d \u2013 Audit\u00f3rio Laranja&nbsp;<\/p>\n\n\n\n<p><strong>13h: Oscar Garcia, Andr\u00e9a Avelar e Silvio Costa<br><\/strong>Bate-papo com os autores: \u201cO prazer de ler\u201d \u2013 Audit\u00f3rio Laranja<\/p>\n\n\n\n<p><strong>13h: Costa Senna<br><\/strong>Pocket Show \u201cA palavra despedida &#8211; cordel e poesia\u201d. \u00c9 cantor, ator e poeta. O seu trabalho \u00e9 composto por literatura de cordel, m\u00fasica, prov\u00e9rbios e brincadeiras \u2013 Audit\u00f3rio Azul<br>| Atividade Infantil |<\/p>\n\n\n\n<p><strong>13h: Heidy L\u00edrio da Cruz (AGL)<br><\/strong>\u201cAmor-pr\u00f3prio e sa\u00fade emocional\u201d \u2013 Audit\u00f3rio Verde&nbsp;<\/p>\n\n\n\n<p><strong>15h: Renato Gama<br><\/strong>Bate-papo sobre o livro \u201cNeguinha, sim!\u201d. \u00c9 compositor, escritor, diretor de teatro, m\u00fasico, cantor e produtor musical \u2013 Audit\u00f3rio Laranja<\/p>\n\n\n\n<p class=\"has-ast-global-color-4-background-color has-background\"><strong>16h: Beatles para Crian\u00e7as<br><\/strong>Reviva o repert\u00f3rio da banda inglesa de forma descontra\u00edda e participativa, com hist\u00f3rias e curiosidades \u2013 Audit\u00f3rio Azul<br><em>| Participa\u00e7\u00e3o mediante Inscri\u00e7\u00e3o Online | Atividade Infantil | Acess\u00edvel em Libras |<\/em><br><strong>ATEN\u00c7\u00c3O! Novo lote de ingressos gratuitos dispon\u00edvel a partir de 24\/3, \u00e0s 8h.<\/strong><br><a href=\"https:\/\/www.sympla.com.br\/evento\/beatles-para-criancas-3-bienal-internacional-do-livro-de-guarulhos\/2372839?share_id=copiarlink\" target=\"_blank\" rel=\"noreferrer noopener\">Ingresso gratuito online (at\u00e9 4 por pessoa\/cpf)<\/a><\/p>\n\n\n\n<p><strong>17h: Cristino Wapichana<br><\/strong>Bate-papo com o autor: \u201cInd\u00edgenas na contemporaneidade\u201d \u2013 Audit\u00f3rio Laranja<\/p>\n\n\n\n<p><strong>17h: Isabela Calazans<br><\/strong>Bate-papo com a autora guarulhense: \u201cVoc\u00ea Aceita Ser Feliz?\u201d \u2013 Audit\u00f3rio Verde&nbsp;<\/p>\n\n\n\n<p class=\"has-ast-global-color-4-background-color has-background\"><strong>18h: Marco Tulio Lara<br><\/strong>\u201cSem Medo do Futuro\u201d. Marco Tulio \u00e9 compositor, guitarrista, autor do livro \u201cMeu pequeno cruzeirense\u201d e cofundador da banda Jota Quest \u2013 Audit\u00f3rio Azul<br><em>| Participa\u00e7\u00e3o mediante Inscri\u00e7\u00e3o Online | Acess\u00edvel em Libras |<\/em><br><strong>ATEN\u00c7\u00c3O! Novo lote de ingressos gratuitos dispon\u00edvel.<\/strong><br><a href=\"https:\/\/www.sympla.com.br\/evento\/marco-tulio-lara-3-bienal-internacional-do-livro-de-guarulhos\/2372787?share_id=copiarlink\" target=\"_blank\" rel=\"noreferrer noopener\">Ingresso gratuito online (2 por pessoa\/cpf)<\/a><\/p>\n","protected":false},"excerpt":{"rendered":"<p>Dia 15, sexta 17h: Livia MajorBate-papo com a autora guarulhense: \u201cMem\u00f3rias do Ref\u00fagio: O Impacto das Lembran\u00e7as Traum\u00e1ticas na Integra\u00e7\u00e3o de Refugiados\u201d \u2013 Audit\u00f3rio Verde 18h: Henrique Andr\u00e9Bate-papo com o &hellip;<\/p>\n<p class=\"read-more\"> <a class=\"\" href=\"https:\/\/portaleducacao.guarulhos.sp.gov.br\/wp_site\/portalbienal\/2024\/03\/07\/programacao-geral\/\"> <span class=\"screen-reader-text\">Programa\u00e7\u00e3o Geral<\/span> Leia mais &raquo;<\/a><\/p>\n","protected":false},"author":12,"featured_media":0,"comment_status":"open","ping_status":"open","sticky":false,"template":"","format":"standard","meta":{"_monsterinsights_skip_tracking":false,"_monsterinsights_sitenote_active":false,"_monsterinsights_sitenote_note":"","_monsterinsights_sitenote_category":0,"site-sidebar-layout":"default","site-content-layout":"default","ast-global-header-display":"","ast-main-header-display":"","ast-hfb-above-header-display":"","ast-hfb-below-header-display":"","ast-hfb-mobile-header-display":"","site-post-title":"","ast-breadcrumbs-content":"","ast-featured-img":"","footer-sml-layout":"","theme-transparent-header-meta":"","adv-header-id-meta":"","stick-header-meta":"","header-above-stick-meta":"","header-main-stick-meta":"","header-below-stick-meta":"","_expiration-date-status":"","_expiration-date":0,"_expiration-date-type":"","_expiration-date-categories":[],"_expiration-date-options":[]},"categories":[1],"tags":[],"yoast_head":"<!-- This site is optimized with the Yoast SEO plugin v19.7.1 - https:\/\/yoast.com\/wordpress\/plugins\/seo\/ -->\r\n<title>Programa\u00e7\u00e3o Geral - Bienal do Livro de Guarulhos - 2024<\/title>\r\n<meta name=\"robots\" content=\"index, follow, max-snippet:-1, max-image-preview:large, max-video-preview:-1\" \/>\r\n<link rel=\"canonical\" href=\"https:\/\/portaleducacao.guarulhos.sp.gov.br\/wp_site\/portalbienal\/2024\/03\/07\/programacao-geral\/\" \/>\r\n<meta property=\"og:locale\" content=\"pt_BR\" \/>\r\n<meta property=\"og:type\" content=\"article\" \/>\r\n<meta property=\"og:title\" content=\"Programa\u00e7\u00e3o Geral - Bienal do Livro de Guarulhos - 2024\" \/>\r\n<meta property=\"og:description\" content=\"Dia 15, sexta 17h: Livia MajorBate-papo com a autora guarulhense: \u201cMem\u00f3rias do Ref\u00fagio: O Impacto das Lembran\u00e7as Traum\u00e1ticas na Integra\u00e7\u00e3o de Refugiados\u201d \u2013 Audit\u00f3rio Verde 18h: Henrique Andr\u00e9Bate-papo com o &hellip; Programa\u00e7\u00e3o Geral Leia mais &raquo;\" \/>\r\n<meta property=\"og:url\" content=\"https:\/\/portaleducacao.guarulhos.sp.gov.br\/wp_site\/portalbienal\/2024\/03\/07\/programacao-geral\/\" \/>\r\n<meta property=\"og:site_name\" content=\"Bienal do Livro de Guarulhos - 2024\" \/>\r\n<meta property=\"article:published_time\" content=\"2024-03-07T19:15:56+00:00\" \/>\r\n<meta property=\"article:modified_time\" content=\"2024-03-26T19:01:21+00:00\" \/>\r\n<meta name=\"author\" content=\"Eduardo Calabria\" \/>\r\n<meta name=\"twitter:card\" content=\"summary_large_image\" \/>\r\n<meta name=\"twitter:label1\" content=\"Escrito por\" \/>\n\t<meta name=\"twitter:data1\" content=\"Eduardo Calabria\" \/>\n\t<meta name=\"twitter:label2\" content=\"Est. tempo de leitura\" \/>\n\t<meta name=\"twitter:data2\" content=\"15 minutos\" \/>\r\n<script type=\"application\/ld+json\" class=\"yoast-schema-graph\">{\"@context\":\"https:\/\/schema.org\",\"@graph\":[{\"@type\":\"Article\",\"@id\":\"https:\/\/portaleducacao.guarulhos.sp.gov.br\/wp_site\/portalbienal\/2024\/03\/07\/programacao-geral\/#article\",\"isPartOf\":{\"@id\":\"https:\/\/portaleducacao.guarulhos.sp.gov.br\/wp_site\/portalbienal\/2024\/03\/07\/programacao-geral\/\"},\"author\":{\"name\":\"Eduardo Calabria\",\"@id\":\"https:\/\/portaleducacao.guarulhos.sp.gov.br\/wp_site\/portalbienal\/#\/schema\/person\/3cd59442d86a6bd35a1cb775b093d9af\"},\"headline\":\"Programa\u00e7\u00e3o Geral\",\"datePublished\":\"2024-03-07T19:15:56+00:00\",\"dateModified\":\"2024-03-26T19:01:21+00:00\",\"mainEntityOfPage\":{\"@id\":\"https:\/\/portaleducacao.guarulhos.sp.gov.br\/wp_site\/portalbienal\/2024\/03\/07\/programacao-geral\/\"},\"wordCount\":3170,\"commentCount\":0,\"publisher\":{\"@id\":\"https:\/\/portaleducacao.guarulhos.sp.gov.br\/wp_site\/portalbienal\/#organization\"},\"inLanguage\":\"pt-BR\",\"potentialAction\":[{\"@type\":\"CommentAction\",\"name\":\"Comment\",\"target\":[\"https:\/\/portaleducacao.guarulhos.sp.gov.br\/wp_site\/portalbienal\/2024\/03\/07\/programacao-geral\/#respond\"]}]},{\"@type\":\"WebPage\",\"@id\":\"https:\/\/portaleducacao.guarulhos.sp.gov.br\/wp_site\/portalbienal\/2024\/03\/07\/programacao-geral\/\",\"url\":\"https:\/\/portaleducacao.guarulhos.sp.gov.br\/wp_site\/portalbienal\/2024\/03\/07\/programacao-geral\/\",\"name\":\"Programa\u00e7\u00e3o Geral - Bienal do Livro de Guarulhos - 2024\",\"isPartOf\":{\"@id\":\"https:\/\/portaleducacao.guarulhos.sp.gov.br\/wp_site\/portalbienal\/#website\"},\"datePublished\":\"2024-03-07T19:15:56+00:00\",\"dateModified\":\"2024-03-26T19:01:21+00:00\",\"breadcrumb\":{\"@id\":\"https:\/\/portaleducacao.guarulhos.sp.gov.br\/wp_site\/portalbienal\/2024\/03\/07\/programacao-geral\/#breadcrumb\"},\"inLanguage\":\"pt-BR\",\"potentialAction\":[{\"@type\":\"ReadAction\",\"target\":[\"https:\/\/portaleducacao.guarulhos.sp.gov.br\/wp_site\/portalbienal\/2024\/03\/07\/programacao-geral\/\"]}]},{\"@type\":\"BreadcrumbList\",\"@id\":\"https:\/\/portaleducacao.guarulhos.sp.gov.br\/wp_site\/portalbienal\/2024\/03\/07\/programacao-geral\/#breadcrumb\",\"itemListElement\":[{\"@type\":\"ListItem\",\"position\":1,\"name\":\"In\u00edcio\",\"item\":\"https:\/\/portaleducacao.guarulhos.sp.gov.br\/wp_site\/portalbienal\/\"},{\"@type\":\"ListItem\",\"position\":2,\"name\":\"Programa\u00e7\u00e3o Geral\"}]},{\"@type\":\"WebSite\",\"@id\":\"https:\/\/portaleducacao.guarulhos.sp.gov.br\/wp_site\/portalbienal\/#website\",\"url\":\"https:\/\/portaleducacao.guarulhos.sp.gov.br\/wp_site\/portalbienal\/\",\"name\":\"Bienal do Livro de Guarulhos - 2024\",\"description\":\"Secretaria de Educa\u00e7\u00e3o - Prefeitura de Guarulhos\",\"publisher\":{\"@id\":\"https:\/\/portaleducacao.guarulhos.sp.gov.br\/wp_site\/portalbienal\/#organization\"},\"potentialAction\":[{\"@type\":\"SearchAction\",\"target\":{\"@type\":\"EntryPoint\",\"urlTemplate\":\"https:\/\/portaleducacao.guarulhos.sp.gov.br\/wp_site\/portalbienal\/?s={search_term_string}\"},\"query-input\":\"required name=search_term_string\"}],\"inLanguage\":\"pt-BR\"},{\"@type\":\"Organization\",\"@id\":\"https:\/\/portaleducacao.guarulhos.sp.gov.br\/wp_site\/portalbienal\/#organization\",\"name\":\"Bienal do Livro de Guarulhos - 2024\",\"url\":\"https:\/\/portaleducacao.guarulhos.sp.gov.br\/wp_site\/portalbienal\/\",\"sameAs\":[],\"logo\":{\"@type\":\"ImageObject\",\"inLanguage\":\"pt-BR\",\"@id\":\"https:\/\/portaleducacao.guarulhos.sp.gov.br\/wp_site\/portalbienal\/#\/schema\/logo\/image\/\",\"url\":\"https:\/\/portaleducacao.guarulhos.sp.gov.br\/wp_site\/portalbienal\/wp-content\/uploads\/sites\/22\/2022\/07\/logo_site.jpg\",\"contentUrl\":\"https:\/\/portaleducacao.guarulhos.sp.gov.br\/wp_site\/portalbienal\/wp-content\/uploads\/sites\/22\/2022\/07\/logo_site.jpg\",\"width\":350,\"height\":100,\"caption\":\"Bienal do Livro de Guarulhos - 2024\"},\"image\":{\"@id\":\"https:\/\/portaleducacao.guarulhos.sp.gov.br\/wp_site\/portalbienal\/#\/schema\/logo\/image\/\"}},{\"@type\":\"Person\",\"@id\":\"https:\/\/portaleducacao.guarulhos.sp.gov.br\/wp_site\/portalbienal\/#\/schema\/person\/3cd59442d86a6bd35a1cb775b093d9af\",\"name\":\"Eduardo Calabria\",\"image\":{\"@type\":\"ImageObject\",\"inLanguage\":\"pt-BR\",\"@id\":\"https:\/\/portaleducacao.guarulhos.sp.gov.br\/wp_site\/portalbienal\/#\/schema\/person\/image\/\",\"url\":\"https:\/\/secure.gravatar.com\/avatar\/8e9c65076f903828ecdd0e9fa6ab1487?s=96&d=mm&r=g\",\"contentUrl\":\"https:\/\/secure.gravatar.com\/avatar\/8e9c65076f903828ecdd0e9fa6ab1487?s=96&d=mm&r=g\",\"caption\":\"Eduardo Calabria\"},\"url\":\"https:\/\/portaleducacao.guarulhos.sp.gov.br\/wp_site\/portalbienal\/author\/eduardocm\/\"}]}<\/script>\r\n<!-- \/ Yoast SEO plugin. -->","yoast_head_json":{"title":"Programa\u00e7\u00e3o Geral - Bienal do Livro de Guarulhos - 2024","robots":{"index":"index","follow":"follow","max-snippet":"max-snippet:-1","max-image-preview":"max-image-preview:large","max-video-preview":"max-video-preview:-1"},"canonical":"https:\/\/portaleducacao.guarulhos.sp.gov.br\/wp_site\/portalbienal\/2024\/03\/07\/programacao-geral\/","og_locale":"pt_BR","og_type":"article","og_title":"Programa\u00e7\u00e3o Geral - Bienal do Livro de Guarulhos - 2024","og_description":"Dia 15, sexta 17h: Livia MajorBate-papo com a autora guarulhense: \u201cMem\u00f3rias do Ref\u00fagio: O Impacto das Lembran\u00e7as Traum\u00e1ticas na Integra\u00e7\u00e3o de Refugiados\u201d \u2013 Audit\u00f3rio Verde 18h: Henrique Andr\u00e9Bate-papo com o &hellip; Programa\u00e7\u00e3o Geral Leia mais &raquo;","og_url":"https:\/\/portaleducacao.guarulhos.sp.gov.br\/wp_site\/portalbienal\/2024\/03\/07\/programacao-geral\/","og_site_name":"Bienal do Livro de Guarulhos - 2024","article_published_time":"2024-03-07T19:15:56+00:00","article_modified_time":"2024-03-26T19:01:21+00:00","author":"Eduardo Calabria","twitter_card":"summary_large_image","twitter_misc":{"Escrito por":"Eduardo Calabria","Est. tempo de leitura":"15 minutos"},"schema":{"@context":"https:\/\/schema.org","@graph":[{"@type":"Article","@id":"https:\/\/portaleducacao.guarulhos.sp.gov.br\/wp_site\/portalbienal\/2024\/03\/07\/programacao-geral\/#article","isPartOf":{"@id":"https:\/\/portaleducacao.guarulhos.sp.gov.br\/wp_site\/portalbienal\/2024\/03\/07\/programacao-geral\/"},"author":{"name":"Eduardo Calabria","@id":"https:\/\/portaleducacao.guarulhos.sp.gov.br\/wp_site\/portalbienal\/#\/schema\/person\/3cd59442d86a6bd35a1cb775b093d9af"},"headline":"Programa\u00e7\u00e3o Geral","datePublished":"2024-03-07T19:15:56+00:00","dateModified":"2024-03-26T19:01:21+00:00","mainEntityOfPage":{"@id":"https:\/\/portaleducacao.guarulhos.sp.gov.br\/wp_site\/portalbienal\/2024\/03\/07\/programacao-geral\/"},"wordCount":3170,"commentCount":0,"publisher":{"@id":"https:\/\/portaleducacao.guarulhos.sp.gov.br\/wp_site\/portalbienal\/#organization"},"inLanguage":"pt-BR","potentialAction":[{"@type":"CommentAction","name":"Comment","target":["https:\/\/portaleducacao.guarulhos.sp.gov.br\/wp_site\/portalbienal\/2024\/03\/07\/programacao-geral\/#respond"]}]},{"@type":"WebPage","@id":"https:\/\/portaleducacao.guarulhos.sp.gov.br\/wp_site\/portalbienal\/2024\/03\/07\/programacao-geral\/","url":"https:\/\/portaleducacao.guarulhos.sp.gov.br\/wp_site\/portalbienal\/2024\/03\/07\/programacao-geral\/","name":"Programa\u00e7\u00e3o Geral - Bienal do Livro de Guarulhos - 2024","isPartOf":{"@id":"https:\/\/portaleducacao.guarulhos.sp.gov.br\/wp_site\/portalbienal\/#website"},"datePublished":"2024-03-07T19:15:56+00:00","dateModified":"2024-03-26T19:01:21+00:00","breadcrumb":{"@id":"https:\/\/portaleducacao.guarulhos.sp.gov.br\/wp_site\/portalbienal\/2024\/03\/07\/programacao-geral\/#breadcrumb"},"inLanguage":"pt-BR","potentialAction":[{"@type":"ReadAction","target":["https:\/\/portaleducacao.guarulhos.sp.gov.br\/wp_site\/portalbienal\/2024\/03\/07\/programacao-geral\/"]}]},{"@type":"BreadcrumbList","@id":"https:\/\/portaleducacao.guarulhos.sp.gov.br\/wp_site\/portalbienal\/2024\/03\/07\/programacao-geral\/#breadcrumb","itemListElement":[{"@type":"ListItem","position":1,"name":"In\u00edcio","item":"https:\/\/portaleducacao.guarulhos.sp.gov.br\/wp_site\/portalbienal\/"},{"@type":"ListItem","position":2,"name":"Programa\u00e7\u00e3o Geral"}]},{"@type":"WebSite","@id":"https:\/\/portaleducacao.guarulhos.sp.gov.br\/wp_site\/portalbienal\/#website","url":"https:\/\/portaleducacao.guarulhos.sp.gov.br\/wp_site\/portalbienal\/","name":"Bienal do Livro de Guarulhos - 2024","description":"Secretaria de Educa\u00e7\u00e3o - Prefeitura de Guarulhos","publisher":{"@id":"https:\/\/portaleducacao.guarulhos.sp.gov.br\/wp_site\/portalbienal\/#organization"},"potentialAction":[{"@type":"SearchAction","target":{"@type":"EntryPoint","urlTemplate":"https:\/\/portaleducacao.guarulhos.sp.gov.br\/wp_site\/portalbienal\/?s={search_term_string}"},"query-input":"required name=search_term_string"}],"inLanguage":"pt-BR"},{"@type":"Organization","@id":"https:\/\/portaleducacao.guarulhos.sp.gov.br\/wp_site\/portalbienal\/#organization","name":"Bienal do Livro de Guarulhos - 2024","url":"https:\/\/portaleducacao.guarulhos.sp.gov.br\/wp_site\/portalbienal\/","sameAs":[],"logo":{"@type":"ImageObject","inLanguage":"pt-BR","@id":"https:\/\/portaleducacao.guarulhos.sp.gov.br\/wp_site\/portalbienal\/#\/schema\/logo\/image\/","url":"https:\/\/portaleducacao.guarulhos.sp.gov.br\/wp_site\/portalbienal\/wp-content\/uploads\/sites\/22\/2022\/07\/logo_site.jpg","contentUrl":"https:\/\/portaleducacao.guarulhos.sp.gov.br\/wp_site\/portalbienal\/wp-content\/uploads\/sites\/22\/2022\/07\/logo_site.jpg","width":350,"height":100,"caption":"Bienal do Livro de Guarulhos - 2024"},"image":{"@id":"https:\/\/portaleducacao.guarulhos.sp.gov.br\/wp_site\/portalbienal\/#\/schema\/logo\/image\/"}},{"@type":"Person","@id":"https:\/\/portaleducacao.guarulhos.sp.gov.br\/wp_site\/portalbienal\/#\/schema\/person\/3cd59442d86a6bd35a1cb775b093d9af","name":"Eduardo Calabria","image":{"@type":"ImageObject","inLanguage":"pt-BR","@id":"https:\/\/portaleducacao.guarulhos.sp.gov.br\/wp_site\/portalbienal\/#\/schema\/person\/image\/","url":"https:\/\/secure.gravatar.com\/avatar\/8e9c65076f903828ecdd0e9fa6ab1487?s=96&d=mm&r=g","contentUrl":"https:\/\/secure.gravatar.com\/avatar\/8e9c65076f903828ecdd0e9fa6ab1487?s=96&d=mm&r=g","caption":"Eduardo Calabria"},"url":"https:\/\/portaleducacao.guarulhos.sp.gov.br\/wp_site\/portalbienal\/author\/eduardocm\/"}]}},"_links":{"self":[{"href":"https:\/\/portaleducacao.guarulhos.sp.gov.br\/wp_site\/portalbienal\/wp-json\/wp\/v2\/posts\/8698"}],"collection":[{"href":"https:\/\/portaleducacao.guarulhos.sp.gov.br\/wp_site\/portalbienal\/wp-json\/wp\/v2\/posts"}],"about":[{"href":"https:\/\/portaleducacao.guarulhos.sp.gov.br\/wp_site\/portalbienal\/wp-json\/wp\/v2\/types\/post"}],"author":[{"embeddable":true,"href":"https:\/\/portaleducacao.guarulhos.sp.gov.br\/wp_site\/portalbienal\/wp-json\/wp\/v2\/users\/12"}],"replies":[{"embeddable":true,"href":"https:\/\/portaleducacao.guarulhos.sp.gov.br\/wp_site\/portalbienal\/wp-json\/wp\/v2\/comments?post=8698"}],"version-history":[{"count":73,"href":"https:\/\/portaleducacao.guarulhos.sp.gov.br\/wp_site\/portalbienal\/wp-json\/wp\/v2\/posts\/8698\/revisions"}],"predecessor-version":[{"id":9776,"href":"https:\/\/portaleducacao.guarulhos.sp.gov.br\/wp_site\/portalbienal\/wp-json\/wp\/v2\/posts\/8698\/revisions\/9776"}],"wp:attachment":[{"href":"https:\/\/portaleducacao.guarulhos.sp.gov.br\/wp_site\/portalbienal\/wp-json\/wp\/v2\/media?parent=8698"}],"wp:term":[{"taxonomy":"category","embeddable":true,"href":"https:\/\/portaleducacao.guarulhos.sp.gov.br\/wp_site\/portalbienal\/wp-json\/wp\/v2\/categories?post=8698"},{"taxonomy":"post_tag","embeddable":true,"href":"https:\/\/portaleducacao.guarulhos.sp.gov.br\/wp_site\/portalbienal\/wp-json\/wp\/v2\/tags?post=8698"}],"curies":[{"name":"wp","href":"https:\/\/api.w.org\/{rel}","templated":true}]}}