{"id":8776,"date":"2024-03-08T16:34:36","date_gmt":"2024-03-08T19:34:36","guid":{"rendered":"https:\/\/portaleducacao.guarulhos.sp.gov.br\/wp_site\/portalbienal\/?p=8776"},"modified":"2024-03-26T12:42:40","modified_gmt":"2024-03-26T15:42:40","slug":"braulio-bessa-marco-tulio-ilana-casoy-e-rapha-montes-estao-na-programacao-da-bienal-do-livro-de-guarulhos","status":"publish","type":"post","link":"https:\/\/portaleducacao.guarulhos.sp.gov.br\/wp_site\/portalbienal\/2024\/03\/08\/braulio-bessa-marco-tulio-ilana-casoy-e-rapha-montes-estao-na-programacao-da-bienal-do-livro-de-guarulhos\/","title":{"rendered":"Br\u00e1ulio Bessa, Marco Tulio, Ilana Casoy e Rapha Montes est\u00e3o na programa\u00e7\u00e3o da Bienal"},"content":{"rendered":"\n<p>O poeta Br\u00e1ulio Bessa, o guitarrista do Jota Quest Marco Tulio Lara e os escritores de true crime Ilana Casoy e Rapha Montes est\u00e3o entre os destaques da 3\u00aa Bienal Internacional do Livro de Guarulhos, que acontece entre os dias 15 e 24 de mar\u00e7o, no Espa\u00e7o Inter.<\/p>\n\n\n\n<p>Na ter\u00e7a-feira (19), o escritor, poeta, cordelista, declamador e um dos maiores ativistas da cultura nordestina no pa\u00eds, Br\u00e1ulio Bessa, apresenta Poesia que Transforma, no Audit\u00f3rio Azul, \u00e0s 20h. Nesse encontro, o autor proporciona ao p\u00fablico uma noite repleta de elementos como poesia de cordel, causos da sabedoria popular e humor.&nbsp;<\/p>\n\n\n\n<p>No s\u00e1bado, dia 23, a Bienal recebe os escritores Rapha Montes e Illana Casoy no Audit\u00f3rio Azul, autores do livro Bom dia, Ver\u00f4nica, obra adaptada para a Netflix como s\u00e9rie hom\u00f4nima. Raphael Montes \u00e9 advogado e escritor, conhecido por suas hist\u00f3rias de suspense, crime e terror. Ilana Casoy \u00e9 crimin\u00f3loga, roteirista e autora do best-seller Arquivos Serial Killers: louco ou cruel?, \u00e9 a host do programa Em Nome da Justi\u00e7a, exibido no canal AXN, da Sony Brasil.<\/p>\n\n\n\n<p>Dos palcos do pa\u00eds para a 3\u00aa Bienal Internacional do Livro de Guarulhos, Marco Tulio Lara apresenta o pocket show Deixe a Luz entrar; Sem medo do Futuro, no domingo (24), \u00e0s 18h, no Audit\u00f3rio Azul. Al\u00e9m de cofundador e guitarrista do Jota Quest, uma das bandas mais famosas e consagradas do Brasil, Marco Tulio tamb\u00e9m escreveu Meu pequeno Cruzeirense. Nesse pocket, o m\u00fasico promete inspirar a audi\u00eancia a pensar sobre o nosso papel na constru\u00e7\u00e3o de um futuro mais inclusivo.<\/p>\n\n\n\n<p>A 3\u00aa Bienal Internacional do Livro de Guarulhos \u00e9 um evento gratuito e acontece de 15 a 24 de mar\u00e7o, de segunda a s\u00e1bado, das 10h \u00e0s 22h, e aos domingos, das 10h \u00e0s 20h, no Espa\u00e7o Inter, na Av. Jo\u00e3o Cavalari, 133, Vila Herm\u00ednia.<\/p>\n\n\n\n<p>Confira a programa\u00e7\u00e3o completa da 3\u00aa Bienal Internacional do Livro de Guarulhos em&nbsp;<strong><em><a href=\"http:\/\/bienaldolivro.guarulhos.sp.gov.br\/\" target=\"_blank\" rel=\"noreferrer noopener\">http:\/\/bienaldolivro.guarulhos.sp.gov.br<\/a><\/em><\/strong>.&nbsp;<\/p>\n\n\n\n<p>Para mais informa\u00e7\u00f5es, siga o perfil da Bienal no Instagram&nbsp;<strong><em><a href=\"https:\/\/www.instagram.com\/bienaldolivrogru\/\" target=\"_blank\" rel=\"noreferrer noopener\">@bienaldolivrogru<\/a><\/em><\/strong>.<\/p>\n","protected":false},"excerpt":{"rendered":"<p>O poeta Br\u00e1ulio Bessa, o guitarrista do Jota Quest Marco Tulio Lara e os escritores de true crime Ilana Casoy e Rapha Montes est\u00e3o entre os destaques da 3\u00aa Bienal &hellip;<\/p>\n<p class=\"read-more\"> <a class=\"\" href=\"https:\/\/portaleducacao.guarulhos.sp.gov.br\/wp_site\/portalbienal\/2024\/03\/08\/braulio-bessa-marco-tulio-ilana-casoy-e-rapha-montes-estao-na-programacao-da-bienal-do-livro-de-guarulhos\/\"> <span class=\"screen-reader-text\">Br\u00e1ulio Bessa, Marco Tulio, Ilana Casoy e Rapha Montes est\u00e3o na programa\u00e7\u00e3o da Bienal<\/span> Leia mais &raquo;<\/a><\/p>\n","protected":false},"author":24,"featured_media":8777,"comment_status":"open","ping_status":"open","sticky":true,"template":"","format":"standard","meta":{"_monsterinsights_skip_tracking":false,"_monsterinsights_sitenote_active":false,"_monsterinsights_sitenote_note":"","_monsterinsights_sitenote_category":0,"site-sidebar-layout":"default","site-content-layout":"default","ast-global-header-display":"","ast-main-header-display":"","ast-hfb-above-header-display":"","ast-hfb-below-header-display":"","ast-hfb-mobile-header-display":"","site-post-title":"","ast-breadcrumbs-content":"","ast-featured-img":"","footer-sml-layout":"","theme-transparent-header-meta":"","adv-header-id-meta":"","stick-header-meta":"","header-above-stick-meta":"","header-main-stick-meta":"","header-below-stick-meta":"","_expiration-date-status":"","_expiration-date":0,"_expiration-date-type":"","_expiration-date-categories":[],"_expiration-date-options":[]},"categories":[39,37,40],"tags":[],"yoast_head":"<!-- This site is optimized with the Yoast SEO plugin v19.7.1 - https:\/\/yoast.com\/wordpress\/plugins\/seo\/ -->\r\n<title>Br\u00e1ulio Bessa, Marco Tulio, Ilana Casoy e Rapha Montes est\u00e3o na programa\u00e7\u00e3o da Bienal - Bienal do Livro de Guarulhos - 2024<\/title>\r\n<meta name=\"robots\" content=\"index, follow, max-snippet:-1, max-image-preview:large, max-video-preview:-1\" \/>\r\n<link rel=\"canonical\" href=\"https:\/\/portaleducacao.guarulhos.sp.gov.br\/wp_site\/portalbienal\/2024\/03\/08\/braulio-bessa-marco-tulio-ilana-casoy-e-rapha-montes-estao-na-programacao-da-bienal-do-livro-de-guarulhos\/\" \/>\r\n<meta property=\"og:locale\" content=\"pt_BR\" \/>\r\n<meta property=\"og:type\" content=\"article\" \/>\r\n<meta property=\"og:title\" content=\"Br\u00e1ulio Bessa, Marco Tulio, Ilana Casoy e Rapha Montes est\u00e3o na programa\u00e7\u00e3o da Bienal - Bienal do Livro de Guarulhos - 2024\" \/>\r\n<meta property=\"og:description\" content=\"O poeta Br\u00e1ulio Bessa, o guitarrista do Jota Quest Marco Tulio Lara e os escritores de true crime Ilana Casoy e Rapha Montes est\u00e3o entre os destaques da 3\u00aa Bienal &hellip; Br\u00e1ulio Bessa, Marco Tulio, Ilana Casoy e Rapha Montes est\u00e3o na programa\u00e7\u00e3o da Bienal Leia mais &raquo;\" \/>\r\n<meta property=\"og:url\" content=\"https:\/\/portaleducacao.guarulhos.sp.gov.br\/wp_site\/portalbienal\/2024\/03\/08\/braulio-bessa-marco-tulio-ilana-casoy-e-rapha-montes-estao-na-programacao-da-bienal-do-livro-de-guarulhos\/\" \/>\r\n<meta property=\"og:site_name\" content=\"Bienal do Livro de Guarulhos - 2024\" \/>\r\n<meta property=\"article:published_time\" content=\"2024-03-08T19:34:36+00:00\" \/>\r\n<meta property=\"article:modified_time\" content=\"2024-03-26T15:42:40+00:00\" \/>\r\n<meta property=\"og:image\" content=\"http:\/\/portaleducacao.guarulhos.sp.gov.br\/wp_site\/portalbienal\/wp-content\/uploads\/sites\/22\/2024\/03\/Ilana-Rapha-Braulio-e-Tulio.jpeg\" \/>\r\n\t<meta property=\"og:image:width\" content=\"1600\" \/>\r\n\t<meta property=\"og:image:height\" content=\"1109\" \/>\r\n\t<meta property=\"og:image:type\" content=\"image\/jpeg\" \/>\r\n<meta name=\"author\" content=\"carlavm\" \/>\r\n<meta name=\"twitter:card\" content=\"summary_large_image\" \/>\r\n<meta name=\"twitter:label1\" content=\"Escrito por\" \/>\n\t<meta name=\"twitter:data1\" content=\"carlavm\" \/>\n\t<meta name=\"twitter:label2\" content=\"Est. tempo de leitura\" \/>\n\t<meta name=\"twitter:data2\" content=\"2 minutos\" \/>\r\n<script type=\"application\/ld+json\" class=\"yoast-schema-graph\">{\"@context\":\"https:\/\/schema.org\",\"@graph\":[{\"@type\":\"Article\",\"@id\":\"https:\/\/portaleducacao.guarulhos.sp.gov.br\/wp_site\/portalbienal\/2024\/03\/08\/braulio-bessa-marco-tulio-ilana-casoy-e-rapha-montes-estao-na-programacao-da-bienal-do-livro-de-guarulhos\/#article\",\"isPartOf\":{\"@id\":\"https:\/\/portaleducacao.guarulhos.sp.gov.br\/wp_site\/portalbienal\/2024\/03\/08\/braulio-bessa-marco-tulio-ilana-casoy-e-rapha-montes-estao-na-programacao-da-bienal-do-livro-de-guarulhos\/\"},\"author\":{\"name\":\"carlavm\",\"@id\":\"https:\/\/portaleducacao.guarulhos.sp.gov.br\/wp_site\/portalbienal\/#\/schema\/person\/10d167c03463551fe7460f988dfc14d7\"},\"headline\":\"Br\u00e1ulio Bessa, Marco Tulio, Ilana Casoy e Rapha Montes est\u00e3o na programa\u00e7\u00e3o da Bienal\",\"datePublished\":\"2024-03-08T19:34:36+00:00\",\"dateModified\":\"2024-03-26T15:42:40+00:00\",\"mainEntityOfPage\":{\"@id\":\"https:\/\/portaleducacao.guarulhos.sp.gov.br\/wp_site\/portalbienal\/2024\/03\/08\/braulio-bessa-marco-tulio-ilana-casoy-e-rapha-montes-estao-na-programacao-da-bienal-do-livro-de-guarulhos\/\"},\"wordCount\":380,\"commentCount\":0,\"publisher\":{\"@id\":\"https:\/\/portaleducacao.guarulhos.sp.gov.br\/wp_site\/portalbienal\/#organization\"},\"articleSection\":[\"2024 Not\u00edcias\",\"2024 P\u00e1gina\",\"Bienal 2024\"],\"inLanguage\":\"pt-BR\",\"potentialAction\":[{\"@type\":\"CommentAction\",\"name\":\"Comment\",\"target\":[\"https:\/\/portaleducacao.guarulhos.sp.gov.br\/wp_site\/portalbienal\/2024\/03\/08\/braulio-bessa-marco-tulio-ilana-casoy-e-rapha-montes-estao-na-programacao-da-bienal-do-livro-de-guarulhos\/#respond\"]}]},{\"@type\":\"WebPage\",\"@id\":\"https:\/\/portaleducacao.guarulhos.sp.gov.br\/wp_site\/portalbienal\/2024\/03\/08\/braulio-bessa-marco-tulio-ilana-casoy-e-rapha-montes-estao-na-programacao-da-bienal-do-livro-de-guarulhos\/\",\"url\":\"https:\/\/portaleducacao.guarulhos.sp.gov.br\/wp_site\/portalbienal\/2024\/03\/08\/braulio-bessa-marco-tulio-ilana-casoy-e-rapha-montes-estao-na-programacao-da-bienal-do-livro-de-guarulhos\/\",\"name\":\"Br\u00e1ulio Bessa, Marco Tulio, Ilana Casoy e Rapha Montes est\u00e3o na programa\u00e7\u00e3o da Bienal - Bienal do Livro de Guarulhos - 2024\",\"isPartOf\":{\"@id\":\"https:\/\/portaleducacao.guarulhos.sp.gov.br\/wp_site\/portalbienal\/#website\"},\"datePublished\":\"2024-03-08T19:34:36+00:00\",\"dateModified\":\"2024-03-26T15:42:40+00:00\",\"breadcrumb\":{\"@id\":\"https:\/\/portaleducacao.guarulhos.sp.gov.br\/wp_site\/portalbienal\/2024\/03\/08\/braulio-bessa-marco-tulio-ilana-casoy-e-rapha-montes-estao-na-programacao-da-bienal-do-livro-de-guarulhos\/#breadcrumb\"},\"inLanguage\":\"pt-BR\",\"potentialAction\":[{\"@type\":\"ReadAction\",\"target\":[\"https:\/\/portaleducacao.guarulhos.sp.gov.br\/wp_site\/portalbienal\/2024\/03\/08\/braulio-bessa-marco-tulio-ilana-casoy-e-rapha-montes-estao-na-programacao-da-bienal-do-livro-de-guarulhos\/\"]}]},{\"@type\":\"BreadcrumbList\",\"@id\":\"https:\/\/portaleducacao.guarulhos.sp.gov.br\/wp_site\/portalbienal\/2024\/03\/08\/braulio-bessa-marco-tulio-ilana-casoy-e-rapha-montes-estao-na-programacao-da-bienal-do-livro-de-guarulhos\/#breadcrumb\",\"itemListElement\":[{\"@type\":\"ListItem\",\"position\":1,\"name\":\"In\u00edcio\",\"item\":\"https:\/\/portaleducacao.guarulhos.sp.gov.br\/wp_site\/portalbienal\/\"},{\"@type\":\"ListItem\",\"position\":2,\"name\":\"Br\u00e1ulio Bessa, Marco Tulio, Ilana Casoy e Rapha Montes est\u00e3o na programa\u00e7\u00e3o da Bienal\"}]},{\"@type\":\"WebSite\",\"@id\":\"https:\/\/portaleducacao.guarulhos.sp.gov.br\/wp_site\/portalbienal\/#website\",\"url\":\"https:\/\/portaleducacao.guarulhos.sp.gov.br\/wp_site\/portalbienal\/\",\"name\":\"Bienal do Livro de Guarulhos - 2024\",\"description\":\"Secretaria de Educa\u00e7\u00e3o - Prefeitura de Guarulhos\",\"publisher\":{\"@id\":\"https:\/\/portaleducacao.guarulhos.sp.gov.br\/wp_site\/portalbienal\/#organization\"},\"potentialAction\":[{\"@type\":\"SearchAction\",\"target\":{\"@type\":\"EntryPoint\",\"urlTemplate\":\"https:\/\/portaleducacao.guarulhos.sp.gov.br\/wp_site\/portalbienal\/?s={search_term_string}\"},\"query-input\":\"required name=search_term_string\"}],\"inLanguage\":\"pt-BR\"},{\"@type\":\"Organization\",\"@id\":\"https:\/\/portaleducacao.guarulhos.sp.gov.br\/wp_site\/portalbienal\/#organization\",\"name\":\"Bienal do Livro de Guarulhos - 2024\",\"url\":\"https:\/\/portaleducacao.guarulhos.sp.gov.br\/wp_site\/portalbienal\/\",\"sameAs\":[],\"logo\":{\"@type\":\"ImageObject\",\"inLanguage\":\"pt-BR\",\"@id\":\"https:\/\/portaleducacao.guarulhos.sp.gov.br\/wp_site\/portalbienal\/#\/schema\/logo\/image\/\",\"url\":\"https:\/\/portaleducacao.guarulhos.sp.gov.br\/wp_site\/portalbienal\/wp-content\/uploads\/sites\/22\/2022\/07\/logo_site.jpg\",\"contentUrl\":\"https:\/\/portaleducacao.guarulhos.sp.gov.br\/wp_site\/portalbienal\/wp-content\/uploads\/sites\/22\/2022\/07\/logo_site.jpg\",\"width\":350,\"height\":100,\"caption\":\"Bienal do Livro de Guarulhos - 2024\"},\"image\":{\"@id\":\"https:\/\/portaleducacao.guarulhos.sp.gov.br\/wp_site\/portalbienal\/#\/schema\/logo\/image\/\"}},{\"@type\":\"Person\",\"@id\":\"https:\/\/portaleducacao.guarulhos.sp.gov.br\/wp_site\/portalbienal\/#\/schema\/person\/10d167c03463551fe7460f988dfc14d7\",\"name\":\"carlavm\",\"image\":{\"@type\":\"ImageObject\",\"inLanguage\":\"pt-BR\",\"@id\":\"https:\/\/portaleducacao.guarulhos.sp.gov.br\/wp_site\/portalbienal\/#\/schema\/person\/image\/\",\"url\":\"https:\/\/secure.gravatar.com\/avatar\/b89c22cab4ed3fb14a431c42dccbd61d?s=96&d=mm&r=g\",\"contentUrl\":\"https:\/\/secure.gravatar.com\/avatar\/b89c22cab4ed3fb14a431c42dccbd61d?s=96&d=mm&r=g\",\"caption\":\"carlavm\"},\"url\":\"https:\/\/portaleducacao.guarulhos.sp.gov.br\/wp_site\/portalbienal\/author\/carlavm\/\"}]}<\/script>\r\n<!-- \/ Yoast SEO plugin. -->","yoast_head_json":{"title":"Br\u00e1ulio Bessa, Marco Tulio, Ilana Casoy e Rapha Montes est\u00e3o na programa\u00e7\u00e3o da Bienal - Bienal do Livro de Guarulhos - 2024","robots":{"index":"index","follow":"follow","max-snippet":"max-snippet:-1","max-image-preview":"max-image-preview:large","max-video-preview":"max-video-preview:-1"},"canonical":"https:\/\/portaleducacao.guarulhos.sp.gov.br\/wp_site\/portalbienal\/2024\/03\/08\/braulio-bessa-marco-tulio-ilana-casoy-e-rapha-montes-estao-na-programacao-da-bienal-do-livro-de-guarulhos\/","og_locale":"pt_BR","og_type":"article","og_title":"Br\u00e1ulio Bessa, Marco Tulio, Ilana Casoy e Rapha Montes est\u00e3o na programa\u00e7\u00e3o da Bienal - Bienal do Livro de Guarulhos - 2024","og_description":"O poeta Br\u00e1ulio Bessa, o guitarrista do Jota Quest Marco Tulio Lara e os escritores de true crime Ilana Casoy e Rapha Montes est\u00e3o entre os destaques da 3\u00aa Bienal &hellip; Br\u00e1ulio Bessa, Marco Tulio, Ilana Casoy e Rapha Montes est\u00e3o na programa\u00e7\u00e3o da Bienal Leia mais &raquo;","og_url":"https:\/\/portaleducacao.guarulhos.sp.gov.br\/wp_site\/portalbienal\/2024\/03\/08\/braulio-bessa-marco-tulio-ilana-casoy-e-rapha-montes-estao-na-programacao-da-bienal-do-livro-de-guarulhos\/","og_site_name":"Bienal do Livro de Guarulhos - 2024","article_published_time":"2024-03-08T19:34:36+00:00","article_modified_time":"2024-03-26T15:42:40+00:00","og_image":[{"width":1600,"height":1109,"url":"http:\/\/portaleducacao.guarulhos.sp.gov.br\/wp_site\/portalbienal\/wp-content\/uploads\/sites\/22\/2024\/03\/Ilana-Rapha-Braulio-e-Tulio.jpeg","type":"image\/jpeg"}],"author":"carlavm","twitter_card":"summary_large_image","twitter_misc":{"Escrito por":"carlavm","Est. tempo de leitura":"2 minutos"},"schema":{"@context":"https:\/\/schema.org","@graph":[{"@type":"Article","@id":"https:\/\/portaleducacao.guarulhos.sp.gov.br\/wp_site\/portalbienal\/2024\/03\/08\/braulio-bessa-marco-tulio-ilana-casoy-e-rapha-montes-estao-na-programacao-da-bienal-do-livro-de-guarulhos\/#article","isPartOf":{"@id":"https:\/\/portaleducacao.guarulhos.sp.gov.br\/wp_site\/portalbienal\/2024\/03\/08\/braulio-bessa-marco-tulio-ilana-casoy-e-rapha-montes-estao-na-programacao-da-bienal-do-livro-de-guarulhos\/"},"author":{"name":"carlavm","@id":"https:\/\/portaleducacao.guarulhos.sp.gov.br\/wp_site\/portalbienal\/#\/schema\/person\/10d167c03463551fe7460f988dfc14d7"},"headline":"Br\u00e1ulio Bessa, Marco Tulio, Ilana Casoy e Rapha Montes est\u00e3o na programa\u00e7\u00e3o da Bienal","datePublished":"2024-03-08T19:34:36+00:00","dateModified":"2024-03-26T15:42:40+00:00","mainEntityOfPage":{"@id":"https:\/\/portaleducacao.guarulhos.sp.gov.br\/wp_site\/portalbienal\/2024\/03\/08\/braulio-bessa-marco-tulio-ilana-casoy-e-rapha-montes-estao-na-programacao-da-bienal-do-livro-de-guarulhos\/"},"wordCount":380,"commentCount":0,"publisher":{"@id":"https:\/\/portaleducacao.guarulhos.sp.gov.br\/wp_site\/portalbienal\/#organization"},"articleSection":["2024 Not\u00edcias","2024 P\u00e1gina","Bienal 2024"],"inLanguage":"pt-BR","potentialAction":[{"@type":"CommentAction","name":"Comment","target":["https:\/\/portaleducacao.guarulhos.sp.gov.br\/wp_site\/portalbienal\/2024\/03\/08\/braulio-bessa-marco-tulio-ilana-casoy-e-rapha-montes-estao-na-programacao-da-bienal-do-livro-de-guarulhos\/#respond"]}]},{"@type":"WebPage","@id":"https:\/\/portaleducacao.guarulhos.sp.gov.br\/wp_site\/portalbienal\/2024\/03\/08\/braulio-bessa-marco-tulio-ilana-casoy-e-rapha-montes-estao-na-programacao-da-bienal-do-livro-de-guarulhos\/","url":"https:\/\/portaleducacao.guarulhos.sp.gov.br\/wp_site\/portalbienal\/2024\/03\/08\/braulio-bessa-marco-tulio-ilana-casoy-e-rapha-montes-estao-na-programacao-da-bienal-do-livro-de-guarulhos\/","name":"Br\u00e1ulio Bessa, Marco Tulio, Ilana Casoy e Rapha Montes est\u00e3o na programa\u00e7\u00e3o da Bienal - Bienal do Livro de Guarulhos - 2024","isPartOf":{"@id":"https:\/\/portaleducacao.guarulhos.sp.gov.br\/wp_site\/portalbienal\/#website"},"datePublished":"2024-03-08T19:34:36+00:00","dateModified":"2024-03-26T15:42:40+00:00","breadcrumb":{"@id":"https:\/\/portaleducacao.guarulhos.sp.gov.br\/wp_site\/portalbienal\/2024\/03\/08\/braulio-bessa-marco-tulio-ilana-casoy-e-rapha-montes-estao-na-programacao-da-bienal-do-livro-de-guarulhos\/#breadcrumb"},"inLanguage":"pt-BR","potentialAction":[{"@type":"ReadAction","target":["https:\/\/portaleducacao.guarulhos.sp.gov.br\/wp_site\/portalbienal\/2024\/03\/08\/braulio-bessa-marco-tulio-ilana-casoy-e-rapha-montes-estao-na-programacao-da-bienal-do-livro-de-guarulhos\/"]}]},{"@type":"BreadcrumbList","@id":"https:\/\/portaleducacao.guarulhos.sp.gov.br\/wp_site\/portalbienal\/2024\/03\/08\/braulio-bessa-marco-tulio-ilana-casoy-e-rapha-montes-estao-na-programacao-da-bienal-do-livro-de-guarulhos\/#breadcrumb","itemListElement":[{"@type":"ListItem","position":1,"name":"In\u00edcio","item":"https:\/\/portaleducacao.guarulhos.sp.gov.br\/wp_site\/portalbienal\/"},{"@type":"ListItem","position":2,"name":"Br\u00e1ulio Bessa, Marco Tulio, Ilana Casoy e Rapha Montes est\u00e3o na programa\u00e7\u00e3o da Bienal"}]},{"@type":"WebSite","@id":"https:\/\/portaleducacao.guarulhos.sp.gov.br\/wp_site\/portalbienal\/#website","url":"https:\/\/portaleducacao.guarulhos.sp.gov.br\/wp_site\/portalbienal\/","name":"Bienal do Livro de Guarulhos - 2024","description":"Secretaria de Educa\u00e7\u00e3o - Prefeitura de Guarulhos","publisher":{"@id":"https:\/\/portaleducacao.guarulhos.sp.gov.br\/wp_site\/portalbienal\/#organization"},"potentialAction":[{"@type":"SearchAction","target":{"@type":"EntryPoint","urlTemplate":"https:\/\/portaleducacao.guarulhos.sp.gov.br\/wp_site\/portalbienal\/?s={search_term_string}"},"query-input":"required name=search_term_string"}],"inLanguage":"pt-BR"},{"@type":"Organization","@id":"https:\/\/portaleducacao.guarulhos.sp.gov.br\/wp_site\/portalbienal\/#organization","name":"Bienal do Livro de Guarulhos - 2024","url":"https:\/\/portaleducacao.guarulhos.sp.gov.br\/wp_site\/portalbienal\/","sameAs":[],"logo":{"@type":"ImageObject","inLanguage":"pt-BR","@id":"https:\/\/portaleducacao.guarulhos.sp.gov.br\/wp_site\/portalbienal\/#\/schema\/logo\/image\/","url":"https:\/\/portaleducacao.guarulhos.sp.gov.br\/wp_site\/portalbienal\/wp-content\/uploads\/sites\/22\/2022\/07\/logo_site.jpg","contentUrl":"https:\/\/portaleducacao.guarulhos.sp.gov.br\/wp_site\/portalbienal\/wp-content\/uploads\/sites\/22\/2022\/07\/logo_site.jpg","width":350,"height":100,"caption":"Bienal do Livro de Guarulhos - 2024"},"image":{"@id":"https:\/\/portaleducacao.guarulhos.sp.gov.br\/wp_site\/portalbienal\/#\/schema\/logo\/image\/"}},{"@type":"Person","@id":"https:\/\/portaleducacao.guarulhos.sp.gov.br\/wp_site\/portalbienal\/#\/schema\/person\/10d167c03463551fe7460f988dfc14d7","name":"carlavm","image":{"@type":"ImageObject","inLanguage":"pt-BR","@id":"https:\/\/portaleducacao.guarulhos.sp.gov.br\/wp_site\/portalbienal\/#\/schema\/person\/image\/","url":"https:\/\/secure.gravatar.com\/avatar\/b89c22cab4ed3fb14a431c42dccbd61d?s=96&d=mm&r=g","contentUrl":"https:\/\/secure.gravatar.com\/avatar\/b89c22cab4ed3fb14a431c42dccbd61d?s=96&d=mm&r=g","caption":"carlavm"},"url":"https:\/\/portaleducacao.guarulhos.sp.gov.br\/wp_site\/portalbienal\/author\/carlavm\/"}]}},"_links":{"self":[{"href":"https:\/\/portaleducacao.guarulhos.sp.gov.br\/wp_site\/portalbienal\/wp-json\/wp\/v2\/posts\/8776"}],"collection":[{"href":"https:\/\/portaleducacao.guarulhos.sp.gov.br\/wp_site\/portalbienal\/wp-json\/wp\/v2\/posts"}],"about":[{"href":"https:\/\/portaleducacao.guarulhos.sp.gov.br\/wp_site\/portalbienal\/wp-json\/wp\/v2\/types\/post"}],"author":[{"embeddable":true,"href":"https:\/\/portaleducacao.guarulhos.sp.gov.br\/wp_site\/portalbienal\/wp-json\/wp\/v2\/users\/24"}],"replies":[{"embeddable":true,"href":"https:\/\/portaleducacao.guarulhos.sp.gov.br\/wp_site\/portalbienal\/wp-json\/wp\/v2\/comments?post=8776"}],"version-history":[{"count":3,"href":"https:\/\/portaleducacao.guarulhos.sp.gov.br\/wp_site\/portalbienal\/wp-json\/wp\/v2\/posts\/8776\/revisions"}],"predecessor-version":[{"id":9369,"href":"https:\/\/portaleducacao.guarulhos.sp.gov.br\/wp_site\/portalbienal\/wp-json\/wp\/v2\/posts\/8776\/revisions\/9369"}],"wp:featuredmedia":[{"embeddable":true,"href":"https:\/\/portaleducacao.guarulhos.sp.gov.br\/wp_site\/portalbienal\/wp-json\/wp\/v2\/media\/8777"}],"wp:attachment":[{"href":"https:\/\/portaleducacao.guarulhos.sp.gov.br\/wp_site\/portalbienal\/wp-json\/wp\/v2\/media?parent=8776"}],"wp:term":[{"taxonomy":"category","embeddable":true,"href":"https:\/\/portaleducacao.guarulhos.sp.gov.br\/wp_site\/portalbienal\/wp-json\/wp\/v2\/categories?post=8776"},{"taxonomy":"post_tag","embeddable":true,"href":"https:\/\/portaleducacao.guarulhos.sp.gov.br\/wp_site\/portalbienal\/wp-json\/wp\/v2\/tags?post=8776"}],"curies":[{"name":"wp","href":"https:\/\/api.w.org\/{rel}","templated":true}]}}