{"id":8869,"date":"2024-03-11T09:09:58","date_gmt":"2024-03-11T12:09:58","guid":{"rendered":"https:\/\/portaleducacao.guarulhos.sp.gov.br\/wp_site\/portalbienal\/?p=8869"},"modified":"2024-03-17T17:16:12","modified_gmt":"2024-03-17T20:16:12","slug":"rodrigo-franca-e-marcelo-duarte-tem-presenca-confirmada-na-bienal-internacional-do-livro-de-guarulhos","status":"publish","type":"post","link":"https:\/\/portaleducacao.guarulhos.sp.gov.br\/wp_site\/portalbienal\/2024\/03\/11\/rodrigo-franca-e-marcelo-duarte-tem-presenca-confirmada-na-bienal-internacional-do-livro-de-guarulhos\/","title":{"rendered":"Rodrigo Fran\u00e7a e Marcelo Duarte t\u00eam presen\u00e7a confirmada na Bienal Internacional do Livro de Guarulhos"},"content":{"rendered":"\n<p>Os escritores Rodrigo Fran\u00e7a e Marcelo Duarte j\u00e1 confirmaram presen\u00e7a na 3\u00aa Bienal Internacional do Livro de Guarulhos, maior evento liter\u00e1rio da cidade que acontece entre os dias 15 e 24 de mar\u00e7o, no Espa\u00e7o Inter.<\/p>\n\n\n\n<p>No dia 21 de mar\u00e7o, quinta, o dramaturgo, ator, diretor, soci\u00f3logo, fil\u00f3sofo e escritor dos livros O Pequeno Pr\u00edncipe Preto e O Pequeno Pr\u00edncipe Preto para Pequenos, Rodrigo Fran\u00e7a faz um bate-papo com o p\u00fablico do Audit\u00f3rio Azul, \u00e0s 20h. Rodrigo Fran\u00e7a \u00e9 respons\u00e1vel pela dramaturgia e dire\u00e7\u00e3o do espet\u00e1culo infantojuvenil inspirado na obra, que discute os estere\u00f3tipos associados \u00e0 representa\u00e7\u00e3o dos negros como her\u00f3is infantis.<\/p>\n\n\n\n<p>Jornalista e escritor, Marcelo Duarte estar\u00e1 no Audit\u00f3rio Azul no dia 22, sexta, para bate-papo e sess\u00e3o de aut\u00f3grafos com o p\u00fablico \u00e0s 20h. Marcelo Duarte lan\u00e7ou a primeira edi\u00e7\u00e3o de O Guia dos Curiosos em 1995, que hoje conta com uma cole\u00e7\u00e3o com dez volumes. Atualmente produz tamb\u00e9m conte\u00fado curioso nas redes sociais do @guiadoscuriosos.<\/p>\n\n\n\n<p>Nos pr\u00f3ximos dias, toda a programa\u00e7\u00e3o da 3\u00aa Bienal Internacional do Livro de Guarulhos e o link para retirada de ingressos estar\u00e3o dispon\u00edveis em <strong><em><a href=\"http:\/\/bienaldolivro.guarulhos.sp.gov.br\" target=\"_blank\" rel=\"noreferrer noopener\">http:\/\/bienaldolivro.guarulhos.sp.gov.br<\/a><\/em><\/strong>.<\/p>\n\n\n\n<p>Se voc\u00ea n\u00e3o conseguiu garantir seu ingresso online ainda pode tentar participar desta atividade na Xepa dos Ingressos, no dia do evento. Para isso, basta chegar com pelo menos 30 minutos de anteced\u00eancia ao local e aguardar na fila de espera. Em caso de desist\u00eancias, sua entrada \u00e9 liberada por ordem de chegada, at\u00e9 a lota\u00e7\u00e3o m\u00e1xima permitida no audit\u00f3rio.<\/p>\n\n\n\n<p>A 3\u00aa Bienal Internacional do Livro de Guarulhos \u00e9 um evento gratuito e acontece de 15 a 24 de mar\u00e7o, de segunda a s\u00e1bado, das 10h \u00e0s 22h, e aos domingos, das 10h \u00e0s 20h, no Espa\u00e7o Inter, na Av. Jo\u00e3o Cavalari, 133, Vila Herm\u00ednia.<\/p>\n\n\n\n<p>Para mais informa\u00e7\u00f5es, siga o perfil da Bienal no Instagram <strong><em><a href=\"https:\/\/www.instagram.com\/bienaldolivrogru\/\" target=\"_blank\" rel=\"noreferrer noopener\">@bienaldolivrogru<\/a><\/em><\/strong>.<\/p>\n","protected":false},"excerpt":{"rendered":"<p>Os escritores Rodrigo Fran\u00e7a e Marcelo Duarte j\u00e1 confirmaram presen\u00e7a na 3\u00aa Bienal Internacional do Livro de Guarulhos, maior evento liter\u00e1rio da cidade que acontece entre os dias 15 e &hellip;<\/p>\n<p class=\"read-more\"> <a class=\"\" href=\"https:\/\/portaleducacao.guarulhos.sp.gov.br\/wp_site\/portalbienal\/2024\/03\/11\/rodrigo-franca-e-marcelo-duarte-tem-presenca-confirmada-na-bienal-internacional-do-livro-de-guarulhos\/\"> <span class=\"screen-reader-text\">Rodrigo Fran\u00e7a e Marcelo Duarte t\u00eam presen\u00e7a confirmada na Bienal Internacional do Livro de Guarulhos<\/span> Leia mais &raquo;<\/a><\/p>\n","protected":false},"author":24,"featured_media":8870,"comment_status":"open","ping_status":"open","sticky":true,"template":"","format":"standard","meta":{"_monsterinsights_skip_tracking":false,"_monsterinsights_sitenote_active":false,"_monsterinsights_sitenote_note":"","_monsterinsights_sitenote_category":0,"site-sidebar-layout":"default","site-content-layout":"default","ast-global-header-display":"","ast-main-header-display":"","ast-hfb-above-header-display":"","ast-hfb-below-header-display":"","ast-hfb-mobile-header-display":"","site-post-title":"","ast-breadcrumbs-content":"","ast-featured-img":"","footer-sml-layout":"","theme-transparent-header-meta":"","adv-header-id-meta":"","stick-header-meta":"","header-above-stick-meta":"","header-main-stick-meta":"","header-below-stick-meta":"","_expiration-date-status":"","_expiration-date":0,"_expiration-date-type":"","_expiration-date-categories":[],"_expiration-date-options":[]},"categories":[39,37,40],"tags":[],"yoast_head":"<!-- This site is optimized with the Yoast SEO plugin v19.7.1 - https:\/\/yoast.com\/wordpress\/plugins\/seo\/ -->\r\n<title>Rodrigo Fran\u00e7a e Marcelo Duarte t\u00eam presen\u00e7a confirmada na Bienal Internacional do Livro de Guarulhos - Bienal do Livro de Guarulhos - 2024<\/title>\r\n<meta name=\"robots\" content=\"index, follow, max-snippet:-1, max-image-preview:large, max-video-preview:-1\" \/>\r\n<link rel=\"canonical\" href=\"https:\/\/portaleducacao.guarulhos.sp.gov.br\/wp_site\/portalbienal\/2024\/03\/11\/rodrigo-franca-e-marcelo-duarte-tem-presenca-confirmada-na-bienal-internacional-do-livro-de-guarulhos\/\" \/>\r\n<meta property=\"og:locale\" content=\"pt_BR\" \/>\r\n<meta property=\"og:type\" content=\"article\" \/>\r\n<meta property=\"og:title\" content=\"Rodrigo Fran\u00e7a e Marcelo Duarte t\u00eam presen\u00e7a confirmada na Bienal Internacional do Livro de Guarulhos - Bienal do Livro de Guarulhos - 2024\" \/>\r\n<meta property=\"og:description\" content=\"Os escritores Rodrigo Fran\u00e7a e Marcelo Duarte j\u00e1 confirmaram presen\u00e7a na 3\u00aa Bienal Internacional do Livro de Guarulhos, maior evento liter\u00e1rio da cidade que acontece entre os dias 15 e &hellip; Rodrigo Fran\u00e7a e Marcelo Duarte t\u00eam presen\u00e7a confirmada na Bienal Internacional do Livro de Guarulhos Leia mais &raquo;\" \/>\r\n<meta property=\"og:url\" content=\"https:\/\/portaleducacao.guarulhos.sp.gov.br\/wp_site\/portalbienal\/2024\/03\/11\/rodrigo-franca-e-marcelo-duarte-tem-presenca-confirmada-na-bienal-internacional-do-livro-de-guarulhos\/\" \/>\r\n<meta property=\"og:site_name\" content=\"Bienal do Livro de Guarulhos - 2024\" \/>\r\n<meta property=\"article:published_time\" content=\"2024-03-11T12:09:58+00:00\" \/>\r\n<meta property=\"article:modified_time\" content=\"2024-03-17T20:16:12+00:00\" \/>\r\n<meta property=\"og:image\" content=\"http:\/\/portaleducacao.guarulhos.sp.gov.br\/wp_site\/portalbienal\/wp-content\/uploads\/sites\/22\/2024\/03\/1a18c69d-d953-4f5f-af67-3aee092b08e0.jpeg\" \/>\r\n\t<meta property=\"og:image:width\" content=\"1563\" \/>\r\n\t<meta property=\"og:image:height\" content=\"1084\" \/>\r\n\t<meta property=\"og:image:type\" content=\"image\/jpeg\" \/>\r\n<meta name=\"author\" content=\"carlavm\" \/>\r\n<meta name=\"twitter:card\" content=\"summary_large_image\" \/>\r\n<meta name=\"twitter:label1\" content=\"Escrito por\" \/>\n\t<meta name=\"twitter:data1\" content=\"carlavm\" \/>\n\t<meta name=\"twitter:label2\" content=\"Est. tempo de leitura\" \/>\n\t<meta name=\"twitter:data2\" content=\"2 minutos\" \/>\r\n<script type=\"application\/ld+json\" class=\"yoast-schema-graph\">{\"@context\":\"https:\/\/schema.org\",\"@graph\":[{\"@type\":\"Article\",\"@id\":\"https:\/\/portaleducacao.guarulhos.sp.gov.br\/wp_site\/portalbienal\/2024\/03\/11\/rodrigo-franca-e-marcelo-duarte-tem-presenca-confirmada-na-bienal-internacional-do-livro-de-guarulhos\/#article\",\"isPartOf\":{\"@id\":\"https:\/\/portaleducacao.guarulhos.sp.gov.br\/wp_site\/portalbienal\/2024\/03\/11\/rodrigo-franca-e-marcelo-duarte-tem-presenca-confirmada-na-bienal-internacional-do-livro-de-guarulhos\/\"},\"author\":{\"name\":\"carlavm\",\"@id\":\"https:\/\/portaleducacao.guarulhos.sp.gov.br\/wp_site\/portalbienal\/#\/schema\/person\/10d167c03463551fe7460f988dfc14d7\"},\"headline\":\"Rodrigo Fran\u00e7a e Marcelo Duarte t\u00eam presen\u00e7a confirmada na Bienal Internacional do Livro de Guarulhos\",\"datePublished\":\"2024-03-11T12:09:58+00:00\",\"dateModified\":\"2024-03-17T20:16:12+00:00\",\"mainEntityOfPage\":{\"@id\":\"https:\/\/portaleducacao.guarulhos.sp.gov.br\/wp_site\/portalbienal\/2024\/03\/11\/rodrigo-franca-e-marcelo-duarte-tem-presenca-confirmada-na-bienal-internacional-do-livro-de-guarulhos\/\"},\"wordCount\":362,\"commentCount\":0,\"publisher\":{\"@id\":\"https:\/\/portaleducacao.guarulhos.sp.gov.br\/wp_site\/portalbienal\/#organization\"},\"articleSection\":[\"2024 Not\u00edcias\",\"2024 P\u00e1gina\",\"Bienal 2024\"],\"inLanguage\":\"pt-BR\",\"potentialAction\":[{\"@type\":\"CommentAction\",\"name\":\"Comment\",\"target\":[\"https:\/\/portaleducacao.guarulhos.sp.gov.br\/wp_site\/portalbienal\/2024\/03\/11\/rodrigo-franca-e-marcelo-duarte-tem-presenca-confirmada-na-bienal-internacional-do-livro-de-guarulhos\/#respond\"]}]},{\"@type\":\"WebPage\",\"@id\":\"https:\/\/portaleducacao.guarulhos.sp.gov.br\/wp_site\/portalbienal\/2024\/03\/11\/rodrigo-franca-e-marcelo-duarte-tem-presenca-confirmada-na-bienal-internacional-do-livro-de-guarulhos\/\",\"url\":\"https:\/\/portaleducacao.guarulhos.sp.gov.br\/wp_site\/portalbienal\/2024\/03\/11\/rodrigo-franca-e-marcelo-duarte-tem-presenca-confirmada-na-bienal-internacional-do-livro-de-guarulhos\/\",\"name\":\"Rodrigo Fran\u00e7a e Marcelo Duarte t\u00eam presen\u00e7a confirmada na Bienal Internacional do Livro de Guarulhos - Bienal do Livro de Guarulhos - 2024\",\"isPartOf\":{\"@id\":\"https:\/\/portaleducacao.guarulhos.sp.gov.br\/wp_site\/portalbienal\/#website\"},\"datePublished\":\"2024-03-11T12:09:58+00:00\",\"dateModified\":\"2024-03-17T20:16:12+00:00\",\"breadcrumb\":{\"@id\":\"https:\/\/portaleducacao.guarulhos.sp.gov.br\/wp_site\/portalbienal\/2024\/03\/11\/rodrigo-franca-e-marcelo-duarte-tem-presenca-confirmada-na-bienal-internacional-do-livro-de-guarulhos\/#breadcrumb\"},\"inLanguage\":\"pt-BR\",\"potentialAction\":[{\"@type\":\"ReadAction\",\"target\":[\"https:\/\/portaleducacao.guarulhos.sp.gov.br\/wp_site\/portalbienal\/2024\/03\/11\/rodrigo-franca-e-marcelo-duarte-tem-presenca-confirmada-na-bienal-internacional-do-livro-de-guarulhos\/\"]}]},{\"@type\":\"BreadcrumbList\",\"@id\":\"https:\/\/portaleducacao.guarulhos.sp.gov.br\/wp_site\/portalbienal\/2024\/03\/11\/rodrigo-franca-e-marcelo-duarte-tem-presenca-confirmada-na-bienal-internacional-do-livro-de-guarulhos\/#breadcrumb\",\"itemListElement\":[{\"@type\":\"ListItem\",\"position\":1,\"name\":\"In\u00edcio\",\"item\":\"https:\/\/portaleducacao.guarulhos.sp.gov.br\/wp_site\/portalbienal\/\"},{\"@type\":\"ListItem\",\"position\":2,\"name\":\"Rodrigo Fran\u00e7a e Marcelo Duarte t\u00eam presen\u00e7a confirmada na Bienal Internacional do Livro de Guarulhos\"}]},{\"@type\":\"WebSite\",\"@id\":\"https:\/\/portaleducacao.guarulhos.sp.gov.br\/wp_site\/portalbienal\/#website\",\"url\":\"https:\/\/portaleducacao.guarulhos.sp.gov.br\/wp_site\/portalbienal\/\",\"name\":\"Bienal do Livro de Guarulhos - 2024\",\"description\":\"Secretaria de Educa\u00e7\u00e3o - Prefeitura de Guarulhos\",\"publisher\":{\"@id\":\"https:\/\/portaleducacao.guarulhos.sp.gov.br\/wp_site\/portalbienal\/#organization\"},\"potentialAction\":[{\"@type\":\"SearchAction\",\"target\":{\"@type\":\"EntryPoint\",\"urlTemplate\":\"https:\/\/portaleducacao.guarulhos.sp.gov.br\/wp_site\/portalbienal\/?s={search_term_string}\"},\"query-input\":\"required name=search_term_string\"}],\"inLanguage\":\"pt-BR\"},{\"@type\":\"Organization\",\"@id\":\"https:\/\/portaleducacao.guarulhos.sp.gov.br\/wp_site\/portalbienal\/#organization\",\"name\":\"Bienal do Livro de Guarulhos - 2024\",\"url\":\"https:\/\/portaleducacao.guarulhos.sp.gov.br\/wp_site\/portalbienal\/\",\"sameAs\":[],\"logo\":{\"@type\":\"ImageObject\",\"inLanguage\":\"pt-BR\",\"@id\":\"https:\/\/portaleducacao.guarulhos.sp.gov.br\/wp_site\/portalbienal\/#\/schema\/logo\/image\/\",\"url\":\"https:\/\/portaleducacao.guarulhos.sp.gov.br\/wp_site\/portalbienal\/wp-content\/uploads\/sites\/22\/2022\/07\/logo_site.jpg\",\"contentUrl\":\"https:\/\/portaleducacao.guarulhos.sp.gov.br\/wp_site\/portalbienal\/wp-content\/uploads\/sites\/22\/2022\/07\/logo_site.jpg\",\"width\":350,\"height\":100,\"caption\":\"Bienal do Livro de Guarulhos - 2024\"},\"image\":{\"@id\":\"https:\/\/portaleducacao.guarulhos.sp.gov.br\/wp_site\/portalbienal\/#\/schema\/logo\/image\/\"}},{\"@type\":\"Person\",\"@id\":\"https:\/\/portaleducacao.guarulhos.sp.gov.br\/wp_site\/portalbienal\/#\/schema\/person\/10d167c03463551fe7460f988dfc14d7\",\"name\":\"carlavm\",\"image\":{\"@type\":\"ImageObject\",\"inLanguage\":\"pt-BR\",\"@id\":\"https:\/\/portaleducacao.guarulhos.sp.gov.br\/wp_site\/portalbienal\/#\/schema\/person\/image\/\",\"url\":\"https:\/\/secure.gravatar.com\/avatar\/b89c22cab4ed3fb14a431c42dccbd61d?s=96&d=mm&r=g\",\"contentUrl\":\"https:\/\/secure.gravatar.com\/avatar\/b89c22cab4ed3fb14a431c42dccbd61d?s=96&d=mm&r=g\",\"caption\":\"carlavm\"},\"url\":\"https:\/\/portaleducacao.guarulhos.sp.gov.br\/wp_site\/portalbienal\/author\/carlavm\/\"}]}<\/script>\r\n<!-- \/ Yoast SEO plugin. -->","yoast_head_json":{"title":"Rodrigo Fran\u00e7a e Marcelo Duarte t\u00eam presen\u00e7a confirmada na Bienal Internacional do Livro de Guarulhos - Bienal do Livro de Guarulhos - 2024","robots":{"index":"index","follow":"follow","max-snippet":"max-snippet:-1","max-image-preview":"max-image-preview:large","max-video-preview":"max-video-preview:-1"},"canonical":"https:\/\/portaleducacao.guarulhos.sp.gov.br\/wp_site\/portalbienal\/2024\/03\/11\/rodrigo-franca-e-marcelo-duarte-tem-presenca-confirmada-na-bienal-internacional-do-livro-de-guarulhos\/","og_locale":"pt_BR","og_type":"article","og_title":"Rodrigo Fran\u00e7a e Marcelo Duarte t\u00eam presen\u00e7a confirmada na Bienal Internacional do Livro de Guarulhos - Bienal do Livro de Guarulhos - 2024","og_description":"Os escritores Rodrigo Fran\u00e7a e Marcelo Duarte j\u00e1 confirmaram presen\u00e7a na 3\u00aa Bienal Internacional do Livro de Guarulhos, maior evento liter\u00e1rio da cidade que acontece entre os dias 15 e &hellip; Rodrigo Fran\u00e7a e Marcelo Duarte t\u00eam presen\u00e7a confirmada na Bienal Internacional do Livro de Guarulhos Leia mais &raquo;","og_url":"https:\/\/portaleducacao.guarulhos.sp.gov.br\/wp_site\/portalbienal\/2024\/03\/11\/rodrigo-franca-e-marcelo-duarte-tem-presenca-confirmada-na-bienal-internacional-do-livro-de-guarulhos\/","og_site_name":"Bienal do Livro de Guarulhos - 2024","article_published_time":"2024-03-11T12:09:58+00:00","article_modified_time":"2024-03-17T20:16:12+00:00","og_image":[{"width":1563,"height":1084,"url":"http:\/\/portaleducacao.guarulhos.sp.gov.br\/wp_site\/portalbienal\/wp-content\/uploads\/sites\/22\/2024\/03\/1a18c69d-d953-4f5f-af67-3aee092b08e0.jpeg","type":"image\/jpeg"}],"author":"carlavm","twitter_card":"summary_large_image","twitter_misc":{"Escrito por":"carlavm","Est. tempo de leitura":"2 minutos"},"schema":{"@context":"https:\/\/schema.org","@graph":[{"@type":"Article","@id":"https:\/\/portaleducacao.guarulhos.sp.gov.br\/wp_site\/portalbienal\/2024\/03\/11\/rodrigo-franca-e-marcelo-duarte-tem-presenca-confirmada-na-bienal-internacional-do-livro-de-guarulhos\/#article","isPartOf":{"@id":"https:\/\/portaleducacao.guarulhos.sp.gov.br\/wp_site\/portalbienal\/2024\/03\/11\/rodrigo-franca-e-marcelo-duarte-tem-presenca-confirmada-na-bienal-internacional-do-livro-de-guarulhos\/"},"author":{"name":"carlavm","@id":"https:\/\/portaleducacao.guarulhos.sp.gov.br\/wp_site\/portalbienal\/#\/schema\/person\/10d167c03463551fe7460f988dfc14d7"},"headline":"Rodrigo Fran\u00e7a e Marcelo Duarte t\u00eam presen\u00e7a confirmada na Bienal Internacional do Livro de Guarulhos","datePublished":"2024-03-11T12:09:58+00:00","dateModified":"2024-03-17T20:16:12+00:00","mainEntityOfPage":{"@id":"https:\/\/portaleducacao.guarulhos.sp.gov.br\/wp_site\/portalbienal\/2024\/03\/11\/rodrigo-franca-e-marcelo-duarte-tem-presenca-confirmada-na-bienal-internacional-do-livro-de-guarulhos\/"},"wordCount":362,"commentCount":0,"publisher":{"@id":"https:\/\/portaleducacao.guarulhos.sp.gov.br\/wp_site\/portalbienal\/#organization"},"articleSection":["2024 Not\u00edcias","2024 P\u00e1gina","Bienal 2024"],"inLanguage":"pt-BR","potentialAction":[{"@type":"CommentAction","name":"Comment","target":["https:\/\/portaleducacao.guarulhos.sp.gov.br\/wp_site\/portalbienal\/2024\/03\/11\/rodrigo-franca-e-marcelo-duarte-tem-presenca-confirmada-na-bienal-internacional-do-livro-de-guarulhos\/#respond"]}]},{"@type":"WebPage","@id":"https:\/\/portaleducacao.guarulhos.sp.gov.br\/wp_site\/portalbienal\/2024\/03\/11\/rodrigo-franca-e-marcelo-duarte-tem-presenca-confirmada-na-bienal-internacional-do-livro-de-guarulhos\/","url":"https:\/\/portaleducacao.guarulhos.sp.gov.br\/wp_site\/portalbienal\/2024\/03\/11\/rodrigo-franca-e-marcelo-duarte-tem-presenca-confirmada-na-bienal-internacional-do-livro-de-guarulhos\/","name":"Rodrigo Fran\u00e7a e Marcelo Duarte t\u00eam presen\u00e7a confirmada na Bienal Internacional do Livro de Guarulhos - Bienal do Livro de Guarulhos - 2024","isPartOf":{"@id":"https:\/\/portaleducacao.guarulhos.sp.gov.br\/wp_site\/portalbienal\/#website"},"datePublished":"2024-03-11T12:09:58+00:00","dateModified":"2024-03-17T20:16:12+00:00","breadcrumb":{"@id":"https:\/\/portaleducacao.guarulhos.sp.gov.br\/wp_site\/portalbienal\/2024\/03\/11\/rodrigo-franca-e-marcelo-duarte-tem-presenca-confirmada-na-bienal-internacional-do-livro-de-guarulhos\/#breadcrumb"},"inLanguage":"pt-BR","potentialAction":[{"@type":"ReadAction","target":["https:\/\/portaleducacao.guarulhos.sp.gov.br\/wp_site\/portalbienal\/2024\/03\/11\/rodrigo-franca-e-marcelo-duarte-tem-presenca-confirmada-na-bienal-internacional-do-livro-de-guarulhos\/"]}]},{"@type":"BreadcrumbList","@id":"https:\/\/portaleducacao.guarulhos.sp.gov.br\/wp_site\/portalbienal\/2024\/03\/11\/rodrigo-franca-e-marcelo-duarte-tem-presenca-confirmada-na-bienal-internacional-do-livro-de-guarulhos\/#breadcrumb","itemListElement":[{"@type":"ListItem","position":1,"name":"In\u00edcio","item":"https:\/\/portaleducacao.guarulhos.sp.gov.br\/wp_site\/portalbienal\/"},{"@type":"ListItem","position":2,"name":"Rodrigo Fran\u00e7a e Marcelo Duarte t\u00eam presen\u00e7a confirmada na Bienal Internacional do Livro de Guarulhos"}]},{"@type":"WebSite","@id":"https:\/\/portaleducacao.guarulhos.sp.gov.br\/wp_site\/portalbienal\/#website","url":"https:\/\/portaleducacao.guarulhos.sp.gov.br\/wp_site\/portalbienal\/","name":"Bienal do Livro de Guarulhos - 2024","description":"Secretaria de Educa\u00e7\u00e3o - Prefeitura de Guarulhos","publisher":{"@id":"https:\/\/portaleducacao.guarulhos.sp.gov.br\/wp_site\/portalbienal\/#organization"},"potentialAction":[{"@type":"SearchAction","target":{"@type":"EntryPoint","urlTemplate":"https:\/\/portaleducacao.guarulhos.sp.gov.br\/wp_site\/portalbienal\/?s={search_term_string}"},"query-input":"required name=search_term_string"}],"inLanguage":"pt-BR"},{"@type":"Organization","@id":"https:\/\/portaleducacao.guarulhos.sp.gov.br\/wp_site\/portalbienal\/#organization","name":"Bienal do Livro de Guarulhos - 2024","url":"https:\/\/portaleducacao.guarulhos.sp.gov.br\/wp_site\/portalbienal\/","sameAs":[],"logo":{"@type":"ImageObject","inLanguage":"pt-BR","@id":"https:\/\/portaleducacao.guarulhos.sp.gov.br\/wp_site\/portalbienal\/#\/schema\/logo\/image\/","url":"https:\/\/portaleducacao.guarulhos.sp.gov.br\/wp_site\/portalbienal\/wp-content\/uploads\/sites\/22\/2022\/07\/logo_site.jpg","contentUrl":"https:\/\/portaleducacao.guarulhos.sp.gov.br\/wp_site\/portalbienal\/wp-content\/uploads\/sites\/22\/2022\/07\/logo_site.jpg","width":350,"height":100,"caption":"Bienal do Livro de Guarulhos - 2024"},"image":{"@id":"https:\/\/portaleducacao.guarulhos.sp.gov.br\/wp_site\/portalbienal\/#\/schema\/logo\/image\/"}},{"@type":"Person","@id":"https:\/\/portaleducacao.guarulhos.sp.gov.br\/wp_site\/portalbienal\/#\/schema\/person\/10d167c03463551fe7460f988dfc14d7","name":"carlavm","image":{"@type":"ImageObject","inLanguage":"pt-BR","@id":"https:\/\/portaleducacao.guarulhos.sp.gov.br\/wp_site\/portalbienal\/#\/schema\/person\/image\/","url":"https:\/\/secure.gravatar.com\/avatar\/b89c22cab4ed3fb14a431c42dccbd61d?s=96&d=mm&r=g","contentUrl":"https:\/\/secure.gravatar.com\/avatar\/b89c22cab4ed3fb14a431c42dccbd61d?s=96&d=mm&r=g","caption":"carlavm"},"url":"https:\/\/portaleducacao.guarulhos.sp.gov.br\/wp_site\/portalbienal\/author\/carlavm\/"}]}},"_links":{"self":[{"href":"https:\/\/portaleducacao.guarulhos.sp.gov.br\/wp_site\/portalbienal\/wp-json\/wp\/v2\/posts\/8869"}],"collection":[{"href":"https:\/\/portaleducacao.guarulhos.sp.gov.br\/wp_site\/portalbienal\/wp-json\/wp\/v2\/posts"}],"about":[{"href":"https:\/\/portaleducacao.guarulhos.sp.gov.br\/wp_site\/portalbienal\/wp-json\/wp\/v2\/types\/post"}],"author":[{"embeddable":true,"href":"https:\/\/portaleducacao.guarulhos.sp.gov.br\/wp_site\/portalbienal\/wp-json\/wp\/v2\/users\/24"}],"replies":[{"embeddable":true,"href":"https:\/\/portaleducacao.guarulhos.sp.gov.br\/wp_site\/portalbienal\/wp-json\/wp\/v2\/comments?post=8869"}],"version-history":[{"count":1,"href":"https:\/\/portaleducacao.guarulhos.sp.gov.br\/wp_site\/portalbienal\/wp-json\/wp\/v2\/posts\/8869\/revisions"}],"predecessor-version":[{"id":8871,"href":"https:\/\/portaleducacao.guarulhos.sp.gov.br\/wp_site\/portalbienal\/wp-json\/wp\/v2\/posts\/8869\/revisions\/8871"}],"wp:featuredmedia":[{"embeddable":true,"href":"https:\/\/portaleducacao.guarulhos.sp.gov.br\/wp_site\/portalbienal\/wp-json\/wp\/v2\/media\/8870"}],"wp:attachment":[{"href":"https:\/\/portaleducacao.guarulhos.sp.gov.br\/wp_site\/portalbienal\/wp-json\/wp\/v2\/media?parent=8869"}],"wp:term":[{"taxonomy":"category","embeddable":true,"href":"https:\/\/portaleducacao.guarulhos.sp.gov.br\/wp_site\/portalbienal\/wp-json\/wp\/v2\/categories?post=8869"},{"taxonomy":"post_tag","embeddable":true,"href":"https:\/\/portaleducacao.guarulhos.sp.gov.br\/wp_site\/portalbienal\/wp-json\/wp\/v2\/tags?post=8869"}],"curies":[{"name":"wp","href":"https:\/\/api.w.org\/{rel}","templated":true}]}}