{"id":8874,"date":"2024-03-11T11:48:05","date_gmt":"2024-03-11T14:48:05","guid":{"rendered":"https:\/\/portaleducacao.guarulhos.sp.gov.br\/wp_site\/portalbienal\/?p=8874"},"modified":"2024-03-17T17:15:53","modified_gmt":"2024-03-17T20:15:53","slug":"programacao-internacional-integra-3a-edicao-da-bienal-do-livro-de-guarulhos","status":"publish","type":"post","link":"https:\/\/portaleducacao.guarulhos.sp.gov.br\/wp_site\/portalbienal\/2024\/03\/11\/programacao-internacional-integra-3a-edicao-da-bienal-do-livro-de-guarulhos\/","title":{"rendered":"Programa\u00e7\u00e3o internacional integra 3\u00aa edi\u00e7\u00e3o da Bienal do Livro de Guarulhos"},"content":{"rendered":"\n<p>A 3\u00aa Bienal Internacional do Livro de Guarulhos, maior evento liter\u00e1rio da cidade que acontece entre os dias 15 e 24 de mar\u00e7o, no Espa\u00e7o Inter, antiga Phillips, destaca a participa\u00e7\u00e3o de autores estrangeiros, com lan\u00e7amentos de livros e palestras, em sua programa\u00e7\u00e3o.<\/p>\n\n\n\n<p>No dia 18 de mar\u00e7o, segunda, \u00e0s 15h, os autores espanh\u00f3is Vicente Blanco e Salvador Cidr\u00e1s lan\u00e7am o livro Desenhar o Mundo \u2013 Brincar, criar, compartilhar, no espa\u00e7o Lounge. A obra surge da experi\u00eancia dos autores como artistas e professores de educa\u00e7\u00e3o visual e pl\u00e1stica, na qual examinam a pr\u00e1tica art\u00edstica e educativa do desenho, resultado de pesquisa com crian\u00e7as da educa\u00e7\u00e3o infantil e ensino fundamental.<\/p>\n\n\n\n<p>Ainda na segunda (18), o espa\u00e7o Lounge recebe o lan\u00e7amento do livro Docentes de Infantil \u2013 Luthiers do Futuro, o terceiro volume da trilogia InovArte Educa\u00e7\u00e3o Infantil, das autoras espanholas Isabele e \u00c2ngeles Abelleira, \u00e0s 15h. A partir da compara\u00e7\u00e3o entre a doc\u00eancia e o of\u00edcio dos luthiers, a obra joga luz sobre a doc\u00eancia, em como ser e estar na escola num momento t\u00e3o complexo como o atual, em que as dificuldades derivadas dos h\u00e1bitos ou das tend\u00eancias imperantes se somam \u00e0s consequ\u00eancias da crise econ\u00f4mica e social que impacta tanto na vida das crian\u00e7as. Para tanto, as autoras partem de quest\u00f5es como as concep\u00e7\u00f5es e os princ\u00edpios educativos, a did\u00e1tica, a diversidade, a forma\u00e7\u00e3o de professores, as atividades e a satisfa\u00e7\u00e3o profissional.<\/p>\n\n\n\n<p>Na ter\u00e7a (19), \u00e0s 15h30, as argentinas Alejandra Dubovik e Alejandra Cippittelli apresentam palestra na qual abordam o trabalho por projetos, no Audit\u00f3rio Azul. As autoras aproveitam a ocasi\u00e3o para lan\u00e7ar Nove Projetos \u2013 o valor do trabalho por projetos, terceiro volume da Cole\u00e7\u00e3o Experi\u00eancias na Educa\u00e7\u00e3o Infantil na qual apresentam a documenta\u00e7\u00e3o pedag\u00f3gica de nove projetos desenvolvidos com alunos do Jard\u00edn Fabulinus (Buenos Aires, Argentina), escola de refer\u00eancia na educa\u00e7\u00e3o da primeira inf\u00e2ncia. Essa atividade requer retirada antecipada de ingresso&nbsp;<em>online<\/em>&nbsp;pela plataforma Sympla, dispon\u00edvel em&nbsp;<strong><em><a href=\"https:\/\/bienaldolivro.guarulhos.sp.gov.br\/\" target=\"_blank\" rel=\"noreferrer noopener\">https:\/\/bienaldolivro.guarulhos.sp.gov.br\/<\/a><\/em><\/strong>.&nbsp;<\/p>\n\n\n\n<p>A 3\u00aa Bienal Internacional do Livro de Guarulhos \u00e9 gratuita e acontece de 15 a 24 de mar\u00e7o, de segunda a s\u00e1bado, das 10h \u00e0s 22h, e aos domingos, das 10h \u00e0s 20h, no Espa\u00e7o Inter, na Av. Jo\u00e3o Cavalari, 133, Vila Herm\u00ednia.<\/p>\n\n\n\n<p>Confira a programa\u00e7\u00e3o completa da 3\u00aa Bienal Internacional do Livro de Guarulhos em&nbsp;<strong><em><a href=\"http:\/\/bienaldolivro.guarulhos.sp.gov.br\/\" target=\"_blank\" rel=\"noreferrer noopener\">http:\/\/bienaldolivro.guarulhos.sp.gov.br<\/a><\/em><\/strong>.<\/p>\n","protected":false},"excerpt":{"rendered":"<p>A 3\u00aa Bienal Internacional do Livro de Guarulhos, maior evento liter\u00e1rio da cidade que acontece entre os dias 15 e 24 de mar\u00e7o, no Espa\u00e7o Inter, antiga Phillips, destaca a &hellip;<\/p>\n<p class=\"read-more\"> <a class=\"\" href=\"https:\/\/portaleducacao.guarulhos.sp.gov.br\/wp_site\/portalbienal\/2024\/03\/11\/programacao-internacional-integra-3a-edicao-da-bienal-do-livro-de-guarulhos\/\"> <span class=\"screen-reader-text\">Programa\u00e7\u00e3o internacional integra 3\u00aa edi\u00e7\u00e3o da Bienal do Livro de Guarulhos<\/span> Leia mais &raquo;<\/a><\/p>\n","protected":false},"author":24,"featured_media":8875,"comment_status":"open","ping_status":"open","sticky":true,"template":"","format":"standard","meta":{"_monsterinsights_skip_tracking":false,"_monsterinsights_sitenote_active":false,"_monsterinsights_sitenote_note":"","_monsterinsights_sitenote_category":0,"site-sidebar-layout":"default","site-content-layout":"default","ast-global-header-display":"","ast-main-header-display":"","ast-hfb-above-header-display":"","ast-hfb-below-header-display":"","ast-hfb-mobile-header-display":"","site-post-title":"","ast-breadcrumbs-content":"","ast-featured-img":"","footer-sml-layout":"","theme-transparent-header-meta":"","adv-header-id-meta":"","stick-header-meta":"","header-above-stick-meta":"","header-main-stick-meta":"","header-below-stick-meta":"","_expiration-date-status":"","_expiration-date":0,"_expiration-date-type":"","_expiration-date-categories":[],"_expiration-date-options":[]},"categories":[39,37,40],"tags":[],"yoast_head":"<!-- This site is optimized with the Yoast SEO plugin v19.7.1 - https:\/\/yoast.com\/wordpress\/plugins\/seo\/ -->\r\n<title>Programa\u00e7\u00e3o internacional integra 3\u00aa edi\u00e7\u00e3o da Bienal do Livro de Guarulhos - Bienal do Livro de Guarulhos - 2024<\/title>\r\n<meta name=\"robots\" content=\"index, follow, max-snippet:-1, max-image-preview:large, max-video-preview:-1\" \/>\r\n<link rel=\"canonical\" href=\"https:\/\/portaleducacao.guarulhos.sp.gov.br\/wp_site\/portalbienal\/2024\/03\/11\/programacao-internacional-integra-3a-edicao-da-bienal-do-livro-de-guarulhos\/\" \/>\r\n<meta property=\"og:locale\" content=\"pt_BR\" \/>\r\n<meta property=\"og:type\" content=\"article\" \/>\r\n<meta property=\"og:title\" content=\"Programa\u00e7\u00e3o internacional integra 3\u00aa edi\u00e7\u00e3o da Bienal do Livro de Guarulhos - Bienal do Livro de Guarulhos - 2024\" \/>\r\n<meta property=\"og:description\" content=\"A 3\u00aa Bienal Internacional do Livro de Guarulhos, maior evento liter\u00e1rio da cidade que acontece entre os dias 15 e 24 de mar\u00e7o, no Espa\u00e7o Inter, antiga Phillips, destaca a &hellip; Programa\u00e7\u00e3o internacional integra 3\u00aa edi\u00e7\u00e3o da Bienal do Livro de Guarulhos Leia mais &raquo;\" \/>\r\n<meta property=\"og:url\" content=\"https:\/\/portaleducacao.guarulhos.sp.gov.br\/wp_site\/portalbienal\/2024\/03\/11\/programacao-internacional-integra-3a-edicao-da-bienal-do-livro-de-guarulhos\/\" \/>\r\n<meta property=\"og:site_name\" content=\"Bienal do Livro de Guarulhos - 2024\" \/>\r\n<meta property=\"article:published_time\" content=\"2024-03-11T14:48:05+00:00\" \/>\r\n<meta property=\"article:modified_time\" content=\"2024-03-17T20:15:53+00:00\" \/>\r\n<meta property=\"og:image\" content=\"http:\/\/portaleducacao.guarulhos.sp.gov.br\/wp_site\/portalbienal\/wp-content\/uploads\/sites\/22\/2024\/03\/Programacao-internacional.jpeg\" \/>\r\n\t<meta property=\"og:image:width\" content=\"1600\" \/>\r\n\t<meta property=\"og:image:height\" content=\"1109\" \/>\r\n\t<meta property=\"og:image:type\" content=\"image\/jpeg\" \/>\r\n<meta name=\"author\" content=\"carlavm\" \/>\r\n<meta name=\"twitter:card\" content=\"summary_large_image\" \/>\r\n<meta name=\"twitter:label1\" content=\"Escrito por\" \/>\n\t<meta name=\"twitter:data1\" content=\"carlavm\" \/>\n\t<meta name=\"twitter:label2\" content=\"Est. tempo de leitura\" \/>\n\t<meta name=\"twitter:data2\" content=\"3 minutos\" \/>\r\n<script type=\"application\/ld+json\" class=\"yoast-schema-graph\">{\"@context\":\"https:\/\/schema.org\",\"@graph\":[{\"@type\":\"Article\",\"@id\":\"https:\/\/portaleducacao.guarulhos.sp.gov.br\/wp_site\/portalbienal\/2024\/03\/11\/programacao-internacional-integra-3a-edicao-da-bienal-do-livro-de-guarulhos\/#article\",\"isPartOf\":{\"@id\":\"https:\/\/portaleducacao.guarulhos.sp.gov.br\/wp_site\/portalbienal\/2024\/03\/11\/programacao-internacional-integra-3a-edicao-da-bienal-do-livro-de-guarulhos\/\"},\"author\":{\"name\":\"carlavm\",\"@id\":\"https:\/\/portaleducacao.guarulhos.sp.gov.br\/wp_site\/portalbienal\/#\/schema\/person\/10d167c03463551fe7460f988dfc14d7\"},\"headline\":\"Programa\u00e7\u00e3o internacional integra 3\u00aa edi\u00e7\u00e3o da Bienal do Livro de Guarulhos\",\"datePublished\":\"2024-03-11T14:48:05+00:00\",\"dateModified\":\"2024-03-17T20:15:53+00:00\",\"mainEntityOfPage\":{\"@id\":\"https:\/\/portaleducacao.guarulhos.sp.gov.br\/wp_site\/portalbienal\/2024\/03\/11\/programacao-internacional-integra-3a-edicao-da-bienal-do-livro-de-guarulhos\/\"},\"wordCount\":469,\"commentCount\":0,\"publisher\":{\"@id\":\"https:\/\/portaleducacao.guarulhos.sp.gov.br\/wp_site\/portalbienal\/#organization\"},\"articleSection\":[\"2024 Not\u00edcias\",\"2024 P\u00e1gina\",\"Bienal 2024\"],\"inLanguage\":\"pt-BR\",\"potentialAction\":[{\"@type\":\"CommentAction\",\"name\":\"Comment\",\"target\":[\"https:\/\/portaleducacao.guarulhos.sp.gov.br\/wp_site\/portalbienal\/2024\/03\/11\/programacao-internacional-integra-3a-edicao-da-bienal-do-livro-de-guarulhos\/#respond\"]}]},{\"@type\":\"WebPage\",\"@id\":\"https:\/\/portaleducacao.guarulhos.sp.gov.br\/wp_site\/portalbienal\/2024\/03\/11\/programacao-internacional-integra-3a-edicao-da-bienal-do-livro-de-guarulhos\/\",\"url\":\"https:\/\/portaleducacao.guarulhos.sp.gov.br\/wp_site\/portalbienal\/2024\/03\/11\/programacao-internacional-integra-3a-edicao-da-bienal-do-livro-de-guarulhos\/\",\"name\":\"Programa\u00e7\u00e3o internacional integra 3\u00aa edi\u00e7\u00e3o da Bienal do Livro de Guarulhos - Bienal do Livro de Guarulhos - 2024\",\"isPartOf\":{\"@id\":\"https:\/\/portaleducacao.guarulhos.sp.gov.br\/wp_site\/portalbienal\/#website\"},\"datePublished\":\"2024-03-11T14:48:05+00:00\",\"dateModified\":\"2024-03-17T20:15:53+00:00\",\"breadcrumb\":{\"@id\":\"https:\/\/portaleducacao.guarulhos.sp.gov.br\/wp_site\/portalbienal\/2024\/03\/11\/programacao-internacional-integra-3a-edicao-da-bienal-do-livro-de-guarulhos\/#breadcrumb\"},\"inLanguage\":\"pt-BR\",\"potentialAction\":[{\"@type\":\"ReadAction\",\"target\":[\"https:\/\/portaleducacao.guarulhos.sp.gov.br\/wp_site\/portalbienal\/2024\/03\/11\/programacao-internacional-integra-3a-edicao-da-bienal-do-livro-de-guarulhos\/\"]}]},{\"@type\":\"BreadcrumbList\",\"@id\":\"https:\/\/portaleducacao.guarulhos.sp.gov.br\/wp_site\/portalbienal\/2024\/03\/11\/programacao-internacional-integra-3a-edicao-da-bienal-do-livro-de-guarulhos\/#breadcrumb\",\"itemListElement\":[{\"@type\":\"ListItem\",\"position\":1,\"name\":\"In\u00edcio\",\"item\":\"https:\/\/portaleducacao.guarulhos.sp.gov.br\/wp_site\/portalbienal\/\"},{\"@type\":\"ListItem\",\"position\":2,\"name\":\"Programa\u00e7\u00e3o internacional integra 3\u00aa edi\u00e7\u00e3o da Bienal do Livro de Guarulhos\"}]},{\"@type\":\"WebSite\",\"@id\":\"https:\/\/portaleducacao.guarulhos.sp.gov.br\/wp_site\/portalbienal\/#website\",\"url\":\"https:\/\/portaleducacao.guarulhos.sp.gov.br\/wp_site\/portalbienal\/\",\"name\":\"Bienal do Livro de Guarulhos - 2024\",\"description\":\"Secretaria de Educa\u00e7\u00e3o - Prefeitura de Guarulhos\",\"publisher\":{\"@id\":\"https:\/\/portaleducacao.guarulhos.sp.gov.br\/wp_site\/portalbienal\/#organization\"},\"potentialAction\":[{\"@type\":\"SearchAction\",\"target\":{\"@type\":\"EntryPoint\",\"urlTemplate\":\"https:\/\/portaleducacao.guarulhos.sp.gov.br\/wp_site\/portalbienal\/?s={search_term_string}\"},\"query-input\":\"required name=search_term_string\"}],\"inLanguage\":\"pt-BR\"},{\"@type\":\"Organization\",\"@id\":\"https:\/\/portaleducacao.guarulhos.sp.gov.br\/wp_site\/portalbienal\/#organization\",\"name\":\"Bienal do Livro de Guarulhos - 2024\",\"url\":\"https:\/\/portaleducacao.guarulhos.sp.gov.br\/wp_site\/portalbienal\/\",\"sameAs\":[],\"logo\":{\"@type\":\"ImageObject\",\"inLanguage\":\"pt-BR\",\"@id\":\"https:\/\/portaleducacao.guarulhos.sp.gov.br\/wp_site\/portalbienal\/#\/schema\/logo\/image\/\",\"url\":\"https:\/\/portaleducacao.guarulhos.sp.gov.br\/wp_site\/portalbienal\/wp-content\/uploads\/sites\/22\/2022\/07\/logo_site.jpg\",\"contentUrl\":\"https:\/\/portaleducacao.guarulhos.sp.gov.br\/wp_site\/portalbienal\/wp-content\/uploads\/sites\/22\/2022\/07\/logo_site.jpg\",\"width\":350,\"height\":100,\"caption\":\"Bienal do Livro de Guarulhos - 2024\"},\"image\":{\"@id\":\"https:\/\/portaleducacao.guarulhos.sp.gov.br\/wp_site\/portalbienal\/#\/schema\/logo\/image\/\"}},{\"@type\":\"Person\",\"@id\":\"https:\/\/portaleducacao.guarulhos.sp.gov.br\/wp_site\/portalbienal\/#\/schema\/person\/10d167c03463551fe7460f988dfc14d7\",\"name\":\"carlavm\",\"image\":{\"@type\":\"ImageObject\",\"inLanguage\":\"pt-BR\",\"@id\":\"https:\/\/portaleducacao.guarulhos.sp.gov.br\/wp_site\/portalbienal\/#\/schema\/person\/image\/\",\"url\":\"https:\/\/secure.gravatar.com\/avatar\/b89c22cab4ed3fb14a431c42dccbd61d?s=96&d=mm&r=g\",\"contentUrl\":\"https:\/\/secure.gravatar.com\/avatar\/b89c22cab4ed3fb14a431c42dccbd61d?s=96&d=mm&r=g\",\"caption\":\"carlavm\"},\"url\":\"https:\/\/portaleducacao.guarulhos.sp.gov.br\/wp_site\/portalbienal\/author\/carlavm\/\"}]}<\/script>\r\n<!-- \/ Yoast SEO plugin. -->","yoast_head_json":{"title":"Programa\u00e7\u00e3o internacional integra 3\u00aa edi\u00e7\u00e3o da Bienal do Livro de Guarulhos - Bienal do Livro de Guarulhos - 2024","robots":{"index":"index","follow":"follow","max-snippet":"max-snippet:-1","max-image-preview":"max-image-preview:large","max-video-preview":"max-video-preview:-1"},"canonical":"https:\/\/portaleducacao.guarulhos.sp.gov.br\/wp_site\/portalbienal\/2024\/03\/11\/programacao-internacional-integra-3a-edicao-da-bienal-do-livro-de-guarulhos\/","og_locale":"pt_BR","og_type":"article","og_title":"Programa\u00e7\u00e3o internacional integra 3\u00aa edi\u00e7\u00e3o da Bienal do Livro de Guarulhos - Bienal do Livro de Guarulhos - 2024","og_description":"A 3\u00aa Bienal Internacional do Livro de Guarulhos, maior evento liter\u00e1rio da cidade que acontece entre os dias 15 e 24 de mar\u00e7o, no Espa\u00e7o Inter, antiga Phillips, destaca a &hellip; Programa\u00e7\u00e3o internacional integra 3\u00aa edi\u00e7\u00e3o da Bienal do Livro de Guarulhos Leia mais &raquo;","og_url":"https:\/\/portaleducacao.guarulhos.sp.gov.br\/wp_site\/portalbienal\/2024\/03\/11\/programacao-internacional-integra-3a-edicao-da-bienal-do-livro-de-guarulhos\/","og_site_name":"Bienal do Livro de Guarulhos - 2024","article_published_time":"2024-03-11T14:48:05+00:00","article_modified_time":"2024-03-17T20:15:53+00:00","og_image":[{"width":1600,"height":1109,"url":"http:\/\/portaleducacao.guarulhos.sp.gov.br\/wp_site\/portalbienal\/wp-content\/uploads\/sites\/22\/2024\/03\/Programacao-internacional.jpeg","type":"image\/jpeg"}],"author":"carlavm","twitter_card":"summary_large_image","twitter_misc":{"Escrito por":"carlavm","Est. tempo de leitura":"3 minutos"},"schema":{"@context":"https:\/\/schema.org","@graph":[{"@type":"Article","@id":"https:\/\/portaleducacao.guarulhos.sp.gov.br\/wp_site\/portalbienal\/2024\/03\/11\/programacao-internacional-integra-3a-edicao-da-bienal-do-livro-de-guarulhos\/#article","isPartOf":{"@id":"https:\/\/portaleducacao.guarulhos.sp.gov.br\/wp_site\/portalbienal\/2024\/03\/11\/programacao-internacional-integra-3a-edicao-da-bienal-do-livro-de-guarulhos\/"},"author":{"name":"carlavm","@id":"https:\/\/portaleducacao.guarulhos.sp.gov.br\/wp_site\/portalbienal\/#\/schema\/person\/10d167c03463551fe7460f988dfc14d7"},"headline":"Programa\u00e7\u00e3o internacional integra 3\u00aa edi\u00e7\u00e3o da Bienal do Livro de Guarulhos","datePublished":"2024-03-11T14:48:05+00:00","dateModified":"2024-03-17T20:15:53+00:00","mainEntityOfPage":{"@id":"https:\/\/portaleducacao.guarulhos.sp.gov.br\/wp_site\/portalbienal\/2024\/03\/11\/programacao-internacional-integra-3a-edicao-da-bienal-do-livro-de-guarulhos\/"},"wordCount":469,"commentCount":0,"publisher":{"@id":"https:\/\/portaleducacao.guarulhos.sp.gov.br\/wp_site\/portalbienal\/#organization"},"articleSection":["2024 Not\u00edcias","2024 P\u00e1gina","Bienal 2024"],"inLanguage":"pt-BR","potentialAction":[{"@type":"CommentAction","name":"Comment","target":["https:\/\/portaleducacao.guarulhos.sp.gov.br\/wp_site\/portalbienal\/2024\/03\/11\/programacao-internacional-integra-3a-edicao-da-bienal-do-livro-de-guarulhos\/#respond"]}]},{"@type":"WebPage","@id":"https:\/\/portaleducacao.guarulhos.sp.gov.br\/wp_site\/portalbienal\/2024\/03\/11\/programacao-internacional-integra-3a-edicao-da-bienal-do-livro-de-guarulhos\/","url":"https:\/\/portaleducacao.guarulhos.sp.gov.br\/wp_site\/portalbienal\/2024\/03\/11\/programacao-internacional-integra-3a-edicao-da-bienal-do-livro-de-guarulhos\/","name":"Programa\u00e7\u00e3o internacional integra 3\u00aa edi\u00e7\u00e3o da Bienal do Livro de Guarulhos - Bienal do Livro de Guarulhos - 2024","isPartOf":{"@id":"https:\/\/portaleducacao.guarulhos.sp.gov.br\/wp_site\/portalbienal\/#website"},"datePublished":"2024-03-11T14:48:05+00:00","dateModified":"2024-03-17T20:15:53+00:00","breadcrumb":{"@id":"https:\/\/portaleducacao.guarulhos.sp.gov.br\/wp_site\/portalbienal\/2024\/03\/11\/programacao-internacional-integra-3a-edicao-da-bienal-do-livro-de-guarulhos\/#breadcrumb"},"inLanguage":"pt-BR","potentialAction":[{"@type":"ReadAction","target":["https:\/\/portaleducacao.guarulhos.sp.gov.br\/wp_site\/portalbienal\/2024\/03\/11\/programacao-internacional-integra-3a-edicao-da-bienal-do-livro-de-guarulhos\/"]}]},{"@type":"BreadcrumbList","@id":"https:\/\/portaleducacao.guarulhos.sp.gov.br\/wp_site\/portalbienal\/2024\/03\/11\/programacao-internacional-integra-3a-edicao-da-bienal-do-livro-de-guarulhos\/#breadcrumb","itemListElement":[{"@type":"ListItem","position":1,"name":"In\u00edcio","item":"https:\/\/portaleducacao.guarulhos.sp.gov.br\/wp_site\/portalbienal\/"},{"@type":"ListItem","position":2,"name":"Programa\u00e7\u00e3o internacional integra 3\u00aa edi\u00e7\u00e3o da Bienal do Livro de Guarulhos"}]},{"@type":"WebSite","@id":"https:\/\/portaleducacao.guarulhos.sp.gov.br\/wp_site\/portalbienal\/#website","url":"https:\/\/portaleducacao.guarulhos.sp.gov.br\/wp_site\/portalbienal\/","name":"Bienal do Livro de Guarulhos - 2024","description":"Secretaria de Educa\u00e7\u00e3o - Prefeitura de Guarulhos","publisher":{"@id":"https:\/\/portaleducacao.guarulhos.sp.gov.br\/wp_site\/portalbienal\/#organization"},"potentialAction":[{"@type":"SearchAction","target":{"@type":"EntryPoint","urlTemplate":"https:\/\/portaleducacao.guarulhos.sp.gov.br\/wp_site\/portalbienal\/?s={search_term_string}"},"query-input":"required name=search_term_string"}],"inLanguage":"pt-BR"},{"@type":"Organization","@id":"https:\/\/portaleducacao.guarulhos.sp.gov.br\/wp_site\/portalbienal\/#organization","name":"Bienal do Livro de Guarulhos - 2024","url":"https:\/\/portaleducacao.guarulhos.sp.gov.br\/wp_site\/portalbienal\/","sameAs":[],"logo":{"@type":"ImageObject","inLanguage":"pt-BR","@id":"https:\/\/portaleducacao.guarulhos.sp.gov.br\/wp_site\/portalbienal\/#\/schema\/logo\/image\/","url":"https:\/\/portaleducacao.guarulhos.sp.gov.br\/wp_site\/portalbienal\/wp-content\/uploads\/sites\/22\/2022\/07\/logo_site.jpg","contentUrl":"https:\/\/portaleducacao.guarulhos.sp.gov.br\/wp_site\/portalbienal\/wp-content\/uploads\/sites\/22\/2022\/07\/logo_site.jpg","width":350,"height":100,"caption":"Bienal do Livro de Guarulhos - 2024"},"image":{"@id":"https:\/\/portaleducacao.guarulhos.sp.gov.br\/wp_site\/portalbienal\/#\/schema\/logo\/image\/"}},{"@type":"Person","@id":"https:\/\/portaleducacao.guarulhos.sp.gov.br\/wp_site\/portalbienal\/#\/schema\/person\/10d167c03463551fe7460f988dfc14d7","name":"carlavm","image":{"@type":"ImageObject","inLanguage":"pt-BR","@id":"https:\/\/portaleducacao.guarulhos.sp.gov.br\/wp_site\/portalbienal\/#\/schema\/person\/image\/","url":"https:\/\/secure.gravatar.com\/avatar\/b89c22cab4ed3fb14a431c42dccbd61d?s=96&d=mm&r=g","contentUrl":"https:\/\/secure.gravatar.com\/avatar\/b89c22cab4ed3fb14a431c42dccbd61d?s=96&d=mm&r=g","caption":"carlavm"},"url":"https:\/\/portaleducacao.guarulhos.sp.gov.br\/wp_site\/portalbienal\/author\/carlavm\/"}]}},"_links":{"self":[{"href":"https:\/\/portaleducacao.guarulhos.sp.gov.br\/wp_site\/portalbienal\/wp-json\/wp\/v2\/posts\/8874"}],"collection":[{"href":"https:\/\/portaleducacao.guarulhos.sp.gov.br\/wp_site\/portalbienal\/wp-json\/wp\/v2\/posts"}],"about":[{"href":"https:\/\/portaleducacao.guarulhos.sp.gov.br\/wp_site\/portalbienal\/wp-json\/wp\/v2\/types\/post"}],"author":[{"embeddable":true,"href":"https:\/\/portaleducacao.guarulhos.sp.gov.br\/wp_site\/portalbienal\/wp-json\/wp\/v2\/users\/24"}],"replies":[{"embeddable":true,"href":"https:\/\/portaleducacao.guarulhos.sp.gov.br\/wp_site\/portalbienal\/wp-json\/wp\/v2\/comments?post=8874"}],"version-history":[{"count":1,"href":"https:\/\/portaleducacao.guarulhos.sp.gov.br\/wp_site\/portalbienal\/wp-json\/wp\/v2\/posts\/8874\/revisions"}],"predecessor-version":[{"id":8876,"href":"https:\/\/portaleducacao.guarulhos.sp.gov.br\/wp_site\/portalbienal\/wp-json\/wp\/v2\/posts\/8874\/revisions\/8876"}],"wp:featuredmedia":[{"embeddable":true,"href":"https:\/\/portaleducacao.guarulhos.sp.gov.br\/wp_site\/portalbienal\/wp-json\/wp\/v2\/media\/8875"}],"wp:attachment":[{"href":"https:\/\/portaleducacao.guarulhos.sp.gov.br\/wp_site\/portalbienal\/wp-json\/wp\/v2\/media?parent=8874"}],"wp:term":[{"taxonomy":"category","embeddable":true,"href":"https:\/\/portaleducacao.guarulhos.sp.gov.br\/wp_site\/portalbienal\/wp-json\/wp\/v2\/categories?post=8874"},{"taxonomy":"post_tag","embeddable":true,"href":"https:\/\/portaleducacao.guarulhos.sp.gov.br\/wp_site\/portalbienal\/wp-json\/wp\/v2\/tags?post=8874"}],"curies":[{"name":"wp","href":"https:\/\/api.w.org\/{rel}","templated":true}]}}