{"id":8891,"date":"2024-03-11T17:54:52","date_gmt":"2024-03-11T20:54:52","guid":{"rendered":"https:\/\/portaleducacao.guarulhos.sp.gov.br\/wp_site\/portalbienal\/?p=8891"},"modified":"2024-03-13T08:29:03","modified_gmt":"2024-03-13T11:29:03","slug":"3a-bienal-internacional-do-livro-de-guarulhos-comeca-nesta-sexta-no-espaco-inter","status":"publish","type":"post","link":"https:\/\/portaleducacao.guarulhos.sp.gov.br\/wp_site\/portalbienal\/2024\/03\/11\/3a-bienal-internacional-do-livro-de-guarulhos-comeca-nesta-sexta-no-espaco-inter\/","title":{"rendered":"3\u00aa Bienal Internacional do Livro de Guarulhos come\u00e7a nesta sexta no Espa\u00e7o Inter"},"content":{"rendered":"\n<p>A 3\u00aa Bienal Internacional do Livro de Guarulhos, maior evento liter\u00e1rio da cidade, tem in\u00edcio nesta sexta-feira (15) no Espa\u00e7o Inter, antiga Phillips. O in\u00edcio do evento \u00e9 marcado por espet\u00e1culo da Orquestra GRU Sinf\u00f4nica,, sob reg\u00eancia dos maestros Emiliano Patarra e Kevin Camargo, \u00e0s 19h, no Audit\u00f3rio Azul.<\/p>\n\n\n\n<p>Com o tema Guarulhos &#8211; Todo o Mundo Passa por Aqui, a Bienal do Livro segue at\u00e9 o dia 24 de mar\u00e7o e contar\u00e1 com intensa programa\u00e7\u00e3o gratuita, \u00e1rea gamer, lounge interativo, pra\u00e7a de alimenta\u00e7\u00e3o, 40 estandes e tr\u00eas audit\u00f3rios, um universo cultural diverso repleto de experi\u00eancias liter\u00e1rias e imersivas, apresenta\u00e7\u00f5es art\u00edsticas, palestras, interven\u00e7\u00f5es, encontros com autores e exposi\u00e7\u00f5es.<\/p>\n\n\n\n<p><strong>Edi\u00e7\u00e3o internacional<\/strong><\/p>\n\n\n\n<p>A 3\u00aa edi\u00e7\u00e3o destaca ainda a participa\u00e7\u00e3o de autores estrangeiros, os autores espanh\u00f3is Vicente Blanco e Salvador Cidr\u00e1s, com o lan\u00e7amento do livro Desenhar o Mundo \u2013 Brincar, Criar, Compartilhar, as autoras espanholas Isabele e \u00c2ngeles Abelleira, com o lan\u00e7amento de Docentes de Infantil \u2013 Luthiers do Futuro, al\u00e9m das argentinas Alejandra Dubovik e Alejandra Cippittelli, que apresentam palestra sobre o trabalho por projetos e lan\u00e7am o livro Nove Projetos.<\/p>\n\n\n\n<p><strong>Interatividade<\/strong><\/p>\n\n\n\n<p>A grande novidade da 3\u00aa edi\u00e7\u00e3o \u00e9 o Espa\u00e7o Interativo \u2013 Viagem Virtual, \u00e1rea gamer na qual os visitantes poder\u00e3o encontrar diferentes experi\u00eancias interativas, como computadores e simuladores de avi\u00f5es e carros, experi\u00eancia imersiva que promete estimular o fasc\u00ednio pelas viagens e a import\u00e2ncia de conhecer novas culturas. Os simuladores possuem recurso de acessibilidade para pessoas com defici\u00eancia.<\/p>\n\n\n\n<p><strong>Fomento ao livro e \u00e0 leitura<\/strong><\/p>\n\n\n\n<p>Ao longo dos dez dias de evento, alunos e professores das redes municipal, estadual e particular participam de atividades que ser\u00e3o desenvolvidas na Bienal do Livro durante a visita\u00e7\u00e3o escolar. Na 3\u00aa edi\u00e7\u00e3o s\u00e3o esperados cerca de 25 mil alunos da rede municipal, que receber\u00e3o kits de lanche e um cart\u00e3o no valor de R$ 20 para que, com autonomia, possam escolher e adquirir os livros que desejarem.<\/p>\n\n\n\n<p>Para fomentar ainda mais o gosto pela leitura e a forma\u00e7\u00e3o de leitores, os servidores p\u00fablicos do quadro administrativo e operacional da rede municipal de ensino v\u00e3o receber o CrediLivro no valor de R$ 200 para a compra de obras, que beneficia todos os profissionais envolvidos no processo educacional.<\/p>\n\n\n\n<p><strong>Autores e ingressos<\/strong><\/p>\n\n\n\n<p>O p\u00fablico visitante da 3\u00aa edi\u00e7\u00e3o Bienal do Livro ter\u00e1 a oportunidade de conhecer de perto grandes autores brasileiros, os escritores Rodrigo Fran\u00e7a e Marcelo Duarte, o contista, romancista e jornalista Ign\u00e1cio de Loyola Brand\u00e3o, o poeta Br\u00e1ulio Bessa, os atores e escritores Miguel Falabella e Denise Fraga, o m\u00fasico, educador e escritor Eduardo Feldberg, o Primo Pobre, o guitarrista do Jota Quest e escritor Marco T\u00falio Lara, os escritores de true crime Ilana Casoy e Rapha Montes, as escritoras e influenciadoras digitais Camila Fremder e Cinthia Chagas, entre outros.<\/p>\n\n\n\n<p>Para participar das atra\u00e7\u00f5es \u00e9 necess\u00e1rio retirar os ingressos gratuitos. <a href=\"https:\/\/portaleducacao.guarulhos.sp.gov.br\/wp_site\/portalbienal\/ingressos\/\">Clique aqui<\/a> e garanta o seu!<\/p>\n\n\n\n<p>Se voc\u00ea n\u00e3o conseguiu garantir seu ingresso online ainda pode tentar participar das atividades na xepa dos ingressos, no dia do evento. Para isso, basta chegar com pelo menos 30 minutos de anteced\u00eancia ao local e aguardar na fila de espera. Em caso de desist\u00eancias a entrada ser\u00e1 liberada por ordem de chegada, at\u00e9 a lota\u00e7\u00e3o m\u00e1xima permitida no audit\u00f3rio.<\/p>\n\n\n\n<p><strong>P\u00fablico infantil<\/strong><\/p>\n\n\n\n<p>A programa\u00e7\u00e3o voltada ao p\u00fablico infantil oferece conta\u00e7\u00f5es de hist\u00f3rias, espet\u00e1culos interativos e interven\u00e7\u00f5es liter\u00e1rias, entre outras atra\u00e7\u00f5es especiais para agitar a crian\u00e7ada, como o espet\u00e1culo teatral Aventuras de Pin\u00f3quio na Terra do Cordel, com a Companhia AMO Entretenimento, Show do Bob Zoom \u2013 O Musical, e Show da Luna, Ao Vivo!, Barbatuques com o espet\u00e1culo Barbatuquices, entre outros.<\/p>\n\n\n\n<p>Para participar das atra\u00e7\u00f5es \u00e9 necess\u00e1rio retirar os ingressos gratuitos. <a href=\"https:\/\/portaleducacao.guarulhos.sp.gov.br\/wp_site\/portalbienal\/ingressos\/\">Clique aqui<\/a> e garanta o seu!<\/p>\n\n\n\n<p><strong>Editoras<\/strong><\/p>\n\n\n\n<p>Em meio \u00e0s participantes da 3\u00aa edi\u00e7\u00e3o da Bienal do Livro, os visitantes e apreciadores de literatura encontram cerca de 60 estandes e mais de 40 editoras, expositores e distribuidoras com obras a pre\u00e7os acess\u00edveis e grande variedade liter\u00e1ria ao gosto do leitor guarulhense. Dentre os estandes est\u00e3o das editoras Aut\u00eantica, Cortez, Intr\u00ednseca, Ciranda Cultural, Cooper Book, Selecta Livros, Paulus, Paulinas, Mostarda, entre outros expositores.<\/p>\n\n\n\n<p><strong>Facilidades<\/strong><\/p>\n\n\n\n<p>A 3\u00aa Bienal Internacional do Livro de Guarulhos oferece in\u00fameras facilidades aos visitantes como Wi-Fi gratuito, pra\u00e7a de alimenta\u00e7\u00e3o com food trucks e variedade gastron\u00f4mica, estacionamento gratuito, descontos oferecidos pelas editoras e facilidade de acesso por meio de transporte.<\/p>\n\n\n\n<p>A iniciativa \u00e9 gratuita e acontece de 15 a 24 de mar\u00e7o, de segunda a s\u00e1bado, das 10h \u00e0s 22h, e aos domingos das 10h \u00e0s 20h no Espa\u00e7o Inter, na avenida Jo\u00e3o Cavalari, 133, Vila Herm\u00ednia.<\/p>\n\n\n\n<p><a href=\"https:\/\/portaleducacao.guarulhos.sp.gov.br\/wp_site\/portalbienal\/2024\/03\/07\/programacao-geral\/\">Clique aqui<\/a> e confira a programa\u00e7\u00e3o completa da 3\u00aa Bienal Internacional do Livro de Guarulhos.<\/p>\n","protected":false},"excerpt":{"rendered":"<p>A 3\u00aa Bienal Internacional do Livro de Guarulhos, maior evento liter\u00e1rio da cidade, tem in\u00edcio nesta sexta-feira (15) no Espa\u00e7o Inter, antiga Phillips. O in\u00edcio do evento \u00e9 marcado por &hellip;<\/p>\n<p class=\"read-more\"> <a class=\"\" href=\"https:\/\/portaleducacao.guarulhos.sp.gov.br\/wp_site\/portalbienal\/2024\/03\/11\/3a-bienal-internacional-do-livro-de-guarulhos-comeca-nesta-sexta-no-espaco-inter\/\"> <span class=\"screen-reader-text\">3\u00aa Bienal Internacional do Livro de Guarulhos come\u00e7a nesta sexta no Espa\u00e7o Inter<\/span> Leia mais &raquo;<\/a><\/p>\n","protected":false},"author":12,"featured_media":8892,"comment_status":"open","ping_status":"open","sticky":false,"template":"","format":"standard","meta":{"_monsterinsights_skip_tracking":false,"_monsterinsights_sitenote_active":false,"_monsterinsights_sitenote_note":"","_monsterinsights_sitenote_category":0,"site-sidebar-layout":"default","site-content-layout":"default","ast-global-header-display":"","ast-main-header-display":"","ast-hfb-above-header-display":"","ast-hfb-below-header-display":"","ast-hfb-mobile-header-display":"","site-post-title":"","ast-breadcrumbs-content":"","ast-featured-img":"","footer-sml-layout":"","theme-transparent-header-meta":"","adv-header-id-meta":"","stick-header-meta":"","header-above-stick-meta":"","header-main-stick-meta":"","header-below-stick-meta":"","_expiration-date-status":"","_expiration-date":0,"_expiration-date-type":"","_expiration-date-categories":[],"_expiration-date-options":[]},"categories":[39,37,38,40],"tags":[],"yoast_head":"<!-- This site is optimized with the Yoast SEO plugin v19.7.1 - https:\/\/yoast.com\/wordpress\/plugins\/seo\/ -->\r\n<title>3\u00aa Bienal Internacional do Livro de Guarulhos come\u00e7a nesta sexta no Espa\u00e7o Inter - Bienal do Livro de Guarulhos - 2024<\/title>\r\n<meta name=\"robots\" content=\"index, follow, max-snippet:-1, max-image-preview:large, max-video-preview:-1\" \/>\r\n<link rel=\"canonical\" href=\"https:\/\/portaleducacao.guarulhos.sp.gov.br\/wp_site\/portalbienal\/2024\/03\/11\/3a-bienal-internacional-do-livro-de-guarulhos-comeca-nesta-sexta-no-espaco-inter\/\" \/>\r\n<meta property=\"og:locale\" content=\"pt_BR\" \/>\r\n<meta property=\"og:type\" content=\"article\" \/>\r\n<meta property=\"og:title\" content=\"3\u00aa Bienal Internacional do Livro de Guarulhos come\u00e7a nesta sexta no Espa\u00e7o Inter - Bienal do Livro de Guarulhos - 2024\" \/>\r\n<meta property=\"og:description\" content=\"A 3\u00aa Bienal Internacional do Livro de Guarulhos, maior evento liter\u00e1rio da cidade, tem in\u00edcio nesta sexta-feira (15) no Espa\u00e7o Inter, antiga Phillips. O in\u00edcio do evento \u00e9 marcado por &hellip; 3\u00aa Bienal Internacional do Livro de Guarulhos come\u00e7a nesta sexta no Espa\u00e7o Inter Leia mais &raquo;\" \/>\r\n<meta property=\"og:url\" content=\"https:\/\/portaleducacao.guarulhos.sp.gov.br\/wp_site\/portalbienal\/2024\/03\/11\/3a-bienal-internacional-do-livro-de-guarulhos-comeca-nesta-sexta-no-espaco-inter\/\" \/>\r\n<meta property=\"og:site_name\" content=\"Bienal do Livro de Guarulhos - 2024\" \/>\r\n<meta property=\"article:published_time\" content=\"2024-03-11T20:54:52+00:00\" \/>\r\n<meta property=\"article:modified_time\" content=\"2024-03-13T11:29:03+00:00\" \/>\r\n<meta property=\"og:image\" content=\"http:\/\/portaleducacao.guarulhos.sp.gov.br\/wp_site\/portalbienal\/wp-content\/uploads\/sites\/22\/2024\/03\/7d5f4dba-e5c3-492e-9805-faa0bf63d8cc-scaled.jpg\" \/>\r\n\t<meta property=\"og:image:width\" content=\"2560\" \/>\r\n\t<meta property=\"og:image:height\" content=\"1707\" \/>\r\n\t<meta property=\"og:image:type\" content=\"image\/jpeg\" \/>\r\n<meta name=\"author\" content=\"Eduardo Calabria\" \/>\r\n<meta name=\"twitter:card\" content=\"summary_large_image\" \/>\r\n<meta name=\"twitter:label1\" content=\"Escrito por\" \/>\n\t<meta name=\"twitter:data1\" content=\"Eduardo Calabria\" \/>\n\t<meta name=\"twitter:label2\" content=\"Est. tempo de leitura\" \/>\n\t<meta name=\"twitter:data2\" content=\"5 minutos\" \/>\r\n<script type=\"application\/ld+json\" class=\"yoast-schema-graph\">{\"@context\":\"https:\/\/schema.org\",\"@graph\":[{\"@type\":\"Article\",\"@id\":\"https:\/\/portaleducacao.guarulhos.sp.gov.br\/wp_site\/portalbienal\/2024\/03\/11\/3a-bienal-internacional-do-livro-de-guarulhos-comeca-nesta-sexta-no-espaco-inter\/#article\",\"isPartOf\":{\"@id\":\"https:\/\/portaleducacao.guarulhos.sp.gov.br\/wp_site\/portalbienal\/2024\/03\/11\/3a-bienal-internacional-do-livro-de-guarulhos-comeca-nesta-sexta-no-espaco-inter\/\"},\"author\":{\"name\":\"Eduardo Calabria\",\"@id\":\"https:\/\/portaleducacao.guarulhos.sp.gov.br\/wp_site\/portalbienal\/#\/schema\/person\/3cd59442d86a6bd35a1cb775b093d9af\"},\"headline\":\"3\u00aa Bienal Internacional do Livro de Guarulhos come\u00e7a nesta sexta no Espa\u00e7o Inter\",\"datePublished\":\"2024-03-11T20:54:52+00:00\",\"dateModified\":\"2024-03-13T11:29:03+00:00\",\"mainEntityOfPage\":{\"@id\":\"https:\/\/portaleducacao.guarulhos.sp.gov.br\/wp_site\/portalbienal\/2024\/03\/11\/3a-bienal-internacional-do-livro-de-guarulhos-comeca-nesta-sexta-no-espaco-inter\/\"},\"wordCount\":869,\"commentCount\":0,\"publisher\":{\"@id\":\"https:\/\/portaleducacao.guarulhos.sp.gov.br\/wp_site\/portalbienal\/#organization\"},\"articleSection\":[\"2024 Not\u00edcias\",\"2024 P\u00e1gina\",\"2024 Post\",\"Bienal 2024\"],\"inLanguage\":\"pt-BR\",\"potentialAction\":[{\"@type\":\"CommentAction\",\"name\":\"Comment\",\"target\":[\"https:\/\/portaleducacao.guarulhos.sp.gov.br\/wp_site\/portalbienal\/2024\/03\/11\/3a-bienal-internacional-do-livro-de-guarulhos-comeca-nesta-sexta-no-espaco-inter\/#respond\"]}]},{\"@type\":\"WebPage\",\"@id\":\"https:\/\/portaleducacao.guarulhos.sp.gov.br\/wp_site\/portalbienal\/2024\/03\/11\/3a-bienal-internacional-do-livro-de-guarulhos-comeca-nesta-sexta-no-espaco-inter\/\",\"url\":\"https:\/\/portaleducacao.guarulhos.sp.gov.br\/wp_site\/portalbienal\/2024\/03\/11\/3a-bienal-internacional-do-livro-de-guarulhos-comeca-nesta-sexta-no-espaco-inter\/\",\"name\":\"3\u00aa Bienal Internacional do Livro de Guarulhos come\u00e7a nesta sexta no Espa\u00e7o Inter - Bienal do Livro de Guarulhos - 2024\",\"isPartOf\":{\"@id\":\"https:\/\/portaleducacao.guarulhos.sp.gov.br\/wp_site\/portalbienal\/#website\"},\"datePublished\":\"2024-03-11T20:54:52+00:00\",\"dateModified\":\"2024-03-13T11:29:03+00:00\",\"breadcrumb\":{\"@id\":\"https:\/\/portaleducacao.guarulhos.sp.gov.br\/wp_site\/portalbienal\/2024\/03\/11\/3a-bienal-internacional-do-livro-de-guarulhos-comeca-nesta-sexta-no-espaco-inter\/#breadcrumb\"},\"inLanguage\":\"pt-BR\",\"potentialAction\":[{\"@type\":\"ReadAction\",\"target\":[\"https:\/\/portaleducacao.guarulhos.sp.gov.br\/wp_site\/portalbienal\/2024\/03\/11\/3a-bienal-internacional-do-livro-de-guarulhos-comeca-nesta-sexta-no-espaco-inter\/\"]}]},{\"@type\":\"BreadcrumbList\",\"@id\":\"https:\/\/portaleducacao.guarulhos.sp.gov.br\/wp_site\/portalbienal\/2024\/03\/11\/3a-bienal-internacional-do-livro-de-guarulhos-comeca-nesta-sexta-no-espaco-inter\/#breadcrumb\",\"itemListElement\":[{\"@type\":\"ListItem\",\"position\":1,\"name\":\"In\u00edcio\",\"item\":\"https:\/\/portaleducacao.guarulhos.sp.gov.br\/wp_site\/portalbienal\/\"},{\"@type\":\"ListItem\",\"position\":2,\"name\":\"3\u00aa Bienal Internacional do Livro de Guarulhos come\u00e7a nesta sexta no Espa\u00e7o Inter\"}]},{\"@type\":\"WebSite\",\"@id\":\"https:\/\/portaleducacao.guarulhos.sp.gov.br\/wp_site\/portalbienal\/#website\",\"url\":\"https:\/\/portaleducacao.guarulhos.sp.gov.br\/wp_site\/portalbienal\/\",\"name\":\"Bienal do Livro de Guarulhos - 2024\",\"description\":\"Secretaria de Educa\u00e7\u00e3o - Prefeitura de Guarulhos\",\"publisher\":{\"@id\":\"https:\/\/portaleducacao.guarulhos.sp.gov.br\/wp_site\/portalbienal\/#organization\"},\"potentialAction\":[{\"@type\":\"SearchAction\",\"target\":{\"@type\":\"EntryPoint\",\"urlTemplate\":\"https:\/\/portaleducacao.guarulhos.sp.gov.br\/wp_site\/portalbienal\/?s={search_term_string}\"},\"query-input\":\"required name=search_term_string\"}],\"inLanguage\":\"pt-BR\"},{\"@type\":\"Organization\",\"@id\":\"https:\/\/portaleducacao.guarulhos.sp.gov.br\/wp_site\/portalbienal\/#organization\",\"name\":\"Bienal do Livro de Guarulhos - 2024\",\"url\":\"https:\/\/portaleducacao.guarulhos.sp.gov.br\/wp_site\/portalbienal\/\",\"sameAs\":[],\"logo\":{\"@type\":\"ImageObject\",\"inLanguage\":\"pt-BR\",\"@id\":\"https:\/\/portaleducacao.guarulhos.sp.gov.br\/wp_site\/portalbienal\/#\/schema\/logo\/image\/\",\"url\":\"https:\/\/portaleducacao.guarulhos.sp.gov.br\/wp_site\/portalbienal\/wp-content\/uploads\/sites\/22\/2022\/07\/logo_site.jpg\",\"contentUrl\":\"https:\/\/portaleducacao.guarulhos.sp.gov.br\/wp_site\/portalbienal\/wp-content\/uploads\/sites\/22\/2022\/07\/logo_site.jpg\",\"width\":350,\"height\":100,\"caption\":\"Bienal do Livro de Guarulhos - 2024\"},\"image\":{\"@id\":\"https:\/\/portaleducacao.guarulhos.sp.gov.br\/wp_site\/portalbienal\/#\/schema\/logo\/image\/\"}},{\"@type\":\"Person\",\"@id\":\"https:\/\/portaleducacao.guarulhos.sp.gov.br\/wp_site\/portalbienal\/#\/schema\/person\/3cd59442d86a6bd35a1cb775b093d9af\",\"name\":\"Eduardo Calabria\",\"image\":{\"@type\":\"ImageObject\",\"inLanguage\":\"pt-BR\",\"@id\":\"https:\/\/portaleducacao.guarulhos.sp.gov.br\/wp_site\/portalbienal\/#\/schema\/person\/image\/\",\"url\":\"https:\/\/secure.gravatar.com\/avatar\/8e9c65076f903828ecdd0e9fa6ab1487?s=96&d=mm&r=g\",\"contentUrl\":\"https:\/\/secure.gravatar.com\/avatar\/8e9c65076f903828ecdd0e9fa6ab1487?s=96&d=mm&r=g\",\"caption\":\"Eduardo Calabria\"},\"url\":\"https:\/\/portaleducacao.guarulhos.sp.gov.br\/wp_site\/portalbienal\/author\/eduardocm\/\"}]}<\/script>\r\n<!-- \/ Yoast SEO plugin. -->","yoast_head_json":{"title":"3\u00aa Bienal Internacional do Livro de Guarulhos come\u00e7a nesta sexta no Espa\u00e7o Inter - Bienal do Livro de Guarulhos - 2024","robots":{"index":"index","follow":"follow","max-snippet":"max-snippet:-1","max-image-preview":"max-image-preview:large","max-video-preview":"max-video-preview:-1"},"canonical":"https:\/\/portaleducacao.guarulhos.sp.gov.br\/wp_site\/portalbienal\/2024\/03\/11\/3a-bienal-internacional-do-livro-de-guarulhos-comeca-nesta-sexta-no-espaco-inter\/","og_locale":"pt_BR","og_type":"article","og_title":"3\u00aa Bienal Internacional do Livro de Guarulhos come\u00e7a nesta sexta no Espa\u00e7o Inter - Bienal do Livro de Guarulhos - 2024","og_description":"A 3\u00aa Bienal Internacional do Livro de Guarulhos, maior evento liter\u00e1rio da cidade, tem in\u00edcio nesta sexta-feira (15) no Espa\u00e7o Inter, antiga Phillips. O in\u00edcio do evento \u00e9 marcado por &hellip; 3\u00aa Bienal Internacional do Livro de Guarulhos come\u00e7a nesta sexta no Espa\u00e7o Inter Leia mais &raquo;","og_url":"https:\/\/portaleducacao.guarulhos.sp.gov.br\/wp_site\/portalbienal\/2024\/03\/11\/3a-bienal-internacional-do-livro-de-guarulhos-comeca-nesta-sexta-no-espaco-inter\/","og_site_name":"Bienal do Livro de Guarulhos - 2024","article_published_time":"2024-03-11T20:54:52+00:00","article_modified_time":"2024-03-13T11:29:03+00:00","og_image":[{"width":2560,"height":1707,"url":"http:\/\/portaleducacao.guarulhos.sp.gov.br\/wp_site\/portalbienal\/wp-content\/uploads\/sites\/22\/2024\/03\/7d5f4dba-e5c3-492e-9805-faa0bf63d8cc-scaled.jpg","type":"image\/jpeg"}],"author":"Eduardo Calabria","twitter_card":"summary_large_image","twitter_misc":{"Escrito por":"Eduardo Calabria","Est. tempo de leitura":"5 minutos"},"schema":{"@context":"https:\/\/schema.org","@graph":[{"@type":"Article","@id":"https:\/\/portaleducacao.guarulhos.sp.gov.br\/wp_site\/portalbienal\/2024\/03\/11\/3a-bienal-internacional-do-livro-de-guarulhos-comeca-nesta-sexta-no-espaco-inter\/#article","isPartOf":{"@id":"https:\/\/portaleducacao.guarulhos.sp.gov.br\/wp_site\/portalbienal\/2024\/03\/11\/3a-bienal-internacional-do-livro-de-guarulhos-comeca-nesta-sexta-no-espaco-inter\/"},"author":{"name":"Eduardo Calabria","@id":"https:\/\/portaleducacao.guarulhos.sp.gov.br\/wp_site\/portalbienal\/#\/schema\/person\/3cd59442d86a6bd35a1cb775b093d9af"},"headline":"3\u00aa Bienal Internacional do Livro de Guarulhos come\u00e7a nesta sexta no Espa\u00e7o Inter","datePublished":"2024-03-11T20:54:52+00:00","dateModified":"2024-03-13T11:29:03+00:00","mainEntityOfPage":{"@id":"https:\/\/portaleducacao.guarulhos.sp.gov.br\/wp_site\/portalbienal\/2024\/03\/11\/3a-bienal-internacional-do-livro-de-guarulhos-comeca-nesta-sexta-no-espaco-inter\/"},"wordCount":869,"commentCount":0,"publisher":{"@id":"https:\/\/portaleducacao.guarulhos.sp.gov.br\/wp_site\/portalbienal\/#organization"},"articleSection":["2024 Not\u00edcias","2024 P\u00e1gina","2024 Post","Bienal 2024"],"inLanguage":"pt-BR","potentialAction":[{"@type":"CommentAction","name":"Comment","target":["https:\/\/portaleducacao.guarulhos.sp.gov.br\/wp_site\/portalbienal\/2024\/03\/11\/3a-bienal-internacional-do-livro-de-guarulhos-comeca-nesta-sexta-no-espaco-inter\/#respond"]}]},{"@type":"WebPage","@id":"https:\/\/portaleducacao.guarulhos.sp.gov.br\/wp_site\/portalbienal\/2024\/03\/11\/3a-bienal-internacional-do-livro-de-guarulhos-comeca-nesta-sexta-no-espaco-inter\/","url":"https:\/\/portaleducacao.guarulhos.sp.gov.br\/wp_site\/portalbienal\/2024\/03\/11\/3a-bienal-internacional-do-livro-de-guarulhos-comeca-nesta-sexta-no-espaco-inter\/","name":"3\u00aa Bienal Internacional do Livro de Guarulhos come\u00e7a nesta sexta no Espa\u00e7o Inter - Bienal do Livro de Guarulhos - 2024","isPartOf":{"@id":"https:\/\/portaleducacao.guarulhos.sp.gov.br\/wp_site\/portalbienal\/#website"},"datePublished":"2024-03-11T20:54:52+00:00","dateModified":"2024-03-13T11:29:03+00:00","breadcrumb":{"@id":"https:\/\/portaleducacao.guarulhos.sp.gov.br\/wp_site\/portalbienal\/2024\/03\/11\/3a-bienal-internacional-do-livro-de-guarulhos-comeca-nesta-sexta-no-espaco-inter\/#breadcrumb"},"inLanguage":"pt-BR","potentialAction":[{"@type":"ReadAction","target":["https:\/\/portaleducacao.guarulhos.sp.gov.br\/wp_site\/portalbienal\/2024\/03\/11\/3a-bienal-internacional-do-livro-de-guarulhos-comeca-nesta-sexta-no-espaco-inter\/"]}]},{"@type":"BreadcrumbList","@id":"https:\/\/portaleducacao.guarulhos.sp.gov.br\/wp_site\/portalbienal\/2024\/03\/11\/3a-bienal-internacional-do-livro-de-guarulhos-comeca-nesta-sexta-no-espaco-inter\/#breadcrumb","itemListElement":[{"@type":"ListItem","position":1,"name":"In\u00edcio","item":"https:\/\/portaleducacao.guarulhos.sp.gov.br\/wp_site\/portalbienal\/"},{"@type":"ListItem","position":2,"name":"3\u00aa Bienal Internacional do Livro de Guarulhos come\u00e7a nesta sexta no Espa\u00e7o Inter"}]},{"@type":"WebSite","@id":"https:\/\/portaleducacao.guarulhos.sp.gov.br\/wp_site\/portalbienal\/#website","url":"https:\/\/portaleducacao.guarulhos.sp.gov.br\/wp_site\/portalbienal\/","name":"Bienal do Livro de Guarulhos - 2024","description":"Secretaria de Educa\u00e7\u00e3o - Prefeitura de Guarulhos","publisher":{"@id":"https:\/\/portaleducacao.guarulhos.sp.gov.br\/wp_site\/portalbienal\/#organization"},"potentialAction":[{"@type":"SearchAction","target":{"@type":"EntryPoint","urlTemplate":"https:\/\/portaleducacao.guarulhos.sp.gov.br\/wp_site\/portalbienal\/?s={search_term_string}"},"query-input":"required name=search_term_string"}],"inLanguage":"pt-BR"},{"@type":"Organization","@id":"https:\/\/portaleducacao.guarulhos.sp.gov.br\/wp_site\/portalbienal\/#organization","name":"Bienal do Livro de Guarulhos - 2024","url":"https:\/\/portaleducacao.guarulhos.sp.gov.br\/wp_site\/portalbienal\/","sameAs":[],"logo":{"@type":"ImageObject","inLanguage":"pt-BR","@id":"https:\/\/portaleducacao.guarulhos.sp.gov.br\/wp_site\/portalbienal\/#\/schema\/logo\/image\/","url":"https:\/\/portaleducacao.guarulhos.sp.gov.br\/wp_site\/portalbienal\/wp-content\/uploads\/sites\/22\/2022\/07\/logo_site.jpg","contentUrl":"https:\/\/portaleducacao.guarulhos.sp.gov.br\/wp_site\/portalbienal\/wp-content\/uploads\/sites\/22\/2022\/07\/logo_site.jpg","width":350,"height":100,"caption":"Bienal do Livro de Guarulhos - 2024"},"image":{"@id":"https:\/\/portaleducacao.guarulhos.sp.gov.br\/wp_site\/portalbienal\/#\/schema\/logo\/image\/"}},{"@type":"Person","@id":"https:\/\/portaleducacao.guarulhos.sp.gov.br\/wp_site\/portalbienal\/#\/schema\/person\/3cd59442d86a6bd35a1cb775b093d9af","name":"Eduardo Calabria","image":{"@type":"ImageObject","inLanguage":"pt-BR","@id":"https:\/\/portaleducacao.guarulhos.sp.gov.br\/wp_site\/portalbienal\/#\/schema\/person\/image\/","url":"https:\/\/secure.gravatar.com\/avatar\/8e9c65076f903828ecdd0e9fa6ab1487?s=96&d=mm&r=g","contentUrl":"https:\/\/secure.gravatar.com\/avatar\/8e9c65076f903828ecdd0e9fa6ab1487?s=96&d=mm&r=g","caption":"Eduardo Calabria"},"url":"https:\/\/portaleducacao.guarulhos.sp.gov.br\/wp_site\/portalbienal\/author\/eduardocm\/"}]}},"_links":{"self":[{"href":"https:\/\/portaleducacao.guarulhos.sp.gov.br\/wp_site\/portalbienal\/wp-json\/wp\/v2\/posts\/8891"}],"collection":[{"href":"https:\/\/portaleducacao.guarulhos.sp.gov.br\/wp_site\/portalbienal\/wp-json\/wp\/v2\/posts"}],"about":[{"href":"https:\/\/portaleducacao.guarulhos.sp.gov.br\/wp_site\/portalbienal\/wp-json\/wp\/v2\/types\/post"}],"author":[{"embeddable":true,"href":"https:\/\/portaleducacao.guarulhos.sp.gov.br\/wp_site\/portalbienal\/wp-json\/wp\/v2\/users\/12"}],"replies":[{"embeddable":true,"href":"https:\/\/portaleducacao.guarulhos.sp.gov.br\/wp_site\/portalbienal\/wp-json\/wp\/v2\/comments?post=8891"}],"version-history":[{"count":3,"href":"https:\/\/portaleducacao.guarulhos.sp.gov.br\/wp_site\/portalbienal\/wp-json\/wp\/v2\/posts\/8891\/revisions"}],"predecessor-version":[{"id":8914,"href":"https:\/\/portaleducacao.guarulhos.sp.gov.br\/wp_site\/portalbienal\/wp-json\/wp\/v2\/posts\/8891\/revisions\/8914"}],"wp:featuredmedia":[{"embeddable":true,"href":"https:\/\/portaleducacao.guarulhos.sp.gov.br\/wp_site\/portalbienal\/wp-json\/wp\/v2\/media\/8892"}],"wp:attachment":[{"href":"https:\/\/portaleducacao.guarulhos.sp.gov.br\/wp_site\/portalbienal\/wp-json\/wp\/v2\/media?parent=8891"}],"wp:term":[{"taxonomy":"category","embeddable":true,"href":"https:\/\/portaleducacao.guarulhos.sp.gov.br\/wp_site\/portalbienal\/wp-json\/wp\/v2\/categories?post=8891"},{"taxonomy":"post_tag","embeddable":true,"href":"https:\/\/portaleducacao.guarulhos.sp.gov.br\/wp_site\/portalbienal\/wp-json\/wp\/v2\/tags?post=8891"}],"curies":[{"name":"wp","href":"https:\/\/api.w.org\/{rel}","templated":true}]}}