{"id":8906,"date":"2024-03-12T15:12:55","date_gmt":"2024-03-12T18:12:55","guid":{"rendered":"https:\/\/portaleducacao.guarulhos.sp.gov.br\/wp_site\/portalbienal\/?p=8906"},"modified":"2024-03-17T17:14:50","modified_gmt":"2024-03-17T20:14:50","slug":"bienal-confirma-presencas-de-cintia-chagas-e-camila-fremder","status":"publish","type":"post","link":"https:\/\/portaleducacao.guarulhos.sp.gov.br\/wp_site\/portalbienal\/2024\/03\/12\/bienal-confirma-presencas-de-cintia-chagas-e-camila-fremder\/","title":{"rendered":"Bienal confirma presen\u00e7as de C\u00edntia Chagas e Camila Fremder"},"content":{"rendered":"\n<p>As escritoras C\u00edntia Chagas e Camila Fremder t\u00eam sua participa\u00e7\u00e3o confirmada na 3\u00aa Bienal Internacional do Livro de Guarulhos, que nesta edi\u00e7\u00e3o apresenta o tema Guarulhos \u2013 Todo o Mundo Passa por Aqui e acontece entre os dias 15 e 24 de mar\u00e7o no Espa\u00e7o Inter.<\/p>\n\n\n\n<p>No dia 20 de mar\u00e7o, quarta-feira, a comunicadora, professora de portugu\u00eas e de orat\u00f3ria C\u00edntia Chagas faz um bate-papo com o p\u00fablico no Audit\u00f3rio Azul \u00e0s 20h. Sin\u00f4nimo de conhecimento e bom humor, a escritora j\u00e1 tem dois livros campe\u00f5es de vendas em listas da revista Veja e do site Amazon, al\u00e9m de colecionar milhares de alunos nos cursos virtuais que ministra.<\/p>\n\n\n\n<p>Roteirista de TV e podcaster, a escritora Camila Fremder \u00e9 autora de cinco obras. Quibe, a Formiga Corajosa \u00e9 seu primeiro livro infantil e o mais recente recebeu o nome de Adulta Sim, Madura nem Sempre. Camila estar\u00e1 no Audit\u00f3rio Azul no s\u00e1bado, dia 23 de mar\u00e7o, \u00e0s 13h.<\/p>\n\n\n\n<p>Se voc\u00ea n\u00e3o conseguiu garantir seu ingresso online ainda pode tentar participar das atividades na xepa dos ingressos no dia do evento. Para isso, basta chegar com pelo menos 30 minutos de anteced\u00eancia ao local e aguardar na fila de espera. Em caso de desist\u00eancias a entrada \u00e9 liberada por ordem de chegada at\u00e9 a lota\u00e7\u00e3o m\u00e1xima permitida no audit\u00f3rio.<\/p>\n\n\n\n<p>A 3\u00aa Bienal Internacional do Livro de Guarulhos \u00e9 um evento gratuito e acontece de 15 a 24 de mar\u00e7o, de segunda a s\u00e1bado, das 10h \u00e0s 22h, e aos domingos das 10h \u00e0s 20h no Espa\u00e7o Inter, na avenida Jo\u00e3o Cavalari, 133, Vila Herm\u00ednia.<\/p>\n\n\n\n<p>Para obter mais informa\u00e7\u00f5es siga o perfil da Bienal no Instagram:&nbsp;<a href=\"https:\/\/www.instagram.com\/bienaldolivrogru\/\"><u><strong>@bienaldolivrogru<\/strong><\/u><\/a>.<\/p>\n\n\n\n<p><\/p>\n","protected":false},"excerpt":{"rendered":"<p>As escritoras C\u00edntia Chagas e Camila Fremder t\u00eam sua participa\u00e7\u00e3o confirmada na 3\u00aa Bienal Internacional do Livro de Guarulhos, que nesta edi\u00e7\u00e3o apresenta o tema Guarulhos \u2013 Todo o Mundo &hellip;<\/p>\n<p class=\"read-more\"> <a class=\"\" href=\"https:\/\/portaleducacao.guarulhos.sp.gov.br\/wp_site\/portalbienal\/2024\/03\/12\/bienal-confirma-presencas-de-cintia-chagas-e-camila-fremder\/\"> <span class=\"screen-reader-text\">Bienal confirma presen\u00e7as de C\u00edntia Chagas e Camila Fremder<\/span> Leia mais &raquo;<\/a><\/p>\n","protected":false},"author":16,"featured_media":8907,"comment_status":"open","ping_status":"open","sticky":true,"template":"","format":"standard","meta":{"_monsterinsights_skip_tracking":false,"_monsterinsights_sitenote_active":false,"_monsterinsights_sitenote_note":"","_monsterinsights_sitenote_category":0,"site-sidebar-layout":"default","site-content-layout":"default","ast-global-header-display":"","ast-main-header-display":"","ast-hfb-above-header-display":"","ast-hfb-below-header-display":"","ast-hfb-mobile-header-display":"","site-post-title":"","ast-breadcrumbs-content":"","ast-featured-img":"","footer-sml-layout":"","theme-transparent-header-meta":"","adv-header-id-meta":"","stick-header-meta":"","header-above-stick-meta":"","header-main-stick-meta":"","header-below-stick-meta":"","_expiration-date-status":"","_expiration-date":0,"_expiration-date-type":"","_expiration-date-categories":[],"_expiration-date-options":[]},"categories":[39,37,40],"tags":[],"yoast_head":"<!-- This site is optimized with the Yoast SEO plugin v19.7.1 - https:\/\/yoast.com\/wordpress\/plugins\/seo\/ -->\r\n<title>Bienal confirma presen\u00e7as de C\u00edntia Chagas e Camila Fremder - Bienal do Livro de Guarulhos - 2024<\/title>\r\n<meta name=\"robots\" content=\"index, follow, max-snippet:-1, max-image-preview:large, max-video-preview:-1\" \/>\r\n<link rel=\"canonical\" href=\"https:\/\/portaleducacao.guarulhos.sp.gov.br\/wp_site\/portalbienal\/2024\/03\/12\/bienal-confirma-presencas-de-cintia-chagas-e-camila-fremder\/\" \/>\r\n<meta property=\"og:locale\" content=\"pt_BR\" \/>\r\n<meta property=\"og:type\" content=\"article\" \/>\r\n<meta property=\"og:title\" content=\"Bienal confirma presen\u00e7as de C\u00edntia Chagas e Camila Fremder - Bienal do Livro de Guarulhos - 2024\" \/>\r\n<meta property=\"og:description\" content=\"As escritoras C\u00edntia Chagas e Camila Fremder t\u00eam sua participa\u00e7\u00e3o confirmada na 3\u00aa Bienal Internacional do Livro de Guarulhos, que nesta edi\u00e7\u00e3o apresenta o tema Guarulhos \u2013 Todo o Mundo &hellip; Bienal confirma presen\u00e7as de C\u00edntia Chagas e Camila Fremder Leia mais &raquo;\" \/>\r\n<meta property=\"og:url\" content=\"https:\/\/portaleducacao.guarulhos.sp.gov.br\/wp_site\/portalbienal\/2024\/03\/12\/bienal-confirma-presencas-de-cintia-chagas-e-camila-fremder\/\" \/>\r\n<meta property=\"og:site_name\" content=\"Bienal do Livro de Guarulhos - 2024\" \/>\r\n<meta property=\"article:published_time\" content=\"2024-03-12T18:12:55+00:00\" \/>\r\n<meta property=\"article:modified_time\" content=\"2024-03-17T20:14:50+00:00\" \/>\r\n<meta property=\"og:image\" content=\"http:\/\/portaleducacao.guarulhos.sp.gov.br\/wp_site\/portalbienal\/wp-content\/uploads\/sites\/22\/2024\/03\/36579a36-a13a-45cf-b582-3477fc99ca5a.jpeg\" \/>\r\n\t<meta property=\"og:image:width\" content=\"1600\" \/>\r\n\t<meta property=\"og:image:height\" content=\"1109\" \/>\r\n\t<meta property=\"og:image:type\" content=\"image\/jpeg\" \/>\r\n<meta name=\"author\" content=\"bienal\" \/>\r\n<meta name=\"twitter:card\" content=\"summary_large_image\" \/>\r\n<meta name=\"twitter:label1\" content=\"Escrito por\" \/>\n\t<meta name=\"twitter:data1\" content=\"bienal\" \/>\n\t<meta name=\"twitter:label2\" content=\"Est. tempo de leitura\" \/>\n\t<meta name=\"twitter:data2\" content=\"2 minutos\" \/>\r\n<script type=\"application\/ld+json\" class=\"yoast-schema-graph\">{\"@context\":\"https:\/\/schema.org\",\"@graph\":[{\"@type\":\"Article\",\"@id\":\"https:\/\/portaleducacao.guarulhos.sp.gov.br\/wp_site\/portalbienal\/2024\/03\/12\/bienal-confirma-presencas-de-cintia-chagas-e-camila-fremder\/#article\",\"isPartOf\":{\"@id\":\"https:\/\/portaleducacao.guarulhos.sp.gov.br\/wp_site\/portalbienal\/2024\/03\/12\/bienal-confirma-presencas-de-cintia-chagas-e-camila-fremder\/\"},\"author\":{\"name\":\"bienal\",\"@id\":\"https:\/\/portaleducacao.guarulhos.sp.gov.br\/wp_site\/portalbienal\/#\/schema\/person\/f6c143949a6552f31c04b9d44097eb74\"},\"headline\":\"Bienal confirma presen\u00e7as de C\u00edntia Chagas e Camila Fremder\",\"datePublished\":\"2024-03-12T18:12:55+00:00\",\"dateModified\":\"2024-03-17T20:14:50+00:00\",\"mainEntityOfPage\":{\"@id\":\"https:\/\/portaleducacao.guarulhos.sp.gov.br\/wp_site\/portalbienal\/2024\/03\/12\/bienal-confirma-presencas-de-cintia-chagas-e-camila-fremder\/\"},\"wordCount\":309,\"commentCount\":0,\"publisher\":{\"@id\":\"https:\/\/portaleducacao.guarulhos.sp.gov.br\/wp_site\/portalbienal\/#organization\"},\"articleSection\":[\"2024 Not\u00edcias\",\"2024 P\u00e1gina\",\"Bienal 2024\"],\"inLanguage\":\"pt-BR\",\"potentialAction\":[{\"@type\":\"CommentAction\",\"name\":\"Comment\",\"target\":[\"https:\/\/portaleducacao.guarulhos.sp.gov.br\/wp_site\/portalbienal\/2024\/03\/12\/bienal-confirma-presencas-de-cintia-chagas-e-camila-fremder\/#respond\"]}]},{\"@type\":\"WebPage\",\"@id\":\"https:\/\/portaleducacao.guarulhos.sp.gov.br\/wp_site\/portalbienal\/2024\/03\/12\/bienal-confirma-presencas-de-cintia-chagas-e-camila-fremder\/\",\"url\":\"https:\/\/portaleducacao.guarulhos.sp.gov.br\/wp_site\/portalbienal\/2024\/03\/12\/bienal-confirma-presencas-de-cintia-chagas-e-camila-fremder\/\",\"name\":\"Bienal confirma presen\u00e7as de C\u00edntia Chagas e Camila Fremder - Bienal do Livro de Guarulhos - 2024\",\"isPartOf\":{\"@id\":\"https:\/\/portaleducacao.guarulhos.sp.gov.br\/wp_site\/portalbienal\/#website\"},\"datePublished\":\"2024-03-12T18:12:55+00:00\",\"dateModified\":\"2024-03-17T20:14:50+00:00\",\"breadcrumb\":{\"@id\":\"https:\/\/portaleducacao.guarulhos.sp.gov.br\/wp_site\/portalbienal\/2024\/03\/12\/bienal-confirma-presencas-de-cintia-chagas-e-camila-fremder\/#breadcrumb\"},\"inLanguage\":\"pt-BR\",\"potentialAction\":[{\"@type\":\"ReadAction\",\"target\":[\"https:\/\/portaleducacao.guarulhos.sp.gov.br\/wp_site\/portalbienal\/2024\/03\/12\/bienal-confirma-presencas-de-cintia-chagas-e-camila-fremder\/\"]}]},{\"@type\":\"BreadcrumbList\",\"@id\":\"https:\/\/portaleducacao.guarulhos.sp.gov.br\/wp_site\/portalbienal\/2024\/03\/12\/bienal-confirma-presencas-de-cintia-chagas-e-camila-fremder\/#breadcrumb\",\"itemListElement\":[{\"@type\":\"ListItem\",\"position\":1,\"name\":\"In\u00edcio\",\"item\":\"https:\/\/portaleducacao.guarulhos.sp.gov.br\/wp_site\/portalbienal\/\"},{\"@type\":\"ListItem\",\"position\":2,\"name\":\"Bienal confirma presen\u00e7as de C\u00edntia Chagas e Camila Fremder\"}]},{\"@type\":\"WebSite\",\"@id\":\"https:\/\/portaleducacao.guarulhos.sp.gov.br\/wp_site\/portalbienal\/#website\",\"url\":\"https:\/\/portaleducacao.guarulhos.sp.gov.br\/wp_site\/portalbienal\/\",\"name\":\"Bienal do Livro de Guarulhos - 2024\",\"description\":\"Secretaria de Educa\u00e7\u00e3o - Prefeitura de Guarulhos\",\"publisher\":{\"@id\":\"https:\/\/portaleducacao.guarulhos.sp.gov.br\/wp_site\/portalbienal\/#organization\"},\"potentialAction\":[{\"@type\":\"SearchAction\",\"target\":{\"@type\":\"EntryPoint\",\"urlTemplate\":\"https:\/\/portaleducacao.guarulhos.sp.gov.br\/wp_site\/portalbienal\/?s={search_term_string}\"},\"query-input\":\"required name=search_term_string\"}],\"inLanguage\":\"pt-BR\"},{\"@type\":\"Organization\",\"@id\":\"https:\/\/portaleducacao.guarulhos.sp.gov.br\/wp_site\/portalbienal\/#organization\",\"name\":\"Bienal do Livro de Guarulhos - 2024\",\"url\":\"https:\/\/portaleducacao.guarulhos.sp.gov.br\/wp_site\/portalbienal\/\",\"sameAs\":[],\"logo\":{\"@type\":\"ImageObject\",\"inLanguage\":\"pt-BR\",\"@id\":\"https:\/\/portaleducacao.guarulhos.sp.gov.br\/wp_site\/portalbienal\/#\/schema\/logo\/image\/\",\"url\":\"https:\/\/portaleducacao.guarulhos.sp.gov.br\/wp_site\/portalbienal\/wp-content\/uploads\/sites\/22\/2022\/07\/logo_site.jpg\",\"contentUrl\":\"https:\/\/portaleducacao.guarulhos.sp.gov.br\/wp_site\/portalbienal\/wp-content\/uploads\/sites\/22\/2022\/07\/logo_site.jpg\",\"width\":350,\"height\":100,\"caption\":\"Bienal do Livro de Guarulhos - 2024\"},\"image\":{\"@id\":\"https:\/\/portaleducacao.guarulhos.sp.gov.br\/wp_site\/portalbienal\/#\/schema\/logo\/image\/\"}},{\"@type\":\"Person\",\"@id\":\"https:\/\/portaleducacao.guarulhos.sp.gov.br\/wp_site\/portalbienal\/#\/schema\/person\/f6c143949a6552f31c04b9d44097eb74\",\"name\":\"bienal\",\"image\":{\"@type\":\"ImageObject\",\"inLanguage\":\"pt-BR\",\"@id\":\"https:\/\/portaleducacao.guarulhos.sp.gov.br\/wp_site\/portalbienal\/#\/schema\/person\/image\/\",\"url\":\"https:\/\/secure.gravatar.com\/avatar\/dbc6e930183843dc385846c81a08a16d?s=96&d=mm&r=g\",\"contentUrl\":\"https:\/\/secure.gravatar.com\/avatar\/dbc6e930183843dc385846c81a08a16d?s=96&d=mm&r=g\",\"caption\":\"bienal\"},\"url\":\"https:\/\/portaleducacao.guarulhos.sp.gov.br\/wp_site\/portalbienal\/author\/bienal\/\"}]}<\/script>\r\n<!-- \/ Yoast SEO plugin. -->","yoast_head_json":{"title":"Bienal confirma presen\u00e7as de C\u00edntia Chagas e Camila Fremder - Bienal do Livro de Guarulhos - 2024","robots":{"index":"index","follow":"follow","max-snippet":"max-snippet:-1","max-image-preview":"max-image-preview:large","max-video-preview":"max-video-preview:-1"},"canonical":"https:\/\/portaleducacao.guarulhos.sp.gov.br\/wp_site\/portalbienal\/2024\/03\/12\/bienal-confirma-presencas-de-cintia-chagas-e-camila-fremder\/","og_locale":"pt_BR","og_type":"article","og_title":"Bienal confirma presen\u00e7as de C\u00edntia Chagas e Camila Fremder - Bienal do Livro de Guarulhos - 2024","og_description":"As escritoras C\u00edntia Chagas e Camila Fremder t\u00eam sua participa\u00e7\u00e3o confirmada na 3\u00aa Bienal Internacional do Livro de Guarulhos, que nesta edi\u00e7\u00e3o apresenta o tema Guarulhos \u2013 Todo o Mundo &hellip; Bienal confirma presen\u00e7as de C\u00edntia Chagas e Camila Fremder Leia mais &raquo;","og_url":"https:\/\/portaleducacao.guarulhos.sp.gov.br\/wp_site\/portalbienal\/2024\/03\/12\/bienal-confirma-presencas-de-cintia-chagas-e-camila-fremder\/","og_site_name":"Bienal do Livro de Guarulhos - 2024","article_published_time":"2024-03-12T18:12:55+00:00","article_modified_time":"2024-03-17T20:14:50+00:00","og_image":[{"width":1600,"height":1109,"url":"http:\/\/portaleducacao.guarulhos.sp.gov.br\/wp_site\/portalbienal\/wp-content\/uploads\/sites\/22\/2024\/03\/36579a36-a13a-45cf-b582-3477fc99ca5a.jpeg","type":"image\/jpeg"}],"author":"bienal","twitter_card":"summary_large_image","twitter_misc":{"Escrito por":"bienal","Est. tempo de leitura":"2 minutos"},"schema":{"@context":"https:\/\/schema.org","@graph":[{"@type":"Article","@id":"https:\/\/portaleducacao.guarulhos.sp.gov.br\/wp_site\/portalbienal\/2024\/03\/12\/bienal-confirma-presencas-de-cintia-chagas-e-camila-fremder\/#article","isPartOf":{"@id":"https:\/\/portaleducacao.guarulhos.sp.gov.br\/wp_site\/portalbienal\/2024\/03\/12\/bienal-confirma-presencas-de-cintia-chagas-e-camila-fremder\/"},"author":{"name":"bienal","@id":"https:\/\/portaleducacao.guarulhos.sp.gov.br\/wp_site\/portalbienal\/#\/schema\/person\/f6c143949a6552f31c04b9d44097eb74"},"headline":"Bienal confirma presen\u00e7as de C\u00edntia Chagas e Camila Fremder","datePublished":"2024-03-12T18:12:55+00:00","dateModified":"2024-03-17T20:14:50+00:00","mainEntityOfPage":{"@id":"https:\/\/portaleducacao.guarulhos.sp.gov.br\/wp_site\/portalbienal\/2024\/03\/12\/bienal-confirma-presencas-de-cintia-chagas-e-camila-fremder\/"},"wordCount":309,"commentCount":0,"publisher":{"@id":"https:\/\/portaleducacao.guarulhos.sp.gov.br\/wp_site\/portalbienal\/#organization"},"articleSection":["2024 Not\u00edcias","2024 P\u00e1gina","Bienal 2024"],"inLanguage":"pt-BR","potentialAction":[{"@type":"CommentAction","name":"Comment","target":["https:\/\/portaleducacao.guarulhos.sp.gov.br\/wp_site\/portalbienal\/2024\/03\/12\/bienal-confirma-presencas-de-cintia-chagas-e-camila-fremder\/#respond"]}]},{"@type":"WebPage","@id":"https:\/\/portaleducacao.guarulhos.sp.gov.br\/wp_site\/portalbienal\/2024\/03\/12\/bienal-confirma-presencas-de-cintia-chagas-e-camila-fremder\/","url":"https:\/\/portaleducacao.guarulhos.sp.gov.br\/wp_site\/portalbienal\/2024\/03\/12\/bienal-confirma-presencas-de-cintia-chagas-e-camila-fremder\/","name":"Bienal confirma presen\u00e7as de C\u00edntia Chagas e Camila Fremder - Bienal do Livro de Guarulhos - 2024","isPartOf":{"@id":"https:\/\/portaleducacao.guarulhos.sp.gov.br\/wp_site\/portalbienal\/#website"},"datePublished":"2024-03-12T18:12:55+00:00","dateModified":"2024-03-17T20:14:50+00:00","breadcrumb":{"@id":"https:\/\/portaleducacao.guarulhos.sp.gov.br\/wp_site\/portalbienal\/2024\/03\/12\/bienal-confirma-presencas-de-cintia-chagas-e-camila-fremder\/#breadcrumb"},"inLanguage":"pt-BR","potentialAction":[{"@type":"ReadAction","target":["https:\/\/portaleducacao.guarulhos.sp.gov.br\/wp_site\/portalbienal\/2024\/03\/12\/bienal-confirma-presencas-de-cintia-chagas-e-camila-fremder\/"]}]},{"@type":"BreadcrumbList","@id":"https:\/\/portaleducacao.guarulhos.sp.gov.br\/wp_site\/portalbienal\/2024\/03\/12\/bienal-confirma-presencas-de-cintia-chagas-e-camila-fremder\/#breadcrumb","itemListElement":[{"@type":"ListItem","position":1,"name":"In\u00edcio","item":"https:\/\/portaleducacao.guarulhos.sp.gov.br\/wp_site\/portalbienal\/"},{"@type":"ListItem","position":2,"name":"Bienal confirma presen\u00e7as de C\u00edntia Chagas e Camila Fremder"}]},{"@type":"WebSite","@id":"https:\/\/portaleducacao.guarulhos.sp.gov.br\/wp_site\/portalbienal\/#website","url":"https:\/\/portaleducacao.guarulhos.sp.gov.br\/wp_site\/portalbienal\/","name":"Bienal do Livro de Guarulhos - 2024","description":"Secretaria de Educa\u00e7\u00e3o - Prefeitura de Guarulhos","publisher":{"@id":"https:\/\/portaleducacao.guarulhos.sp.gov.br\/wp_site\/portalbienal\/#organization"},"potentialAction":[{"@type":"SearchAction","target":{"@type":"EntryPoint","urlTemplate":"https:\/\/portaleducacao.guarulhos.sp.gov.br\/wp_site\/portalbienal\/?s={search_term_string}"},"query-input":"required name=search_term_string"}],"inLanguage":"pt-BR"},{"@type":"Organization","@id":"https:\/\/portaleducacao.guarulhos.sp.gov.br\/wp_site\/portalbienal\/#organization","name":"Bienal do Livro de Guarulhos - 2024","url":"https:\/\/portaleducacao.guarulhos.sp.gov.br\/wp_site\/portalbienal\/","sameAs":[],"logo":{"@type":"ImageObject","inLanguage":"pt-BR","@id":"https:\/\/portaleducacao.guarulhos.sp.gov.br\/wp_site\/portalbienal\/#\/schema\/logo\/image\/","url":"https:\/\/portaleducacao.guarulhos.sp.gov.br\/wp_site\/portalbienal\/wp-content\/uploads\/sites\/22\/2022\/07\/logo_site.jpg","contentUrl":"https:\/\/portaleducacao.guarulhos.sp.gov.br\/wp_site\/portalbienal\/wp-content\/uploads\/sites\/22\/2022\/07\/logo_site.jpg","width":350,"height":100,"caption":"Bienal do Livro de Guarulhos - 2024"},"image":{"@id":"https:\/\/portaleducacao.guarulhos.sp.gov.br\/wp_site\/portalbienal\/#\/schema\/logo\/image\/"}},{"@type":"Person","@id":"https:\/\/portaleducacao.guarulhos.sp.gov.br\/wp_site\/portalbienal\/#\/schema\/person\/f6c143949a6552f31c04b9d44097eb74","name":"bienal","image":{"@type":"ImageObject","inLanguage":"pt-BR","@id":"https:\/\/portaleducacao.guarulhos.sp.gov.br\/wp_site\/portalbienal\/#\/schema\/person\/image\/","url":"https:\/\/secure.gravatar.com\/avatar\/dbc6e930183843dc385846c81a08a16d?s=96&d=mm&r=g","contentUrl":"https:\/\/secure.gravatar.com\/avatar\/dbc6e930183843dc385846c81a08a16d?s=96&d=mm&r=g","caption":"bienal"},"url":"https:\/\/portaleducacao.guarulhos.sp.gov.br\/wp_site\/portalbienal\/author\/bienal\/"}]}},"_links":{"self":[{"href":"https:\/\/portaleducacao.guarulhos.sp.gov.br\/wp_site\/portalbienal\/wp-json\/wp\/v2\/posts\/8906"}],"collection":[{"href":"https:\/\/portaleducacao.guarulhos.sp.gov.br\/wp_site\/portalbienal\/wp-json\/wp\/v2\/posts"}],"about":[{"href":"https:\/\/portaleducacao.guarulhos.sp.gov.br\/wp_site\/portalbienal\/wp-json\/wp\/v2\/types\/post"}],"author":[{"embeddable":true,"href":"https:\/\/portaleducacao.guarulhos.sp.gov.br\/wp_site\/portalbienal\/wp-json\/wp\/v2\/users\/16"}],"replies":[{"embeddable":true,"href":"https:\/\/portaleducacao.guarulhos.sp.gov.br\/wp_site\/portalbienal\/wp-json\/wp\/v2\/comments?post=8906"}],"version-history":[{"count":1,"href":"https:\/\/portaleducacao.guarulhos.sp.gov.br\/wp_site\/portalbienal\/wp-json\/wp\/v2\/posts\/8906\/revisions"}],"predecessor-version":[{"id":8908,"href":"https:\/\/portaleducacao.guarulhos.sp.gov.br\/wp_site\/portalbienal\/wp-json\/wp\/v2\/posts\/8906\/revisions\/8908"}],"wp:featuredmedia":[{"embeddable":true,"href":"https:\/\/portaleducacao.guarulhos.sp.gov.br\/wp_site\/portalbienal\/wp-json\/wp\/v2\/media\/8907"}],"wp:attachment":[{"href":"https:\/\/portaleducacao.guarulhos.sp.gov.br\/wp_site\/portalbienal\/wp-json\/wp\/v2\/media?parent=8906"}],"wp:term":[{"taxonomy":"category","embeddable":true,"href":"https:\/\/portaleducacao.guarulhos.sp.gov.br\/wp_site\/portalbienal\/wp-json\/wp\/v2\/categories?post=8906"},{"taxonomy":"post_tag","embeddable":true,"href":"https:\/\/portaleducacao.guarulhos.sp.gov.br\/wp_site\/portalbienal\/wp-json\/wp\/v2\/tags?post=8906"}],"curies":[{"name":"wp","href":"https:\/\/api.w.org\/{rel}","templated":true}]}}