{"id":8909,"date":"2024-03-12T15:22:19","date_gmt":"2024-03-12T18:22:19","guid":{"rendered":"https:\/\/portaleducacao.guarulhos.sp.gov.br\/wp_site\/portalbienal\/?p=8909"},"modified":"2024-03-12T15:22:20","modified_gmt":"2024-03-12T18:22:20","slug":"programacao-da-bienal-de-guarulhos-prestigia-autores-guarulhenses","status":"publish","type":"post","link":"https:\/\/portaleducacao.guarulhos.sp.gov.br\/wp_site\/portalbienal\/2024\/03\/12\/programacao-da-bienal-de-guarulhos-prestigia-autores-guarulhenses\/","title":{"rendered":"Programa\u00e7\u00e3o da Bienal de Guarulhos prestigia autores guarulhenses"},"content":{"rendered":"\n<p>Quem acompanha as redes sociais da 3\u00aa Bienal Internacional do Livro de Guarulhos pode conferir a intensa participa\u00e7\u00e3o dos autores independentes da cidade na programa\u00e7\u00e3o do evento. Os autores, que j\u00e1 marcam presen\u00e7a no Espa\u00e7o Inter nesta sexta-feira (15), antecedendo a abertura oficial, \u00e0s 19h, participam de palestras e bate-papos sobre suas obras no Audit\u00f3rio Verde, nos quais fomentam o livro, a literatura e a produ\u00e7\u00e3o liter\u00e1ria na cidade.<\/p>\n\n\n\n<p>\u201cNesta edi\u00e7\u00e3o, atendemos a um pedido dos autores da cidade, para que pudessem ocupar um espa\u00e7o privilegiado, com grande circula\u00e7\u00e3o de pessoas, onde estar\u00e3o em dias previamente agendados para receber os leitores, comercializar e autografar os livros\u201d, explica Ana Paula Reis, coordenadora da Comiss\u00e3o de Curadoria do evento.&nbsp;<\/p>\n\n\n\n<p>Reis explica ainda que ao lado da bancada dos autores foi disponibilizado uma sala para que possam guardar seus pertences durante a perman\u00eancia no evento, e foi garantido um estande permanente para que possam vender seus livros, espa\u00e7o coletivo cuja organiza\u00e7\u00e3o, manuten\u00e7\u00e3o, venda e recebimento de pagamentos \u00e9 de responsabilidade dos pr\u00f3prios autores.<\/p>\n\n\n\n<p>Outra facilidade oferecida aos autores de Guarulhos \u00e9 a possibilidade de venda de suas obras com o uso do Credilivro, cr\u00e9dito cedido aos servidores da municipalidade pela Secretaria de Educa\u00e7\u00e3o para uso exclusivo na Bienal, com o objetivo de amplia\u00e7\u00e3o de acervo, forma\u00e7\u00e3o e incentivo \u00e0 leitura.<\/p>\n\n\n\n<p><strong>Programa\u00e7\u00e3o<\/strong><\/p>\n\n\n\n<p>A autora guarulhense Simone Rodrigues participa da s\u00e9rie de encontros liter\u00e1rios. No s\u00e1bado (16), \u00e0s 14h, ela apresenta Entre Mitos e Can\u00e7\u00f5es \u2013 Explorando os Enigmas de Filha de Circe, bate-papo no Audit\u00f3rio Verde no qual aborda seu processo de cria\u00e7\u00e3o atrav\u00e9s da obra A Filha de Dirce, livro que a escritora lan\u00e7ar\u00e1 na Bienal.<\/p>\n\n\n\n<p>\u201cEssa \u00e9 minha primeira Bienal e \u00e9 uma honra participar. Dar voz \u00e0s quest\u00f5es femininas, falar e escrever sobre mulheres \u00e9 algo muito importante, porque sempre estivemos \u00e0 margem da sociedade e \u00e9 necess\u00e1rio mostrar como lidamos com nossos conflitos e supera\u00e7\u00f5es\u201d, conta a escritora. Al\u00e9m da palestra, Simone Rodrigues tamb\u00e9m faz sess\u00e3o de aut\u00f3grafos e conversa com leitores no espa\u00e7o dos autores guarulhenses, nos dias 16 e 17.&nbsp;<\/p>\n\n\n\n<p>As escritoras Eliane Di Santi e Miri\u00e3 Soares, da Quincas Editora, apresentam o bate-papo Os Desafios dos autores de literatura infantil: construindo personagens e viagens, no domingo (17), \u00e0s 15h. Na segunda (18), o poeta cordelista Bosco Maciel, da Academia Guarulhense de Letras participa do bate-papo Ariano Suassuna e o Mapa dos Tesouros Armoriais, \u00e0s 18h.<\/p>\n\n\n\n<p>No dia 23, s\u00e1bado, \u00e0s 13h, a palestra do escritor e roteirista Eduardo Kasse, Viver de escrita?, aborda a cria\u00e7\u00e3o de conte\u00fado e desenvolvimento profissional. \u201cA palestra fala de como as pessoas precisam encontrar seu estilo, identidade e prefer\u00eancias para criar algo com a alma, e para isso, parto de exemplos de minhas pr\u00f3prias viv\u00eancias para mostrar como chegar aos leitores\u201d, pontua Kasse.&nbsp;<\/p>\n\n\n\n<p>Desde a \u00faltima edi\u00e7\u00e3o, em 2022, o n\u00famero de autores da cidade com participa\u00e7\u00e3o garantida na Bienal teve aumento significativo de mais de 200%, e passou de 30 autores, em 2018, para 90, em 2022 e 2024, fruto de a\u00e7\u00f5es de incentivo \u00e0 produ\u00e7\u00e3o art\u00edstica como o Pr\u00eamio Jo\u00e3o Ranali de Literatura, da Secretaria Municipal de Cultura, e as Leis Aldir Blanc e Paulo Gustavo, do governo federal. Al\u00e9m disso, a Secretaria de Educa\u00e7\u00e3o \u00e9 respons\u00e1vel por programas de forma\u00e7\u00e3o de leitores como o Programa LEIA e o Abril Liter\u00e1rio.<\/p>\n\n\n\n<p>Tanto a participa\u00e7\u00e3o dos autores guarulhenses quanto a programa\u00e7\u00e3o geral est\u00e3o dispon\u00edveis em\u00a0<strong><em><a href=\"https:\/\/portaleducacao.guarulhos.sp.gov.br\/wp_site\/portalbienal\/2024\/03\/07\/programacao-geral\/\" target=\"_blank\" rel=\"noreferrer noopener\">https:\/\/portaleducacao.guarulhos.sp.gov.br\/wp_site\/portalbienal\/2024\/03\/07\/programacao-geral\/<\/a><\/em><\/strong>.\u00a0<\/p>\n\n\n\n<p>Foto: Camila Rhodes\/SE<\/p>\n","protected":false},"excerpt":{"rendered":"<p>Quem acompanha as redes sociais da 3\u00aa Bienal Internacional do Livro de Guarulhos pode conferir a intensa participa\u00e7\u00e3o dos autores independentes da cidade na programa\u00e7\u00e3o do evento. Os autores, que &hellip;<\/p>\n<p class=\"read-more\"> <a class=\"\" href=\"https:\/\/portaleducacao.guarulhos.sp.gov.br\/wp_site\/portalbienal\/2024\/03\/12\/programacao-da-bienal-de-guarulhos-prestigia-autores-guarulhenses\/\"> <span class=\"screen-reader-text\">Programa\u00e7\u00e3o da Bienal de Guarulhos prestigia autores guarulhenses<\/span> Leia mais &raquo;<\/a><\/p>\n","protected":false},"author":24,"featured_media":8910,"comment_status":"open","ping_status":"open","sticky":true,"template":"","format":"standard","meta":{"_monsterinsights_skip_tracking":false,"_monsterinsights_sitenote_active":false,"_monsterinsights_sitenote_note":"","_monsterinsights_sitenote_category":0,"site-sidebar-layout":"default","site-content-layout":"default","ast-global-header-display":"","ast-main-header-display":"","ast-hfb-above-header-display":"","ast-hfb-below-header-display":"","ast-hfb-mobile-header-display":"","site-post-title":"","ast-breadcrumbs-content":"","ast-featured-img":"","footer-sml-layout":"","theme-transparent-header-meta":"","adv-header-id-meta":"","stick-header-meta":"","header-above-stick-meta":"","header-main-stick-meta":"","header-below-stick-meta":"","_expiration-date-status":"","_expiration-date":0,"_expiration-date-type":"","_expiration-date-categories":[],"_expiration-date-options":[]},"categories":[39,40],"tags":[],"yoast_head":"<!-- This site is optimized with the Yoast SEO plugin v19.7.1 - https:\/\/yoast.com\/wordpress\/plugins\/seo\/ -->\r\n<title>Programa\u00e7\u00e3o da Bienal de Guarulhos prestigia autores guarulhenses - Bienal do Livro de Guarulhos - 2024<\/title>\r\n<meta name=\"robots\" content=\"index, follow, max-snippet:-1, max-image-preview:large, max-video-preview:-1\" \/>\r\n<link rel=\"canonical\" href=\"https:\/\/portaleducacao.guarulhos.sp.gov.br\/wp_site\/portalbienal\/2024\/03\/12\/programacao-da-bienal-de-guarulhos-prestigia-autores-guarulhenses\/\" \/>\r\n<meta property=\"og:locale\" content=\"pt_BR\" \/>\r\n<meta property=\"og:type\" content=\"article\" \/>\r\n<meta property=\"og:title\" content=\"Programa\u00e7\u00e3o da Bienal de Guarulhos prestigia autores guarulhenses - Bienal do Livro de Guarulhos - 2024\" \/>\r\n<meta property=\"og:description\" content=\"Quem acompanha as redes sociais da 3\u00aa Bienal Internacional do Livro de Guarulhos pode conferir a intensa participa\u00e7\u00e3o dos autores independentes da cidade na programa\u00e7\u00e3o do evento. Os autores, que &hellip; Programa\u00e7\u00e3o da Bienal de Guarulhos prestigia autores guarulhenses Leia mais &raquo;\" \/>\r\n<meta property=\"og:url\" content=\"https:\/\/portaleducacao.guarulhos.sp.gov.br\/wp_site\/portalbienal\/2024\/03\/12\/programacao-da-bienal-de-guarulhos-prestigia-autores-guarulhenses\/\" \/>\r\n<meta property=\"og:site_name\" content=\"Bienal do Livro de Guarulhos - 2024\" \/>\r\n<meta property=\"article:published_time\" content=\"2024-03-12T18:22:19+00:00\" \/>\r\n<meta property=\"article:modified_time\" content=\"2024-03-12T18:22:20+00:00\" \/>\r\n<meta property=\"og:image\" content=\"http:\/\/portaleducacao.guarulhos.sp.gov.br\/wp_site\/portalbienal\/wp-content\/uploads\/sites\/22\/2024\/03\/Grande-circulacao-de-pessoas-Camila-Rhodes-scaled.jpg\" \/>\r\n\t<meta property=\"og:image:width\" content=\"2560\" \/>\r\n\t<meta property=\"og:image:height\" content=\"1707\" \/>\r\n\t<meta property=\"og:image:type\" content=\"image\/jpeg\" \/>\r\n<meta name=\"author\" content=\"carlavm\" \/>\r\n<meta name=\"twitter:card\" content=\"summary_large_image\" \/>\r\n<meta name=\"twitter:label1\" content=\"Escrito por\" \/>\n\t<meta name=\"twitter:data1\" content=\"carlavm\" \/>\n\t<meta name=\"twitter:label2\" content=\"Est. tempo de leitura\" \/>\n\t<meta name=\"twitter:data2\" content=\"4 minutos\" \/>\r\n<script type=\"application\/ld+json\" class=\"yoast-schema-graph\">{\"@context\":\"https:\/\/schema.org\",\"@graph\":[{\"@type\":\"Article\",\"@id\":\"https:\/\/portaleducacao.guarulhos.sp.gov.br\/wp_site\/portalbienal\/2024\/03\/12\/programacao-da-bienal-de-guarulhos-prestigia-autores-guarulhenses\/#article\",\"isPartOf\":{\"@id\":\"https:\/\/portaleducacao.guarulhos.sp.gov.br\/wp_site\/portalbienal\/2024\/03\/12\/programacao-da-bienal-de-guarulhos-prestigia-autores-guarulhenses\/\"},\"author\":{\"name\":\"carlavm\",\"@id\":\"https:\/\/portaleducacao.guarulhos.sp.gov.br\/wp_site\/portalbienal\/#\/schema\/person\/10d167c03463551fe7460f988dfc14d7\"},\"headline\":\"Programa\u00e7\u00e3o da Bienal de Guarulhos prestigia autores guarulhenses\",\"datePublished\":\"2024-03-12T18:22:19+00:00\",\"dateModified\":\"2024-03-12T18:22:20+00:00\",\"mainEntityOfPage\":{\"@id\":\"https:\/\/portaleducacao.guarulhos.sp.gov.br\/wp_site\/portalbienal\/2024\/03\/12\/programacao-da-bienal-de-guarulhos-prestigia-autores-guarulhenses\/\"},\"wordCount\":661,\"commentCount\":0,\"publisher\":{\"@id\":\"https:\/\/portaleducacao.guarulhos.sp.gov.br\/wp_site\/portalbienal\/#organization\"},\"articleSection\":[\"2024 Not\u00edcias\",\"Bienal 2024\"],\"inLanguage\":\"pt-BR\",\"potentialAction\":[{\"@type\":\"CommentAction\",\"name\":\"Comment\",\"target\":[\"https:\/\/portaleducacao.guarulhos.sp.gov.br\/wp_site\/portalbienal\/2024\/03\/12\/programacao-da-bienal-de-guarulhos-prestigia-autores-guarulhenses\/#respond\"]}]},{\"@type\":\"WebPage\",\"@id\":\"https:\/\/portaleducacao.guarulhos.sp.gov.br\/wp_site\/portalbienal\/2024\/03\/12\/programacao-da-bienal-de-guarulhos-prestigia-autores-guarulhenses\/\",\"url\":\"https:\/\/portaleducacao.guarulhos.sp.gov.br\/wp_site\/portalbienal\/2024\/03\/12\/programacao-da-bienal-de-guarulhos-prestigia-autores-guarulhenses\/\",\"name\":\"Programa\u00e7\u00e3o da Bienal de Guarulhos prestigia autores guarulhenses - Bienal do Livro de Guarulhos - 2024\",\"isPartOf\":{\"@id\":\"https:\/\/portaleducacao.guarulhos.sp.gov.br\/wp_site\/portalbienal\/#website\"},\"datePublished\":\"2024-03-12T18:22:19+00:00\",\"dateModified\":\"2024-03-12T18:22:20+00:00\",\"breadcrumb\":{\"@id\":\"https:\/\/portaleducacao.guarulhos.sp.gov.br\/wp_site\/portalbienal\/2024\/03\/12\/programacao-da-bienal-de-guarulhos-prestigia-autores-guarulhenses\/#breadcrumb\"},\"inLanguage\":\"pt-BR\",\"potentialAction\":[{\"@type\":\"ReadAction\",\"target\":[\"https:\/\/portaleducacao.guarulhos.sp.gov.br\/wp_site\/portalbienal\/2024\/03\/12\/programacao-da-bienal-de-guarulhos-prestigia-autores-guarulhenses\/\"]}]},{\"@type\":\"BreadcrumbList\",\"@id\":\"https:\/\/portaleducacao.guarulhos.sp.gov.br\/wp_site\/portalbienal\/2024\/03\/12\/programacao-da-bienal-de-guarulhos-prestigia-autores-guarulhenses\/#breadcrumb\",\"itemListElement\":[{\"@type\":\"ListItem\",\"position\":1,\"name\":\"In\u00edcio\",\"item\":\"https:\/\/portaleducacao.guarulhos.sp.gov.br\/wp_site\/portalbienal\/\"},{\"@type\":\"ListItem\",\"position\":2,\"name\":\"Programa\u00e7\u00e3o da Bienal de Guarulhos prestigia autores guarulhenses\"}]},{\"@type\":\"WebSite\",\"@id\":\"https:\/\/portaleducacao.guarulhos.sp.gov.br\/wp_site\/portalbienal\/#website\",\"url\":\"https:\/\/portaleducacao.guarulhos.sp.gov.br\/wp_site\/portalbienal\/\",\"name\":\"Bienal do Livro de Guarulhos - 2024\",\"description\":\"Secretaria de Educa\u00e7\u00e3o - Prefeitura de Guarulhos\",\"publisher\":{\"@id\":\"https:\/\/portaleducacao.guarulhos.sp.gov.br\/wp_site\/portalbienal\/#organization\"},\"potentialAction\":[{\"@type\":\"SearchAction\",\"target\":{\"@type\":\"EntryPoint\",\"urlTemplate\":\"https:\/\/portaleducacao.guarulhos.sp.gov.br\/wp_site\/portalbienal\/?s={search_term_string}\"},\"query-input\":\"required name=search_term_string\"}],\"inLanguage\":\"pt-BR\"},{\"@type\":\"Organization\",\"@id\":\"https:\/\/portaleducacao.guarulhos.sp.gov.br\/wp_site\/portalbienal\/#organization\",\"name\":\"Bienal do Livro de Guarulhos - 2024\",\"url\":\"https:\/\/portaleducacao.guarulhos.sp.gov.br\/wp_site\/portalbienal\/\",\"sameAs\":[],\"logo\":{\"@type\":\"ImageObject\",\"inLanguage\":\"pt-BR\",\"@id\":\"https:\/\/portaleducacao.guarulhos.sp.gov.br\/wp_site\/portalbienal\/#\/schema\/logo\/image\/\",\"url\":\"https:\/\/portaleducacao.guarulhos.sp.gov.br\/wp_site\/portalbienal\/wp-content\/uploads\/sites\/22\/2022\/07\/logo_site.jpg\",\"contentUrl\":\"https:\/\/portaleducacao.guarulhos.sp.gov.br\/wp_site\/portalbienal\/wp-content\/uploads\/sites\/22\/2022\/07\/logo_site.jpg\",\"width\":350,\"height\":100,\"caption\":\"Bienal do Livro de Guarulhos - 2024\"},\"image\":{\"@id\":\"https:\/\/portaleducacao.guarulhos.sp.gov.br\/wp_site\/portalbienal\/#\/schema\/logo\/image\/\"}},{\"@type\":\"Person\",\"@id\":\"https:\/\/portaleducacao.guarulhos.sp.gov.br\/wp_site\/portalbienal\/#\/schema\/person\/10d167c03463551fe7460f988dfc14d7\",\"name\":\"carlavm\",\"image\":{\"@type\":\"ImageObject\",\"inLanguage\":\"pt-BR\",\"@id\":\"https:\/\/portaleducacao.guarulhos.sp.gov.br\/wp_site\/portalbienal\/#\/schema\/person\/image\/\",\"url\":\"https:\/\/secure.gravatar.com\/avatar\/b89c22cab4ed3fb14a431c42dccbd61d?s=96&d=mm&r=g\",\"contentUrl\":\"https:\/\/secure.gravatar.com\/avatar\/b89c22cab4ed3fb14a431c42dccbd61d?s=96&d=mm&r=g\",\"caption\":\"carlavm\"},\"url\":\"https:\/\/portaleducacao.guarulhos.sp.gov.br\/wp_site\/portalbienal\/author\/carlavm\/\"}]}<\/script>\r\n<!-- \/ Yoast SEO plugin. -->","yoast_head_json":{"title":"Programa\u00e7\u00e3o da Bienal de Guarulhos prestigia autores guarulhenses - Bienal do Livro de Guarulhos - 2024","robots":{"index":"index","follow":"follow","max-snippet":"max-snippet:-1","max-image-preview":"max-image-preview:large","max-video-preview":"max-video-preview:-1"},"canonical":"https:\/\/portaleducacao.guarulhos.sp.gov.br\/wp_site\/portalbienal\/2024\/03\/12\/programacao-da-bienal-de-guarulhos-prestigia-autores-guarulhenses\/","og_locale":"pt_BR","og_type":"article","og_title":"Programa\u00e7\u00e3o da Bienal de Guarulhos prestigia autores guarulhenses - Bienal do Livro de Guarulhos - 2024","og_description":"Quem acompanha as redes sociais da 3\u00aa Bienal Internacional do Livro de Guarulhos pode conferir a intensa participa\u00e7\u00e3o dos autores independentes da cidade na programa\u00e7\u00e3o do evento. Os autores, que &hellip; Programa\u00e7\u00e3o da Bienal de Guarulhos prestigia autores guarulhenses Leia mais &raquo;","og_url":"https:\/\/portaleducacao.guarulhos.sp.gov.br\/wp_site\/portalbienal\/2024\/03\/12\/programacao-da-bienal-de-guarulhos-prestigia-autores-guarulhenses\/","og_site_name":"Bienal do Livro de Guarulhos - 2024","article_published_time":"2024-03-12T18:22:19+00:00","article_modified_time":"2024-03-12T18:22:20+00:00","og_image":[{"width":2560,"height":1707,"url":"http:\/\/portaleducacao.guarulhos.sp.gov.br\/wp_site\/portalbienal\/wp-content\/uploads\/sites\/22\/2024\/03\/Grande-circulacao-de-pessoas-Camila-Rhodes-scaled.jpg","type":"image\/jpeg"}],"author":"carlavm","twitter_card":"summary_large_image","twitter_misc":{"Escrito por":"carlavm","Est. tempo de leitura":"4 minutos"},"schema":{"@context":"https:\/\/schema.org","@graph":[{"@type":"Article","@id":"https:\/\/portaleducacao.guarulhos.sp.gov.br\/wp_site\/portalbienal\/2024\/03\/12\/programacao-da-bienal-de-guarulhos-prestigia-autores-guarulhenses\/#article","isPartOf":{"@id":"https:\/\/portaleducacao.guarulhos.sp.gov.br\/wp_site\/portalbienal\/2024\/03\/12\/programacao-da-bienal-de-guarulhos-prestigia-autores-guarulhenses\/"},"author":{"name":"carlavm","@id":"https:\/\/portaleducacao.guarulhos.sp.gov.br\/wp_site\/portalbienal\/#\/schema\/person\/10d167c03463551fe7460f988dfc14d7"},"headline":"Programa\u00e7\u00e3o da Bienal de Guarulhos prestigia autores guarulhenses","datePublished":"2024-03-12T18:22:19+00:00","dateModified":"2024-03-12T18:22:20+00:00","mainEntityOfPage":{"@id":"https:\/\/portaleducacao.guarulhos.sp.gov.br\/wp_site\/portalbienal\/2024\/03\/12\/programacao-da-bienal-de-guarulhos-prestigia-autores-guarulhenses\/"},"wordCount":661,"commentCount":0,"publisher":{"@id":"https:\/\/portaleducacao.guarulhos.sp.gov.br\/wp_site\/portalbienal\/#organization"},"articleSection":["2024 Not\u00edcias","Bienal 2024"],"inLanguage":"pt-BR","potentialAction":[{"@type":"CommentAction","name":"Comment","target":["https:\/\/portaleducacao.guarulhos.sp.gov.br\/wp_site\/portalbienal\/2024\/03\/12\/programacao-da-bienal-de-guarulhos-prestigia-autores-guarulhenses\/#respond"]}]},{"@type":"WebPage","@id":"https:\/\/portaleducacao.guarulhos.sp.gov.br\/wp_site\/portalbienal\/2024\/03\/12\/programacao-da-bienal-de-guarulhos-prestigia-autores-guarulhenses\/","url":"https:\/\/portaleducacao.guarulhos.sp.gov.br\/wp_site\/portalbienal\/2024\/03\/12\/programacao-da-bienal-de-guarulhos-prestigia-autores-guarulhenses\/","name":"Programa\u00e7\u00e3o da Bienal de Guarulhos prestigia autores guarulhenses - Bienal do Livro de Guarulhos - 2024","isPartOf":{"@id":"https:\/\/portaleducacao.guarulhos.sp.gov.br\/wp_site\/portalbienal\/#website"},"datePublished":"2024-03-12T18:22:19+00:00","dateModified":"2024-03-12T18:22:20+00:00","breadcrumb":{"@id":"https:\/\/portaleducacao.guarulhos.sp.gov.br\/wp_site\/portalbienal\/2024\/03\/12\/programacao-da-bienal-de-guarulhos-prestigia-autores-guarulhenses\/#breadcrumb"},"inLanguage":"pt-BR","potentialAction":[{"@type":"ReadAction","target":["https:\/\/portaleducacao.guarulhos.sp.gov.br\/wp_site\/portalbienal\/2024\/03\/12\/programacao-da-bienal-de-guarulhos-prestigia-autores-guarulhenses\/"]}]},{"@type":"BreadcrumbList","@id":"https:\/\/portaleducacao.guarulhos.sp.gov.br\/wp_site\/portalbienal\/2024\/03\/12\/programacao-da-bienal-de-guarulhos-prestigia-autores-guarulhenses\/#breadcrumb","itemListElement":[{"@type":"ListItem","position":1,"name":"In\u00edcio","item":"https:\/\/portaleducacao.guarulhos.sp.gov.br\/wp_site\/portalbienal\/"},{"@type":"ListItem","position":2,"name":"Programa\u00e7\u00e3o da Bienal de Guarulhos prestigia autores guarulhenses"}]},{"@type":"WebSite","@id":"https:\/\/portaleducacao.guarulhos.sp.gov.br\/wp_site\/portalbienal\/#website","url":"https:\/\/portaleducacao.guarulhos.sp.gov.br\/wp_site\/portalbienal\/","name":"Bienal do Livro de Guarulhos - 2024","description":"Secretaria de Educa\u00e7\u00e3o - Prefeitura de Guarulhos","publisher":{"@id":"https:\/\/portaleducacao.guarulhos.sp.gov.br\/wp_site\/portalbienal\/#organization"},"potentialAction":[{"@type":"SearchAction","target":{"@type":"EntryPoint","urlTemplate":"https:\/\/portaleducacao.guarulhos.sp.gov.br\/wp_site\/portalbienal\/?s={search_term_string}"},"query-input":"required name=search_term_string"}],"inLanguage":"pt-BR"},{"@type":"Organization","@id":"https:\/\/portaleducacao.guarulhos.sp.gov.br\/wp_site\/portalbienal\/#organization","name":"Bienal do Livro de Guarulhos - 2024","url":"https:\/\/portaleducacao.guarulhos.sp.gov.br\/wp_site\/portalbienal\/","sameAs":[],"logo":{"@type":"ImageObject","inLanguage":"pt-BR","@id":"https:\/\/portaleducacao.guarulhos.sp.gov.br\/wp_site\/portalbienal\/#\/schema\/logo\/image\/","url":"https:\/\/portaleducacao.guarulhos.sp.gov.br\/wp_site\/portalbienal\/wp-content\/uploads\/sites\/22\/2022\/07\/logo_site.jpg","contentUrl":"https:\/\/portaleducacao.guarulhos.sp.gov.br\/wp_site\/portalbienal\/wp-content\/uploads\/sites\/22\/2022\/07\/logo_site.jpg","width":350,"height":100,"caption":"Bienal do Livro de Guarulhos - 2024"},"image":{"@id":"https:\/\/portaleducacao.guarulhos.sp.gov.br\/wp_site\/portalbienal\/#\/schema\/logo\/image\/"}},{"@type":"Person","@id":"https:\/\/portaleducacao.guarulhos.sp.gov.br\/wp_site\/portalbienal\/#\/schema\/person\/10d167c03463551fe7460f988dfc14d7","name":"carlavm","image":{"@type":"ImageObject","inLanguage":"pt-BR","@id":"https:\/\/portaleducacao.guarulhos.sp.gov.br\/wp_site\/portalbienal\/#\/schema\/person\/image\/","url":"https:\/\/secure.gravatar.com\/avatar\/b89c22cab4ed3fb14a431c42dccbd61d?s=96&d=mm&r=g","contentUrl":"https:\/\/secure.gravatar.com\/avatar\/b89c22cab4ed3fb14a431c42dccbd61d?s=96&d=mm&r=g","caption":"carlavm"},"url":"https:\/\/portaleducacao.guarulhos.sp.gov.br\/wp_site\/portalbienal\/author\/carlavm\/"}]}},"_links":{"self":[{"href":"https:\/\/portaleducacao.guarulhos.sp.gov.br\/wp_site\/portalbienal\/wp-json\/wp\/v2\/posts\/8909"}],"collection":[{"href":"https:\/\/portaleducacao.guarulhos.sp.gov.br\/wp_site\/portalbienal\/wp-json\/wp\/v2\/posts"}],"about":[{"href":"https:\/\/portaleducacao.guarulhos.sp.gov.br\/wp_site\/portalbienal\/wp-json\/wp\/v2\/types\/post"}],"author":[{"embeddable":true,"href":"https:\/\/portaleducacao.guarulhos.sp.gov.br\/wp_site\/portalbienal\/wp-json\/wp\/v2\/users\/24"}],"replies":[{"embeddable":true,"href":"https:\/\/portaleducacao.guarulhos.sp.gov.br\/wp_site\/portalbienal\/wp-json\/wp\/v2\/comments?post=8909"}],"version-history":[{"count":1,"href":"https:\/\/portaleducacao.guarulhos.sp.gov.br\/wp_site\/portalbienal\/wp-json\/wp\/v2\/posts\/8909\/revisions"}],"predecessor-version":[{"id":8911,"href":"https:\/\/portaleducacao.guarulhos.sp.gov.br\/wp_site\/portalbienal\/wp-json\/wp\/v2\/posts\/8909\/revisions\/8911"}],"wp:featuredmedia":[{"embeddable":true,"href":"https:\/\/portaleducacao.guarulhos.sp.gov.br\/wp_site\/portalbienal\/wp-json\/wp\/v2\/media\/8910"}],"wp:attachment":[{"href":"https:\/\/portaleducacao.guarulhos.sp.gov.br\/wp_site\/portalbienal\/wp-json\/wp\/v2\/media?parent=8909"}],"wp:term":[{"taxonomy":"category","embeddable":true,"href":"https:\/\/portaleducacao.guarulhos.sp.gov.br\/wp_site\/portalbienal\/wp-json\/wp\/v2\/categories?post=8909"},{"taxonomy":"post_tag","embeddable":true,"href":"https:\/\/portaleducacao.guarulhos.sp.gov.br\/wp_site\/portalbienal\/wp-json\/wp\/v2\/tags?post=8909"}],"curies":[{"name":"wp","href":"https:\/\/api.w.org\/{rel}","templated":true}]}}