{"id":8925,"date":"2024-03-14T13:06:15","date_gmt":"2024-03-14T16:06:15","guid":{"rendered":"https:\/\/portaleducacao.guarulhos.sp.gov.br\/wp_site\/portalbienal\/?p=8925"},"modified":"2024-03-14T13:24:26","modified_gmt":"2024-03-14T16:24:26","slug":"programacao-da-bienal-destaca-tematica-sobre-pessoas-surdas","status":"publish","type":"post","link":"https:\/\/portaleducacao.guarulhos.sp.gov.br\/wp_site\/portalbienal\/2024\/03\/14\/programacao-da-bienal-destaca-tematica-sobre-pessoas-surdas\/","title":{"rendered":"Programa\u00e7\u00e3o da Bienal destaca tem\u00e1tica sobre pessoas surdas"},"content":{"rendered":"\n<p>O conv\u00edvio social, o dia a dia das rela\u00e7\u00f5es pessoais, o mundo do trabalho e a riqueza da diversidade lingu\u00edstica no Brasil e no mundo. Com foco no atendimento realizado pelas classes bil\u00edngues de surdos, pelo programa bil\u00edngue com beb\u00eas surdos e o pelo trabalho com surdos da EJA, nas escolas da rede municipal, a 3\u00aa Bienal Internacional do Livro de Guarulhos destaca encontros com tem\u00e1ticas centradas em aspectos culturais, lingu\u00edsticos, relacionais e sociais das pessoas surdas e seus familiares. A Bienal acontece de 15 a 24 de mar\u00e7o, de segunda a s\u00e1bado, das 10h \u00e0s 22h, e aos domingos das 10h \u00e0s 20h no Espa\u00e7o Inter, na avenida Jo\u00e3o Cavalari, 133, Vila Herm\u00ednia.<\/p>\n\n\n\n<p>Nesta sexta (15), \u00e0s 21h, a autora guarulhense Niclaudia Barros, professora mestre, uma das maiores especialistas na educa\u00e7\u00e3o de pessoas com surdocegueira de Guarulhos, faz um bate-papo com o p\u00fablico no Audit\u00f3rio Verde com o tema: O devir-surdocego na inclus\u00e3o escolar e as poss\u00edveis linhas de fuga nas pol\u00edticas da educa\u00e7\u00e3o especial.&nbsp;<\/p>\n\n\n\n<p>J\u00e1 no s\u00e1bado (16), Monaliza Galucci, professora mestre com foco na educa\u00e7\u00e3o bil\u00edngue de surdos, tamb\u00e9m autora guarulhense, tem encontro marcado \u00e0s 18h no Audit\u00f3rio Verde para abordar sobre as pr\u00e1ticas educativas com a literatura infantil para crian\u00e7as surdas.&nbsp;<\/p>\n\n\n\n<p>No s\u00e1bado (23), \u00e0s 17h, o Audit\u00f3rio Laranja recebe bate-papo em Libras com Wilson Santos, surdo, poeta e autor da Cole\u00e7\u00e3o Wil Leitura Surda Fant\u00e1stica, Viviane Midori, surda, designer e autora da Cole\u00e7\u00e3o Varinha LIBRAS, e Vanessa Mayumi, crian\u00e7a surda, poetisa e contadora de hist\u00f3rias, que falam sobre curiosidades de uma fam\u00edlia surda liter\u00e1ria.<\/p>\n\n\n\n<p>Ainda no s\u00e1bado, \u00e0s 18h, a Profa. Dra. Maria Cec\u00edlia de Moura, fonoaudi\u00f3loga, professora titular da PUC-SP, uma das organizadoras do livro Libras e Surdos: pol\u00edtica, linguagem e inclus\u00e3o, faz uma roda de conversa no Audit\u00f3rio Laranja com o tema Afinal, o que podemos te contar sobre a pessoa Surda?, com a media\u00e7\u00e3o da Profa. Dra. Sandra Campos, fonoaudi\u00f3loga e professora Adjunta da Unifesp &#8211; Guarulhos-EFLCH.<\/p>\n\n\n\n<p>As principais atividades da 3\u00aa Bienal Internacional do Livro de Guarulhos contam com tradu\u00e7\u00e3o em Libras. Confira a programa\u00e7\u00e3o completa em <strong><em><a href=\"http:\/\/bienaldolivro.guarulhos.sp.gov.br\" target=\"_blank\" rel=\"noreferrer noopener\">http:\/\/bienaldolivro.guarulhos.sp.gov.br<\/a><\/em><\/strong>.<\/p>\n\n\n\n<p>Para obter mais informa\u00e7\u00f5es siga o perfil da Bienal no Instagram:&nbsp;<strong><em><a href=\"https:\/\/www.instagram.com\/bienaldolivrogru\/\" target=\"_blank\" rel=\"noreferrer noopener\">@bienaldolivrogru<\/a><\/em><\/strong><\/p>\n","protected":false},"excerpt":{"rendered":"<p>O conv\u00edvio social, o dia a dia das rela\u00e7\u00f5es pessoais, o mundo do trabalho e a riqueza da diversidade lingu\u00edstica no Brasil e no mundo. Com foco no atendimento realizado &hellip;<\/p>\n<p class=\"read-more\"> <a class=\"\" href=\"https:\/\/portaleducacao.guarulhos.sp.gov.br\/wp_site\/portalbienal\/2024\/03\/14\/programacao-da-bienal-destaca-tematica-sobre-pessoas-surdas\/\"> <span class=\"screen-reader-text\">Programa\u00e7\u00e3o da Bienal destaca tem\u00e1tica sobre pessoas surdas<\/span> Leia mais &raquo;<\/a><\/p>\n","protected":false},"author":22,"featured_media":8926,"comment_status":"open","ping_status":"open","sticky":true,"template":"","format":"standard","meta":{"_monsterinsights_skip_tracking":false,"_monsterinsights_sitenote_active":false,"_monsterinsights_sitenote_note":"","_monsterinsights_sitenote_category":0,"site-sidebar-layout":"default","site-content-layout":"default","ast-global-header-display":"","ast-main-header-display":"","ast-hfb-above-header-display":"","ast-hfb-below-header-display":"","ast-hfb-mobile-header-display":"","site-post-title":"","ast-breadcrumbs-content":"","ast-featured-img":"","footer-sml-layout":"","theme-transparent-header-meta":"","adv-header-id-meta":"","stick-header-meta":"","header-above-stick-meta":"","header-main-stick-meta":"","header-below-stick-meta":"","_expiration-date-status":"","_expiration-date":0,"_expiration-date-type":"","_expiration-date-categories":[],"_expiration-date-options":[]},"categories":[39,40],"tags":[],"yoast_head":"<!-- This site is optimized with the Yoast SEO plugin v19.7.1 - https:\/\/yoast.com\/wordpress\/plugins\/seo\/ -->\r\n<title>Programa\u00e7\u00e3o da Bienal destaca tem\u00e1tica sobre pessoas surdas - Bienal do Livro de Guarulhos - 2024<\/title>\r\n<meta name=\"robots\" content=\"index, follow, max-snippet:-1, max-image-preview:large, max-video-preview:-1\" \/>\r\n<link rel=\"canonical\" href=\"https:\/\/portaleducacao.guarulhos.sp.gov.br\/wp_site\/portalbienal\/2024\/03\/14\/programacao-da-bienal-destaca-tematica-sobre-pessoas-surdas\/\" \/>\r\n<meta property=\"og:locale\" content=\"pt_BR\" \/>\r\n<meta property=\"og:type\" content=\"article\" \/>\r\n<meta property=\"og:title\" content=\"Programa\u00e7\u00e3o da Bienal destaca tem\u00e1tica sobre pessoas surdas - Bienal do Livro de Guarulhos - 2024\" \/>\r\n<meta property=\"og:description\" content=\"O conv\u00edvio social, o dia a dia das rela\u00e7\u00f5es pessoais, o mundo do trabalho e a riqueza da diversidade lingu\u00edstica no Brasil e no mundo. Com foco no atendimento realizado &hellip; Programa\u00e7\u00e3o da Bienal destaca tem\u00e1tica sobre pessoas surdas Leia mais &raquo;\" \/>\r\n<meta property=\"og:url\" content=\"https:\/\/portaleducacao.guarulhos.sp.gov.br\/wp_site\/portalbienal\/2024\/03\/14\/programacao-da-bienal-destaca-tematica-sobre-pessoas-surdas\/\" \/>\r\n<meta property=\"og:site_name\" content=\"Bienal do Livro de Guarulhos - 2024\" \/>\r\n<meta property=\"article:published_time\" content=\"2024-03-14T16:06:15+00:00\" \/>\r\n<meta property=\"article:modified_time\" content=\"2024-03-14T16:24:26+00:00\" \/>\r\n<meta property=\"og:image\" content=\"http:\/\/portaleducacao.guarulhos.sp.gov.br\/wp_site\/portalbienal\/wp-content\/uploads\/sites\/22\/2024\/03\/WhatsApp-Image-2024-03-14-at-10.25.18.jpeg\" \/>\r\n\t<meta property=\"og:image:width\" content=\"1600\" \/>\r\n\t<meta property=\"og:image:height\" content=\"720\" \/>\r\n\t<meta property=\"og:image:type\" content=\"image\/jpeg\" \/>\r\n<meta name=\"author\" content=\"carlamaio\" \/>\r\n<meta name=\"twitter:card\" content=\"summary_large_image\" \/>\r\n<meta name=\"twitter:label1\" content=\"Escrito por\" \/>\n\t<meta name=\"twitter:data1\" content=\"carlamaio\" \/>\n\t<meta name=\"twitter:label2\" content=\"Est. tempo de leitura\" \/>\n\t<meta name=\"twitter:data2\" content=\"2 minutos\" \/>\r\n<script type=\"application\/ld+json\" class=\"yoast-schema-graph\">{\"@context\":\"https:\/\/schema.org\",\"@graph\":[{\"@type\":\"Article\",\"@id\":\"https:\/\/portaleducacao.guarulhos.sp.gov.br\/wp_site\/portalbienal\/2024\/03\/14\/programacao-da-bienal-destaca-tematica-sobre-pessoas-surdas\/#article\",\"isPartOf\":{\"@id\":\"https:\/\/portaleducacao.guarulhos.sp.gov.br\/wp_site\/portalbienal\/2024\/03\/14\/programacao-da-bienal-destaca-tematica-sobre-pessoas-surdas\/\"},\"author\":{\"name\":\"carlamaio\",\"@id\":\"https:\/\/portaleducacao.guarulhos.sp.gov.br\/wp_site\/portalbienal\/#\/schema\/person\/f24570405af7200fec31e52143b1a735\"},\"headline\":\"Programa\u00e7\u00e3o da Bienal destaca tem\u00e1tica sobre pessoas surdas\",\"datePublished\":\"2024-03-14T16:06:15+00:00\",\"dateModified\":\"2024-03-14T16:24:26+00:00\",\"mainEntityOfPage\":{\"@id\":\"https:\/\/portaleducacao.guarulhos.sp.gov.br\/wp_site\/portalbienal\/2024\/03\/14\/programacao-da-bienal-destaca-tematica-sobre-pessoas-surdas\/\"},\"wordCount\":431,\"commentCount\":0,\"publisher\":{\"@id\":\"https:\/\/portaleducacao.guarulhos.sp.gov.br\/wp_site\/portalbienal\/#organization\"},\"articleSection\":[\"2024 Not\u00edcias\",\"Bienal 2024\"],\"inLanguage\":\"pt-BR\",\"potentialAction\":[{\"@type\":\"CommentAction\",\"name\":\"Comment\",\"target\":[\"https:\/\/portaleducacao.guarulhos.sp.gov.br\/wp_site\/portalbienal\/2024\/03\/14\/programacao-da-bienal-destaca-tematica-sobre-pessoas-surdas\/#respond\"]}]},{\"@type\":\"WebPage\",\"@id\":\"https:\/\/portaleducacao.guarulhos.sp.gov.br\/wp_site\/portalbienal\/2024\/03\/14\/programacao-da-bienal-destaca-tematica-sobre-pessoas-surdas\/\",\"url\":\"https:\/\/portaleducacao.guarulhos.sp.gov.br\/wp_site\/portalbienal\/2024\/03\/14\/programacao-da-bienal-destaca-tematica-sobre-pessoas-surdas\/\",\"name\":\"Programa\u00e7\u00e3o da Bienal destaca tem\u00e1tica sobre pessoas surdas - Bienal do Livro de Guarulhos - 2024\",\"isPartOf\":{\"@id\":\"https:\/\/portaleducacao.guarulhos.sp.gov.br\/wp_site\/portalbienal\/#website\"},\"datePublished\":\"2024-03-14T16:06:15+00:00\",\"dateModified\":\"2024-03-14T16:24:26+00:00\",\"breadcrumb\":{\"@id\":\"https:\/\/portaleducacao.guarulhos.sp.gov.br\/wp_site\/portalbienal\/2024\/03\/14\/programacao-da-bienal-destaca-tematica-sobre-pessoas-surdas\/#breadcrumb\"},\"inLanguage\":\"pt-BR\",\"potentialAction\":[{\"@type\":\"ReadAction\",\"target\":[\"https:\/\/portaleducacao.guarulhos.sp.gov.br\/wp_site\/portalbienal\/2024\/03\/14\/programacao-da-bienal-destaca-tematica-sobre-pessoas-surdas\/\"]}]},{\"@type\":\"BreadcrumbList\",\"@id\":\"https:\/\/portaleducacao.guarulhos.sp.gov.br\/wp_site\/portalbienal\/2024\/03\/14\/programacao-da-bienal-destaca-tematica-sobre-pessoas-surdas\/#breadcrumb\",\"itemListElement\":[{\"@type\":\"ListItem\",\"position\":1,\"name\":\"In\u00edcio\",\"item\":\"https:\/\/portaleducacao.guarulhos.sp.gov.br\/wp_site\/portalbienal\/\"},{\"@type\":\"ListItem\",\"position\":2,\"name\":\"Programa\u00e7\u00e3o da Bienal destaca tem\u00e1tica sobre pessoas surdas\"}]},{\"@type\":\"WebSite\",\"@id\":\"https:\/\/portaleducacao.guarulhos.sp.gov.br\/wp_site\/portalbienal\/#website\",\"url\":\"https:\/\/portaleducacao.guarulhos.sp.gov.br\/wp_site\/portalbienal\/\",\"name\":\"Bienal do Livro de Guarulhos - 2024\",\"description\":\"Secretaria de Educa\u00e7\u00e3o - Prefeitura de Guarulhos\",\"publisher\":{\"@id\":\"https:\/\/portaleducacao.guarulhos.sp.gov.br\/wp_site\/portalbienal\/#organization\"},\"potentialAction\":[{\"@type\":\"SearchAction\",\"target\":{\"@type\":\"EntryPoint\",\"urlTemplate\":\"https:\/\/portaleducacao.guarulhos.sp.gov.br\/wp_site\/portalbienal\/?s={search_term_string}\"},\"query-input\":\"required name=search_term_string\"}],\"inLanguage\":\"pt-BR\"},{\"@type\":\"Organization\",\"@id\":\"https:\/\/portaleducacao.guarulhos.sp.gov.br\/wp_site\/portalbienal\/#organization\",\"name\":\"Bienal do Livro de Guarulhos - 2024\",\"url\":\"https:\/\/portaleducacao.guarulhos.sp.gov.br\/wp_site\/portalbienal\/\",\"sameAs\":[],\"logo\":{\"@type\":\"ImageObject\",\"inLanguage\":\"pt-BR\",\"@id\":\"https:\/\/portaleducacao.guarulhos.sp.gov.br\/wp_site\/portalbienal\/#\/schema\/logo\/image\/\",\"url\":\"https:\/\/portaleducacao.guarulhos.sp.gov.br\/wp_site\/portalbienal\/wp-content\/uploads\/sites\/22\/2022\/07\/logo_site.jpg\",\"contentUrl\":\"https:\/\/portaleducacao.guarulhos.sp.gov.br\/wp_site\/portalbienal\/wp-content\/uploads\/sites\/22\/2022\/07\/logo_site.jpg\",\"width\":350,\"height\":100,\"caption\":\"Bienal do Livro de Guarulhos - 2024\"},\"image\":{\"@id\":\"https:\/\/portaleducacao.guarulhos.sp.gov.br\/wp_site\/portalbienal\/#\/schema\/logo\/image\/\"}},{\"@type\":\"Person\",\"@id\":\"https:\/\/portaleducacao.guarulhos.sp.gov.br\/wp_site\/portalbienal\/#\/schema\/person\/f24570405af7200fec31e52143b1a735\",\"name\":\"carlamaio\",\"image\":{\"@type\":\"ImageObject\",\"inLanguage\":\"pt-BR\",\"@id\":\"https:\/\/portaleducacao.guarulhos.sp.gov.br\/wp_site\/portalbienal\/#\/schema\/person\/image\/\",\"url\":\"https:\/\/secure.gravatar.com\/avatar\/f1d5cb10476871f2a24b60dd8cad309e?s=96&d=mm&r=g\",\"contentUrl\":\"https:\/\/secure.gravatar.com\/avatar\/f1d5cb10476871f2a24b60dd8cad309e?s=96&d=mm&r=g\",\"caption\":\"carlamaio\"},\"url\":\"https:\/\/portaleducacao.guarulhos.sp.gov.br\/wp_site\/portalbienal\/author\/carlamaio\/\"}]}<\/script>\r\n<!-- \/ Yoast SEO plugin. -->","yoast_head_json":{"title":"Programa\u00e7\u00e3o da Bienal destaca tem\u00e1tica sobre pessoas surdas - Bienal do Livro de Guarulhos - 2024","robots":{"index":"index","follow":"follow","max-snippet":"max-snippet:-1","max-image-preview":"max-image-preview:large","max-video-preview":"max-video-preview:-1"},"canonical":"https:\/\/portaleducacao.guarulhos.sp.gov.br\/wp_site\/portalbienal\/2024\/03\/14\/programacao-da-bienal-destaca-tematica-sobre-pessoas-surdas\/","og_locale":"pt_BR","og_type":"article","og_title":"Programa\u00e7\u00e3o da Bienal destaca tem\u00e1tica sobre pessoas surdas - Bienal do Livro de Guarulhos - 2024","og_description":"O conv\u00edvio social, o dia a dia das rela\u00e7\u00f5es pessoais, o mundo do trabalho e a riqueza da diversidade lingu\u00edstica no Brasil e no mundo. Com foco no atendimento realizado &hellip; Programa\u00e7\u00e3o da Bienal destaca tem\u00e1tica sobre pessoas surdas Leia mais &raquo;","og_url":"https:\/\/portaleducacao.guarulhos.sp.gov.br\/wp_site\/portalbienal\/2024\/03\/14\/programacao-da-bienal-destaca-tematica-sobre-pessoas-surdas\/","og_site_name":"Bienal do Livro de Guarulhos - 2024","article_published_time":"2024-03-14T16:06:15+00:00","article_modified_time":"2024-03-14T16:24:26+00:00","og_image":[{"width":1600,"height":720,"url":"http:\/\/portaleducacao.guarulhos.sp.gov.br\/wp_site\/portalbienal\/wp-content\/uploads\/sites\/22\/2024\/03\/WhatsApp-Image-2024-03-14-at-10.25.18.jpeg","type":"image\/jpeg"}],"author":"carlamaio","twitter_card":"summary_large_image","twitter_misc":{"Escrito por":"carlamaio","Est. tempo de leitura":"2 minutos"},"schema":{"@context":"https:\/\/schema.org","@graph":[{"@type":"Article","@id":"https:\/\/portaleducacao.guarulhos.sp.gov.br\/wp_site\/portalbienal\/2024\/03\/14\/programacao-da-bienal-destaca-tematica-sobre-pessoas-surdas\/#article","isPartOf":{"@id":"https:\/\/portaleducacao.guarulhos.sp.gov.br\/wp_site\/portalbienal\/2024\/03\/14\/programacao-da-bienal-destaca-tematica-sobre-pessoas-surdas\/"},"author":{"name":"carlamaio","@id":"https:\/\/portaleducacao.guarulhos.sp.gov.br\/wp_site\/portalbienal\/#\/schema\/person\/f24570405af7200fec31e52143b1a735"},"headline":"Programa\u00e7\u00e3o da Bienal destaca tem\u00e1tica sobre pessoas surdas","datePublished":"2024-03-14T16:06:15+00:00","dateModified":"2024-03-14T16:24:26+00:00","mainEntityOfPage":{"@id":"https:\/\/portaleducacao.guarulhos.sp.gov.br\/wp_site\/portalbienal\/2024\/03\/14\/programacao-da-bienal-destaca-tematica-sobre-pessoas-surdas\/"},"wordCount":431,"commentCount":0,"publisher":{"@id":"https:\/\/portaleducacao.guarulhos.sp.gov.br\/wp_site\/portalbienal\/#organization"},"articleSection":["2024 Not\u00edcias","Bienal 2024"],"inLanguage":"pt-BR","potentialAction":[{"@type":"CommentAction","name":"Comment","target":["https:\/\/portaleducacao.guarulhos.sp.gov.br\/wp_site\/portalbienal\/2024\/03\/14\/programacao-da-bienal-destaca-tematica-sobre-pessoas-surdas\/#respond"]}]},{"@type":"WebPage","@id":"https:\/\/portaleducacao.guarulhos.sp.gov.br\/wp_site\/portalbienal\/2024\/03\/14\/programacao-da-bienal-destaca-tematica-sobre-pessoas-surdas\/","url":"https:\/\/portaleducacao.guarulhos.sp.gov.br\/wp_site\/portalbienal\/2024\/03\/14\/programacao-da-bienal-destaca-tematica-sobre-pessoas-surdas\/","name":"Programa\u00e7\u00e3o da Bienal destaca tem\u00e1tica sobre pessoas surdas - Bienal do Livro de Guarulhos - 2024","isPartOf":{"@id":"https:\/\/portaleducacao.guarulhos.sp.gov.br\/wp_site\/portalbienal\/#website"},"datePublished":"2024-03-14T16:06:15+00:00","dateModified":"2024-03-14T16:24:26+00:00","breadcrumb":{"@id":"https:\/\/portaleducacao.guarulhos.sp.gov.br\/wp_site\/portalbienal\/2024\/03\/14\/programacao-da-bienal-destaca-tematica-sobre-pessoas-surdas\/#breadcrumb"},"inLanguage":"pt-BR","potentialAction":[{"@type":"ReadAction","target":["https:\/\/portaleducacao.guarulhos.sp.gov.br\/wp_site\/portalbienal\/2024\/03\/14\/programacao-da-bienal-destaca-tematica-sobre-pessoas-surdas\/"]}]},{"@type":"BreadcrumbList","@id":"https:\/\/portaleducacao.guarulhos.sp.gov.br\/wp_site\/portalbienal\/2024\/03\/14\/programacao-da-bienal-destaca-tematica-sobre-pessoas-surdas\/#breadcrumb","itemListElement":[{"@type":"ListItem","position":1,"name":"In\u00edcio","item":"https:\/\/portaleducacao.guarulhos.sp.gov.br\/wp_site\/portalbienal\/"},{"@type":"ListItem","position":2,"name":"Programa\u00e7\u00e3o da Bienal destaca tem\u00e1tica sobre pessoas surdas"}]},{"@type":"WebSite","@id":"https:\/\/portaleducacao.guarulhos.sp.gov.br\/wp_site\/portalbienal\/#website","url":"https:\/\/portaleducacao.guarulhos.sp.gov.br\/wp_site\/portalbienal\/","name":"Bienal do Livro de Guarulhos - 2024","description":"Secretaria de Educa\u00e7\u00e3o - Prefeitura de Guarulhos","publisher":{"@id":"https:\/\/portaleducacao.guarulhos.sp.gov.br\/wp_site\/portalbienal\/#organization"},"potentialAction":[{"@type":"SearchAction","target":{"@type":"EntryPoint","urlTemplate":"https:\/\/portaleducacao.guarulhos.sp.gov.br\/wp_site\/portalbienal\/?s={search_term_string}"},"query-input":"required name=search_term_string"}],"inLanguage":"pt-BR"},{"@type":"Organization","@id":"https:\/\/portaleducacao.guarulhos.sp.gov.br\/wp_site\/portalbienal\/#organization","name":"Bienal do Livro de Guarulhos - 2024","url":"https:\/\/portaleducacao.guarulhos.sp.gov.br\/wp_site\/portalbienal\/","sameAs":[],"logo":{"@type":"ImageObject","inLanguage":"pt-BR","@id":"https:\/\/portaleducacao.guarulhos.sp.gov.br\/wp_site\/portalbienal\/#\/schema\/logo\/image\/","url":"https:\/\/portaleducacao.guarulhos.sp.gov.br\/wp_site\/portalbienal\/wp-content\/uploads\/sites\/22\/2022\/07\/logo_site.jpg","contentUrl":"https:\/\/portaleducacao.guarulhos.sp.gov.br\/wp_site\/portalbienal\/wp-content\/uploads\/sites\/22\/2022\/07\/logo_site.jpg","width":350,"height":100,"caption":"Bienal do Livro de Guarulhos - 2024"},"image":{"@id":"https:\/\/portaleducacao.guarulhos.sp.gov.br\/wp_site\/portalbienal\/#\/schema\/logo\/image\/"}},{"@type":"Person","@id":"https:\/\/portaleducacao.guarulhos.sp.gov.br\/wp_site\/portalbienal\/#\/schema\/person\/f24570405af7200fec31e52143b1a735","name":"carlamaio","image":{"@type":"ImageObject","inLanguage":"pt-BR","@id":"https:\/\/portaleducacao.guarulhos.sp.gov.br\/wp_site\/portalbienal\/#\/schema\/person\/image\/","url":"https:\/\/secure.gravatar.com\/avatar\/f1d5cb10476871f2a24b60dd8cad309e?s=96&d=mm&r=g","contentUrl":"https:\/\/secure.gravatar.com\/avatar\/f1d5cb10476871f2a24b60dd8cad309e?s=96&d=mm&r=g","caption":"carlamaio"},"url":"https:\/\/portaleducacao.guarulhos.sp.gov.br\/wp_site\/portalbienal\/author\/carlamaio\/"}]}},"_links":{"self":[{"href":"https:\/\/portaleducacao.guarulhos.sp.gov.br\/wp_site\/portalbienal\/wp-json\/wp\/v2\/posts\/8925"}],"collection":[{"href":"https:\/\/portaleducacao.guarulhos.sp.gov.br\/wp_site\/portalbienal\/wp-json\/wp\/v2\/posts"}],"about":[{"href":"https:\/\/portaleducacao.guarulhos.sp.gov.br\/wp_site\/portalbienal\/wp-json\/wp\/v2\/types\/post"}],"author":[{"embeddable":true,"href":"https:\/\/portaleducacao.guarulhos.sp.gov.br\/wp_site\/portalbienal\/wp-json\/wp\/v2\/users\/22"}],"replies":[{"embeddable":true,"href":"https:\/\/portaleducacao.guarulhos.sp.gov.br\/wp_site\/portalbienal\/wp-json\/wp\/v2\/comments?post=8925"}],"version-history":[{"count":2,"href":"https:\/\/portaleducacao.guarulhos.sp.gov.br\/wp_site\/portalbienal\/wp-json\/wp\/v2\/posts\/8925\/revisions"}],"predecessor-version":[{"id":8929,"href":"https:\/\/portaleducacao.guarulhos.sp.gov.br\/wp_site\/portalbienal\/wp-json\/wp\/v2\/posts\/8925\/revisions\/8929"}],"wp:featuredmedia":[{"embeddable":true,"href":"https:\/\/portaleducacao.guarulhos.sp.gov.br\/wp_site\/portalbienal\/wp-json\/wp\/v2\/media\/8926"}],"wp:attachment":[{"href":"https:\/\/portaleducacao.guarulhos.sp.gov.br\/wp_site\/portalbienal\/wp-json\/wp\/v2\/media?parent=8925"}],"wp:term":[{"taxonomy":"category","embeddable":true,"href":"https:\/\/portaleducacao.guarulhos.sp.gov.br\/wp_site\/portalbienal\/wp-json\/wp\/v2\/categories?post=8925"},{"taxonomy":"post_tag","embeddable":true,"href":"https:\/\/portaleducacao.guarulhos.sp.gov.br\/wp_site\/portalbienal\/wp-json\/wp\/v2\/tags?post=8925"}],"curies":[{"name":"wp","href":"https:\/\/api.w.org\/{rel}","templated":true}]}}