{"id":8944,"date":"2024-03-15T19:06:04","date_gmt":"2024-03-15T22:06:04","guid":{"rendered":"https:\/\/portaleducacao.guarulhos.sp.gov.br\/wp_site\/portalbienal\/?p=8944"},"modified":"2024-03-15T19:08:19","modified_gmt":"2024-03-15T22:08:19","slug":"3a-bienal-internacional-do-livro-de-guarulhos-comeca-hoje-no-espaco-inter","status":"publish","type":"post","link":"https:\/\/portaleducacao.guarulhos.sp.gov.br\/wp_site\/portalbienal\/2024\/03\/15\/3a-bienal-internacional-do-livro-de-guarulhos-comeca-hoje-no-espaco-inter\/","title":{"rendered":"3\u00aa Bienal Internacional do Livro de Guarulhos come\u00e7a\u00a0hoje\u00a0no Espa\u00e7o Inter"},"content":{"rendered":"\n<p>O Espa\u00e7o Inter, antiga Phillips, recebe a 3\u00aa Bienal Internacional do Livro de Guarulhos a partir desta\u00a0sexta-feira (15) com espet\u00e1culo da Orquestra GRU Sinf\u00f4nica sob reg\u00eancia dos maestros Emiliano Patarra e Kevin Camargo \u00e0s 19h no Audit\u00f3rio Azul. Toda a programa\u00e7\u00e3o, gratuita, est\u00e1 dispon\u00edvel em\u00a0<strong><em><a href=\"http:\/\/bienaldolivro.guarulhos.sp.gov.br\" target=\"_blank\" rel=\"noreferrer noopener\">http:\/\/bienaldolivro.guarulhos.sp.gov.br<\/a><\/em><\/strong>.<\/p>\n\n\n\n<p>Maior evento liter\u00e1rio da cidade, a terceira edi\u00e7\u00e3o apresenta o tema Guarulhos \u2013 Todo o Mundo Passa por Aqui. A Bienal do Livro segue at\u00e9 o dia&nbsp;24 de mar\u00e7o e contar\u00e1 com intensa programa\u00e7\u00e3o gratuita, \u00e1rea gamer, lounge interativo, pra\u00e7a de alimenta\u00e7\u00e3o, 40 estandes e tr\u00eas audit\u00f3rios, um universo cultural diverso repleto de experi\u00eancias liter\u00e1rias e imersivas, apresenta\u00e7\u00f5es art\u00edsticas, palestras, interven\u00e7\u00f5es, encontros com autores e exposi\u00e7\u00f5es.<\/p>\n\n\n\n<p>O p\u00fablico visitante&nbsp;ter\u00e1 a oportunidade de conhecer de perto grandes autores brasileiros, como os escritores Rodrigo Fran\u00e7a e Marcelo Duarte, o contista, romancista e jornalista Ign\u00e1cio de Loyola Brand\u00e3o, o poeta Br\u00e1ulio Bessa, os atores e escritores Miguel Falabella e Denise Fraga, o m\u00fasico, educador e escritor Eduardo Feldberg (o Primo Pobre), o guitarrista do Jota Quest e escritor Marco T\u00falio Lara, os escritores Ilana Casoy e Rapha Montes, as escritoras e influenciadoras digitais Camila Fremder e Cinthia Chagas, entre outros.<br>A retirada antecipada de ingressos gratuitos est\u00e1 dispon\u00edvel desde o \u00faltimo&nbsp;s\u00e1bado&nbsp;(9) pela plataforma Sympla, no endere\u00e7o&nbsp;https:\/\/bienaldolivro.guarulhos.sp.gov.br\/. Para as atividades que ainda possuem vagas \u00e9 poss\u00edvel retirar dois ingressos por pessoa\/CPF. Nem todas as atividades da 3\u00aa Bienal Internacional do Livro de Guarulhos exigem ingresso.<\/p>\n\n\n\n<p>A edi\u00e7\u00e3o destaca ainda a participa\u00e7\u00e3o de autores estrangeiros, como os espanh\u00f3is Vicente Blanco e Salvador Cidr\u00e1s, com o lan\u00e7amento do livro Desenhar o Mundo \u2013 Brincar, Criar, Compartilhar, as tamb\u00e9m espanholas Isabele e \u00c2ngeles Abelleira, com o lan\u00e7amento de Docentes de Infantil \u2013 Luthiers do Futuro, al\u00e9m das argentinas Alejandra Dubovik e Alejandra Cippittelli, que apresentam palestra sobre o trabalho por projetos e lan\u00e7am o livro Nove Projetos.<\/p>\n\n\n\n<p>A 3\u00aa Bienal Internacional do Livro de Guarulhos segue at\u00e9 o dia&nbsp;24 de mar\u00e7o, de&nbsp;segunda&nbsp;a&nbsp;s\u00e1bado, das 10h \u00e0s 22h, e aos domingos das 10h \u00e0s 20h no Espa\u00e7o Inter, na avenida Jo\u00e3o Cavalari, 133, Vila Herm\u00ednia.<\/p>\n\n\n\n<p>Confira a programa\u00e7\u00e3o completa em\u00a0<strong><em><a href=\"http:\/\/bienaldolivro.guarulhos.sp.gov.br\">http:\/\/bienaldolivro.guarulhos.sp.gov.br<\/a><\/em><\/strong>. Para obter mais informa\u00e7\u00f5es siga o perfil da Bienal no Instagram: @bienaldolivrogru.<\/p>\n","protected":false},"excerpt":{"rendered":"<p>O Espa\u00e7o Inter, antiga Phillips, recebe a 3\u00aa Bienal Internacional do Livro de Guarulhos a partir desta\u00a0sexta-feira (15) com espet\u00e1culo da Orquestra GRU Sinf\u00f4nica sob reg\u00eancia dos maestros Emiliano Patarra &hellip;<\/p>\n<p class=\"read-more\"> <a class=\"\" href=\"https:\/\/portaleducacao.guarulhos.sp.gov.br\/wp_site\/portalbienal\/2024\/03\/15\/3a-bienal-internacional-do-livro-de-guarulhos-comeca-hoje-no-espaco-inter\/\"> <span class=\"screen-reader-text\">3\u00aa Bienal Internacional do Livro de Guarulhos come\u00e7a\u00a0hoje\u00a0no Espa\u00e7o Inter<\/span> Leia mais &raquo;<\/a><\/p>\n","protected":false},"author":24,"featured_media":8946,"comment_status":"open","ping_status":"open","sticky":true,"template":"","format":"standard","meta":{"_monsterinsights_skip_tracking":false,"_monsterinsights_sitenote_active":false,"_monsterinsights_sitenote_note":"","_monsterinsights_sitenote_category":0,"site-sidebar-layout":"default","site-content-layout":"default","ast-global-header-display":"","ast-main-header-display":"","ast-hfb-above-header-display":"","ast-hfb-below-header-display":"","ast-hfb-mobile-header-display":"","site-post-title":"","ast-breadcrumbs-content":"","ast-featured-img":"","footer-sml-layout":"","theme-transparent-header-meta":"","adv-header-id-meta":"","stick-header-meta":"","header-above-stick-meta":"","header-main-stick-meta":"","header-below-stick-meta":"","_expiration-date-status":"","_expiration-date":0,"_expiration-date-type":"","_expiration-date-categories":[],"_expiration-date-options":[]},"categories":[39,40],"tags":[],"yoast_head":"<!-- This site is optimized with the Yoast SEO plugin v19.7.1 - https:\/\/yoast.com\/wordpress\/plugins\/seo\/ -->\r\n<title>3\u00aa Bienal Internacional do Livro de Guarulhos come\u00e7a\u00a0hoje\u00a0no Espa\u00e7o Inter - Bienal do Livro de Guarulhos - 2024<\/title>\r\n<meta name=\"robots\" content=\"index, follow, max-snippet:-1, max-image-preview:large, max-video-preview:-1\" \/>\r\n<link rel=\"canonical\" href=\"https:\/\/portaleducacao.guarulhos.sp.gov.br\/wp_site\/portalbienal\/2024\/03\/15\/3a-bienal-internacional-do-livro-de-guarulhos-comeca-hoje-no-espaco-inter\/\" \/>\r\n<meta property=\"og:locale\" content=\"pt_BR\" \/>\r\n<meta property=\"og:type\" content=\"article\" \/>\r\n<meta property=\"og:title\" content=\"3\u00aa Bienal Internacional do Livro de Guarulhos come\u00e7a\u00a0hoje\u00a0no Espa\u00e7o Inter - Bienal do Livro de Guarulhos - 2024\" \/>\r\n<meta property=\"og:description\" content=\"O Espa\u00e7o Inter, antiga Phillips, recebe a 3\u00aa Bienal Internacional do Livro de Guarulhos a partir desta\u00a0sexta-feira (15) com espet\u00e1culo da Orquestra GRU Sinf\u00f4nica sob reg\u00eancia dos maestros Emiliano Patarra &hellip; 3\u00aa Bienal Internacional do Livro de Guarulhos come\u00e7a\u00a0hoje\u00a0no Espa\u00e7o Inter Leia mais &raquo;\" \/>\r\n<meta property=\"og:url\" content=\"https:\/\/portaleducacao.guarulhos.sp.gov.br\/wp_site\/portalbienal\/2024\/03\/15\/3a-bienal-internacional-do-livro-de-guarulhos-comeca-hoje-no-espaco-inter\/\" \/>\r\n<meta property=\"og:site_name\" content=\"Bienal do Livro de Guarulhos - 2024\" \/>\r\n<meta property=\"article:published_time\" content=\"2024-03-15T22:06:04+00:00\" \/>\r\n<meta property=\"article:modified_time\" content=\"2024-03-15T22:08:19+00:00\" \/>\r\n<meta property=\"og:image\" content=\"http:\/\/portaleducacao.guarulhos.sp.gov.br\/wp_site\/portalbienal\/wp-content\/uploads\/sites\/22\/2024\/03\/WhatsApp-Image-2024-03-15-at-09.40.45.jpeg\" \/>\r\n\t<meta property=\"og:image:width\" content=\"1392\" \/>\r\n\t<meta property=\"og:image:height\" content=\"928\" \/>\r\n\t<meta property=\"og:image:type\" content=\"image\/jpeg\" \/>\r\n<meta name=\"author\" content=\"carlavm\" \/>\r\n<meta name=\"twitter:card\" content=\"summary_large_image\" \/>\r\n<meta name=\"twitter:label1\" content=\"Escrito por\" \/>\n\t<meta name=\"twitter:data1\" content=\"carlavm\" \/>\n\t<meta name=\"twitter:label2\" content=\"Est. tempo de leitura\" \/>\n\t<meta name=\"twitter:data2\" content=\"3 minutos\" \/>\r\n<script type=\"application\/ld+json\" class=\"yoast-schema-graph\">{\"@context\":\"https:\/\/schema.org\",\"@graph\":[{\"@type\":\"Article\",\"@id\":\"https:\/\/portaleducacao.guarulhos.sp.gov.br\/wp_site\/portalbienal\/2024\/03\/15\/3a-bienal-internacional-do-livro-de-guarulhos-comeca-hoje-no-espaco-inter\/#article\",\"isPartOf\":{\"@id\":\"https:\/\/portaleducacao.guarulhos.sp.gov.br\/wp_site\/portalbienal\/2024\/03\/15\/3a-bienal-internacional-do-livro-de-guarulhos-comeca-hoje-no-espaco-inter\/\"},\"author\":{\"name\":\"carlavm\",\"@id\":\"https:\/\/portaleducacao.guarulhos.sp.gov.br\/wp_site\/portalbienal\/#\/schema\/person\/10d167c03463551fe7460f988dfc14d7\"},\"headline\":\"3\u00aa Bienal Internacional do Livro de Guarulhos come\u00e7a\u00a0hoje\u00a0no Espa\u00e7o Inter\",\"datePublished\":\"2024-03-15T22:06:04+00:00\",\"dateModified\":\"2024-03-15T22:08:19+00:00\",\"mainEntityOfPage\":{\"@id\":\"https:\/\/portaleducacao.guarulhos.sp.gov.br\/wp_site\/portalbienal\/2024\/03\/15\/3a-bienal-internacional-do-livro-de-guarulhos-comeca-hoje-no-espaco-inter\/\"},\"wordCount\":457,\"commentCount\":0,\"publisher\":{\"@id\":\"https:\/\/portaleducacao.guarulhos.sp.gov.br\/wp_site\/portalbienal\/#organization\"},\"articleSection\":[\"2024 Not\u00edcias\",\"Bienal 2024\"],\"inLanguage\":\"pt-BR\",\"potentialAction\":[{\"@type\":\"CommentAction\",\"name\":\"Comment\",\"target\":[\"https:\/\/portaleducacao.guarulhos.sp.gov.br\/wp_site\/portalbienal\/2024\/03\/15\/3a-bienal-internacional-do-livro-de-guarulhos-comeca-hoje-no-espaco-inter\/#respond\"]}]},{\"@type\":\"WebPage\",\"@id\":\"https:\/\/portaleducacao.guarulhos.sp.gov.br\/wp_site\/portalbienal\/2024\/03\/15\/3a-bienal-internacional-do-livro-de-guarulhos-comeca-hoje-no-espaco-inter\/\",\"url\":\"https:\/\/portaleducacao.guarulhos.sp.gov.br\/wp_site\/portalbienal\/2024\/03\/15\/3a-bienal-internacional-do-livro-de-guarulhos-comeca-hoje-no-espaco-inter\/\",\"name\":\"3\u00aa Bienal Internacional do Livro de Guarulhos come\u00e7a\u00a0hoje\u00a0no Espa\u00e7o Inter - Bienal do Livro de Guarulhos - 2024\",\"isPartOf\":{\"@id\":\"https:\/\/portaleducacao.guarulhos.sp.gov.br\/wp_site\/portalbienal\/#website\"},\"datePublished\":\"2024-03-15T22:06:04+00:00\",\"dateModified\":\"2024-03-15T22:08:19+00:00\",\"breadcrumb\":{\"@id\":\"https:\/\/portaleducacao.guarulhos.sp.gov.br\/wp_site\/portalbienal\/2024\/03\/15\/3a-bienal-internacional-do-livro-de-guarulhos-comeca-hoje-no-espaco-inter\/#breadcrumb\"},\"inLanguage\":\"pt-BR\",\"potentialAction\":[{\"@type\":\"ReadAction\",\"target\":[\"https:\/\/portaleducacao.guarulhos.sp.gov.br\/wp_site\/portalbienal\/2024\/03\/15\/3a-bienal-internacional-do-livro-de-guarulhos-comeca-hoje-no-espaco-inter\/\"]}]},{\"@type\":\"BreadcrumbList\",\"@id\":\"https:\/\/portaleducacao.guarulhos.sp.gov.br\/wp_site\/portalbienal\/2024\/03\/15\/3a-bienal-internacional-do-livro-de-guarulhos-comeca-hoje-no-espaco-inter\/#breadcrumb\",\"itemListElement\":[{\"@type\":\"ListItem\",\"position\":1,\"name\":\"In\u00edcio\",\"item\":\"https:\/\/portaleducacao.guarulhos.sp.gov.br\/wp_site\/portalbienal\/\"},{\"@type\":\"ListItem\",\"position\":2,\"name\":\"3\u00aa Bienal Internacional do Livro de Guarulhos come\u00e7a\u00a0hoje\u00a0no Espa\u00e7o Inter\"}]},{\"@type\":\"WebSite\",\"@id\":\"https:\/\/portaleducacao.guarulhos.sp.gov.br\/wp_site\/portalbienal\/#website\",\"url\":\"https:\/\/portaleducacao.guarulhos.sp.gov.br\/wp_site\/portalbienal\/\",\"name\":\"Bienal do Livro de Guarulhos - 2024\",\"description\":\"Secretaria de Educa\u00e7\u00e3o - Prefeitura de Guarulhos\",\"publisher\":{\"@id\":\"https:\/\/portaleducacao.guarulhos.sp.gov.br\/wp_site\/portalbienal\/#organization\"},\"potentialAction\":[{\"@type\":\"SearchAction\",\"target\":{\"@type\":\"EntryPoint\",\"urlTemplate\":\"https:\/\/portaleducacao.guarulhos.sp.gov.br\/wp_site\/portalbienal\/?s={search_term_string}\"},\"query-input\":\"required name=search_term_string\"}],\"inLanguage\":\"pt-BR\"},{\"@type\":\"Organization\",\"@id\":\"https:\/\/portaleducacao.guarulhos.sp.gov.br\/wp_site\/portalbienal\/#organization\",\"name\":\"Bienal do Livro de Guarulhos - 2024\",\"url\":\"https:\/\/portaleducacao.guarulhos.sp.gov.br\/wp_site\/portalbienal\/\",\"sameAs\":[],\"logo\":{\"@type\":\"ImageObject\",\"inLanguage\":\"pt-BR\",\"@id\":\"https:\/\/portaleducacao.guarulhos.sp.gov.br\/wp_site\/portalbienal\/#\/schema\/logo\/image\/\",\"url\":\"https:\/\/portaleducacao.guarulhos.sp.gov.br\/wp_site\/portalbienal\/wp-content\/uploads\/sites\/22\/2022\/07\/logo_site.jpg\",\"contentUrl\":\"https:\/\/portaleducacao.guarulhos.sp.gov.br\/wp_site\/portalbienal\/wp-content\/uploads\/sites\/22\/2022\/07\/logo_site.jpg\",\"width\":350,\"height\":100,\"caption\":\"Bienal do Livro de Guarulhos - 2024\"},\"image\":{\"@id\":\"https:\/\/portaleducacao.guarulhos.sp.gov.br\/wp_site\/portalbienal\/#\/schema\/logo\/image\/\"}},{\"@type\":\"Person\",\"@id\":\"https:\/\/portaleducacao.guarulhos.sp.gov.br\/wp_site\/portalbienal\/#\/schema\/person\/10d167c03463551fe7460f988dfc14d7\",\"name\":\"carlavm\",\"image\":{\"@type\":\"ImageObject\",\"inLanguage\":\"pt-BR\",\"@id\":\"https:\/\/portaleducacao.guarulhos.sp.gov.br\/wp_site\/portalbienal\/#\/schema\/person\/image\/\",\"url\":\"https:\/\/secure.gravatar.com\/avatar\/b89c22cab4ed3fb14a431c42dccbd61d?s=96&d=mm&r=g\",\"contentUrl\":\"https:\/\/secure.gravatar.com\/avatar\/b89c22cab4ed3fb14a431c42dccbd61d?s=96&d=mm&r=g\",\"caption\":\"carlavm\"},\"url\":\"https:\/\/portaleducacao.guarulhos.sp.gov.br\/wp_site\/portalbienal\/author\/carlavm\/\"}]}<\/script>\r\n<!-- \/ Yoast SEO plugin. -->","yoast_head_json":{"title":"3\u00aa Bienal Internacional do Livro de Guarulhos come\u00e7a\u00a0hoje\u00a0no Espa\u00e7o Inter - Bienal do Livro de Guarulhos - 2024","robots":{"index":"index","follow":"follow","max-snippet":"max-snippet:-1","max-image-preview":"max-image-preview:large","max-video-preview":"max-video-preview:-1"},"canonical":"https:\/\/portaleducacao.guarulhos.sp.gov.br\/wp_site\/portalbienal\/2024\/03\/15\/3a-bienal-internacional-do-livro-de-guarulhos-comeca-hoje-no-espaco-inter\/","og_locale":"pt_BR","og_type":"article","og_title":"3\u00aa Bienal Internacional do Livro de Guarulhos come\u00e7a\u00a0hoje\u00a0no Espa\u00e7o Inter - Bienal do Livro de Guarulhos - 2024","og_description":"O Espa\u00e7o Inter, antiga Phillips, recebe a 3\u00aa Bienal Internacional do Livro de Guarulhos a partir desta\u00a0sexta-feira (15) com espet\u00e1culo da Orquestra GRU Sinf\u00f4nica sob reg\u00eancia dos maestros Emiliano Patarra &hellip; 3\u00aa Bienal Internacional do Livro de Guarulhos come\u00e7a\u00a0hoje\u00a0no Espa\u00e7o Inter Leia mais &raquo;","og_url":"https:\/\/portaleducacao.guarulhos.sp.gov.br\/wp_site\/portalbienal\/2024\/03\/15\/3a-bienal-internacional-do-livro-de-guarulhos-comeca-hoje-no-espaco-inter\/","og_site_name":"Bienal do Livro de Guarulhos - 2024","article_published_time":"2024-03-15T22:06:04+00:00","article_modified_time":"2024-03-15T22:08:19+00:00","og_image":[{"width":1392,"height":928,"url":"http:\/\/portaleducacao.guarulhos.sp.gov.br\/wp_site\/portalbienal\/wp-content\/uploads\/sites\/22\/2024\/03\/WhatsApp-Image-2024-03-15-at-09.40.45.jpeg","type":"image\/jpeg"}],"author":"carlavm","twitter_card":"summary_large_image","twitter_misc":{"Escrito por":"carlavm","Est. tempo de leitura":"3 minutos"},"schema":{"@context":"https:\/\/schema.org","@graph":[{"@type":"Article","@id":"https:\/\/portaleducacao.guarulhos.sp.gov.br\/wp_site\/portalbienal\/2024\/03\/15\/3a-bienal-internacional-do-livro-de-guarulhos-comeca-hoje-no-espaco-inter\/#article","isPartOf":{"@id":"https:\/\/portaleducacao.guarulhos.sp.gov.br\/wp_site\/portalbienal\/2024\/03\/15\/3a-bienal-internacional-do-livro-de-guarulhos-comeca-hoje-no-espaco-inter\/"},"author":{"name":"carlavm","@id":"https:\/\/portaleducacao.guarulhos.sp.gov.br\/wp_site\/portalbienal\/#\/schema\/person\/10d167c03463551fe7460f988dfc14d7"},"headline":"3\u00aa Bienal Internacional do Livro de Guarulhos come\u00e7a\u00a0hoje\u00a0no Espa\u00e7o Inter","datePublished":"2024-03-15T22:06:04+00:00","dateModified":"2024-03-15T22:08:19+00:00","mainEntityOfPage":{"@id":"https:\/\/portaleducacao.guarulhos.sp.gov.br\/wp_site\/portalbienal\/2024\/03\/15\/3a-bienal-internacional-do-livro-de-guarulhos-comeca-hoje-no-espaco-inter\/"},"wordCount":457,"commentCount":0,"publisher":{"@id":"https:\/\/portaleducacao.guarulhos.sp.gov.br\/wp_site\/portalbienal\/#organization"},"articleSection":["2024 Not\u00edcias","Bienal 2024"],"inLanguage":"pt-BR","potentialAction":[{"@type":"CommentAction","name":"Comment","target":["https:\/\/portaleducacao.guarulhos.sp.gov.br\/wp_site\/portalbienal\/2024\/03\/15\/3a-bienal-internacional-do-livro-de-guarulhos-comeca-hoje-no-espaco-inter\/#respond"]}]},{"@type":"WebPage","@id":"https:\/\/portaleducacao.guarulhos.sp.gov.br\/wp_site\/portalbienal\/2024\/03\/15\/3a-bienal-internacional-do-livro-de-guarulhos-comeca-hoje-no-espaco-inter\/","url":"https:\/\/portaleducacao.guarulhos.sp.gov.br\/wp_site\/portalbienal\/2024\/03\/15\/3a-bienal-internacional-do-livro-de-guarulhos-comeca-hoje-no-espaco-inter\/","name":"3\u00aa Bienal Internacional do Livro de Guarulhos come\u00e7a\u00a0hoje\u00a0no Espa\u00e7o Inter - Bienal do Livro de Guarulhos - 2024","isPartOf":{"@id":"https:\/\/portaleducacao.guarulhos.sp.gov.br\/wp_site\/portalbienal\/#website"},"datePublished":"2024-03-15T22:06:04+00:00","dateModified":"2024-03-15T22:08:19+00:00","breadcrumb":{"@id":"https:\/\/portaleducacao.guarulhos.sp.gov.br\/wp_site\/portalbienal\/2024\/03\/15\/3a-bienal-internacional-do-livro-de-guarulhos-comeca-hoje-no-espaco-inter\/#breadcrumb"},"inLanguage":"pt-BR","potentialAction":[{"@type":"ReadAction","target":["https:\/\/portaleducacao.guarulhos.sp.gov.br\/wp_site\/portalbienal\/2024\/03\/15\/3a-bienal-internacional-do-livro-de-guarulhos-comeca-hoje-no-espaco-inter\/"]}]},{"@type":"BreadcrumbList","@id":"https:\/\/portaleducacao.guarulhos.sp.gov.br\/wp_site\/portalbienal\/2024\/03\/15\/3a-bienal-internacional-do-livro-de-guarulhos-comeca-hoje-no-espaco-inter\/#breadcrumb","itemListElement":[{"@type":"ListItem","position":1,"name":"In\u00edcio","item":"https:\/\/portaleducacao.guarulhos.sp.gov.br\/wp_site\/portalbienal\/"},{"@type":"ListItem","position":2,"name":"3\u00aa Bienal Internacional do Livro de Guarulhos come\u00e7a\u00a0hoje\u00a0no Espa\u00e7o Inter"}]},{"@type":"WebSite","@id":"https:\/\/portaleducacao.guarulhos.sp.gov.br\/wp_site\/portalbienal\/#website","url":"https:\/\/portaleducacao.guarulhos.sp.gov.br\/wp_site\/portalbienal\/","name":"Bienal do Livro de Guarulhos - 2024","description":"Secretaria de Educa\u00e7\u00e3o - Prefeitura de Guarulhos","publisher":{"@id":"https:\/\/portaleducacao.guarulhos.sp.gov.br\/wp_site\/portalbienal\/#organization"},"potentialAction":[{"@type":"SearchAction","target":{"@type":"EntryPoint","urlTemplate":"https:\/\/portaleducacao.guarulhos.sp.gov.br\/wp_site\/portalbienal\/?s={search_term_string}"},"query-input":"required name=search_term_string"}],"inLanguage":"pt-BR"},{"@type":"Organization","@id":"https:\/\/portaleducacao.guarulhos.sp.gov.br\/wp_site\/portalbienal\/#organization","name":"Bienal do Livro de Guarulhos - 2024","url":"https:\/\/portaleducacao.guarulhos.sp.gov.br\/wp_site\/portalbienal\/","sameAs":[],"logo":{"@type":"ImageObject","inLanguage":"pt-BR","@id":"https:\/\/portaleducacao.guarulhos.sp.gov.br\/wp_site\/portalbienal\/#\/schema\/logo\/image\/","url":"https:\/\/portaleducacao.guarulhos.sp.gov.br\/wp_site\/portalbienal\/wp-content\/uploads\/sites\/22\/2022\/07\/logo_site.jpg","contentUrl":"https:\/\/portaleducacao.guarulhos.sp.gov.br\/wp_site\/portalbienal\/wp-content\/uploads\/sites\/22\/2022\/07\/logo_site.jpg","width":350,"height":100,"caption":"Bienal do Livro de Guarulhos - 2024"},"image":{"@id":"https:\/\/portaleducacao.guarulhos.sp.gov.br\/wp_site\/portalbienal\/#\/schema\/logo\/image\/"}},{"@type":"Person","@id":"https:\/\/portaleducacao.guarulhos.sp.gov.br\/wp_site\/portalbienal\/#\/schema\/person\/10d167c03463551fe7460f988dfc14d7","name":"carlavm","image":{"@type":"ImageObject","inLanguage":"pt-BR","@id":"https:\/\/portaleducacao.guarulhos.sp.gov.br\/wp_site\/portalbienal\/#\/schema\/person\/image\/","url":"https:\/\/secure.gravatar.com\/avatar\/b89c22cab4ed3fb14a431c42dccbd61d?s=96&d=mm&r=g","contentUrl":"https:\/\/secure.gravatar.com\/avatar\/b89c22cab4ed3fb14a431c42dccbd61d?s=96&d=mm&r=g","caption":"carlavm"},"url":"https:\/\/portaleducacao.guarulhos.sp.gov.br\/wp_site\/portalbienal\/author\/carlavm\/"}]}},"_links":{"self":[{"href":"https:\/\/portaleducacao.guarulhos.sp.gov.br\/wp_site\/portalbienal\/wp-json\/wp\/v2\/posts\/8944"}],"collection":[{"href":"https:\/\/portaleducacao.guarulhos.sp.gov.br\/wp_site\/portalbienal\/wp-json\/wp\/v2\/posts"}],"about":[{"href":"https:\/\/portaleducacao.guarulhos.sp.gov.br\/wp_site\/portalbienal\/wp-json\/wp\/v2\/types\/post"}],"author":[{"embeddable":true,"href":"https:\/\/portaleducacao.guarulhos.sp.gov.br\/wp_site\/portalbienal\/wp-json\/wp\/v2\/users\/24"}],"replies":[{"embeddable":true,"href":"https:\/\/portaleducacao.guarulhos.sp.gov.br\/wp_site\/portalbienal\/wp-json\/wp\/v2\/comments?post=8944"}],"version-history":[{"count":3,"href":"https:\/\/portaleducacao.guarulhos.sp.gov.br\/wp_site\/portalbienal\/wp-json\/wp\/v2\/posts\/8944\/revisions"}],"predecessor-version":[{"id":8948,"href":"https:\/\/portaleducacao.guarulhos.sp.gov.br\/wp_site\/portalbienal\/wp-json\/wp\/v2\/posts\/8944\/revisions\/8948"}],"wp:featuredmedia":[{"embeddable":true,"href":"https:\/\/portaleducacao.guarulhos.sp.gov.br\/wp_site\/portalbienal\/wp-json\/wp\/v2\/media\/8946"}],"wp:attachment":[{"href":"https:\/\/portaleducacao.guarulhos.sp.gov.br\/wp_site\/portalbienal\/wp-json\/wp\/v2\/media?parent=8944"}],"wp:term":[{"taxonomy":"category","embeddable":true,"href":"https:\/\/portaleducacao.guarulhos.sp.gov.br\/wp_site\/portalbienal\/wp-json\/wp\/v2\/categories?post=8944"},{"taxonomy":"post_tag","embeddable":true,"href":"https:\/\/portaleducacao.guarulhos.sp.gov.br\/wp_site\/portalbienal\/wp-json\/wp\/v2\/tags?post=8944"}],"curies":[{"name":"wp","href":"https:\/\/api.w.org\/{rel}","templated":true}]}}