{"id":8956,"date":"2024-03-16T14:28:33","date_gmt":"2024-03-16T17:28:33","guid":{"rendered":"https:\/\/portaleducacao.guarulhos.sp.gov.br\/wp_site\/portalbienal\/?p=8956"},"modified":"2024-03-16T14:28:34","modified_gmt":"2024-03-16T17:28:34","slug":"espetaculo-da-gru-sinfonica-marca-primeiro-dia-da-3a-bienal-internacional-do-livro-de-guarulhos","status":"publish","type":"post","link":"https:\/\/portaleducacao.guarulhos.sp.gov.br\/wp_site\/portalbienal\/2024\/03\/16\/espetaculo-da-gru-sinfonica-marca-primeiro-dia-da-3a-bienal-internacional-do-livro-de-guarulhos\/","title":{"rendered":"Espet\u00e1culo da GRU Sinf\u00f4nica marca primeiro dia da 3\u00aa Bienal Internacional do Livro de Guarulhos"},"content":{"rendered":"\n<p>Repert\u00f3rio sens\u00edvel e instigante da Orquestra GRU Sinf\u00f4nica, com pe\u00e7as de Antonio Vivaldi e Aram Khachaturian, encantou o p\u00fablico da 3\u00aa Bienal Internacional do Livro de Guarulhos na noite da \u00faltima sexta-feira (15), no primeiro dia do evento no Espa\u00e7o Inter. A Bienal do Livro segue at\u00e9 o dia 24 de mar\u00e7o, de segunda a s\u00e1bado, das 10h \u00e0s 22h, e aos domingos das 10h \u00e0s 20h.&nbsp;&nbsp;<\/p>\n\n\n\n<p>A subsecret\u00e1ria de Educa\u00e7\u00e3o, Fabia Costa, saudou os visitantes e destacou a programa\u00e7\u00e3o internacional, com a participa\u00e7\u00e3o de autores estrangeiros, e o fomento ao livro e \u00e0 leitura em atividades que ser\u00e3o desenvolvidas com as escolas municipais, estaduais e particulares durante a visita\u00e7\u00e3o escolar.<\/p>\n\n\n\n<p>\u201cEsperamos que todos voc\u00eas aproveitem a programa\u00e7\u00e3o liter\u00e1ria, desfrutem das palestras, bate-papos, conta\u00e7\u00f5es de hist\u00f3rias e encontros com os autores. Esse espa\u00e7o foi idealizado com carinho para que os guarulhenses e pessoas de outras regi\u00f5es possam aproveit\u00e1-lo ao m\u00e1ximo\u201d, comemorou a subsecret\u00e1ria.&nbsp;<\/p>\n\n\n\n<p>A diretora do Departamento de Orienta\u00e7\u00f5es Educacionais e Pedag\u00f3gicas (DOEP), Solange Turgante, apresentou o M\u00fasica nas Escolas, programa de ensino de m\u00fasica por meio de aulas coletivas com os instrumentistas da Orquestra GRU Sinf\u00f4nica.&nbsp;<\/p>\n\n\n\n<p>\u201cNas escolas da rede municipal, o estudo de m\u00fasica \u00e9 parte do cotidiano das crian\u00e7as e de sua forma\u00e7\u00e3o enquanto indiv\u00edduos. Com esse programa, os educandos t\u00eam a oportunidade de contato e conv\u00edvio intenso com a m\u00fasica, tanto como espectador quanto como int\u00e9rprete\u201d, observou Solange.<\/p>\n\n\n\n<p>A programa\u00e7\u00e3o segue neste final de semana com show do Bob Zoom no s\u00e1bado (16), \u00e0s 16h, uma formiguinha alegre e divertida, que faz sucesso com suas m\u00fasicas. Ainda no s\u00e1bado, \u00e0s 20h, o ator, diretor, produtor e dramaturgo Miguel Falabella sobe ao palco do Audit\u00f3rio Azul com a palestra Viver e sonhar em voz alta.<\/p>\n\n\n\n<p>No domingo (17), \u00e0s 18h, a atriz, produtora e cronista brasileira Denise Fraga apresenta a palestra Conex\u00f5es Humanas, no Audit\u00f3rio Azul.&nbsp;<\/p>\n\n\n\n<p>Maior evento liter\u00e1rio da cidade, a terceira edi\u00e7\u00e3o apresenta o tema Guarulhos \u2013 Todo o Mundo Passa por Aqui. O evento conta com intensa programa\u00e7\u00e3o gratuita, \u00e1rea gamer, lounge interativo, pra\u00e7a de alimenta\u00e7\u00e3o, 40 estandes e tr\u00eas audit\u00f3rios, um universo cultural diverso repleto de experi\u00eancias liter\u00e1rias e imersivas, apresenta\u00e7\u00f5es art\u00edsticas, palestras, interven\u00e7\u00f5es, encontros com autores e exposi\u00e7\u00f5es.<\/p>\n\n\n\n<p>Confira a programa\u00e7\u00e3o completa em <a href=\"http:\/\/bienaldolivro.guarulhos.sp.gov.br\" target=\"_blank\" rel=\"noreferrer noopener\">http:\/\/bienaldolivro.guarulhos.sp.gov.b<\/a><a href=\"http:\/\/bienaldolivro.guarulhos.sp.gov.br\">r<\/a>. Para obter mais informa\u00e7\u00f5es siga o perfil da Bienal no Instagram: @bienaldolivrogru.<\/p>\n\n\n\n<p>O Espa\u00e7o Inter fica na avenida Jo\u00e3o Cavalari, 133, Vila Herm\u00ednia.&nbsp;<\/p>\n","protected":false},"excerpt":{"rendered":"<p>Repert\u00f3rio sens\u00edvel e instigante da Orquestra GRU Sinf\u00f4nica, com pe\u00e7as de Antonio Vivaldi e Aram Khachaturian, encantou o p\u00fablico da 3\u00aa Bienal Internacional do Livro de Guarulhos na noite da &hellip;<\/p>\n<p class=\"read-more\"> <a class=\"\" href=\"https:\/\/portaleducacao.guarulhos.sp.gov.br\/wp_site\/portalbienal\/2024\/03\/16\/espetaculo-da-gru-sinfonica-marca-primeiro-dia-da-3a-bienal-internacional-do-livro-de-guarulhos\/\"> <span class=\"screen-reader-text\">Espet\u00e1culo da GRU Sinf\u00f4nica marca primeiro dia da 3\u00aa Bienal Internacional do Livro de Guarulhos<\/span> Leia mais &raquo;<\/a><\/p>\n","protected":false},"author":24,"featured_media":8962,"comment_status":"open","ping_status":"open","sticky":false,"template":"","format":"standard","meta":{"_monsterinsights_skip_tracking":false,"_monsterinsights_sitenote_active":false,"_monsterinsights_sitenote_note":"","_monsterinsights_sitenote_category":0,"site-sidebar-layout":"default","site-content-layout":"default","ast-global-header-display":"","ast-main-header-display":"","ast-hfb-above-header-display":"","ast-hfb-below-header-display":"","ast-hfb-mobile-header-display":"","site-post-title":"","ast-breadcrumbs-content":"","ast-featured-img":"","footer-sml-layout":"","theme-transparent-header-meta":"","adv-header-id-meta":"","stick-header-meta":"","header-above-stick-meta":"","header-main-stick-meta":"","header-below-stick-meta":"","_expiration-date-status":"","_expiration-date":0,"_expiration-date-type":"","_expiration-date-categories":[],"_expiration-date-options":[]},"categories":[39,40],"tags":[],"yoast_head":"<!-- This site is optimized with the Yoast SEO plugin v19.7.1 - https:\/\/yoast.com\/wordpress\/plugins\/seo\/ -->\r\n<title>Espet\u00e1culo da GRU Sinf\u00f4nica marca primeiro dia da 3\u00aa Bienal Internacional do Livro de Guarulhos - Bienal do Livro de Guarulhos - 2024<\/title>\r\n<meta name=\"robots\" content=\"index, follow, max-snippet:-1, max-image-preview:large, max-video-preview:-1\" \/>\r\n<link rel=\"canonical\" href=\"https:\/\/portaleducacao.guarulhos.sp.gov.br\/wp_site\/portalbienal\/2024\/03\/16\/espetaculo-da-gru-sinfonica-marca-primeiro-dia-da-3a-bienal-internacional-do-livro-de-guarulhos\/\" \/>\r\n<meta property=\"og:locale\" content=\"pt_BR\" \/>\r\n<meta property=\"og:type\" content=\"article\" \/>\r\n<meta property=\"og:title\" content=\"Espet\u00e1culo da GRU Sinf\u00f4nica marca primeiro dia da 3\u00aa Bienal Internacional do Livro de Guarulhos - Bienal do Livro de Guarulhos - 2024\" \/>\r\n<meta property=\"og:description\" content=\"Repert\u00f3rio sens\u00edvel e instigante da Orquestra GRU Sinf\u00f4nica, com pe\u00e7as de Antonio Vivaldi e Aram Khachaturian, encantou o p\u00fablico da 3\u00aa Bienal Internacional do Livro de Guarulhos na noite da &hellip; Espet\u00e1culo da GRU Sinf\u00f4nica marca primeiro dia da 3\u00aa Bienal Internacional do Livro de Guarulhos Leia mais &raquo;\" \/>\r\n<meta property=\"og:url\" content=\"https:\/\/portaleducacao.guarulhos.sp.gov.br\/wp_site\/portalbienal\/2024\/03\/16\/espetaculo-da-gru-sinfonica-marca-primeiro-dia-da-3a-bienal-internacional-do-livro-de-guarulhos\/\" \/>\r\n<meta property=\"og:site_name\" content=\"Bienal do Livro de Guarulhos - 2024\" \/>\r\n<meta property=\"article:published_time\" content=\"2024-03-16T17:28:33+00:00\" \/>\r\n<meta property=\"article:modified_time\" content=\"2024-03-16T17:28:34+00:00\" \/>\r\n<meta property=\"og:image\" content=\"http:\/\/portaleducacao.guarulhos.sp.gov.br\/wp_site\/portalbienal\/wp-content\/uploads\/sites\/22\/2024\/03\/bienal_do_livro_Fabio_Nunes_Teixeira-5-1.jpg\" \/>\r\n\t<meta property=\"og:image:width\" content=\"625\" \/>\r\n\t<meta property=\"og:image:height\" content=\"417\" \/>\r\n\t<meta property=\"og:image:type\" content=\"image\/jpeg\" \/>\r\n<meta name=\"author\" content=\"carlavm\" \/>\r\n<meta name=\"twitter:card\" content=\"summary_large_image\" \/>\r\n<meta name=\"twitter:label1\" content=\"Escrito por\" \/>\n\t<meta name=\"twitter:data1\" content=\"carlavm\" \/>\n\t<meta name=\"twitter:label2\" content=\"Est. tempo de leitura\" \/>\n\t<meta name=\"twitter:data2\" content=\"3 minutos\" \/>\r\n<script type=\"application\/ld+json\" class=\"yoast-schema-graph\">{\"@context\":\"https:\/\/schema.org\",\"@graph\":[{\"@type\":\"Article\",\"@id\":\"https:\/\/portaleducacao.guarulhos.sp.gov.br\/wp_site\/portalbienal\/2024\/03\/16\/espetaculo-da-gru-sinfonica-marca-primeiro-dia-da-3a-bienal-internacional-do-livro-de-guarulhos\/#article\",\"isPartOf\":{\"@id\":\"https:\/\/portaleducacao.guarulhos.sp.gov.br\/wp_site\/portalbienal\/2024\/03\/16\/espetaculo-da-gru-sinfonica-marca-primeiro-dia-da-3a-bienal-internacional-do-livro-de-guarulhos\/\"},\"author\":{\"name\":\"carlavm\",\"@id\":\"https:\/\/portaleducacao.guarulhos.sp.gov.br\/wp_site\/portalbienal\/#\/schema\/person\/10d167c03463551fe7460f988dfc14d7\"},\"headline\":\"Espet\u00e1culo da GRU Sinf\u00f4nica marca primeiro dia da 3\u00aa Bienal Internacional do Livro de Guarulhos\",\"datePublished\":\"2024-03-16T17:28:33+00:00\",\"dateModified\":\"2024-03-16T17:28:34+00:00\",\"mainEntityOfPage\":{\"@id\":\"https:\/\/portaleducacao.guarulhos.sp.gov.br\/wp_site\/portalbienal\/2024\/03\/16\/espetaculo-da-gru-sinfonica-marca-primeiro-dia-da-3a-bienal-internacional-do-livro-de-guarulhos\/\"},\"wordCount\":486,\"commentCount\":0,\"publisher\":{\"@id\":\"https:\/\/portaleducacao.guarulhos.sp.gov.br\/wp_site\/portalbienal\/#organization\"},\"articleSection\":[\"2024 Not\u00edcias\",\"Bienal 2024\"],\"inLanguage\":\"pt-BR\",\"potentialAction\":[{\"@type\":\"CommentAction\",\"name\":\"Comment\",\"target\":[\"https:\/\/portaleducacao.guarulhos.sp.gov.br\/wp_site\/portalbienal\/2024\/03\/16\/espetaculo-da-gru-sinfonica-marca-primeiro-dia-da-3a-bienal-internacional-do-livro-de-guarulhos\/#respond\"]}]},{\"@type\":\"WebPage\",\"@id\":\"https:\/\/portaleducacao.guarulhos.sp.gov.br\/wp_site\/portalbienal\/2024\/03\/16\/espetaculo-da-gru-sinfonica-marca-primeiro-dia-da-3a-bienal-internacional-do-livro-de-guarulhos\/\",\"url\":\"https:\/\/portaleducacao.guarulhos.sp.gov.br\/wp_site\/portalbienal\/2024\/03\/16\/espetaculo-da-gru-sinfonica-marca-primeiro-dia-da-3a-bienal-internacional-do-livro-de-guarulhos\/\",\"name\":\"Espet\u00e1culo da GRU Sinf\u00f4nica marca primeiro dia da 3\u00aa Bienal Internacional do Livro de Guarulhos - Bienal do Livro de Guarulhos - 2024\",\"isPartOf\":{\"@id\":\"https:\/\/portaleducacao.guarulhos.sp.gov.br\/wp_site\/portalbienal\/#website\"},\"datePublished\":\"2024-03-16T17:28:33+00:00\",\"dateModified\":\"2024-03-16T17:28:34+00:00\",\"breadcrumb\":{\"@id\":\"https:\/\/portaleducacao.guarulhos.sp.gov.br\/wp_site\/portalbienal\/2024\/03\/16\/espetaculo-da-gru-sinfonica-marca-primeiro-dia-da-3a-bienal-internacional-do-livro-de-guarulhos\/#breadcrumb\"},\"inLanguage\":\"pt-BR\",\"potentialAction\":[{\"@type\":\"ReadAction\",\"target\":[\"https:\/\/portaleducacao.guarulhos.sp.gov.br\/wp_site\/portalbienal\/2024\/03\/16\/espetaculo-da-gru-sinfonica-marca-primeiro-dia-da-3a-bienal-internacional-do-livro-de-guarulhos\/\"]}]},{\"@type\":\"BreadcrumbList\",\"@id\":\"https:\/\/portaleducacao.guarulhos.sp.gov.br\/wp_site\/portalbienal\/2024\/03\/16\/espetaculo-da-gru-sinfonica-marca-primeiro-dia-da-3a-bienal-internacional-do-livro-de-guarulhos\/#breadcrumb\",\"itemListElement\":[{\"@type\":\"ListItem\",\"position\":1,\"name\":\"In\u00edcio\",\"item\":\"https:\/\/portaleducacao.guarulhos.sp.gov.br\/wp_site\/portalbienal\/\"},{\"@type\":\"ListItem\",\"position\":2,\"name\":\"Espet\u00e1culo da GRU Sinf\u00f4nica marca primeiro dia da 3\u00aa Bienal Internacional do Livro de Guarulhos\"}]},{\"@type\":\"WebSite\",\"@id\":\"https:\/\/portaleducacao.guarulhos.sp.gov.br\/wp_site\/portalbienal\/#website\",\"url\":\"https:\/\/portaleducacao.guarulhos.sp.gov.br\/wp_site\/portalbienal\/\",\"name\":\"Bienal do Livro de Guarulhos - 2024\",\"description\":\"Secretaria de Educa\u00e7\u00e3o - Prefeitura de Guarulhos\",\"publisher\":{\"@id\":\"https:\/\/portaleducacao.guarulhos.sp.gov.br\/wp_site\/portalbienal\/#organization\"},\"potentialAction\":[{\"@type\":\"SearchAction\",\"target\":{\"@type\":\"EntryPoint\",\"urlTemplate\":\"https:\/\/portaleducacao.guarulhos.sp.gov.br\/wp_site\/portalbienal\/?s={search_term_string}\"},\"query-input\":\"required name=search_term_string\"}],\"inLanguage\":\"pt-BR\"},{\"@type\":\"Organization\",\"@id\":\"https:\/\/portaleducacao.guarulhos.sp.gov.br\/wp_site\/portalbienal\/#organization\",\"name\":\"Bienal do Livro de Guarulhos - 2024\",\"url\":\"https:\/\/portaleducacao.guarulhos.sp.gov.br\/wp_site\/portalbienal\/\",\"sameAs\":[],\"logo\":{\"@type\":\"ImageObject\",\"inLanguage\":\"pt-BR\",\"@id\":\"https:\/\/portaleducacao.guarulhos.sp.gov.br\/wp_site\/portalbienal\/#\/schema\/logo\/image\/\",\"url\":\"https:\/\/portaleducacao.guarulhos.sp.gov.br\/wp_site\/portalbienal\/wp-content\/uploads\/sites\/22\/2022\/07\/logo_site.jpg\",\"contentUrl\":\"https:\/\/portaleducacao.guarulhos.sp.gov.br\/wp_site\/portalbienal\/wp-content\/uploads\/sites\/22\/2022\/07\/logo_site.jpg\",\"width\":350,\"height\":100,\"caption\":\"Bienal do Livro de Guarulhos - 2024\"},\"image\":{\"@id\":\"https:\/\/portaleducacao.guarulhos.sp.gov.br\/wp_site\/portalbienal\/#\/schema\/logo\/image\/\"}},{\"@type\":\"Person\",\"@id\":\"https:\/\/portaleducacao.guarulhos.sp.gov.br\/wp_site\/portalbienal\/#\/schema\/person\/10d167c03463551fe7460f988dfc14d7\",\"name\":\"carlavm\",\"image\":{\"@type\":\"ImageObject\",\"inLanguage\":\"pt-BR\",\"@id\":\"https:\/\/portaleducacao.guarulhos.sp.gov.br\/wp_site\/portalbienal\/#\/schema\/person\/image\/\",\"url\":\"https:\/\/secure.gravatar.com\/avatar\/b89c22cab4ed3fb14a431c42dccbd61d?s=96&d=mm&r=g\",\"contentUrl\":\"https:\/\/secure.gravatar.com\/avatar\/b89c22cab4ed3fb14a431c42dccbd61d?s=96&d=mm&r=g\",\"caption\":\"carlavm\"},\"url\":\"https:\/\/portaleducacao.guarulhos.sp.gov.br\/wp_site\/portalbienal\/author\/carlavm\/\"}]}<\/script>\r\n<!-- \/ Yoast SEO plugin. -->","yoast_head_json":{"title":"Espet\u00e1culo da GRU Sinf\u00f4nica marca primeiro dia da 3\u00aa Bienal Internacional do Livro de Guarulhos - Bienal do Livro de Guarulhos - 2024","robots":{"index":"index","follow":"follow","max-snippet":"max-snippet:-1","max-image-preview":"max-image-preview:large","max-video-preview":"max-video-preview:-1"},"canonical":"https:\/\/portaleducacao.guarulhos.sp.gov.br\/wp_site\/portalbienal\/2024\/03\/16\/espetaculo-da-gru-sinfonica-marca-primeiro-dia-da-3a-bienal-internacional-do-livro-de-guarulhos\/","og_locale":"pt_BR","og_type":"article","og_title":"Espet\u00e1culo da GRU Sinf\u00f4nica marca primeiro dia da 3\u00aa Bienal Internacional do Livro de Guarulhos - Bienal do Livro de Guarulhos - 2024","og_description":"Repert\u00f3rio sens\u00edvel e instigante da Orquestra GRU Sinf\u00f4nica, com pe\u00e7as de Antonio Vivaldi e Aram Khachaturian, encantou o p\u00fablico da 3\u00aa Bienal Internacional do Livro de Guarulhos na noite da &hellip; Espet\u00e1culo da GRU Sinf\u00f4nica marca primeiro dia da 3\u00aa Bienal Internacional do Livro de Guarulhos Leia mais &raquo;","og_url":"https:\/\/portaleducacao.guarulhos.sp.gov.br\/wp_site\/portalbienal\/2024\/03\/16\/espetaculo-da-gru-sinfonica-marca-primeiro-dia-da-3a-bienal-internacional-do-livro-de-guarulhos\/","og_site_name":"Bienal do Livro de Guarulhos - 2024","article_published_time":"2024-03-16T17:28:33+00:00","article_modified_time":"2024-03-16T17:28:34+00:00","og_image":[{"width":625,"height":417,"url":"http:\/\/portaleducacao.guarulhos.sp.gov.br\/wp_site\/portalbienal\/wp-content\/uploads\/sites\/22\/2024\/03\/bienal_do_livro_Fabio_Nunes_Teixeira-5-1.jpg","type":"image\/jpeg"}],"author":"carlavm","twitter_card":"summary_large_image","twitter_misc":{"Escrito por":"carlavm","Est. tempo de leitura":"3 minutos"},"schema":{"@context":"https:\/\/schema.org","@graph":[{"@type":"Article","@id":"https:\/\/portaleducacao.guarulhos.sp.gov.br\/wp_site\/portalbienal\/2024\/03\/16\/espetaculo-da-gru-sinfonica-marca-primeiro-dia-da-3a-bienal-internacional-do-livro-de-guarulhos\/#article","isPartOf":{"@id":"https:\/\/portaleducacao.guarulhos.sp.gov.br\/wp_site\/portalbienal\/2024\/03\/16\/espetaculo-da-gru-sinfonica-marca-primeiro-dia-da-3a-bienal-internacional-do-livro-de-guarulhos\/"},"author":{"name":"carlavm","@id":"https:\/\/portaleducacao.guarulhos.sp.gov.br\/wp_site\/portalbienal\/#\/schema\/person\/10d167c03463551fe7460f988dfc14d7"},"headline":"Espet\u00e1culo da GRU Sinf\u00f4nica marca primeiro dia da 3\u00aa Bienal Internacional do Livro de Guarulhos","datePublished":"2024-03-16T17:28:33+00:00","dateModified":"2024-03-16T17:28:34+00:00","mainEntityOfPage":{"@id":"https:\/\/portaleducacao.guarulhos.sp.gov.br\/wp_site\/portalbienal\/2024\/03\/16\/espetaculo-da-gru-sinfonica-marca-primeiro-dia-da-3a-bienal-internacional-do-livro-de-guarulhos\/"},"wordCount":486,"commentCount":0,"publisher":{"@id":"https:\/\/portaleducacao.guarulhos.sp.gov.br\/wp_site\/portalbienal\/#organization"},"articleSection":["2024 Not\u00edcias","Bienal 2024"],"inLanguage":"pt-BR","potentialAction":[{"@type":"CommentAction","name":"Comment","target":["https:\/\/portaleducacao.guarulhos.sp.gov.br\/wp_site\/portalbienal\/2024\/03\/16\/espetaculo-da-gru-sinfonica-marca-primeiro-dia-da-3a-bienal-internacional-do-livro-de-guarulhos\/#respond"]}]},{"@type":"WebPage","@id":"https:\/\/portaleducacao.guarulhos.sp.gov.br\/wp_site\/portalbienal\/2024\/03\/16\/espetaculo-da-gru-sinfonica-marca-primeiro-dia-da-3a-bienal-internacional-do-livro-de-guarulhos\/","url":"https:\/\/portaleducacao.guarulhos.sp.gov.br\/wp_site\/portalbienal\/2024\/03\/16\/espetaculo-da-gru-sinfonica-marca-primeiro-dia-da-3a-bienal-internacional-do-livro-de-guarulhos\/","name":"Espet\u00e1culo da GRU Sinf\u00f4nica marca primeiro dia da 3\u00aa Bienal Internacional do Livro de Guarulhos - Bienal do Livro de Guarulhos - 2024","isPartOf":{"@id":"https:\/\/portaleducacao.guarulhos.sp.gov.br\/wp_site\/portalbienal\/#website"},"datePublished":"2024-03-16T17:28:33+00:00","dateModified":"2024-03-16T17:28:34+00:00","breadcrumb":{"@id":"https:\/\/portaleducacao.guarulhos.sp.gov.br\/wp_site\/portalbienal\/2024\/03\/16\/espetaculo-da-gru-sinfonica-marca-primeiro-dia-da-3a-bienal-internacional-do-livro-de-guarulhos\/#breadcrumb"},"inLanguage":"pt-BR","potentialAction":[{"@type":"ReadAction","target":["https:\/\/portaleducacao.guarulhos.sp.gov.br\/wp_site\/portalbienal\/2024\/03\/16\/espetaculo-da-gru-sinfonica-marca-primeiro-dia-da-3a-bienal-internacional-do-livro-de-guarulhos\/"]}]},{"@type":"BreadcrumbList","@id":"https:\/\/portaleducacao.guarulhos.sp.gov.br\/wp_site\/portalbienal\/2024\/03\/16\/espetaculo-da-gru-sinfonica-marca-primeiro-dia-da-3a-bienal-internacional-do-livro-de-guarulhos\/#breadcrumb","itemListElement":[{"@type":"ListItem","position":1,"name":"In\u00edcio","item":"https:\/\/portaleducacao.guarulhos.sp.gov.br\/wp_site\/portalbienal\/"},{"@type":"ListItem","position":2,"name":"Espet\u00e1culo da GRU Sinf\u00f4nica marca primeiro dia da 3\u00aa Bienal Internacional do Livro de Guarulhos"}]},{"@type":"WebSite","@id":"https:\/\/portaleducacao.guarulhos.sp.gov.br\/wp_site\/portalbienal\/#website","url":"https:\/\/portaleducacao.guarulhos.sp.gov.br\/wp_site\/portalbienal\/","name":"Bienal do Livro de Guarulhos - 2024","description":"Secretaria de Educa\u00e7\u00e3o - Prefeitura de Guarulhos","publisher":{"@id":"https:\/\/portaleducacao.guarulhos.sp.gov.br\/wp_site\/portalbienal\/#organization"},"potentialAction":[{"@type":"SearchAction","target":{"@type":"EntryPoint","urlTemplate":"https:\/\/portaleducacao.guarulhos.sp.gov.br\/wp_site\/portalbienal\/?s={search_term_string}"},"query-input":"required name=search_term_string"}],"inLanguage":"pt-BR"},{"@type":"Organization","@id":"https:\/\/portaleducacao.guarulhos.sp.gov.br\/wp_site\/portalbienal\/#organization","name":"Bienal do Livro de Guarulhos - 2024","url":"https:\/\/portaleducacao.guarulhos.sp.gov.br\/wp_site\/portalbienal\/","sameAs":[],"logo":{"@type":"ImageObject","inLanguage":"pt-BR","@id":"https:\/\/portaleducacao.guarulhos.sp.gov.br\/wp_site\/portalbienal\/#\/schema\/logo\/image\/","url":"https:\/\/portaleducacao.guarulhos.sp.gov.br\/wp_site\/portalbienal\/wp-content\/uploads\/sites\/22\/2022\/07\/logo_site.jpg","contentUrl":"https:\/\/portaleducacao.guarulhos.sp.gov.br\/wp_site\/portalbienal\/wp-content\/uploads\/sites\/22\/2022\/07\/logo_site.jpg","width":350,"height":100,"caption":"Bienal do Livro de Guarulhos - 2024"},"image":{"@id":"https:\/\/portaleducacao.guarulhos.sp.gov.br\/wp_site\/portalbienal\/#\/schema\/logo\/image\/"}},{"@type":"Person","@id":"https:\/\/portaleducacao.guarulhos.sp.gov.br\/wp_site\/portalbienal\/#\/schema\/person\/10d167c03463551fe7460f988dfc14d7","name":"carlavm","image":{"@type":"ImageObject","inLanguage":"pt-BR","@id":"https:\/\/portaleducacao.guarulhos.sp.gov.br\/wp_site\/portalbienal\/#\/schema\/person\/image\/","url":"https:\/\/secure.gravatar.com\/avatar\/b89c22cab4ed3fb14a431c42dccbd61d?s=96&d=mm&r=g","contentUrl":"https:\/\/secure.gravatar.com\/avatar\/b89c22cab4ed3fb14a431c42dccbd61d?s=96&d=mm&r=g","caption":"carlavm"},"url":"https:\/\/portaleducacao.guarulhos.sp.gov.br\/wp_site\/portalbienal\/author\/carlavm\/"}]}},"_links":{"self":[{"href":"https:\/\/portaleducacao.guarulhos.sp.gov.br\/wp_site\/portalbienal\/wp-json\/wp\/v2\/posts\/8956"}],"collection":[{"href":"https:\/\/portaleducacao.guarulhos.sp.gov.br\/wp_site\/portalbienal\/wp-json\/wp\/v2\/posts"}],"about":[{"href":"https:\/\/portaleducacao.guarulhos.sp.gov.br\/wp_site\/portalbienal\/wp-json\/wp\/v2\/types\/post"}],"author":[{"embeddable":true,"href":"https:\/\/portaleducacao.guarulhos.sp.gov.br\/wp_site\/portalbienal\/wp-json\/wp\/v2\/users\/24"}],"replies":[{"embeddable":true,"href":"https:\/\/portaleducacao.guarulhos.sp.gov.br\/wp_site\/portalbienal\/wp-json\/wp\/v2\/comments?post=8956"}],"version-history":[{"count":1,"href":"https:\/\/portaleducacao.guarulhos.sp.gov.br\/wp_site\/portalbienal\/wp-json\/wp\/v2\/posts\/8956\/revisions"}],"predecessor-version":[{"id":8963,"href":"https:\/\/portaleducacao.guarulhos.sp.gov.br\/wp_site\/portalbienal\/wp-json\/wp\/v2\/posts\/8956\/revisions\/8963"}],"wp:featuredmedia":[{"embeddable":true,"href":"https:\/\/portaleducacao.guarulhos.sp.gov.br\/wp_site\/portalbienal\/wp-json\/wp\/v2\/media\/8962"}],"wp:attachment":[{"href":"https:\/\/portaleducacao.guarulhos.sp.gov.br\/wp_site\/portalbienal\/wp-json\/wp\/v2\/media?parent=8956"}],"wp:term":[{"taxonomy":"category","embeddable":true,"href":"https:\/\/portaleducacao.guarulhos.sp.gov.br\/wp_site\/portalbienal\/wp-json\/wp\/v2\/categories?post=8956"},{"taxonomy":"post_tag","embeddable":true,"href":"https:\/\/portaleducacao.guarulhos.sp.gov.br\/wp_site\/portalbienal\/wp-json\/wp\/v2\/tags?post=8956"}],"curies":[{"name":"wp","href":"https:\/\/api.w.org\/{rel}","templated":true}]}}