{"id":8998,"date":"2024-03-17T17:13:20","date_gmt":"2024-03-17T20:13:20","guid":{"rendered":"https:\/\/portaleducacao.guarulhos.sp.gov.br\/wp_site\/portalbienal\/?p=8998"},"modified":"2024-03-17T17:13:21","modified_gmt":"2024-03-17T20:13:21","slug":"primo-pobre-e-um-dos-destaques-da-programacao-desta-segunda-na-bienal-do-livro-de-guarulhos","status":"publish","type":"post","link":"https:\/\/portaleducacao.guarulhos.sp.gov.br\/wp_site\/portalbienal\/2024\/03\/17\/primo-pobre-e-um-dos-destaques-da-programacao-desta-segunda-na-bienal-do-livro-de-guarulhos\/","title":{"rendered":"Primo Pobre \u00e9 um dos destaques da programa\u00e7\u00e3o desta segunda na Bienal do Livro de Guarulhos"},"content":{"rendered":"\n<p>O bate-papo sobre investimentos e organiza\u00e7\u00e3o financeira com o m\u00fasico, educador, escritor Eduardo Feldberg (Primo Pobre) \u00e9 um dos destaques da programa\u00e7\u00e3o desta segunda (18) na Bienal do Livro de Guarulhos. O palestrante recebe o p\u00fablico no Audit\u00f3rio Azul, \u00e0s 20h, para falar de seu primeiro livro Deixe de ser Pobre. Os ingressos remanescentes devem ser adquiridos de forma gratuita pela plataforma Sympla, no endere\u00e7o https:\/\/bienaldolivro.guarulhos.sp.gov.br\/.<\/p>\n\n\n\n<p>Momentos antes do in\u00edcio \u00e9 poss\u00edvel tentar participar da atividade na xepa dos ingressos. Para isso, basta chegar com pelo menos 30 minutos de anteced\u00eancia ao local e aguardar na fila de espera. Em caso de desist\u00eancias a entrada \u00e9 liberada por ordem de chegada at\u00e9 a lota\u00e7\u00e3o m\u00e1xima permitida no audit\u00f3rio. Para crian\u00e7as menores de 3 anos n\u00e3o \u00e9 necess\u00e1rio a retirada de ingressos.<\/p>\n\n\n\n<p><strong><em>Final de semana com grandes atra\u00e7\u00f5es<\/em><\/strong><\/p>\n\n\n\n<p>No \u00faltimo s\u00e1bado (16), o p\u00fablico recebeu o ao cair da tarde para um debate sobre Literatura e consci\u00eancia ecol\u00f3gica para crian\u00e7as. Ainda no s\u00e1bado, o p\u00fablico prestigiou Miguel Falabella, conhecido por sua atua\u00e7\u00e3o no teatro e na televis\u00e3o, e autor de cr\u00f4nicas e livros como A Partilha, Querido Mundo e Outras Pe\u00e7as e Vivendo em Voz Alta, obra que deu nome ao encontro de Falabella com os visitantes da Bienal.<\/p>\n\n\n\n<p>No domingo (17), a atriz, produtora e cronista Denise Fraga trouxe para os visitantes da Bienal encontro sobre o tema Conex\u00f5es humanas.<\/p>\n\n\n\n<p>O p\u00fablico infanto-juvenil tamb\u00e9m viveu momentos de encantamento com As aventuras de Pin\u00f3quio na terra do Cordel, espet\u00e1culo da Companhia AMO Entretenimento, o Show do Bob Zoom com a formiguinha azul e sua turma e O Show da Luna, Ao Vivo!<\/p>\n\n\n\n<p>Maior evento liter\u00e1rio da cidade, a terceira edi\u00e7\u00e3o da Bienal apresenta o tema Guarulhos \u2013 Todo o Mundo Passa por Aqui. O evento segue at\u00e9 o dia 24 de mar\u00e7o e conta com intensa programa\u00e7\u00e3o gratuita, \u00e1rea gamer, lounge interativo, pra\u00e7a de alimenta\u00e7\u00e3o, 40 estandes e tr\u00eas audit\u00f3rios, um universo cultural diverso repleto de experi\u00eancias liter\u00e1rias e imersivas, apresenta\u00e7\u00f5es art\u00edsticas, palestras, interven\u00e7\u00f5es, encontros com autores e exposi\u00e7\u00f5es.<\/p>\n\n\n\n<p>Confira a programa\u00e7\u00e3o completa em <strong><em><a href=\"http:\/\/bienaldolivro.guarulhos.sp.gov.br\" target=\"_blank\" rel=\"noreferrer noopener\">http:\/\/bienaldolivro.guarulhos.sp.gov.br<\/a><\/em><\/strong>. Para obter mais informa\u00e7\u00f5es siga o perfil da Bienal no Instagram: @bienaldolivrogru.<\/p>\n\n\n\n<p>O Espa\u00e7o Inter fica na avenida Jo\u00e3o Cavalari, 133, Vila Herm\u00ednia.<\/p>\n","protected":false},"excerpt":{"rendered":"<p>O bate-papo sobre investimentos e organiza\u00e7\u00e3o financeira com o m\u00fasico, educador, escritor Eduardo Feldberg (Primo Pobre) \u00e9 um dos destaques da programa\u00e7\u00e3o desta segunda (18) na Bienal do Livro de &hellip;<\/p>\n<p class=\"read-more\"> <a class=\"\" href=\"https:\/\/portaleducacao.guarulhos.sp.gov.br\/wp_site\/portalbienal\/2024\/03\/17\/primo-pobre-e-um-dos-destaques-da-programacao-desta-segunda-na-bienal-do-livro-de-guarulhos\/\"> <span class=\"screen-reader-text\">Primo Pobre \u00e9 um dos destaques da programa\u00e7\u00e3o desta segunda na Bienal do Livro de Guarulhos<\/span> Leia mais &raquo;<\/a><\/p>\n","protected":false},"author":24,"featured_media":8999,"comment_status":"open","ping_status":"open","sticky":false,"template":"","format":"standard","meta":{"_monsterinsights_skip_tracking":false,"_monsterinsights_sitenote_active":false,"_monsterinsights_sitenote_note":"","_monsterinsights_sitenote_category":0,"site-sidebar-layout":"default","site-content-layout":"default","ast-global-header-display":"","ast-main-header-display":"","ast-hfb-above-header-display":"","ast-hfb-below-header-display":"","ast-hfb-mobile-header-display":"","site-post-title":"","ast-breadcrumbs-content":"","ast-featured-img":"","footer-sml-layout":"","theme-transparent-header-meta":"","adv-header-id-meta":"","stick-header-meta":"","header-above-stick-meta":"","header-main-stick-meta":"","header-below-stick-meta":"","_expiration-date-status":"","_expiration-date":0,"_expiration-date-type":"","_expiration-date-categories":[],"_expiration-date-options":[]},"categories":[39,40],"tags":[],"yoast_head":"<!-- This site is optimized with the Yoast SEO plugin v19.7.1 - https:\/\/yoast.com\/wordpress\/plugins\/seo\/ -->\r\n<title>Primo Pobre \u00e9 um dos destaques da programa\u00e7\u00e3o desta segunda na Bienal do Livro de Guarulhos - Bienal do Livro de Guarulhos - 2024<\/title>\r\n<meta name=\"robots\" content=\"index, follow, max-snippet:-1, max-image-preview:large, max-video-preview:-1\" \/>\r\n<link rel=\"canonical\" href=\"https:\/\/portaleducacao.guarulhos.sp.gov.br\/wp_site\/portalbienal\/2024\/03\/17\/primo-pobre-e-um-dos-destaques-da-programacao-desta-segunda-na-bienal-do-livro-de-guarulhos\/\" \/>\r\n<meta property=\"og:locale\" content=\"pt_BR\" \/>\r\n<meta property=\"og:type\" content=\"article\" \/>\r\n<meta property=\"og:title\" content=\"Primo Pobre \u00e9 um dos destaques da programa\u00e7\u00e3o desta segunda na Bienal do Livro de Guarulhos - Bienal do Livro de Guarulhos - 2024\" \/>\r\n<meta property=\"og:description\" content=\"O bate-papo sobre investimentos e organiza\u00e7\u00e3o financeira com o m\u00fasico, educador, escritor Eduardo Feldberg (Primo Pobre) \u00e9 um dos destaques da programa\u00e7\u00e3o desta segunda (18) na Bienal do Livro de &hellip; Primo Pobre \u00e9 um dos destaques da programa\u00e7\u00e3o desta segunda na Bienal do Livro de Guarulhos Leia mais &raquo;\" \/>\r\n<meta property=\"og:url\" content=\"https:\/\/portaleducacao.guarulhos.sp.gov.br\/wp_site\/portalbienal\/2024\/03\/17\/primo-pobre-e-um-dos-destaques-da-programacao-desta-segunda-na-bienal-do-livro-de-guarulhos\/\" \/>\r\n<meta property=\"og:site_name\" content=\"Bienal do Livro de Guarulhos - 2024\" \/>\r\n<meta property=\"article:published_time\" content=\"2024-03-17T20:13:20+00:00\" \/>\r\n<meta property=\"article:modified_time\" content=\"2024-03-17T20:13:21+00:00\" \/>\r\n<meta property=\"og:image\" content=\"http:\/\/portaleducacao.guarulhos.sp.gov.br\/wp_site\/portalbienal\/wp-content\/uploads\/sites\/22\/2024\/03\/Primo-Pobre.jpeg\" \/>\r\n\t<meta property=\"og:image:width\" content=\"686\" \/>\r\n\t<meta property=\"og:image:height\" content=\"495\" \/>\r\n\t<meta property=\"og:image:type\" content=\"image\/jpeg\" \/>\r\n<meta name=\"author\" content=\"carlavm\" \/>\r\n<meta name=\"twitter:card\" content=\"summary_large_image\" \/>\r\n<meta name=\"twitter:label1\" content=\"Escrito por\" \/>\n\t<meta name=\"twitter:data1\" content=\"carlavm\" \/>\n\t<meta name=\"twitter:label2\" content=\"Est. tempo de leitura\" \/>\n\t<meta name=\"twitter:data2\" content=\"3 minutos\" \/>\r\n<script type=\"application\/ld+json\" class=\"yoast-schema-graph\">{\"@context\":\"https:\/\/schema.org\",\"@graph\":[{\"@type\":\"Article\",\"@id\":\"https:\/\/portaleducacao.guarulhos.sp.gov.br\/wp_site\/portalbienal\/2024\/03\/17\/primo-pobre-e-um-dos-destaques-da-programacao-desta-segunda-na-bienal-do-livro-de-guarulhos\/#article\",\"isPartOf\":{\"@id\":\"https:\/\/portaleducacao.guarulhos.sp.gov.br\/wp_site\/portalbienal\/2024\/03\/17\/primo-pobre-e-um-dos-destaques-da-programacao-desta-segunda-na-bienal-do-livro-de-guarulhos\/\"},\"author\":{\"name\":\"carlavm\",\"@id\":\"https:\/\/portaleducacao.guarulhos.sp.gov.br\/wp_site\/portalbienal\/#\/schema\/person\/10d167c03463551fe7460f988dfc14d7\"},\"headline\":\"Primo Pobre \u00e9 um dos destaques da programa\u00e7\u00e3o desta segunda na Bienal do Livro de Guarulhos\",\"datePublished\":\"2024-03-17T20:13:20+00:00\",\"dateModified\":\"2024-03-17T20:13:21+00:00\",\"mainEntityOfPage\":{\"@id\":\"https:\/\/portaleducacao.guarulhos.sp.gov.br\/wp_site\/portalbienal\/2024\/03\/17\/primo-pobre-e-um-dos-destaques-da-programacao-desta-segunda-na-bienal-do-livro-de-guarulhos\/\"},\"wordCount\":438,\"commentCount\":0,\"publisher\":{\"@id\":\"https:\/\/portaleducacao.guarulhos.sp.gov.br\/wp_site\/portalbienal\/#organization\"},\"articleSection\":[\"2024 Not\u00edcias\",\"Bienal 2024\"],\"inLanguage\":\"pt-BR\",\"potentialAction\":[{\"@type\":\"CommentAction\",\"name\":\"Comment\",\"target\":[\"https:\/\/portaleducacao.guarulhos.sp.gov.br\/wp_site\/portalbienal\/2024\/03\/17\/primo-pobre-e-um-dos-destaques-da-programacao-desta-segunda-na-bienal-do-livro-de-guarulhos\/#respond\"]}]},{\"@type\":\"WebPage\",\"@id\":\"https:\/\/portaleducacao.guarulhos.sp.gov.br\/wp_site\/portalbienal\/2024\/03\/17\/primo-pobre-e-um-dos-destaques-da-programacao-desta-segunda-na-bienal-do-livro-de-guarulhos\/\",\"url\":\"https:\/\/portaleducacao.guarulhos.sp.gov.br\/wp_site\/portalbienal\/2024\/03\/17\/primo-pobre-e-um-dos-destaques-da-programacao-desta-segunda-na-bienal-do-livro-de-guarulhos\/\",\"name\":\"Primo Pobre \u00e9 um dos destaques da programa\u00e7\u00e3o desta segunda na Bienal do Livro de Guarulhos - Bienal do Livro de Guarulhos - 2024\",\"isPartOf\":{\"@id\":\"https:\/\/portaleducacao.guarulhos.sp.gov.br\/wp_site\/portalbienal\/#website\"},\"datePublished\":\"2024-03-17T20:13:20+00:00\",\"dateModified\":\"2024-03-17T20:13:21+00:00\",\"breadcrumb\":{\"@id\":\"https:\/\/portaleducacao.guarulhos.sp.gov.br\/wp_site\/portalbienal\/2024\/03\/17\/primo-pobre-e-um-dos-destaques-da-programacao-desta-segunda-na-bienal-do-livro-de-guarulhos\/#breadcrumb\"},\"inLanguage\":\"pt-BR\",\"potentialAction\":[{\"@type\":\"ReadAction\",\"target\":[\"https:\/\/portaleducacao.guarulhos.sp.gov.br\/wp_site\/portalbienal\/2024\/03\/17\/primo-pobre-e-um-dos-destaques-da-programacao-desta-segunda-na-bienal-do-livro-de-guarulhos\/\"]}]},{\"@type\":\"BreadcrumbList\",\"@id\":\"https:\/\/portaleducacao.guarulhos.sp.gov.br\/wp_site\/portalbienal\/2024\/03\/17\/primo-pobre-e-um-dos-destaques-da-programacao-desta-segunda-na-bienal-do-livro-de-guarulhos\/#breadcrumb\",\"itemListElement\":[{\"@type\":\"ListItem\",\"position\":1,\"name\":\"In\u00edcio\",\"item\":\"https:\/\/portaleducacao.guarulhos.sp.gov.br\/wp_site\/portalbienal\/\"},{\"@type\":\"ListItem\",\"position\":2,\"name\":\"Primo Pobre \u00e9 um dos destaques da programa\u00e7\u00e3o desta segunda na Bienal do Livro de Guarulhos\"}]},{\"@type\":\"WebSite\",\"@id\":\"https:\/\/portaleducacao.guarulhos.sp.gov.br\/wp_site\/portalbienal\/#website\",\"url\":\"https:\/\/portaleducacao.guarulhos.sp.gov.br\/wp_site\/portalbienal\/\",\"name\":\"Bienal do Livro de Guarulhos - 2024\",\"description\":\"Secretaria de Educa\u00e7\u00e3o - Prefeitura de Guarulhos\",\"publisher\":{\"@id\":\"https:\/\/portaleducacao.guarulhos.sp.gov.br\/wp_site\/portalbienal\/#organization\"},\"potentialAction\":[{\"@type\":\"SearchAction\",\"target\":{\"@type\":\"EntryPoint\",\"urlTemplate\":\"https:\/\/portaleducacao.guarulhos.sp.gov.br\/wp_site\/portalbienal\/?s={search_term_string}\"},\"query-input\":\"required name=search_term_string\"}],\"inLanguage\":\"pt-BR\"},{\"@type\":\"Organization\",\"@id\":\"https:\/\/portaleducacao.guarulhos.sp.gov.br\/wp_site\/portalbienal\/#organization\",\"name\":\"Bienal do Livro de Guarulhos - 2024\",\"url\":\"https:\/\/portaleducacao.guarulhos.sp.gov.br\/wp_site\/portalbienal\/\",\"sameAs\":[],\"logo\":{\"@type\":\"ImageObject\",\"inLanguage\":\"pt-BR\",\"@id\":\"https:\/\/portaleducacao.guarulhos.sp.gov.br\/wp_site\/portalbienal\/#\/schema\/logo\/image\/\",\"url\":\"https:\/\/portaleducacao.guarulhos.sp.gov.br\/wp_site\/portalbienal\/wp-content\/uploads\/sites\/22\/2022\/07\/logo_site.jpg\",\"contentUrl\":\"https:\/\/portaleducacao.guarulhos.sp.gov.br\/wp_site\/portalbienal\/wp-content\/uploads\/sites\/22\/2022\/07\/logo_site.jpg\",\"width\":350,\"height\":100,\"caption\":\"Bienal do Livro de Guarulhos - 2024\"},\"image\":{\"@id\":\"https:\/\/portaleducacao.guarulhos.sp.gov.br\/wp_site\/portalbienal\/#\/schema\/logo\/image\/\"}},{\"@type\":\"Person\",\"@id\":\"https:\/\/portaleducacao.guarulhos.sp.gov.br\/wp_site\/portalbienal\/#\/schema\/person\/10d167c03463551fe7460f988dfc14d7\",\"name\":\"carlavm\",\"image\":{\"@type\":\"ImageObject\",\"inLanguage\":\"pt-BR\",\"@id\":\"https:\/\/portaleducacao.guarulhos.sp.gov.br\/wp_site\/portalbienal\/#\/schema\/person\/image\/\",\"url\":\"https:\/\/secure.gravatar.com\/avatar\/b89c22cab4ed3fb14a431c42dccbd61d?s=96&d=mm&r=g\",\"contentUrl\":\"https:\/\/secure.gravatar.com\/avatar\/b89c22cab4ed3fb14a431c42dccbd61d?s=96&d=mm&r=g\",\"caption\":\"carlavm\"},\"url\":\"https:\/\/portaleducacao.guarulhos.sp.gov.br\/wp_site\/portalbienal\/author\/carlavm\/\"}]}<\/script>\r\n<!-- \/ Yoast SEO plugin. -->","yoast_head_json":{"title":"Primo Pobre \u00e9 um dos destaques da programa\u00e7\u00e3o desta segunda na Bienal do Livro de Guarulhos - Bienal do Livro de Guarulhos - 2024","robots":{"index":"index","follow":"follow","max-snippet":"max-snippet:-1","max-image-preview":"max-image-preview:large","max-video-preview":"max-video-preview:-1"},"canonical":"https:\/\/portaleducacao.guarulhos.sp.gov.br\/wp_site\/portalbienal\/2024\/03\/17\/primo-pobre-e-um-dos-destaques-da-programacao-desta-segunda-na-bienal-do-livro-de-guarulhos\/","og_locale":"pt_BR","og_type":"article","og_title":"Primo Pobre \u00e9 um dos destaques da programa\u00e7\u00e3o desta segunda na Bienal do Livro de Guarulhos - Bienal do Livro de Guarulhos - 2024","og_description":"O bate-papo sobre investimentos e organiza\u00e7\u00e3o financeira com o m\u00fasico, educador, escritor Eduardo Feldberg (Primo Pobre) \u00e9 um dos destaques da programa\u00e7\u00e3o desta segunda (18) na Bienal do Livro de &hellip; Primo Pobre \u00e9 um dos destaques da programa\u00e7\u00e3o desta segunda na Bienal do Livro de Guarulhos Leia mais &raquo;","og_url":"https:\/\/portaleducacao.guarulhos.sp.gov.br\/wp_site\/portalbienal\/2024\/03\/17\/primo-pobre-e-um-dos-destaques-da-programacao-desta-segunda-na-bienal-do-livro-de-guarulhos\/","og_site_name":"Bienal do Livro de Guarulhos - 2024","article_published_time":"2024-03-17T20:13:20+00:00","article_modified_time":"2024-03-17T20:13:21+00:00","og_image":[{"width":686,"height":495,"url":"http:\/\/portaleducacao.guarulhos.sp.gov.br\/wp_site\/portalbienal\/wp-content\/uploads\/sites\/22\/2024\/03\/Primo-Pobre.jpeg","type":"image\/jpeg"}],"author":"carlavm","twitter_card":"summary_large_image","twitter_misc":{"Escrito por":"carlavm","Est. tempo de leitura":"3 minutos"},"schema":{"@context":"https:\/\/schema.org","@graph":[{"@type":"Article","@id":"https:\/\/portaleducacao.guarulhos.sp.gov.br\/wp_site\/portalbienal\/2024\/03\/17\/primo-pobre-e-um-dos-destaques-da-programacao-desta-segunda-na-bienal-do-livro-de-guarulhos\/#article","isPartOf":{"@id":"https:\/\/portaleducacao.guarulhos.sp.gov.br\/wp_site\/portalbienal\/2024\/03\/17\/primo-pobre-e-um-dos-destaques-da-programacao-desta-segunda-na-bienal-do-livro-de-guarulhos\/"},"author":{"name":"carlavm","@id":"https:\/\/portaleducacao.guarulhos.sp.gov.br\/wp_site\/portalbienal\/#\/schema\/person\/10d167c03463551fe7460f988dfc14d7"},"headline":"Primo Pobre \u00e9 um dos destaques da programa\u00e7\u00e3o desta segunda na Bienal do Livro de Guarulhos","datePublished":"2024-03-17T20:13:20+00:00","dateModified":"2024-03-17T20:13:21+00:00","mainEntityOfPage":{"@id":"https:\/\/portaleducacao.guarulhos.sp.gov.br\/wp_site\/portalbienal\/2024\/03\/17\/primo-pobre-e-um-dos-destaques-da-programacao-desta-segunda-na-bienal-do-livro-de-guarulhos\/"},"wordCount":438,"commentCount":0,"publisher":{"@id":"https:\/\/portaleducacao.guarulhos.sp.gov.br\/wp_site\/portalbienal\/#organization"},"articleSection":["2024 Not\u00edcias","Bienal 2024"],"inLanguage":"pt-BR","potentialAction":[{"@type":"CommentAction","name":"Comment","target":["https:\/\/portaleducacao.guarulhos.sp.gov.br\/wp_site\/portalbienal\/2024\/03\/17\/primo-pobre-e-um-dos-destaques-da-programacao-desta-segunda-na-bienal-do-livro-de-guarulhos\/#respond"]}]},{"@type":"WebPage","@id":"https:\/\/portaleducacao.guarulhos.sp.gov.br\/wp_site\/portalbienal\/2024\/03\/17\/primo-pobre-e-um-dos-destaques-da-programacao-desta-segunda-na-bienal-do-livro-de-guarulhos\/","url":"https:\/\/portaleducacao.guarulhos.sp.gov.br\/wp_site\/portalbienal\/2024\/03\/17\/primo-pobre-e-um-dos-destaques-da-programacao-desta-segunda-na-bienal-do-livro-de-guarulhos\/","name":"Primo Pobre \u00e9 um dos destaques da programa\u00e7\u00e3o desta segunda na Bienal do Livro de Guarulhos - Bienal do Livro de Guarulhos - 2024","isPartOf":{"@id":"https:\/\/portaleducacao.guarulhos.sp.gov.br\/wp_site\/portalbienal\/#website"},"datePublished":"2024-03-17T20:13:20+00:00","dateModified":"2024-03-17T20:13:21+00:00","breadcrumb":{"@id":"https:\/\/portaleducacao.guarulhos.sp.gov.br\/wp_site\/portalbienal\/2024\/03\/17\/primo-pobre-e-um-dos-destaques-da-programacao-desta-segunda-na-bienal-do-livro-de-guarulhos\/#breadcrumb"},"inLanguage":"pt-BR","potentialAction":[{"@type":"ReadAction","target":["https:\/\/portaleducacao.guarulhos.sp.gov.br\/wp_site\/portalbienal\/2024\/03\/17\/primo-pobre-e-um-dos-destaques-da-programacao-desta-segunda-na-bienal-do-livro-de-guarulhos\/"]}]},{"@type":"BreadcrumbList","@id":"https:\/\/portaleducacao.guarulhos.sp.gov.br\/wp_site\/portalbienal\/2024\/03\/17\/primo-pobre-e-um-dos-destaques-da-programacao-desta-segunda-na-bienal-do-livro-de-guarulhos\/#breadcrumb","itemListElement":[{"@type":"ListItem","position":1,"name":"In\u00edcio","item":"https:\/\/portaleducacao.guarulhos.sp.gov.br\/wp_site\/portalbienal\/"},{"@type":"ListItem","position":2,"name":"Primo Pobre \u00e9 um dos destaques da programa\u00e7\u00e3o desta segunda na Bienal do Livro de Guarulhos"}]},{"@type":"WebSite","@id":"https:\/\/portaleducacao.guarulhos.sp.gov.br\/wp_site\/portalbienal\/#website","url":"https:\/\/portaleducacao.guarulhos.sp.gov.br\/wp_site\/portalbienal\/","name":"Bienal do Livro de Guarulhos - 2024","description":"Secretaria de Educa\u00e7\u00e3o - Prefeitura de Guarulhos","publisher":{"@id":"https:\/\/portaleducacao.guarulhos.sp.gov.br\/wp_site\/portalbienal\/#organization"},"potentialAction":[{"@type":"SearchAction","target":{"@type":"EntryPoint","urlTemplate":"https:\/\/portaleducacao.guarulhos.sp.gov.br\/wp_site\/portalbienal\/?s={search_term_string}"},"query-input":"required name=search_term_string"}],"inLanguage":"pt-BR"},{"@type":"Organization","@id":"https:\/\/portaleducacao.guarulhos.sp.gov.br\/wp_site\/portalbienal\/#organization","name":"Bienal do Livro de Guarulhos - 2024","url":"https:\/\/portaleducacao.guarulhos.sp.gov.br\/wp_site\/portalbienal\/","sameAs":[],"logo":{"@type":"ImageObject","inLanguage":"pt-BR","@id":"https:\/\/portaleducacao.guarulhos.sp.gov.br\/wp_site\/portalbienal\/#\/schema\/logo\/image\/","url":"https:\/\/portaleducacao.guarulhos.sp.gov.br\/wp_site\/portalbienal\/wp-content\/uploads\/sites\/22\/2022\/07\/logo_site.jpg","contentUrl":"https:\/\/portaleducacao.guarulhos.sp.gov.br\/wp_site\/portalbienal\/wp-content\/uploads\/sites\/22\/2022\/07\/logo_site.jpg","width":350,"height":100,"caption":"Bienal do Livro de Guarulhos - 2024"},"image":{"@id":"https:\/\/portaleducacao.guarulhos.sp.gov.br\/wp_site\/portalbienal\/#\/schema\/logo\/image\/"}},{"@type":"Person","@id":"https:\/\/portaleducacao.guarulhos.sp.gov.br\/wp_site\/portalbienal\/#\/schema\/person\/10d167c03463551fe7460f988dfc14d7","name":"carlavm","image":{"@type":"ImageObject","inLanguage":"pt-BR","@id":"https:\/\/portaleducacao.guarulhos.sp.gov.br\/wp_site\/portalbienal\/#\/schema\/person\/image\/","url":"https:\/\/secure.gravatar.com\/avatar\/b89c22cab4ed3fb14a431c42dccbd61d?s=96&d=mm&r=g","contentUrl":"https:\/\/secure.gravatar.com\/avatar\/b89c22cab4ed3fb14a431c42dccbd61d?s=96&d=mm&r=g","caption":"carlavm"},"url":"https:\/\/portaleducacao.guarulhos.sp.gov.br\/wp_site\/portalbienal\/author\/carlavm\/"}]}},"_links":{"self":[{"href":"https:\/\/portaleducacao.guarulhos.sp.gov.br\/wp_site\/portalbienal\/wp-json\/wp\/v2\/posts\/8998"}],"collection":[{"href":"https:\/\/portaleducacao.guarulhos.sp.gov.br\/wp_site\/portalbienal\/wp-json\/wp\/v2\/posts"}],"about":[{"href":"https:\/\/portaleducacao.guarulhos.sp.gov.br\/wp_site\/portalbienal\/wp-json\/wp\/v2\/types\/post"}],"author":[{"embeddable":true,"href":"https:\/\/portaleducacao.guarulhos.sp.gov.br\/wp_site\/portalbienal\/wp-json\/wp\/v2\/users\/24"}],"replies":[{"embeddable":true,"href":"https:\/\/portaleducacao.guarulhos.sp.gov.br\/wp_site\/portalbienal\/wp-json\/wp\/v2\/comments?post=8998"}],"version-history":[{"count":1,"href":"https:\/\/portaleducacao.guarulhos.sp.gov.br\/wp_site\/portalbienal\/wp-json\/wp\/v2\/posts\/8998\/revisions"}],"predecessor-version":[{"id":9000,"href":"https:\/\/portaleducacao.guarulhos.sp.gov.br\/wp_site\/portalbienal\/wp-json\/wp\/v2\/posts\/8998\/revisions\/9000"}],"wp:featuredmedia":[{"embeddable":true,"href":"https:\/\/portaleducacao.guarulhos.sp.gov.br\/wp_site\/portalbienal\/wp-json\/wp\/v2\/media\/8999"}],"wp:attachment":[{"href":"https:\/\/portaleducacao.guarulhos.sp.gov.br\/wp_site\/portalbienal\/wp-json\/wp\/v2\/media?parent=8998"}],"wp:term":[{"taxonomy":"category","embeddable":true,"href":"https:\/\/portaleducacao.guarulhos.sp.gov.br\/wp_site\/portalbienal\/wp-json\/wp\/v2\/categories?post=8998"},{"taxonomy":"post_tag","embeddable":true,"href":"https:\/\/portaleducacao.guarulhos.sp.gov.br\/wp_site\/portalbienal\/wp-json\/wp\/v2\/tags?post=8998"}],"curies":[{"name":"wp","href":"https:\/\/api.w.org\/{rel}","templated":true}]}}