{"id":9004,"date":"2024-03-17T19:38:41","date_gmt":"2024-03-17T22:38:41","guid":{"rendered":"https:\/\/portaleducacao.guarulhos.sp.gov.br\/wp_site\/portalbienal\/?p=9004"},"modified":"2024-03-17T19:38:42","modified_gmt":"2024-03-17T22:38:42","slug":"denise-fraga-e-o-show-da-luna-agitam-o-domingo-na-bienal-do-livro","status":"publish","type":"post","link":"https:\/\/portaleducacao.guarulhos.sp.gov.br\/wp_site\/portalbienal\/2024\/03\/17\/denise-fraga-e-o-show-da-luna-agitam-o-domingo-na-bienal-do-livro\/","title":{"rendered":"Denise Fraga e O Show da Luna agitam o domingo na Bienal do Livro"},"content":{"rendered":"\n<p>O bate-papo com a atriz, produtora e cronista Denise Fraga e O Show da Luna, Ao Vivo! agitaram o domingo (17), na 3\u00aa Bienal Internacional do Livro de Guarulhos. Muito al\u00e9m da intensa programa\u00e7\u00e3o liter\u00e1ria e da oferta de livros a pre\u00e7os convidativos nos estandes, as fam\u00edlias aproveitaram os jogos imersivos e eletr\u00f4nicos da \u00e1rea gamer, a diversidade gastron\u00f4mica da Pra\u00e7a de Alimenta\u00e7\u00e3o e os encontros com autores e palestrantes.<\/p>\n\n\n\n<p>No in\u00edcio da tarde, o prefeito Guti prestigiou a atra\u00e7\u00e3o infantil, visitou os estandes e corredores da Bienal e conversou com os escritores de Guarulhos na bancada e no estande. \u201cNessa terceira edi\u00e7\u00e3o estamos realizando um evento ainda mais grandioso, repleto de atra\u00e7\u00f5es para as crian\u00e7as e as fam\u00edlias. Mais que fomentar o encontro das pessoas com os livros e seus escritores prediletos, a Bienal do Livro demonstra o quanto a cidade est\u00e1 envolvida e engajada com o livro, a literatura e a produ\u00e7\u00e3o liter\u00e1ria do escritor local\u201d, observou Guti.<\/p>\n\n\n\n<p>No Audit\u00f3rio Azul, Denise Fraga recebeu o p\u00fablico com a palestra Conex\u00f5es Humanas, na qual abordou tem\u00e1ticas relacionadas ao cotidiano e ao modo de vida contempor\u00e2neo. \u201cO evento digital em nossas vidas acelerou todos n\u00f3s de um jeito absurdo, costumo dizer que me sinto um aparelho 110 ligado no 220, e isso me deixa cada vez mais inquieta, porque se de um lado \u00e9 fascinante viver na era em que a internet e a comunica\u00e7\u00e3o digital foram criadas, por outro, nunca nos comunicamos t\u00e3o mal\u201d.<\/p>\n\n\n\n<p>A 3\u00aa Bienal Internacional do Livro de Guarulhos segue at\u00e9 o dia 24 de mar\u00e7o, de segunda a s\u00e1bado, das 10h \u00e0s 22h, e aos domingos das 10h \u00e0s 20h no Espa\u00e7o Inter, na avenida Jo\u00e3o Cavalari, 133, Vila Herm\u00ednia.<\/p>\n\n\n\n<p>Confira a programa\u00e7\u00e3o completa em <a href=\"http:\/\/bienaldolivro.guarulhos.sp.gov.br\" target=\"_blank\" rel=\"noreferrer noopener\"><strong>http:\/\/bienaldolivro.guarulhos.sp.gov.br<\/strong><\/a>. Para obter mais informa\u00e7\u00f5es siga o perfil da Bienal no Instagram: @bienaldolivrogru.<\/p>\n","protected":false},"excerpt":{"rendered":"<p>O bate-papo com a atriz, produtora e cronista Denise Fraga e O Show da Luna, Ao Vivo! agitaram o domingo (17), na 3\u00aa Bienal Internacional do Livro de Guarulhos. Muito &hellip;<\/p>\n<p class=\"read-more\"> <a class=\"\" href=\"https:\/\/portaleducacao.guarulhos.sp.gov.br\/wp_site\/portalbienal\/2024\/03\/17\/denise-fraga-e-o-show-da-luna-agitam-o-domingo-na-bienal-do-livro\/\"> <span class=\"screen-reader-text\">Denise Fraga e O Show da Luna agitam o domingo na Bienal do Livro<\/span> Leia mais &raquo;<\/a><\/p>\n","protected":false},"author":24,"featured_media":9005,"comment_status":"open","ping_status":"open","sticky":true,"template":"","format":"standard","meta":{"_monsterinsights_skip_tracking":false,"_monsterinsights_sitenote_active":false,"_monsterinsights_sitenote_note":"","_monsterinsights_sitenote_category":0,"site-sidebar-layout":"default","site-content-layout":"default","ast-global-header-display":"","ast-main-header-display":"","ast-hfb-above-header-display":"","ast-hfb-below-header-display":"","ast-hfb-mobile-header-display":"","site-post-title":"","ast-breadcrumbs-content":"","ast-featured-img":"","footer-sml-layout":"","theme-transparent-header-meta":"","adv-header-id-meta":"","stick-header-meta":"","header-above-stick-meta":"","header-main-stick-meta":"","header-below-stick-meta":"","_expiration-date-status":"","_expiration-date":0,"_expiration-date-type":"","_expiration-date-categories":[],"_expiration-date-options":[]},"categories":[39,37,40],"tags":[],"yoast_head":"<!-- This site is optimized with the Yoast SEO plugin v19.7.1 - https:\/\/yoast.com\/wordpress\/plugins\/seo\/ -->\r\n<title>Denise Fraga e O Show da Luna agitam o domingo na Bienal do Livro - Bienal do Livro de Guarulhos - 2024<\/title>\r\n<meta name=\"robots\" content=\"index, follow, max-snippet:-1, max-image-preview:large, max-video-preview:-1\" \/>\r\n<link rel=\"canonical\" href=\"https:\/\/portaleducacao.guarulhos.sp.gov.br\/wp_site\/portalbienal\/2024\/03\/17\/denise-fraga-e-o-show-da-luna-agitam-o-domingo-na-bienal-do-livro\/\" \/>\r\n<meta property=\"og:locale\" content=\"pt_BR\" \/>\r\n<meta property=\"og:type\" content=\"article\" \/>\r\n<meta property=\"og:title\" content=\"Denise Fraga e O Show da Luna agitam o domingo na Bienal do Livro - Bienal do Livro de Guarulhos - 2024\" \/>\r\n<meta property=\"og:description\" content=\"O bate-papo com a atriz, produtora e cronista Denise Fraga e O Show da Luna, Ao Vivo! agitaram o domingo (17), na 3\u00aa Bienal Internacional do Livro de Guarulhos. Muito &hellip; Denise Fraga e O Show da Luna agitam o domingo na Bienal do Livro Leia mais &raquo;\" \/>\r\n<meta property=\"og:url\" content=\"https:\/\/portaleducacao.guarulhos.sp.gov.br\/wp_site\/portalbienal\/2024\/03\/17\/denise-fraga-e-o-show-da-luna-agitam-o-domingo-na-bienal-do-livro\/\" \/>\r\n<meta property=\"og:site_name\" content=\"Bienal do Livro de Guarulhos - 2024\" \/>\r\n<meta property=\"article:published_time\" content=\"2024-03-17T22:38:41+00:00\" \/>\r\n<meta property=\"article:modified_time\" content=\"2024-03-17T22:38:42+00:00\" \/>\r\n<meta property=\"og:image\" content=\"http:\/\/portaleducacao.guarulhos.sp.gov.br\/wp_site\/portalbienal\/wp-content\/uploads\/sites\/22\/2024\/03\/WhatsApp-Image-2024-03-17-at-19.24.56.jpeg\" \/>\r\n\t<meta property=\"og:image:width\" content=\"1600\" \/>\r\n\t<meta property=\"og:image:height\" content=\"1066\" \/>\r\n\t<meta property=\"og:image:type\" content=\"image\/jpeg\" \/>\r\n<meta name=\"author\" content=\"carlavm\" \/>\r\n<meta name=\"twitter:card\" content=\"summary_large_image\" \/>\r\n<meta name=\"twitter:label1\" content=\"Escrito por\" \/>\n\t<meta name=\"twitter:data1\" content=\"carlavm\" \/>\n\t<meta name=\"twitter:label2\" content=\"Est. tempo de leitura\" \/>\n\t<meta name=\"twitter:data2\" content=\"2 minutos\" \/>\r\n<script type=\"application\/ld+json\" class=\"yoast-schema-graph\">{\"@context\":\"https:\/\/schema.org\",\"@graph\":[{\"@type\":\"Article\",\"@id\":\"https:\/\/portaleducacao.guarulhos.sp.gov.br\/wp_site\/portalbienal\/2024\/03\/17\/denise-fraga-e-o-show-da-luna-agitam-o-domingo-na-bienal-do-livro\/#article\",\"isPartOf\":{\"@id\":\"https:\/\/portaleducacao.guarulhos.sp.gov.br\/wp_site\/portalbienal\/2024\/03\/17\/denise-fraga-e-o-show-da-luna-agitam-o-domingo-na-bienal-do-livro\/\"},\"author\":{\"name\":\"carlavm\",\"@id\":\"https:\/\/portaleducacao.guarulhos.sp.gov.br\/wp_site\/portalbienal\/#\/schema\/person\/10d167c03463551fe7460f988dfc14d7\"},\"headline\":\"Denise Fraga e O Show da Luna agitam o domingo na Bienal do Livro\",\"datePublished\":\"2024-03-17T22:38:41+00:00\",\"dateModified\":\"2024-03-17T22:38:42+00:00\",\"mainEntityOfPage\":{\"@id\":\"https:\/\/portaleducacao.guarulhos.sp.gov.br\/wp_site\/portalbienal\/2024\/03\/17\/denise-fraga-e-o-show-da-luna-agitam-o-domingo-na-bienal-do-livro\/\"},\"wordCount\":359,\"commentCount\":0,\"publisher\":{\"@id\":\"https:\/\/portaleducacao.guarulhos.sp.gov.br\/wp_site\/portalbienal\/#organization\"},\"articleSection\":[\"2024 Not\u00edcias\",\"2024 P\u00e1gina\",\"Bienal 2024\"],\"inLanguage\":\"pt-BR\",\"potentialAction\":[{\"@type\":\"CommentAction\",\"name\":\"Comment\",\"target\":[\"https:\/\/portaleducacao.guarulhos.sp.gov.br\/wp_site\/portalbienal\/2024\/03\/17\/denise-fraga-e-o-show-da-luna-agitam-o-domingo-na-bienal-do-livro\/#respond\"]}]},{\"@type\":\"WebPage\",\"@id\":\"https:\/\/portaleducacao.guarulhos.sp.gov.br\/wp_site\/portalbienal\/2024\/03\/17\/denise-fraga-e-o-show-da-luna-agitam-o-domingo-na-bienal-do-livro\/\",\"url\":\"https:\/\/portaleducacao.guarulhos.sp.gov.br\/wp_site\/portalbienal\/2024\/03\/17\/denise-fraga-e-o-show-da-luna-agitam-o-domingo-na-bienal-do-livro\/\",\"name\":\"Denise Fraga e O Show da Luna agitam o domingo na Bienal do Livro - Bienal do Livro de Guarulhos - 2024\",\"isPartOf\":{\"@id\":\"https:\/\/portaleducacao.guarulhos.sp.gov.br\/wp_site\/portalbienal\/#website\"},\"datePublished\":\"2024-03-17T22:38:41+00:00\",\"dateModified\":\"2024-03-17T22:38:42+00:00\",\"breadcrumb\":{\"@id\":\"https:\/\/portaleducacao.guarulhos.sp.gov.br\/wp_site\/portalbienal\/2024\/03\/17\/denise-fraga-e-o-show-da-luna-agitam-o-domingo-na-bienal-do-livro\/#breadcrumb\"},\"inLanguage\":\"pt-BR\",\"potentialAction\":[{\"@type\":\"ReadAction\",\"target\":[\"https:\/\/portaleducacao.guarulhos.sp.gov.br\/wp_site\/portalbienal\/2024\/03\/17\/denise-fraga-e-o-show-da-luna-agitam-o-domingo-na-bienal-do-livro\/\"]}]},{\"@type\":\"BreadcrumbList\",\"@id\":\"https:\/\/portaleducacao.guarulhos.sp.gov.br\/wp_site\/portalbienal\/2024\/03\/17\/denise-fraga-e-o-show-da-luna-agitam-o-domingo-na-bienal-do-livro\/#breadcrumb\",\"itemListElement\":[{\"@type\":\"ListItem\",\"position\":1,\"name\":\"In\u00edcio\",\"item\":\"https:\/\/portaleducacao.guarulhos.sp.gov.br\/wp_site\/portalbienal\/\"},{\"@type\":\"ListItem\",\"position\":2,\"name\":\"Denise Fraga e O Show da Luna agitam o domingo na Bienal do Livro\"}]},{\"@type\":\"WebSite\",\"@id\":\"https:\/\/portaleducacao.guarulhos.sp.gov.br\/wp_site\/portalbienal\/#website\",\"url\":\"https:\/\/portaleducacao.guarulhos.sp.gov.br\/wp_site\/portalbienal\/\",\"name\":\"Bienal do Livro de Guarulhos - 2024\",\"description\":\"Secretaria de Educa\u00e7\u00e3o - Prefeitura de Guarulhos\",\"publisher\":{\"@id\":\"https:\/\/portaleducacao.guarulhos.sp.gov.br\/wp_site\/portalbienal\/#organization\"},\"potentialAction\":[{\"@type\":\"SearchAction\",\"target\":{\"@type\":\"EntryPoint\",\"urlTemplate\":\"https:\/\/portaleducacao.guarulhos.sp.gov.br\/wp_site\/portalbienal\/?s={search_term_string}\"},\"query-input\":\"required name=search_term_string\"}],\"inLanguage\":\"pt-BR\"},{\"@type\":\"Organization\",\"@id\":\"https:\/\/portaleducacao.guarulhos.sp.gov.br\/wp_site\/portalbienal\/#organization\",\"name\":\"Bienal do Livro de Guarulhos - 2024\",\"url\":\"https:\/\/portaleducacao.guarulhos.sp.gov.br\/wp_site\/portalbienal\/\",\"sameAs\":[],\"logo\":{\"@type\":\"ImageObject\",\"inLanguage\":\"pt-BR\",\"@id\":\"https:\/\/portaleducacao.guarulhos.sp.gov.br\/wp_site\/portalbienal\/#\/schema\/logo\/image\/\",\"url\":\"https:\/\/portaleducacao.guarulhos.sp.gov.br\/wp_site\/portalbienal\/wp-content\/uploads\/sites\/22\/2022\/07\/logo_site.jpg\",\"contentUrl\":\"https:\/\/portaleducacao.guarulhos.sp.gov.br\/wp_site\/portalbienal\/wp-content\/uploads\/sites\/22\/2022\/07\/logo_site.jpg\",\"width\":350,\"height\":100,\"caption\":\"Bienal do Livro de Guarulhos - 2024\"},\"image\":{\"@id\":\"https:\/\/portaleducacao.guarulhos.sp.gov.br\/wp_site\/portalbienal\/#\/schema\/logo\/image\/\"}},{\"@type\":\"Person\",\"@id\":\"https:\/\/portaleducacao.guarulhos.sp.gov.br\/wp_site\/portalbienal\/#\/schema\/person\/10d167c03463551fe7460f988dfc14d7\",\"name\":\"carlavm\",\"image\":{\"@type\":\"ImageObject\",\"inLanguage\":\"pt-BR\",\"@id\":\"https:\/\/portaleducacao.guarulhos.sp.gov.br\/wp_site\/portalbienal\/#\/schema\/person\/image\/\",\"url\":\"https:\/\/secure.gravatar.com\/avatar\/b89c22cab4ed3fb14a431c42dccbd61d?s=96&d=mm&r=g\",\"contentUrl\":\"https:\/\/secure.gravatar.com\/avatar\/b89c22cab4ed3fb14a431c42dccbd61d?s=96&d=mm&r=g\",\"caption\":\"carlavm\"},\"url\":\"https:\/\/portaleducacao.guarulhos.sp.gov.br\/wp_site\/portalbienal\/author\/carlavm\/\"}]}<\/script>\r\n<!-- \/ Yoast SEO plugin. -->","yoast_head_json":{"title":"Denise Fraga e O Show da Luna agitam o domingo na Bienal do Livro - Bienal do Livro de Guarulhos - 2024","robots":{"index":"index","follow":"follow","max-snippet":"max-snippet:-1","max-image-preview":"max-image-preview:large","max-video-preview":"max-video-preview:-1"},"canonical":"https:\/\/portaleducacao.guarulhos.sp.gov.br\/wp_site\/portalbienal\/2024\/03\/17\/denise-fraga-e-o-show-da-luna-agitam-o-domingo-na-bienal-do-livro\/","og_locale":"pt_BR","og_type":"article","og_title":"Denise Fraga e O Show da Luna agitam o domingo na Bienal do Livro - Bienal do Livro de Guarulhos - 2024","og_description":"O bate-papo com a atriz, produtora e cronista Denise Fraga e O Show da Luna, Ao Vivo! agitaram o domingo (17), na 3\u00aa Bienal Internacional do Livro de Guarulhos. Muito &hellip; Denise Fraga e O Show da Luna agitam o domingo na Bienal do Livro Leia mais &raquo;","og_url":"https:\/\/portaleducacao.guarulhos.sp.gov.br\/wp_site\/portalbienal\/2024\/03\/17\/denise-fraga-e-o-show-da-luna-agitam-o-domingo-na-bienal-do-livro\/","og_site_name":"Bienal do Livro de Guarulhos - 2024","article_published_time":"2024-03-17T22:38:41+00:00","article_modified_time":"2024-03-17T22:38:42+00:00","og_image":[{"width":1600,"height":1066,"url":"http:\/\/portaleducacao.guarulhos.sp.gov.br\/wp_site\/portalbienal\/wp-content\/uploads\/sites\/22\/2024\/03\/WhatsApp-Image-2024-03-17-at-19.24.56.jpeg","type":"image\/jpeg"}],"author":"carlavm","twitter_card":"summary_large_image","twitter_misc":{"Escrito por":"carlavm","Est. tempo de leitura":"2 minutos"},"schema":{"@context":"https:\/\/schema.org","@graph":[{"@type":"Article","@id":"https:\/\/portaleducacao.guarulhos.sp.gov.br\/wp_site\/portalbienal\/2024\/03\/17\/denise-fraga-e-o-show-da-luna-agitam-o-domingo-na-bienal-do-livro\/#article","isPartOf":{"@id":"https:\/\/portaleducacao.guarulhos.sp.gov.br\/wp_site\/portalbienal\/2024\/03\/17\/denise-fraga-e-o-show-da-luna-agitam-o-domingo-na-bienal-do-livro\/"},"author":{"name":"carlavm","@id":"https:\/\/portaleducacao.guarulhos.sp.gov.br\/wp_site\/portalbienal\/#\/schema\/person\/10d167c03463551fe7460f988dfc14d7"},"headline":"Denise Fraga e O Show da Luna agitam o domingo na Bienal do Livro","datePublished":"2024-03-17T22:38:41+00:00","dateModified":"2024-03-17T22:38:42+00:00","mainEntityOfPage":{"@id":"https:\/\/portaleducacao.guarulhos.sp.gov.br\/wp_site\/portalbienal\/2024\/03\/17\/denise-fraga-e-o-show-da-luna-agitam-o-domingo-na-bienal-do-livro\/"},"wordCount":359,"commentCount":0,"publisher":{"@id":"https:\/\/portaleducacao.guarulhos.sp.gov.br\/wp_site\/portalbienal\/#organization"},"articleSection":["2024 Not\u00edcias","2024 P\u00e1gina","Bienal 2024"],"inLanguage":"pt-BR","potentialAction":[{"@type":"CommentAction","name":"Comment","target":["https:\/\/portaleducacao.guarulhos.sp.gov.br\/wp_site\/portalbienal\/2024\/03\/17\/denise-fraga-e-o-show-da-luna-agitam-o-domingo-na-bienal-do-livro\/#respond"]}]},{"@type":"WebPage","@id":"https:\/\/portaleducacao.guarulhos.sp.gov.br\/wp_site\/portalbienal\/2024\/03\/17\/denise-fraga-e-o-show-da-luna-agitam-o-domingo-na-bienal-do-livro\/","url":"https:\/\/portaleducacao.guarulhos.sp.gov.br\/wp_site\/portalbienal\/2024\/03\/17\/denise-fraga-e-o-show-da-luna-agitam-o-domingo-na-bienal-do-livro\/","name":"Denise Fraga e O Show da Luna agitam o domingo na Bienal do Livro - Bienal do Livro de Guarulhos - 2024","isPartOf":{"@id":"https:\/\/portaleducacao.guarulhos.sp.gov.br\/wp_site\/portalbienal\/#website"},"datePublished":"2024-03-17T22:38:41+00:00","dateModified":"2024-03-17T22:38:42+00:00","breadcrumb":{"@id":"https:\/\/portaleducacao.guarulhos.sp.gov.br\/wp_site\/portalbienal\/2024\/03\/17\/denise-fraga-e-o-show-da-luna-agitam-o-domingo-na-bienal-do-livro\/#breadcrumb"},"inLanguage":"pt-BR","potentialAction":[{"@type":"ReadAction","target":["https:\/\/portaleducacao.guarulhos.sp.gov.br\/wp_site\/portalbienal\/2024\/03\/17\/denise-fraga-e-o-show-da-luna-agitam-o-domingo-na-bienal-do-livro\/"]}]},{"@type":"BreadcrumbList","@id":"https:\/\/portaleducacao.guarulhos.sp.gov.br\/wp_site\/portalbienal\/2024\/03\/17\/denise-fraga-e-o-show-da-luna-agitam-o-domingo-na-bienal-do-livro\/#breadcrumb","itemListElement":[{"@type":"ListItem","position":1,"name":"In\u00edcio","item":"https:\/\/portaleducacao.guarulhos.sp.gov.br\/wp_site\/portalbienal\/"},{"@type":"ListItem","position":2,"name":"Denise Fraga e O Show da Luna agitam o domingo na Bienal do Livro"}]},{"@type":"WebSite","@id":"https:\/\/portaleducacao.guarulhos.sp.gov.br\/wp_site\/portalbienal\/#website","url":"https:\/\/portaleducacao.guarulhos.sp.gov.br\/wp_site\/portalbienal\/","name":"Bienal do Livro de Guarulhos - 2024","description":"Secretaria de Educa\u00e7\u00e3o - Prefeitura de Guarulhos","publisher":{"@id":"https:\/\/portaleducacao.guarulhos.sp.gov.br\/wp_site\/portalbienal\/#organization"},"potentialAction":[{"@type":"SearchAction","target":{"@type":"EntryPoint","urlTemplate":"https:\/\/portaleducacao.guarulhos.sp.gov.br\/wp_site\/portalbienal\/?s={search_term_string}"},"query-input":"required name=search_term_string"}],"inLanguage":"pt-BR"},{"@type":"Organization","@id":"https:\/\/portaleducacao.guarulhos.sp.gov.br\/wp_site\/portalbienal\/#organization","name":"Bienal do Livro de Guarulhos - 2024","url":"https:\/\/portaleducacao.guarulhos.sp.gov.br\/wp_site\/portalbienal\/","sameAs":[],"logo":{"@type":"ImageObject","inLanguage":"pt-BR","@id":"https:\/\/portaleducacao.guarulhos.sp.gov.br\/wp_site\/portalbienal\/#\/schema\/logo\/image\/","url":"https:\/\/portaleducacao.guarulhos.sp.gov.br\/wp_site\/portalbienal\/wp-content\/uploads\/sites\/22\/2022\/07\/logo_site.jpg","contentUrl":"https:\/\/portaleducacao.guarulhos.sp.gov.br\/wp_site\/portalbienal\/wp-content\/uploads\/sites\/22\/2022\/07\/logo_site.jpg","width":350,"height":100,"caption":"Bienal do Livro de Guarulhos - 2024"},"image":{"@id":"https:\/\/portaleducacao.guarulhos.sp.gov.br\/wp_site\/portalbienal\/#\/schema\/logo\/image\/"}},{"@type":"Person","@id":"https:\/\/portaleducacao.guarulhos.sp.gov.br\/wp_site\/portalbienal\/#\/schema\/person\/10d167c03463551fe7460f988dfc14d7","name":"carlavm","image":{"@type":"ImageObject","inLanguage":"pt-BR","@id":"https:\/\/portaleducacao.guarulhos.sp.gov.br\/wp_site\/portalbienal\/#\/schema\/person\/image\/","url":"https:\/\/secure.gravatar.com\/avatar\/b89c22cab4ed3fb14a431c42dccbd61d?s=96&d=mm&r=g","contentUrl":"https:\/\/secure.gravatar.com\/avatar\/b89c22cab4ed3fb14a431c42dccbd61d?s=96&d=mm&r=g","caption":"carlavm"},"url":"https:\/\/portaleducacao.guarulhos.sp.gov.br\/wp_site\/portalbienal\/author\/carlavm\/"}]}},"_links":{"self":[{"href":"https:\/\/portaleducacao.guarulhos.sp.gov.br\/wp_site\/portalbienal\/wp-json\/wp\/v2\/posts\/9004"}],"collection":[{"href":"https:\/\/portaleducacao.guarulhos.sp.gov.br\/wp_site\/portalbienal\/wp-json\/wp\/v2\/posts"}],"about":[{"href":"https:\/\/portaleducacao.guarulhos.sp.gov.br\/wp_site\/portalbienal\/wp-json\/wp\/v2\/types\/post"}],"author":[{"embeddable":true,"href":"https:\/\/portaleducacao.guarulhos.sp.gov.br\/wp_site\/portalbienal\/wp-json\/wp\/v2\/users\/24"}],"replies":[{"embeddable":true,"href":"https:\/\/portaleducacao.guarulhos.sp.gov.br\/wp_site\/portalbienal\/wp-json\/wp\/v2\/comments?post=9004"}],"version-history":[{"count":1,"href":"https:\/\/portaleducacao.guarulhos.sp.gov.br\/wp_site\/portalbienal\/wp-json\/wp\/v2\/posts\/9004\/revisions"}],"predecessor-version":[{"id":9006,"href":"https:\/\/portaleducacao.guarulhos.sp.gov.br\/wp_site\/portalbienal\/wp-json\/wp\/v2\/posts\/9004\/revisions\/9006"}],"wp:featuredmedia":[{"embeddable":true,"href":"https:\/\/portaleducacao.guarulhos.sp.gov.br\/wp_site\/portalbienal\/wp-json\/wp\/v2\/media\/9005"}],"wp:attachment":[{"href":"https:\/\/portaleducacao.guarulhos.sp.gov.br\/wp_site\/portalbienal\/wp-json\/wp\/v2\/media?parent=9004"}],"wp:term":[{"taxonomy":"category","embeddable":true,"href":"https:\/\/portaleducacao.guarulhos.sp.gov.br\/wp_site\/portalbienal\/wp-json\/wp\/v2\/categories?post=9004"},{"taxonomy":"post_tag","embeddable":true,"href":"https:\/\/portaleducacao.guarulhos.sp.gov.br\/wp_site\/portalbienal\/wp-json\/wp\/v2\/tags?post=9004"}],"curies":[{"name":"wp","href":"https:\/\/api.w.org\/{rel}","templated":true}]}}