{"id":9026,"date":"2024-03-18T21:34:45","date_gmt":"2024-03-19T00:34:45","guid":{"rendered":"https:\/\/portaleducacao.guarulhos.sp.gov.br\/wp_site\/portalbienal\/?p=9026"},"modified":"2024-03-18T21:34:46","modified_gmt":"2024-03-19T00:34:46","slug":"autores-estrangeiros-lancam-obras-na-3a-bienal-internacional-do-livro-de-guarulhos","status":"publish","type":"post","link":"https:\/\/portaleducacao.guarulhos.sp.gov.br\/wp_site\/portalbienal\/2024\/03\/18\/autores-estrangeiros-lancam-obras-na-3a-bienal-internacional-do-livro-de-guarulhos\/","title":{"rendered":"Autores estrangeiros lan\u00e7am obras na 3\u00aa Bienal Internacional do Livro de Guarulhos"},"content":{"rendered":"\n<p>Autores estrangeiros, as argentinas Alejandra Dubovik, Alejandra Cippittelli e os espanh\u00f3is Isabel Abelleira, \u00c1ngeles Abelleira, Vicente Blanco e Salvador Cidr\u00e1s, lan\u00e7aram obras da \u00e1rea de Educa\u00e7\u00e3o Infantil na 3\u00aa Bienal Internacional do Livro de Guarulhos e reuniram interessados na tem\u00e1tica no longe interativo do Espa\u00e7o Inter.<\/p>\n\n\n\n<p>Vicente Blanco e Salvador Cidr\u00e1s lan\u00e7aram o livro Desenhar o Mundo \u2013 Brincar, criar, compartilhar, no espa\u00e7o Lounge. A obra surge da experi\u00eancia dos autores como artistas e professores de educa\u00e7\u00e3o visual e pl\u00e1stica, na qual examinam a pr\u00e1tica art\u00edstica e educativa do desenho, resultado de pesquisa com crian\u00e7as da educa\u00e7\u00e3o infantil e ensino fundamental.<\/p>\n\n\n\n<p>\u201cO desenho sempre foi a forma como eu me expressava, potencializado em minha casa pelas minhas viv\u00eancias com a natureza\u201d, explicou Vicente Blanco, sobre sua rela\u00e7\u00e3o com o desenho. Salvador Cidr\u00e1s pontuou que ele e Blanco s\u00e3o professores de Artes em uma faculdade de forma\u00e7\u00e3o de docentes, e que fazem uma abordagem tanto a partir da \u00f3tica da est\u00e9tica quanto da Pedagogia. \u201cNo contexto da forma\u00e7\u00e3o de educadores, h\u00e1 uma abordagem similar muito rica para o ensino de Artes, umas vezes acad\u00eamica, e outras numa perspectiva mais te\u00f3rica e pr\u00e1tica, com a qual ampliamos diferentes formas de ensinar\u201d, explicou Cidr\u00e1s.<\/p>\n\n\n\n<p>Isabel e \u00c1ngeles Abelleira lan\u00e7aram Docentes de Infantil \u2013 Luthiers do Futuro, \u00faltima obra de trilogia que joga luz sobre a doc\u00eancia, em como ser e estar na escola num momento t\u00e3o complexo como o atual, em que as dificuldades derivadas dos h\u00e1bitos ou das tend\u00eancias imperantes se somam \u00e0s consequ\u00eancias da crise econ\u00f4mica e social que impacta tanto na vida das crian\u00e7as.<\/p>\n\n\n\n<p>Quando come\u00e7amos a escrever a primeira obra dessa trilogia, n\u00e3o imagin\u00e1vamos que seriam tr\u00eas livros, e em todos eles nos guiamos por met\u00e1foras. Se em Os Fios da Inf\u00e2ncia \u00e9ramos fios e em O Pulsar do Cotidiano de uma Escola da Inf\u00e2ncia \u00e9ramos pulsos, neste lan\u00e7amento elegemos o trabalho do luthier como figura representativa de nossas ideias e fio condutor do nosso discurso\u201d, explicou \u00c1ngeles.<\/p>\n\n\n\n<p>Nesta ter\u00e7a (19), \u00e0s 15h30, Alejandra Dubovik e Alejandra Cippittelli apresentam palestra na qual abordam o trabalho por projetos, no Audit\u00f3rio Azul. As autoras aproveitam a ocasi\u00e3o para lan\u00e7ar Nove Projetos \u2013 o valor do trabalho por projetos, terceiro volume da Cole\u00e7\u00e3o Experi\u00eancias na Educa\u00e7\u00e3o Infantil na qual apresentam a documenta\u00e7\u00e3o pedag\u00f3gica de nove projetos desenvolvidos com alunos do Jard\u00edn Fabulinus (Buenos Aires, Argentina), escola de refer\u00eancia na educa\u00e7\u00e3o da primeira inf\u00e2ncia. Essa atividade requer retirada antecipada de ingresso online pela plataforma Sympla, dispon\u00edvel em https:\/\/bienaldolivro.guarulhos.sp.gov.br\/.&nbsp;<\/p>\n\n\n\n<p>Os visitantes da Bienal do Livro poder\u00e3o encontrar as obras lan\u00e7adas no evento no site da Selecta Livros em https:\/\/www.selectalivros.com.br\/.&nbsp;<\/p>\n\n\n\n<p>A 3\u00aa Bienal Internacional do Livro de Guarulhos segue at\u00e9 o dia 24 de mar\u00e7o, de segunda a s\u00e1bado, das 10h \u00e0s 22h, e aos domingos das 10h \u00e0s 20h no Espa\u00e7o Inter, na avenida Jo\u00e3o Cavalari, 133, Vila Herm\u00ednia.<\/p>\n\n\n\n<p>Confira a programa\u00e7\u00e3o completa em http:\/\/bienaldolivro.guarulhos.sp.gov.br. Para obter mais informa\u00e7\u00f5es siga o perfil da Bienal no Instagram: @bienaldolivrogru.<\/p>\n","protected":false},"excerpt":{"rendered":"<p>Autores estrangeiros, as argentinas Alejandra Dubovik, Alejandra Cippittelli e os espanh\u00f3is Isabel Abelleira, \u00c1ngeles Abelleira, Vicente Blanco e Salvador Cidr\u00e1s, lan\u00e7aram obras da \u00e1rea de Educa\u00e7\u00e3o Infantil na 3\u00aa Bienal &hellip;<\/p>\n<p class=\"read-more\"> <a class=\"\" href=\"https:\/\/portaleducacao.guarulhos.sp.gov.br\/wp_site\/portalbienal\/2024\/03\/18\/autores-estrangeiros-lancam-obras-na-3a-bienal-internacional-do-livro-de-guarulhos\/\"> <span class=\"screen-reader-text\">Autores estrangeiros lan\u00e7am obras na 3\u00aa Bienal Internacional do Livro de Guarulhos<\/span> Leia mais &raquo;<\/a><\/p>\n","protected":false},"author":24,"featured_media":9027,"comment_status":"open","ping_status":"open","sticky":true,"template":"","format":"standard","meta":{"_monsterinsights_skip_tracking":false,"_monsterinsights_sitenote_active":false,"_monsterinsights_sitenote_note":"","_monsterinsights_sitenote_category":0,"site-sidebar-layout":"default","site-content-layout":"default","ast-global-header-display":"","ast-main-header-display":"","ast-hfb-above-header-display":"","ast-hfb-below-header-display":"","ast-hfb-mobile-header-display":"","site-post-title":"","ast-breadcrumbs-content":"","ast-featured-img":"","footer-sml-layout":"","theme-transparent-header-meta":"","adv-header-id-meta":"","stick-header-meta":"","header-above-stick-meta":"","header-main-stick-meta":"","header-below-stick-meta":"","_expiration-date-status":"","_expiration-date":0,"_expiration-date-type":"","_expiration-date-categories":[],"_expiration-date-options":[]},"categories":[39,37,40],"tags":[],"yoast_head":"<!-- This site is optimized with the Yoast SEO plugin v19.7.1 - https:\/\/yoast.com\/wordpress\/plugins\/seo\/ -->\r\n<title>Autores estrangeiros lan\u00e7am obras na 3\u00aa Bienal Internacional do Livro de Guarulhos - Bienal do Livro de Guarulhos - 2024<\/title>\r\n<meta name=\"robots\" content=\"index, follow, max-snippet:-1, max-image-preview:large, max-video-preview:-1\" \/>\r\n<link rel=\"canonical\" href=\"https:\/\/portaleducacao.guarulhos.sp.gov.br\/wp_site\/portalbienal\/2024\/03\/18\/autores-estrangeiros-lancam-obras-na-3a-bienal-internacional-do-livro-de-guarulhos\/\" \/>\r\n<meta property=\"og:locale\" content=\"pt_BR\" \/>\r\n<meta property=\"og:type\" content=\"article\" \/>\r\n<meta property=\"og:title\" content=\"Autores estrangeiros lan\u00e7am obras na 3\u00aa Bienal Internacional do Livro de Guarulhos - Bienal do Livro de Guarulhos - 2024\" \/>\r\n<meta property=\"og:description\" content=\"Autores estrangeiros, as argentinas Alejandra Dubovik, Alejandra Cippittelli e os espanh\u00f3is Isabel Abelleira, \u00c1ngeles Abelleira, Vicente Blanco e Salvador Cidr\u00e1s, lan\u00e7aram obras da \u00e1rea de Educa\u00e7\u00e3o Infantil na 3\u00aa Bienal &hellip; Autores estrangeiros lan\u00e7am obras na 3\u00aa Bienal Internacional do Livro de Guarulhos Leia mais &raquo;\" \/>\r\n<meta property=\"og:url\" content=\"https:\/\/portaleducacao.guarulhos.sp.gov.br\/wp_site\/portalbienal\/2024\/03\/18\/autores-estrangeiros-lancam-obras-na-3a-bienal-internacional-do-livro-de-guarulhos\/\" \/>\r\n<meta property=\"og:site_name\" content=\"Bienal do Livro de Guarulhos - 2024\" \/>\r\n<meta property=\"article:published_time\" content=\"2024-03-19T00:34:45+00:00\" \/>\r\n<meta property=\"article:modified_time\" content=\"2024-03-19T00:34:46+00:00\" \/>\r\n<meta property=\"og:image\" content=\"http:\/\/portaleducacao.guarulhos.sp.gov.br\/wp_site\/portalbienal\/wp-content\/uploads\/sites\/22\/2024\/03\/Autores-estrangeiros-Camila-Rhodes-2.jpeg\" \/>\r\n\t<meta property=\"og:image:width\" content=\"1600\" \/>\r\n\t<meta property=\"og:image:height\" content=\"1066\" \/>\r\n\t<meta property=\"og:image:type\" content=\"image\/jpeg\" \/>\r\n<meta name=\"author\" content=\"carlavm\" \/>\r\n<meta name=\"twitter:card\" content=\"summary_large_image\" \/>\r\n<meta name=\"twitter:label1\" content=\"Escrito por\" \/>\n\t<meta name=\"twitter:data1\" content=\"carlavm\" \/>\n\t<meta name=\"twitter:label2\" content=\"Est. tempo de leitura\" \/>\n\t<meta name=\"twitter:data2\" content=\"3 minutos\" \/>\r\n<script type=\"application\/ld+json\" class=\"yoast-schema-graph\">{\"@context\":\"https:\/\/schema.org\",\"@graph\":[{\"@type\":\"Article\",\"@id\":\"https:\/\/portaleducacao.guarulhos.sp.gov.br\/wp_site\/portalbienal\/2024\/03\/18\/autores-estrangeiros-lancam-obras-na-3a-bienal-internacional-do-livro-de-guarulhos\/#article\",\"isPartOf\":{\"@id\":\"https:\/\/portaleducacao.guarulhos.sp.gov.br\/wp_site\/portalbienal\/2024\/03\/18\/autores-estrangeiros-lancam-obras-na-3a-bienal-internacional-do-livro-de-guarulhos\/\"},\"author\":{\"name\":\"carlavm\",\"@id\":\"https:\/\/portaleducacao.guarulhos.sp.gov.br\/wp_site\/portalbienal\/#\/schema\/person\/10d167c03463551fe7460f988dfc14d7\"},\"headline\":\"Autores estrangeiros lan\u00e7am obras na 3\u00aa Bienal Internacional do Livro de Guarulhos\",\"datePublished\":\"2024-03-19T00:34:45+00:00\",\"dateModified\":\"2024-03-19T00:34:46+00:00\",\"mainEntityOfPage\":{\"@id\":\"https:\/\/portaleducacao.guarulhos.sp.gov.br\/wp_site\/portalbienal\/2024\/03\/18\/autores-estrangeiros-lancam-obras-na-3a-bienal-internacional-do-livro-de-guarulhos\/\"},\"wordCount\":600,\"commentCount\":0,\"publisher\":{\"@id\":\"https:\/\/portaleducacao.guarulhos.sp.gov.br\/wp_site\/portalbienal\/#organization\"},\"articleSection\":[\"2024 Not\u00edcias\",\"2024 P\u00e1gina\",\"Bienal 2024\"],\"inLanguage\":\"pt-BR\",\"potentialAction\":[{\"@type\":\"CommentAction\",\"name\":\"Comment\",\"target\":[\"https:\/\/portaleducacao.guarulhos.sp.gov.br\/wp_site\/portalbienal\/2024\/03\/18\/autores-estrangeiros-lancam-obras-na-3a-bienal-internacional-do-livro-de-guarulhos\/#respond\"]}]},{\"@type\":\"WebPage\",\"@id\":\"https:\/\/portaleducacao.guarulhos.sp.gov.br\/wp_site\/portalbienal\/2024\/03\/18\/autores-estrangeiros-lancam-obras-na-3a-bienal-internacional-do-livro-de-guarulhos\/\",\"url\":\"https:\/\/portaleducacao.guarulhos.sp.gov.br\/wp_site\/portalbienal\/2024\/03\/18\/autores-estrangeiros-lancam-obras-na-3a-bienal-internacional-do-livro-de-guarulhos\/\",\"name\":\"Autores estrangeiros lan\u00e7am obras na 3\u00aa Bienal Internacional do Livro de Guarulhos - Bienal do Livro de Guarulhos - 2024\",\"isPartOf\":{\"@id\":\"https:\/\/portaleducacao.guarulhos.sp.gov.br\/wp_site\/portalbienal\/#website\"},\"datePublished\":\"2024-03-19T00:34:45+00:00\",\"dateModified\":\"2024-03-19T00:34:46+00:00\",\"breadcrumb\":{\"@id\":\"https:\/\/portaleducacao.guarulhos.sp.gov.br\/wp_site\/portalbienal\/2024\/03\/18\/autores-estrangeiros-lancam-obras-na-3a-bienal-internacional-do-livro-de-guarulhos\/#breadcrumb\"},\"inLanguage\":\"pt-BR\",\"potentialAction\":[{\"@type\":\"ReadAction\",\"target\":[\"https:\/\/portaleducacao.guarulhos.sp.gov.br\/wp_site\/portalbienal\/2024\/03\/18\/autores-estrangeiros-lancam-obras-na-3a-bienal-internacional-do-livro-de-guarulhos\/\"]}]},{\"@type\":\"BreadcrumbList\",\"@id\":\"https:\/\/portaleducacao.guarulhos.sp.gov.br\/wp_site\/portalbienal\/2024\/03\/18\/autores-estrangeiros-lancam-obras-na-3a-bienal-internacional-do-livro-de-guarulhos\/#breadcrumb\",\"itemListElement\":[{\"@type\":\"ListItem\",\"position\":1,\"name\":\"In\u00edcio\",\"item\":\"https:\/\/portaleducacao.guarulhos.sp.gov.br\/wp_site\/portalbienal\/\"},{\"@type\":\"ListItem\",\"position\":2,\"name\":\"Autores estrangeiros lan\u00e7am obras na 3\u00aa Bienal Internacional do Livro de Guarulhos\"}]},{\"@type\":\"WebSite\",\"@id\":\"https:\/\/portaleducacao.guarulhos.sp.gov.br\/wp_site\/portalbienal\/#website\",\"url\":\"https:\/\/portaleducacao.guarulhos.sp.gov.br\/wp_site\/portalbienal\/\",\"name\":\"Bienal do Livro de Guarulhos - 2024\",\"description\":\"Secretaria de Educa\u00e7\u00e3o - Prefeitura de Guarulhos\",\"publisher\":{\"@id\":\"https:\/\/portaleducacao.guarulhos.sp.gov.br\/wp_site\/portalbienal\/#organization\"},\"potentialAction\":[{\"@type\":\"SearchAction\",\"target\":{\"@type\":\"EntryPoint\",\"urlTemplate\":\"https:\/\/portaleducacao.guarulhos.sp.gov.br\/wp_site\/portalbienal\/?s={search_term_string}\"},\"query-input\":\"required name=search_term_string\"}],\"inLanguage\":\"pt-BR\"},{\"@type\":\"Organization\",\"@id\":\"https:\/\/portaleducacao.guarulhos.sp.gov.br\/wp_site\/portalbienal\/#organization\",\"name\":\"Bienal do Livro de Guarulhos - 2024\",\"url\":\"https:\/\/portaleducacao.guarulhos.sp.gov.br\/wp_site\/portalbienal\/\",\"sameAs\":[],\"logo\":{\"@type\":\"ImageObject\",\"inLanguage\":\"pt-BR\",\"@id\":\"https:\/\/portaleducacao.guarulhos.sp.gov.br\/wp_site\/portalbienal\/#\/schema\/logo\/image\/\",\"url\":\"https:\/\/portaleducacao.guarulhos.sp.gov.br\/wp_site\/portalbienal\/wp-content\/uploads\/sites\/22\/2022\/07\/logo_site.jpg\",\"contentUrl\":\"https:\/\/portaleducacao.guarulhos.sp.gov.br\/wp_site\/portalbienal\/wp-content\/uploads\/sites\/22\/2022\/07\/logo_site.jpg\",\"width\":350,\"height\":100,\"caption\":\"Bienal do Livro de Guarulhos - 2024\"},\"image\":{\"@id\":\"https:\/\/portaleducacao.guarulhos.sp.gov.br\/wp_site\/portalbienal\/#\/schema\/logo\/image\/\"}},{\"@type\":\"Person\",\"@id\":\"https:\/\/portaleducacao.guarulhos.sp.gov.br\/wp_site\/portalbienal\/#\/schema\/person\/10d167c03463551fe7460f988dfc14d7\",\"name\":\"carlavm\",\"image\":{\"@type\":\"ImageObject\",\"inLanguage\":\"pt-BR\",\"@id\":\"https:\/\/portaleducacao.guarulhos.sp.gov.br\/wp_site\/portalbienal\/#\/schema\/person\/image\/\",\"url\":\"https:\/\/secure.gravatar.com\/avatar\/b89c22cab4ed3fb14a431c42dccbd61d?s=96&d=mm&r=g\",\"contentUrl\":\"https:\/\/secure.gravatar.com\/avatar\/b89c22cab4ed3fb14a431c42dccbd61d?s=96&d=mm&r=g\",\"caption\":\"carlavm\"},\"url\":\"https:\/\/portaleducacao.guarulhos.sp.gov.br\/wp_site\/portalbienal\/author\/carlavm\/\"}]}<\/script>\r\n<!-- \/ Yoast SEO plugin. -->","yoast_head_json":{"title":"Autores estrangeiros lan\u00e7am obras na 3\u00aa Bienal Internacional do Livro de Guarulhos - Bienal do Livro de Guarulhos - 2024","robots":{"index":"index","follow":"follow","max-snippet":"max-snippet:-1","max-image-preview":"max-image-preview:large","max-video-preview":"max-video-preview:-1"},"canonical":"https:\/\/portaleducacao.guarulhos.sp.gov.br\/wp_site\/portalbienal\/2024\/03\/18\/autores-estrangeiros-lancam-obras-na-3a-bienal-internacional-do-livro-de-guarulhos\/","og_locale":"pt_BR","og_type":"article","og_title":"Autores estrangeiros lan\u00e7am obras na 3\u00aa Bienal Internacional do Livro de Guarulhos - Bienal do Livro de Guarulhos - 2024","og_description":"Autores estrangeiros, as argentinas Alejandra Dubovik, Alejandra Cippittelli e os espanh\u00f3is Isabel Abelleira, \u00c1ngeles Abelleira, Vicente Blanco e Salvador Cidr\u00e1s, lan\u00e7aram obras da \u00e1rea de Educa\u00e7\u00e3o Infantil na 3\u00aa Bienal &hellip; Autores estrangeiros lan\u00e7am obras na 3\u00aa Bienal Internacional do Livro de Guarulhos Leia mais &raquo;","og_url":"https:\/\/portaleducacao.guarulhos.sp.gov.br\/wp_site\/portalbienal\/2024\/03\/18\/autores-estrangeiros-lancam-obras-na-3a-bienal-internacional-do-livro-de-guarulhos\/","og_site_name":"Bienal do Livro de Guarulhos - 2024","article_published_time":"2024-03-19T00:34:45+00:00","article_modified_time":"2024-03-19T00:34:46+00:00","og_image":[{"width":1600,"height":1066,"url":"http:\/\/portaleducacao.guarulhos.sp.gov.br\/wp_site\/portalbienal\/wp-content\/uploads\/sites\/22\/2024\/03\/Autores-estrangeiros-Camila-Rhodes-2.jpeg","type":"image\/jpeg"}],"author":"carlavm","twitter_card":"summary_large_image","twitter_misc":{"Escrito por":"carlavm","Est. tempo de leitura":"3 minutos"},"schema":{"@context":"https:\/\/schema.org","@graph":[{"@type":"Article","@id":"https:\/\/portaleducacao.guarulhos.sp.gov.br\/wp_site\/portalbienal\/2024\/03\/18\/autores-estrangeiros-lancam-obras-na-3a-bienal-internacional-do-livro-de-guarulhos\/#article","isPartOf":{"@id":"https:\/\/portaleducacao.guarulhos.sp.gov.br\/wp_site\/portalbienal\/2024\/03\/18\/autores-estrangeiros-lancam-obras-na-3a-bienal-internacional-do-livro-de-guarulhos\/"},"author":{"name":"carlavm","@id":"https:\/\/portaleducacao.guarulhos.sp.gov.br\/wp_site\/portalbienal\/#\/schema\/person\/10d167c03463551fe7460f988dfc14d7"},"headline":"Autores estrangeiros lan\u00e7am obras na 3\u00aa Bienal Internacional do Livro de Guarulhos","datePublished":"2024-03-19T00:34:45+00:00","dateModified":"2024-03-19T00:34:46+00:00","mainEntityOfPage":{"@id":"https:\/\/portaleducacao.guarulhos.sp.gov.br\/wp_site\/portalbienal\/2024\/03\/18\/autores-estrangeiros-lancam-obras-na-3a-bienal-internacional-do-livro-de-guarulhos\/"},"wordCount":600,"commentCount":0,"publisher":{"@id":"https:\/\/portaleducacao.guarulhos.sp.gov.br\/wp_site\/portalbienal\/#organization"},"articleSection":["2024 Not\u00edcias","2024 P\u00e1gina","Bienal 2024"],"inLanguage":"pt-BR","potentialAction":[{"@type":"CommentAction","name":"Comment","target":["https:\/\/portaleducacao.guarulhos.sp.gov.br\/wp_site\/portalbienal\/2024\/03\/18\/autores-estrangeiros-lancam-obras-na-3a-bienal-internacional-do-livro-de-guarulhos\/#respond"]}]},{"@type":"WebPage","@id":"https:\/\/portaleducacao.guarulhos.sp.gov.br\/wp_site\/portalbienal\/2024\/03\/18\/autores-estrangeiros-lancam-obras-na-3a-bienal-internacional-do-livro-de-guarulhos\/","url":"https:\/\/portaleducacao.guarulhos.sp.gov.br\/wp_site\/portalbienal\/2024\/03\/18\/autores-estrangeiros-lancam-obras-na-3a-bienal-internacional-do-livro-de-guarulhos\/","name":"Autores estrangeiros lan\u00e7am obras na 3\u00aa Bienal Internacional do Livro de Guarulhos - Bienal do Livro de Guarulhos - 2024","isPartOf":{"@id":"https:\/\/portaleducacao.guarulhos.sp.gov.br\/wp_site\/portalbienal\/#website"},"datePublished":"2024-03-19T00:34:45+00:00","dateModified":"2024-03-19T00:34:46+00:00","breadcrumb":{"@id":"https:\/\/portaleducacao.guarulhos.sp.gov.br\/wp_site\/portalbienal\/2024\/03\/18\/autores-estrangeiros-lancam-obras-na-3a-bienal-internacional-do-livro-de-guarulhos\/#breadcrumb"},"inLanguage":"pt-BR","potentialAction":[{"@type":"ReadAction","target":["https:\/\/portaleducacao.guarulhos.sp.gov.br\/wp_site\/portalbienal\/2024\/03\/18\/autores-estrangeiros-lancam-obras-na-3a-bienal-internacional-do-livro-de-guarulhos\/"]}]},{"@type":"BreadcrumbList","@id":"https:\/\/portaleducacao.guarulhos.sp.gov.br\/wp_site\/portalbienal\/2024\/03\/18\/autores-estrangeiros-lancam-obras-na-3a-bienal-internacional-do-livro-de-guarulhos\/#breadcrumb","itemListElement":[{"@type":"ListItem","position":1,"name":"In\u00edcio","item":"https:\/\/portaleducacao.guarulhos.sp.gov.br\/wp_site\/portalbienal\/"},{"@type":"ListItem","position":2,"name":"Autores estrangeiros lan\u00e7am obras na 3\u00aa Bienal Internacional do Livro de Guarulhos"}]},{"@type":"WebSite","@id":"https:\/\/portaleducacao.guarulhos.sp.gov.br\/wp_site\/portalbienal\/#website","url":"https:\/\/portaleducacao.guarulhos.sp.gov.br\/wp_site\/portalbienal\/","name":"Bienal do Livro de Guarulhos - 2024","description":"Secretaria de Educa\u00e7\u00e3o - Prefeitura de Guarulhos","publisher":{"@id":"https:\/\/portaleducacao.guarulhos.sp.gov.br\/wp_site\/portalbienal\/#organization"},"potentialAction":[{"@type":"SearchAction","target":{"@type":"EntryPoint","urlTemplate":"https:\/\/portaleducacao.guarulhos.sp.gov.br\/wp_site\/portalbienal\/?s={search_term_string}"},"query-input":"required name=search_term_string"}],"inLanguage":"pt-BR"},{"@type":"Organization","@id":"https:\/\/portaleducacao.guarulhos.sp.gov.br\/wp_site\/portalbienal\/#organization","name":"Bienal do Livro de Guarulhos - 2024","url":"https:\/\/portaleducacao.guarulhos.sp.gov.br\/wp_site\/portalbienal\/","sameAs":[],"logo":{"@type":"ImageObject","inLanguage":"pt-BR","@id":"https:\/\/portaleducacao.guarulhos.sp.gov.br\/wp_site\/portalbienal\/#\/schema\/logo\/image\/","url":"https:\/\/portaleducacao.guarulhos.sp.gov.br\/wp_site\/portalbienal\/wp-content\/uploads\/sites\/22\/2022\/07\/logo_site.jpg","contentUrl":"https:\/\/portaleducacao.guarulhos.sp.gov.br\/wp_site\/portalbienal\/wp-content\/uploads\/sites\/22\/2022\/07\/logo_site.jpg","width":350,"height":100,"caption":"Bienal do Livro de Guarulhos - 2024"},"image":{"@id":"https:\/\/portaleducacao.guarulhos.sp.gov.br\/wp_site\/portalbienal\/#\/schema\/logo\/image\/"}},{"@type":"Person","@id":"https:\/\/portaleducacao.guarulhos.sp.gov.br\/wp_site\/portalbienal\/#\/schema\/person\/10d167c03463551fe7460f988dfc14d7","name":"carlavm","image":{"@type":"ImageObject","inLanguage":"pt-BR","@id":"https:\/\/portaleducacao.guarulhos.sp.gov.br\/wp_site\/portalbienal\/#\/schema\/person\/image\/","url":"https:\/\/secure.gravatar.com\/avatar\/b89c22cab4ed3fb14a431c42dccbd61d?s=96&d=mm&r=g","contentUrl":"https:\/\/secure.gravatar.com\/avatar\/b89c22cab4ed3fb14a431c42dccbd61d?s=96&d=mm&r=g","caption":"carlavm"},"url":"https:\/\/portaleducacao.guarulhos.sp.gov.br\/wp_site\/portalbienal\/author\/carlavm\/"}]}},"_links":{"self":[{"href":"https:\/\/portaleducacao.guarulhos.sp.gov.br\/wp_site\/portalbienal\/wp-json\/wp\/v2\/posts\/9026"}],"collection":[{"href":"https:\/\/portaleducacao.guarulhos.sp.gov.br\/wp_site\/portalbienal\/wp-json\/wp\/v2\/posts"}],"about":[{"href":"https:\/\/portaleducacao.guarulhos.sp.gov.br\/wp_site\/portalbienal\/wp-json\/wp\/v2\/types\/post"}],"author":[{"embeddable":true,"href":"https:\/\/portaleducacao.guarulhos.sp.gov.br\/wp_site\/portalbienal\/wp-json\/wp\/v2\/users\/24"}],"replies":[{"embeddable":true,"href":"https:\/\/portaleducacao.guarulhos.sp.gov.br\/wp_site\/portalbienal\/wp-json\/wp\/v2\/comments?post=9026"}],"version-history":[{"count":1,"href":"https:\/\/portaleducacao.guarulhos.sp.gov.br\/wp_site\/portalbienal\/wp-json\/wp\/v2\/posts\/9026\/revisions"}],"predecessor-version":[{"id":9028,"href":"https:\/\/portaleducacao.guarulhos.sp.gov.br\/wp_site\/portalbienal\/wp-json\/wp\/v2\/posts\/9026\/revisions\/9028"}],"wp:featuredmedia":[{"embeddable":true,"href":"https:\/\/portaleducacao.guarulhos.sp.gov.br\/wp_site\/portalbienal\/wp-json\/wp\/v2\/media\/9027"}],"wp:attachment":[{"href":"https:\/\/portaleducacao.guarulhos.sp.gov.br\/wp_site\/portalbienal\/wp-json\/wp\/v2\/media?parent=9026"}],"wp:term":[{"taxonomy":"category","embeddable":true,"href":"https:\/\/portaleducacao.guarulhos.sp.gov.br\/wp_site\/portalbienal\/wp-json\/wp\/v2\/categories?post=9026"},{"taxonomy":"post_tag","embeddable":true,"href":"https:\/\/portaleducacao.guarulhos.sp.gov.br\/wp_site\/portalbienal\/wp-json\/wp\/v2\/tags?post=9026"}],"curies":[{"name":"wp","href":"https:\/\/api.w.org\/{rel}","templated":true}]}}