{"id":9079,"date":"2024-03-20T17:21:06","date_gmt":"2024-03-20T20:21:06","guid":{"rendered":"https:\/\/portaleducacao.guarulhos.sp.gov.br\/wp_site\/portalbienal\/?p=9079"},"modified":"2024-03-20T17:21:07","modified_gmt":"2024-03-20T20:21:07","slug":"rodrigo-franca-lanca-livro-com-tematica-antirracista","status":"publish","type":"post","link":"https:\/\/portaleducacao.guarulhos.sp.gov.br\/wp_site\/portalbienal\/2024\/03\/20\/rodrigo-franca-lanca-livro-com-tematica-antirracista\/","title":{"rendered":"Rodrigo Fran\u00e7a lan\u00e7a livro com tem\u00e1tica antirracista"},"content":{"rendered":"\n<p>A 3\u00aa Bienal Internacional do Livro de Guarulhos segue no Espa\u00e7o Inter nesta quinta-feira (21), com lan\u00e7amento de livro e bate-papo com tem\u00e1tica antirracista. At\u00e9 o encerramento da Bienal novos lotes de ingressos gratuitos estar\u00e3o dispon\u00edveis no site https:\/\/bienaldolivro.guarulhos.sp.gov.br sempre a partir das 8h, na data de cada atividade.<\/p>\n\n\n\n<p>O dramaturgo, ator, diretor, soci\u00f3logo, fil\u00f3sofo e escritor dos livros O Pequeno Pr\u00edncipe Preto e O Pequeno Pr\u00edncipe Preto para Pequenos, Rodrigo Fran\u00e7a, conversa com o p\u00fablico do Audit\u00f3rio Azul \u00e0s 20h. O evento marca ainda o lan\u00e7amento do livro O Menino e Sua \u00c1rvore, obra que fala de ancestralidade, autoestima e valoriza\u00e7\u00e3o da hist\u00f3ria e culturas afro-brasileira e africana.<\/p>\n\n\n\n<p>Com ilustra\u00e7\u00f5es de Vanessa Ferreira O livro conta a hist\u00f3ria de Sol, um menino alegre e muito especial, porque sua bisav\u00f3 \u00e9 uma \u00e1rvore de 150 anos. Seus colegas de escola n\u00e3o entendem isso e fazem piada, mas ele sabe que \u00e9 preciso ter ra\u00edzes fortes para crescer bem, dar bons frutos e uma sombra doce e agrad\u00e1vel.&nbsp;&nbsp;<\/p>\n\n\n\n<p>No novo livro, Fran\u00e7a fala sobre a import\u00e2ncia da ancestralidade, de reverenciar a sabedoria dos mais velhos, do acolhimento da fam\u00edlia e do amor que nos faz sentir confiantes e orgulhosos das nossas origens.<\/p>\n\n\n\n<p>Confira a programa\u00e7\u00e3o completa do evento em&nbsp;<strong><em><a href=\"http:\/\/bienaldolivro.guarulhos.sp.gov.br\/\" target=\"_blank\" rel=\"noreferrer noopener\">http:\/\/bienaldolivro.guarulhos.sp.gov.br<\/a><\/em><\/strong>. Para obter mais informa\u00e7\u00f5es siga o perfil da Bienal no Instagram: @bienaldolivrogru.<\/p>\n\n\n\n<p>O Espa\u00e7o Inter fica na avenida Jo\u00e3o Cavalari, 133, Vila Herm\u00ednia.<\/p>\n","protected":false},"excerpt":{"rendered":"<p>A 3\u00aa Bienal Internacional do Livro de Guarulhos segue no Espa\u00e7o Inter nesta quinta-feira (21), com lan\u00e7amento de livro e bate-papo com tem\u00e1tica antirracista. At\u00e9 o encerramento da Bienal novos &hellip;<\/p>\n<p class=\"read-more\"> <a class=\"\" href=\"https:\/\/portaleducacao.guarulhos.sp.gov.br\/wp_site\/portalbienal\/2024\/03\/20\/rodrigo-franca-lanca-livro-com-tematica-antirracista\/\"> <span class=\"screen-reader-text\">Rodrigo Fran\u00e7a lan\u00e7a livro com tem\u00e1tica antirracista<\/span> Leia mais &raquo;<\/a><\/p>\n","protected":false},"author":24,"featured_media":9080,"comment_status":"open","ping_status":"open","sticky":true,"template":"","format":"standard","meta":{"_monsterinsights_skip_tracking":false,"_monsterinsights_sitenote_active":false,"_monsterinsights_sitenote_note":"","_monsterinsights_sitenote_category":0,"site-sidebar-layout":"default","site-content-layout":"default","ast-global-header-display":"","ast-main-header-display":"","ast-hfb-above-header-display":"","ast-hfb-below-header-display":"","ast-hfb-mobile-header-display":"","site-post-title":"","ast-breadcrumbs-content":"","ast-featured-img":"","footer-sml-layout":"","theme-transparent-header-meta":"","adv-header-id-meta":"","stick-header-meta":"","header-above-stick-meta":"","header-main-stick-meta":"","header-below-stick-meta":"","_expiration-date-status":"","_expiration-date":0,"_expiration-date-type":"","_expiration-date-categories":[],"_expiration-date-options":[]},"categories":[39,37,40],"tags":[],"yoast_head":"<!-- This site is optimized with the Yoast SEO plugin v19.7.1 - https:\/\/yoast.com\/wordpress\/plugins\/seo\/ -->\r\n<title>Rodrigo Fran\u00e7a lan\u00e7a livro com tem\u00e1tica antirracista - Bienal do Livro de Guarulhos - 2024<\/title>\r\n<meta name=\"robots\" content=\"index, follow, max-snippet:-1, max-image-preview:large, max-video-preview:-1\" \/>\r\n<link rel=\"canonical\" href=\"https:\/\/portaleducacao.guarulhos.sp.gov.br\/wp_site\/portalbienal\/2024\/03\/20\/rodrigo-franca-lanca-livro-com-tematica-antirracista\/\" \/>\r\n<meta property=\"og:locale\" content=\"pt_BR\" \/>\r\n<meta property=\"og:type\" content=\"article\" \/>\r\n<meta property=\"og:title\" content=\"Rodrigo Fran\u00e7a lan\u00e7a livro com tem\u00e1tica antirracista - Bienal do Livro de Guarulhos - 2024\" \/>\r\n<meta property=\"og:description\" content=\"A 3\u00aa Bienal Internacional do Livro de Guarulhos segue no Espa\u00e7o Inter nesta quinta-feira (21), com lan\u00e7amento de livro e bate-papo com tem\u00e1tica antirracista. At\u00e9 o encerramento da Bienal novos &hellip; Rodrigo Fran\u00e7a lan\u00e7a livro com tem\u00e1tica antirracista Leia mais &raquo;\" \/>\r\n<meta property=\"og:url\" content=\"https:\/\/portaleducacao.guarulhos.sp.gov.br\/wp_site\/portalbienal\/2024\/03\/20\/rodrigo-franca-lanca-livro-com-tematica-antirracista\/\" \/>\r\n<meta property=\"og:site_name\" content=\"Bienal do Livro de Guarulhos - 2024\" \/>\r\n<meta property=\"article:published_time\" content=\"2024-03-20T20:21:06+00:00\" \/>\r\n<meta property=\"article:modified_time\" content=\"2024-03-20T20:21:07+00:00\" \/>\r\n<meta property=\"og:image\" content=\"http:\/\/portaleducacao.guarulhos.sp.gov.br\/wp_site\/portalbienal\/wp-content\/uploads\/sites\/22\/2024\/03\/Divulgacao.jpeg\" \/>\r\n\t<meta property=\"og:image:width\" content=\"1600\" \/>\r\n\t<meta property=\"og:image:height\" content=\"1109\" \/>\r\n\t<meta property=\"og:image:type\" content=\"image\/jpeg\" \/>\r\n<meta name=\"author\" content=\"carlavm\" \/>\r\n<meta name=\"twitter:card\" content=\"summary_large_image\" \/>\r\n<meta name=\"twitter:label1\" content=\"Escrito por\" \/>\n\t<meta name=\"twitter:data1\" content=\"carlavm\" \/>\n\t<meta name=\"twitter:label2\" content=\"Est. tempo de leitura\" \/>\n\t<meta name=\"twitter:data2\" content=\"2 minutos\" \/>\r\n<script type=\"application\/ld+json\" class=\"yoast-schema-graph\">{\"@context\":\"https:\/\/schema.org\",\"@graph\":[{\"@type\":\"Article\",\"@id\":\"https:\/\/portaleducacao.guarulhos.sp.gov.br\/wp_site\/portalbienal\/2024\/03\/20\/rodrigo-franca-lanca-livro-com-tematica-antirracista\/#article\",\"isPartOf\":{\"@id\":\"https:\/\/portaleducacao.guarulhos.sp.gov.br\/wp_site\/portalbienal\/2024\/03\/20\/rodrigo-franca-lanca-livro-com-tematica-antirracista\/\"},\"author\":{\"name\":\"carlavm\",\"@id\":\"https:\/\/portaleducacao.guarulhos.sp.gov.br\/wp_site\/portalbienal\/#\/schema\/person\/10d167c03463551fe7460f988dfc14d7\"},\"headline\":\"Rodrigo Fran\u00e7a lan\u00e7a livro com tem\u00e1tica antirracista\",\"datePublished\":\"2024-03-20T20:21:06+00:00\",\"dateModified\":\"2024-03-20T20:21:07+00:00\",\"mainEntityOfPage\":{\"@id\":\"https:\/\/portaleducacao.guarulhos.sp.gov.br\/wp_site\/portalbienal\/2024\/03\/20\/rodrigo-franca-lanca-livro-com-tematica-antirracista\/\"},\"wordCount\":284,\"commentCount\":0,\"publisher\":{\"@id\":\"https:\/\/portaleducacao.guarulhos.sp.gov.br\/wp_site\/portalbienal\/#organization\"},\"articleSection\":[\"2024 Not\u00edcias\",\"2024 P\u00e1gina\",\"Bienal 2024\"],\"inLanguage\":\"pt-BR\",\"potentialAction\":[{\"@type\":\"CommentAction\",\"name\":\"Comment\",\"target\":[\"https:\/\/portaleducacao.guarulhos.sp.gov.br\/wp_site\/portalbienal\/2024\/03\/20\/rodrigo-franca-lanca-livro-com-tematica-antirracista\/#respond\"]}]},{\"@type\":\"WebPage\",\"@id\":\"https:\/\/portaleducacao.guarulhos.sp.gov.br\/wp_site\/portalbienal\/2024\/03\/20\/rodrigo-franca-lanca-livro-com-tematica-antirracista\/\",\"url\":\"https:\/\/portaleducacao.guarulhos.sp.gov.br\/wp_site\/portalbienal\/2024\/03\/20\/rodrigo-franca-lanca-livro-com-tematica-antirracista\/\",\"name\":\"Rodrigo Fran\u00e7a lan\u00e7a livro com tem\u00e1tica antirracista - Bienal do Livro de Guarulhos - 2024\",\"isPartOf\":{\"@id\":\"https:\/\/portaleducacao.guarulhos.sp.gov.br\/wp_site\/portalbienal\/#website\"},\"datePublished\":\"2024-03-20T20:21:06+00:00\",\"dateModified\":\"2024-03-20T20:21:07+00:00\",\"breadcrumb\":{\"@id\":\"https:\/\/portaleducacao.guarulhos.sp.gov.br\/wp_site\/portalbienal\/2024\/03\/20\/rodrigo-franca-lanca-livro-com-tematica-antirracista\/#breadcrumb\"},\"inLanguage\":\"pt-BR\",\"potentialAction\":[{\"@type\":\"ReadAction\",\"target\":[\"https:\/\/portaleducacao.guarulhos.sp.gov.br\/wp_site\/portalbienal\/2024\/03\/20\/rodrigo-franca-lanca-livro-com-tematica-antirracista\/\"]}]},{\"@type\":\"BreadcrumbList\",\"@id\":\"https:\/\/portaleducacao.guarulhos.sp.gov.br\/wp_site\/portalbienal\/2024\/03\/20\/rodrigo-franca-lanca-livro-com-tematica-antirracista\/#breadcrumb\",\"itemListElement\":[{\"@type\":\"ListItem\",\"position\":1,\"name\":\"In\u00edcio\",\"item\":\"https:\/\/portaleducacao.guarulhos.sp.gov.br\/wp_site\/portalbienal\/\"},{\"@type\":\"ListItem\",\"position\":2,\"name\":\"Rodrigo Fran\u00e7a lan\u00e7a livro com tem\u00e1tica antirracista\"}]},{\"@type\":\"WebSite\",\"@id\":\"https:\/\/portaleducacao.guarulhos.sp.gov.br\/wp_site\/portalbienal\/#website\",\"url\":\"https:\/\/portaleducacao.guarulhos.sp.gov.br\/wp_site\/portalbienal\/\",\"name\":\"Bienal do Livro de Guarulhos - 2024\",\"description\":\"Secretaria de Educa\u00e7\u00e3o - Prefeitura de Guarulhos\",\"publisher\":{\"@id\":\"https:\/\/portaleducacao.guarulhos.sp.gov.br\/wp_site\/portalbienal\/#organization\"},\"potentialAction\":[{\"@type\":\"SearchAction\",\"target\":{\"@type\":\"EntryPoint\",\"urlTemplate\":\"https:\/\/portaleducacao.guarulhos.sp.gov.br\/wp_site\/portalbienal\/?s={search_term_string}\"},\"query-input\":\"required name=search_term_string\"}],\"inLanguage\":\"pt-BR\"},{\"@type\":\"Organization\",\"@id\":\"https:\/\/portaleducacao.guarulhos.sp.gov.br\/wp_site\/portalbienal\/#organization\",\"name\":\"Bienal do Livro de Guarulhos - 2024\",\"url\":\"https:\/\/portaleducacao.guarulhos.sp.gov.br\/wp_site\/portalbienal\/\",\"sameAs\":[],\"logo\":{\"@type\":\"ImageObject\",\"inLanguage\":\"pt-BR\",\"@id\":\"https:\/\/portaleducacao.guarulhos.sp.gov.br\/wp_site\/portalbienal\/#\/schema\/logo\/image\/\",\"url\":\"https:\/\/portaleducacao.guarulhos.sp.gov.br\/wp_site\/portalbienal\/wp-content\/uploads\/sites\/22\/2022\/07\/logo_site.jpg\",\"contentUrl\":\"https:\/\/portaleducacao.guarulhos.sp.gov.br\/wp_site\/portalbienal\/wp-content\/uploads\/sites\/22\/2022\/07\/logo_site.jpg\",\"width\":350,\"height\":100,\"caption\":\"Bienal do Livro de Guarulhos - 2024\"},\"image\":{\"@id\":\"https:\/\/portaleducacao.guarulhos.sp.gov.br\/wp_site\/portalbienal\/#\/schema\/logo\/image\/\"}},{\"@type\":\"Person\",\"@id\":\"https:\/\/portaleducacao.guarulhos.sp.gov.br\/wp_site\/portalbienal\/#\/schema\/person\/10d167c03463551fe7460f988dfc14d7\",\"name\":\"carlavm\",\"image\":{\"@type\":\"ImageObject\",\"inLanguage\":\"pt-BR\",\"@id\":\"https:\/\/portaleducacao.guarulhos.sp.gov.br\/wp_site\/portalbienal\/#\/schema\/person\/image\/\",\"url\":\"https:\/\/secure.gravatar.com\/avatar\/b89c22cab4ed3fb14a431c42dccbd61d?s=96&d=mm&r=g\",\"contentUrl\":\"https:\/\/secure.gravatar.com\/avatar\/b89c22cab4ed3fb14a431c42dccbd61d?s=96&d=mm&r=g\",\"caption\":\"carlavm\"},\"url\":\"https:\/\/portaleducacao.guarulhos.sp.gov.br\/wp_site\/portalbienal\/author\/carlavm\/\"}]}<\/script>\r\n<!-- \/ Yoast SEO plugin. -->","yoast_head_json":{"title":"Rodrigo Fran\u00e7a lan\u00e7a livro com tem\u00e1tica antirracista - Bienal do Livro de Guarulhos - 2024","robots":{"index":"index","follow":"follow","max-snippet":"max-snippet:-1","max-image-preview":"max-image-preview:large","max-video-preview":"max-video-preview:-1"},"canonical":"https:\/\/portaleducacao.guarulhos.sp.gov.br\/wp_site\/portalbienal\/2024\/03\/20\/rodrigo-franca-lanca-livro-com-tematica-antirracista\/","og_locale":"pt_BR","og_type":"article","og_title":"Rodrigo Fran\u00e7a lan\u00e7a livro com tem\u00e1tica antirracista - Bienal do Livro de Guarulhos - 2024","og_description":"A 3\u00aa Bienal Internacional do Livro de Guarulhos segue no Espa\u00e7o Inter nesta quinta-feira (21), com lan\u00e7amento de livro e bate-papo com tem\u00e1tica antirracista. At\u00e9 o encerramento da Bienal novos &hellip; Rodrigo Fran\u00e7a lan\u00e7a livro com tem\u00e1tica antirracista Leia mais &raquo;","og_url":"https:\/\/portaleducacao.guarulhos.sp.gov.br\/wp_site\/portalbienal\/2024\/03\/20\/rodrigo-franca-lanca-livro-com-tematica-antirracista\/","og_site_name":"Bienal do Livro de Guarulhos - 2024","article_published_time":"2024-03-20T20:21:06+00:00","article_modified_time":"2024-03-20T20:21:07+00:00","og_image":[{"width":1600,"height":1109,"url":"http:\/\/portaleducacao.guarulhos.sp.gov.br\/wp_site\/portalbienal\/wp-content\/uploads\/sites\/22\/2024\/03\/Divulgacao.jpeg","type":"image\/jpeg"}],"author":"carlavm","twitter_card":"summary_large_image","twitter_misc":{"Escrito por":"carlavm","Est. tempo de leitura":"2 minutos"},"schema":{"@context":"https:\/\/schema.org","@graph":[{"@type":"Article","@id":"https:\/\/portaleducacao.guarulhos.sp.gov.br\/wp_site\/portalbienal\/2024\/03\/20\/rodrigo-franca-lanca-livro-com-tematica-antirracista\/#article","isPartOf":{"@id":"https:\/\/portaleducacao.guarulhos.sp.gov.br\/wp_site\/portalbienal\/2024\/03\/20\/rodrigo-franca-lanca-livro-com-tematica-antirracista\/"},"author":{"name":"carlavm","@id":"https:\/\/portaleducacao.guarulhos.sp.gov.br\/wp_site\/portalbienal\/#\/schema\/person\/10d167c03463551fe7460f988dfc14d7"},"headline":"Rodrigo Fran\u00e7a lan\u00e7a livro com tem\u00e1tica antirracista","datePublished":"2024-03-20T20:21:06+00:00","dateModified":"2024-03-20T20:21:07+00:00","mainEntityOfPage":{"@id":"https:\/\/portaleducacao.guarulhos.sp.gov.br\/wp_site\/portalbienal\/2024\/03\/20\/rodrigo-franca-lanca-livro-com-tematica-antirracista\/"},"wordCount":284,"commentCount":0,"publisher":{"@id":"https:\/\/portaleducacao.guarulhos.sp.gov.br\/wp_site\/portalbienal\/#organization"},"articleSection":["2024 Not\u00edcias","2024 P\u00e1gina","Bienal 2024"],"inLanguage":"pt-BR","potentialAction":[{"@type":"CommentAction","name":"Comment","target":["https:\/\/portaleducacao.guarulhos.sp.gov.br\/wp_site\/portalbienal\/2024\/03\/20\/rodrigo-franca-lanca-livro-com-tematica-antirracista\/#respond"]}]},{"@type":"WebPage","@id":"https:\/\/portaleducacao.guarulhos.sp.gov.br\/wp_site\/portalbienal\/2024\/03\/20\/rodrigo-franca-lanca-livro-com-tematica-antirracista\/","url":"https:\/\/portaleducacao.guarulhos.sp.gov.br\/wp_site\/portalbienal\/2024\/03\/20\/rodrigo-franca-lanca-livro-com-tematica-antirracista\/","name":"Rodrigo Fran\u00e7a lan\u00e7a livro com tem\u00e1tica antirracista - Bienal do Livro de Guarulhos - 2024","isPartOf":{"@id":"https:\/\/portaleducacao.guarulhos.sp.gov.br\/wp_site\/portalbienal\/#website"},"datePublished":"2024-03-20T20:21:06+00:00","dateModified":"2024-03-20T20:21:07+00:00","breadcrumb":{"@id":"https:\/\/portaleducacao.guarulhos.sp.gov.br\/wp_site\/portalbienal\/2024\/03\/20\/rodrigo-franca-lanca-livro-com-tematica-antirracista\/#breadcrumb"},"inLanguage":"pt-BR","potentialAction":[{"@type":"ReadAction","target":["https:\/\/portaleducacao.guarulhos.sp.gov.br\/wp_site\/portalbienal\/2024\/03\/20\/rodrigo-franca-lanca-livro-com-tematica-antirracista\/"]}]},{"@type":"BreadcrumbList","@id":"https:\/\/portaleducacao.guarulhos.sp.gov.br\/wp_site\/portalbienal\/2024\/03\/20\/rodrigo-franca-lanca-livro-com-tematica-antirracista\/#breadcrumb","itemListElement":[{"@type":"ListItem","position":1,"name":"In\u00edcio","item":"https:\/\/portaleducacao.guarulhos.sp.gov.br\/wp_site\/portalbienal\/"},{"@type":"ListItem","position":2,"name":"Rodrigo Fran\u00e7a lan\u00e7a livro com tem\u00e1tica antirracista"}]},{"@type":"WebSite","@id":"https:\/\/portaleducacao.guarulhos.sp.gov.br\/wp_site\/portalbienal\/#website","url":"https:\/\/portaleducacao.guarulhos.sp.gov.br\/wp_site\/portalbienal\/","name":"Bienal do Livro de Guarulhos - 2024","description":"Secretaria de Educa\u00e7\u00e3o - Prefeitura de Guarulhos","publisher":{"@id":"https:\/\/portaleducacao.guarulhos.sp.gov.br\/wp_site\/portalbienal\/#organization"},"potentialAction":[{"@type":"SearchAction","target":{"@type":"EntryPoint","urlTemplate":"https:\/\/portaleducacao.guarulhos.sp.gov.br\/wp_site\/portalbienal\/?s={search_term_string}"},"query-input":"required name=search_term_string"}],"inLanguage":"pt-BR"},{"@type":"Organization","@id":"https:\/\/portaleducacao.guarulhos.sp.gov.br\/wp_site\/portalbienal\/#organization","name":"Bienal do Livro de Guarulhos - 2024","url":"https:\/\/portaleducacao.guarulhos.sp.gov.br\/wp_site\/portalbienal\/","sameAs":[],"logo":{"@type":"ImageObject","inLanguage":"pt-BR","@id":"https:\/\/portaleducacao.guarulhos.sp.gov.br\/wp_site\/portalbienal\/#\/schema\/logo\/image\/","url":"https:\/\/portaleducacao.guarulhos.sp.gov.br\/wp_site\/portalbienal\/wp-content\/uploads\/sites\/22\/2022\/07\/logo_site.jpg","contentUrl":"https:\/\/portaleducacao.guarulhos.sp.gov.br\/wp_site\/portalbienal\/wp-content\/uploads\/sites\/22\/2022\/07\/logo_site.jpg","width":350,"height":100,"caption":"Bienal do Livro de Guarulhos - 2024"},"image":{"@id":"https:\/\/portaleducacao.guarulhos.sp.gov.br\/wp_site\/portalbienal\/#\/schema\/logo\/image\/"}},{"@type":"Person","@id":"https:\/\/portaleducacao.guarulhos.sp.gov.br\/wp_site\/portalbienal\/#\/schema\/person\/10d167c03463551fe7460f988dfc14d7","name":"carlavm","image":{"@type":"ImageObject","inLanguage":"pt-BR","@id":"https:\/\/portaleducacao.guarulhos.sp.gov.br\/wp_site\/portalbienal\/#\/schema\/person\/image\/","url":"https:\/\/secure.gravatar.com\/avatar\/b89c22cab4ed3fb14a431c42dccbd61d?s=96&d=mm&r=g","contentUrl":"https:\/\/secure.gravatar.com\/avatar\/b89c22cab4ed3fb14a431c42dccbd61d?s=96&d=mm&r=g","caption":"carlavm"},"url":"https:\/\/portaleducacao.guarulhos.sp.gov.br\/wp_site\/portalbienal\/author\/carlavm\/"}]}},"_links":{"self":[{"href":"https:\/\/portaleducacao.guarulhos.sp.gov.br\/wp_site\/portalbienal\/wp-json\/wp\/v2\/posts\/9079"}],"collection":[{"href":"https:\/\/portaleducacao.guarulhos.sp.gov.br\/wp_site\/portalbienal\/wp-json\/wp\/v2\/posts"}],"about":[{"href":"https:\/\/portaleducacao.guarulhos.sp.gov.br\/wp_site\/portalbienal\/wp-json\/wp\/v2\/types\/post"}],"author":[{"embeddable":true,"href":"https:\/\/portaleducacao.guarulhos.sp.gov.br\/wp_site\/portalbienal\/wp-json\/wp\/v2\/users\/24"}],"replies":[{"embeddable":true,"href":"https:\/\/portaleducacao.guarulhos.sp.gov.br\/wp_site\/portalbienal\/wp-json\/wp\/v2\/comments?post=9079"}],"version-history":[{"count":1,"href":"https:\/\/portaleducacao.guarulhos.sp.gov.br\/wp_site\/portalbienal\/wp-json\/wp\/v2\/posts\/9079\/revisions"}],"predecessor-version":[{"id":9081,"href":"https:\/\/portaleducacao.guarulhos.sp.gov.br\/wp_site\/portalbienal\/wp-json\/wp\/v2\/posts\/9079\/revisions\/9081"}],"wp:featuredmedia":[{"embeddable":true,"href":"https:\/\/portaleducacao.guarulhos.sp.gov.br\/wp_site\/portalbienal\/wp-json\/wp\/v2\/media\/9080"}],"wp:attachment":[{"href":"https:\/\/portaleducacao.guarulhos.sp.gov.br\/wp_site\/portalbienal\/wp-json\/wp\/v2\/media?parent=9079"}],"wp:term":[{"taxonomy":"category","embeddable":true,"href":"https:\/\/portaleducacao.guarulhos.sp.gov.br\/wp_site\/portalbienal\/wp-json\/wp\/v2\/categories?post=9079"},{"taxonomy":"post_tag","embeddable":true,"href":"https:\/\/portaleducacao.guarulhos.sp.gov.br\/wp_site\/portalbienal\/wp-json\/wp\/v2\/tags?post=9079"}],"curies":[{"name":"wp","href":"https:\/\/api.w.org\/{rel}","templated":true}]}}