{"id":9084,"date":"2024-03-21T14:52:50","date_gmt":"2024-03-21T17:52:50","guid":{"rendered":"https:\/\/portaleducacao.guarulhos.sp.gov.br\/wp_site\/portalbienal\/?p=9084"},"modified":"2024-03-21T14:52:52","modified_gmt":"2024-03-21T17:52:52","slug":"alunos-da-epg-heraldo-evans-fazem-cobertura-jornalistica-da-3a-bienal-internacional-do-livro-de-guarulhos","status":"publish","type":"post","link":"https:\/\/portaleducacao.guarulhos.sp.gov.br\/wp_site\/portalbienal\/2024\/03\/21\/alunos-da-epg-heraldo-evans-fazem-cobertura-jornalistica-da-3a-bienal-internacional-do-livro-de-guarulhos\/","title":{"rendered":"Alunos da EPG Heraldo Evans fazem cobertura jornal\u00edstica da 3\u00aa Bienal Internacional do Livro de Guarulhos"},"content":{"rendered":"\n<p>Os alunos do ensino fundamental da EPG Heraldo Evans fizeram a cobertura de imagens e textos da 3\u00aa Bienal Internacional do Livro de Guarulhos. Na \u00faltima ter\u00e7a-feira (19) os alunos se dividiram entre fun\u00e7\u00f5es estrat\u00e9gicas da profiss\u00e3o de rep\u00f3rteres mirins, entrevistaram visitantes, escritores e expositores das editoras.&nbsp;<\/p>\n\n\n\n<p>Todo o conte\u00fado gerado durante a cobertura ser\u00e1 veiculado na 3\u00aa edi\u00e7\u00e3o do Jornal Heraldo News, projeto com g\u00eaneros textuais da unidade escolar que tem revolucionado a aprendizagem da escrita e despertado o gosto pela leitura. Em entrevista para o podcast Conex\u00e3o Bienal na manh\u00e3 desta quarta-feira (20), alunos e professoras da escola contaram como foi a experi\u00eancia.<\/p>\n\n\n\n<p>\u201cEntrevistamos as pessoas na Bienal para conhecer um pouco sobre o trabalho que est\u00e3o fazendo aqui\u201d, explicou Brayan Pacheco da Hora, de 9 anos, um dos alunos respons\u00e1vel pela pauta de perguntas elaborada para os trabalhadores da Bienal do Livro. A partir das respostas obtidas em perguntas sobre fun\u00e7\u00e3o desempenhada, carga hor\u00e1ria e expectativas para a Bienal, a aluna Emanuelly Alves da Silva, 9, fez algumas observa\u00e7\u00f5es. \u201cOs trabalhadores se esfor\u00e7am muito para manter o local limpo, seguro e com as prateleiras cheias de livros para que as crian\u00e7as possam ler e aprender\u201d.&nbsp;<\/p>\n\n\n\n<p>Outra observa\u00e7\u00e3o que os rep\u00f3rteres mirins fizeram tem rela\u00e7\u00e3o com a import\u00e2ncia do evento liter\u00e1rio, que tem como um de seus principais objetivos promover encontros entre as pessoas e os livros. \u201cSe voc\u00ea quer encontrar as pessoas, voc\u00ea pode convidar elas para Bienal, ficar mais tempo com elas, comprar coisas com elas, aqui voc\u00ea vai passar horas com as pessoas e o tempo vai passar muito r\u00e1pido\u201d, observou Brayan.<\/p>\n\n\n\n<p>A professora-coordenadora pedag\u00f3gica Gissa Vilela conta que, para a produ\u00e7\u00e3o das duas primeiras edi\u00e7\u00f5es do Jornal Heraldo News, cada turma ficou respons\u00e1vel pela produ\u00e7\u00e3o de determinado g\u00eanero textual, como os classificados e ca\u00e7a-palavras criados pelos alunos do 1\u00ba ano, textos menores que j\u00e1 s\u00e3o trabalhados nos anos iniciais.<\/p>\n\n\n\n<p>\u201cNa 1\u00aa edi\u00e7\u00e3o essa estrat\u00e9gia deu t\u00e3o certo que abriu novas possibilidades de trabalho com os g\u00eaneros textuais. Na 2\u00aa edi\u00e7\u00e3o, em novembro de 2023, as turmas do 1\u00ba ano ficaram respons\u00e1veis pela entrevista de capa, e eles tiveram que buscar informa\u00e7\u00f5es sobre os alunos imigrantes da escola, assistir v\u00eddeos, pesquisar e entrevistar as fam\u00edlias\u201d, explicou a coordenadora.&nbsp;<\/p>\n\n\n\n<p>Nery Nice Travassos, professora do antigo 3\u00ba ano (agora turma do 4\u00ba ano), contou que os alunos s\u00e3o muito curiosos, por isso, na edi\u00e7\u00e3o de estreia ficaram respons\u00e1veis pelo g\u00eanero entrevista. \u201cEles t\u00eam a oralidade muito bem desenvolvida e curiosidade aflorada, gostam de perguntar e querem saber cada vez mais, e isso facilitou o desenvolvimento das entrevistas daquela edi\u00e7\u00e3o. J\u00e1 na 2\u00aa edi\u00e7\u00e3o, eles criaram indica\u00e7\u00f5es liter\u00e1rias, opinaram sobre os livros que gostaram e daqueles que n\u00e3o gostaram de ler, explicou Nery ao pontuar que, a cada edi\u00e7\u00e3o, os g\u00eaneros podem variar de turma para turma.&nbsp;<\/p>\n\n\n\n<p>A 3\u00aa edi\u00e7\u00e3o do Jornal Heraldo News com a cobertura completa da 3\u00aa Bienal Internacional do Livro de Guarulhos est\u00e1 prevista para o m\u00eas de maio. Para ficar por dentro das novidades do Heraldo News, siga o perfil da unidade escolar no Instagram @epg_heraldo_evans.<\/p>\n\n\n\n<p>Para conferir o podcast Conex\u00e3o Bienal com a equipe da EPG Heraldo Evans acesse&nbsp;<strong><em><a href=\"https:\/\/youtu.be\/TD92w7U4LbY\" target=\"_blank\" rel=\"noreferrer noopener\">https:\/\/youtu.be\/TD92w7U4LbY<\/a><\/em><\/strong>.&nbsp;<\/p>\n","protected":false},"excerpt":{"rendered":"<p>Os alunos do ensino fundamental da EPG Heraldo Evans fizeram a cobertura de imagens e textos da 3\u00aa Bienal Internacional do Livro de Guarulhos. Na \u00faltima ter\u00e7a-feira (19) os alunos &hellip;<\/p>\n<p class=\"read-more\"> <a class=\"\" href=\"https:\/\/portaleducacao.guarulhos.sp.gov.br\/wp_site\/portalbienal\/2024\/03\/21\/alunos-da-epg-heraldo-evans-fazem-cobertura-jornalistica-da-3a-bienal-internacional-do-livro-de-guarulhos\/\"> <span class=\"screen-reader-text\">Alunos da EPG Heraldo Evans fazem cobertura jornal\u00edstica da 3\u00aa Bienal Internacional do Livro de Guarulhos<\/span> Leia mais &raquo;<\/a><\/p>\n","protected":false},"author":24,"featured_media":9085,"comment_status":"open","ping_status":"open","sticky":true,"template":"","format":"standard","meta":{"_monsterinsights_skip_tracking":false,"_monsterinsights_sitenote_active":false,"_monsterinsights_sitenote_note":"","_monsterinsights_sitenote_category":0,"site-sidebar-layout":"default","site-content-layout":"default","ast-global-header-display":"","ast-main-header-display":"","ast-hfb-above-header-display":"","ast-hfb-below-header-display":"","ast-hfb-mobile-header-display":"","site-post-title":"","ast-breadcrumbs-content":"","ast-featured-img":"","footer-sml-layout":"","theme-transparent-header-meta":"","adv-header-id-meta":"","stick-header-meta":"","header-above-stick-meta":"","header-main-stick-meta":"","header-below-stick-meta":"","_expiration-date-status":"","_expiration-date":0,"_expiration-date-type":"","_expiration-date-categories":[],"_expiration-date-options":[]},"categories":[39,37,40],"tags":[],"yoast_head":"<!-- This site is optimized with the Yoast SEO plugin v19.7.1 - https:\/\/yoast.com\/wordpress\/plugins\/seo\/ -->\r\n<title>Alunos da EPG Heraldo Evans fazem cobertura jornal\u00edstica da 3\u00aa Bienal Internacional do Livro de Guarulhos - Bienal do Livro de Guarulhos - 2024<\/title>\r\n<meta name=\"robots\" content=\"index, follow, max-snippet:-1, max-image-preview:large, max-video-preview:-1\" \/>\r\n<link rel=\"canonical\" href=\"https:\/\/portaleducacao.guarulhos.sp.gov.br\/wp_site\/portalbienal\/2024\/03\/21\/alunos-da-epg-heraldo-evans-fazem-cobertura-jornalistica-da-3a-bienal-internacional-do-livro-de-guarulhos\/\" \/>\r\n<meta property=\"og:locale\" content=\"pt_BR\" \/>\r\n<meta property=\"og:type\" content=\"article\" \/>\r\n<meta property=\"og:title\" content=\"Alunos da EPG Heraldo Evans fazem cobertura jornal\u00edstica da 3\u00aa Bienal Internacional do Livro de Guarulhos - Bienal do Livro de Guarulhos - 2024\" \/>\r\n<meta property=\"og:description\" content=\"Os alunos do ensino fundamental da EPG Heraldo Evans fizeram a cobertura de imagens e textos da 3\u00aa Bienal Internacional do Livro de Guarulhos. Na \u00faltima ter\u00e7a-feira (19) os alunos &hellip; Alunos da EPG Heraldo Evans fazem cobertura jornal\u00edstica da 3\u00aa Bienal Internacional do Livro de Guarulhos Leia mais &raquo;\" \/>\r\n<meta property=\"og:url\" content=\"https:\/\/portaleducacao.guarulhos.sp.gov.br\/wp_site\/portalbienal\/2024\/03\/21\/alunos-da-epg-heraldo-evans-fazem-cobertura-jornalistica-da-3a-bienal-internacional-do-livro-de-guarulhos\/\" \/>\r\n<meta property=\"og:site_name\" content=\"Bienal do Livro de Guarulhos - 2024\" \/>\r\n<meta property=\"article:published_time\" content=\"2024-03-21T17:52:50+00:00\" \/>\r\n<meta property=\"article:modified_time\" content=\"2024-03-21T17:52:52+00:00\" \/>\r\n<meta property=\"og:image\" content=\"http:\/\/portaleducacao.guarulhos.sp.gov.br\/wp_site\/portalbienal\/wp-content\/uploads\/sites\/22\/2024\/03\/EPG-Heraldo-Evans-Camila-Rhodes-2.jpeg\" \/>\r\n\t<meta property=\"og:image:width\" content=\"1600\" \/>\r\n\t<meta property=\"og:image:height\" content=\"1066\" \/>\r\n\t<meta property=\"og:image:type\" content=\"image\/jpeg\" \/>\r\n<meta name=\"author\" content=\"carlavm\" \/>\r\n<meta name=\"twitter:card\" content=\"summary_large_image\" \/>\r\n<meta name=\"twitter:label1\" content=\"Escrito por\" \/>\n\t<meta name=\"twitter:data1\" content=\"carlavm\" \/>\n\t<meta name=\"twitter:label2\" content=\"Est. tempo de leitura\" \/>\n\t<meta name=\"twitter:data2\" content=\"3 minutos\" \/>\r\n<script type=\"application\/ld+json\" class=\"yoast-schema-graph\">{\"@context\":\"https:\/\/schema.org\",\"@graph\":[{\"@type\":\"Article\",\"@id\":\"https:\/\/portaleducacao.guarulhos.sp.gov.br\/wp_site\/portalbienal\/2024\/03\/21\/alunos-da-epg-heraldo-evans-fazem-cobertura-jornalistica-da-3a-bienal-internacional-do-livro-de-guarulhos\/#article\",\"isPartOf\":{\"@id\":\"https:\/\/portaleducacao.guarulhos.sp.gov.br\/wp_site\/portalbienal\/2024\/03\/21\/alunos-da-epg-heraldo-evans-fazem-cobertura-jornalistica-da-3a-bienal-internacional-do-livro-de-guarulhos\/\"},\"author\":{\"name\":\"carlavm\",\"@id\":\"https:\/\/portaleducacao.guarulhos.sp.gov.br\/wp_site\/portalbienal\/#\/schema\/person\/10d167c03463551fe7460f988dfc14d7\"},\"headline\":\"Alunos da EPG Heraldo Evans fazem cobertura jornal\u00edstica da 3\u00aa Bienal Internacional do Livro de Guarulhos\",\"datePublished\":\"2024-03-21T17:52:50+00:00\",\"dateModified\":\"2024-03-21T17:52:52+00:00\",\"mainEntityOfPage\":{\"@id\":\"https:\/\/portaleducacao.guarulhos.sp.gov.br\/wp_site\/portalbienal\/2024\/03\/21\/alunos-da-epg-heraldo-evans-fazem-cobertura-jornalistica-da-3a-bienal-internacional-do-livro-de-guarulhos\/\"},\"wordCount\":618,\"commentCount\":0,\"publisher\":{\"@id\":\"https:\/\/portaleducacao.guarulhos.sp.gov.br\/wp_site\/portalbienal\/#organization\"},\"articleSection\":[\"2024 Not\u00edcias\",\"2024 P\u00e1gina\",\"Bienal 2024\"],\"inLanguage\":\"pt-BR\",\"potentialAction\":[{\"@type\":\"CommentAction\",\"name\":\"Comment\",\"target\":[\"https:\/\/portaleducacao.guarulhos.sp.gov.br\/wp_site\/portalbienal\/2024\/03\/21\/alunos-da-epg-heraldo-evans-fazem-cobertura-jornalistica-da-3a-bienal-internacional-do-livro-de-guarulhos\/#respond\"]}]},{\"@type\":\"WebPage\",\"@id\":\"https:\/\/portaleducacao.guarulhos.sp.gov.br\/wp_site\/portalbienal\/2024\/03\/21\/alunos-da-epg-heraldo-evans-fazem-cobertura-jornalistica-da-3a-bienal-internacional-do-livro-de-guarulhos\/\",\"url\":\"https:\/\/portaleducacao.guarulhos.sp.gov.br\/wp_site\/portalbienal\/2024\/03\/21\/alunos-da-epg-heraldo-evans-fazem-cobertura-jornalistica-da-3a-bienal-internacional-do-livro-de-guarulhos\/\",\"name\":\"Alunos da EPG Heraldo Evans fazem cobertura jornal\u00edstica da 3\u00aa Bienal Internacional do Livro de Guarulhos - Bienal do Livro de Guarulhos - 2024\",\"isPartOf\":{\"@id\":\"https:\/\/portaleducacao.guarulhos.sp.gov.br\/wp_site\/portalbienal\/#website\"},\"datePublished\":\"2024-03-21T17:52:50+00:00\",\"dateModified\":\"2024-03-21T17:52:52+00:00\",\"breadcrumb\":{\"@id\":\"https:\/\/portaleducacao.guarulhos.sp.gov.br\/wp_site\/portalbienal\/2024\/03\/21\/alunos-da-epg-heraldo-evans-fazem-cobertura-jornalistica-da-3a-bienal-internacional-do-livro-de-guarulhos\/#breadcrumb\"},\"inLanguage\":\"pt-BR\",\"potentialAction\":[{\"@type\":\"ReadAction\",\"target\":[\"https:\/\/portaleducacao.guarulhos.sp.gov.br\/wp_site\/portalbienal\/2024\/03\/21\/alunos-da-epg-heraldo-evans-fazem-cobertura-jornalistica-da-3a-bienal-internacional-do-livro-de-guarulhos\/\"]}]},{\"@type\":\"BreadcrumbList\",\"@id\":\"https:\/\/portaleducacao.guarulhos.sp.gov.br\/wp_site\/portalbienal\/2024\/03\/21\/alunos-da-epg-heraldo-evans-fazem-cobertura-jornalistica-da-3a-bienal-internacional-do-livro-de-guarulhos\/#breadcrumb\",\"itemListElement\":[{\"@type\":\"ListItem\",\"position\":1,\"name\":\"In\u00edcio\",\"item\":\"https:\/\/portaleducacao.guarulhos.sp.gov.br\/wp_site\/portalbienal\/\"},{\"@type\":\"ListItem\",\"position\":2,\"name\":\"Alunos da EPG Heraldo Evans fazem cobertura jornal\u00edstica da 3\u00aa Bienal Internacional do Livro de Guarulhos\"}]},{\"@type\":\"WebSite\",\"@id\":\"https:\/\/portaleducacao.guarulhos.sp.gov.br\/wp_site\/portalbienal\/#website\",\"url\":\"https:\/\/portaleducacao.guarulhos.sp.gov.br\/wp_site\/portalbienal\/\",\"name\":\"Bienal do Livro de Guarulhos - 2024\",\"description\":\"Secretaria de Educa\u00e7\u00e3o - Prefeitura de Guarulhos\",\"publisher\":{\"@id\":\"https:\/\/portaleducacao.guarulhos.sp.gov.br\/wp_site\/portalbienal\/#organization\"},\"potentialAction\":[{\"@type\":\"SearchAction\",\"target\":{\"@type\":\"EntryPoint\",\"urlTemplate\":\"https:\/\/portaleducacao.guarulhos.sp.gov.br\/wp_site\/portalbienal\/?s={search_term_string}\"},\"query-input\":\"required name=search_term_string\"}],\"inLanguage\":\"pt-BR\"},{\"@type\":\"Organization\",\"@id\":\"https:\/\/portaleducacao.guarulhos.sp.gov.br\/wp_site\/portalbienal\/#organization\",\"name\":\"Bienal do Livro de Guarulhos - 2024\",\"url\":\"https:\/\/portaleducacao.guarulhos.sp.gov.br\/wp_site\/portalbienal\/\",\"sameAs\":[],\"logo\":{\"@type\":\"ImageObject\",\"inLanguage\":\"pt-BR\",\"@id\":\"https:\/\/portaleducacao.guarulhos.sp.gov.br\/wp_site\/portalbienal\/#\/schema\/logo\/image\/\",\"url\":\"https:\/\/portaleducacao.guarulhos.sp.gov.br\/wp_site\/portalbienal\/wp-content\/uploads\/sites\/22\/2022\/07\/logo_site.jpg\",\"contentUrl\":\"https:\/\/portaleducacao.guarulhos.sp.gov.br\/wp_site\/portalbienal\/wp-content\/uploads\/sites\/22\/2022\/07\/logo_site.jpg\",\"width\":350,\"height\":100,\"caption\":\"Bienal do Livro de Guarulhos - 2024\"},\"image\":{\"@id\":\"https:\/\/portaleducacao.guarulhos.sp.gov.br\/wp_site\/portalbienal\/#\/schema\/logo\/image\/\"}},{\"@type\":\"Person\",\"@id\":\"https:\/\/portaleducacao.guarulhos.sp.gov.br\/wp_site\/portalbienal\/#\/schema\/person\/10d167c03463551fe7460f988dfc14d7\",\"name\":\"carlavm\",\"image\":{\"@type\":\"ImageObject\",\"inLanguage\":\"pt-BR\",\"@id\":\"https:\/\/portaleducacao.guarulhos.sp.gov.br\/wp_site\/portalbienal\/#\/schema\/person\/image\/\",\"url\":\"https:\/\/secure.gravatar.com\/avatar\/b89c22cab4ed3fb14a431c42dccbd61d?s=96&d=mm&r=g\",\"contentUrl\":\"https:\/\/secure.gravatar.com\/avatar\/b89c22cab4ed3fb14a431c42dccbd61d?s=96&d=mm&r=g\",\"caption\":\"carlavm\"},\"url\":\"https:\/\/portaleducacao.guarulhos.sp.gov.br\/wp_site\/portalbienal\/author\/carlavm\/\"}]}<\/script>\r\n<!-- \/ Yoast SEO plugin. -->","yoast_head_json":{"title":"Alunos da EPG Heraldo Evans fazem cobertura jornal\u00edstica da 3\u00aa Bienal Internacional do Livro de Guarulhos - Bienal do Livro de Guarulhos - 2024","robots":{"index":"index","follow":"follow","max-snippet":"max-snippet:-1","max-image-preview":"max-image-preview:large","max-video-preview":"max-video-preview:-1"},"canonical":"https:\/\/portaleducacao.guarulhos.sp.gov.br\/wp_site\/portalbienal\/2024\/03\/21\/alunos-da-epg-heraldo-evans-fazem-cobertura-jornalistica-da-3a-bienal-internacional-do-livro-de-guarulhos\/","og_locale":"pt_BR","og_type":"article","og_title":"Alunos da EPG Heraldo Evans fazem cobertura jornal\u00edstica da 3\u00aa Bienal Internacional do Livro de Guarulhos - Bienal do Livro de Guarulhos - 2024","og_description":"Os alunos do ensino fundamental da EPG Heraldo Evans fizeram a cobertura de imagens e textos da 3\u00aa Bienal Internacional do Livro de Guarulhos. Na \u00faltima ter\u00e7a-feira (19) os alunos &hellip; Alunos da EPG Heraldo Evans fazem cobertura jornal\u00edstica da 3\u00aa Bienal Internacional do Livro de Guarulhos Leia mais &raquo;","og_url":"https:\/\/portaleducacao.guarulhos.sp.gov.br\/wp_site\/portalbienal\/2024\/03\/21\/alunos-da-epg-heraldo-evans-fazem-cobertura-jornalistica-da-3a-bienal-internacional-do-livro-de-guarulhos\/","og_site_name":"Bienal do Livro de Guarulhos - 2024","article_published_time":"2024-03-21T17:52:50+00:00","article_modified_time":"2024-03-21T17:52:52+00:00","og_image":[{"width":1600,"height":1066,"url":"http:\/\/portaleducacao.guarulhos.sp.gov.br\/wp_site\/portalbienal\/wp-content\/uploads\/sites\/22\/2024\/03\/EPG-Heraldo-Evans-Camila-Rhodes-2.jpeg","type":"image\/jpeg"}],"author":"carlavm","twitter_card":"summary_large_image","twitter_misc":{"Escrito por":"carlavm","Est. tempo de leitura":"3 minutos"},"schema":{"@context":"https:\/\/schema.org","@graph":[{"@type":"Article","@id":"https:\/\/portaleducacao.guarulhos.sp.gov.br\/wp_site\/portalbienal\/2024\/03\/21\/alunos-da-epg-heraldo-evans-fazem-cobertura-jornalistica-da-3a-bienal-internacional-do-livro-de-guarulhos\/#article","isPartOf":{"@id":"https:\/\/portaleducacao.guarulhos.sp.gov.br\/wp_site\/portalbienal\/2024\/03\/21\/alunos-da-epg-heraldo-evans-fazem-cobertura-jornalistica-da-3a-bienal-internacional-do-livro-de-guarulhos\/"},"author":{"name":"carlavm","@id":"https:\/\/portaleducacao.guarulhos.sp.gov.br\/wp_site\/portalbienal\/#\/schema\/person\/10d167c03463551fe7460f988dfc14d7"},"headline":"Alunos da EPG Heraldo Evans fazem cobertura jornal\u00edstica da 3\u00aa Bienal Internacional do Livro de Guarulhos","datePublished":"2024-03-21T17:52:50+00:00","dateModified":"2024-03-21T17:52:52+00:00","mainEntityOfPage":{"@id":"https:\/\/portaleducacao.guarulhos.sp.gov.br\/wp_site\/portalbienal\/2024\/03\/21\/alunos-da-epg-heraldo-evans-fazem-cobertura-jornalistica-da-3a-bienal-internacional-do-livro-de-guarulhos\/"},"wordCount":618,"commentCount":0,"publisher":{"@id":"https:\/\/portaleducacao.guarulhos.sp.gov.br\/wp_site\/portalbienal\/#organization"},"articleSection":["2024 Not\u00edcias","2024 P\u00e1gina","Bienal 2024"],"inLanguage":"pt-BR","potentialAction":[{"@type":"CommentAction","name":"Comment","target":["https:\/\/portaleducacao.guarulhos.sp.gov.br\/wp_site\/portalbienal\/2024\/03\/21\/alunos-da-epg-heraldo-evans-fazem-cobertura-jornalistica-da-3a-bienal-internacional-do-livro-de-guarulhos\/#respond"]}]},{"@type":"WebPage","@id":"https:\/\/portaleducacao.guarulhos.sp.gov.br\/wp_site\/portalbienal\/2024\/03\/21\/alunos-da-epg-heraldo-evans-fazem-cobertura-jornalistica-da-3a-bienal-internacional-do-livro-de-guarulhos\/","url":"https:\/\/portaleducacao.guarulhos.sp.gov.br\/wp_site\/portalbienal\/2024\/03\/21\/alunos-da-epg-heraldo-evans-fazem-cobertura-jornalistica-da-3a-bienal-internacional-do-livro-de-guarulhos\/","name":"Alunos da EPG Heraldo Evans fazem cobertura jornal\u00edstica da 3\u00aa Bienal Internacional do Livro de Guarulhos - Bienal do Livro de Guarulhos - 2024","isPartOf":{"@id":"https:\/\/portaleducacao.guarulhos.sp.gov.br\/wp_site\/portalbienal\/#website"},"datePublished":"2024-03-21T17:52:50+00:00","dateModified":"2024-03-21T17:52:52+00:00","breadcrumb":{"@id":"https:\/\/portaleducacao.guarulhos.sp.gov.br\/wp_site\/portalbienal\/2024\/03\/21\/alunos-da-epg-heraldo-evans-fazem-cobertura-jornalistica-da-3a-bienal-internacional-do-livro-de-guarulhos\/#breadcrumb"},"inLanguage":"pt-BR","potentialAction":[{"@type":"ReadAction","target":["https:\/\/portaleducacao.guarulhos.sp.gov.br\/wp_site\/portalbienal\/2024\/03\/21\/alunos-da-epg-heraldo-evans-fazem-cobertura-jornalistica-da-3a-bienal-internacional-do-livro-de-guarulhos\/"]}]},{"@type":"BreadcrumbList","@id":"https:\/\/portaleducacao.guarulhos.sp.gov.br\/wp_site\/portalbienal\/2024\/03\/21\/alunos-da-epg-heraldo-evans-fazem-cobertura-jornalistica-da-3a-bienal-internacional-do-livro-de-guarulhos\/#breadcrumb","itemListElement":[{"@type":"ListItem","position":1,"name":"In\u00edcio","item":"https:\/\/portaleducacao.guarulhos.sp.gov.br\/wp_site\/portalbienal\/"},{"@type":"ListItem","position":2,"name":"Alunos da EPG Heraldo Evans fazem cobertura jornal\u00edstica da 3\u00aa Bienal Internacional do Livro de Guarulhos"}]},{"@type":"WebSite","@id":"https:\/\/portaleducacao.guarulhos.sp.gov.br\/wp_site\/portalbienal\/#website","url":"https:\/\/portaleducacao.guarulhos.sp.gov.br\/wp_site\/portalbienal\/","name":"Bienal do Livro de Guarulhos - 2024","description":"Secretaria de Educa\u00e7\u00e3o - Prefeitura de Guarulhos","publisher":{"@id":"https:\/\/portaleducacao.guarulhos.sp.gov.br\/wp_site\/portalbienal\/#organization"},"potentialAction":[{"@type":"SearchAction","target":{"@type":"EntryPoint","urlTemplate":"https:\/\/portaleducacao.guarulhos.sp.gov.br\/wp_site\/portalbienal\/?s={search_term_string}"},"query-input":"required name=search_term_string"}],"inLanguage":"pt-BR"},{"@type":"Organization","@id":"https:\/\/portaleducacao.guarulhos.sp.gov.br\/wp_site\/portalbienal\/#organization","name":"Bienal do Livro de Guarulhos - 2024","url":"https:\/\/portaleducacao.guarulhos.sp.gov.br\/wp_site\/portalbienal\/","sameAs":[],"logo":{"@type":"ImageObject","inLanguage":"pt-BR","@id":"https:\/\/portaleducacao.guarulhos.sp.gov.br\/wp_site\/portalbienal\/#\/schema\/logo\/image\/","url":"https:\/\/portaleducacao.guarulhos.sp.gov.br\/wp_site\/portalbienal\/wp-content\/uploads\/sites\/22\/2022\/07\/logo_site.jpg","contentUrl":"https:\/\/portaleducacao.guarulhos.sp.gov.br\/wp_site\/portalbienal\/wp-content\/uploads\/sites\/22\/2022\/07\/logo_site.jpg","width":350,"height":100,"caption":"Bienal do Livro de Guarulhos - 2024"},"image":{"@id":"https:\/\/portaleducacao.guarulhos.sp.gov.br\/wp_site\/portalbienal\/#\/schema\/logo\/image\/"}},{"@type":"Person","@id":"https:\/\/portaleducacao.guarulhos.sp.gov.br\/wp_site\/portalbienal\/#\/schema\/person\/10d167c03463551fe7460f988dfc14d7","name":"carlavm","image":{"@type":"ImageObject","inLanguage":"pt-BR","@id":"https:\/\/portaleducacao.guarulhos.sp.gov.br\/wp_site\/portalbienal\/#\/schema\/person\/image\/","url":"https:\/\/secure.gravatar.com\/avatar\/b89c22cab4ed3fb14a431c42dccbd61d?s=96&d=mm&r=g","contentUrl":"https:\/\/secure.gravatar.com\/avatar\/b89c22cab4ed3fb14a431c42dccbd61d?s=96&d=mm&r=g","caption":"carlavm"},"url":"https:\/\/portaleducacao.guarulhos.sp.gov.br\/wp_site\/portalbienal\/author\/carlavm\/"}]}},"_links":{"self":[{"href":"https:\/\/portaleducacao.guarulhos.sp.gov.br\/wp_site\/portalbienal\/wp-json\/wp\/v2\/posts\/9084"}],"collection":[{"href":"https:\/\/portaleducacao.guarulhos.sp.gov.br\/wp_site\/portalbienal\/wp-json\/wp\/v2\/posts"}],"about":[{"href":"https:\/\/portaleducacao.guarulhos.sp.gov.br\/wp_site\/portalbienal\/wp-json\/wp\/v2\/types\/post"}],"author":[{"embeddable":true,"href":"https:\/\/portaleducacao.guarulhos.sp.gov.br\/wp_site\/portalbienal\/wp-json\/wp\/v2\/users\/24"}],"replies":[{"embeddable":true,"href":"https:\/\/portaleducacao.guarulhos.sp.gov.br\/wp_site\/portalbienal\/wp-json\/wp\/v2\/comments?post=9084"}],"version-history":[{"count":1,"href":"https:\/\/portaleducacao.guarulhos.sp.gov.br\/wp_site\/portalbienal\/wp-json\/wp\/v2\/posts\/9084\/revisions"}],"predecessor-version":[{"id":9086,"href":"https:\/\/portaleducacao.guarulhos.sp.gov.br\/wp_site\/portalbienal\/wp-json\/wp\/v2\/posts\/9084\/revisions\/9086"}],"wp:featuredmedia":[{"embeddable":true,"href":"https:\/\/portaleducacao.guarulhos.sp.gov.br\/wp_site\/portalbienal\/wp-json\/wp\/v2\/media\/9085"}],"wp:attachment":[{"href":"https:\/\/portaleducacao.guarulhos.sp.gov.br\/wp_site\/portalbienal\/wp-json\/wp\/v2\/media?parent=9084"}],"wp:term":[{"taxonomy":"category","embeddable":true,"href":"https:\/\/portaleducacao.guarulhos.sp.gov.br\/wp_site\/portalbienal\/wp-json\/wp\/v2\/categories?post=9084"},{"taxonomy":"post_tag","embeddable":true,"href":"https:\/\/portaleducacao.guarulhos.sp.gov.br\/wp_site\/portalbienal\/wp-json\/wp\/v2\/tags?post=9084"}],"curies":[{"name":"wp","href":"https:\/\/api.w.org\/{rel}","templated":true}]}}