{"id":9150,"date":"2024-03-25T09:20:36","date_gmt":"2024-03-25T12:20:36","guid":{"rendered":"https:\/\/portaleducacao.guarulhos.sp.gov.br\/wp_site\/portalbienal\/?p=9150"},"modified":"2024-03-25T10:08:28","modified_gmt":"2024-03-25T13:08:28","slug":"mais-de-200-mil-pessoas-visitam-a-3a-bienal-internacional-do-livro-de-guarulhos","status":"publish","type":"post","link":"https:\/\/portaleducacao.guarulhos.sp.gov.br\/wp_site\/portalbienal\/2024\/03\/25\/mais-de-200-mil-pessoas-visitam-a-3a-bienal-internacional-do-livro-de-guarulhos\/","title":{"rendered":"Mais de 200 mil pessoas visitam a 3\u00aa Bienal Internacional do Livro de Guarulhos"},"content":{"rendered":"\n<p>Mais de 200 mil pessoas passaram pelo pavilh\u00e3o do Espa\u00e7o Inter durante os dez dias da 3\u00aa Bienal Internacional do Livro de Guarulhos. No \u00faltimo domingo (24), o p\u00fablico prestigiou com muita anima\u00e7\u00e3o o bate-papo musicado com Marco Tulio Lara, guitarrista do Jota Quest, apresenta\u00e7\u00e3o que encerrou de forma excepcional o maior evento liter\u00e1rio da cidade.<\/p>\n\n\n\n<p>Ao longo da intensa programa\u00e7\u00e3o gratuita, o p\u00fablico visitante teve a chance de conhecer de perto grandes autores brasileiros, como os escritores Rodrigo Fran\u00e7a e Marcelo Duarte, o contista, romancista e jornalista Ign\u00e1cio de Loyola Brand\u00e3o, os poetas Br\u00e1ulio Bessa e S\u00e9rgio Vaz, os atores e escritores Miguel Falabella e Denise Fraga, o m\u00fasico, educador e escritor Eduardo Feldberg (o Primo Pobre), os escritores Ilana Casoy e Rapha Montes, as escritoras e influenciadoras digitais Camila Fremder, C\u00edntia Chagas e Mayt\u00ea Carvalho, dentre tantos outros escritores que lan\u00e7aram obras e fizeram sess\u00f5es de aut\u00f3grafos nos estandes.<\/p>\n\n\n\n<p>\u201cFoi um evento sensacional, bem organizado, uma programa\u00e7\u00e3o criativa. Toda equipe da Educa\u00e7\u00e3o est\u00e1 de parab\u00e9ns. Vale a pena citar os autores guarulhenses, que elogiaram a estrutura da Bienal, isso foi fruto da oportunidade que demos \u00e0s pratas da casa\u201d, elogiou o prefeito Guti.<\/p>\n\n\n\n<figure class=\"wp-block-image alignwide size-large\"><img loading=\"lazy\" width=\"1024\" height=\"682\" src=\"https:\/\/portaleducacao.guarulhos.sp.gov.br\/wp_site\/portalbienal\/wp-content\/uploads\/sites\/22\/2024\/03\/IMG-20240325-WA0001-1024x682.jpg\" alt=\"\" class=\"wp-image-9152\" srcset=\"https:\/\/portaleducacao.guarulhos.sp.gov.br\/wp_site\/portalbienal\/wp-content\/uploads\/sites\/22\/2024\/03\/IMG-20240325-WA0001-1024x682.jpg 1024w, https:\/\/portaleducacao.guarulhos.sp.gov.br\/wp_site\/portalbienal\/wp-content\/uploads\/sites\/22\/2024\/03\/IMG-20240325-WA0001-300x200.jpg 300w, https:\/\/portaleducacao.guarulhos.sp.gov.br\/wp_site\/portalbienal\/wp-content\/uploads\/sites\/22\/2024\/03\/IMG-20240325-WA0001-768x512.jpg 768w, https:\/\/portaleducacao.guarulhos.sp.gov.br\/wp_site\/portalbienal\/wp-content\/uploads\/sites\/22\/2024\/03\/IMG-20240325-WA0001-1536x1023.jpg 1536w, https:\/\/portaleducacao.guarulhos.sp.gov.br\/wp_site\/portalbienal\/wp-content\/uploads\/sites\/22\/2024\/03\/IMG-20240325-WA0001.jpg 1600w\" sizes=\"(max-width: 1024px) 100vw, 1024px\" \/><\/figure>\n\n\n\n<p>A Bienal contou tamb\u00e9m com 60 espa\u00e7os para estandes e mais de 40 editoras, expositores e distribuidoras que movimentaram a venda de livros com t\u00edtulos variados e pre\u00e7os atrativos. A Bienal tamb\u00e9m fomentou o com\u00e9rcio local em sua pra\u00e7a de alimenta\u00e7\u00e3o com grande variedade gastron\u00f4mica e culin\u00e1ria especializada para diferentes apetites.<\/p>\n\n\n\n<p>\u201cN\u00e3o exagero ao dizer que \u00e9 o maior evento da cidade. Essa edi\u00e7\u00e3o teve um n\u00famero expressivo de visitantes em rela\u00e7\u00e3o \u00e0 anterior e j\u00e1 somos a segunda maior feira liter\u00e1ria do pa\u00eds depois da Bienal de S\u00e3o Paulo\u201d, comemorou o Secret\u00e1rio de Educa\u00e7\u00e3o Alex Viterale, lembrando da complexidade para realiza\u00e7\u00e3o da Bienal e do trabalho de in\u00fameros servidores da Secretaria de Educa\u00e7\u00e3o.<\/p>\n\n\n\n<p>Outro dado impactante foi a visita\u00e7\u00e3o de mais de 24 mil alunos de 219 escolas da rede municipal e sua participa\u00e7\u00e3o nas conta\u00e7\u00f5es de hist\u00f3rias nos audit\u00f3rios e lounge e, tamb\u00e9m, nas experi\u00eancias imersivas da \u00e1rea gamer, que agu\u00e7aram a criatividade e o fasc\u00ednio pelas viagens e novas culturas. A Bienal tamb\u00e9m registrou a visita\u00e7\u00e3o de in\u00fameras escolas estaduais e particulares e, por meio do Programa Mais Futuro e do projeto <a href=\"https:\/\/portaleducacao.guarulhos.sp.gov.br\/wp_site\/portalbienal\/tag\/partiu360\/\">#Partiu360<\/a>, as comunidades dos CEUs tamb\u00e9m visitaram o pavilh\u00e3o do Espa\u00e7o Inter, oportunidade ofertada a aproximadamente 700 pessoas.<\/p>\n\n\n\n<p>A terceira edi\u00e7\u00e3o reuniu ainda mais de 90 escritores de Guarulhos, que al\u00e9m de receber seus leitores para fotos e aut\u00f3grafos na bancada Autores Guarulhenses, tamb\u00e9m comercializaram suas obras em estande exclusivo, local privilegiado e com grande circula\u00e7\u00e3o de pessoas. Vale destacar suas participa\u00e7\u00f5es na programa\u00e7\u00e3o com bate-papos e palestras nos audit\u00f3rios sobre os mais variados temas.<\/p>\n\n\n\n<figure class=\"wp-block-image size-large\"><img loading=\"lazy\" width=\"1024\" height=\"683\" src=\"https:\/\/portaleducacao.guarulhos.sp.gov.br\/wp_site\/portalbienal\/wp-content\/uploads\/sites\/22\/2024\/03\/Bienal_Camila-Rhodes-9776-1024x683.jpg\" alt=\"\" class=\"wp-image-9153\" srcset=\"https:\/\/portaleducacao.guarulhos.sp.gov.br\/wp_site\/portalbienal\/wp-content\/uploads\/sites\/22\/2024\/03\/Bienal_Camila-Rhodes-9776-1024x683.jpg 1024w, https:\/\/portaleducacao.guarulhos.sp.gov.br\/wp_site\/portalbienal\/wp-content\/uploads\/sites\/22\/2024\/03\/Bienal_Camila-Rhodes-9776-300x200.jpg 300w, https:\/\/portaleducacao.guarulhos.sp.gov.br\/wp_site\/portalbienal\/wp-content\/uploads\/sites\/22\/2024\/03\/Bienal_Camila-Rhodes-9776-768x512.jpg 768w, https:\/\/portaleducacao.guarulhos.sp.gov.br\/wp_site\/portalbienal\/wp-content\/uploads\/sites\/22\/2024\/03\/Bienal_Camila-Rhodes-9776-1536x1024.jpg 1536w, https:\/\/portaleducacao.guarulhos.sp.gov.br\/wp_site\/portalbienal\/wp-content\/uploads\/sites\/22\/2024\/03\/Bienal_Camila-Rhodes-9776-2048x1365.jpg 2048w\" sizes=\"(max-width: 1024px) 100vw, 1024px\" \/><\/figure>\n\n\n\n<p>A Secretaria de Educa\u00e7\u00e3o beneficiou cerca de oito mil profissionais da Educa\u00e7\u00e3o e colaboradores com o CrediLivro no valor de R$ 200,00 para amplia\u00e7\u00e3o do acervo pessoal. Os alunos da rede municipal que visitaram a Bienal junto com a unidade escolar tamb\u00e9m receberam cr\u00e9dito de R$20,00 para aquisi\u00e7\u00e3o de obras liter\u00e1rias, um investimento de mais de R$ 2 milh\u00f5es.<\/p>\n\n\n\n<p>A programa\u00e7\u00e3o voltada ao p\u00fablico infantil lotou permanentemente os audit\u00f3rios e ofereceu conta\u00e7\u00f5es de hist\u00f3rias com Faf\u00e1 Conta, Camila Soares, Silvana Salerno e Filipe Macedo, espet\u00e1culos interativos que agitaram a crian\u00e7ada, como o espet\u00e1culo teatral Aventuras de Pin\u00f3quio na Terra do Cordel, com a Companhia AMO Entretenimento, o Show do Bob Zoom \u2013 O Musical, o Show da Luna, Ao Vivo!, o grupo Barbatuques com o espet\u00e1culo Barbatuquices, Beatles para Crian\u00e7as e O Di\u00e1rio de Mika, atra\u00e7\u00e3o surpresa que divertiu os pequenos e suas fam\u00edlias.<\/p>\n\n\n\n<p>O maior evento liter\u00e1rio de Guarulhos tamb\u00e9m ganhou destaque tanto nas redes sociais da Prefeitura de Guarulhos e de influenciadores digitais quanto na imprensa local e da grande S\u00e3o Paulo. Vale destacar o riqu\u00edssimo conte\u00fado gerado no perfil da Bienal do Livro no Instagram (<a href=\"https:\/\/portaleducacao.guarulhos.sp.gov.br\/wp_site\/portalbienal\/wp-content\/uploads\/sites\/22\/2024\/02\/bannerAtual-1.jpg\" target=\"_blank\" rel=\"noreferrer noopener\">@bienaldolivrogru<\/a>), que dobrou a quantidade de seguidores em apenas dois meses e chegou \u00e0 marca de 16 mil seguidores e mais de 200 mil contas alcan\u00e7adas.<\/p>\n\n\n\n<p>A 3\u00aa Bienal Internacional do Livro de Guarulhos tamb\u00e9m registrou imagens da programa\u00e7\u00e3o e entrevistas com mais de 35 escritores e convidados no podcast Conex\u00e3o Bienal, com transmiss\u00e3o ao vivo e dispon\u00edvel no canal do YouTube do Portal SE (<a href=\"https:\/\/youtube.com\/playlist?list=PL9Afd2a5oM1PXfFm8h76Q2tDoKMXuYImb&amp;si=Q6zLfawzGLsBb7R3\">https:\/\/www.youtube.com\/@conexaobienal<\/a>).<\/p>\n\n\n\n<p>\u201cA sensa\u00e7\u00e3o \u00e9 de dever cumprido. As pessoas est\u00e3o deixando a Bienal elogiando o evento em sua plenitude, sua programa\u00e7\u00e3o, estrutura e organiza\u00e7\u00e3o com muito carinho e isso nos indica um resultado bastante satisfat\u00f3rio\u201d, comemorou a subsecret\u00e1ria de Educa\u00e7\u00e3o F\u00e1bia Costa.<\/p>\n\n\n\n<p>A realiza\u00e7\u00e3o deste evento pela Prefeitura de Guarulhos em celebra\u00e7\u00e3o ao livro e \u00e0 literatura foi alcan\u00e7ada por meio do suporte e apoio dos servidores da Secretaria de Educa\u00e7\u00e3o, equipes dos CEUs da cidade, Centros de Incentivo \u00e0 Leitura e demais espa\u00e7os educacionais, al\u00e9m das secretarias de Transportes e Mobilidade Urbana, Servi\u00e7os P\u00fablicos, Seguran\u00e7a P\u00fablica e a Guarda Civil Municipal.<\/p>\n\n\n\n<figure class=\"wp-container-2 wp-block-gallery-1 wp-block-gallery has-nested-images columns-2 is-cropped\">\n<figure class=\"wp-block-image size-large\"><img loading=\"lazy\" width=\"1024\" height=\"682\" data-id=\"9154\"  src=\"https:\/\/portaleducacao.guarulhos.sp.gov.br\/wp_site\/portalbienal\/wp-content\/uploads\/sites\/22\/2024\/03\/IMG-20240325-WA0002-1024x682.jpg\" alt=\"\" class=\"wp-image-9154\" srcset=\"https:\/\/portaleducacao.guarulhos.sp.gov.br\/wp_site\/portalbienal\/wp-content\/uploads\/sites\/22\/2024\/03\/IMG-20240325-WA0002-1024x682.jpg 1024w, https:\/\/portaleducacao.guarulhos.sp.gov.br\/wp_site\/portalbienal\/wp-content\/uploads\/sites\/22\/2024\/03\/IMG-20240325-WA0002-300x200.jpg 300w, https:\/\/portaleducacao.guarulhos.sp.gov.br\/wp_site\/portalbienal\/wp-content\/uploads\/sites\/22\/2024\/03\/IMG-20240325-WA0002-768x512.jpg 768w, https:\/\/portaleducacao.guarulhos.sp.gov.br\/wp_site\/portalbienal\/wp-content\/uploads\/sites\/22\/2024\/03\/IMG-20240325-WA0002-1536x1023.jpg 1536w, https:\/\/portaleducacao.guarulhos.sp.gov.br\/wp_site\/portalbienal\/wp-content\/uploads\/sites\/22\/2024\/03\/IMG-20240325-WA0002.jpg 1600w\" sizes=\"(max-width: 1024px) 100vw, 1024px\" \/><\/figure>\n\n\n\n<figure class=\"wp-block-image size-large\"><img loading=\"lazy\" width=\"1024\" height=\"682\" data-id=\"9155\"  src=\"https:\/\/portaleducacao.guarulhos.sp.gov.br\/wp_site\/portalbienal\/wp-content\/uploads\/sites\/22\/2024\/03\/IMG-20240325-WA0005-1024x682.jpg\" alt=\"\" class=\"wp-image-9155\" srcset=\"https:\/\/portaleducacao.guarulhos.sp.gov.br\/wp_site\/portalbienal\/wp-content\/uploads\/sites\/22\/2024\/03\/IMG-20240325-WA0005-1024x682.jpg 1024w, https:\/\/portaleducacao.guarulhos.sp.gov.br\/wp_site\/portalbienal\/wp-content\/uploads\/sites\/22\/2024\/03\/IMG-20240325-WA0005-300x200.jpg 300w, https:\/\/portaleducacao.guarulhos.sp.gov.br\/wp_site\/portalbienal\/wp-content\/uploads\/sites\/22\/2024\/03\/IMG-20240325-WA0005-768x512.jpg 768w, https:\/\/portaleducacao.guarulhos.sp.gov.br\/wp_site\/portalbienal\/wp-content\/uploads\/sites\/22\/2024\/03\/IMG-20240325-WA0005-1536x1023.jpg 1536w, https:\/\/portaleducacao.guarulhos.sp.gov.br\/wp_site\/portalbienal\/wp-content\/uploads\/sites\/22\/2024\/03\/IMG-20240325-WA0005.jpg 1600w\" sizes=\"(max-width: 1024px) 100vw, 1024px\" \/><\/figure>\n\n\n\n<figure class=\"wp-block-image size-large\"><img loading=\"lazy\" width=\"1024\" height=\"683\" data-id=\"9165\"  src=\"https:\/\/portaleducacao.guarulhos.sp.gov.br\/wp_site\/portalbienal\/wp-content\/uploads\/sites\/22\/2024\/03\/Bienal_Camila-Rhodes-9776-1-1024x683.jpg\" alt=\"\" class=\"wp-image-9165\" srcset=\"https:\/\/portaleducacao.guarulhos.sp.gov.br\/wp_site\/portalbienal\/wp-content\/uploads\/sites\/22\/2024\/03\/Bienal_Camila-Rhodes-9776-1-1024x683.jpg 1024w, https:\/\/portaleducacao.guarulhos.sp.gov.br\/wp_site\/portalbienal\/wp-content\/uploads\/sites\/22\/2024\/03\/Bienal_Camila-Rhodes-9776-1-300x200.jpg 300w, https:\/\/portaleducacao.guarulhos.sp.gov.br\/wp_site\/portalbienal\/wp-content\/uploads\/sites\/22\/2024\/03\/Bienal_Camila-Rhodes-9776-1-768x512.jpg 768w, https:\/\/portaleducacao.guarulhos.sp.gov.br\/wp_site\/portalbienal\/wp-content\/uploads\/sites\/22\/2024\/03\/Bienal_Camila-Rhodes-9776-1-1536x1024.jpg 1536w, https:\/\/portaleducacao.guarulhos.sp.gov.br\/wp_site\/portalbienal\/wp-content\/uploads\/sites\/22\/2024\/03\/Bienal_Camila-Rhodes-9776-1-2048x1365.jpg 2048w\" sizes=\"(max-width: 1024px) 100vw, 1024px\" \/><\/figure>\n\n\n\n<figure class=\"wp-block-image size-large\"><img loading=\"lazy\" width=\"1024\" height=\"682\" data-id=\"9156\"  src=\"https:\/\/portaleducacao.guarulhos.sp.gov.br\/wp_site\/portalbienal\/wp-content\/uploads\/sites\/22\/2024\/03\/Imagem-do-WhatsApp-de-2024-03-24-as-13.04.26_9142d4e8-1024x682.jpg\" alt=\"\" class=\"wp-image-9156\" srcset=\"https:\/\/portaleducacao.guarulhos.sp.gov.br\/wp_site\/portalbienal\/wp-content\/uploads\/sites\/22\/2024\/03\/Imagem-do-WhatsApp-de-2024-03-24-as-13.04.26_9142d4e8-1024x682.jpg 1024w, https:\/\/portaleducacao.guarulhos.sp.gov.br\/wp_site\/portalbienal\/wp-content\/uploads\/sites\/22\/2024\/03\/Imagem-do-WhatsApp-de-2024-03-24-as-13.04.26_9142d4e8-300x200.jpg 300w, https:\/\/portaleducacao.guarulhos.sp.gov.br\/wp_site\/portalbienal\/wp-content\/uploads\/sites\/22\/2024\/03\/Imagem-do-WhatsApp-de-2024-03-24-as-13.04.26_9142d4e8-768x512.jpg 768w, https:\/\/portaleducacao.guarulhos.sp.gov.br\/wp_site\/portalbienal\/wp-content\/uploads\/sites\/22\/2024\/03\/Imagem-do-WhatsApp-de-2024-03-24-as-13.04.26_9142d4e8-1536x1023.jpg 1536w, https:\/\/portaleducacao.guarulhos.sp.gov.br\/wp_site\/portalbienal\/wp-content\/uploads\/sites\/22\/2024\/03\/Imagem-do-WhatsApp-de-2024-03-24-as-13.04.26_9142d4e8.jpg 1600w\" sizes=\"(max-width: 1024px) 100vw, 1024px\" \/><\/figure>\n\n\n\n<figure class=\"wp-block-image size-large\"><img loading=\"lazy\" width=\"1024\" height=\"682\" data-id=\"9157\"  src=\"https:\/\/portaleducacao.guarulhos.sp.gov.br\/wp_site\/portalbienal\/wp-content\/uploads\/sites\/22\/2024\/03\/Imagem-do-WhatsApp-de-2024-03-24-as-13.04.27_34b88002-1024x682.jpg\" alt=\"\" class=\"wp-image-9157\" srcset=\"https:\/\/portaleducacao.guarulhos.sp.gov.br\/wp_site\/portalbienal\/wp-content\/uploads\/sites\/22\/2024\/03\/Imagem-do-WhatsApp-de-2024-03-24-as-13.04.27_34b88002-1024x682.jpg 1024w, https:\/\/portaleducacao.guarulhos.sp.gov.br\/wp_site\/portalbienal\/wp-content\/uploads\/sites\/22\/2024\/03\/Imagem-do-WhatsApp-de-2024-03-24-as-13.04.27_34b88002-300x200.jpg 300w, https:\/\/portaleducacao.guarulhos.sp.gov.br\/wp_site\/portalbienal\/wp-content\/uploads\/sites\/22\/2024\/03\/Imagem-do-WhatsApp-de-2024-03-24-as-13.04.27_34b88002-768x512.jpg 768w, https:\/\/portaleducacao.guarulhos.sp.gov.br\/wp_site\/portalbienal\/wp-content\/uploads\/sites\/22\/2024\/03\/Imagem-do-WhatsApp-de-2024-03-24-as-13.04.27_34b88002-1536x1023.jpg 1536w, https:\/\/portaleducacao.guarulhos.sp.gov.br\/wp_site\/portalbienal\/wp-content\/uploads\/sites\/22\/2024\/03\/Imagem-do-WhatsApp-de-2024-03-24-as-13.04.27_34b88002.jpg 1600w\" sizes=\"(max-width: 1024px) 100vw, 1024px\" \/><\/figure>\n\n\n\n<figure class=\"wp-block-image size-large\"><img loading=\"lazy\" width=\"1024\" height=\"682\" data-id=\"9164\"  src=\"https:\/\/portaleducacao.guarulhos.sp.gov.br\/wp_site\/portalbienal\/wp-content\/uploads\/sites\/22\/2024\/03\/Imagem-do-WhatsApp-de-2024-03-24-as-13.15.53_42da5f24-1024x682.jpg\" alt=\"\" class=\"wp-image-9164\" srcset=\"https:\/\/portaleducacao.guarulhos.sp.gov.br\/wp_site\/portalbienal\/wp-content\/uploads\/sites\/22\/2024\/03\/Imagem-do-WhatsApp-de-2024-03-24-as-13.15.53_42da5f24-1024x682.jpg 1024w, https:\/\/portaleducacao.guarulhos.sp.gov.br\/wp_site\/portalbienal\/wp-content\/uploads\/sites\/22\/2024\/03\/Imagem-do-WhatsApp-de-2024-03-24-as-13.15.53_42da5f24-300x200.jpg 300w, https:\/\/portaleducacao.guarulhos.sp.gov.br\/wp_site\/portalbienal\/wp-content\/uploads\/sites\/22\/2024\/03\/Imagem-do-WhatsApp-de-2024-03-24-as-13.15.53_42da5f24-768x512.jpg 768w, https:\/\/portaleducacao.guarulhos.sp.gov.br\/wp_site\/portalbienal\/wp-content\/uploads\/sites\/22\/2024\/03\/Imagem-do-WhatsApp-de-2024-03-24-as-13.15.53_42da5f24-1536x1023.jpg 1536w, https:\/\/portaleducacao.guarulhos.sp.gov.br\/wp_site\/portalbienal\/wp-content\/uploads\/sites\/22\/2024\/03\/Imagem-do-WhatsApp-de-2024-03-24-as-13.15.53_42da5f24.jpg 1600w\" sizes=\"(max-width: 1024px) 100vw, 1024px\" \/><\/figure>\n\n\n\n<figure class=\"wp-block-image size-large\"><img loading=\"lazy\" width=\"1024\" height=\"682\" data-id=\"9166\"  src=\"https:\/\/portaleducacao.guarulhos.sp.gov.br\/wp_site\/portalbienal\/wp-content\/uploads\/sites\/22\/2024\/03\/Imagem-do-WhatsApp-de-2024-03-24-as-13.15.53_cc131890-1024x682.jpg\" alt=\"\" class=\"wp-image-9166\" srcset=\"https:\/\/portaleducacao.guarulhos.sp.gov.br\/wp_site\/portalbienal\/wp-content\/uploads\/sites\/22\/2024\/03\/Imagem-do-WhatsApp-de-2024-03-24-as-13.15.53_cc131890-1024x682.jpg 1024w, https:\/\/portaleducacao.guarulhos.sp.gov.br\/wp_site\/portalbienal\/wp-content\/uploads\/sites\/22\/2024\/03\/Imagem-do-WhatsApp-de-2024-03-24-as-13.15.53_cc131890-300x200.jpg 300w, https:\/\/portaleducacao.guarulhos.sp.gov.br\/wp_site\/portalbienal\/wp-content\/uploads\/sites\/22\/2024\/03\/Imagem-do-WhatsApp-de-2024-03-24-as-13.15.53_cc131890-768x512.jpg 768w, https:\/\/portaleducacao.guarulhos.sp.gov.br\/wp_site\/portalbienal\/wp-content\/uploads\/sites\/22\/2024\/03\/Imagem-do-WhatsApp-de-2024-03-24-as-13.15.53_cc131890-1536x1023.jpg 1536w, https:\/\/portaleducacao.guarulhos.sp.gov.br\/wp_site\/portalbienal\/wp-content\/uploads\/sites\/22\/2024\/03\/Imagem-do-WhatsApp-de-2024-03-24-as-13.15.53_cc131890.jpg 1600w\" sizes=\"(max-width: 1024px) 100vw, 1024px\" \/><\/figure>\n\n\n\n<figure class=\"wp-block-image size-large\"><img loading=\"lazy\" width=\"1024\" height=\"682\" data-id=\"9167\"  src=\"https:\/\/portaleducacao.guarulhos.sp.gov.br\/wp_site\/portalbienal\/wp-content\/uploads\/sites\/22\/2024\/03\/Imagem-do-WhatsApp-de-2024-03-24-as-17.39.36_20f5018c-1024x682.jpg\" alt=\"\" class=\"wp-image-9167\" srcset=\"https:\/\/portaleducacao.guarulhos.sp.gov.br\/wp_site\/portalbienal\/wp-content\/uploads\/sites\/22\/2024\/03\/Imagem-do-WhatsApp-de-2024-03-24-as-17.39.36_20f5018c-1024x682.jpg 1024w, https:\/\/portaleducacao.guarulhos.sp.gov.br\/wp_site\/portalbienal\/wp-content\/uploads\/sites\/22\/2024\/03\/Imagem-do-WhatsApp-de-2024-03-24-as-17.39.36_20f5018c-300x200.jpg 300w, https:\/\/portaleducacao.guarulhos.sp.gov.br\/wp_site\/portalbienal\/wp-content\/uploads\/sites\/22\/2024\/03\/Imagem-do-WhatsApp-de-2024-03-24-as-17.39.36_20f5018c-768x512.jpg 768w, https:\/\/portaleducacao.guarulhos.sp.gov.br\/wp_site\/portalbienal\/wp-content\/uploads\/sites\/22\/2024\/03\/Imagem-do-WhatsApp-de-2024-03-24-as-17.39.36_20f5018c-1536x1023.jpg 1536w, https:\/\/portaleducacao.guarulhos.sp.gov.br\/wp_site\/portalbienal\/wp-content\/uploads\/sites\/22\/2024\/03\/Imagem-do-WhatsApp-de-2024-03-24-as-17.39.36_20f5018c.jpg 1600w\" sizes=\"(max-width: 1024px) 100vw, 1024px\" \/><\/figure>\n\n\n\n<figure class=\"wp-block-image size-large\"><img loading=\"lazy\" width=\"1024\" height=\"682\" data-id=\"9163\"  src=\"https:\/\/portaleducacao.guarulhos.sp.gov.br\/wp_site\/portalbienal\/wp-content\/uploads\/sites\/22\/2024\/03\/Imagem-do-WhatsApp-de-2024-03-24-as-17.43.22_fc910be8-1024x682.jpg\" alt=\"\" class=\"wp-image-9163\" srcset=\"https:\/\/portaleducacao.guarulhos.sp.gov.br\/wp_site\/portalbienal\/wp-content\/uploads\/sites\/22\/2024\/03\/Imagem-do-WhatsApp-de-2024-03-24-as-17.43.22_fc910be8-1024x682.jpg 1024w, https:\/\/portaleducacao.guarulhos.sp.gov.br\/wp_site\/portalbienal\/wp-content\/uploads\/sites\/22\/2024\/03\/Imagem-do-WhatsApp-de-2024-03-24-as-17.43.22_fc910be8-300x200.jpg 300w, https:\/\/portaleducacao.guarulhos.sp.gov.br\/wp_site\/portalbienal\/wp-content\/uploads\/sites\/22\/2024\/03\/Imagem-do-WhatsApp-de-2024-03-24-as-17.43.22_fc910be8-768x512.jpg 768w, https:\/\/portaleducacao.guarulhos.sp.gov.br\/wp_site\/portalbienal\/wp-content\/uploads\/sites\/22\/2024\/03\/Imagem-do-WhatsApp-de-2024-03-24-as-17.43.22_fc910be8-1536x1023.jpg 1536w, https:\/\/portaleducacao.guarulhos.sp.gov.br\/wp_site\/portalbienal\/wp-content\/uploads\/sites\/22\/2024\/03\/Imagem-do-WhatsApp-de-2024-03-24-as-17.43.22_fc910be8.jpg 1600w\" sizes=\"(max-width: 1024px) 100vw, 1024px\" \/><\/figure>\n\n\n\n<figure class=\"wp-block-image size-large\"><img loading=\"lazy\" width=\"1024\" height=\"682\" data-id=\"9162\"  src=\"https:\/\/portaleducacao.guarulhos.sp.gov.br\/wp_site\/portalbienal\/wp-content\/uploads\/sites\/22\/2024\/03\/Imagem-do-WhatsApp-de-2024-03-24-as-19.15.52_216ddb69-1024x682.jpg\" alt=\"\" class=\"wp-image-9162\" srcset=\"https:\/\/portaleducacao.guarulhos.sp.gov.br\/wp_site\/portalbienal\/wp-content\/uploads\/sites\/22\/2024\/03\/Imagem-do-WhatsApp-de-2024-03-24-as-19.15.52_216ddb69-1024x682.jpg 1024w, https:\/\/portaleducacao.guarulhos.sp.gov.br\/wp_site\/portalbienal\/wp-content\/uploads\/sites\/22\/2024\/03\/Imagem-do-WhatsApp-de-2024-03-24-as-19.15.52_216ddb69-300x200.jpg 300w, https:\/\/portaleducacao.guarulhos.sp.gov.br\/wp_site\/portalbienal\/wp-content\/uploads\/sites\/22\/2024\/03\/Imagem-do-WhatsApp-de-2024-03-24-as-19.15.52_216ddb69-768x512.jpg 768w, https:\/\/portaleducacao.guarulhos.sp.gov.br\/wp_site\/portalbienal\/wp-content\/uploads\/sites\/22\/2024\/03\/Imagem-do-WhatsApp-de-2024-03-24-as-19.15.52_216ddb69-1536x1023.jpg 1536w, https:\/\/portaleducacao.guarulhos.sp.gov.br\/wp_site\/portalbienal\/wp-content\/uploads\/sites\/22\/2024\/03\/Imagem-do-WhatsApp-de-2024-03-24-as-19.15.52_216ddb69.jpg 1600w\" sizes=\"(max-width: 1024px) 100vw, 1024px\" \/><\/figure>\n\n\n\n<figure class=\"wp-block-image size-large\"><img loading=\"lazy\" width=\"1024\" height=\"682\" data-id=\"9160\"  src=\"https:\/\/portaleducacao.guarulhos.sp.gov.br\/wp_site\/portalbienal\/wp-content\/uploads\/sites\/22\/2024\/03\/Imagem-do-WhatsApp-de-2024-03-24-as-19.15.52_ad7497c3-1024x682.jpg\" alt=\"\" class=\"wp-image-9160\" srcset=\"https:\/\/portaleducacao.guarulhos.sp.gov.br\/wp_site\/portalbienal\/wp-content\/uploads\/sites\/22\/2024\/03\/Imagem-do-WhatsApp-de-2024-03-24-as-19.15.52_ad7497c3-1024x682.jpg 1024w, https:\/\/portaleducacao.guarulhos.sp.gov.br\/wp_site\/portalbienal\/wp-content\/uploads\/sites\/22\/2024\/03\/Imagem-do-WhatsApp-de-2024-03-24-as-19.15.52_ad7497c3-300x200.jpg 300w, https:\/\/portaleducacao.guarulhos.sp.gov.br\/wp_site\/portalbienal\/wp-content\/uploads\/sites\/22\/2024\/03\/Imagem-do-WhatsApp-de-2024-03-24-as-19.15.52_ad7497c3-768x512.jpg 768w, https:\/\/portaleducacao.guarulhos.sp.gov.br\/wp_site\/portalbienal\/wp-content\/uploads\/sites\/22\/2024\/03\/Imagem-do-WhatsApp-de-2024-03-24-as-19.15.52_ad7497c3-1536x1023.jpg 1536w, https:\/\/portaleducacao.guarulhos.sp.gov.br\/wp_site\/portalbienal\/wp-content\/uploads\/sites\/22\/2024\/03\/Imagem-do-WhatsApp-de-2024-03-24-as-19.15.52_ad7497c3.jpg 1600w\" sizes=\"(max-width: 1024px) 100vw, 1024px\" \/><\/figure>\n\n\n\n<figure class=\"wp-block-image size-large\"><img loading=\"lazy\" width=\"1024\" height=\"682\" data-id=\"9159\"  src=\"https:\/\/portaleducacao.guarulhos.sp.gov.br\/wp_site\/portalbienal\/wp-content\/uploads\/sites\/22\/2024\/03\/Imagem-do-WhatsApp-de-2024-03-24-as-19.15.52_ff3d3149-1024x682.jpg\" alt=\"\" class=\"wp-image-9159\" srcset=\"https:\/\/portaleducacao.guarulhos.sp.gov.br\/wp_site\/portalbienal\/wp-content\/uploads\/sites\/22\/2024\/03\/Imagem-do-WhatsApp-de-2024-03-24-as-19.15.52_ff3d3149-1024x682.jpg 1024w, https:\/\/portaleducacao.guarulhos.sp.gov.br\/wp_site\/portalbienal\/wp-content\/uploads\/sites\/22\/2024\/03\/Imagem-do-WhatsApp-de-2024-03-24-as-19.15.52_ff3d3149-300x200.jpg 300w, https:\/\/portaleducacao.guarulhos.sp.gov.br\/wp_site\/portalbienal\/wp-content\/uploads\/sites\/22\/2024\/03\/Imagem-do-WhatsApp-de-2024-03-24-as-19.15.52_ff3d3149-768x512.jpg 768w, https:\/\/portaleducacao.guarulhos.sp.gov.br\/wp_site\/portalbienal\/wp-content\/uploads\/sites\/22\/2024\/03\/Imagem-do-WhatsApp-de-2024-03-24-as-19.15.52_ff3d3149-1536x1023.jpg 1536w, https:\/\/portaleducacao.guarulhos.sp.gov.br\/wp_site\/portalbienal\/wp-content\/uploads\/sites\/22\/2024\/03\/Imagem-do-WhatsApp-de-2024-03-24-as-19.15.52_ff3d3149.jpg 1600w\" sizes=\"(max-width: 1024px) 100vw, 1024px\" \/><\/figure>\n\n\n\n<figure class=\"wp-block-image size-large\"><img loading=\"lazy\" width=\"1024\" height=\"682\" data-id=\"9161\"  src=\"https:\/\/portaleducacao.guarulhos.sp.gov.br\/wp_site\/portalbienal\/wp-content\/uploads\/sites\/22\/2024\/03\/Imagem-do-WhatsApp-de-2024-03-24-as-19.45.27_6d3d5219-1024x682.jpg\" alt=\"\" class=\"wp-image-9161\" srcset=\"https:\/\/portaleducacao.guarulhos.sp.gov.br\/wp_site\/portalbienal\/wp-content\/uploads\/sites\/22\/2024\/03\/Imagem-do-WhatsApp-de-2024-03-24-as-19.45.27_6d3d5219-1024x682.jpg 1024w, https:\/\/portaleducacao.guarulhos.sp.gov.br\/wp_site\/portalbienal\/wp-content\/uploads\/sites\/22\/2024\/03\/Imagem-do-WhatsApp-de-2024-03-24-as-19.45.27_6d3d5219-300x200.jpg 300w, https:\/\/portaleducacao.guarulhos.sp.gov.br\/wp_site\/portalbienal\/wp-content\/uploads\/sites\/22\/2024\/03\/Imagem-do-WhatsApp-de-2024-03-24-as-19.45.27_6d3d5219-768x512.jpg 768w, https:\/\/portaleducacao.guarulhos.sp.gov.br\/wp_site\/portalbienal\/wp-content\/uploads\/sites\/22\/2024\/03\/Imagem-do-WhatsApp-de-2024-03-24-as-19.45.27_6d3d5219-1536x1023.jpg 1536w, https:\/\/portaleducacao.guarulhos.sp.gov.br\/wp_site\/portalbienal\/wp-content\/uploads\/sites\/22\/2024\/03\/Imagem-do-WhatsApp-de-2024-03-24-as-19.45.27_6d3d5219.jpg 1600w\" sizes=\"(max-width: 1024px) 100vw, 1024px\" \/><\/figure>\n\n\n\n<figure class=\"wp-block-image size-large\"><img loading=\"lazy\" width=\"1024\" height=\"682\" data-id=\"9158\"  src=\"https:\/\/portaleducacao.guarulhos.sp.gov.br\/wp_site\/portalbienal\/wp-content\/uploads\/sites\/22\/2024\/03\/IMG-20240325-WA0001-1-1024x682.jpg\" alt=\"\" class=\"wp-image-9158\" srcset=\"https:\/\/portaleducacao.guarulhos.sp.gov.br\/wp_site\/portalbienal\/wp-content\/uploads\/sites\/22\/2024\/03\/IMG-20240325-WA0001-1-1024x682.jpg 1024w, https:\/\/portaleducacao.guarulhos.sp.gov.br\/wp_site\/portalbienal\/wp-content\/uploads\/sites\/22\/2024\/03\/IMG-20240325-WA0001-1-300x200.jpg 300w, https:\/\/portaleducacao.guarulhos.sp.gov.br\/wp_site\/portalbienal\/wp-content\/uploads\/sites\/22\/2024\/03\/IMG-20240325-WA0001-1-768x512.jpg 768w, https:\/\/portaleducacao.guarulhos.sp.gov.br\/wp_site\/portalbienal\/wp-content\/uploads\/sites\/22\/2024\/03\/IMG-20240325-WA0001-1-1536x1023.jpg 1536w, https:\/\/portaleducacao.guarulhos.sp.gov.br\/wp_site\/portalbienal\/wp-content\/uploads\/sites\/22\/2024\/03\/IMG-20240325-WA0001-1.jpg 1600w\" sizes=\"(max-width: 1024px) 100vw, 1024px\" \/><\/figure>\n<\/figure>\n","protected":false},"excerpt":{"rendered":"<p>Mais de 200 mil pessoas passaram pelo pavilh\u00e3o do Espa\u00e7o Inter durante os dez dias da 3\u00aa Bienal Internacional do Livro de Guarulhos. No \u00faltimo domingo (24), o p\u00fablico prestigiou &hellip;<\/p>\n<p class=\"read-more\"> <a class=\"\" href=\"https:\/\/portaleducacao.guarulhos.sp.gov.br\/wp_site\/portalbienal\/2024\/03\/25\/mais-de-200-mil-pessoas-visitam-a-3a-bienal-internacional-do-livro-de-guarulhos\/\"> <span class=\"screen-reader-text\">Mais de 200 mil pessoas visitam a 3\u00aa Bienal Internacional do Livro de Guarulhos<\/span> Leia mais &raquo;<\/a><\/p>\n","protected":false},"author":12,"featured_media":9151,"comment_status":"open","ping_status":"open","sticky":false,"template":"","format":"standard","meta":{"_monsterinsights_skip_tracking":false,"_monsterinsights_sitenote_active":false,"_monsterinsights_sitenote_note":"","_monsterinsights_sitenote_category":0,"site-sidebar-layout":"default","site-content-layout":"default","ast-global-header-display":"","ast-main-header-display":"","ast-hfb-above-header-display":"","ast-hfb-below-header-display":"","ast-hfb-mobile-header-display":"","site-post-title":"","ast-breadcrumbs-content":"","ast-featured-img":"","footer-sml-layout":"","theme-transparent-header-meta":"","adv-header-id-meta":"","stick-header-meta":"","header-above-stick-meta":"","header-main-stick-meta":"","header-below-stick-meta":"","_expiration-date-status":"","_expiration-date":0,"_expiration-date-type":"","_expiration-date-categories":[],"_expiration-date-options":[]},"categories":[39,37,40,1],"tags":[47],"yoast_head":"<!-- This site is optimized with the Yoast SEO plugin v19.7.1 - https:\/\/yoast.com\/wordpress\/plugins\/seo\/ -->\r\n<title>Mais de 200 mil pessoas visitam a 3\u00aa Bienal Internacional do Livro de Guarulhos - Bienal do Livro de Guarulhos - 2024<\/title>\r\n<meta name=\"robots\" content=\"index, follow, max-snippet:-1, max-image-preview:large, max-video-preview:-1\" \/>\r\n<link rel=\"canonical\" href=\"https:\/\/portaleducacao.guarulhos.sp.gov.br\/wp_site\/portalbienal\/2024\/03\/25\/mais-de-200-mil-pessoas-visitam-a-3a-bienal-internacional-do-livro-de-guarulhos\/\" \/>\r\n<meta property=\"og:locale\" content=\"pt_BR\" \/>\r\n<meta property=\"og:type\" content=\"article\" \/>\r\n<meta property=\"og:title\" content=\"Mais de 200 mil pessoas visitam a 3\u00aa Bienal Internacional do Livro de Guarulhos - Bienal do Livro de Guarulhos - 2024\" \/>\r\n<meta property=\"og:description\" content=\"Mais de 200 mil pessoas passaram pelo pavilh\u00e3o do Espa\u00e7o Inter durante os dez dias da 3\u00aa Bienal Internacional do Livro de Guarulhos. No \u00faltimo domingo (24), o p\u00fablico prestigiou &hellip; Mais de 200 mil pessoas visitam a 3\u00aa Bienal Internacional do Livro de Guarulhos Leia mais &raquo;\" \/>\r\n<meta property=\"og:url\" content=\"https:\/\/portaleducacao.guarulhos.sp.gov.br\/wp_site\/portalbienal\/2024\/03\/25\/mais-de-200-mil-pessoas-visitam-a-3a-bienal-internacional-do-livro-de-guarulhos\/\" \/>\r\n<meta property=\"og:site_name\" content=\"Bienal do Livro de Guarulhos - 2024\" \/>\r\n<meta property=\"article:published_time\" content=\"2024-03-25T12:20:36+00:00\" \/>\r\n<meta property=\"article:modified_time\" content=\"2024-03-25T13:08:28+00:00\" \/>\r\n<meta property=\"og:image\" content=\"http:\/\/portaleducacao.guarulhos.sp.gov.br\/wp_site\/portalbienal\/wp-content\/uploads\/sites\/22\/2024\/03\/IMG-20240325-WA0004.jpg\" \/>\r\n\t<meta property=\"og:image:width\" content=\"1600\" \/>\r\n\t<meta property=\"og:image:height\" content=\"1066\" \/>\r\n\t<meta property=\"og:image:type\" content=\"image\/jpeg\" \/>\r\n<meta name=\"author\" content=\"Eduardo Calabria\" \/>\r\n<meta name=\"twitter:card\" content=\"summary_large_image\" \/>\r\n<meta name=\"twitter:label1\" content=\"Escrito por\" \/>\n\t<meta name=\"twitter:data1\" content=\"Eduardo Calabria\" \/>\n\t<meta name=\"twitter:label2\" content=\"Est. tempo de leitura\" \/>\n\t<meta name=\"twitter:data2\" content=\"8 minutos\" \/>\r\n<script type=\"application\/ld+json\" class=\"yoast-schema-graph\">{\"@context\":\"https:\/\/schema.org\",\"@graph\":[{\"@type\":\"Article\",\"@id\":\"https:\/\/portaleducacao.guarulhos.sp.gov.br\/wp_site\/portalbienal\/2024\/03\/25\/mais-de-200-mil-pessoas-visitam-a-3a-bienal-internacional-do-livro-de-guarulhos\/#article\",\"isPartOf\":{\"@id\":\"https:\/\/portaleducacao.guarulhos.sp.gov.br\/wp_site\/portalbienal\/2024\/03\/25\/mais-de-200-mil-pessoas-visitam-a-3a-bienal-internacional-do-livro-de-guarulhos\/\"},\"author\":{\"name\":\"Eduardo Calabria\",\"@id\":\"https:\/\/portaleducacao.guarulhos.sp.gov.br\/wp_site\/portalbienal\/#\/schema\/person\/3cd59442d86a6bd35a1cb775b093d9af\"},\"headline\":\"Mais de 200 mil pessoas visitam a 3\u00aa Bienal Internacional do Livro de Guarulhos\",\"datePublished\":\"2024-03-25T12:20:36+00:00\",\"dateModified\":\"2024-03-25T13:08:28+00:00\",\"mainEntityOfPage\":{\"@id\":\"https:\/\/portaleducacao.guarulhos.sp.gov.br\/wp_site\/portalbienal\/2024\/03\/25\/mais-de-200-mil-pessoas-visitam-a-3a-bienal-internacional-do-livro-de-guarulhos\/\"},\"wordCount\":954,\"commentCount\":0,\"publisher\":{\"@id\":\"https:\/\/portaleducacao.guarulhos.sp.gov.br\/wp_site\/portalbienal\/#organization\"},\"keywords\":[\"Partiu360\"],\"articleSection\":[\"2024 Not\u00edcias\",\"2024 P\u00e1gina\",\"Bienal 2024\"],\"inLanguage\":\"pt-BR\",\"potentialAction\":[{\"@type\":\"CommentAction\",\"name\":\"Comment\",\"target\":[\"https:\/\/portaleducacao.guarulhos.sp.gov.br\/wp_site\/portalbienal\/2024\/03\/25\/mais-de-200-mil-pessoas-visitam-a-3a-bienal-internacional-do-livro-de-guarulhos\/#respond\"]}]},{\"@type\":\"WebPage\",\"@id\":\"https:\/\/portaleducacao.guarulhos.sp.gov.br\/wp_site\/portalbienal\/2024\/03\/25\/mais-de-200-mil-pessoas-visitam-a-3a-bienal-internacional-do-livro-de-guarulhos\/\",\"url\":\"https:\/\/portaleducacao.guarulhos.sp.gov.br\/wp_site\/portalbienal\/2024\/03\/25\/mais-de-200-mil-pessoas-visitam-a-3a-bienal-internacional-do-livro-de-guarulhos\/\",\"name\":\"Mais de 200 mil pessoas visitam a 3\u00aa Bienal Internacional do Livro de Guarulhos - Bienal do Livro de Guarulhos - 2024\",\"isPartOf\":{\"@id\":\"https:\/\/portaleducacao.guarulhos.sp.gov.br\/wp_site\/portalbienal\/#website\"},\"datePublished\":\"2024-03-25T12:20:36+00:00\",\"dateModified\":\"2024-03-25T13:08:28+00:00\",\"breadcrumb\":{\"@id\":\"https:\/\/portaleducacao.guarulhos.sp.gov.br\/wp_site\/portalbienal\/2024\/03\/25\/mais-de-200-mil-pessoas-visitam-a-3a-bienal-internacional-do-livro-de-guarulhos\/#breadcrumb\"},\"inLanguage\":\"pt-BR\",\"potentialAction\":[{\"@type\":\"ReadAction\",\"target\":[\"https:\/\/portaleducacao.guarulhos.sp.gov.br\/wp_site\/portalbienal\/2024\/03\/25\/mais-de-200-mil-pessoas-visitam-a-3a-bienal-internacional-do-livro-de-guarulhos\/\"]}]},{\"@type\":\"BreadcrumbList\",\"@id\":\"https:\/\/portaleducacao.guarulhos.sp.gov.br\/wp_site\/portalbienal\/2024\/03\/25\/mais-de-200-mil-pessoas-visitam-a-3a-bienal-internacional-do-livro-de-guarulhos\/#breadcrumb\",\"itemListElement\":[{\"@type\":\"ListItem\",\"position\":1,\"name\":\"In\u00edcio\",\"item\":\"https:\/\/portaleducacao.guarulhos.sp.gov.br\/wp_site\/portalbienal\/\"},{\"@type\":\"ListItem\",\"position\":2,\"name\":\"Mais de 200 mil pessoas visitam a 3\u00aa Bienal Internacional do Livro de Guarulhos\"}]},{\"@type\":\"WebSite\",\"@id\":\"https:\/\/portaleducacao.guarulhos.sp.gov.br\/wp_site\/portalbienal\/#website\",\"url\":\"https:\/\/portaleducacao.guarulhos.sp.gov.br\/wp_site\/portalbienal\/\",\"name\":\"Bienal do Livro de Guarulhos - 2024\",\"description\":\"Secretaria de Educa\u00e7\u00e3o - Prefeitura de Guarulhos\",\"publisher\":{\"@id\":\"https:\/\/portaleducacao.guarulhos.sp.gov.br\/wp_site\/portalbienal\/#organization\"},\"potentialAction\":[{\"@type\":\"SearchAction\",\"target\":{\"@type\":\"EntryPoint\",\"urlTemplate\":\"https:\/\/portaleducacao.guarulhos.sp.gov.br\/wp_site\/portalbienal\/?s={search_term_string}\"},\"query-input\":\"required name=search_term_string\"}],\"inLanguage\":\"pt-BR\"},{\"@type\":\"Organization\",\"@id\":\"https:\/\/portaleducacao.guarulhos.sp.gov.br\/wp_site\/portalbienal\/#organization\",\"name\":\"Bienal do Livro de Guarulhos - 2024\",\"url\":\"https:\/\/portaleducacao.guarulhos.sp.gov.br\/wp_site\/portalbienal\/\",\"sameAs\":[],\"logo\":{\"@type\":\"ImageObject\",\"inLanguage\":\"pt-BR\",\"@id\":\"https:\/\/portaleducacao.guarulhos.sp.gov.br\/wp_site\/portalbienal\/#\/schema\/logo\/image\/\",\"url\":\"https:\/\/portaleducacao.guarulhos.sp.gov.br\/wp_site\/portalbienal\/wp-content\/uploads\/sites\/22\/2022\/07\/logo_site.jpg\",\"contentUrl\":\"https:\/\/portaleducacao.guarulhos.sp.gov.br\/wp_site\/portalbienal\/wp-content\/uploads\/sites\/22\/2022\/07\/logo_site.jpg\",\"width\":350,\"height\":100,\"caption\":\"Bienal do Livro de Guarulhos - 2024\"},\"image\":{\"@id\":\"https:\/\/portaleducacao.guarulhos.sp.gov.br\/wp_site\/portalbienal\/#\/schema\/logo\/image\/\"}},{\"@type\":\"Person\",\"@id\":\"https:\/\/portaleducacao.guarulhos.sp.gov.br\/wp_site\/portalbienal\/#\/schema\/person\/3cd59442d86a6bd35a1cb775b093d9af\",\"name\":\"Eduardo Calabria\",\"image\":{\"@type\":\"ImageObject\",\"inLanguage\":\"pt-BR\",\"@id\":\"https:\/\/portaleducacao.guarulhos.sp.gov.br\/wp_site\/portalbienal\/#\/schema\/person\/image\/\",\"url\":\"https:\/\/secure.gravatar.com\/avatar\/8e9c65076f903828ecdd0e9fa6ab1487?s=96&d=mm&r=g\",\"contentUrl\":\"https:\/\/secure.gravatar.com\/avatar\/8e9c65076f903828ecdd0e9fa6ab1487?s=96&d=mm&r=g\",\"caption\":\"Eduardo Calabria\"},\"url\":\"https:\/\/portaleducacao.guarulhos.sp.gov.br\/wp_site\/portalbienal\/author\/eduardocm\/\"}]}<\/script>\r\n<!-- \/ Yoast SEO plugin. -->","yoast_head_json":{"title":"Mais de 200 mil pessoas visitam a 3\u00aa Bienal Internacional do Livro de Guarulhos - Bienal do Livro de Guarulhos - 2024","robots":{"index":"index","follow":"follow","max-snippet":"max-snippet:-1","max-image-preview":"max-image-preview:large","max-video-preview":"max-video-preview:-1"},"canonical":"https:\/\/portaleducacao.guarulhos.sp.gov.br\/wp_site\/portalbienal\/2024\/03\/25\/mais-de-200-mil-pessoas-visitam-a-3a-bienal-internacional-do-livro-de-guarulhos\/","og_locale":"pt_BR","og_type":"article","og_title":"Mais de 200 mil pessoas visitam a 3\u00aa Bienal Internacional do Livro de Guarulhos - Bienal do Livro de Guarulhos - 2024","og_description":"Mais de 200 mil pessoas passaram pelo pavilh\u00e3o do Espa\u00e7o Inter durante os dez dias da 3\u00aa Bienal Internacional do Livro de Guarulhos. No \u00faltimo domingo (24), o p\u00fablico prestigiou &hellip; Mais de 200 mil pessoas visitam a 3\u00aa Bienal Internacional do Livro de Guarulhos Leia mais &raquo;","og_url":"https:\/\/portaleducacao.guarulhos.sp.gov.br\/wp_site\/portalbienal\/2024\/03\/25\/mais-de-200-mil-pessoas-visitam-a-3a-bienal-internacional-do-livro-de-guarulhos\/","og_site_name":"Bienal do Livro de Guarulhos - 2024","article_published_time":"2024-03-25T12:20:36+00:00","article_modified_time":"2024-03-25T13:08:28+00:00","og_image":[{"width":1600,"height":1066,"url":"http:\/\/portaleducacao.guarulhos.sp.gov.br\/wp_site\/portalbienal\/wp-content\/uploads\/sites\/22\/2024\/03\/IMG-20240325-WA0004.jpg","type":"image\/jpeg"}],"author":"Eduardo Calabria","twitter_card":"summary_large_image","twitter_misc":{"Escrito por":"Eduardo Calabria","Est. tempo de leitura":"8 minutos"},"schema":{"@context":"https:\/\/schema.org","@graph":[{"@type":"Article","@id":"https:\/\/portaleducacao.guarulhos.sp.gov.br\/wp_site\/portalbienal\/2024\/03\/25\/mais-de-200-mil-pessoas-visitam-a-3a-bienal-internacional-do-livro-de-guarulhos\/#article","isPartOf":{"@id":"https:\/\/portaleducacao.guarulhos.sp.gov.br\/wp_site\/portalbienal\/2024\/03\/25\/mais-de-200-mil-pessoas-visitam-a-3a-bienal-internacional-do-livro-de-guarulhos\/"},"author":{"name":"Eduardo Calabria","@id":"https:\/\/portaleducacao.guarulhos.sp.gov.br\/wp_site\/portalbienal\/#\/schema\/person\/3cd59442d86a6bd35a1cb775b093d9af"},"headline":"Mais de 200 mil pessoas visitam a 3\u00aa Bienal Internacional do Livro de Guarulhos","datePublished":"2024-03-25T12:20:36+00:00","dateModified":"2024-03-25T13:08:28+00:00","mainEntityOfPage":{"@id":"https:\/\/portaleducacao.guarulhos.sp.gov.br\/wp_site\/portalbienal\/2024\/03\/25\/mais-de-200-mil-pessoas-visitam-a-3a-bienal-internacional-do-livro-de-guarulhos\/"},"wordCount":954,"commentCount":0,"publisher":{"@id":"https:\/\/portaleducacao.guarulhos.sp.gov.br\/wp_site\/portalbienal\/#organization"},"keywords":["Partiu360"],"articleSection":["2024 Not\u00edcias","2024 P\u00e1gina","Bienal 2024"],"inLanguage":"pt-BR","potentialAction":[{"@type":"CommentAction","name":"Comment","target":["https:\/\/portaleducacao.guarulhos.sp.gov.br\/wp_site\/portalbienal\/2024\/03\/25\/mais-de-200-mil-pessoas-visitam-a-3a-bienal-internacional-do-livro-de-guarulhos\/#respond"]}]},{"@type":"WebPage","@id":"https:\/\/portaleducacao.guarulhos.sp.gov.br\/wp_site\/portalbienal\/2024\/03\/25\/mais-de-200-mil-pessoas-visitam-a-3a-bienal-internacional-do-livro-de-guarulhos\/","url":"https:\/\/portaleducacao.guarulhos.sp.gov.br\/wp_site\/portalbienal\/2024\/03\/25\/mais-de-200-mil-pessoas-visitam-a-3a-bienal-internacional-do-livro-de-guarulhos\/","name":"Mais de 200 mil pessoas visitam a 3\u00aa Bienal Internacional do Livro de Guarulhos - Bienal do Livro de Guarulhos - 2024","isPartOf":{"@id":"https:\/\/portaleducacao.guarulhos.sp.gov.br\/wp_site\/portalbienal\/#website"},"datePublished":"2024-03-25T12:20:36+00:00","dateModified":"2024-03-25T13:08:28+00:00","breadcrumb":{"@id":"https:\/\/portaleducacao.guarulhos.sp.gov.br\/wp_site\/portalbienal\/2024\/03\/25\/mais-de-200-mil-pessoas-visitam-a-3a-bienal-internacional-do-livro-de-guarulhos\/#breadcrumb"},"inLanguage":"pt-BR","potentialAction":[{"@type":"ReadAction","target":["https:\/\/portaleducacao.guarulhos.sp.gov.br\/wp_site\/portalbienal\/2024\/03\/25\/mais-de-200-mil-pessoas-visitam-a-3a-bienal-internacional-do-livro-de-guarulhos\/"]}]},{"@type":"BreadcrumbList","@id":"https:\/\/portaleducacao.guarulhos.sp.gov.br\/wp_site\/portalbienal\/2024\/03\/25\/mais-de-200-mil-pessoas-visitam-a-3a-bienal-internacional-do-livro-de-guarulhos\/#breadcrumb","itemListElement":[{"@type":"ListItem","position":1,"name":"In\u00edcio","item":"https:\/\/portaleducacao.guarulhos.sp.gov.br\/wp_site\/portalbienal\/"},{"@type":"ListItem","position":2,"name":"Mais de 200 mil pessoas visitam a 3\u00aa Bienal Internacional do Livro de Guarulhos"}]},{"@type":"WebSite","@id":"https:\/\/portaleducacao.guarulhos.sp.gov.br\/wp_site\/portalbienal\/#website","url":"https:\/\/portaleducacao.guarulhos.sp.gov.br\/wp_site\/portalbienal\/","name":"Bienal do Livro de Guarulhos - 2024","description":"Secretaria de Educa\u00e7\u00e3o - Prefeitura de Guarulhos","publisher":{"@id":"https:\/\/portaleducacao.guarulhos.sp.gov.br\/wp_site\/portalbienal\/#organization"},"potentialAction":[{"@type":"SearchAction","target":{"@type":"EntryPoint","urlTemplate":"https:\/\/portaleducacao.guarulhos.sp.gov.br\/wp_site\/portalbienal\/?s={search_term_string}"},"query-input":"required name=search_term_string"}],"inLanguage":"pt-BR"},{"@type":"Organization","@id":"https:\/\/portaleducacao.guarulhos.sp.gov.br\/wp_site\/portalbienal\/#organization","name":"Bienal do Livro de Guarulhos - 2024","url":"https:\/\/portaleducacao.guarulhos.sp.gov.br\/wp_site\/portalbienal\/","sameAs":[],"logo":{"@type":"ImageObject","inLanguage":"pt-BR","@id":"https:\/\/portaleducacao.guarulhos.sp.gov.br\/wp_site\/portalbienal\/#\/schema\/logo\/image\/","url":"https:\/\/portaleducacao.guarulhos.sp.gov.br\/wp_site\/portalbienal\/wp-content\/uploads\/sites\/22\/2022\/07\/logo_site.jpg","contentUrl":"https:\/\/portaleducacao.guarulhos.sp.gov.br\/wp_site\/portalbienal\/wp-content\/uploads\/sites\/22\/2022\/07\/logo_site.jpg","width":350,"height":100,"caption":"Bienal do Livro de Guarulhos - 2024"},"image":{"@id":"https:\/\/portaleducacao.guarulhos.sp.gov.br\/wp_site\/portalbienal\/#\/schema\/logo\/image\/"}},{"@type":"Person","@id":"https:\/\/portaleducacao.guarulhos.sp.gov.br\/wp_site\/portalbienal\/#\/schema\/person\/3cd59442d86a6bd35a1cb775b093d9af","name":"Eduardo Calabria","image":{"@type":"ImageObject","inLanguage":"pt-BR","@id":"https:\/\/portaleducacao.guarulhos.sp.gov.br\/wp_site\/portalbienal\/#\/schema\/person\/image\/","url":"https:\/\/secure.gravatar.com\/avatar\/8e9c65076f903828ecdd0e9fa6ab1487?s=96&d=mm&r=g","contentUrl":"https:\/\/secure.gravatar.com\/avatar\/8e9c65076f903828ecdd0e9fa6ab1487?s=96&d=mm&r=g","caption":"Eduardo Calabria"},"url":"https:\/\/portaleducacao.guarulhos.sp.gov.br\/wp_site\/portalbienal\/author\/eduardocm\/"}]}},"_links":{"self":[{"href":"https:\/\/portaleducacao.guarulhos.sp.gov.br\/wp_site\/portalbienal\/wp-json\/wp\/v2\/posts\/9150"}],"collection":[{"href":"https:\/\/portaleducacao.guarulhos.sp.gov.br\/wp_site\/portalbienal\/wp-json\/wp\/v2\/posts"}],"about":[{"href":"https:\/\/portaleducacao.guarulhos.sp.gov.br\/wp_site\/portalbienal\/wp-json\/wp\/v2\/types\/post"}],"author":[{"embeddable":true,"href":"https:\/\/portaleducacao.guarulhos.sp.gov.br\/wp_site\/portalbienal\/wp-json\/wp\/v2\/users\/12"}],"replies":[{"embeddable":true,"href":"https:\/\/portaleducacao.guarulhos.sp.gov.br\/wp_site\/portalbienal\/wp-json\/wp\/v2\/comments?post=9150"}],"version-history":[{"count":9,"href":"https:\/\/portaleducacao.guarulhos.sp.gov.br\/wp_site\/portalbienal\/wp-json\/wp\/v2\/posts\/9150\/revisions"}],"predecessor-version":[{"id":9181,"href":"https:\/\/portaleducacao.guarulhos.sp.gov.br\/wp_site\/portalbienal\/wp-json\/wp\/v2\/posts\/9150\/revisions\/9181"}],"wp:featuredmedia":[{"embeddable":true,"href":"https:\/\/portaleducacao.guarulhos.sp.gov.br\/wp_site\/portalbienal\/wp-json\/wp\/v2\/media\/9151"}],"wp:attachment":[{"href":"https:\/\/portaleducacao.guarulhos.sp.gov.br\/wp_site\/portalbienal\/wp-json\/wp\/v2\/media?parent=9150"}],"wp:term":[{"taxonomy":"category","embeddable":true,"href":"https:\/\/portaleducacao.guarulhos.sp.gov.br\/wp_site\/portalbienal\/wp-json\/wp\/v2\/categories?post=9150"},{"taxonomy":"post_tag","embeddable":true,"href":"https:\/\/portaleducacao.guarulhos.sp.gov.br\/wp_site\/portalbienal\/wp-json\/wp\/v2\/tags?post=9150"}],"curies":[{"name":"wp","href":"https:\/\/api.w.org\/{rel}","templated":true}]}}