{"id":1097,"date":"2025-05-30T11:14:47","date_gmt":"2025-05-30T14:14:47","guid":{"rendered":"https:\/\/portaleducacao.guarulhos.sp.gov.br\/wp_site\/semanadobrincar2025\/?p=1097"},"modified":"2025-05-30T11:14:49","modified_gmt":"2025-05-30T14:14:49","slug":"dia-28-3","status":"publish","type":"post","link":"https:\/\/portaleducacao.guarulhos.sp.gov.br\/wp_site\/semanadobrincar2025\/2025\/05\/30\/dia-28-3\/","title":{"rendered":"Dia 28"},"content":{"rendered":"\n<p><strong>Local da Atividade: <\/strong>CEU S\u00e3o Miguel<\/p>\n\n\n\n<p><strong>Data: <\/strong>28\/05\/2025<strong><\/strong><\/p>\n\n\n\n<p><strong>Hor\u00e1rio<\/strong>: 12h30min<\/p>\n\n\n\n<p><strong>Descri\u00e7\u00e3o: <\/strong>Jogos Teatrais de intera\u00e7\u00e3o, concentra\u00e7\u00e3o, improvisa\u00e7\u00e3o, criatividade e espontaneidade.<strong><\/strong><\/p>\n\n\n\n<p><strong>P\u00fablico-alvo: <\/strong>Somente para os educandos<\/p>\n\n\n\n<p>&#8212;&#8212;&#8212;&#8212;&#8212;&#8212;&#8212;&#8212;&#8212;&#8212;&#8212;&#8212;&#8212;&#8212;&#8212;&#8212;&#8212;&#8212;&#8212;&#8212;&#8212;&#8212;&#8212;&#8212;&#8212;&#8212;&#8212;&#8212;&#8212;&#8212;&#8212;&#8212;&#8212;&#8212;&#8212;&#8212;&#8212;&#8212;&#8212;&#8212;&#8212;&#8212;<\/p>\n\n\n\n<p><strong>Local da Atividade: <\/strong>CEU BAMBI<strong><\/strong><\/p>\n\n\n\n<p><strong>Data: <\/strong>28\/05\/2025<strong><\/strong><\/p>\n\n\n\n<p><strong>Hor\u00e1rio<\/strong>: 11h<\/p>\n\n\n\n<p><strong>Descri\u00e7\u00e3o: <\/strong>Fun and games workshop (Aprendendo os nomes de jogos e brinquedos em Ingl\u00eas com din\u00e2micas divertidas para absor\u00e7\u00e3o do conte\u00fado e momento de lazer).<strong><\/strong><\/p>\n\n\n\n<p><strong>P\u00fablico-alvo: <\/strong>Somente para os educandos<\/p>\n\n\n\n<p>&#8212;&#8212;&#8212;&#8212;&#8212;&#8212;&#8212;&#8212;&#8212;&#8212;&#8212;&#8212;&#8212;&#8212;&#8212;&#8212;&#8212;&#8212;&#8212;&#8212;&#8212;&#8212;&#8212;&#8212;&#8212;&#8212;&#8212;&#8212;&#8212;&#8212;&#8212;&#8212;&#8212;&#8212;&#8212;&#8212;&#8212;&#8212;&#8212;&#8212;&#8212;&#8212;<\/p>\n\n\n\n<p><strong>Local da Atividade: <\/strong>CEU BAMBI<strong><\/strong><\/p>\n\n\n\n<p><strong>Data: <\/strong>28\/05\/2025<strong><\/strong><\/p>\n\n\n\n<p><strong>Hor\u00e1rio<\/strong>: 15h<\/p>\n\n\n\n<p><strong>Descri\u00e7\u00e3o: <\/strong>Resgate &#8211; \u00e9&nbsp; um jogo ou exerc\u00edcio de pr\u00e1tica que visa treinar os fundamentos de saque e recep\u00e7\u00e3o.<strong><\/strong><\/p>\n\n\n\n<p><strong>P\u00fablico-alvo: <\/strong>Somente para os educandos<\/p>\n\n\n\n<p>&#8212;&#8212;&#8212;&#8212;&#8212;&#8212;&#8212;&#8212;&#8212;&#8212;&#8212;&#8212;&#8212;&#8212;&#8212;&#8212;&#8212;&#8212;&#8212;&#8212;&#8212;&#8212;&#8212;&#8212;&#8212;&#8212;&#8212;&#8212;&#8212;&#8212;&#8212;&#8212;&#8212;&#8212;&#8212;&#8212;&#8212;&#8212;&#8212;&#8212;&#8212;&#8212;<\/p>\n\n\n\n<p><strong>Local da Atividade: <\/strong>CEU BAMBI<strong><\/strong><\/p>\n\n\n\n<p><strong>Data: <\/strong>28\/05\/2025<strong><\/strong><\/p>\n\n\n\n<p><strong>Hor\u00e1rio<\/strong>: 12h<\/p>\n\n\n\n<p><strong>Descri\u00e7\u00e3o: <\/strong>Limpa Casa &#8211; um jogo de faz de conta com brinquedos de limpeza, uma atividade de organiza\u00e7\u00e3o com objetos e brinquedos espalhados, podendo haver uma competi\u00e7\u00e3o onde as crian\u00e7as limpam diferentes \u00e1reas da casa.<strong><\/strong><\/p>\n\n\n\n<p><strong>P\u00fablico-alvo: <\/strong>Somente para os educandos<\/p>\n\n\n\n<p>&#8212;&#8212;&#8212;&#8212;&#8212;&#8212;&#8212;&#8212;&#8212;&#8212;&#8212;&#8212;&#8212;&#8212;&#8212;&#8212;&#8212;&#8212;&#8212;&#8212;&#8212;&#8212;&#8212;&#8212;&#8212;&#8212;&#8212;&#8212;&#8212;&#8212;&#8212;&#8212;&#8212;&#8212;&#8212;&#8212;&#8212;&#8212;&#8212;&#8212;&#8212;&#8212;<\/p>\n\n\n\n<p><strong>Local da Atividade: <\/strong>CEU BAMBI<strong><\/strong><\/p>\n\n\n\n<p><strong>Data: <\/strong>28\/05\/2025<strong><\/strong><\/p>\n\n\n\n<p><strong>Hor\u00e1rio<\/strong>: 11h<\/p>\n\n\n\n<p><strong>Descri\u00e7\u00e3o: <\/strong>Oficina de massinha<strong><\/strong><\/p>\n\n\n\n<p><strong>P\u00fablico-alvo: <\/strong>Somente para os educandos<\/p>\n\n\n\n<p>&#8212;&#8212;&#8212;&#8212;&#8212;&#8212;&#8212;&#8212;&#8212;&#8212;&#8212;&#8212;&#8212;&#8212;&#8212;&#8212;&#8212;&#8212;&#8212;&#8212;&#8212;&#8212;&#8212;&#8212;&#8212;&#8212;&#8212;&#8212;&#8212;&#8212;&#8212;&#8212;&#8212;&#8212;&#8212;&#8212;&#8212;&#8212;&#8212;&#8212;&#8212;&#8212;<\/p>\n\n\n\n<p><strong>Local da Atividade: <\/strong>CEU Para\u00edso-Alvorada<strong><\/strong><\/p>\n\n\n\n<p><strong>Data: <\/strong>28\/05\/2025<strong><\/strong><\/p>\n\n\n\n<p><strong>Hor\u00e1rio<\/strong>: Das 12h \u00e0s 14h.<\/p>\n\n\n\n<p><strong>Descri\u00e7\u00e3o: <\/strong>Os educandos do EducaCEU brincar\u00e3o de AMARELINHA.<strong><\/strong><\/p>\n\n\n\n<p><strong>P\u00fablico-alvo: <\/strong>Somente para os educandos<\/p>\n\n\n\n<p>&#8212;&#8212;&#8212;&#8212;&#8212;&#8212;&#8212;&#8212;&#8212;&#8212;&#8212;&#8212;&#8212;&#8212;&#8212;&#8212;&#8212;&#8212;&#8212;&#8212;&#8212;&#8212;&#8212;&#8212;&#8212;&#8212;&#8212;&#8212;&#8212;&#8212;&#8212;&#8212;&#8212;&#8212;&#8212;&#8212;&#8212;&#8212;&#8212;&#8212;&#8212;&#8212;<\/p>\n\n\n\n<p><strong>Local da Atividade: <\/strong>CEU Para\u00edso-Alvorada<strong><\/strong><\/p>\n\n\n\n<p><strong>Data: <\/strong>28\/05\/2025<strong><\/strong><\/p>\n\n\n\n<p><strong>Hor\u00e1rio<\/strong>: Das 12h \u00e0s 14h.<\/p>\n\n\n\n<p><strong>Descri\u00e7\u00e3o: <\/strong>Gincana com alunos do EducaCEU onde ser\u00e3o propostas Adivinha\u00e7\u00f5es, Trava-l\u00ednguas e demais brincadeiras propostas tanto pela professora como pelos educandos.<strong><\/strong><\/p>\n\n\n\n<p><strong>P\u00fablico-alvo: <\/strong>Somente para os educandos<\/p>\n\n\n\n<p>&#8212;&#8212;&#8212;&#8212;&#8212;&#8212;&#8212;&#8212;&#8212;&#8212;&#8212;&#8212;&#8212;&#8212;&#8212;&#8212;&#8212;&#8212;&#8212;&#8212;&#8212;&#8212;&#8212;&#8212;&#8212;&#8212;&#8212;&#8212;&#8212;&#8212;&#8212;&#8212;&#8212;&#8212;&#8212;&#8212;&#8212;&#8212;&#8212;&#8212;&#8212;&#8212;<\/p>\n\n\n\n<p><strong>Local da Atividade: <\/strong>CEU Paraiso Alvorada<strong><\/strong><\/p>\n\n\n\n<p><strong>Data: <\/strong>28\/05\/2025<strong><\/strong><\/p>\n\n\n\n<p><strong>Hor\u00e1rio<\/strong>: 14h30min.<\/p>\n\n\n\n<p><strong>Descri\u00e7\u00e3o: <\/strong>Gincana de &#8220;O que \u00e9? que que \u00e9? e trava-l\u00ednguas&#8221;- Gincana em duplas, onde dois times, utilizando p\u00e9 de madeira, devem percorrer o trajeto e numa ponta ler um trava-l\u00edngua e na volta ler um o que \u00e9 o que \u00e9 para a equipe advers\u00e1ria descobrir. a pr\u00f3xima dupla s\u00f3 pode sair quando acertar o enigma.<strong><\/strong><\/p>\n\n\n\n<p><strong>P\u00fablico-alvo: <\/strong>Aberta ao p\u00fablico<\/p>\n\n\n\n<p>&#8212;&#8212;&#8212;&#8212;&#8212;&#8212;&#8212;&#8212;&#8212;&#8212;&#8212;&#8212;&#8212;&#8212;&#8212;&#8212;&#8212;&#8212;&#8212;&#8212;&#8212;&#8212;&#8212;&#8212;&#8212;&#8212;&#8212;&#8212;&#8212;&#8212;&#8212;&#8212;&#8212;&#8212;&#8212;&#8212;&#8212;&#8212;&#8212;&#8212;&#8212;&#8212;<\/p>\n\n\n\n<p><strong>Local da Atividade: <\/strong>CEU Paraiso Alvorada<strong><\/strong><\/p>\n\n\n\n<p><strong>Data: <\/strong>28\/05\/2025<strong><\/strong><\/p>\n\n\n\n<p><strong>Hor\u00e1rio<\/strong>: 14h30min.<\/p>\n\n\n\n<p><strong>Descri\u00e7\u00e3o: <\/strong>Gincana de &#8220;O que \u00e9? que que \u00e9? e trava-l\u00ednguas&#8221;- Gincana em duplas, onde dois times, utilizando p\u00e9 de madeira, devem percorrer o trajeto e numa ponta ler um trava-l\u00edngua e na volta ler um o que \u00e9 o que \u00e9 para a equipe advers\u00e1ria descobrir. a pr\u00f3xima dupla s\u00f3 pode sair quando acertar o enigma.<strong><\/strong><\/p>\n\n\n\n<p><strong>P\u00fablico-alvo: <\/strong>Aberta ao p\u00fablico<\/p>\n\n\n\n<p>&#8212;&#8212;&#8212;&#8212;&#8212;&#8212;&#8212;&#8212;&#8212;&#8212;&#8212;&#8212;&#8212;&#8212;&#8212;&#8212;&#8212;&#8212;&#8212;&#8212;&#8212;&#8212;&#8212;&#8212;&#8212;&#8212;&#8212;&#8212;&#8212;&#8212;&#8212;&#8212;&#8212;&#8212;&#8212;&#8212;&#8212;&#8212;&#8212;&#8212;&#8212;&#8212;<\/p>\n\n\n\n<p><strong>Local da Atividade: <\/strong>CEU Continental<strong><\/strong><\/p>\n\n\n\n<p><strong>Data: <\/strong>28\/05\/2025<strong><\/strong><\/p>\n\n\n\n<p><strong>Hor\u00e1rio<\/strong>: 11h \u00e0s 14h<\/p>\n\n\n\n<p><strong>Descri\u00e7\u00e3o: <\/strong>Brincadeiras Tradicionais: Corre cotia e Est\u00e1tua<strong><\/strong><\/p>\n\n\n\n<p><strong>P\u00fablico-alvo: <\/strong>Somente para os educandos<\/p>\n\n\n\n<p>&#8212;&#8212;&#8212;&#8212;&#8212;&#8212;&#8212;&#8212;&#8212;&#8212;&#8212;&#8212;&#8212;&#8212;&#8212;&#8212;&#8212;&#8212;&#8212;&#8212;&#8212;&#8212;&#8212;&#8212;&#8212;&#8212;&#8212;&#8212;&#8212;&#8212;&#8212;&#8212;&#8212;&#8212;&#8212;&#8212;&#8212;&#8212;&#8212;&#8212;&#8212;&#8212;<\/p>\n\n\n\n<p><strong>Local da Atividade: <\/strong>CEU PONTE ALTA<strong><\/strong><\/p>\n\n\n\n<p><strong>Data: <\/strong>28\/05\/2025<strong><\/strong><\/p>\n\n\n\n<p><strong>Hor\u00e1rio<\/strong>: 11h30min<\/p>\n\n\n\n<p><strong>Descri\u00e7\u00e3o: <\/strong>Confec\u00e7\u00e3o de brinquedo com materiais reciclados &#8211; Borboleta com rolo de papel higi\u00eanico<strong><\/strong><\/p>\n\n\n\n<p><strong>P\u00fablico-alvo: <\/strong>Somente para os educandos<\/p>\n\n\n\n<p>&#8212;&#8212;&#8212;&#8212;&#8212;&#8212;&#8212;&#8212;&#8212;&#8212;&#8212;&#8212;&#8212;&#8212;&#8212;&#8212;&#8212;&#8212;&#8212;&#8212;&#8212;&#8212;&#8212;&#8212;&#8212;&#8212;&#8212;&#8212;&#8212;&#8212;&#8212;&#8212;&#8212;&#8212;&#8212;&#8212;&#8212;&#8212;&#8212;&#8212;&#8212;&#8212;<\/p>\n","protected":false},"excerpt":{"rendered":"<p>Local da Atividade: CEU S\u00e3o Miguel Data: 28\/05\/2025 Hor\u00e1rio: 12h30min Descri\u00e7\u00e3o: Jogos Teatrais de intera\u00e7\u00e3o, concentra\u00e7\u00e3o, improvisa\u00e7\u00e3o, criatividade e espontaneidade. P\u00fablico-alvo: Somente para os educandos &#8212;&#8212;&#8212;&#8212;&#8212;&#8212;&#8212;&#8212;&#8212;&#8212;&#8212;&#8212;&#8212;&#8212;&#8212;&#8212;&#8212;&#8212;&#8212;&#8212;&#8212;&#8212;&#8212;&#8212;&#8212;&#8212;&#8212;&#8212;&#8212;&#8212;&#8212;&#8212;&#8212;&#8212;&#8212;&#8212;&#8212;&#8212;&#8212;&#8212;&#8212;&#8212; Local da Atividade: CEU &hellip;<\/p>\n<p class=\"read-more\"> <a class=\"\" href=\"https:\/\/portaleducacao.guarulhos.sp.gov.br\/wp_site\/semanadobrincar2025\/2025\/05\/30\/dia-28-3\/\"> <span class=\"screen-reader-text\">Dia 28<\/span> Leia mais &raquo;<\/a><\/p>\n","protected":false},"author":32,"featured_media":344,"comment_status":"open","ping_status":"open","sticky":false,"template":"","format":"standard","meta":{"_monsterinsights_skip_tracking":false,"_monsterinsights_sitenote_active":false,"_monsterinsights_sitenote_note":"","_monsterinsights_sitenote_category":0,"site-sidebar-layout":"default","site-content-layout":"default","ast-global-header-display":"","ast-main-header-display":"","ast-hfb-above-header-display":"","ast-hfb-below-header-display":"","ast-hfb-mobile-header-display":"","site-post-title":"","ast-breadcrumbs-content":"","ast-featured-img":"","footer-sml-layout":"","theme-transparent-header-meta":"","adv-header-id-meta":"","stick-header-meta":"","header-above-stick-meta":"","header-main-stick-meta":"","header-below-stick-meta":"","_expiration-date-status":"","_expiration-date":1749219226,"_expiration-date-type":"draft","_expiration-date-categories":[],"_expiration-date-options":[]},"categories":[27,11],"tags":[],"yoast_head":"<!-- This site is optimized with the Yoast SEO plugin v19.7.1 - https:\/\/yoast.com\/wordpress\/plugins\/seo\/ -->\r\n<title>Dia 28 - semana do brincar<\/title>\r\n<meta name=\"robots\" content=\"index, follow, max-snippet:-1, max-image-preview:large, max-video-preview:-1\" \/>\r\n<link rel=\"canonical\" href=\"https:\/\/portaleducacao.guarulhos.sp.gov.br\/wp_site\/semanadobrincar2025\/2025\/05\/30\/dia-28-3\/\" \/>\r\n<meta property=\"og:locale\" content=\"pt_BR\" \/>\r\n<meta property=\"og:type\" content=\"article\" \/>\r\n<meta property=\"og:title\" content=\"Dia 28 - semana do brincar\" \/>\r\n<meta property=\"og:description\" content=\"Local da Atividade: CEU S\u00e3o Miguel Data: 28\/05\/2025 Hor\u00e1rio: 12h30min Descri\u00e7\u00e3o: Jogos Teatrais de intera\u00e7\u00e3o, concentra\u00e7\u00e3o, improvisa\u00e7\u00e3o, criatividade e espontaneidade. P\u00fablico-alvo: Somente para os educandos &#8212;&#8212;&#8212;&#8212;&#8212;&#8212;&#8212;&#8212;&#8212;&#8212;&#8212;&#8212;&#8212;&#8212;&#8212;&#8212;&#8212;&#8212;&#8212;&#8212;&#8212;&#8212;&#8212;&#8212;&#8212;&#8212;&#8212;&#8212;&#8212;&#8212;&#8212;&#8212;&#8212;&#8212;&#8212;&#8212;&#8212;&#8212;&#8212;&#8212;&#8212;&#8212; Local da Atividade: CEU &hellip; Dia 28 Leia mais &raquo;\" \/>\r\n<meta property=\"og:url\" content=\"https:\/\/portaleducacao.guarulhos.sp.gov.br\/wp_site\/semanadobrincar2025\/2025\/05\/30\/dia-28-3\/\" \/>\r\n<meta property=\"og:site_name\" content=\"semana do brincar\" \/>\r\n<meta property=\"article:published_time\" content=\"2025-05-30T14:14:47+00:00\" \/>\r\n<meta property=\"article:modified_time\" content=\"2025-05-30T14:14:49+00:00\" \/>\r\n<meta property=\"og:image\" content=\"http:\/\/portaleducacao.guarulhos.sp.gov.br\/wp_site\/semanadobrincar2025\/wp-content\/uploads\/sites\/40\/2025\/05\/dia_28.png\" \/>\r\n\t<meta property=\"og:image:width\" content=\"2154\" \/>\r\n\t<meta property=\"og:image:height\" content=\"2387\" \/>\r\n\t<meta property=\"og:image:type\" content=\"image\/png\" \/>\r\n<meta name=\"author\" content=\"talitasds\" \/>\r\n<meta name=\"twitter:card\" content=\"summary_large_image\" \/>\r\n<meta name=\"twitter:label1\" content=\"Escrito por\" \/>\n\t<meta name=\"twitter:data1\" content=\"talitasds\" \/>\n\t<meta name=\"twitter:label2\" content=\"Est. tempo de leitura\" \/>\n\t<meta name=\"twitter:data2\" content=\"3 minutos\" \/>\r\n<script type=\"application\/ld+json\" class=\"yoast-schema-graph\">{\"@context\":\"https:\/\/schema.org\",\"@graph\":[{\"@type\":\"WebPage\",\"@id\":\"https:\/\/portaleducacao.guarulhos.sp.gov.br\/wp_site\/semanadobrincar2025\/2025\/05\/30\/dia-28-3\/\",\"url\":\"https:\/\/portaleducacao.guarulhos.sp.gov.br\/wp_site\/semanadobrincar2025\/2025\/05\/30\/dia-28-3\/\",\"name\":\"Dia 28 - semana do brincar\",\"isPartOf\":{\"@id\":\"https:\/\/portaleducacao.guarulhos.sp.gov.br\/wp_site\/semanadobrincar2025\/#website\"},\"datePublished\":\"2025-05-30T14:14:47+00:00\",\"dateModified\":\"2025-05-30T14:14:49+00:00\",\"author\":{\"@id\":\"https:\/\/portaleducacao.guarulhos.sp.gov.br\/wp_site\/semanadobrincar2025\/#\/schema\/person\/1e6f253ac148bf2e1afbc55205e45b3c\"},\"breadcrumb\":{\"@id\":\"https:\/\/portaleducacao.guarulhos.sp.gov.br\/wp_site\/semanadobrincar2025\/2025\/05\/30\/dia-28-3\/#breadcrumb\"},\"inLanguage\":\"pt-BR\",\"potentialAction\":[{\"@type\":\"ReadAction\",\"target\":[\"https:\/\/portaleducacao.guarulhos.sp.gov.br\/wp_site\/semanadobrincar2025\/2025\/05\/30\/dia-28-3\/\"]}]},{\"@type\":\"BreadcrumbList\",\"@id\":\"https:\/\/portaleducacao.guarulhos.sp.gov.br\/wp_site\/semanadobrincar2025\/2025\/05\/30\/dia-28-3\/#breadcrumb\",\"itemListElement\":[{\"@type\":\"ListItem\",\"position\":1,\"name\":\"In\u00edcio\",\"item\":\"https:\/\/portaleducacao.guarulhos.sp.gov.br\/wp_site\/semanadobrincar2025\/\"},{\"@type\":\"ListItem\",\"position\":2,\"name\":\"Dia 28\"}]},{\"@type\":\"WebSite\",\"@id\":\"https:\/\/portaleducacao.guarulhos.sp.gov.br\/wp_site\/semanadobrincar2025\/#website\",\"url\":\"https:\/\/portaleducacao.guarulhos.sp.gov.br\/wp_site\/semanadobrincar2025\/\",\"name\":\"semana do brincar\",\"description\":\"S\u00f3 mais um site Portal SE Informe\",\"potentialAction\":[{\"@type\":\"SearchAction\",\"target\":{\"@type\":\"EntryPoint\",\"urlTemplate\":\"https:\/\/portaleducacao.guarulhos.sp.gov.br\/wp_site\/semanadobrincar2025\/?s={search_term_string}\"},\"query-input\":\"required name=search_term_string\"}],\"inLanguage\":\"pt-BR\"},{\"@type\":\"Person\",\"@id\":\"https:\/\/portaleducacao.guarulhos.sp.gov.br\/wp_site\/semanadobrincar2025\/#\/schema\/person\/1e6f253ac148bf2e1afbc55205e45b3c\",\"name\":\"talitasds\",\"image\":{\"@type\":\"ImageObject\",\"inLanguage\":\"pt-BR\",\"@id\":\"https:\/\/portaleducacao.guarulhos.sp.gov.br\/wp_site\/semanadobrincar2025\/#\/schema\/person\/image\/\",\"url\":\"https:\/\/secure.gravatar.com\/avatar\/b3afe9b1393d5877d6ff7604eff566dd?s=96&d=mm&r=g\",\"contentUrl\":\"https:\/\/secure.gravatar.com\/avatar\/b3afe9b1393d5877d6ff7604eff566dd?s=96&d=mm&r=g\",\"caption\":\"talitasds\"},\"url\":\"https:\/\/portaleducacao.guarulhos.sp.gov.br\/wp_site\/semanadobrincar2025\/author\/talitasds\/\"}]}<\/script>\r\n<!-- \/ Yoast SEO plugin. -->","yoast_head_json":{"title":"Dia 28 - semana do brincar","robots":{"index":"index","follow":"follow","max-snippet":"max-snippet:-1","max-image-preview":"max-image-preview:large","max-video-preview":"max-video-preview:-1"},"canonical":"https:\/\/portaleducacao.guarulhos.sp.gov.br\/wp_site\/semanadobrincar2025\/2025\/05\/30\/dia-28-3\/","og_locale":"pt_BR","og_type":"article","og_title":"Dia 28 - semana do brincar","og_description":"Local da Atividade: CEU S\u00e3o Miguel Data: 28\/05\/2025 Hor\u00e1rio: 12h30min Descri\u00e7\u00e3o: Jogos Teatrais de intera\u00e7\u00e3o, concentra\u00e7\u00e3o, improvisa\u00e7\u00e3o, criatividade e espontaneidade. P\u00fablico-alvo: Somente para os educandos &#8212;&#8212;&#8212;&#8212;&#8212;&#8212;&#8212;&#8212;&#8212;&#8212;&#8212;&#8212;&#8212;&#8212;&#8212;&#8212;&#8212;&#8212;&#8212;&#8212;&#8212;&#8212;&#8212;&#8212;&#8212;&#8212;&#8212;&#8212;&#8212;&#8212;&#8212;&#8212;&#8212;&#8212;&#8212;&#8212;&#8212;&#8212;&#8212;&#8212;&#8212;&#8212; Local da Atividade: CEU &hellip; Dia 28 Leia mais &raquo;","og_url":"https:\/\/portaleducacao.guarulhos.sp.gov.br\/wp_site\/semanadobrincar2025\/2025\/05\/30\/dia-28-3\/","og_site_name":"semana do brincar","article_published_time":"2025-05-30T14:14:47+00:00","article_modified_time":"2025-05-30T14:14:49+00:00","og_image":[{"width":2154,"height":2387,"url":"http:\/\/portaleducacao.guarulhos.sp.gov.br\/wp_site\/semanadobrincar2025\/wp-content\/uploads\/sites\/40\/2025\/05\/dia_28.png","type":"image\/png"}],"author":"talitasds","twitter_card":"summary_large_image","twitter_misc":{"Escrito por":"talitasds","Est. tempo de leitura":"3 minutos"},"schema":{"@context":"https:\/\/schema.org","@graph":[{"@type":"WebPage","@id":"https:\/\/portaleducacao.guarulhos.sp.gov.br\/wp_site\/semanadobrincar2025\/2025\/05\/30\/dia-28-3\/","url":"https:\/\/portaleducacao.guarulhos.sp.gov.br\/wp_site\/semanadobrincar2025\/2025\/05\/30\/dia-28-3\/","name":"Dia 28 - semana do brincar","isPartOf":{"@id":"https:\/\/portaleducacao.guarulhos.sp.gov.br\/wp_site\/semanadobrincar2025\/#website"},"datePublished":"2025-05-30T14:14:47+00:00","dateModified":"2025-05-30T14:14:49+00:00","author":{"@id":"https:\/\/portaleducacao.guarulhos.sp.gov.br\/wp_site\/semanadobrincar2025\/#\/schema\/person\/1e6f253ac148bf2e1afbc55205e45b3c"},"breadcrumb":{"@id":"https:\/\/portaleducacao.guarulhos.sp.gov.br\/wp_site\/semanadobrincar2025\/2025\/05\/30\/dia-28-3\/#breadcrumb"},"inLanguage":"pt-BR","potentialAction":[{"@type":"ReadAction","target":["https:\/\/portaleducacao.guarulhos.sp.gov.br\/wp_site\/semanadobrincar2025\/2025\/05\/30\/dia-28-3\/"]}]},{"@type":"BreadcrumbList","@id":"https:\/\/portaleducacao.guarulhos.sp.gov.br\/wp_site\/semanadobrincar2025\/2025\/05\/30\/dia-28-3\/#breadcrumb","itemListElement":[{"@type":"ListItem","position":1,"name":"In\u00edcio","item":"https:\/\/portaleducacao.guarulhos.sp.gov.br\/wp_site\/semanadobrincar2025\/"},{"@type":"ListItem","position":2,"name":"Dia 28"}]},{"@type":"WebSite","@id":"https:\/\/portaleducacao.guarulhos.sp.gov.br\/wp_site\/semanadobrincar2025\/#website","url":"https:\/\/portaleducacao.guarulhos.sp.gov.br\/wp_site\/semanadobrincar2025\/","name":"semana do brincar","description":"S\u00f3 mais um site Portal SE Informe","potentialAction":[{"@type":"SearchAction","target":{"@type":"EntryPoint","urlTemplate":"https:\/\/portaleducacao.guarulhos.sp.gov.br\/wp_site\/semanadobrincar2025\/?s={search_term_string}"},"query-input":"required name=search_term_string"}],"inLanguage":"pt-BR"},{"@type":"Person","@id":"https:\/\/portaleducacao.guarulhos.sp.gov.br\/wp_site\/semanadobrincar2025\/#\/schema\/person\/1e6f253ac148bf2e1afbc55205e45b3c","name":"talitasds","image":{"@type":"ImageObject","inLanguage":"pt-BR","@id":"https:\/\/portaleducacao.guarulhos.sp.gov.br\/wp_site\/semanadobrincar2025\/#\/schema\/person\/image\/","url":"https:\/\/secure.gravatar.com\/avatar\/b3afe9b1393d5877d6ff7604eff566dd?s=96&d=mm&r=g","contentUrl":"https:\/\/secure.gravatar.com\/avatar\/b3afe9b1393d5877d6ff7604eff566dd?s=96&d=mm&r=g","caption":"talitasds"},"url":"https:\/\/portaleducacao.guarulhos.sp.gov.br\/wp_site\/semanadobrincar2025\/author\/talitasds\/"}]}},"_links":{"self":[{"href":"https:\/\/portaleducacao.guarulhos.sp.gov.br\/wp_site\/semanadobrincar2025\/wp-json\/wp\/v2\/posts\/1097"}],"collection":[{"href":"https:\/\/portaleducacao.guarulhos.sp.gov.br\/wp_site\/semanadobrincar2025\/wp-json\/wp\/v2\/posts"}],"about":[{"href":"https:\/\/portaleducacao.guarulhos.sp.gov.br\/wp_site\/semanadobrincar2025\/wp-json\/wp\/v2\/types\/post"}],"author":[{"embeddable":true,"href":"https:\/\/portaleducacao.guarulhos.sp.gov.br\/wp_site\/semanadobrincar2025\/wp-json\/wp\/v2\/users\/32"}],"replies":[{"embeddable":true,"href":"https:\/\/portaleducacao.guarulhos.sp.gov.br\/wp_site\/semanadobrincar2025\/wp-json\/wp\/v2\/comments?post=1097"}],"version-history":[{"count":1,"href":"https:\/\/portaleducacao.guarulhos.sp.gov.br\/wp_site\/semanadobrincar2025\/wp-json\/wp\/v2\/posts\/1097\/revisions"}],"predecessor-version":[{"id":1098,"href":"https:\/\/portaleducacao.guarulhos.sp.gov.br\/wp_site\/semanadobrincar2025\/wp-json\/wp\/v2\/posts\/1097\/revisions\/1098"}],"wp:featuredmedia":[{"embeddable":true,"href":"https:\/\/portaleducacao.guarulhos.sp.gov.br\/wp_site\/semanadobrincar2025\/wp-json\/wp\/v2\/media\/344"}],"wp:attachment":[{"href":"https:\/\/portaleducacao.guarulhos.sp.gov.br\/wp_site\/semanadobrincar2025\/wp-json\/wp\/v2\/media?parent=1097"}],"wp:term":[{"taxonomy":"category","embeddable":true,"href":"https:\/\/portaleducacao.guarulhos.sp.gov.br\/wp_site\/semanadobrincar2025\/wp-json\/wp\/v2\/categories?post=1097"},{"taxonomy":"post_tag","embeddable":true,"href":"https:\/\/portaleducacao.guarulhos.sp.gov.br\/wp_site\/semanadobrincar2025\/wp-json\/wp\/v2\/tags?post=1097"}],"curies":[{"name":"wp","href":"https:\/\/api.w.org\/{rel}","templated":true}]}}