{"id":1238,"date":"2025-06-05T12:44:18","date_gmt":"2025-06-05T15:44:18","guid":{"rendered":"https:\/\/portaleducacao.guarulhos.sp.gov.br\/wp_site\/semanadobrincar2025\/?p=1238"},"modified":"2025-06-05T12:45:11","modified_gmt":"2025-06-05T15:45:11","slug":"alunos-da-epg-walter-efigenio-convidam-adultos-para-brincar-e-celebram-a-alegria","status":"publish","type":"post","link":"https:\/\/portaleducacao.guarulhos.sp.gov.br\/wp_site\/semanadobrincar2025\/2025\/06\/05\/alunos-da-epg-walter-efigenio-convidam-adultos-para-brincar-e-celebram-a-alegria\/","title":{"rendered":"Alunos da EPG Walter Efig\u00eanio convidam adultos para brincar e celebram a alegria"},"content":{"rendered":"\n<div class=\"wp-container-3 wp-block-columns\">\n<div class=\"wp-container-1 wp-block-column\">\n<p>De portas abertas para o encanto, a EPG Walter Efig\u00eanio, localizada no Pimentas, promoveu uma atividade repleta de alegria e ternura com os alunos durante a Semana Mundial do Brincar. A proposta foi planejada pelas pr\u00f3prias crian\u00e7as, que organizaram diferentes brincadeiras envolvendo toda a comunidade escolar.&nbsp;&nbsp;<\/p>\n\n\n\n<p>A a\u00e7\u00e3o, intitulada Brinca com a gente!, foi protagonizada pela turma do est\u00e1gio II, sob a orienta\u00e7\u00e3o da professora Jaqueline Peixoto, e se transformou em uma verdadeira experi\u00eancia de integra\u00e7\u00e3o entre a inf\u00e2ncia e os adultos.<\/p>\n<\/div>\n\n\n\n<div class=\"wp-container-2 wp-block-column\">\n<figure class=\"wp-block-image size-large is-resized\"><img loading=\"lazy\" src=\"http:\/\/portaleducacao.guarulhos.sp.gov.br\/wp_site\/semanadobrincar2025\/wp-content\/uploads\/sites\/40\/2025\/06\/fcab05f3-4f38-495d-95f4-18252618b133-1024x768.jpeg\" alt=\"\" class=\"wp-image-1239\" width=\"495\" height=\"371\" srcset=\"https:\/\/portaleducacao.guarulhos.sp.gov.br\/wp_site\/semanadobrincar2025\/wp-content\/uploads\/sites\/40\/2025\/06\/fcab05f3-4f38-495d-95f4-18252618b133-1024x768.jpeg 1024w, https:\/\/portaleducacao.guarulhos.sp.gov.br\/wp_site\/semanadobrincar2025\/wp-content\/uploads\/sites\/40\/2025\/06\/fcab05f3-4f38-495d-95f4-18252618b133-300x225.jpeg 300w, https:\/\/portaleducacao.guarulhos.sp.gov.br\/wp_site\/semanadobrincar2025\/wp-content\/uploads\/sites\/40\/2025\/06\/fcab05f3-4f38-495d-95f4-18252618b133-768x576.jpeg 768w, https:\/\/portaleducacao.guarulhos.sp.gov.br\/wp_site\/semanadobrincar2025\/wp-content\/uploads\/sites\/40\/2025\/06\/fcab05f3-4f38-495d-95f4-18252618b133-1536x1152.jpeg 1536w, https:\/\/portaleducacao.guarulhos.sp.gov.br\/wp_site\/semanadobrincar2025\/wp-content\/uploads\/sites\/40\/2025\/06\/fcab05f3-4f38-495d-95f4-18252618b133.jpeg 1600w\" sizes=\"(max-width: 495px) 100vw, 495px\" \/><\/figure>\n<\/div>\n<\/div>\n\n\n\n<div class=\"wp-container-6 wp-block-columns\">\n<div class=\"wp-container-4 wp-block-column\">\n<figure class=\"wp-block-image alignright size-large is-resized\"><img loading=\"lazy\" src=\"http:\/\/portaleducacao.guarulhos.sp.gov.br\/wp_site\/semanadobrincar2025\/wp-content\/uploads\/sites\/40\/2025\/06\/8f574311-873f-416b-8ed4-35f468f76c19-768x1024.jpeg\" alt=\"\" class=\"wp-image-1240\" width=\"451\" height=\"601\" srcset=\"https:\/\/portaleducacao.guarulhos.sp.gov.br\/wp_site\/semanadobrincar2025\/wp-content\/uploads\/sites\/40\/2025\/06\/8f574311-873f-416b-8ed4-35f468f76c19-768x1024.jpeg 768w, https:\/\/portaleducacao.guarulhos.sp.gov.br\/wp_site\/semanadobrincar2025\/wp-content\/uploads\/sites\/40\/2025\/06\/8f574311-873f-416b-8ed4-35f468f76c19-225x300.jpeg 225w, https:\/\/portaleducacao.guarulhos.sp.gov.br\/wp_site\/semanadobrincar2025\/wp-content\/uploads\/sites\/40\/2025\/06\/8f574311-873f-416b-8ed4-35f468f76c19-1152x1536.jpeg 1152w, https:\/\/portaleducacao.guarulhos.sp.gov.br\/wp_site\/semanadobrincar2025\/wp-content\/uploads\/sites\/40\/2025\/06\/8f574311-873f-416b-8ed4-35f468f76c19.jpeg 1200w\" sizes=\"(max-width: 451px) 100vw, 451px\" \/><\/figure>\n<\/div>\n\n\n\n<div class=\"wp-container-5 wp-block-column\">\n<p>O grande diferencial da proposta foi a iniciativa espont\u00e2nea das crian\u00e7as em convidar pessoas que passavam pela rua para participar das brincadeiras, realizadas em um espa\u00e7o pr\u00f3ximo ao port\u00e3o da escola. Surpreendidos e tocados pelo gesto, muitos adultos aceitaram o convite e, mesmo que por alguns minutos, deixaram a correria do cotidiano de lado para vivenciar momentos de alegria, leveza e conex\u00e3o com os pequenos.&nbsp;&nbsp;<\/p>\n\n\n\n<p>Al\u00e9m de promover o brincar coletivo, os alunos tamb\u00e9m realizaram um gesto de solidariedade: trouxeram de casa brinquedos para doa\u00e7\u00e3o. A a\u00e7\u00e3o, volunt\u00e1ria e generosa, revelou o quanto eles compreendem o valor de compartilhar e a import\u00e2ncia do brincar como um direito de todos.\u00a0<\/p>\n\n\n\n<p><strong>Resultados&nbsp;<\/strong><\/p>\n\n\n\n<p>Para a coordenadora pedag\u00f3gica Mariana Camilo, a atividade n\u00e3o apenas destacou o tema da Semana Mundial do Brincar, que busca proteger o encantamento na inf\u00e2ncia, mas tamb\u00e9m tocou os cora\u00e7\u00f5es dos adultos. \u201cMuitos estavam a caminho do trabalho, saindo do \u00f4nibus ou at\u00e9 mesmo no tr\u00e2nsito e, ao serem abordados com tanto carinho pelas crian\u00e7as, decidiram parar, entrar e brincar&#8221; ressaltou Mariana.<\/p>\n<\/div>\n<\/div>\n\n\n\n<div class=\"wp-container-9 wp-block-columns\">\n<div class=\"wp-container-7 wp-block-column\">\n<p>Segundo a professora Jaqueline, o objetivo central da proposta foi aproximar as crian\u00e7as da comunidade que as cerca, por meio do encantamento do brincar, fortalecendo o desejo de contribuir para uma cidade mais brincante, onde a crian\u00e7a seja reconhecida como protagonista.&nbsp;&nbsp;<\/p>\n\n\n\n<p>\u201cSem d\u00favida, essa experi\u00eancia encantou n\u00e3o apenas nossos alunos, mas tamb\u00e9m todas as pessoas que aceitaram o convite para brincar. Foi uma a\u00e7\u00e3o que reafirma o brincar como um direito, uma linguagem universal e uma pot\u00eancia para o desenvolvimento humano em todas as idades\u201d, concluiu a professora Jaqueline.<\/p>\n<\/div>\n\n\n\n<div class=\"wp-container-8 wp-block-column\">\n<figure class=\"wp-block-image size-large is-resized\"><img loading=\"lazy\" src=\"http:\/\/portaleducacao.guarulhos.sp.gov.br\/wp_site\/semanadobrincar2025\/wp-content\/uploads\/sites\/40\/2025\/06\/83bff077-fe96-4cee-9d1e-45d10007eb2a-768x1024.jpeg\" alt=\"\" class=\"wp-image-1241\" width=\"462\" height=\"615\" srcset=\"https:\/\/portaleducacao.guarulhos.sp.gov.br\/wp_site\/semanadobrincar2025\/wp-content\/uploads\/sites\/40\/2025\/06\/83bff077-fe96-4cee-9d1e-45d10007eb2a-768x1024.jpeg 768w, https:\/\/portaleducacao.guarulhos.sp.gov.br\/wp_site\/semanadobrincar2025\/wp-content\/uploads\/sites\/40\/2025\/06\/83bff077-fe96-4cee-9d1e-45d10007eb2a-225x300.jpeg 225w, https:\/\/portaleducacao.guarulhos.sp.gov.br\/wp_site\/semanadobrincar2025\/wp-content\/uploads\/sites\/40\/2025\/06\/83bff077-fe96-4cee-9d1e-45d10007eb2a-1152x1536.jpeg 1152w, https:\/\/portaleducacao.guarulhos.sp.gov.br\/wp_site\/semanadobrincar2025\/wp-content\/uploads\/sites\/40\/2025\/06\/83bff077-fe96-4cee-9d1e-45d10007eb2a.jpeg 1200w\" sizes=\"(max-width: 462px) 100vw, 462px\" \/><\/figure>\n<\/div>\n<\/div>\n","protected":false},"excerpt":{"rendered":"<p>De portas abertas para o encanto, a EPG Walter Efig\u00eanio, localizada no Pimentas, promoveu uma atividade repleta de alegria e ternura com os alunos durante a Semana Mundial do Brincar. &hellip;<\/p>\n<p class=\"read-more\"> <a class=\"\" href=\"https:\/\/portaleducacao.guarulhos.sp.gov.br\/wp_site\/semanadobrincar2025\/2025\/06\/05\/alunos-da-epg-walter-efigenio-convidam-adultos-para-brincar-e-celebram-a-alegria\/\"> <span class=\"screen-reader-text\">Alunos da EPG Walter Efig\u00eanio convidam adultos para brincar e celebram a alegria<\/span> Leia mais &raquo;<\/a><\/p>\n","protected":false},"author":32,"featured_media":1242,"comment_status":"closed","ping_status":"open","sticky":false,"template":"","format":"standard","meta":{"_monsterinsights_skip_tracking":false,"_monsterinsights_sitenote_active":false,"_monsterinsights_sitenote_note":"","_monsterinsights_sitenote_category":0,"site-sidebar-layout":"default","site-content-layout":"default","ast-global-header-display":"","ast-main-header-display":"","ast-hfb-above-header-display":"","ast-hfb-below-header-display":"","ast-hfb-mobile-header-display":"","site-post-title":"","ast-breadcrumbs-content":"","ast-featured-img":"","footer-sml-layout":"","theme-transparent-header-meta":"","adv-header-id-meta":"","stick-header-meta":"","header-above-stick-meta":"","header-main-stick-meta":"","header-below-stick-meta":"","_expiration-date-status":"","_expiration-date":0,"_expiration-date-type":"","_expiration-date-categories":[],"_expiration-date-options":[]},"categories":[20],"tags":[],"yoast_head":"<!-- This site is optimized with the Yoast SEO plugin v19.7.1 - https:\/\/yoast.com\/wordpress\/plugins\/seo\/ -->\r\n<title>Alunos da EPG Walter Efig\u00eanio convidam adultos para brincar e celebram a alegria - semana do brincar<\/title>\r\n<meta name=\"robots\" content=\"index, follow, max-snippet:-1, max-image-preview:large, max-video-preview:-1\" \/>\r\n<link rel=\"canonical\" href=\"https:\/\/portaleducacao.guarulhos.sp.gov.br\/wp_site\/semanadobrincar2025\/2025\/06\/05\/alunos-da-epg-walter-efigenio-convidam-adultos-para-brincar-e-celebram-a-alegria\/\" \/>\r\n<meta property=\"og:locale\" content=\"pt_BR\" \/>\r\n<meta property=\"og:type\" content=\"article\" \/>\r\n<meta property=\"og:title\" content=\"Alunos da EPG Walter Efig\u00eanio convidam adultos para brincar e celebram a alegria - semana do brincar\" \/>\r\n<meta property=\"og:description\" content=\"De portas abertas para o encanto, a EPG Walter Efig\u00eanio, localizada no Pimentas, promoveu uma atividade repleta de alegria e ternura com os alunos durante a Semana Mundial do Brincar. &hellip; Alunos da EPG Walter Efig\u00eanio convidam adultos para brincar e celebram a alegria Leia mais &raquo;\" \/>\r\n<meta property=\"og:url\" content=\"https:\/\/portaleducacao.guarulhos.sp.gov.br\/wp_site\/semanadobrincar2025\/2025\/06\/05\/alunos-da-epg-walter-efigenio-convidam-adultos-para-brincar-e-celebram-a-alegria\/\" \/>\r\n<meta property=\"og:site_name\" content=\"semana do brincar\" \/>\r\n<meta property=\"article:published_time\" content=\"2025-06-05T15:44:18+00:00\" \/>\r\n<meta property=\"article:modified_time\" content=\"2025-06-05T15:45:11+00:00\" \/>\r\n<meta property=\"og:image\" content=\"http:\/\/portaleducacao.guarulhos.sp.gov.br\/wp_site\/semanadobrincar2025\/wp-content\/uploads\/sites\/40\/2025\/06\/fcab05f3-4f38-495d-95f4-18252618b133-1.jpeg\" \/>\r\n\t<meta property=\"og:image:width\" content=\"1600\" \/>\r\n\t<meta property=\"og:image:height\" content=\"1200\" \/>\r\n\t<meta property=\"og:image:type\" content=\"image\/jpeg\" \/>\r\n<meta name=\"author\" content=\"talitasds\" \/>\r\n<meta name=\"twitter:card\" content=\"summary_large_image\" \/>\r\n<meta name=\"twitter:label1\" content=\"Escrito por\" \/>\n\t<meta name=\"twitter:data1\" content=\"talitasds\" \/>\n\t<meta name=\"twitter:label2\" content=\"Est. tempo de leitura\" \/>\n\t<meta name=\"twitter:data2\" content=\"3 minutos\" \/>\r\n<script type=\"application\/ld+json\" class=\"yoast-schema-graph\">{\"@context\":\"https:\/\/schema.org\",\"@graph\":[{\"@type\":\"WebPage\",\"@id\":\"https:\/\/portaleducacao.guarulhos.sp.gov.br\/wp_site\/semanadobrincar2025\/2025\/06\/05\/alunos-da-epg-walter-efigenio-convidam-adultos-para-brincar-e-celebram-a-alegria\/\",\"url\":\"https:\/\/portaleducacao.guarulhos.sp.gov.br\/wp_site\/semanadobrincar2025\/2025\/06\/05\/alunos-da-epg-walter-efigenio-convidam-adultos-para-brincar-e-celebram-a-alegria\/\",\"name\":\"Alunos da EPG Walter Efig\u00eanio convidam adultos para brincar e celebram a alegria - semana do brincar\",\"isPartOf\":{\"@id\":\"https:\/\/portaleducacao.guarulhos.sp.gov.br\/wp_site\/semanadobrincar2025\/#website\"},\"datePublished\":\"2025-06-05T15:44:18+00:00\",\"dateModified\":\"2025-06-05T15:45:11+00:00\",\"author\":{\"@id\":\"https:\/\/portaleducacao.guarulhos.sp.gov.br\/wp_site\/semanadobrincar2025\/#\/schema\/person\/1e6f253ac148bf2e1afbc55205e45b3c\"},\"breadcrumb\":{\"@id\":\"https:\/\/portaleducacao.guarulhos.sp.gov.br\/wp_site\/semanadobrincar2025\/2025\/06\/05\/alunos-da-epg-walter-efigenio-convidam-adultos-para-brincar-e-celebram-a-alegria\/#breadcrumb\"},\"inLanguage\":\"pt-BR\",\"potentialAction\":[{\"@type\":\"ReadAction\",\"target\":[\"https:\/\/portaleducacao.guarulhos.sp.gov.br\/wp_site\/semanadobrincar2025\/2025\/06\/05\/alunos-da-epg-walter-efigenio-convidam-adultos-para-brincar-e-celebram-a-alegria\/\"]}]},{\"@type\":\"BreadcrumbList\",\"@id\":\"https:\/\/portaleducacao.guarulhos.sp.gov.br\/wp_site\/semanadobrincar2025\/2025\/06\/05\/alunos-da-epg-walter-efigenio-convidam-adultos-para-brincar-e-celebram-a-alegria\/#breadcrumb\",\"itemListElement\":[{\"@type\":\"ListItem\",\"position\":1,\"name\":\"In\u00edcio\",\"item\":\"https:\/\/portaleducacao.guarulhos.sp.gov.br\/wp_site\/semanadobrincar2025\/\"},{\"@type\":\"ListItem\",\"position\":2,\"name\":\"Alunos da EPG Walter Efig\u00eanio convidam adultos para brincar e celebram a alegria\"}]},{\"@type\":\"WebSite\",\"@id\":\"https:\/\/portaleducacao.guarulhos.sp.gov.br\/wp_site\/semanadobrincar2025\/#website\",\"url\":\"https:\/\/portaleducacao.guarulhos.sp.gov.br\/wp_site\/semanadobrincar2025\/\",\"name\":\"semana do brincar\",\"description\":\"S\u00f3 mais um site Portal SE Informe\",\"potentialAction\":[{\"@type\":\"SearchAction\",\"target\":{\"@type\":\"EntryPoint\",\"urlTemplate\":\"https:\/\/portaleducacao.guarulhos.sp.gov.br\/wp_site\/semanadobrincar2025\/?s={search_term_string}\"},\"query-input\":\"required name=search_term_string\"}],\"inLanguage\":\"pt-BR\"},{\"@type\":\"Person\",\"@id\":\"https:\/\/portaleducacao.guarulhos.sp.gov.br\/wp_site\/semanadobrincar2025\/#\/schema\/person\/1e6f253ac148bf2e1afbc55205e45b3c\",\"name\":\"talitasds\",\"image\":{\"@type\":\"ImageObject\",\"inLanguage\":\"pt-BR\",\"@id\":\"https:\/\/portaleducacao.guarulhos.sp.gov.br\/wp_site\/semanadobrincar2025\/#\/schema\/person\/image\/\",\"url\":\"https:\/\/secure.gravatar.com\/avatar\/b3afe9b1393d5877d6ff7604eff566dd?s=96&d=mm&r=g\",\"contentUrl\":\"https:\/\/secure.gravatar.com\/avatar\/b3afe9b1393d5877d6ff7604eff566dd?s=96&d=mm&r=g\",\"caption\":\"talitasds\"},\"url\":\"https:\/\/portaleducacao.guarulhos.sp.gov.br\/wp_site\/semanadobrincar2025\/author\/talitasds\/\"}]}<\/script>\r\n<!-- \/ Yoast SEO plugin. -->","yoast_head_json":{"title":"Alunos da EPG Walter Efig\u00eanio convidam adultos para brincar e celebram a alegria - semana do brincar","robots":{"index":"index","follow":"follow","max-snippet":"max-snippet:-1","max-image-preview":"max-image-preview:large","max-video-preview":"max-video-preview:-1"},"canonical":"https:\/\/portaleducacao.guarulhos.sp.gov.br\/wp_site\/semanadobrincar2025\/2025\/06\/05\/alunos-da-epg-walter-efigenio-convidam-adultos-para-brincar-e-celebram-a-alegria\/","og_locale":"pt_BR","og_type":"article","og_title":"Alunos da EPG Walter Efig\u00eanio convidam adultos para brincar e celebram a alegria - semana do brincar","og_description":"De portas abertas para o encanto, a EPG Walter Efig\u00eanio, localizada no Pimentas, promoveu uma atividade repleta de alegria e ternura com os alunos durante a Semana Mundial do Brincar. &hellip; Alunos da EPG Walter Efig\u00eanio convidam adultos para brincar e celebram a alegria Leia mais &raquo;","og_url":"https:\/\/portaleducacao.guarulhos.sp.gov.br\/wp_site\/semanadobrincar2025\/2025\/06\/05\/alunos-da-epg-walter-efigenio-convidam-adultos-para-brincar-e-celebram-a-alegria\/","og_site_name":"semana do brincar","article_published_time":"2025-06-05T15:44:18+00:00","article_modified_time":"2025-06-05T15:45:11+00:00","og_image":[{"width":1600,"height":1200,"url":"http:\/\/portaleducacao.guarulhos.sp.gov.br\/wp_site\/semanadobrincar2025\/wp-content\/uploads\/sites\/40\/2025\/06\/fcab05f3-4f38-495d-95f4-18252618b133-1.jpeg","type":"image\/jpeg"}],"author":"talitasds","twitter_card":"summary_large_image","twitter_misc":{"Escrito por":"talitasds","Est. tempo de leitura":"3 minutos"},"schema":{"@context":"https:\/\/schema.org","@graph":[{"@type":"WebPage","@id":"https:\/\/portaleducacao.guarulhos.sp.gov.br\/wp_site\/semanadobrincar2025\/2025\/06\/05\/alunos-da-epg-walter-efigenio-convidam-adultos-para-brincar-e-celebram-a-alegria\/","url":"https:\/\/portaleducacao.guarulhos.sp.gov.br\/wp_site\/semanadobrincar2025\/2025\/06\/05\/alunos-da-epg-walter-efigenio-convidam-adultos-para-brincar-e-celebram-a-alegria\/","name":"Alunos da EPG Walter Efig\u00eanio convidam adultos para brincar e celebram a alegria - semana do brincar","isPartOf":{"@id":"https:\/\/portaleducacao.guarulhos.sp.gov.br\/wp_site\/semanadobrincar2025\/#website"},"datePublished":"2025-06-05T15:44:18+00:00","dateModified":"2025-06-05T15:45:11+00:00","author":{"@id":"https:\/\/portaleducacao.guarulhos.sp.gov.br\/wp_site\/semanadobrincar2025\/#\/schema\/person\/1e6f253ac148bf2e1afbc55205e45b3c"},"breadcrumb":{"@id":"https:\/\/portaleducacao.guarulhos.sp.gov.br\/wp_site\/semanadobrincar2025\/2025\/06\/05\/alunos-da-epg-walter-efigenio-convidam-adultos-para-brincar-e-celebram-a-alegria\/#breadcrumb"},"inLanguage":"pt-BR","potentialAction":[{"@type":"ReadAction","target":["https:\/\/portaleducacao.guarulhos.sp.gov.br\/wp_site\/semanadobrincar2025\/2025\/06\/05\/alunos-da-epg-walter-efigenio-convidam-adultos-para-brincar-e-celebram-a-alegria\/"]}]},{"@type":"BreadcrumbList","@id":"https:\/\/portaleducacao.guarulhos.sp.gov.br\/wp_site\/semanadobrincar2025\/2025\/06\/05\/alunos-da-epg-walter-efigenio-convidam-adultos-para-brincar-e-celebram-a-alegria\/#breadcrumb","itemListElement":[{"@type":"ListItem","position":1,"name":"In\u00edcio","item":"https:\/\/portaleducacao.guarulhos.sp.gov.br\/wp_site\/semanadobrincar2025\/"},{"@type":"ListItem","position":2,"name":"Alunos da EPG Walter Efig\u00eanio convidam adultos para brincar e celebram a alegria"}]},{"@type":"WebSite","@id":"https:\/\/portaleducacao.guarulhos.sp.gov.br\/wp_site\/semanadobrincar2025\/#website","url":"https:\/\/portaleducacao.guarulhos.sp.gov.br\/wp_site\/semanadobrincar2025\/","name":"semana do brincar","description":"S\u00f3 mais um site Portal SE Informe","potentialAction":[{"@type":"SearchAction","target":{"@type":"EntryPoint","urlTemplate":"https:\/\/portaleducacao.guarulhos.sp.gov.br\/wp_site\/semanadobrincar2025\/?s={search_term_string}"},"query-input":"required name=search_term_string"}],"inLanguage":"pt-BR"},{"@type":"Person","@id":"https:\/\/portaleducacao.guarulhos.sp.gov.br\/wp_site\/semanadobrincar2025\/#\/schema\/person\/1e6f253ac148bf2e1afbc55205e45b3c","name":"talitasds","image":{"@type":"ImageObject","inLanguage":"pt-BR","@id":"https:\/\/portaleducacao.guarulhos.sp.gov.br\/wp_site\/semanadobrincar2025\/#\/schema\/person\/image\/","url":"https:\/\/secure.gravatar.com\/avatar\/b3afe9b1393d5877d6ff7604eff566dd?s=96&d=mm&r=g","contentUrl":"https:\/\/secure.gravatar.com\/avatar\/b3afe9b1393d5877d6ff7604eff566dd?s=96&d=mm&r=g","caption":"talitasds"},"url":"https:\/\/portaleducacao.guarulhos.sp.gov.br\/wp_site\/semanadobrincar2025\/author\/talitasds\/"}]}},"_links":{"self":[{"href":"https:\/\/portaleducacao.guarulhos.sp.gov.br\/wp_site\/semanadobrincar2025\/wp-json\/wp\/v2\/posts\/1238"}],"collection":[{"href":"https:\/\/portaleducacao.guarulhos.sp.gov.br\/wp_site\/semanadobrincar2025\/wp-json\/wp\/v2\/posts"}],"about":[{"href":"https:\/\/portaleducacao.guarulhos.sp.gov.br\/wp_site\/semanadobrincar2025\/wp-json\/wp\/v2\/types\/post"}],"author":[{"embeddable":true,"href":"https:\/\/portaleducacao.guarulhos.sp.gov.br\/wp_site\/semanadobrincar2025\/wp-json\/wp\/v2\/users\/32"}],"replies":[{"embeddable":true,"href":"https:\/\/portaleducacao.guarulhos.sp.gov.br\/wp_site\/semanadobrincar2025\/wp-json\/wp\/v2\/comments?post=1238"}],"version-history":[{"count":1,"href":"https:\/\/portaleducacao.guarulhos.sp.gov.br\/wp_site\/semanadobrincar2025\/wp-json\/wp\/v2\/posts\/1238\/revisions"}],"predecessor-version":[{"id":1243,"href":"https:\/\/portaleducacao.guarulhos.sp.gov.br\/wp_site\/semanadobrincar2025\/wp-json\/wp\/v2\/posts\/1238\/revisions\/1243"}],"wp:featuredmedia":[{"embeddable":true,"href":"https:\/\/portaleducacao.guarulhos.sp.gov.br\/wp_site\/semanadobrincar2025\/wp-json\/wp\/v2\/media\/1242"}],"wp:attachment":[{"href":"https:\/\/portaleducacao.guarulhos.sp.gov.br\/wp_site\/semanadobrincar2025\/wp-json\/wp\/v2\/media?parent=1238"}],"wp:term":[{"taxonomy":"category","embeddable":true,"href":"https:\/\/portaleducacao.guarulhos.sp.gov.br\/wp_site\/semanadobrincar2025\/wp-json\/wp\/v2\/categories?post=1238"},{"taxonomy":"post_tag","embeddable":true,"href":"https:\/\/portaleducacao.guarulhos.sp.gov.br\/wp_site\/semanadobrincar2025\/wp-json\/wp\/v2\/tags?post=1238"}],"curies":[{"name":"wp","href":"https:\/\/api.w.org\/{rel}","templated":true}]}}