{"id":632,"date":"2025-05-23T14:02:33","date_gmt":"2025-05-23T17:02:33","guid":{"rendered":"https:\/\/portaleducacao.guarulhos.sp.gov.br\/wp_site\/semanadobrincar2025\/?p=632"},"modified":"2025-05-23T14:41:54","modified_gmt":"2025-05-23T17:41:54","slug":"roda-de-conversa-sob-os-diferentes-olhares-diretor-coordenador-e-professor","status":"publish","type":"post","link":"https:\/\/portaleducacao.guarulhos.sp.gov.br\/wp_site\/semanadobrincar2025\/2025\/05\/23\/roda-de-conversa-sob-os-diferentes-olhares-diretor-coordenador-e-professor\/","title":{"rendered":"Roda de Conversa sob os diferentes olhares: diretor, coordenador e professor."},"content":{"rendered":"\n<p class=\"has-medium-font-size\"><strong>Forma\u00e7\u00e3o para coordenadores da rede pr\u00f3pria<\/strong> <strong>com Marcela Di Lauro, Renato P. Gotola e Edvaldo Oliveira Filho.<\/strong><\/p>\n\n\n\n<p><strong>Data:<\/strong> 28\/05<\/p>\n\n\n\n<p><strong>Hor\u00e1rio:<\/strong> das 8h \u00e0s 12h<\/p>\n\n\n\n<p><strong>Local: <\/strong>CEU Bonsucesso &#8211; Avenida Paschoal Thomeu, s\/n\u00ba<\/p>\n\n\n\n<div style=\"height:100px\" aria-hidden=\"true\" class=\"wp-block-spacer\"><\/div>\n\n\n\n<div class=\"wp-container-3 wp-block-columns\">\n<div class=\"wp-container-1 wp-block-column\">\n<p><strong>Marcela Di Lauro<\/strong><\/p>\n\n\n\n<p><strong>Pedagoga, Diretora Escolar, 18 anos atuando na Rede Municipal de Educa\u00e7\u00e3o do Munic\u00edpio de Guarulhos, m\u00e3e da Nathalia&nbsp; e do Caetano.<\/strong><\/p>\n\n\n\n<p><strong>Por acreditar na pot\u00eancia da inf\u00e2ncia na constru\u00e7\u00e3o do sujeito e da sociedade, optei por dedicar minha carreira, pesquisas, ideias, ideais e interesses a Educa\u00e7\u00e3o Infantil. Reconhecendo o espa\u00e7o escolar como local de possibilidades na garantia de uma inf\u00e2ncia brincante, respeitosa e com possibilidade de conex\u00e3o com a natureza.<\/strong><\/p>\n\n\n\n<p><strong>Busco mediar a\u00e7\u00f5es de reconhecimento e reencontros com as viv\u00eancias da inf\u00e2ncia por meio a\u00e7\u00f5es formativas e experenciadas no cotidiano da escola, pensando e promovendo espa\u00e7os acolhedores, imaginativos e naturais.<\/strong><\/p>\n<\/div>\n\n\n\n<div class=\"wp-container-2 wp-block-column\">\n<figure class=\"wp-block-image size-full is-resized\"><img loading=\"lazy\" src=\"http:\/\/portaleducacao.guarulhos.sp.gov.br\/wp_site\/semanadobrincar2025\/wp-content\/uploads\/sites\/40\/2025\/05\/marcela.png\" alt=\"\" class=\"wp-image-362\" width=\"539\" height=\"433\" srcset=\"https:\/\/portaleducacao.guarulhos.sp.gov.br\/wp_site\/semanadobrincar2025\/wp-content\/uploads\/sites\/40\/2025\/05\/marcela.png 304w, https:\/\/portaleducacao.guarulhos.sp.gov.br\/wp_site\/semanadobrincar2025\/wp-content\/uploads\/sites\/40\/2025\/05\/marcela-300x241.png 300w\" sizes=\"(max-width: 539px) 100vw, 539px\" \/><\/figure>\n<\/div>\n<\/div>\n\n\n\n<div style=\"height:100px\" aria-hidden=\"true\" class=\"wp-block-spacer\"><\/div>\n\n\n\n<div class=\"wp-container-6 wp-block-columns\">\n<div class=\"wp-container-4 wp-block-column\">\n<figure class=\"wp-block-image size-full is-resized\"><img loading=\"lazy\" src=\"http:\/\/portaleducacao.guarulhos.sp.gov.br\/wp_site\/semanadobrincar2025\/wp-content\/uploads\/sites\/40\/2025\/05\/renato-e1747745138529.jpg\" alt=\"\" class=\"wp-image-364\" width=\"538\" height=\"638\" srcset=\"https:\/\/portaleducacao.guarulhos.sp.gov.br\/wp_site\/semanadobrincar2025\/wp-content\/uploads\/sites\/40\/2025\/05\/renato-e1747745138529.jpg 451w, https:\/\/portaleducacao.guarulhos.sp.gov.br\/wp_site\/semanadobrincar2025\/wp-content\/uploads\/sites\/40\/2025\/05\/renato-e1747745138529-253x300.jpg 253w\" sizes=\"(max-width: 538px) 100vw, 538px\" \/><\/figure>\n<\/div>\n\n\n\n<div class=\"wp-container-5 wp-block-column\">\n<p>Renato Pinto Gotola<\/p>\n\n\n\n<p>Na Educa\u00e7\u00e3o de Guarulhos, desde outubro de 2009 como Professor de Educa\u00e7\u00e3o B\u00e1sica I, em mar\u00e7o de 2014, ingressou na coordena\u00e7\u00e3o pedag\u00f3gica da EPG Mariazinha Rezende Fusari. Sendo um polo de AEE, foram desenvolvidas a\u00e7\u00f5es que potencializassem o direito de aprendizagem do educando com defici\u00eancia. Dentre algumas propostas, destacam-se a cria\u00e7\u00e3o de portf\u00f3lio do aluno, planejamento espec\u00edfico, forma\u00e7\u00f5es tem\u00e1ticas al\u00e9m de atendimentos personalizados \u00e0s familias dos educandos laudados ou em investiga\u00e7\u00e3o. Em 2022-2023, em conjunto com a gest\u00e3o e uma das professoras, foi organizada a proposta de reutiliza\u00e7\u00e3o do lixo e seu descarte. Tal a\u00e7\u00e3o impactou diretamente no entorno da Unidade Escolar, constantemente degradado. O projeto potencializou a segrega\u00e7\u00e3o correta dos res\u00edduos durante e ap\u00f3s as refei\u00e7\u00f5es dos alunos. A visibilidade dada foi not\u00f3ria, contribuindo para a socializa\u00e7\u00e3o das pr\u00e1ticas junto ao DOEP e nas forma\u00e7\u00f5es desenvolvidas por esse departamento. Durante a perman\u00eancia na vice dire\u00e7\u00e3o, ampliou saberes relacionados \u00e0 pr\u00e1tica administrativa. Destacam-se patrimonio, solicita\u00e7\u00f5es internas (SIAGRU), SEI, Ponto Soft, matricula e demais despachos pelo GIER, PSE, SIPEX. Acredita na plena inser\u00e7\u00e3o do educando respeitando suas especificidades, no constante di\u00e1logo entre fam\u00edlias e educadores para otimizar o atendimento ao aluno tendo como foco um atendimento qualitativo<\/p>\n<\/div>\n<\/div>\n\n\n\n<div style=\"height:100px\" aria-hidden=\"true\" class=\"wp-block-spacer\"><\/div>\n\n\n\n<div class=\"wp-container-9 wp-block-columns\">\n<div class=\"wp-container-7 wp-block-column\">\n<p>Edvaldo Oliveira Filho<\/p>\n\n\n\n<p>Pedagogo e cientista social, especialista em Gest\u00e3o Escolar, mestre em Educa\u00e7\u00e3o, estudante de doutorado em Educa\u00e7\u00e3o e professor na Rede Municipal de Guarulhos.<\/p>\n<\/div>\n\n\n\n<div class=\"wp-container-8 wp-block-column\">\n<figure class=\"wp-block-image size-large\"><img loading=\"lazy\" width=\"777\" height=\"1024\" src=\"http:\/\/portaleducacao.guarulhos.sp.gov.br\/wp_site\/semanadobrincar2025\/wp-content\/uploads\/sites\/40\/2025\/05\/edvaldo-777x1024.jpg\" alt=\"\" class=\"wp-image-373\" srcset=\"https:\/\/portaleducacao.guarulhos.sp.gov.br\/wp_site\/semanadobrincar2025\/wp-content\/uploads\/sites\/40\/2025\/05\/edvaldo-777x1024.jpg 777w, https:\/\/portaleducacao.guarulhos.sp.gov.br\/wp_site\/semanadobrincar2025\/wp-content\/uploads\/sites\/40\/2025\/05\/edvaldo-228x300.jpg 228w, https:\/\/portaleducacao.guarulhos.sp.gov.br\/wp_site\/semanadobrincar2025\/wp-content\/uploads\/sites\/40\/2025\/05\/edvaldo-768x1012.jpg 768w, https:\/\/portaleducacao.guarulhos.sp.gov.br\/wp_site\/semanadobrincar2025\/wp-content\/uploads\/sites\/40\/2025\/05\/edvaldo-1165x1536.jpg 1165w, https:\/\/portaleducacao.guarulhos.sp.gov.br\/wp_site\/semanadobrincar2025\/wp-content\/uploads\/sites\/40\/2025\/05\/edvaldo.jpg 1214w\" sizes=\"(max-width: 777px) 100vw, 777px\" \/><\/figure>\n<\/div>\n<\/div>\n","protected":false},"excerpt":{"rendered":"<p>Data: 28\/05<\/p>\n<p>Hor\u00e1rio: das 8h \u00e0s 12h<\/p>\n<p>Local: CEU Bonsucesso &#8211; Avenida Paschoal Thomeu, s\/n\u00ba<\/p>\n","protected":false},"author":32,"featured_media":652,"comment_status":"closed","ping_status":"open","sticky":false,"template":"","format":"standard","meta":{"_monsterinsights_skip_tracking":false,"_monsterinsights_sitenote_active":false,"_monsterinsights_sitenote_note":"","_monsterinsights_sitenote_category":0,"site-sidebar-layout":"default","site-content-layout":"default","ast-global-header-display":"","ast-main-header-display":"","ast-hfb-above-header-display":"","ast-hfb-below-header-display":"","ast-hfb-mobile-header-display":"","site-post-title":"","ast-breadcrumbs-content":"","ast-featured-img":"","footer-sml-layout":"","theme-transparent-header-meta":"","adv-header-id-meta":"","stick-header-meta":"","header-above-stick-meta":"","header-main-stick-meta":"","header-below-stick-meta":"","_expiration-date-status":"","_expiration-date":1748626863,"_expiration-date-type":"draft","_expiration-date-categories":[],"_expiration-date-options":[]},"categories":[22,11],"tags":[],"yoast_head":"<!-- This site is optimized with the Yoast SEO plugin v19.7.1 - https:\/\/yoast.com\/wordpress\/plugins\/seo\/ -->\r\n<title>Roda de Conversa sob os diferentes olhares: diretor, coordenador e professor. - semana do brincar<\/title>\r\n<meta name=\"robots\" content=\"index, follow, max-snippet:-1, max-image-preview:large, max-video-preview:-1\" \/>\r\n<link rel=\"canonical\" href=\"https:\/\/portaleducacao.guarulhos.sp.gov.br\/wp_site\/semanadobrincar2025\/2025\/05\/23\/roda-de-conversa-sob-os-diferentes-olhares-diretor-coordenador-e-professor\/\" \/>\r\n<meta property=\"og:locale\" content=\"pt_BR\" \/>\r\n<meta property=\"og:type\" content=\"article\" \/>\r\n<meta property=\"og:title\" content=\"Roda de Conversa sob os diferentes olhares: diretor, coordenador e professor. - semana do brincar\" \/>\r\n<meta property=\"og:description\" content=\"Data: 28\/05 Hor\u00e1rio: das 8h \u00e0s 12h Local: CEU Bonsucesso - Avenida Paschoal Thomeu, s\/n\u00ba\" \/>\r\n<meta property=\"og:url\" content=\"https:\/\/portaleducacao.guarulhos.sp.gov.br\/wp_site\/semanadobrincar2025\/2025\/05\/23\/roda-de-conversa-sob-os-diferentes-olhares-diretor-coordenador-e-professor\/\" \/>\r\n<meta property=\"og:site_name\" content=\"semana do brincar\" \/>\r\n<meta property=\"article:published_time\" content=\"2025-05-23T17:02:33+00:00\" \/>\r\n<meta property=\"article:modified_time\" content=\"2025-05-23T17:41:54+00:00\" \/>\r\n<meta property=\"og:image\" content=\"http:\/\/portaleducacao.guarulhos.sp.gov.br\/wp_site\/semanadobrincar2025\/wp-content\/uploads\/sites\/40\/2025\/05\/WhatsApp-Image-2025-05-23-at-14.41.34.jpeg\" \/>\r\n\t<meta property=\"og:image:width\" content=\"1600\" \/>\r\n\t<meta property=\"og:image:height\" content=\"1225\" \/>\r\n\t<meta property=\"og:image:type\" content=\"image\/jpeg\" \/>\r\n<meta name=\"author\" content=\"talitasds\" \/>\r\n<meta name=\"twitter:card\" content=\"summary_large_image\" \/>\r\n<meta name=\"twitter:label1\" content=\"Escrito por\" \/>\n\t<meta name=\"twitter:data1\" content=\"talitasds\" \/>\n\t<meta name=\"twitter:label2\" content=\"Est. tempo de leitura\" \/>\n\t<meta name=\"twitter:data2\" content=\"3 minutos\" \/>\r\n<script type=\"application\/ld+json\" class=\"yoast-schema-graph\">{\"@context\":\"https:\/\/schema.org\",\"@graph\":[{\"@type\":\"WebPage\",\"@id\":\"https:\/\/portaleducacao.guarulhos.sp.gov.br\/wp_site\/semanadobrincar2025\/2025\/05\/23\/roda-de-conversa-sob-os-diferentes-olhares-diretor-coordenador-e-professor\/\",\"url\":\"https:\/\/portaleducacao.guarulhos.sp.gov.br\/wp_site\/semanadobrincar2025\/2025\/05\/23\/roda-de-conversa-sob-os-diferentes-olhares-diretor-coordenador-e-professor\/\",\"name\":\"Roda de Conversa sob os diferentes olhares: diretor, coordenador e professor. - semana do brincar\",\"isPartOf\":{\"@id\":\"https:\/\/portaleducacao.guarulhos.sp.gov.br\/wp_site\/semanadobrincar2025\/#website\"},\"datePublished\":\"2025-05-23T17:02:33+00:00\",\"dateModified\":\"2025-05-23T17:41:54+00:00\",\"author\":{\"@id\":\"https:\/\/portaleducacao.guarulhos.sp.gov.br\/wp_site\/semanadobrincar2025\/#\/schema\/person\/1e6f253ac148bf2e1afbc55205e45b3c\"},\"breadcrumb\":{\"@id\":\"https:\/\/portaleducacao.guarulhos.sp.gov.br\/wp_site\/semanadobrincar2025\/2025\/05\/23\/roda-de-conversa-sob-os-diferentes-olhares-diretor-coordenador-e-professor\/#breadcrumb\"},\"inLanguage\":\"pt-BR\",\"potentialAction\":[{\"@type\":\"ReadAction\",\"target\":[\"https:\/\/portaleducacao.guarulhos.sp.gov.br\/wp_site\/semanadobrincar2025\/2025\/05\/23\/roda-de-conversa-sob-os-diferentes-olhares-diretor-coordenador-e-professor\/\"]}]},{\"@type\":\"BreadcrumbList\",\"@id\":\"https:\/\/portaleducacao.guarulhos.sp.gov.br\/wp_site\/semanadobrincar2025\/2025\/05\/23\/roda-de-conversa-sob-os-diferentes-olhares-diretor-coordenador-e-professor\/#breadcrumb\",\"itemListElement\":[{\"@type\":\"ListItem\",\"position\":1,\"name\":\"In\u00edcio\",\"item\":\"https:\/\/portaleducacao.guarulhos.sp.gov.br\/wp_site\/semanadobrincar2025\/\"},{\"@type\":\"ListItem\",\"position\":2,\"name\":\"Roda de Conversa sob os diferentes olhares: diretor, coordenador e professor.\"}]},{\"@type\":\"WebSite\",\"@id\":\"https:\/\/portaleducacao.guarulhos.sp.gov.br\/wp_site\/semanadobrincar2025\/#website\",\"url\":\"https:\/\/portaleducacao.guarulhos.sp.gov.br\/wp_site\/semanadobrincar2025\/\",\"name\":\"semana do brincar\",\"description\":\"S\u00f3 mais um site Portal SE Informe\",\"potentialAction\":[{\"@type\":\"SearchAction\",\"target\":{\"@type\":\"EntryPoint\",\"urlTemplate\":\"https:\/\/portaleducacao.guarulhos.sp.gov.br\/wp_site\/semanadobrincar2025\/?s={search_term_string}\"},\"query-input\":\"required name=search_term_string\"}],\"inLanguage\":\"pt-BR\"},{\"@type\":\"Person\",\"@id\":\"https:\/\/portaleducacao.guarulhos.sp.gov.br\/wp_site\/semanadobrincar2025\/#\/schema\/person\/1e6f253ac148bf2e1afbc55205e45b3c\",\"name\":\"talitasds\",\"image\":{\"@type\":\"ImageObject\",\"inLanguage\":\"pt-BR\",\"@id\":\"https:\/\/portaleducacao.guarulhos.sp.gov.br\/wp_site\/semanadobrincar2025\/#\/schema\/person\/image\/\",\"url\":\"https:\/\/secure.gravatar.com\/avatar\/b3afe9b1393d5877d6ff7604eff566dd?s=96&d=mm&r=g\",\"contentUrl\":\"https:\/\/secure.gravatar.com\/avatar\/b3afe9b1393d5877d6ff7604eff566dd?s=96&d=mm&r=g\",\"caption\":\"talitasds\"},\"url\":\"https:\/\/portaleducacao.guarulhos.sp.gov.br\/wp_site\/semanadobrincar2025\/author\/talitasds\/\"}]}<\/script>\r\n<!-- \/ Yoast SEO plugin. -->","yoast_head_json":{"title":"Roda de Conversa sob os diferentes olhares: diretor, coordenador e professor. - semana do brincar","robots":{"index":"index","follow":"follow","max-snippet":"max-snippet:-1","max-image-preview":"max-image-preview:large","max-video-preview":"max-video-preview:-1"},"canonical":"https:\/\/portaleducacao.guarulhos.sp.gov.br\/wp_site\/semanadobrincar2025\/2025\/05\/23\/roda-de-conversa-sob-os-diferentes-olhares-diretor-coordenador-e-professor\/","og_locale":"pt_BR","og_type":"article","og_title":"Roda de Conversa sob os diferentes olhares: diretor, coordenador e professor. - semana do brincar","og_description":"Data: 28\/05 Hor\u00e1rio: das 8h \u00e0s 12h Local: CEU Bonsucesso - Avenida Paschoal Thomeu, s\/n\u00ba","og_url":"https:\/\/portaleducacao.guarulhos.sp.gov.br\/wp_site\/semanadobrincar2025\/2025\/05\/23\/roda-de-conversa-sob-os-diferentes-olhares-diretor-coordenador-e-professor\/","og_site_name":"semana do brincar","article_published_time":"2025-05-23T17:02:33+00:00","article_modified_time":"2025-05-23T17:41:54+00:00","og_image":[{"width":1600,"height":1225,"url":"http:\/\/portaleducacao.guarulhos.sp.gov.br\/wp_site\/semanadobrincar2025\/wp-content\/uploads\/sites\/40\/2025\/05\/WhatsApp-Image-2025-05-23-at-14.41.34.jpeg","type":"image\/jpeg"}],"author":"talitasds","twitter_card":"summary_large_image","twitter_misc":{"Escrito por":"talitasds","Est. tempo de leitura":"3 minutos"},"schema":{"@context":"https:\/\/schema.org","@graph":[{"@type":"WebPage","@id":"https:\/\/portaleducacao.guarulhos.sp.gov.br\/wp_site\/semanadobrincar2025\/2025\/05\/23\/roda-de-conversa-sob-os-diferentes-olhares-diretor-coordenador-e-professor\/","url":"https:\/\/portaleducacao.guarulhos.sp.gov.br\/wp_site\/semanadobrincar2025\/2025\/05\/23\/roda-de-conversa-sob-os-diferentes-olhares-diretor-coordenador-e-professor\/","name":"Roda de Conversa sob os diferentes olhares: diretor, coordenador e professor. - semana do brincar","isPartOf":{"@id":"https:\/\/portaleducacao.guarulhos.sp.gov.br\/wp_site\/semanadobrincar2025\/#website"},"datePublished":"2025-05-23T17:02:33+00:00","dateModified":"2025-05-23T17:41:54+00:00","author":{"@id":"https:\/\/portaleducacao.guarulhos.sp.gov.br\/wp_site\/semanadobrincar2025\/#\/schema\/person\/1e6f253ac148bf2e1afbc55205e45b3c"},"breadcrumb":{"@id":"https:\/\/portaleducacao.guarulhos.sp.gov.br\/wp_site\/semanadobrincar2025\/2025\/05\/23\/roda-de-conversa-sob-os-diferentes-olhares-diretor-coordenador-e-professor\/#breadcrumb"},"inLanguage":"pt-BR","potentialAction":[{"@type":"ReadAction","target":["https:\/\/portaleducacao.guarulhos.sp.gov.br\/wp_site\/semanadobrincar2025\/2025\/05\/23\/roda-de-conversa-sob-os-diferentes-olhares-diretor-coordenador-e-professor\/"]}]},{"@type":"BreadcrumbList","@id":"https:\/\/portaleducacao.guarulhos.sp.gov.br\/wp_site\/semanadobrincar2025\/2025\/05\/23\/roda-de-conversa-sob-os-diferentes-olhares-diretor-coordenador-e-professor\/#breadcrumb","itemListElement":[{"@type":"ListItem","position":1,"name":"In\u00edcio","item":"https:\/\/portaleducacao.guarulhos.sp.gov.br\/wp_site\/semanadobrincar2025\/"},{"@type":"ListItem","position":2,"name":"Roda de Conversa sob os diferentes olhares: diretor, coordenador e professor."}]},{"@type":"WebSite","@id":"https:\/\/portaleducacao.guarulhos.sp.gov.br\/wp_site\/semanadobrincar2025\/#website","url":"https:\/\/portaleducacao.guarulhos.sp.gov.br\/wp_site\/semanadobrincar2025\/","name":"semana do brincar","description":"S\u00f3 mais um site Portal SE Informe","potentialAction":[{"@type":"SearchAction","target":{"@type":"EntryPoint","urlTemplate":"https:\/\/portaleducacao.guarulhos.sp.gov.br\/wp_site\/semanadobrincar2025\/?s={search_term_string}"},"query-input":"required name=search_term_string"}],"inLanguage":"pt-BR"},{"@type":"Person","@id":"https:\/\/portaleducacao.guarulhos.sp.gov.br\/wp_site\/semanadobrincar2025\/#\/schema\/person\/1e6f253ac148bf2e1afbc55205e45b3c","name":"talitasds","image":{"@type":"ImageObject","inLanguage":"pt-BR","@id":"https:\/\/portaleducacao.guarulhos.sp.gov.br\/wp_site\/semanadobrincar2025\/#\/schema\/person\/image\/","url":"https:\/\/secure.gravatar.com\/avatar\/b3afe9b1393d5877d6ff7604eff566dd?s=96&d=mm&r=g","contentUrl":"https:\/\/secure.gravatar.com\/avatar\/b3afe9b1393d5877d6ff7604eff566dd?s=96&d=mm&r=g","caption":"talitasds"},"url":"https:\/\/portaleducacao.guarulhos.sp.gov.br\/wp_site\/semanadobrincar2025\/author\/talitasds\/"}]}},"_links":{"self":[{"href":"https:\/\/portaleducacao.guarulhos.sp.gov.br\/wp_site\/semanadobrincar2025\/wp-json\/wp\/v2\/posts\/632"}],"collection":[{"href":"https:\/\/portaleducacao.guarulhos.sp.gov.br\/wp_site\/semanadobrincar2025\/wp-json\/wp\/v2\/posts"}],"about":[{"href":"https:\/\/portaleducacao.guarulhos.sp.gov.br\/wp_site\/semanadobrincar2025\/wp-json\/wp\/v2\/types\/post"}],"author":[{"embeddable":true,"href":"https:\/\/portaleducacao.guarulhos.sp.gov.br\/wp_site\/semanadobrincar2025\/wp-json\/wp\/v2\/users\/32"}],"replies":[{"embeddable":true,"href":"https:\/\/portaleducacao.guarulhos.sp.gov.br\/wp_site\/semanadobrincar2025\/wp-json\/wp\/v2\/comments?post=632"}],"version-history":[{"count":1,"href":"https:\/\/portaleducacao.guarulhos.sp.gov.br\/wp_site\/semanadobrincar2025\/wp-json\/wp\/v2\/posts\/632\/revisions"}],"predecessor-version":[{"id":633,"href":"https:\/\/portaleducacao.guarulhos.sp.gov.br\/wp_site\/semanadobrincar2025\/wp-json\/wp\/v2\/posts\/632\/revisions\/633"}],"wp:featuredmedia":[{"embeddable":true,"href":"https:\/\/portaleducacao.guarulhos.sp.gov.br\/wp_site\/semanadobrincar2025\/wp-json\/wp\/v2\/media\/652"}],"wp:attachment":[{"href":"https:\/\/portaleducacao.guarulhos.sp.gov.br\/wp_site\/semanadobrincar2025\/wp-json\/wp\/v2\/media?parent=632"}],"wp:term":[{"taxonomy":"category","embeddable":true,"href":"https:\/\/portaleducacao.guarulhos.sp.gov.br\/wp_site\/semanadobrincar2025\/wp-json\/wp\/v2\/categories?post=632"},{"taxonomy":"post_tag","embeddable":true,"href":"https:\/\/portaleducacao.guarulhos.sp.gov.br\/wp_site\/semanadobrincar2025\/wp-json\/wp\/v2\/tags?post=632"}],"curies":[{"name":"wp","href":"https:\/\/api.w.org\/{rel}","templated":true}]}}