{"id":641,"date":"2025-05-23T14:25:38","date_gmt":"2025-05-23T17:25:38","guid":{"rendered":"https:\/\/portaleducacao.guarulhos.sp.gov.br\/wp_site\/semanadobrincar2025\/?p=641"},"modified":"2025-05-23T14:53:28","modified_gmt":"2025-05-23T17:53:28","slug":"palestra-com-prof-dr-a-sandra-campos-tema-a-crianca-a-diferenca-e-o-brincar-as-infancias-que-vivemos-nas-escolas","status":"publish","type":"post","link":"https:\/\/portaleducacao.guarulhos.sp.gov.br\/wp_site\/semanadobrincar2025\/2025\/05\/23\/palestra-com-prof-dr-a-sandra-campos-tema-a-crianca-a-diferenca-e-o-brincar-as-infancias-que-vivemos-nas-escolas\/","title":{"rendered":"Palestra com Prof. Dr.\u00aa Sandra Campos. Tema: A crian\u00e7a, a diferen\u00e7a e o brincar: as inf\u00e2ncias que vivemos nas escolas."},"content":{"rendered":"\n<div class=\"wp-container-3 wp-block-columns\">\n<div class=\"wp-container-1 wp-block-column\">\n<p class=\"has-medium-font-size\"><strong>Data: <\/strong>29\/05 <\/p>\n\n\n\n<p class=\"has-medium-font-size\"><strong>Hor\u00e1rio<\/strong>: 8h \u00e0s 12h<\/p>\n\n\n\n<p class=\"has-medium-font-size\"><strong>Local<\/strong> :  CEU Ponte Alta<\/p>\n\n\n\n<p><\/p>\n<\/div>\n\n\n\n<div class=\"wp-container-2 wp-block-column\">\n<figure class=\"wp-block-image size-full is-resized\"><img loading=\"lazy\" src=\"http:\/\/portaleducacao.guarulhos.sp.gov.br\/wp_site\/semanadobrincar2025\/wp-content\/uploads\/sites\/40\/2025\/05\/sandra-e1747755427642.png\" alt=\"\" class=\"wp-image-404\" width=\"447\" height=\"512\" srcset=\"https:\/\/portaleducacao.guarulhos.sp.gov.br\/wp_site\/semanadobrincar2025\/wp-content\/uploads\/sites\/40\/2025\/05\/sandra-e1747755427642.png 335w, https:\/\/portaleducacao.guarulhos.sp.gov.br\/wp_site\/semanadobrincar2025\/wp-content\/uploads\/sites\/40\/2025\/05\/sandra-e1747755427642-262x300.png 262w\" sizes=\"(max-width: 447px) 100vw, 447px\" \/><\/figure>\n<\/div>\n<\/div>\n","protected":false},"excerpt":{"rendered":"<p>Data: 29\/05 <\/p>\n<p>Hor\u00e1rio: 8h \u00e0s 12h<\/p>\n<p>Local :  CEU Ponte Alta<\/p>\n","protected":false},"author":32,"featured_media":404,"comment_status":"closed","ping_status":"open","sticky":false,"template":"","format":"standard","meta":{"_monsterinsights_skip_tracking":false,"_monsterinsights_sitenote_active":false,"_monsterinsights_sitenote_note":"","_monsterinsights_sitenote_category":0,"site-sidebar-layout":"default","site-content-layout":"default","ast-global-header-display":"","ast-main-header-display":"","ast-hfb-above-header-display":"","ast-hfb-below-header-display":"","ast-hfb-mobile-header-display":"","site-post-title":"","ast-breadcrumbs-content":"","ast-featured-img":"","footer-sml-layout":"","theme-transparent-header-meta":"","adv-header-id-meta":"","stick-header-meta":"","header-above-stick-meta":"","header-main-stick-meta":"","header-below-stick-meta":"","_expiration-date-status":"","_expiration-date":1748627588,"_expiration-date-type":"draft","_expiration-date-categories":[],"_expiration-date-options":[]},"categories":[22,11,1],"tags":[],"yoast_head":"<!-- This site is optimized with the Yoast SEO plugin v19.7.1 - https:\/\/yoast.com\/wordpress\/plugins\/seo\/ -->\r\n<title>Palestra com Prof. Dr.\u00aa Sandra Campos. Tema: A crian\u00e7a, a diferen\u00e7a e o brincar: as inf\u00e2ncias que vivemos nas escolas. - semana do brincar<\/title>\r\n<meta name=\"robots\" content=\"index, follow, max-snippet:-1, max-image-preview:large, max-video-preview:-1\" \/>\r\n<link rel=\"canonical\" href=\"https:\/\/portaleducacao.guarulhos.sp.gov.br\/wp_site\/semanadobrincar2025\/2025\/05\/23\/palestra-com-prof-dr-a-sandra-campos-tema-a-crianca-a-diferenca-e-o-brincar-as-infancias-que-vivemos-nas-escolas\/\" \/>\r\n<meta property=\"og:locale\" content=\"pt_BR\" \/>\r\n<meta property=\"og:type\" content=\"article\" \/>\r\n<meta property=\"og:title\" content=\"Palestra com Prof. Dr.\u00aa Sandra Campos. Tema: A crian\u00e7a, a diferen\u00e7a e o brincar: as inf\u00e2ncias que vivemos nas escolas. - semana do brincar\" \/>\r\n<meta property=\"og:description\" content=\"Data: 29\/05  Hor\u00e1rio: 8h \u00e0s 12h Local : CEU Ponte Alta\" \/>\r\n<meta property=\"og:url\" content=\"https:\/\/portaleducacao.guarulhos.sp.gov.br\/wp_site\/semanadobrincar2025\/2025\/05\/23\/palestra-com-prof-dr-a-sandra-campos-tema-a-crianca-a-diferenca-e-o-brincar-as-infancias-que-vivemos-nas-escolas\/\" \/>\r\n<meta property=\"og:site_name\" content=\"semana do brincar\" \/>\r\n<meta property=\"article:published_time\" content=\"2025-05-23T17:25:38+00:00\" \/>\r\n<meta property=\"article:modified_time\" content=\"2025-05-23T17:53:28+00:00\" \/>\r\n<meta property=\"og:image\" content=\"http:\/\/portaleducacao.guarulhos.sp.gov.br\/wp_site\/semanadobrincar2025\/wp-content\/uploads\/sites\/40\/2025\/05\/sandra-e1747755427642.png\" \/>\r\n\t<meta property=\"og:image:width\" content=\"335\" \/>\r\n\t<meta property=\"og:image:height\" content=\"384\" \/>\r\n\t<meta property=\"og:image:type\" content=\"image\/png\" \/>\r\n<meta name=\"author\" content=\"talitasds\" \/>\r\n<meta name=\"twitter:card\" content=\"summary_large_image\" \/>\r\n<meta name=\"twitter:label1\" content=\"Escrito por\" \/>\n\t<meta name=\"twitter:data1\" content=\"talitasds\" \/>\n\t<meta name=\"twitter:label2\" content=\"Est. tempo de leitura\" \/>\n\t<meta name=\"twitter:data2\" content=\"1 minuto\" \/>\r\n<script type=\"application\/ld+json\" class=\"yoast-schema-graph\">{\"@context\":\"https:\/\/schema.org\",\"@graph\":[{\"@type\":\"WebPage\",\"@id\":\"https:\/\/portaleducacao.guarulhos.sp.gov.br\/wp_site\/semanadobrincar2025\/2025\/05\/23\/palestra-com-prof-dr-a-sandra-campos-tema-a-crianca-a-diferenca-e-o-brincar-as-infancias-que-vivemos-nas-escolas\/\",\"url\":\"https:\/\/portaleducacao.guarulhos.sp.gov.br\/wp_site\/semanadobrincar2025\/2025\/05\/23\/palestra-com-prof-dr-a-sandra-campos-tema-a-crianca-a-diferenca-e-o-brincar-as-infancias-que-vivemos-nas-escolas\/\",\"name\":\"Palestra com Prof. Dr.\u00aa Sandra Campos. Tema: A crian\u00e7a, a diferen\u00e7a e o brincar: as inf\u00e2ncias que vivemos nas escolas. - semana do brincar\",\"isPartOf\":{\"@id\":\"https:\/\/portaleducacao.guarulhos.sp.gov.br\/wp_site\/semanadobrincar2025\/#website\"},\"datePublished\":\"2025-05-23T17:25:38+00:00\",\"dateModified\":\"2025-05-23T17:53:28+00:00\",\"author\":{\"@id\":\"https:\/\/portaleducacao.guarulhos.sp.gov.br\/wp_site\/semanadobrincar2025\/#\/schema\/person\/1e6f253ac148bf2e1afbc55205e45b3c\"},\"breadcrumb\":{\"@id\":\"https:\/\/portaleducacao.guarulhos.sp.gov.br\/wp_site\/semanadobrincar2025\/2025\/05\/23\/palestra-com-prof-dr-a-sandra-campos-tema-a-crianca-a-diferenca-e-o-brincar-as-infancias-que-vivemos-nas-escolas\/#breadcrumb\"},\"inLanguage\":\"pt-BR\",\"potentialAction\":[{\"@type\":\"ReadAction\",\"target\":[\"https:\/\/portaleducacao.guarulhos.sp.gov.br\/wp_site\/semanadobrincar2025\/2025\/05\/23\/palestra-com-prof-dr-a-sandra-campos-tema-a-crianca-a-diferenca-e-o-brincar-as-infancias-que-vivemos-nas-escolas\/\"]}]},{\"@type\":\"BreadcrumbList\",\"@id\":\"https:\/\/portaleducacao.guarulhos.sp.gov.br\/wp_site\/semanadobrincar2025\/2025\/05\/23\/palestra-com-prof-dr-a-sandra-campos-tema-a-crianca-a-diferenca-e-o-brincar-as-infancias-que-vivemos-nas-escolas\/#breadcrumb\",\"itemListElement\":[{\"@type\":\"ListItem\",\"position\":1,\"name\":\"In\u00edcio\",\"item\":\"https:\/\/portaleducacao.guarulhos.sp.gov.br\/wp_site\/semanadobrincar2025\/\"},{\"@type\":\"ListItem\",\"position\":2,\"name\":\"Palestra com Prof. Dr.\u00aa Sandra Campos. Tema: A crian\u00e7a, a diferen\u00e7a e o brincar: as inf\u00e2ncias que vivemos nas escolas.\"}]},{\"@type\":\"WebSite\",\"@id\":\"https:\/\/portaleducacao.guarulhos.sp.gov.br\/wp_site\/semanadobrincar2025\/#website\",\"url\":\"https:\/\/portaleducacao.guarulhos.sp.gov.br\/wp_site\/semanadobrincar2025\/\",\"name\":\"semana do brincar\",\"description\":\"S\u00f3 mais um site Portal SE Informe\",\"potentialAction\":[{\"@type\":\"SearchAction\",\"target\":{\"@type\":\"EntryPoint\",\"urlTemplate\":\"https:\/\/portaleducacao.guarulhos.sp.gov.br\/wp_site\/semanadobrincar2025\/?s={search_term_string}\"},\"query-input\":\"required name=search_term_string\"}],\"inLanguage\":\"pt-BR\"},{\"@type\":\"Person\",\"@id\":\"https:\/\/portaleducacao.guarulhos.sp.gov.br\/wp_site\/semanadobrincar2025\/#\/schema\/person\/1e6f253ac148bf2e1afbc55205e45b3c\",\"name\":\"talitasds\",\"image\":{\"@type\":\"ImageObject\",\"inLanguage\":\"pt-BR\",\"@id\":\"https:\/\/portaleducacao.guarulhos.sp.gov.br\/wp_site\/semanadobrincar2025\/#\/schema\/person\/image\/\",\"url\":\"https:\/\/secure.gravatar.com\/avatar\/b3afe9b1393d5877d6ff7604eff566dd?s=96&d=mm&r=g\",\"contentUrl\":\"https:\/\/secure.gravatar.com\/avatar\/b3afe9b1393d5877d6ff7604eff566dd?s=96&d=mm&r=g\",\"caption\":\"talitasds\"},\"url\":\"https:\/\/portaleducacao.guarulhos.sp.gov.br\/wp_site\/semanadobrincar2025\/author\/talitasds\/\"}]}<\/script>\r\n<!-- \/ Yoast SEO plugin. -->","yoast_head_json":{"title":"Palestra com Prof. Dr.\u00aa Sandra Campos. Tema: A crian\u00e7a, a diferen\u00e7a e o brincar: as inf\u00e2ncias que vivemos nas escolas. - semana do brincar","robots":{"index":"index","follow":"follow","max-snippet":"max-snippet:-1","max-image-preview":"max-image-preview:large","max-video-preview":"max-video-preview:-1"},"canonical":"https:\/\/portaleducacao.guarulhos.sp.gov.br\/wp_site\/semanadobrincar2025\/2025\/05\/23\/palestra-com-prof-dr-a-sandra-campos-tema-a-crianca-a-diferenca-e-o-brincar-as-infancias-que-vivemos-nas-escolas\/","og_locale":"pt_BR","og_type":"article","og_title":"Palestra com Prof. Dr.\u00aa Sandra Campos. Tema: A crian\u00e7a, a diferen\u00e7a e o brincar: as inf\u00e2ncias que vivemos nas escolas. - semana do brincar","og_description":"Data: 29\/05  Hor\u00e1rio: 8h \u00e0s 12h Local : CEU Ponte Alta","og_url":"https:\/\/portaleducacao.guarulhos.sp.gov.br\/wp_site\/semanadobrincar2025\/2025\/05\/23\/palestra-com-prof-dr-a-sandra-campos-tema-a-crianca-a-diferenca-e-o-brincar-as-infancias-que-vivemos-nas-escolas\/","og_site_name":"semana do brincar","article_published_time":"2025-05-23T17:25:38+00:00","article_modified_time":"2025-05-23T17:53:28+00:00","og_image":[{"width":335,"height":384,"url":"http:\/\/portaleducacao.guarulhos.sp.gov.br\/wp_site\/semanadobrincar2025\/wp-content\/uploads\/sites\/40\/2025\/05\/sandra-e1747755427642.png","type":"image\/png"}],"author":"talitasds","twitter_card":"summary_large_image","twitter_misc":{"Escrito por":"talitasds","Est. tempo de leitura":"1 minuto"},"schema":{"@context":"https:\/\/schema.org","@graph":[{"@type":"WebPage","@id":"https:\/\/portaleducacao.guarulhos.sp.gov.br\/wp_site\/semanadobrincar2025\/2025\/05\/23\/palestra-com-prof-dr-a-sandra-campos-tema-a-crianca-a-diferenca-e-o-brincar-as-infancias-que-vivemos-nas-escolas\/","url":"https:\/\/portaleducacao.guarulhos.sp.gov.br\/wp_site\/semanadobrincar2025\/2025\/05\/23\/palestra-com-prof-dr-a-sandra-campos-tema-a-crianca-a-diferenca-e-o-brincar-as-infancias-que-vivemos-nas-escolas\/","name":"Palestra com Prof. Dr.\u00aa Sandra Campos. Tema: A crian\u00e7a, a diferen\u00e7a e o brincar: as inf\u00e2ncias que vivemos nas escolas. - semana do brincar","isPartOf":{"@id":"https:\/\/portaleducacao.guarulhos.sp.gov.br\/wp_site\/semanadobrincar2025\/#website"},"datePublished":"2025-05-23T17:25:38+00:00","dateModified":"2025-05-23T17:53:28+00:00","author":{"@id":"https:\/\/portaleducacao.guarulhos.sp.gov.br\/wp_site\/semanadobrincar2025\/#\/schema\/person\/1e6f253ac148bf2e1afbc55205e45b3c"},"breadcrumb":{"@id":"https:\/\/portaleducacao.guarulhos.sp.gov.br\/wp_site\/semanadobrincar2025\/2025\/05\/23\/palestra-com-prof-dr-a-sandra-campos-tema-a-crianca-a-diferenca-e-o-brincar-as-infancias-que-vivemos-nas-escolas\/#breadcrumb"},"inLanguage":"pt-BR","potentialAction":[{"@type":"ReadAction","target":["https:\/\/portaleducacao.guarulhos.sp.gov.br\/wp_site\/semanadobrincar2025\/2025\/05\/23\/palestra-com-prof-dr-a-sandra-campos-tema-a-crianca-a-diferenca-e-o-brincar-as-infancias-que-vivemos-nas-escolas\/"]}]},{"@type":"BreadcrumbList","@id":"https:\/\/portaleducacao.guarulhos.sp.gov.br\/wp_site\/semanadobrincar2025\/2025\/05\/23\/palestra-com-prof-dr-a-sandra-campos-tema-a-crianca-a-diferenca-e-o-brincar-as-infancias-que-vivemos-nas-escolas\/#breadcrumb","itemListElement":[{"@type":"ListItem","position":1,"name":"In\u00edcio","item":"https:\/\/portaleducacao.guarulhos.sp.gov.br\/wp_site\/semanadobrincar2025\/"},{"@type":"ListItem","position":2,"name":"Palestra com Prof. Dr.\u00aa Sandra Campos. Tema: A crian\u00e7a, a diferen\u00e7a e o brincar: as inf\u00e2ncias que vivemos nas escolas."}]},{"@type":"WebSite","@id":"https:\/\/portaleducacao.guarulhos.sp.gov.br\/wp_site\/semanadobrincar2025\/#website","url":"https:\/\/portaleducacao.guarulhos.sp.gov.br\/wp_site\/semanadobrincar2025\/","name":"semana do brincar","description":"S\u00f3 mais um site Portal SE Informe","potentialAction":[{"@type":"SearchAction","target":{"@type":"EntryPoint","urlTemplate":"https:\/\/portaleducacao.guarulhos.sp.gov.br\/wp_site\/semanadobrincar2025\/?s={search_term_string}"},"query-input":"required name=search_term_string"}],"inLanguage":"pt-BR"},{"@type":"Person","@id":"https:\/\/portaleducacao.guarulhos.sp.gov.br\/wp_site\/semanadobrincar2025\/#\/schema\/person\/1e6f253ac148bf2e1afbc55205e45b3c","name":"talitasds","image":{"@type":"ImageObject","inLanguage":"pt-BR","@id":"https:\/\/portaleducacao.guarulhos.sp.gov.br\/wp_site\/semanadobrincar2025\/#\/schema\/person\/image\/","url":"https:\/\/secure.gravatar.com\/avatar\/b3afe9b1393d5877d6ff7604eff566dd?s=96&d=mm&r=g","contentUrl":"https:\/\/secure.gravatar.com\/avatar\/b3afe9b1393d5877d6ff7604eff566dd?s=96&d=mm&r=g","caption":"talitasds"},"url":"https:\/\/portaleducacao.guarulhos.sp.gov.br\/wp_site\/semanadobrincar2025\/author\/talitasds\/"}]}},"_links":{"self":[{"href":"https:\/\/portaleducacao.guarulhos.sp.gov.br\/wp_site\/semanadobrincar2025\/wp-json\/wp\/v2\/posts\/641"}],"collection":[{"href":"https:\/\/portaleducacao.guarulhos.sp.gov.br\/wp_site\/semanadobrincar2025\/wp-json\/wp\/v2\/posts"}],"about":[{"href":"https:\/\/portaleducacao.guarulhos.sp.gov.br\/wp_site\/semanadobrincar2025\/wp-json\/wp\/v2\/types\/post"}],"author":[{"embeddable":true,"href":"https:\/\/portaleducacao.guarulhos.sp.gov.br\/wp_site\/semanadobrincar2025\/wp-json\/wp\/v2\/users\/32"}],"replies":[{"embeddable":true,"href":"https:\/\/portaleducacao.guarulhos.sp.gov.br\/wp_site\/semanadobrincar2025\/wp-json\/wp\/v2\/comments?post=641"}],"version-history":[{"count":2,"href":"https:\/\/portaleducacao.guarulhos.sp.gov.br\/wp_site\/semanadobrincar2025\/wp-json\/wp\/v2\/posts\/641\/revisions"}],"predecessor-version":[{"id":671,"href":"https:\/\/portaleducacao.guarulhos.sp.gov.br\/wp_site\/semanadobrincar2025\/wp-json\/wp\/v2\/posts\/641\/revisions\/671"}],"wp:featuredmedia":[{"embeddable":true,"href":"https:\/\/portaleducacao.guarulhos.sp.gov.br\/wp_site\/semanadobrincar2025\/wp-json\/wp\/v2\/media\/404"}],"wp:attachment":[{"href":"https:\/\/portaleducacao.guarulhos.sp.gov.br\/wp_site\/semanadobrincar2025\/wp-json\/wp\/v2\/media?parent=641"}],"wp:term":[{"taxonomy":"category","embeddable":true,"href":"https:\/\/portaleducacao.guarulhos.sp.gov.br\/wp_site\/semanadobrincar2025\/wp-json\/wp\/v2\/categories?post=641"},{"taxonomy":"post_tag","embeddable":true,"href":"https:\/\/portaleducacao.guarulhos.sp.gov.br\/wp_site\/semanadobrincar2025\/wp-json\/wp\/v2\/tags?post=641"}],"curies":[{"name":"wp","href":"https:\/\/api.w.org\/{rel}","templated":true}]}}