{"id":750,"date":"2025-05-27T13:45:14","date_gmt":"2025-05-27T16:45:14","guid":{"rendered":"https:\/\/portaleducacao.guarulhos.sp.gov.br\/wp_site\/semanadobrincar2025\/?p=750"},"modified":"2025-05-27T13:45:15","modified_gmt":"2025-05-27T16:45:15","slug":"semana-mundial-do-brincar-e-aberta-em-guarulhos-com-evento-no-adamastor","status":"publish","type":"post","link":"https:\/\/portaleducacao.guarulhos.sp.gov.br\/wp_site\/semanadobrincar2025\/2025\/05\/27\/semana-mundial-do-brincar-e-aberta-em-guarulhos-com-evento-no-adamastor\/","title":{"rendered":"Semana Mundial do Brincar \u00e9 aberta em Guarulhos com evento no Adamastor"},"content":{"rendered":"\n<p>A abertura da Semana Mundial do Brincar, que aconteceu na manh\u00e3 desta segunda-feira (26), no Teatro Adamastor, enfatizou o tema \u201cProteger o Encantamento das Inf\u00e2ncias\u201d, um convite ao debate sobre a ess\u00eancia e o direito da crian\u00e7a ao brincar com a\u00e7\u00f5es ao ar livre nos diferentes territ\u00f3rios da cidade.<\/p>\n\n\n\n<p>Al\u00e9m dos gestores das escolas da Prefeitura de Guarulhos e da rede parceira, o evento contou com as participa\u00e7\u00f5es dos alunos da EPG Padre Jo\u00e3o \u00c1lvares, Col\u00e9gio Alcobia e Escola Estadual Vicente Melro, que se encantaram e esbanjaram intera\u00e7\u00e3o com a algazarra brincante da trupe Ru\u00e9 La Companhia com o espet\u00e1culo &#8220;Navegantes&#8221;.<\/p>\n\n\n\n<p>&#8220;Come\u00e7amos uma semana na qual refletimos sobre a import\u00e2ncia do brincar com intencionalidade. Ent\u00e3o desejo que voc\u00eas tenham uma semana cheia de brincadeiras, que possamos promover o brincar n\u00e3o apenas para as crian\u00e7as, mas tamb\u00e9m para n\u00f3s, adultos, com atividades que nos d\u00e3o prazer e que resgatam as mem\u00f3rias das nossas inf\u00e2ncias&#8221;, disse a subsecret\u00e1ria de Educa\u00e7\u00e3o, Minea Paschoaleto Fratelli.<\/p>\n\n\n\n<p>O encontro destacou ainda a palestra &#8220;A gest\u00e3o escolar como guardi\u00e3 dos direitos da crian\u00e7a na Educa\u00e7\u00e3o B\u00e1sica&#8221;, ministrada pela prof.\u00aa dr.\u00aa Maria Regina Passos, para a qual o brincar \u00e9 constitutivo do sujeito. A partir de documentos de refer\u00eancia, como o Estatuto da Crian\u00e7a e do Adolescente (ECA), a Base Nacional Comum Curricular e o curr\u00edculo da rede municipal, Maria Regina falou da responsabilidade dos gestores para garantir o direito das crian\u00e7as ao brincar, entre outros.<\/p>\n\n\n\n<p>\u201cCom o advento da educa\u00e7\u00e3o integral, as crian\u00e7as passam muito mais tempo nas escolas do que com as fam\u00edlias. Ent\u00e3o a escola \u00e9 esse local de seguran\u00e7a e de direitos. Nosso papel, enquanto gestores, \u00e9 articular toda a rede intersetorial de apoio para que as crian\u00e7as possam ter esses direitos garantidos\u201d, enfatizou a palestrante.<\/p>\n\n\n\n<p>A 13\u00aa Semana Mundial do Brincar segue at\u00e9 domingo (1\u00b0) nas escolas, CEUs e demais equipamentos educacionais e tamb\u00e9m em pra\u00e7as, parques, ruas e demais espa\u00e7os da cidade com brincadeiras, experi\u00eancias e intera\u00e7\u00f5es l\u00fadicas. A proposta \u00e9 fortalecer esses locais como ambientes brincantes e transformadores.<\/p>\n","protected":false},"excerpt":{"rendered":"<p>A abertura da Semana Mundial do Brincar, que aconteceu na manh\u00e3 desta segunda-feira (26), no Teatro Adamastor, enfatizou o tema \u201cProteger o Encantamento das Inf\u00e2ncias\u201d, um convite ao debate sobre &hellip;<\/p>\n<p class=\"read-more\"> <a class=\"\" href=\"https:\/\/portaleducacao.guarulhos.sp.gov.br\/wp_site\/semanadobrincar2025\/2025\/05\/27\/semana-mundial-do-brincar-e-aberta-em-guarulhos-com-evento-no-adamastor\/\"> <span class=\"screen-reader-text\">Semana Mundial do Brincar \u00e9 aberta em Guarulhos com evento no Adamastor<\/span> Leia mais &raquo;<\/a><\/p>\n","protected":false},"author":32,"featured_media":751,"comment_status":"closed","ping_status":"open","sticky":false,"template":"","format":"standard","meta":{"_monsterinsights_skip_tracking":false,"_monsterinsights_sitenote_active":false,"_monsterinsights_sitenote_note":"","_monsterinsights_sitenote_category":0,"site-sidebar-layout":"default","site-content-layout":"default","ast-global-header-display":"","ast-main-header-display":"","ast-hfb-above-header-display":"","ast-hfb-below-header-display":"","ast-hfb-mobile-header-display":"","site-post-title":"","ast-breadcrumbs-content":"","ast-featured-img":"","footer-sml-layout":"","theme-transparent-header-meta":"","adv-header-id-meta":"","stick-header-meta":"","header-above-stick-meta":"","header-main-stick-meta":"","header-below-stick-meta":"","_expiration-date-status":"","_expiration-date":1748969061,"_expiration-date-type":"draft","_expiration-date-categories":[],"_expiration-date-options":[]},"categories":[20],"tags":[],"yoast_head":"<!-- This site is optimized with the Yoast SEO plugin v19.7.1 - https:\/\/yoast.com\/wordpress\/plugins\/seo\/ -->\r\n<title>Semana Mundial do Brincar \u00e9 aberta em Guarulhos com evento no Adamastor - semana do brincar<\/title>\r\n<meta name=\"robots\" content=\"index, follow, max-snippet:-1, max-image-preview:large, max-video-preview:-1\" \/>\r\n<link rel=\"canonical\" href=\"https:\/\/portaleducacao.guarulhos.sp.gov.br\/wp_site\/semanadobrincar2025\/2025\/05\/27\/semana-mundial-do-brincar-e-aberta-em-guarulhos-com-evento-no-adamastor\/\" \/>\r\n<meta property=\"og:locale\" content=\"pt_BR\" \/>\r\n<meta property=\"og:type\" content=\"article\" \/>\r\n<meta property=\"og:title\" content=\"Semana Mundial do Brincar \u00e9 aberta em Guarulhos com evento no Adamastor - semana do brincar\" \/>\r\n<meta property=\"og:description\" content=\"A abertura da Semana Mundial do Brincar, que aconteceu na manh\u00e3 desta segunda-feira (26), no Teatro Adamastor, enfatizou o tema \u201cProteger o Encantamento das Inf\u00e2ncias\u201d, um convite ao debate sobre &hellip; Semana Mundial do Brincar \u00e9 aberta em Guarulhos com evento no Adamastor Leia mais &raquo;\" \/>\r\n<meta property=\"og:url\" content=\"https:\/\/portaleducacao.guarulhos.sp.gov.br\/wp_site\/semanadobrincar2025\/2025\/05\/27\/semana-mundial-do-brincar-e-aberta-em-guarulhos-com-evento-no-adamastor\/\" \/>\r\n<meta property=\"og:site_name\" content=\"semana do brincar\" \/>\r\n<meta property=\"article:published_time\" content=\"2025-05-27T16:45:14+00:00\" \/>\r\n<meta property=\"article:modified_time\" content=\"2025-05-27T16:45:15+00:00\" \/>\r\n<meta property=\"og:image\" content=\"http:\/\/portaleducacao.guarulhos.sp.gov.br\/wp_site\/semanadobrincar2025\/wp-content\/uploads\/sites\/40\/2025\/05\/5900cb74-291b-4db9-ad33-78ec9cb8e068.jpeg\" \/>\r\n\t<meta property=\"og:image:width\" content=\"1600\" \/>\r\n\t<meta property=\"og:image:height\" content=\"1066\" \/>\r\n\t<meta property=\"og:image:type\" content=\"image\/jpeg\" \/>\r\n<meta name=\"author\" content=\"talitasds\" \/>\r\n<meta name=\"twitter:card\" content=\"summary_large_image\" \/>\r\n<meta name=\"twitter:label1\" content=\"Escrito por\" \/>\n\t<meta name=\"twitter:data1\" content=\"talitasds\" \/>\n\t<meta name=\"twitter:label2\" content=\"Est. tempo de leitura\" \/>\n\t<meta name=\"twitter:data2\" content=\"2 minutos\" \/>\r\n<script type=\"application\/ld+json\" class=\"yoast-schema-graph\">{\"@context\":\"https:\/\/schema.org\",\"@graph\":[{\"@type\":\"WebPage\",\"@id\":\"https:\/\/portaleducacao.guarulhos.sp.gov.br\/wp_site\/semanadobrincar2025\/2025\/05\/27\/semana-mundial-do-brincar-e-aberta-em-guarulhos-com-evento-no-adamastor\/\",\"url\":\"https:\/\/portaleducacao.guarulhos.sp.gov.br\/wp_site\/semanadobrincar2025\/2025\/05\/27\/semana-mundial-do-brincar-e-aberta-em-guarulhos-com-evento-no-adamastor\/\",\"name\":\"Semana Mundial do Brincar \u00e9 aberta em Guarulhos com evento no Adamastor - semana do brincar\",\"isPartOf\":{\"@id\":\"https:\/\/portaleducacao.guarulhos.sp.gov.br\/wp_site\/semanadobrincar2025\/#website\"},\"datePublished\":\"2025-05-27T16:45:14+00:00\",\"dateModified\":\"2025-05-27T16:45:15+00:00\",\"author\":{\"@id\":\"https:\/\/portaleducacao.guarulhos.sp.gov.br\/wp_site\/semanadobrincar2025\/#\/schema\/person\/1e6f253ac148bf2e1afbc55205e45b3c\"},\"breadcrumb\":{\"@id\":\"https:\/\/portaleducacao.guarulhos.sp.gov.br\/wp_site\/semanadobrincar2025\/2025\/05\/27\/semana-mundial-do-brincar-e-aberta-em-guarulhos-com-evento-no-adamastor\/#breadcrumb\"},\"inLanguage\":\"pt-BR\",\"potentialAction\":[{\"@type\":\"ReadAction\",\"target\":[\"https:\/\/portaleducacao.guarulhos.sp.gov.br\/wp_site\/semanadobrincar2025\/2025\/05\/27\/semana-mundial-do-brincar-e-aberta-em-guarulhos-com-evento-no-adamastor\/\"]}]},{\"@type\":\"BreadcrumbList\",\"@id\":\"https:\/\/portaleducacao.guarulhos.sp.gov.br\/wp_site\/semanadobrincar2025\/2025\/05\/27\/semana-mundial-do-brincar-e-aberta-em-guarulhos-com-evento-no-adamastor\/#breadcrumb\",\"itemListElement\":[{\"@type\":\"ListItem\",\"position\":1,\"name\":\"In\u00edcio\",\"item\":\"https:\/\/portaleducacao.guarulhos.sp.gov.br\/wp_site\/semanadobrincar2025\/\"},{\"@type\":\"ListItem\",\"position\":2,\"name\":\"Semana Mundial do Brincar \u00e9 aberta em Guarulhos com evento no Adamastor\"}]},{\"@type\":\"WebSite\",\"@id\":\"https:\/\/portaleducacao.guarulhos.sp.gov.br\/wp_site\/semanadobrincar2025\/#website\",\"url\":\"https:\/\/portaleducacao.guarulhos.sp.gov.br\/wp_site\/semanadobrincar2025\/\",\"name\":\"semana do brincar\",\"description\":\"S\u00f3 mais um site Portal SE Informe\",\"potentialAction\":[{\"@type\":\"SearchAction\",\"target\":{\"@type\":\"EntryPoint\",\"urlTemplate\":\"https:\/\/portaleducacao.guarulhos.sp.gov.br\/wp_site\/semanadobrincar2025\/?s={search_term_string}\"},\"query-input\":\"required name=search_term_string\"}],\"inLanguage\":\"pt-BR\"},{\"@type\":\"Person\",\"@id\":\"https:\/\/portaleducacao.guarulhos.sp.gov.br\/wp_site\/semanadobrincar2025\/#\/schema\/person\/1e6f253ac148bf2e1afbc55205e45b3c\",\"name\":\"talitasds\",\"image\":{\"@type\":\"ImageObject\",\"inLanguage\":\"pt-BR\",\"@id\":\"https:\/\/portaleducacao.guarulhos.sp.gov.br\/wp_site\/semanadobrincar2025\/#\/schema\/person\/image\/\",\"url\":\"https:\/\/secure.gravatar.com\/avatar\/b3afe9b1393d5877d6ff7604eff566dd?s=96&d=mm&r=g\",\"contentUrl\":\"https:\/\/secure.gravatar.com\/avatar\/b3afe9b1393d5877d6ff7604eff566dd?s=96&d=mm&r=g\",\"caption\":\"talitasds\"},\"url\":\"https:\/\/portaleducacao.guarulhos.sp.gov.br\/wp_site\/semanadobrincar2025\/author\/talitasds\/\"}]}<\/script>\r\n<!-- \/ Yoast SEO plugin. -->","yoast_head_json":{"title":"Semana Mundial do Brincar \u00e9 aberta em Guarulhos com evento no Adamastor - semana do brincar","robots":{"index":"index","follow":"follow","max-snippet":"max-snippet:-1","max-image-preview":"max-image-preview:large","max-video-preview":"max-video-preview:-1"},"canonical":"https:\/\/portaleducacao.guarulhos.sp.gov.br\/wp_site\/semanadobrincar2025\/2025\/05\/27\/semana-mundial-do-brincar-e-aberta-em-guarulhos-com-evento-no-adamastor\/","og_locale":"pt_BR","og_type":"article","og_title":"Semana Mundial do Brincar \u00e9 aberta em Guarulhos com evento no Adamastor - semana do brincar","og_description":"A abertura da Semana Mundial do Brincar, que aconteceu na manh\u00e3 desta segunda-feira (26), no Teatro Adamastor, enfatizou o tema \u201cProteger o Encantamento das Inf\u00e2ncias\u201d, um convite ao debate sobre &hellip; Semana Mundial do Brincar \u00e9 aberta em Guarulhos com evento no Adamastor Leia mais &raquo;","og_url":"https:\/\/portaleducacao.guarulhos.sp.gov.br\/wp_site\/semanadobrincar2025\/2025\/05\/27\/semana-mundial-do-brincar-e-aberta-em-guarulhos-com-evento-no-adamastor\/","og_site_name":"semana do brincar","article_published_time":"2025-05-27T16:45:14+00:00","article_modified_time":"2025-05-27T16:45:15+00:00","og_image":[{"width":1600,"height":1066,"url":"http:\/\/portaleducacao.guarulhos.sp.gov.br\/wp_site\/semanadobrincar2025\/wp-content\/uploads\/sites\/40\/2025\/05\/5900cb74-291b-4db9-ad33-78ec9cb8e068.jpeg","type":"image\/jpeg"}],"author":"talitasds","twitter_card":"summary_large_image","twitter_misc":{"Escrito por":"talitasds","Est. tempo de leitura":"2 minutos"},"schema":{"@context":"https:\/\/schema.org","@graph":[{"@type":"WebPage","@id":"https:\/\/portaleducacao.guarulhos.sp.gov.br\/wp_site\/semanadobrincar2025\/2025\/05\/27\/semana-mundial-do-brincar-e-aberta-em-guarulhos-com-evento-no-adamastor\/","url":"https:\/\/portaleducacao.guarulhos.sp.gov.br\/wp_site\/semanadobrincar2025\/2025\/05\/27\/semana-mundial-do-brincar-e-aberta-em-guarulhos-com-evento-no-adamastor\/","name":"Semana Mundial do Brincar \u00e9 aberta em Guarulhos com evento no Adamastor - semana do brincar","isPartOf":{"@id":"https:\/\/portaleducacao.guarulhos.sp.gov.br\/wp_site\/semanadobrincar2025\/#website"},"datePublished":"2025-05-27T16:45:14+00:00","dateModified":"2025-05-27T16:45:15+00:00","author":{"@id":"https:\/\/portaleducacao.guarulhos.sp.gov.br\/wp_site\/semanadobrincar2025\/#\/schema\/person\/1e6f253ac148bf2e1afbc55205e45b3c"},"breadcrumb":{"@id":"https:\/\/portaleducacao.guarulhos.sp.gov.br\/wp_site\/semanadobrincar2025\/2025\/05\/27\/semana-mundial-do-brincar-e-aberta-em-guarulhos-com-evento-no-adamastor\/#breadcrumb"},"inLanguage":"pt-BR","potentialAction":[{"@type":"ReadAction","target":["https:\/\/portaleducacao.guarulhos.sp.gov.br\/wp_site\/semanadobrincar2025\/2025\/05\/27\/semana-mundial-do-brincar-e-aberta-em-guarulhos-com-evento-no-adamastor\/"]}]},{"@type":"BreadcrumbList","@id":"https:\/\/portaleducacao.guarulhos.sp.gov.br\/wp_site\/semanadobrincar2025\/2025\/05\/27\/semana-mundial-do-brincar-e-aberta-em-guarulhos-com-evento-no-adamastor\/#breadcrumb","itemListElement":[{"@type":"ListItem","position":1,"name":"In\u00edcio","item":"https:\/\/portaleducacao.guarulhos.sp.gov.br\/wp_site\/semanadobrincar2025\/"},{"@type":"ListItem","position":2,"name":"Semana Mundial do Brincar \u00e9 aberta em Guarulhos com evento no Adamastor"}]},{"@type":"WebSite","@id":"https:\/\/portaleducacao.guarulhos.sp.gov.br\/wp_site\/semanadobrincar2025\/#website","url":"https:\/\/portaleducacao.guarulhos.sp.gov.br\/wp_site\/semanadobrincar2025\/","name":"semana do brincar","description":"S\u00f3 mais um site Portal SE Informe","potentialAction":[{"@type":"SearchAction","target":{"@type":"EntryPoint","urlTemplate":"https:\/\/portaleducacao.guarulhos.sp.gov.br\/wp_site\/semanadobrincar2025\/?s={search_term_string}"},"query-input":"required name=search_term_string"}],"inLanguage":"pt-BR"},{"@type":"Person","@id":"https:\/\/portaleducacao.guarulhos.sp.gov.br\/wp_site\/semanadobrincar2025\/#\/schema\/person\/1e6f253ac148bf2e1afbc55205e45b3c","name":"talitasds","image":{"@type":"ImageObject","inLanguage":"pt-BR","@id":"https:\/\/portaleducacao.guarulhos.sp.gov.br\/wp_site\/semanadobrincar2025\/#\/schema\/person\/image\/","url":"https:\/\/secure.gravatar.com\/avatar\/b3afe9b1393d5877d6ff7604eff566dd?s=96&d=mm&r=g","contentUrl":"https:\/\/secure.gravatar.com\/avatar\/b3afe9b1393d5877d6ff7604eff566dd?s=96&d=mm&r=g","caption":"talitasds"},"url":"https:\/\/portaleducacao.guarulhos.sp.gov.br\/wp_site\/semanadobrincar2025\/author\/talitasds\/"}]}},"_links":{"self":[{"href":"https:\/\/portaleducacao.guarulhos.sp.gov.br\/wp_site\/semanadobrincar2025\/wp-json\/wp\/v2\/posts\/750"}],"collection":[{"href":"https:\/\/portaleducacao.guarulhos.sp.gov.br\/wp_site\/semanadobrincar2025\/wp-json\/wp\/v2\/posts"}],"about":[{"href":"https:\/\/portaleducacao.guarulhos.sp.gov.br\/wp_site\/semanadobrincar2025\/wp-json\/wp\/v2\/types\/post"}],"author":[{"embeddable":true,"href":"https:\/\/portaleducacao.guarulhos.sp.gov.br\/wp_site\/semanadobrincar2025\/wp-json\/wp\/v2\/users\/32"}],"replies":[{"embeddable":true,"href":"https:\/\/portaleducacao.guarulhos.sp.gov.br\/wp_site\/semanadobrincar2025\/wp-json\/wp\/v2\/comments?post=750"}],"version-history":[{"count":1,"href":"https:\/\/portaleducacao.guarulhos.sp.gov.br\/wp_site\/semanadobrincar2025\/wp-json\/wp\/v2\/posts\/750\/revisions"}],"predecessor-version":[{"id":752,"href":"https:\/\/portaleducacao.guarulhos.sp.gov.br\/wp_site\/semanadobrincar2025\/wp-json\/wp\/v2\/posts\/750\/revisions\/752"}],"wp:featuredmedia":[{"embeddable":true,"href":"https:\/\/portaleducacao.guarulhos.sp.gov.br\/wp_site\/semanadobrincar2025\/wp-json\/wp\/v2\/media\/751"}],"wp:attachment":[{"href":"https:\/\/portaleducacao.guarulhos.sp.gov.br\/wp_site\/semanadobrincar2025\/wp-json\/wp\/v2\/media?parent=750"}],"wp:term":[{"taxonomy":"category","embeddable":true,"href":"https:\/\/portaleducacao.guarulhos.sp.gov.br\/wp_site\/semanadobrincar2025\/wp-json\/wp\/v2\/categories?post=750"},{"taxonomy":"post_tag","embeddable":true,"href":"https:\/\/portaleducacao.guarulhos.sp.gov.br\/wp_site\/semanadobrincar2025\/wp-json\/wp\/v2\/tags?post=750"}],"curies":[{"name":"wp","href":"https:\/\/api.w.org\/{rel}","templated":true}]}}