{"id":801,"date":"2025-05-28T10:59:29","date_gmt":"2025-05-28T13:59:29","guid":{"rendered":"https:\/\/portaleducacao.guarulhos.sp.gov.br\/wp_site\/semanadobrincar2025\/?p=801"},"modified":"2025-05-28T10:59:31","modified_gmt":"2025-05-28T13:59:31","slug":"dia-26-2","status":"publish","type":"post","link":"https:\/\/portaleducacao.guarulhos.sp.gov.br\/wp_site\/semanadobrincar2025\/2025\/05\/28\/dia-26-2\/","title":{"rendered":"Dia 26"},"content":{"rendered":"\n<p><strong>Local da Atividade: <\/strong>EPG \u00c9RICO VER\u00cdSSIMO<\/p>\n\n\n\n<p><strong>Data da Atividade:<\/strong> 26\/05\/2025<\/p>\n\n\n\n<p><strong>Descri\u00e7\u00e3o:<\/strong> BRINCADEIRAS CORRE COTIA, LENCINHO BRANCO, CASA, MORADOR E TERREMOTO<\/p>\n\n\n\n<p><strong>Hor\u00e1rio: <\/strong>DAS 8H AS 10H.<\/p>\n\n\n\n<p><strong>P\u00fablico alvo:<\/strong>&nbsp; Somente para os educandos<\/p>\n\n\n\n<p>&#8212;&#8212;&#8212;&#8212;&#8212;&#8212;&#8212;&#8212;&#8212;&#8212;&#8212;&#8212;&#8212;&#8212;&#8212;&#8212;&#8212;&#8212;&#8212;&#8212;&#8212;&#8212;&#8212;&#8212;&#8212;&#8212;&#8212;&#8212;&#8212;&#8212;&#8212;&#8212;&#8212;&#8212;&#8212;&#8212;&#8212;&#8212;&#8212;&#8212;&#8212;&#8212;<\/p>\n\n\n\n<p><strong>Local da Atividade: <\/strong>EPG \u00c9RICO VER\u00cdSSIMO<\/p>\n\n\n\n<p><strong>Data da Atividade:<\/strong> 26\/05\/2025<\/p>\n\n\n\n<p><strong>Descri\u00e7\u00e3o:<\/strong> LENCINHO BRANCO E CORRE CUTIA<\/p>\n\n\n\n<p><strong>Hor\u00e1rio: <\/strong>DAS 8H AS 10H E DAS 14H AS 16H<\/p>\n\n\n\n<p><strong>P\u00fablico alvo:<\/strong>&nbsp; Somente para os educandos<\/p>\n\n\n\n<p>&#8212;&#8212;&#8212;&#8212;&#8212;&#8212;&#8212;&#8212;&#8212;&#8212;&#8212;&#8212;&#8212;&#8212;&#8212;&#8212;&#8212;&#8212;&#8212;&#8212;&#8212;&#8212;&#8212;&#8212;&#8212;&#8212;&#8212;&#8212;&#8212;&#8212;&#8212;&#8212;&#8212;&#8212;&#8212;&#8212;&#8212;&#8212;&#8212;&#8212;&#8212;&#8212;<\/p>\n\n\n\n<p><strong>Local da Atividade: <\/strong>EPG PAULO AUTRAN<\/p>\n\n\n\n<p><strong>Data da Atividade:<\/strong> 26\/05\/2025<\/p>\n\n\n\n<p><strong>Descri\u00e7\u00e3o:<\/strong> Brincadeira: Conquiste o castelo e Jogo Entrelace (em duplas).<\/p>\n\n\n\n<p><strong>Hor\u00e1rio: <\/strong>14h30<\/p>\n\n\n\n<p><strong>P\u00fablico alvo:<\/strong>&nbsp; Somente para os educandos<\/p>\n\n\n\n<p>&#8212;&#8212;&#8212;&#8212;&#8212;&#8212;&#8212;&#8212;&#8212;&#8212;&#8212;&#8212;&#8212;&#8212;&#8212;&#8212;&#8212;&#8212;&#8212;&#8212;&#8212;&#8212;&#8212;&#8212;&#8212;&#8212;&#8212;&#8212;&#8212;&#8212;&#8212;&#8212;&#8212;&#8212;&#8212;&#8212;&#8212;&#8212;&#8212;&#8212;&#8212;&#8212;<\/p>\n\n\n\n<p><strong>Local da Atividade: <\/strong>EPG NAZIRA ABBUD ZANARDI<\/p>\n\n\n\n<p><strong>Data da Atividade:<\/strong> 26\/05\/2025<\/p>\n\n\n\n<p><strong>Descri\u00e7\u00e3o:<\/strong> Ser\u00e3o realizadas uma sequ\u00eancia de brincadeira de movimento, como &#8220;cabra-cega, est\u00e1tua e dan\u00e7a da cadeira&#8221;, pelas turmas dos est\u00e1gios e maternal.<\/p>\n\n\n\n<p><strong>Hor\u00e1rio: <\/strong>a partir das 8h<\/p>\n\n\n\n<p><strong>P\u00fablico alvo:<\/strong>&nbsp; Somente para os educandos<\/p>\n\n\n\n<p>&#8212;&#8212;&#8212;&#8212;&#8212;&#8212;&#8212;&#8212;&#8212;&#8212;&#8212;&#8212;&#8212;&#8212;&#8212;&#8212;&#8212;&#8212;&#8212;&#8212;&#8212;&#8212;&#8212;&#8212;&#8212;&#8212;&#8212;&#8212;&#8212;&#8212;&#8212;&#8212;&#8212;&#8212;&#8212;&#8212;&#8212;&#8212;&#8212;&#8212;&#8212;&#8212;<\/p>\n\n\n\n<p><strong>Local da Atividade: <\/strong>EPG PERSEU ABRAMO<\/p>\n\n\n\n<p><strong>Data da Atividade:<\/strong> 26\/05\/2025<\/p>\n\n\n\n<p><strong>Descri\u00e7\u00e3o:<\/strong> Brincadeiras brasileiras, brincadeiras dos nossos pais (crian\u00e7a) , brincadeiras da regi\u00e3o Sul do Brasil<\/p>\n\n\n\n<p><strong>Hor\u00e1rio: <\/strong>Sem hor\u00e1rio fixo<\/p>\n\n\n\n<p><strong>P\u00fablico alvo:<\/strong>&nbsp; Somente para os educandos<\/p>\n\n\n\n<p>&#8212;&#8212;&#8212;&#8212;&#8212;&#8212;&#8212;&#8212;&#8212;&#8212;&#8212;&#8212;&#8212;&#8212;&#8212;&#8212;&#8212;&#8212;&#8212;&#8212;&#8212;&#8212;&#8212;&#8212;&#8212;&#8212;&#8212;&#8212;&#8212;&#8212;&#8212;&#8212;&#8212;&#8212;&#8212;&#8212;&#8212;&#8212;&#8212;&#8212;&#8212;&#8212;<\/p>\n\n\n\n<p><strong>Local da Atividade: <\/strong>EPG PERSEU ABRAMO<\/p>\n\n\n\n<p><strong>Data da Atividade:<\/strong> 26\/05\/2025<\/p>\n\n\n\n<p><strong>Descri\u00e7\u00e3o:<\/strong> Brincadeira das cores (ingl\u00eas) &#8211; brincadeira das cores com bambol\u00ea (ed f\u00edsica) &#8211; brincadeira continue o desenho (arte)<\/p>\n\n\n\n<p><strong>Hor\u00e1rio: <\/strong>12h (hora-atividade)<\/p>\n\n\n\n<p><strong>P\u00fablico alvo:<\/strong>&nbsp; educadores e funcion\u00e1rios<\/p>\n\n\n\n<p>&#8212;&#8212;&#8212;&#8212;&#8212;&#8212;&#8212;&#8212;&#8212;&#8212;&#8212;&#8212;&#8212;&#8212;&#8212;&#8212;&#8212;&#8212;&#8212;&#8212;&#8212;&#8212;&#8212;&#8212;&#8212;&#8212;&#8212;&#8212;&#8212;&#8212;&#8212;&#8212;&#8212;&#8212;&#8212;&#8212;&#8212;&#8212;&#8212;&#8212;&#8212;&#8212;<\/p>\n\n\n\n<p><strong>Local da Atividade: <\/strong>EPG ANSELMO DUARTE<\/p>\n\n\n\n<p><strong>Data da Atividade:<\/strong> 26\/05\/2025<\/p>\n\n\n\n<p><strong>Descri\u00e7\u00e3o:<\/strong> Os educandos ir\u00e3o brincar de passa anel<\/p>\n\n\n\n<p><strong>Hor\u00e1rio: <\/strong>10h<\/p>\n\n\n\n<p><strong>P\u00fablico alvo:<\/strong>&nbsp; Somente para os educandos<\/p>\n\n\n\n<p>&#8212;&#8212;&#8212;&#8212;&#8212;&#8212;&#8212;&#8212;&#8212;&#8212;&#8212;&#8212;&#8212;&#8212;&#8212;&#8212;&#8212;&#8212;&#8212;&#8212;&#8212;&#8212;&#8212;&#8212;&#8212;&#8212;&#8212;&#8212;&#8212;&#8212;&#8212;&#8212;&#8212;&#8212;&#8212;&#8212;&#8212;&#8212;&#8212;&#8212;&#8212;&#8212;<\/p>\n\n\n\n<p><strong>Local da Atividade: <\/strong>EPG ANSELMO DUARTE<\/p>\n\n\n\n<p><strong>Data da Atividade:<\/strong> 26\/05\/2025<\/p>\n\n\n\n<p><strong>Descri\u00e7\u00e3o:<\/strong> Os educandos ir\u00e3o confeccionar brinquedos utilizando sucatas<\/p>\n\n\n\n<p><strong>Hor\u00e1rio: <\/strong>9h<\/p>\n\n\n\n<p><strong>P\u00fablico alvo:<\/strong>&nbsp; Somente para os educandos<\/p>\n\n\n\n<p>&#8212;&#8212;&#8212;&#8212;&#8212;&#8212;&#8212;&#8212;&#8212;&#8212;&#8212;&#8212;&#8212;&#8212;&#8212;&#8212;&#8212;&#8212;&#8212;&#8212;&#8212;&#8212;&#8212;&#8212;&#8212;&#8212;&#8212;&#8212;&#8212;&#8212;&#8212;&#8212;&#8212;&#8212;&#8212;&#8212;&#8212;&#8212;&#8212;&#8212;&#8212;&#8212;<\/p>\n\n\n\n<p><strong>Local da Atividade: <\/strong>EPG ANSELMO DUARTE<\/p>\n\n\n\n<p><strong>Data da Atividade:<\/strong> 26\/05\/2025<\/p>\n\n\n\n<p><strong>Descri\u00e7\u00e3o:<\/strong> Os educandos ir\u00e3o brincar de gincana jogos de tabuleiro&nbsp; passa ou repassa confec\u00e7\u00e3o de brinquedos durante toda a semana.<\/p>\n\n\n\n<p><strong>Hor\u00e1rio: <\/strong>11h<\/p>\n\n\n\n<p><strong>P\u00fablico alvo:<\/strong>&nbsp; Somente para os educandos<\/p>\n\n\n\n<p>&#8212;&#8212;&#8212;&#8212;&#8212;&#8212;&#8212;&#8212;&#8212;&#8212;&#8212;&#8212;&#8212;&#8212;&#8212;&#8212;&#8212;&#8212;&#8212;&#8212;&#8212;&#8212;&#8212;&#8212;&#8212;&#8212;&#8212;&#8212;&#8212;&#8212;&#8212;&#8212;&#8212;&#8212;&#8212;&#8212;&#8212;&#8212;&#8212;&#8212;&#8212;&#8212;<\/p>\n\n\n\n<p><strong>Local da Atividade: <\/strong>EPG ANSELMO DUARTE<\/p>\n\n\n\n<p><strong>Data da Atividade:<\/strong> 26\/05\/2025<\/p>\n\n\n\n<p><strong>Descri\u00e7\u00e3o:<\/strong> Os educandos ir\u00e3o brincar de&nbsp; &#8220;Dom Frederico&#8221;&nbsp; &#8220;Corre cutia&#8221; &#8220;O homem bateu em minha porta e eu abri&#8221; durante a semana.<\/p>\n\n\n\n<p><strong>Hor\u00e1rio: <\/strong>13h15min<\/p>\n\n\n\n<p><strong>P\u00fablico alvo:<\/strong>&nbsp; Somente para os educandos<\/p>\n\n\n\n<p>&#8212;&#8212;&#8212;&#8212;&#8212;&#8212;&#8212;&#8212;&#8212;&#8212;&#8212;&#8212;&#8212;&#8212;&#8212;&#8212;&#8212;&#8212;&#8212;&#8212;&#8212;&#8212;&#8212;&#8212;&#8212;&#8212;&#8212;&#8212;&#8212;&#8212;&#8212;&#8212;&#8212;&#8212;&#8212;&#8212;&#8212;&#8212;&#8212;&#8212;&#8212;&#8212;<\/p>\n\n\n\n<p><strong>Local da Atividade: <\/strong>EPG ANSELMO DUARTE<\/p>\n\n\n\n<p><strong>Data da Atividade:<\/strong> 26\/05\/2025<\/p>\n\n\n\n<p><strong>Descri\u00e7\u00e3o:<\/strong> Os educandos ir\u00e3o brincar de escravos de J\u00f3, Terra e mar Mar\u00e9 subiu, Corre cutia, Suco gelado durante a semana<\/p>\n\n\n\n<p><strong>Hor\u00e1rio: <\/strong>14h<\/p>\n\n\n\n<p><strong>P\u00fablico alvo:<\/strong>&nbsp; Somente para os educandos<\/p>\n\n\n\n<p>&#8212;&#8212;&#8212;&#8212;&#8212;&#8212;&#8212;&#8212;&#8212;&#8212;&#8212;&#8212;&#8212;&#8212;&#8212;&#8212;&#8212;&#8212;&#8212;&#8212;&#8212;&#8212;&#8212;&#8212;&#8212;&#8212;&#8212;&#8212;&#8212;&#8212;&#8212;&#8212;&#8212;&#8212;&#8212;&#8212;&#8212;&#8212;&#8212;&#8212;&#8212;&#8212;<\/p>\n\n\n\n<p><strong>Local da Atividade: <\/strong>EPG ANSELMO DUARTE<\/p>\n\n\n\n<p><strong>Data da Atividade:<\/strong> 26\/05\/2025<\/p>\n\n\n\n<p><strong>Descri\u00e7\u00e3o:<\/strong> Os educandos ir\u00e3o brincar&nbsp; de confeccionar um bilboqu\u00ea com garrafa pet, jogo da velha, pula corda e pega-pega durante a semana<\/p>\n\n\n\n<p><strong>Hor\u00e1rio: <\/strong>17h<\/p>\n\n\n\n<p><strong>P\u00fablico alvo:<\/strong>&nbsp; Somente para os educandos<\/p>\n\n\n\n<p>&#8212;&#8212;&#8212;&#8212;&#8212;&#8212;&#8212;&#8212;&#8212;&#8212;&#8212;&#8212;&#8212;&#8212;&#8212;&#8212;&#8212;&#8212;&#8212;&#8212;&#8212;&#8212;&#8212;&#8212;&#8212;&#8212;&#8212;&#8212;&#8212;&#8212;&#8212;&#8212;&#8212;&#8212;&#8212;&#8212;&#8212;&#8212;&#8212;&#8212;&#8212;&#8212;<\/p>\n\n\n\n<p><strong>Local da Atividade: <\/strong>EPG \u00c9RICO VER\u00cdSSIMO<\/p>\n\n\n\n<p><strong>Data da Atividade:<\/strong> 26\/05\/2025<\/p>\n\n\n\n<p><strong>Descri\u00e7\u00e3o:<\/strong> ATIVIDADES AO AR LIVRE NO PARQUE<\/p>\n\n\n\n<p><strong>Hor\u00e1rio: <\/strong>DURANTE O PER\u00cdODO DE AULA<\/p>\n\n\n\n<p><strong>P\u00fablico alvo:<\/strong>&nbsp; Somente para os educandos<\/p>\n\n\n\n<p>&#8212;&#8212;&#8212;&#8212;&#8212;&#8212;&#8212;&#8212;&#8212;&#8212;&#8212;&#8212;&#8212;&#8212;&#8212;&#8212;&#8212;&#8212;&#8212;&#8212;&#8212;&#8212;&#8212;&#8212;&#8212;&#8212;&#8212;&#8212;&#8212;&#8212;&#8212;&#8212;&#8212;&#8212;&#8212;&#8212;&#8212;&#8212;&#8212;&#8212;&#8212;&#8212;<\/p>\n\n\n\n<p><strong>Local da Atividade: <\/strong>EPG RAUL CORTEZ<\/p>\n\n\n\n<p><strong>Data da Atividade:<\/strong> 26\/05\/2025<\/p>\n\n\n\n<p><strong>Descri\u00e7\u00e3o:<\/strong> AMARELINHA AFRICANA<\/p>\n\n\n\n<p><strong>Hor\u00e1rio: <\/strong>10h<\/p>\n\n\n\n<p><strong>P\u00fablico alvo:<\/strong>&nbsp; Somente para os educandos<\/p>\n\n\n\n<p>&#8212;&#8212;&#8212;&#8212;&#8212;&#8212;&#8212;&#8212;&#8212;&#8212;&#8212;&#8212;&#8212;&#8212;&#8212;&#8212;&#8212;&#8212;&#8212;&#8212;&#8212;&#8212;&#8212;&#8212;&#8212;&#8212;&#8212;&#8212;&#8212;&#8212;&#8212;&#8212;&#8212;&#8212;&#8212;&#8212;&#8212;&#8212;&#8212;&#8212;&#8212;&#8212;<\/p>\n\n\n\n<p><strong>Local da Atividade: <\/strong>EPG RACHEL DE QUEIROZ<\/p>\n\n\n\n<p><strong>Data da Atividade:<\/strong> 26\/05\/2025<\/p>\n\n\n\n<p><strong>Descri\u00e7\u00e3o:<\/strong> Brincadeiras de roda<\/p>\n\n\n\n<p><strong>Hor\u00e1rio: <\/strong>9h<\/p>\n\n\n\n<p><strong>P\u00fablico alvo:<\/strong>&nbsp; Somente para os educandos<\/p>\n\n\n\n<p>&#8212;&#8212;&#8212;&#8212;&#8212;&#8212;&#8212;&#8212;&#8212;&#8212;&#8212;&#8212;&#8212;&#8212;&#8212;&#8212;&#8212;&#8212;&#8212;&#8212;&#8212;&#8212;&#8212;&#8212;&#8212;&#8212;&#8212;&#8212;&#8212;&#8212;&#8212;&#8212;&#8212;&#8212;&#8212;&#8212;&#8212;&#8212;&#8212;&#8212;&#8212;&#8212;<\/p>\n\n\n\n<p><strong>Local da Atividade: <\/strong>EPG RACHEL DE QUEIROZ<\/p>\n\n\n\n<p><strong>Data da Atividade:<\/strong> 26\/05\/2025<\/p>\n\n\n\n<p><strong>Descri\u00e7\u00e3o:<\/strong> Brincadeiras de roda<\/p>\n\n\n\n<p><strong>Hor\u00e1rio: <\/strong>13:30, 14h, 14:30, 15h, 15:30, 16h, 16:30 e 17h<\/p>\n\n\n\n<p><strong>P\u00fablico alvo:<\/strong>&nbsp; Somente para os educandos<\/p>\n\n\n\n<p>&#8212;&#8212;&#8212;&#8212;&#8212;&#8212;&#8212;&#8212;&#8212;&#8212;&#8212;&#8212;&#8212;&#8212;&#8212;&#8212;&#8212;&#8212;&#8212;&#8212;&#8212;&#8212;&#8212;&#8212;&#8212;&#8212;&#8212;&#8212;&#8212;&#8212;&#8212;&#8212;&#8212;&#8212;&#8212;&#8212;&#8212;&#8212;&#8212;&#8212;&#8212;&#8212;<\/p>\n\n\n\n<p><strong>Local da Atividade: <\/strong>EPG HAMILTON F\u00c9LIX DE SOUZA<\/p>\n\n\n\n<p><strong>Data da Atividade:<\/strong> 26\/05\/2025<\/p>\n\n\n\n<p><strong>Descri\u00e7\u00e3o:<\/strong> Realiza\u00e7\u00e3o de um jogo da mem\u00f3ria dos nomes dos pr\u00f3prios alunos desde a confec\u00e7\u00e3o com o objetivo de trabalhar v\u00e1rias habilidade, desde coordena\u00e7\u00e3o motora, leitura global de palavras e trabalho com a mem\u00f3ria.<\/p>\n\n\n\n<p><strong>Hor\u00e1rio: <\/strong>Entre 19h \u00e0s 22h30min<\/p>\n\n\n\n<p><strong>P\u00fablico alvo:<\/strong>&nbsp; Somente para os educandos<\/p>\n\n\n\n<p>&#8212;&#8212;&#8212;&#8212;&#8212;&#8212;&#8212;&#8212;&#8212;&#8212;&#8212;&#8212;&#8212;&#8212;&#8212;&#8212;&#8212;&#8212;&#8212;&#8212;&#8212;&#8212;&#8212;&#8212;&#8212;&#8212;&#8212;&#8212;&#8212;&#8212;&#8212;&#8212;&#8212;&#8212;&#8212;&#8212;&#8212;&#8212;&#8212;&#8212;&#8212;&#8212;<\/p>\n\n\n\n<p><strong>Local da Atividade: <\/strong>EPG HAMILTON F\u00c9LIX DE SOUZA<\/p>\n\n\n\n<p><strong>Data da Atividade:<\/strong> 26\/05\/2025<\/p>\n\n\n\n<p><strong>Descri\u00e7\u00e3o:<\/strong> Jogos Matem\u00e1ticos.<\/p>\n\n\n\n<p><strong>Hor\u00e1rio: <\/strong>20 horas at\u00e9 as 22 horas.<\/p>\n\n\n\n<p><strong>P\u00fablico alvo:<\/strong>&nbsp; Para educadores\/educadoras<\/p>\n\n\n\n<p>&#8212;&#8212;&#8212;&#8212;&#8212;&#8212;&#8212;&#8212;&#8212;&#8212;&#8212;&#8212;&#8212;&#8212;&#8212;&#8212;&#8212;&#8212;&#8212;&#8212;&#8212;&#8212;&#8212;&#8212;&#8212;&#8212;&#8212;&#8212;&#8212;&#8212;&#8212;&#8212;&#8212;&#8212;&#8212;&#8212;&#8212;&#8212;&#8212;&#8212;&#8212;&#8212;<\/p>\n\n\n\n<p><strong>Local da Atividade: <\/strong>EPG JOS\u00c9 JORGE PEREIRA<\/p>\n\n\n\n<p><strong>Data da Atividade:<\/strong> 26\/05\/2025<\/p>\n\n\n\n<p><strong>Descri\u00e7\u00e3o:<\/strong> Semana Mundial Do Brincar&nbsp; 2025 \u201cProteger o Encantamento das Inf\u00e2ncias\u201d&nbsp; 1)&nbsp;&nbsp;&nbsp;&nbsp; &#8220;A Menina da Cabe\u00e7a Quadrada&#8221; Editora: Tibi Autora: Em\u00edlia Nu\u00f1ez&nbsp; Dramatiza\u00e7\u00e3o dos Est\u00e1gio II para os 5\u00ba ano Consigna: A Menina da Cabe\u00e7a Quadrada \u00e9 um livro que incentiva as crian\u00e7as da era digital a descobrirem o prazer das brincadeiras tradicionais.&nbsp; 2)&nbsp;&nbsp;&nbsp;&nbsp;&nbsp;&nbsp;&nbsp; Redescobrindo o Play a)&nbsp;&nbsp;&nbsp; Leitura do livro \u201cO Le\u00e3o e a bochecha de bal\u00e3o e a redescoberta do Play\u201d (Para esse momento, podem se dividir e fazer as intera\u00e7\u00f5es entre as turmas, para essa conta\u00e7\u00e3o)&nbsp; b)&nbsp;&nbsp;&nbsp;&nbsp;&nbsp; Roda de conversa sobre a hist\u00f3ria, refletindo sobre o uso excessivo de telas e a import\u00e2ncia do brincar real. c)&nbsp;&nbsp;&nbsp;&nbsp;&nbsp; Fazer um gr\u00e1fico de barras, que revele a prefer\u00eancia de cada aluno. Apresentar os resultados ou o Gr\u00e1fico nos pain\u00e9is de azulejo.&nbsp;&nbsp;&nbsp;&nbsp;&nbsp;&nbsp;&nbsp;&nbsp; T\u00edtulo:&nbsp; Redescobrindo o Play&nbsp;&nbsp;&nbsp;&nbsp;&nbsp;&nbsp;&nbsp;&nbsp; O que eu&nbsp; gosto mais&nbsp; de brincar? Telas ? ou com Brinquedos e brincadeiras? d)&nbsp;&nbsp; Viv\u00eancias com o Play &#8211; Cada dia propor uma&nbsp; brincadeira diferente, de acordo com as prefer\u00eancias dos alunos. e)&nbsp;&nbsp;&nbsp; Convidar as fam\u00edlias para brincar na escola \u2013 Enviaremos bilhete&nbsp;&nbsp; 3)&nbsp;&nbsp;&nbsp;&nbsp; \u201cO Le\u00e3o e a bochecha de bal\u00e3o e a redescoberta do Play\u201d&nbsp;&nbsp; Editora: Teareditiora Autora: Lucas Freire Dramatiza\u00e7\u00e3o do Fundamental para as outras turmas Sinopse: A narrativa segue um le\u00e3ozinho que costumava ser alegre e soci\u00e1vel, mas passou a se isolar e deixou de apreciar qualquer atividade sem o celular. Para o personagem, as doses r\u00e1pidas de dopamina que a hiperconectividade proporciona tiraram o brilho de outros tipos de lazer.&nbsp; 4)&nbsp;&nbsp; Cantinhos de Brincar Heur\u00edstico&nbsp; na sala itinerante. Utiliza\u00e7\u00e3o de materiais n\u00e3o estruturados com proposta de contemplar o brincar livre.<\/p>\n\n\n\n<p><strong>Hor\u00e1rio: <\/strong>Acontecer\u00e1 em diferentes hor\u00e1rios.<\/p>\n\n\n\n<p><strong>P\u00fablico alvo:<\/strong>&nbsp; Educandos, funcion\u00e1rios e comunidade escolar<\/p>\n\n\n\n<p>&#8212;&#8212;&#8212;&#8212;&#8212;&#8212;&#8212;&#8212;&#8212;&#8212;&#8212;&#8212;&#8212;&#8212;&#8212;&#8212;&#8212;&#8212;&#8212;&#8212;&#8212;&#8212;&#8212;&#8212;&#8212;&#8212;&#8212;&#8212;&#8212;&#8212;&#8212;&#8212;&#8212;&#8212;&#8212;&#8212;&#8212;&#8212;&#8212;&#8212;&#8212;&#8212;<\/p>\n\n\n\n<p><strong>Local da Atividade: <\/strong>EPG DALVA MARINA RONCHI MINGOSSI, PROFESSORA<\/p>\n\n\n\n<p><strong>Data da Atividade:<\/strong> 26\/05\/2025<\/p>\n\n\n\n<p><strong>Descri\u00e7\u00e3o:<\/strong> Brincadeiras cantadas, passa ou repassa, amarelinha africana<\/p>\n\n\n\n<p><strong>Hor\u00e1rio: <\/strong>9h<\/p>\n\n\n\n<p><strong>P\u00fablico alvo:<\/strong>&nbsp; Somente para os educandos<\/p>\n\n\n\n<p>&#8212;&#8212;&#8212;&#8212;&#8212;&#8212;&#8212;&#8212;&#8212;&#8212;&#8212;&#8212;&#8212;&#8212;&#8212;&#8212;&#8212;&#8212;&#8212;&#8212;&#8212;&#8212;&#8212;&#8212;&#8212;&#8212;&#8212;&#8212;&#8212;&#8212;&#8212;&#8212;&#8212;&#8212;&#8212;&#8212;&#8212;&#8212;&#8212;&#8212;&#8212;&#8212;<\/p>\n\n\n\n<p><strong>Local da Atividade: <\/strong>EPG INEZ RIZZATTO RODRIGUES<\/p>\n\n\n\n<p><strong>Data da Atividade:<\/strong> 26\/05\/2025<\/p>\n\n\n\n<p><strong>Descri\u00e7\u00e3o:<\/strong> O Grupo In\u00eaz Rizzatto Rodrigues promover\u00e1 uma Semana de Atividades com as Fam\u00edlias, com o objetivo de criar oportunidades para que pais e respons\u00e1veis redescubram o prazer de brincar com seus filhos, desconectando-se das telas e se reconectando por meio de viv\u00eancias simples, acess\u00edveis e significativas. Durante essa semana, todos os professores desenvolver\u00e3o atividades nos espa\u00e7os externos da escola, resgatando brincadeiras tradicionais que fizeram parte da inf\u00e2ncia de muitas gera\u00e7\u00f5es. Essas pr\u00e1ticas l\u00fadicas incentivam o movimento, a intera\u00e7\u00e3o social e o fortalecimento dos la\u00e7os afetivos entre fam\u00edlia e crian\u00e7a. Acreditamos que o resgate dessas brincadeiras contribuir\u00e1 para a constru\u00e7\u00e3o de uma inf\u00e2ncia mais saud\u00e1vel, ativa e feliz, al\u00e9m de refor\u00e7ar o papel fundamental da fam\u00edlia no desenvolvimento integral dos educandos.<\/p>\n\n\n\n<p><strong>Hor\u00e1rio: <\/strong>10h e 16h<\/p>\n\n\n\n<p><strong>P\u00fablico alvo:<\/strong>&nbsp; Restrita aos educandos e fam\u00edlias dos educandos da unidade escolar<\/p>\n\n\n\n<p>&#8212;&#8212;&#8212;&#8212;&#8212;&#8212;&#8212;&#8212;&#8212;&#8212;&#8212;&#8212;&#8212;&#8212;&#8212;&#8212;&#8212;&#8212;&#8212;&#8212;&#8212;&#8212;&#8212;&#8212;&#8212;&#8212;&#8212;&#8212;&#8212;&#8212;&#8212;&#8212;&#8212;&#8212;&#8212;&#8212;&#8212;&#8212;&#8212;&#8212;&#8212;&#8212;<\/p>\n\n\n\n<p><strong>Local da Atividade: <\/strong>EPG GRACIRA MARCHESI TRAMA, PROFESSORA<\/p>\n\n\n\n<p><strong>Data da Atividade:<\/strong> 26\/05\/2025<\/p>\n\n\n\n<p><strong>Descri\u00e7\u00e3o:<\/strong> Oficina criativa: momento de cria\u00e7\u00e3o de pinturas, desenhos, confec\u00e7\u00e3o de massinha e modelagens<\/p>\n\n\n\n<p><strong>Hor\u00e1rio: <\/strong>12h00<\/p>\n\n\n\n<p><strong>P\u00fablico alvo:<\/strong>&nbsp; Para educadores\/educadoras<\/p>\n\n\n\n<p>&#8212;&#8212;&#8212;&#8212;&#8212;&#8212;&#8212;&#8212;&#8212;&#8212;&#8212;&#8212;&#8212;&#8212;&#8212;&#8212;&#8212;&#8212;&#8212;&#8212;&#8212;&#8212;&#8212;&#8212;&#8212;&#8212;&#8212;&#8212;&#8212;&#8212;&#8212;&#8212;&#8212;&#8212;&#8212;&#8212;&#8212;&#8212;&#8212;&#8212;&#8212;&#8212;<\/p>\n\n\n\n<p><strong>Local da Atividade: <\/strong>EPG EVANIRA VIEIRA ROM\u00c3O<\/p>\n\n\n\n<p><strong>Data da Atividade:<\/strong> 26\/05\/2025<\/p>\n\n\n\n<p><strong>Descri\u00e7\u00e3o:<\/strong> Encena\u00e7\u00e3o teatral A Cigarra e a Formiga<\/p>\n\n\n\n<p><strong>Hor\u00e1rio: <\/strong>8h30 e 15h00<\/p>\n\n\n\n<p><strong>P\u00fablico alvo:<\/strong>&nbsp; Somente para os educandos<\/p>\n\n\n\n<p>&#8212;&#8212;&#8212;&#8212;&#8212;&#8212;&#8212;&#8212;&#8212;&#8212;&#8212;&#8212;&#8212;&#8212;&#8212;&#8212;&#8212;&#8212;&#8212;&#8212;&#8212;&#8212;&#8212;&#8212;&#8212;&#8212;&#8212;&#8212;&#8212;&#8212;&#8212;&#8212;&#8212;&#8212;&#8212;&#8212;&#8212;&#8212;&#8212;&#8212;&#8212;&#8212;<\/p>\n\n\n\n<p><strong>Local da Atividade: <\/strong>EPG AMADOR BUENO<\/p>\n\n\n\n<p><strong>Data da Atividade:<\/strong> 26\/05\/2025<\/p>\n\n\n\n<p><strong>Descri\u00e7\u00e3o:<\/strong> 1\u00bas anos &#8211; Amarelinha Africana e convencional, 2\u00bas anos &#8211; Passa anel\/pintura com guache &#8211; azulejo, 3\u00ba ano &#8211; O mestre mandou, Corre cutia, Coelho sai da toca, 4\u00ba ano &#8211; Jogos na quadra, 5\u00ba ano &#8211; Queimada com desafio (s\u00f3 pode lan\u00e7ar com uma m\u00e3o), Morto\/Vivo<\/p>\n\n\n\n<p><strong>Hor\u00e1rio: <\/strong>Hor\u00e1rios previstos: 8h00 \u00e0s 9h00 (manh\u00e3) \/ 14h30 \u00e0s 15h30 (tarde).<\/p>\n\n\n\n<p><strong>P\u00fablico alvo:<\/strong>&nbsp; Somente para os educandos<\/p>\n\n\n\n<p>&#8212;&#8212;&#8212;&#8212;&#8212;&#8212;&#8212;&#8212;&#8212;&#8212;&#8212;&#8212;&#8212;&#8212;&#8212;&#8212;&#8212;&#8212;&#8212;&#8212;&#8212;&#8212;&#8212;&#8212;&#8212;&#8212;&#8212;&#8212;&#8212;&#8212;&#8212;&#8212;&#8212;&#8212;&#8212;&#8212;&#8212;&#8212;&#8212;&#8212;&#8212;&#8212;<\/p>\n\n\n\n<p><strong>Local da Atividade: <\/strong>EPG ALFREDO VOLPI<\/p>\n\n\n\n<p><strong>Data da Atividade:<\/strong> 26\/05\/2025<\/p>\n\n\n\n<p><strong>Descri\u00e7\u00e3o:<\/strong> Resgate de brincadeira tradicional, proporcionando a intera\u00e7\u00e3o e movimento, fugindo das telas e das sala fechadas. Lencinho Branco-Corre- Cutia.<\/p>\n\n\n\n<p><strong>Hor\u00e1rio: <\/strong>Entre 8h e 10h<\/p>\n\n\n\n<p><strong>P\u00fablico alvo:<\/strong>&nbsp; Somente para os educandos<\/p>\n\n\n\n<p>&#8212;&#8212;&#8212;&#8212;&#8212;&#8212;&#8212;&#8212;&#8212;&#8212;&#8212;&#8212;&#8212;&#8212;&#8212;&#8212;&#8212;&#8212;&#8212;&#8212;&#8212;&#8212;&#8212;&#8212;&#8212;&#8212;&#8212;&#8212;&#8212;&#8212;&#8212;&#8212;&#8212;&#8212;&#8212;&#8212;&#8212;&#8212;&#8212;&#8212;&#8212;&#8212;<\/p>\n\n\n\n<p><strong>Local da Atividade: <\/strong>EPG SILVIA DE C\u00c1SSIA MATIAS, PROFESSORA<\/p>\n\n\n\n<p><strong>Data da Atividade:<\/strong> 26\/05\/2025<\/p>\n\n\n\n<p><strong>Descri\u00e7\u00e3o:<\/strong> Dan\u00e7a das cadeiras,<\/p>\n\n\n\n<p><strong>Hor\u00e1rio: <\/strong>das 19h30 \u00e0s 23h,<\/p>\n\n\n\n<p><strong>P\u00fablico alvo:<\/strong>&nbsp; Somente para os educandos<\/p>\n\n\n\n<p>&#8212;&#8212;&#8212;&#8212;&#8212;&#8212;&#8212;&#8212;&#8212;&#8212;&#8212;&#8212;&#8212;&#8212;&#8212;&#8212;&#8212;&#8212;&#8212;&#8212;&#8212;&#8212;&#8212;&#8212;&#8212;&#8212;&#8212;&#8212;&#8212;&#8212;&#8212;&#8212;&#8212;&#8212;&#8212;&#8212;&#8212;&#8212;&#8212;&#8212;&#8212;&#8212;<\/p>\n\n\n\n<p><strong>Local da Atividade: <\/strong>EPG DARCY RIBEIRO<\/p>\n\n\n\n<p><strong>Data da Atividade:<\/strong> 26\/05\/2025<\/p>\n\n\n\n<p><strong>Descri\u00e7\u00e3o:<\/strong> Pensando em otimizar os conhecimentos dos educandos ser\u00e1 realizada na Semana do brinca, uma gincana cultural que consiste em um jogo de pergunta e respostas com diversas \u00e1reas do conhecimento. Ser\u00e3o realizados jogos e brincadeiras utilizando os espa\u00e7os da escola e os materiais dispon\u00edveis.<\/p>\n\n\n\n<p><strong>Hor\u00e1rio: <\/strong>8h<\/p>\n\n\n\n<p><strong>P\u00fablico alvo:<\/strong>&nbsp; Somente para os educandos<\/p>\n\n\n\n<p>&#8212;&#8212;&#8212;&#8212;&#8212;&#8212;&#8212;&#8212;&#8212;&#8212;&#8212;&#8212;&#8212;&#8212;&#8212;&#8212;&#8212;&#8212;&#8212;&#8212;&#8212;&#8212;&#8212;&#8212;&#8212;&#8212;&#8212;&#8212;&#8212;&#8212;&#8212;&#8212;&#8212;&#8212;&#8212;&#8212;&#8212;&#8212;&#8212;&#8212;&#8212;&#8212;<\/p>\n\n\n\n<p><strong>Local da Atividade: <\/strong>EPG PIMENTAS<\/p>\n\n\n\n<p><strong>Data da Atividade:<\/strong> 26\/05\/2025<\/p>\n\n\n\n<p><strong>Descri\u00e7\u00e3o:<\/strong> Pac-Man Humano com Bambol\u00ea: As crian\u00e7as em c\u00edrculos de m\u00e3os dadas, enquanto dois bambol\u00eas circulam pelo corpo. O objetivo \u00e9 promover a coopera\u00e7\u00e3o e competi\u00e7\u00e3o saud\u00e1vel, desenvolvendo coordena\u00e7\u00e3o motora, trabalho em equipe e respeito \u00e0s diferen\u00e7as. A atividade tamb\u00e9m incentiva habilidades sociais de forma l\u00fadica e interativa.<\/p>\n\n\n\n<p><strong>Hor\u00e1rio: <\/strong>9h00<\/p>\n\n\n\n<p><strong>P\u00fablico alvo:<\/strong>&nbsp; Para educadores\/educadoras<\/p>\n\n\n\n<p>&#8212;&#8212;&#8212;&#8212;&#8212;&#8212;&#8212;&#8212;&#8212;&#8212;&#8212;&#8212;&#8212;&#8212;&#8212;&#8212;&#8212;&#8212;&#8212;&#8212;&#8212;&#8212;&#8212;&#8212;&#8212;&#8212;&#8212;&#8212;&#8212;&#8212;&#8212;&#8212;&#8212;&#8212;&#8212;&#8212;&#8212;&#8212;&#8212;&#8212;&#8212;&#8212;<\/p>\n\n\n\n<p><strong>Local da Atividade: <\/strong>EPG PIMENTAS<\/p>\n\n\n\n<p><strong>Data da Atividade:<\/strong> 26\/05\/2025<\/p>\n\n\n\n<p><strong>Descri\u00e7\u00e3o:<\/strong> Queimada: brincadeira tradicional que envolve dois times que tentam eliminar os jogadores do time advers\u00e1rio ao acert\u00e1-los com uma bola. O objetivo \u00e9 queimar todos os jogadores da equipe advers\u00e1ria para vencer.<\/p>\n\n\n\n<p><strong>Hor\u00e1rio: <\/strong>14h<\/p>\n\n\n\n<p><strong>P\u00fablico alvo:<\/strong>&nbsp; Somente para os educandos<\/p>\n\n\n\n<p>&#8212;&#8212;&#8212;&#8212;&#8212;&#8212;&#8212;&#8212;&#8212;&#8212;&#8212;&#8212;&#8212;&#8212;&#8212;&#8212;&#8212;&#8212;&#8212;&#8212;&#8212;&#8212;&#8212;&#8212;&#8212;&#8212;&#8212;&#8212;&#8212;&#8212;&#8212;&#8212;&#8212;&#8212;&#8212;&#8212;&#8212;&#8212;&#8212;&#8212;&#8212;&#8212;<\/p>\n\n\n\n<p><strong>Local da Atividade: <\/strong>EPG GIANFRANCESCO GUARNIERI<\/p>\n\n\n\n<p><strong>Data da Atividade:<\/strong> 26\/05\/2025<\/p>\n\n\n\n<p><strong>Descri\u00e7\u00e3o:<\/strong> Brincadeiras tradicionais: Brincadeira em grupos com bolinha de gude.<\/p>\n\n\n\n<p><strong>Hor\u00e1rio: <\/strong>16h30min as 17h<\/p>\n\n\n\n<p><strong>P\u00fablico alvo:<\/strong>&nbsp; Somente para os educandos<\/p>\n\n\n\n<p>&#8212;&#8212;&#8212;&#8212;&#8212;&#8212;&#8212;&#8212;&#8212;&#8212;&#8212;&#8212;&#8212;&#8212;&#8212;&#8212;&#8212;&#8212;&#8212;&#8212;&#8212;&#8212;&#8212;&#8212;&#8212;&#8212;&#8212;&#8212;&#8212;&#8212;&#8212;&#8212;&#8212;&#8212;&#8212;&#8212;&#8212;&#8212;&#8212;&#8212;&#8212;&#8212;<\/p>\n\n\n\n<p><strong>Local da Atividade: <\/strong>EPG GIANFRANCESCO GUARNIERI<\/p>\n\n\n\n<p><strong>Data da Atividade:<\/strong> 26\/05\/2025<\/p>\n\n\n\n<p><strong>Descri\u00e7\u00e3o:<\/strong> confec\u00e7\u00e3o de jogo de trilha<\/p>\n\n\n\n<p><strong>Hor\u00e1rio: <\/strong>10:30h<\/p>\n\n\n\n<p><strong>P\u00fablico alvo:<\/strong>&nbsp; Somente para os educandos<\/p>\n\n\n\n<p>&#8212;&#8212;&#8212;&#8212;&#8212;&#8212;&#8212;&#8212;&#8212;&#8212;&#8212;&#8212;&#8212;&#8212;&#8212;&#8212;&#8212;&#8212;&#8212;&#8212;&#8212;&#8212;&#8212;&#8212;&#8212;&#8212;&#8212;&#8212;&#8212;&#8212;&#8212;&#8212;&#8212;&#8212;&#8212;&#8212;&#8212;&#8212;&#8212;&#8212;&#8212;&#8212;<\/p>\n\n\n\n<p><strong>Local da Atividade: <\/strong>EPG GIANFRANCESCO GUARNIERI<\/p>\n\n\n\n<p><strong>Data da Atividade:<\/strong> 26\/05\/2025<\/p>\n\n\n\n<p><strong>Descri\u00e7\u00e3o:<\/strong> Pular corda tradicional e em zigue-zigue<\/p>\n\n\n\n<p><strong>Hor\u00e1rio: <\/strong>13:30h as15:30h<\/p>\n\n\n\n<p><strong>P\u00fablico alvo:<\/strong>&nbsp; Somente para os educandos<\/p>\n\n\n\n<p>&#8212;&#8212;&#8212;&#8212;&#8212;&#8212;&#8212;&#8212;&#8212;&#8212;&#8212;&#8212;&#8212;&#8212;&#8212;&#8212;&#8212;&#8212;&#8212;&#8212;&#8212;&#8212;&#8212;&#8212;&#8212;&#8212;&#8212;&#8212;&#8212;&#8212;&#8212;&#8212;&#8212;&#8212;&#8212;&#8212;&#8212;&#8212;&#8212;&#8212;&#8212;&#8212;<\/p>\n\n\n\n<p><strong>Local da Atividade: <\/strong>EPG GIANFRANCESCO GUARNIERI<\/p>\n\n\n\n<p><strong>Data da Atividade:<\/strong> 26\/05\/2025<\/p>\n\n\n\n<p><strong>Descri\u00e7\u00e3o:<\/strong> PULAR CORDA TRADICIONAL E EM ZIGUE-ZAGUE<\/p>\n\n\n\n<p><strong>Hor\u00e1rio: <\/strong>Das 13:30 \u00e0s 15:30<\/p>\n\n\n\n<p><strong>P\u00fablico alvo:<\/strong>&nbsp; Somente para os educandos<\/p>\n\n\n\n<p>&#8212;&#8212;&#8212;&#8212;&#8212;&#8212;&#8212;&#8212;&#8212;&#8212;&#8212;&#8212;&#8212;&#8212;&#8212;&#8212;&#8212;&#8212;&#8212;&#8212;&#8212;&#8212;&#8212;&#8212;&#8212;&#8212;&#8212;&#8212;&#8212;&#8212;&#8212;&#8212;&#8212;&#8212;&#8212;&#8212;&#8212;&#8212;&#8212;&#8212;&#8212;&#8212;<\/p>\n\n\n\n<p><strong>Local da Atividade: <\/strong>EPG GIANFRANCESCO GUARNIERI<\/p>\n\n\n\n<p><strong>Data da Atividade:<\/strong> 26\/05\/2025<\/p>\n\n\n\n<p><strong>Descri\u00e7\u00e3o:<\/strong> Pular corda tradicional e em zigue-zague<\/p>\n\n\n\n<p><strong>Hor\u00e1rio: <\/strong>13:30 as 15:30<\/p>\n\n\n\n<p><strong>P\u00fablico alvo:<\/strong>&nbsp; Somente para os educandos<\/p>\n\n\n\n<p>&#8212;&#8212;&#8212;&#8212;&#8212;&#8212;&#8212;&#8212;&#8212;&#8212;&#8212;&#8212;&#8212;&#8212;&#8212;&#8212;&#8212;&#8212;&#8212;&#8212;&#8212;&#8212;&#8212;&#8212;&#8212;&#8212;&#8212;&#8212;&#8212;&#8212;&#8212;&#8212;&#8212;&#8212;&#8212;&#8212;&#8212;&#8212;&#8212;&#8212;&#8212;&#8212;<\/p>\n\n\n\n<p><strong>Local da Atividade: <\/strong>EPG GIANFRANCESCO GUARNIERI<\/p>\n\n\n\n<p><strong>Data da Atividade:<\/strong> 26\/05\/2025<\/p>\n\n\n\n<p><strong>Descri\u00e7\u00e3o:<\/strong> Resgate de brincadeira infantil. Montagem painel feito pelas fam\u00edlias, vota\u00e7\u00e3o&nbsp; e grafico com as brincadeiras<\/p>\n\n\n\n<p><strong>Hor\u00e1rio: <\/strong>8:00h \u00e0s 9:20h<\/p>\n\n\n\n<p><strong>P\u00fablico alvo:<\/strong>&nbsp; Restrita aos educandos e fam\u00edlias dos educandos da unidade escolar<\/p>\n\n\n\n<p>&#8212;&#8212;&#8212;&#8212;&#8212;&#8212;&#8212;&#8212;&#8212;&#8212;&#8212;&#8212;&#8212;&#8212;&#8212;&#8212;&#8212;&#8212;&#8212;&#8212;&#8212;&#8212;&#8212;&#8212;&#8212;&#8212;&#8212;&#8212;&#8212;&#8212;&#8212;&#8212;&#8212;&#8212;&#8212;&#8212;&#8212;&#8212;&#8212;&#8212;&#8212;&#8212;<\/p>\n\n\n\n<p><strong>Local da Atividade: <\/strong>EPG GIANFRANCESCO GUARNIERI<\/p>\n\n\n\n<p><strong>Data da Atividade:<\/strong> 26\/05\/2025<\/p>\n\n\n\n<p><strong>Descri\u00e7\u00e3o:<\/strong> Brincadeira africana,&nbsp; e cabo de guerra &#8211; ind\u00edgena<\/p>\n\n\n\n<p><strong>Hor\u00e1rio: <\/strong>8:30 \u00e0s 9:20<\/p>\n\n\n\n<p><strong>P\u00fablico alvo:<\/strong>&nbsp; Somente para os educandos<\/p>\n\n\n\n<p>&#8212;&#8212;&#8212;&#8212;&#8212;&#8212;&#8212;&#8212;&#8212;&#8212;&#8212;&#8212;&#8212;&#8212;&#8212;&#8212;&#8212;&#8212;&#8212;&#8212;&#8212;&#8212;&#8212;&#8212;&#8212;&#8212;&#8212;&#8212;&#8212;&#8212;&#8212;&#8212;&#8212;&#8212;&#8212;&#8212;&#8212;&#8212;&#8212;&#8212;&#8212;&#8212;<\/p>\n\n\n\n<p><strong>Local da Atividade: <\/strong>EPG GIANFRANCESCO GUARNIERI<\/p>\n\n\n\n<p><strong>Data da Atividade:<\/strong> 26\/05\/2025<\/p>\n\n\n\n<p><strong>Descri\u00e7\u00e3o:<\/strong> O resgate das tradi\u00e7\u00f5es atrav\u00e9s de brincadeiras de antigamente s\u00e3o formas de ampliar a vis\u00e3o de mundo das crian\u00e7as, al\u00e9m disso, proporcionar momentos incr\u00edveis de divers\u00e3o e de intera\u00e7\u00e3o entre as crian\u00e7as, no ambiente escolar, al\u00e9m de extrapolarem os muros da escola, multiplicando-as com as fam\u00edlias.&nbsp; Isso posto, promove n\u00e3o somente a intera\u00e7\u00e3o, mas tamb\u00e9m o desenvolvimento corporal, j\u00e1 que a maioria das brincadeiras de antigamente t\u00eam bastante movimento do corpo, incentivando que a crian\u00e7a se exercite, criando consci\u00eancia corporal.&nbsp; Estimulam a criatividade, desenvolvendo senso cr\u00edtico quanto \u00e0 apropria\u00e7\u00e3o das regras, mudan\u00e7as e at\u00e9 novas varia\u00e7\u00f5es de brincares e explora\u00e7\u00e3o dos espa\u00e7os e ambientes m que acontecem essas intera\u00e7\u00f5es, garantindo assim um resgate a socializa\u00e7\u00e3o de todos os participantes e aqueles que est\u00e3o assistindo tamb\u00e9m, j\u00e1 que a alegria acaba contagiando a todos. E dessa forma, incluindo a todos, uma vez que estamos trabalhando com variados universos, distintos, que acabam trocando infinitas experi\u00eancias atrav\u00e9s do l\u00fadico.&nbsp; Brincadeiras e materiais: 26\/05\/2025- Segunda -feira: (Quadra) 1)&nbsp;&nbsp; Pular corda; amarelinha tradicional; pega-pega (Quadra-primeiro hor\u00e1rio) 2)&nbsp;&nbsp;&nbsp;&nbsp;&nbsp;&nbsp;&nbsp; Roda de conversa, leitura e desenhando a brincadeira que mais gostou e nomeando;<\/p>\n\n\n\n<p><strong>Hor\u00e1rio: <\/strong>07:20 \u00e0s 08: 30 horas<\/p>\n\n\n\n<p><strong>P\u00fablico alvo:<\/strong>&nbsp; Somente para os educandos<\/p>\n\n\n\n<p>&#8212;&#8212;&#8212;&#8212;&#8212;&#8212;&#8212;&#8212;&#8212;&#8212;&#8212;&#8212;&#8212;&#8212;&#8212;&#8212;&#8212;&#8212;&#8212;&#8212;&#8212;&#8212;&#8212;&#8212;&#8212;&#8212;&#8212;&#8212;&#8212;&#8212;&#8212;&#8212;&#8212;&#8212;&#8212;&#8212;&#8212;&#8212;&#8212;&#8212;&#8212;&#8212;<\/p>\n\n\n\n<p><strong>Local da Atividade: <\/strong>EPG GIANFRANCESCO GUARNIERI<\/p>\n\n\n\n<p><strong>Data da Atividade:<\/strong> 26\/05\/2025<\/p>\n\n\n\n<p><strong>Descri\u00e7\u00e3o:<\/strong> Constru\u00e7\u00e3o de um jogo de tabuleiro (trilha)<\/p>\n\n\n\n<p><strong>Hor\u00e1rio: <\/strong>10:30 \u00e1s 11:30<\/p>\n\n\n\n<p><strong>P\u00fablico alvo:<\/strong>&nbsp; Somente para os educandos<\/p>\n\n\n\n<p>&#8212;&#8212;&#8212;&#8212;&#8212;&#8212;&#8212;&#8212;&#8212;&#8212;&#8212;&#8212;&#8212;&#8212;&#8212;&#8212;&#8212;&#8212;&#8212;&#8212;&#8212;&#8212;&#8212;&#8212;&#8212;&#8212;&#8212;&#8212;&#8212;&#8212;&#8212;&#8212;&#8212;&#8212;&#8212;&#8212;&#8212;&#8212;&#8212;&#8212;&#8212;&#8212;<\/p>\n\n\n\n<p><strong>Local da Atividade: <\/strong>EPG GIANFRANCESCO GUARNIERI<\/p>\n\n\n\n<p><strong>Data da Atividade:<\/strong> 26\/05\/2025<\/p>\n\n\n\n<p><strong>Descri\u00e7\u00e3o:<\/strong> Confec\u00e7\u00e3o de domin\u00f3 con papel\u00e3o recortado medindo 4cm por 8cm. Os n\u00fameros das pe\u00e7as de domin\u00f3 ser\u00e3o coloridos com giz de cera, l\u00e1pis de cor ou caneta hidrogr\u00e1fica (6 cores distintas) O processo de produ\u00e7\u00e3o e jogo em si ser\u00e1 feito em grupos produtivos de 04 pessoas.<\/p>\n\n\n\n<p><strong>Hor\u00e1rio: <\/strong>10:00 \u00e0s 11:00h<\/p>\n\n\n\n<p><strong>P\u00fablico alvo:<\/strong>&nbsp; Para educadores\/educadoras<\/p>\n\n\n\n<p>&#8212;&#8212;&#8212;&#8212;&#8212;&#8212;&#8212;&#8212;&#8212;&#8212;&#8212;&#8212;&#8212;&#8212;&#8212;&#8212;&#8212;&#8212;&#8212;&#8212;&#8212;&#8212;&#8212;&#8212;&#8212;&#8212;&#8212;&#8212;&#8212;&#8212;&#8212;&#8212;&#8212;&#8212;&#8212;&#8212;&#8212;&#8212;&#8212;&#8212;&#8212;&#8212;<\/p>\n\n\n\n<p><strong>Local da Atividade: <\/strong>EPG WILSON PEREIRA DA SILVA, PROFESSOR<\/p>\n\n\n\n<p><strong>Data da Atividade:<\/strong> 26\/05\/2025<\/p>\n\n\n\n<p><strong>Descri\u00e7\u00e3o:<\/strong> Resgate do brincar &#8211; brincadeiras cantadas e de roda.<\/p>\n\n\n\n<p><strong>Hor\u00e1rio: <\/strong>7h -12h<\/p>\n\n\n\n<p><strong>P\u00fablico alvo:<\/strong>&nbsp; Somente para os educandos<\/p>\n\n\n\n<p>&#8212;&#8212;&#8212;&#8212;&#8212;&#8212;&#8212;&#8212;&#8212;&#8212;&#8212;&#8212;&#8212;&#8212;&#8212;&#8212;&#8212;&#8212;&#8212;&#8212;&#8212;&#8212;&#8212;&#8212;&#8212;&#8212;&#8212;&#8212;&#8212;&#8212;&#8212;&#8212;&#8212;&#8212;&#8212;&#8212;&#8212;&#8212;&#8212;&#8212;&#8212;&#8212;<\/p>\n\n\n\n<p><strong>Local da Atividade: <\/strong>EPG YUJIE HIRATA<\/p>\n\n\n\n<p><strong>Data da Atividade:<\/strong> 26\/05\/2025<\/p>\n\n\n\n<p><strong>Descri\u00e7\u00e3o:<\/strong> Brincadeiras: L\u00e1 vem a dona tartaruga (brincadeira cantada); Terra Mar; O cone vai virar<\/p>\n\n\n\n<p><strong>Hor\u00e1rio: <\/strong>9h30min<\/p>\n\n\n\n<p><strong>P\u00fablico alvo:<\/strong>&nbsp; Somente para os educandos<\/p>\n\n\n\n<p>&#8212;&#8212;&#8212;&#8212;&#8212;&#8212;&#8212;&#8212;&#8212;&#8212;&#8212;&#8212;&#8212;&#8212;&#8212;&#8212;&#8212;&#8212;&#8212;&#8212;&#8212;&#8212;&#8212;&#8212;&#8212;&#8212;&#8212;&#8212;&#8212;&#8212;&#8212;&#8212;&#8212;&#8212;&#8212;&#8212;&#8212;&#8212;&#8212;&#8212;&#8212;&#8212;<\/p>\n\n\n\n<p><strong>Local da Atividade: <\/strong>EPG YUJIE HIRATA<\/p>\n\n\n\n<p><strong>Data da Atividade:<\/strong> 26\/05\/2025<\/p>\n\n\n\n<p><strong>Descri\u00e7\u00e3o:<\/strong> Reitura da obra de Ivan Cruz &#8220;Avi\u00e3ozinho&#8221;<\/p>\n\n\n\n<p><strong>Hor\u00e1rio: <\/strong>10 h<\/p>\n\n\n\n<p><strong>P\u00fablico alvo:<\/strong>&nbsp; Somente para os educandos<\/p>\n\n\n\n<p>&#8212;&#8212;&#8212;&#8212;&#8212;&#8212;&#8212;&#8212;&#8212;&#8212;&#8212;&#8212;&#8212;&#8212;&#8212;&#8212;&#8212;&#8212;&#8212;&#8212;&#8212;&#8212;&#8212;&#8212;&#8212;&#8212;&#8212;&#8212;&#8212;&#8212;&#8212;&#8212;&#8212;&#8212;&#8212;&#8212;&#8212;&#8212;&#8212;&#8212;&#8212;&#8212;<\/p>\n\n\n\n<p><strong>Local da Atividade: <\/strong>EPG YUJIE HIRATA<\/p>\n\n\n\n<p><strong>Data da Atividade:<\/strong> 26\/05\/2025<\/p>\n\n\n\n<p><strong>Descri\u00e7\u00e3o:<\/strong> Brincadeiras: cama de gato; circuito com bambol\u00eas &#8211; Mat B<\/p>\n\n\n\n<p><strong>Hor\u00e1rio: <\/strong>14h30min<\/p>\n\n\n\n<p><strong>P\u00fablico alvo:<\/strong>&nbsp; Somente para os educandos<\/p>\n\n\n\n<p>&#8212;&#8212;&#8212;&#8212;&#8212;&#8212;&#8212;&#8212;&#8212;&#8212;&#8212;&#8212;&#8212;&#8212;&#8212;&#8212;&#8212;&#8212;&#8212;&#8212;&#8212;&#8212;&#8212;&#8212;&#8212;&#8212;&#8212;&#8212;&#8212;&#8212;&#8212;&#8212;&#8212;&#8212;&#8212;&#8212;&#8212;&#8212;&#8212;&#8212;&#8212;&#8212;<\/p>\n","protected":false},"excerpt":{"rendered":"<p>Local da Atividade: EPG \u00c9RICO VER\u00cdSSIMO Data da Atividade: 26\/05\/2025 Descri\u00e7\u00e3o: BRINCADEIRAS CORRE COTIA, LENCINHO BRANCO, CASA, MORADOR E TERREMOTO Hor\u00e1rio: DAS 8H AS 10H. P\u00fablico alvo:&nbsp; Somente para os &hellip;<\/p>\n<p class=\"read-more\"> <a class=\"\" href=\"https:\/\/portaleducacao.guarulhos.sp.gov.br\/wp_site\/semanadobrincar2025\/2025\/05\/28\/dia-26-2\/\"> <span class=\"screen-reader-text\">Dia 26<\/span> Leia mais &raquo;<\/a><\/p>\n","protected":false},"author":32,"featured_media":257,"comment_status":"closed","ping_status":"open","sticky":false,"template":"","format":"standard","meta":{"_monsterinsights_skip_tracking":false,"_monsterinsights_sitenote_active":false,"_monsterinsights_sitenote_note":"","_monsterinsights_sitenote_category":0,"site-sidebar-layout":"default","site-content-layout":"default","ast-global-header-display":"","ast-main-header-display":"","ast-hfb-above-header-display":"","ast-hfb-below-header-display":"","ast-hfb-mobile-header-display":"","site-post-title":"","ast-breadcrumbs-content":"","ast-featured-img":"","footer-sml-layout":"","theme-transparent-header-meta":"","adv-header-id-meta":"","stick-header-meta":"","header-above-stick-meta":"","header-main-stick-meta":"","header-below-stick-meta":"","_expiration-date-status":"","_expiration-date":1749045480,"_expiration-date-type":"draft","_expiration-date-categories":[],"_expiration-date-options":[]},"categories":[23,11,25],"tags":[],"yoast_head":"<!-- This site is optimized with the Yoast SEO plugin v19.7.1 - https:\/\/yoast.com\/wordpress\/plugins\/seo\/ -->\r\n<title>Dia 26 - semana do brincar<\/title>\r\n<meta name=\"robots\" content=\"index, follow, max-snippet:-1, max-image-preview:large, max-video-preview:-1\" \/>\r\n<link rel=\"canonical\" href=\"https:\/\/portaleducacao.guarulhos.sp.gov.br\/wp_site\/semanadobrincar2025\/2025\/05\/28\/dia-26-2\/\" \/>\r\n<meta property=\"og:locale\" content=\"pt_BR\" \/>\r\n<meta property=\"og:type\" content=\"article\" \/>\r\n<meta property=\"og:title\" content=\"Dia 26 - semana do brincar\" \/>\r\n<meta property=\"og:description\" content=\"Local da Atividade: EPG \u00c9RICO VER\u00cdSSIMO Data da Atividade: 26\/05\/2025 Descri\u00e7\u00e3o: BRINCADEIRAS CORRE COTIA, LENCINHO BRANCO, CASA, MORADOR E TERREMOTO Hor\u00e1rio: DAS 8H AS 10H. P\u00fablico alvo:&nbsp; Somente para os &hellip; Dia 26 Leia mais &raquo;\" \/>\r\n<meta property=\"og:url\" content=\"https:\/\/portaleducacao.guarulhos.sp.gov.br\/wp_site\/semanadobrincar2025\/2025\/05\/28\/dia-26-2\/\" \/>\r\n<meta property=\"og:site_name\" content=\"semana do brincar\" \/>\r\n<meta property=\"article:published_time\" content=\"2025-05-28T13:59:29+00:00\" \/>\r\n<meta property=\"article:modified_time\" content=\"2025-05-28T13:59:31+00:00\" \/>\r\n<meta property=\"og:image\" content=\"http:\/\/portaleducacao.guarulhos.sp.gov.br\/wp_site\/semanadobrincar2025\/wp-content\/uploads\/sites\/40\/2025\/05\/dia_26-1.png\" \/>\r\n\t<meta property=\"og:image:width\" content=\"2154\" \/>\r\n\t<meta property=\"og:image:height\" content=\"2387\" \/>\r\n\t<meta property=\"og:image:type\" content=\"image\/png\" \/>\r\n<meta name=\"author\" content=\"talitasds\" \/>\r\n<meta name=\"twitter:card\" content=\"summary_large_image\" \/>\r\n<meta name=\"twitter:label1\" content=\"Escrito por\" \/>\n\t<meta name=\"twitter:data1\" content=\"talitasds\" \/>\n\t<meta name=\"twitter:label2\" content=\"Est. tempo de leitura\" \/>\n\t<meta name=\"twitter:data2\" content=\"12 minutos\" \/>\r\n<script type=\"application\/ld+json\" class=\"yoast-schema-graph\">{\"@context\":\"https:\/\/schema.org\",\"@graph\":[{\"@type\":\"WebPage\",\"@id\":\"https:\/\/portaleducacao.guarulhos.sp.gov.br\/wp_site\/semanadobrincar2025\/2025\/05\/28\/dia-26-2\/\",\"url\":\"https:\/\/portaleducacao.guarulhos.sp.gov.br\/wp_site\/semanadobrincar2025\/2025\/05\/28\/dia-26-2\/\",\"name\":\"Dia 26 - semana do brincar\",\"isPartOf\":{\"@id\":\"https:\/\/portaleducacao.guarulhos.sp.gov.br\/wp_site\/semanadobrincar2025\/#website\"},\"datePublished\":\"2025-05-28T13:59:29+00:00\",\"dateModified\":\"2025-05-28T13:59:31+00:00\",\"author\":{\"@id\":\"https:\/\/portaleducacao.guarulhos.sp.gov.br\/wp_site\/semanadobrincar2025\/#\/schema\/person\/1e6f253ac148bf2e1afbc55205e45b3c\"},\"breadcrumb\":{\"@id\":\"https:\/\/portaleducacao.guarulhos.sp.gov.br\/wp_site\/semanadobrincar2025\/2025\/05\/28\/dia-26-2\/#breadcrumb\"},\"inLanguage\":\"pt-BR\",\"potentialAction\":[{\"@type\":\"ReadAction\",\"target\":[\"https:\/\/portaleducacao.guarulhos.sp.gov.br\/wp_site\/semanadobrincar2025\/2025\/05\/28\/dia-26-2\/\"]}]},{\"@type\":\"BreadcrumbList\",\"@id\":\"https:\/\/portaleducacao.guarulhos.sp.gov.br\/wp_site\/semanadobrincar2025\/2025\/05\/28\/dia-26-2\/#breadcrumb\",\"itemListElement\":[{\"@type\":\"ListItem\",\"position\":1,\"name\":\"In\u00edcio\",\"item\":\"https:\/\/portaleducacao.guarulhos.sp.gov.br\/wp_site\/semanadobrincar2025\/\"},{\"@type\":\"ListItem\",\"position\":2,\"name\":\"Dia 26\"}]},{\"@type\":\"WebSite\",\"@id\":\"https:\/\/portaleducacao.guarulhos.sp.gov.br\/wp_site\/semanadobrincar2025\/#website\",\"url\":\"https:\/\/portaleducacao.guarulhos.sp.gov.br\/wp_site\/semanadobrincar2025\/\",\"name\":\"semana do brincar\",\"description\":\"S\u00f3 mais um site Portal SE Informe\",\"potentialAction\":[{\"@type\":\"SearchAction\",\"target\":{\"@type\":\"EntryPoint\",\"urlTemplate\":\"https:\/\/portaleducacao.guarulhos.sp.gov.br\/wp_site\/semanadobrincar2025\/?s={search_term_string}\"},\"query-input\":\"required name=search_term_string\"}],\"inLanguage\":\"pt-BR\"},{\"@type\":\"Person\",\"@id\":\"https:\/\/portaleducacao.guarulhos.sp.gov.br\/wp_site\/semanadobrincar2025\/#\/schema\/person\/1e6f253ac148bf2e1afbc55205e45b3c\",\"name\":\"talitasds\",\"image\":{\"@type\":\"ImageObject\",\"inLanguage\":\"pt-BR\",\"@id\":\"https:\/\/portaleducacao.guarulhos.sp.gov.br\/wp_site\/semanadobrincar2025\/#\/schema\/person\/image\/\",\"url\":\"https:\/\/secure.gravatar.com\/avatar\/b3afe9b1393d5877d6ff7604eff566dd?s=96&d=mm&r=g\",\"contentUrl\":\"https:\/\/secure.gravatar.com\/avatar\/b3afe9b1393d5877d6ff7604eff566dd?s=96&d=mm&r=g\",\"caption\":\"talitasds\"},\"url\":\"https:\/\/portaleducacao.guarulhos.sp.gov.br\/wp_site\/semanadobrincar2025\/author\/talitasds\/\"}]}<\/script>\r\n<!-- \/ Yoast SEO plugin. -->","yoast_head_json":{"title":"Dia 26 - semana do brincar","robots":{"index":"index","follow":"follow","max-snippet":"max-snippet:-1","max-image-preview":"max-image-preview:large","max-video-preview":"max-video-preview:-1"},"canonical":"https:\/\/portaleducacao.guarulhos.sp.gov.br\/wp_site\/semanadobrincar2025\/2025\/05\/28\/dia-26-2\/","og_locale":"pt_BR","og_type":"article","og_title":"Dia 26 - semana do brincar","og_description":"Local da Atividade: EPG \u00c9RICO VER\u00cdSSIMO Data da Atividade: 26\/05\/2025 Descri\u00e7\u00e3o: BRINCADEIRAS CORRE COTIA, LENCINHO BRANCO, CASA, MORADOR E TERREMOTO Hor\u00e1rio: DAS 8H AS 10H. P\u00fablico alvo:&nbsp; Somente para os &hellip; Dia 26 Leia mais &raquo;","og_url":"https:\/\/portaleducacao.guarulhos.sp.gov.br\/wp_site\/semanadobrincar2025\/2025\/05\/28\/dia-26-2\/","og_site_name":"semana do brincar","article_published_time":"2025-05-28T13:59:29+00:00","article_modified_time":"2025-05-28T13:59:31+00:00","og_image":[{"width":2154,"height":2387,"url":"http:\/\/portaleducacao.guarulhos.sp.gov.br\/wp_site\/semanadobrincar2025\/wp-content\/uploads\/sites\/40\/2025\/05\/dia_26-1.png","type":"image\/png"}],"author":"talitasds","twitter_card":"summary_large_image","twitter_misc":{"Escrito por":"talitasds","Est. tempo de leitura":"12 minutos"},"schema":{"@context":"https:\/\/schema.org","@graph":[{"@type":"WebPage","@id":"https:\/\/portaleducacao.guarulhos.sp.gov.br\/wp_site\/semanadobrincar2025\/2025\/05\/28\/dia-26-2\/","url":"https:\/\/portaleducacao.guarulhos.sp.gov.br\/wp_site\/semanadobrincar2025\/2025\/05\/28\/dia-26-2\/","name":"Dia 26 - semana do brincar","isPartOf":{"@id":"https:\/\/portaleducacao.guarulhos.sp.gov.br\/wp_site\/semanadobrincar2025\/#website"},"datePublished":"2025-05-28T13:59:29+00:00","dateModified":"2025-05-28T13:59:31+00:00","author":{"@id":"https:\/\/portaleducacao.guarulhos.sp.gov.br\/wp_site\/semanadobrincar2025\/#\/schema\/person\/1e6f253ac148bf2e1afbc55205e45b3c"},"breadcrumb":{"@id":"https:\/\/portaleducacao.guarulhos.sp.gov.br\/wp_site\/semanadobrincar2025\/2025\/05\/28\/dia-26-2\/#breadcrumb"},"inLanguage":"pt-BR","potentialAction":[{"@type":"ReadAction","target":["https:\/\/portaleducacao.guarulhos.sp.gov.br\/wp_site\/semanadobrincar2025\/2025\/05\/28\/dia-26-2\/"]}]},{"@type":"BreadcrumbList","@id":"https:\/\/portaleducacao.guarulhos.sp.gov.br\/wp_site\/semanadobrincar2025\/2025\/05\/28\/dia-26-2\/#breadcrumb","itemListElement":[{"@type":"ListItem","position":1,"name":"In\u00edcio","item":"https:\/\/portaleducacao.guarulhos.sp.gov.br\/wp_site\/semanadobrincar2025\/"},{"@type":"ListItem","position":2,"name":"Dia 26"}]},{"@type":"WebSite","@id":"https:\/\/portaleducacao.guarulhos.sp.gov.br\/wp_site\/semanadobrincar2025\/#website","url":"https:\/\/portaleducacao.guarulhos.sp.gov.br\/wp_site\/semanadobrincar2025\/","name":"semana do brincar","description":"S\u00f3 mais um site Portal SE Informe","potentialAction":[{"@type":"SearchAction","target":{"@type":"EntryPoint","urlTemplate":"https:\/\/portaleducacao.guarulhos.sp.gov.br\/wp_site\/semanadobrincar2025\/?s={search_term_string}"},"query-input":"required name=search_term_string"}],"inLanguage":"pt-BR"},{"@type":"Person","@id":"https:\/\/portaleducacao.guarulhos.sp.gov.br\/wp_site\/semanadobrincar2025\/#\/schema\/person\/1e6f253ac148bf2e1afbc55205e45b3c","name":"talitasds","image":{"@type":"ImageObject","inLanguage":"pt-BR","@id":"https:\/\/portaleducacao.guarulhos.sp.gov.br\/wp_site\/semanadobrincar2025\/#\/schema\/person\/image\/","url":"https:\/\/secure.gravatar.com\/avatar\/b3afe9b1393d5877d6ff7604eff566dd?s=96&d=mm&r=g","contentUrl":"https:\/\/secure.gravatar.com\/avatar\/b3afe9b1393d5877d6ff7604eff566dd?s=96&d=mm&r=g","caption":"talitasds"},"url":"https:\/\/portaleducacao.guarulhos.sp.gov.br\/wp_site\/semanadobrincar2025\/author\/talitasds\/"}]}},"_links":{"self":[{"href":"https:\/\/portaleducacao.guarulhos.sp.gov.br\/wp_site\/semanadobrincar2025\/wp-json\/wp\/v2\/posts\/801"}],"collection":[{"href":"https:\/\/portaleducacao.guarulhos.sp.gov.br\/wp_site\/semanadobrincar2025\/wp-json\/wp\/v2\/posts"}],"about":[{"href":"https:\/\/portaleducacao.guarulhos.sp.gov.br\/wp_site\/semanadobrincar2025\/wp-json\/wp\/v2\/types\/post"}],"author":[{"embeddable":true,"href":"https:\/\/portaleducacao.guarulhos.sp.gov.br\/wp_site\/semanadobrincar2025\/wp-json\/wp\/v2\/users\/32"}],"replies":[{"embeddable":true,"href":"https:\/\/portaleducacao.guarulhos.sp.gov.br\/wp_site\/semanadobrincar2025\/wp-json\/wp\/v2\/comments?post=801"}],"version-history":[{"count":1,"href":"https:\/\/portaleducacao.guarulhos.sp.gov.br\/wp_site\/semanadobrincar2025\/wp-json\/wp\/v2\/posts\/801\/revisions"}],"predecessor-version":[{"id":802,"href":"https:\/\/portaleducacao.guarulhos.sp.gov.br\/wp_site\/semanadobrincar2025\/wp-json\/wp\/v2\/posts\/801\/revisions\/802"}],"wp:featuredmedia":[{"embeddable":true,"href":"https:\/\/portaleducacao.guarulhos.sp.gov.br\/wp_site\/semanadobrincar2025\/wp-json\/wp\/v2\/media\/257"}],"wp:attachment":[{"href":"https:\/\/portaleducacao.guarulhos.sp.gov.br\/wp_site\/semanadobrincar2025\/wp-json\/wp\/v2\/media?parent=801"}],"wp:term":[{"taxonomy":"category","embeddable":true,"href":"https:\/\/portaleducacao.guarulhos.sp.gov.br\/wp_site\/semanadobrincar2025\/wp-json\/wp\/v2\/categories?post=801"},{"taxonomy":"post_tag","embeddable":true,"href":"https:\/\/portaleducacao.guarulhos.sp.gov.br\/wp_site\/semanadobrincar2025\/wp-json\/wp\/v2\/tags?post=801"}],"curies":[{"name":"wp","href":"https:\/\/api.w.org\/{rel}","templated":true}]}}