{"id":803,"date":"2025-05-28T11:00:15","date_gmt":"2025-05-28T14:00:15","guid":{"rendered":"https:\/\/portaleducacao.guarulhos.sp.gov.br\/wp_site\/semanadobrincar2025\/?p=803"},"modified":"2025-05-28T11:00:17","modified_gmt":"2025-05-28T14:00:17","slug":"dia-27-2","status":"publish","type":"post","link":"https:\/\/portaleducacao.guarulhos.sp.gov.br\/wp_site\/semanadobrincar2025\/2025\/05\/28\/dia-27-2\/","title":{"rendered":"Dia 27"},"content":{"rendered":"\n<p><strong>Local da Atividade: <\/strong>EPG JOCYMARA DE FALCHI JORGE<\/p>\n\n\n\n<p><strong>Data da Atividade:<\/strong> 27\/05\/2025<\/p>\n\n\n\n<p><strong>Descri\u00e7\u00e3o:<\/strong> Brincadeiras de roda: Vivenciar uma roda cantada e identificar o multiculturalismo e a diversidade cultural presentes na brincadeira. Brincadeiras: Corre cotia, a canoa virou, ciranda cirandinha, roda africana, yapo.<\/p>\n\n\n\n<p><strong>Hor\u00e1rio: <\/strong>8h \u00e0s 9h e das 10h \u00e0s 11h30min<\/p>\n\n\n\n<p><strong>P\u00fablico alvo:<\/strong>&nbsp; Somente para os educandos<\/p>\n\n\n\n<p>&#8212;&#8212;&#8212;&#8212;&#8212;&#8212;&#8212;&#8212;&#8212;&#8212;&#8212;&#8212;&#8212;&#8212;&#8212;&#8212;&#8212;&#8212;&#8212;&#8212;&#8212;&#8212;&#8212;&#8212;&#8212;&#8212;&#8212;&#8212;&#8212;&#8212;&#8212;&#8212;&#8212;&#8212;&#8212;&#8212;&#8212;&#8212;&#8212;&#8212;&#8212;&#8212;<\/p>\n\n\n\n<p><strong>Local da Atividade: <\/strong>EPG MANOEL DE PAIVA, PADRE<\/p>\n\n\n\n<p><strong>Data da Atividade:<\/strong> 27\/05\/2025<\/p>\n\n\n\n<p><strong>Descri\u00e7\u00e3o:<\/strong> Atividade: Resgate das Brincadeiras Antigas Objetivo: Valorizar a mem\u00f3ria cultural das brincadeiras infantis, promovendo integra\u00e7\u00e3o entre as turmas e incentivando a socializa\u00e7\u00e3o atrav\u00e9s do brincar.&nbsp; Etapas da Atividade: Entrevistas e Registro (Todo o m\u00eas de maio)&nbsp; Cada aluno entrevista pais, av\u00f3s ou familiares mais velhos sobre brincadeiras que marcaram sua inf\u00e2ncia.&nbsp; Com base nas entrevistas, os alunos escrevem recontos de mem\u00f3ria, detalhando como eram essas brincadeiras e por que eram especiais.&nbsp; Exposi\u00e7\u00e3o dos relatos em murais pela escola ou em um livro coletivo da turma.&nbsp; Divis\u00e3o em Grupos (Antes da semana de brincadeiras)&nbsp; A turma \u00e9 dividida em 5 grupos, cada um respons\u00e1vel por escolher e organizar brincadeiras relacionadas \u00e0s mem\u00f3rias coletadas.&nbsp; Os alunos pesquisam regras, materiais necess\u00e1rios e formas de adapta\u00e7\u00e3o para os colegas.&nbsp; Semana Mundial do Brincar (26 a 30 de maio)&nbsp; Cada grupo conduz as brincadeiras selecionadas com alunos de outras turmas.&nbsp; As atividades podem ocorrer no p\u00e1tio, na quadra ou em sala adaptada.&nbsp; Incentivo \u00e0 troca de experi\u00eancias entre diferentes idades e ao aprendizado coletivo.&nbsp; Reflex\u00e3o e Encerramento&nbsp; Os alunos compartilham percep\u00e7\u00f5es sobre as brincadeiras e como foi a intera\u00e7\u00e3o com as outras turmas.&nbsp; Poss\u00edvel produ\u00e7\u00e3o de um mural com fotos das atividades e depoimentos.&nbsp; Essa din\u00e2mica vai ajudar as crian\u00e7as a perceberem a import\u00e2ncia do brincar e a valorizarem a cultura infantil ao longo das gera\u00e7\u00f5es. O que acha? Podemos ajustar algo para encaixar melhor \u00e0 sua realidade!<\/p>\n\n\n\n<p><strong>Hor\u00e1rio: <\/strong>14:00<\/p>\n\n\n\n<p><strong>P\u00fablico alvo:<\/strong>&nbsp; Para educadores\/educadoras<\/p>\n\n\n\n<p>&#8212;&#8212;&#8212;&#8212;&#8212;&#8212;&#8212;&#8212;&#8212;&#8212;&#8212;&#8212;&#8212;&#8212;&#8212;&#8212;&#8212;&#8212;&#8212;&#8212;&#8212;&#8212;&#8212;&#8212;&#8212;&#8212;&#8212;&#8212;&#8212;&#8212;&#8212;&#8212;&#8212;&#8212;&#8212;&#8212;&#8212;&#8212;&#8212;&#8212;&#8212;&#8212;<\/p>\n\n\n\n<p><strong>Local da Atividade: <\/strong>EPG \u00c9RICO VER\u00cdSSIMO<\/p>\n\n\n\n<p><strong>Data da Atividade:<\/strong> 27\/05\/2025<\/p>\n\n\n\n<p><strong>Descri\u00e7\u00e3o:<\/strong> AMARELINHA<\/p>\n\n\n\n<p><strong>Hor\u00e1rio: <\/strong>DAS 8H AS 9H<\/p>\n\n\n\n<p><strong>P\u00fablico alvo:<\/strong>&nbsp; Somente para os educandos<\/p>\n\n\n\n<p>&#8212;&#8212;&#8212;&#8212;&#8212;&#8212;&#8212;&#8212;&#8212;&#8212;&#8212;&#8212;&#8212;&#8212;&#8212;&#8212;&#8212;&#8212;&#8212;&#8212;&#8212;&#8212;&#8212;&#8212;&#8212;&#8212;&#8212;&#8212;&#8212;&#8212;&#8212;&#8212;&#8212;&#8212;&#8212;&#8212;&#8212;&#8212;&#8212;&#8212;&#8212;&#8212;<\/p>\n\n\n\n<p><strong>Local da Atividade: <\/strong>EPG PAULO AUTRAN<\/p>\n\n\n\n<p><strong>Data da Atividade:<\/strong> 27\/05\/2025<\/p>\n\n\n\n<p><strong>Descri\u00e7\u00e3o:<\/strong> Puxa bambol\u00ea e jogo da velha (no p\u00e1tio).<\/p>\n\n\n\n<p><strong>Hor\u00e1rio: <\/strong>14h30<\/p>\n\n\n\n<p><strong>P\u00fablico alvo:<\/strong>&nbsp; Somente para os educandos<\/p>\n\n\n\n<p>&#8212;&#8212;&#8212;&#8212;&#8212;&#8212;&#8212;&#8212;&#8212;&#8212;&#8212;&#8212;&#8212;&#8212;&#8212;&#8212;&#8212;&#8212;&#8212;&#8212;&#8212;&#8212;&#8212;&#8212;&#8212;&#8212;&#8212;&#8212;&#8212;&#8212;&#8212;&#8212;&#8212;&#8212;&#8212;&#8212;&#8212;&#8212;&#8212;&#8212;&#8212;&#8212;<\/p>\n\n\n\n<p><strong>Local da Atividade: <\/strong>EPG NAZIRA ABBUD ZANARDI<\/p>\n\n\n\n<p><strong>Data da Atividade:<\/strong> 27\/05\/2025<\/p>\n\n\n\n<p><strong>Descri\u00e7\u00e3o:<\/strong> Ser\u00e3o realizadas uma sequ\u00eancia de brincadeiras de roda cantada: &#8220;Se eu fosse um peixinho, Ciranda, cirandinha&#8221;,&nbsp; pelas turmas dos est\u00e1gios e maternal.<\/p>\n\n\n\n<p><strong>Hor\u00e1rio: <\/strong>a partir das 8h e a partir das 14h<\/p>\n\n\n\n<p><strong>P\u00fablico alvo:<\/strong>&nbsp; Somente para os educandos<\/p>\n\n\n\n<p>&#8212;&#8212;&#8212;&#8212;&#8212;&#8212;&#8212;&#8212;&#8212;&#8212;&#8212;&#8212;&#8212;&#8212;&#8212;&#8212;&#8212;&#8212;&#8212;&#8212;&#8212;&#8212;&#8212;&#8212;&#8212;&#8212;&#8212;&#8212;&#8212;&#8212;&#8212;&#8212;&#8212;&#8212;&#8212;&#8212;&#8212;&#8212;&#8212;&#8212;&#8212;&#8212;<\/p>\n\n\n\n<p><strong>Local da Atividade: <\/strong>EPG D&#8217;ALMEIDA BARBOSA<\/p>\n\n\n\n<p><strong>Data da Atividade:<\/strong> 27\/05\/2025<\/p>\n\n\n\n<p><strong>Descri\u00e7\u00e3o:<\/strong> Neste dia, ap\u00f3s ter feito no dia 20 a forma\u00e7\u00e3o sobre o brincar, realizei com as professoras no p\u00e1tio algumas brincadeiras tradicionais da regi\u00e3o Nordeste, que est\u00e1 no nosso projeto de xenofobia e aporofobia. Mostrando que mesmo sem intencionalidade para crian\u00e7a, estar\u00e3o aprendendo.<\/p>\n\n\n\n<p><strong>Hor\u00e1rio: <\/strong>12h \u00e0s 13h<\/p>\n\n\n\n<p><strong>P\u00fablico alvo:<\/strong>&nbsp; Para educadores\/educadoras<\/p>\n\n\n\n<p>&#8212;&#8212;&#8212;&#8212;&#8212;&#8212;&#8212;&#8212;&#8212;&#8212;&#8212;&#8212;&#8212;&#8212;&#8212;&#8212;&#8212;&#8212;&#8212;&#8212;&#8212;&#8212;&#8212;&#8212;&#8212;&#8212;&#8212;&#8212;&#8212;&#8212;&#8212;&#8212;&#8212;&#8212;&#8212;&#8212;&#8212;&#8212;&#8212;&#8212;&#8212;&#8212;<\/p>\n\n\n\n<p><strong>Local da Atividade: <\/strong>EPG PERSEU ABRAMO<\/p>\n\n\n\n<p><strong>Data da Atividade:<\/strong> 27\/05\/2025<\/p>\n\n\n\n<p><strong>Descri\u00e7\u00e3o:<\/strong> 2\u00aa Brncadeiras antigas, 3\u00aa Just dance, 4\u00aa Baile dos personagens, 5\u00aa Esta\u00e7\u00e3o de jogos, 6\u00aa socializa\u00e7\u00e3o do brinquedo preferido<\/p>\n\n\n\n<p><strong>Hor\u00e1rio: <\/strong>Sem hor\u00e1rio fixo<\/p>\n\n\n\n<p><strong>P\u00fablico alvo:<\/strong>&nbsp; Somente para os educandos<\/p>\n\n\n\n<p>&#8212;&#8212;&#8212;&#8212;&#8212;&#8212;&#8212;&#8212;&#8212;&#8212;&#8212;&#8212;&#8212;&#8212;&#8212;&#8212;&#8212;&#8212;&#8212;&#8212;&#8212;&#8212;&#8212;&#8212;&#8212;&#8212;&#8212;&#8212;&#8212;&#8212;&#8212;&#8212;&#8212;&#8212;&#8212;&#8212;&#8212;&#8212;&#8212;&#8212;&#8212;&#8212;<\/p>\n\n\n\n<p><strong>Local da Atividade: <\/strong>EPG PERSEU ABRAMO<\/p>\n\n\n\n<p><strong>Data da Atividade:<\/strong> 27\/05\/2025<\/p>\n\n\n\n<p><strong>Descri\u00e7\u00e3o:<\/strong> resgate de brincadeiras, constru\u00e7\u00e3o de brinquedos com sucata, jogos<\/p>\n\n\n\n<p><strong>Hor\u00e1rio: <\/strong>sem hor\u00e1rio fixo<\/p>\n\n\n\n<p><strong>P\u00fablico alvo:<\/strong>&nbsp; Somente para os educandos<\/p>\n\n\n\n<p>&#8212;&#8212;&#8212;&#8212;&#8212;&#8212;&#8212;&#8212;&#8212;&#8212;&#8212;&#8212;&#8212;&#8212;&#8212;&#8212;&#8212;&#8212;&#8212;&#8212;&#8212;&#8212;&#8212;&#8212;&#8212;&#8212;&#8212;&#8212;&#8212;&#8212;&#8212;&#8212;&#8212;&#8212;&#8212;&#8212;&#8212;&#8212;&#8212;&#8212;&#8212;&#8212;<\/p>\n\n\n\n<p><strong>Local da Atividade: <\/strong>EPG ANSELMO DUARTE<\/p>\n\n\n\n<p><strong>Data da Atividade:<\/strong> 27\/05\/2025<\/p>\n\n\n\n<p><strong>Descri\u00e7\u00e3o:<\/strong> Os educandos ir\u00e3o brincar de m\u00edmica<\/p>\n\n\n\n<p><strong>Hor\u00e1rio: <\/strong>10h<\/p>\n\n\n\n<p><strong>P\u00fablico alvo:<\/strong>&nbsp; Somente para os educandos<\/p>\n\n\n\n<p>&#8212;&#8212;&#8212;&#8212;&#8212;&#8212;&#8212;&#8212;&#8212;&#8212;&#8212;&#8212;&#8212;&#8212;&#8212;&#8212;&#8212;&#8212;&#8212;&#8212;&#8212;&#8212;&#8212;&#8212;&#8212;&#8212;&#8212;&#8212;&#8212;&#8212;&#8212;&#8212;&#8212;&#8212;&#8212;&#8212;&#8212;&#8212;&#8212;&#8212;&#8212;&#8212;<\/p>\n\n\n\n<p><strong>Local da Atividade: <\/strong>EPG ANSELMO DUARTE<\/p>\n\n\n\n<p><strong>Data da Atividade:<\/strong> 27\/05\/2025<\/p>\n\n\n\n<p><strong>Descri\u00e7\u00e3o:<\/strong> Os educandos ir\u00e3o participar de brincadeiras de roda no p\u00e1tio<\/p>\n\n\n\n<p><strong>Hor\u00e1rio: <\/strong>9h<\/p>\n\n\n\n<p><strong>P\u00fablico alvo:<\/strong>&nbsp; Somente para os educandos<\/p>\n\n\n\n<p>&#8212;&#8212;&#8212;&#8212;&#8212;&#8212;&#8212;&#8212;&#8212;&#8212;&#8212;&#8212;&#8212;&#8212;&#8212;&#8212;&#8212;&#8212;&#8212;&#8212;&#8212;&#8212;&#8212;&#8212;&#8212;&#8212;&#8212;&#8212;&#8212;&#8212;&#8212;&#8212;&#8212;&#8212;&#8212;&#8212;&#8212;&#8212;&#8212;&#8212;&#8212;&#8212;<\/p>\n\n\n\n<p><strong>Local da Atividade: <\/strong>EPG \u00c9RICO VER\u00cdSSIMO<\/p>\n\n\n\n<p><strong>Data da Atividade:<\/strong> 27\/05\/2025<\/p>\n\n\n\n<p><strong>Descri\u00e7\u00e3o:<\/strong> BINCADEIRAS AO AR LIVRE, PATO E GANSO, CORRIDA COM COLHER E BOLA AO CESTO<\/p>\n\n\n\n<p><strong>Hor\u00e1rio: <\/strong>DAS 8H AS 10H E DAS 14H AS 16H<\/p>\n\n\n\n<p><strong>P\u00fablico alvo:<\/strong>&nbsp; Somente para os educandos<\/p>\n\n\n\n<p>&#8212;&#8212;&#8212;&#8212;&#8212;&#8212;&#8212;&#8212;&#8212;&#8212;&#8212;&#8212;&#8212;&#8212;&#8212;&#8212;&#8212;&#8212;&#8212;&#8212;&#8212;&#8212;&#8212;&#8212;&#8212;&#8212;&#8212;&#8212;&#8212;&#8212;&#8212;&#8212;&#8212;&#8212;&#8212;&#8212;&#8212;&#8212;&#8212;&#8212;&#8212;&#8212;<\/p>\n\n\n\n<p><strong>Local da Atividade: <\/strong>EPG RAUL CORTEZ<\/p>\n\n\n\n<p><strong>Data da Atividade:<\/strong> 27\/05\/2025<\/p>\n\n\n\n<p><strong>Descri\u00e7\u00e3o:<\/strong> BOLHAS DE SAB\u00c3O<\/p>\n\n\n\n<p><strong>Hor\u00e1rio: <\/strong>15h<\/p>\n\n\n\n<p><strong>P\u00fablico alvo:<\/strong>&nbsp; Somente para os educandos<\/p>\n\n\n\n<p>&#8212;&#8212;&#8212;&#8212;&#8212;&#8212;&#8212;&#8212;&#8212;&#8212;&#8212;&#8212;&#8212;&#8212;&#8212;&#8212;&#8212;&#8212;&#8212;&#8212;&#8212;&#8212;&#8212;&#8212;&#8212;&#8212;&#8212;&#8212;&#8212;&#8212;&#8212;&#8212;&#8212;&#8212;&#8212;&#8212;&#8212;&#8212;&#8212;&#8212;&#8212;&#8212;<\/p>\n\n\n\n<p><strong>Local da Atividade: <\/strong>EPG ANT\u00d4NIO GON\u00c7ALVES DIAS<\/p>\n\n\n\n<p><strong>Data da Atividade:<\/strong> 27\/05\/2025<\/p>\n\n\n\n<p><strong>Descri\u00e7\u00e3o:<\/strong> Todas salas ir\u00e3o realizar brincadeiras africanas e ind\u00edgenas<\/p>\n\n\n\n<p><strong>Hor\u00e1rio: <\/strong>Entre 1h45<\/p>\n\n\n\n<p><strong>P\u00fablico alvo:<\/strong>&nbsp; Somente para os educandos<\/p>\n\n\n\n<p>&#8212;&#8212;&#8212;&#8212;&#8212;&#8212;&#8212;&#8212;&#8212;&#8212;&#8212;&#8212;&#8212;&#8212;&#8212;&#8212;&#8212;&#8212;&#8212;&#8212;&#8212;&#8212;&#8212;&#8212;&#8212;&#8212;&#8212;&#8212;&#8212;&#8212;&#8212;&#8212;&#8212;&#8212;&#8212;&#8212;&#8212;&#8212;&#8212;&#8212;&#8212;&#8212;<\/p>\n\n\n\n<p><strong>Local da Atividade: <\/strong>EPG D&#8217;ALMEIDA BARBOSA<\/p>\n\n\n\n<p><strong>Data da Atividade:<\/strong> 27\/05\/2025<\/p>\n\n\n\n<p><strong>Descri\u00e7\u00e3o:<\/strong> Essa ativida, para os segundos anos acontecer\u00e1 todos os dias da semana. As professoras far\u00e3o uma an\u00e1lise e o planejamento dos jogos de alfabetiza\u00e7\u00e3o que ser\u00e3o usados. Esses jogos est\u00e3o na plataforma curr\u00edculo. J\u00e1 os terceiros anos no dia 27\/05 ir\u00e3o usar um ou dois jogos matem\u00e1ticos de escolhe da sala para brincarem. Finalizando, os quartos e quintos anos ir\u00e3o jogar o jogo dos sufixos , presente na plataforma curr\u00edculo no dia 27\/05<\/p>\n\n\n\n<p><strong>Hor\u00e1rio: <\/strong>8h \u00e0s 11hh30min<\/p>\n\n\n\n<p><strong>P\u00fablico alvo:<\/strong>&nbsp; Somente para os educandos<\/p>\n\n\n\n<p>&#8212;&#8212;&#8212;&#8212;&#8212;&#8212;&#8212;&#8212;&#8212;&#8212;&#8212;&#8212;&#8212;&#8212;&#8212;&#8212;&#8212;&#8212;&#8212;&#8212;&#8212;&#8212;&#8212;&#8212;&#8212;&#8212;&#8212;&#8212;&#8212;&#8212;&#8212;&#8212;&#8212;&#8212;&#8212;&#8212;&#8212;&#8212;&#8212;&#8212;&#8212;&#8212;<\/p>\n\n\n\n<p><strong>Local da Atividade: <\/strong>EPG D&#8217;ALMEIDA BARBOSA<\/p>\n\n\n\n<p><strong>Data da Atividade:<\/strong> 27\/05\/2025<\/p>\n\n\n\n<p><strong>Descri\u00e7\u00e3o:<\/strong> Em hora atividade irei fazer brincadeiras da regi\u00e3o nordeste com as professoras e funcion\u00e1rios. As brincadeiras ajudar\u00e3o as crian\u00e7as a perceberem as diferen\u00e7as culturais, os diferentes modos de vida. Tudo isso est\u00e1 sendo trabalhado em nosso projeto sobre xenofobia e aporofobia na regi\u00e3o nordeste.<\/p>\n\n\n\n<p><strong>Hor\u00e1rio: <\/strong>12h \u00e0s 13h<\/p>\n\n\n\n<p><strong>P\u00fablico alvo:<\/strong>&nbsp; Para educadores\/educadoras<\/p>\n\n\n\n<p>&#8212;&#8212;&#8212;&#8212;&#8212;&#8212;&#8212;&#8212;&#8212;&#8212;&#8212;&#8212;&#8212;&#8212;&#8212;&#8212;&#8212;&#8212;&#8212;&#8212;&#8212;&#8212;&#8212;&#8212;&#8212;&#8212;&#8212;&#8212;&#8212;&#8212;&#8212;&#8212;&#8212;&#8212;&#8212;&#8212;&#8212;&#8212;&#8212;&#8212;&#8212;&#8212;<\/p>\n\n\n\n<p><strong>Local da Atividade: <\/strong>EPG INEZ RIZZATTO RODRIGUES<\/p>\n\n\n\n<p><strong>Data da Atividade:<\/strong> 27\/05\/2025<\/p>\n\n\n\n<p><strong>Descri\u00e7\u00e3o:<\/strong> O Grupo In\u00eaz Rizzatto Rodrigues promover\u00e1 uma Semana de Atividades com as Fam\u00edlias, com o objetivo de criar oportunidades para que pais e respons\u00e1veis redescubram o prazer de brincar com seus filhos, desconectando-se das telas e se reconectando por meio de viv\u00eancias simples, acess\u00edveis e significativas. Durante essa semana, todos os professores desenvolver\u00e3o atividades nos espa\u00e7os externos da escola, resgatando brincadeiras tradicionais que fizeram parte da inf\u00e2ncia de muitas gera\u00e7\u00f5es. Essas pr\u00e1ticas l\u00fadicas incentivam o movimento, a intera\u00e7\u00e3o social e o fortalecimento dos la\u00e7os afetivos entre fam\u00edlia e crian\u00e7a. Acreditamos que o resgate dessas brincadeiras contribuir\u00e1 para a constru\u00e7\u00e3o de uma inf\u00e2ncia mais saud\u00e1vel, ativa e feliz, al\u00e9m de refor\u00e7ar o papel fundamental da fam\u00edlia no desenvolvimento integral dos educandos.<\/p>\n\n\n\n<p><strong>Hor\u00e1rio: <\/strong>10h e 16h<\/p>\n\n\n\n<p><strong>P\u00fablico alvo:<\/strong>&nbsp; Restrita aos educandos e fam\u00edlias dos educandos da unidade escolar<\/p>\n\n\n\n<p>&#8212;&#8212;&#8212;&#8212;&#8212;&#8212;&#8212;&#8212;&#8212;&#8212;&#8212;&#8212;&#8212;&#8212;&#8212;&#8212;&#8212;&#8212;&#8212;&#8212;&#8212;&#8212;&#8212;&#8212;&#8212;&#8212;&#8212;&#8212;&#8212;&#8212;&#8212;&#8212;&#8212;&#8212;&#8212;&#8212;&#8212;&#8212;&#8212;&#8212;&#8212;&#8212;<\/p>\n\n\n\n<p><strong>Local da Atividade: <\/strong>EPG DALVA MARINA RONCHI MINGOSSI, PROFESSORA<\/p>\n\n\n\n<p><strong>Data da Atividade:<\/strong> 27\/05\/2025<\/p>\n\n\n\n<p><strong>Descri\u00e7\u00e3o:<\/strong> Gincana entre turmas<\/p>\n\n\n\n<p><strong>Hor\u00e1rio: <\/strong>9h e 15h<\/p>\n\n\n\n<p><strong>P\u00fablico alvo:<\/strong>&nbsp; Somente para os educandos<\/p>\n\n\n\n<p>&#8212;&#8212;&#8212;&#8212;&#8212;&#8212;&#8212;&#8212;&#8212;&#8212;&#8212;&#8212;&#8212;&#8212;&#8212;&#8212;&#8212;&#8212;&#8212;&#8212;&#8212;&#8212;&#8212;&#8212;&#8212;&#8212;&#8212;&#8212;&#8212;&#8212;&#8212;&#8212;&#8212;&#8212;&#8212;&#8212;&#8212;&#8212;&#8212;&#8212;&#8212;&#8212;<\/p>\n\n\n\n<p><strong>Local da Atividade: <\/strong>EPG GRACIRA MARCHESI TRAMA, PROFESSORA<\/p>\n\n\n\n<p><strong>Data da Atividade:<\/strong> 27\/05\/2025<\/p>\n\n\n\n<p><strong>Descri\u00e7\u00e3o:<\/strong> Oficina criativa: momento de cria\u00e7\u00e3o de pinturas, desenhos, confec\u00e7\u00e3o de massa de modelar e modelagens.<\/p>\n\n\n\n<p><strong>Hor\u00e1rio: <\/strong>12h00<\/p>\n\n\n\n<p><strong>P\u00fablico alvo:<\/strong>&nbsp; Para educadores\/educadoras<\/p>\n\n\n\n<p>&#8212;&#8212;&#8212;&#8212;&#8212;&#8212;&#8212;&#8212;&#8212;&#8212;&#8212;&#8212;&#8212;&#8212;&#8212;&#8212;&#8212;&#8212;&#8212;&#8212;&#8212;&#8212;&#8212;&#8212;&#8212;&#8212;&#8212;&#8212;&#8212;&#8212;&#8212;&#8212;&#8212;&#8212;&#8212;&#8212;&#8212;&#8212;&#8212;&#8212;&#8212;&#8212;<\/p>\n\n\n\n<p><strong>Local da Atividade: <\/strong>EPG AMADOR BUENO<\/p>\n\n\n\n<p><strong>Data da Atividade:<\/strong> 27\/05\/2025<\/p>\n\n\n\n<p><strong>Descri\u00e7\u00e3o:<\/strong> 1\u00bas anos &#8211; Dan\u00e7a das cadeiras, Corre Cutia 2\u00bas anos &#8211; Lencinho branco\/Dan\u00e7a das cadeiras 3\u00ba ano &#8211; Jogos variados na sala de aula 4\u00ba ano &#8211; Jogos variados na sala de aula 5\u00ba ano &#8211; Cabo de guerra, Brincadeira das cadeiras com desafio (sem cadeira responde uma pergunta)<\/p>\n\n\n\n<p><strong>Hor\u00e1rio: <\/strong>Hor\u00e1rios previstos: 8h00 \u00e0s 9h00 (manh\u00e3) \/ 14h30 \u00e0s 15h30 (tarde).<\/p>\n\n\n\n<p><strong>P\u00fablico alvo:<\/strong>&nbsp; Somente para os educandos<\/p>\n\n\n\n<p>&#8212;&#8212;&#8212;&#8212;&#8212;&#8212;&#8212;&#8212;&#8212;&#8212;&#8212;&#8212;&#8212;&#8212;&#8212;&#8212;&#8212;&#8212;&#8212;&#8212;&#8212;&#8212;&#8212;&#8212;&#8212;&#8212;&#8212;&#8212;&#8212;&#8212;&#8212;&#8212;&#8212;&#8212;&#8212;&#8212;&#8212;&#8212;&#8212;&#8212;&#8212;&#8212;<\/p>\n\n\n\n<p><strong>Local da Atividade: <\/strong>EPG EVANIRA VIEIRA ROM\u00c3O<\/p>\n\n\n\n<p><strong>Data da Atividade:<\/strong> 27\/05\/2025<\/p>\n\n\n\n<p><strong>Descri\u00e7\u00e3o:<\/strong> RESGATE DE BRINCADEIRAS NO PARQUE<\/p>\n\n\n\n<p><strong>Hor\u00e1rio: <\/strong>8H30 \u00c0S 16H50<\/p>\n\n\n\n<p><strong>P\u00fablico alvo:<\/strong>&nbsp; Restrita aos educandos e fam\u00edlias dos educandos da unidade escolar<\/p>\n\n\n\n<p>&#8212;&#8212;&#8212;&#8212;&#8212;&#8212;&#8212;&#8212;&#8212;&#8212;&#8212;&#8212;&#8212;&#8212;&#8212;&#8212;&#8212;&#8212;&#8212;&#8212;&#8212;&#8212;&#8212;&#8212;&#8212;&#8212;&#8212;&#8212;&#8212;&#8212;&#8212;&#8212;&#8212;&#8212;&#8212;&#8212;&#8212;&#8212;&#8212;&#8212;&#8212;&#8212;<\/p>\n\n\n\n<p><strong>Local da Atividade: <\/strong>EPG ALFREDO VOLPI<\/p>\n\n\n\n<p><strong>Data da Atividade:<\/strong> 27\/05\/2025<\/p>\n\n\n\n<p><strong>Descri\u00e7\u00e3o:<\/strong> Resgate de brincadeira tradicional: Batata-quente e amarelinha, proporcionando a intera\u00e7\u00e3o e o movimento, fugindo das telas e das sala fechadas.<\/p>\n\n\n\n<p><strong>Hor\u00e1rio: <\/strong>Entre 8h e 10h<\/p>\n\n\n\n<p><strong>P\u00fablico alvo:<\/strong>&nbsp; Somente para os educandos<\/p>\n\n\n\n<p>&#8212;&#8212;&#8212;&#8212;&#8212;&#8212;&#8212;&#8212;&#8212;&#8212;&#8212;&#8212;&#8212;&#8212;&#8212;&#8212;&#8212;&#8212;&#8212;&#8212;&#8212;&#8212;&#8212;&#8212;&#8212;&#8212;&#8212;&#8212;&#8212;&#8212;&#8212;&#8212;&#8212;&#8212;&#8212;&#8212;&#8212;&#8212;&#8212;&#8212;&#8212;&#8212;<\/p>\n\n\n\n<p><strong>Local da Atividade: <\/strong>EPG DARCY RIBEIRO<\/p>\n\n\n\n<p><strong>Data da Atividade:<\/strong> 27\/05\/2025<\/p>\n\n\n\n<p><strong>Descri\u00e7\u00e3o:<\/strong> A professora vai realizar diferentes atividades ao longo da semana.<\/p>\n\n\n\n<p><strong>Hor\u00e1rio: <\/strong>9h<\/p>\n\n\n\n<p><strong>P\u00fablico alvo:<\/strong>&nbsp; Somente para os educandos<\/p>\n\n\n\n<p>&#8212;&#8212;&#8212;&#8212;&#8212;&#8212;&#8212;&#8212;&#8212;&#8212;&#8212;&#8212;&#8212;&#8212;&#8212;&#8212;&#8212;&#8212;&#8212;&#8212;&#8212;&#8212;&#8212;&#8212;&#8212;&#8212;&#8212;&#8212;&#8212;&#8212;&#8212;&#8212;&#8212;&#8212;&#8212;&#8212;&#8212;&#8212;&#8212;&#8212;&#8212;&#8212;<\/p>\n\n\n\n<p><strong>Local da Atividade: <\/strong>EPG HAMILTON F\u00c9LIX DE SOUZA<\/p>\n\n\n\n<p><strong>Data da Atividade:<\/strong> 27\/05\/2025<\/p>\n\n\n\n<p><strong>Descri\u00e7\u00e3o:<\/strong> Bingo Ecol\u00f3gico<\/p>\n\n\n\n<p><strong>Hor\u00e1rio: <\/strong>19h30<\/p>\n\n\n\n<p><strong>P\u00fablico alvo:<\/strong>&nbsp; Somente para os educandos<\/p>\n\n\n\n<p>&#8212;&#8212;&#8212;&#8212;&#8212;&#8212;&#8212;&#8212;&#8212;&#8212;&#8212;&#8212;&#8212;&#8212;&#8212;&#8212;&#8212;&#8212;&#8212;&#8212;&#8212;&#8212;&#8212;&#8212;&#8212;&#8212;&#8212;&#8212;&#8212;&#8212;&#8212;&#8212;&#8212;&#8212;&#8212;&#8212;&#8212;&#8212;&#8212;&#8212;&#8212;&#8212;<\/p>\n\n\n\n<p><strong>Local da Atividade: <\/strong>EPG AM\u00c9LIA DUARTE DA SILVA<\/p>\n\n\n\n<p><strong>Data da Atividade:<\/strong> 27\/05\/2025<\/p>\n\n\n\n<p><strong>Descri\u00e7\u00e3o:<\/strong> Parlendas em l\u00edngua inglesa para a pr\u00e1tica de pular corda, sendo que as parlendas retomam saberes trabalhados no 1\u00babimestre.<\/p>\n\n\n\n<p><strong>Hor\u00e1rio: <\/strong>Durante o hor\u00e1rio total do per\u00edodo entre os 4\u00ba e 5\u00ba anos.<\/p>\n\n\n\n<p><strong>P\u00fablico alvo:<\/strong>&nbsp; Somente para os educandos<\/p>\n\n\n\n<p>&#8212;&#8212;&#8212;&#8212;&#8212;&#8212;&#8212;&#8212;&#8212;&#8212;&#8212;&#8212;&#8212;&#8212;&#8212;&#8212;&#8212;&#8212;&#8212;&#8212;&#8212;&#8212;&#8212;&#8212;&#8212;&#8212;&#8212;&#8212;&#8212;&#8212;&#8212;&#8212;&#8212;&#8212;&#8212;&#8212;&#8212;&#8212;&#8212;&#8212;&#8212;&#8212;<\/p>\n\n\n\n<p><strong>Local da Atividade: <\/strong>EPG PIMENTAS<\/p>\n\n\n\n<p><strong>Data da Atividade:<\/strong> 27\/05\/2025<\/p>\n\n\n\n<p><strong>Descri\u00e7\u00e3o:<\/strong> Jogo do el\u00e1stico: duas crian\u00e7as segurando um el\u00e1stico entre as pernas e uma terceira pessoa saltando sobre ele, seguindo a sequ\u00eancia de movimentos que v\u00e3o desde pular dentro e fora do el\u00e1stico at\u00e9 movimentos mais complexos. As regras b\u00e1sicas incluem a progress\u00e3o do el\u00e1stico para cima \u00e0 medida que a pessoa pula com sucesso, e a troca de vez em caso de erro.<\/p>\n\n\n\n<p><strong>Hor\u00e1rio: <\/strong>9h00<\/p>\n\n\n\n<p><strong>P\u00fablico alvo:<\/strong>&nbsp; Para educadores\/educadoras<\/p>\n\n\n\n<p>&#8212;&#8212;&#8212;&#8212;&#8212;&#8212;&#8212;&#8212;&#8212;&#8212;&#8212;&#8212;&#8212;&#8212;&#8212;&#8212;&#8212;&#8212;&#8212;&#8212;&#8212;&#8212;&#8212;&#8212;&#8212;&#8212;&#8212;&#8212;&#8212;&#8212;&#8212;&#8212;&#8212;&#8212;&#8212;&#8212;&#8212;&#8212;&#8212;&#8212;&#8212;&#8212;<\/p>\n\n\n\n<p><strong>Local da Atividade: <\/strong>EPG AM\u00c9LIA DUARTE DA SILVA<\/p>\n\n\n\n<p><strong>Data da Atividade:<\/strong> 27\/05\/2025<\/p>\n\n\n\n<p><strong>Descri\u00e7\u00e3o:<\/strong> Ser\u00e1 confeccionado com os educandos um Bilboqu\u00ea para que seja apresentado e usado com a fam\u00edlia no dia 30\/05\/25<\/p>\n\n\n\n<p><strong>Hor\u00e1rio: <\/strong>Durante o per\u00edodo de aula<\/p>\n\n\n\n<p><strong>P\u00fablico alvo:<\/strong>&nbsp; Restrita aos educandos e fam\u00edlias dos educandos da unidade escolar<\/p>\n\n\n\n<p>&#8212;&#8212;&#8212;&#8212;&#8212;&#8212;&#8212;&#8212;&#8212;&#8212;&#8212;&#8212;&#8212;&#8212;&#8212;&#8212;&#8212;&#8212;&#8212;&#8212;&#8212;&#8212;&#8212;&#8212;&#8212;&#8212;&#8212;&#8212;&#8212;&#8212;&#8212;&#8212;&#8212;&#8212;&#8212;&#8212;&#8212;&#8212;&#8212;&#8212;&#8212;&#8212;<\/p>\n\n\n\n<p><strong>Local da Atividade: <\/strong>EPG PIMENTAS<\/p>\n\n\n\n<p><strong>Data da Atividade:<\/strong> 27\/05\/2025<\/p>\n\n\n\n<p><strong>Descri\u00e7\u00e3o:<\/strong> Peteca: elabora\u00e7\u00e3o de peteca com materiais recicl\u00e1veis (jornais, tecidos, retalhos, barbantes, etc)<\/p>\n\n\n\n<p><strong>Hor\u00e1rio: <\/strong>15h<\/p>\n\n\n\n<p><strong>P\u00fablico alvo:<\/strong>&nbsp; Somente para os educandos<\/p>\n\n\n\n<p>&#8212;&#8212;&#8212;&#8212;&#8212;&#8212;&#8212;&#8212;&#8212;&#8212;&#8212;&#8212;&#8212;&#8212;&#8212;&#8212;&#8212;&#8212;&#8212;&#8212;&#8212;&#8212;&#8212;&#8212;&#8212;&#8212;&#8212;&#8212;&#8212;&#8212;&#8212;&#8212;&#8212;&#8212;&#8212;&#8212;&#8212;&#8212;&#8212;&#8212;&#8212;&#8212;<\/p>\n\n\n\n<p><strong>Local da Atividade: <\/strong>EPG DARCY RIBEIRO<\/p>\n\n\n\n<p><strong>Data da Atividade:<\/strong> 27\/05\/2025<\/p>\n\n\n\n<p><strong>Descri\u00e7\u00e3o:<\/strong> Bingo em Ingl\u00eas &#8211; A atividade consiste na adapta\u00e7\u00e3o do tradicional jogo de bingo, com o objetivo de promover o aprendizado de palavras em ingl\u00eas, no ambiente escolar com a EJA.<\/p>\n\n\n\n<p><strong>Hor\u00e1rio: <\/strong>20h<\/p>\n\n\n\n<p><strong>P\u00fablico alvo:<\/strong>&nbsp; Somente para os educandos<\/p>\n\n\n\n<p>&#8212;&#8212;&#8212;&#8212;&#8212;&#8212;&#8212;&#8212;&#8212;&#8212;&#8212;&#8212;&#8212;&#8212;&#8212;&#8212;&#8212;&#8212;&#8212;&#8212;&#8212;&#8212;&#8212;&#8212;&#8212;&#8212;&#8212;&#8212;&#8212;&#8212;&#8212;&#8212;&#8212;&#8212;&#8212;&#8212;&#8212;&#8212;&#8212;&#8212;&#8212;&#8212;<\/p>\n\n\n\n<p><strong>Local da Atividade: <\/strong>EPG GIANFRANCESCO GUARNIERI<\/p>\n\n\n\n<p><strong>Data da Atividade:<\/strong> 27\/05\/2025<\/p>\n\n\n\n<p><strong>Descri\u00e7\u00e3o:<\/strong> jogar trilha<\/p>\n\n\n\n<p><strong>Hor\u00e1rio: <\/strong>10:30<\/p>\n\n\n\n<p><strong>P\u00fablico alvo:<\/strong>&nbsp; Somente para os educandos<\/p>\n\n\n\n<p>&#8212;&#8212;&#8212;&#8212;&#8212;&#8212;&#8212;&#8212;&#8212;&#8212;&#8212;&#8212;&#8212;&#8212;&#8212;&#8212;&#8212;&#8212;&#8212;&#8212;&#8212;&#8212;&#8212;&#8212;&#8212;&#8212;&#8212;&#8212;&#8212;&#8212;&#8212;&#8212;&#8212;&#8212;&#8212;&#8212;&#8212;&#8212;&#8212;&#8212;&#8212;&#8212;<\/p>\n\n\n\n<p><strong>Local da Atividade: <\/strong>EPG GIANFRANCESCO GUARNIERI<\/p>\n\n\n\n<p><strong>Data da Atividade:<\/strong> 27\/05\/2025<\/p>\n\n\n\n<p><strong>Descri\u00e7\u00e3o:<\/strong> Brincadeiras tradicionais: pular corda (utilizando cantigas populares).<\/p>\n\n\n\n<p><strong>Hor\u00e1rio: <\/strong>16h30min as 17h<\/p>\n\n\n\n<p><strong>P\u00fablico alvo:<\/strong>&nbsp; Somente para os educandos<\/p>\n\n\n\n<p>&#8212;&#8212;&#8212;&#8212;&#8212;&#8212;&#8212;&#8212;&#8212;&#8212;&#8212;&#8212;&#8212;&#8212;&#8212;&#8212;&#8212;&#8212;&#8212;&#8212;&#8212;&#8212;&#8212;&#8212;&#8212;&#8212;&#8212;&#8212;&#8212;&#8212;&#8212;&#8212;&#8212;&#8212;&#8212;&#8212;&#8212;&#8212;&#8212;&#8212;&#8212;&#8212;<\/p>\n\n\n\n<p><strong>Local da Atividade: <\/strong>EPG GIANFRANCESCO GUARNIERI<\/p>\n\n\n\n<p><strong>Data da Atividade:<\/strong> 27\/05\/2025<\/p>\n\n\n\n<p><strong>Descri\u00e7\u00e3o:<\/strong> Confec\u00e7\u00e3o de jogos &#8211; bingo e Uno. Brincar com materiais confeccionados<\/p>\n\n\n\n<p><strong>Hor\u00e1rio: <\/strong>10h as 11h<\/p>\n\n\n\n<p><strong>P\u00fablico alvo:<\/strong>&nbsp; Somente para os educandos<\/p>\n\n\n\n<p>&#8212;&#8212;&#8212;&#8212;&#8212;&#8212;&#8212;&#8212;&#8212;&#8212;&#8212;&#8212;&#8212;&#8212;&#8212;&#8212;&#8212;&#8212;&#8212;&#8212;&#8212;&#8212;&#8212;&#8212;&#8212;&#8212;&#8212;&#8212;&#8212;&#8212;&#8212;&#8212;&#8212;&#8212;&#8212;&#8212;&#8212;&#8212;&#8212;&#8212;&#8212;&#8212;<\/p>\n\n\n\n<p><strong>Local da Atividade: <\/strong>EPG GIANFRANCESCO GUARNIERI<\/p>\n\n\n\n<p><strong>Data da Atividade:<\/strong> 27\/05\/2025<\/p>\n\n\n\n<p><strong>Descri\u00e7\u00e3o:<\/strong> Corrida de saco<\/p>\n\n\n\n<p><strong>Hor\u00e1rio: <\/strong>13 :30 as 15:30<\/p>\n\n\n\n<p><strong>P\u00fablico alvo:<\/strong>&nbsp; Somente para os educandos<\/p>\n\n\n\n<p>&#8212;&#8212;&#8212;&#8212;&#8212;&#8212;&#8212;&#8212;&#8212;&#8212;&#8212;&#8212;&#8212;&#8212;&#8212;&#8212;&#8212;&#8212;&#8212;&#8212;&#8212;&#8212;&#8212;&#8212;&#8212;&#8212;&#8212;&#8212;&#8212;&#8212;&#8212;&#8212;&#8212;&#8212;&#8212;&#8212;&#8212;&#8212;&#8212;&#8212;&#8212;&#8212;<\/p>\n\n\n\n<p><strong>Local da Atividade: <\/strong>EPG GIANFRANCESCO GUARNIERI<\/p>\n\n\n\n<p><strong>Data da Atividade:<\/strong> 27\/05\/2025<\/p>\n\n\n\n<p><strong>Descri\u00e7\u00e3o:<\/strong> Brincadeira &#8211;&nbsp; Gato come rato &#8211; africana<\/p>\n\n\n\n<p><strong>Hor\u00e1rio: <\/strong>7:15 \u00e0s 07:45<\/p>\n\n\n\n<p><strong>P\u00fablico alvo:<\/strong>&nbsp; Somente para os educandos<\/p>\n\n\n\n<p>&#8212;&#8212;&#8212;&#8212;&#8212;&#8212;&#8212;&#8212;&#8212;&#8212;&#8212;&#8212;&#8212;&#8212;&#8212;&#8212;&#8212;&#8212;&#8212;&#8212;&#8212;&#8212;&#8212;&#8212;&#8212;&#8212;&#8212;&#8212;&#8212;&#8212;&#8212;&#8212;&#8212;&#8212;&#8212;&#8212;&#8212;&#8212;&#8212;&#8212;&#8212;&#8212;<\/p>\n\n\n\n<p><strong>Local da Atividade: <\/strong>EPG GIANFRANCESCO GUARNIERI<\/p>\n\n\n\n<p><strong>Data da Atividade:<\/strong> 27\/05\/2025<\/p>\n\n\n\n<p><strong>Descri\u00e7\u00e3o:<\/strong> CORRIDA DE SACO<\/p>\n\n\n\n<p><strong>Hor\u00e1rio: <\/strong>Das 13:30 \u00e0s 15:30<\/p>\n\n\n\n<p><strong>P\u00fablico alvo:<\/strong>&nbsp; Somente para os educandos<\/p>\n\n\n\n<p>&#8212;&#8212;&#8212;&#8212;&#8212;&#8212;&#8212;&#8212;&#8212;&#8212;&#8212;&#8212;&#8212;&#8212;&#8212;&#8212;&#8212;&#8212;&#8212;&#8212;&#8212;&#8212;&#8212;&#8212;&#8212;&#8212;&#8212;&#8212;&#8212;&#8212;&#8212;&#8212;&#8212;&#8212;&#8212;&#8212;&#8212;&#8212;&#8212;&#8212;&#8212;&#8212;<\/p>\n\n\n\n<p><strong>Local da Atividade: <\/strong>EPG GIANFRANCESCO GUARNIERI<\/p>\n\n\n\n<p><strong>Data da Atividade:<\/strong> 27\/05\/2025<\/p>\n\n\n\n<p><strong>Descri\u00e7\u00e3o:<\/strong> Corrida de Saco<\/p>\n\n\n\n<p><strong>Hor\u00e1rio: <\/strong>13:30 as 15:30h<\/p>\n\n\n\n<p><strong>P\u00fablico alvo:<\/strong>&nbsp; Somente para os educandos<\/p>\n\n\n\n<p>&#8212;&#8212;&#8212;&#8212;&#8212;&#8212;&#8212;&#8212;&#8212;&#8212;&#8212;&#8212;&#8212;&#8212;&#8212;&#8212;&#8212;&#8212;&#8212;&#8212;&#8212;&#8212;&#8212;&#8212;&#8212;&#8212;&#8212;&#8212;&#8212;&#8212;&#8212;&#8212;&#8212;&#8212;&#8212;&#8212;&#8212;&#8212;&#8212;&#8212;&#8212;&#8212;<\/p>\n\n\n\n<p><strong>Local da Atividade: <\/strong>EPG GIANFRANCESCO GUARNIERI<\/p>\n\n\n\n<p><strong>Data da Atividade:<\/strong> 27\/05\/2025<\/p>\n\n\n\n<p><strong>Descri\u00e7\u00e3o:<\/strong> Constru\u00e7\u00e3o de um jogo de tabuleiro (trilha)&nbsp;&nbsp; e jogar<\/p>\n\n\n\n<p><strong>Hor\u00e1rio: <\/strong>10:30 as 11:30<\/p>\n\n\n\n<p><strong>P\u00fablico alvo:<\/strong>&nbsp; Somente para os educandos<\/p>\n\n\n\n<p>&#8212;&#8212;&#8212;&#8212;&#8212;&#8212;&#8212;&#8212;&#8212;&#8212;&#8212;&#8212;&#8212;&#8212;&#8212;&#8212;&#8212;&#8212;&#8212;&#8212;&#8212;&#8212;&#8212;&#8212;&#8212;&#8212;&#8212;&#8212;&#8212;&#8212;&#8212;&#8212;&#8212;&#8212;&#8212;&#8212;&#8212;&#8212;&#8212;&#8212;&#8212;&#8212;<\/p>\n\n\n\n<p><strong>Local da Atividade: <\/strong>EPG GIANFRANCESCO GUARNIERI<\/p>\n\n\n\n<p><strong>Data da Atividade:<\/strong> 27\/05\/2025<\/p>\n\n\n\n<p><strong>Descri\u00e7\u00e3o:<\/strong> 27\/05\/2025- Ter\u00e7a-feira: (Sala de aula) 1) Semana Mundial do Brincar: Cantinhos: brincando de casinha; cabana e fantasias: faz de conta; vivo ou morto e jogo de m\u00edmica (sala de aula ou outros espa\u00e7os dispon\u00edveis); 2) Sequ\u00eancia did\u00e1tica: Parlendas e brincadeiras: leitura frui\u00e7\u00e3o; canto e jogos interpretativos on-line Elefante letrado; atividades de escrita e leitura; jogo da mem\u00f3ria: brincadeiras antigas;<\/p>\n\n\n\n<p><strong>Hor\u00e1rio: <\/strong>07:20 at\u00e9 08:30 horas<\/p>\n\n\n\n<p><strong>P\u00fablico alvo:<\/strong>&nbsp; Somente para os educandos<\/p>\n\n\n\n<p>&#8212;&#8212;&#8212;&#8212;&#8212;&#8212;&#8212;&#8212;&#8212;&#8212;&#8212;&#8212;&#8212;&#8212;&#8212;&#8212;&#8212;&#8212;&#8212;&#8212;&#8212;&#8212;&#8212;&#8212;&#8212;&#8212;&#8212;&#8212;&#8212;&#8212;&#8212;&#8212;&#8212;&#8212;&#8212;&#8212;&#8212;&#8212;&#8212;&#8212;&#8212;&#8212;<\/p>\n\n\n\n<p><strong>Local da Atividade: <\/strong>EPG WILSON PEREIRA DA SILVA, PROFESSOR<\/p>\n\n\n\n<p><strong>Data da Atividade:<\/strong> 27\/05\/2025<\/p>\n\n\n\n<p><strong>Descri\u00e7\u00e3o:<\/strong> Circuitos de brincadeiras<\/p>\n\n\n\n<p><strong>Hor\u00e1rio: <\/strong>7h &#8211; 12h<\/p>\n\n\n\n<p><strong>P\u00fablico alvo:<\/strong>&nbsp; Somente para os educandos<\/p>\n\n\n\n<p>&#8212;&#8212;&#8212;&#8212;&#8212;&#8212;&#8212;&#8212;&#8212;&#8212;&#8212;&#8212;&#8212;&#8212;&#8212;&#8212;&#8212;&#8212;&#8212;&#8212;&#8212;&#8212;&#8212;&#8212;&#8212;&#8212;&#8212;&#8212;&#8212;&#8212;&#8212;&#8212;&#8212;&#8212;&#8212;&#8212;&#8212;&#8212;&#8212;&#8212;&#8212;&#8212;<\/p>\n\n\n\n<p><strong>Local da Atividade: <\/strong>EPG YUJIE HIRATA<\/p>\n\n\n\n<p><strong>Data da Atividade:<\/strong> 27\/05\/2025<\/p>\n\n\n\n<p><strong>Descri\u00e7\u00e3o:<\/strong> Brincadeiras: corrida de saco; pular corda com cantigas; jogo de queimada &#8211; Est\u00e1gio IIA<\/p>\n\n\n\n<p><strong>Hor\u00e1rio: <\/strong>10h<\/p>\n\n\n\n<p><strong>P\u00fablico alvo:<\/strong>&nbsp; Somente para os educandos<\/p>\n\n\n\n<p>&#8212;&#8212;&#8212;&#8212;&#8212;&#8212;&#8212;&#8212;&#8212;&#8212;&#8212;&#8212;&#8212;&#8212;&#8212;&#8212;&#8212;&#8212;&#8212;&#8212;&#8212;&#8212;&#8212;&#8212;&#8212;&#8212;&#8212;&#8212;&#8212;&#8212;&#8212;&#8212;&#8212;&#8212;&#8212;&#8212;&#8212;&#8212;&#8212;&#8212;&#8212;&#8212;<\/p>\n\n\n\n<p><strong>Local da Atividade: <\/strong>EPG YUJIE HIRATA<\/p>\n\n\n\n<p><strong>Data da Atividade:<\/strong> 27\/05\/2025<\/p>\n\n\n\n<p><strong>Descri\u00e7\u00e3o:<\/strong> Brincadeira com pi\u00e3o<\/p>\n\n\n\n<p><strong>Hor\u00e1rio: <\/strong>14 h<\/p>\n\n\n\n<p><strong>P\u00fablico alvo:<\/strong>&nbsp; Somente para os educandos<\/p>\n\n\n\n<p>&#8212;&#8212;&#8212;&#8212;&#8212;&#8212;&#8212;&#8212;&#8212;&#8212;&#8212;&#8212;&#8212;&#8212;&#8212;&#8212;&#8212;&#8212;&#8212;&#8212;&#8212;&#8212;&#8212;&#8212;&#8212;&#8212;&#8212;&#8212;&#8212;&#8212;&#8212;&#8212;&#8212;&#8212;&#8212;&#8212;&#8212;&#8212;&#8212;&#8212;&#8212;&#8212;<\/p>\n\n\n\n<p><strong>Local da Atividade: <\/strong>EPG YUJIE HIRATA<\/p>\n\n\n\n<p><strong>Data da Atividade:<\/strong> 27\/05\/2025<\/p>\n\n\n\n<p><strong>Descri\u00e7\u00e3o:<\/strong> Brincadeiras: corre Cotia- maternal D manh\u00e3<\/p>\n\n\n\n<p><strong>Hor\u00e1rio: <\/strong>9h<\/p>\n\n\n\n<p><strong>P\u00fablico alvo:<\/strong>&nbsp; Somente para os educandos<\/p>\n\n\n\n<p>&#8212;&#8212;&#8212;&#8212;&#8212;&#8212;&#8212;&#8212;&#8212;&#8212;&#8212;&#8212;&#8212;&#8212;&#8212;&#8212;&#8212;&#8212;&#8212;&#8212;&#8212;&#8212;&#8212;&#8212;&#8212;&#8212;&#8212;&#8212;&#8212;&#8212;&#8212;&#8212;&#8212;&#8212;&#8212;&#8212;&#8212;&#8212;&#8212;&#8212;&#8212;&#8212;<\/p>\n\n\n\n<p><strong>Local da Atividade: <\/strong>EPG YUJIE HIRATA<\/p>\n\n\n\n<p><strong>Data da Atividade:<\/strong> 27\/05\/2025<\/p>\n\n\n\n<p><strong>Descri\u00e7\u00e3o:<\/strong> Brincadeiras: lencinho branco; telefone sem fio &#8211; maternal C tarde<\/p>\n\n\n\n<p><strong>Hor\u00e1rio: <\/strong>13h30min<\/p>\n\n\n\n<p><strong>P\u00fablico alvo:<\/strong>&nbsp; Somente para os educandos<\/p>\n\n\n\n<p>&#8212;&#8212;&#8212;&#8212;&#8212;&#8212;&#8212;&#8212;&#8212;&#8212;&#8212;&#8212;&#8212;&#8212;&#8212;&#8212;&#8212;&#8212;&#8212;&#8212;&#8212;&#8212;&#8212;&#8212;&#8212;&#8212;&#8212;&#8212;&#8212;&#8212;&#8212;&#8212;&#8212;&#8212;&#8212;&#8212;&#8212;&#8212;&#8212;&#8212;&#8212;&#8212;<\/p>\n\n\n\n<p><strong>Local da Atividade: <\/strong>EPG SELMA COLALILLO MARQUES<\/p>\n\n\n\n<p><strong>Data da Atividade:<\/strong> 27\/05\/2025<\/p>\n\n\n\n<p><strong>Descri\u00e7\u00e3o:<\/strong> De acordo com o Planejamento da Unidade Escolar, Plano de Trabalho de Gest\u00e3o e Coordena\u00e7\u00e3o, a presen\u00e7a da fam\u00edlia na escola tem sido amplamente solicitada e podemos observar bons resultados.&nbsp; No primeiro momento, realizaremos um circuito com as brincadeiras citadas na pesquisa junto com os funcion\u00e1rios da escola, no dia 27\/05\/2025. Posteriormente, a Equipe Escolar, planejou para o dia 03\/06\/2025, ter\u00e7a-feira, proporcionar o momento de Brincadeiras das crian\u00e7as com seus familiares. As brincadeiras ser\u00e3o as que forem citadas em uma li\u00e7\u00e3o de casa\/pesquisas enviada para todos os educandos.<\/p>\n\n\n\n<p><strong>Hor\u00e1rio: <\/strong>11h e as 14h30<\/p>\n\n\n\n<p><strong>P\u00fablico alvo:<\/strong>&nbsp; Restrita aos educandos e fam\u00edlias dos educandos da unidade escolar<\/p>\n\n\n\n<p>&#8212;&#8212;&#8212;&#8212;&#8212;&#8212;&#8212;&#8212;&#8212;&#8212;&#8212;&#8212;&#8212;&#8212;&#8212;&#8212;&#8212;&#8212;&#8212;&#8212;&#8212;&#8212;&#8212;&#8212;&#8212;&#8212;&#8212;&#8212;&#8212;&#8212;&#8212;&#8212;&#8212;&#8212;&#8212;&#8212;&#8212;&#8212;&#8212;&#8212;&#8212;&#8212;<\/p>\n\n\n\n<p><strong>Local da Atividade: <\/strong>EPG SILVIA DE C\u00c1SSIA MATIAS, PROFESSORA<\/p>\n\n\n\n<p><strong>Data da Atividade:<\/strong> 27\/05\/2025<\/p>\n\n\n\n<p><strong>Descri\u00e7\u00e3o:<\/strong> Iremos brincar de pular corda.<\/p>\n\n\n\n<p><strong>Hor\u00e1rio: <\/strong>19:20 at\u00e9 \u00e1s 21:00h<\/p>\n\n\n\n<p><strong>P\u00fablico alvo:<\/strong>&nbsp; Somente para os educandos<\/p>\n\n\n\n<p>&#8212;&#8212;&#8212;&#8212;&#8212;&#8212;&#8212;&#8212;&#8212;&#8212;&#8212;&#8212;&#8212;&#8212;&#8212;&#8212;&#8212;&#8212;&#8212;&#8212;&#8212;&#8212;&#8212;&#8212;&#8212;&#8212;&#8212;&#8212;&#8212;&#8212;&#8212;&#8212;&#8212;&#8212;&#8212;&#8212;&#8212;&#8212;&#8212;&#8212;&#8212;&#8212;<\/p>\n","protected":false},"excerpt":{"rendered":"<p>Local da Atividade: EPG JOCYMARA DE FALCHI JORGE Data da Atividade: 27\/05\/2025 Descri\u00e7\u00e3o: Brincadeiras de roda: Vivenciar uma roda cantada e identificar o multiculturalismo e a diversidade cultural presentes na &hellip;<\/p>\n<p class=\"read-more\"> <a class=\"\" href=\"https:\/\/portaleducacao.guarulhos.sp.gov.br\/wp_site\/semanadobrincar2025\/2025\/05\/28\/dia-27-2\/\"> <span class=\"screen-reader-text\">Dia 27<\/span> Leia mais &raquo;<\/a><\/p>\n","protected":false},"author":32,"featured_media":318,"comment_status":"closed","ping_status":"open","sticky":false,"template":"","format":"standard","meta":{"_monsterinsights_skip_tracking":false,"_monsterinsights_sitenote_active":false,"_monsterinsights_sitenote_note":"","_monsterinsights_sitenote_category":0,"site-sidebar-layout":"default","site-content-layout":"default","ast-global-header-display":"","ast-main-header-display":"","ast-hfb-above-header-display":"","ast-hfb-below-header-display":"","ast-hfb-mobile-header-display":"","site-post-title":"","ast-breadcrumbs-content":"","ast-featured-img":"","footer-sml-layout":"","theme-transparent-header-meta":"","adv-header-id-meta":"","stick-header-meta":"","header-above-stick-meta":"","header-main-stick-meta":"","header-below-stick-meta":"","_expiration-date-status":"","_expiration-date":1749045576,"_expiration-date-type":"draft","_expiration-date-categories":[],"_expiration-date-options":[]},"categories":[23,11,25],"tags":[],"yoast_head":"<!-- This site is optimized with the Yoast SEO plugin v19.7.1 - https:\/\/yoast.com\/wordpress\/plugins\/seo\/ -->\r\n<title>Dia 27 - semana do brincar<\/title>\r\n<meta name=\"robots\" content=\"index, follow, max-snippet:-1, max-image-preview:large, max-video-preview:-1\" \/>\r\n<link rel=\"canonical\" href=\"https:\/\/portaleducacao.guarulhos.sp.gov.br\/wp_site\/semanadobrincar2025\/2025\/05\/28\/dia-27-2\/\" \/>\r\n<meta property=\"og:locale\" content=\"pt_BR\" \/>\r\n<meta property=\"og:type\" content=\"article\" \/>\r\n<meta property=\"og:title\" content=\"Dia 27 - semana do brincar\" \/>\r\n<meta property=\"og:description\" content=\"Local da Atividade: EPG JOCYMARA DE FALCHI JORGE Data da Atividade: 27\/05\/2025 Descri\u00e7\u00e3o: Brincadeiras de roda: Vivenciar uma roda cantada e identificar o multiculturalismo e a diversidade cultural presentes na &hellip; Dia 27 Leia mais &raquo;\" \/>\r\n<meta property=\"og:url\" content=\"https:\/\/portaleducacao.guarulhos.sp.gov.br\/wp_site\/semanadobrincar2025\/2025\/05\/28\/dia-27-2\/\" \/>\r\n<meta property=\"og:site_name\" content=\"semana do brincar\" \/>\r\n<meta property=\"article:published_time\" content=\"2025-05-28T14:00:15+00:00\" \/>\r\n<meta property=\"article:modified_time\" content=\"2025-05-28T14:00:17+00:00\" \/>\r\n<meta property=\"og:image\" content=\"http:\/\/portaleducacao.guarulhos.sp.gov.br\/wp_site\/semanadobrincar2025\/wp-content\/uploads\/sites\/40\/2025\/05\/dia_27.png\" \/>\r\n\t<meta property=\"og:image:width\" content=\"2154\" \/>\r\n\t<meta property=\"og:image:height\" content=\"2387\" \/>\r\n\t<meta property=\"og:image:type\" content=\"image\/png\" \/>\r\n<meta name=\"author\" content=\"talitasds\" \/>\r\n<meta name=\"twitter:card\" content=\"summary_large_image\" \/>\r\n<meta name=\"twitter:label1\" content=\"Escrito por\" \/>\n\t<meta name=\"twitter:data1\" content=\"talitasds\" \/>\n\t<meta name=\"twitter:label2\" content=\"Est. tempo de leitura\" \/>\n\t<meta name=\"twitter:data2\" content=\"12 minutos\" \/>\r\n<script type=\"application\/ld+json\" class=\"yoast-schema-graph\">{\"@context\":\"https:\/\/schema.org\",\"@graph\":[{\"@type\":\"WebPage\",\"@id\":\"https:\/\/portaleducacao.guarulhos.sp.gov.br\/wp_site\/semanadobrincar2025\/2025\/05\/28\/dia-27-2\/\",\"url\":\"https:\/\/portaleducacao.guarulhos.sp.gov.br\/wp_site\/semanadobrincar2025\/2025\/05\/28\/dia-27-2\/\",\"name\":\"Dia 27 - semana do brincar\",\"isPartOf\":{\"@id\":\"https:\/\/portaleducacao.guarulhos.sp.gov.br\/wp_site\/semanadobrincar2025\/#website\"},\"datePublished\":\"2025-05-28T14:00:15+00:00\",\"dateModified\":\"2025-05-28T14:00:17+00:00\",\"author\":{\"@id\":\"https:\/\/portaleducacao.guarulhos.sp.gov.br\/wp_site\/semanadobrincar2025\/#\/schema\/person\/1e6f253ac148bf2e1afbc55205e45b3c\"},\"breadcrumb\":{\"@id\":\"https:\/\/portaleducacao.guarulhos.sp.gov.br\/wp_site\/semanadobrincar2025\/2025\/05\/28\/dia-27-2\/#breadcrumb\"},\"inLanguage\":\"pt-BR\",\"potentialAction\":[{\"@type\":\"ReadAction\",\"target\":[\"https:\/\/portaleducacao.guarulhos.sp.gov.br\/wp_site\/semanadobrincar2025\/2025\/05\/28\/dia-27-2\/\"]}]},{\"@type\":\"BreadcrumbList\",\"@id\":\"https:\/\/portaleducacao.guarulhos.sp.gov.br\/wp_site\/semanadobrincar2025\/2025\/05\/28\/dia-27-2\/#breadcrumb\",\"itemListElement\":[{\"@type\":\"ListItem\",\"position\":1,\"name\":\"In\u00edcio\",\"item\":\"https:\/\/portaleducacao.guarulhos.sp.gov.br\/wp_site\/semanadobrincar2025\/\"},{\"@type\":\"ListItem\",\"position\":2,\"name\":\"Dia 27\"}]},{\"@type\":\"WebSite\",\"@id\":\"https:\/\/portaleducacao.guarulhos.sp.gov.br\/wp_site\/semanadobrincar2025\/#website\",\"url\":\"https:\/\/portaleducacao.guarulhos.sp.gov.br\/wp_site\/semanadobrincar2025\/\",\"name\":\"semana do brincar\",\"description\":\"S\u00f3 mais um site Portal SE Informe\",\"potentialAction\":[{\"@type\":\"SearchAction\",\"target\":{\"@type\":\"EntryPoint\",\"urlTemplate\":\"https:\/\/portaleducacao.guarulhos.sp.gov.br\/wp_site\/semanadobrincar2025\/?s={search_term_string}\"},\"query-input\":\"required name=search_term_string\"}],\"inLanguage\":\"pt-BR\"},{\"@type\":\"Person\",\"@id\":\"https:\/\/portaleducacao.guarulhos.sp.gov.br\/wp_site\/semanadobrincar2025\/#\/schema\/person\/1e6f253ac148bf2e1afbc55205e45b3c\",\"name\":\"talitasds\",\"image\":{\"@type\":\"ImageObject\",\"inLanguage\":\"pt-BR\",\"@id\":\"https:\/\/portaleducacao.guarulhos.sp.gov.br\/wp_site\/semanadobrincar2025\/#\/schema\/person\/image\/\",\"url\":\"https:\/\/secure.gravatar.com\/avatar\/b3afe9b1393d5877d6ff7604eff566dd?s=96&d=mm&r=g\",\"contentUrl\":\"https:\/\/secure.gravatar.com\/avatar\/b3afe9b1393d5877d6ff7604eff566dd?s=96&d=mm&r=g\",\"caption\":\"talitasds\"},\"url\":\"https:\/\/portaleducacao.guarulhos.sp.gov.br\/wp_site\/semanadobrincar2025\/author\/talitasds\/\"}]}<\/script>\r\n<!-- \/ Yoast SEO plugin. -->","yoast_head_json":{"title":"Dia 27 - semana do brincar","robots":{"index":"index","follow":"follow","max-snippet":"max-snippet:-1","max-image-preview":"max-image-preview:large","max-video-preview":"max-video-preview:-1"},"canonical":"https:\/\/portaleducacao.guarulhos.sp.gov.br\/wp_site\/semanadobrincar2025\/2025\/05\/28\/dia-27-2\/","og_locale":"pt_BR","og_type":"article","og_title":"Dia 27 - semana do brincar","og_description":"Local da Atividade: EPG JOCYMARA DE FALCHI JORGE Data da Atividade: 27\/05\/2025 Descri\u00e7\u00e3o: Brincadeiras de roda: Vivenciar uma roda cantada e identificar o multiculturalismo e a diversidade cultural presentes na &hellip; Dia 27 Leia mais &raquo;","og_url":"https:\/\/portaleducacao.guarulhos.sp.gov.br\/wp_site\/semanadobrincar2025\/2025\/05\/28\/dia-27-2\/","og_site_name":"semana do brincar","article_published_time":"2025-05-28T14:00:15+00:00","article_modified_time":"2025-05-28T14:00:17+00:00","og_image":[{"width":2154,"height":2387,"url":"http:\/\/portaleducacao.guarulhos.sp.gov.br\/wp_site\/semanadobrincar2025\/wp-content\/uploads\/sites\/40\/2025\/05\/dia_27.png","type":"image\/png"}],"author":"talitasds","twitter_card":"summary_large_image","twitter_misc":{"Escrito por":"talitasds","Est. tempo de leitura":"12 minutos"},"schema":{"@context":"https:\/\/schema.org","@graph":[{"@type":"WebPage","@id":"https:\/\/portaleducacao.guarulhos.sp.gov.br\/wp_site\/semanadobrincar2025\/2025\/05\/28\/dia-27-2\/","url":"https:\/\/portaleducacao.guarulhos.sp.gov.br\/wp_site\/semanadobrincar2025\/2025\/05\/28\/dia-27-2\/","name":"Dia 27 - semana do brincar","isPartOf":{"@id":"https:\/\/portaleducacao.guarulhos.sp.gov.br\/wp_site\/semanadobrincar2025\/#website"},"datePublished":"2025-05-28T14:00:15+00:00","dateModified":"2025-05-28T14:00:17+00:00","author":{"@id":"https:\/\/portaleducacao.guarulhos.sp.gov.br\/wp_site\/semanadobrincar2025\/#\/schema\/person\/1e6f253ac148bf2e1afbc55205e45b3c"},"breadcrumb":{"@id":"https:\/\/portaleducacao.guarulhos.sp.gov.br\/wp_site\/semanadobrincar2025\/2025\/05\/28\/dia-27-2\/#breadcrumb"},"inLanguage":"pt-BR","potentialAction":[{"@type":"ReadAction","target":["https:\/\/portaleducacao.guarulhos.sp.gov.br\/wp_site\/semanadobrincar2025\/2025\/05\/28\/dia-27-2\/"]}]},{"@type":"BreadcrumbList","@id":"https:\/\/portaleducacao.guarulhos.sp.gov.br\/wp_site\/semanadobrincar2025\/2025\/05\/28\/dia-27-2\/#breadcrumb","itemListElement":[{"@type":"ListItem","position":1,"name":"In\u00edcio","item":"https:\/\/portaleducacao.guarulhos.sp.gov.br\/wp_site\/semanadobrincar2025\/"},{"@type":"ListItem","position":2,"name":"Dia 27"}]},{"@type":"WebSite","@id":"https:\/\/portaleducacao.guarulhos.sp.gov.br\/wp_site\/semanadobrincar2025\/#website","url":"https:\/\/portaleducacao.guarulhos.sp.gov.br\/wp_site\/semanadobrincar2025\/","name":"semana do brincar","description":"S\u00f3 mais um site Portal SE Informe","potentialAction":[{"@type":"SearchAction","target":{"@type":"EntryPoint","urlTemplate":"https:\/\/portaleducacao.guarulhos.sp.gov.br\/wp_site\/semanadobrincar2025\/?s={search_term_string}"},"query-input":"required name=search_term_string"}],"inLanguage":"pt-BR"},{"@type":"Person","@id":"https:\/\/portaleducacao.guarulhos.sp.gov.br\/wp_site\/semanadobrincar2025\/#\/schema\/person\/1e6f253ac148bf2e1afbc55205e45b3c","name":"talitasds","image":{"@type":"ImageObject","inLanguage":"pt-BR","@id":"https:\/\/portaleducacao.guarulhos.sp.gov.br\/wp_site\/semanadobrincar2025\/#\/schema\/person\/image\/","url":"https:\/\/secure.gravatar.com\/avatar\/b3afe9b1393d5877d6ff7604eff566dd?s=96&d=mm&r=g","contentUrl":"https:\/\/secure.gravatar.com\/avatar\/b3afe9b1393d5877d6ff7604eff566dd?s=96&d=mm&r=g","caption":"talitasds"},"url":"https:\/\/portaleducacao.guarulhos.sp.gov.br\/wp_site\/semanadobrincar2025\/author\/talitasds\/"}]}},"_links":{"self":[{"href":"https:\/\/portaleducacao.guarulhos.sp.gov.br\/wp_site\/semanadobrincar2025\/wp-json\/wp\/v2\/posts\/803"}],"collection":[{"href":"https:\/\/portaleducacao.guarulhos.sp.gov.br\/wp_site\/semanadobrincar2025\/wp-json\/wp\/v2\/posts"}],"about":[{"href":"https:\/\/portaleducacao.guarulhos.sp.gov.br\/wp_site\/semanadobrincar2025\/wp-json\/wp\/v2\/types\/post"}],"author":[{"embeddable":true,"href":"https:\/\/portaleducacao.guarulhos.sp.gov.br\/wp_site\/semanadobrincar2025\/wp-json\/wp\/v2\/users\/32"}],"replies":[{"embeddable":true,"href":"https:\/\/portaleducacao.guarulhos.sp.gov.br\/wp_site\/semanadobrincar2025\/wp-json\/wp\/v2\/comments?post=803"}],"version-history":[{"count":1,"href":"https:\/\/portaleducacao.guarulhos.sp.gov.br\/wp_site\/semanadobrincar2025\/wp-json\/wp\/v2\/posts\/803\/revisions"}],"predecessor-version":[{"id":804,"href":"https:\/\/portaleducacao.guarulhos.sp.gov.br\/wp_site\/semanadobrincar2025\/wp-json\/wp\/v2\/posts\/803\/revisions\/804"}],"wp:featuredmedia":[{"embeddable":true,"href":"https:\/\/portaleducacao.guarulhos.sp.gov.br\/wp_site\/semanadobrincar2025\/wp-json\/wp\/v2\/media\/318"}],"wp:attachment":[{"href":"https:\/\/portaleducacao.guarulhos.sp.gov.br\/wp_site\/semanadobrincar2025\/wp-json\/wp\/v2\/media?parent=803"}],"wp:term":[{"taxonomy":"category","embeddable":true,"href":"https:\/\/portaleducacao.guarulhos.sp.gov.br\/wp_site\/semanadobrincar2025\/wp-json\/wp\/v2\/categories?post=803"},{"taxonomy":"post_tag","embeddable":true,"href":"https:\/\/portaleducacao.guarulhos.sp.gov.br\/wp_site\/semanadobrincar2025\/wp-json\/wp\/v2\/tags?post=803"}],"curies":[{"name":"wp","href":"https:\/\/api.w.org\/{rel}","templated":true}]}}